{"id":78134,"date":"2023-06-13T21:54:11","date_gmt":"2023-06-13T21:54:11","guid":{"rendered":"https:\/\/elregionalvm.com.ar\/noticias-villa-maria\/?p=78134"},"modified":"2023-06-13T21:54:14","modified_gmt":"2023-06-13T21:54:14","slug":"inicio-la-obra-del-nuevo-edificio-para-el-secundario-politecnico-en-solares-del-norte","status":"publish","type":"post","link":"https:\/\/elregionalvm.com.ar\/noticias-villa-maria\/inicio-la-obra-del-nuevo-edificio-para-el-secundario-politecnico-en-solares-del-norte\/","title":{"rendered":"Inici\u00f3 la obra del nuevo edificio para el secundario polit\u00e9cnico en Solares del Norte"},"content":{"rendered":"\n<p>Tras la cesi\u00f3n del terreno por parte del municipio a la Provincia, ya est\u00e1 en marcha la construcci\u00f3n del edificio propio para el secundario polit\u00e9cnico, donde los alumnos que asisten a la instituci\u00f3n educativa podr\u00e1n completar su formaci\u00f3n escolar. <\/p>\n\n\n\n<p>Actualmente las tareas se centran en la nivelaci\u00f3n del terreno y ejecuci\u00f3n de los pilotes que dar\u00e1n soporte a la infraestructura.<\/p>\n\n\n\n<p>Supervisando los avances de la obra ubicada en Solares del Norte, el intendente Mart\u00edn Gill remarc\u00f3 que \u201cinvertir en educaci\u00f3n es garantizar presente y futuro\u201d. <\/p>\n\n\n\n<figure class=\"wp-block-image size-large\"><img data-recalc-dims=\"1\" fetchpriority=\"high\" decoding=\"async\" width=\"1024\" height=\"682\" src=\"https:\/\/i0.wp.com\/elregionalvm.com.ar\/noticias-villa-maria\/wp-content\/uploads\/2023\/06\/WhatsApp-Image-2023-06-13-at-15.18.38.jpeg?resize=1024%2C682&#038;ssl=1\" alt=\"\" class=\"wp-image-78136\" srcset=\"https:\/\/i0.wp.com\/elregionalvm.com.ar\/noticias-villa-maria\/wp-content\/uploads\/2023\/06\/WhatsApp-Image-2023-06-13-at-15.18.38.jpeg?resize=1024%2C682&amp;ssl=1 1024w, https:\/\/i0.wp.com\/elregionalvm.com.ar\/noticias-villa-maria\/wp-content\/uploads\/2023\/06\/WhatsApp-Image-2023-06-13-at-15.18.38.jpeg?resize=300%2C200&amp;ssl=1 300w, https:\/\/i0.wp.com\/elregionalvm.com.ar\/noticias-villa-maria\/wp-content\/uploads\/2023\/06\/WhatsApp-Image-2023-06-13-at-15.18.38.jpeg?resize=768%2C512&amp;ssl=1 768w, https:\/\/i0.wp.com\/elregionalvm.com.ar\/noticias-villa-maria\/wp-content\/uploads\/2023\/06\/WhatsApp-Image-2023-06-13-at-15.18.38.jpeg?w=1280&amp;ssl=1 1280w\" sizes=\"(max-width: 1000px) 100vw, 1000px\" \/><\/figure>\n\n\n\n<p>En esta l\u00ednea detall\u00f3 que el sector norte de la ciudad tendr\u00e1 la \u201cposibilidad de contar con una secundaria profesionalizante en rob\u00f3tica y automatizaci\u00f3n\u201d.<\/p>\n\n\n\n<p>Puntualmente, y en base a los datos catastrales, la manzana donde se erigir\u00e1 el moderno edificio delimita con las calles Rawson, Sucre, Urtubey y Poretti, y corresponde a un terreno cedido por el Gobierno local a la Provincia, iniciativa que fue aprobada por el Concejo Deliberante. <\/p>\n\n\n\n<p>Actualmente la instituci\u00f3n funciona en las instalaciones del Inescer, a la espera de contar con la nueva infraestructura.<\/p>\n\n\n\n<figure class=\"wp-block-image size-large\"><img data-recalc-dims=\"1\" decoding=\"async\" width=\"1024\" height=\"682\" src=\"https:\/\/i0.wp.com\/elregionalvm.com.ar\/noticias-villa-maria\/wp-content\/uploads\/2023\/06\/WhatsApp-Image-2023-06-13-at-15.18.45.jpeg?resize=1024%2C682&#038;ssl=1\" alt=\"\" class=\"wp-image-78138\" srcset=\"https:\/\/i0.wp.com\/elregionalvm.com.ar\/noticias-villa-maria\/wp-content\/uploads\/2023\/06\/WhatsApp-Image-2023-06-13-at-15.18.45.jpeg?resize=1024%2C682&amp;ssl=1 1024w, https:\/\/i0.wp.com\/elregionalvm.com.ar\/noticias-villa-maria\/wp-content\/uploads\/2023\/06\/WhatsApp-Image-2023-06-13-at-15.18.45.jpeg?resize=300%2C200&amp;ssl=1 300w, https:\/\/i0.wp.com\/elregionalvm.com.ar\/noticias-villa-maria\/wp-content\/uploads\/2023\/06\/WhatsApp-Image-2023-06-13-at-15.18.45.jpeg?resize=768%2C512&amp;ssl=1 768w, https:\/\/i0.wp.com\/elregionalvm.com.ar\/noticias-villa-maria\/wp-content\/uploads\/2023\/06\/WhatsApp-Image-2023-06-13-at-15.18.45.jpeg?w=1280&amp;ssl=1 1280w\" sizes=\"(max-width: 1000px) 100vw, 1000px\" \/><\/figure>\n\n\n\n<p>El plan de ejecuci\u00f3n, que es financiado por la \u00f3rbita provincial, se encuentra en la etapa inicial, con tareas de remoci\u00f3n y nivelado del terreno. <\/p>\n\n\n\n<p>As\u00ed tambi\u00e9n ya cuenta con 67 pilotes de la fundaci\u00f3n que dar\u00e1n soporte a la estructura modular de 1.500 metros cuadrados; esta \u00faltima tiene previsto su montaje para el mes que viene.<\/p>\n\n\n\n<p>De esta manera, la ciudad contar\u00e1 con un nuevo espacio educativo, con orientaci\u00f3n profesional en automatizaci\u00f3n industrial y rob\u00f3tica, las cuales se suman a desarrollo de software y biotecnolog\u00eda, que ya exist\u00edan en la oferta acad\u00e9mica de los institutos Proa.<\/p>\n\n\n\n<p>Recorrieron la obra junto al mandatario local, el secretario de Educaci\u00f3n, Cultura y Promoci\u00f3n de la Ciencia, Rafael Sachetto y el director del MuniCerca 7, Jos\u00e9 Canavese.<\/p>\n","protected":false},"excerpt":{"rendered":"<p>Tras la cesi\u00f3n del terreno por parte del municipio a la Provincia, ya est\u00e1 en marcha la construcci\u00f3n del edificio propio para el secundario polit\u00e9cnico, donde los alumnos que asisten a la instituci\u00f3n educativa podr\u00e1n completar su formaci\u00f3n escolar. Actualmente las tareas se centran en la nivelaci\u00f3n del terreno y ejecuci\u00f3n de los pilotes que [&hellip;]<\/p>\n","protected":false},"author":4,"featured_media":78137,"comment_status":"open","ping_status":"open","sticky":false,"template":"","format":"standard","meta":{"site-sidebar-layout":"default","site-content-layout":"","ast-site-content-layout":"default","site-content-style":"default","site-sidebar-style":"default","ast-global-header-display":"","ast-banner-title-visibility":"","ast-main-header-display":"","ast-hfb-above-header-display":"","ast-hfb-below-header-display":"","ast-hfb-mobile-header-display":"","site-post-title":"","ast-breadcrumbs-content":"","ast-featured-img":"","footer-sml-layout":"","ast-disable-related-posts":"","theme-transparent-header-meta":"","adv-header-id-meta":"","stick-header-meta":"","header-above-stick-meta":"","header-main-stick-meta":"","header-below-stick-meta":"","astra-migrate-meta-layouts":"default","ast-page-background-enabled":"default","ast-page-background-meta":{"desktop":{"background-color":"","background-image":"","background-repeat":"repeat","background-position":"center center","background-size":"auto","background-attachment":"scroll","background-type":"","background-media":"","overlay-type":"","overlay-color":"","overlay-opacity":"","overlay-gradient":""},"tablet":{"background-color":"","background-image":"","background-repeat":"repeat","background-position":"center center","background-size":"auto","background-attachment":"scroll","background-type":"","background-media":"","overlay-type":"","overlay-color":"","overlay-opacity":"","overlay-gradient":""},"mobile":{"background-color":"","background-image":"","background-repeat":"repeat","background-position":"center center","background-size":"auto","background-attachment":"scroll","background-type":"","background-media":"","overlay-type":"","overlay-color":"","overlay-opacity":"","overlay-gradient":""}},"ast-content-background-meta":{"desktop":{"background-color":"var(--ast-global-color-5)","background-image":"","background-repeat":"repeat","background-position":"center center","background-size":"auto","background-attachment":"scroll","background-type":"","background-media":"","overlay-type":"","overlay-color":"","overlay-opacity":"","overlay-gradient":""},"tablet":{"background-color":"var(--ast-global-color-5)","background-image":"","background-repeat":"repeat","background-position":"center center","background-size":"auto","background-attachment":"scroll","background-type":"","background-media":"","overlay-type":"","overlay-color":"","overlay-opacity":"","overlay-gradient":""},"mobile":{"background-color":"var(--ast-global-color-5)","background-image":"","background-repeat":"repeat","background-position":"center center","background-size":"auto","background-attachment":"scroll","background-type":"","background-media":"","overlay-type":"","overlay-color":"","overlay-opacity":"","overlay-gradient":""}},"_jetpack_memberships_contains_paid_content":false,"_joinchat":[],"footnotes":""},"categories":[15302,5,2],"tags":[],"class_list":["post-78134","post","type-post","status-publish","format-standard","has-post-thumbnail","hentry","category-destacado","category-sociedad","category-villa-maria"],"yoast_head":"<!-- This site is optimized with the Yoast SEO plugin v26.8 - https:\/\/yoast.com\/product\/yoast-seo-wordpress\/ -->\n<title>Inici\u00f3 la obra del nuevo edificio para el secundario polit\u00e9cnico en Solares del Norte - El Regional<\/title>\n<meta name=\"robots\" content=\"index, follow, max-snippet:-1, max-image-preview:large, max-video-preview:-1\" \/>\n<link rel=\"canonical\" href=\"http:\/\/elregionalvm.com.ar\/noticias-villa-maria\/inicio-la-obra-del-nuevo-edificio-para-el-secundario-politecnico-en-solares-del-norte\/\" \/>\n<meta property=\"og:locale\" content=\"es_ES\" \/>\n<meta property=\"og:type\" content=\"article\" \/>\n<meta property=\"og:title\" content=\"Inici\u00f3 la obra del nuevo edificio para el secundario polit\u00e9cnico en Solares del Norte - El Regional\" \/>\n<meta property=\"og:description\" content=\"Tras la cesi\u00f3n del terreno por parte del municipio a la Provincia, ya est\u00e1 en marcha la construcci\u00f3n del edificio propio para el secundario polit\u00e9cnico, donde los alumnos que asisten a la instituci\u00f3n educativa podr\u00e1n completar su formaci\u00f3n escolar. Actualmente las tareas se centran en la nivelaci\u00f3n del terreno y ejecuci\u00f3n de los pilotes que [&hellip;]\" \/>\n<meta property=\"og:url\" content=\"http:\/\/elregionalvm.com.ar\/noticias-villa-maria\/inicio-la-obra-del-nuevo-edificio-para-el-secundario-politecnico-en-solares-del-norte\/\" \/>\n<meta property=\"og:site_name\" content=\"El Regional\" \/>\n<meta property=\"article:publisher\" content=\"https:\/\/www.facebook.com\/elregionalvm\" \/>\n<meta property=\"article:published_time\" content=\"2023-06-13T21:54:11+00:00\" \/>\n<meta property=\"article:modified_time\" content=\"2023-06-13T21:54:14+00:00\" \/>\n<meta property=\"og:image\" content=\"http:\/\/elregionalvm.com.ar\/noticias-villa-maria\/wp-content\/uploads\/2023\/06\/WhatsApp-Image-2023-06-13-at-15.18.37.jpeg\" \/>\n\t<meta property=\"og:image:width\" content=\"1280\" \/>\n\t<meta property=\"og:image:height\" content=\"853\" \/>\n\t<meta property=\"og:image:type\" content=\"image\/jpeg\" \/>\n<meta name=\"author\" content=\"Contenidos El Regional\" \/>\n<meta name=\"twitter:card\" content=\"summary_large_image\" \/>\n<meta name=\"twitter:creator\" content=\"@elregionalvm1\" \/>\n<meta name=\"twitter:site\" content=\"@elregionalvm1\" \/>\n<meta name=\"twitter:label1\" content=\"Escrito por\" \/>\n\t<meta name=\"twitter:data1\" content=\"Contenidos El Regional\" \/>\n\t<meta name=\"twitter:label2\" content=\"Tiempo de lectura\" \/>\n\t<meta name=\"twitter:data2\" content=\"2 minutos\" \/>\n<script type=\"application\/ld+json\" class=\"yoast-schema-graph\">{\"@context\":\"https:\/\/schema.org\",\"@graph\":[{\"@type\":\"Article\",\"@id\":\"http:\/\/elregionalvm.com.ar\/noticias-villa-maria\/inicio-la-obra-del-nuevo-edificio-para-el-secundario-politecnico-en-solares-del-norte\/#article\",\"isPartOf\":{\"@id\":\"http:\/\/elregionalvm.com.ar\/noticias-villa-maria\/inicio-la-obra-del-nuevo-edificio-para-el-secundario-politecnico-en-solares-del-norte\/\"},\"author\":{\"name\":\"Contenidos El Regional\",\"@id\":\"http:\/\/elregionalvm.com.ar\/noticias-villa-maria\/#\/schema\/person\/a0fb9c422317faca23d50163151bc354\"},\"headline\":\"Inici\u00f3 la obra del nuevo edificio para el secundario polit\u00e9cnico en Solares del Norte\",\"datePublished\":\"2023-06-13T21:54:11+00:00\",\"dateModified\":\"2023-06-13T21:54:14+00:00\",\"mainEntityOfPage\":{\"@id\":\"http:\/\/elregionalvm.com.ar\/noticias-villa-maria\/inicio-la-obra-del-nuevo-edificio-para-el-secundario-politecnico-en-solares-del-norte\/\"},\"wordCount\":337,\"commentCount\":0,\"image\":{\"@id\":\"http:\/\/elregionalvm.com.ar\/noticias-villa-maria\/inicio-la-obra-del-nuevo-edificio-para-el-secundario-politecnico-en-solares-del-norte\/#primaryimage\"},\"thumbnailUrl\":\"https:\/\/i0.wp.com\/elregionalvm.com.ar\/noticias-villa-maria\/wp-content\/uploads\/2023\/06\/WhatsApp-Image-2023-06-13-at-15.18.37.jpeg?fit=1280%2C853&ssl=1\",\"articleSection\":[\"destacado\",\"Sociedad\",\"Villa Mar\u00eda\"],\"inLanguage\":\"es\",\"potentialAction\":[{\"@type\":\"CommentAction\",\"name\":\"Comment\",\"target\":[\"http:\/\/elregionalvm.com.ar\/noticias-villa-maria\/inicio-la-obra-del-nuevo-edificio-para-el-secundario-politecnico-en-solares-del-norte\/#respond\"]}]},{\"@type\":\"WebPage\",\"@id\":\"http:\/\/elregionalvm.com.ar\/noticias-villa-maria\/inicio-la-obra-del-nuevo-edificio-para-el-secundario-politecnico-en-solares-del-norte\/\",\"url\":\"http:\/\/elregionalvm.com.ar\/noticias-villa-maria\/inicio-la-obra-del-nuevo-edificio-para-el-secundario-politecnico-en-solares-del-norte\/\",\"name\":\"Inici\u00f3 la obra del nuevo edificio para el secundario polit\u00e9cnico en Solares del Norte - El Regional\",\"isPartOf\":{\"@id\":\"http:\/\/elregionalvm.com.ar\/noticias-villa-maria\/#website\"},\"primaryImageOfPage\":{\"@id\":\"http:\/\/elregionalvm.com.ar\/noticias-villa-maria\/inicio-la-obra-del-nuevo-edificio-para-el-secundario-politecnico-en-solares-del-norte\/#primaryimage\"},\"image\":{\"@id\":\"http:\/\/elregionalvm.com.ar\/noticias-villa-maria\/inicio-la-obra-del-nuevo-edificio-para-el-secundario-politecnico-en-solares-del-norte\/#primaryimage\"},\"thumbnailUrl\":\"https:\/\/i0.wp.com\/elregionalvm.com.ar\/noticias-villa-maria\/wp-content\/uploads\/2023\/06\/WhatsApp-Image-2023-06-13-at-15.18.37.jpeg?fit=1280%2C853&ssl=1\",\"datePublished\":\"2023-06-13T21:54:11+00:00\",\"dateModified\":\"2023-06-13T21:54:14+00:00\",\"author\":{\"@id\":\"http:\/\/elregionalvm.com.ar\/noticias-villa-maria\/#\/schema\/person\/a0fb9c422317faca23d50163151bc354\"},\"breadcrumb\":{\"@id\":\"http:\/\/elregionalvm.com.ar\/noticias-villa-maria\/inicio-la-obra-del-nuevo-edificio-para-el-secundario-politecnico-en-solares-del-norte\/#breadcrumb\"},\"inLanguage\":\"es\",\"potentialAction\":[{\"@type\":\"ReadAction\",\"target\":[\"http:\/\/elregionalvm.com.ar\/noticias-villa-maria\/inicio-la-obra-del-nuevo-edificio-para-el-secundario-politecnico-en-solares-del-norte\/\"]}]},{\"@type\":\"ImageObject\",\"inLanguage\":\"es\",\"@id\":\"http:\/\/elregionalvm.com.ar\/noticias-villa-maria\/inicio-la-obra-del-nuevo-edificio-para-el-secundario-politecnico-en-solares-del-norte\/#primaryimage\",\"url\":\"https:\/\/i0.wp.com\/elregionalvm.com.ar\/noticias-villa-maria\/wp-content\/uploads\/2023\/06\/WhatsApp-Image-2023-06-13-at-15.18.37.jpeg?fit=1280%2C853&ssl=1\",\"contentUrl\":\"https:\/\/i0.wp.com\/elregionalvm.com.ar\/noticias-villa-maria\/wp-content\/uploads\/2023\/06\/WhatsApp-Image-2023-06-13-at-15.18.37.jpeg?fit=1280%2C853&ssl=1\",\"width\":1280,\"height\":853},{\"@type\":\"BreadcrumbList\",\"@id\":\"http:\/\/elregionalvm.com.ar\/noticias-villa-maria\/inicio-la-obra-del-nuevo-edificio-para-el-secundario-politecnico-en-solares-del-norte\/#breadcrumb\",\"itemListElement\":[{\"@type\":\"ListItem\",\"position\":1,\"name\":\"Portada\",\"item\":\"https:\/\/elregionalvm.com.ar\/noticias-villa-maria\/\"},{\"@type\":\"ListItem\",\"position\":2,\"name\":\"Inici\u00f3 la obra del nuevo edificio para el secundario polit\u00e9cnico en Solares del Norte\"}]},{\"@type\":\"WebSite\",\"@id\":\"http:\/\/elregionalvm.com.ar\/noticias-villa-maria\/#website\",\"url\":\"http:\/\/elregionalvm.com.ar\/noticias-villa-maria\/\",\"name\":\"El Regional\",\"description\":\"Mucho m\u00e1s que informaci\u00f3n\",\"potentialAction\":[{\"@type\":\"SearchAction\",\"target\":{\"@type\":\"EntryPoint\",\"urlTemplate\":\"http:\/\/elregionalvm.com.ar\/noticias-villa-maria\/?s={search_term_string}\"},\"query-input\":{\"@type\":\"PropertyValueSpecification\",\"valueRequired\":true,\"valueName\":\"search_term_string\"}}],\"inLanguage\":\"es\"},{\"@type\":\"Person\",\"@id\":\"http:\/\/elregionalvm.com.ar\/noticias-villa-maria\/#\/schema\/person\/a0fb9c422317faca23d50163151bc354\",\"name\":\"Contenidos El Regional\",\"image\":{\"@type\":\"ImageObject\",\"inLanguage\":\"es\",\"@id\":\"http:\/\/elregionalvm.com.ar\/noticias-villa-maria\/#\/schema\/person\/image\/\",\"url\":\"https:\/\/secure.gravatar.com\/avatar\/265b27cb2209af7bb3a1318f03305787d7981a5cc6e6cd08fe5a4ecdf99d4b48?s=96&d=mm&r=g\",\"contentUrl\":\"https:\/\/secure.gravatar.com\/avatar\/265b27cb2209af7bb3a1318f03305787d7981a5cc6e6cd08fe5a4ecdf99d4b48?s=96&d=mm&r=g\",\"caption\":\"Contenidos El Regional\"},\"url\":\"https:\/\/elregionalvm.com.ar\/noticias-villa-maria\/author\/contenido\/\"}]}<\/script>\n<!-- \/ Yoast SEO plugin. -->","yoast_head_json":{"title":"Inici\u00f3 la obra del nuevo edificio para el secundario polit\u00e9cnico en Solares del Norte - El Regional","robots":{"index":"index","follow":"follow","max-snippet":"max-snippet:-1","max-image-preview":"max-image-preview:large","max-video-preview":"max-video-preview:-1"},"canonical":"http:\/\/elregionalvm.com.ar\/noticias-villa-maria\/inicio-la-obra-del-nuevo-edificio-para-el-secundario-politecnico-en-solares-del-norte\/","og_locale":"es_ES","og_type":"article","og_title":"Inici\u00f3 la obra del nuevo edificio para el secundario polit\u00e9cnico en Solares del Norte - El Regional","og_description":"Tras la cesi\u00f3n del terreno por parte del municipio a la Provincia, ya est\u00e1 en marcha la construcci\u00f3n del edificio propio para el secundario polit\u00e9cnico, donde los alumnos que asisten a la instituci\u00f3n educativa podr\u00e1n completar su formaci\u00f3n escolar. Actualmente las tareas se centran en la nivelaci\u00f3n del terreno y ejecuci\u00f3n de los pilotes que [&hellip;]","og_url":"http:\/\/elregionalvm.com.ar\/noticias-villa-maria\/inicio-la-obra-del-nuevo-edificio-para-el-secundario-politecnico-en-solares-del-norte\/","og_site_name":"El Regional","article_publisher":"https:\/\/www.facebook.com\/elregionalvm","article_published_time":"2023-06-13T21:54:11+00:00","article_modified_time":"2023-06-13T21:54:14+00:00","og_image":[{"width":1280,"height":853,"url":"http:\/\/elregionalvm.com.ar\/noticias-villa-maria\/wp-content\/uploads\/2023\/06\/WhatsApp-Image-2023-06-13-at-15.18.37.jpeg","type":"image\/jpeg"}],"author":"Contenidos El Regional","twitter_card":"summary_large_image","twitter_creator":"@elregionalvm1","twitter_site":"@elregionalvm1","twitter_misc":{"Escrito por":"Contenidos El Regional","Tiempo de lectura":"2 minutos"},"schema":{"@context":"https:\/\/schema.org","@graph":[{"@type":"Article","@id":"http:\/\/elregionalvm.com.ar\/noticias-villa-maria\/inicio-la-obra-del-nuevo-edificio-para-el-secundario-politecnico-en-solares-del-norte\/#article","isPartOf":{"@id":"http:\/\/elregionalvm.com.ar\/noticias-villa-maria\/inicio-la-obra-del-nuevo-edificio-para-el-secundario-politecnico-en-solares-del-norte\/"},"author":{"name":"Contenidos El Regional","@id":"http:\/\/elregionalvm.com.ar\/noticias-villa-maria\/#\/schema\/person\/a0fb9c422317faca23d50163151bc354"},"headline":"Inici\u00f3 la obra del nuevo edificio para el secundario polit\u00e9cnico en Solares del Norte","datePublished":"2023-06-13T21:54:11+00:00","dateModified":"2023-06-13T21:54:14+00:00","mainEntityOfPage":{"@id":"http:\/\/elregionalvm.com.ar\/noticias-villa-maria\/inicio-la-obra-del-nuevo-edificio-para-el-secundario-politecnico-en-solares-del-norte\/"},"wordCount":337,"commentCount":0,"image":{"@id":"http:\/\/elregionalvm.com.ar\/noticias-villa-maria\/inicio-la-obra-del-nuevo-edificio-para-el-secundario-politecnico-en-solares-del-norte\/#primaryimage"},"thumbnailUrl":"https:\/\/i0.wp.com\/elregionalvm.com.ar\/noticias-villa-maria\/wp-content\/uploads\/2023\/06\/WhatsApp-Image-2023-06-13-at-15.18.37.jpeg?fit=1280%2C853&ssl=1","articleSection":["destacado","Sociedad","Villa Mar\u00eda"],"inLanguage":"es","potentialAction":[{"@type":"CommentAction","name":"Comment","target":["http:\/\/elregionalvm.com.ar\/noticias-villa-maria\/inicio-la-obra-del-nuevo-edificio-para-el-secundario-politecnico-en-solares-del-norte\/#respond"]}]},{"@type":"WebPage","@id":"http:\/\/elregionalvm.com.ar\/noticias-villa-maria\/inicio-la-obra-del-nuevo-edificio-para-el-secundario-politecnico-en-solares-del-norte\/","url":"http:\/\/elregionalvm.com.ar\/noticias-villa-maria\/inicio-la-obra-del-nuevo-edificio-para-el-secundario-politecnico-en-solares-del-norte\/","name":"Inici\u00f3 la obra del nuevo edificio para el secundario polit\u00e9cnico en Solares del Norte - El Regional","isPartOf":{"@id":"http:\/\/elregionalvm.com.ar\/noticias-villa-maria\/#website"},"primaryImageOfPage":{"@id":"http:\/\/elregionalvm.com.ar\/noticias-villa-maria\/inicio-la-obra-del-nuevo-edificio-para-el-secundario-politecnico-en-solares-del-norte\/#primaryimage"},"image":{"@id":"http:\/\/elregionalvm.com.ar\/noticias-villa-maria\/inicio-la-obra-del-nuevo-edificio-para-el-secundario-politecnico-en-solares-del-norte\/#primaryimage"},"thumbnailUrl":"https:\/\/i0.wp.com\/elregionalvm.com.ar\/noticias-villa-maria\/wp-content\/uploads\/2023\/06\/WhatsApp-Image-2023-06-13-at-15.18.37.jpeg?fit=1280%2C853&ssl=1","datePublished":"2023-06-13T21:54:11+00:00","dateModified":"2023-06-13T21:54:14+00:00","author":{"@id":"http:\/\/elregionalvm.com.ar\/noticias-villa-maria\/#\/schema\/person\/a0fb9c422317faca23d50163151bc354"},"breadcrumb":{"@id":"http:\/\/elregionalvm.com.ar\/noticias-villa-maria\/inicio-la-obra-del-nuevo-edificio-para-el-secundario-politecnico-en-solares-del-norte\/#breadcrumb"},"inLanguage":"es","potentialAction":[{"@type":"ReadAction","target":["http:\/\/elregionalvm.com.ar\/noticias-villa-maria\/inicio-la-obra-del-nuevo-edificio-para-el-secundario-politecnico-en-solares-del-norte\/"]}]},{"@type":"ImageObject","inLanguage":"es","@id":"http:\/\/elregionalvm.com.ar\/noticias-villa-maria\/inicio-la-obra-del-nuevo-edificio-para-el-secundario-politecnico-en-solares-del-norte\/#primaryimage","url":"https:\/\/i0.wp.com\/elregionalvm.com.ar\/noticias-villa-maria\/wp-content\/uploads\/2023\/06\/WhatsApp-Image-2023-06-13-at-15.18.37.jpeg?fit=1280%2C853&ssl=1","contentUrl":"https:\/\/i0.wp.com\/elregionalvm.com.ar\/noticias-villa-maria\/wp-content\/uploads\/2023\/06\/WhatsApp-Image-2023-06-13-at-15.18.37.jpeg?fit=1280%2C853&ssl=1","width":1280,"height":853},{"@type":"BreadcrumbList","@id":"http:\/\/elregionalvm.com.ar\/noticias-villa-maria\/inicio-la-obra-del-nuevo-edificio-para-el-secundario-politecnico-en-solares-del-norte\/#breadcrumb","itemListElement":[{"@type":"ListItem","position":1,"name":"Portada","item":"https:\/\/elregionalvm.com.ar\/noticias-villa-maria\/"},{"@type":"ListItem","position":2,"name":"Inici\u00f3 la obra del nuevo edificio para el secundario polit\u00e9cnico en Solares del Norte"}]},{"@type":"WebSite","@id":"http:\/\/elregionalvm.com.ar\/noticias-villa-maria\/#website","url":"http:\/\/elregionalvm.com.ar\/noticias-villa-maria\/","name":"El Regional","description":"Mucho m\u00e1s que informaci\u00f3n","potentialAction":[{"@type":"SearchAction","target":{"@type":"EntryPoint","urlTemplate":"http:\/\/elregionalvm.com.ar\/noticias-villa-maria\/?s={search_term_string}"},"query-input":{"@type":"PropertyValueSpecification","valueRequired":true,"valueName":"search_term_string"}}],"inLanguage":"es"},{"@type":"Person","@id":"http:\/\/elregionalvm.com.ar\/noticias-villa-maria\/#\/schema\/person\/a0fb9c422317faca23d50163151bc354","name":"Contenidos El Regional","image":{"@type":"ImageObject","inLanguage":"es","@id":"http:\/\/elregionalvm.com.ar\/noticias-villa-maria\/#\/schema\/person\/image\/","url":"https:\/\/secure.gravatar.com\/avatar\/265b27cb2209af7bb3a1318f03305787d7981a5cc6e6cd08fe5a4ecdf99d4b48?s=96&d=mm&r=g","contentUrl":"https:\/\/secure.gravatar.com\/avatar\/265b27cb2209af7bb3a1318f03305787d7981a5cc6e6cd08fe5a4ecdf99d4b48?s=96&d=mm&r=g","caption":"Contenidos El Regional"},"url":"https:\/\/elregionalvm.com.ar\/noticias-villa-maria\/author\/contenido\/"}]}},"jetpack_featured_media_url":"https:\/\/i0.wp.com\/elregionalvm.com.ar\/noticias-villa-maria\/wp-content\/uploads\/2023\/06\/WhatsApp-Image-2023-06-13-at-15.18.37.jpeg?fit=1280%2C853&ssl=1","jetpack_sharing_enabled":true,"_links":{"self":[{"href":"https:\/\/elregionalvm.com.ar\/noticias-villa-maria\/wp-json\/wp\/v2\/posts\/78134","targetHints":{"allow":["GET"]}}],"collection":[{"href":"https:\/\/elregionalvm.com.ar\/noticias-villa-maria\/wp-json\/wp\/v2\/posts"}],"about":[{"href":"https:\/\/elregionalvm.com.ar\/noticias-villa-maria\/wp-json\/wp\/v2\/types\/post"}],"author":[{"embeddable":true,"href":"https:\/\/elregionalvm.com.ar\/noticias-villa-maria\/wp-json\/wp\/v2\/users\/4"}],"replies":[{"embeddable":true,"href":"https:\/\/elregionalvm.com.ar\/noticias-villa-maria\/wp-json\/wp\/v2\/comments?post=78134"}],"version-history":[{"count":1,"href":"https:\/\/elregionalvm.com.ar\/noticias-villa-maria\/wp-json\/wp\/v2\/posts\/78134\/revisions"}],"predecessor-version":[{"id":78139,"href":"https:\/\/elregionalvm.com.ar\/noticias-villa-maria\/wp-json\/wp\/v2\/posts\/78134\/revisions\/78139"}],"wp:featuredmedia":[{"embeddable":true,"href":"https:\/\/elregionalvm.com.ar\/noticias-villa-maria\/wp-json\/wp\/v2\/media\/78137"}],"wp:attachment":[{"href":"https:\/\/elregionalvm.com.ar\/noticias-villa-maria\/wp-json\/wp\/v2\/media?parent=78134"}],"wp:term":[{"taxonomy":"category","embeddable":true,"href":"https:\/\/elregionalvm.com.ar\/noticias-villa-maria\/wp-json\/wp\/v2\/categories?post=78134"},{"taxonomy":"post_tag","embeddable":true,"href":"https:\/\/elregionalvm.com.ar\/noticias-villa-maria\/wp-json\/wp\/v2\/tags?post=78134"}],"curies":[{"name":"wp","href":"https:\/\/api.w.org\/{rel}","templated":true}]}}