{"id":78135,"date":"2023-06-13T22:09:16","date_gmt":"2023-06-13T22:09:16","guid":{"rendered":"https:\/\/elregionalvm.com.ar\/noticias-villa-maria\/?p=78135"},"modified":"2023-06-15T01:46:51","modified_gmt":"2023-06-15T01:46:51","slug":"la-terapia-intensiva-pediatrica-del-hospital-pasteur-atiende-a-50-pacientes-por-mes-en-promedio","status":"publish","type":"post","link":"https:\/\/elregionalvm.com.ar\/noticias-villa-maria\/la-terapia-intensiva-pediatrica-del-hospital-pasteur-atiende-a-50-pacientes-por-mes-en-promedio\/","title":{"rendered":"La terapia intensiva pedi\u00e1trica del Hospital Pasteur atiende a 50 pacientes por mes en promedio"},"content":{"rendered":"\n<p><\/p>\n\n\n\n<h3 class=\"wp-block-heading\"><strong>Desde marzo pasado la unidad de terapia intensiva pedi\u00e1trica (UTIP) del Hospital Pasteur da respuesta a pacientes cr\u00edticos entre 1 mes y 15 a\u00f1os con patolog\u00edas severas que requieren asistencia cr\u00edtica o monitoreo especial.<\/strong><\/h3>\n\n\n\n<p><\/p>\n\n\n\n<p>Para Sergio arroyo, director del hospital, este nuevo servicio ha marcado \u00abuna marcada evoluci\u00f3n del trabajo que el hospital ven\u00eda realizando a trav\u00e9s de la UCIP (Unidad de cuidados Intensivos)\u00bb. <\/p>\n\n\n\n<p>\u00abLo primero que hay que ponderar es el hecho de poder dar respuesta a pacientes cr\u00edticos que tiempo atr\u00e1s requer\u00edan una derivaci\u00f3n; con todo lo que eso significa para un menor en situaci\u00f3n de riesgo\u201d, explic\u00f3 el m\u00e9dico.<\/p>\n\n\n\n<p>En la actualidad la UTIP cuenta con ocho unidades de internaci\u00f3n que, sumadas a una atenci\u00f3n multidisciplinaria, permiten el abordaje y la recuperaci\u00f3n de pacientes respiratorios agudos, politraumatizados y post quir\u00fargicos graves, y diab\u00e9ticos (cetoacidosis), entre otros. <\/p>\n\n\n\n<p>\u201cHasta hace tres meses todos los tratamientos que pod\u00edamos brindar se reduc\u00edan a aquellos pacientes que requer\u00edan soporte ventilatorio no invasivo. Hoy, con la incorporaci\u00f3n de los respiradores podemos abordar casos que requieran ventilaci\u00f3n invasiva (Asistencia Respiratoria Mec\u00e1nica). Esto disminuy\u00f3 considerablemente el porcentaje de derivaci\u00f3n ya que s\u00f3lo se realizan aquellas espec\u00edficas ante la necesidad de especialidades que no se encuentran el hospital\u201d, detall\u00f3 el directivo. <\/p>\n\n\n\n<p><\/p>\n\n\n\n<figure class=\"wp-block-image size-full\"><img data-recalc-dims=\"1\" fetchpriority=\"high\" decoding=\"async\" width=\"1000\" height=\"750\" src=\"https:\/\/i0.wp.com\/elregionalvm.com.ar\/noticias-villa-maria\/wp-content\/uploads\/2023\/06\/Terapia-intensiva-infantil-Hospital-Pasteur-2.jpg?resize=1000%2C750&#038;ssl=1\" alt=\"\" class=\"wp-image-78155\" srcset=\"https:\/\/i0.wp.com\/elregionalvm.com.ar\/noticias-villa-maria\/wp-content\/uploads\/2023\/06\/Terapia-intensiva-infantil-Hospital-Pasteur-2.jpg?w=1000&amp;ssl=1 1000w, https:\/\/i0.wp.com\/elregionalvm.com.ar\/noticias-villa-maria\/wp-content\/uploads\/2023\/06\/Terapia-intensiva-infantil-Hospital-Pasteur-2.jpg?resize=300%2C225&amp;ssl=1 300w, https:\/\/i0.wp.com\/elregionalvm.com.ar\/noticias-villa-maria\/wp-content\/uploads\/2023\/06\/Terapia-intensiva-infantil-Hospital-Pasteur-2.jpg?resize=768%2C576&amp;ssl=1 768w\" sizes=\"(max-width: 1000px) 100vw, 1000px\" \/><\/figure>\n\n\n\n<p><\/p>\n\n\n\n<p>En este \u00faltimo caso el nosocomio busca la estabilizaci\u00f3n de, por ejemplo, los pacientes neurol\u00f3gicos, oncol\u00f3gicos o con estatus convulsivos, antes de iniciar el traslado, disminuyendo su situaci\u00f3n de riesgo.<\/p>\n\n\n\n<p><strong>Derivaciones <\/strong><\/p>\n\n\n\n<p>Otro aspecto significativo a nivel asistencial radica en el rol protag\u00f3nico que cumple el Pasteur en el marco de la Red de Derivaciones de la provincia que permite articular con nosocomios p\u00fablicos de todo el territorio cordob\u00e9s el traslado de pacientes. <\/p>\n\n\n\n<p>\u201cHoy estamos recibiendo nosotros pacientes pedi\u00e1tricos de toda la regi\u00f3n, inclusive en las \u00faltimas semanas hemos recibimos pacientes de Alta Gracia y San Francisco. Eso es posible gracias al trabajo articulado y a un recurso humano de jerarquizado que hace un trabajo de log\u00edstica intenso para poder dar respuesta\u201d, aclara Arroyo.<\/p>\n\n\n\n<p>La del Hospital Pasteur junto a la de R\u00edo Cuarto son las \u00fanicas terapias pedi\u00e1tricas del interior de C\u00f3rdoba. Para el director del hospital esta apertura signific\u00f3 un \u201ccambio notable en la salud p\u00fablica de la regi\u00f3n\u00bb. <\/p>\n\n\n\n<p>\u00abEs un salto de calidad que la comunidad se merec\u00eda y es el resultado de un arduo trabajo con el nivel central del Ministerio que consisti\u00f3 en la convocatoria a pediatras que accedieran a este desaf\u00edo, adem\u00e1s de la importante inversi\u00f3n que implica complejizar el servicio con aparatolog\u00eda e insumos\u00bb, analiz\u00f3. <\/p>\n\n\n\n<p><strong>Infecciones respiratorias <\/strong><\/p>\n\n\n\n<p>Este avance llega en un momento epidemiol\u00f3gico significativo debido al creciente n\u00famero de infecciones respiratorias que afectan a los pacientes pedi\u00e1tricos. \u201cHoy estamos en un 95 % de ocupaci\u00f3n del internado com\u00fan y la UTIP, pero la posibilidad de afrontar los casos cr\u00edticos nos permite ser referentes en toda la regi\u00f3n y queremos seguir en esta l\u00ednea de trabajo\u201d, argument\u00f3 Arroyo.<\/p>\n\n\n\n<p><\/p>\n\n\n\n<figure class=\"wp-block-image size-full\"><img data-recalc-dims=\"1\" decoding=\"async\" width=\"1000\" height=\"750\" src=\"https:\/\/i0.wp.com\/elregionalvm.com.ar\/noticias-villa-maria\/wp-content\/uploads\/2023\/06\/Terapia-intensiva-infantil-Hospital-Pasteur-1.jpg?resize=1000%2C750&#038;ssl=1\" alt=\"\" class=\"wp-image-78153\" srcset=\"https:\/\/i0.wp.com\/elregionalvm.com.ar\/noticias-villa-maria\/wp-content\/uploads\/2023\/06\/Terapia-intensiva-infantil-Hospital-Pasteur-1.jpg?w=1000&amp;ssl=1 1000w, https:\/\/i0.wp.com\/elregionalvm.com.ar\/noticias-villa-maria\/wp-content\/uploads\/2023\/06\/Terapia-intensiva-infantil-Hospital-Pasteur-1.jpg?resize=300%2C225&amp;ssl=1 300w, https:\/\/i0.wp.com\/elregionalvm.com.ar\/noticias-villa-maria\/wp-content\/uploads\/2023\/06\/Terapia-intensiva-infantil-Hospital-Pasteur-1.jpg?resize=768%2C576&amp;ssl=1 768w\" sizes=\"(max-width: 1000px) 100vw, 1000px\" \/><\/figure>\n\n\n\n<p><\/p>\n\n\n\n<p><strong>Reestructuraci\u00f3n de la Guardia <\/strong><\/p>\n\n\n\n<p>A la apertura de la UTIP se suma la reestructuraci\u00f3n del servicio de guardia, acci\u00f3n que contempl\u00f3 la incorporaci\u00f3n reciente de especialistas y el traslado a un nuevo sector.<\/p>\n\n\n\n<p>La atenci\u00f3n de emergencias actual se realiza a trav\u00e9s de seis duplas de pediatras (una por d\u00eda y una rotaci\u00f3n semanal) para cubrir los 365 d\u00edas del a\u00f1o. <\/p>\n\n\n\n<p>A esto se suma la apertura del shock room y un internado de tres camas fr\u00edas en un nuevo sector del primer piso, redise\u00f1ado para permitir la independencia de la Guardia de adultos (actualmente funcionan de manera conjunta), y una mayor din\u00e1mica en el acceso a los sectores de internaci\u00f3n.<\/p>\n\n\n\n<p><\/p>\n\n\n\n<figure class=\"wp-block-image size-large\"><img data-recalc-dims=\"1\" decoding=\"async\" width=\"1024\" height=\"576\" src=\"https:\/\/i0.wp.com\/elregionalvm.com.ar\/noticias-villa-maria\/wp-content\/uploads\/2020\/07\/Arroyo-director-Pasteur.jpg?resize=1024%2C576&#038;ssl=1\" alt=\"\" class=\"wp-image-19624\" srcset=\"https:\/\/i0.wp.com\/elregionalvm.com.ar\/noticias-villa-maria\/wp-content\/uploads\/2020\/07\/Arroyo-director-Pasteur.jpg?resize=1024%2C576&amp;ssl=1 1024w, https:\/\/i0.wp.com\/elregionalvm.com.ar\/noticias-villa-maria\/wp-content\/uploads\/2020\/07\/Arroyo-director-Pasteur.jpg?resize=300%2C169&amp;ssl=1 300w, https:\/\/i0.wp.com\/elregionalvm.com.ar\/noticias-villa-maria\/wp-content\/uploads\/2020\/07\/Arroyo-director-Pasteur.jpg?resize=768%2C432&amp;ssl=1 768w, https:\/\/i0.wp.com\/elregionalvm.com.ar\/noticias-villa-maria\/wp-content\/uploads\/2020\/07\/Arroyo-director-Pasteur.jpg?w=1200&amp;ssl=1 1200w\" sizes=\"(max-width: 1000px) 100vw, 1000px\" \/><figcaption><em>Dr. Sergio Arroyo, director del Hospital Pasteur.<\/em><\/figcaption><\/figure>\n\n\n\n<p><\/p>\n\n\n\n<p>\u201cIntentamos que la guardia pedi\u00e1trica sea un servicio independiente dentro de Pediatr\u00eda. Con din\u00e1mica y estructura propia\u201d, aclar\u00f3 Arroyo. <\/p>\n\n\n\n<p>El concepto no es menor habida cuenta que el promedio de atenci\u00f3n mensual supera las 1.500 prestaciones, con picos estacionales que superan las dos mil consultas.<\/p>\n\n\n\n<p>A estos cambios se agrega la incorporaci\u00f3n del servicio de medicina familiar que responde a la demanda espont\u00e1nea en consultorios externos incluyendo pacientes pedi\u00e1tricos. <\/p>\n\n\n\n<p>\u201cDe esta forma hemos podido mantener el n\u00famero de prestaciones que asciende a 1350 consultas mensuales\u201d, finaliz\u00f3 el directivo.<\/p>\n","protected":false},"excerpt":{"rendered":"<p>Desde marzo pasado la unidad de terapia intensiva pedi\u00e1trica (UTIP) del Hospital Pasteur da respuesta a pacientes cr\u00edticos entre 1 mes y 15 a\u00f1os con patolog\u00edas severas que requieren asistencia cr\u00edtica o monitoreo especial. Para Sergio arroyo, director del hospital, este nuevo servicio ha marcado \u00abuna marcada evoluci\u00f3n del trabajo que el hospital ven\u00eda realizando [&hellip;]<\/p>\n","protected":false},"author":4,"featured_media":78154,"comment_status":"open","ping_status":"open","sticky":false,"template":"","format":"standard","meta":{"site-sidebar-layout":"default","site-content-layout":"","ast-site-content-layout":"default","site-content-style":"default","site-sidebar-style":"default","ast-global-header-display":"","ast-banner-title-visibility":"","ast-main-header-display":"","ast-hfb-above-header-display":"","ast-hfb-below-header-display":"","ast-hfb-mobile-header-display":"","site-post-title":"","ast-breadcrumbs-content":"","ast-featured-img":"","footer-sml-layout":"","ast-disable-related-posts":"","theme-transparent-header-meta":"","adv-header-id-meta":"","stick-header-meta":"","header-above-stick-meta":"","header-main-stick-meta":"","header-below-stick-meta":"","astra-migrate-meta-layouts":"default","ast-page-background-enabled":"default","ast-page-background-meta":{"desktop":{"background-color":"","background-image":"","background-repeat":"repeat","background-position":"center center","background-size":"auto","background-attachment":"scroll","background-type":"","background-media":"","overlay-type":"","overlay-color":"","overlay-opacity":"","overlay-gradient":""},"tablet":{"background-color":"","background-image":"","background-repeat":"repeat","background-position":"center center","background-size":"auto","background-attachment":"scroll","background-type":"","background-media":"","overlay-type":"","overlay-color":"","overlay-opacity":"","overlay-gradient":""},"mobile":{"background-color":"","background-image":"","background-repeat":"repeat","background-position":"center center","background-size":"auto","background-attachment":"scroll","background-type":"","background-media":"","overlay-type":"","overlay-color":"","overlay-opacity":"","overlay-gradient":""}},"ast-content-background-meta":{"desktop":{"background-color":"var(--ast-global-color-5)","background-image":"","background-repeat":"repeat","background-position":"center center","background-size":"auto","background-attachment":"scroll","background-type":"","background-media":"","overlay-type":"","overlay-color":"","overlay-opacity":"","overlay-gradient":""},"tablet":{"background-color":"var(--ast-global-color-5)","background-image":"","background-repeat":"repeat","background-position":"center center","background-size":"auto","background-attachment":"scroll","background-type":"","background-media":"","overlay-type":"","overlay-color":"","overlay-opacity":"","overlay-gradient":""},"mobile":{"background-color":"var(--ast-global-color-5)","background-image":"","background-repeat":"repeat","background-position":"center center","background-size":"auto","background-attachment":"scroll","background-type":"","background-media":"","overlay-type":"","overlay-color":"","overlay-opacity":"","overlay-gradient":""}},"_jetpack_memberships_contains_paid_content":false,"_joinchat":[],"footnotes":""},"categories":[3557,2],"tags":[2130,398,22425,3052,22424],"class_list":["post-78135","post","type-post","status-publish","format-standard","has-post-thumbnail","hentry","category-tercera","category-villa-maria","tag-hospital-pasteur","tag-ninos","tag-pediatria","tag-sergio-arroyo","tag-terapia-intensiva-infantil"],"yoast_head":"<!-- This site is optimized with the Yoast SEO plugin v26.8 - https:\/\/yoast.com\/product\/yoast-seo-wordpress\/ -->\n<title>La terapia intensiva pedi\u00e1trica del Hospital Pasteur atiende a 50 pacientes por mes en promedio - El Regional<\/title>\n<meta name=\"robots\" content=\"index, follow, max-snippet:-1, max-image-preview:large, max-video-preview:-1\" \/>\n<link rel=\"canonical\" href=\"http:\/\/elregionalvm.com.ar\/noticias-villa-maria\/la-terapia-intensiva-pediatrica-del-hospital-pasteur-atiende-a-50-pacientes-por-mes-en-promedio\/\" \/>\n<meta property=\"og:locale\" content=\"es_ES\" \/>\n<meta property=\"og:type\" content=\"article\" \/>\n<meta property=\"og:title\" content=\"La terapia intensiva pedi\u00e1trica del Hospital Pasteur atiende a 50 pacientes por mes en promedio - El Regional\" \/>\n<meta property=\"og:description\" content=\"Desde marzo pasado la unidad de terapia intensiva pedi\u00e1trica (UTIP) del Hospital Pasteur da respuesta a pacientes cr\u00edticos entre 1 mes y 15 a\u00f1os con patolog\u00edas severas que requieren asistencia cr\u00edtica o monitoreo especial. Para Sergio arroyo, director del hospital, este nuevo servicio ha marcado \u00abuna marcada evoluci\u00f3n del trabajo que el hospital ven\u00eda realizando [&hellip;]\" \/>\n<meta property=\"og:url\" content=\"http:\/\/elregionalvm.com.ar\/noticias-villa-maria\/la-terapia-intensiva-pediatrica-del-hospital-pasteur-atiende-a-50-pacientes-por-mes-en-promedio\/\" \/>\n<meta property=\"og:site_name\" content=\"El Regional\" \/>\n<meta property=\"article:publisher\" content=\"https:\/\/www.facebook.com\/elregionalvm\" \/>\n<meta property=\"article:published_time\" content=\"2023-06-13T22:09:16+00:00\" \/>\n<meta property=\"article:modified_time\" content=\"2023-06-15T01:46:51+00:00\" \/>\n<meta property=\"og:image\" content=\"http:\/\/elregionalvm.com.ar\/noticias-villa-maria\/wp-content\/uploads\/2023\/06\/Terapia-intensiva-infantil-Hospital-Pasteur.jpg\" \/>\n\t<meta property=\"og:image:width\" content=\"1200\" \/>\n\t<meta property=\"og:image:height\" content=\"900\" \/>\n\t<meta property=\"og:image:type\" content=\"image\/jpeg\" \/>\n<meta name=\"author\" content=\"Contenidos El Regional\" \/>\n<meta name=\"twitter:card\" content=\"summary_large_image\" \/>\n<meta name=\"twitter:creator\" content=\"@elregionalvm1\" \/>\n<meta name=\"twitter:site\" content=\"@elregionalvm1\" \/>\n<meta name=\"twitter:label1\" content=\"Escrito por\" \/>\n\t<meta name=\"twitter:data1\" content=\"Contenidos El Regional\" \/>\n\t<meta name=\"twitter:label2\" content=\"Tiempo de lectura\" \/>\n\t<meta name=\"twitter:data2\" content=\"4 minutos\" \/>\n<script type=\"application\/ld+json\" class=\"yoast-schema-graph\">{\"@context\":\"https:\/\/schema.org\",\"@graph\":[{\"@type\":\"Article\",\"@id\":\"http:\/\/elregionalvm.com.ar\/noticias-villa-maria\/la-terapia-intensiva-pediatrica-del-hospital-pasteur-atiende-a-50-pacientes-por-mes-en-promedio\/#article\",\"isPartOf\":{\"@id\":\"http:\/\/elregionalvm.com.ar\/noticias-villa-maria\/la-terapia-intensiva-pediatrica-del-hospital-pasteur-atiende-a-50-pacientes-por-mes-en-promedio\/\"},\"author\":{\"name\":\"Contenidos El Regional\",\"@id\":\"http:\/\/elregionalvm.com.ar\/noticias-villa-maria\/#\/schema\/person\/a0fb9c422317faca23d50163151bc354\"},\"headline\":\"La terapia intensiva pedi\u00e1trica del Hospital Pasteur atiende a 50 pacientes por mes en promedio\",\"datePublished\":\"2023-06-13T22:09:16+00:00\",\"dateModified\":\"2023-06-15T01:46:51+00:00\",\"mainEntityOfPage\":{\"@id\":\"http:\/\/elregionalvm.com.ar\/noticias-villa-maria\/la-terapia-intensiva-pediatrica-del-hospital-pasteur-atiende-a-50-pacientes-por-mes-en-promedio\/\"},\"wordCount\":771,\"commentCount\":0,\"image\":{\"@id\":\"http:\/\/elregionalvm.com.ar\/noticias-villa-maria\/la-terapia-intensiva-pediatrica-del-hospital-pasteur-atiende-a-50-pacientes-por-mes-en-promedio\/#primaryimage\"},\"thumbnailUrl\":\"https:\/\/i0.wp.com\/elregionalvm.com.ar\/noticias-villa-maria\/wp-content\/uploads\/2023\/06\/Terapia-intensiva-infantil-Hospital-Pasteur.jpg?fit=1200%2C900&ssl=1\",\"keywords\":[\"Hospital Pasteur\",\"ni\u00f1os\",\"pediatr\u00eda\",\"Sergio Arroyo\",\"terapia intensiva infantil\"],\"articleSection\":[\"tercera\",\"Villa Mar\u00eda\"],\"inLanguage\":\"es\",\"potentialAction\":[{\"@type\":\"CommentAction\",\"name\":\"Comment\",\"target\":[\"http:\/\/elregionalvm.com.ar\/noticias-villa-maria\/la-terapia-intensiva-pediatrica-del-hospital-pasteur-atiende-a-50-pacientes-por-mes-en-promedio\/#respond\"]}]},{\"@type\":\"WebPage\",\"@id\":\"http:\/\/elregionalvm.com.ar\/noticias-villa-maria\/la-terapia-intensiva-pediatrica-del-hospital-pasteur-atiende-a-50-pacientes-por-mes-en-promedio\/\",\"url\":\"http:\/\/elregionalvm.com.ar\/noticias-villa-maria\/la-terapia-intensiva-pediatrica-del-hospital-pasteur-atiende-a-50-pacientes-por-mes-en-promedio\/\",\"name\":\"La terapia intensiva pedi\u00e1trica del Hospital Pasteur atiende a 50 pacientes por mes en promedio - El Regional\",\"isPartOf\":{\"@id\":\"http:\/\/elregionalvm.com.ar\/noticias-villa-maria\/#website\"},\"primaryImageOfPage\":{\"@id\":\"http:\/\/elregionalvm.com.ar\/noticias-villa-maria\/la-terapia-intensiva-pediatrica-del-hospital-pasteur-atiende-a-50-pacientes-por-mes-en-promedio\/#primaryimage\"},\"image\":{\"@id\":\"http:\/\/elregionalvm.com.ar\/noticias-villa-maria\/la-terapia-intensiva-pediatrica-del-hospital-pasteur-atiende-a-50-pacientes-por-mes-en-promedio\/#primaryimage\"},\"thumbnailUrl\":\"https:\/\/i0.wp.com\/elregionalvm.com.ar\/noticias-villa-maria\/wp-content\/uploads\/2023\/06\/Terapia-intensiva-infantil-Hospital-Pasteur.jpg?fit=1200%2C900&ssl=1\",\"datePublished\":\"2023-06-13T22:09:16+00:00\",\"dateModified\":\"2023-06-15T01:46:51+00:00\",\"author\":{\"@id\":\"http:\/\/elregionalvm.com.ar\/noticias-villa-maria\/#\/schema\/person\/a0fb9c422317faca23d50163151bc354\"},\"breadcrumb\":{\"@id\":\"http:\/\/elregionalvm.com.ar\/noticias-villa-maria\/la-terapia-intensiva-pediatrica-del-hospital-pasteur-atiende-a-50-pacientes-por-mes-en-promedio\/#breadcrumb\"},\"inLanguage\":\"es\",\"potentialAction\":[{\"@type\":\"ReadAction\",\"target\":[\"http:\/\/elregionalvm.com.ar\/noticias-villa-maria\/la-terapia-intensiva-pediatrica-del-hospital-pasteur-atiende-a-50-pacientes-por-mes-en-promedio\/\"]}]},{\"@type\":\"ImageObject\",\"inLanguage\":\"es\",\"@id\":\"http:\/\/elregionalvm.com.ar\/noticias-villa-maria\/la-terapia-intensiva-pediatrica-del-hospital-pasteur-atiende-a-50-pacientes-por-mes-en-promedio\/#primaryimage\",\"url\":\"https:\/\/i0.wp.com\/elregionalvm.com.ar\/noticias-villa-maria\/wp-content\/uploads\/2023\/06\/Terapia-intensiva-infantil-Hospital-Pasteur.jpg?fit=1200%2C900&ssl=1\",\"contentUrl\":\"https:\/\/i0.wp.com\/elregionalvm.com.ar\/noticias-villa-maria\/wp-content\/uploads\/2023\/06\/Terapia-intensiva-infantil-Hospital-Pasteur.jpg?fit=1200%2C900&ssl=1\",\"width\":1200,\"height\":900},{\"@type\":\"BreadcrumbList\",\"@id\":\"http:\/\/elregionalvm.com.ar\/noticias-villa-maria\/la-terapia-intensiva-pediatrica-del-hospital-pasteur-atiende-a-50-pacientes-por-mes-en-promedio\/#breadcrumb\",\"itemListElement\":[{\"@type\":\"ListItem\",\"position\":1,\"name\":\"Portada\",\"item\":\"https:\/\/elregionalvm.com.ar\/noticias-villa-maria\/\"},{\"@type\":\"ListItem\",\"position\":2,\"name\":\"La terapia intensiva pedi\u00e1trica del Hospital Pasteur atiende a 50 pacientes por mes en promedio\"}]},{\"@type\":\"WebSite\",\"@id\":\"http:\/\/elregionalvm.com.ar\/noticias-villa-maria\/#website\",\"url\":\"http:\/\/elregionalvm.com.ar\/noticias-villa-maria\/\",\"name\":\"El Regional\",\"description\":\"Mucho m\u00e1s que informaci\u00f3n\",\"potentialAction\":[{\"@type\":\"SearchAction\",\"target\":{\"@type\":\"EntryPoint\",\"urlTemplate\":\"http:\/\/elregionalvm.com.ar\/noticias-villa-maria\/?s={search_term_string}\"},\"query-input\":{\"@type\":\"PropertyValueSpecification\",\"valueRequired\":true,\"valueName\":\"search_term_string\"}}],\"inLanguage\":\"es\"},{\"@type\":\"Person\",\"@id\":\"http:\/\/elregionalvm.com.ar\/noticias-villa-maria\/#\/schema\/person\/a0fb9c422317faca23d50163151bc354\",\"name\":\"Contenidos El Regional\",\"image\":{\"@type\":\"ImageObject\",\"inLanguage\":\"es\",\"@id\":\"http:\/\/elregionalvm.com.ar\/noticias-villa-maria\/#\/schema\/person\/image\/\",\"url\":\"https:\/\/secure.gravatar.com\/avatar\/265b27cb2209af7bb3a1318f03305787d7981a5cc6e6cd08fe5a4ecdf99d4b48?s=96&d=mm&r=g\",\"contentUrl\":\"https:\/\/secure.gravatar.com\/avatar\/265b27cb2209af7bb3a1318f03305787d7981a5cc6e6cd08fe5a4ecdf99d4b48?s=96&d=mm&r=g\",\"caption\":\"Contenidos El Regional\"},\"url\":\"https:\/\/elregionalvm.com.ar\/noticias-villa-maria\/author\/contenido\/\"}]}<\/script>\n<!-- \/ Yoast SEO plugin. -->","yoast_head_json":{"title":"La terapia intensiva pedi\u00e1trica del Hospital Pasteur atiende a 50 pacientes por mes en promedio - El Regional","robots":{"index":"index","follow":"follow","max-snippet":"max-snippet:-1","max-image-preview":"max-image-preview:large","max-video-preview":"max-video-preview:-1"},"canonical":"http:\/\/elregionalvm.com.ar\/noticias-villa-maria\/la-terapia-intensiva-pediatrica-del-hospital-pasteur-atiende-a-50-pacientes-por-mes-en-promedio\/","og_locale":"es_ES","og_type":"article","og_title":"La terapia intensiva pedi\u00e1trica del Hospital Pasteur atiende a 50 pacientes por mes en promedio - El Regional","og_description":"Desde marzo pasado la unidad de terapia intensiva pedi\u00e1trica (UTIP) del Hospital Pasteur da respuesta a pacientes cr\u00edticos entre 1 mes y 15 a\u00f1os con patolog\u00edas severas que requieren asistencia cr\u00edtica o monitoreo especial. Para Sergio arroyo, director del hospital, este nuevo servicio ha marcado \u00abuna marcada evoluci\u00f3n del trabajo que el hospital ven\u00eda realizando [&hellip;]","og_url":"http:\/\/elregionalvm.com.ar\/noticias-villa-maria\/la-terapia-intensiva-pediatrica-del-hospital-pasteur-atiende-a-50-pacientes-por-mes-en-promedio\/","og_site_name":"El Regional","article_publisher":"https:\/\/www.facebook.com\/elregionalvm","article_published_time":"2023-06-13T22:09:16+00:00","article_modified_time":"2023-06-15T01:46:51+00:00","og_image":[{"width":1200,"height":900,"url":"http:\/\/elregionalvm.com.ar\/noticias-villa-maria\/wp-content\/uploads\/2023\/06\/Terapia-intensiva-infantil-Hospital-Pasteur.jpg","type":"image\/jpeg"}],"author":"Contenidos El Regional","twitter_card":"summary_large_image","twitter_creator":"@elregionalvm1","twitter_site":"@elregionalvm1","twitter_misc":{"Escrito por":"Contenidos El Regional","Tiempo de lectura":"4 minutos"},"schema":{"@context":"https:\/\/schema.org","@graph":[{"@type":"Article","@id":"http:\/\/elregionalvm.com.ar\/noticias-villa-maria\/la-terapia-intensiva-pediatrica-del-hospital-pasteur-atiende-a-50-pacientes-por-mes-en-promedio\/#article","isPartOf":{"@id":"http:\/\/elregionalvm.com.ar\/noticias-villa-maria\/la-terapia-intensiva-pediatrica-del-hospital-pasteur-atiende-a-50-pacientes-por-mes-en-promedio\/"},"author":{"name":"Contenidos El Regional","@id":"http:\/\/elregionalvm.com.ar\/noticias-villa-maria\/#\/schema\/person\/a0fb9c422317faca23d50163151bc354"},"headline":"La terapia intensiva pedi\u00e1trica del Hospital Pasteur atiende a 50 pacientes por mes en promedio","datePublished":"2023-06-13T22:09:16+00:00","dateModified":"2023-06-15T01:46:51+00:00","mainEntityOfPage":{"@id":"http:\/\/elregionalvm.com.ar\/noticias-villa-maria\/la-terapia-intensiva-pediatrica-del-hospital-pasteur-atiende-a-50-pacientes-por-mes-en-promedio\/"},"wordCount":771,"commentCount":0,"image":{"@id":"http:\/\/elregionalvm.com.ar\/noticias-villa-maria\/la-terapia-intensiva-pediatrica-del-hospital-pasteur-atiende-a-50-pacientes-por-mes-en-promedio\/#primaryimage"},"thumbnailUrl":"https:\/\/i0.wp.com\/elregionalvm.com.ar\/noticias-villa-maria\/wp-content\/uploads\/2023\/06\/Terapia-intensiva-infantil-Hospital-Pasteur.jpg?fit=1200%2C900&ssl=1","keywords":["Hospital Pasteur","ni\u00f1os","pediatr\u00eda","Sergio Arroyo","terapia intensiva infantil"],"articleSection":["tercera","Villa Mar\u00eda"],"inLanguage":"es","potentialAction":[{"@type":"CommentAction","name":"Comment","target":["http:\/\/elregionalvm.com.ar\/noticias-villa-maria\/la-terapia-intensiva-pediatrica-del-hospital-pasteur-atiende-a-50-pacientes-por-mes-en-promedio\/#respond"]}]},{"@type":"WebPage","@id":"http:\/\/elregionalvm.com.ar\/noticias-villa-maria\/la-terapia-intensiva-pediatrica-del-hospital-pasteur-atiende-a-50-pacientes-por-mes-en-promedio\/","url":"http:\/\/elregionalvm.com.ar\/noticias-villa-maria\/la-terapia-intensiva-pediatrica-del-hospital-pasteur-atiende-a-50-pacientes-por-mes-en-promedio\/","name":"La terapia intensiva pedi\u00e1trica del Hospital Pasteur atiende a 50 pacientes por mes en promedio - El Regional","isPartOf":{"@id":"http:\/\/elregionalvm.com.ar\/noticias-villa-maria\/#website"},"primaryImageOfPage":{"@id":"http:\/\/elregionalvm.com.ar\/noticias-villa-maria\/la-terapia-intensiva-pediatrica-del-hospital-pasteur-atiende-a-50-pacientes-por-mes-en-promedio\/#primaryimage"},"image":{"@id":"http:\/\/elregionalvm.com.ar\/noticias-villa-maria\/la-terapia-intensiva-pediatrica-del-hospital-pasteur-atiende-a-50-pacientes-por-mes-en-promedio\/#primaryimage"},"thumbnailUrl":"https:\/\/i0.wp.com\/elregionalvm.com.ar\/noticias-villa-maria\/wp-content\/uploads\/2023\/06\/Terapia-intensiva-infantil-Hospital-Pasteur.jpg?fit=1200%2C900&ssl=1","datePublished":"2023-06-13T22:09:16+00:00","dateModified":"2023-06-15T01:46:51+00:00","author":{"@id":"http:\/\/elregionalvm.com.ar\/noticias-villa-maria\/#\/schema\/person\/a0fb9c422317faca23d50163151bc354"},"breadcrumb":{"@id":"http:\/\/elregionalvm.com.ar\/noticias-villa-maria\/la-terapia-intensiva-pediatrica-del-hospital-pasteur-atiende-a-50-pacientes-por-mes-en-promedio\/#breadcrumb"},"inLanguage":"es","potentialAction":[{"@type":"ReadAction","target":["http:\/\/elregionalvm.com.ar\/noticias-villa-maria\/la-terapia-intensiva-pediatrica-del-hospital-pasteur-atiende-a-50-pacientes-por-mes-en-promedio\/"]}]},{"@type":"ImageObject","inLanguage":"es","@id":"http:\/\/elregionalvm.com.ar\/noticias-villa-maria\/la-terapia-intensiva-pediatrica-del-hospital-pasteur-atiende-a-50-pacientes-por-mes-en-promedio\/#primaryimage","url":"https:\/\/i0.wp.com\/elregionalvm.com.ar\/noticias-villa-maria\/wp-content\/uploads\/2023\/06\/Terapia-intensiva-infantil-Hospital-Pasteur.jpg?fit=1200%2C900&ssl=1","contentUrl":"https:\/\/i0.wp.com\/elregionalvm.com.ar\/noticias-villa-maria\/wp-content\/uploads\/2023\/06\/Terapia-intensiva-infantil-Hospital-Pasteur.jpg?fit=1200%2C900&ssl=1","width":1200,"height":900},{"@type":"BreadcrumbList","@id":"http:\/\/elregionalvm.com.ar\/noticias-villa-maria\/la-terapia-intensiva-pediatrica-del-hospital-pasteur-atiende-a-50-pacientes-por-mes-en-promedio\/#breadcrumb","itemListElement":[{"@type":"ListItem","position":1,"name":"Portada","item":"https:\/\/elregionalvm.com.ar\/noticias-villa-maria\/"},{"@type":"ListItem","position":2,"name":"La terapia intensiva pedi\u00e1trica del Hospital Pasteur atiende a 50 pacientes por mes en promedio"}]},{"@type":"WebSite","@id":"http:\/\/elregionalvm.com.ar\/noticias-villa-maria\/#website","url":"http:\/\/elregionalvm.com.ar\/noticias-villa-maria\/","name":"El Regional","description":"Mucho m\u00e1s que informaci\u00f3n","potentialAction":[{"@type":"SearchAction","target":{"@type":"EntryPoint","urlTemplate":"http:\/\/elregionalvm.com.ar\/noticias-villa-maria\/?s={search_term_string}"},"query-input":{"@type":"PropertyValueSpecification","valueRequired":true,"valueName":"search_term_string"}}],"inLanguage":"es"},{"@type":"Person","@id":"http:\/\/elregionalvm.com.ar\/noticias-villa-maria\/#\/schema\/person\/a0fb9c422317faca23d50163151bc354","name":"Contenidos El Regional","image":{"@type":"ImageObject","inLanguage":"es","@id":"http:\/\/elregionalvm.com.ar\/noticias-villa-maria\/#\/schema\/person\/image\/","url":"https:\/\/secure.gravatar.com\/avatar\/265b27cb2209af7bb3a1318f03305787d7981a5cc6e6cd08fe5a4ecdf99d4b48?s=96&d=mm&r=g","contentUrl":"https:\/\/secure.gravatar.com\/avatar\/265b27cb2209af7bb3a1318f03305787d7981a5cc6e6cd08fe5a4ecdf99d4b48?s=96&d=mm&r=g","caption":"Contenidos El Regional"},"url":"https:\/\/elregionalvm.com.ar\/noticias-villa-maria\/author\/contenido\/"}]}},"jetpack_featured_media_url":"https:\/\/i0.wp.com\/elregionalvm.com.ar\/noticias-villa-maria\/wp-content\/uploads\/2023\/06\/Terapia-intensiva-infantil-Hospital-Pasteur.jpg?fit=1200%2C900&ssl=1","jetpack_sharing_enabled":true,"_links":{"self":[{"href":"https:\/\/elregionalvm.com.ar\/noticias-villa-maria\/wp-json\/wp\/v2\/posts\/78135","targetHints":{"allow":["GET"]}}],"collection":[{"href":"https:\/\/elregionalvm.com.ar\/noticias-villa-maria\/wp-json\/wp\/v2\/posts"}],"about":[{"href":"https:\/\/elregionalvm.com.ar\/noticias-villa-maria\/wp-json\/wp\/v2\/types\/post"}],"author":[{"embeddable":true,"href":"https:\/\/elregionalvm.com.ar\/noticias-villa-maria\/wp-json\/wp\/v2\/users\/4"}],"replies":[{"embeddable":true,"href":"https:\/\/elregionalvm.com.ar\/noticias-villa-maria\/wp-json\/wp\/v2\/comments?post=78135"}],"version-history":[{"count":2,"href":"https:\/\/elregionalvm.com.ar\/noticias-villa-maria\/wp-json\/wp\/v2\/posts\/78135\/revisions"}],"predecessor-version":[{"id":78156,"href":"https:\/\/elregionalvm.com.ar\/noticias-villa-maria\/wp-json\/wp\/v2\/posts\/78135\/revisions\/78156"}],"wp:featuredmedia":[{"embeddable":true,"href":"https:\/\/elregionalvm.com.ar\/noticias-villa-maria\/wp-json\/wp\/v2\/media\/78154"}],"wp:attachment":[{"href":"https:\/\/elregionalvm.com.ar\/noticias-villa-maria\/wp-json\/wp\/v2\/media?parent=78135"}],"wp:term":[{"taxonomy":"category","embeddable":true,"href":"https:\/\/elregionalvm.com.ar\/noticias-villa-maria\/wp-json\/wp\/v2\/categories?post=78135"},{"taxonomy":"post_tag","embeddable":true,"href":"https:\/\/elregionalvm.com.ar\/noticias-villa-maria\/wp-json\/wp\/v2\/tags?post=78135"}],"curies":[{"name":"wp","href":"https:\/\/api.w.org\/{rel}","templated":true}]}}