{"id":78152,"date":"2023-06-13T22:13:29","date_gmt":"2023-06-13T22:13:29","guid":{"rendered":"https:\/\/elregionalvm.com.ar\/noticias-villa-maria\/?p=78152"},"modified":"2023-06-13T22:13:31","modified_gmt":"2023-06-13T22:13:31","slug":"causa-zoe-al-final-el-primer-juicio-se-hara-este-jueves-15","status":"publish","type":"post","link":"https:\/\/elregionalvm.com.ar\/noticias-villa-maria\/causa-zoe-al-final-el-primer-juicio-se-hara-este-jueves-15\/","title":{"rendered":"Causa ZOE: Al final, el primer juicio se har\u00e1 este jueves 15"},"content":{"rendered":"\n<p>El primer juicio en el marco de la causa Generaci\u00f3n Zoe, que se iba a realizar el lunes y fue suspendido, finalmente se har\u00e1 este jueves 15 de junio, con el abogado Gustavo Antonio de Jes\u00fas Saavedra declarado culpable, seg\u00fan se acord\u00f3 en la Justicia.<\/p>\n\n\n\n<p>La jueza de Control, Mar\u00eda Soledad Dottori, hab\u00eda decidido suspender el juicio abreviado inicial que se iba a desarrollar ayer debido a la aparici\u00f3n de nuevas denuncias contra los imputados en el marco de la causa por supuesta \u201cestafa\u201d.<\/p>\n\n\n\n<p>La audiencia es el primer juicio previsto para los integrantes de la organizaci\u00f3n liderada por Leonardo Cositorto, que, adem\u00e1s de ser supuesto part\u00edcipe de varias \u201cestafas\u201d, tambi\u00e9n est\u00e1 sospechado de conformar una \u201casociaci\u00f3n il\u00edcita\u201d.<\/p>\n\n\n\n<p>No obstante, las nuevas denuncias por estafas ingresaron durante las \u00faltimas jornadas al expediente que instruy\u00f3 la fiscal del Segundo Turno, Juliana Companys, y por lo tanto, la jueza Dottori resolvi\u00f3 la suspensi\u00f3n \u00abpara resguardar el debido proceso\u00bb.<\/p>\n\n\n\n<p>Finalmente hubo acuerdo entre las pares y Saavedra ser\u00e1 juzgado este jueves.<\/p>\n\n\n\n<p>El abogado, tras un acuerdo entre fiscal Companys y el responsable de la defensa, en manos del asesor letrado Diego Juli\u00e1n, recibir\u00e1 una condena de cuatro a\u00f1os de prisi\u00f3n de cumplimiento efectivo.<\/p>\n\n\n\n<p>Hace poco m\u00e1s de 14 meses (el 12 de abril del a\u00f1o pasado) el imputado hab\u00eda sido detenido en su domicilio de la localidad bonaerense de Ituzaing\u00f3 y hasta entonces era miembro del Colegio de Abogados de Mor\u00f3n.<\/p>\n\n\n\n<p>Fuente: El Diario<\/p>\n","protected":false},"excerpt":{"rendered":"<p>El primer juicio en el marco de la causa Generaci\u00f3n Zoe, que se iba a realizar el lunes y fue suspendido, finalmente se har\u00e1 este jueves 15 de junio, con el abogado Gustavo Antonio de Jes\u00fas Saavedra declarado culpable, seg\u00fan se acord\u00f3 en la Justicia. La jueza de Control, Mar\u00eda Soledad Dottori, hab\u00eda decidido suspender [&hellip;]<\/p>\n","protected":false},"author":4,"featured_media":55238,"comment_status":"open","ping_status":"open","sticky":false,"template":"","format":"standard","meta":{"site-sidebar-layout":"default","site-content-layout":"","ast-site-content-layout":"default","site-content-style":"default","site-sidebar-style":"default","ast-global-header-display":"","ast-banner-title-visibility":"","ast-main-header-display":"","ast-hfb-above-header-display":"","ast-hfb-below-header-display":"","ast-hfb-mobile-header-display":"","site-post-title":"","ast-breadcrumbs-content":"","ast-featured-img":"","footer-sml-layout":"","ast-disable-related-posts":"","theme-transparent-header-meta":"","adv-header-id-meta":"","stick-header-meta":"","header-above-stick-meta":"","header-main-stick-meta":"","header-below-stick-meta":"","astra-migrate-meta-layouts":"default","ast-page-background-enabled":"default","ast-page-background-meta":{"desktop":{"background-color":"","background-image":"","background-repeat":"repeat","background-position":"center center","background-size":"auto","background-attachment":"scroll","background-type":"","background-media":"","overlay-type":"","overlay-color":"","overlay-opacity":"","overlay-gradient":""},"tablet":{"background-color":"","background-image":"","background-repeat":"repeat","background-position":"center center","background-size":"auto","background-attachment":"scroll","background-type":"","background-media":"","overlay-type":"","overlay-color":"","overlay-opacity":"","overlay-gradient":""},"mobile":{"background-color":"","background-image":"","background-repeat":"repeat","background-position":"center center","background-size":"auto","background-attachment":"scroll","background-type":"","background-media":"","overlay-type":"","overlay-color":"","overlay-opacity":"","overlay-gradient":""}},"ast-content-background-meta":{"desktop":{"background-color":"var(--ast-global-color-5)","background-image":"","background-repeat":"repeat","background-position":"center center","background-size":"auto","background-attachment":"scroll","background-type":"","background-media":"","overlay-type":"","overlay-color":"","overlay-opacity":"","overlay-gradient":""},"tablet":{"background-color":"var(--ast-global-color-5)","background-image":"","background-repeat":"repeat","background-position":"center center","background-size":"auto","background-attachment":"scroll","background-type":"","background-media":"","overlay-type":"","overlay-color":"","overlay-opacity":"","overlay-gradient":""},"mobile":{"background-color":"var(--ast-global-color-5)","background-image":"","background-repeat":"repeat","background-position":"center center","background-size":"auto","background-attachment":"scroll","background-type":"","background-media":"","overlay-type":"","overlay-color":"","overlay-opacity":"","overlay-gradient":""}},"_jetpack_memberships_contains_paid_content":false,"_joinchat":[],"footnotes":""},"categories":[15302,2234,5,2],"tags":[],"class_list":["post-78152","post","type-post","status-publish","format-standard","has-post-thumbnail","hentry","category-destacado","category-policiales","category-sociedad","category-villa-maria"],"yoast_head":"<!-- This site is optimized with the Yoast SEO plugin v26.8 - https:\/\/yoast.com\/product\/yoast-seo-wordpress\/ -->\n<title>Causa ZOE: Al final, el primer juicio se har\u00e1 este jueves 15 - El Regional<\/title>\n<meta name=\"robots\" content=\"index, follow, max-snippet:-1, max-image-preview:large, max-video-preview:-1\" \/>\n<link rel=\"canonical\" href=\"http:\/\/elregionalvm.com.ar\/noticias-villa-maria\/causa-zoe-al-final-el-primer-juicio-se-hara-este-jueves-15\/\" \/>\n<meta property=\"og:locale\" content=\"es_ES\" \/>\n<meta property=\"og:type\" content=\"article\" \/>\n<meta property=\"og:title\" content=\"Causa ZOE: Al final, el primer juicio se har\u00e1 este jueves 15 - El Regional\" \/>\n<meta property=\"og:description\" content=\"El primer juicio en el marco de la causa Generaci\u00f3n Zoe, que se iba a realizar el lunes y fue suspendido, finalmente se har\u00e1 este jueves 15 de junio, con el abogado Gustavo Antonio de Jes\u00fas Saavedra declarado culpable, seg\u00fan se acord\u00f3 en la Justicia. La jueza de Control, Mar\u00eda Soledad Dottori, hab\u00eda decidido suspender [&hellip;]\" \/>\n<meta property=\"og:url\" content=\"http:\/\/elregionalvm.com.ar\/noticias-villa-maria\/causa-zoe-al-final-el-primer-juicio-se-hara-este-jueves-15\/\" \/>\n<meta property=\"og:site_name\" content=\"El Regional\" \/>\n<meta property=\"article:publisher\" content=\"https:\/\/www.facebook.com\/elregionalvm\" \/>\n<meta property=\"article:published_time\" content=\"2023-06-13T22:13:29+00:00\" \/>\n<meta property=\"article:modified_time\" content=\"2023-06-13T22:13:31+00:00\" \/>\n<meta property=\"og:image\" content=\"http:\/\/elregionalvm.com.ar\/noticias-villa-maria\/wp-content\/uploads\/2022\/04\/zoe-corrientes.jpg\" \/>\n\t<meta property=\"og:image:width\" content=\"900\" \/>\n\t<meta property=\"og:image:height\" content=\"506\" \/>\n\t<meta property=\"og:image:type\" content=\"image\/jpeg\" \/>\n<meta name=\"author\" content=\"Contenidos El Regional\" \/>\n<meta name=\"twitter:card\" content=\"summary_large_image\" \/>\n<meta name=\"twitter:creator\" content=\"@elregionalvm1\" \/>\n<meta name=\"twitter:site\" content=\"@elregionalvm1\" \/>\n<meta name=\"twitter:label1\" content=\"Escrito por\" \/>\n\t<meta name=\"twitter:data1\" content=\"Contenidos El Regional\" \/>\n\t<meta name=\"twitter:label2\" content=\"Tiempo de lectura\" \/>\n\t<meta name=\"twitter:data2\" content=\"2 minutos\" \/>\n<script type=\"application\/ld+json\" class=\"yoast-schema-graph\">{\"@context\":\"https:\/\/schema.org\",\"@graph\":[{\"@type\":\"Article\",\"@id\":\"http:\/\/elregionalvm.com.ar\/noticias-villa-maria\/causa-zoe-al-final-el-primer-juicio-se-hara-este-jueves-15\/#article\",\"isPartOf\":{\"@id\":\"http:\/\/elregionalvm.com.ar\/noticias-villa-maria\/causa-zoe-al-final-el-primer-juicio-se-hara-este-jueves-15\/\"},\"author\":{\"name\":\"Contenidos El Regional\",\"@id\":\"http:\/\/elregionalvm.com.ar\/noticias-villa-maria\/#\/schema\/person\/a0fb9c422317faca23d50163151bc354\"},\"headline\":\"Causa ZOE: Al final, el primer juicio se har\u00e1 este jueves 15\",\"datePublished\":\"2023-06-13T22:13:29+00:00\",\"dateModified\":\"2023-06-13T22:13:31+00:00\",\"mainEntityOfPage\":{\"@id\":\"http:\/\/elregionalvm.com.ar\/noticias-villa-maria\/causa-zoe-al-final-el-primer-juicio-se-hara-este-jueves-15\/\"},\"wordCount\":269,\"commentCount\":0,\"image\":{\"@id\":\"http:\/\/elregionalvm.com.ar\/noticias-villa-maria\/causa-zoe-al-final-el-primer-juicio-se-hara-este-jueves-15\/#primaryimage\"},\"thumbnailUrl\":\"https:\/\/i0.wp.com\/elregionalvm.com.ar\/noticias-villa-maria\/wp-content\/uploads\/2022\/04\/zoe-corrientes.jpg?fit=900%2C506&ssl=1\",\"articleSection\":[\"destacado\",\"Policiales\",\"Sociedad\",\"Villa Mar\u00eda\"],\"inLanguage\":\"es\",\"potentialAction\":[{\"@type\":\"CommentAction\",\"name\":\"Comment\",\"target\":[\"http:\/\/elregionalvm.com.ar\/noticias-villa-maria\/causa-zoe-al-final-el-primer-juicio-se-hara-este-jueves-15\/#respond\"]}]},{\"@type\":\"WebPage\",\"@id\":\"http:\/\/elregionalvm.com.ar\/noticias-villa-maria\/causa-zoe-al-final-el-primer-juicio-se-hara-este-jueves-15\/\",\"url\":\"http:\/\/elregionalvm.com.ar\/noticias-villa-maria\/causa-zoe-al-final-el-primer-juicio-se-hara-este-jueves-15\/\",\"name\":\"Causa ZOE: Al final, el primer juicio se har\u00e1 este jueves 15 - El Regional\",\"isPartOf\":{\"@id\":\"http:\/\/elregionalvm.com.ar\/noticias-villa-maria\/#website\"},\"primaryImageOfPage\":{\"@id\":\"http:\/\/elregionalvm.com.ar\/noticias-villa-maria\/causa-zoe-al-final-el-primer-juicio-se-hara-este-jueves-15\/#primaryimage\"},\"image\":{\"@id\":\"http:\/\/elregionalvm.com.ar\/noticias-villa-maria\/causa-zoe-al-final-el-primer-juicio-se-hara-este-jueves-15\/#primaryimage\"},\"thumbnailUrl\":\"https:\/\/i0.wp.com\/elregionalvm.com.ar\/noticias-villa-maria\/wp-content\/uploads\/2022\/04\/zoe-corrientes.jpg?fit=900%2C506&ssl=1\",\"datePublished\":\"2023-06-13T22:13:29+00:00\",\"dateModified\":\"2023-06-13T22:13:31+00:00\",\"author\":{\"@id\":\"http:\/\/elregionalvm.com.ar\/noticias-villa-maria\/#\/schema\/person\/a0fb9c422317faca23d50163151bc354\"},\"breadcrumb\":{\"@id\":\"http:\/\/elregionalvm.com.ar\/noticias-villa-maria\/causa-zoe-al-final-el-primer-juicio-se-hara-este-jueves-15\/#breadcrumb\"},\"inLanguage\":\"es\",\"potentialAction\":[{\"@type\":\"ReadAction\",\"target\":[\"http:\/\/elregionalvm.com.ar\/noticias-villa-maria\/causa-zoe-al-final-el-primer-juicio-se-hara-este-jueves-15\/\"]}]},{\"@type\":\"ImageObject\",\"inLanguage\":\"es\",\"@id\":\"http:\/\/elregionalvm.com.ar\/noticias-villa-maria\/causa-zoe-al-final-el-primer-juicio-se-hara-este-jueves-15\/#primaryimage\",\"url\":\"https:\/\/i0.wp.com\/elregionalvm.com.ar\/noticias-villa-maria\/wp-content\/uploads\/2022\/04\/zoe-corrientes.jpg?fit=900%2C506&ssl=1\",\"contentUrl\":\"https:\/\/i0.wp.com\/elregionalvm.com.ar\/noticias-villa-maria\/wp-content\/uploads\/2022\/04\/zoe-corrientes.jpg?fit=900%2C506&ssl=1\",\"width\":900,\"height\":506},{\"@type\":\"BreadcrumbList\",\"@id\":\"http:\/\/elregionalvm.com.ar\/noticias-villa-maria\/causa-zoe-al-final-el-primer-juicio-se-hara-este-jueves-15\/#breadcrumb\",\"itemListElement\":[{\"@type\":\"ListItem\",\"position\":1,\"name\":\"Portada\",\"item\":\"https:\/\/elregionalvm.com.ar\/noticias-villa-maria\/\"},{\"@type\":\"ListItem\",\"position\":2,\"name\":\"Causa ZOE: Al final, el primer juicio se har\u00e1 este jueves 15\"}]},{\"@type\":\"WebSite\",\"@id\":\"http:\/\/elregionalvm.com.ar\/noticias-villa-maria\/#website\",\"url\":\"http:\/\/elregionalvm.com.ar\/noticias-villa-maria\/\",\"name\":\"El Regional\",\"description\":\"Mucho m\u00e1s que informaci\u00f3n\",\"potentialAction\":[{\"@type\":\"SearchAction\",\"target\":{\"@type\":\"EntryPoint\",\"urlTemplate\":\"http:\/\/elregionalvm.com.ar\/noticias-villa-maria\/?s={search_term_string}\"},\"query-input\":{\"@type\":\"PropertyValueSpecification\",\"valueRequired\":true,\"valueName\":\"search_term_string\"}}],\"inLanguage\":\"es\"},{\"@type\":\"Person\",\"@id\":\"http:\/\/elregionalvm.com.ar\/noticias-villa-maria\/#\/schema\/person\/a0fb9c422317faca23d50163151bc354\",\"name\":\"Contenidos El Regional\",\"image\":{\"@type\":\"ImageObject\",\"inLanguage\":\"es\",\"@id\":\"http:\/\/elregionalvm.com.ar\/noticias-villa-maria\/#\/schema\/person\/image\/\",\"url\":\"https:\/\/secure.gravatar.com\/avatar\/265b27cb2209af7bb3a1318f03305787d7981a5cc6e6cd08fe5a4ecdf99d4b48?s=96&d=mm&r=g\",\"contentUrl\":\"https:\/\/secure.gravatar.com\/avatar\/265b27cb2209af7bb3a1318f03305787d7981a5cc6e6cd08fe5a4ecdf99d4b48?s=96&d=mm&r=g\",\"caption\":\"Contenidos El Regional\"},\"url\":\"https:\/\/elregionalvm.com.ar\/noticias-villa-maria\/author\/contenido\/\"}]}<\/script>\n<!-- \/ Yoast SEO plugin. -->","yoast_head_json":{"title":"Causa ZOE: Al final, el primer juicio se har\u00e1 este jueves 15 - El Regional","robots":{"index":"index","follow":"follow","max-snippet":"max-snippet:-1","max-image-preview":"max-image-preview:large","max-video-preview":"max-video-preview:-1"},"canonical":"http:\/\/elregionalvm.com.ar\/noticias-villa-maria\/causa-zoe-al-final-el-primer-juicio-se-hara-este-jueves-15\/","og_locale":"es_ES","og_type":"article","og_title":"Causa ZOE: Al final, el primer juicio se har\u00e1 este jueves 15 - El Regional","og_description":"El primer juicio en el marco de la causa Generaci\u00f3n Zoe, que se iba a realizar el lunes y fue suspendido, finalmente se har\u00e1 este jueves 15 de junio, con el abogado Gustavo Antonio de Jes\u00fas Saavedra declarado culpable, seg\u00fan se acord\u00f3 en la Justicia. La jueza de Control, Mar\u00eda Soledad Dottori, hab\u00eda decidido suspender [&hellip;]","og_url":"http:\/\/elregionalvm.com.ar\/noticias-villa-maria\/causa-zoe-al-final-el-primer-juicio-se-hara-este-jueves-15\/","og_site_name":"El Regional","article_publisher":"https:\/\/www.facebook.com\/elregionalvm","article_published_time":"2023-06-13T22:13:29+00:00","article_modified_time":"2023-06-13T22:13:31+00:00","og_image":[{"width":900,"height":506,"url":"http:\/\/elregionalvm.com.ar\/noticias-villa-maria\/wp-content\/uploads\/2022\/04\/zoe-corrientes.jpg","type":"image\/jpeg"}],"author":"Contenidos El Regional","twitter_card":"summary_large_image","twitter_creator":"@elregionalvm1","twitter_site":"@elregionalvm1","twitter_misc":{"Escrito por":"Contenidos El Regional","Tiempo de lectura":"2 minutos"},"schema":{"@context":"https:\/\/schema.org","@graph":[{"@type":"Article","@id":"http:\/\/elregionalvm.com.ar\/noticias-villa-maria\/causa-zoe-al-final-el-primer-juicio-se-hara-este-jueves-15\/#article","isPartOf":{"@id":"http:\/\/elregionalvm.com.ar\/noticias-villa-maria\/causa-zoe-al-final-el-primer-juicio-se-hara-este-jueves-15\/"},"author":{"name":"Contenidos El Regional","@id":"http:\/\/elregionalvm.com.ar\/noticias-villa-maria\/#\/schema\/person\/a0fb9c422317faca23d50163151bc354"},"headline":"Causa ZOE: Al final, el primer juicio se har\u00e1 este jueves 15","datePublished":"2023-06-13T22:13:29+00:00","dateModified":"2023-06-13T22:13:31+00:00","mainEntityOfPage":{"@id":"http:\/\/elregionalvm.com.ar\/noticias-villa-maria\/causa-zoe-al-final-el-primer-juicio-se-hara-este-jueves-15\/"},"wordCount":269,"commentCount":0,"image":{"@id":"http:\/\/elregionalvm.com.ar\/noticias-villa-maria\/causa-zoe-al-final-el-primer-juicio-se-hara-este-jueves-15\/#primaryimage"},"thumbnailUrl":"https:\/\/i0.wp.com\/elregionalvm.com.ar\/noticias-villa-maria\/wp-content\/uploads\/2022\/04\/zoe-corrientes.jpg?fit=900%2C506&ssl=1","articleSection":["destacado","Policiales","Sociedad","Villa Mar\u00eda"],"inLanguage":"es","potentialAction":[{"@type":"CommentAction","name":"Comment","target":["http:\/\/elregionalvm.com.ar\/noticias-villa-maria\/causa-zoe-al-final-el-primer-juicio-se-hara-este-jueves-15\/#respond"]}]},{"@type":"WebPage","@id":"http:\/\/elregionalvm.com.ar\/noticias-villa-maria\/causa-zoe-al-final-el-primer-juicio-se-hara-este-jueves-15\/","url":"http:\/\/elregionalvm.com.ar\/noticias-villa-maria\/causa-zoe-al-final-el-primer-juicio-se-hara-este-jueves-15\/","name":"Causa ZOE: Al final, el primer juicio se har\u00e1 este jueves 15 - El Regional","isPartOf":{"@id":"http:\/\/elregionalvm.com.ar\/noticias-villa-maria\/#website"},"primaryImageOfPage":{"@id":"http:\/\/elregionalvm.com.ar\/noticias-villa-maria\/causa-zoe-al-final-el-primer-juicio-se-hara-este-jueves-15\/#primaryimage"},"image":{"@id":"http:\/\/elregionalvm.com.ar\/noticias-villa-maria\/causa-zoe-al-final-el-primer-juicio-se-hara-este-jueves-15\/#primaryimage"},"thumbnailUrl":"https:\/\/i0.wp.com\/elregionalvm.com.ar\/noticias-villa-maria\/wp-content\/uploads\/2022\/04\/zoe-corrientes.jpg?fit=900%2C506&ssl=1","datePublished":"2023-06-13T22:13:29+00:00","dateModified":"2023-06-13T22:13:31+00:00","author":{"@id":"http:\/\/elregionalvm.com.ar\/noticias-villa-maria\/#\/schema\/person\/a0fb9c422317faca23d50163151bc354"},"breadcrumb":{"@id":"http:\/\/elregionalvm.com.ar\/noticias-villa-maria\/causa-zoe-al-final-el-primer-juicio-se-hara-este-jueves-15\/#breadcrumb"},"inLanguage":"es","potentialAction":[{"@type":"ReadAction","target":["http:\/\/elregionalvm.com.ar\/noticias-villa-maria\/causa-zoe-al-final-el-primer-juicio-se-hara-este-jueves-15\/"]}]},{"@type":"ImageObject","inLanguage":"es","@id":"http:\/\/elregionalvm.com.ar\/noticias-villa-maria\/causa-zoe-al-final-el-primer-juicio-se-hara-este-jueves-15\/#primaryimage","url":"https:\/\/i0.wp.com\/elregionalvm.com.ar\/noticias-villa-maria\/wp-content\/uploads\/2022\/04\/zoe-corrientes.jpg?fit=900%2C506&ssl=1","contentUrl":"https:\/\/i0.wp.com\/elregionalvm.com.ar\/noticias-villa-maria\/wp-content\/uploads\/2022\/04\/zoe-corrientes.jpg?fit=900%2C506&ssl=1","width":900,"height":506},{"@type":"BreadcrumbList","@id":"http:\/\/elregionalvm.com.ar\/noticias-villa-maria\/causa-zoe-al-final-el-primer-juicio-se-hara-este-jueves-15\/#breadcrumb","itemListElement":[{"@type":"ListItem","position":1,"name":"Portada","item":"https:\/\/elregionalvm.com.ar\/noticias-villa-maria\/"},{"@type":"ListItem","position":2,"name":"Causa ZOE: Al final, el primer juicio se har\u00e1 este jueves 15"}]},{"@type":"WebSite","@id":"http:\/\/elregionalvm.com.ar\/noticias-villa-maria\/#website","url":"http:\/\/elregionalvm.com.ar\/noticias-villa-maria\/","name":"El Regional","description":"Mucho m\u00e1s que informaci\u00f3n","potentialAction":[{"@type":"SearchAction","target":{"@type":"EntryPoint","urlTemplate":"http:\/\/elregionalvm.com.ar\/noticias-villa-maria\/?s={search_term_string}"},"query-input":{"@type":"PropertyValueSpecification","valueRequired":true,"valueName":"search_term_string"}}],"inLanguage":"es"},{"@type":"Person","@id":"http:\/\/elregionalvm.com.ar\/noticias-villa-maria\/#\/schema\/person\/a0fb9c422317faca23d50163151bc354","name":"Contenidos El Regional","image":{"@type":"ImageObject","inLanguage":"es","@id":"http:\/\/elregionalvm.com.ar\/noticias-villa-maria\/#\/schema\/person\/image\/","url":"https:\/\/secure.gravatar.com\/avatar\/265b27cb2209af7bb3a1318f03305787d7981a5cc6e6cd08fe5a4ecdf99d4b48?s=96&d=mm&r=g","contentUrl":"https:\/\/secure.gravatar.com\/avatar\/265b27cb2209af7bb3a1318f03305787d7981a5cc6e6cd08fe5a4ecdf99d4b48?s=96&d=mm&r=g","caption":"Contenidos El Regional"},"url":"https:\/\/elregionalvm.com.ar\/noticias-villa-maria\/author\/contenido\/"}]}},"jetpack_featured_media_url":"https:\/\/i0.wp.com\/elregionalvm.com.ar\/noticias-villa-maria\/wp-content\/uploads\/2022\/04\/zoe-corrientes.jpg?fit=900%2C506&ssl=1","jetpack_sharing_enabled":true,"_links":{"self":[{"href":"https:\/\/elregionalvm.com.ar\/noticias-villa-maria\/wp-json\/wp\/v2\/posts\/78152","targetHints":{"allow":["GET"]}}],"collection":[{"href":"https:\/\/elregionalvm.com.ar\/noticias-villa-maria\/wp-json\/wp\/v2\/posts"}],"about":[{"href":"https:\/\/elregionalvm.com.ar\/noticias-villa-maria\/wp-json\/wp\/v2\/types\/post"}],"author":[{"embeddable":true,"href":"https:\/\/elregionalvm.com.ar\/noticias-villa-maria\/wp-json\/wp\/v2\/users\/4"}],"replies":[{"embeddable":true,"href":"https:\/\/elregionalvm.com.ar\/noticias-villa-maria\/wp-json\/wp\/v2\/comments?post=78152"}],"version-history":[{"count":1,"href":"https:\/\/elregionalvm.com.ar\/noticias-villa-maria\/wp-json\/wp\/v2\/posts\/78152\/revisions"}],"predecessor-version":[{"id":78158,"href":"https:\/\/elregionalvm.com.ar\/noticias-villa-maria\/wp-json\/wp\/v2\/posts\/78152\/revisions\/78158"}],"wp:featuredmedia":[{"embeddable":true,"href":"https:\/\/elregionalvm.com.ar\/noticias-villa-maria\/wp-json\/wp\/v2\/media\/55238"}],"wp:attachment":[{"href":"https:\/\/elregionalvm.com.ar\/noticias-villa-maria\/wp-json\/wp\/v2\/media?parent=78152"}],"wp:term":[{"taxonomy":"category","embeddable":true,"href":"https:\/\/elregionalvm.com.ar\/noticias-villa-maria\/wp-json\/wp\/v2\/categories?post=78152"},{"taxonomy":"post_tag","embeddable":true,"href":"https:\/\/elregionalvm.com.ar\/noticias-villa-maria\/wp-json\/wp\/v2\/tags?post=78152"}],"curies":[{"name":"wp","href":"https:\/\/api.w.org\/{rel}","templated":true}]}}