{"id":78266,"date":"2023-06-17T01:37:01","date_gmt":"2023-06-17T01:37:01","guid":{"rendered":"https:\/\/elregionalvm.com.ar\/noticias-villa-maria\/?p=78266"},"modified":"2023-06-20T03:43:53","modified_gmt":"2023-06-20T03:43:53","slug":"musica-e-historia-jose-larralde-y-la-nostalgia-campera-con-galpon-de-ayer","status":"publish","type":"post","link":"https:\/\/elregionalvm.com.ar\/noticias-villa-maria\/musica-e-historia-jose-larralde-y-la-nostalgia-campera-con-galpon-de-ayer\/","title":{"rendered":"[M\u00fasica e Historia] Jos\u00e9 Larralde y la nostalgia campera con \u201cGalp\u00f3n de Ayer\u201d"},"content":{"rendered":"\n<p><\/p>\n\n\n\n<h3 class=\"wp-block-heading\"><strong><em>&nbsp;\u201cFiestonga de meta y ponga mitad candombe y mitad milonga\u201d<\/em><\/strong><strong><em><\/em><\/strong><\/h3>\n\n\n\n<p><\/p>\n\n\n\n<p><strong>Escribe: Leo Mu\u00f1oz<\/strong><\/p>\n\n\n\n<p><\/p>\n\n\n\n<p><strong>Aquellos Tiempos<\/strong><\/p>\n\n\n\n<p>El galp\u00f3n era el lugar de reuni\u00f3n para la peonada, y dado que era el mayor espacio cubierto, sal\u00f3n de fiesta, m\u00e1s en fiestas de juntadas grandes, para celebraciones familiares como para cerrar trabajos que requer\u00edan de muchas manos, como la cosecha.<\/p>\n\n\n\n<p>Candiles, nocheros, sol de noche a kerosene y bomba, aportaban luz cuando el jolgorio se extend\u00eda a la noche. Barrer la tierra suelta con escoba de pichana y riego no pod\u00eda evitar que en la intensidad de alguna danza la polvareda generara una nube de polvillo que se sosten\u00eda porfiadamente en el aire.<\/p>\n\n\n\n<p><\/p>\n\n\n\n<figure class=\"wp-block-image size-full\"><img data-recalc-dims=\"1\" fetchpriority=\"high\" decoding=\"async\" width=\"900\" height=\"584\" src=\"https:\/\/i0.wp.com\/elregionalvm.com.ar\/noticias-villa-maria\/wp-content\/uploads\/2023\/06\/Peonada.jpg?resize=900%2C584&#038;ssl=1\" alt=\"\" class=\"wp-image-78299\" srcset=\"https:\/\/i0.wp.com\/elregionalvm.com.ar\/noticias-villa-maria\/wp-content\/uploads\/2023\/06\/Peonada.jpg?w=900&amp;ssl=1 900w, https:\/\/i0.wp.com\/elregionalvm.com.ar\/noticias-villa-maria\/wp-content\/uploads\/2023\/06\/Peonada.jpg?resize=300%2C195&amp;ssl=1 300w, https:\/\/i0.wp.com\/elregionalvm.com.ar\/noticias-villa-maria\/wp-content\/uploads\/2023\/06\/Peonada.jpg?resize=768%2C498&amp;ssl=1 768w\" sizes=\"(max-width: 900px) 100vw, 900px\" \/><figcaption><em>La peonada ten\u00eda al galp\u00f3n como centro de la escena cotidiana. <\/em><\/figcaption><\/figure>\n\n\n\n<p><\/p>\n\n\n\n<p>Tiempo en que el honor sol\u00eda defenderse a punta de cuchillo, alimentado muchas veces por la embriaguez. Otros tiempos, mejores o peores, pero ya pasados, presentes en algunas nostalgias que reverdecen en la memoria de los mayores. Tiempos de fiestas camperas.<\/p>\n\n\n\n<p><\/p>\n\n\n\n<figure class=\"wp-block-embed is-type-video is-provider-youtube wp-block-embed-youtube wp-embed-aspect-4-3 wp-has-aspect-ratio\"><div class=\"wp-block-embed__wrapper\">\n<iframe title=\"Galp\u00f3n de Ayer  -  Jos\u00e9 Larallde\" width=\"500\" height=\"375\" src=\"https:\/\/www.youtube.com\/embed\/mvmo5VXVXec?feature=oembed\" frameborder=\"0\" allow=\"accelerometer; autoplay; clipboard-write; encrypted-media; gyroscope; picture-in-picture; web-share\" referrerpolicy=\"strict-origin-when-cross-origin\" allowfullscreen><\/iframe>\n<\/div><\/figure>\n\n\n\n<p><\/p>\n\n\n\n<p><strong>Larralde<\/strong><\/p>\n\n\n\n<p>Naci\u00f3 en Huanguel\u00e9n, hacia el centro oeste de la provincia de Buenos Aires, en 1937, es de los m\u00e1s destacados cantautores argentinos de milonga campera, como tambi\u00e9n lo fue Argentino Luna.<\/p>\n\n\n\n<p>El ascenso art\u00edstico de Larralde estuvo relacionado con Jorge Cafrune, a quien conoci\u00f3 por intermedio de un pariente. La posterior conexi\u00f3n con Hern\u00e1n Figueroa Reyes facilit\u00f3 que dos temas propios aparecieran en el disco \u201cJorge Cafrune\u201d de 1967.<\/p>\n\n\n\n<p>Tras llegar al escenario por invitaci\u00f3n de Cafrune, RCA lo contrata, iniciando el camino durante el cual grab\u00f3 veintiocho discos entre 1967, \u201cCanta Jos\u00e9 Larralde\u201d, y 1999, \u201cA las 11 \u2013 \u00bc\u201d.<\/p>\n\n\n\n<p>Consumado artista que siempre esquiv\u00f3 las multitudes, demostr\u00f3 en su camino musical sus virtudes elevadas de recitador y cantautor de la milonga campera.<\/p>\n\n\n\n<p><\/p>\n\n\n\n<figure class=\"wp-block-embed is-type-video is-provider-youtube wp-block-embed-youtube wp-embed-aspect-16-9 wp-has-aspect-ratio\"><div class=\"wp-block-embed__wrapper\">\n<iframe title=\"AGAYUDOS - Galp\u00f3n de ayer (Jos\u00e9 Larralde)\" width=\"500\" height=\"281\" src=\"https:\/\/www.youtube.com\/embed\/SRtvn2kNkfs?feature=oembed\" frameborder=\"0\" allow=\"accelerometer; autoplay; clipboard-write; encrypted-media; gyroscope; picture-in-picture; web-share\" referrerpolicy=\"strict-origin-when-cross-origin\" allowfullscreen><\/iframe>\n<\/div><\/figure>\n\n\n\n<p><\/p>\n\n\n\n<p><strong>Rascando el fondo de la olla<\/strong><\/p>\n\n\n\n<p>En agosto del a\u00f1o pasado en una entrevista y ante la pregunta de c\u00f3mo estaba, respondi\u00f3: \u201cEstoy vivo y suelto, que eso ya es demasiado\u201d, agregando \u201cEstoy como est\u00e1 todo el mundo.\u00a0Sin laburo, ya rascando el fondo de la olla. Viene duro\u201d.<\/p>\n\n\n\n<p><\/p>\n\n\n\n<figure class=\"wp-block-image size-large\"><img data-recalc-dims=\"1\" decoding=\"async\" width=\"1024\" height=\"594\" src=\"https:\/\/i0.wp.com\/elregionalvm.com.ar\/noticias-villa-maria\/wp-content\/uploads\/2023\/06\/Larralde.jpg?resize=1024%2C594&#038;ssl=1\" alt=\"\" class=\"wp-image-78300\" srcset=\"https:\/\/i0.wp.com\/elregionalvm.com.ar\/noticias-villa-maria\/wp-content\/uploads\/2023\/06\/Larralde.jpg?resize=1024%2C594&amp;ssl=1 1024w, https:\/\/i0.wp.com\/elregionalvm.com.ar\/noticias-villa-maria\/wp-content\/uploads\/2023\/06\/Larralde.jpg?resize=300%2C174&amp;ssl=1 300w, https:\/\/i0.wp.com\/elregionalvm.com.ar\/noticias-villa-maria\/wp-content\/uploads\/2023\/06\/Larralde.jpg?resize=768%2C445&amp;ssl=1 768w, https:\/\/i0.wp.com\/elregionalvm.com.ar\/noticias-villa-maria\/wp-content\/uploads\/2023\/06\/Larralde.jpg?w=1500&amp;ssl=1 1500w\" sizes=\"(max-width: 1000px) 100vw, 1000px\" \/><\/figure>\n\n\n\n<p><\/p>\n\n\n\n<p><\/p>\n\n\n\n<p>La reacci\u00f3n medi\u00e1tica lo puso en primera plana hablando de una situaci\u00f3n de pobreza del artista, poco despu\u00e9s \u00e9l mismo aclaraba en un video que lo dicho era una manera de expresarse, que tiene amigos y familia, agradeciendo por los que se preocuparon por \u00e9l, \u201cPareciera que estoy buscando un subsidio\u201d, pero, dec\u00eda, \u201cYo no necesito un subsidio, porque tengo dos brazos, y tengo verg\u00fcenza, y tengo dignidad, es lo \u00faltimo que pienso perder en la vida\u201d.<\/p>\n\n\n\n<p>&nbsp;Recitando y cantando Larralde ha dicho sus verdades, a las que honra con su propia vida.<\/p>\n\n\n\n<p><\/p>\n\n\n\n<p><strong>\u201cGalp\u00f3n de Ayer\u201d (Larralde)<\/strong><\/p>\n\n\n\n<p>Esta milonguita me trae recuerdos<br>De aquellas \u00e9pocas en que se festejaba el final de la cosecha<br>All\u00e1 por las navidades y el a\u00f1o nuevo<br>Como hab\u00eda poca plata se aprovechaba tambi\u00e9n<br>Para festejar el cumplea\u00f1os de la abuela<br>El casamiento de alguno o el bautizo<br>Y esas fiestas duraban semanas enteras por ah\u00ed<br>Hasta que se acaba el vino tinto<br>La harina pa&#8217; hacer empanadas<br>O hasta que alg\u00fan gaucho sal\u00eda junt\u00e1ndose las tripas<br>Con el poncho pa&#8217;l lado del hospital<\/p>\n\n\n\n<p>Lindos tiempos aquellos<br>Tiempos de trabajo duro<br>Tiempo de milonga<br>De acordeonas<br>De fon\u00f3grafo que hab\u00eda que darle la vuelta con el dedo al disco<br>De sol de noche, de brutos galpones<br>Por eso escrib\u00ed esta milonga alguna vez<br>Dedicado a aquellos tiempos, aquellos hombres<br>Que de alguna manera tambi\u00e9n<br>Fueron marcando una huella en mi vida<\/p>\n\n\n\n<p>Fiestonga de meta y ponga<br>Mitad candombe, y mitad milonga<br>La verdulera rezonga y el mujer\u00edo<br>En la villalonga, se queja porque la vieja<br>Les aconseja que no se expongan<br>Al lance del paisanaje<br>Y del chusmaje de las dem\u00e1s<\/p>\n\n\n\n<p>Un viejo que escupe al cejo<br>No tiene tiempo pa&#8217; dar consejos<br>Y afirma&#8217;o en una hebra<br>Chupa giniebra, duro y parejo<\/p>\n\n\n\n<p>La gorda que hace empanadas<br>Est\u00e1 empacada porque su viejo<br>&#8216;Ta dele hacerle pasadas<br>A la juntada con Santill\u00e1n<\/p>\n\n\n\n<p>Milonga brava, galp\u00f3n de ayer<br>Olor a cuero, cuchillo fiero que tiene sed<br>Pilchaje pobre, cinto pesa&#8217;o<br>Baraja y hueso y un medio rezo pa&#8217; alg\u00fan fina&#8217;o<br>Milonga brava, yo fui tambi\u00e9n<br>Cardo y gramilla, de las orillas del tiempo aquel<\/p>\n\n\n\n<p>La cosecha fue pareja<br>Cuarenta bolsas y de las viejas<br>La gente anda con guitarra<br>Y ahoga en la farra penas y quejas<\/p>\n\n\n\n<p>La giniebra da confianza<br>Y en la balanza ya no se pesa<br>Ni el asa&#8217;o, ni la pobreza<br>Ni la tristeza que se ha pasa&#8217;o<\/p>\n\n\n\n<p>Dele viento a la acordeona<br>C\u00e1ntese un verso pa&#8217; la patrona<br>Afloje, negro, no empuje<br>Que lo que cruje no se almidona<\/p>\n\n\n\n<p>La naranja en el brasero<br>Tapa el chiquero, con el aroma<br>Mientras el sol en la loma<br>Vena&#8217;o se toma lo que ha queda&#8217;o<\/p>\n\n\n\n<p>Milonga brava, galp\u00f3n de ayer<br>Olor a cuero, cuchillo fiero que tiene sed<br>Pilchaje pobre, cinto pesa&#8217;o<br>Baraja y hueso y un medio rezo pa&#8217; alg\u00fan fina&#8217;o<br>Milonga brava, yo fui tambi\u00e9n<br>Cardo y gramilla, de las orillas del tiempo aquel<br>Cardo y gramilla, de las orillas del tiempo aquel<br>Del tiempo aquel<br>Del tiempo aquel<\/p>\n\n\n\n<p><\/p>\n\n\n\n<p><\/p>\n\n\n\n<h3 class=\"wp-block-heading\"><strong>Tambi\u00e9n pod\u00e9s ver: <\/strong><\/h3>\n\n\n\n<p><\/p>\n\n\n\n<p><\/p>\n\n\n\n<figure class=\"wp-block-embed is-type-wp-embed is-provider-el-regional wp-block-embed-el-regional\"><div class=\"wp-block-embed__wrapper\">\n<blockquote class=\"wp-embedded-content\" data-secret=\"74NRTX9a1e\"><a href=\"https:\/\/elregionalvm.com.ar\/noticias-villa-maria\/musica-e-historia-pedro-navaja-de-ruben-blades\/\">[M\u00fasica e Historia] \u201cPedro Navaja\u201d, de Rub\u00e9n Blades<\/a><\/blockquote><iframe class=\"wp-embedded-content\" sandbox=\"allow-scripts\" security=\"restricted\" style=\"position: absolute; clip: rect(1px, 1px, 1px, 1px);\" title=\"\u00ab[M\u00fasica e Historia] \u201cPedro Navaja\u201d, de Rub\u00e9n Blades\u00bb \u2014 El Regional\" src=\"https:\/\/elregionalvm.com.ar\/noticias-villa-maria\/musica-e-historia-pedro-navaja-de-ruben-blades\/embed\/#?secret=u7SLEDjArz#?secret=74NRTX9a1e\" data-secret=\"74NRTX9a1e\" width=\"500\" height=\"282\" frameborder=\"0\" marginwidth=\"0\" marginheight=\"0\" scrolling=\"no\"><\/iframe>\n<\/div><\/figure>\n","protected":false},"excerpt":{"rendered":"<p>&nbsp;\u201cFiestonga de meta y ponga mitad candombe y mitad milonga\u201d Escribe: Leo Mu\u00f1oz Aquellos Tiempos El galp\u00f3n era el lugar de reuni\u00f3n para la peonada, y dado que era el mayor espacio cubierto, sal\u00f3n de fiesta, m\u00e1s en fiestas de juntadas grandes, para celebraciones familiares como para cerrar trabajos que requer\u00edan de muchas manos, como [&hellip;]<\/p>\n","protected":false},"author":4,"featured_media":78297,"comment_status":"open","ping_status":"open","sticky":false,"template":"","format":"standard","meta":{"site-sidebar-layout":"default","site-content-layout":"","ast-site-content-layout":"default","site-content-style":"default","site-sidebar-style":"default","ast-global-header-display":"","ast-banner-title-visibility":"","ast-main-header-display":"","ast-hfb-above-header-display":"","ast-hfb-below-header-display":"","ast-hfb-mobile-header-display":"","site-post-title":"","ast-breadcrumbs-content":"","ast-featured-img":"","footer-sml-layout":"","ast-disable-related-posts":"","theme-transparent-header-meta":"","adv-header-id-meta":"","stick-header-meta":"","header-above-stick-meta":"","header-main-stick-meta":"","header-below-stick-meta":"","astra-migrate-meta-layouts":"default","ast-page-background-enabled":"default","ast-page-background-meta":{"desktop":{"background-color":"","background-image":"","background-repeat":"repeat","background-position":"center center","background-size":"auto","background-attachment":"scroll","background-type":"","background-media":"","overlay-type":"","overlay-color":"","overlay-opacity":"","overlay-gradient":""},"tablet":{"background-color":"","background-image":"","background-repeat":"repeat","background-position":"center center","background-size":"auto","background-attachment":"scroll","background-type":"","background-media":"","overlay-type":"","overlay-color":"","overlay-opacity":"","overlay-gradient":""},"mobile":{"background-color":"","background-image":"","background-repeat":"repeat","background-position":"center center","background-size":"auto","background-attachment":"scroll","background-type":"","background-media":"","overlay-type":"","overlay-color":"","overlay-opacity":"","overlay-gradient":""}},"ast-content-background-meta":{"desktop":{"background-color":"var(--ast-global-color-5)","background-image":"","background-repeat":"repeat","background-position":"center center","background-size":"auto","background-attachment":"scroll","background-type":"","background-media":"","overlay-type":"","overlay-color":"","overlay-opacity":"","overlay-gradient":""},"tablet":{"background-color":"var(--ast-global-color-5)","background-image":"","background-repeat":"repeat","background-position":"center center","background-size":"auto","background-attachment":"scroll","background-type":"","background-media":"","overlay-type":"","overlay-color":"","overlay-opacity":"","overlay-gradient":""},"mobile":{"background-color":"var(--ast-global-color-5)","background-image":"","background-repeat":"repeat","background-position":"center center","background-size":"auto","background-attachment":"scroll","background-type":"","background-media":"","overlay-type":"","overlay-color":"","overlay-opacity":"","overlay-gradient":""}},"_jetpack_memberships_contains_paid_content":false,"_joinchat":[],"footnotes":""},"categories":[2098,3557],"tags":[22442,3174,14682,22441,12616,1940,15863,2244],"class_list":["post-78266","post","type-post","status-publish","format-standard","has-post-thumbnail","hentry","category-historias","category-tercera","tag-candombe","tag-folklore","tag-galpon","tag-galpon-de-ayer","tag-jose-larralde","tag-leo-munoz","tag-milonga","tag-musica-e-historia"],"yoast_head":"<!-- This site is optimized with the Yoast SEO plugin v26.8 - https:\/\/yoast.com\/product\/yoast-seo-wordpress\/ -->\n<title>[M\u00fasica e Historia] Jos\u00e9 Larralde y la nostalgia campera con \u201cGalp\u00f3n de Ayer\u201d - El Regional<\/title>\n<meta name=\"robots\" content=\"index, follow, max-snippet:-1, max-image-preview:large, max-video-preview:-1\" \/>\n<link rel=\"canonical\" href=\"http:\/\/elregionalvm.com.ar\/noticias-villa-maria\/musica-e-historia-jose-larralde-y-la-nostalgia-campera-con-galpon-de-ayer\/\" \/>\n<meta property=\"og:locale\" content=\"es_ES\" \/>\n<meta property=\"og:type\" content=\"article\" \/>\n<meta property=\"og:title\" content=\"[M\u00fasica e Historia] Jos\u00e9 Larralde y la nostalgia campera con \u201cGalp\u00f3n de Ayer\u201d - El Regional\" \/>\n<meta property=\"og:description\" content=\"&nbsp;\u201cFiestonga de meta y ponga mitad candombe y mitad milonga\u201d Escribe: Leo Mu\u00f1oz Aquellos Tiempos El galp\u00f3n era el lugar de reuni\u00f3n para la peonada, y dado que era el mayor espacio cubierto, sal\u00f3n de fiesta, m\u00e1s en fiestas de juntadas grandes, para celebraciones familiares como para cerrar trabajos que requer\u00edan de muchas manos, como [&hellip;]\" \/>\n<meta property=\"og:url\" content=\"http:\/\/elregionalvm.com.ar\/noticias-villa-maria\/musica-e-historia-jose-larralde-y-la-nostalgia-campera-con-galpon-de-ayer\/\" \/>\n<meta property=\"og:site_name\" content=\"El Regional\" \/>\n<meta property=\"article:publisher\" content=\"https:\/\/www.facebook.com\/elregionalvm\" \/>\n<meta property=\"article:published_time\" content=\"2023-06-17T01:37:01+00:00\" \/>\n<meta property=\"article:modified_time\" content=\"2023-06-20T03:43:53+00:00\" \/>\n<meta property=\"og:image\" content=\"http:\/\/elregionalvm.com.ar\/noticias-villa-maria\/wp-content\/uploads\/2023\/06\/Jose-Larralde.jpg\" \/>\n\t<meta property=\"og:image:width\" content=\"1200\" \/>\n\t<meta property=\"og:image:height\" content=\"800\" \/>\n\t<meta property=\"og:image:type\" content=\"image\/jpeg\" \/>\n<meta name=\"author\" content=\"Contenidos El Regional\" \/>\n<meta name=\"twitter:card\" content=\"summary_large_image\" \/>\n<meta name=\"twitter:creator\" content=\"@elregionalvm1\" \/>\n<meta name=\"twitter:site\" content=\"@elregionalvm1\" \/>\n<meta name=\"twitter:label1\" content=\"Escrito por\" \/>\n\t<meta name=\"twitter:data1\" content=\"Contenidos El Regional\" \/>\n\t<meta name=\"twitter:label2\" content=\"Tiempo de lectura\" \/>\n\t<meta name=\"twitter:data2\" content=\"5 minutos\" \/>\n<script type=\"application\/ld+json\" class=\"yoast-schema-graph\">{\"@context\":\"https:\/\/schema.org\",\"@graph\":[{\"@type\":\"Article\",\"@id\":\"http:\/\/elregionalvm.com.ar\/noticias-villa-maria\/musica-e-historia-jose-larralde-y-la-nostalgia-campera-con-galpon-de-ayer\/#article\",\"isPartOf\":{\"@id\":\"http:\/\/elregionalvm.com.ar\/noticias-villa-maria\/musica-e-historia-jose-larralde-y-la-nostalgia-campera-con-galpon-de-ayer\/\"},\"author\":{\"name\":\"Contenidos El Regional\",\"@id\":\"http:\/\/elregionalvm.com.ar\/noticias-villa-maria\/#\/schema\/person\/a0fb9c422317faca23d50163151bc354\"},\"headline\":\"[M\u00fasica e Historia] Jos\u00e9 Larralde y la nostalgia campera con \u201cGalp\u00f3n de Ayer\u201d\",\"datePublished\":\"2023-06-17T01:37:01+00:00\",\"dateModified\":\"2023-06-20T03:43:53+00:00\",\"mainEntityOfPage\":{\"@id\":\"http:\/\/elregionalvm.com.ar\/noticias-villa-maria\/musica-e-historia-jose-larralde-y-la-nostalgia-campera-con-galpon-de-ayer\/\"},\"wordCount\":885,\"commentCount\":1,\"image\":{\"@id\":\"http:\/\/elregionalvm.com.ar\/noticias-villa-maria\/musica-e-historia-jose-larralde-y-la-nostalgia-campera-con-galpon-de-ayer\/#primaryimage\"},\"thumbnailUrl\":\"https:\/\/i0.wp.com\/elregionalvm.com.ar\/noticias-villa-maria\/wp-content\/uploads\/2023\/06\/Jose-Larralde.jpg?fit=1200%2C800&ssl=1\",\"keywords\":[\"candombe\",\"Folklore\",\"galp\u00f3n\",\"galp\u00f3n de ayer\",\"Jos\u00e9 Larralde\",\"leo mu\u00f1oz\",\"milonga\",\"M\u00fasica e Historia\"],\"articleSection\":[\"Historias\",\"tercera\"],\"inLanguage\":\"es\",\"potentialAction\":[{\"@type\":\"CommentAction\",\"name\":\"Comment\",\"target\":[\"http:\/\/elregionalvm.com.ar\/noticias-villa-maria\/musica-e-historia-jose-larralde-y-la-nostalgia-campera-con-galpon-de-ayer\/#respond\"]}]},{\"@type\":\"WebPage\",\"@id\":\"http:\/\/elregionalvm.com.ar\/noticias-villa-maria\/musica-e-historia-jose-larralde-y-la-nostalgia-campera-con-galpon-de-ayer\/\",\"url\":\"http:\/\/elregionalvm.com.ar\/noticias-villa-maria\/musica-e-historia-jose-larralde-y-la-nostalgia-campera-con-galpon-de-ayer\/\",\"name\":\"[M\u00fasica e Historia] Jos\u00e9 Larralde y la nostalgia campera con \u201cGalp\u00f3n de Ayer\u201d - El Regional\",\"isPartOf\":{\"@id\":\"http:\/\/elregionalvm.com.ar\/noticias-villa-maria\/#website\"},\"primaryImageOfPage\":{\"@id\":\"http:\/\/elregionalvm.com.ar\/noticias-villa-maria\/musica-e-historia-jose-larralde-y-la-nostalgia-campera-con-galpon-de-ayer\/#primaryimage\"},\"image\":{\"@id\":\"http:\/\/elregionalvm.com.ar\/noticias-villa-maria\/musica-e-historia-jose-larralde-y-la-nostalgia-campera-con-galpon-de-ayer\/#primaryimage\"},\"thumbnailUrl\":\"https:\/\/i0.wp.com\/elregionalvm.com.ar\/noticias-villa-maria\/wp-content\/uploads\/2023\/06\/Jose-Larralde.jpg?fit=1200%2C800&ssl=1\",\"datePublished\":\"2023-06-17T01:37:01+00:00\",\"dateModified\":\"2023-06-20T03:43:53+00:00\",\"author\":{\"@id\":\"http:\/\/elregionalvm.com.ar\/noticias-villa-maria\/#\/schema\/person\/a0fb9c422317faca23d50163151bc354\"},\"breadcrumb\":{\"@id\":\"http:\/\/elregionalvm.com.ar\/noticias-villa-maria\/musica-e-historia-jose-larralde-y-la-nostalgia-campera-con-galpon-de-ayer\/#breadcrumb\"},\"inLanguage\":\"es\",\"potentialAction\":[{\"@type\":\"ReadAction\",\"target\":[\"http:\/\/elregionalvm.com.ar\/noticias-villa-maria\/musica-e-historia-jose-larralde-y-la-nostalgia-campera-con-galpon-de-ayer\/\"]}]},{\"@type\":\"ImageObject\",\"inLanguage\":\"es\",\"@id\":\"http:\/\/elregionalvm.com.ar\/noticias-villa-maria\/musica-e-historia-jose-larralde-y-la-nostalgia-campera-con-galpon-de-ayer\/#primaryimage\",\"url\":\"https:\/\/i0.wp.com\/elregionalvm.com.ar\/noticias-villa-maria\/wp-content\/uploads\/2023\/06\/Jose-Larralde.jpg?fit=1200%2C800&ssl=1\",\"contentUrl\":\"https:\/\/i0.wp.com\/elregionalvm.com.ar\/noticias-villa-maria\/wp-content\/uploads\/2023\/06\/Jose-Larralde.jpg?fit=1200%2C800&ssl=1\",\"width\":1200,\"height\":800},{\"@type\":\"BreadcrumbList\",\"@id\":\"http:\/\/elregionalvm.com.ar\/noticias-villa-maria\/musica-e-historia-jose-larralde-y-la-nostalgia-campera-con-galpon-de-ayer\/#breadcrumb\",\"itemListElement\":[{\"@type\":\"ListItem\",\"position\":1,\"name\":\"Portada\",\"item\":\"https:\/\/elregionalvm.com.ar\/noticias-villa-maria\/\"},{\"@type\":\"ListItem\",\"position\":2,\"name\":\"[M\u00fasica e Historia] Jos\u00e9 Larralde y la nostalgia campera con \u201cGalp\u00f3n de Ayer\u201d\"}]},{\"@type\":\"WebSite\",\"@id\":\"http:\/\/elregionalvm.com.ar\/noticias-villa-maria\/#website\",\"url\":\"http:\/\/elregionalvm.com.ar\/noticias-villa-maria\/\",\"name\":\"El Regional\",\"description\":\"Mucho m\u00e1s que informaci\u00f3n\",\"potentialAction\":[{\"@type\":\"SearchAction\",\"target\":{\"@type\":\"EntryPoint\",\"urlTemplate\":\"http:\/\/elregionalvm.com.ar\/noticias-villa-maria\/?s={search_term_string}\"},\"query-input\":{\"@type\":\"PropertyValueSpecification\",\"valueRequired\":true,\"valueName\":\"search_term_string\"}}],\"inLanguage\":\"es\"},{\"@type\":\"Person\",\"@id\":\"http:\/\/elregionalvm.com.ar\/noticias-villa-maria\/#\/schema\/person\/a0fb9c422317faca23d50163151bc354\",\"name\":\"Contenidos El Regional\",\"image\":{\"@type\":\"ImageObject\",\"inLanguage\":\"es\",\"@id\":\"http:\/\/elregionalvm.com.ar\/noticias-villa-maria\/#\/schema\/person\/image\/\",\"url\":\"https:\/\/secure.gravatar.com\/avatar\/265b27cb2209af7bb3a1318f03305787d7981a5cc6e6cd08fe5a4ecdf99d4b48?s=96&d=mm&r=g\",\"contentUrl\":\"https:\/\/secure.gravatar.com\/avatar\/265b27cb2209af7bb3a1318f03305787d7981a5cc6e6cd08fe5a4ecdf99d4b48?s=96&d=mm&r=g\",\"caption\":\"Contenidos El Regional\"},\"url\":\"https:\/\/elregionalvm.com.ar\/noticias-villa-maria\/author\/contenido\/\"}]}<\/script>\n<!-- \/ Yoast SEO plugin. -->","yoast_head_json":{"title":"[M\u00fasica e Historia] Jos\u00e9 Larralde y la nostalgia campera con \u201cGalp\u00f3n de Ayer\u201d - El Regional","robots":{"index":"index","follow":"follow","max-snippet":"max-snippet:-1","max-image-preview":"max-image-preview:large","max-video-preview":"max-video-preview:-1"},"canonical":"http:\/\/elregionalvm.com.ar\/noticias-villa-maria\/musica-e-historia-jose-larralde-y-la-nostalgia-campera-con-galpon-de-ayer\/","og_locale":"es_ES","og_type":"article","og_title":"[M\u00fasica e Historia] Jos\u00e9 Larralde y la nostalgia campera con \u201cGalp\u00f3n de Ayer\u201d - El Regional","og_description":"&nbsp;\u201cFiestonga de meta y ponga mitad candombe y mitad milonga\u201d Escribe: Leo Mu\u00f1oz Aquellos Tiempos El galp\u00f3n era el lugar de reuni\u00f3n para la peonada, y dado que era el mayor espacio cubierto, sal\u00f3n de fiesta, m\u00e1s en fiestas de juntadas grandes, para celebraciones familiares como para cerrar trabajos que requer\u00edan de muchas manos, como [&hellip;]","og_url":"http:\/\/elregionalvm.com.ar\/noticias-villa-maria\/musica-e-historia-jose-larralde-y-la-nostalgia-campera-con-galpon-de-ayer\/","og_site_name":"El Regional","article_publisher":"https:\/\/www.facebook.com\/elregionalvm","article_published_time":"2023-06-17T01:37:01+00:00","article_modified_time":"2023-06-20T03:43:53+00:00","og_image":[{"width":1200,"height":800,"url":"http:\/\/elregionalvm.com.ar\/noticias-villa-maria\/wp-content\/uploads\/2023\/06\/Jose-Larralde.jpg","type":"image\/jpeg"}],"author":"Contenidos El Regional","twitter_card":"summary_large_image","twitter_creator":"@elregionalvm1","twitter_site":"@elregionalvm1","twitter_misc":{"Escrito por":"Contenidos El Regional","Tiempo de lectura":"5 minutos"},"schema":{"@context":"https:\/\/schema.org","@graph":[{"@type":"Article","@id":"http:\/\/elregionalvm.com.ar\/noticias-villa-maria\/musica-e-historia-jose-larralde-y-la-nostalgia-campera-con-galpon-de-ayer\/#article","isPartOf":{"@id":"http:\/\/elregionalvm.com.ar\/noticias-villa-maria\/musica-e-historia-jose-larralde-y-la-nostalgia-campera-con-galpon-de-ayer\/"},"author":{"name":"Contenidos El Regional","@id":"http:\/\/elregionalvm.com.ar\/noticias-villa-maria\/#\/schema\/person\/a0fb9c422317faca23d50163151bc354"},"headline":"[M\u00fasica e Historia] Jos\u00e9 Larralde y la nostalgia campera con \u201cGalp\u00f3n de Ayer\u201d","datePublished":"2023-06-17T01:37:01+00:00","dateModified":"2023-06-20T03:43:53+00:00","mainEntityOfPage":{"@id":"http:\/\/elregionalvm.com.ar\/noticias-villa-maria\/musica-e-historia-jose-larralde-y-la-nostalgia-campera-con-galpon-de-ayer\/"},"wordCount":885,"commentCount":1,"image":{"@id":"http:\/\/elregionalvm.com.ar\/noticias-villa-maria\/musica-e-historia-jose-larralde-y-la-nostalgia-campera-con-galpon-de-ayer\/#primaryimage"},"thumbnailUrl":"https:\/\/i0.wp.com\/elregionalvm.com.ar\/noticias-villa-maria\/wp-content\/uploads\/2023\/06\/Jose-Larralde.jpg?fit=1200%2C800&ssl=1","keywords":["candombe","Folklore","galp\u00f3n","galp\u00f3n de ayer","Jos\u00e9 Larralde","leo mu\u00f1oz","milonga","M\u00fasica e Historia"],"articleSection":["Historias","tercera"],"inLanguage":"es","potentialAction":[{"@type":"CommentAction","name":"Comment","target":["http:\/\/elregionalvm.com.ar\/noticias-villa-maria\/musica-e-historia-jose-larralde-y-la-nostalgia-campera-con-galpon-de-ayer\/#respond"]}]},{"@type":"WebPage","@id":"http:\/\/elregionalvm.com.ar\/noticias-villa-maria\/musica-e-historia-jose-larralde-y-la-nostalgia-campera-con-galpon-de-ayer\/","url":"http:\/\/elregionalvm.com.ar\/noticias-villa-maria\/musica-e-historia-jose-larralde-y-la-nostalgia-campera-con-galpon-de-ayer\/","name":"[M\u00fasica e Historia] Jos\u00e9 Larralde y la nostalgia campera con \u201cGalp\u00f3n de Ayer\u201d - El Regional","isPartOf":{"@id":"http:\/\/elregionalvm.com.ar\/noticias-villa-maria\/#website"},"primaryImageOfPage":{"@id":"http:\/\/elregionalvm.com.ar\/noticias-villa-maria\/musica-e-historia-jose-larralde-y-la-nostalgia-campera-con-galpon-de-ayer\/#primaryimage"},"image":{"@id":"http:\/\/elregionalvm.com.ar\/noticias-villa-maria\/musica-e-historia-jose-larralde-y-la-nostalgia-campera-con-galpon-de-ayer\/#primaryimage"},"thumbnailUrl":"https:\/\/i0.wp.com\/elregionalvm.com.ar\/noticias-villa-maria\/wp-content\/uploads\/2023\/06\/Jose-Larralde.jpg?fit=1200%2C800&ssl=1","datePublished":"2023-06-17T01:37:01+00:00","dateModified":"2023-06-20T03:43:53+00:00","author":{"@id":"http:\/\/elregionalvm.com.ar\/noticias-villa-maria\/#\/schema\/person\/a0fb9c422317faca23d50163151bc354"},"breadcrumb":{"@id":"http:\/\/elregionalvm.com.ar\/noticias-villa-maria\/musica-e-historia-jose-larralde-y-la-nostalgia-campera-con-galpon-de-ayer\/#breadcrumb"},"inLanguage":"es","potentialAction":[{"@type":"ReadAction","target":["http:\/\/elregionalvm.com.ar\/noticias-villa-maria\/musica-e-historia-jose-larralde-y-la-nostalgia-campera-con-galpon-de-ayer\/"]}]},{"@type":"ImageObject","inLanguage":"es","@id":"http:\/\/elregionalvm.com.ar\/noticias-villa-maria\/musica-e-historia-jose-larralde-y-la-nostalgia-campera-con-galpon-de-ayer\/#primaryimage","url":"https:\/\/i0.wp.com\/elregionalvm.com.ar\/noticias-villa-maria\/wp-content\/uploads\/2023\/06\/Jose-Larralde.jpg?fit=1200%2C800&ssl=1","contentUrl":"https:\/\/i0.wp.com\/elregionalvm.com.ar\/noticias-villa-maria\/wp-content\/uploads\/2023\/06\/Jose-Larralde.jpg?fit=1200%2C800&ssl=1","width":1200,"height":800},{"@type":"BreadcrumbList","@id":"http:\/\/elregionalvm.com.ar\/noticias-villa-maria\/musica-e-historia-jose-larralde-y-la-nostalgia-campera-con-galpon-de-ayer\/#breadcrumb","itemListElement":[{"@type":"ListItem","position":1,"name":"Portada","item":"https:\/\/elregionalvm.com.ar\/noticias-villa-maria\/"},{"@type":"ListItem","position":2,"name":"[M\u00fasica e Historia] Jos\u00e9 Larralde y la nostalgia campera con \u201cGalp\u00f3n de Ayer\u201d"}]},{"@type":"WebSite","@id":"http:\/\/elregionalvm.com.ar\/noticias-villa-maria\/#website","url":"http:\/\/elregionalvm.com.ar\/noticias-villa-maria\/","name":"El Regional","description":"Mucho m\u00e1s que informaci\u00f3n","potentialAction":[{"@type":"SearchAction","target":{"@type":"EntryPoint","urlTemplate":"http:\/\/elregionalvm.com.ar\/noticias-villa-maria\/?s={search_term_string}"},"query-input":{"@type":"PropertyValueSpecification","valueRequired":true,"valueName":"search_term_string"}}],"inLanguage":"es"},{"@type":"Person","@id":"http:\/\/elregionalvm.com.ar\/noticias-villa-maria\/#\/schema\/person\/a0fb9c422317faca23d50163151bc354","name":"Contenidos El Regional","image":{"@type":"ImageObject","inLanguage":"es","@id":"http:\/\/elregionalvm.com.ar\/noticias-villa-maria\/#\/schema\/person\/image\/","url":"https:\/\/secure.gravatar.com\/avatar\/265b27cb2209af7bb3a1318f03305787d7981a5cc6e6cd08fe5a4ecdf99d4b48?s=96&d=mm&r=g","contentUrl":"https:\/\/secure.gravatar.com\/avatar\/265b27cb2209af7bb3a1318f03305787d7981a5cc6e6cd08fe5a4ecdf99d4b48?s=96&d=mm&r=g","caption":"Contenidos El Regional"},"url":"https:\/\/elregionalvm.com.ar\/noticias-villa-maria\/author\/contenido\/"}]}},"jetpack_featured_media_url":"https:\/\/i0.wp.com\/elregionalvm.com.ar\/noticias-villa-maria\/wp-content\/uploads\/2023\/06\/Jose-Larralde.jpg?fit=1200%2C800&ssl=1","jetpack_sharing_enabled":true,"_links":{"self":[{"href":"https:\/\/elregionalvm.com.ar\/noticias-villa-maria\/wp-json\/wp\/v2\/posts\/78266","targetHints":{"allow":["GET"]}}],"collection":[{"href":"https:\/\/elregionalvm.com.ar\/noticias-villa-maria\/wp-json\/wp\/v2\/posts"}],"about":[{"href":"https:\/\/elregionalvm.com.ar\/noticias-villa-maria\/wp-json\/wp\/v2\/types\/post"}],"author":[{"embeddable":true,"href":"https:\/\/elregionalvm.com.ar\/noticias-villa-maria\/wp-json\/wp\/v2\/users\/4"}],"replies":[{"embeddable":true,"href":"https:\/\/elregionalvm.com.ar\/noticias-villa-maria\/wp-json\/wp\/v2\/comments?post=78266"}],"version-history":[{"count":4,"href":"https:\/\/elregionalvm.com.ar\/noticias-villa-maria\/wp-json\/wp\/v2\/posts\/78266\/revisions"}],"predecessor-version":[{"id":78301,"href":"https:\/\/elregionalvm.com.ar\/noticias-villa-maria\/wp-json\/wp\/v2\/posts\/78266\/revisions\/78301"}],"wp:featuredmedia":[{"embeddable":true,"href":"https:\/\/elregionalvm.com.ar\/noticias-villa-maria\/wp-json\/wp\/v2\/media\/78297"}],"wp:attachment":[{"href":"https:\/\/elregionalvm.com.ar\/noticias-villa-maria\/wp-json\/wp\/v2\/media?parent=78266"}],"wp:term":[{"taxonomy":"category","embeddable":true,"href":"https:\/\/elregionalvm.com.ar\/noticias-villa-maria\/wp-json\/wp\/v2\/categories?post=78266"},{"taxonomy":"post_tag","embeddable":true,"href":"https:\/\/elregionalvm.com.ar\/noticias-villa-maria\/wp-json\/wp\/v2\/tags?post=78266"}],"curies":[{"name":"wp","href":"https:\/\/api.w.org\/{rel}","templated":true}]}}