{"id":78333,"date":"2023-06-17T22:34:55","date_gmt":"2023-06-17T22:34:55","guid":{"rendered":"https:\/\/elregionalvm.com.ar\/noticias-villa-maria\/?p=78333"},"modified":"2023-06-17T22:34:58","modified_gmt":"2023-06-17T22:34:58","slug":"policiales-detuvieron-a-un-hombre-de-29-anos-por-agredir-a-su-pareja","status":"publish","type":"post","link":"https:\/\/elregionalvm.com.ar\/noticias-villa-maria\/policiales-detuvieron-a-un-hombre-de-29-anos-por-agredir-a-su-pareja\/","title":{"rendered":"[Policiales] Detuvieron a un hombre de 29 a\u00f1os por agredir a su pareja"},"content":{"rendered":"\n<p><\/p>\n\n\n\n<p>Un hombre de 29 a\u00f1os fue detenido por ser supuesto autor de los delitos de \u201clesiones leves calificadas\u201d y \u201ccoacci\u00f3n\u201d en el marco de violencia familiar.<\/p>\n\n\n\n<p>La aprehensi\u00f3n se produjo en calle Manuel Belgrano sin n\u00famero de la localidad de Etruria por parte de personal policial de la Comisar\u00eda Etruria y de la Divisi\u00f3n Investigaciones de Villa Nueva.<\/p>\n\n\n\n<p>La denuncia por agresi\u00f3n f\u00edsica fue realizada por la pareja del detenido en la dependencia policial local.<\/p>\n","protected":false},"excerpt":{"rendered":"<p>Un hombre de 29 a\u00f1os fue detenido por ser supuesto autor de los delitos de \u201clesiones leves calificadas\u201d y \u201ccoacci\u00f3n\u201d en el marco de violencia familiar. La aprehensi\u00f3n se produjo en calle Manuel Belgrano sin n\u00famero de la localidad de Etruria por parte de personal policial de la Comisar\u00eda Etruria y de la Divisi\u00f3n Investigaciones [&hellip;]<\/p>\n","protected":false},"author":4,"featured_media":78335,"comment_status":"open","ping_status":"open","sticky":false,"template":"","format":"standard","meta":{"site-sidebar-layout":"default","site-content-layout":"","ast-site-content-layout":"default","site-content-style":"default","site-sidebar-style":"default","ast-global-header-display":"","ast-banner-title-visibility":"","ast-main-header-display":"","ast-hfb-above-header-display":"","ast-hfb-below-header-display":"","ast-hfb-mobile-header-display":"","site-post-title":"","ast-breadcrumbs-content":"","ast-featured-img":"","footer-sml-layout":"","ast-disable-related-posts":"","theme-transparent-header-meta":"","adv-header-id-meta":"","stick-header-meta":"","header-above-stick-meta":"","header-main-stick-meta":"","header-below-stick-meta":"","astra-migrate-meta-layouts":"default","ast-page-background-enabled":"default","ast-page-background-meta":{"desktop":{"background-color":"","background-image":"","background-repeat":"repeat","background-position":"center center","background-size":"auto","background-attachment":"scroll","background-type":"","background-media":"","overlay-type":"","overlay-color":"","overlay-opacity":"","overlay-gradient":""},"tablet":{"background-color":"","background-image":"","background-repeat":"repeat","background-position":"center center","background-size":"auto","background-attachment":"scroll","background-type":"","background-media":"","overlay-type":"","overlay-color":"","overlay-opacity":"","overlay-gradient":""},"mobile":{"background-color":"","background-image":"","background-repeat":"repeat","background-position":"center center","background-size":"auto","background-attachment":"scroll","background-type":"","background-media":"","overlay-type":"","overlay-color":"","overlay-opacity":"","overlay-gradient":""}},"ast-content-background-meta":{"desktop":{"background-color":"var(--ast-global-color-5)","background-image":"","background-repeat":"repeat","background-position":"center center","background-size":"auto","background-attachment":"scroll","background-type":"","background-media":"","overlay-type":"","overlay-color":"","overlay-opacity":"","overlay-gradient":""},"tablet":{"background-color":"var(--ast-global-color-5)","background-image":"","background-repeat":"repeat","background-position":"center center","background-size":"auto","background-attachment":"scroll","background-type":"","background-media":"","overlay-type":"","overlay-color":"","overlay-opacity":"","overlay-gradient":""},"mobile":{"background-color":"var(--ast-global-color-5)","background-image":"","background-repeat":"repeat","background-position":"center center","background-size":"auto","background-attachment":"scroll","background-type":"","background-media":"","overlay-type":"","overlay-color":"","overlay-opacity":"","overlay-gradient":""}},"_jetpack_memberships_contains_paid_content":false,"_joinchat":[],"footnotes":""},"categories":[15302,2234,2091],"tags":[9469,2532,1096,2633,3885,2608],"class_list":["post-78333","post","type-post","status-publish","format-standard","has-post-thumbnail","hentry","category-destacado","category-policiales","category-region","tag-agresion-fisica","tag-detencion","tag-etruria","tag-lesiones-leves","tag-pareja","tag-violencia-familiar"],"yoast_head":"<!-- This site is optimized with the Yoast SEO plugin v26.8 - https:\/\/yoast.com\/product\/yoast-seo-wordpress\/ -->\n<title>[Policiales] Detuvieron a un hombre de 29 a\u00f1os por agredir a su pareja - El Regional<\/title>\n<meta name=\"robots\" content=\"index, follow, max-snippet:-1, max-image-preview:large, max-video-preview:-1\" \/>\n<link rel=\"canonical\" href=\"http:\/\/elregionalvm.com.ar\/noticias-villa-maria\/policiales-detuvieron-a-un-hombre-de-29-anos-por-agredir-a-su-pareja\/\" \/>\n<meta property=\"og:locale\" content=\"es_ES\" \/>\n<meta property=\"og:type\" content=\"article\" \/>\n<meta property=\"og:title\" content=\"[Policiales] Detuvieron a un hombre de 29 a\u00f1os por agredir a su pareja - El Regional\" \/>\n<meta property=\"og:description\" content=\"Un hombre de 29 a\u00f1os fue detenido por ser supuesto autor de los delitos de \u201clesiones leves calificadas\u201d y \u201ccoacci\u00f3n\u201d en el marco de violencia familiar. La aprehensi\u00f3n se produjo en calle Manuel Belgrano sin n\u00famero de la localidad de Etruria por parte de personal policial de la Comisar\u00eda Etruria y de la Divisi\u00f3n Investigaciones [&hellip;]\" \/>\n<meta property=\"og:url\" content=\"http:\/\/elregionalvm.com.ar\/noticias-villa-maria\/policiales-detuvieron-a-un-hombre-de-29-anos-por-agredir-a-su-pareja\/\" \/>\n<meta property=\"og:site_name\" content=\"El Regional\" \/>\n<meta property=\"article:publisher\" content=\"https:\/\/www.facebook.com\/elregionalvm\" \/>\n<meta property=\"article:published_time\" content=\"2023-06-17T22:34:55+00:00\" \/>\n<meta property=\"article:modified_time\" content=\"2023-06-17T22:34:58+00:00\" \/>\n<meta property=\"og:image\" content=\"http:\/\/elregionalvm.com.ar\/noticias-villa-maria\/wp-content\/uploads\/2023\/06\/detenido-violencia-familiar-etruria.jpeg\" \/>\n\t<meta property=\"og:image:width\" content=\"899\" \/>\n\t<meta property=\"og:image:height\" content=\"821\" \/>\n\t<meta property=\"og:image:type\" content=\"image\/jpeg\" \/>\n<meta name=\"author\" content=\"Contenidos El Regional\" \/>\n<meta name=\"twitter:card\" content=\"summary_large_image\" \/>\n<meta name=\"twitter:creator\" content=\"@elregionalvm1\" \/>\n<meta name=\"twitter:site\" content=\"@elregionalvm1\" \/>\n<meta name=\"twitter:label1\" content=\"Escrito por\" \/>\n\t<meta name=\"twitter:data1\" content=\"Contenidos El Regional\" \/>\n\t<meta name=\"twitter:label2\" content=\"Tiempo de lectura\" \/>\n\t<meta name=\"twitter:data2\" content=\"1 minuto\" \/>\n<script type=\"application\/ld+json\" class=\"yoast-schema-graph\">{\"@context\":\"https:\/\/schema.org\",\"@graph\":[{\"@type\":\"Article\",\"@id\":\"http:\/\/elregionalvm.com.ar\/noticias-villa-maria\/policiales-detuvieron-a-un-hombre-de-29-anos-por-agredir-a-su-pareja\/#article\",\"isPartOf\":{\"@id\":\"http:\/\/elregionalvm.com.ar\/noticias-villa-maria\/policiales-detuvieron-a-un-hombre-de-29-anos-por-agredir-a-su-pareja\/\"},\"author\":{\"name\":\"Contenidos El Regional\",\"@id\":\"http:\/\/elregionalvm.com.ar\/noticias-villa-maria\/#\/schema\/person\/a0fb9c422317faca23d50163151bc354\"},\"headline\":\"[Policiales] Detuvieron a un hombre de 29 a\u00f1os por agredir a su pareja\",\"datePublished\":\"2023-06-17T22:34:55+00:00\",\"dateModified\":\"2023-06-17T22:34:58+00:00\",\"mainEntityOfPage\":{\"@id\":\"http:\/\/elregionalvm.com.ar\/noticias-villa-maria\/policiales-detuvieron-a-un-hombre-de-29-anos-por-agredir-a-su-pareja\/\"},\"wordCount\":95,\"commentCount\":0,\"image\":{\"@id\":\"http:\/\/elregionalvm.com.ar\/noticias-villa-maria\/policiales-detuvieron-a-un-hombre-de-29-anos-por-agredir-a-su-pareja\/#primaryimage\"},\"thumbnailUrl\":\"https:\/\/i0.wp.com\/elregionalvm.com.ar\/noticias-villa-maria\/wp-content\/uploads\/2023\/06\/detenido-violencia-familiar-etruria.jpeg?fit=899%2C821&ssl=1\",\"keywords\":[\"agresi\u00f3n f\u00edsica\",\"Detenci\u00f3n\",\"Etruria\",\"lesiones leves\",\"pareja\",\"violencia familiar\"],\"articleSection\":[\"destacado\",\"Policiales\",\"Regi\u00f3n\"],\"inLanguage\":\"es\",\"potentialAction\":[{\"@type\":\"CommentAction\",\"name\":\"Comment\",\"target\":[\"http:\/\/elregionalvm.com.ar\/noticias-villa-maria\/policiales-detuvieron-a-un-hombre-de-29-anos-por-agredir-a-su-pareja\/#respond\"]}]},{\"@type\":\"WebPage\",\"@id\":\"http:\/\/elregionalvm.com.ar\/noticias-villa-maria\/policiales-detuvieron-a-un-hombre-de-29-anos-por-agredir-a-su-pareja\/\",\"url\":\"http:\/\/elregionalvm.com.ar\/noticias-villa-maria\/policiales-detuvieron-a-un-hombre-de-29-anos-por-agredir-a-su-pareja\/\",\"name\":\"[Policiales] Detuvieron a un hombre de 29 a\u00f1os por agredir a su pareja - El Regional\",\"isPartOf\":{\"@id\":\"http:\/\/elregionalvm.com.ar\/noticias-villa-maria\/#website\"},\"primaryImageOfPage\":{\"@id\":\"http:\/\/elregionalvm.com.ar\/noticias-villa-maria\/policiales-detuvieron-a-un-hombre-de-29-anos-por-agredir-a-su-pareja\/#primaryimage\"},\"image\":{\"@id\":\"http:\/\/elregionalvm.com.ar\/noticias-villa-maria\/policiales-detuvieron-a-un-hombre-de-29-anos-por-agredir-a-su-pareja\/#primaryimage\"},\"thumbnailUrl\":\"https:\/\/i0.wp.com\/elregionalvm.com.ar\/noticias-villa-maria\/wp-content\/uploads\/2023\/06\/detenido-violencia-familiar-etruria.jpeg?fit=899%2C821&ssl=1\",\"datePublished\":\"2023-06-17T22:34:55+00:00\",\"dateModified\":\"2023-06-17T22:34:58+00:00\",\"author\":{\"@id\":\"http:\/\/elregionalvm.com.ar\/noticias-villa-maria\/#\/schema\/person\/a0fb9c422317faca23d50163151bc354\"},\"breadcrumb\":{\"@id\":\"http:\/\/elregionalvm.com.ar\/noticias-villa-maria\/policiales-detuvieron-a-un-hombre-de-29-anos-por-agredir-a-su-pareja\/#breadcrumb\"},\"inLanguage\":\"es\",\"potentialAction\":[{\"@type\":\"ReadAction\",\"target\":[\"http:\/\/elregionalvm.com.ar\/noticias-villa-maria\/policiales-detuvieron-a-un-hombre-de-29-anos-por-agredir-a-su-pareja\/\"]}]},{\"@type\":\"ImageObject\",\"inLanguage\":\"es\",\"@id\":\"http:\/\/elregionalvm.com.ar\/noticias-villa-maria\/policiales-detuvieron-a-un-hombre-de-29-anos-por-agredir-a-su-pareja\/#primaryimage\",\"url\":\"https:\/\/i0.wp.com\/elregionalvm.com.ar\/noticias-villa-maria\/wp-content\/uploads\/2023\/06\/detenido-violencia-familiar-etruria.jpeg?fit=899%2C821&ssl=1\",\"contentUrl\":\"https:\/\/i0.wp.com\/elregionalvm.com.ar\/noticias-villa-maria\/wp-content\/uploads\/2023\/06\/detenido-violencia-familiar-etruria.jpeg?fit=899%2C821&ssl=1\",\"width\":899,\"height\":821},{\"@type\":\"BreadcrumbList\",\"@id\":\"http:\/\/elregionalvm.com.ar\/noticias-villa-maria\/policiales-detuvieron-a-un-hombre-de-29-anos-por-agredir-a-su-pareja\/#breadcrumb\",\"itemListElement\":[{\"@type\":\"ListItem\",\"position\":1,\"name\":\"Portada\",\"item\":\"https:\/\/elregionalvm.com.ar\/noticias-villa-maria\/\"},{\"@type\":\"ListItem\",\"position\":2,\"name\":\"[Policiales] Detuvieron a un hombre de 29 a\u00f1os por agredir a su pareja\"}]},{\"@type\":\"WebSite\",\"@id\":\"http:\/\/elregionalvm.com.ar\/noticias-villa-maria\/#website\",\"url\":\"http:\/\/elregionalvm.com.ar\/noticias-villa-maria\/\",\"name\":\"El Regional\",\"description\":\"Mucho m\u00e1s que informaci\u00f3n\",\"potentialAction\":[{\"@type\":\"SearchAction\",\"target\":{\"@type\":\"EntryPoint\",\"urlTemplate\":\"http:\/\/elregionalvm.com.ar\/noticias-villa-maria\/?s={search_term_string}\"},\"query-input\":{\"@type\":\"PropertyValueSpecification\",\"valueRequired\":true,\"valueName\":\"search_term_string\"}}],\"inLanguage\":\"es\"},{\"@type\":\"Person\",\"@id\":\"http:\/\/elregionalvm.com.ar\/noticias-villa-maria\/#\/schema\/person\/a0fb9c422317faca23d50163151bc354\",\"name\":\"Contenidos El Regional\",\"image\":{\"@type\":\"ImageObject\",\"inLanguage\":\"es\",\"@id\":\"http:\/\/elregionalvm.com.ar\/noticias-villa-maria\/#\/schema\/person\/image\/\",\"url\":\"https:\/\/secure.gravatar.com\/avatar\/265b27cb2209af7bb3a1318f03305787d7981a5cc6e6cd08fe5a4ecdf99d4b48?s=96&d=mm&r=g\",\"contentUrl\":\"https:\/\/secure.gravatar.com\/avatar\/265b27cb2209af7bb3a1318f03305787d7981a5cc6e6cd08fe5a4ecdf99d4b48?s=96&d=mm&r=g\",\"caption\":\"Contenidos El Regional\"},\"url\":\"https:\/\/elregionalvm.com.ar\/noticias-villa-maria\/author\/contenido\/\"}]}<\/script>\n<!-- \/ Yoast SEO plugin. -->","yoast_head_json":{"title":"[Policiales] Detuvieron a un hombre de 29 a\u00f1os por agredir a su pareja - El Regional","robots":{"index":"index","follow":"follow","max-snippet":"max-snippet:-1","max-image-preview":"max-image-preview:large","max-video-preview":"max-video-preview:-1"},"canonical":"http:\/\/elregionalvm.com.ar\/noticias-villa-maria\/policiales-detuvieron-a-un-hombre-de-29-anos-por-agredir-a-su-pareja\/","og_locale":"es_ES","og_type":"article","og_title":"[Policiales] Detuvieron a un hombre de 29 a\u00f1os por agredir a su pareja - El Regional","og_description":"Un hombre de 29 a\u00f1os fue detenido por ser supuesto autor de los delitos de \u201clesiones leves calificadas\u201d y \u201ccoacci\u00f3n\u201d en el marco de violencia familiar. La aprehensi\u00f3n se produjo en calle Manuel Belgrano sin n\u00famero de la localidad de Etruria por parte de personal policial de la Comisar\u00eda Etruria y de la Divisi\u00f3n Investigaciones [&hellip;]","og_url":"http:\/\/elregionalvm.com.ar\/noticias-villa-maria\/policiales-detuvieron-a-un-hombre-de-29-anos-por-agredir-a-su-pareja\/","og_site_name":"El Regional","article_publisher":"https:\/\/www.facebook.com\/elregionalvm","article_published_time":"2023-06-17T22:34:55+00:00","article_modified_time":"2023-06-17T22:34:58+00:00","og_image":[{"width":899,"height":821,"url":"http:\/\/elregionalvm.com.ar\/noticias-villa-maria\/wp-content\/uploads\/2023\/06\/detenido-violencia-familiar-etruria.jpeg","type":"image\/jpeg"}],"author":"Contenidos El Regional","twitter_card":"summary_large_image","twitter_creator":"@elregionalvm1","twitter_site":"@elregionalvm1","twitter_misc":{"Escrito por":"Contenidos El Regional","Tiempo de lectura":"1 minuto"},"schema":{"@context":"https:\/\/schema.org","@graph":[{"@type":"Article","@id":"http:\/\/elregionalvm.com.ar\/noticias-villa-maria\/policiales-detuvieron-a-un-hombre-de-29-anos-por-agredir-a-su-pareja\/#article","isPartOf":{"@id":"http:\/\/elregionalvm.com.ar\/noticias-villa-maria\/policiales-detuvieron-a-un-hombre-de-29-anos-por-agredir-a-su-pareja\/"},"author":{"name":"Contenidos El Regional","@id":"http:\/\/elregionalvm.com.ar\/noticias-villa-maria\/#\/schema\/person\/a0fb9c422317faca23d50163151bc354"},"headline":"[Policiales] Detuvieron a un hombre de 29 a\u00f1os por agredir a su pareja","datePublished":"2023-06-17T22:34:55+00:00","dateModified":"2023-06-17T22:34:58+00:00","mainEntityOfPage":{"@id":"http:\/\/elregionalvm.com.ar\/noticias-villa-maria\/policiales-detuvieron-a-un-hombre-de-29-anos-por-agredir-a-su-pareja\/"},"wordCount":95,"commentCount":0,"image":{"@id":"http:\/\/elregionalvm.com.ar\/noticias-villa-maria\/policiales-detuvieron-a-un-hombre-de-29-anos-por-agredir-a-su-pareja\/#primaryimage"},"thumbnailUrl":"https:\/\/i0.wp.com\/elregionalvm.com.ar\/noticias-villa-maria\/wp-content\/uploads\/2023\/06\/detenido-violencia-familiar-etruria.jpeg?fit=899%2C821&ssl=1","keywords":["agresi\u00f3n f\u00edsica","Detenci\u00f3n","Etruria","lesiones leves","pareja","violencia familiar"],"articleSection":["destacado","Policiales","Regi\u00f3n"],"inLanguage":"es","potentialAction":[{"@type":"CommentAction","name":"Comment","target":["http:\/\/elregionalvm.com.ar\/noticias-villa-maria\/policiales-detuvieron-a-un-hombre-de-29-anos-por-agredir-a-su-pareja\/#respond"]}]},{"@type":"WebPage","@id":"http:\/\/elregionalvm.com.ar\/noticias-villa-maria\/policiales-detuvieron-a-un-hombre-de-29-anos-por-agredir-a-su-pareja\/","url":"http:\/\/elregionalvm.com.ar\/noticias-villa-maria\/policiales-detuvieron-a-un-hombre-de-29-anos-por-agredir-a-su-pareja\/","name":"[Policiales] Detuvieron a un hombre de 29 a\u00f1os por agredir a su pareja - El Regional","isPartOf":{"@id":"http:\/\/elregionalvm.com.ar\/noticias-villa-maria\/#website"},"primaryImageOfPage":{"@id":"http:\/\/elregionalvm.com.ar\/noticias-villa-maria\/policiales-detuvieron-a-un-hombre-de-29-anos-por-agredir-a-su-pareja\/#primaryimage"},"image":{"@id":"http:\/\/elregionalvm.com.ar\/noticias-villa-maria\/policiales-detuvieron-a-un-hombre-de-29-anos-por-agredir-a-su-pareja\/#primaryimage"},"thumbnailUrl":"https:\/\/i0.wp.com\/elregionalvm.com.ar\/noticias-villa-maria\/wp-content\/uploads\/2023\/06\/detenido-violencia-familiar-etruria.jpeg?fit=899%2C821&ssl=1","datePublished":"2023-06-17T22:34:55+00:00","dateModified":"2023-06-17T22:34:58+00:00","author":{"@id":"http:\/\/elregionalvm.com.ar\/noticias-villa-maria\/#\/schema\/person\/a0fb9c422317faca23d50163151bc354"},"breadcrumb":{"@id":"http:\/\/elregionalvm.com.ar\/noticias-villa-maria\/policiales-detuvieron-a-un-hombre-de-29-anos-por-agredir-a-su-pareja\/#breadcrumb"},"inLanguage":"es","potentialAction":[{"@type":"ReadAction","target":["http:\/\/elregionalvm.com.ar\/noticias-villa-maria\/policiales-detuvieron-a-un-hombre-de-29-anos-por-agredir-a-su-pareja\/"]}]},{"@type":"ImageObject","inLanguage":"es","@id":"http:\/\/elregionalvm.com.ar\/noticias-villa-maria\/policiales-detuvieron-a-un-hombre-de-29-anos-por-agredir-a-su-pareja\/#primaryimage","url":"https:\/\/i0.wp.com\/elregionalvm.com.ar\/noticias-villa-maria\/wp-content\/uploads\/2023\/06\/detenido-violencia-familiar-etruria.jpeg?fit=899%2C821&ssl=1","contentUrl":"https:\/\/i0.wp.com\/elregionalvm.com.ar\/noticias-villa-maria\/wp-content\/uploads\/2023\/06\/detenido-violencia-familiar-etruria.jpeg?fit=899%2C821&ssl=1","width":899,"height":821},{"@type":"BreadcrumbList","@id":"http:\/\/elregionalvm.com.ar\/noticias-villa-maria\/policiales-detuvieron-a-un-hombre-de-29-anos-por-agredir-a-su-pareja\/#breadcrumb","itemListElement":[{"@type":"ListItem","position":1,"name":"Portada","item":"https:\/\/elregionalvm.com.ar\/noticias-villa-maria\/"},{"@type":"ListItem","position":2,"name":"[Policiales] Detuvieron a un hombre de 29 a\u00f1os por agredir a su pareja"}]},{"@type":"WebSite","@id":"http:\/\/elregionalvm.com.ar\/noticias-villa-maria\/#website","url":"http:\/\/elregionalvm.com.ar\/noticias-villa-maria\/","name":"El Regional","description":"Mucho m\u00e1s que informaci\u00f3n","potentialAction":[{"@type":"SearchAction","target":{"@type":"EntryPoint","urlTemplate":"http:\/\/elregionalvm.com.ar\/noticias-villa-maria\/?s={search_term_string}"},"query-input":{"@type":"PropertyValueSpecification","valueRequired":true,"valueName":"search_term_string"}}],"inLanguage":"es"},{"@type":"Person","@id":"http:\/\/elregionalvm.com.ar\/noticias-villa-maria\/#\/schema\/person\/a0fb9c422317faca23d50163151bc354","name":"Contenidos El Regional","image":{"@type":"ImageObject","inLanguage":"es","@id":"http:\/\/elregionalvm.com.ar\/noticias-villa-maria\/#\/schema\/person\/image\/","url":"https:\/\/secure.gravatar.com\/avatar\/265b27cb2209af7bb3a1318f03305787d7981a5cc6e6cd08fe5a4ecdf99d4b48?s=96&d=mm&r=g","contentUrl":"https:\/\/secure.gravatar.com\/avatar\/265b27cb2209af7bb3a1318f03305787d7981a5cc6e6cd08fe5a4ecdf99d4b48?s=96&d=mm&r=g","caption":"Contenidos El Regional"},"url":"https:\/\/elregionalvm.com.ar\/noticias-villa-maria\/author\/contenido\/"}]}},"jetpack_featured_media_url":"https:\/\/i0.wp.com\/elregionalvm.com.ar\/noticias-villa-maria\/wp-content\/uploads\/2023\/06\/detenido-violencia-familiar-etruria.jpeg?fit=899%2C821&ssl=1","jetpack_sharing_enabled":true,"_links":{"self":[{"href":"https:\/\/elregionalvm.com.ar\/noticias-villa-maria\/wp-json\/wp\/v2\/posts\/78333","targetHints":{"allow":["GET"]}}],"collection":[{"href":"https:\/\/elregionalvm.com.ar\/noticias-villa-maria\/wp-json\/wp\/v2\/posts"}],"about":[{"href":"https:\/\/elregionalvm.com.ar\/noticias-villa-maria\/wp-json\/wp\/v2\/types\/post"}],"author":[{"embeddable":true,"href":"https:\/\/elregionalvm.com.ar\/noticias-villa-maria\/wp-json\/wp\/v2\/users\/4"}],"replies":[{"embeddable":true,"href":"https:\/\/elregionalvm.com.ar\/noticias-villa-maria\/wp-json\/wp\/v2\/comments?post=78333"}],"version-history":[{"count":1,"href":"https:\/\/elregionalvm.com.ar\/noticias-villa-maria\/wp-json\/wp\/v2\/posts\/78333\/revisions"}],"predecessor-version":[{"id":78334,"href":"https:\/\/elregionalvm.com.ar\/noticias-villa-maria\/wp-json\/wp\/v2\/posts\/78333\/revisions\/78334"}],"wp:featuredmedia":[{"embeddable":true,"href":"https:\/\/elregionalvm.com.ar\/noticias-villa-maria\/wp-json\/wp\/v2\/media\/78335"}],"wp:attachment":[{"href":"https:\/\/elregionalvm.com.ar\/noticias-villa-maria\/wp-json\/wp\/v2\/media?parent=78333"}],"wp:term":[{"taxonomy":"category","embeddable":true,"href":"https:\/\/elregionalvm.com.ar\/noticias-villa-maria\/wp-json\/wp\/v2\/categories?post=78333"},{"taxonomy":"post_tag","embeddable":true,"href":"https:\/\/elregionalvm.com.ar\/noticias-villa-maria\/wp-json\/wp\/v2\/tags?post=78333"}],"curies":[{"name":"wp","href":"https:\/\/api.w.org\/{rel}","templated":true}]}}