{"id":79327,"date":"2023-07-07T23:27:56","date_gmt":"2023-07-07T23:27:56","guid":{"rendered":"https:\/\/elregionalvm.com.ar\/noticias-villa-maria\/?p=79327"},"modified":"2023-07-07T23:29:17","modified_gmt":"2023-07-07T23:29:17","slug":"rodriguez-larreta-compartio-un-acto-en-villa-maria-junto-con-sus-precandidatos-a-diputados","status":"publish","type":"post","link":"https:\/\/elregionalvm.com.ar\/noticias-villa-maria\/rodriguez-larreta-compartio-un-acto-en-villa-maria-junto-con-sus-precandidatos-a-diputados\/","title":{"rendered":"Rodr\u00edguez Larreta comparti\u00f3 un acto en Villa Mar\u00eda junto con sus precandidatos a diputados"},"content":{"rendered":"\n<p><\/p>\n\n\n\n<p>El precandidato presidencial, Horacio Rodr\u00edguez Larreta, estuvo esta tarde en la localidad cordobesa de Villa Mar\u00eda donde present\u00f3 a los precandidatos a diputados nacionales que lo acompa\u00f1ar\u00e1n en su boleta: Pedro Dellarossa, ex intendente de Marcos Ju\u00e1rez, y Javier Dieminger, intendente de La Falda.<\/p>\n\n\n\n<p>Fue en un acto ante vecinos y militantes, del que particip\u00f3 el candidato a intendente, Dar\u00edo Capitani. Tambi\u00e9n estuvieron el presidente de la Coalici\u00f3n C\u00edvica y precandidato a diputado nacional por CABA, Maxi Ferraro, y el secretario de Asuntos Estrat\u00e9gicos de la Ciudad de Buenos Aires, Mart\u00edn Redrado.<\/p>\n\n\n\n<p>Al finalizar, Rodr\u00edguez Larreta atendi\u00f3 a los medios locales y afirm\u00f3: \u201dUn cambio duradero en base a los hechos y los resultados, no a los gritos; basta de violencia. La pol\u00edtica no tiene que ser anti, tiene que ser a favor de la educaci\u00f3n p\u00fablica, de la seguridad, de la producci\u00f3n.\u201d<\/p>\n\n\n\n<p>\u201cA partir del 10 de diciembre vamos a impulsar al campo y va a ser motor de recuperaci\u00f3n de la Argentina\u201d, asegur\u00f3. Y agreg\u00f3: \u201cLa pregunta del mill\u00f3n es c\u00f3mo; c\u00f3mo resolver los problemas de los argentinos\u201d.<\/p>\n\n\n\n<p>En esa l\u00ednea, y ante la consulta por la inflaci\u00f3n, detall\u00f3 4 medidas concretas: \u201cVamos a ir a d\u00e9ficit cero el primer a\u00f1o; vamos a dejar de emitir, de darle a la maquinita de la infelicidad y la pobreza; vamos por una ley que asegure la independencia del Banco Central para que el gobierno deje de pedirle plata y cuidar las reservas; y vamos a duplicar las exportaciones argentinas entre 6 y 8 a\u00f1os con alimentos, energ\u00eda, litio, con eso se acaba el problema la falta de d\u00f3lares y la necesidad del cepo y la infinidad de d\u00f3lares\u201d.<\/p>\n\n\n\n<p>Finalmente valor\u00f3 a los candidatos por ser \u201cgente de experiencia, de trabajo y de gesti\u00f3n\u201d y sostuvo: \u201cSe viene una ola de cambio, lo vimos en San Juan y en San Luis. Un cambio imparable para recuperar la educaci\u00f3n p\u00fablica, terminar con los paros como el de hoy de transporte y con la extorsi\u00f3n de los planes sociales, terminar con la Argentina de la violencia, apriete y la patota que vimos en Jujuy\u201d.<\/p>\n\n\n\n<p>Previo al acto, el dirigente de Juntos por el Cambio mantuvo una serie de reuniones con distintos dirigentes del espacio. Adem\u00e1s, mantuvo un encuentro con empresarios y representantes de organizaciones de la sociedad civil. Finalmente, camin\u00f3 por el centro para conversar con vecinos y comerciantes.<\/p>\n\n\n\n<p>Por la ma\u00f1ana, el precandidato presidencial estuvo en la ciudad de C\u00f3rdoba donde visit\u00f3 la planta de una empresa l\u00edder en fabricaci\u00f3n de autopartes para maquinarias agr\u00edcolas junto al candidato a intendente, Rodrigo De Loredo, y su compa\u00f1era de f\u00f3rmula, Soher El Sukaria, a quienes les manifest\u00f3 su apoyo. All\u00ed tambi\u00e9n se vio con dirigentes radicales.<\/p>\n\n\n\n<p>Al mediod\u00eda visit\u00f3 R\u00edo Tercero donde, junto al candidato a intendente, Marcos Ferrer, encabez\u00f3 un almuerzo con m\u00e1s de 60 intendentes y legisladores de Juntos.<\/p>\n","protected":false},"excerpt":{"rendered":"<p>El precandidato presidencial, Horacio Rodr\u00edguez Larreta, estuvo esta tarde en la localidad cordobesa de Villa Mar\u00eda donde present\u00f3 a los precandidatos a diputados nacionales que lo acompa\u00f1ar\u00e1n en su boleta: Pedro Dellarossa, ex intendente de Marcos Ju\u00e1rez, y Javier Dieminger, intendente de La Falda. Fue en un acto ante vecinos y militantes, del que particip\u00f3 [&hellip;]<\/p>\n","protected":false},"author":4,"featured_media":79328,"comment_status":"open","ping_status":"open","sticky":false,"template":"","format":"standard","meta":{"site-sidebar-layout":"default","site-content-layout":"","ast-site-content-layout":"default","site-content-style":"default","site-sidebar-style":"default","ast-global-header-display":"","ast-banner-title-visibility":"","ast-main-header-display":"","ast-hfb-above-header-display":"","ast-hfb-below-header-display":"","ast-hfb-mobile-header-display":"","site-post-title":"","ast-breadcrumbs-content":"","ast-featured-img":"","footer-sml-layout":"","ast-disable-related-posts":"","theme-transparent-header-meta":"","adv-header-id-meta":"","stick-header-meta":"","header-above-stick-meta":"","header-main-stick-meta":"","header-below-stick-meta":"","astra-migrate-meta-layouts":"default","ast-page-background-enabled":"default","ast-page-background-meta":{"desktop":{"background-color":"","background-image":"","background-repeat":"repeat","background-position":"center center","background-size":"auto","background-attachment":"scroll","background-type":"","background-media":"","overlay-type":"","overlay-color":"","overlay-opacity":"","overlay-gradient":""},"tablet":{"background-color":"","background-image":"","background-repeat":"repeat","background-position":"center center","background-size":"auto","background-attachment":"scroll","background-type":"","background-media":"","overlay-type":"","overlay-color":"","overlay-opacity":"","overlay-gradient":""},"mobile":{"background-color":"","background-image":"","background-repeat":"repeat","background-position":"center center","background-size":"auto","background-attachment":"scroll","background-type":"","background-media":"","overlay-type":"","overlay-color":"","overlay-opacity":"","overlay-gradient":""}},"ast-content-background-meta":{"desktop":{"background-color":"var(--ast-global-color-5)","background-image":"","background-repeat":"repeat","background-position":"center center","background-size":"auto","background-attachment":"scroll","background-type":"","background-media":"","overlay-type":"","overlay-color":"","overlay-opacity":"","overlay-gradient":""},"tablet":{"background-color":"var(--ast-global-color-5)","background-image":"","background-repeat":"repeat","background-position":"center center","background-size":"auto","background-attachment":"scroll","background-type":"","background-media":"","overlay-type":"","overlay-color":"","overlay-opacity":"","overlay-gradient":""},"mobile":{"background-color":"var(--ast-global-color-5)","background-image":"","background-repeat":"repeat","background-position":"center center","background-size":"auto","background-attachment":"scroll","background-type":"","background-media":"","overlay-type":"","overlay-color":"","overlay-opacity":"","overlay-gradient":""}},"_jetpack_memberships_contains_paid_content":false,"_joinchat":[],"footnotes":""},"categories":[15302,1],"tags":[],"class_list":["post-79327","post","type-post","status-publish","format-standard","has-post-thumbnail","hentry","category-destacado","category-sin-categoria"],"yoast_head":"<!-- This site is optimized with the Yoast SEO plugin v26.8 - https:\/\/yoast.com\/product\/yoast-seo-wordpress\/ -->\n<title>Rodr\u00edguez Larreta comparti\u00f3 un acto en Villa Mar\u00eda junto con sus precandidatos a diputados - El Regional<\/title>\n<meta name=\"robots\" content=\"index, follow, max-snippet:-1, max-image-preview:large, max-video-preview:-1\" \/>\n<link rel=\"canonical\" href=\"http:\/\/elregionalvm.com.ar\/noticias-villa-maria\/rodriguez-larreta-compartio-un-acto-en-villa-maria-junto-con-sus-precandidatos-a-diputados\/\" \/>\n<meta property=\"og:locale\" content=\"es_ES\" \/>\n<meta property=\"og:type\" content=\"article\" \/>\n<meta property=\"og:title\" content=\"Rodr\u00edguez Larreta comparti\u00f3 un acto en Villa Mar\u00eda junto con sus precandidatos a diputados - El Regional\" \/>\n<meta property=\"og:description\" content=\"El precandidato presidencial, Horacio Rodr\u00edguez Larreta, estuvo esta tarde en la localidad cordobesa de Villa Mar\u00eda donde present\u00f3 a los precandidatos a diputados nacionales que lo acompa\u00f1ar\u00e1n en su boleta: Pedro Dellarossa, ex intendente de Marcos Ju\u00e1rez, y Javier Dieminger, intendente de La Falda. Fue en un acto ante vecinos y militantes, del que particip\u00f3 [&hellip;]\" \/>\n<meta property=\"og:url\" content=\"http:\/\/elregionalvm.com.ar\/noticias-villa-maria\/rodriguez-larreta-compartio-un-acto-en-villa-maria-junto-con-sus-precandidatos-a-diputados\/\" \/>\n<meta property=\"og:site_name\" content=\"El Regional\" \/>\n<meta property=\"article:publisher\" content=\"https:\/\/www.facebook.com\/elregionalvm\" \/>\n<meta property=\"article:published_time\" content=\"2023-07-07T23:27:56+00:00\" \/>\n<meta property=\"article:modified_time\" content=\"2023-07-07T23:29:17+00:00\" \/>\n<meta property=\"og:image\" content=\"http:\/\/elregionalvm.com.ar\/noticias-villa-maria\/wp-content\/uploads\/2023\/07\/IMG-20230707-WA0133.jpg\" \/>\n\t<meta property=\"og:image:width\" content=\"1600\" \/>\n\t<meta property=\"og:image:height\" content=\"1066\" \/>\n\t<meta property=\"og:image:type\" content=\"image\/jpeg\" \/>\n<meta name=\"author\" content=\"Contenidos El Regional\" \/>\n<meta name=\"twitter:card\" content=\"summary_large_image\" \/>\n<meta name=\"twitter:creator\" content=\"@elregionalvm1\" \/>\n<meta name=\"twitter:site\" content=\"@elregionalvm1\" \/>\n<meta name=\"twitter:label1\" content=\"Escrito por\" \/>\n\t<meta name=\"twitter:data1\" content=\"Contenidos El Regional\" \/>\n\t<meta name=\"twitter:label2\" content=\"Tiempo de lectura\" \/>\n\t<meta name=\"twitter:data2\" content=\"3 minutos\" \/>\n<script type=\"application\/ld+json\" class=\"yoast-schema-graph\">{\"@context\":\"https:\/\/schema.org\",\"@graph\":[{\"@type\":\"Article\",\"@id\":\"http:\/\/elregionalvm.com.ar\/noticias-villa-maria\/rodriguez-larreta-compartio-un-acto-en-villa-maria-junto-con-sus-precandidatos-a-diputados\/#article\",\"isPartOf\":{\"@id\":\"http:\/\/elregionalvm.com.ar\/noticias-villa-maria\/rodriguez-larreta-compartio-un-acto-en-villa-maria-junto-con-sus-precandidatos-a-diputados\/\"},\"author\":{\"name\":\"Contenidos El Regional\",\"@id\":\"http:\/\/elregionalvm.com.ar\/noticias-villa-maria\/#\/schema\/person\/a0fb9c422317faca23d50163151bc354\"},\"headline\":\"Rodr\u00edguez Larreta comparti\u00f3 un acto en Villa Mar\u00eda junto con sus precandidatos a diputados\",\"datePublished\":\"2023-07-07T23:27:56+00:00\",\"dateModified\":\"2023-07-07T23:29:17+00:00\",\"mainEntityOfPage\":{\"@id\":\"http:\/\/elregionalvm.com.ar\/noticias-villa-maria\/rodriguez-larreta-compartio-un-acto-en-villa-maria-junto-con-sus-precandidatos-a-diputados\/\"},\"wordCount\":532,\"commentCount\":0,\"image\":{\"@id\":\"http:\/\/elregionalvm.com.ar\/noticias-villa-maria\/rodriguez-larreta-compartio-un-acto-en-villa-maria-junto-con-sus-precandidatos-a-diputados\/#primaryimage\"},\"thumbnailUrl\":\"https:\/\/i0.wp.com\/elregionalvm.com.ar\/noticias-villa-maria\/wp-content\/uploads\/2023\/07\/IMG-20230707-WA0133.jpg?fit=1600%2C1066&ssl=1\",\"articleSection\":[\"destacado\"],\"inLanguage\":\"es\",\"potentialAction\":[{\"@type\":\"CommentAction\",\"name\":\"Comment\",\"target\":[\"http:\/\/elregionalvm.com.ar\/noticias-villa-maria\/rodriguez-larreta-compartio-un-acto-en-villa-maria-junto-con-sus-precandidatos-a-diputados\/#respond\"]}]},{\"@type\":\"WebPage\",\"@id\":\"http:\/\/elregionalvm.com.ar\/noticias-villa-maria\/rodriguez-larreta-compartio-un-acto-en-villa-maria-junto-con-sus-precandidatos-a-diputados\/\",\"url\":\"http:\/\/elregionalvm.com.ar\/noticias-villa-maria\/rodriguez-larreta-compartio-un-acto-en-villa-maria-junto-con-sus-precandidatos-a-diputados\/\",\"name\":\"Rodr\u00edguez Larreta comparti\u00f3 un acto en Villa Mar\u00eda junto con sus precandidatos a diputados - El Regional\",\"isPartOf\":{\"@id\":\"http:\/\/elregionalvm.com.ar\/noticias-villa-maria\/#website\"},\"primaryImageOfPage\":{\"@id\":\"http:\/\/elregionalvm.com.ar\/noticias-villa-maria\/rodriguez-larreta-compartio-un-acto-en-villa-maria-junto-con-sus-precandidatos-a-diputados\/#primaryimage\"},\"image\":{\"@id\":\"http:\/\/elregionalvm.com.ar\/noticias-villa-maria\/rodriguez-larreta-compartio-un-acto-en-villa-maria-junto-con-sus-precandidatos-a-diputados\/#primaryimage\"},\"thumbnailUrl\":\"https:\/\/i0.wp.com\/elregionalvm.com.ar\/noticias-villa-maria\/wp-content\/uploads\/2023\/07\/IMG-20230707-WA0133.jpg?fit=1600%2C1066&ssl=1\",\"datePublished\":\"2023-07-07T23:27:56+00:00\",\"dateModified\":\"2023-07-07T23:29:17+00:00\",\"author\":{\"@id\":\"http:\/\/elregionalvm.com.ar\/noticias-villa-maria\/#\/schema\/person\/a0fb9c422317faca23d50163151bc354\"},\"breadcrumb\":{\"@id\":\"http:\/\/elregionalvm.com.ar\/noticias-villa-maria\/rodriguez-larreta-compartio-un-acto-en-villa-maria-junto-con-sus-precandidatos-a-diputados\/#breadcrumb\"},\"inLanguage\":\"es\",\"potentialAction\":[{\"@type\":\"ReadAction\",\"target\":[\"http:\/\/elregionalvm.com.ar\/noticias-villa-maria\/rodriguez-larreta-compartio-un-acto-en-villa-maria-junto-con-sus-precandidatos-a-diputados\/\"]}]},{\"@type\":\"ImageObject\",\"inLanguage\":\"es\",\"@id\":\"http:\/\/elregionalvm.com.ar\/noticias-villa-maria\/rodriguez-larreta-compartio-un-acto-en-villa-maria-junto-con-sus-precandidatos-a-diputados\/#primaryimage\",\"url\":\"https:\/\/i0.wp.com\/elregionalvm.com.ar\/noticias-villa-maria\/wp-content\/uploads\/2023\/07\/IMG-20230707-WA0133.jpg?fit=1600%2C1066&ssl=1\",\"contentUrl\":\"https:\/\/i0.wp.com\/elregionalvm.com.ar\/noticias-villa-maria\/wp-content\/uploads\/2023\/07\/IMG-20230707-WA0133.jpg?fit=1600%2C1066&ssl=1\",\"width\":1600,\"height\":1066},{\"@type\":\"BreadcrumbList\",\"@id\":\"http:\/\/elregionalvm.com.ar\/noticias-villa-maria\/rodriguez-larreta-compartio-un-acto-en-villa-maria-junto-con-sus-precandidatos-a-diputados\/#breadcrumb\",\"itemListElement\":[{\"@type\":\"ListItem\",\"position\":1,\"name\":\"Portada\",\"item\":\"https:\/\/elregionalvm.com.ar\/noticias-villa-maria\/\"},{\"@type\":\"ListItem\",\"position\":2,\"name\":\"Rodr\u00edguez Larreta comparti\u00f3 un acto en Villa Mar\u00eda junto con sus precandidatos a diputados\"}]},{\"@type\":\"WebSite\",\"@id\":\"http:\/\/elregionalvm.com.ar\/noticias-villa-maria\/#website\",\"url\":\"http:\/\/elregionalvm.com.ar\/noticias-villa-maria\/\",\"name\":\"El Regional\",\"description\":\"Mucho m\u00e1s que informaci\u00f3n\",\"potentialAction\":[{\"@type\":\"SearchAction\",\"target\":{\"@type\":\"EntryPoint\",\"urlTemplate\":\"http:\/\/elregionalvm.com.ar\/noticias-villa-maria\/?s={search_term_string}\"},\"query-input\":{\"@type\":\"PropertyValueSpecification\",\"valueRequired\":true,\"valueName\":\"search_term_string\"}}],\"inLanguage\":\"es\"},{\"@type\":\"Person\",\"@id\":\"http:\/\/elregionalvm.com.ar\/noticias-villa-maria\/#\/schema\/person\/a0fb9c422317faca23d50163151bc354\",\"name\":\"Contenidos El Regional\",\"image\":{\"@type\":\"ImageObject\",\"inLanguage\":\"es\",\"@id\":\"http:\/\/elregionalvm.com.ar\/noticias-villa-maria\/#\/schema\/person\/image\/\",\"url\":\"https:\/\/secure.gravatar.com\/avatar\/265b27cb2209af7bb3a1318f03305787d7981a5cc6e6cd08fe5a4ecdf99d4b48?s=96&d=mm&r=g\",\"contentUrl\":\"https:\/\/secure.gravatar.com\/avatar\/265b27cb2209af7bb3a1318f03305787d7981a5cc6e6cd08fe5a4ecdf99d4b48?s=96&d=mm&r=g\",\"caption\":\"Contenidos El Regional\"},\"url\":\"https:\/\/elregionalvm.com.ar\/noticias-villa-maria\/author\/contenido\/\"}]}<\/script>\n<!-- \/ Yoast SEO plugin. -->","yoast_head_json":{"title":"Rodr\u00edguez Larreta comparti\u00f3 un acto en Villa Mar\u00eda junto con sus precandidatos a diputados - El Regional","robots":{"index":"index","follow":"follow","max-snippet":"max-snippet:-1","max-image-preview":"max-image-preview:large","max-video-preview":"max-video-preview:-1"},"canonical":"http:\/\/elregionalvm.com.ar\/noticias-villa-maria\/rodriguez-larreta-compartio-un-acto-en-villa-maria-junto-con-sus-precandidatos-a-diputados\/","og_locale":"es_ES","og_type":"article","og_title":"Rodr\u00edguez Larreta comparti\u00f3 un acto en Villa Mar\u00eda junto con sus precandidatos a diputados - El Regional","og_description":"El precandidato presidencial, Horacio Rodr\u00edguez Larreta, estuvo esta tarde en la localidad cordobesa de Villa Mar\u00eda donde present\u00f3 a los precandidatos a diputados nacionales que lo acompa\u00f1ar\u00e1n en su boleta: Pedro Dellarossa, ex intendente de Marcos Ju\u00e1rez, y Javier Dieminger, intendente de La Falda. Fue en un acto ante vecinos y militantes, del que particip\u00f3 [&hellip;]","og_url":"http:\/\/elregionalvm.com.ar\/noticias-villa-maria\/rodriguez-larreta-compartio-un-acto-en-villa-maria-junto-con-sus-precandidatos-a-diputados\/","og_site_name":"El Regional","article_publisher":"https:\/\/www.facebook.com\/elregionalvm","article_published_time":"2023-07-07T23:27:56+00:00","article_modified_time":"2023-07-07T23:29:17+00:00","og_image":[{"width":1600,"height":1066,"url":"http:\/\/elregionalvm.com.ar\/noticias-villa-maria\/wp-content\/uploads\/2023\/07\/IMG-20230707-WA0133.jpg","type":"image\/jpeg"}],"author":"Contenidos El Regional","twitter_card":"summary_large_image","twitter_creator":"@elregionalvm1","twitter_site":"@elregionalvm1","twitter_misc":{"Escrito por":"Contenidos El Regional","Tiempo de lectura":"3 minutos"},"schema":{"@context":"https:\/\/schema.org","@graph":[{"@type":"Article","@id":"http:\/\/elregionalvm.com.ar\/noticias-villa-maria\/rodriguez-larreta-compartio-un-acto-en-villa-maria-junto-con-sus-precandidatos-a-diputados\/#article","isPartOf":{"@id":"http:\/\/elregionalvm.com.ar\/noticias-villa-maria\/rodriguez-larreta-compartio-un-acto-en-villa-maria-junto-con-sus-precandidatos-a-diputados\/"},"author":{"name":"Contenidos El Regional","@id":"http:\/\/elregionalvm.com.ar\/noticias-villa-maria\/#\/schema\/person\/a0fb9c422317faca23d50163151bc354"},"headline":"Rodr\u00edguez Larreta comparti\u00f3 un acto en Villa Mar\u00eda junto con sus precandidatos a diputados","datePublished":"2023-07-07T23:27:56+00:00","dateModified":"2023-07-07T23:29:17+00:00","mainEntityOfPage":{"@id":"http:\/\/elregionalvm.com.ar\/noticias-villa-maria\/rodriguez-larreta-compartio-un-acto-en-villa-maria-junto-con-sus-precandidatos-a-diputados\/"},"wordCount":532,"commentCount":0,"image":{"@id":"http:\/\/elregionalvm.com.ar\/noticias-villa-maria\/rodriguez-larreta-compartio-un-acto-en-villa-maria-junto-con-sus-precandidatos-a-diputados\/#primaryimage"},"thumbnailUrl":"https:\/\/i0.wp.com\/elregionalvm.com.ar\/noticias-villa-maria\/wp-content\/uploads\/2023\/07\/IMG-20230707-WA0133.jpg?fit=1600%2C1066&ssl=1","articleSection":["destacado"],"inLanguage":"es","potentialAction":[{"@type":"CommentAction","name":"Comment","target":["http:\/\/elregionalvm.com.ar\/noticias-villa-maria\/rodriguez-larreta-compartio-un-acto-en-villa-maria-junto-con-sus-precandidatos-a-diputados\/#respond"]}]},{"@type":"WebPage","@id":"http:\/\/elregionalvm.com.ar\/noticias-villa-maria\/rodriguez-larreta-compartio-un-acto-en-villa-maria-junto-con-sus-precandidatos-a-diputados\/","url":"http:\/\/elregionalvm.com.ar\/noticias-villa-maria\/rodriguez-larreta-compartio-un-acto-en-villa-maria-junto-con-sus-precandidatos-a-diputados\/","name":"Rodr\u00edguez Larreta comparti\u00f3 un acto en Villa Mar\u00eda junto con sus precandidatos a diputados - El Regional","isPartOf":{"@id":"http:\/\/elregionalvm.com.ar\/noticias-villa-maria\/#website"},"primaryImageOfPage":{"@id":"http:\/\/elregionalvm.com.ar\/noticias-villa-maria\/rodriguez-larreta-compartio-un-acto-en-villa-maria-junto-con-sus-precandidatos-a-diputados\/#primaryimage"},"image":{"@id":"http:\/\/elregionalvm.com.ar\/noticias-villa-maria\/rodriguez-larreta-compartio-un-acto-en-villa-maria-junto-con-sus-precandidatos-a-diputados\/#primaryimage"},"thumbnailUrl":"https:\/\/i0.wp.com\/elregionalvm.com.ar\/noticias-villa-maria\/wp-content\/uploads\/2023\/07\/IMG-20230707-WA0133.jpg?fit=1600%2C1066&ssl=1","datePublished":"2023-07-07T23:27:56+00:00","dateModified":"2023-07-07T23:29:17+00:00","author":{"@id":"http:\/\/elregionalvm.com.ar\/noticias-villa-maria\/#\/schema\/person\/a0fb9c422317faca23d50163151bc354"},"breadcrumb":{"@id":"http:\/\/elregionalvm.com.ar\/noticias-villa-maria\/rodriguez-larreta-compartio-un-acto-en-villa-maria-junto-con-sus-precandidatos-a-diputados\/#breadcrumb"},"inLanguage":"es","potentialAction":[{"@type":"ReadAction","target":["http:\/\/elregionalvm.com.ar\/noticias-villa-maria\/rodriguez-larreta-compartio-un-acto-en-villa-maria-junto-con-sus-precandidatos-a-diputados\/"]}]},{"@type":"ImageObject","inLanguage":"es","@id":"http:\/\/elregionalvm.com.ar\/noticias-villa-maria\/rodriguez-larreta-compartio-un-acto-en-villa-maria-junto-con-sus-precandidatos-a-diputados\/#primaryimage","url":"https:\/\/i0.wp.com\/elregionalvm.com.ar\/noticias-villa-maria\/wp-content\/uploads\/2023\/07\/IMG-20230707-WA0133.jpg?fit=1600%2C1066&ssl=1","contentUrl":"https:\/\/i0.wp.com\/elregionalvm.com.ar\/noticias-villa-maria\/wp-content\/uploads\/2023\/07\/IMG-20230707-WA0133.jpg?fit=1600%2C1066&ssl=1","width":1600,"height":1066},{"@type":"BreadcrumbList","@id":"http:\/\/elregionalvm.com.ar\/noticias-villa-maria\/rodriguez-larreta-compartio-un-acto-en-villa-maria-junto-con-sus-precandidatos-a-diputados\/#breadcrumb","itemListElement":[{"@type":"ListItem","position":1,"name":"Portada","item":"https:\/\/elregionalvm.com.ar\/noticias-villa-maria\/"},{"@type":"ListItem","position":2,"name":"Rodr\u00edguez Larreta comparti\u00f3 un acto en Villa Mar\u00eda junto con sus precandidatos a diputados"}]},{"@type":"WebSite","@id":"http:\/\/elregionalvm.com.ar\/noticias-villa-maria\/#website","url":"http:\/\/elregionalvm.com.ar\/noticias-villa-maria\/","name":"El Regional","description":"Mucho m\u00e1s que informaci\u00f3n","potentialAction":[{"@type":"SearchAction","target":{"@type":"EntryPoint","urlTemplate":"http:\/\/elregionalvm.com.ar\/noticias-villa-maria\/?s={search_term_string}"},"query-input":{"@type":"PropertyValueSpecification","valueRequired":true,"valueName":"search_term_string"}}],"inLanguage":"es"},{"@type":"Person","@id":"http:\/\/elregionalvm.com.ar\/noticias-villa-maria\/#\/schema\/person\/a0fb9c422317faca23d50163151bc354","name":"Contenidos El Regional","image":{"@type":"ImageObject","inLanguage":"es","@id":"http:\/\/elregionalvm.com.ar\/noticias-villa-maria\/#\/schema\/person\/image\/","url":"https:\/\/secure.gravatar.com\/avatar\/265b27cb2209af7bb3a1318f03305787d7981a5cc6e6cd08fe5a4ecdf99d4b48?s=96&d=mm&r=g","contentUrl":"https:\/\/secure.gravatar.com\/avatar\/265b27cb2209af7bb3a1318f03305787d7981a5cc6e6cd08fe5a4ecdf99d4b48?s=96&d=mm&r=g","caption":"Contenidos El Regional"},"url":"https:\/\/elregionalvm.com.ar\/noticias-villa-maria\/author\/contenido\/"}]}},"jetpack_featured_media_url":"https:\/\/i0.wp.com\/elregionalvm.com.ar\/noticias-villa-maria\/wp-content\/uploads\/2023\/07\/IMG-20230707-WA0133.jpg?fit=1600%2C1066&ssl=1","jetpack_sharing_enabled":true,"_links":{"self":[{"href":"https:\/\/elregionalvm.com.ar\/noticias-villa-maria\/wp-json\/wp\/v2\/posts\/79327","targetHints":{"allow":["GET"]}}],"collection":[{"href":"https:\/\/elregionalvm.com.ar\/noticias-villa-maria\/wp-json\/wp\/v2\/posts"}],"about":[{"href":"https:\/\/elregionalvm.com.ar\/noticias-villa-maria\/wp-json\/wp\/v2\/types\/post"}],"author":[{"embeddable":true,"href":"https:\/\/elregionalvm.com.ar\/noticias-villa-maria\/wp-json\/wp\/v2\/users\/4"}],"replies":[{"embeddable":true,"href":"https:\/\/elregionalvm.com.ar\/noticias-villa-maria\/wp-json\/wp\/v2\/comments?post=79327"}],"version-history":[{"count":1,"href":"https:\/\/elregionalvm.com.ar\/noticias-villa-maria\/wp-json\/wp\/v2\/posts\/79327\/revisions"}],"predecessor-version":[{"id":79329,"href":"https:\/\/elregionalvm.com.ar\/noticias-villa-maria\/wp-json\/wp\/v2\/posts\/79327\/revisions\/79329"}],"wp:featuredmedia":[{"embeddable":true,"href":"https:\/\/elregionalvm.com.ar\/noticias-villa-maria\/wp-json\/wp\/v2\/media\/79328"}],"wp:attachment":[{"href":"https:\/\/elregionalvm.com.ar\/noticias-villa-maria\/wp-json\/wp\/v2\/media?parent=79327"}],"wp:term":[{"taxonomy":"category","embeddable":true,"href":"https:\/\/elregionalvm.com.ar\/noticias-villa-maria\/wp-json\/wp\/v2\/categories?post=79327"},{"taxonomy":"post_tag","embeddable":true,"href":"https:\/\/elregionalvm.com.ar\/noticias-villa-maria\/wp-json\/wp\/v2\/tags?post=79327"}],"curies":[{"name":"wp","href":"https:\/\/api.w.org\/{rel}","templated":true}]}}