{"id":79795,"date":"2023-07-19T19:14:58","date_gmt":"2023-07-19T19:14:58","guid":{"rendered":"https:\/\/elregionalvm.com.ar\/noticias-villa-maria\/?p=79795"},"modified":"2023-07-19T19:15:00","modified_gmt":"2023-07-19T19:15:00","slug":"la-ciudad-abre-sus-puertas-al-encuentro-nacional-de-tejido-artesanal","status":"publish","type":"post","link":"https:\/\/elregionalvm.com.ar\/noticias-villa-maria\/la-ciudad-abre-sus-puertas-al-encuentro-nacional-de-tejido-artesanal\/","title":{"rendered":"La ciudad abre sus puertas al Encuentro Nacional de Tejido Artesanal"},"content":{"rendered":"\n<p>Desde el viernes 21 hasta el domingo 23, Villa Mar\u00eda ser\u00e1 sede del Encuentro Nacional de Tejido Artesanal, una propuesta que re\u00fane a artesanos de diferentes provincias, para compartir experiencias y conocimientos de las diversas t\u00e9cnicas como tambi\u00e9n la posibilidad de comercializar sus productos, accediendo a stands sin costo para exhibir sus creaciones. <\/p>\n\n\n\n<p>La iniciativa se desarrollar\u00e1 en el Villa Mar\u00eda Shopping.<\/p>\n\n\n\n<figure class=\"wp-block-image size-large\"><img data-recalc-dims=\"1\" fetchpriority=\"high\" decoding=\"async\" width=\"1024\" height=\"682\" src=\"https:\/\/i0.wp.com\/elregionalvm.com.ar\/noticias-villa-maria\/wp-content\/uploads\/2023\/07\/WhatsApp-Image-2023-07-19-at-15.33.23.jpeg?resize=1024%2C682&#038;ssl=1\" alt=\"\" class=\"wp-image-79799\" srcset=\"https:\/\/i0.wp.com\/elregionalvm.com.ar\/noticias-villa-maria\/wp-content\/uploads\/2023\/07\/WhatsApp-Image-2023-07-19-at-15.33.23.jpeg?resize=1024%2C682&amp;ssl=1 1024w, https:\/\/i0.wp.com\/elregionalvm.com.ar\/noticias-villa-maria\/wp-content\/uploads\/2023\/07\/WhatsApp-Image-2023-07-19-at-15.33.23.jpeg?resize=300%2C200&amp;ssl=1 300w, https:\/\/i0.wp.com\/elregionalvm.com.ar\/noticias-villa-maria\/wp-content\/uploads\/2023\/07\/WhatsApp-Image-2023-07-19-at-15.33.23.jpeg?resize=768%2C512&amp;ssl=1 768w, https:\/\/i0.wp.com\/elregionalvm.com.ar\/noticias-villa-maria\/wp-content\/uploads\/2023\/07\/WhatsApp-Image-2023-07-19-at-15.33.23.jpeg?w=1280&amp;ssl=1 1280w\" sizes=\"(max-width: 1000px) 100vw, 1000px\" \/><\/figure>\n\n\n\n<p>En este sentido, el subsecretario de Inclusi\u00f3n Social, Jorge Arg\u00fcello destac\u00f3 que es \u201ces una propuesta que se trabaja hace muchos a\u00f1os profundizando en el desarrollo de las t\u00e9cnicas del tejido, y siempre se busc\u00f3 dar un salto cualitativo brindando estos espacios a partir de un trabajo interinstitucional\u201d. <\/p>\n\n\n\n<p>En este sentido, detall\u00f3 que \u201cla iniciativa involucra a diversas instituciones de la ciudad, tales como la Universidad Nacional de Villa Mar\u00eda (UNVM), Grupo Gesta, C\u00e1ritas, INTA y Villa Mar\u00eda Shopping\u201d.<\/p>\n\n\n\n<figure class=\"wp-block-image size-large\"><img data-recalc-dims=\"1\" decoding=\"async\" width=\"1024\" height=\"682\" src=\"https:\/\/i0.wp.com\/elregionalvm.com.ar\/noticias-villa-maria\/wp-content\/uploads\/2023\/07\/WhatsApp-Image-2023-07-19-at-15.33.22-1.jpeg?resize=1024%2C682&#038;ssl=1\" alt=\"\" class=\"wp-image-79797\" srcset=\"https:\/\/i0.wp.com\/elregionalvm.com.ar\/noticias-villa-maria\/wp-content\/uploads\/2023\/07\/WhatsApp-Image-2023-07-19-at-15.33.22-1.jpeg?resize=1024%2C682&amp;ssl=1 1024w, https:\/\/i0.wp.com\/elregionalvm.com.ar\/noticias-villa-maria\/wp-content\/uploads\/2023\/07\/WhatsApp-Image-2023-07-19-at-15.33.22-1.jpeg?resize=300%2C200&amp;ssl=1 300w, https:\/\/i0.wp.com\/elregionalvm.com.ar\/noticias-villa-maria\/wp-content\/uploads\/2023\/07\/WhatsApp-Image-2023-07-19-at-15.33.22-1.jpeg?resize=768%2C512&amp;ssl=1 768w, https:\/\/i0.wp.com\/elregionalvm.com.ar\/noticias-villa-maria\/wp-content\/uploads\/2023\/07\/WhatsApp-Image-2023-07-19-at-15.33.22-1.jpeg?w=1280&amp;ssl=1 1280w\" sizes=\"(max-width: 1000px) 100vw, 1000px\" \/><\/figure>\n\n\n\n<p>Por su parte, la representante de la Agrupaci\u00f3n Latinoamericana de Tejedoras, Miriam L\u00f3pez, se refiri\u00f3 a los artesanos del tejido y su vocaci\u00f3n emprendedora: \u201cSon personas que emprendieron trabajando el tejido, que para muchos empez\u00f3 como un hobbie y se transform\u00f3 en el sustento del hogar, a trav\u00e9s del empleo de t\u00e9cnicas tradicionales o innovadoras, alcanzando la profesionalizaci\u00f3n del arte de tejer\u201d.<\/p>\n\n\n\n<p>Al tomar la palabra el decano del Instituto Acad\u00e9mico Pedag\u00f3gico de Ciencias Sociales de la UNVM, Gabriel Su\u00e1rez, indic\u00f3 que \u201cen la pandemia surgieron este tipo de trabajos interinstitucionales que brindan oportunidades al desarrollo de actividades comerciales y al mismo tiempo fomentan la construcci\u00f3n de conocimiento entre pares\u201d.<\/p>\n\n\n\n<p>La propuesta, fue diagramada a trav\u00e9s de la Secretar\u00eda de Inclusi\u00f3n Social y Territorio, y se enmarca en el programa Impulsar, coordinado por el \u00e1rea de Econom\u00eda Social y Solidaria, que tiene por objetivo fortalecer y capacitar a los emprendimientos locales.<\/p>\n\n\n\n<p>En cuanto al cronograma de actividades, durante la ma\u00f1ana se brindar\u00e1 un espacio de capacitaci\u00f3n gratuita, entre el s\u00e1bado y domingo, destinado a los participantes para su perfeccionamiento en t\u00e9cnica de tejido a dos agujas, tejido bajo modelo de econom\u00eda circular, mu\u00f1ecos de lana y gesti\u00f3n de redes sociales. <\/p>\n\n\n\n<p>En tanto, por la tarde funcionar\u00e1 la feria, para que todos los artesanos puedan exhibir y comercializar sus producciones.<\/p>\n\n\n\n<p>De este modo, los interesados en formar parte deber\u00e1n completar previamente el formulario de inscripci\u00f3n disponible en el siguiente link: https:\/\/forms.gle\/wcz7uU8tJHV5FqAfA.<\/p>\n\n\n\n<p>Participaron de la presentaci\u00f3n del evento, la subsecretaria de Descentralizaci\u00f3n Territorial, Laura Mansilla, el coordinador del \u00e1rea de Econom\u00eda Social y Solidaria, Guido Gasparrini, la titular de C\u00e1ritas Villa Mar\u00eda, Gilda Ibal y representantes de las instituciones participantes.<\/p>\n","protected":false},"excerpt":{"rendered":"<p>Desde el viernes 21 hasta el domingo 23, Villa Mar\u00eda ser\u00e1 sede del Encuentro Nacional de Tejido Artesanal, una propuesta que re\u00fane a artesanos de diferentes provincias, para compartir experiencias y conocimientos de las diversas t\u00e9cnicas como tambi\u00e9n la posibilidad de comercializar sus productos, accediendo a stands sin costo para exhibir sus creaciones. La iniciativa [&hellip;]<\/p>\n","protected":false},"author":4,"featured_media":79798,"comment_status":"open","ping_status":"open","sticky":false,"template":"","format":"standard","meta":{"site-sidebar-layout":"default","site-content-layout":"","ast-site-content-layout":"default","site-content-style":"default","site-sidebar-style":"default","ast-global-header-display":"","ast-banner-title-visibility":"","ast-main-header-display":"","ast-hfb-above-header-display":"","ast-hfb-below-header-display":"","ast-hfb-mobile-header-display":"","site-post-title":"","ast-breadcrumbs-content":"","ast-featured-img":"","footer-sml-layout":"","ast-disable-related-posts":"","theme-transparent-header-meta":"","adv-header-id-meta":"","stick-header-meta":"","header-above-stick-meta":"","header-main-stick-meta":"","header-below-stick-meta":"","astra-migrate-meta-layouts":"default","ast-page-background-enabled":"default","ast-page-background-meta":{"desktop":{"background-color":"","background-image":"","background-repeat":"repeat","background-position":"center center","background-size":"auto","background-attachment":"scroll","background-type":"","background-media":"","overlay-type":"","overlay-color":"","overlay-opacity":"","overlay-gradient":""},"tablet":{"background-color":"","background-image":"","background-repeat":"repeat","background-position":"center center","background-size":"auto","background-attachment":"scroll","background-type":"","background-media":"","overlay-type":"","overlay-color":"","overlay-opacity":"","overlay-gradient":""},"mobile":{"background-color":"","background-image":"","background-repeat":"repeat","background-position":"center center","background-size":"auto","background-attachment":"scroll","background-type":"","background-media":"","overlay-type":"","overlay-color":"","overlay-opacity":"","overlay-gradient":""}},"ast-content-background-meta":{"desktop":{"background-color":"var(--ast-global-color-5)","background-image":"","background-repeat":"repeat","background-position":"center center","background-size":"auto","background-attachment":"scroll","background-type":"","background-media":"","overlay-type":"","overlay-color":"","overlay-opacity":"","overlay-gradient":""},"tablet":{"background-color":"var(--ast-global-color-5)","background-image":"","background-repeat":"repeat","background-position":"center center","background-size":"auto","background-attachment":"scroll","background-type":"","background-media":"","overlay-type":"","overlay-color":"","overlay-opacity":"","overlay-gradient":""},"mobile":{"background-color":"var(--ast-global-color-5)","background-image":"","background-repeat":"repeat","background-position":"center center","background-size":"auto","background-attachment":"scroll","background-type":"","background-media":"","overlay-type":"","overlay-color":"","overlay-opacity":"","overlay-gradient":""}},"_jetpack_memberships_contains_paid_content":false,"_joinchat":[],"footnotes":""},"categories":[15302,5,2],"tags":[],"class_list":["post-79795","post","type-post","status-publish","format-standard","has-post-thumbnail","hentry","category-destacado","category-sociedad","category-villa-maria"],"yoast_head":"<!-- This site is optimized with the Yoast SEO plugin v26.8 - https:\/\/yoast.com\/product\/yoast-seo-wordpress\/ -->\n<title>La ciudad abre sus puertas al Encuentro Nacional de Tejido Artesanal - El Regional<\/title>\n<meta name=\"robots\" content=\"index, follow, max-snippet:-1, max-image-preview:large, max-video-preview:-1\" \/>\n<link rel=\"canonical\" href=\"http:\/\/elregionalvm.com.ar\/noticias-villa-maria\/la-ciudad-abre-sus-puertas-al-encuentro-nacional-de-tejido-artesanal\/\" \/>\n<meta property=\"og:locale\" content=\"es_ES\" \/>\n<meta property=\"og:type\" content=\"article\" \/>\n<meta property=\"og:title\" content=\"La ciudad abre sus puertas al Encuentro Nacional de Tejido Artesanal - El Regional\" \/>\n<meta property=\"og:description\" content=\"Desde el viernes 21 hasta el domingo 23, Villa Mar\u00eda ser\u00e1 sede del Encuentro Nacional de Tejido Artesanal, una propuesta que re\u00fane a artesanos de diferentes provincias, para compartir experiencias y conocimientos de las diversas t\u00e9cnicas como tambi\u00e9n la posibilidad de comercializar sus productos, accediendo a stands sin costo para exhibir sus creaciones. La iniciativa [&hellip;]\" \/>\n<meta property=\"og:url\" content=\"http:\/\/elregionalvm.com.ar\/noticias-villa-maria\/la-ciudad-abre-sus-puertas-al-encuentro-nacional-de-tejido-artesanal\/\" \/>\n<meta property=\"og:site_name\" content=\"El Regional\" \/>\n<meta property=\"article:publisher\" content=\"https:\/\/www.facebook.com\/elregionalvm\" \/>\n<meta property=\"article:published_time\" content=\"2023-07-19T19:14:58+00:00\" \/>\n<meta property=\"article:modified_time\" content=\"2023-07-19T19:15:00+00:00\" \/>\n<meta property=\"og:image\" content=\"http:\/\/elregionalvm.com.ar\/noticias-villa-maria\/wp-content\/uploads\/2023\/07\/WhatsApp-Image-2023-07-19-at-15.33.23-1.jpeg\" \/>\n\t<meta property=\"og:image:width\" content=\"1280\" \/>\n\t<meta property=\"og:image:height\" content=\"853\" \/>\n\t<meta property=\"og:image:type\" content=\"image\/jpeg\" \/>\n<meta name=\"author\" content=\"Contenidos El Regional\" \/>\n<meta name=\"twitter:card\" content=\"summary_large_image\" \/>\n<meta name=\"twitter:creator\" content=\"@elregionalvm1\" \/>\n<meta name=\"twitter:site\" content=\"@elregionalvm1\" \/>\n<meta name=\"twitter:label1\" content=\"Escrito por\" \/>\n\t<meta name=\"twitter:data1\" content=\"Contenidos El Regional\" \/>\n\t<meta name=\"twitter:label2\" content=\"Tiempo de lectura\" \/>\n\t<meta name=\"twitter:data2\" content=\"3 minutos\" \/>\n<script type=\"application\/ld+json\" class=\"yoast-schema-graph\">{\"@context\":\"https:\/\/schema.org\",\"@graph\":[{\"@type\":\"Article\",\"@id\":\"http:\/\/elregionalvm.com.ar\/noticias-villa-maria\/la-ciudad-abre-sus-puertas-al-encuentro-nacional-de-tejido-artesanal\/#article\",\"isPartOf\":{\"@id\":\"http:\/\/elregionalvm.com.ar\/noticias-villa-maria\/la-ciudad-abre-sus-puertas-al-encuentro-nacional-de-tejido-artesanal\/\"},\"author\":{\"name\":\"Contenidos El Regional\",\"@id\":\"http:\/\/elregionalvm.com.ar\/noticias-villa-maria\/#\/schema\/person\/a0fb9c422317faca23d50163151bc354\"},\"headline\":\"La ciudad abre sus puertas al Encuentro Nacional de Tejido Artesanal\",\"datePublished\":\"2023-07-19T19:14:58+00:00\",\"dateModified\":\"2023-07-19T19:15:00+00:00\",\"mainEntityOfPage\":{\"@id\":\"http:\/\/elregionalvm.com.ar\/noticias-villa-maria\/la-ciudad-abre-sus-puertas-al-encuentro-nacional-de-tejido-artesanal\/\"},\"wordCount\":474,\"commentCount\":0,\"image\":{\"@id\":\"http:\/\/elregionalvm.com.ar\/noticias-villa-maria\/la-ciudad-abre-sus-puertas-al-encuentro-nacional-de-tejido-artesanal\/#primaryimage\"},\"thumbnailUrl\":\"https:\/\/i0.wp.com\/elregionalvm.com.ar\/noticias-villa-maria\/wp-content\/uploads\/2023\/07\/WhatsApp-Image-2023-07-19-at-15.33.23-1.jpeg?fit=1280%2C853&ssl=1\",\"articleSection\":[\"destacado\",\"Sociedad\",\"Villa Mar\u00eda\"],\"inLanguage\":\"es\",\"potentialAction\":[{\"@type\":\"CommentAction\",\"name\":\"Comment\",\"target\":[\"http:\/\/elregionalvm.com.ar\/noticias-villa-maria\/la-ciudad-abre-sus-puertas-al-encuentro-nacional-de-tejido-artesanal\/#respond\"]}]},{\"@type\":\"WebPage\",\"@id\":\"http:\/\/elregionalvm.com.ar\/noticias-villa-maria\/la-ciudad-abre-sus-puertas-al-encuentro-nacional-de-tejido-artesanal\/\",\"url\":\"http:\/\/elregionalvm.com.ar\/noticias-villa-maria\/la-ciudad-abre-sus-puertas-al-encuentro-nacional-de-tejido-artesanal\/\",\"name\":\"La ciudad abre sus puertas al Encuentro Nacional de Tejido Artesanal - El Regional\",\"isPartOf\":{\"@id\":\"http:\/\/elregionalvm.com.ar\/noticias-villa-maria\/#website\"},\"primaryImageOfPage\":{\"@id\":\"http:\/\/elregionalvm.com.ar\/noticias-villa-maria\/la-ciudad-abre-sus-puertas-al-encuentro-nacional-de-tejido-artesanal\/#primaryimage\"},\"image\":{\"@id\":\"http:\/\/elregionalvm.com.ar\/noticias-villa-maria\/la-ciudad-abre-sus-puertas-al-encuentro-nacional-de-tejido-artesanal\/#primaryimage\"},\"thumbnailUrl\":\"https:\/\/i0.wp.com\/elregionalvm.com.ar\/noticias-villa-maria\/wp-content\/uploads\/2023\/07\/WhatsApp-Image-2023-07-19-at-15.33.23-1.jpeg?fit=1280%2C853&ssl=1\",\"datePublished\":\"2023-07-19T19:14:58+00:00\",\"dateModified\":\"2023-07-19T19:15:00+00:00\",\"author\":{\"@id\":\"http:\/\/elregionalvm.com.ar\/noticias-villa-maria\/#\/schema\/person\/a0fb9c422317faca23d50163151bc354\"},\"breadcrumb\":{\"@id\":\"http:\/\/elregionalvm.com.ar\/noticias-villa-maria\/la-ciudad-abre-sus-puertas-al-encuentro-nacional-de-tejido-artesanal\/#breadcrumb\"},\"inLanguage\":\"es\",\"potentialAction\":[{\"@type\":\"ReadAction\",\"target\":[\"http:\/\/elregionalvm.com.ar\/noticias-villa-maria\/la-ciudad-abre-sus-puertas-al-encuentro-nacional-de-tejido-artesanal\/\"]}]},{\"@type\":\"ImageObject\",\"inLanguage\":\"es\",\"@id\":\"http:\/\/elregionalvm.com.ar\/noticias-villa-maria\/la-ciudad-abre-sus-puertas-al-encuentro-nacional-de-tejido-artesanal\/#primaryimage\",\"url\":\"https:\/\/i0.wp.com\/elregionalvm.com.ar\/noticias-villa-maria\/wp-content\/uploads\/2023\/07\/WhatsApp-Image-2023-07-19-at-15.33.23-1.jpeg?fit=1280%2C853&ssl=1\",\"contentUrl\":\"https:\/\/i0.wp.com\/elregionalvm.com.ar\/noticias-villa-maria\/wp-content\/uploads\/2023\/07\/WhatsApp-Image-2023-07-19-at-15.33.23-1.jpeg?fit=1280%2C853&ssl=1\",\"width\":1280,\"height\":853},{\"@type\":\"BreadcrumbList\",\"@id\":\"http:\/\/elregionalvm.com.ar\/noticias-villa-maria\/la-ciudad-abre-sus-puertas-al-encuentro-nacional-de-tejido-artesanal\/#breadcrumb\",\"itemListElement\":[{\"@type\":\"ListItem\",\"position\":1,\"name\":\"Portada\",\"item\":\"https:\/\/elregionalvm.com.ar\/noticias-villa-maria\/\"},{\"@type\":\"ListItem\",\"position\":2,\"name\":\"La ciudad abre sus puertas al Encuentro Nacional de Tejido Artesanal\"}]},{\"@type\":\"WebSite\",\"@id\":\"http:\/\/elregionalvm.com.ar\/noticias-villa-maria\/#website\",\"url\":\"http:\/\/elregionalvm.com.ar\/noticias-villa-maria\/\",\"name\":\"El Regional\",\"description\":\"Mucho m\u00e1s que informaci\u00f3n\",\"potentialAction\":[{\"@type\":\"SearchAction\",\"target\":{\"@type\":\"EntryPoint\",\"urlTemplate\":\"http:\/\/elregionalvm.com.ar\/noticias-villa-maria\/?s={search_term_string}\"},\"query-input\":{\"@type\":\"PropertyValueSpecification\",\"valueRequired\":true,\"valueName\":\"search_term_string\"}}],\"inLanguage\":\"es\"},{\"@type\":\"Person\",\"@id\":\"http:\/\/elregionalvm.com.ar\/noticias-villa-maria\/#\/schema\/person\/a0fb9c422317faca23d50163151bc354\",\"name\":\"Contenidos El Regional\",\"image\":{\"@type\":\"ImageObject\",\"inLanguage\":\"es\",\"@id\":\"http:\/\/elregionalvm.com.ar\/noticias-villa-maria\/#\/schema\/person\/image\/\",\"url\":\"https:\/\/secure.gravatar.com\/avatar\/265b27cb2209af7bb3a1318f03305787d7981a5cc6e6cd08fe5a4ecdf99d4b48?s=96&d=mm&r=g\",\"contentUrl\":\"https:\/\/secure.gravatar.com\/avatar\/265b27cb2209af7bb3a1318f03305787d7981a5cc6e6cd08fe5a4ecdf99d4b48?s=96&d=mm&r=g\",\"caption\":\"Contenidos El Regional\"},\"url\":\"https:\/\/elregionalvm.com.ar\/noticias-villa-maria\/author\/contenido\/\"}]}<\/script>\n<!-- \/ Yoast SEO plugin. -->","yoast_head_json":{"title":"La ciudad abre sus puertas al Encuentro Nacional de Tejido Artesanal - El Regional","robots":{"index":"index","follow":"follow","max-snippet":"max-snippet:-1","max-image-preview":"max-image-preview:large","max-video-preview":"max-video-preview:-1"},"canonical":"http:\/\/elregionalvm.com.ar\/noticias-villa-maria\/la-ciudad-abre-sus-puertas-al-encuentro-nacional-de-tejido-artesanal\/","og_locale":"es_ES","og_type":"article","og_title":"La ciudad abre sus puertas al Encuentro Nacional de Tejido Artesanal - El Regional","og_description":"Desde el viernes 21 hasta el domingo 23, Villa Mar\u00eda ser\u00e1 sede del Encuentro Nacional de Tejido Artesanal, una propuesta que re\u00fane a artesanos de diferentes provincias, para compartir experiencias y conocimientos de las diversas t\u00e9cnicas como tambi\u00e9n la posibilidad de comercializar sus productos, accediendo a stands sin costo para exhibir sus creaciones. La iniciativa [&hellip;]","og_url":"http:\/\/elregionalvm.com.ar\/noticias-villa-maria\/la-ciudad-abre-sus-puertas-al-encuentro-nacional-de-tejido-artesanal\/","og_site_name":"El Regional","article_publisher":"https:\/\/www.facebook.com\/elregionalvm","article_published_time":"2023-07-19T19:14:58+00:00","article_modified_time":"2023-07-19T19:15:00+00:00","og_image":[{"width":1280,"height":853,"url":"http:\/\/elregionalvm.com.ar\/noticias-villa-maria\/wp-content\/uploads\/2023\/07\/WhatsApp-Image-2023-07-19-at-15.33.23-1.jpeg","type":"image\/jpeg"}],"author":"Contenidos El Regional","twitter_card":"summary_large_image","twitter_creator":"@elregionalvm1","twitter_site":"@elregionalvm1","twitter_misc":{"Escrito por":"Contenidos El Regional","Tiempo de lectura":"3 minutos"},"schema":{"@context":"https:\/\/schema.org","@graph":[{"@type":"Article","@id":"http:\/\/elregionalvm.com.ar\/noticias-villa-maria\/la-ciudad-abre-sus-puertas-al-encuentro-nacional-de-tejido-artesanal\/#article","isPartOf":{"@id":"http:\/\/elregionalvm.com.ar\/noticias-villa-maria\/la-ciudad-abre-sus-puertas-al-encuentro-nacional-de-tejido-artesanal\/"},"author":{"name":"Contenidos El Regional","@id":"http:\/\/elregionalvm.com.ar\/noticias-villa-maria\/#\/schema\/person\/a0fb9c422317faca23d50163151bc354"},"headline":"La ciudad abre sus puertas al Encuentro Nacional de Tejido Artesanal","datePublished":"2023-07-19T19:14:58+00:00","dateModified":"2023-07-19T19:15:00+00:00","mainEntityOfPage":{"@id":"http:\/\/elregionalvm.com.ar\/noticias-villa-maria\/la-ciudad-abre-sus-puertas-al-encuentro-nacional-de-tejido-artesanal\/"},"wordCount":474,"commentCount":0,"image":{"@id":"http:\/\/elregionalvm.com.ar\/noticias-villa-maria\/la-ciudad-abre-sus-puertas-al-encuentro-nacional-de-tejido-artesanal\/#primaryimage"},"thumbnailUrl":"https:\/\/i0.wp.com\/elregionalvm.com.ar\/noticias-villa-maria\/wp-content\/uploads\/2023\/07\/WhatsApp-Image-2023-07-19-at-15.33.23-1.jpeg?fit=1280%2C853&ssl=1","articleSection":["destacado","Sociedad","Villa Mar\u00eda"],"inLanguage":"es","potentialAction":[{"@type":"CommentAction","name":"Comment","target":["http:\/\/elregionalvm.com.ar\/noticias-villa-maria\/la-ciudad-abre-sus-puertas-al-encuentro-nacional-de-tejido-artesanal\/#respond"]}]},{"@type":"WebPage","@id":"http:\/\/elregionalvm.com.ar\/noticias-villa-maria\/la-ciudad-abre-sus-puertas-al-encuentro-nacional-de-tejido-artesanal\/","url":"http:\/\/elregionalvm.com.ar\/noticias-villa-maria\/la-ciudad-abre-sus-puertas-al-encuentro-nacional-de-tejido-artesanal\/","name":"La ciudad abre sus puertas al Encuentro Nacional de Tejido Artesanal - El Regional","isPartOf":{"@id":"http:\/\/elregionalvm.com.ar\/noticias-villa-maria\/#website"},"primaryImageOfPage":{"@id":"http:\/\/elregionalvm.com.ar\/noticias-villa-maria\/la-ciudad-abre-sus-puertas-al-encuentro-nacional-de-tejido-artesanal\/#primaryimage"},"image":{"@id":"http:\/\/elregionalvm.com.ar\/noticias-villa-maria\/la-ciudad-abre-sus-puertas-al-encuentro-nacional-de-tejido-artesanal\/#primaryimage"},"thumbnailUrl":"https:\/\/i0.wp.com\/elregionalvm.com.ar\/noticias-villa-maria\/wp-content\/uploads\/2023\/07\/WhatsApp-Image-2023-07-19-at-15.33.23-1.jpeg?fit=1280%2C853&ssl=1","datePublished":"2023-07-19T19:14:58+00:00","dateModified":"2023-07-19T19:15:00+00:00","author":{"@id":"http:\/\/elregionalvm.com.ar\/noticias-villa-maria\/#\/schema\/person\/a0fb9c422317faca23d50163151bc354"},"breadcrumb":{"@id":"http:\/\/elregionalvm.com.ar\/noticias-villa-maria\/la-ciudad-abre-sus-puertas-al-encuentro-nacional-de-tejido-artesanal\/#breadcrumb"},"inLanguage":"es","potentialAction":[{"@type":"ReadAction","target":["http:\/\/elregionalvm.com.ar\/noticias-villa-maria\/la-ciudad-abre-sus-puertas-al-encuentro-nacional-de-tejido-artesanal\/"]}]},{"@type":"ImageObject","inLanguage":"es","@id":"http:\/\/elregionalvm.com.ar\/noticias-villa-maria\/la-ciudad-abre-sus-puertas-al-encuentro-nacional-de-tejido-artesanal\/#primaryimage","url":"https:\/\/i0.wp.com\/elregionalvm.com.ar\/noticias-villa-maria\/wp-content\/uploads\/2023\/07\/WhatsApp-Image-2023-07-19-at-15.33.23-1.jpeg?fit=1280%2C853&ssl=1","contentUrl":"https:\/\/i0.wp.com\/elregionalvm.com.ar\/noticias-villa-maria\/wp-content\/uploads\/2023\/07\/WhatsApp-Image-2023-07-19-at-15.33.23-1.jpeg?fit=1280%2C853&ssl=1","width":1280,"height":853},{"@type":"BreadcrumbList","@id":"http:\/\/elregionalvm.com.ar\/noticias-villa-maria\/la-ciudad-abre-sus-puertas-al-encuentro-nacional-de-tejido-artesanal\/#breadcrumb","itemListElement":[{"@type":"ListItem","position":1,"name":"Portada","item":"https:\/\/elregionalvm.com.ar\/noticias-villa-maria\/"},{"@type":"ListItem","position":2,"name":"La ciudad abre sus puertas al Encuentro Nacional de Tejido Artesanal"}]},{"@type":"WebSite","@id":"http:\/\/elregionalvm.com.ar\/noticias-villa-maria\/#website","url":"http:\/\/elregionalvm.com.ar\/noticias-villa-maria\/","name":"El Regional","description":"Mucho m\u00e1s que informaci\u00f3n","potentialAction":[{"@type":"SearchAction","target":{"@type":"EntryPoint","urlTemplate":"http:\/\/elregionalvm.com.ar\/noticias-villa-maria\/?s={search_term_string}"},"query-input":{"@type":"PropertyValueSpecification","valueRequired":true,"valueName":"search_term_string"}}],"inLanguage":"es"},{"@type":"Person","@id":"http:\/\/elregionalvm.com.ar\/noticias-villa-maria\/#\/schema\/person\/a0fb9c422317faca23d50163151bc354","name":"Contenidos El Regional","image":{"@type":"ImageObject","inLanguage":"es","@id":"http:\/\/elregionalvm.com.ar\/noticias-villa-maria\/#\/schema\/person\/image\/","url":"https:\/\/secure.gravatar.com\/avatar\/265b27cb2209af7bb3a1318f03305787d7981a5cc6e6cd08fe5a4ecdf99d4b48?s=96&d=mm&r=g","contentUrl":"https:\/\/secure.gravatar.com\/avatar\/265b27cb2209af7bb3a1318f03305787d7981a5cc6e6cd08fe5a4ecdf99d4b48?s=96&d=mm&r=g","caption":"Contenidos El Regional"},"url":"https:\/\/elregionalvm.com.ar\/noticias-villa-maria\/author\/contenido\/"}]}},"jetpack_featured_media_url":"https:\/\/i0.wp.com\/elregionalvm.com.ar\/noticias-villa-maria\/wp-content\/uploads\/2023\/07\/WhatsApp-Image-2023-07-19-at-15.33.23-1.jpeg?fit=1280%2C853&ssl=1","jetpack_sharing_enabled":true,"_links":{"self":[{"href":"https:\/\/elregionalvm.com.ar\/noticias-villa-maria\/wp-json\/wp\/v2\/posts\/79795","targetHints":{"allow":["GET"]}}],"collection":[{"href":"https:\/\/elregionalvm.com.ar\/noticias-villa-maria\/wp-json\/wp\/v2\/posts"}],"about":[{"href":"https:\/\/elregionalvm.com.ar\/noticias-villa-maria\/wp-json\/wp\/v2\/types\/post"}],"author":[{"embeddable":true,"href":"https:\/\/elregionalvm.com.ar\/noticias-villa-maria\/wp-json\/wp\/v2\/users\/4"}],"replies":[{"embeddable":true,"href":"https:\/\/elregionalvm.com.ar\/noticias-villa-maria\/wp-json\/wp\/v2\/comments?post=79795"}],"version-history":[{"count":1,"href":"https:\/\/elregionalvm.com.ar\/noticias-villa-maria\/wp-json\/wp\/v2\/posts\/79795\/revisions"}],"predecessor-version":[{"id":79801,"href":"https:\/\/elregionalvm.com.ar\/noticias-villa-maria\/wp-json\/wp\/v2\/posts\/79795\/revisions\/79801"}],"wp:featuredmedia":[{"embeddable":true,"href":"https:\/\/elregionalvm.com.ar\/noticias-villa-maria\/wp-json\/wp\/v2\/media\/79798"}],"wp:attachment":[{"href":"https:\/\/elregionalvm.com.ar\/noticias-villa-maria\/wp-json\/wp\/v2\/media?parent=79795"}],"wp:term":[{"taxonomy":"category","embeddable":true,"href":"https:\/\/elregionalvm.com.ar\/noticias-villa-maria\/wp-json\/wp\/v2\/categories?post=79795"},{"taxonomy":"post_tag","embeddable":true,"href":"https:\/\/elregionalvm.com.ar\/noticias-villa-maria\/wp-json\/wp\/v2\/tags?post=79795"}],"curies":[{"name":"wp","href":"https:\/\/api.w.org\/{rel}","templated":true}]}}