{"id":79812,"date":"2023-07-19T19:21:57","date_gmt":"2023-07-19T19:21:57","guid":{"rendered":"https:\/\/elregionalvm.com.ar\/noticias-villa-maria\/?p=79812"},"modified":"2023-07-19T19:22:02","modified_gmt":"2023-07-19T19:22:02","slug":"centro-de-gestion-ambiental-la-planta-de-lixiviados-ya-fue-instalada","status":"publish","type":"post","link":"https:\/\/elregionalvm.com.ar\/noticias-villa-maria\/centro-de-gestion-ambiental-la-planta-de-lixiviados-ya-fue-instalada\/","title":{"rendered":"Centro de Gesti\u00f3n Ambiental: La planta de lixiviados ya fue instalada"},"content":{"rendered":"\n<p>La obra del Centro de Gesti\u00f3n Ambiental Villa Mar\u00eda-Villa Nueva marcha a buen ritmo con intervenciones que presentan un alto grado de avance. <\/p>\n\n\n\n<p>En este marco, el intendente Mart\u00edn Gill junto a representantes de la empresa a cargo de la ejecuci\u00f3n del proyecto, Milicic S.A, supervisaron la reciente instalaci\u00f3n de la planta de lixiviados la cual permitir\u00e1 el tratamiento y recuperaci\u00f3n de l\u00edquidos provenientes de residuos, siendo la primera maquinaria de esta tecnolog\u00eda en el pa\u00eds y toda Latinoam\u00e9rica.<\/p>\n\n\n\n<figure class=\"wp-block-image size-large\"><img data-recalc-dims=\"1\" fetchpriority=\"high\" decoding=\"async\" width=\"1024\" height=\"682\" src=\"https:\/\/i0.wp.com\/elregionalvm.com.ar\/noticias-villa-maria\/wp-content\/uploads\/2023\/07\/WhatsApp-Image-2023-07-19-at-14.19.30.jpeg?resize=1024%2C682&#038;ssl=1\" alt=\"\" class=\"wp-image-79815\" srcset=\"https:\/\/i0.wp.com\/elregionalvm.com.ar\/noticias-villa-maria\/wp-content\/uploads\/2023\/07\/WhatsApp-Image-2023-07-19-at-14.19.30.jpeg?resize=1024%2C682&amp;ssl=1 1024w, https:\/\/i0.wp.com\/elregionalvm.com.ar\/noticias-villa-maria\/wp-content\/uploads\/2023\/07\/WhatsApp-Image-2023-07-19-at-14.19.30.jpeg?resize=300%2C200&amp;ssl=1 300w, https:\/\/i0.wp.com\/elregionalvm.com.ar\/noticias-villa-maria\/wp-content\/uploads\/2023\/07\/WhatsApp-Image-2023-07-19-at-14.19.30.jpeg?resize=768%2C512&amp;ssl=1 768w, https:\/\/i0.wp.com\/elregionalvm.com.ar\/noticias-villa-maria\/wp-content\/uploads\/2023\/07\/WhatsApp-Image-2023-07-19-at-14.19.30.jpeg?resize=1536%2C1023&amp;ssl=1 1536w, https:\/\/i0.wp.com\/elregionalvm.com.ar\/noticias-villa-maria\/wp-content\/uploads\/2023\/07\/WhatsApp-Image-2023-07-19-at-14.19.30.jpeg?w=1600&amp;ssl=1 1600w\" sizes=\"(max-width: 1000px) 100vw, 1000px\" \/><\/figure>\n\n\n\n<p>Tras inspeccionar las labores llevadas adelante en el lugar, el jefe comunal se\u00f1al\u00f3: \u201cNos encontramos en el sitio donde se est\u00e1 realizando la obra m\u00e1s importante para el cuidado del ambiente y la salud de las personas\u201d. <\/p>\n\n\n\n<p>\u201cEs un orgullo contar en la ciudad con innovador equipamiento como lo es la planta de \u00f3smosis inversa recientemente instalada, con la cual lograremos recuperar grandes cantidades de agua y volverla apta para su uso\u201d, enfatiz\u00f3.<\/p>\n\n\n\n<p>En este sentido, Gill explic\u00f3 que \u201cuna vez que el agua pase por los procesos de descontaminaci\u00f3n, podr\u00e1 ser utilizada para el riego del predio que se convertir\u00e1 en un parque ambiental modelo\u201d. <\/p>\n\n\n\n<figure class=\"wp-block-image size-large\"><img data-recalc-dims=\"1\" decoding=\"async\" width=\"1024\" height=\"682\" src=\"https:\/\/i0.wp.com\/elregionalvm.com.ar\/noticias-villa-maria\/wp-content\/uploads\/2023\/07\/WhatsApp-Image-2023-07-19-at-14.19.29.jpeg?resize=1024%2C682&#038;ssl=1\" alt=\"\" class=\"wp-image-79814\" srcset=\"https:\/\/i0.wp.com\/elregionalvm.com.ar\/noticias-villa-maria\/wp-content\/uploads\/2023\/07\/WhatsApp-Image-2023-07-19-at-14.19.29.jpeg?resize=1024%2C682&amp;ssl=1 1024w, https:\/\/i0.wp.com\/elregionalvm.com.ar\/noticias-villa-maria\/wp-content\/uploads\/2023\/07\/WhatsApp-Image-2023-07-19-at-14.19.29.jpeg?resize=300%2C200&amp;ssl=1 300w, https:\/\/i0.wp.com\/elregionalvm.com.ar\/noticias-villa-maria\/wp-content\/uploads\/2023\/07\/WhatsApp-Image-2023-07-19-at-14.19.29.jpeg?resize=768%2C512&amp;ssl=1 768w, https:\/\/i0.wp.com\/elregionalvm.com.ar\/noticias-villa-maria\/wp-content\/uploads\/2023\/07\/WhatsApp-Image-2023-07-19-at-14.19.29.jpeg?resize=1536%2C1023&amp;ssl=1 1536w, https:\/\/i0.wp.com\/elregionalvm.com.ar\/noticias-villa-maria\/wp-content\/uploads\/2023\/07\/WhatsApp-Image-2023-07-19-at-14.19.29.jpeg?w=1600&amp;ssl=1 1600w\" sizes=\"(max-width: 1000px) 100vw, 1000px\" \/><\/figure>\n\n\n\n<p>\u201cAs\u00ed, donde antes hab\u00eda basura, contaremos con un Centro que ser\u00e1 un gran orgullo para la ciudad, el pa\u00eds y Latinoam\u00e9rica, posibilitando el tratamiento integral y circular de residuos que anteriormente eran enterrados contaminando nuestro suelo\u201d, indic\u00f3.<\/p>\n\n\n\n<p>Adem\u00e1s, como parte de la visita al lugar, el mandatario local junto al gerente Ambiental de Milicic S.A, Jorge Aimi, llevaron adelante la firma de un convenio para ejecutar la prestaci\u00f3n de servicios por parte de la empresa prestataria. <\/p>\n\n\n\n<p>En funci\u00f3n de ello, una vez en funcionamiento el Centro, la firma ser\u00e1 la encargada de realizar el mantenimiento del sector de residuos s\u00f3lidos, mientras que el municipio llevar\u00e1 adelante la separaci\u00f3n y clasificaci\u00f3n en las diversas plantas.<\/p>\n\n\n\n<p>Es oportuno mencionar, que en las pr\u00f3ximas semanas, personal a cargo de la planta de lixiviados se capacitar\u00e1 para el correcto uso de la maquinaria cuya puesta en marcha se prev\u00e9 para septiembre. <\/p>\n\n\n\n<p>En tanto, las labores en el Centro contin\u00faan en vista a su inauguraci\u00f3n prevista para el mes aniversario de la ciudad.<\/p>\n\n\n\n<p>De la supervisi\u00f3n de los avances, tambi\u00e9n formaron parte el secretario de Ambiente, Obras y Servicios P\u00fablicos, Omar Regueira, junto al subsecretario de la cartera ambiental, Germ\u00e1n Tissera, y responsables de la empresa adjudicataria de la obra, Milicic S.A.<\/p>\n","protected":false},"excerpt":{"rendered":"<p>La obra del Centro de Gesti\u00f3n Ambiental Villa Mar\u00eda-Villa Nueva marcha a buen ritmo con intervenciones que presentan un alto grado de avance. En este marco, el intendente Mart\u00edn Gill junto a representantes de la empresa a cargo de la ejecuci\u00f3n del proyecto, Milicic S.A, supervisaron la reciente instalaci\u00f3n de la planta de lixiviados la [&hellip;]<\/p>\n","protected":false},"author":4,"featured_media":79816,"comment_status":"open","ping_status":"open","sticky":false,"template":"","format":"standard","meta":{"site-sidebar-layout":"default","site-content-layout":"","ast-site-content-layout":"default","site-content-style":"default","site-sidebar-style":"default","ast-global-header-display":"","ast-banner-title-visibility":"","ast-main-header-display":"","ast-hfb-above-header-display":"","ast-hfb-below-header-display":"","ast-hfb-mobile-header-display":"","site-post-title":"","ast-breadcrumbs-content":"","ast-featured-img":"","footer-sml-layout":"","ast-disable-related-posts":"","theme-transparent-header-meta":"","adv-header-id-meta":"","stick-header-meta":"","header-above-stick-meta":"","header-main-stick-meta":"","header-below-stick-meta":"","astra-migrate-meta-layouts":"default","ast-page-background-enabled":"default","ast-page-background-meta":{"desktop":{"background-color":"","background-image":"","background-repeat":"repeat","background-position":"center center","background-size":"auto","background-attachment":"scroll","background-type":"","background-media":"","overlay-type":"","overlay-color":"","overlay-opacity":"","overlay-gradient":""},"tablet":{"background-color":"","background-image":"","background-repeat":"repeat","background-position":"center center","background-size":"auto","background-attachment":"scroll","background-type":"","background-media":"","overlay-type":"","overlay-color":"","overlay-opacity":"","overlay-gradient":""},"mobile":{"background-color":"","background-image":"","background-repeat":"repeat","background-position":"center center","background-size":"auto","background-attachment":"scroll","background-type":"","background-media":"","overlay-type":"","overlay-color":"","overlay-opacity":"","overlay-gradient":""}},"ast-content-background-meta":{"desktop":{"background-color":"var(--ast-global-color-5)","background-image":"","background-repeat":"repeat","background-position":"center center","background-size":"auto","background-attachment":"scroll","background-type":"","background-media":"","overlay-type":"","overlay-color":"","overlay-opacity":"","overlay-gradient":""},"tablet":{"background-color":"var(--ast-global-color-5)","background-image":"","background-repeat":"repeat","background-position":"center center","background-size":"auto","background-attachment":"scroll","background-type":"","background-media":"","overlay-type":"","overlay-color":"","overlay-opacity":"","overlay-gradient":""},"mobile":{"background-color":"var(--ast-global-color-5)","background-image":"","background-repeat":"repeat","background-position":"center center","background-size":"auto","background-attachment":"scroll","background-type":"","background-media":"","overlay-type":"","overlay-color":"","overlay-opacity":"","overlay-gradient":""}},"_jetpack_memberships_contains_paid_content":false,"_joinchat":[],"footnotes":""},"categories":[15302,5,2],"tags":[],"class_list":["post-79812","post","type-post","status-publish","format-standard","has-post-thumbnail","hentry","category-destacado","category-sociedad","category-villa-maria"],"yoast_head":"<!-- This site is optimized with the Yoast SEO plugin v26.8 - https:\/\/yoast.com\/product\/yoast-seo-wordpress\/ -->\n<title>Centro de Gesti\u00f3n Ambiental: La planta de lixiviados ya fue instalada - El Regional<\/title>\n<meta name=\"robots\" content=\"index, follow, max-snippet:-1, max-image-preview:large, max-video-preview:-1\" \/>\n<link rel=\"canonical\" href=\"http:\/\/elregionalvm.com.ar\/noticias-villa-maria\/centro-de-gestion-ambiental-la-planta-de-lixiviados-ya-fue-instalada\/\" \/>\n<meta property=\"og:locale\" content=\"es_ES\" \/>\n<meta property=\"og:type\" content=\"article\" \/>\n<meta property=\"og:title\" content=\"Centro de Gesti\u00f3n Ambiental: La planta de lixiviados ya fue instalada - El Regional\" \/>\n<meta property=\"og:description\" content=\"La obra del Centro de Gesti\u00f3n Ambiental Villa Mar\u00eda-Villa Nueva marcha a buen ritmo con intervenciones que presentan un alto grado de avance. En este marco, el intendente Mart\u00edn Gill junto a representantes de la empresa a cargo de la ejecuci\u00f3n del proyecto, Milicic S.A, supervisaron la reciente instalaci\u00f3n de la planta de lixiviados la [&hellip;]\" \/>\n<meta property=\"og:url\" content=\"http:\/\/elregionalvm.com.ar\/noticias-villa-maria\/centro-de-gestion-ambiental-la-planta-de-lixiviados-ya-fue-instalada\/\" \/>\n<meta property=\"og:site_name\" content=\"El Regional\" \/>\n<meta property=\"article:publisher\" content=\"https:\/\/www.facebook.com\/elregionalvm\" \/>\n<meta property=\"article:published_time\" content=\"2023-07-19T19:21:57+00:00\" \/>\n<meta property=\"article:modified_time\" content=\"2023-07-19T19:22:02+00:00\" \/>\n<meta property=\"og:image\" content=\"http:\/\/elregionalvm.com.ar\/noticias-villa-maria\/wp-content\/uploads\/2023\/07\/WhatsApp-Image-2023-07-19-at-14.19.28.jpeg\" \/>\n\t<meta property=\"og:image:width\" content=\"1600\" \/>\n\t<meta property=\"og:image:height\" content=\"1066\" \/>\n\t<meta property=\"og:image:type\" content=\"image\/jpeg\" \/>\n<meta name=\"author\" content=\"Contenidos El Regional\" \/>\n<meta name=\"twitter:card\" content=\"summary_large_image\" \/>\n<meta name=\"twitter:creator\" content=\"@elregionalvm1\" \/>\n<meta name=\"twitter:site\" content=\"@elregionalvm1\" \/>\n<meta name=\"twitter:label1\" content=\"Escrito por\" \/>\n\t<meta name=\"twitter:data1\" content=\"Contenidos El Regional\" \/>\n\t<meta name=\"twitter:label2\" content=\"Tiempo de lectura\" \/>\n\t<meta name=\"twitter:data2\" content=\"3 minutos\" \/>\n<script type=\"application\/ld+json\" class=\"yoast-schema-graph\">{\"@context\":\"https:\/\/schema.org\",\"@graph\":[{\"@type\":\"Article\",\"@id\":\"http:\/\/elregionalvm.com.ar\/noticias-villa-maria\/centro-de-gestion-ambiental-la-planta-de-lixiviados-ya-fue-instalada\/#article\",\"isPartOf\":{\"@id\":\"http:\/\/elregionalvm.com.ar\/noticias-villa-maria\/centro-de-gestion-ambiental-la-planta-de-lixiviados-ya-fue-instalada\/\"},\"author\":{\"name\":\"Contenidos El Regional\",\"@id\":\"http:\/\/elregionalvm.com.ar\/noticias-villa-maria\/#\/schema\/person\/a0fb9c422317faca23d50163151bc354\"},\"headline\":\"Centro de Gesti\u00f3n Ambiental: La planta de lixiviados ya fue instalada\",\"datePublished\":\"2023-07-19T19:21:57+00:00\",\"dateModified\":\"2023-07-19T19:22:02+00:00\",\"mainEntityOfPage\":{\"@id\":\"http:\/\/elregionalvm.com.ar\/noticias-villa-maria\/centro-de-gestion-ambiental-la-planta-de-lixiviados-ya-fue-instalada\/\"},\"wordCount\":436,\"commentCount\":0,\"image\":{\"@id\":\"http:\/\/elregionalvm.com.ar\/noticias-villa-maria\/centro-de-gestion-ambiental-la-planta-de-lixiviados-ya-fue-instalada\/#primaryimage\"},\"thumbnailUrl\":\"https:\/\/i0.wp.com\/elregionalvm.com.ar\/noticias-villa-maria\/wp-content\/uploads\/2023\/07\/WhatsApp-Image-2023-07-19-at-14.19.28.jpeg?fit=1600%2C1066&ssl=1\",\"articleSection\":[\"destacado\",\"Sociedad\",\"Villa Mar\u00eda\"],\"inLanguage\":\"es\",\"potentialAction\":[{\"@type\":\"CommentAction\",\"name\":\"Comment\",\"target\":[\"http:\/\/elregionalvm.com.ar\/noticias-villa-maria\/centro-de-gestion-ambiental-la-planta-de-lixiviados-ya-fue-instalada\/#respond\"]}]},{\"@type\":\"WebPage\",\"@id\":\"http:\/\/elregionalvm.com.ar\/noticias-villa-maria\/centro-de-gestion-ambiental-la-planta-de-lixiviados-ya-fue-instalada\/\",\"url\":\"http:\/\/elregionalvm.com.ar\/noticias-villa-maria\/centro-de-gestion-ambiental-la-planta-de-lixiviados-ya-fue-instalada\/\",\"name\":\"Centro de Gesti\u00f3n Ambiental: La planta de lixiviados ya fue instalada - El Regional\",\"isPartOf\":{\"@id\":\"http:\/\/elregionalvm.com.ar\/noticias-villa-maria\/#website\"},\"primaryImageOfPage\":{\"@id\":\"http:\/\/elregionalvm.com.ar\/noticias-villa-maria\/centro-de-gestion-ambiental-la-planta-de-lixiviados-ya-fue-instalada\/#primaryimage\"},\"image\":{\"@id\":\"http:\/\/elregionalvm.com.ar\/noticias-villa-maria\/centro-de-gestion-ambiental-la-planta-de-lixiviados-ya-fue-instalada\/#primaryimage\"},\"thumbnailUrl\":\"https:\/\/i0.wp.com\/elregionalvm.com.ar\/noticias-villa-maria\/wp-content\/uploads\/2023\/07\/WhatsApp-Image-2023-07-19-at-14.19.28.jpeg?fit=1600%2C1066&ssl=1\",\"datePublished\":\"2023-07-19T19:21:57+00:00\",\"dateModified\":\"2023-07-19T19:22:02+00:00\",\"author\":{\"@id\":\"http:\/\/elregionalvm.com.ar\/noticias-villa-maria\/#\/schema\/person\/a0fb9c422317faca23d50163151bc354\"},\"breadcrumb\":{\"@id\":\"http:\/\/elregionalvm.com.ar\/noticias-villa-maria\/centro-de-gestion-ambiental-la-planta-de-lixiviados-ya-fue-instalada\/#breadcrumb\"},\"inLanguage\":\"es\",\"potentialAction\":[{\"@type\":\"ReadAction\",\"target\":[\"http:\/\/elregionalvm.com.ar\/noticias-villa-maria\/centro-de-gestion-ambiental-la-planta-de-lixiviados-ya-fue-instalada\/\"]}]},{\"@type\":\"ImageObject\",\"inLanguage\":\"es\",\"@id\":\"http:\/\/elregionalvm.com.ar\/noticias-villa-maria\/centro-de-gestion-ambiental-la-planta-de-lixiviados-ya-fue-instalada\/#primaryimage\",\"url\":\"https:\/\/i0.wp.com\/elregionalvm.com.ar\/noticias-villa-maria\/wp-content\/uploads\/2023\/07\/WhatsApp-Image-2023-07-19-at-14.19.28.jpeg?fit=1600%2C1066&ssl=1\",\"contentUrl\":\"https:\/\/i0.wp.com\/elregionalvm.com.ar\/noticias-villa-maria\/wp-content\/uploads\/2023\/07\/WhatsApp-Image-2023-07-19-at-14.19.28.jpeg?fit=1600%2C1066&ssl=1\",\"width\":1600,\"height\":1066},{\"@type\":\"BreadcrumbList\",\"@id\":\"http:\/\/elregionalvm.com.ar\/noticias-villa-maria\/centro-de-gestion-ambiental-la-planta-de-lixiviados-ya-fue-instalada\/#breadcrumb\",\"itemListElement\":[{\"@type\":\"ListItem\",\"position\":1,\"name\":\"Portada\",\"item\":\"https:\/\/elregionalvm.com.ar\/noticias-villa-maria\/\"},{\"@type\":\"ListItem\",\"position\":2,\"name\":\"Centro de Gesti\u00f3n Ambiental: La planta de lixiviados ya fue instalada\"}]},{\"@type\":\"WebSite\",\"@id\":\"http:\/\/elregionalvm.com.ar\/noticias-villa-maria\/#website\",\"url\":\"http:\/\/elregionalvm.com.ar\/noticias-villa-maria\/\",\"name\":\"El Regional\",\"description\":\"Mucho m\u00e1s que informaci\u00f3n\",\"potentialAction\":[{\"@type\":\"SearchAction\",\"target\":{\"@type\":\"EntryPoint\",\"urlTemplate\":\"http:\/\/elregionalvm.com.ar\/noticias-villa-maria\/?s={search_term_string}\"},\"query-input\":{\"@type\":\"PropertyValueSpecification\",\"valueRequired\":true,\"valueName\":\"search_term_string\"}}],\"inLanguage\":\"es\"},{\"@type\":\"Person\",\"@id\":\"http:\/\/elregionalvm.com.ar\/noticias-villa-maria\/#\/schema\/person\/a0fb9c422317faca23d50163151bc354\",\"name\":\"Contenidos El Regional\",\"image\":{\"@type\":\"ImageObject\",\"inLanguage\":\"es\",\"@id\":\"http:\/\/elregionalvm.com.ar\/noticias-villa-maria\/#\/schema\/person\/image\/\",\"url\":\"https:\/\/secure.gravatar.com\/avatar\/265b27cb2209af7bb3a1318f03305787d7981a5cc6e6cd08fe5a4ecdf99d4b48?s=96&d=mm&r=g\",\"contentUrl\":\"https:\/\/secure.gravatar.com\/avatar\/265b27cb2209af7bb3a1318f03305787d7981a5cc6e6cd08fe5a4ecdf99d4b48?s=96&d=mm&r=g\",\"caption\":\"Contenidos El Regional\"},\"url\":\"https:\/\/elregionalvm.com.ar\/noticias-villa-maria\/author\/contenido\/\"}]}<\/script>\n<!-- \/ Yoast SEO plugin. -->","yoast_head_json":{"title":"Centro de Gesti\u00f3n Ambiental: La planta de lixiviados ya fue instalada - El Regional","robots":{"index":"index","follow":"follow","max-snippet":"max-snippet:-1","max-image-preview":"max-image-preview:large","max-video-preview":"max-video-preview:-1"},"canonical":"http:\/\/elregionalvm.com.ar\/noticias-villa-maria\/centro-de-gestion-ambiental-la-planta-de-lixiviados-ya-fue-instalada\/","og_locale":"es_ES","og_type":"article","og_title":"Centro de Gesti\u00f3n Ambiental: La planta de lixiviados ya fue instalada - El Regional","og_description":"La obra del Centro de Gesti\u00f3n Ambiental Villa Mar\u00eda-Villa Nueva marcha a buen ritmo con intervenciones que presentan un alto grado de avance. En este marco, el intendente Mart\u00edn Gill junto a representantes de la empresa a cargo de la ejecuci\u00f3n del proyecto, Milicic S.A, supervisaron la reciente instalaci\u00f3n de la planta de lixiviados la [&hellip;]","og_url":"http:\/\/elregionalvm.com.ar\/noticias-villa-maria\/centro-de-gestion-ambiental-la-planta-de-lixiviados-ya-fue-instalada\/","og_site_name":"El Regional","article_publisher":"https:\/\/www.facebook.com\/elregionalvm","article_published_time":"2023-07-19T19:21:57+00:00","article_modified_time":"2023-07-19T19:22:02+00:00","og_image":[{"width":1600,"height":1066,"url":"http:\/\/elregionalvm.com.ar\/noticias-villa-maria\/wp-content\/uploads\/2023\/07\/WhatsApp-Image-2023-07-19-at-14.19.28.jpeg","type":"image\/jpeg"}],"author":"Contenidos El Regional","twitter_card":"summary_large_image","twitter_creator":"@elregionalvm1","twitter_site":"@elregionalvm1","twitter_misc":{"Escrito por":"Contenidos El Regional","Tiempo de lectura":"3 minutos"},"schema":{"@context":"https:\/\/schema.org","@graph":[{"@type":"Article","@id":"http:\/\/elregionalvm.com.ar\/noticias-villa-maria\/centro-de-gestion-ambiental-la-planta-de-lixiviados-ya-fue-instalada\/#article","isPartOf":{"@id":"http:\/\/elregionalvm.com.ar\/noticias-villa-maria\/centro-de-gestion-ambiental-la-planta-de-lixiviados-ya-fue-instalada\/"},"author":{"name":"Contenidos El Regional","@id":"http:\/\/elregionalvm.com.ar\/noticias-villa-maria\/#\/schema\/person\/a0fb9c422317faca23d50163151bc354"},"headline":"Centro de Gesti\u00f3n Ambiental: La planta de lixiviados ya fue instalada","datePublished":"2023-07-19T19:21:57+00:00","dateModified":"2023-07-19T19:22:02+00:00","mainEntityOfPage":{"@id":"http:\/\/elregionalvm.com.ar\/noticias-villa-maria\/centro-de-gestion-ambiental-la-planta-de-lixiviados-ya-fue-instalada\/"},"wordCount":436,"commentCount":0,"image":{"@id":"http:\/\/elregionalvm.com.ar\/noticias-villa-maria\/centro-de-gestion-ambiental-la-planta-de-lixiviados-ya-fue-instalada\/#primaryimage"},"thumbnailUrl":"https:\/\/i0.wp.com\/elregionalvm.com.ar\/noticias-villa-maria\/wp-content\/uploads\/2023\/07\/WhatsApp-Image-2023-07-19-at-14.19.28.jpeg?fit=1600%2C1066&ssl=1","articleSection":["destacado","Sociedad","Villa Mar\u00eda"],"inLanguage":"es","potentialAction":[{"@type":"CommentAction","name":"Comment","target":["http:\/\/elregionalvm.com.ar\/noticias-villa-maria\/centro-de-gestion-ambiental-la-planta-de-lixiviados-ya-fue-instalada\/#respond"]}]},{"@type":"WebPage","@id":"http:\/\/elregionalvm.com.ar\/noticias-villa-maria\/centro-de-gestion-ambiental-la-planta-de-lixiviados-ya-fue-instalada\/","url":"http:\/\/elregionalvm.com.ar\/noticias-villa-maria\/centro-de-gestion-ambiental-la-planta-de-lixiviados-ya-fue-instalada\/","name":"Centro de Gesti\u00f3n Ambiental: La planta de lixiviados ya fue instalada - El Regional","isPartOf":{"@id":"http:\/\/elregionalvm.com.ar\/noticias-villa-maria\/#website"},"primaryImageOfPage":{"@id":"http:\/\/elregionalvm.com.ar\/noticias-villa-maria\/centro-de-gestion-ambiental-la-planta-de-lixiviados-ya-fue-instalada\/#primaryimage"},"image":{"@id":"http:\/\/elregionalvm.com.ar\/noticias-villa-maria\/centro-de-gestion-ambiental-la-planta-de-lixiviados-ya-fue-instalada\/#primaryimage"},"thumbnailUrl":"https:\/\/i0.wp.com\/elregionalvm.com.ar\/noticias-villa-maria\/wp-content\/uploads\/2023\/07\/WhatsApp-Image-2023-07-19-at-14.19.28.jpeg?fit=1600%2C1066&ssl=1","datePublished":"2023-07-19T19:21:57+00:00","dateModified":"2023-07-19T19:22:02+00:00","author":{"@id":"http:\/\/elregionalvm.com.ar\/noticias-villa-maria\/#\/schema\/person\/a0fb9c422317faca23d50163151bc354"},"breadcrumb":{"@id":"http:\/\/elregionalvm.com.ar\/noticias-villa-maria\/centro-de-gestion-ambiental-la-planta-de-lixiviados-ya-fue-instalada\/#breadcrumb"},"inLanguage":"es","potentialAction":[{"@type":"ReadAction","target":["http:\/\/elregionalvm.com.ar\/noticias-villa-maria\/centro-de-gestion-ambiental-la-planta-de-lixiviados-ya-fue-instalada\/"]}]},{"@type":"ImageObject","inLanguage":"es","@id":"http:\/\/elregionalvm.com.ar\/noticias-villa-maria\/centro-de-gestion-ambiental-la-planta-de-lixiviados-ya-fue-instalada\/#primaryimage","url":"https:\/\/i0.wp.com\/elregionalvm.com.ar\/noticias-villa-maria\/wp-content\/uploads\/2023\/07\/WhatsApp-Image-2023-07-19-at-14.19.28.jpeg?fit=1600%2C1066&ssl=1","contentUrl":"https:\/\/i0.wp.com\/elregionalvm.com.ar\/noticias-villa-maria\/wp-content\/uploads\/2023\/07\/WhatsApp-Image-2023-07-19-at-14.19.28.jpeg?fit=1600%2C1066&ssl=1","width":1600,"height":1066},{"@type":"BreadcrumbList","@id":"http:\/\/elregionalvm.com.ar\/noticias-villa-maria\/centro-de-gestion-ambiental-la-planta-de-lixiviados-ya-fue-instalada\/#breadcrumb","itemListElement":[{"@type":"ListItem","position":1,"name":"Portada","item":"https:\/\/elregionalvm.com.ar\/noticias-villa-maria\/"},{"@type":"ListItem","position":2,"name":"Centro de Gesti\u00f3n Ambiental: La planta de lixiviados ya fue instalada"}]},{"@type":"WebSite","@id":"http:\/\/elregionalvm.com.ar\/noticias-villa-maria\/#website","url":"http:\/\/elregionalvm.com.ar\/noticias-villa-maria\/","name":"El Regional","description":"Mucho m\u00e1s que informaci\u00f3n","potentialAction":[{"@type":"SearchAction","target":{"@type":"EntryPoint","urlTemplate":"http:\/\/elregionalvm.com.ar\/noticias-villa-maria\/?s={search_term_string}"},"query-input":{"@type":"PropertyValueSpecification","valueRequired":true,"valueName":"search_term_string"}}],"inLanguage":"es"},{"@type":"Person","@id":"http:\/\/elregionalvm.com.ar\/noticias-villa-maria\/#\/schema\/person\/a0fb9c422317faca23d50163151bc354","name":"Contenidos El Regional","image":{"@type":"ImageObject","inLanguage":"es","@id":"http:\/\/elregionalvm.com.ar\/noticias-villa-maria\/#\/schema\/person\/image\/","url":"https:\/\/secure.gravatar.com\/avatar\/265b27cb2209af7bb3a1318f03305787d7981a5cc6e6cd08fe5a4ecdf99d4b48?s=96&d=mm&r=g","contentUrl":"https:\/\/secure.gravatar.com\/avatar\/265b27cb2209af7bb3a1318f03305787d7981a5cc6e6cd08fe5a4ecdf99d4b48?s=96&d=mm&r=g","caption":"Contenidos El Regional"},"url":"https:\/\/elregionalvm.com.ar\/noticias-villa-maria\/author\/contenido\/"}]}},"jetpack_featured_media_url":"https:\/\/i0.wp.com\/elregionalvm.com.ar\/noticias-villa-maria\/wp-content\/uploads\/2023\/07\/WhatsApp-Image-2023-07-19-at-14.19.28.jpeg?fit=1600%2C1066&ssl=1","jetpack_sharing_enabled":true,"_links":{"self":[{"href":"https:\/\/elregionalvm.com.ar\/noticias-villa-maria\/wp-json\/wp\/v2\/posts\/79812","targetHints":{"allow":["GET"]}}],"collection":[{"href":"https:\/\/elregionalvm.com.ar\/noticias-villa-maria\/wp-json\/wp\/v2\/posts"}],"about":[{"href":"https:\/\/elregionalvm.com.ar\/noticias-villa-maria\/wp-json\/wp\/v2\/types\/post"}],"author":[{"embeddable":true,"href":"https:\/\/elregionalvm.com.ar\/noticias-villa-maria\/wp-json\/wp\/v2\/users\/4"}],"replies":[{"embeddable":true,"href":"https:\/\/elregionalvm.com.ar\/noticias-villa-maria\/wp-json\/wp\/v2\/comments?post=79812"}],"version-history":[{"count":1,"href":"https:\/\/elregionalvm.com.ar\/noticias-villa-maria\/wp-json\/wp\/v2\/posts\/79812\/revisions"}],"predecessor-version":[{"id":79817,"href":"https:\/\/elregionalvm.com.ar\/noticias-villa-maria\/wp-json\/wp\/v2\/posts\/79812\/revisions\/79817"}],"wp:featuredmedia":[{"embeddable":true,"href":"https:\/\/elregionalvm.com.ar\/noticias-villa-maria\/wp-json\/wp\/v2\/media\/79816"}],"wp:attachment":[{"href":"https:\/\/elregionalvm.com.ar\/noticias-villa-maria\/wp-json\/wp\/v2\/media?parent=79812"}],"wp:term":[{"taxonomy":"category","embeddable":true,"href":"https:\/\/elregionalvm.com.ar\/noticias-villa-maria\/wp-json\/wp\/v2\/categories?post=79812"},{"taxonomy":"post_tag","embeddable":true,"href":"https:\/\/elregionalvm.com.ar\/noticias-villa-maria\/wp-json\/wp\/v2\/tags?post=79812"}],"curies":[{"name":"wp","href":"https:\/\/api.w.org\/{rel}","templated":true}]}}