{"id":79822,"date":"2023-07-19T21:47:20","date_gmt":"2023-07-19T21:47:20","guid":{"rendered":"https:\/\/elregionalvm.com.ar\/noticias-villa-maria\/?p=79822"},"modified":"2023-07-20T21:29:52","modified_gmt":"2023-07-20T21:29:52","slug":"historias-davide-lo-surdo-su-legendaria-guitarra-expuesta-permanentemente-en-el-sigal-music-museum","status":"publish","type":"post","link":"https:\/\/elregionalvm.com.ar\/noticias-villa-maria\/historias-davide-lo-surdo-su-legendaria-guitarra-expuesta-permanentemente-en-el-sigal-music-museum\/","title":{"rendered":"[Historias] Davide Lo Surdo: Su legendaria guitarra, expuesta permanentemente en el \u00abSigal Music Museum\u00bb"},"content":{"rendered":"\n<p><\/p>\n\n\n\n<p>El Sigal Music Museum de Greenville ha agregado a su exposici\u00f3n permanente un nuevo instrumento: la guitarra signature \u00abDLS1\u00bb del legendario Davide Lo Surdo, el guitarrista italiano reconocido por la revista Rolling Stone, como el guitarrista m\u00e1s r\u00e1pido de la historia de la m\u00fasica.<\/p>\n\n\n\n<p>Maurizio Baita, periodista musical \u00edtalo-estadounidense, incluy\u00f3 recientemente a Lo Surdo <a href=\"https:\/\/elregionalvm.com.ar\/noticias-villa-maria\/guitarra-veloz-davide-lo-surdo-es-incluido-con-the-beatles-en-el-libro-de-historia-de-la-musica-rock-memories-2\/\">en su nuevo libro \u00abRock Memories- vol. 2\u00bb<\/a> donde cuenta toda la historia de la m\u00fasica.<\/p>\n\n\n\n<p><\/p>\n\n\n\n<figure class=\"wp-block-image size-full\"><img data-recalc-dims=\"1\" fetchpriority=\"high\" decoding=\"async\" width=\"900\" height=\"650\" src=\"https:\/\/i0.wp.com\/elregionalvm.com.ar\/noticias-villa-maria\/wp-content\/uploads\/2023\/05\/guitarrista-Davide-Lo-Surdo.jpeg?resize=900%2C650&#038;ssl=1\" alt=\"\" class=\"wp-image-75647\" srcset=\"https:\/\/i0.wp.com\/elregionalvm.com.ar\/noticias-villa-maria\/wp-content\/uploads\/2023\/05\/guitarrista-Davide-Lo-Surdo.jpeg?w=900&amp;ssl=1 900w, https:\/\/i0.wp.com\/elregionalvm.com.ar\/noticias-villa-maria\/wp-content\/uploads\/2023\/05\/guitarrista-Davide-Lo-Surdo.jpeg?resize=300%2C217&amp;ssl=1 300w, https:\/\/i0.wp.com\/elregionalvm.com.ar\/noticias-villa-maria\/wp-content\/uploads\/2023\/05\/guitarrista-Davide-Lo-Surdo.jpeg?resize=768%2C555&amp;ssl=1 768w\" sizes=\"(max-width: 900px) 100vw, 900px\" \/><\/figure>\n\n\n\n<p><\/p>\n\n\n\n<p>El Sigal Music Museum es conocido por su colecci\u00f3n de instrumentos musicales hist\u00f3ricos y tienen instrumentos que pertenecieron a \u00edconos como Mozart, Beethoven, Bach y Chopin.<\/p>\n\n\n\n<p>Entre estos, destaca el clavic\u00e9mbalo con el que Wolfgang Amadeus Mozart toc\u00f3 en 1764 en el Palacio de Buckingham, en frente a la familia real y toda la corte brit\u00e1nica.<\/p>\n\n\n\n<p><strong>La guitarra<\/strong><\/p>\n\n\n\n<p>La guitarra signature \u00abDLS1\u00bb del artista italiano es un instrumento construida en 2021 por la empresa \u201cKoloss\u201d.<\/p>\n\n\n\n<p>Su presencia en el museo enriquece a\u00fan m\u00e1s la vasta colecci\u00f3n, trayendo consigo la fuerza y \u200b\u200bla velocidad de la m\u00fasica de Davide Lo Surdo, que ha dejado una huella imborrable en la historia de la m\u00fasica.<\/p>\n\n\n\n<p>\u00a0Con esta nueva adquisici\u00f3n, el Sigal Music Museum ofrece a los visitantes la oportunidad de admirar y conectarse con el estado de \u00e1<\/p>\n\n\n\n<p>nimo de Davide Lo Surdo, una verdadera leyenda viva de la historia de la m\u00fasica.<\/p>\n\n\n\n<p><\/p>\n\n\n\n<h3 class=\"wp-block-heading\"><strong>Tambi\u00e9n pod\u00e9s ver:<\/strong><\/h3>\n\n\n\n<p><\/p>\n\n\n\n<figure class=\"wp-block-embed is-type-wp-embed is-provider-el-regional wp-block-embed-el-regional\"><div class=\"wp-block-embed__wrapper\">\n<blockquote class=\"wp-embedded-content\" data-secret=\"IOCi1tTcyR\"><a href=\"https:\/\/elregionalvm.com.ar\/noticias-villa-maria\/guitarrista-record-davide-lo-surdo-al-lado-de-jimi-hendrix-y-eric-clapton-en-la-historia\/\">[Guitarrista r\u00e9cord] Davide Lo Surdo, al lado de Jimi Hendrix y Eric Clapton en la historia<\/a><\/blockquote><iframe class=\"wp-embedded-content\" sandbox=\"allow-scripts\" security=\"restricted\" style=\"position: absolute; clip: rect(1px, 1px, 1px, 1px);\" title=\"\u00ab[Guitarrista r\u00e9cord] Davide Lo Surdo, al lado de Jimi Hendrix y Eric Clapton en la historia\u00bb \u2014 El Regional\" src=\"https:\/\/elregionalvm.com.ar\/noticias-villa-maria\/guitarrista-record-davide-lo-surdo-al-lado-de-jimi-hendrix-y-eric-clapton-en-la-historia\/embed\/#?secret=E2oLoeNsDp#?secret=IOCi1tTcyR\" data-secret=\"IOCi1tTcyR\" width=\"500\" height=\"282\" frameborder=\"0\" marginwidth=\"0\" marginheight=\"0\" scrolling=\"no\"><\/iframe>\n<\/div><\/figure>\n","protected":false},"excerpt":{"rendered":"<p>El Sigal Music Museum de Greenville ha agregado a su exposici\u00f3n permanente un nuevo instrumento: la guitarra signature \u00abDLS1\u00bb del legendario Davide Lo Surdo, el guitarrista italiano reconocido por la revista Rolling Stone, como el guitarrista m\u00e1s r\u00e1pido de la historia de la m\u00fasica. Maurizio Baita, periodista musical \u00edtalo-estadounidense, incluy\u00f3 recientemente a Lo Surdo en [&hellip;]<\/p>\n","protected":false},"author":4,"featured_media":79824,"comment_status":"open","ping_status":"open","sticky":false,"template":"","format":"standard","meta":{"site-sidebar-layout":"default","site-content-layout":"","ast-site-content-layout":"default","site-content-style":"default","site-sidebar-style":"default","ast-global-header-display":"","ast-banner-title-visibility":"","ast-main-header-display":"","ast-hfb-above-header-display":"","ast-hfb-below-header-display":"","ast-hfb-mobile-header-display":"","site-post-title":"","ast-breadcrumbs-content":"","ast-featured-img":"","footer-sml-layout":"","ast-disable-related-posts":"","theme-transparent-header-meta":"","adv-header-id-meta":"","stick-header-meta":"","header-above-stick-meta":"","header-main-stick-meta":"","header-below-stick-meta":"","astra-migrate-meta-layouts":"default","ast-page-background-enabled":"default","ast-page-background-meta":{"desktop":{"background-color":"","background-image":"","background-repeat":"repeat","background-position":"center center","background-size":"auto","background-attachment":"scroll","background-type":"","background-media":"","overlay-type":"","overlay-color":"","overlay-opacity":"","overlay-gradient":""},"tablet":{"background-color":"","background-image":"","background-repeat":"repeat","background-position":"center center","background-size":"auto","background-attachment":"scroll","background-type":"","background-media":"","overlay-type":"","overlay-color":"","overlay-opacity":"","overlay-gradient":""},"mobile":{"background-color":"","background-image":"","background-repeat":"repeat","background-position":"center center","background-size":"auto","background-attachment":"scroll","background-type":"","background-media":"","overlay-type":"","overlay-color":"","overlay-opacity":"","overlay-gradient":""}},"ast-content-background-meta":{"desktop":{"background-color":"var(--ast-global-color-5)","background-image":"","background-repeat":"repeat","background-position":"center center","background-size":"auto","background-attachment":"scroll","background-type":"","background-media":"","overlay-type":"","overlay-color":"","overlay-opacity":"","overlay-gradient":""},"tablet":{"background-color":"var(--ast-global-color-5)","background-image":"","background-repeat":"repeat","background-position":"center center","background-size":"auto","background-attachment":"scroll","background-type":"","background-media":"","overlay-type":"","overlay-color":"","overlay-opacity":"","overlay-gradient":""},"mobile":{"background-color":"var(--ast-global-color-5)","background-image":"","background-repeat":"repeat","background-position":"center center","background-size":"auto","background-attachment":"scroll","background-type":"","background-media":"","overlay-type":"","overlay-color":"","overlay-opacity":"","overlay-gradient":""}},"_jetpack_memberships_contains_paid_content":false,"_joinchat":[],"footnotes":""},"categories":[2068,2098,3557],"tags":[22180,22600,5622,22382,526,11062,1663,22599,22598,22383],"class_list":["post-79822","post","type-post","status-publish","format-standard","has-post-thumbnail","hentry","category-cultura-deporte","category-historias","category-tercera","tag-davide-lo-surdo","tag-greenville","tag-guitarra","tag-guitarrista","tag-italia","tag-museo","tag-musica","tag-rolling-stones","tag-sigal-music-museum","tag-veloz"],"yoast_head":"<!-- This site is optimized with the Yoast SEO plugin v26.8 - https:\/\/yoast.com\/product\/yoast-seo-wordpress\/ -->\n<title>[Historias] Davide Lo Surdo: Su legendaria guitarra, expuesta permanentemente en el &quot;Sigal Music Museum&quot; - El Regional<\/title>\n<meta name=\"robots\" content=\"index, follow, max-snippet:-1, max-image-preview:large, max-video-preview:-1\" \/>\n<link rel=\"canonical\" href=\"http:\/\/elregionalvm.com.ar\/noticias-villa-maria\/historias-davide-lo-surdo-su-legendaria-guitarra-expuesta-permanentemente-en-el-sigal-music-museum\/\" \/>\n<meta property=\"og:locale\" content=\"es_ES\" \/>\n<meta property=\"og:type\" content=\"article\" \/>\n<meta property=\"og:title\" content=\"[Historias] Davide Lo Surdo: Su legendaria guitarra, expuesta permanentemente en el &quot;Sigal Music Museum&quot; - El Regional\" \/>\n<meta property=\"og:description\" content=\"El Sigal Music Museum de Greenville ha agregado a su exposici\u00f3n permanente un nuevo instrumento: la guitarra signature \u00abDLS1\u00bb del legendario Davide Lo Surdo, el guitarrista italiano reconocido por la revista Rolling Stone, como el guitarrista m\u00e1s r\u00e1pido de la historia de la m\u00fasica. Maurizio Baita, periodista musical \u00edtalo-estadounidense, incluy\u00f3 recientemente a Lo Surdo en [&hellip;]\" \/>\n<meta property=\"og:url\" content=\"http:\/\/elregionalvm.com.ar\/noticias-villa-maria\/historias-davide-lo-surdo-su-legendaria-guitarra-expuesta-permanentemente-en-el-sigal-music-museum\/\" \/>\n<meta property=\"og:site_name\" content=\"El Regional\" \/>\n<meta property=\"article:publisher\" content=\"https:\/\/www.facebook.com\/elregionalvm\" \/>\n<meta property=\"article:published_time\" content=\"2023-07-19T21:47:20+00:00\" \/>\n<meta property=\"article:modified_time\" content=\"2023-07-20T21:29:52+00:00\" \/>\n<meta property=\"og:image\" content=\"http:\/\/elregionalvm.com.ar\/noticias-villa-maria\/wp-content\/uploads\/2023\/07\/guitarra-Davide-Lo-Surdo.jpg\" \/>\n\t<meta property=\"og:image:width\" content=\"900\" \/>\n\t<meta property=\"og:image:height\" content=\"1200\" \/>\n\t<meta property=\"og:image:type\" content=\"image\/jpeg\" \/>\n<meta name=\"author\" content=\"Contenidos El Regional\" \/>\n<meta name=\"twitter:card\" content=\"summary_large_image\" \/>\n<meta name=\"twitter:creator\" content=\"@elregionalvm1\" \/>\n<meta name=\"twitter:site\" content=\"@elregionalvm1\" \/>\n<meta name=\"twitter:label1\" content=\"Escrito por\" \/>\n\t<meta name=\"twitter:data1\" content=\"Contenidos El Regional\" \/>\n\t<meta name=\"twitter:label2\" content=\"Tiempo de lectura\" \/>\n\t<meta name=\"twitter:data2\" content=\"2 minutos\" \/>\n<script type=\"application\/ld+json\" class=\"yoast-schema-graph\">{\"@context\":\"https:\/\/schema.org\",\"@graph\":[{\"@type\":\"Article\",\"@id\":\"http:\/\/elregionalvm.com.ar\/noticias-villa-maria\/historias-davide-lo-surdo-su-legendaria-guitarra-expuesta-permanentemente-en-el-sigal-music-museum\/#article\",\"isPartOf\":{\"@id\":\"http:\/\/elregionalvm.com.ar\/noticias-villa-maria\/historias-davide-lo-surdo-su-legendaria-guitarra-expuesta-permanentemente-en-el-sigal-music-museum\/\"},\"author\":{\"name\":\"Contenidos El Regional\",\"@id\":\"http:\/\/elregionalvm.com.ar\/noticias-villa-maria\/#\/schema\/person\/a0fb9c422317faca23d50163151bc354\"},\"headline\":\"[Historias] Davide Lo Surdo: Su legendaria guitarra, expuesta permanentemente en el \u00abSigal Music Museum\u00bb\",\"datePublished\":\"2023-07-19T21:47:20+00:00\",\"dateModified\":\"2023-07-20T21:29:52+00:00\",\"mainEntityOfPage\":{\"@id\":\"http:\/\/elregionalvm.com.ar\/noticias-villa-maria\/historias-davide-lo-surdo-su-legendaria-guitarra-expuesta-permanentemente-en-el-sigal-music-museum\/\"},\"wordCount\":257,\"commentCount\":0,\"image\":{\"@id\":\"http:\/\/elregionalvm.com.ar\/noticias-villa-maria\/historias-davide-lo-surdo-su-legendaria-guitarra-expuesta-permanentemente-en-el-sigal-music-museum\/#primaryimage\"},\"thumbnailUrl\":\"https:\/\/i0.wp.com\/elregionalvm.com.ar\/noticias-villa-maria\/wp-content\/uploads\/2023\/07\/guitarra-Davide-Lo-Surdo.jpg?fit=900%2C1200&ssl=1\",\"keywords\":[\"Davide Lo Surdo\",\"Greenville\",\"Guitarra\",\"guitarrista\",\"Italia\",\"Museo\",\"M\u00fasica\",\"Rolling Stones\",\"Sigal Music Museum\",\"veloz\"],\"articleSection\":[\"Cultura\",\"Historias\",\"tercera\"],\"inLanguage\":\"es\",\"potentialAction\":[{\"@type\":\"CommentAction\",\"name\":\"Comment\",\"target\":[\"http:\/\/elregionalvm.com.ar\/noticias-villa-maria\/historias-davide-lo-surdo-su-legendaria-guitarra-expuesta-permanentemente-en-el-sigal-music-museum\/#respond\"]}]},{\"@type\":\"WebPage\",\"@id\":\"http:\/\/elregionalvm.com.ar\/noticias-villa-maria\/historias-davide-lo-surdo-su-legendaria-guitarra-expuesta-permanentemente-en-el-sigal-music-museum\/\",\"url\":\"http:\/\/elregionalvm.com.ar\/noticias-villa-maria\/historias-davide-lo-surdo-su-legendaria-guitarra-expuesta-permanentemente-en-el-sigal-music-museum\/\",\"name\":\"[Historias] Davide Lo Surdo: Su legendaria guitarra, expuesta permanentemente en el \\\"Sigal Music Museum\\\" - El Regional\",\"isPartOf\":{\"@id\":\"http:\/\/elregionalvm.com.ar\/noticias-villa-maria\/#website\"},\"primaryImageOfPage\":{\"@id\":\"http:\/\/elregionalvm.com.ar\/noticias-villa-maria\/historias-davide-lo-surdo-su-legendaria-guitarra-expuesta-permanentemente-en-el-sigal-music-museum\/#primaryimage\"},\"image\":{\"@id\":\"http:\/\/elregionalvm.com.ar\/noticias-villa-maria\/historias-davide-lo-surdo-su-legendaria-guitarra-expuesta-permanentemente-en-el-sigal-music-museum\/#primaryimage\"},\"thumbnailUrl\":\"https:\/\/i0.wp.com\/elregionalvm.com.ar\/noticias-villa-maria\/wp-content\/uploads\/2023\/07\/guitarra-Davide-Lo-Surdo.jpg?fit=900%2C1200&ssl=1\",\"datePublished\":\"2023-07-19T21:47:20+00:00\",\"dateModified\":\"2023-07-20T21:29:52+00:00\",\"author\":{\"@id\":\"http:\/\/elregionalvm.com.ar\/noticias-villa-maria\/#\/schema\/person\/a0fb9c422317faca23d50163151bc354\"},\"breadcrumb\":{\"@id\":\"http:\/\/elregionalvm.com.ar\/noticias-villa-maria\/historias-davide-lo-surdo-su-legendaria-guitarra-expuesta-permanentemente-en-el-sigal-music-museum\/#breadcrumb\"},\"inLanguage\":\"es\",\"potentialAction\":[{\"@type\":\"ReadAction\",\"target\":[\"http:\/\/elregionalvm.com.ar\/noticias-villa-maria\/historias-davide-lo-surdo-su-legendaria-guitarra-expuesta-permanentemente-en-el-sigal-music-museum\/\"]}]},{\"@type\":\"ImageObject\",\"inLanguage\":\"es\",\"@id\":\"http:\/\/elregionalvm.com.ar\/noticias-villa-maria\/historias-davide-lo-surdo-su-legendaria-guitarra-expuesta-permanentemente-en-el-sigal-music-museum\/#primaryimage\",\"url\":\"https:\/\/i0.wp.com\/elregionalvm.com.ar\/noticias-villa-maria\/wp-content\/uploads\/2023\/07\/guitarra-Davide-Lo-Surdo.jpg?fit=900%2C1200&ssl=1\",\"contentUrl\":\"https:\/\/i0.wp.com\/elregionalvm.com.ar\/noticias-villa-maria\/wp-content\/uploads\/2023\/07\/guitarra-Davide-Lo-Surdo.jpg?fit=900%2C1200&ssl=1\",\"width\":900,\"height\":1200},{\"@type\":\"BreadcrumbList\",\"@id\":\"http:\/\/elregionalvm.com.ar\/noticias-villa-maria\/historias-davide-lo-surdo-su-legendaria-guitarra-expuesta-permanentemente-en-el-sigal-music-museum\/#breadcrumb\",\"itemListElement\":[{\"@type\":\"ListItem\",\"position\":1,\"name\":\"Portada\",\"item\":\"https:\/\/elregionalvm.com.ar\/noticias-villa-maria\/\"},{\"@type\":\"ListItem\",\"position\":2,\"name\":\"[Historias] Davide Lo Surdo: Su legendaria guitarra, expuesta permanentemente en el \u00abSigal Music Museum\u00bb\"}]},{\"@type\":\"WebSite\",\"@id\":\"http:\/\/elregionalvm.com.ar\/noticias-villa-maria\/#website\",\"url\":\"http:\/\/elregionalvm.com.ar\/noticias-villa-maria\/\",\"name\":\"El Regional\",\"description\":\"Mucho m\u00e1s que informaci\u00f3n\",\"potentialAction\":[{\"@type\":\"SearchAction\",\"target\":{\"@type\":\"EntryPoint\",\"urlTemplate\":\"http:\/\/elregionalvm.com.ar\/noticias-villa-maria\/?s={search_term_string}\"},\"query-input\":{\"@type\":\"PropertyValueSpecification\",\"valueRequired\":true,\"valueName\":\"search_term_string\"}}],\"inLanguage\":\"es\"},{\"@type\":\"Person\",\"@id\":\"http:\/\/elregionalvm.com.ar\/noticias-villa-maria\/#\/schema\/person\/a0fb9c422317faca23d50163151bc354\",\"name\":\"Contenidos El Regional\",\"image\":{\"@type\":\"ImageObject\",\"inLanguage\":\"es\",\"@id\":\"http:\/\/elregionalvm.com.ar\/noticias-villa-maria\/#\/schema\/person\/image\/\",\"url\":\"https:\/\/secure.gravatar.com\/avatar\/265b27cb2209af7bb3a1318f03305787d7981a5cc6e6cd08fe5a4ecdf99d4b48?s=96&d=mm&r=g\",\"contentUrl\":\"https:\/\/secure.gravatar.com\/avatar\/265b27cb2209af7bb3a1318f03305787d7981a5cc6e6cd08fe5a4ecdf99d4b48?s=96&d=mm&r=g\",\"caption\":\"Contenidos El Regional\"},\"url\":\"https:\/\/elregionalvm.com.ar\/noticias-villa-maria\/author\/contenido\/\"}]}<\/script>\n<!-- \/ Yoast SEO plugin. -->","yoast_head_json":{"title":"[Historias] Davide Lo Surdo: Su legendaria guitarra, expuesta permanentemente en el \"Sigal Music Museum\" - El Regional","robots":{"index":"index","follow":"follow","max-snippet":"max-snippet:-1","max-image-preview":"max-image-preview:large","max-video-preview":"max-video-preview:-1"},"canonical":"http:\/\/elregionalvm.com.ar\/noticias-villa-maria\/historias-davide-lo-surdo-su-legendaria-guitarra-expuesta-permanentemente-en-el-sigal-music-museum\/","og_locale":"es_ES","og_type":"article","og_title":"[Historias] Davide Lo Surdo: Su legendaria guitarra, expuesta permanentemente en el \"Sigal Music Museum\" - El Regional","og_description":"El Sigal Music Museum de Greenville ha agregado a su exposici\u00f3n permanente un nuevo instrumento: la guitarra signature \u00abDLS1\u00bb del legendario Davide Lo Surdo, el guitarrista italiano reconocido por la revista Rolling Stone, como el guitarrista m\u00e1s r\u00e1pido de la historia de la m\u00fasica. Maurizio Baita, periodista musical \u00edtalo-estadounidense, incluy\u00f3 recientemente a Lo Surdo en [&hellip;]","og_url":"http:\/\/elregionalvm.com.ar\/noticias-villa-maria\/historias-davide-lo-surdo-su-legendaria-guitarra-expuesta-permanentemente-en-el-sigal-music-museum\/","og_site_name":"El Regional","article_publisher":"https:\/\/www.facebook.com\/elregionalvm","article_published_time":"2023-07-19T21:47:20+00:00","article_modified_time":"2023-07-20T21:29:52+00:00","og_image":[{"width":900,"height":1200,"url":"http:\/\/elregionalvm.com.ar\/noticias-villa-maria\/wp-content\/uploads\/2023\/07\/guitarra-Davide-Lo-Surdo.jpg","type":"image\/jpeg"}],"author":"Contenidos El Regional","twitter_card":"summary_large_image","twitter_creator":"@elregionalvm1","twitter_site":"@elregionalvm1","twitter_misc":{"Escrito por":"Contenidos El Regional","Tiempo de lectura":"2 minutos"},"schema":{"@context":"https:\/\/schema.org","@graph":[{"@type":"Article","@id":"http:\/\/elregionalvm.com.ar\/noticias-villa-maria\/historias-davide-lo-surdo-su-legendaria-guitarra-expuesta-permanentemente-en-el-sigal-music-museum\/#article","isPartOf":{"@id":"http:\/\/elregionalvm.com.ar\/noticias-villa-maria\/historias-davide-lo-surdo-su-legendaria-guitarra-expuesta-permanentemente-en-el-sigal-music-museum\/"},"author":{"name":"Contenidos El Regional","@id":"http:\/\/elregionalvm.com.ar\/noticias-villa-maria\/#\/schema\/person\/a0fb9c422317faca23d50163151bc354"},"headline":"[Historias] Davide Lo Surdo: Su legendaria guitarra, expuesta permanentemente en el \u00abSigal Music Museum\u00bb","datePublished":"2023-07-19T21:47:20+00:00","dateModified":"2023-07-20T21:29:52+00:00","mainEntityOfPage":{"@id":"http:\/\/elregionalvm.com.ar\/noticias-villa-maria\/historias-davide-lo-surdo-su-legendaria-guitarra-expuesta-permanentemente-en-el-sigal-music-museum\/"},"wordCount":257,"commentCount":0,"image":{"@id":"http:\/\/elregionalvm.com.ar\/noticias-villa-maria\/historias-davide-lo-surdo-su-legendaria-guitarra-expuesta-permanentemente-en-el-sigal-music-museum\/#primaryimage"},"thumbnailUrl":"https:\/\/i0.wp.com\/elregionalvm.com.ar\/noticias-villa-maria\/wp-content\/uploads\/2023\/07\/guitarra-Davide-Lo-Surdo.jpg?fit=900%2C1200&ssl=1","keywords":["Davide Lo Surdo","Greenville","Guitarra","guitarrista","Italia","Museo","M\u00fasica","Rolling Stones","Sigal Music Museum","veloz"],"articleSection":["Cultura","Historias","tercera"],"inLanguage":"es","potentialAction":[{"@type":"CommentAction","name":"Comment","target":["http:\/\/elregionalvm.com.ar\/noticias-villa-maria\/historias-davide-lo-surdo-su-legendaria-guitarra-expuesta-permanentemente-en-el-sigal-music-museum\/#respond"]}]},{"@type":"WebPage","@id":"http:\/\/elregionalvm.com.ar\/noticias-villa-maria\/historias-davide-lo-surdo-su-legendaria-guitarra-expuesta-permanentemente-en-el-sigal-music-museum\/","url":"http:\/\/elregionalvm.com.ar\/noticias-villa-maria\/historias-davide-lo-surdo-su-legendaria-guitarra-expuesta-permanentemente-en-el-sigal-music-museum\/","name":"[Historias] Davide Lo Surdo: Su legendaria guitarra, expuesta permanentemente en el \"Sigal Music Museum\" - El Regional","isPartOf":{"@id":"http:\/\/elregionalvm.com.ar\/noticias-villa-maria\/#website"},"primaryImageOfPage":{"@id":"http:\/\/elregionalvm.com.ar\/noticias-villa-maria\/historias-davide-lo-surdo-su-legendaria-guitarra-expuesta-permanentemente-en-el-sigal-music-museum\/#primaryimage"},"image":{"@id":"http:\/\/elregionalvm.com.ar\/noticias-villa-maria\/historias-davide-lo-surdo-su-legendaria-guitarra-expuesta-permanentemente-en-el-sigal-music-museum\/#primaryimage"},"thumbnailUrl":"https:\/\/i0.wp.com\/elregionalvm.com.ar\/noticias-villa-maria\/wp-content\/uploads\/2023\/07\/guitarra-Davide-Lo-Surdo.jpg?fit=900%2C1200&ssl=1","datePublished":"2023-07-19T21:47:20+00:00","dateModified":"2023-07-20T21:29:52+00:00","author":{"@id":"http:\/\/elregionalvm.com.ar\/noticias-villa-maria\/#\/schema\/person\/a0fb9c422317faca23d50163151bc354"},"breadcrumb":{"@id":"http:\/\/elregionalvm.com.ar\/noticias-villa-maria\/historias-davide-lo-surdo-su-legendaria-guitarra-expuesta-permanentemente-en-el-sigal-music-museum\/#breadcrumb"},"inLanguage":"es","potentialAction":[{"@type":"ReadAction","target":["http:\/\/elregionalvm.com.ar\/noticias-villa-maria\/historias-davide-lo-surdo-su-legendaria-guitarra-expuesta-permanentemente-en-el-sigal-music-museum\/"]}]},{"@type":"ImageObject","inLanguage":"es","@id":"http:\/\/elregionalvm.com.ar\/noticias-villa-maria\/historias-davide-lo-surdo-su-legendaria-guitarra-expuesta-permanentemente-en-el-sigal-music-museum\/#primaryimage","url":"https:\/\/i0.wp.com\/elregionalvm.com.ar\/noticias-villa-maria\/wp-content\/uploads\/2023\/07\/guitarra-Davide-Lo-Surdo.jpg?fit=900%2C1200&ssl=1","contentUrl":"https:\/\/i0.wp.com\/elregionalvm.com.ar\/noticias-villa-maria\/wp-content\/uploads\/2023\/07\/guitarra-Davide-Lo-Surdo.jpg?fit=900%2C1200&ssl=1","width":900,"height":1200},{"@type":"BreadcrumbList","@id":"http:\/\/elregionalvm.com.ar\/noticias-villa-maria\/historias-davide-lo-surdo-su-legendaria-guitarra-expuesta-permanentemente-en-el-sigal-music-museum\/#breadcrumb","itemListElement":[{"@type":"ListItem","position":1,"name":"Portada","item":"https:\/\/elregionalvm.com.ar\/noticias-villa-maria\/"},{"@type":"ListItem","position":2,"name":"[Historias] Davide Lo Surdo: Su legendaria guitarra, expuesta permanentemente en el \u00abSigal Music Museum\u00bb"}]},{"@type":"WebSite","@id":"http:\/\/elregionalvm.com.ar\/noticias-villa-maria\/#website","url":"http:\/\/elregionalvm.com.ar\/noticias-villa-maria\/","name":"El Regional","description":"Mucho m\u00e1s que informaci\u00f3n","potentialAction":[{"@type":"SearchAction","target":{"@type":"EntryPoint","urlTemplate":"http:\/\/elregionalvm.com.ar\/noticias-villa-maria\/?s={search_term_string}"},"query-input":{"@type":"PropertyValueSpecification","valueRequired":true,"valueName":"search_term_string"}}],"inLanguage":"es"},{"@type":"Person","@id":"http:\/\/elregionalvm.com.ar\/noticias-villa-maria\/#\/schema\/person\/a0fb9c422317faca23d50163151bc354","name":"Contenidos El Regional","image":{"@type":"ImageObject","inLanguage":"es","@id":"http:\/\/elregionalvm.com.ar\/noticias-villa-maria\/#\/schema\/person\/image\/","url":"https:\/\/secure.gravatar.com\/avatar\/265b27cb2209af7bb3a1318f03305787d7981a5cc6e6cd08fe5a4ecdf99d4b48?s=96&d=mm&r=g","contentUrl":"https:\/\/secure.gravatar.com\/avatar\/265b27cb2209af7bb3a1318f03305787d7981a5cc6e6cd08fe5a4ecdf99d4b48?s=96&d=mm&r=g","caption":"Contenidos El Regional"},"url":"https:\/\/elregionalvm.com.ar\/noticias-villa-maria\/author\/contenido\/"}]}},"jetpack_featured_media_url":"https:\/\/i0.wp.com\/elregionalvm.com.ar\/noticias-villa-maria\/wp-content\/uploads\/2023\/07\/guitarra-Davide-Lo-Surdo.jpg?fit=900%2C1200&ssl=1","jetpack_sharing_enabled":true,"_links":{"self":[{"href":"https:\/\/elregionalvm.com.ar\/noticias-villa-maria\/wp-json\/wp\/v2\/posts\/79822","targetHints":{"allow":["GET"]}}],"collection":[{"href":"https:\/\/elregionalvm.com.ar\/noticias-villa-maria\/wp-json\/wp\/v2\/posts"}],"about":[{"href":"https:\/\/elregionalvm.com.ar\/noticias-villa-maria\/wp-json\/wp\/v2\/types\/post"}],"author":[{"embeddable":true,"href":"https:\/\/elregionalvm.com.ar\/noticias-villa-maria\/wp-json\/wp\/v2\/users\/4"}],"replies":[{"embeddable":true,"href":"https:\/\/elregionalvm.com.ar\/noticias-villa-maria\/wp-json\/wp\/v2\/comments?post=79822"}],"version-history":[{"count":2,"href":"https:\/\/elregionalvm.com.ar\/noticias-villa-maria\/wp-json\/wp\/v2\/posts\/79822\/revisions"}],"predecessor-version":[{"id":79825,"href":"https:\/\/elregionalvm.com.ar\/noticias-villa-maria\/wp-json\/wp\/v2\/posts\/79822\/revisions\/79825"}],"wp:featuredmedia":[{"embeddable":true,"href":"https:\/\/elregionalvm.com.ar\/noticias-villa-maria\/wp-json\/wp\/v2\/media\/79824"}],"wp:attachment":[{"href":"https:\/\/elregionalvm.com.ar\/noticias-villa-maria\/wp-json\/wp\/v2\/media?parent=79822"}],"wp:term":[{"taxonomy":"category","embeddable":true,"href":"https:\/\/elregionalvm.com.ar\/noticias-villa-maria\/wp-json\/wp\/v2\/categories?post=79822"},{"taxonomy":"post_tag","embeddable":true,"href":"https:\/\/elregionalvm.com.ar\/noticias-villa-maria\/wp-json\/wp\/v2\/tags?post=79822"}],"curies":[{"name":"wp","href":"https:\/\/api.w.org\/{rel}","templated":true}]}}