{"id":79826,"date":"2023-07-19T22:15:56","date_gmt":"2023-07-19T22:15:56","guid":{"rendered":"https:\/\/elregionalvm.com.ar\/noticias-villa-maria\/?p=79826"},"modified":"2023-07-23T23:30:18","modified_gmt":"2023-07-23T23:30:18","slug":"dia-del-amigo-la-historia-de-mil-cartas-cien-paises-cinco-dedos-y-una-fecha-especial","status":"publish","type":"post","link":"https:\/\/elregionalvm.com.ar\/noticias-villa-maria\/dia-del-amigo-la-historia-de-mil-cartas-cien-paises-cinco-dedos-y-una-fecha-especial\/","title":{"rendered":"D\u00eda del Amigo: La historia de mil cartas, cien pa\u00edses, cinco dedos y una fecha especial"},"content":{"rendered":"\n<p><\/p>\n\n\n\n<p><\/p>\n\n\n\n<p><\/p>\n\n\n\n<p>Este jueves 20 de julio es el d\u00eda del amigo. Qu\u00e9 novedad, \u00bfno?<\/p>\n\n\n\n<p>Nunca fue un d\u00eda com\u00fan. Menos en tiempos pospand\u00e9micos.<\/p>\n\n\n\n<p>Es diferente porque habr\u00e1, casi como bastantes veces durante el resto del a\u00f1o, celebraciones multitudinarias, festejos compartidos y extendidos durante varios d\u00edas con las barras del cole, de la infancia, del trabajo, del gimnasio, del barrio, de la cuadra, del club, del boliche o, simplemente, con los amigos de fierro. Aunque sean unos pocos, uno o dos.<\/p>\n\n\n\n<p>Esos que llegan en cualquier momento a nuestras vidas y que siempre est\u00e1n. Est\u00e1n, a prueba de kil\u00f3metros, calendarios, ausencias, viejos rencores y llamadas que no llegan.&nbsp;<\/p>\n\n\n\n<p>Amigo: una condici\u00f3n que no cambia, pero que se renueva cada d\u00eda. Que va m\u00e1s all\u00e1 de una marca en el almanaque, de un listado de contactos del celular o de Facebook, o de una lista de seguidores en Instagram o Tik-Tok.<\/p>\n\n\n\n<p><\/p>\n\n\n\n<figure class=\"wp-block-image size-full is-resized\"><img data-recalc-dims=\"1\" fetchpriority=\"high\" decoding=\"async\" src=\"https:\/\/i0.wp.com\/elregionalvm.com.ar\/noticias-villa-maria\/wp-content\/uploads\/2023\/07\/amistad-amigos.png?resize=909%2C570&#038;ssl=1\" alt=\"\" class=\"wp-image-79828\" width=\"909\" height=\"570\" srcset=\"https:\/\/i0.wp.com\/elregionalvm.com.ar\/noticias-villa-maria\/wp-content\/uploads\/2023\/07\/amistad-amigos.png?w=800&amp;ssl=1 800w, https:\/\/i0.wp.com\/elregionalvm.com.ar\/noticias-villa-maria\/wp-content\/uploads\/2023\/07\/amistad-amigos.png?resize=300%2C188&amp;ssl=1 300w, https:\/\/i0.wp.com\/elregionalvm.com.ar\/noticias-villa-maria\/wp-content\/uploads\/2023\/07\/amistad-amigos.png?resize=768%2C482&amp;ssl=1 768w\" sizes=\"(max-width: 909px) 100vw, 909px\" \/><\/figure>\n\n\n\n<p><\/p>\n\n\n\n<p>Y un d\u00eda que arrastra un motivo (para algunos algo zonzo) detr\u00e1s de su conmemoraci\u00f3n (como la hermandad detr\u00e1s de la llegada del hombre a la Luna), y que la publicidad y el marketing, dig\u00e1moslo tambi\u00e9n, han convertido en un gran negocio en los \u00faltimos a\u00f1os.<\/p>\n\n\n\n<p>Casi superior o a la par de otros grandes rituales comerciales, como el D\u00eda de la Madre, del Ni\u00f1o o del Padre.<\/p>\n\n\n\n<p><strong>Una historia sencilla<\/strong><\/p>\n\n\n\n<p>Como dec\u00eda, no importa si son dos o tres o veinte. O cinco, que es el n\u00famero exacto de amigos que uno deber\u00eda tener para darse por satisfecho, seg\u00fan el impulsor y creador de este d\u00eda.<\/p>\n\n\n\n<p>Dejame que te cuente una breve historia de las mil cartas, los cien pa\u00edses y los cinco dedos.<\/p>\n\n\n\n<p>Se llamaba Enrique Febbraro. Era odont\u00f3logo, m\u00fasico, profesor de psicolog\u00eda, filosof\u00eda, historia y socio fundador de un Rotary Club. Pero, m\u00e1s all\u00e1 de su extenso curriculum, pas\u00f3 a la historia por otra cosa.<\/p>\n\n\n\n<p>La hago corta. El 20 de julio de 1969 dicen que el hombre lleg\u00f3 a la Luna. En verdad, fueron los estadounidenses que proclamaron que era \u201cun peque\u00f1o paso para el hombre y un gran salto para la humanidad\u201d.<\/p>\n\n\n\n<p>El se\u00f1or vio la transmisi\u00f3n por televisi\u00f3n en su casa de Lomas de Zamora y pens\u00f3 que ser\u00eda una buena idea buscar aliados para que ese d\u00eda se consagrara a celebrar la amistad. Un d\u00eda internacional del amigo, para recordar esa gesta que supuestamente herman\u00f3 o amist\u00f3 a medio planeta.<\/p>\n\n\n\n<p><\/p>\n\n\n\n<figure class=\"wp-block-image size-full\"><img data-recalc-dims=\"1\" decoding=\"async\" width=\"1000\" height=\"665\" src=\"https:\/\/i0.wp.com\/elregionalvm.com.ar\/noticias-villa-maria\/wp-content\/uploads\/2023\/01\/amigos-bici-1.jpg?resize=1000%2C665&#038;ssl=1\" alt=\"\" class=\"wp-image-69851\" srcset=\"https:\/\/i0.wp.com\/elregionalvm.com.ar\/noticias-villa-maria\/wp-content\/uploads\/2023\/01\/amigos-bici-1.jpg?w=1000&amp;ssl=1 1000w, https:\/\/i0.wp.com\/elregionalvm.com.ar\/noticias-villa-maria\/wp-content\/uploads\/2023\/01\/amigos-bici-1.jpg?resize=300%2C200&amp;ssl=1 300w, https:\/\/i0.wp.com\/elregionalvm.com.ar\/noticias-villa-maria\/wp-content\/uploads\/2023\/01\/amigos-bici-1.jpg?resize=768%2C511&amp;ssl=1 768w\" sizes=\"(max-width: 1000px) 100vw, 1000px\" \/><\/figure>\n\n\n\n<p><\/p>\n\n\n\n<p>As\u00ed es que, sin internet, sin Whatsapp, ni Facebook, que quiz\u00e1s le hubieran servido de mucho por entonces, cuenta la leyenda que redact\u00f3 unas mil cartas y las envi\u00f3 a destinatarios de cien pa\u00edses. Y que recibi\u00f3 unas setecientas respuestas. Y que unos 50 a\u00f1os despu\u00e9s de aquella idea en casi cien pa\u00edses se celebra el D\u00eda del Amigo.<\/p>\n\n\n\n<p>\u00abViv\u00ed el alunizaje del m\u00f3dulo (Apolo 13) como un gesto de amistad de la humanidad hacia el universo y al mismo tiempo me dije que un pueblo de amigos ser\u00eda una naci\u00f3n imbatible. \u00a1Ya est\u00e1, el 20 de julio es el d\u00eda elegido!\u00bb, argument\u00f3 a quienes leyeron su mensaje.<\/p>\n\n\n\n<p>Este se\u00f1or amiguero hasta ten\u00eda un listado de mandamientos para conservar la amistad.<\/p>\n\n\n\n<p>\u201cUn amigo no aconseja, se mete en el problema, se embrolla, y ayuda al otro\u201d, era el primero.<\/p>\n\n\n\n<p>En una entrevista con La Voz del Interior, que ser\u00eda la \u00faltima en su vida, le preguntaron si ten\u00eda muchos amigos. Y Don Enrique no contest\u00f3 que le gustar\u00eda tener un mill\u00f3n de amigos, al estilo del brasile\u00f1o Roberto Carlos. Aunque con su iniciativa se haya ganado unos cuantos.<\/p>\n\n\n\n<p>\u00c9l dec\u00eda que no hac\u00eda falta tener tantos. \u201cEso de que \u2018yo quiero tener un mill\u00f3n de amigos\u2019 es el bolazo m\u00e1s grande que escuch\u00e9\u201d.<\/p>\n\n\n\n<p>Y ah\u00ed se miraba la mano.<\/p>\n\n\n\n<p>\u201cEl n\u00famero de amigos que uno debe tener est\u00e1 se\u00f1alado por los dedos de la mano izquierda. Si usted tiene cinco amigos, ya dese por satisfecho porque ha conseguido la mayor joya\u201d, sentenciaba.<\/p>\n\n\n\n<p>En otras palabras, \u201cpocos, pero buenos\u201d.<\/p>\n\n\n\n<p>Y vos, \u00bfya te pusiste a contar con los dedos de tu mano?<\/p>\n\n\n\n<p><\/p>\n\n\n\n<p><strong>Feliz D\u00eda a nuestros amigos y lectores.\u00a0<\/strong><\/p>\n\n\n\n<p><\/p>\n\n\n\n<p><strong>Porque ser amigo significa serlo a\u00fan en las diferencias.<\/strong><\/p>\n","protected":false},"excerpt":{"rendered":"<p>Este jueves 20 de julio es el d\u00eda del amigo. Qu\u00e9 novedad, \u00bfno? Nunca fue un d\u00eda com\u00fan. Menos en tiempos pospand\u00e9micos. Es diferente porque habr\u00e1, casi como bastantes veces durante el resto del a\u00f1o, celebraciones multitudinarias, festejos compartidos y extendidos durante varios d\u00edas con las barras del cole, de la infancia, del trabajo, del [&hellip;]<\/p>\n","protected":false},"author":6,"featured_media":79829,"comment_status":"open","ping_status":"open","sticky":false,"template":"","format":"standard","meta":{"site-sidebar-layout":"default","site-content-layout":"","ast-site-content-layout":"default","site-content-style":"default","site-sidebar-style":"default","ast-global-header-display":"","ast-banner-title-visibility":"","ast-main-header-display":"","ast-hfb-above-header-display":"","ast-hfb-below-header-display":"","ast-hfb-mobile-header-display":"","site-post-title":"","ast-breadcrumbs-content":"","ast-featured-img":"","footer-sml-layout":"","ast-disable-related-posts":"","theme-transparent-header-meta":"","adv-header-id-meta":"","stick-header-meta":"","header-above-stick-meta":"","header-main-stick-meta":"","header-below-stick-meta":"","astra-migrate-meta-layouts":"default","ast-page-background-enabled":"default","ast-page-background-meta":{"desktop":{"background-color":"","background-image":"","background-repeat":"repeat","background-position":"center center","background-size":"auto","background-attachment":"scroll","background-type":"","background-media":"","overlay-type":"","overlay-color":"","overlay-opacity":"","overlay-gradient":""},"tablet":{"background-color":"","background-image":"","background-repeat":"repeat","background-position":"center center","background-size":"auto","background-attachment":"scroll","background-type":"","background-media":"","overlay-type":"","overlay-color":"","overlay-opacity":"","overlay-gradient":""},"mobile":{"background-color":"","background-image":"","background-repeat":"repeat","background-position":"center center","background-size":"auto","background-attachment":"scroll","background-type":"","background-media":"","overlay-type":"","overlay-color":"","overlay-opacity":"","overlay-gradient":""}},"ast-content-background-meta":{"desktop":{"background-color":"var(--ast-global-color-5)","background-image":"","background-repeat":"repeat","background-position":"center center","background-size":"auto","background-attachment":"scroll","background-type":"","background-media":"","overlay-type":"","overlay-color":"","overlay-opacity":"","overlay-gradient":""},"tablet":{"background-color":"var(--ast-global-color-5)","background-image":"","background-repeat":"repeat","background-position":"center center","background-size":"auto","background-attachment":"scroll","background-type":"","background-media":"","overlay-type":"","overlay-color":"","overlay-opacity":"","overlay-gradient":""},"mobile":{"background-color":"var(--ast-global-color-5)","background-image":"","background-repeat":"repeat","background-position":"center center","background-size":"auto","background-attachment":"scroll","background-type":"","background-media":"","overlay-type":"","overlay-color":"","overlay-opacity":"","overlay-gradient":""}},"_jetpack_memberships_contains_paid_content":false,"_joinchat":[],"footnotes":""},"categories":[2098,3557],"tags":[22605,22602,1293,22601,1084,1052,22604,2672,22603,1386,7525,3349,11475],"class_list":["post-79826","post","type-post","status-publish","format-standard","has-post-thumbnail","hentry","category-historias","category-tercera","tag-22605","tag-20-de-julio","tag-amigo","tag-amistad","tag-cartas","tag-creador","tag-dedos","tag-dia-del-amigo","tag-fecha-especial","tag-historias","tag-llegada-del-hombre-a-la-luna","tag-luna","tag-paises"],"yoast_head":"<!-- This site is optimized with the Yoast SEO plugin v26.8 - https:\/\/yoast.com\/product\/yoast-seo-wordpress\/ -->\n<title>D\u00eda del Amigo: La historia de mil cartas, cien pa\u00edses, cinco dedos y una fecha especial - El Regional<\/title>\n<meta name=\"robots\" content=\"index, follow, max-snippet:-1, max-image-preview:large, max-video-preview:-1\" \/>\n<link rel=\"canonical\" href=\"http:\/\/elregionalvm.com.ar\/noticias-villa-maria\/dia-del-amigo-la-historia-de-mil-cartas-cien-paises-cinco-dedos-y-una-fecha-especial\/\" \/>\n<meta property=\"og:locale\" content=\"es_ES\" \/>\n<meta property=\"og:type\" content=\"article\" \/>\n<meta property=\"og:title\" content=\"D\u00eda del Amigo: La historia de mil cartas, cien pa\u00edses, cinco dedos y una fecha especial - El Regional\" \/>\n<meta property=\"og:description\" content=\"Este jueves 20 de julio es el d\u00eda del amigo. Qu\u00e9 novedad, \u00bfno? Nunca fue un d\u00eda com\u00fan. Menos en tiempos pospand\u00e9micos. Es diferente porque habr\u00e1, casi como bastantes veces durante el resto del a\u00f1o, celebraciones multitudinarias, festejos compartidos y extendidos durante varios d\u00edas con las barras del cole, de la infancia, del trabajo, del [&hellip;]\" \/>\n<meta property=\"og:url\" content=\"http:\/\/elregionalvm.com.ar\/noticias-villa-maria\/dia-del-amigo-la-historia-de-mil-cartas-cien-paises-cinco-dedos-y-una-fecha-especial\/\" \/>\n<meta property=\"og:site_name\" content=\"El Regional\" \/>\n<meta property=\"article:publisher\" content=\"https:\/\/www.facebook.com\/elregionalvm\" \/>\n<meta property=\"article:published_time\" content=\"2023-07-19T22:15:56+00:00\" \/>\n<meta property=\"article:modified_time\" content=\"2023-07-23T23:30:18+00:00\" \/>\n<meta property=\"og:image\" content=\"http:\/\/elregionalvm.com.ar\/noticias-villa-maria\/wp-content\/uploads\/2023\/07\/Amigos-abrazados.jpg\" \/>\n\t<meta property=\"og:image:width\" content=\"1280\" \/>\n\t<meta property=\"og:image:height\" content=\"854\" \/>\n\t<meta property=\"og:image:type\" content=\"image\/jpeg\" \/>\n<meta name=\"author\" content=\"Germ\u00e1n Giacchero\" \/>\n<meta name=\"twitter:card\" content=\"summary_large_image\" \/>\n<meta name=\"twitter:creator\" content=\"@elregionalvm1\" \/>\n<meta name=\"twitter:site\" content=\"@elregionalvm1\" \/>\n<meta name=\"twitter:label1\" content=\"Escrito por\" \/>\n\t<meta name=\"twitter:data1\" content=\"Germ\u00e1n Giacchero\" \/>\n\t<meta name=\"twitter:label2\" content=\"Tiempo de lectura\" \/>\n\t<meta name=\"twitter:data2\" content=\"4 minutos\" \/>\n<script type=\"application\/ld+json\" class=\"yoast-schema-graph\">{\"@context\":\"https:\/\/schema.org\",\"@graph\":[{\"@type\":\"Article\",\"@id\":\"http:\/\/elregionalvm.com.ar\/noticias-villa-maria\/dia-del-amigo-la-historia-de-mil-cartas-cien-paises-cinco-dedos-y-una-fecha-especial\/#article\",\"isPartOf\":{\"@id\":\"http:\/\/elregionalvm.com.ar\/noticias-villa-maria\/dia-del-amigo-la-historia-de-mil-cartas-cien-paises-cinco-dedos-y-una-fecha-especial\/\"},\"author\":{\"name\":\"Germ\u00e1n Giacchero\",\"@id\":\"http:\/\/elregionalvm.com.ar\/noticias-villa-maria\/#\/schema\/person\/d5e4b04966154131701e52c45d3efec9\"},\"headline\":\"D\u00eda del Amigo: La historia de mil cartas, cien pa\u00edses, cinco dedos y una fecha especial\",\"datePublished\":\"2023-07-19T22:15:56+00:00\",\"dateModified\":\"2023-07-23T23:30:18+00:00\",\"mainEntityOfPage\":{\"@id\":\"http:\/\/elregionalvm.com.ar\/noticias-villa-maria\/dia-del-amigo-la-historia-de-mil-cartas-cien-paises-cinco-dedos-y-una-fecha-especial\/\"},\"wordCount\":759,\"commentCount\":0,\"image\":{\"@id\":\"http:\/\/elregionalvm.com.ar\/noticias-villa-maria\/dia-del-amigo-la-historia-de-mil-cartas-cien-paises-cinco-dedos-y-una-fecha-especial\/#primaryimage\"},\"thumbnailUrl\":\"https:\/\/i0.wp.com\/elregionalvm.com.ar\/noticias-villa-maria\/wp-content\/uploads\/2023\/07\/Amigos-abrazados.jpg?fit=1280%2C854&ssl=1\",\"keywords\":[\"1969\",\"20 de julio\",\"Amigo\",\"amistad\",\"cartas\",\"Creador\",\"dedos\",\"D\u00eda del amigo\",\"fecha especial\",\"historias\",\"llegada del hombre a la Luna\",\"Luna\",\"pa\u00edses\"],\"articleSection\":[\"Historias\",\"tercera\"],\"inLanguage\":\"es\",\"potentialAction\":[{\"@type\":\"CommentAction\",\"name\":\"Comment\",\"target\":[\"http:\/\/elregionalvm.com.ar\/noticias-villa-maria\/dia-del-amigo-la-historia-de-mil-cartas-cien-paises-cinco-dedos-y-una-fecha-especial\/#respond\"]}]},{\"@type\":\"WebPage\",\"@id\":\"http:\/\/elregionalvm.com.ar\/noticias-villa-maria\/dia-del-amigo-la-historia-de-mil-cartas-cien-paises-cinco-dedos-y-una-fecha-especial\/\",\"url\":\"http:\/\/elregionalvm.com.ar\/noticias-villa-maria\/dia-del-amigo-la-historia-de-mil-cartas-cien-paises-cinco-dedos-y-una-fecha-especial\/\",\"name\":\"D\u00eda del Amigo: La historia de mil cartas, cien pa\u00edses, cinco dedos y una fecha especial - El Regional\",\"isPartOf\":{\"@id\":\"http:\/\/elregionalvm.com.ar\/noticias-villa-maria\/#website\"},\"primaryImageOfPage\":{\"@id\":\"http:\/\/elregionalvm.com.ar\/noticias-villa-maria\/dia-del-amigo-la-historia-de-mil-cartas-cien-paises-cinco-dedos-y-una-fecha-especial\/#primaryimage\"},\"image\":{\"@id\":\"http:\/\/elregionalvm.com.ar\/noticias-villa-maria\/dia-del-amigo-la-historia-de-mil-cartas-cien-paises-cinco-dedos-y-una-fecha-especial\/#primaryimage\"},\"thumbnailUrl\":\"https:\/\/i0.wp.com\/elregionalvm.com.ar\/noticias-villa-maria\/wp-content\/uploads\/2023\/07\/Amigos-abrazados.jpg?fit=1280%2C854&ssl=1\",\"datePublished\":\"2023-07-19T22:15:56+00:00\",\"dateModified\":\"2023-07-23T23:30:18+00:00\",\"author\":{\"@id\":\"http:\/\/elregionalvm.com.ar\/noticias-villa-maria\/#\/schema\/person\/d5e4b04966154131701e52c45d3efec9\"},\"breadcrumb\":{\"@id\":\"http:\/\/elregionalvm.com.ar\/noticias-villa-maria\/dia-del-amigo-la-historia-de-mil-cartas-cien-paises-cinco-dedos-y-una-fecha-especial\/#breadcrumb\"},\"inLanguage\":\"es\",\"potentialAction\":[{\"@type\":\"ReadAction\",\"target\":[\"http:\/\/elregionalvm.com.ar\/noticias-villa-maria\/dia-del-amigo-la-historia-de-mil-cartas-cien-paises-cinco-dedos-y-una-fecha-especial\/\"]}]},{\"@type\":\"ImageObject\",\"inLanguage\":\"es\",\"@id\":\"http:\/\/elregionalvm.com.ar\/noticias-villa-maria\/dia-del-amigo-la-historia-de-mil-cartas-cien-paises-cinco-dedos-y-una-fecha-especial\/#primaryimage\",\"url\":\"https:\/\/i0.wp.com\/elregionalvm.com.ar\/noticias-villa-maria\/wp-content\/uploads\/2023\/07\/Amigos-abrazados.jpg?fit=1280%2C854&ssl=1\",\"contentUrl\":\"https:\/\/i0.wp.com\/elregionalvm.com.ar\/noticias-villa-maria\/wp-content\/uploads\/2023\/07\/Amigos-abrazados.jpg?fit=1280%2C854&ssl=1\",\"width\":1280,\"height\":854},{\"@type\":\"BreadcrumbList\",\"@id\":\"http:\/\/elregionalvm.com.ar\/noticias-villa-maria\/dia-del-amigo-la-historia-de-mil-cartas-cien-paises-cinco-dedos-y-una-fecha-especial\/#breadcrumb\",\"itemListElement\":[{\"@type\":\"ListItem\",\"position\":1,\"name\":\"Portada\",\"item\":\"https:\/\/elregionalvm.com.ar\/noticias-villa-maria\/\"},{\"@type\":\"ListItem\",\"position\":2,\"name\":\"D\u00eda del Amigo: La historia de mil cartas, cien pa\u00edses, cinco dedos y una fecha especial\"}]},{\"@type\":\"WebSite\",\"@id\":\"http:\/\/elregionalvm.com.ar\/noticias-villa-maria\/#website\",\"url\":\"http:\/\/elregionalvm.com.ar\/noticias-villa-maria\/\",\"name\":\"El Regional\",\"description\":\"Mucho m\u00e1s que informaci\u00f3n\",\"potentialAction\":[{\"@type\":\"SearchAction\",\"target\":{\"@type\":\"EntryPoint\",\"urlTemplate\":\"http:\/\/elregionalvm.com.ar\/noticias-villa-maria\/?s={search_term_string}\"},\"query-input\":{\"@type\":\"PropertyValueSpecification\",\"valueRequired\":true,\"valueName\":\"search_term_string\"}}],\"inLanguage\":\"es\"},{\"@type\":\"Person\",\"@id\":\"http:\/\/elregionalvm.com.ar\/noticias-villa-maria\/#\/schema\/person\/d5e4b04966154131701e52c45d3efec9\",\"name\":\"Germ\u00e1n Giacchero\",\"image\":{\"@type\":\"ImageObject\",\"inLanguage\":\"es\",\"@id\":\"http:\/\/elregionalvm.com.ar\/noticias-villa-maria\/#\/schema\/person\/image\/\",\"url\":\"https:\/\/secure.gravatar.com\/avatar\/fda163ba5ef0307ee5be9846e10f83b6e83d0cfb260d3b2464830318894c6b04?s=96&d=mm&r=g\",\"contentUrl\":\"https:\/\/secure.gravatar.com\/avatar\/fda163ba5ef0307ee5be9846e10f83b6e83d0cfb260d3b2464830318894c6b04?s=96&d=mm&r=g\",\"caption\":\"Germ\u00e1n Giacchero\"},\"url\":\"https:\/\/elregionalvm.com.ar\/noticias-villa-maria\/author\/germangiacchero\/\"}]}<\/script>\n<!-- \/ Yoast SEO plugin. -->","yoast_head_json":{"title":"D\u00eda del Amigo: La historia de mil cartas, cien pa\u00edses, cinco dedos y una fecha especial - El Regional","robots":{"index":"index","follow":"follow","max-snippet":"max-snippet:-1","max-image-preview":"max-image-preview:large","max-video-preview":"max-video-preview:-1"},"canonical":"http:\/\/elregionalvm.com.ar\/noticias-villa-maria\/dia-del-amigo-la-historia-de-mil-cartas-cien-paises-cinco-dedos-y-una-fecha-especial\/","og_locale":"es_ES","og_type":"article","og_title":"D\u00eda del Amigo: La historia de mil cartas, cien pa\u00edses, cinco dedos y una fecha especial - El Regional","og_description":"Este jueves 20 de julio es el d\u00eda del amigo. Qu\u00e9 novedad, \u00bfno? Nunca fue un d\u00eda com\u00fan. Menos en tiempos pospand\u00e9micos. Es diferente porque habr\u00e1, casi como bastantes veces durante el resto del a\u00f1o, celebraciones multitudinarias, festejos compartidos y extendidos durante varios d\u00edas con las barras del cole, de la infancia, del trabajo, del [&hellip;]","og_url":"http:\/\/elregionalvm.com.ar\/noticias-villa-maria\/dia-del-amigo-la-historia-de-mil-cartas-cien-paises-cinco-dedos-y-una-fecha-especial\/","og_site_name":"El Regional","article_publisher":"https:\/\/www.facebook.com\/elregionalvm","article_published_time":"2023-07-19T22:15:56+00:00","article_modified_time":"2023-07-23T23:30:18+00:00","og_image":[{"width":1280,"height":854,"url":"http:\/\/elregionalvm.com.ar\/noticias-villa-maria\/wp-content\/uploads\/2023\/07\/Amigos-abrazados.jpg","type":"image\/jpeg"}],"author":"Germ\u00e1n Giacchero","twitter_card":"summary_large_image","twitter_creator":"@elregionalvm1","twitter_site":"@elregionalvm1","twitter_misc":{"Escrito por":"Germ\u00e1n Giacchero","Tiempo de lectura":"4 minutos"},"schema":{"@context":"https:\/\/schema.org","@graph":[{"@type":"Article","@id":"http:\/\/elregionalvm.com.ar\/noticias-villa-maria\/dia-del-amigo-la-historia-de-mil-cartas-cien-paises-cinco-dedos-y-una-fecha-especial\/#article","isPartOf":{"@id":"http:\/\/elregionalvm.com.ar\/noticias-villa-maria\/dia-del-amigo-la-historia-de-mil-cartas-cien-paises-cinco-dedos-y-una-fecha-especial\/"},"author":{"name":"Germ\u00e1n Giacchero","@id":"http:\/\/elregionalvm.com.ar\/noticias-villa-maria\/#\/schema\/person\/d5e4b04966154131701e52c45d3efec9"},"headline":"D\u00eda del Amigo: La historia de mil cartas, cien pa\u00edses, cinco dedos y una fecha especial","datePublished":"2023-07-19T22:15:56+00:00","dateModified":"2023-07-23T23:30:18+00:00","mainEntityOfPage":{"@id":"http:\/\/elregionalvm.com.ar\/noticias-villa-maria\/dia-del-amigo-la-historia-de-mil-cartas-cien-paises-cinco-dedos-y-una-fecha-especial\/"},"wordCount":759,"commentCount":0,"image":{"@id":"http:\/\/elregionalvm.com.ar\/noticias-villa-maria\/dia-del-amigo-la-historia-de-mil-cartas-cien-paises-cinco-dedos-y-una-fecha-especial\/#primaryimage"},"thumbnailUrl":"https:\/\/i0.wp.com\/elregionalvm.com.ar\/noticias-villa-maria\/wp-content\/uploads\/2023\/07\/Amigos-abrazados.jpg?fit=1280%2C854&ssl=1","keywords":["1969","20 de julio","Amigo","amistad","cartas","Creador","dedos","D\u00eda del amigo","fecha especial","historias","llegada del hombre a la Luna","Luna","pa\u00edses"],"articleSection":["Historias","tercera"],"inLanguage":"es","potentialAction":[{"@type":"CommentAction","name":"Comment","target":["http:\/\/elregionalvm.com.ar\/noticias-villa-maria\/dia-del-amigo-la-historia-de-mil-cartas-cien-paises-cinco-dedos-y-una-fecha-especial\/#respond"]}]},{"@type":"WebPage","@id":"http:\/\/elregionalvm.com.ar\/noticias-villa-maria\/dia-del-amigo-la-historia-de-mil-cartas-cien-paises-cinco-dedos-y-una-fecha-especial\/","url":"http:\/\/elregionalvm.com.ar\/noticias-villa-maria\/dia-del-amigo-la-historia-de-mil-cartas-cien-paises-cinco-dedos-y-una-fecha-especial\/","name":"D\u00eda del Amigo: La historia de mil cartas, cien pa\u00edses, cinco dedos y una fecha especial - El Regional","isPartOf":{"@id":"http:\/\/elregionalvm.com.ar\/noticias-villa-maria\/#website"},"primaryImageOfPage":{"@id":"http:\/\/elregionalvm.com.ar\/noticias-villa-maria\/dia-del-amigo-la-historia-de-mil-cartas-cien-paises-cinco-dedos-y-una-fecha-especial\/#primaryimage"},"image":{"@id":"http:\/\/elregionalvm.com.ar\/noticias-villa-maria\/dia-del-amigo-la-historia-de-mil-cartas-cien-paises-cinco-dedos-y-una-fecha-especial\/#primaryimage"},"thumbnailUrl":"https:\/\/i0.wp.com\/elregionalvm.com.ar\/noticias-villa-maria\/wp-content\/uploads\/2023\/07\/Amigos-abrazados.jpg?fit=1280%2C854&ssl=1","datePublished":"2023-07-19T22:15:56+00:00","dateModified":"2023-07-23T23:30:18+00:00","author":{"@id":"http:\/\/elregionalvm.com.ar\/noticias-villa-maria\/#\/schema\/person\/d5e4b04966154131701e52c45d3efec9"},"breadcrumb":{"@id":"http:\/\/elregionalvm.com.ar\/noticias-villa-maria\/dia-del-amigo-la-historia-de-mil-cartas-cien-paises-cinco-dedos-y-una-fecha-especial\/#breadcrumb"},"inLanguage":"es","potentialAction":[{"@type":"ReadAction","target":["http:\/\/elregionalvm.com.ar\/noticias-villa-maria\/dia-del-amigo-la-historia-de-mil-cartas-cien-paises-cinco-dedos-y-una-fecha-especial\/"]}]},{"@type":"ImageObject","inLanguage":"es","@id":"http:\/\/elregionalvm.com.ar\/noticias-villa-maria\/dia-del-amigo-la-historia-de-mil-cartas-cien-paises-cinco-dedos-y-una-fecha-especial\/#primaryimage","url":"https:\/\/i0.wp.com\/elregionalvm.com.ar\/noticias-villa-maria\/wp-content\/uploads\/2023\/07\/Amigos-abrazados.jpg?fit=1280%2C854&ssl=1","contentUrl":"https:\/\/i0.wp.com\/elregionalvm.com.ar\/noticias-villa-maria\/wp-content\/uploads\/2023\/07\/Amigos-abrazados.jpg?fit=1280%2C854&ssl=1","width":1280,"height":854},{"@type":"BreadcrumbList","@id":"http:\/\/elregionalvm.com.ar\/noticias-villa-maria\/dia-del-amigo-la-historia-de-mil-cartas-cien-paises-cinco-dedos-y-una-fecha-especial\/#breadcrumb","itemListElement":[{"@type":"ListItem","position":1,"name":"Portada","item":"https:\/\/elregionalvm.com.ar\/noticias-villa-maria\/"},{"@type":"ListItem","position":2,"name":"D\u00eda del Amigo: La historia de mil cartas, cien pa\u00edses, cinco dedos y una fecha especial"}]},{"@type":"WebSite","@id":"http:\/\/elregionalvm.com.ar\/noticias-villa-maria\/#website","url":"http:\/\/elregionalvm.com.ar\/noticias-villa-maria\/","name":"El Regional","description":"Mucho m\u00e1s que informaci\u00f3n","potentialAction":[{"@type":"SearchAction","target":{"@type":"EntryPoint","urlTemplate":"http:\/\/elregionalvm.com.ar\/noticias-villa-maria\/?s={search_term_string}"},"query-input":{"@type":"PropertyValueSpecification","valueRequired":true,"valueName":"search_term_string"}}],"inLanguage":"es"},{"@type":"Person","@id":"http:\/\/elregionalvm.com.ar\/noticias-villa-maria\/#\/schema\/person\/d5e4b04966154131701e52c45d3efec9","name":"Germ\u00e1n Giacchero","image":{"@type":"ImageObject","inLanguage":"es","@id":"http:\/\/elregionalvm.com.ar\/noticias-villa-maria\/#\/schema\/person\/image\/","url":"https:\/\/secure.gravatar.com\/avatar\/fda163ba5ef0307ee5be9846e10f83b6e83d0cfb260d3b2464830318894c6b04?s=96&d=mm&r=g","contentUrl":"https:\/\/secure.gravatar.com\/avatar\/fda163ba5ef0307ee5be9846e10f83b6e83d0cfb260d3b2464830318894c6b04?s=96&d=mm&r=g","caption":"Germ\u00e1n Giacchero"},"url":"https:\/\/elregionalvm.com.ar\/noticias-villa-maria\/author\/germangiacchero\/"}]}},"jetpack_featured_media_url":"https:\/\/i0.wp.com\/elregionalvm.com.ar\/noticias-villa-maria\/wp-content\/uploads\/2023\/07\/Amigos-abrazados.jpg?fit=1280%2C854&ssl=1","jetpack_sharing_enabled":true,"_links":{"self":[{"href":"https:\/\/elregionalvm.com.ar\/noticias-villa-maria\/wp-json\/wp\/v2\/posts\/79826","targetHints":{"allow":["GET"]}}],"collection":[{"href":"https:\/\/elregionalvm.com.ar\/noticias-villa-maria\/wp-json\/wp\/v2\/posts"}],"about":[{"href":"https:\/\/elregionalvm.com.ar\/noticias-villa-maria\/wp-json\/wp\/v2\/types\/post"}],"author":[{"embeddable":true,"href":"https:\/\/elregionalvm.com.ar\/noticias-villa-maria\/wp-json\/wp\/v2\/users\/6"}],"replies":[{"embeddable":true,"href":"https:\/\/elregionalvm.com.ar\/noticias-villa-maria\/wp-json\/wp\/v2\/comments?post=79826"}],"version-history":[{"count":2,"href":"https:\/\/elregionalvm.com.ar\/noticias-villa-maria\/wp-json\/wp\/v2\/posts\/79826\/revisions"}],"predecessor-version":[{"id":79830,"href":"https:\/\/elregionalvm.com.ar\/noticias-villa-maria\/wp-json\/wp\/v2\/posts\/79826\/revisions\/79830"}],"wp:featuredmedia":[{"embeddable":true,"href":"https:\/\/elregionalvm.com.ar\/noticias-villa-maria\/wp-json\/wp\/v2\/media\/79829"}],"wp:attachment":[{"href":"https:\/\/elregionalvm.com.ar\/noticias-villa-maria\/wp-json\/wp\/v2\/media?parent=79826"}],"wp:term":[{"taxonomy":"category","embeddable":true,"href":"https:\/\/elregionalvm.com.ar\/noticias-villa-maria\/wp-json\/wp\/v2\/categories?post=79826"},{"taxonomy":"post_tag","embeddable":true,"href":"https:\/\/elregionalvm.com.ar\/noticias-villa-maria\/wp-json\/wp\/v2\/tags?post=79826"}],"curies":[{"name":"wp","href":"https:\/\/api.w.org\/{rel}","templated":true}]}}