{"id":80191,"date":"2023-07-27T16:19:40","date_gmt":"2023-07-27T16:19:40","guid":{"rendered":"https:\/\/elregionalvm.com.ar\/noticias-villa-maria\/?p=80191"},"modified":"2023-07-27T16:19:43","modified_gmt":"2023-07-27T16:19:43","slug":"la-democracia-cristiana-tambien-apoya-a-la-candidatura-de-marcos-bovo","status":"publish","type":"post","link":"https:\/\/elregionalvm.com.ar\/noticias-villa-maria\/la-democracia-cristiana-tambien-apoya-a-la-candidatura-de-marcos-bovo\/","title":{"rendered":"La democracia cristiana tambi\u00e9n apoya a la candidatura de Marcos Bovo"},"content":{"rendered":"\n<p>El secretario de Comunicaciones de la Provincia y candidato a intendente municipal, Marcos Bovo recibi\u00f3 el apoyo del Partido Dem\u00f3crata Cristiano (DC) de cara a las elecciones municipales del 1\u00b0 de octubre.<\/p>\n\n\n\n<p>El acompa\u00f1amiento de la DC se materializ\u00f3 tras un encuentro celebrado entre Bovo y las autoridades del Partido encabezadas por el vicepresidente de la Junta Ejecutiva Provincial, Juan Br\u00fcgge; el vocal Federico Corradini y miembros del equipo t\u00e9cnico, entre ellos, Mario Armida del \u00c1rea de Mercados Regionales.<\/p>\n\n\n\n<p>Al finalizar el encuentro Juan Br\u00fcgge, dijo: \u201cle hemos manifestado a Marcos Bovo nuestro apoyo en su candidatura a intendente, porque entendemos que es una persona que tiene todas las condiciones por su trayectoria en los diferentes cargos a nivel municipal y provincial y por su conocimiento y compromiso con la ciudad de Villa Mar\u00eda\u201d.<\/p>\n\n\n\n<p>\u201cAdem\u00e1s tiene un proyecto para Villa Mar\u00eda y los dem\u00f3cratas cristianos entendemos como el m\u00e1s apto y adecuado, que incluye a todos los sectores y tiene un plan de desarrollo y modernizaci\u00f3n\u201d sostuvo Br\u00fcgge, ex diputado nacional (2015\/2019). Para finalizar destac\u00f3 de Bovo su juventud, experiencia y capacidad de dialogo y construcci\u00f3n de consensos.<\/p>\n\n\n\n<p>A su turno, Marcos Bovo agradeci\u00f3 a los dem\u00f3cratas cristianos el apoyo y dijo: \u201chay que construir una Villa Mar\u00eda donde cada uno de sus vecinos pueda ser protagonista y que las instituciones multipliquen oportunidades \u2013 por eso hay que acompa\u00f1arlas \u2013, y eso se logra solo si trabajamos en equipo y estamos cerca de cada ciudadano\u201d.<\/p>\n\n\n\n<p>Cabe se\u00f1alar que la Democracia Cristiana, integra la coalici\u00f3n oficialista provincial de Hacemos Unidos por C\u00f3rdoba que acompa\u00f1\u00f3 a Mart\u00edn Llaryora en el reciente triunfo provincial y forma parte de la Alianza electoral de Hacemos por Nuestro Pa\u00eds, que impulsa a Juan Schiaretti como pre candidato a Presidente.<\/p>\n\n\n\n<p>Hace unas semanas atr\u00e1s la fuerza pol\u00edtica APEC, Acci\u00f3n Para El Cambio, habia manifestado tambi\u00e9n el apoyo a Marcos Bovo.<\/p>\n","protected":false},"excerpt":{"rendered":"<p>El secretario de Comunicaciones de la Provincia y candidato a intendente municipal, Marcos Bovo recibi\u00f3 el apoyo del Partido Dem\u00f3crata Cristiano (DC) de cara a las elecciones municipales del 1\u00b0 de octubre. El acompa\u00f1amiento de la DC se materializ\u00f3 tras un encuentro celebrado entre Bovo y las autoridades del Partido encabezadas por el vicepresidente de [&hellip;]<\/p>\n","protected":false},"author":4,"featured_media":80192,"comment_status":"open","ping_status":"open","sticky":false,"template":"","format":"standard","meta":{"site-sidebar-layout":"default","site-content-layout":"","ast-site-content-layout":"default","site-content-style":"default","site-sidebar-style":"default","ast-global-header-display":"","ast-banner-title-visibility":"","ast-main-header-display":"","ast-hfb-above-header-display":"","ast-hfb-below-header-display":"","ast-hfb-mobile-header-display":"","site-post-title":"","ast-breadcrumbs-content":"","ast-featured-img":"","footer-sml-layout":"","ast-disable-related-posts":"","theme-transparent-header-meta":"","adv-header-id-meta":"","stick-header-meta":"","header-above-stick-meta":"","header-main-stick-meta":"","header-below-stick-meta":"","astra-migrate-meta-layouts":"default","ast-page-background-enabled":"default","ast-page-background-meta":{"desktop":{"background-color":"","background-image":"","background-repeat":"repeat","background-position":"center center","background-size":"auto","background-attachment":"scroll","background-type":"","background-media":"","overlay-type":"","overlay-color":"","overlay-opacity":"","overlay-gradient":""},"tablet":{"background-color":"","background-image":"","background-repeat":"repeat","background-position":"center center","background-size":"auto","background-attachment":"scroll","background-type":"","background-media":"","overlay-type":"","overlay-color":"","overlay-opacity":"","overlay-gradient":""},"mobile":{"background-color":"","background-image":"","background-repeat":"repeat","background-position":"center center","background-size":"auto","background-attachment":"scroll","background-type":"","background-media":"","overlay-type":"","overlay-color":"","overlay-opacity":"","overlay-gradient":""}},"ast-content-background-meta":{"desktop":{"background-color":"var(--ast-global-color-5)","background-image":"","background-repeat":"repeat","background-position":"center center","background-size":"auto","background-attachment":"scroll","background-type":"","background-media":"","overlay-type":"","overlay-color":"","overlay-opacity":"","overlay-gradient":""},"tablet":{"background-color":"var(--ast-global-color-5)","background-image":"","background-repeat":"repeat","background-position":"center center","background-size":"auto","background-attachment":"scroll","background-type":"","background-media":"","overlay-type":"","overlay-color":"","overlay-opacity":"","overlay-gradient":""},"mobile":{"background-color":"var(--ast-global-color-5)","background-image":"","background-repeat":"repeat","background-position":"center center","background-size":"auto","background-attachment":"scroll","background-type":"","background-media":"","overlay-type":"","overlay-color":"","overlay-opacity":"","overlay-gradient":""}},"_jetpack_memberships_contains_paid_content":false,"_joinchat":[],"footnotes":""},"categories":[15302,16095,5,2],"tags":[],"class_list":["post-80191","post","type-post","status-publish","format-standard","has-post-thumbnail","hentry","category-destacado","category-provinciales","category-sociedad","category-villa-maria"],"yoast_head":"<!-- This site is optimized with the Yoast SEO plugin v26.8 - https:\/\/yoast.com\/product\/yoast-seo-wordpress\/ -->\n<title>La democracia cristiana tambi\u00e9n apoya a la candidatura de Marcos Bovo - El Regional<\/title>\n<meta name=\"robots\" content=\"index, follow, max-snippet:-1, max-image-preview:large, max-video-preview:-1\" \/>\n<link rel=\"canonical\" href=\"http:\/\/elregionalvm.com.ar\/noticias-villa-maria\/la-democracia-cristiana-tambien-apoya-a-la-candidatura-de-marcos-bovo\/\" \/>\n<meta property=\"og:locale\" content=\"es_ES\" \/>\n<meta property=\"og:type\" content=\"article\" \/>\n<meta property=\"og:title\" content=\"La democracia cristiana tambi\u00e9n apoya a la candidatura de Marcos Bovo - El Regional\" \/>\n<meta property=\"og:description\" content=\"El secretario de Comunicaciones de la Provincia y candidato a intendente municipal, Marcos Bovo recibi\u00f3 el apoyo del Partido Dem\u00f3crata Cristiano (DC) de cara a las elecciones municipales del 1\u00b0 de octubre. El acompa\u00f1amiento de la DC se materializ\u00f3 tras un encuentro celebrado entre Bovo y las autoridades del Partido encabezadas por el vicepresidente de [&hellip;]\" \/>\n<meta property=\"og:url\" content=\"http:\/\/elregionalvm.com.ar\/noticias-villa-maria\/la-democracia-cristiana-tambien-apoya-a-la-candidatura-de-marcos-bovo\/\" \/>\n<meta property=\"og:site_name\" content=\"El Regional\" \/>\n<meta property=\"article:publisher\" content=\"https:\/\/www.facebook.com\/elregionalvm\" \/>\n<meta property=\"article:published_time\" content=\"2023-07-27T16:19:40+00:00\" \/>\n<meta property=\"article:modified_time\" content=\"2023-07-27T16:19:43+00:00\" \/>\n<meta property=\"og:image\" content=\"http:\/\/elregionalvm.com.ar\/noticias-villa-maria\/wp-content\/uploads\/2023\/07\/WhatsApp-Image-2023-07-27-at-11.07.58.jpeg\" \/>\n\t<meta property=\"og:image:width\" content=\"1599\" \/>\n\t<meta property=\"og:image:height\" content=\"899\" \/>\n\t<meta property=\"og:image:type\" content=\"image\/jpeg\" \/>\n<meta name=\"author\" content=\"Contenidos El Regional\" \/>\n<meta name=\"twitter:card\" content=\"summary_large_image\" \/>\n<meta name=\"twitter:creator\" content=\"@elregionalvm1\" \/>\n<meta name=\"twitter:site\" content=\"@elregionalvm1\" \/>\n<meta name=\"twitter:label1\" content=\"Escrito por\" \/>\n\t<meta name=\"twitter:data1\" content=\"Contenidos El Regional\" \/>\n\t<meta name=\"twitter:label2\" content=\"Tiempo de lectura\" \/>\n\t<meta name=\"twitter:data2\" content=\"2 minutos\" \/>\n<script type=\"application\/ld+json\" class=\"yoast-schema-graph\">{\"@context\":\"https:\/\/schema.org\",\"@graph\":[{\"@type\":\"Article\",\"@id\":\"http:\/\/elregionalvm.com.ar\/noticias-villa-maria\/la-democracia-cristiana-tambien-apoya-a-la-candidatura-de-marcos-bovo\/#article\",\"isPartOf\":{\"@id\":\"http:\/\/elregionalvm.com.ar\/noticias-villa-maria\/la-democracia-cristiana-tambien-apoya-a-la-candidatura-de-marcos-bovo\/\"},\"author\":{\"name\":\"Contenidos El Regional\",\"@id\":\"http:\/\/elregionalvm.com.ar\/noticias-villa-maria\/#\/schema\/person\/a0fb9c422317faca23d50163151bc354\"},\"headline\":\"La democracia cristiana tambi\u00e9n apoya a la candidatura de Marcos Bovo\",\"datePublished\":\"2023-07-27T16:19:40+00:00\",\"dateModified\":\"2023-07-27T16:19:43+00:00\",\"mainEntityOfPage\":{\"@id\":\"http:\/\/elregionalvm.com.ar\/noticias-villa-maria\/la-democracia-cristiana-tambien-apoya-a-la-candidatura-de-marcos-bovo\/\"},\"wordCount\":346,\"commentCount\":0,\"image\":{\"@id\":\"http:\/\/elregionalvm.com.ar\/noticias-villa-maria\/la-democracia-cristiana-tambien-apoya-a-la-candidatura-de-marcos-bovo\/#primaryimage\"},\"thumbnailUrl\":\"https:\/\/i0.wp.com\/elregionalvm.com.ar\/noticias-villa-maria\/wp-content\/uploads\/2023\/07\/WhatsApp-Image-2023-07-27-at-11.07.58.jpeg?fit=1599%2C899&ssl=1\",\"articleSection\":[\"destacado\",\"Provinciales\",\"Sociedad\",\"Villa Mar\u00eda\"],\"inLanguage\":\"es\",\"potentialAction\":[{\"@type\":\"CommentAction\",\"name\":\"Comment\",\"target\":[\"http:\/\/elregionalvm.com.ar\/noticias-villa-maria\/la-democracia-cristiana-tambien-apoya-a-la-candidatura-de-marcos-bovo\/#respond\"]}]},{\"@type\":\"WebPage\",\"@id\":\"http:\/\/elregionalvm.com.ar\/noticias-villa-maria\/la-democracia-cristiana-tambien-apoya-a-la-candidatura-de-marcos-bovo\/\",\"url\":\"http:\/\/elregionalvm.com.ar\/noticias-villa-maria\/la-democracia-cristiana-tambien-apoya-a-la-candidatura-de-marcos-bovo\/\",\"name\":\"La democracia cristiana tambi\u00e9n apoya a la candidatura de Marcos Bovo - El Regional\",\"isPartOf\":{\"@id\":\"http:\/\/elregionalvm.com.ar\/noticias-villa-maria\/#website\"},\"primaryImageOfPage\":{\"@id\":\"http:\/\/elregionalvm.com.ar\/noticias-villa-maria\/la-democracia-cristiana-tambien-apoya-a-la-candidatura-de-marcos-bovo\/#primaryimage\"},\"image\":{\"@id\":\"http:\/\/elregionalvm.com.ar\/noticias-villa-maria\/la-democracia-cristiana-tambien-apoya-a-la-candidatura-de-marcos-bovo\/#primaryimage\"},\"thumbnailUrl\":\"https:\/\/i0.wp.com\/elregionalvm.com.ar\/noticias-villa-maria\/wp-content\/uploads\/2023\/07\/WhatsApp-Image-2023-07-27-at-11.07.58.jpeg?fit=1599%2C899&ssl=1\",\"datePublished\":\"2023-07-27T16:19:40+00:00\",\"dateModified\":\"2023-07-27T16:19:43+00:00\",\"author\":{\"@id\":\"http:\/\/elregionalvm.com.ar\/noticias-villa-maria\/#\/schema\/person\/a0fb9c422317faca23d50163151bc354\"},\"breadcrumb\":{\"@id\":\"http:\/\/elregionalvm.com.ar\/noticias-villa-maria\/la-democracia-cristiana-tambien-apoya-a-la-candidatura-de-marcos-bovo\/#breadcrumb\"},\"inLanguage\":\"es\",\"potentialAction\":[{\"@type\":\"ReadAction\",\"target\":[\"http:\/\/elregionalvm.com.ar\/noticias-villa-maria\/la-democracia-cristiana-tambien-apoya-a-la-candidatura-de-marcos-bovo\/\"]}]},{\"@type\":\"ImageObject\",\"inLanguage\":\"es\",\"@id\":\"http:\/\/elregionalvm.com.ar\/noticias-villa-maria\/la-democracia-cristiana-tambien-apoya-a-la-candidatura-de-marcos-bovo\/#primaryimage\",\"url\":\"https:\/\/i0.wp.com\/elregionalvm.com.ar\/noticias-villa-maria\/wp-content\/uploads\/2023\/07\/WhatsApp-Image-2023-07-27-at-11.07.58.jpeg?fit=1599%2C899&ssl=1\",\"contentUrl\":\"https:\/\/i0.wp.com\/elregionalvm.com.ar\/noticias-villa-maria\/wp-content\/uploads\/2023\/07\/WhatsApp-Image-2023-07-27-at-11.07.58.jpeg?fit=1599%2C899&ssl=1\",\"width\":1599,\"height\":899},{\"@type\":\"BreadcrumbList\",\"@id\":\"http:\/\/elregionalvm.com.ar\/noticias-villa-maria\/la-democracia-cristiana-tambien-apoya-a-la-candidatura-de-marcos-bovo\/#breadcrumb\",\"itemListElement\":[{\"@type\":\"ListItem\",\"position\":1,\"name\":\"Portada\",\"item\":\"https:\/\/elregionalvm.com.ar\/noticias-villa-maria\/\"},{\"@type\":\"ListItem\",\"position\":2,\"name\":\"La democracia cristiana tambi\u00e9n apoya a la candidatura de Marcos Bovo\"}]},{\"@type\":\"WebSite\",\"@id\":\"http:\/\/elregionalvm.com.ar\/noticias-villa-maria\/#website\",\"url\":\"http:\/\/elregionalvm.com.ar\/noticias-villa-maria\/\",\"name\":\"El Regional\",\"description\":\"Mucho m\u00e1s que informaci\u00f3n\",\"potentialAction\":[{\"@type\":\"SearchAction\",\"target\":{\"@type\":\"EntryPoint\",\"urlTemplate\":\"http:\/\/elregionalvm.com.ar\/noticias-villa-maria\/?s={search_term_string}\"},\"query-input\":{\"@type\":\"PropertyValueSpecification\",\"valueRequired\":true,\"valueName\":\"search_term_string\"}}],\"inLanguage\":\"es\"},{\"@type\":\"Person\",\"@id\":\"http:\/\/elregionalvm.com.ar\/noticias-villa-maria\/#\/schema\/person\/a0fb9c422317faca23d50163151bc354\",\"name\":\"Contenidos El Regional\",\"image\":{\"@type\":\"ImageObject\",\"inLanguage\":\"es\",\"@id\":\"http:\/\/elregionalvm.com.ar\/noticias-villa-maria\/#\/schema\/person\/image\/\",\"url\":\"https:\/\/secure.gravatar.com\/avatar\/265b27cb2209af7bb3a1318f03305787d7981a5cc6e6cd08fe5a4ecdf99d4b48?s=96&d=mm&r=g\",\"contentUrl\":\"https:\/\/secure.gravatar.com\/avatar\/265b27cb2209af7bb3a1318f03305787d7981a5cc6e6cd08fe5a4ecdf99d4b48?s=96&d=mm&r=g\",\"caption\":\"Contenidos El Regional\"},\"url\":\"https:\/\/elregionalvm.com.ar\/noticias-villa-maria\/author\/contenido\/\"}]}<\/script>\n<!-- \/ Yoast SEO plugin. -->","yoast_head_json":{"title":"La democracia cristiana tambi\u00e9n apoya a la candidatura de Marcos Bovo - El Regional","robots":{"index":"index","follow":"follow","max-snippet":"max-snippet:-1","max-image-preview":"max-image-preview:large","max-video-preview":"max-video-preview:-1"},"canonical":"http:\/\/elregionalvm.com.ar\/noticias-villa-maria\/la-democracia-cristiana-tambien-apoya-a-la-candidatura-de-marcos-bovo\/","og_locale":"es_ES","og_type":"article","og_title":"La democracia cristiana tambi\u00e9n apoya a la candidatura de Marcos Bovo - El Regional","og_description":"El secretario de Comunicaciones de la Provincia y candidato a intendente municipal, Marcos Bovo recibi\u00f3 el apoyo del Partido Dem\u00f3crata Cristiano (DC) de cara a las elecciones municipales del 1\u00b0 de octubre. El acompa\u00f1amiento de la DC se materializ\u00f3 tras un encuentro celebrado entre Bovo y las autoridades del Partido encabezadas por el vicepresidente de [&hellip;]","og_url":"http:\/\/elregionalvm.com.ar\/noticias-villa-maria\/la-democracia-cristiana-tambien-apoya-a-la-candidatura-de-marcos-bovo\/","og_site_name":"El Regional","article_publisher":"https:\/\/www.facebook.com\/elregionalvm","article_published_time":"2023-07-27T16:19:40+00:00","article_modified_time":"2023-07-27T16:19:43+00:00","og_image":[{"width":1599,"height":899,"url":"http:\/\/elregionalvm.com.ar\/noticias-villa-maria\/wp-content\/uploads\/2023\/07\/WhatsApp-Image-2023-07-27-at-11.07.58.jpeg","type":"image\/jpeg"}],"author":"Contenidos El Regional","twitter_card":"summary_large_image","twitter_creator":"@elregionalvm1","twitter_site":"@elregionalvm1","twitter_misc":{"Escrito por":"Contenidos El Regional","Tiempo de lectura":"2 minutos"},"schema":{"@context":"https:\/\/schema.org","@graph":[{"@type":"Article","@id":"http:\/\/elregionalvm.com.ar\/noticias-villa-maria\/la-democracia-cristiana-tambien-apoya-a-la-candidatura-de-marcos-bovo\/#article","isPartOf":{"@id":"http:\/\/elregionalvm.com.ar\/noticias-villa-maria\/la-democracia-cristiana-tambien-apoya-a-la-candidatura-de-marcos-bovo\/"},"author":{"name":"Contenidos El Regional","@id":"http:\/\/elregionalvm.com.ar\/noticias-villa-maria\/#\/schema\/person\/a0fb9c422317faca23d50163151bc354"},"headline":"La democracia cristiana tambi\u00e9n apoya a la candidatura de Marcos Bovo","datePublished":"2023-07-27T16:19:40+00:00","dateModified":"2023-07-27T16:19:43+00:00","mainEntityOfPage":{"@id":"http:\/\/elregionalvm.com.ar\/noticias-villa-maria\/la-democracia-cristiana-tambien-apoya-a-la-candidatura-de-marcos-bovo\/"},"wordCount":346,"commentCount":0,"image":{"@id":"http:\/\/elregionalvm.com.ar\/noticias-villa-maria\/la-democracia-cristiana-tambien-apoya-a-la-candidatura-de-marcos-bovo\/#primaryimage"},"thumbnailUrl":"https:\/\/i0.wp.com\/elregionalvm.com.ar\/noticias-villa-maria\/wp-content\/uploads\/2023\/07\/WhatsApp-Image-2023-07-27-at-11.07.58.jpeg?fit=1599%2C899&ssl=1","articleSection":["destacado","Provinciales","Sociedad","Villa Mar\u00eda"],"inLanguage":"es","potentialAction":[{"@type":"CommentAction","name":"Comment","target":["http:\/\/elregionalvm.com.ar\/noticias-villa-maria\/la-democracia-cristiana-tambien-apoya-a-la-candidatura-de-marcos-bovo\/#respond"]}]},{"@type":"WebPage","@id":"http:\/\/elregionalvm.com.ar\/noticias-villa-maria\/la-democracia-cristiana-tambien-apoya-a-la-candidatura-de-marcos-bovo\/","url":"http:\/\/elregionalvm.com.ar\/noticias-villa-maria\/la-democracia-cristiana-tambien-apoya-a-la-candidatura-de-marcos-bovo\/","name":"La democracia cristiana tambi\u00e9n apoya a la candidatura de Marcos Bovo - El Regional","isPartOf":{"@id":"http:\/\/elregionalvm.com.ar\/noticias-villa-maria\/#website"},"primaryImageOfPage":{"@id":"http:\/\/elregionalvm.com.ar\/noticias-villa-maria\/la-democracia-cristiana-tambien-apoya-a-la-candidatura-de-marcos-bovo\/#primaryimage"},"image":{"@id":"http:\/\/elregionalvm.com.ar\/noticias-villa-maria\/la-democracia-cristiana-tambien-apoya-a-la-candidatura-de-marcos-bovo\/#primaryimage"},"thumbnailUrl":"https:\/\/i0.wp.com\/elregionalvm.com.ar\/noticias-villa-maria\/wp-content\/uploads\/2023\/07\/WhatsApp-Image-2023-07-27-at-11.07.58.jpeg?fit=1599%2C899&ssl=1","datePublished":"2023-07-27T16:19:40+00:00","dateModified":"2023-07-27T16:19:43+00:00","author":{"@id":"http:\/\/elregionalvm.com.ar\/noticias-villa-maria\/#\/schema\/person\/a0fb9c422317faca23d50163151bc354"},"breadcrumb":{"@id":"http:\/\/elregionalvm.com.ar\/noticias-villa-maria\/la-democracia-cristiana-tambien-apoya-a-la-candidatura-de-marcos-bovo\/#breadcrumb"},"inLanguage":"es","potentialAction":[{"@type":"ReadAction","target":["http:\/\/elregionalvm.com.ar\/noticias-villa-maria\/la-democracia-cristiana-tambien-apoya-a-la-candidatura-de-marcos-bovo\/"]}]},{"@type":"ImageObject","inLanguage":"es","@id":"http:\/\/elregionalvm.com.ar\/noticias-villa-maria\/la-democracia-cristiana-tambien-apoya-a-la-candidatura-de-marcos-bovo\/#primaryimage","url":"https:\/\/i0.wp.com\/elregionalvm.com.ar\/noticias-villa-maria\/wp-content\/uploads\/2023\/07\/WhatsApp-Image-2023-07-27-at-11.07.58.jpeg?fit=1599%2C899&ssl=1","contentUrl":"https:\/\/i0.wp.com\/elregionalvm.com.ar\/noticias-villa-maria\/wp-content\/uploads\/2023\/07\/WhatsApp-Image-2023-07-27-at-11.07.58.jpeg?fit=1599%2C899&ssl=1","width":1599,"height":899},{"@type":"BreadcrumbList","@id":"http:\/\/elregionalvm.com.ar\/noticias-villa-maria\/la-democracia-cristiana-tambien-apoya-a-la-candidatura-de-marcos-bovo\/#breadcrumb","itemListElement":[{"@type":"ListItem","position":1,"name":"Portada","item":"https:\/\/elregionalvm.com.ar\/noticias-villa-maria\/"},{"@type":"ListItem","position":2,"name":"La democracia cristiana tambi\u00e9n apoya a la candidatura de Marcos Bovo"}]},{"@type":"WebSite","@id":"http:\/\/elregionalvm.com.ar\/noticias-villa-maria\/#website","url":"http:\/\/elregionalvm.com.ar\/noticias-villa-maria\/","name":"El Regional","description":"Mucho m\u00e1s que informaci\u00f3n","potentialAction":[{"@type":"SearchAction","target":{"@type":"EntryPoint","urlTemplate":"http:\/\/elregionalvm.com.ar\/noticias-villa-maria\/?s={search_term_string}"},"query-input":{"@type":"PropertyValueSpecification","valueRequired":true,"valueName":"search_term_string"}}],"inLanguage":"es"},{"@type":"Person","@id":"http:\/\/elregionalvm.com.ar\/noticias-villa-maria\/#\/schema\/person\/a0fb9c422317faca23d50163151bc354","name":"Contenidos El Regional","image":{"@type":"ImageObject","inLanguage":"es","@id":"http:\/\/elregionalvm.com.ar\/noticias-villa-maria\/#\/schema\/person\/image\/","url":"https:\/\/secure.gravatar.com\/avatar\/265b27cb2209af7bb3a1318f03305787d7981a5cc6e6cd08fe5a4ecdf99d4b48?s=96&d=mm&r=g","contentUrl":"https:\/\/secure.gravatar.com\/avatar\/265b27cb2209af7bb3a1318f03305787d7981a5cc6e6cd08fe5a4ecdf99d4b48?s=96&d=mm&r=g","caption":"Contenidos El Regional"},"url":"https:\/\/elregionalvm.com.ar\/noticias-villa-maria\/author\/contenido\/"}]}},"jetpack_featured_media_url":"https:\/\/i0.wp.com\/elregionalvm.com.ar\/noticias-villa-maria\/wp-content\/uploads\/2023\/07\/WhatsApp-Image-2023-07-27-at-11.07.58.jpeg?fit=1599%2C899&ssl=1","jetpack_sharing_enabled":true,"_links":{"self":[{"href":"https:\/\/elregionalvm.com.ar\/noticias-villa-maria\/wp-json\/wp\/v2\/posts\/80191","targetHints":{"allow":["GET"]}}],"collection":[{"href":"https:\/\/elregionalvm.com.ar\/noticias-villa-maria\/wp-json\/wp\/v2\/posts"}],"about":[{"href":"https:\/\/elregionalvm.com.ar\/noticias-villa-maria\/wp-json\/wp\/v2\/types\/post"}],"author":[{"embeddable":true,"href":"https:\/\/elregionalvm.com.ar\/noticias-villa-maria\/wp-json\/wp\/v2\/users\/4"}],"replies":[{"embeddable":true,"href":"https:\/\/elregionalvm.com.ar\/noticias-villa-maria\/wp-json\/wp\/v2\/comments?post=80191"}],"version-history":[{"count":1,"href":"https:\/\/elregionalvm.com.ar\/noticias-villa-maria\/wp-json\/wp\/v2\/posts\/80191\/revisions"}],"predecessor-version":[{"id":80193,"href":"https:\/\/elregionalvm.com.ar\/noticias-villa-maria\/wp-json\/wp\/v2\/posts\/80191\/revisions\/80193"}],"wp:featuredmedia":[{"embeddable":true,"href":"https:\/\/elregionalvm.com.ar\/noticias-villa-maria\/wp-json\/wp\/v2\/media\/80192"}],"wp:attachment":[{"href":"https:\/\/elregionalvm.com.ar\/noticias-villa-maria\/wp-json\/wp\/v2\/media?parent=80191"}],"wp:term":[{"taxonomy":"category","embeddable":true,"href":"https:\/\/elregionalvm.com.ar\/noticias-villa-maria\/wp-json\/wp\/v2\/categories?post=80191"},{"taxonomy":"post_tag","embeddable":true,"href":"https:\/\/elregionalvm.com.ar\/noticias-villa-maria\/wp-json\/wp\/v2\/tags?post=80191"}],"curies":[{"name":"wp","href":"https:\/\/api.w.org\/{rel}","templated":true}]}}