{"id":80194,"date":"2023-07-27T16:21:34","date_gmt":"2023-07-27T16:21:34","guid":{"rendered":"https:\/\/elregionalvm.com.ar\/noticias-villa-maria\/?p=80194"},"modified":"2023-07-27T16:21:35","modified_gmt":"2023-07-27T16:21:35","slug":"mas-de-700-personas-se-sumaron-a-las-actividades-del-ente-de-deporte-y-turismo","status":"publish","type":"post","link":"https:\/\/elregionalvm.com.ar\/noticias-villa-maria\/mas-de-700-personas-se-sumaron-a-las-actividades-del-ente-de-deporte-y-turismo\/","title":{"rendered":"M\u00e1s de 700 personas se sumaron a las actividades del Ente de Deporte y Turismo"},"content":{"rendered":"\n<p>Villa Mar\u00eda Deporte y Turismo S.E.M. informa que, m\u00e1s de 700 personas disfrutaron de las actividades impulsadas desde el mencionado ente de econom\u00eda mixta, para las vacaciones de invierno.<\/p>\n\n\n\n<p>En tal sentido, el s\u00e1bado 8 de julio, en el Parque de la Vida, y posteriormente el pasado s\u00e1bado 22, en el Centro Vecinal de barrio Bello Horizonte; se desarroll\u00f3 \u201cJug\u00e1tela\u201d, jornadas l\u00fadicas deportivas libres y gratuitas en donde se pudo disfrutar de: ritmos, arquer\u00eda, b\u00e1squet, gimnasia art\u00edstica, pata-tenis, inflables y diversos juegos infantiles.<\/p>\n\n\n\n<figure class=\"wp-block-image size-full\"><img data-recalc-dims=\"1\" fetchpriority=\"high\" decoding=\"async\" width=\"720\" height=\"720\" src=\"https:\/\/i0.wp.com\/elregionalvm.com.ar\/noticias-villa-maria\/wp-content\/uploads\/2023\/07\/WhatsApp-Image-2023-07-26-at-19.41.54-1.jpeg?resize=720%2C720&#038;ssl=1\" alt=\"\" class=\"wp-image-80196\" srcset=\"https:\/\/i0.wp.com\/elregionalvm.com.ar\/noticias-villa-maria\/wp-content\/uploads\/2023\/07\/WhatsApp-Image-2023-07-26-at-19.41.54-1.jpeg?w=720&amp;ssl=1 720w, https:\/\/i0.wp.com\/elregionalvm.com.ar\/noticias-villa-maria\/wp-content\/uploads\/2023\/07\/WhatsApp-Image-2023-07-26-at-19.41.54-1.jpeg?resize=300%2C300&amp;ssl=1 300w\" sizes=\"(max-width: 720px) 100vw, 720px\" \/><\/figure>\n\n\n\n<p>Asimismo, el jueves 13, viernes 14 y s\u00e1bado 15 de julio, se llev\u00f3 a cabo en el Anfiteatro Municipal una propuesta en conjunto con el grupo teatral local \u201cSerendipia\u201d, denominada \u201cAnfi de Terror\u201d, destinada a ni\u00f1os y ni\u00f1as de 7 a 11 a\u00f1os; en la cual los participantes debieron resolver acertijos, sortear postas y superar miedos. Al final se les entregaron entradas para el cine de parte de SudCinemas.<\/p>\n\n\n\n<p>Por otro lado, el domingo 16 se realiz\u00f3 el \u201cCicloturismo Rural\u201d, que fue una recorrida en bicicleta para todas las edades, que parti\u00f3 desde el Museo del Anfi y tuvo como destino final el Centro Ecuestre \u201cLos Baguales\u201d; en donde se realizaron cabalgatas, sorteos, juegos y una merienda con chocolate caliente para todos los presentes.<\/p>\n\n\n\n<figure class=\"wp-block-image size-full\"><img data-recalc-dims=\"1\" decoding=\"async\" width=\"853\" height=\"853\" src=\"https:\/\/i0.wp.com\/elregionalvm.com.ar\/noticias-villa-maria\/wp-content\/uploads\/2023\/07\/WhatsApp-Image-2023-07-26-at-19.41.55.jpeg?resize=853%2C853&#038;ssl=1\" alt=\"\" class=\"wp-image-80195\" srcset=\"https:\/\/i0.wp.com\/elregionalvm.com.ar\/noticias-villa-maria\/wp-content\/uploads\/2023\/07\/WhatsApp-Image-2023-07-26-at-19.41.55.jpeg?w=853&amp;ssl=1 853w, https:\/\/i0.wp.com\/elregionalvm.com.ar\/noticias-villa-maria\/wp-content\/uploads\/2023\/07\/WhatsApp-Image-2023-07-26-at-19.41.55.jpeg?resize=300%2C300&amp;ssl=1 300w, https:\/\/i0.wp.com\/elregionalvm.com.ar\/noticias-villa-maria\/wp-content\/uploads\/2023\/07\/WhatsApp-Image-2023-07-26-at-19.41.55.jpeg?resize=768%2C768&amp;ssl=1 768w\" sizes=\"(max-width: 853px) 100vw, 853px\" \/><\/figure>\n\n\n\n<p>Continuando con las actividades propuestas por el Ente Villa Mar\u00eda Deporte y Turismo S.E.M., hay que destacar que el lunes 17, martes 18 y mi\u00e9rcoles 19 de julio, se desarroll\u00f3 en el Sal\u00f3n Hexagonal del Anfiteatro: \u201cChef Kids\u201d, una actividad pensada para ni\u00f1os y ni\u00f1as de 5 a 9 a\u00f1os; en donde la especialista en pasteler\u00eda Maite Pagani de \u201cSweet M\u00eda\u201d, les ense\u00f1\u00f3 a realizar, desde cero, galletitas de manteca, que luego los asistentes disfrutaron en casa.<\/p>\n\n\n\n<p>Finalmente, despedimos las vacaciones con una gran \u201cParty Kids\u201d; llevada a cabo el viernes 21 y s\u00e1bado 22 en el Sal\u00f3n Hexagonal del Anfiteatro; a la cual asistieron ni\u00f1os y ni\u00f1as de 8 a 11 a\u00f1os, quienes bailaron con la mejor m\u00fasica, se lookearon con pintura fluorescentes y disfrutaron de tragos frutales y entradas gratuitas para asistir a \u201cGranja Ed\u00e9n\u201d.<\/p>\n\n\n\n<p>Cabe resaltar, que todas las actividades impulsadas desde el \u00e1rea de turismo fueron gratuitas, pero con cupos limitados, los cuales se agotaron en pocos d\u00edas por medio de inscripciones anticipadas.<\/p>\n","protected":false},"excerpt":{"rendered":"<p>Villa Mar\u00eda Deporte y Turismo S.E.M. informa que, m\u00e1s de 700 personas disfrutaron de las actividades impulsadas desde el mencionado ente de econom\u00eda mixta, para las vacaciones de invierno. En tal sentido, el s\u00e1bado 8 de julio, en el Parque de la Vida, y posteriormente el pasado s\u00e1bado 22, en el Centro Vecinal de barrio [&hellip;]<\/p>\n","protected":false},"author":4,"featured_media":80197,"comment_status":"open","ping_status":"open","sticky":false,"template":"","format":"standard","meta":{"site-sidebar-layout":"default","site-content-layout":"","ast-site-content-layout":"default","site-content-style":"default","site-sidebar-style":"default","ast-global-header-display":"","ast-banner-title-visibility":"","ast-main-header-display":"","ast-hfb-above-header-display":"","ast-hfb-below-header-display":"","ast-hfb-mobile-header-display":"","site-post-title":"","ast-breadcrumbs-content":"","ast-featured-img":"","footer-sml-layout":"","ast-disable-related-posts":"","theme-transparent-header-meta":"","adv-header-id-meta":"","stick-header-meta":"","header-above-stick-meta":"","header-main-stick-meta":"","header-below-stick-meta":"","astra-migrate-meta-layouts":"default","ast-page-background-enabled":"default","ast-page-background-meta":{"desktop":{"background-color":"","background-image":"","background-repeat":"repeat","background-position":"center center","background-size":"auto","background-attachment":"scroll","background-type":"","background-media":"","overlay-type":"","overlay-color":"","overlay-opacity":"","overlay-gradient":""},"tablet":{"background-color":"","background-image":"","background-repeat":"repeat","background-position":"center center","background-size":"auto","background-attachment":"scroll","background-type":"","background-media":"","overlay-type":"","overlay-color":"","overlay-opacity":"","overlay-gradient":""},"mobile":{"background-color":"","background-image":"","background-repeat":"repeat","background-position":"center center","background-size":"auto","background-attachment":"scroll","background-type":"","background-media":"","overlay-type":"","overlay-color":"","overlay-opacity":"","overlay-gradient":""}},"ast-content-background-meta":{"desktop":{"background-color":"var(--ast-global-color-5)","background-image":"","background-repeat":"repeat","background-position":"center center","background-size":"auto","background-attachment":"scroll","background-type":"","background-media":"","overlay-type":"","overlay-color":"","overlay-opacity":"","overlay-gradient":""},"tablet":{"background-color":"var(--ast-global-color-5)","background-image":"","background-repeat":"repeat","background-position":"center center","background-size":"auto","background-attachment":"scroll","background-type":"","background-media":"","overlay-type":"","overlay-color":"","overlay-opacity":"","overlay-gradient":""},"mobile":{"background-color":"var(--ast-global-color-5)","background-image":"","background-repeat":"repeat","background-position":"center center","background-size":"auto","background-attachment":"scroll","background-type":"","background-media":"","overlay-type":"","overlay-color":"","overlay-opacity":"","overlay-gradient":""}},"_jetpack_memberships_contains_paid_content":false,"_joinchat":[],"footnotes":""},"categories":[15302,5,2],"tags":[],"class_list":["post-80194","post","type-post","status-publish","format-standard","has-post-thumbnail","hentry","category-destacado","category-sociedad","category-villa-maria"],"yoast_head":"<!-- This site is optimized with the Yoast SEO plugin v26.8 - https:\/\/yoast.com\/product\/yoast-seo-wordpress\/ -->\n<title>M\u00e1s de 700 personas se sumaron a las actividades del Ente de Deporte y Turismo - El Regional<\/title>\n<meta name=\"robots\" content=\"index, follow, max-snippet:-1, max-image-preview:large, max-video-preview:-1\" \/>\n<link rel=\"canonical\" href=\"http:\/\/elregionalvm.com.ar\/noticias-villa-maria\/mas-de-700-personas-se-sumaron-a-las-actividades-del-ente-de-deporte-y-turismo\/\" \/>\n<meta property=\"og:locale\" content=\"es_ES\" \/>\n<meta property=\"og:type\" content=\"article\" \/>\n<meta property=\"og:title\" content=\"M\u00e1s de 700 personas se sumaron a las actividades del Ente de Deporte y Turismo - El Regional\" \/>\n<meta property=\"og:description\" content=\"Villa Mar\u00eda Deporte y Turismo S.E.M. informa que, m\u00e1s de 700 personas disfrutaron de las actividades impulsadas desde el mencionado ente de econom\u00eda mixta, para las vacaciones de invierno. En tal sentido, el s\u00e1bado 8 de julio, en el Parque de la Vida, y posteriormente el pasado s\u00e1bado 22, en el Centro Vecinal de barrio [&hellip;]\" \/>\n<meta property=\"og:url\" content=\"http:\/\/elregionalvm.com.ar\/noticias-villa-maria\/mas-de-700-personas-se-sumaron-a-las-actividades-del-ente-de-deporte-y-turismo\/\" \/>\n<meta property=\"og:site_name\" content=\"El Regional\" \/>\n<meta property=\"article:publisher\" content=\"https:\/\/www.facebook.com\/elregionalvm\" \/>\n<meta property=\"article:published_time\" content=\"2023-07-27T16:21:34+00:00\" \/>\n<meta property=\"article:modified_time\" content=\"2023-07-27T16:21:35+00:00\" \/>\n<meta property=\"og:image\" content=\"http:\/\/elregionalvm.com.ar\/noticias-villa-maria\/wp-content\/uploads\/2023\/07\/WhatsApp-Image-2023-07-26-at-19.41.54.jpeg\" \/>\n\t<meta property=\"og:image:width\" content=\"1280\" \/>\n\t<meta property=\"og:image:height\" content=\"720\" \/>\n\t<meta property=\"og:image:type\" content=\"image\/jpeg\" \/>\n<meta name=\"author\" content=\"Contenidos El Regional\" \/>\n<meta name=\"twitter:card\" content=\"summary_large_image\" \/>\n<meta name=\"twitter:creator\" content=\"@elregionalvm1\" \/>\n<meta name=\"twitter:site\" content=\"@elregionalvm1\" \/>\n<meta name=\"twitter:label1\" content=\"Escrito por\" \/>\n\t<meta name=\"twitter:data1\" content=\"Contenidos El Regional\" \/>\n\t<meta name=\"twitter:label2\" content=\"Tiempo de lectura\" \/>\n\t<meta name=\"twitter:data2\" content=\"3 minutos\" \/>\n<script type=\"application\/ld+json\" class=\"yoast-schema-graph\">{\"@context\":\"https:\/\/schema.org\",\"@graph\":[{\"@type\":\"Article\",\"@id\":\"http:\/\/elregionalvm.com.ar\/noticias-villa-maria\/mas-de-700-personas-se-sumaron-a-las-actividades-del-ente-de-deporte-y-turismo\/#article\",\"isPartOf\":{\"@id\":\"http:\/\/elregionalvm.com.ar\/noticias-villa-maria\/mas-de-700-personas-se-sumaron-a-las-actividades-del-ente-de-deporte-y-turismo\/\"},\"author\":{\"name\":\"Contenidos El Regional\",\"@id\":\"http:\/\/elregionalvm.com.ar\/noticias-villa-maria\/#\/schema\/person\/a0fb9c422317faca23d50163151bc354\"},\"headline\":\"M\u00e1s de 700 personas se sumaron a las actividades del Ente de Deporte y Turismo\",\"datePublished\":\"2023-07-27T16:21:34+00:00\",\"dateModified\":\"2023-07-27T16:21:35+00:00\",\"mainEntityOfPage\":{\"@id\":\"http:\/\/elregionalvm.com.ar\/noticias-villa-maria\/mas-de-700-personas-se-sumaron-a-las-actividades-del-ente-de-deporte-y-turismo\/\"},\"wordCount\":405,\"commentCount\":0,\"image\":{\"@id\":\"http:\/\/elregionalvm.com.ar\/noticias-villa-maria\/mas-de-700-personas-se-sumaron-a-las-actividades-del-ente-de-deporte-y-turismo\/#primaryimage\"},\"thumbnailUrl\":\"https:\/\/i0.wp.com\/elregionalvm.com.ar\/noticias-villa-maria\/wp-content\/uploads\/2023\/07\/WhatsApp-Image-2023-07-26-at-19.41.54.jpeg?fit=1280%2C720&ssl=1\",\"articleSection\":[\"destacado\",\"Sociedad\",\"Villa Mar\u00eda\"],\"inLanguage\":\"es\",\"potentialAction\":[{\"@type\":\"CommentAction\",\"name\":\"Comment\",\"target\":[\"http:\/\/elregionalvm.com.ar\/noticias-villa-maria\/mas-de-700-personas-se-sumaron-a-las-actividades-del-ente-de-deporte-y-turismo\/#respond\"]}]},{\"@type\":\"WebPage\",\"@id\":\"http:\/\/elregionalvm.com.ar\/noticias-villa-maria\/mas-de-700-personas-se-sumaron-a-las-actividades-del-ente-de-deporte-y-turismo\/\",\"url\":\"http:\/\/elregionalvm.com.ar\/noticias-villa-maria\/mas-de-700-personas-se-sumaron-a-las-actividades-del-ente-de-deporte-y-turismo\/\",\"name\":\"M\u00e1s de 700 personas se sumaron a las actividades del Ente de Deporte y Turismo - El Regional\",\"isPartOf\":{\"@id\":\"http:\/\/elregionalvm.com.ar\/noticias-villa-maria\/#website\"},\"primaryImageOfPage\":{\"@id\":\"http:\/\/elregionalvm.com.ar\/noticias-villa-maria\/mas-de-700-personas-se-sumaron-a-las-actividades-del-ente-de-deporte-y-turismo\/#primaryimage\"},\"image\":{\"@id\":\"http:\/\/elregionalvm.com.ar\/noticias-villa-maria\/mas-de-700-personas-se-sumaron-a-las-actividades-del-ente-de-deporte-y-turismo\/#primaryimage\"},\"thumbnailUrl\":\"https:\/\/i0.wp.com\/elregionalvm.com.ar\/noticias-villa-maria\/wp-content\/uploads\/2023\/07\/WhatsApp-Image-2023-07-26-at-19.41.54.jpeg?fit=1280%2C720&ssl=1\",\"datePublished\":\"2023-07-27T16:21:34+00:00\",\"dateModified\":\"2023-07-27T16:21:35+00:00\",\"author\":{\"@id\":\"http:\/\/elregionalvm.com.ar\/noticias-villa-maria\/#\/schema\/person\/a0fb9c422317faca23d50163151bc354\"},\"breadcrumb\":{\"@id\":\"http:\/\/elregionalvm.com.ar\/noticias-villa-maria\/mas-de-700-personas-se-sumaron-a-las-actividades-del-ente-de-deporte-y-turismo\/#breadcrumb\"},\"inLanguage\":\"es\",\"potentialAction\":[{\"@type\":\"ReadAction\",\"target\":[\"http:\/\/elregionalvm.com.ar\/noticias-villa-maria\/mas-de-700-personas-se-sumaron-a-las-actividades-del-ente-de-deporte-y-turismo\/\"]}]},{\"@type\":\"ImageObject\",\"inLanguage\":\"es\",\"@id\":\"http:\/\/elregionalvm.com.ar\/noticias-villa-maria\/mas-de-700-personas-se-sumaron-a-las-actividades-del-ente-de-deporte-y-turismo\/#primaryimage\",\"url\":\"https:\/\/i0.wp.com\/elregionalvm.com.ar\/noticias-villa-maria\/wp-content\/uploads\/2023\/07\/WhatsApp-Image-2023-07-26-at-19.41.54.jpeg?fit=1280%2C720&ssl=1\",\"contentUrl\":\"https:\/\/i0.wp.com\/elregionalvm.com.ar\/noticias-villa-maria\/wp-content\/uploads\/2023\/07\/WhatsApp-Image-2023-07-26-at-19.41.54.jpeg?fit=1280%2C720&ssl=1\",\"width\":1280,\"height\":720},{\"@type\":\"BreadcrumbList\",\"@id\":\"http:\/\/elregionalvm.com.ar\/noticias-villa-maria\/mas-de-700-personas-se-sumaron-a-las-actividades-del-ente-de-deporte-y-turismo\/#breadcrumb\",\"itemListElement\":[{\"@type\":\"ListItem\",\"position\":1,\"name\":\"Portada\",\"item\":\"https:\/\/elregionalvm.com.ar\/noticias-villa-maria\/\"},{\"@type\":\"ListItem\",\"position\":2,\"name\":\"M\u00e1s de 700 personas se sumaron a las actividades del Ente de Deporte y Turismo\"}]},{\"@type\":\"WebSite\",\"@id\":\"http:\/\/elregionalvm.com.ar\/noticias-villa-maria\/#website\",\"url\":\"http:\/\/elregionalvm.com.ar\/noticias-villa-maria\/\",\"name\":\"El Regional\",\"description\":\"Mucho m\u00e1s que informaci\u00f3n\",\"potentialAction\":[{\"@type\":\"SearchAction\",\"target\":{\"@type\":\"EntryPoint\",\"urlTemplate\":\"http:\/\/elregionalvm.com.ar\/noticias-villa-maria\/?s={search_term_string}\"},\"query-input\":{\"@type\":\"PropertyValueSpecification\",\"valueRequired\":true,\"valueName\":\"search_term_string\"}}],\"inLanguage\":\"es\"},{\"@type\":\"Person\",\"@id\":\"http:\/\/elregionalvm.com.ar\/noticias-villa-maria\/#\/schema\/person\/a0fb9c422317faca23d50163151bc354\",\"name\":\"Contenidos El Regional\",\"image\":{\"@type\":\"ImageObject\",\"inLanguage\":\"es\",\"@id\":\"http:\/\/elregionalvm.com.ar\/noticias-villa-maria\/#\/schema\/person\/image\/\",\"url\":\"https:\/\/secure.gravatar.com\/avatar\/265b27cb2209af7bb3a1318f03305787d7981a5cc6e6cd08fe5a4ecdf99d4b48?s=96&d=mm&r=g\",\"contentUrl\":\"https:\/\/secure.gravatar.com\/avatar\/265b27cb2209af7bb3a1318f03305787d7981a5cc6e6cd08fe5a4ecdf99d4b48?s=96&d=mm&r=g\",\"caption\":\"Contenidos El Regional\"},\"url\":\"https:\/\/elregionalvm.com.ar\/noticias-villa-maria\/author\/contenido\/\"}]}<\/script>\n<!-- \/ Yoast SEO plugin. -->","yoast_head_json":{"title":"M\u00e1s de 700 personas se sumaron a las actividades del Ente de Deporte y Turismo - El Regional","robots":{"index":"index","follow":"follow","max-snippet":"max-snippet:-1","max-image-preview":"max-image-preview:large","max-video-preview":"max-video-preview:-1"},"canonical":"http:\/\/elregionalvm.com.ar\/noticias-villa-maria\/mas-de-700-personas-se-sumaron-a-las-actividades-del-ente-de-deporte-y-turismo\/","og_locale":"es_ES","og_type":"article","og_title":"M\u00e1s de 700 personas se sumaron a las actividades del Ente de Deporte y Turismo - El Regional","og_description":"Villa Mar\u00eda Deporte y Turismo S.E.M. informa que, m\u00e1s de 700 personas disfrutaron de las actividades impulsadas desde el mencionado ente de econom\u00eda mixta, para las vacaciones de invierno. En tal sentido, el s\u00e1bado 8 de julio, en el Parque de la Vida, y posteriormente el pasado s\u00e1bado 22, en el Centro Vecinal de barrio [&hellip;]","og_url":"http:\/\/elregionalvm.com.ar\/noticias-villa-maria\/mas-de-700-personas-se-sumaron-a-las-actividades-del-ente-de-deporte-y-turismo\/","og_site_name":"El Regional","article_publisher":"https:\/\/www.facebook.com\/elregionalvm","article_published_time":"2023-07-27T16:21:34+00:00","article_modified_time":"2023-07-27T16:21:35+00:00","og_image":[{"width":1280,"height":720,"url":"http:\/\/elregionalvm.com.ar\/noticias-villa-maria\/wp-content\/uploads\/2023\/07\/WhatsApp-Image-2023-07-26-at-19.41.54.jpeg","type":"image\/jpeg"}],"author":"Contenidos El Regional","twitter_card":"summary_large_image","twitter_creator":"@elregionalvm1","twitter_site":"@elregionalvm1","twitter_misc":{"Escrito por":"Contenidos El Regional","Tiempo de lectura":"3 minutos"},"schema":{"@context":"https:\/\/schema.org","@graph":[{"@type":"Article","@id":"http:\/\/elregionalvm.com.ar\/noticias-villa-maria\/mas-de-700-personas-se-sumaron-a-las-actividades-del-ente-de-deporte-y-turismo\/#article","isPartOf":{"@id":"http:\/\/elregionalvm.com.ar\/noticias-villa-maria\/mas-de-700-personas-se-sumaron-a-las-actividades-del-ente-de-deporte-y-turismo\/"},"author":{"name":"Contenidos El Regional","@id":"http:\/\/elregionalvm.com.ar\/noticias-villa-maria\/#\/schema\/person\/a0fb9c422317faca23d50163151bc354"},"headline":"M\u00e1s de 700 personas se sumaron a las actividades del Ente de Deporte y Turismo","datePublished":"2023-07-27T16:21:34+00:00","dateModified":"2023-07-27T16:21:35+00:00","mainEntityOfPage":{"@id":"http:\/\/elregionalvm.com.ar\/noticias-villa-maria\/mas-de-700-personas-se-sumaron-a-las-actividades-del-ente-de-deporte-y-turismo\/"},"wordCount":405,"commentCount":0,"image":{"@id":"http:\/\/elregionalvm.com.ar\/noticias-villa-maria\/mas-de-700-personas-se-sumaron-a-las-actividades-del-ente-de-deporte-y-turismo\/#primaryimage"},"thumbnailUrl":"https:\/\/i0.wp.com\/elregionalvm.com.ar\/noticias-villa-maria\/wp-content\/uploads\/2023\/07\/WhatsApp-Image-2023-07-26-at-19.41.54.jpeg?fit=1280%2C720&ssl=1","articleSection":["destacado","Sociedad","Villa Mar\u00eda"],"inLanguage":"es","potentialAction":[{"@type":"CommentAction","name":"Comment","target":["http:\/\/elregionalvm.com.ar\/noticias-villa-maria\/mas-de-700-personas-se-sumaron-a-las-actividades-del-ente-de-deporte-y-turismo\/#respond"]}]},{"@type":"WebPage","@id":"http:\/\/elregionalvm.com.ar\/noticias-villa-maria\/mas-de-700-personas-se-sumaron-a-las-actividades-del-ente-de-deporte-y-turismo\/","url":"http:\/\/elregionalvm.com.ar\/noticias-villa-maria\/mas-de-700-personas-se-sumaron-a-las-actividades-del-ente-de-deporte-y-turismo\/","name":"M\u00e1s de 700 personas se sumaron a las actividades del Ente de Deporte y Turismo - El Regional","isPartOf":{"@id":"http:\/\/elregionalvm.com.ar\/noticias-villa-maria\/#website"},"primaryImageOfPage":{"@id":"http:\/\/elregionalvm.com.ar\/noticias-villa-maria\/mas-de-700-personas-se-sumaron-a-las-actividades-del-ente-de-deporte-y-turismo\/#primaryimage"},"image":{"@id":"http:\/\/elregionalvm.com.ar\/noticias-villa-maria\/mas-de-700-personas-se-sumaron-a-las-actividades-del-ente-de-deporte-y-turismo\/#primaryimage"},"thumbnailUrl":"https:\/\/i0.wp.com\/elregionalvm.com.ar\/noticias-villa-maria\/wp-content\/uploads\/2023\/07\/WhatsApp-Image-2023-07-26-at-19.41.54.jpeg?fit=1280%2C720&ssl=1","datePublished":"2023-07-27T16:21:34+00:00","dateModified":"2023-07-27T16:21:35+00:00","author":{"@id":"http:\/\/elregionalvm.com.ar\/noticias-villa-maria\/#\/schema\/person\/a0fb9c422317faca23d50163151bc354"},"breadcrumb":{"@id":"http:\/\/elregionalvm.com.ar\/noticias-villa-maria\/mas-de-700-personas-se-sumaron-a-las-actividades-del-ente-de-deporte-y-turismo\/#breadcrumb"},"inLanguage":"es","potentialAction":[{"@type":"ReadAction","target":["http:\/\/elregionalvm.com.ar\/noticias-villa-maria\/mas-de-700-personas-se-sumaron-a-las-actividades-del-ente-de-deporte-y-turismo\/"]}]},{"@type":"ImageObject","inLanguage":"es","@id":"http:\/\/elregionalvm.com.ar\/noticias-villa-maria\/mas-de-700-personas-se-sumaron-a-las-actividades-del-ente-de-deporte-y-turismo\/#primaryimage","url":"https:\/\/i0.wp.com\/elregionalvm.com.ar\/noticias-villa-maria\/wp-content\/uploads\/2023\/07\/WhatsApp-Image-2023-07-26-at-19.41.54.jpeg?fit=1280%2C720&ssl=1","contentUrl":"https:\/\/i0.wp.com\/elregionalvm.com.ar\/noticias-villa-maria\/wp-content\/uploads\/2023\/07\/WhatsApp-Image-2023-07-26-at-19.41.54.jpeg?fit=1280%2C720&ssl=1","width":1280,"height":720},{"@type":"BreadcrumbList","@id":"http:\/\/elregionalvm.com.ar\/noticias-villa-maria\/mas-de-700-personas-se-sumaron-a-las-actividades-del-ente-de-deporte-y-turismo\/#breadcrumb","itemListElement":[{"@type":"ListItem","position":1,"name":"Portada","item":"https:\/\/elregionalvm.com.ar\/noticias-villa-maria\/"},{"@type":"ListItem","position":2,"name":"M\u00e1s de 700 personas se sumaron a las actividades del Ente de Deporte y Turismo"}]},{"@type":"WebSite","@id":"http:\/\/elregionalvm.com.ar\/noticias-villa-maria\/#website","url":"http:\/\/elregionalvm.com.ar\/noticias-villa-maria\/","name":"El Regional","description":"Mucho m\u00e1s que informaci\u00f3n","potentialAction":[{"@type":"SearchAction","target":{"@type":"EntryPoint","urlTemplate":"http:\/\/elregionalvm.com.ar\/noticias-villa-maria\/?s={search_term_string}"},"query-input":{"@type":"PropertyValueSpecification","valueRequired":true,"valueName":"search_term_string"}}],"inLanguage":"es"},{"@type":"Person","@id":"http:\/\/elregionalvm.com.ar\/noticias-villa-maria\/#\/schema\/person\/a0fb9c422317faca23d50163151bc354","name":"Contenidos El Regional","image":{"@type":"ImageObject","inLanguage":"es","@id":"http:\/\/elregionalvm.com.ar\/noticias-villa-maria\/#\/schema\/person\/image\/","url":"https:\/\/secure.gravatar.com\/avatar\/265b27cb2209af7bb3a1318f03305787d7981a5cc6e6cd08fe5a4ecdf99d4b48?s=96&d=mm&r=g","contentUrl":"https:\/\/secure.gravatar.com\/avatar\/265b27cb2209af7bb3a1318f03305787d7981a5cc6e6cd08fe5a4ecdf99d4b48?s=96&d=mm&r=g","caption":"Contenidos El Regional"},"url":"https:\/\/elregionalvm.com.ar\/noticias-villa-maria\/author\/contenido\/"}]}},"jetpack_featured_media_url":"https:\/\/i0.wp.com\/elregionalvm.com.ar\/noticias-villa-maria\/wp-content\/uploads\/2023\/07\/WhatsApp-Image-2023-07-26-at-19.41.54.jpeg?fit=1280%2C720&ssl=1","jetpack_sharing_enabled":true,"_links":{"self":[{"href":"https:\/\/elregionalvm.com.ar\/noticias-villa-maria\/wp-json\/wp\/v2\/posts\/80194","targetHints":{"allow":["GET"]}}],"collection":[{"href":"https:\/\/elregionalvm.com.ar\/noticias-villa-maria\/wp-json\/wp\/v2\/posts"}],"about":[{"href":"https:\/\/elregionalvm.com.ar\/noticias-villa-maria\/wp-json\/wp\/v2\/types\/post"}],"author":[{"embeddable":true,"href":"https:\/\/elregionalvm.com.ar\/noticias-villa-maria\/wp-json\/wp\/v2\/users\/4"}],"replies":[{"embeddable":true,"href":"https:\/\/elregionalvm.com.ar\/noticias-villa-maria\/wp-json\/wp\/v2\/comments?post=80194"}],"version-history":[{"count":1,"href":"https:\/\/elregionalvm.com.ar\/noticias-villa-maria\/wp-json\/wp\/v2\/posts\/80194\/revisions"}],"predecessor-version":[{"id":80198,"href":"https:\/\/elregionalvm.com.ar\/noticias-villa-maria\/wp-json\/wp\/v2\/posts\/80194\/revisions\/80198"}],"wp:featuredmedia":[{"embeddable":true,"href":"https:\/\/elregionalvm.com.ar\/noticias-villa-maria\/wp-json\/wp\/v2\/media\/80197"}],"wp:attachment":[{"href":"https:\/\/elregionalvm.com.ar\/noticias-villa-maria\/wp-json\/wp\/v2\/media?parent=80194"}],"wp:term":[{"taxonomy":"category","embeddable":true,"href":"https:\/\/elregionalvm.com.ar\/noticias-villa-maria\/wp-json\/wp\/v2\/categories?post=80194"},{"taxonomy":"post_tag","embeddable":true,"href":"https:\/\/elregionalvm.com.ar\/noticias-villa-maria\/wp-json\/wp\/v2\/tags?post=80194"}],"curies":[{"name":"wp","href":"https:\/\/api.w.org\/{rel}","templated":true}]}}