{"id":80199,"date":"2023-07-27T16:27:21","date_gmt":"2023-07-27T16:27:21","guid":{"rendered":"https:\/\/elregionalvm.com.ar\/noticias-villa-maria\/?p=80199"},"modified":"2023-07-28T01:14:10","modified_gmt":"2023-07-28T01:14:10","slug":"caminos-del-vino-de-cordoba-la-provincia-homenajeo-a-los-vinos-cordobeses","status":"publish","type":"post","link":"https:\/\/elregionalvm.com.ar\/noticias-villa-maria\/caminos-del-vino-de-cordoba-la-provincia-homenajeo-a-los-vinos-cordobeses\/","title":{"rendered":"Caminos del vino: La Provincia homenaje\u00f3 a los vinos cordobeses"},"content":{"rendered":"\n<p>En el marco del inminente crecimiento de la actividad vitivin\u00edcola y del turismo enol\u00f3gico en la provincia, la Agencia C\u00f3rdoba Turismo llev\u00f3 adelante el mi\u00e9rcoles 26 de mayo en el hotel Quinto Centenario un homenaje a los vinos de C\u00f3rdoba, con el objetivo de reconocer y enaltecer el trabajo de los productores y bodegueros cordobeses.<\/p>\n\n\n\n<p>En el acto homenaje estuvo encabezado por el presidente de la Agencia C\u00f3rdoba Turismo, Alejandro Lastra; la Ministra de Coordinaci\u00f3n, Silvina Rivero; el Ministro de Agricultura y Ganader\u00eda, Sergio Busso; y el Ministro de Ciencia y Tecnolog\u00eda, Pablo De Chiara. <\/p>\n\n\n\n<figure class=\"wp-block-image size-large\"><img data-recalc-dims=\"1\" fetchpriority=\"high\" decoding=\"async\" width=\"1024\" height=\"683\" src=\"https:\/\/i0.wp.com\/elregionalvm.com.ar\/noticias-villa-maria\/wp-content\/uploads\/2023\/07\/3-7.jpg?resize=1024%2C683&#038;ssl=1\" alt=\"\" class=\"wp-image-80200\" srcset=\"https:\/\/i0.wp.com\/elregionalvm.com.ar\/noticias-villa-maria\/wp-content\/uploads\/2023\/07\/3-7.jpg?resize=1024%2C683&amp;ssl=1 1024w, https:\/\/i0.wp.com\/elregionalvm.com.ar\/noticias-villa-maria\/wp-content\/uploads\/2023\/07\/3-7.jpg?resize=300%2C200&amp;ssl=1 300w, https:\/\/i0.wp.com\/elregionalvm.com.ar\/noticias-villa-maria\/wp-content\/uploads\/2023\/07\/3-7.jpg?resize=768%2C512&amp;ssl=1 768w, https:\/\/i0.wp.com\/elregionalvm.com.ar\/noticias-villa-maria\/wp-content\/uploads\/2023\/07\/3-7.jpg?resize=1536%2C1025&amp;ssl=1 1536w, https:\/\/i0.wp.com\/elregionalvm.com.ar\/noticias-villa-maria\/wp-content\/uploads\/2023\/07\/3-7.jpg?w=2000&amp;ssl=1 2000w\" sizes=\"(max-width: 1000px) 100vw, 1000px\" \/><\/figure>\n\n\n\n<p>Estuvieron presentes referentes del sector p\u00fablico, privado y de orden provincial, regional y municipal, con la presencia de intendentes de distintos municipios tur\u00edsticos de la provincia. Tambi\u00e9n participaron secretarios y directores de turismo, as\u00ed como tambi\u00e9n productores vitivin\u00edcolas y bodegueros de toda C\u00f3rdoba.<\/p>\n\n\n\n<p>Hoy los vinos de C\u00f3rdoba atraviesan un excelente momento, siendo reconocidos y premiados\u00a0 por expertos a nivel nacional e internacional. <\/p>\n\n\n\n<p>Esto es resultado de la inversi\u00f3n en desarrollo y aplicaci\u00f3n de nuevas tecnolog\u00edas al proceso de producci\u00f3n de la uva y elaboraci\u00f3n del vino. <\/p>\n\n\n\n<p>Los \u201cCaminos del Vino de C\u00f3rdoba\u201d hoy invitan a recorrer vi\u00f1edos, bodegas y alojamientos ubicados en lugares preciosos de las sierras cordobesas, proponiendo una experiencia enotur\u00edstica inigualable, que incluye la producci\u00f3n de la uva, la elaboraci\u00f3n del vino, su degustaci\u00f3n y comercializaci\u00f3n.<\/p>\n\n\n\n<p>El presidente de la Agencia C\u00f3rdoba Turismo, Alejandro Lastra remarc\u00f3: \u201cEstoy convencido que verdaderamente lo que queda por delante es mucho m\u00e1s de lo que se viene haciendo. <\/p>\n\n\n\n<p>El trabajo que llevan a llevan adelante los productores y bodegueros en cada rinc\u00f3n de la provincia es parte de esa esencia cordobesa, porque en C\u00f3rdoba tenemos la cultura del trabajo que posiblemente nos dejaron las inmigraciones\u201d.<\/p>\n\n\n\n<figure class=\"wp-block-image size-large\"><img data-recalc-dims=\"1\" decoding=\"async\" width=\"1024\" height=\"678\" src=\"https:\/\/i0.wp.com\/elregionalvm.com.ar\/noticias-villa-maria\/wp-content\/uploads\/2023\/07\/4-6.jpg?resize=1024%2C678&#038;ssl=1\" alt=\"\" class=\"wp-image-80202\" srcset=\"https:\/\/i0.wp.com\/elregionalvm.com.ar\/noticias-villa-maria\/wp-content\/uploads\/2023\/07\/4-6.jpg?resize=1024%2C678&amp;ssl=1 1024w, https:\/\/i0.wp.com\/elregionalvm.com.ar\/noticias-villa-maria\/wp-content\/uploads\/2023\/07\/4-6.jpg?resize=300%2C199&amp;ssl=1 300w, https:\/\/i0.wp.com\/elregionalvm.com.ar\/noticias-villa-maria\/wp-content\/uploads\/2023\/07\/4-6.jpg?resize=768%2C508&amp;ssl=1 768w, https:\/\/i0.wp.com\/elregionalvm.com.ar\/noticias-villa-maria\/wp-content\/uploads\/2023\/07\/4-6.jpg?resize=1536%2C1017&amp;ssl=1 1536w, https:\/\/i0.wp.com\/elregionalvm.com.ar\/noticias-villa-maria\/wp-content\/uploads\/2023\/07\/4-6.jpg?w=2000&amp;ssl=1 2000w\" sizes=\"(max-width: 1000px) 100vw, 1000px\" \/><\/figure>\n\n\n\n<p>\u201cNo venimos a compararnos, todos sabemos hacia d\u00f3nde va Mendoza que jerarquiza el vino nacional. En C\u00f3rdoba si a esta comunicaci\u00f3n turismo \u2013 vino, despu\u00e9s de todo el proceso y la cadena de valor donde se involucra la agricultura, le sumamos la gastronom\u00eda y la calidad de recepci\u00f3n y la cultura tur\u00edstica de C\u00f3rdoba sin dudas vamos por buen camino. <\/p>\n\n\n\n<p>Estamos orgullosos de poder mostrar nuestras bodegas y productores a todo el mundo. Estoy convencido que van a llegar turistas de todo el mundo para probar los vinos de C\u00f3rdoba\u201d, sostuvo el titular de la cartera provincial de turismo.<\/p>\n\n\n\n<p>A su turno, el ministro Sergio Busso sostuvo: \u201cAmar el vino es amar nuestra cultura, nuestra forma de ser y de relacionarnos. Quiero destacar que todo este camino recorrido es fruto del esfuerzo privado, el estado ha acompa\u00f1ado pero los protagonistas, los hacedores han sido los sectores privados. <\/p>\n\n\n\n<p>Me pareci\u00f3 oportuno que cuando se definieron algunas acciones, se involucre fundamentalmente al turismo de C\u00f3rdoba con la mayor responsabilidad, porque esto est\u00e1 vinculado fundamentalmente al enoturismo. Somos el tercer destino en visitas a bodegas a nivel nacional, el estado tiene que seguir ayudando y acompa\u00f1ando\u201d<\/p>\n\n\n\n<p>Como cierre de la jornada se entreg\u00f3 una placa conmemorativa a productores, bodegueros y referentes del sector vitivin\u00edcola, tur\u00edstico y gastron\u00f3mico en C\u00f3rdoba tras el reconocimiento recibido por Tim Atkins a los vinos cordobeses, siendo \u00e9l la personalidad m\u00e1s destacada a nivel mundial en la cr\u00edtica de vinos. <\/p>\n\n\n\n<p>Este reconocimiento le vali\u00f3 a la provincia un posicionamiento en el mapa mundial del rubro vitivin\u00edcola, y por ese motivo se reconoci\u00f3 a las personas que formaron parte de este logro hist\u00f3rico para los vinos y para el turismo de la provincia de C\u00f3rdoba.<\/p>\n","protected":false},"excerpt":{"rendered":"<p>En el marco del inminente crecimiento de la actividad vitivin\u00edcola y del turismo enol\u00f3gico en la provincia, la Agencia C\u00f3rdoba Turismo llev\u00f3 adelante el mi\u00e9rcoles 26 de mayo en el hotel Quinto Centenario un homenaje a los vinos de C\u00f3rdoba, con el objetivo de reconocer y enaltecer el trabajo de los productores y bodegueros cordobeses. [&hellip;]<\/p>\n","protected":false},"author":4,"featured_media":80201,"comment_status":"open","ping_status":"open","sticky":false,"template":"","format":"standard","meta":{"site-sidebar-layout":"default","site-content-layout":"","ast-site-content-layout":"default","site-content-style":"default","site-sidebar-style":"default","ast-global-header-display":"","ast-banner-title-visibility":"","ast-main-header-display":"","ast-hfb-above-header-display":"","ast-hfb-below-header-display":"","ast-hfb-mobile-header-display":"","site-post-title":"","ast-breadcrumbs-content":"","ast-featured-img":"","footer-sml-layout":"","ast-disable-related-posts":"","theme-transparent-header-meta":"","adv-header-id-meta":"","stick-header-meta":"","header-above-stick-meta":"","header-main-stick-meta":"","header-below-stick-meta":"","astra-migrate-meta-layouts":"default","ast-page-background-enabled":"default","ast-page-background-meta":{"desktop":{"background-color":"","background-image":"","background-repeat":"repeat","background-position":"center center","background-size":"auto","background-attachment":"scroll","background-type":"","background-media":"","overlay-type":"","overlay-color":"","overlay-opacity":"","overlay-gradient":""},"tablet":{"background-color":"","background-image":"","background-repeat":"repeat","background-position":"center center","background-size":"auto","background-attachment":"scroll","background-type":"","background-media":"","overlay-type":"","overlay-color":"","overlay-opacity":"","overlay-gradient":""},"mobile":{"background-color":"","background-image":"","background-repeat":"repeat","background-position":"center center","background-size":"auto","background-attachment":"scroll","background-type":"","background-media":"","overlay-type":"","overlay-color":"","overlay-opacity":"","overlay-gradient":""}},"ast-content-background-meta":{"desktop":{"background-color":"var(--ast-global-color-5)","background-image":"","background-repeat":"repeat","background-position":"center center","background-size":"auto","background-attachment":"scroll","background-type":"","background-media":"","overlay-type":"","overlay-color":"","overlay-opacity":"","overlay-gradient":""},"tablet":{"background-color":"var(--ast-global-color-5)","background-image":"","background-repeat":"repeat","background-position":"center center","background-size":"auto","background-attachment":"scroll","background-type":"","background-media":"","overlay-type":"","overlay-color":"","overlay-opacity":"","overlay-gradient":""},"mobile":{"background-color":"var(--ast-global-color-5)","background-image":"","background-repeat":"repeat","background-position":"center center","background-size":"auto","background-attachment":"scroll","background-type":"","background-media":"","overlay-type":"","overlay-color":"","overlay-opacity":"","overlay-gradient":""}},"_jetpack_memberships_contains_paid_content":false,"_joinchat":[],"footnotes":""},"categories":[16095,5],"tags":[],"class_list":["post-80199","post","type-post","status-publish","format-standard","has-post-thumbnail","hentry","category-provinciales","category-sociedad"],"yoast_head":"<!-- This site is optimized with the Yoast SEO plugin v26.8 - https:\/\/yoast.com\/product\/yoast-seo-wordpress\/ -->\n<title>Caminos del vino: La Provincia homenaje\u00f3 a los vinos cordobeses - El Regional<\/title>\n<meta name=\"robots\" content=\"index, follow, max-snippet:-1, max-image-preview:large, max-video-preview:-1\" \/>\n<link rel=\"canonical\" href=\"http:\/\/elregionalvm.com.ar\/noticias-villa-maria\/caminos-del-vino-de-cordoba-la-provincia-homenajeo-a-los-vinos-cordobeses\/\" \/>\n<meta property=\"og:locale\" content=\"es_ES\" \/>\n<meta property=\"og:type\" content=\"article\" \/>\n<meta property=\"og:title\" content=\"Caminos del vino: La Provincia homenaje\u00f3 a los vinos cordobeses - El Regional\" \/>\n<meta property=\"og:description\" content=\"En el marco del inminente crecimiento de la actividad vitivin\u00edcola y del turismo enol\u00f3gico en la provincia, la Agencia C\u00f3rdoba Turismo llev\u00f3 adelante el mi\u00e9rcoles 26 de mayo en el hotel Quinto Centenario un homenaje a los vinos de C\u00f3rdoba, con el objetivo de reconocer y enaltecer el trabajo de los productores y bodegueros cordobeses. [&hellip;]\" \/>\n<meta property=\"og:url\" content=\"http:\/\/elregionalvm.com.ar\/noticias-villa-maria\/caminos-del-vino-de-cordoba-la-provincia-homenajeo-a-los-vinos-cordobeses\/\" \/>\n<meta property=\"og:site_name\" content=\"El Regional\" \/>\n<meta property=\"article:publisher\" content=\"https:\/\/www.facebook.com\/elregionalvm\" \/>\n<meta property=\"article:published_time\" content=\"2023-07-27T16:27:21+00:00\" \/>\n<meta property=\"article:modified_time\" content=\"2023-07-28T01:14:10+00:00\" \/>\n<meta property=\"og:image\" content=\"http:\/\/elregionalvm.com.ar\/noticias-villa-maria\/wp-content\/uploads\/2023\/07\/1-8-1536x1017-1.jpg\" \/>\n\t<meta property=\"og:image:width\" content=\"1536\" \/>\n\t<meta property=\"og:image:height\" content=\"1017\" \/>\n\t<meta property=\"og:image:type\" content=\"image\/jpeg\" \/>\n<meta name=\"author\" content=\"Contenidos El Regional\" \/>\n<meta name=\"twitter:card\" content=\"summary_large_image\" \/>\n<meta name=\"twitter:creator\" content=\"@elregionalvm1\" \/>\n<meta name=\"twitter:site\" content=\"@elregionalvm1\" \/>\n<meta name=\"twitter:label1\" content=\"Escrito por\" \/>\n\t<meta name=\"twitter:data1\" content=\"Contenidos El Regional\" \/>\n\t<meta name=\"twitter:label2\" content=\"Tiempo de lectura\" \/>\n\t<meta name=\"twitter:data2\" content=\"4 minutos\" \/>\n<script type=\"application\/ld+json\" class=\"yoast-schema-graph\">{\"@context\":\"https:\/\/schema.org\",\"@graph\":[{\"@type\":\"Article\",\"@id\":\"http:\/\/elregionalvm.com.ar\/noticias-villa-maria\/caminos-del-vino-de-cordoba-la-provincia-homenajeo-a-los-vinos-cordobeses\/#article\",\"isPartOf\":{\"@id\":\"http:\/\/elregionalvm.com.ar\/noticias-villa-maria\/caminos-del-vino-de-cordoba-la-provincia-homenajeo-a-los-vinos-cordobeses\/\"},\"author\":{\"name\":\"Contenidos El Regional\",\"@id\":\"http:\/\/elregionalvm.com.ar\/noticias-villa-maria\/#\/schema\/person\/a0fb9c422317faca23d50163151bc354\"},\"headline\":\"Caminos del vino: La Provincia homenaje\u00f3 a los vinos cordobeses\",\"datePublished\":\"2023-07-27T16:27:21+00:00\",\"dateModified\":\"2023-07-28T01:14:10+00:00\",\"mainEntityOfPage\":{\"@id\":\"http:\/\/elregionalvm.com.ar\/noticias-villa-maria\/caminos-del-vino-de-cordoba-la-provincia-homenajeo-a-los-vinos-cordobeses\/\"},\"wordCount\":635,\"commentCount\":0,\"image\":{\"@id\":\"http:\/\/elregionalvm.com.ar\/noticias-villa-maria\/caminos-del-vino-de-cordoba-la-provincia-homenajeo-a-los-vinos-cordobeses\/#primaryimage\"},\"thumbnailUrl\":\"https:\/\/i0.wp.com\/elregionalvm.com.ar\/noticias-villa-maria\/wp-content\/uploads\/2023\/07\/1-8-1536x1017-1.jpg?fit=1536%2C1017&ssl=1\",\"articleSection\":[\"Provinciales\",\"Sociedad\"],\"inLanguage\":\"es\",\"potentialAction\":[{\"@type\":\"CommentAction\",\"name\":\"Comment\",\"target\":[\"http:\/\/elregionalvm.com.ar\/noticias-villa-maria\/caminos-del-vino-de-cordoba-la-provincia-homenajeo-a-los-vinos-cordobeses\/#respond\"]}]},{\"@type\":\"WebPage\",\"@id\":\"http:\/\/elregionalvm.com.ar\/noticias-villa-maria\/caminos-del-vino-de-cordoba-la-provincia-homenajeo-a-los-vinos-cordobeses\/\",\"url\":\"http:\/\/elregionalvm.com.ar\/noticias-villa-maria\/caminos-del-vino-de-cordoba-la-provincia-homenajeo-a-los-vinos-cordobeses\/\",\"name\":\"Caminos del vino: La Provincia homenaje\u00f3 a los vinos cordobeses - El Regional\",\"isPartOf\":{\"@id\":\"http:\/\/elregionalvm.com.ar\/noticias-villa-maria\/#website\"},\"primaryImageOfPage\":{\"@id\":\"http:\/\/elregionalvm.com.ar\/noticias-villa-maria\/caminos-del-vino-de-cordoba-la-provincia-homenajeo-a-los-vinos-cordobeses\/#primaryimage\"},\"image\":{\"@id\":\"http:\/\/elregionalvm.com.ar\/noticias-villa-maria\/caminos-del-vino-de-cordoba-la-provincia-homenajeo-a-los-vinos-cordobeses\/#primaryimage\"},\"thumbnailUrl\":\"https:\/\/i0.wp.com\/elregionalvm.com.ar\/noticias-villa-maria\/wp-content\/uploads\/2023\/07\/1-8-1536x1017-1.jpg?fit=1536%2C1017&ssl=1\",\"datePublished\":\"2023-07-27T16:27:21+00:00\",\"dateModified\":\"2023-07-28T01:14:10+00:00\",\"author\":{\"@id\":\"http:\/\/elregionalvm.com.ar\/noticias-villa-maria\/#\/schema\/person\/a0fb9c422317faca23d50163151bc354\"},\"breadcrumb\":{\"@id\":\"http:\/\/elregionalvm.com.ar\/noticias-villa-maria\/caminos-del-vino-de-cordoba-la-provincia-homenajeo-a-los-vinos-cordobeses\/#breadcrumb\"},\"inLanguage\":\"es\",\"potentialAction\":[{\"@type\":\"ReadAction\",\"target\":[\"http:\/\/elregionalvm.com.ar\/noticias-villa-maria\/caminos-del-vino-de-cordoba-la-provincia-homenajeo-a-los-vinos-cordobeses\/\"]}]},{\"@type\":\"ImageObject\",\"inLanguage\":\"es\",\"@id\":\"http:\/\/elregionalvm.com.ar\/noticias-villa-maria\/caminos-del-vino-de-cordoba-la-provincia-homenajeo-a-los-vinos-cordobeses\/#primaryimage\",\"url\":\"https:\/\/i0.wp.com\/elregionalvm.com.ar\/noticias-villa-maria\/wp-content\/uploads\/2023\/07\/1-8-1536x1017-1.jpg?fit=1536%2C1017&ssl=1\",\"contentUrl\":\"https:\/\/i0.wp.com\/elregionalvm.com.ar\/noticias-villa-maria\/wp-content\/uploads\/2023\/07\/1-8-1536x1017-1.jpg?fit=1536%2C1017&ssl=1\",\"width\":1536,\"height\":1017},{\"@type\":\"BreadcrumbList\",\"@id\":\"http:\/\/elregionalvm.com.ar\/noticias-villa-maria\/caminos-del-vino-de-cordoba-la-provincia-homenajeo-a-los-vinos-cordobeses\/#breadcrumb\",\"itemListElement\":[{\"@type\":\"ListItem\",\"position\":1,\"name\":\"Portada\",\"item\":\"https:\/\/elregionalvm.com.ar\/noticias-villa-maria\/\"},{\"@type\":\"ListItem\",\"position\":2,\"name\":\"Caminos del vino: La Provincia homenaje\u00f3 a los vinos cordobeses\"}]},{\"@type\":\"WebSite\",\"@id\":\"http:\/\/elregionalvm.com.ar\/noticias-villa-maria\/#website\",\"url\":\"http:\/\/elregionalvm.com.ar\/noticias-villa-maria\/\",\"name\":\"El Regional\",\"description\":\"Mucho m\u00e1s que informaci\u00f3n\",\"potentialAction\":[{\"@type\":\"SearchAction\",\"target\":{\"@type\":\"EntryPoint\",\"urlTemplate\":\"http:\/\/elregionalvm.com.ar\/noticias-villa-maria\/?s={search_term_string}\"},\"query-input\":{\"@type\":\"PropertyValueSpecification\",\"valueRequired\":true,\"valueName\":\"search_term_string\"}}],\"inLanguage\":\"es\"},{\"@type\":\"Person\",\"@id\":\"http:\/\/elregionalvm.com.ar\/noticias-villa-maria\/#\/schema\/person\/a0fb9c422317faca23d50163151bc354\",\"name\":\"Contenidos El Regional\",\"image\":{\"@type\":\"ImageObject\",\"inLanguage\":\"es\",\"@id\":\"http:\/\/elregionalvm.com.ar\/noticias-villa-maria\/#\/schema\/person\/image\/\",\"url\":\"https:\/\/secure.gravatar.com\/avatar\/265b27cb2209af7bb3a1318f03305787d7981a5cc6e6cd08fe5a4ecdf99d4b48?s=96&d=mm&r=g\",\"contentUrl\":\"https:\/\/secure.gravatar.com\/avatar\/265b27cb2209af7bb3a1318f03305787d7981a5cc6e6cd08fe5a4ecdf99d4b48?s=96&d=mm&r=g\",\"caption\":\"Contenidos El Regional\"},\"url\":\"https:\/\/elregionalvm.com.ar\/noticias-villa-maria\/author\/contenido\/\"}]}<\/script>\n<!-- \/ Yoast SEO plugin. -->","yoast_head_json":{"title":"Caminos del vino: La Provincia homenaje\u00f3 a los vinos cordobeses - El Regional","robots":{"index":"index","follow":"follow","max-snippet":"max-snippet:-1","max-image-preview":"max-image-preview:large","max-video-preview":"max-video-preview:-1"},"canonical":"http:\/\/elregionalvm.com.ar\/noticias-villa-maria\/caminos-del-vino-de-cordoba-la-provincia-homenajeo-a-los-vinos-cordobeses\/","og_locale":"es_ES","og_type":"article","og_title":"Caminos del vino: La Provincia homenaje\u00f3 a los vinos cordobeses - El Regional","og_description":"En el marco del inminente crecimiento de la actividad vitivin\u00edcola y del turismo enol\u00f3gico en la provincia, la Agencia C\u00f3rdoba Turismo llev\u00f3 adelante el mi\u00e9rcoles 26 de mayo en el hotel Quinto Centenario un homenaje a los vinos de C\u00f3rdoba, con el objetivo de reconocer y enaltecer el trabajo de los productores y bodegueros cordobeses. [&hellip;]","og_url":"http:\/\/elregionalvm.com.ar\/noticias-villa-maria\/caminos-del-vino-de-cordoba-la-provincia-homenajeo-a-los-vinos-cordobeses\/","og_site_name":"El Regional","article_publisher":"https:\/\/www.facebook.com\/elregionalvm","article_published_time":"2023-07-27T16:27:21+00:00","article_modified_time":"2023-07-28T01:14:10+00:00","og_image":[{"width":1536,"height":1017,"url":"http:\/\/elregionalvm.com.ar\/noticias-villa-maria\/wp-content\/uploads\/2023\/07\/1-8-1536x1017-1.jpg","type":"image\/jpeg"}],"author":"Contenidos El Regional","twitter_card":"summary_large_image","twitter_creator":"@elregionalvm1","twitter_site":"@elregionalvm1","twitter_misc":{"Escrito por":"Contenidos El Regional","Tiempo de lectura":"4 minutos"},"schema":{"@context":"https:\/\/schema.org","@graph":[{"@type":"Article","@id":"http:\/\/elregionalvm.com.ar\/noticias-villa-maria\/caminos-del-vino-de-cordoba-la-provincia-homenajeo-a-los-vinos-cordobeses\/#article","isPartOf":{"@id":"http:\/\/elregionalvm.com.ar\/noticias-villa-maria\/caminos-del-vino-de-cordoba-la-provincia-homenajeo-a-los-vinos-cordobeses\/"},"author":{"name":"Contenidos El Regional","@id":"http:\/\/elregionalvm.com.ar\/noticias-villa-maria\/#\/schema\/person\/a0fb9c422317faca23d50163151bc354"},"headline":"Caminos del vino: La Provincia homenaje\u00f3 a los vinos cordobeses","datePublished":"2023-07-27T16:27:21+00:00","dateModified":"2023-07-28T01:14:10+00:00","mainEntityOfPage":{"@id":"http:\/\/elregionalvm.com.ar\/noticias-villa-maria\/caminos-del-vino-de-cordoba-la-provincia-homenajeo-a-los-vinos-cordobeses\/"},"wordCount":635,"commentCount":0,"image":{"@id":"http:\/\/elregionalvm.com.ar\/noticias-villa-maria\/caminos-del-vino-de-cordoba-la-provincia-homenajeo-a-los-vinos-cordobeses\/#primaryimage"},"thumbnailUrl":"https:\/\/i0.wp.com\/elregionalvm.com.ar\/noticias-villa-maria\/wp-content\/uploads\/2023\/07\/1-8-1536x1017-1.jpg?fit=1536%2C1017&ssl=1","articleSection":["Provinciales","Sociedad"],"inLanguage":"es","potentialAction":[{"@type":"CommentAction","name":"Comment","target":["http:\/\/elregionalvm.com.ar\/noticias-villa-maria\/caminos-del-vino-de-cordoba-la-provincia-homenajeo-a-los-vinos-cordobeses\/#respond"]}]},{"@type":"WebPage","@id":"http:\/\/elregionalvm.com.ar\/noticias-villa-maria\/caminos-del-vino-de-cordoba-la-provincia-homenajeo-a-los-vinos-cordobeses\/","url":"http:\/\/elregionalvm.com.ar\/noticias-villa-maria\/caminos-del-vino-de-cordoba-la-provincia-homenajeo-a-los-vinos-cordobeses\/","name":"Caminos del vino: La Provincia homenaje\u00f3 a los vinos cordobeses - El Regional","isPartOf":{"@id":"http:\/\/elregionalvm.com.ar\/noticias-villa-maria\/#website"},"primaryImageOfPage":{"@id":"http:\/\/elregionalvm.com.ar\/noticias-villa-maria\/caminos-del-vino-de-cordoba-la-provincia-homenajeo-a-los-vinos-cordobeses\/#primaryimage"},"image":{"@id":"http:\/\/elregionalvm.com.ar\/noticias-villa-maria\/caminos-del-vino-de-cordoba-la-provincia-homenajeo-a-los-vinos-cordobeses\/#primaryimage"},"thumbnailUrl":"https:\/\/i0.wp.com\/elregionalvm.com.ar\/noticias-villa-maria\/wp-content\/uploads\/2023\/07\/1-8-1536x1017-1.jpg?fit=1536%2C1017&ssl=1","datePublished":"2023-07-27T16:27:21+00:00","dateModified":"2023-07-28T01:14:10+00:00","author":{"@id":"http:\/\/elregionalvm.com.ar\/noticias-villa-maria\/#\/schema\/person\/a0fb9c422317faca23d50163151bc354"},"breadcrumb":{"@id":"http:\/\/elregionalvm.com.ar\/noticias-villa-maria\/caminos-del-vino-de-cordoba-la-provincia-homenajeo-a-los-vinos-cordobeses\/#breadcrumb"},"inLanguage":"es","potentialAction":[{"@type":"ReadAction","target":["http:\/\/elregionalvm.com.ar\/noticias-villa-maria\/caminos-del-vino-de-cordoba-la-provincia-homenajeo-a-los-vinos-cordobeses\/"]}]},{"@type":"ImageObject","inLanguage":"es","@id":"http:\/\/elregionalvm.com.ar\/noticias-villa-maria\/caminos-del-vino-de-cordoba-la-provincia-homenajeo-a-los-vinos-cordobeses\/#primaryimage","url":"https:\/\/i0.wp.com\/elregionalvm.com.ar\/noticias-villa-maria\/wp-content\/uploads\/2023\/07\/1-8-1536x1017-1.jpg?fit=1536%2C1017&ssl=1","contentUrl":"https:\/\/i0.wp.com\/elregionalvm.com.ar\/noticias-villa-maria\/wp-content\/uploads\/2023\/07\/1-8-1536x1017-1.jpg?fit=1536%2C1017&ssl=1","width":1536,"height":1017},{"@type":"BreadcrumbList","@id":"http:\/\/elregionalvm.com.ar\/noticias-villa-maria\/caminos-del-vino-de-cordoba-la-provincia-homenajeo-a-los-vinos-cordobeses\/#breadcrumb","itemListElement":[{"@type":"ListItem","position":1,"name":"Portada","item":"https:\/\/elregionalvm.com.ar\/noticias-villa-maria\/"},{"@type":"ListItem","position":2,"name":"Caminos del vino: La Provincia homenaje\u00f3 a los vinos cordobeses"}]},{"@type":"WebSite","@id":"http:\/\/elregionalvm.com.ar\/noticias-villa-maria\/#website","url":"http:\/\/elregionalvm.com.ar\/noticias-villa-maria\/","name":"El Regional","description":"Mucho m\u00e1s que informaci\u00f3n","potentialAction":[{"@type":"SearchAction","target":{"@type":"EntryPoint","urlTemplate":"http:\/\/elregionalvm.com.ar\/noticias-villa-maria\/?s={search_term_string}"},"query-input":{"@type":"PropertyValueSpecification","valueRequired":true,"valueName":"search_term_string"}}],"inLanguage":"es"},{"@type":"Person","@id":"http:\/\/elregionalvm.com.ar\/noticias-villa-maria\/#\/schema\/person\/a0fb9c422317faca23d50163151bc354","name":"Contenidos El Regional","image":{"@type":"ImageObject","inLanguage":"es","@id":"http:\/\/elregionalvm.com.ar\/noticias-villa-maria\/#\/schema\/person\/image\/","url":"https:\/\/secure.gravatar.com\/avatar\/265b27cb2209af7bb3a1318f03305787d7981a5cc6e6cd08fe5a4ecdf99d4b48?s=96&d=mm&r=g","contentUrl":"https:\/\/secure.gravatar.com\/avatar\/265b27cb2209af7bb3a1318f03305787d7981a5cc6e6cd08fe5a4ecdf99d4b48?s=96&d=mm&r=g","caption":"Contenidos El Regional"},"url":"https:\/\/elregionalvm.com.ar\/noticias-villa-maria\/author\/contenido\/"}]}},"jetpack_featured_media_url":"https:\/\/i0.wp.com\/elregionalvm.com.ar\/noticias-villa-maria\/wp-content\/uploads\/2023\/07\/1-8-1536x1017-1.jpg?fit=1536%2C1017&ssl=1","jetpack_sharing_enabled":true,"_links":{"self":[{"href":"https:\/\/elregionalvm.com.ar\/noticias-villa-maria\/wp-json\/wp\/v2\/posts\/80199","targetHints":{"allow":["GET"]}}],"collection":[{"href":"https:\/\/elregionalvm.com.ar\/noticias-villa-maria\/wp-json\/wp\/v2\/posts"}],"about":[{"href":"https:\/\/elregionalvm.com.ar\/noticias-villa-maria\/wp-json\/wp\/v2\/types\/post"}],"author":[{"embeddable":true,"href":"https:\/\/elregionalvm.com.ar\/noticias-villa-maria\/wp-json\/wp\/v2\/users\/4"}],"replies":[{"embeddable":true,"href":"https:\/\/elregionalvm.com.ar\/noticias-villa-maria\/wp-json\/wp\/v2\/comments?post=80199"}],"version-history":[{"count":2,"href":"https:\/\/elregionalvm.com.ar\/noticias-villa-maria\/wp-json\/wp\/v2\/posts\/80199\/revisions"}],"predecessor-version":[{"id":80221,"href":"https:\/\/elregionalvm.com.ar\/noticias-villa-maria\/wp-json\/wp\/v2\/posts\/80199\/revisions\/80221"}],"wp:featuredmedia":[{"embeddable":true,"href":"https:\/\/elregionalvm.com.ar\/noticias-villa-maria\/wp-json\/wp\/v2\/media\/80201"}],"wp:attachment":[{"href":"https:\/\/elregionalvm.com.ar\/noticias-villa-maria\/wp-json\/wp\/v2\/media?parent=80199"}],"wp:term":[{"taxonomy":"category","embeddable":true,"href":"https:\/\/elregionalvm.com.ar\/noticias-villa-maria\/wp-json\/wp\/v2\/categories?post=80199"},{"taxonomy":"post_tag","embeddable":true,"href":"https:\/\/elregionalvm.com.ar\/noticias-villa-maria\/wp-json\/wp\/v2\/tags?post=80199"}],"curies":[{"name":"wp","href":"https:\/\/api.w.org\/{rel}","templated":true}]}}