{"id":80204,"date":"2023-07-27T16:33:29","date_gmt":"2023-07-27T16:33:29","guid":{"rendered":"https:\/\/elregionalvm.com.ar\/noticias-villa-maria\/?p=80204"},"modified":"2023-07-27T17:38:12","modified_gmt":"2023-07-27T17:38:12","slug":"hijo-de-villamarienses-jugara-en-la-primera-divison-del-futbol-holandes","status":"publish","type":"post","link":"https:\/\/elregionalvm.com.ar\/noticias-villa-maria\/hijo-de-villamarienses-jugara-en-la-primera-divison-del-futbol-holandes\/","title":{"rendered":"Sus pap\u00e1s son Villamarienses y \u00e9l jugar\u00e1 en la Primera Divisi\u00f3n del F\u00fatbol Holand\u00e9s"},"content":{"rendered":"\n<p><strong>Agust\u00edn Anello<\/strong>, hijo de un matrimonio villamariense, fue incorporado por el Sparta Rotterdam y se encuentra realizando trabajos de pretemporada para afrontar el pr\u00f3ximo campeonato de la primera divisi\u00f3n de Holanda.<\/p>\n\n\n\n<p>El Sparta de R\u00f3terdam es un club de f\u00fatbol de la ciudad de R\u00f3terdam que milita en la Eredivisie, la principal categor\u00eda del f\u00fatbol neerland\u00e9s. Fundado en 1888 es el club m\u00e1s antiguo del pa\u00eds.<\/p>\n\n\n\n<p>Agust\u00edn Anello naci\u00f3 el 27 de abril de 2002 en Hialeah, Florida &nbsp;(Estados Unidos), es hijo de padres argentinos (villamarienses) y &nbsp;su familia se mud\u00f3 a &nbsp;Barcelona cuando \u00e9l ten\u00eda 10 a\u00f1os. Tambi\u00e9n tiene ciudadan\u00eda italiana.<\/p>\n\n\n\n<p>En su etapa formativa Anello jug\u00f3 en las academias de Cornell\u00e0 y Espanyol antes de unirse al Lommel belga en 2019. En septiembre de 2021, firm\u00f3 su primer contrato profesional con el club. <\/p>\n\n\n\n<p>En febrero de 2023, se uni\u00f3 al Hajduk Split en calidad de pr\u00e9stamo hasta el final de la temporada con la opci\u00f3n de convertir el trato en permanente.<\/p>\n\n\n\n<p>El 2 de julio de 2023, Anello firm\u00f3 un contrato con el Sparta Rotterdam de Holanda por el t\u00e9rmino de tres temporadas, con opci\u00f3n a una cuarta.<\/p>\n","protected":false},"excerpt":{"rendered":"<p>Agust\u00edn Anello, hijo de un matrimonio villamariense, fue incorporado por el Sparta Rotterdam y se encuentra realizando trabajos de pretemporada para afrontar el pr\u00f3ximo campeonato de la primera divisi\u00f3n de Holanda. El Sparta de R\u00f3terdam es un club de f\u00fatbol de la ciudad de R\u00f3terdam que milita en la Eredivisie, la principal categor\u00eda del f\u00fatbol [&hellip;]<\/p>\n","protected":false},"author":4,"featured_media":80205,"comment_status":"open","ping_status":"open","sticky":false,"template":"","format":"standard","meta":{"site-sidebar-layout":"default","site-content-layout":"","ast-site-content-layout":"default","site-content-style":"default","site-sidebar-style":"default","ast-global-header-display":"","ast-banner-title-visibility":"","ast-main-header-display":"","ast-hfb-above-header-display":"","ast-hfb-below-header-display":"","ast-hfb-mobile-header-display":"","site-post-title":"","ast-breadcrumbs-content":"","ast-featured-img":"","footer-sml-layout":"","ast-disable-related-posts":"","theme-transparent-header-meta":"","adv-header-id-meta":"","stick-header-meta":"","header-above-stick-meta":"","header-main-stick-meta":"","header-below-stick-meta":"","astra-migrate-meta-layouts":"default","ast-page-background-enabled":"default","ast-page-background-meta":{"desktop":{"background-color":"","background-image":"","background-repeat":"repeat","background-position":"center center","background-size":"auto","background-attachment":"scroll","background-type":"","background-media":"","overlay-type":"","overlay-color":"","overlay-opacity":"","overlay-gradient":""},"tablet":{"background-color":"","background-image":"","background-repeat":"repeat","background-position":"center center","background-size":"auto","background-attachment":"scroll","background-type":"","background-media":"","overlay-type":"","overlay-color":"","overlay-opacity":"","overlay-gradient":""},"mobile":{"background-color":"","background-image":"","background-repeat":"repeat","background-position":"center center","background-size":"auto","background-attachment":"scroll","background-type":"","background-media":"","overlay-type":"","overlay-color":"","overlay-opacity":"","overlay-gradient":""}},"ast-content-background-meta":{"desktop":{"background-color":"var(--ast-global-color-5)","background-image":"","background-repeat":"repeat","background-position":"center center","background-size":"auto","background-attachment":"scroll","background-type":"","background-media":"","overlay-type":"","overlay-color":"","overlay-opacity":"","overlay-gradient":""},"tablet":{"background-color":"var(--ast-global-color-5)","background-image":"","background-repeat":"repeat","background-position":"center center","background-size":"auto","background-attachment":"scroll","background-type":"","background-media":"","overlay-type":"","overlay-color":"","overlay-opacity":"","overlay-gradient":""},"mobile":{"background-color":"var(--ast-global-color-5)","background-image":"","background-repeat":"repeat","background-position":"center center","background-size":"auto","background-attachment":"scroll","background-type":"","background-media":"","overlay-type":"","overlay-color":"","overlay-opacity":"","overlay-gradient":""}},"_jetpack_memberships_contains_paid_content":false,"_joinchat":[],"footnotes":""},"categories":[15158,15302,5,2],"tags":[],"class_list":["post-80204","post","type-post","status-publish","format-standard","has-post-thumbnail","hentry","category-deporte","category-destacado","category-sociedad","category-villa-maria"],"yoast_head":"<!-- This site is optimized with the Yoast SEO plugin v26.8 - https:\/\/yoast.com\/product\/yoast-seo-wordpress\/ -->\n<title>Sus pap\u00e1s son Villamarienses y \u00e9l jugar\u00e1 en la Primera Divisi\u00f3n del F\u00fatbol Holand\u00e9s - El Regional<\/title>\n<meta name=\"robots\" content=\"index, follow, max-snippet:-1, max-image-preview:large, max-video-preview:-1\" \/>\n<link rel=\"canonical\" href=\"http:\/\/elregionalvm.com.ar\/noticias-villa-maria\/hijo-de-villamarienses-jugara-en-la-primera-divison-del-futbol-holandes\/\" \/>\n<meta property=\"og:locale\" content=\"es_ES\" \/>\n<meta property=\"og:type\" content=\"article\" \/>\n<meta property=\"og:title\" content=\"Sus pap\u00e1s son Villamarienses y \u00e9l jugar\u00e1 en la Primera Divisi\u00f3n del F\u00fatbol Holand\u00e9s - El Regional\" \/>\n<meta property=\"og:description\" content=\"Agust\u00edn Anello, hijo de un matrimonio villamariense, fue incorporado por el Sparta Rotterdam y se encuentra realizando trabajos de pretemporada para afrontar el pr\u00f3ximo campeonato de la primera divisi\u00f3n de Holanda. El Sparta de R\u00f3terdam es un club de f\u00fatbol de la ciudad de R\u00f3terdam que milita en la Eredivisie, la principal categor\u00eda del f\u00fatbol [&hellip;]\" \/>\n<meta property=\"og:url\" content=\"http:\/\/elregionalvm.com.ar\/noticias-villa-maria\/hijo-de-villamarienses-jugara-en-la-primera-divison-del-futbol-holandes\/\" \/>\n<meta property=\"og:site_name\" content=\"El Regional\" \/>\n<meta property=\"article:publisher\" content=\"https:\/\/www.facebook.com\/elregionalvm\" \/>\n<meta property=\"article:published_time\" content=\"2023-07-27T16:33:29+00:00\" \/>\n<meta property=\"article:modified_time\" content=\"2023-07-27T17:38:12+00:00\" \/>\n<meta property=\"og:image\" content=\"http:\/\/elregionalvm.com.ar\/noticias-villa-maria\/wp-content\/uploads\/2023\/07\/agustin-anello-1.jpg\" \/>\n\t<meta property=\"og:image:width\" content=\"524\" \/>\n\t<meta property=\"og:image:height\" content=\"486\" \/>\n\t<meta property=\"og:image:type\" content=\"image\/jpeg\" \/>\n<meta name=\"author\" content=\"Contenidos El Regional\" \/>\n<meta name=\"twitter:card\" content=\"summary_large_image\" \/>\n<meta name=\"twitter:creator\" content=\"@elregionalvm1\" \/>\n<meta name=\"twitter:site\" content=\"@elregionalvm1\" \/>\n<meta name=\"twitter:label1\" content=\"Escrito por\" \/>\n\t<meta name=\"twitter:data1\" content=\"Contenidos El Regional\" \/>\n\t<meta name=\"twitter:label2\" content=\"Tiempo de lectura\" \/>\n\t<meta name=\"twitter:data2\" content=\"1 minuto\" \/>\n<script type=\"application\/ld+json\" class=\"yoast-schema-graph\">{\"@context\":\"https:\/\/schema.org\",\"@graph\":[{\"@type\":\"Article\",\"@id\":\"http:\/\/elregionalvm.com.ar\/noticias-villa-maria\/hijo-de-villamarienses-jugara-en-la-primera-divison-del-futbol-holandes\/#article\",\"isPartOf\":{\"@id\":\"http:\/\/elregionalvm.com.ar\/noticias-villa-maria\/hijo-de-villamarienses-jugara-en-la-primera-divison-del-futbol-holandes\/\"},\"author\":{\"name\":\"Contenidos El Regional\",\"@id\":\"http:\/\/elregionalvm.com.ar\/noticias-villa-maria\/#\/schema\/person\/a0fb9c422317faca23d50163151bc354\"},\"headline\":\"Sus pap\u00e1s son Villamarienses y \u00e9l jugar\u00e1 en la Primera Divisi\u00f3n del F\u00fatbol Holand\u00e9s\",\"datePublished\":\"2023-07-27T16:33:29+00:00\",\"dateModified\":\"2023-07-27T17:38:12+00:00\",\"mainEntityOfPage\":{\"@id\":\"http:\/\/elregionalvm.com.ar\/noticias-villa-maria\/hijo-de-villamarienses-jugara-en-la-primera-divison-del-futbol-holandes\/\"},\"wordCount\":222,\"commentCount\":0,\"image\":{\"@id\":\"http:\/\/elregionalvm.com.ar\/noticias-villa-maria\/hijo-de-villamarienses-jugara-en-la-primera-divison-del-futbol-holandes\/#primaryimage\"},\"thumbnailUrl\":\"https:\/\/i0.wp.com\/elregionalvm.com.ar\/noticias-villa-maria\/wp-content\/uploads\/2023\/07\/agustin-anello-1.jpg?fit=524%2C486&ssl=1\",\"articleSection\":[\"Deporte\",\"destacado\",\"Sociedad\",\"Villa Mar\u00eda\"],\"inLanguage\":\"es\",\"potentialAction\":[{\"@type\":\"CommentAction\",\"name\":\"Comment\",\"target\":[\"http:\/\/elregionalvm.com.ar\/noticias-villa-maria\/hijo-de-villamarienses-jugara-en-la-primera-divison-del-futbol-holandes\/#respond\"]}]},{\"@type\":\"WebPage\",\"@id\":\"http:\/\/elregionalvm.com.ar\/noticias-villa-maria\/hijo-de-villamarienses-jugara-en-la-primera-divison-del-futbol-holandes\/\",\"url\":\"http:\/\/elregionalvm.com.ar\/noticias-villa-maria\/hijo-de-villamarienses-jugara-en-la-primera-divison-del-futbol-holandes\/\",\"name\":\"Sus pap\u00e1s son Villamarienses y \u00e9l jugar\u00e1 en la Primera Divisi\u00f3n del F\u00fatbol Holand\u00e9s - El Regional\",\"isPartOf\":{\"@id\":\"http:\/\/elregionalvm.com.ar\/noticias-villa-maria\/#website\"},\"primaryImageOfPage\":{\"@id\":\"http:\/\/elregionalvm.com.ar\/noticias-villa-maria\/hijo-de-villamarienses-jugara-en-la-primera-divison-del-futbol-holandes\/#primaryimage\"},\"image\":{\"@id\":\"http:\/\/elregionalvm.com.ar\/noticias-villa-maria\/hijo-de-villamarienses-jugara-en-la-primera-divison-del-futbol-holandes\/#primaryimage\"},\"thumbnailUrl\":\"https:\/\/i0.wp.com\/elregionalvm.com.ar\/noticias-villa-maria\/wp-content\/uploads\/2023\/07\/agustin-anello-1.jpg?fit=524%2C486&ssl=1\",\"datePublished\":\"2023-07-27T16:33:29+00:00\",\"dateModified\":\"2023-07-27T17:38:12+00:00\",\"author\":{\"@id\":\"http:\/\/elregionalvm.com.ar\/noticias-villa-maria\/#\/schema\/person\/a0fb9c422317faca23d50163151bc354\"},\"breadcrumb\":{\"@id\":\"http:\/\/elregionalvm.com.ar\/noticias-villa-maria\/hijo-de-villamarienses-jugara-en-la-primera-divison-del-futbol-holandes\/#breadcrumb\"},\"inLanguage\":\"es\",\"potentialAction\":[{\"@type\":\"ReadAction\",\"target\":[\"http:\/\/elregionalvm.com.ar\/noticias-villa-maria\/hijo-de-villamarienses-jugara-en-la-primera-divison-del-futbol-holandes\/\"]}]},{\"@type\":\"ImageObject\",\"inLanguage\":\"es\",\"@id\":\"http:\/\/elregionalvm.com.ar\/noticias-villa-maria\/hijo-de-villamarienses-jugara-en-la-primera-divison-del-futbol-holandes\/#primaryimage\",\"url\":\"https:\/\/i0.wp.com\/elregionalvm.com.ar\/noticias-villa-maria\/wp-content\/uploads\/2023\/07\/agustin-anello-1.jpg?fit=524%2C486&ssl=1\",\"contentUrl\":\"https:\/\/i0.wp.com\/elregionalvm.com.ar\/noticias-villa-maria\/wp-content\/uploads\/2023\/07\/agustin-anello-1.jpg?fit=524%2C486&ssl=1\",\"width\":524,\"height\":486},{\"@type\":\"BreadcrumbList\",\"@id\":\"http:\/\/elregionalvm.com.ar\/noticias-villa-maria\/hijo-de-villamarienses-jugara-en-la-primera-divison-del-futbol-holandes\/#breadcrumb\",\"itemListElement\":[{\"@type\":\"ListItem\",\"position\":1,\"name\":\"Portada\",\"item\":\"https:\/\/elregionalvm.com.ar\/noticias-villa-maria\/\"},{\"@type\":\"ListItem\",\"position\":2,\"name\":\"Sus pap\u00e1s son Villamarienses y \u00e9l jugar\u00e1 en la Primera Divisi\u00f3n del F\u00fatbol Holand\u00e9s\"}]},{\"@type\":\"WebSite\",\"@id\":\"http:\/\/elregionalvm.com.ar\/noticias-villa-maria\/#website\",\"url\":\"http:\/\/elregionalvm.com.ar\/noticias-villa-maria\/\",\"name\":\"El Regional\",\"description\":\"Mucho m\u00e1s que informaci\u00f3n\",\"potentialAction\":[{\"@type\":\"SearchAction\",\"target\":{\"@type\":\"EntryPoint\",\"urlTemplate\":\"http:\/\/elregionalvm.com.ar\/noticias-villa-maria\/?s={search_term_string}\"},\"query-input\":{\"@type\":\"PropertyValueSpecification\",\"valueRequired\":true,\"valueName\":\"search_term_string\"}}],\"inLanguage\":\"es\"},{\"@type\":\"Person\",\"@id\":\"http:\/\/elregionalvm.com.ar\/noticias-villa-maria\/#\/schema\/person\/a0fb9c422317faca23d50163151bc354\",\"name\":\"Contenidos El Regional\",\"image\":{\"@type\":\"ImageObject\",\"inLanguage\":\"es\",\"@id\":\"http:\/\/elregionalvm.com.ar\/noticias-villa-maria\/#\/schema\/person\/image\/\",\"url\":\"https:\/\/secure.gravatar.com\/avatar\/265b27cb2209af7bb3a1318f03305787d7981a5cc6e6cd08fe5a4ecdf99d4b48?s=96&d=mm&r=g\",\"contentUrl\":\"https:\/\/secure.gravatar.com\/avatar\/265b27cb2209af7bb3a1318f03305787d7981a5cc6e6cd08fe5a4ecdf99d4b48?s=96&d=mm&r=g\",\"caption\":\"Contenidos El Regional\"},\"url\":\"https:\/\/elregionalvm.com.ar\/noticias-villa-maria\/author\/contenido\/\"}]}<\/script>\n<!-- \/ Yoast SEO plugin. -->","yoast_head_json":{"title":"Sus pap\u00e1s son Villamarienses y \u00e9l jugar\u00e1 en la Primera Divisi\u00f3n del F\u00fatbol Holand\u00e9s - El Regional","robots":{"index":"index","follow":"follow","max-snippet":"max-snippet:-1","max-image-preview":"max-image-preview:large","max-video-preview":"max-video-preview:-1"},"canonical":"http:\/\/elregionalvm.com.ar\/noticias-villa-maria\/hijo-de-villamarienses-jugara-en-la-primera-divison-del-futbol-holandes\/","og_locale":"es_ES","og_type":"article","og_title":"Sus pap\u00e1s son Villamarienses y \u00e9l jugar\u00e1 en la Primera Divisi\u00f3n del F\u00fatbol Holand\u00e9s - El Regional","og_description":"Agust\u00edn Anello, hijo de un matrimonio villamariense, fue incorporado por el Sparta Rotterdam y se encuentra realizando trabajos de pretemporada para afrontar el pr\u00f3ximo campeonato de la primera divisi\u00f3n de Holanda. El Sparta de R\u00f3terdam es un club de f\u00fatbol de la ciudad de R\u00f3terdam que milita en la Eredivisie, la principal categor\u00eda del f\u00fatbol [&hellip;]","og_url":"http:\/\/elregionalvm.com.ar\/noticias-villa-maria\/hijo-de-villamarienses-jugara-en-la-primera-divison-del-futbol-holandes\/","og_site_name":"El Regional","article_publisher":"https:\/\/www.facebook.com\/elregionalvm","article_published_time":"2023-07-27T16:33:29+00:00","article_modified_time":"2023-07-27T17:38:12+00:00","og_image":[{"width":524,"height":486,"url":"http:\/\/elregionalvm.com.ar\/noticias-villa-maria\/wp-content\/uploads\/2023\/07\/agustin-anello-1.jpg","type":"image\/jpeg"}],"author":"Contenidos El Regional","twitter_card":"summary_large_image","twitter_creator":"@elregionalvm1","twitter_site":"@elregionalvm1","twitter_misc":{"Escrito por":"Contenidos El Regional","Tiempo de lectura":"1 minuto"},"schema":{"@context":"https:\/\/schema.org","@graph":[{"@type":"Article","@id":"http:\/\/elregionalvm.com.ar\/noticias-villa-maria\/hijo-de-villamarienses-jugara-en-la-primera-divison-del-futbol-holandes\/#article","isPartOf":{"@id":"http:\/\/elregionalvm.com.ar\/noticias-villa-maria\/hijo-de-villamarienses-jugara-en-la-primera-divison-del-futbol-holandes\/"},"author":{"name":"Contenidos El Regional","@id":"http:\/\/elregionalvm.com.ar\/noticias-villa-maria\/#\/schema\/person\/a0fb9c422317faca23d50163151bc354"},"headline":"Sus pap\u00e1s son Villamarienses y \u00e9l jugar\u00e1 en la Primera Divisi\u00f3n del F\u00fatbol Holand\u00e9s","datePublished":"2023-07-27T16:33:29+00:00","dateModified":"2023-07-27T17:38:12+00:00","mainEntityOfPage":{"@id":"http:\/\/elregionalvm.com.ar\/noticias-villa-maria\/hijo-de-villamarienses-jugara-en-la-primera-divison-del-futbol-holandes\/"},"wordCount":222,"commentCount":0,"image":{"@id":"http:\/\/elregionalvm.com.ar\/noticias-villa-maria\/hijo-de-villamarienses-jugara-en-la-primera-divison-del-futbol-holandes\/#primaryimage"},"thumbnailUrl":"https:\/\/i0.wp.com\/elregionalvm.com.ar\/noticias-villa-maria\/wp-content\/uploads\/2023\/07\/agustin-anello-1.jpg?fit=524%2C486&ssl=1","articleSection":["Deporte","destacado","Sociedad","Villa Mar\u00eda"],"inLanguage":"es","potentialAction":[{"@type":"CommentAction","name":"Comment","target":["http:\/\/elregionalvm.com.ar\/noticias-villa-maria\/hijo-de-villamarienses-jugara-en-la-primera-divison-del-futbol-holandes\/#respond"]}]},{"@type":"WebPage","@id":"http:\/\/elregionalvm.com.ar\/noticias-villa-maria\/hijo-de-villamarienses-jugara-en-la-primera-divison-del-futbol-holandes\/","url":"http:\/\/elregionalvm.com.ar\/noticias-villa-maria\/hijo-de-villamarienses-jugara-en-la-primera-divison-del-futbol-holandes\/","name":"Sus pap\u00e1s son Villamarienses y \u00e9l jugar\u00e1 en la Primera Divisi\u00f3n del F\u00fatbol Holand\u00e9s - El Regional","isPartOf":{"@id":"http:\/\/elregionalvm.com.ar\/noticias-villa-maria\/#website"},"primaryImageOfPage":{"@id":"http:\/\/elregionalvm.com.ar\/noticias-villa-maria\/hijo-de-villamarienses-jugara-en-la-primera-divison-del-futbol-holandes\/#primaryimage"},"image":{"@id":"http:\/\/elregionalvm.com.ar\/noticias-villa-maria\/hijo-de-villamarienses-jugara-en-la-primera-divison-del-futbol-holandes\/#primaryimage"},"thumbnailUrl":"https:\/\/i0.wp.com\/elregionalvm.com.ar\/noticias-villa-maria\/wp-content\/uploads\/2023\/07\/agustin-anello-1.jpg?fit=524%2C486&ssl=1","datePublished":"2023-07-27T16:33:29+00:00","dateModified":"2023-07-27T17:38:12+00:00","author":{"@id":"http:\/\/elregionalvm.com.ar\/noticias-villa-maria\/#\/schema\/person\/a0fb9c422317faca23d50163151bc354"},"breadcrumb":{"@id":"http:\/\/elregionalvm.com.ar\/noticias-villa-maria\/hijo-de-villamarienses-jugara-en-la-primera-divison-del-futbol-holandes\/#breadcrumb"},"inLanguage":"es","potentialAction":[{"@type":"ReadAction","target":["http:\/\/elregionalvm.com.ar\/noticias-villa-maria\/hijo-de-villamarienses-jugara-en-la-primera-divison-del-futbol-holandes\/"]}]},{"@type":"ImageObject","inLanguage":"es","@id":"http:\/\/elregionalvm.com.ar\/noticias-villa-maria\/hijo-de-villamarienses-jugara-en-la-primera-divison-del-futbol-holandes\/#primaryimage","url":"https:\/\/i0.wp.com\/elregionalvm.com.ar\/noticias-villa-maria\/wp-content\/uploads\/2023\/07\/agustin-anello-1.jpg?fit=524%2C486&ssl=1","contentUrl":"https:\/\/i0.wp.com\/elregionalvm.com.ar\/noticias-villa-maria\/wp-content\/uploads\/2023\/07\/agustin-anello-1.jpg?fit=524%2C486&ssl=1","width":524,"height":486},{"@type":"BreadcrumbList","@id":"http:\/\/elregionalvm.com.ar\/noticias-villa-maria\/hijo-de-villamarienses-jugara-en-la-primera-divison-del-futbol-holandes\/#breadcrumb","itemListElement":[{"@type":"ListItem","position":1,"name":"Portada","item":"https:\/\/elregionalvm.com.ar\/noticias-villa-maria\/"},{"@type":"ListItem","position":2,"name":"Sus pap\u00e1s son Villamarienses y \u00e9l jugar\u00e1 en la Primera Divisi\u00f3n del F\u00fatbol Holand\u00e9s"}]},{"@type":"WebSite","@id":"http:\/\/elregionalvm.com.ar\/noticias-villa-maria\/#website","url":"http:\/\/elregionalvm.com.ar\/noticias-villa-maria\/","name":"El Regional","description":"Mucho m\u00e1s que informaci\u00f3n","potentialAction":[{"@type":"SearchAction","target":{"@type":"EntryPoint","urlTemplate":"http:\/\/elregionalvm.com.ar\/noticias-villa-maria\/?s={search_term_string}"},"query-input":{"@type":"PropertyValueSpecification","valueRequired":true,"valueName":"search_term_string"}}],"inLanguage":"es"},{"@type":"Person","@id":"http:\/\/elregionalvm.com.ar\/noticias-villa-maria\/#\/schema\/person\/a0fb9c422317faca23d50163151bc354","name":"Contenidos El Regional","image":{"@type":"ImageObject","inLanguage":"es","@id":"http:\/\/elregionalvm.com.ar\/noticias-villa-maria\/#\/schema\/person\/image\/","url":"https:\/\/secure.gravatar.com\/avatar\/265b27cb2209af7bb3a1318f03305787d7981a5cc6e6cd08fe5a4ecdf99d4b48?s=96&d=mm&r=g","contentUrl":"https:\/\/secure.gravatar.com\/avatar\/265b27cb2209af7bb3a1318f03305787d7981a5cc6e6cd08fe5a4ecdf99d4b48?s=96&d=mm&r=g","caption":"Contenidos El Regional"},"url":"https:\/\/elregionalvm.com.ar\/noticias-villa-maria\/author\/contenido\/"}]}},"jetpack_featured_media_url":"https:\/\/i0.wp.com\/elregionalvm.com.ar\/noticias-villa-maria\/wp-content\/uploads\/2023\/07\/agustin-anello-1.jpg?fit=524%2C486&ssl=1","jetpack_sharing_enabled":true,"_links":{"self":[{"href":"https:\/\/elregionalvm.com.ar\/noticias-villa-maria\/wp-json\/wp\/v2\/posts\/80204","targetHints":{"allow":["GET"]}}],"collection":[{"href":"https:\/\/elregionalvm.com.ar\/noticias-villa-maria\/wp-json\/wp\/v2\/posts"}],"about":[{"href":"https:\/\/elregionalvm.com.ar\/noticias-villa-maria\/wp-json\/wp\/v2\/types\/post"}],"author":[{"embeddable":true,"href":"https:\/\/elregionalvm.com.ar\/noticias-villa-maria\/wp-json\/wp\/v2\/users\/4"}],"replies":[{"embeddable":true,"href":"https:\/\/elregionalvm.com.ar\/noticias-villa-maria\/wp-json\/wp\/v2\/comments?post=80204"}],"version-history":[{"count":3,"href":"https:\/\/elregionalvm.com.ar\/noticias-villa-maria\/wp-json\/wp\/v2\/posts\/80204\/revisions"}],"predecessor-version":[{"id":80220,"href":"https:\/\/elregionalvm.com.ar\/noticias-villa-maria\/wp-json\/wp\/v2\/posts\/80204\/revisions\/80220"}],"wp:featuredmedia":[{"embeddable":true,"href":"https:\/\/elregionalvm.com.ar\/noticias-villa-maria\/wp-json\/wp\/v2\/media\/80205"}],"wp:attachment":[{"href":"https:\/\/elregionalvm.com.ar\/noticias-villa-maria\/wp-json\/wp\/v2\/media?parent=80204"}],"wp:term":[{"taxonomy":"category","embeddable":true,"href":"https:\/\/elregionalvm.com.ar\/noticias-villa-maria\/wp-json\/wp\/v2\/categories?post=80204"},{"taxonomy":"post_tag","embeddable":true,"href":"https:\/\/elregionalvm.com.ar\/noticias-villa-maria\/wp-json\/wp\/v2\/tags?post=80204"}],"curies":[{"name":"wp","href":"https:\/\/api.w.org\/{rel}","templated":true}]}}