{"id":80207,"date":"2023-07-27T16:40:14","date_gmt":"2023-07-27T16:40:14","guid":{"rendered":"https:\/\/elregionalvm.com.ar\/noticias-villa-maria\/?p=80207"},"modified":"2023-07-27T16:40:16","modified_gmt":"2023-07-27T16:40:16","slug":"unvm-docente-de-veterinaria-fue-becado-para-especializarse-en-epidemiologia","status":"publish","type":"post","link":"https:\/\/elregionalvm.com.ar\/noticias-villa-maria\/unvm-docente-de-veterinaria-fue-becado-para-especializarse-en-epidemiologia\/","title":{"rendered":"UNVM: Docente de Veterinaria fue becado para especializarse en epidemiolog\u00eda"},"content":{"rendered":"\n<p>A partir de una convocatoria impulsada por el Ministerio de Salud, el gobierno de la provincia de C\u00f3rdoba puso en marcha la primera cohorte de residentes en Epidemiolog\u00eda. <\/p>\n\n\n\n<p>Es en ese marco que&nbsp;<strong>Maximiliano Lamberti<\/strong>, m\u00e9dico veterinario graduado y docente del&nbsp;<strong>Instituto de Ciencias B\u00e1sicas y Aplicadas<\/strong>&nbsp;de la UNVM, rindi\u00f3 exitosamente un examen de ingreso que le permitir\u00e1 especializarse en esa tem\u00e1tica con una beca de formaci\u00f3n.<\/p>\n\n\n\n<p>El&nbsp;<strong>Ministerio de Salud<\/strong>&nbsp;de la provincia de C\u00f3rdoba puso en marcha por primera vez una Especializaci\u00f3n en Epidemiolog\u00eda, destinada a la formaci\u00f3n de profesionales de la medicina veterinaria que busquen profundizar sus conocimientos en esta \u00e1rea del conocimiento.<\/p>\n\n\n\n<p>En tal sentido, d\u00edas atr\u00e1s el m\u00e9dico veterinario Maximiliano Lamberti fue admitido formalmente, junto a otra colega de la profesi\u00f3n, para comenzar este nuevo trayecto formativo con una beca de financiamiento que les permitir\u00e1 convertirse as\u00ed en los primeros especialistas en epidemiolog\u00eda formados \u00edntegramente en la provincia.<\/p>\n\n\n\n<p>Seg\u00fan comentaron, esta propuesta tiene una duraci\u00f3n de tres a\u00f1os e incluye una serie de rotaciones entre las distintas \u00e1reas de la Direcci\u00f3n de Epidemiolog\u00eda y en otras dependencias del ya mencionado Ministerio. <\/p>\n\n\n\n<p>El principal objetivo es brindar a los becarios un contacto directo con el trabajo en el territorio y as\u00ed ofrecer una formaci\u00f3n centrada fundamentalmente en las necesidades existentes en el sector.<\/p>\n","protected":false},"excerpt":{"rendered":"<p>A partir de una convocatoria impulsada por el Ministerio de Salud, el gobierno de la provincia de C\u00f3rdoba puso en marcha la primera cohorte de residentes en Epidemiolog\u00eda. Es en ese marco que&nbsp;Maximiliano Lamberti, m\u00e9dico veterinario graduado y docente del&nbsp;Instituto de Ciencias B\u00e1sicas y Aplicadas&nbsp;de la UNVM, rindi\u00f3 exitosamente un examen de ingreso que le [&hellip;]<\/p>\n","protected":false},"author":4,"featured_media":80209,"comment_status":"open","ping_status":"open","sticky":false,"template":"","format":"standard","meta":{"site-sidebar-layout":"default","site-content-layout":"","ast-site-content-layout":"default","site-content-style":"default","site-sidebar-style":"default","ast-global-header-display":"","ast-banner-title-visibility":"","ast-main-header-display":"","ast-hfb-above-header-display":"","ast-hfb-below-header-display":"","ast-hfb-mobile-header-display":"","site-post-title":"","ast-breadcrumbs-content":"","ast-featured-img":"","footer-sml-layout":"","ast-disable-related-posts":"","theme-transparent-header-meta":"","adv-header-id-meta":"","stick-header-meta":"","header-above-stick-meta":"","header-main-stick-meta":"","header-below-stick-meta":"","astra-migrate-meta-layouts":"default","ast-page-background-enabled":"default","ast-page-background-meta":{"desktop":{"background-color":"","background-image":"","background-repeat":"repeat","background-position":"center center","background-size":"auto","background-attachment":"scroll","background-type":"","background-media":"","overlay-type":"","overlay-color":"","overlay-opacity":"","overlay-gradient":""},"tablet":{"background-color":"","background-image":"","background-repeat":"repeat","background-position":"center center","background-size":"auto","background-attachment":"scroll","background-type":"","background-media":"","overlay-type":"","overlay-color":"","overlay-opacity":"","overlay-gradient":""},"mobile":{"background-color":"","background-image":"","background-repeat":"repeat","background-position":"center center","background-size":"auto","background-attachment":"scroll","background-type":"","background-media":"","overlay-type":"","overlay-color":"","overlay-opacity":"","overlay-gradient":""}},"ast-content-background-meta":{"desktop":{"background-color":"var(--ast-global-color-5)","background-image":"","background-repeat":"repeat","background-position":"center center","background-size":"auto","background-attachment":"scroll","background-type":"","background-media":"","overlay-type":"","overlay-color":"","overlay-opacity":"","overlay-gradient":""},"tablet":{"background-color":"var(--ast-global-color-5)","background-image":"","background-repeat":"repeat","background-position":"center center","background-size":"auto","background-attachment":"scroll","background-type":"","background-media":"","overlay-type":"","overlay-color":"","overlay-opacity":"","overlay-gradient":""},"mobile":{"background-color":"var(--ast-global-color-5)","background-image":"","background-repeat":"repeat","background-position":"center center","background-size":"auto","background-attachment":"scroll","background-type":"","background-media":"","overlay-type":"","overlay-color":"","overlay-opacity":"","overlay-gradient":""}},"_jetpack_memberships_contains_paid_content":false,"_joinchat":[],"footnotes":""},"categories":[15302,1,5,2],"tags":[],"class_list":["post-80207","post","type-post","status-publish","format-standard","has-post-thumbnail","hentry","category-destacado","category-sin-categoria","category-sociedad","category-villa-maria"],"yoast_head":"<!-- This site is optimized with the Yoast SEO plugin v26.8 - https:\/\/yoast.com\/product\/yoast-seo-wordpress\/ -->\n<title>UNVM: Docente de Veterinaria fue becado para especializarse en epidemiolog\u00eda - El Regional<\/title>\n<meta name=\"robots\" content=\"index, follow, max-snippet:-1, max-image-preview:large, max-video-preview:-1\" \/>\n<link rel=\"canonical\" href=\"http:\/\/elregionalvm.com.ar\/noticias-villa-maria\/unvm-docente-de-veterinaria-fue-becado-para-especializarse-en-epidemiologia\/\" \/>\n<meta property=\"og:locale\" content=\"es_ES\" \/>\n<meta property=\"og:type\" content=\"article\" \/>\n<meta property=\"og:title\" content=\"UNVM: Docente de Veterinaria fue becado para especializarse en epidemiolog\u00eda - El Regional\" \/>\n<meta property=\"og:description\" content=\"A partir de una convocatoria impulsada por el Ministerio de Salud, el gobierno de la provincia de C\u00f3rdoba puso en marcha la primera cohorte de residentes en Epidemiolog\u00eda. Es en ese marco que&nbsp;Maximiliano Lamberti, m\u00e9dico veterinario graduado y docente del&nbsp;Instituto de Ciencias B\u00e1sicas y Aplicadas&nbsp;de la UNVM, rindi\u00f3 exitosamente un examen de ingreso que le [&hellip;]\" \/>\n<meta property=\"og:url\" content=\"http:\/\/elregionalvm.com.ar\/noticias-villa-maria\/unvm-docente-de-veterinaria-fue-becado-para-especializarse-en-epidemiologia\/\" \/>\n<meta property=\"og:site_name\" content=\"El Regional\" \/>\n<meta property=\"article:publisher\" content=\"https:\/\/www.facebook.com\/elregionalvm\" \/>\n<meta property=\"article:published_time\" content=\"2023-07-27T16:40:14+00:00\" \/>\n<meta property=\"article:modified_time\" content=\"2023-07-27T16:40:16+00:00\" \/>\n<meta property=\"og:image\" content=\"http:\/\/elregionalvm.com.ar\/noticias-villa-maria\/wp-content\/uploads\/2023\/07\/epidemio-2-1.jpg\" \/>\n\t<meta property=\"og:image:width\" content=\"900\" \/>\n\t<meta property=\"og:image:height\" content=\"532\" \/>\n\t<meta property=\"og:image:type\" content=\"image\/jpeg\" \/>\n<meta name=\"author\" content=\"Contenidos El Regional\" \/>\n<meta name=\"twitter:card\" content=\"summary_large_image\" \/>\n<meta name=\"twitter:creator\" content=\"@elregionalvm1\" \/>\n<meta name=\"twitter:site\" content=\"@elregionalvm1\" \/>\n<meta name=\"twitter:label1\" content=\"Escrito por\" \/>\n\t<meta name=\"twitter:data1\" content=\"Contenidos El Regional\" \/>\n\t<meta name=\"twitter:label2\" content=\"Tiempo de lectura\" \/>\n\t<meta name=\"twitter:data2\" content=\"1 minuto\" \/>\n<script type=\"application\/ld+json\" class=\"yoast-schema-graph\">{\"@context\":\"https:\/\/schema.org\",\"@graph\":[{\"@type\":\"Article\",\"@id\":\"http:\/\/elregionalvm.com.ar\/noticias-villa-maria\/unvm-docente-de-veterinaria-fue-becado-para-especializarse-en-epidemiologia\/#article\",\"isPartOf\":{\"@id\":\"http:\/\/elregionalvm.com.ar\/noticias-villa-maria\/unvm-docente-de-veterinaria-fue-becado-para-especializarse-en-epidemiologia\/\"},\"author\":{\"name\":\"Contenidos El Regional\",\"@id\":\"http:\/\/elregionalvm.com.ar\/noticias-villa-maria\/#\/schema\/person\/a0fb9c422317faca23d50163151bc354\"},\"headline\":\"UNVM: Docente de Veterinaria fue becado para especializarse en epidemiolog\u00eda\",\"datePublished\":\"2023-07-27T16:40:14+00:00\",\"dateModified\":\"2023-07-27T16:40:16+00:00\",\"mainEntityOfPage\":{\"@id\":\"http:\/\/elregionalvm.com.ar\/noticias-villa-maria\/unvm-docente-de-veterinaria-fue-becado-para-especializarse-en-epidemiologia\/\"},\"wordCount\":255,\"commentCount\":0,\"image\":{\"@id\":\"http:\/\/elregionalvm.com.ar\/noticias-villa-maria\/unvm-docente-de-veterinaria-fue-becado-para-especializarse-en-epidemiologia\/#primaryimage\"},\"thumbnailUrl\":\"https:\/\/i0.wp.com\/elregionalvm.com.ar\/noticias-villa-maria\/wp-content\/uploads\/2023\/07\/epidemio-2-1.jpg?fit=900%2C532&ssl=1\",\"articleSection\":{\"0\":\"destacado\",\"2\":\"Sociedad\",\"3\":\"Villa Mar\u00eda\"},\"inLanguage\":\"es\",\"potentialAction\":[{\"@type\":\"CommentAction\",\"name\":\"Comment\",\"target\":[\"http:\/\/elregionalvm.com.ar\/noticias-villa-maria\/unvm-docente-de-veterinaria-fue-becado-para-especializarse-en-epidemiologia\/#respond\"]}]},{\"@type\":\"WebPage\",\"@id\":\"http:\/\/elregionalvm.com.ar\/noticias-villa-maria\/unvm-docente-de-veterinaria-fue-becado-para-especializarse-en-epidemiologia\/\",\"url\":\"http:\/\/elregionalvm.com.ar\/noticias-villa-maria\/unvm-docente-de-veterinaria-fue-becado-para-especializarse-en-epidemiologia\/\",\"name\":\"UNVM: Docente de Veterinaria fue becado para especializarse en epidemiolog\u00eda - El Regional\",\"isPartOf\":{\"@id\":\"http:\/\/elregionalvm.com.ar\/noticias-villa-maria\/#website\"},\"primaryImageOfPage\":{\"@id\":\"http:\/\/elregionalvm.com.ar\/noticias-villa-maria\/unvm-docente-de-veterinaria-fue-becado-para-especializarse-en-epidemiologia\/#primaryimage\"},\"image\":{\"@id\":\"http:\/\/elregionalvm.com.ar\/noticias-villa-maria\/unvm-docente-de-veterinaria-fue-becado-para-especializarse-en-epidemiologia\/#primaryimage\"},\"thumbnailUrl\":\"https:\/\/i0.wp.com\/elregionalvm.com.ar\/noticias-villa-maria\/wp-content\/uploads\/2023\/07\/epidemio-2-1.jpg?fit=900%2C532&ssl=1\",\"datePublished\":\"2023-07-27T16:40:14+00:00\",\"dateModified\":\"2023-07-27T16:40:16+00:00\",\"author\":{\"@id\":\"http:\/\/elregionalvm.com.ar\/noticias-villa-maria\/#\/schema\/person\/a0fb9c422317faca23d50163151bc354\"},\"breadcrumb\":{\"@id\":\"http:\/\/elregionalvm.com.ar\/noticias-villa-maria\/unvm-docente-de-veterinaria-fue-becado-para-especializarse-en-epidemiologia\/#breadcrumb\"},\"inLanguage\":\"es\",\"potentialAction\":[{\"@type\":\"ReadAction\",\"target\":[\"http:\/\/elregionalvm.com.ar\/noticias-villa-maria\/unvm-docente-de-veterinaria-fue-becado-para-especializarse-en-epidemiologia\/\"]}]},{\"@type\":\"ImageObject\",\"inLanguage\":\"es\",\"@id\":\"http:\/\/elregionalvm.com.ar\/noticias-villa-maria\/unvm-docente-de-veterinaria-fue-becado-para-especializarse-en-epidemiologia\/#primaryimage\",\"url\":\"https:\/\/i0.wp.com\/elregionalvm.com.ar\/noticias-villa-maria\/wp-content\/uploads\/2023\/07\/epidemio-2-1.jpg?fit=900%2C532&ssl=1\",\"contentUrl\":\"https:\/\/i0.wp.com\/elregionalvm.com.ar\/noticias-villa-maria\/wp-content\/uploads\/2023\/07\/epidemio-2-1.jpg?fit=900%2C532&ssl=1\",\"width\":900,\"height\":532,\"caption\":\", Cordoba, C\u00f3rdoba, Argentina, 19 de Octubre de 2023, Foto: Agustin Ottonelli\"},{\"@type\":\"BreadcrumbList\",\"@id\":\"http:\/\/elregionalvm.com.ar\/noticias-villa-maria\/unvm-docente-de-veterinaria-fue-becado-para-especializarse-en-epidemiologia\/#breadcrumb\",\"itemListElement\":[{\"@type\":\"ListItem\",\"position\":1,\"name\":\"Portada\",\"item\":\"https:\/\/elregionalvm.com.ar\/noticias-villa-maria\/\"},{\"@type\":\"ListItem\",\"position\":2,\"name\":\"UNVM: Docente de Veterinaria fue becado para especializarse en epidemiolog\u00eda\"}]},{\"@type\":\"WebSite\",\"@id\":\"http:\/\/elregionalvm.com.ar\/noticias-villa-maria\/#website\",\"url\":\"http:\/\/elregionalvm.com.ar\/noticias-villa-maria\/\",\"name\":\"El Regional\",\"description\":\"Mucho m\u00e1s que informaci\u00f3n\",\"potentialAction\":[{\"@type\":\"SearchAction\",\"target\":{\"@type\":\"EntryPoint\",\"urlTemplate\":\"http:\/\/elregionalvm.com.ar\/noticias-villa-maria\/?s={search_term_string}\"},\"query-input\":{\"@type\":\"PropertyValueSpecification\",\"valueRequired\":true,\"valueName\":\"search_term_string\"}}],\"inLanguage\":\"es\"},{\"@type\":\"Person\",\"@id\":\"http:\/\/elregionalvm.com.ar\/noticias-villa-maria\/#\/schema\/person\/a0fb9c422317faca23d50163151bc354\",\"name\":\"Contenidos El Regional\",\"image\":{\"@type\":\"ImageObject\",\"inLanguage\":\"es\",\"@id\":\"http:\/\/elregionalvm.com.ar\/noticias-villa-maria\/#\/schema\/person\/image\/\",\"url\":\"https:\/\/secure.gravatar.com\/avatar\/265b27cb2209af7bb3a1318f03305787d7981a5cc6e6cd08fe5a4ecdf99d4b48?s=96&d=mm&r=g\",\"contentUrl\":\"https:\/\/secure.gravatar.com\/avatar\/265b27cb2209af7bb3a1318f03305787d7981a5cc6e6cd08fe5a4ecdf99d4b48?s=96&d=mm&r=g\",\"caption\":\"Contenidos El Regional\"},\"url\":\"https:\/\/elregionalvm.com.ar\/noticias-villa-maria\/author\/contenido\/\"}]}<\/script>\n<!-- \/ Yoast SEO plugin. -->","yoast_head_json":{"title":"UNVM: Docente de Veterinaria fue becado para especializarse en epidemiolog\u00eda - El Regional","robots":{"index":"index","follow":"follow","max-snippet":"max-snippet:-1","max-image-preview":"max-image-preview:large","max-video-preview":"max-video-preview:-1"},"canonical":"http:\/\/elregionalvm.com.ar\/noticias-villa-maria\/unvm-docente-de-veterinaria-fue-becado-para-especializarse-en-epidemiologia\/","og_locale":"es_ES","og_type":"article","og_title":"UNVM: Docente de Veterinaria fue becado para especializarse en epidemiolog\u00eda - El Regional","og_description":"A partir de una convocatoria impulsada por el Ministerio de Salud, el gobierno de la provincia de C\u00f3rdoba puso en marcha la primera cohorte de residentes en Epidemiolog\u00eda. Es en ese marco que&nbsp;Maximiliano Lamberti, m\u00e9dico veterinario graduado y docente del&nbsp;Instituto de Ciencias B\u00e1sicas y Aplicadas&nbsp;de la UNVM, rindi\u00f3 exitosamente un examen de ingreso que le [&hellip;]","og_url":"http:\/\/elregionalvm.com.ar\/noticias-villa-maria\/unvm-docente-de-veterinaria-fue-becado-para-especializarse-en-epidemiologia\/","og_site_name":"El Regional","article_publisher":"https:\/\/www.facebook.com\/elregionalvm","article_published_time":"2023-07-27T16:40:14+00:00","article_modified_time":"2023-07-27T16:40:16+00:00","og_image":[{"width":900,"height":532,"url":"http:\/\/elregionalvm.com.ar\/noticias-villa-maria\/wp-content\/uploads\/2023\/07\/epidemio-2-1.jpg","type":"image\/jpeg"}],"author":"Contenidos El Regional","twitter_card":"summary_large_image","twitter_creator":"@elregionalvm1","twitter_site":"@elregionalvm1","twitter_misc":{"Escrito por":"Contenidos El Regional","Tiempo de lectura":"1 minuto"},"schema":{"@context":"https:\/\/schema.org","@graph":[{"@type":"Article","@id":"http:\/\/elregionalvm.com.ar\/noticias-villa-maria\/unvm-docente-de-veterinaria-fue-becado-para-especializarse-en-epidemiologia\/#article","isPartOf":{"@id":"http:\/\/elregionalvm.com.ar\/noticias-villa-maria\/unvm-docente-de-veterinaria-fue-becado-para-especializarse-en-epidemiologia\/"},"author":{"name":"Contenidos El Regional","@id":"http:\/\/elregionalvm.com.ar\/noticias-villa-maria\/#\/schema\/person\/a0fb9c422317faca23d50163151bc354"},"headline":"UNVM: Docente de Veterinaria fue becado para especializarse en epidemiolog\u00eda","datePublished":"2023-07-27T16:40:14+00:00","dateModified":"2023-07-27T16:40:16+00:00","mainEntityOfPage":{"@id":"http:\/\/elregionalvm.com.ar\/noticias-villa-maria\/unvm-docente-de-veterinaria-fue-becado-para-especializarse-en-epidemiologia\/"},"wordCount":255,"commentCount":0,"image":{"@id":"http:\/\/elregionalvm.com.ar\/noticias-villa-maria\/unvm-docente-de-veterinaria-fue-becado-para-especializarse-en-epidemiologia\/#primaryimage"},"thumbnailUrl":"https:\/\/i0.wp.com\/elregionalvm.com.ar\/noticias-villa-maria\/wp-content\/uploads\/2023\/07\/epidemio-2-1.jpg?fit=900%2C532&ssl=1","articleSection":{"0":"destacado","2":"Sociedad","3":"Villa Mar\u00eda"},"inLanguage":"es","potentialAction":[{"@type":"CommentAction","name":"Comment","target":["http:\/\/elregionalvm.com.ar\/noticias-villa-maria\/unvm-docente-de-veterinaria-fue-becado-para-especializarse-en-epidemiologia\/#respond"]}]},{"@type":"WebPage","@id":"http:\/\/elregionalvm.com.ar\/noticias-villa-maria\/unvm-docente-de-veterinaria-fue-becado-para-especializarse-en-epidemiologia\/","url":"http:\/\/elregionalvm.com.ar\/noticias-villa-maria\/unvm-docente-de-veterinaria-fue-becado-para-especializarse-en-epidemiologia\/","name":"UNVM: Docente de Veterinaria fue becado para especializarse en epidemiolog\u00eda - El Regional","isPartOf":{"@id":"http:\/\/elregionalvm.com.ar\/noticias-villa-maria\/#website"},"primaryImageOfPage":{"@id":"http:\/\/elregionalvm.com.ar\/noticias-villa-maria\/unvm-docente-de-veterinaria-fue-becado-para-especializarse-en-epidemiologia\/#primaryimage"},"image":{"@id":"http:\/\/elregionalvm.com.ar\/noticias-villa-maria\/unvm-docente-de-veterinaria-fue-becado-para-especializarse-en-epidemiologia\/#primaryimage"},"thumbnailUrl":"https:\/\/i0.wp.com\/elregionalvm.com.ar\/noticias-villa-maria\/wp-content\/uploads\/2023\/07\/epidemio-2-1.jpg?fit=900%2C532&ssl=1","datePublished":"2023-07-27T16:40:14+00:00","dateModified":"2023-07-27T16:40:16+00:00","author":{"@id":"http:\/\/elregionalvm.com.ar\/noticias-villa-maria\/#\/schema\/person\/a0fb9c422317faca23d50163151bc354"},"breadcrumb":{"@id":"http:\/\/elregionalvm.com.ar\/noticias-villa-maria\/unvm-docente-de-veterinaria-fue-becado-para-especializarse-en-epidemiologia\/#breadcrumb"},"inLanguage":"es","potentialAction":[{"@type":"ReadAction","target":["http:\/\/elregionalvm.com.ar\/noticias-villa-maria\/unvm-docente-de-veterinaria-fue-becado-para-especializarse-en-epidemiologia\/"]}]},{"@type":"ImageObject","inLanguage":"es","@id":"http:\/\/elregionalvm.com.ar\/noticias-villa-maria\/unvm-docente-de-veterinaria-fue-becado-para-especializarse-en-epidemiologia\/#primaryimage","url":"https:\/\/i0.wp.com\/elregionalvm.com.ar\/noticias-villa-maria\/wp-content\/uploads\/2023\/07\/epidemio-2-1.jpg?fit=900%2C532&ssl=1","contentUrl":"https:\/\/i0.wp.com\/elregionalvm.com.ar\/noticias-villa-maria\/wp-content\/uploads\/2023\/07\/epidemio-2-1.jpg?fit=900%2C532&ssl=1","width":900,"height":532,"caption":", Cordoba, C\u00f3rdoba, Argentina, 19 de Octubre de 2023, Foto: Agustin Ottonelli"},{"@type":"BreadcrumbList","@id":"http:\/\/elregionalvm.com.ar\/noticias-villa-maria\/unvm-docente-de-veterinaria-fue-becado-para-especializarse-en-epidemiologia\/#breadcrumb","itemListElement":[{"@type":"ListItem","position":1,"name":"Portada","item":"https:\/\/elregionalvm.com.ar\/noticias-villa-maria\/"},{"@type":"ListItem","position":2,"name":"UNVM: Docente de Veterinaria fue becado para especializarse en epidemiolog\u00eda"}]},{"@type":"WebSite","@id":"http:\/\/elregionalvm.com.ar\/noticias-villa-maria\/#website","url":"http:\/\/elregionalvm.com.ar\/noticias-villa-maria\/","name":"El Regional","description":"Mucho m\u00e1s que informaci\u00f3n","potentialAction":[{"@type":"SearchAction","target":{"@type":"EntryPoint","urlTemplate":"http:\/\/elregionalvm.com.ar\/noticias-villa-maria\/?s={search_term_string}"},"query-input":{"@type":"PropertyValueSpecification","valueRequired":true,"valueName":"search_term_string"}}],"inLanguage":"es"},{"@type":"Person","@id":"http:\/\/elregionalvm.com.ar\/noticias-villa-maria\/#\/schema\/person\/a0fb9c422317faca23d50163151bc354","name":"Contenidos El Regional","image":{"@type":"ImageObject","inLanguage":"es","@id":"http:\/\/elregionalvm.com.ar\/noticias-villa-maria\/#\/schema\/person\/image\/","url":"https:\/\/secure.gravatar.com\/avatar\/265b27cb2209af7bb3a1318f03305787d7981a5cc6e6cd08fe5a4ecdf99d4b48?s=96&d=mm&r=g","contentUrl":"https:\/\/secure.gravatar.com\/avatar\/265b27cb2209af7bb3a1318f03305787d7981a5cc6e6cd08fe5a4ecdf99d4b48?s=96&d=mm&r=g","caption":"Contenidos El Regional"},"url":"https:\/\/elregionalvm.com.ar\/noticias-villa-maria\/author\/contenido\/"}]}},"jetpack_featured_media_url":"https:\/\/i0.wp.com\/elregionalvm.com.ar\/noticias-villa-maria\/wp-content\/uploads\/2023\/07\/epidemio-2-1.jpg?fit=900%2C532&ssl=1","jetpack_sharing_enabled":true,"_links":{"self":[{"href":"https:\/\/elregionalvm.com.ar\/noticias-villa-maria\/wp-json\/wp\/v2\/posts\/80207","targetHints":{"allow":["GET"]}}],"collection":[{"href":"https:\/\/elregionalvm.com.ar\/noticias-villa-maria\/wp-json\/wp\/v2\/posts"}],"about":[{"href":"https:\/\/elregionalvm.com.ar\/noticias-villa-maria\/wp-json\/wp\/v2\/types\/post"}],"author":[{"embeddable":true,"href":"https:\/\/elregionalvm.com.ar\/noticias-villa-maria\/wp-json\/wp\/v2\/users\/4"}],"replies":[{"embeddable":true,"href":"https:\/\/elregionalvm.com.ar\/noticias-villa-maria\/wp-json\/wp\/v2\/comments?post=80207"}],"version-history":[{"count":1,"href":"https:\/\/elregionalvm.com.ar\/noticias-villa-maria\/wp-json\/wp\/v2\/posts\/80207\/revisions"}],"predecessor-version":[{"id":80210,"href":"https:\/\/elregionalvm.com.ar\/noticias-villa-maria\/wp-json\/wp\/v2\/posts\/80207\/revisions\/80210"}],"wp:featuredmedia":[{"embeddable":true,"href":"https:\/\/elregionalvm.com.ar\/noticias-villa-maria\/wp-json\/wp\/v2\/media\/80209"}],"wp:attachment":[{"href":"https:\/\/elregionalvm.com.ar\/noticias-villa-maria\/wp-json\/wp\/v2\/media?parent=80207"}],"wp:term":[{"taxonomy":"category","embeddable":true,"href":"https:\/\/elregionalvm.com.ar\/noticias-villa-maria\/wp-json\/wp\/v2\/categories?post=80207"},{"taxonomy":"post_tag","embeddable":true,"href":"https:\/\/elregionalvm.com.ar\/noticias-villa-maria\/wp-json\/wp\/v2\/tags?post=80207"}],"curies":[{"name":"wp","href":"https:\/\/api.w.org\/{rel}","templated":true}]}}