{"id":80570,"date":"2023-08-04T02:46:05","date_gmt":"2023-08-04T02:46:05","guid":{"rendered":"https:\/\/elregionalvm.com.ar\/noticias-villa-maria\/?p=80570"},"modified":"2023-08-08T17:46:30","modified_gmt":"2023-08-08T17:46:30","slug":"un-disparo-al-corazon-vidas-y-muertes-trazadas-por-la-ironia-y-la-tragedia-2","status":"publish","type":"post","link":"https:\/\/elregionalvm.com.ar\/noticias-villa-maria\/un-disparo-al-corazon-vidas-y-muertes-trazadas-por-la-ironia-y-la-tragedia-2\/","title":{"rendered":"Un disparo al coraz\u00f3n: Vidas y muertes trazadas por la iron\u00eda y la tragedia"},"content":{"rendered":"\n<p><\/p>\n\n\n\n<h3 class=\"wp-block-heading\"><strong>El disparo al coraz\u00f3n de Favaloro, la sordera de Beethoven, la ceguera de Borges\u2026 Son solo algunos de los casos de vidas y muertes delineadas por el trazo cruel de la iron\u00eda y el signo de la tragedia. Aqu\u00ed van algunos ejemplos argentinos y de otras partes del mundo.<\/strong><\/h3>\n\n\n\n<p><\/p>\n\n\n\n<p><strong>Escribe: Germ\u00e1n Giacchero<\/strong><\/p>\n\n\n\n<p><\/p>\n\n\n\n<p>La vida puede ser m\u00e1s desfachatada que la misma muerte. Y la muerte, tan sarc\u00e1stica como la vida misma.<\/p>\n\n\n\n<p>Calcas, aseguran, fue un poderoso profeta de la mitolog\u00eda griega. V\u00edctima de una muerte parad\u00f3jica, si las hay. Contaba el escritor Abelardo Castillo que este adivino vaticin\u00f3 el d\u00eda en que iba a morir y cuando pasaron las 12 de la noche de esa jornada y se vio con vida, le agarr\u00f3 un ataque de risa tan grande que se muri\u00f3 de eso\u2026 de risa.<\/p>\n\n\n\n<p>La historia, la mitolog\u00eda y la religi\u00f3n ofrecen otros tantos casos de vidas c\u00e9lebres plagadas de paradojas e infectadas por el aliento de una parca bromista que parece hacer gala de su sarcasmo, que nos deja a mitad de camino entre el asombro, la risotada y la tristeza.<\/p>\n\n\n\n<p><strong>&nbsp;M\u00fasica y f\u00edsica<\/strong><\/p>\n\n\n\n<p>Ludwig van Beethoven, el genial compositor alem\u00e1n de m\u00fasica cl\u00e1sica, vivi\u00f3 atormentado por los contrasentidos de la vida. A los 26 a\u00f1os, comenz\u00f3 a notar los s\u00edntomas de una sordera que m\u00e1s adelante ser\u00eda total.<\/p>\n\n\n\n<p>Por eso se entreg\u00f3 a una febril actividad creadora y algunas de sus grandes obras, entre ellas las \u00faltimas sonatas para piano, los \u00faltimos cuartetos y la famosa Novena Sinfon\u00eda fueron concluidos cuando ya se hab\u00eda quedado completamente sordo.<\/p>\n\n\n\n<p><\/p>\n\n\n\n<figure class=\"wp-block-gallery has-nested-images columns-default is-cropped wp-block-gallery-1 is-layout-flex wp-block-gallery-is-layout-flex\">\n<figure class=\"wp-block-image size-large\"><img data-recalc-dims=\"1\" fetchpriority=\"high\" decoding=\"async\" width=\"1300\" height=\"731\" data-id=\"80573\" src=\"https:\/\/i0.wp.com\/elregionalvm.com.ar\/noticias-villa-maria\/wp-content\/uploads\/2023\/08\/Bethoveen-ilustracion.jpg?resize=1300%2C731&#038;ssl=1\" alt=\"\" class=\"wp-image-80573\" srcset=\"https:\/\/i0.wp.com\/elregionalvm.com.ar\/noticias-villa-maria\/wp-content\/uploads\/2023\/08\/Bethoveen-ilustracion.jpg?w=1300&amp;ssl=1 1300w, https:\/\/i0.wp.com\/elregionalvm.com.ar\/noticias-villa-maria\/wp-content\/uploads\/2023\/08\/Bethoveen-ilustracion.jpg?resize=300%2C169&amp;ssl=1 300w, https:\/\/i0.wp.com\/elregionalvm.com.ar\/noticias-villa-maria\/wp-content\/uploads\/2023\/08\/Bethoveen-ilustracion.jpg?resize=1024%2C576&amp;ssl=1 1024w, https:\/\/i0.wp.com\/elregionalvm.com.ar\/noticias-villa-maria\/wp-content\/uploads\/2023\/08\/Bethoveen-ilustracion.jpg?resize=768%2C432&amp;ssl=1 768w\" sizes=\"(max-width: 1000px) 100vw, 1000px\" \/><\/figure>\n\n\n\n<figure class=\"wp-block-image size-large\"><img data-recalc-dims=\"1\" decoding=\"async\" width=\"1200\" height=\"670\" data-id=\"25258\" src=\"https:\/\/i0.wp.com\/elregionalvm.com.ar\/noticias-villa-maria\/wp-content\/uploads\/2020\/10\/Hawking.jpg?resize=1200%2C670&#038;ssl=1\" alt=\"\" class=\"wp-image-25258\" srcset=\"https:\/\/i0.wp.com\/elregionalvm.com.ar\/noticias-villa-maria\/wp-content\/uploads\/2020\/10\/Hawking.jpg?w=1200&amp;ssl=1 1200w, https:\/\/i0.wp.com\/elregionalvm.com.ar\/noticias-villa-maria\/wp-content\/uploads\/2020\/10\/Hawking.jpg?resize=300%2C168&amp;ssl=1 300w, https:\/\/i0.wp.com\/elregionalvm.com.ar\/noticias-villa-maria\/wp-content\/uploads\/2020\/10\/Hawking.jpg?resize=1024%2C572&amp;ssl=1 1024w, https:\/\/i0.wp.com\/elregionalvm.com.ar\/noticias-villa-maria\/wp-content\/uploads\/2020\/10\/Hawking.jpg?resize=768%2C429&amp;ssl=1 768w\" sizes=\"(max-width: 1000px) 100vw, 1000px\" \/><\/figure>\n<figcaption class=\"blocks-gallery-caption\"><strong><em>Beethoven, el genial compositor. Stephen Hawking, genio cient\u00edfico.<\/em><\/strong><\/figcaption><\/figure>\n\n\n\n<p><\/p>\n\n\n\n<p><\/p>\n\n\n\n<p>Lejos de la m\u00fasica y m\u00e1s cerca de la ciencia, la vida del m\u00e1s c\u00e9lebre f\u00edsico de los \u00faltimos a\u00f1os present\u00f3 algunos ribetes particulares. El ingl\u00e9s Stephen Hawking realiz\u00f3 los aportes m\u00e1s trascendentales en materia de leyes que gobiernan el universo despu\u00e9s de Einstein.<\/p>\n\n\n\n<p>Reconocido a nivel mundial, esta mente brillante, sin embargo, padeci\u00f3 durante casi toda su existencia esclerosis lateral amiotr\u00f3fica, una enfermedad que lo dej\u00f3 inmovilizado casi por completo. Mientras las neuronas del gran f\u00edsico permanec\u00edan l\u00facidas, su cuerpo le jugaba una mala pasada.<\/p>\n\n\n\n<p><\/p>\n\n\n\n<p><strong>Trazo fino<\/strong><\/p>\n\n\n\n<p>Roberto Fontanarrosa, dibujante y escritor rosarino, antes de morir ve\u00eda amenazados desde hac\u00eda tiempo el ingenio de sus trazos y su prosa desenfadada por una variedad de esclerosis que le imped\u00eda mover el brazo izquierdo y le ocasionaba dificultades en la mano y el brazo derecho.<\/p>\n\n\n\n<p>Justamente \u00e9l, uno de los m\u00e1s creativos dibujantes argentinos, que con su l\u00e1piz pod\u00eda delinear las formas a su antojo, se ve\u00eda privado de moverse en libertad.<\/p>\n\n\n\n<p>Su colega Quino (Joaqu\u00edn Lavado), no tuvo una muerte tr\u00e1gica. Pero el creativo pap\u00e1 de su m\u00e1s c\u00e9lebre criatura, Mafalda, una ni\u00f1a inteligente y contestataria, nos dej\u00f3 tras padecer un accidente cerebrovascular en Buenos Aires. Casi otra iron\u00eda de la vida. Y de la muerte.<\/p>\n\n\n\n<p><\/p>\n\n\n\n<figure class=\"wp-block-gallery has-nested-images columns-default is-cropped wp-block-gallery-2 is-layout-flex wp-block-gallery-is-layout-flex\">\n<figure class=\"wp-block-image size-large\"><img data-recalc-dims=\"1\" decoding=\"async\" width=\"935\" height=\"407\" data-id=\"24891\" src=\"https:\/\/i0.wp.com\/elregionalvm.com.ar\/noticias-villa-maria\/wp-content\/uploads\/2020\/09\/quino-murio.png?resize=935%2C407&#038;ssl=1\" alt=\"\" class=\"wp-image-24891\" srcset=\"https:\/\/i0.wp.com\/elregionalvm.com.ar\/noticias-villa-maria\/wp-content\/uploads\/2020\/09\/quino-murio.png?w=935&amp;ssl=1 935w, https:\/\/i0.wp.com\/elregionalvm.com.ar\/noticias-villa-maria\/wp-content\/uploads\/2020\/09\/quino-murio.png?resize=300%2C131&amp;ssl=1 300w, https:\/\/i0.wp.com\/elregionalvm.com.ar\/noticias-villa-maria\/wp-content\/uploads\/2020\/09\/quino-murio.png?resize=768%2C334&amp;ssl=1 768w\" sizes=\"(max-width: 935px) 100vw, 935px\" \/><\/figure>\n\n\n\n<figure class=\"wp-block-image size-large\"><img data-recalc-dims=\"1\" loading=\"lazy\" decoding=\"async\" width=\"1000\" height=\"562\" data-id=\"25262\" src=\"https:\/\/i0.wp.com\/elregionalvm.com.ar\/noticias-villa-maria\/wp-content\/uploads\/2020\/10\/Fontanarrosa-e1691116715328.jpg?resize=1000%2C562&#038;ssl=1\" alt=\"\" class=\"wp-image-25262\" srcset=\"https:\/\/i0.wp.com\/elregionalvm.com.ar\/noticias-villa-maria\/wp-content\/uploads\/2020\/10\/Fontanarrosa-e1691116715328.jpg?w=1000&amp;ssl=1 1000w, https:\/\/i0.wp.com\/elregionalvm.com.ar\/noticias-villa-maria\/wp-content\/uploads\/2020\/10\/Fontanarrosa-e1691116715328.jpg?resize=300%2C169&amp;ssl=1 300w, https:\/\/i0.wp.com\/elregionalvm.com.ar\/noticias-villa-maria\/wp-content\/uploads\/2020\/10\/Fontanarrosa-e1691116715328.jpg?resize=768%2C432&amp;ssl=1 768w\" sizes=\"(max-width: 1000px) 100vw, 1000px\" \/><\/figure>\n<figcaption class=\"blocks-gallery-caption\"><em>Quino y Fontanarrosa, maestros de la historieta y el humor. <\/em><\/figcaption><\/figure>\n\n\n\n<p><\/p>\n\n\n\n<p><strong>Ciegos luminosos<\/strong><\/p>\n\n\n\n<p>Igual que con la muerte, Jorge Luis Borges no se espantaba de la ceguera, a la que aceptaba como inevitable en su vida, casi como una herencia familiar maldita.&nbsp; Ese mundo a oscuras en el que vivi\u00f3 una buena porci\u00f3n de su vida plante\u00f3 una terrible iron\u00eda.<\/p>\n\n\n\n<p>Borges fue nombrado director de la Biblioteca Nacional, luego de que la llamada Revoluci\u00f3n Libertadora derrocara a Per\u00f3n. Estaba rodeado de casi un mill\u00f3n de vol\u00famenes, pero no pod\u00eda leer ninguno de ellos. \u00c9l, que se jactaba de los libros que hab\u00eda le\u00eddo.<\/p>\n\n\n\n<p>En un di\u00e1logo sobre la vida y la muerte, el escritor cit\u00f3 la muerte de un gram\u00e1tico franc\u00e9s que le hab\u00edan contado. \u201c\u00c9l muri\u00f3 en su ley; \u00e9l era gram\u00e1tico y dijo algo as\u00ed como: \u2018Yo muero puede decirse tambi\u00e9n: yo me muero\u2019. Muri\u00f3 en su ley, \u00bfno?, muri\u00f3 siendo un gram\u00e1tico. Eso tambi\u00e9n es una muerte propia\u201d.<\/p>\n\n\n\n<p><\/p>\n\n\n\n<figure class=\"wp-block-gallery has-nested-images columns-default is-cropped wp-block-gallery-3 is-layout-flex wp-block-gallery-is-layout-flex\">\n<figure class=\"wp-block-image size-large\"><img data-recalc-dims=\"1\" loading=\"lazy\" decoding=\"async\" width=\"1000\" height=\"563\" data-id=\"43404\" src=\"https:\/\/i0.wp.com\/elregionalvm.com.ar\/noticias-villa-maria\/wp-content\/uploads\/2021\/08\/Borges-1.jpg?resize=1000%2C563&#038;ssl=1\" alt=\"\" class=\"wp-image-43404\" srcset=\"https:\/\/i0.wp.com\/elregionalvm.com.ar\/noticias-villa-maria\/wp-content\/uploads\/2021\/08\/Borges-1.jpg?w=1000&amp;ssl=1 1000w, https:\/\/i0.wp.com\/elregionalvm.com.ar\/noticias-villa-maria\/wp-content\/uploads\/2021\/08\/Borges-1.jpg?resize=300%2C169&amp;ssl=1 300w, https:\/\/i0.wp.com\/elregionalvm.com.ar\/noticias-villa-maria\/wp-content\/uploads\/2021\/08\/Borges-1.jpg?resize=768%2C432&amp;ssl=1 768w\" sizes=\"(max-width: 1000px) 100vw, 1000px\" \/><\/figure>\n\n\n\n<figure class=\"wp-block-image size-large\"><img data-recalc-dims=\"1\" loading=\"lazy\" decoding=\"async\" width=\"1960\" height=\"1138\" data-id=\"25260\" src=\"https:\/\/i0.wp.com\/elregionalvm.com.ar\/noticias-villa-maria\/wp-content\/uploads\/2020\/10\/S%C3%A1bato.jpg?resize=1960%2C1138&#038;ssl=1\" alt=\"\" class=\"wp-image-25260\" srcset=\"https:\/\/i0.wp.com\/elregionalvm.com.ar\/noticias-villa-maria\/wp-content\/uploads\/2020\/10\/S%C3%A1bato.jpg?w=1960&amp;ssl=1 1960w, https:\/\/i0.wp.com\/elregionalvm.com.ar\/noticias-villa-maria\/wp-content\/uploads\/2020\/10\/S%C3%A1bato.jpg?resize=300%2C174&amp;ssl=1 300w, https:\/\/i0.wp.com\/elregionalvm.com.ar\/noticias-villa-maria\/wp-content\/uploads\/2020\/10\/S%C3%A1bato.jpg?resize=1024%2C595&amp;ssl=1 1024w, https:\/\/i0.wp.com\/elregionalvm.com.ar\/noticias-villa-maria\/wp-content\/uploads\/2020\/10\/S%C3%A1bato.jpg?resize=768%2C446&amp;ssl=1 768w, https:\/\/i0.wp.com\/elregionalvm.com.ar\/noticias-villa-maria\/wp-content\/uploads\/2020\/10\/S%C3%A1bato.jpg?resize=1536%2C892&amp;ssl=1 1536w\" sizes=\"(max-width: 1000px) 100vw, 1000px\" \/><\/figure>\n<figcaption class=\"blocks-gallery-caption\"><strong><em>Borges y S\u00e1bato, escritores y lectores acosados por la ceguera.<\/em><\/strong><\/figcaption><\/figure>\n\n\n\n<p><\/p>\n\n\n\n<p>Uno de sus contempor\u00e1neos, Ernesto S\u00e1bato, tambi\u00e9n parec\u00eda marcado por la oscuridad org\u00e1nica, en claro contraste con la luminosidad intelectual.<\/p>\n\n\n\n<p>El autor de \u201cSobre h\u00e9roes y tumbas\u201d, obra donde se incluye el famoso \u201cInforme sobre ciegos\u201d, tambi\u00e9n fue v\u00edctima de una ceguera.<\/p>\n\n\n\n<p>Durante alg\u00fan tiempo no hizo caso a las recomendaciones de sus m\u00e9dicos, pero en el final de sus d\u00edas s\u00f3lo se dedicaba a la pintura en su casa de Santos Lugares, ya que no le permit\u00edan leer ni escribir.<\/p>\n\n\n\n<p><\/p>\n\n\n\n<p><strong>Muertes parad\u00f3jicas<\/strong><\/p>\n\n\n\n<p>La muerte de un beb\u00e9 al nacer o la de un m\u00e9dico incapaz de salvar su propia vida aparecen como singulares paradojas.<\/p>\n\n\n\n<p>Juan Jos\u00e9 Castelli, uno de los m\u00e1s brillantes oradores de la Revoluci\u00f3n de Mayo de 1810, falleci\u00f3 a causa de un c\u00e1ncer de lengua. M\u00e1s ac\u00e1 en el tiempo, Ren\u00e9 Favaloro, el m\u00e1s sobresaliente cardi\u00f3logo argentino muri\u00f3 de un disparo al coraz\u00f3n. Las iron\u00edas de la vida.<\/p>\n\n\n\n<p>Son parad\u00f3jicas tambi\u00e9n aquellas muertes cuya forma es totalmente fiel al estilo de la vida, eso que, curiosamente algunos llaman \u201cmorir en su ley\u201d. Algo as\u00ed como dijo alguna vez el fil\u00f3sofo S\u00e9neca, \u201cmorir su muerte\u201d, una muerte propia, ajustada a su trayecto en la vida.<\/p>\n\n\n\n<p>Sobran los ejemplos: la muerte de un artista arriba del escenario, pilotos estrellados, magos ahogados o sofocados, deportistas extremos mutilados o inmovilizados para siempre, entre tantos otros.<\/p>\n\n\n\n<p><\/p>\n\n\n\n<figure class=\"wp-block-gallery has-nested-images columns-default is-cropped wp-block-gallery-4 is-layout-flex wp-block-gallery-is-layout-flex\">\n<figure class=\"wp-block-image size-large\"><img data-recalc-dims=\"1\" loading=\"lazy\" decoding=\"async\" width=\"1000\" height=\"563\" data-id=\"25263\" src=\"https:\/\/i0.wp.com\/elregionalvm.com.ar\/noticias-villa-maria\/wp-content\/uploads\/2020\/10\/jorge-newbery-e1691116842987.jpg?resize=1000%2C563&#038;ssl=1\" alt=\"\" class=\"wp-image-25263\" srcset=\"https:\/\/i0.wp.com\/elregionalvm.com.ar\/noticias-villa-maria\/wp-content\/uploads\/2020\/10\/jorge-newbery-e1691116842987.jpg?w=1000&amp;ssl=1 1000w, https:\/\/i0.wp.com\/elregionalvm.com.ar\/noticias-villa-maria\/wp-content\/uploads\/2020\/10\/jorge-newbery-e1691116842987.jpg?resize=300%2C169&amp;ssl=1 300w, https:\/\/i0.wp.com\/elregionalvm.com.ar\/noticias-villa-maria\/wp-content\/uploads\/2020\/10\/jorge-newbery-e1691116842987.jpg?resize=768%2C432&amp;ssl=1 768w\" sizes=\"(max-width: 1000px) 100vw, 1000px\" \/><\/figure>\n\n\n\n<figure class=\"wp-block-image size-large\"><img data-recalc-dims=\"1\" loading=\"lazy\" decoding=\"async\" width=\"1600\" height=\"883\" data-id=\"25264\" src=\"https:\/\/i0.wp.com\/elregionalvm.com.ar\/noticias-villa-maria\/wp-content\/uploads\/2020\/10\/yuri-gagarin.jpg?resize=1600%2C883&#038;ssl=1\" alt=\"\" class=\"wp-image-25264\" srcset=\"https:\/\/i0.wp.com\/elregionalvm.com.ar\/noticias-villa-maria\/wp-content\/uploads\/2020\/10\/yuri-gagarin.jpg?w=1600&amp;ssl=1 1600w, https:\/\/i0.wp.com\/elregionalvm.com.ar\/noticias-villa-maria\/wp-content\/uploads\/2020\/10\/yuri-gagarin.jpg?resize=300%2C166&amp;ssl=1 300w, https:\/\/i0.wp.com\/elregionalvm.com.ar\/noticias-villa-maria\/wp-content\/uploads\/2020\/10\/yuri-gagarin.jpg?resize=1024%2C565&amp;ssl=1 1024w, https:\/\/i0.wp.com\/elregionalvm.com.ar\/noticias-villa-maria\/wp-content\/uploads\/2020\/10\/yuri-gagarin.jpg?resize=768%2C424&amp;ssl=1 768w, https:\/\/i0.wp.com\/elregionalvm.com.ar\/noticias-villa-maria\/wp-content\/uploads\/2020\/10\/yuri-gagarin.jpg?resize=1536%2C848&amp;ssl=1 1536w\" sizes=\"(max-width: 1000px) 100vw, 1000px\" \/><\/figure>\n<figcaption class=\"blocks-gallery-caption\"><strong><em>Jorge Newbery y Yuri Gagar\u00edn tuvieron muertes incre\u00edbles.<\/em><\/strong><\/figcaption><\/figure>\n\n\n\n<p><\/p>\n\n\n\n<p>El fundador de la aeron\u00e1utica rioplatense, Jorge Newbery, era un excelente aviador y eximio deportista. Hab\u00eda alcanzado los 6.225 metros en un vuelo preparativo de su gran proyecto, el viaje a trav\u00e9s de la Cordillera de los Andes.<\/p>\n\n\n\n<p>Pero no pudo lograr su objetivo: morir\u00eda pocos d\u00edas antes de realizar su proeza, cuando su nave se estrell\u00f3 en Mendoza. Era un simple viaje de pr\u00e1ctica.<\/p>\n\n\n\n<p>Algo similar ocurri\u00f3 con el sovi\u00e9tico Yuri Gagarin, el primer ser humano que visit\u00f3 el espacio extraterrestre. Convertido en h\u00e9roe nacional, no pudo disfrutar mucho de su consagraci\u00f3n.<\/p>\n\n\n\n<p>El 27 de marzo de 1968, a los 34 a\u00f1os, en un simple vuelo de entrenamiento su avi\u00f3n se estrell\u00f3 y termin\u00f3 con su vida.<\/p>\n\n\n\n<p><\/p>\n\n\n\n<p><strong>Muerte innecesaria<\/strong><\/p>\n\n\n\n<p>Hace pocos d\u00edas se cumpli\u00f3 23 a\u00f1os de una muerte emblem\u00e1tica e innecesaria. Fue la del doctor Ren\u00e9 Favaloro, un m\u00e9dico de intachable honestidad moral e intelectual.&nbsp;<\/p>\n\n\n\n<p>Jaqueado y hastiado de la falta de respuestas a sus reclamos por millonarias deudas impagas que entidades p\u00fablicas y privadas manten\u00edan con su fundaci\u00f3n, la tarde del 29 de julio de 2000 fue testigo de su fatal determinaci\u00f3n.<\/p>\n\n\n\n<p><\/p>\n\n\n\n<figure class=\"wp-block-image size-full\"><img data-recalc-dims=\"1\" loading=\"lazy\" decoding=\"async\" width=\"976\" height=\"509\" src=\"https:\/\/i0.wp.com\/elregionalvm.com.ar\/noticias-villa-maria\/wp-content\/uploads\/2023\/08\/Favaloro-Rene.jpg?resize=976%2C509&#038;ssl=1\" alt=\"\" class=\"wp-image-80574\" srcset=\"https:\/\/i0.wp.com\/elregionalvm.com.ar\/noticias-villa-maria\/wp-content\/uploads\/2023\/08\/Favaloro-Rene.jpg?w=976&amp;ssl=1 976w, https:\/\/i0.wp.com\/elregionalvm.com.ar\/noticias-villa-maria\/wp-content\/uploads\/2023\/08\/Favaloro-Rene.jpg?resize=300%2C156&amp;ssl=1 300w, https:\/\/i0.wp.com\/elregionalvm.com.ar\/noticias-villa-maria\/wp-content\/uploads\/2023\/08\/Favaloro-Rene.jpg?resize=768%2C401&amp;ssl=1 768w\" sizes=\"(max-width: 976px) 100vw, 976px\" \/><figcaption><em>Ren\u00e9 Favaloro, honorable persona y profesional, se dispar\u00f3 al coraz\u00f3n. <\/em><\/figcaption><\/figure>\n\n\n\n<p><\/p>\n\n\n\n<p>Singular hasta el final, eligi\u00f3 un camino distinto a la mayor\u00eda de los suicidas. Fue un disparo certero al coraz\u00f3n el que acab\u00f3 con su vida y el que hiri\u00f3 el ego exacerbado de miles de argentinos.<\/p>\n\n\n\n<p>Estaba solo cuando eso ocurri\u00f3. Lo hab\u00edamos dejado solo.<\/p>\n\n\n\n<p>La iron\u00eda de su muerte, no hab\u00eda sido m\u00e1s que un fin en s\u00ed mismo.<\/p>\n\n\n\n<p>Y a\u00fan espera respuestas.<\/p>\n\n\n\n<p><\/p>\n\n\n\n<p><\/p>\n\n\n\n<ul class=\"wp-block-list\"><li><strong>Mir\u00e1 el video: La canci\u00f3n que recuerda a Favaloro<\/strong><\/li><\/ul>\n\n\n\n<p><\/p>\n\n\n\n<figure class=\"wp-block-embed is-type-video is-provider-youtube wp-block-embed-youtube wp-embed-aspect-4-3 wp-has-aspect-ratio\"><div class=\"wp-block-embed__wrapper\">\n<iframe title=\"Attaque 77 - Western\" width=\"500\" height=\"375\" src=\"https:\/\/www.youtube.com\/embed\/eTdEmut8luM?feature=oembed\" frameborder=\"0\" allow=\"accelerometer; autoplay; clipboard-write; encrypted-media; gyroscope; picture-in-picture; web-share\" referrerpolicy=\"strict-origin-when-cross-origin\" allowfullscreen><\/iframe>\n<\/div><\/figure>\n","protected":false},"excerpt":{"rendered":"<p>El disparo al coraz\u00f3n de Favaloro, la sordera de Beethoven, la ceguera de Borges\u2026 Son solo algunos de los casos de vidas y muertes delineadas por el trazo cruel de la iron\u00eda y el signo de la tragedia. Aqu\u00ed van algunos ejemplos argentinos y de otras partes del mundo. Escribe: Germ\u00e1n Giacchero La vida puede [&hellip;]<\/p>\n","protected":false},"author":6,"featured_media":80576,"comment_status":"open","ping_status":"open","sticky":false,"template":"","format":"standard","meta":{"site-sidebar-layout":"default","site-content-layout":"","ast-site-content-layout":"default","site-content-style":"default","site-sidebar-style":"default","ast-global-header-display":"","ast-banner-title-visibility":"","ast-main-header-display":"","ast-hfb-above-header-display":"","ast-hfb-below-header-display":"","ast-hfb-mobile-header-display":"","site-post-title":"","ast-breadcrumbs-content":"","ast-featured-img":"","footer-sml-layout":"","ast-disable-related-posts":"","theme-transparent-header-meta":"","adv-header-id-meta":"","stick-header-meta":"","header-above-stick-meta":"","header-main-stick-meta":"","header-below-stick-meta":"","astra-migrate-meta-layouts":"default","ast-page-background-enabled":"default","ast-page-background-meta":{"desktop":{"background-color":"","background-image":"","background-repeat":"repeat","background-position":"center center","background-size":"auto","background-attachment":"scroll","background-type":"","background-media":"","overlay-type":"","overlay-color":"","overlay-opacity":"","overlay-gradient":""},"tablet":{"background-color":"","background-image":"","background-repeat":"repeat","background-position":"center center","background-size":"auto","background-attachment":"scroll","background-type":"","background-media":"","overlay-type":"","overlay-color":"","overlay-opacity":"","overlay-gradient":""},"mobile":{"background-color":"","background-image":"","background-repeat":"repeat","background-position":"center center","background-size":"auto","background-attachment":"scroll","background-type":"","background-media":"","overlay-type":"","overlay-color":"","overlay-opacity":"","overlay-gradient":""}},"ast-content-background-meta":{"desktop":{"background-color":"var(--ast-global-color-5)","background-image":"","background-repeat":"repeat","background-position":"center center","background-size":"auto","background-attachment":"scroll","background-type":"","background-media":"","overlay-type":"","overlay-color":"","overlay-opacity":"","overlay-gradient":""},"tablet":{"background-color":"var(--ast-global-color-5)","background-image":"","background-repeat":"repeat","background-position":"center center","background-size":"auto","background-attachment":"scroll","background-type":"","background-media":"","overlay-type":"","overlay-color":"","overlay-opacity":"","overlay-gradient":""},"mobile":{"background-color":"var(--ast-global-color-5)","background-image":"","background-repeat":"repeat","background-position":"center center","background-size":"auto","background-attachment":"scroll","background-type":"","background-media":"","overlay-type":"","overlay-color":"","overlay-opacity":"","overlay-gradient":""}},"_jetpack_memberships_contains_paid_content":false,"_joinchat":[],"footnotes":""},"categories":[2098,3557,2074],"tags":[3182,19674,3027,1477,100,14046,22698,348],"class_list":["post-80570","post","type-post","status-publish","format-standard","has-post-thumbnail","hentry","category-historias","category-tercera","category-videos","tag-actividad","tag-corazon","tag-disparo","tag-ironia","tag-muerte","tag-rene-favaloro","tag-sarcasmo","tag-tragedia"],"yoast_head":"<!-- This site is optimized with the Yoast SEO plugin v26.8 - https:\/\/yoast.com\/product\/yoast-seo-wordpress\/ -->\n<title>Un disparo al coraz\u00f3n: Vidas y muertes trazadas por la iron\u00eda y la tragedia - El Regional<\/title>\n<meta name=\"robots\" content=\"index, follow, max-snippet:-1, max-image-preview:large, max-video-preview:-1\" \/>\n<link rel=\"canonical\" href=\"http:\/\/elregionalvm.com.ar\/noticias-villa-maria\/un-disparo-al-corazon-vidas-y-muertes-trazadas-por-la-ironia-y-la-tragedia-2\/\" \/>\n<meta property=\"og:locale\" content=\"es_ES\" \/>\n<meta property=\"og:type\" content=\"article\" \/>\n<meta property=\"og:title\" content=\"Un disparo al coraz\u00f3n: Vidas y muertes trazadas por la iron\u00eda y la tragedia - El Regional\" \/>\n<meta property=\"og:description\" content=\"El disparo al coraz\u00f3n de Favaloro, la sordera de Beethoven, la ceguera de Borges\u2026 Son solo algunos de los casos de vidas y muertes delineadas por el trazo cruel de la iron\u00eda y el signo de la tragedia. Aqu\u00ed van algunos ejemplos argentinos y de otras partes del mundo. Escribe: Germ\u00e1n Giacchero La vida puede [&hellip;]\" \/>\n<meta property=\"og:url\" content=\"http:\/\/elregionalvm.com.ar\/noticias-villa-maria\/un-disparo-al-corazon-vidas-y-muertes-trazadas-por-la-ironia-y-la-tragedia-2\/\" \/>\n<meta property=\"og:site_name\" content=\"El Regional\" \/>\n<meta property=\"article:publisher\" content=\"https:\/\/www.facebook.com\/elregionalvm\" \/>\n<meta property=\"article:published_time\" content=\"2023-08-04T02:46:05+00:00\" \/>\n<meta property=\"article:modified_time\" content=\"2023-08-08T17:46:30+00:00\" \/>\n<meta property=\"og:image\" content=\"http:\/\/elregionalvm.com.ar\/noticias-villa-maria\/wp-content\/uploads\/2023\/08\/Favaloro-fondo-oscuro.jpg\" \/>\n\t<meta property=\"og:image:width\" content=\"1245\" \/>\n\t<meta property=\"og:image:height\" content=\"776\" \/>\n\t<meta property=\"og:image:type\" content=\"image\/jpeg\" \/>\n<meta name=\"author\" content=\"Germ\u00e1n Giacchero\" \/>\n<meta name=\"twitter:card\" content=\"summary_large_image\" \/>\n<meta name=\"twitter:creator\" content=\"@elregionalvm1\" \/>\n<meta name=\"twitter:site\" content=\"@elregionalvm1\" \/>\n<meta name=\"twitter:label1\" content=\"Escrito por\" \/>\n\t<meta name=\"twitter:data1\" content=\"Germ\u00e1n Giacchero\" \/>\n\t<meta name=\"twitter:label2\" content=\"Tiempo de lectura\" \/>\n\t<meta name=\"twitter:data2\" content=\"8 minutos\" \/>\n<script type=\"application\/ld+json\" class=\"yoast-schema-graph\">{\"@context\":\"https:\/\/schema.org\",\"@graph\":[{\"@type\":\"Article\",\"@id\":\"http:\/\/elregionalvm.com.ar\/noticias-villa-maria\/un-disparo-al-corazon-vidas-y-muertes-trazadas-por-la-ironia-y-la-tragedia-2\/#article\",\"isPartOf\":{\"@id\":\"http:\/\/elregionalvm.com.ar\/noticias-villa-maria\/un-disparo-al-corazon-vidas-y-muertes-trazadas-por-la-ironia-y-la-tragedia-2\/\"},\"author\":{\"name\":\"Germ\u00e1n Giacchero\",\"@id\":\"http:\/\/elregionalvm.com.ar\/noticias-villa-maria\/#\/schema\/person\/d5e4b04966154131701e52c45d3efec9\"},\"headline\":\"Un disparo al coraz\u00f3n: Vidas y muertes trazadas por la iron\u00eda y la tragedia\",\"datePublished\":\"2023-08-04T02:46:05+00:00\",\"dateModified\":\"2023-08-08T17:46:30+00:00\",\"mainEntityOfPage\":{\"@id\":\"http:\/\/elregionalvm.com.ar\/noticias-villa-maria\/un-disparo-al-corazon-vidas-y-muertes-trazadas-por-la-ironia-y-la-tragedia-2\/\"},\"wordCount\":1286,\"commentCount\":0,\"image\":{\"@id\":\"http:\/\/elregionalvm.com.ar\/noticias-villa-maria\/un-disparo-al-corazon-vidas-y-muertes-trazadas-por-la-ironia-y-la-tragedia-2\/#primaryimage\"},\"thumbnailUrl\":\"https:\/\/i0.wp.com\/elregionalvm.com.ar\/noticias-villa-maria\/wp-content\/uploads\/2023\/08\/Favaloro-fondo-oscuro.jpg?fit=1245%2C776&ssl=1\",\"keywords\":[\"actividad\",\"coraz\u00f3n\",\"disparo\",\"Iron\u00eda\",\"muerte\",\"Ren\u00e9 Favaloro\",\"sarcasmo\",\"tragedia\"],\"articleSection\":[\"Historias\",\"tercera\",\"Videos\"],\"inLanguage\":\"es\",\"potentialAction\":[{\"@type\":\"CommentAction\",\"name\":\"Comment\",\"target\":[\"http:\/\/elregionalvm.com.ar\/noticias-villa-maria\/un-disparo-al-corazon-vidas-y-muertes-trazadas-por-la-ironia-y-la-tragedia-2\/#respond\"]}]},{\"@type\":\"WebPage\",\"@id\":\"http:\/\/elregionalvm.com.ar\/noticias-villa-maria\/un-disparo-al-corazon-vidas-y-muertes-trazadas-por-la-ironia-y-la-tragedia-2\/\",\"url\":\"http:\/\/elregionalvm.com.ar\/noticias-villa-maria\/un-disparo-al-corazon-vidas-y-muertes-trazadas-por-la-ironia-y-la-tragedia-2\/\",\"name\":\"Un disparo al coraz\u00f3n: Vidas y muertes trazadas por la iron\u00eda y la tragedia - El Regional\",\"isPartOf\":{\"@id\":\"http:\/\/elregionalvm.com.ar\/noticias-villa-maria\/#website\"},\"primaryImageOfPage\":{\"@id\":\"http:\/\/elregionalvm.com.ar\/noticias-villa-maria\/un-disparo-al-corazon-vidas-y-muertes-trazadas-por-la-ironia-y-la-tragedia-2\/#primaryimage\"},\"image\":{\"@id\":\"http:\/\/elregionalvm.com.ar\/noticias-villa-maria\/un-disparo-al-corazon-vidas-y-muertes-trazadas-por-la-ironia-y-la-tragedia-2\/#primaryimage\"},\"thumbnailUrl\":\"https:\/\/i0.wp.com\/elregionalvm.com.ar\/noticias-villa-maria\/wp-content\/uploads\/2023\/08\/Favaloro-fondo-oscuro.jpg?fit=1245%2C776&ssl=1\",\"datePublished\":\"2023-08-04T02:46:05+00:00\",\"dateModified\":\"2023-08-08T17:46:30+00:00\",\"author\":{\"@id\":\"http:\/\/elregionalvm.com.ar\/noticias-villa-maria\/#\/schema\/person\/d5e4b04966154131701e52c45d3efec9\"},\"breadcrumb\":{\"@id\":\"http:\/\/elregionalvm.com.ar\/noticias-villa-maria\/un-disparo-al-corazon-vidas-y-muertes-trazadas-por-la-ironia-y-la-tragedia-2\/#breadcrumb\"},\"inLanguage\":\"es\",\"potentialAction\":[{\"@type\":\"ReadAction\",\"target\":[\"http:\/\/elregionalvm.com.ar\/noticias-villa-maria\/un-disparo-al-corazon-vidas-y-muertes-trazadas-por-la-ironia-y-la-tragedia-2\/\"]}]},{\"@type\":\"ImageObject\",\"inLanguage\":\"es\",\"@id\":\"http:\/\/elregionalvm.com.ar\/noticias-villa-maria\/un-disparo-al-corazon-vidas-y-muertes-trazadas-por-la-ironia-y-la-tragedia-2\/#primaryimage\",\"url\":\"https:\/\/i0.wp.com\/elregionalvm.com.ar\/noticias-villa-maria\/wp-content\/uploads\/2023\/08\/Favaloro-fondo-oscuro.jpg?fit=1245%2C776&ssl=1\",\"contentUrl\":\"https:\/\/i0.wp.com\/elregionalvm.com.ar\/noticias-villa-maria\/wp-content\/uploads\/2023\/08\/Favaloro-fondo-oscuro.jpg?fit=1245%2C776&ssl=1\",\"width\":1245,\"height\":776},{\"@type\":\"BreadcrumbList\",\"@id\":\"http:\/\/elregionalvm.com.ar\/noticias-villa-maria\/un-disparo-al-corazon-vidas-y-muertes-trazadas-por-la-ironia-y-la-tragedia-2\/#breadcrumb\",\"itemListElement\":[{\"@type\":\"ListItem\",\"position\":1,\"name\":\"Portada\",\"item\":\"https:\/\/elregionalvm.com.ar\/noticias-villa-maria\/\"},{\"@type\":\"ListItem\",\"position\":2,\"name\":\"Un disparo al coraz\u00f3n: Vidas y muertes trazadas por la iron\u00eda y la tragedia\"}]},{\"@type\":\"WebSite\",\"@id\":\"http:\/\/elregionalvm.com.ar\/noticias-villa-maria\/#website\",\"url\":\"http:\/\/elregionalvm.com.ar\/noticias-villa-maria\/\",\"name\":\"El Regional\",\"description\":\"Mucho m\u00e1s que informaci\u00f3n\",\"potentialAction\":[{\"@type\":\"SearchAction\",\"target\":{\"@type\":\"EntryPoint\",\"urlTemplate\":\"http:\/\/elregionalvm.com.ar\/noticias-villa-maria\/?s={search_term_string}\"},\"query-input\":{\"@type\":\"PropertyValueSpecification\",\"valueRequired\":true,\"valueName\":\"search_term_string\"}}],\"inLanguage\":\"es\"},{\"@type\":\"Person\",\"@id\":\"http:\/\/elregionalvm.com.ar\/noticias-villa-maria\/#\/schema\/person\/d5e4b04966154131701e52c45d3efec9\",\"name\":\"Germ\u00e1n Giacchero\",\"image\":{\"@type\":\"ImageObject\",\"inLanguage\":\"es\",\"@id\":\"http:\/\/elregionalvm.com.ar\/noticias-villa-maria\/#\/schema\/person\/image\/\",\"url\":\"https:\/\/secure.gravatar.com\/avatar\/fda163ba5ef0307ee5be9846e10f83b6e83d0cfb260d3b2464830318894c6b04?s=96&d=mm&r=g\",\"contentUrl\":\"https:\/\/secure.gravatar.com\/avatar\/fda163ba5ef0307ee5be9846e10f83b6e83d0cfb260d3b2464830318894c6b04?s=96&d=mm&r=g\",\"caption\":\"Germ\u00e1n Giacchero\"},\"url\":\"https:\/\/elregionalvm.com.ar\/noticias-villa-maria\/author\/germangiacchero\/\"}]}<\/script>\n<!-- \/ Yoast SEO plugin. -->","yoast_head_json":{"title":"Un disparo al coraz\u00f3n: Vidas y muertes trazadas por la iron\u00eda y la tragedia - El Regional","robots":{"index":"index","follow":"follow","max-snippet":"max-snippet:-1","max-image-preview":"max-image-preview:large","max-video-preview":"max-video-preview:-1"},"canonical":"http:\/\/elregionalvm.com.ar\/noticias-villa-maria\/un-disparo-al-corazon-vidas-y-muertes-trazadas-por-la-ironia-y-la-tragedia-2\/","og_locale":"es_ES","og_type":"article","og_title":"Un disparo al coraz\u00f3n: Vidas y muertes trazadas por la iron\u00eda y la tragedia - El Regional","og_description":"El disparo al coraz\u00f3n de Favaloro, la sordera de Beethoven, la ceguera de Borges\u2026 Son solo algunos de los casos de vidas y muertes delineadas por el trazo cruel de la iron\u00eda y el signo de la tragedia. Aqu\u00ed van algunos ejemplos argentinos y de otras partes del mundo. Escribe: Germ\u00e1n Giacchero La vida puede [&hellip;]","og_url":"http:\/\/elregionalvm.com.ar\/noticias-villa-maria\/un-disparo-al-corazon-vidas-y-muertes-trazadas-por-la-ironia-y-la-tragedia-2\/","og_site_name":"El Regional","article_publisher":"https:\/\/www.facebook.com\/elregionalvm","article_published_time":"2023-08-04T02:46:05+00:00","article_modified_time":"2023-08-08T17:46:30+00:00","og_image":[{"width":1245,"height":776,"url":"http:\/\/elregionalvm.com.ar\/noticias-villa-maria\/wp-content\/uploads\/2023\/08\/Favaloro-fondo-oscuro.jpg","type":"image\/jpeg"}],"author":"Germ\u00e1n Giacchero","twitter_card":"summary_large_image","twitter_creator":"@elregionalvm1","twitter_site":"@elregionalvm1","twitter_misc":{"Escrito por":"Germ\u00e1n Giacchero","Tiempo de lectura":"8 minutos"},"schema":{"@context":"https:\/\/schema.org","@graph":[{"@type":"Article","@id":"http:\/\/elregionalvm.com.ar\/noticias-villa-maria\/un-disparo-al-corazon-vidas-y-muertes-trazadas-por-la-ironia-y-la-tragedia-2\/#article","isPartOf":{"@id":"http:\/\/elregionalvm.com.ar\/noticias-villa-maria\/un-disparo-al-corazon-vidas-y-muertes-trazadas-por-la-ironia-y-la-tragedia-2\/"},"author":{"name":"Germ\u00e1n Giacchero","@id":"http:\/\/elregionalvm.com.ar\/noticias-villa-maria\/#\/schema\/person\/d5e4b04966154131701e52c45d3efec9"},"headline":"Un disparo al coraz\u00f3n: Vidas y muertes trazadas por la iron\u00eda y la tragedia","datePublished":"2023-08-04T02:46:05+00:00","dateModified":"2023-08-08T17:46:30+00:00","mainEntityOfPage":{"@id":"http:\/\/elregionalvm.com.ar\/noticias-villa-maria\/un-disparo-al-corazon-vidas-y-muertes-trazadas-por-la-ironia-y-la-tragedia-2\/"},"wordCount":1286,"commentCount":0,"image":{"@id":"http:\/\/elregionalvm.com.ar\/noticias-villa-maria\/un-disparo-al-corazon-vidas-y-muertes-trazadas-por-la-ironia-y-la-tragedia-2\/#primaryimage"},"thumbnailUrl":"https:\/\/i0.wp.com\/elregionalvm.com.ar\/noticias-villa-maria\/wp-content\/uploads\/2023\/08\/Favaloro-fondo-oscuro.jpg?fit=1245%2C776&ssl=1","keywords":["actividad","coraz\u00f3n","disparo","Iron\u00eda","muerte","Ren\u00e9 Favaloro","sarcasmo","tragedia"],"articleSection":["Historias","tercera","Videos"],"inLanguage":"es","potentialAction":[{"@type":"CommentAction","name":"Comment","target":["http:\/\/elregionalvm.com.ar\/noticias-villa-maria\/un-disparo-al-corazon-vidas-y-muertes-trazadas-por-la-ironia-y-la-tragedia-2\/#respond"]}]},{"@type":"WebPage","@id":"http:\/\/elregionalvm.com.ar\/noticias-villa-maria\/un-disparo-al-corazon-vidas-y-muertes-trazadas-por-la-ironia-y-la-tragedia-2\/","url":"http:\/\/elregionalvm.com.ar\/noticias-villa-maria\/un-disparo-al-corazon-vidas-y-muertes-trazadas-por-la-ironia-y-la-tragedia-2\/","name":"Un disparo al coraz\u00f3n: Vidas y muertes trazadas por la iron\u00eda y la tragedia - El Regional","isPartOf":{"@id":"http:\/\/elregionalvm.com.ar\/noticias-villa-maria\/#website"},"primaryImageOfPage":{"@id":"http:\/\/elregionalvm.com.ar\/noticias-villa-maria\/un-disparo-al-corazon-vidas-y-muertes-trazadas-por-la-ironia-y-la-tragedia-2\/#primaryimage"},"image":{"@id":"http:\/\/elregionalvm.com.ar\/noticias-villa-maria\/un-disparo-al-corazon-vidas-y-muertes-trazadas-por-la-ironia-y-la-tragedia-2\/#primaryimage"},"thumbnailUrl":"https:\/\/i0.wp.com\/elregionalvm.com.ar\/noticias-villa-maria\/wp-content\/uploads\/2023\/08\/Favaloro-fondo-oscuro.jpg?fit=1245%2C776&ssl=1","datePublished":"2023-08-04T02:46:05+00:00","dateModified":"2023-08-08T17:46:30+00:00","author":{"@id":"http:\/\/elregionalvm.com.ar\/noticias-villa-maria\/#\/schema\/person\/d5e4b04966154131701e52c45d3efec9"},"breadcrumb":{"@id":"http:\/\/elregionalvm.com.ar\/noticias-villa-maria\/un-disparo-al-corazon-vidas-y-muertes-trazadas-por-la-ironia-y-la-tragedia-2\/#breadcrumb"},"inLanguage":"es","potentialAction":[{"@type":"ReadAction","target":["http:\/\/elregionalvm.com.ar\/noticias-villa-maria\/un-disparo-al-corazon-vidas-y-muertes-trazadas-por-la-ironia-y-la-tragedia-2\/"]}]},{"@type":"ImageObject","inLanguage":"es","@id":"http:\/\/elregionalvm.com.ar\/noticias-villa-maria\/un-disparo-al-corazon-vidas-y-muertes-trazadas-por-la-ironia-y-la-tragedia-2\/#primaryimage","url":"https:\/\/i0.wp.com\/elregionalvm.com.ar\/noticias-villa-maria\/wp-content\/uploads\/2023\/08\/Favaloro-fondo-oscuro.jpg?fit=1245%2C776&ssl=1","contentUrl":"https:\/\/i0.wp.com\/elregionalvm.com.ar\/noticias-villa-maria\/wp-content\/uploads\/2023\/08\/Favaloro-fondo-oscuro.jpg?fit=1245%2C776&ssl=1","width":1245,"height":776},{"@type":"BreadcrumbList","@id":"http:\/\/elregionalvm.com.ar\/noticias-villa-maria\/un-disparo-al-corazon-vidas-y-muertes-trazadas-por-la-ironia-y-la-tragedia-2\/#breadcrumb","itemListElement":[{"@type":"ListItem","position":1,"name":"Portada","item":"https:\/\/elregionalvm.com.ar\/noticias-villa-maria\/"},{"@type":"ListItem","position":2,"name":"Un disparo al coraz\u00f3n: Vidas y muertes trazadas por la iron\u00eda y la tragedia"}]},{"@type":"WebSite","@id":"http:\/\/elregionalvm.com.ar\/noticias-villa-maria\/#website","url":"http:\/\/elregionalvm.com.ar\/noticias-villa-maria\/","name":"El Regional","description":"Mucho m\u00e1s que informaci\u00f3n","potentialAction":[{"@type":"SearchAction","target":{"@type":"EntryPoint","urlTemplate":"http:\/\/elregionalvm.com.ar\/noticias-villa-maria\/?s={search_term_string}"},"query-input":{"@type":"PropertyValueSpecification","valueRequired":true,"valueName":"search_term_string"}}],"inLanguage":"es"},{"@type":"Person","@id":"http:\/\/elregionalvm.com.ar\/noticias-villa-maria\/#\/schema\/person\/d5e4b04966154131701e52c45d3efec9","name":"Germ\u00e1n Giacchero","image":{"@type":"ImageObject","inLanguage":"es","@id":"http:\/\/elregionalvm.com.ar\/noticias-villa-maria\/#\/schema\/person\/image\/","url":"https:\/\/secure.gravatar.com\/avatar\/fda163ba5ef0307ee5be9846e10f83b6e83d0cfb260d3b2464830318894c6b04?s=96&d=mm&r=g","contentUrl":"https:\/\/secure.gravatar.com\/avatar\/fda163ba5ef0307ee5be9846e10f83b6e83d0cfb260d3b2464830318894c6b04?s=96&d=mm&r=g","caption":"Germ\u00e1n Giacchero"},"url":"https:\/\/elregionalvm.com.ar\/noticias-villa-maria\/author\/germangiacchero\/"}]}},"jetpack_featured_media_url":"https:\/\/i0.wp.com\/elregionalvm.com.ar\/noticias-villa-maria\/wp-content\/uploads\/2023\/08\/Favaloro-fondo-oscuro.jpg?fit=1245%2C776&ssl=1","jetpack_sharing_enabled":true,"_links":{"self":[{"href":"https:\/\/elregionalvm.com.ar\/noticias-villa-maria\/wp-json\/wp\/v2\/posts\/80570","targetHints":{"allow":["GET"]}}],"collection":[{"href":"https:\/\/elregionalvm.com.ar\/noticias-villa-maria\/wp-json\/wp\/v2\/posts"}],"about":[{"href":"https:\/\/elregionalvm.com.ar\/noticias-villa-maria\/wp-json\/wp\/v2\/types\/post"}],"author":[{"embeddable":true,"href":"https:\/\/elregionalvm.com.ar\/noticias-villa-maria\/wp-json\/wp\/v2\/users\/6"}],"replies":[{"embeddable":true,"href":"https:\/\/elregionalvm.com.ar\/noticias-villa-maria\/wp-json\/wp\/v2\/comments?post=80570"}],"version-history":[{"count":3,"href":"https:\/\/elregionalvm.com.ar\/noticias-villa-maria\/wp-json\/wp\/v2\/posts\/80570\/revisions"}],"predecessor-version":[{"id":80575,"href":"https:\/\/elregionalvm.com.ar\/noticias-villa-maria\/wp-json\/wp\/v2\/posts\/80570\/revisions\/80575"}],"wp:featuredmedia":[{"embeddable":true,"href":"https:\/\/elregionalvm.com.ar\/noticias-villa-maria\/wp-json\/wp\/v2\/media\/80576"}],"wp:attachment":[{"href":"https:\/\/elregionalvm.com.ar\/noticias-villa-maria\/wp-json\/wp\/v2\/media?parent=80570"}],"wp:term":[{"taxonomy":"category","embeddable":true,"href":"https:\/\/elregionalvm.com.ar\/noticias-villa-maria\/wp-json\/wp\/v2\/categories?post=80570"},{"taxonomy":"post_tag","embeddable":true,"href":"https:\/\/elregionalvm.com.ar\/noticias-villa-maria\/wp-json\/wp\/v2\/tags?post=80570"}],"curies":[{"name":"wp","href":"https:\/\/api.w.org\/{rel}","templated":true}]}}