{"id":80736,"date":"2023-08-07T22:51:39","date_gmt":"2023-08-07T22:51:39","guid":{"rendered":"https:\/\/elregionalvm.com.ar\/noticias-villa-maria\/?p=80736"},"modified":"2023-08-08T02:19:11","modified_gmt":"2023-08-08T02:19:11","slug":"rodriguez-larreta-presentara-manana-junto-a-gerardo-morales-y-gob-sus-propuestas-para-el-desarrollo-de-una-argentina-federal","status":"publish","type":"post","link":"https:\/\/elregionalvm.com.ar\/noticias-villa-maria\/rodriguez-larreta-presentara-manana-junto-a-gerardo-morales-y-gob-sus-propuestas-para-el-desarrollo-de-una-argentina-federal\/","title":{"rendered":"Rodr\u00edguez Larreta presentar\u00e1 ma\u00f1ana sus propuestas para el desarrollo de una Argentina federal"},"content":{"rendered":"\n<p>En su \u00faltima semana de campa\u00f1a, el precandidato presidencial, Horacio Rodr\u00edguez Larreta, presentar\u00e1 desde C\u00f3rdoba sus propuestas para que la Argentina se desarrolle a nivel federal, a partir de la econom\u00eda y la producci\u00f3n, potenciando los motores de crecimiento. Lo har\u00e1 junto a su compa\u00f1ero de f\u00f3rmula, Gerardo Morales.<\/p>\n\n\n\n<p>Participar\u00e1n adem\u00e1s los gobernadores electos: Claudio Poggi, de San Luis; Carlos Sadir, de Jujuy; Nacho Torres, de Chubut; y Marcelo Orrego, de San Juan; as\u00ed como el candidato a gobernador y ganador de la PASO en Santa Fe, Maxi Pullaro.<\/p>\n\n\n\n<p>Se trata de la \u00faltima presentaci\u00f3n de propuestas de campa\u00f1a, sum\u00e1ndose a las detalladas durante las \u00faltimas semanas: \u201cRevoluci\u00f3n del Trabajo\u201d, \u201cFin de los privilegios\u201d, \u00abRevoluci\u00f3n de la Educaci\u00f3n\u00bb, \u201cAl campo lo que es del campo\u201d, \u201cUna Argentina sin Inflaci\u00f3n\u201d, \u201cTransformaci\u00f3n de la matriz energ\u00e9tica\u201d, \u201cRevoluci\u00f3n de la Seguridad\u201d, \u201cVuelta del Cr\u00e9dito Hipotecario\u201d, medidas para la industria argentina, para desarrollar un pa\u00eds federal con ciudades con m\u00e1s oportunidades y para los adultos mayores.<\/p>\n\n\n\n<p>D\u00eda: martes 8 de agosto<br>Hora del anuncio: 11.15hs<br>Lugar: Hotel Orfeo, Ruta E53, Avenida Sarmiento 1007, Salsipuedes, Provincia de C\u00f3rdoba<\/p>\n\n\n\n<p>PAR\u00c1METROS DE TRANSMISI\u00d3N SATELITAL<\/p>\n\n\n\n<p>Sat\u00e9lite Arsat-1<br>Rx: 12131.0 Vertical<br>SR: 3500<br>Modulaci\u00f3n DVB &#8211; S2 8PSK<br>Fec: 3\/4<br>Roll off: 20%<br>HD 1080i 50<br>Contacto T\u00e9cnico 1168540659<\/p>\n","protected":false},"excerpt":{"rendered":"<p>En su \u00faltima semana de campa\u00f1a, el precandidato presidencial, Horacio Rodr\u00edguez Larreta, presentar\u00e1 desde C\u00f3rdoba sus propuestas para que la Argentina se desarrolle a nivel federal, a partir de la econom\u00eda y la producci\u00f3n, potenciando los motores de crecimiento. Lo har\u00e1 junto a su compa\u00f1ero de f\u00f3rmula, Gerardo Morales. Participar\u00e1n adem\u00e1s los gobernadores electos: Claudio [&hellip;]<\/p>\n","protected":false},"author":4,"featured_media":71974,"comment_status":"open","ping_status":"open","sticky":false,"template":"","format":"standard","meta":{"site-sidebar-layout":"default","site-content-layout":"","ast-site-content-layout":"default","site-content-style":"default","site-sidebar-style":"default","ast-global-header-display":"","ast-banner-title-visibility":"","ast-main-header-display":"","ast-hfb-above-header-display":"","ast-hfb-below-header-display":"","ast-hfb-mobile-header-display":"","site-post-title":"","ast-breadcrumbs-content":"","ast-featured-img":"","footer-sml-layout":"","ast-disable-related-posts":"","theme-transparent-header-meta":"","adv-header-id-meta":"","stick-header-meta":"","header-above-stick-meta":"","header-main-stick-meta":"","header-below-stick-meta":"","astra-migrate-meta-layouts":"default","ast-page-background-enabled":"default","ast-page-background-meta":{"desktop":{"background-color":"","background-image":"","background-repeat":"repeat","background-position":"center center","background-size":"auto","background-attachment":"scroll","background-type":"","background-media":"","overlay-type":"","overlay-color":"","overlay-opacity":"","overlay-gradient":""},"tablet":{"background-color":"","background-image":"","background-repeat":"repeat","background-position":"center center","background-size":"auto","background-attachment":"scroll","background-type":"","background-media":"","overlay-type":"","overlay-color":"","overlay-opacity":"","overlay-gradient":""},"mobile":{"background-color":"","background-image":"","background-repeat":"repeat","background-position":"center center","background-size":"auto","background-attachment":"scroll","background-type":"","background-media":"","overlay-type":"","overlay-color":"","overlay-opacity":"","overlay-gradient":""}},"ast-content-background-meta":{"desktop":{"background-color":"var(--ast-global-color-5)","background-image":"","background-repeat":"repeat","background-position":"center center","background-size":"auto","background-attachment":"scroll","background-type":"","background-media":"","overlay-type":"","overlay-color":"","overlay-opacity":"","overlay-gradient":""},"tablet":{"background-color":"var(--ast-global-color-5)","background-image":"","background-repeat":"repeat","background-position":"center center","background-size":"auto","background-attachment":"scroll","background-type":"","background-media":"","overlay-type":"","overlay-color":"","overlay-opacity":"","overlay-gradient":""},"mobile":{"background-color":"var(--ast-global-color-5)","background-image":"","background-repeat":"repeat","background-position":"center center","background-size":"auto","background-attachment":"scroll","background-type":"","background-media":"","overlay-type":"","overlay-color":"","overlay-opacity":"","overlay-gradient":""}},"_jetpack_memberships_contains_paid_content":false,"_joinchat":[],"footnotes":""},"categories":[2234,5],"tags":[],"class_list":["post-80736","post","type-post","status-publish","format-standard","has-post-thumbnail","hentry","category-policiales","category-sociedad"],"yoast_head":"<!-- This site is optimized with the Yoast SEO plugin v26.8 - https:\/\/yoast.com\/product\/yoast-seo-wordpress\/ -->\n<title>Rodr\u00edguez Larreta presentar\u00e1 ma\u00f1ana sus propuestas para el desarrollo de una Argentina federal - El Regional<\/title>\n<meta name=\"robots\" content=\"index, follow, max-snippet:-1, max-image-preview:large, max-video-preview:-1\" \/>\n<link rel=\"canonical\" href=\"http:\/\/elregionalvm.com.ar\/noticias-villa-maria\/rodriguez-larreta-presentara-manana-junto-a-gerardo-morales-y-gob-sus-propuestas-para-el-desarrollo-de-una-argentina-federal\/\" \/>\n<meta property=\"og:locale\" content=\"es_ES\" \/>\n<meta property=\"og:type\" content=\"article\" \/>\n<meta property=\"og:title\" content=\"Rodr\u00edguez Larreta presentar\u00e1 ma\u00f1ana sus propuestas para el desarrollo de una Argentina federal - El Regional\" \/>\n<meta property=\"og:description\" content=\"En su \u00faltima semana de campa\u00f1a, el precandidato presidencial, Horacio Rodr\u00edguez Larreta, presentar\u00e1 desde C\u00f3rdoba sus propuestas para que la Argentina se desarrolle a nivel federal, a partir de la econom\u00eda y la producci\u00f3n, potenciando los motores de crecimiento. Lo har\u00e1 junto a su compa\u00f1ero de f\u00f3rmula, Gerardo Morales. Participar\u00e1n adem\u00e1s los gobernadores electos: Claudio [&hellip;]\" \/>\n<meta property=\"og:url\" content=\"http:\/\/elregionalvm.com.ar\/noticias-villa-maria\/rodriguez-larreta-presentara-manana-junto-a-gerardo-morales-y-gob-sus-propuestas-para-el-desarrollo-de-una-argentina-federal\/\" \/>\n<meta property=\"og:site_name\" content=\"El Regional\" \/>\n<meta property=\"article:publisher\" content=\"https:\/\/www.facebook.com\/elregionalvm\" \/>\n<meta property=\"article:published_time\" content=\"2023-08-07T22:51:39+00:00\" \/>\n<meta property=\"article:modified_time\" content=\"2023-08-08T02:19:11+00:00\" \/>\n<meta property=\"og:image\" content=\"http:\/\/elregionalvm.com.ar\/noticias-villa-maria\/wp-content\/uploads\/2023\/02\/Larreta.jpg\" \/>\n\t<meta property=\"og:image:width\" content=\"1200\" \/>\n\t<meta property=\"og:image:height\" content=\"675\" \/>\n\t<meta property=\"og:image:type\" content=\"image\/jpeg\" \/>\n<meta name=\"author\" content=\"Contenidos El Regional\" \/>\n<meta name=\"twitter:card\" content=\"summary_large_image\" \/>\n<meta name=\"twitter:creator\" content=\"@elregionalvm1\" \/>\n<meta name=\"twitter:site\" content=\"@elregionalvm1\" \/>\n<meta name=\"twitter:label1\" content=\"Escrito por\" \/>\n\t<meta name=\"twitter:data1\" content=\"Contenidos El Regional\" \/>\n\t<meta name=\"twitter:label2\" content=\"Tiempo de lectura\" \/>\n\t<meta name=\"twitter:data2\" content=\"1 minuto\" \/>\n<script type=\"application\/ld+json\" class=\"yoast-schema-graph\">{\"@context\":\"https:\/\/schema.org\",\"@graph\":[{\"@type\":\"Article\",\"@id\":\"http:\/\/elregionalvm.com.ar\/noticias-villa-maria\/rodriguez-larreta-presentara-manana-junto-a-gerardo-morales-y-gob-sus-propuestas-para-el-desarrollo-de-una-argentina-federal\/#article\",\"isPartOf\":{\"@id\":\"http:\/\/elregionalvm.com.ar\/noticias-villa-maria\/rodriguez-larreta-presentara-manana-junto-a-gerardo-morales-y-gob-sus-propuestas-para-el-desarrollo-de-una-argentina-federal\/\"},\"author\":{\"name\":\"Contenidos El Regional\",\"@id\":\"http:\/\/elregionalvm.com.ar\/noticias-villa-maria\/#\/schema\/person\/a0fb9c422317faca23d50163151bc354\"},\"headline\":\"Rodr\u00edguez Larreta presentar\u00e1 ma\u00f1ana sus propuestas para el desarrollo de una Argentina federal\",\"datePublished\":\"2023-08-07T22:51:39+00:00\",\"dateModified\":\"2023-08-08T02:19:11+00:00\",\"mainEntityOfPage\":{\"@id\":\"http:\/\/elregionalvm.com.ar\/noticias-villa-maria\/rodriguez-larreta-presentara-manana-junto-a-gerardo-morales-y-gob-sus-propuestas-para-el-desarrollo-de-una-argentina-federal\/\"},\"wordCount\":242,\"commentCount\":0,\"image\":{\"@id\":\"http:\/\/elregionalvm.com.ar\/noticias-villa-maria\/rodriguez-larreta-presentara-manana-junto-a-gerardo-morales-y-gob-sus-propuestas-para-el-desarrollo-de-una-argentina-federal\/#primaryimage\"},\"thumbnailUrl\":\"https:\/\/i0.wp.com\/elregionalvm.com.ar\/noticias-villa-maria\/wp-content\/uploads\/2023\/02\/Larreta.jpg?fit=1200%2C675&ssl=1\",\"articleSection\":[\"Policiales\",\"Sociedad\"],\"inLanguage\":\"es\",\"potentialAction\":[{\"@type\":\"CommentAction\",\"name\":\"Comment\",\"target\":[\"http:\/\/elregionalvm.com.ar\/noticias-villa-maria\/rodriguez-larreta-presentara-manana-junto-a-gerardo-morales-y-gob-sus-propuestas-para-el-desarrollo-de-una-argentina-federal\/#respond\"]}]},{\"@type\":\"WebPage\",\"@id\":\"http:\/\/elregionalvm.com.ar\/noticias-villa-maria\/rodriguez-larreta-presentara-manana-junto-a-gerardo-morales-y-gob-sus-propuestas-para-el-desarrollo-de-una-argentina-federal\/\",\"url\":\"http:\/\/elregionalvm.com.ar\/noticias-villa-maria\/rodriguez-larreta-presentara-manana-junto-a-gerardo-morales-y-gob-sus-propuestas-para-el-desarrollo-de-una-argentina-federal\/\",\"name\":\"Rodr\u00edguez Larreta presentar\u00e1 ma\u00f1ana sus propuestas para el desarrollo de una Argentina federal - El Regional\",\"isPartOf\":{\"@id\":\"http:\/\/elregionalvm.com.ar\/noticias-villa-maria\/#website\"},\"primaryImageOfPage\":{\"@id\":\"http:\/\/elregionalvm.com.ar\/noticias-villa-maria\/rodriguez-larreta-presentara-manana-junto-a-gerardo-morales-y-gob-sus-propuestas-para-el-desarrollo-de-una-argentina-federal\/#primaryimage\"},\"image\":{\"@id\":\"http:\/\/elregionalvm.com.ar\/noticias-villa-maria\/rodriguez-larreta-presentara-manana-junto-a-gerardo-morales-y-gob-sus-propuestas-para-el-desarrollo-de-una-argentina-federal\/#primaryimage\"},\"thumbnailUrl\":\"https:\/\/i0.wp.com\/elregionalvm.com.ar\/noticias-villa-maria\/wp-content\/uploads\/2023\/02\/Larreta.jpg?fit=1200%2C675&ssl=1\",\"datePublished\":\"2023-08-07T22:51:39+00:00\",\"dateModified\":\"2023-08-08T02:19:11+00:00\",\"author\":{\"@id\":\"http:\/\/elregionalvm.com.ar\/noticias-villa-maria\/#\/schema\/person\/a0fb9c422317faca23d50163151bc354\"},\"breadcrumb\":{\"@id\":\"http:\/\/elregionalvm.com.ar\/noticias-villa-maria\/rodriguez-larreta-presentara-manana-junto-a-gerardo-morales-y-gob-sus-propuestas-para-el-desarrollo-de-una-argentina-federal\/#breadcrumb\"},\"inLanguage\":\"es\",\"potentialAction\":[{\"@type\":\"ReadAction\",\"target\":[\"http:\/\/elregionalvm.com.ar\/noticias-villa-maria\/rodriguez-larreta-presentara-manana-junto-a-gerardo-morales-y-gob-sus-propuestas-para-el-desarrollo-de-una-argentina-federal\/\"]}]},{\"@type\":\"ImageObject\",\"inLanguage\":\"es\",\"@id\":\"http:\/\/elregionalvm.com.ar\/noticias-villa-maria\/rodriguez-larreta-presentara-manana-junto-a-gerardo-morales-y-gob-sus-propuestas-para-el-desarrollo-de-una-argentina-federal\/#primaryimage\",\"url\":\"https:\/\/i0.wp.com\/elregionalvm.com.ar\/noticias-villa-maria\/wp-content\/uploads\/2023\/02\/Larreta.jpg?fit=1200%2C675&ssl=1\",\"contentUrl\":\"https:\/\/i0.wp.com\/elregionalvm.com.ar\/noticias-villa-maria\/wp-content\/uploads\/2023\/02\/Larreta.jpg?fit=1200%2C675&ssl=1\",\"width\":1200,\"height\":675},{\"@type\":\"BreadcrumbList\",\"@id\":\"http:\/\/elregionalvm.com.ar\/noticias-villa-maria\/rodriguez-larreta-presentara-manana-junto-a-gerardo-morales-y-gob-sus-propuestas-para-el-desarrollo-de-una-argentina-federal\/#breadcrumb\",\"itemListElement\":[{\"@type\":\"ListItem\",\"position\":1,\"name\":\"Portada\",\"item\":\"https:\/\/elregionalvm.com.ar\/noticias-villa-maria\/\"},{\"@type\":\"ListItem\",\"position\":2,\"name\":\"Rodr\u00edguez Larreta presentar\u00e1 ma\u00f1ana sus propuestas para el desarrollo de una Argentina federal\"}]},{\"@type\":\"WebSite\",\"@id\":\"http:\/\/elregionalvm.com.ar\/noticias-villa-maria\/#website\",\"url\":\"http:\/\/elregionalvm.com.ar\/noticias-villa-maria\/\",\"name\":\"El Regional\",\"description\":\"Mucho m\u00e1s que informaci\u00f3n\",\"potentialAction\":[{\"@type\":\"SearchAction\",\"target\":{\"@type\":\"EntryPoint\",\"urlTemplate\":\"http:\/\/elregionalvm.com.ar\/noticias-villa-maria\/?s={search_term_string}\"},\"query-input\":{\"@type\":\"PropertyValueSpecification\",\"valueRequired\":true,\"valueName\":\"search_term_string\"}}],\"inLanguage\":\"es\"},{\"@type\":\"Person\",\"@id\":\"http:\/\/elregionalvm.com.ar\/noticias-villa-maria\/#\/schema\/person\/a0fb9c422317faca23d50163151bc354\",\"name\":\"Contenidos El Regional\",\"image\":{\"@type\":\"ImageObject\",\"inLanguage\":\"es\",\"@id\":\"http:\/\/elregionalvm.com.ar\/noticias-villa-maria\/#\/schema\/person\/image\/\",\"url\":\"https:\/\/secure.gravatar.com\/avatar\/265b27cb2209af7bb3a1318f03305787d7981a5cc6e6cd08fe5a4ecdf99d4b48?s=96&d=mm&r=g\",\"contentUrl\":\"https:\/\/secure.gravatar.com\/avatar\/265b27cb2209af7bb3a1318f03305787d7981a5cc6e6cd08fe5a4ecdf99d4b48?s=96&d=mm&r=g\",\"caption\":\"Contenidos El Regional\"},\"url\":\"https:\/\/elregionalvm.com.ar\/noticias-villa-maria\/author\/contenido\/\"}]}<\/script>\n<!-- \/ Yoast SEO plugin. -->","yoast_head_json":{"title":"Rodr\u00edguez Larreta presentar\u00e1 ma\u00f1ana sus propuestas para el desarrollo de una Argentina federal - El Regional","robots":{"index":"index","follow":"follow","max-snippet":"max-snippet:-1","max-image-preview":"max-image-preview:large","max-video-preview":"max-video-preview:-1"},"canonical":"http:\/\/elregionalvm.com.ar\/noticias-villa-maria\/rodriguez-larreta-presentara-manana-junto-a-gerardo-morales-y-gob-sus-propuestas-para-el-desarrollo-de-una-argentina-federal\/","og_locale":"es_ES","og_type":"article","og_title":"Rodr\u00edguez Larreta presentar\u00e1 ma\u00f1ana sus propuestas para el desarrollo de una Argentina federal - El Regional","og_description":"En su \u00faltima semana de campa\u00f1a, el precandidato presidencial, Horacio Rodr\u00edguez Larreta, presentar\u00e1 desde C\u00f3rdoba sus propuestas para que la Argentina se desarrolle a nivel federal, a partir de la econom\u00eda y la producci\u00f3n, potenciando los motores de crecimiento. Lo har\u00e1 junto a su compa\u00f1ero de f\u00f3rmula, Gerardo Morales. Participar\u00e1n adem\u00e1s los gobernadores electos: Claudio [&hellip;]","og_url":"http:\/\/elregionalvm.com.ar\/noticias-villa-maria\/rodriguez-larreta-presentara-manana-junto-a-gerardo-morales-y-gob-sus-propuestas-para-el-desarrollo-de-una-argentina-federal\/","og_site_name":"El Regional","article_publisher":"https:\/\/www.facebook.com\/elregionalvm","article_published_time":"2023-08-07T22:51:39+00:00","article_modified_time":"2023-08-08T02:19:11+00:00","og_image":[{"width":1200,"height":675,"url":"http:\/\/elregionalvm.com.ar\/noticias-villa-maria\/wp-content\/uploads\/2023\/02\/Larreta.jpg","type":"image\/jpeg"}],"author":"Contenidos El Regional","twitter_card":"summary_large_image","twitter_creator":"@elregionalvm1","twitter_site":"@elregionalvm1","twitter_misc":{"Escrito por":"Contenidos El Regional","Tiempo de lectura":"1 minuto"},"schema":{"@context":"https:\/\/schema.org","@graph":[{"@type":"Article","@id":"http:\/\/elregionalvm.com.ar\/noticias-villa-maria\/rodriguez-larreta-presentara-manana-junto-a-gerardo-morales-y-gob-sus-propuestas-para-el-desarrollo-de-una-argentina-federal\/#article","isPartOf":{"@id":"http:\/\/elregionalvm.com.ar\/noticias-villa-maria\/rodriguez-larreta-presentara-manana-junto-a-gerardo-morales-y-gob-sus-propuestas-para-el-desarrollo-de-una-argentina-federal\/"},"author":{"name":"Contenidos El Regional","@id":"http:\/\/elregionalvm.com.ar\/noticias-villa-maria\/#\/schema\/person\/a0fb9c422317faca23d50163151bc354"},"headline":"Rodr\u00edguez Larreta presentar\u00e1 ma\u00f1ana sus propuestas para el desarrollo de una Argentina federal","datePublished":"2023-08-07T22:51:39+00:00","dateModified":"2023-08-08T02:19:11+00:00","mainEntityOfPage":{"@id":"http:\/\/elregionalvm.com.ar\/noticias-villa-maria\/rodriguez-larreta-presentara-manana-junto-a-gerardo-morales-y-gob-sus-propuestas-para-el-desarrollo-de-una-argentina-federal\/"},"wordCount":242,"commentCount":0,"image":{"@id":"http:\/\/elregionalvm.com.ar\/noticias-villa-maria\/rodriguez-larreta-presentara-manana-junto-a-gerardo-morales-y-gob-sus-propuestas-para-el-desarrollo-de-una-argentina-federal\/#primaryimage"},"thumbnailUrl":"https:\/\/i0.wp.com\/elregionalvm.com.ar\/noticias-villa-maria\/wp-content\/uploads\/2023\/02\/Larreta.jpg?fit=1200%2C675&ssl=1","articleSection":["Policiales","Sociedad"],"inLanguage":"es","potentialAction":[{"@type":"CommentAction","name":"Comment","target":["http:\/\/elregionalvm.com.ar\/noticias-villa-maria\/rodriguez-larreta-presentara-manana-junto-a-gerardo-morales-y-gob-sus-propuestas-para-el-desarrollo-de-una-argentina-federal\/#respond"]}]},{"@type":"WebPage","@id":"http:\/\/elregionalvm.com.ar\/noticias-villa-maria\/rodriguez-larreta-presentara-manana-junto-a-gerardo-morales-y-gob-sus-propuestas-para-el-desarrollo-de-una-argentina-federal\/","url":"http:\/\/elregionalvm.com.ar\/noticias-villa-maria\/rodriguez-larreta-presentara-manana-junto-a-gerardo-morales-y-gob-sus-propuestas-para-el-desarrollo-de-una-argentina-federal\/","name":"Rodr\u00edguez Larreta presentar\u00e1 ma\u00f1ana sus propuestas para el desarrollo de una Argentina federal - El Regional","isPartOf":{"@id":"http:\/\/elregionalvm.com.ar\/noticias-villa-maria\/#website"},"primaryImageOfPage":{"@id":"http:\/\/elregionalvm.com.ar\/noticias-villa-maria\/rodriguez-larreta-presentara-manana-junto-a-gerardo-morales-y-gob-sus-propuestas-para-el-desarrollo-de-una-argentina-federal\/#primaryimage"},"image":{"@id":"http:\/\/elregionalvm.com.ar\/noticias-villa-maria\/rodriguez-larreta-presentara-manana-junto-a-gerardo-morales-y-gob-sus-propuestas-para-el-desarrollo-de-una-argentina-federal\/#primaryimage"},"thumbnailUrl":"https:\/\/i0.wp.com\/elregionalvm.com.ar\/noticias-villa-maria\/wp-content\/uploads\/2023\/02\/Larreta.jpg?fit=1200%2C675&ssl=1","datePublished":"2023-08-07T22:51:39+00:00","dateModified":"2023-08-08T02:19:11+00:00","author":{"@id":"http:\/\/elregionalvm.com.ar\/noticias-villa-maria\/#\/schema\/person\/a0fb9c422317faca23d50163151bc354"},"breadcrumb":{"@id":"http:\/\/elregionalvm.com.ar\/noticias-villa-maria\/rodriguez-larreta-presentara-manana-junto-a-gerardo-morales-y-gob-sus-propuestas-para-el-desarrollo-de-una-argentina-federal\/#breadcrumb"},"inLanguage":"es","potentialAction":[{"@type":"ReadAction","target":["http:\/\/elregionalvm.com.ar\/noticias-villa-maria\/rodriguez-larreta-presentara-manana-junto-a-gerardo-morales-y-gob-sus-propuestas-para-el-desarrollo-de-una-argentina-federal\/"]}]},{"@type":"ImageObject","inLanguage":"es","@id":"http:\/\/elregionalvm.com.ar\/noticias-villa-maria\/rodriguez-larreta-presentara-manana-junto-a-gerardo-morales-y-gob-sus-propuestas-para-el-desarrollo-de-una-argentina-federal\/#primaryimage","url":"https:\/\/i0.wp.com\/elregionalvm.com.ar\/noticias-villa-maria\/wp-content\/uploads\/2023\/02\/Larreta.jpg?fit=1200%2C675&ssl=1","contentUrl":"https:\/\/i0.wp.com\/elregionalvm.com.ar\/noticias-villa-maria\/wp-content\/uploads\/2023\/02\/Larreta.jpg?fit=1200%2C675&ssl=1","width":1200,"height":675},{"@type":"BreadcrumbList","@id":"http:\/\/elregionalvm.com.ar\/noticias-villa-maria\/rodriguez-larreta-presentara-manana-junto-a-gerardo-morales-y-gob-sus-propuestas-para-el-desarrollo-de-una-argentina-federal\/#breadcrumb","itemListElement":[{"@type":"ListItem","position":1,"name":"Portada","item":"https:\/\/elregionalvm.com.ar\/noticias-villa-maria\/"},{"@type":"ListItem","position":2,"name":"Rodr\u00edguez Larreta presentar\u00e1 ma\u00f1ana sus propuestas para el desarrollo de una Argentina federal"}]},{"@type":"WebSite","@id":"http:\/\/elregionalvm.com.ar\/noticias-villa-maria\/#website","url":"http:\/\/elregionalvm.com.ar\/noticias-villa-maria\/","name":"El Regional","description":"Mucho m\u00e1s que informaci\u00f3n","potentialAction":[{"@type":"SearchAction","target":{"@type":"EntryPoint","urlTemplate":"http:\/\/elregionalvm.com.ar\/noticias-villa-maria\/?s={search_term_string}"},"query-input":{"@type":"PropertyValueSpecification","valueRequired":true,"valueName":"search_term_string"}}],"inLanguage":"es"},{"@type":"Person","@id":"http:\/\/elregionalvm.com.ar\/noticias-villa-maria\/#\/schema\/person\/a0fb9c422317faca23d50163151bc354","name":"Contenidos El Regional","image":{"@type":"ImageObject","inLanguage":"es","@id":"http:\/\/elregionalvm.com.ar\/noticias-villa-maria\/#\/schema\/person\/image\/","url":"https:\/\/secure.gravatar.com\/avatar\/265b27cb2209af7bb3a1318f03305787d7981a5cc6e6cd08fe5a4ecdf99d4b48?s=96&d=mm&r=g","contentUrl":"https:\/\/secure.gravatar.com\/avatar\/265b27cb2209af7bb3a1318f03305787d7981a5cc6e6cd08fe5a4ecdf99d4b48?s=96&d=mm&r=g","caption":"Contenidos El Regional"},"url":"https:\/\/elregionalvm.com.ar\/noticias-villa-maria\/author\/contenido\/"}]}},"jetpack_featured_media_url":"https:\/\/i0.wp.com\/elregionalvm.com.ar\/noticias-villa-maria\/wp-content\/uploads\/2023\/02\/Larreta.jpg?fit=1200%2C675&ssl=1","jetpack_sharing_enabled":true,"_links":{"self":[{"href":"https:\/\/elregionalvm.com.ar\/noticias-villa-maria\/wp-json\/wp\/v2\/posts\/80736","targetHints":{"allow":["GET"]}}],"collection":[{"href":"https:\/\/elregionalvm.com.ar\/noticias-villa-maria\/wp-json\/wp\/v2\/posts"}],"about":[{"href":"https:\/\/elregionalvm.com.ar\/noticias-villa-maria\/wp-json\/wp\/v2\/types\/post"}],"author":[{"embeddable":true,"href":"https:\/\/elregionalvm.com.ar\/noticias-villa-maria\/wp-json\/wp\/v2\/users\/4"}],"replies":[{"embeddable":true,"href":"https:\/\/elregionalvm.com.ar\/noticias-villa-maria\/wp-json\/wp\/v2\/comments?post=80736"}],"version-history":[{"count":2,"href":"https:\/\/elregionalvm.com.ar\/noticias-villa-maria\/wp-json\/wp\/v2\/posts\/80736\/revisions"}],"predecessor-version":[{"id":80747,"href":"https:\/\/elregionalvm.com.ar\/noticias-villa-maria\/wp-json\/wp\/v2\/posts\/80736\/revisions\/80747"}],"wp:featuredmedia":[{"embeddable":true,"href":"https:\/\/elregionalvm.com.ar\/noticias-villa-maria\/wp-json\/wp\/v2\/media\/71974"}],"wp:attachment":[{"href":"https:\/\/elregionalvm.com.ar\/noticias-villa-maria\/wp-json\/wp\/v2\/media?parent=80736"}],"wp:term":[{"taxonomy":"category","embeddable":true,"href":"https:\/\/elregionalvm.com.ar\/noticias-villa-maria\/wp-json\/wp\/v2\/categories?post=80736"},{"taxonomy":"post_tag","embeddable":true,"href":"https:\/\/elregionalvm.com.ar\/noticias-villa-maria\/wp-json\/wp\/v2\/tags?post=80736"}],"curies":[{"name":"wp","href":"https:\/\/api.w.org\/{rel}","templated":true}]}}