{"id":80748,"date":"2023-08-07T23:23:02","date_gmt":"2023-08-07T23:23:02","guid":{"rendered":"https:\/\/elregionalvm.com.ar\/noticias-villa-maria\/?p=80748"},"modified":"2023-08-07T23:25:37","modified_gmt":"2023-08-07T23:25:37","slug":"el-dia-del-nino-se-celebrara-con-un-gran-nineton","status":"publish","type":"post","link":"https:\/\/elregionalvm.com.ar\/noticias-villa-maria\/el-dia-del-nino-se-celebrara-con-un-gran-nineton\/","title":{"rendered":"El D\u00eda del Ni\u00f1o se celebrar\u00e1 con un gran Ni\u00f1et\u00f3n"},"content":{"rendered":"\n<p>Con gran expectativa, el municipio present\u00f3 una nueva edici\u00f3n del Ni\u00f1et\u00f3n, el evento infantil que llegar\u00e1 una vez m\u00e1s a la ciudad con motivo de celebrar el D\u00eda de las Infancias con una amplia y entretenida agenda de juegos y actividades. <\/p>\n\n\n\n<p>En di\u00e1logo con los medios, el jefe de Gabinete, H\u00e9ctor Mu\u00f1oz, junto al presidente del Ente Villa Mar\u00eda Deporte y Turismo, Sebasti\u00e1n Panero, brindaron detalles sobre la iniciativa libre y gratuita que tendr\u00e1 lugar el domingo 20 de agosto en el Sal\u00f3n de los Deportes, a partir de las 14:00 horas.<\/p>\n\n\n\n<p>Al tomar la palabra, Mu\u00f1oz se\u00f1al\u00f3: \u201cUna vez m\u00e1s, abrimos las puertas de nuestra ciudad a un evento pensado para disfrutar en familia, del cual podr\u00e1n ser parte chicos y chicas de todas las edades para compartir y festejar\u201d. <\/p>\n\n\n\n<figure class=\"wp-block-image size-large\"><img data-recalc-dims=\"1\" fetchpriority=\"high\" decoding=\"async\" width=\"1024\" height=\"1024\" src=\"https:\/\/i0.wp.com\/elregionalvm.com.ar\/noticias-villa-maria\/wp-content\/uploads\/2023\/08\/WhatsApp-Image-2023-08-07-at-14.27.32-1.jpeg?resize=1024%2C1024&#038;ssl=1\" alt=\"\" class=\"wp-image-80752\" srcset=\"https:\/\/i0.wp.com\/elregionalvm.com.ar\/noticias-villa-maria\/wp-content\/uploads\/2023\/08\/WhatsApp-Image-2023-08-07-at-14.27.32-1.jpeg?resize=1024%2C1024&amp;ssl=1 1024w, https:\/\/i0.wp.com\/elregionalvm.com.ar\/noticias-villa-maria\/wp-content\/uploads\/2023\/08\/WhatsApp-Image-2023-08-07-at-14.27.32-1.jpeg?resize=300%2C300&amp;ssl=1 300w, https:\/\/i0.wp.com\/elregionalvm.com.ar\/noticias-villa-maria\/wp-content\/uploads\/2023\/08\/WhatsApp-Image-2023-08-07-at-14.27.32-1.jpeg?resize=768%2C768&amp;ssl=1 768w, https:\/\/i0.wp.com\/elregionalvm.com.ar\/noticias-villa-maria\/wp-content\/uploads\/2023\/08\/WhatsApp-Image-2023-08-07-at-14.27.32-1.jpeg?w=1080&amp;ssl=1 1080w\" sizes=\"(max-width: 1000px) 100vw, 1000px\" \/><\/figure>\n\n\n\n<p>\u201cEn esta oportunidad, hemos concentrado en el predio de la Universidad Nacional de Villa Mar\u00eda (UNVM) distintas actividades que venimos desarrollando a lo largo del a\u00f1o y que en esta ocasi\u00f3n estar\u00e1n en un mismo lugar, al alcance de todos\u201d, apunt\u00f3.<\/p>\n\n\n\n<p>A su turno, la directora del Ente deportivo, Lucrecia Falco, precis\u00f3: \u201cTendremos la oportunidad de vivir una tarde a puro disfrute, como producto del trabajo conjunto entre las \u00e1reas de Inclusi\u00f3n, Cultura, Gobierno y Deporte\u201d. En este sentido, precis\u00f3 que \u201ccontaremos con la presencia de espect\u00e1culos musicales, propuestas deportivas y recreativas, como as\u00ed tambi\u00e9n con un circuito de karting y actividades de Educaci\u00f3n Vial que se desarrollar\u00e1n al aire libre, en inmediaciones del Sal\u00f3n\u201d.<\/p>\n\n\n\n<p>En esta l\u00ednea, la subcoordinadora de Programas Culturales del municipio, Virginia Reyneri, detall\u00f3 que a lo largo de la jornada los presentes podr\u00e1n formar parte de las m\u00faltiples iniciativas, entre las que se destacan juegos, espacios de arte y aprendizaje, actividades de rob\u00f3tica, espect\u00e1culos de baile y shows musicales. Adem\u00e1s, la Biblioteca Municipal y Popular Mariano Moreno se har\u00e1 presente con su propuesta de Campamento Literario, para que los m\u00e1s peque\u00f1os puedan sumergirse en el mundo de la lectura y la imaginaci\u00f3n con carpas, colchonetas y una fogata artificial.<\/p>\n\n\n\n<p>Asimismo, lo har\u00e1 Tecnoteca con muestras interactivas de Rob\u00f3tica y Astronom\u00eda que invitar\u00e1n a grandes y chicos a vivenciar la ciencia mediante experimentos y observaciones. Tambi\u00e9n, participar\u00e1n de la propuesta los Bomberos Voluntarios, quienes dictar\u00e1n el taller Quiero ser Bombero, para brindar sus ense\u00f1anzas y conocimientos a los m\u00e1s chicos.<\/p>\n\n\n\n<p>En este orden, junto a la Escuela de Circo del Programa Ser Arte y Parte, llegar\u00e1n espect\u00e1culos circenses que pintar\u00e1n de color y alegr\u00eda la tarde con malabares, acrobacias y parkour. <\/p>\n\n\n\n<p>En tanto, hacia el final de la jornada los presentes ser\u00e1n invitados a trasladarse al interior del edificio para disfrutar del cierre de la propuesta de la mano de los shows musicales de las agrupaciones locales Quinl\u00fa, que presentar\u00e1 \u201cEl achicador de toboganes\u201d, y Contame un Cuento.<\/p>\n\n\n\n<p>Es oportuno mencionar, que el evento contar\u00e1 con foodtrucks disponibles en el predio, donde tambi\u00e9n estar\u00e1 presente personal del Centro de Adopci\u00f3n Municipal (CAM) para fomentar la adopci\u00f3n responsable de mascotas. <\/p>\n\n\n\n<p>De esta manera, se busca generar pol\u00edticas de inclusi\u00f3n y recreaci\u00f3n, concibi\u00e9ndolas como parte fundamental de los derechos de los m\u00e1s peque\u00f1os de la ciudad.<\/p>\n\n\n\n<p>Cabe destacar que durante el d\u00eda del evento, el municipio pondr\u00e1 a disposici\u00f3n l\u00edneas de colectivo gratuitas destinadas al transporte de pasajeros hasta el predio de la Universidad Nacional de Villa Mar\u00eda (UNVM). <\/p>\n\n\n\n<p>En este sentido, quienes precisen hacer uso de este medio podr\u00e1n registrarse y consultar informaci\u00f3n en el MuniCerca m\u00e1s cercano a su domicilio.<\/p>\n","protected":false},"excerpt":{"rendered":"<p>Con gran expectativa, el municipio present\u00f3 una nueva edici\u00f3n del Ni\u00f1et\u00f3n, el evento infantil que llegar\u00e1 una vez m\u00e1s a la ciudad con motivo de celebrar el D\u00eda de las Infancias con una amplia y entretenida agenda de juegos y actividades. En di\u00e1logo con los medios, el jefe de Gabinete, H\u00e9ctor Mu\u00f1oz, junto al presidente [&hellip;]<\/p>\n","protected":false},"author":4,"featured_media":80749,"comment_status":"open","ping_status":"open","sticky":false,"template":"","format":"standard","meta":{"site-sidebar-layout":"default","site-content-layout":"","ast-site-content-layout":"default","site-content-style":"default","site-sidebar-style":"default","ast-global-header-display":"","ast-banner-title-visibility":"","ast-main-header-display":"","ast-hfb-above-header-display":"","ast-hfb-below-header-display":"","ast-hfb-mobile-header-display":"","site-post-title":"","ast-breadcrumbs-content":"","ast-featured-img":"","footer-sml-layout":"","ast-disable-related-posts":"","theme-transparent-header-meta":"","adv-header-id-meta":"","stick-header-meta":"","header-above-stick-meta":"","header-main-stick-meta":"","header-below-stick-meta":"","astra-migrate-meta-layouts":"default","ast-page-background-enabled":"default","ast-page-background-meta":{"desktop":{"background-color":"","background-image":"","background-repeat":"repeat","background-position":"center center","background-size":"auto","background-attachment":"scroll","background-type":"","background-media":"","overlay-type":"","overlay-color":"","overlay-opacity":"","overlay-gradient":""},"tablet":{"background-color":"","background-image":"","background-repeat":"repeat","background-position":"center center","background-size":"auto","background-attachment":"scroll","background-type":"","background-media":"","overlay-type":"","overlay-color":"","overlay-opacity":"","overlay-gradient":""},"mobile":{"background-color":"","background-image":"","background-repeat":"repeat","background-position":"center center","background-size":"auto","background-attachment":"scroll","background-type":"","background-media":"","overlay-type":"","overlay-color":"","overlay-opacity":"","overlay-gradient":""}},"ast-content-background-meta":{"desktop":{"background-color":"var(--ast-global-color-5)","background-image":"","background-repeat":"repeat","background-position":"center center","background-size":"auto","background-attachment":"scroll","background-type":"","background-media":"","overlay-type":"","overlay-color":"","overlay-opacity":"","overlay-gradient":""},"tablet":{"background-color":"var(--ast-global-color-5)","background-image":"","background-repeat":"repeat","background-position":"center center","background-size":"auto","background-attachment":"scroll","background-type":"","background-media":"","overlay-type":"","overlay-color":"","overlay-opacity":"","overlay-gradient":""},"mobile":{"background-color":"var(--ast-global-color-5)","background-image":"","background-repeat":"repeat","background-position":"center center","background-size":"auto","background-attachment":"scroll","background-type":"","background-media":"","overlay-type":"","overlay-color":"","overlay-opacity":"","overlay-gradient":""}},"_jetpack_memberships_contains_paid_content":false,"_joinchat":[],"footnotes":""},"categories":[2068,15302,5,2],"tags":[],"class_list":["post-80748","post","type-post","status-publish","format-standard","has-post-thumbnail","hentry","category-cultura-deporte","category-destacado","category-sociedad","category-villa-maria"],"yoast_head":"<!-- This site is optimized with the Yoast SEO plugin v26.8 - https:\/\/yoast.com\/product\/yoast-seo-wordpress\/ -->\n<title>El D\u00eda del Ni\u00f1o se celebrar\u00e1 con un gran Ni\u00f1et\u00f3n - El Regional<\/title>\n<meta name=\"robots\" content=\"index, follow, max-snippet:-1, max-image-preview:large, max-video-preview:-1\" \/>\n<link rel=\"canonical\" href=\"http:\/\/elregionalvm.com.ar\/noticias-villa-maria\/el-dia-del-nino-se-celebrara-con-un-gran-nineton\/\" \/>\n<meta property=\"og:locale\" content=\"es_ES\" \/>\n<meta property=\"og:type\" content=\"article\" \/>\n<meta property=\"og:title\" content=\"El D\u00eda del Ni\u00f1o se celebrar\u00e1 con un gran Ni\u00f1et\u00f3n - El Regional\" \/>\n<meta property=\"og:description\" content=\"Con gran expectativa, el municipio present\u00f3 una nueva edici\u00f3n del Ni\u00f1et\u00f3n, el evento infantil que llegar\u00e1 una vez m\u00e1s a la ciudad con motivo de celebrar el D\u00eda de las Infancias con una amplia y entretenida agenda de juegos y actividades. En di\u00e1logo con los medios, el jefe de Gabinete, H\u00e9ctor Mu\u00f1oz, junto al presidente [&hellip;]\" \/>\n<meta property=\"og:url\" content=\"http:\/\/elregionalvm.com.ar\/noticias-villa-maria\/el-dia-del-nino-se-celebrara-con-un-gran-nineton\/\" \/>\n<meta property=\"og:site_name\" content=\"El Regional\" \/>\n<meta property=\"article:publisher\" content=\"https:\/\/www.facebook.com\/elregionalvm\" \/>\n<meta property=\"article:published_time\" content=\"2023-08-07T23:23:02+00:00\" \/>\n<meta property=\"article:modified_time\" content=\"2023-08-07T23:25:37+00:00\" \/>\n<meta property=\"og:image\" content=\"http:\/\/elregionalvm.com.ar\/noticias-villa-maria\/wp-content\/uploads\/2023\/08\/WhatsApp-Image-2023-08-07-at-14.27.32.jpeg\" \/>\n\t<meta property=\"og:image:width\" content=\"1080\" \/>\n\t<meta property=\"og:image:height\" content=\"1080\" \/>\n\t<meta property=\"og:image:type\" content=\"image\/jpeg\" \/>\n<meta name=\"author\" content=\"Contenidos El Regional\" \/>\n<meta name=\"twitter:card\" content=\"summary_large_image\" \/>\n<meta name=\"twitter:creator\" content=\"@elregionalvm1\" \/>\n<meta name=\"twitter:site\" content=\"@elregionalvm1\" \/>\n<meta name=\"twitter:label1\" content=\"Escrito por\" \/>\n\t<meta name=\"twitter:data1\" content=\"Contenidos El Regional\" \/>\n\t<meta name=\"twitter:label2\" content=\"Tiempo de lectura\" \/>\n\t<meta name=\"twitter:data2\" content=\"3 minutos\" \/>\n<script type=\"application\/ld+json\" class=\"yoast-schema-graph\">{\"@context\":\"https:\/\/schema.org\",\"@graph\":[{\"@type\":\"Article\",\"@id\":\"http:\/\/elregionalvm.com.ar\/noticias-villa-maria\/el-dia-del-nino-se-celebrara-con-un-gran-nineton\/#article\",\"isPartOf\":{\"@id\":\"http:\/\/elregionalvm.com.ar\/noticias-villa-maria\/el-dia-del-nino-se-celebrara-con-un-gran-nineton\/\"},\"author\":{\"name\":\"Contenidos El Regional\",\"@id\":\"http:\/\/elregionalvm.com.ar\/noticias-villa-maria\/#\/schema\/person\/a0fb9c422317faca23d50163151bc354\"},\"headline\":\"El D\u00eda del Ni\u00f1o se celebrar\u00e1 con un gran Ni\u00f1et\u00f3n\",\"datePublished\":\"2023-08-07T23:23:02+00:00\",\"dateModified\":\"2023-08-07T23:25:37+00:00\",\"mainEntityOfPage\":{\"@id\":\"http:\/\/elregionalvm.com.ar\/noticias-villa-maria\/el-dia-del-nino-se-celebrara-con-un-gran-nineton\/\"},\"wordCount\":650,\"commentCount\":0,\"image\":{\"@id\":\"http:\/\/elregionalvm.com.ar\/noticias-villa-maria\/el-dia-del-nino-se-celebrara-con-un-gran-nineton\/#primaryimage\"},\"thumbnailUrl\":\"https:\/\/i0.wp.com\/elregionalvm.com.ar\/noticias-villa-maria\/wp-content\/uploads\/2023\/08\/WhatsApp-Image-2023-08-07-at-14.27.32.jpeg?fit=1080%2C1080&ssl=1\",\"articleSection\":[\"Cultura\",\"destacado\",\"Sociedad\",\"Villa Mar\u00eda\"],\"inLanguage\":\"es\",\"potentialAction\":[{\"@type\":\"CommentAction\",\"name\":\"Comment\",\"target\":[\"http:\/\/elregionalvm.com.ar\/noticias-villa-maria\/el-dia-del-nino-se-celebrara-con-un-gran-nineton\/#respond\"]}]},{\"@type\":\"WebPage\",\"@id\":\"http:\/\/elregionalvm.com.ar\/noticias-villa-maria\/el-dia-del-nino-se-celebrara-con-un-gran-nineton\/\",\"url\":\"http:\/\/elregionalvm.com.ar\/noticias-villa-maria\/el-dia-del-nino-se-celebrara-con-un-gran-nineton\/\",\"name\":\"El D\u00eda del Ni\u00f1o se celebrar\u00e1 con un gran Ni\u00f1et\u00f3n - El Regional\",\"isPartOf\":{\"@id\":\"http:\/\/elregionalvm.com.ar\/noticias-villa-maria\/#website\"},\"primaryImageOfPage\":{\"@id\":\"http:\/\/elregionalvm.com.ar\/noticias-villa-maria\/el-dia-del-nino-se-celebrara-con-un-gran-nineton\/#primaryimage\"},\"image\":{\"@id\":\"http:\/\/elregionalvm.com.ar\/noticias-villa-maria\/el-dia-del-nino-se-celebrara-con-un-gran-nineton\/#primaryimage\"},\"thumbnailUrl\":\"https:\/\/i0.wp.com\/elregionalvm.com.ar\/noticias-villa-maria\/wp-content\/uploads\/2023\/08\/WhatsApp-Image-2023-08-07-at-14.27.32.jpeg?fit=1080%2C1080&ssl=1\",\"datePublished\":\"2023-08-07T23:23:02+00:00\",\"dateModified\":\"2023-08-07T23:25:37+00:00\",\"author\":{\"@id\":\"http:\/\/elregionalvm.com.ar\/noticias-villa-maria\/#\/schema\/person\/a0fb9c422317faca23d50163151bc354\"},\"breadcrumb\":{\"@id\":\"http:\/\/elregionalvm.com.ar\/noticias-villa-maria\/el-dia-del-nino-se-celebrara-con-un-gran-nineton\/#breadcrumb\"},\"inLanguage\":\"es\",\"potentialAction\":[{\"@type\":\"ReadAction\",\"target\":[\"http:\/\/elregionalvm.com.ar\/noticias-villa-maria\/el-dia-del-nino-se-celebrara-con-un-gran-nineton\/\"]}]},{\"@type\":\"ImageObject\",\"inLanguage\":\"es\",\"@id\":\"http:\/\/elregionalvm.com.ar\/noticias-villa-maria\/el-dia-del-nino-se-celebrara-con-un-gran-nineton\/#primaryimage\",\"url\":\"https:\/\/i0.wp.com\/elregionalvm.com.ar\/noticias-villa-maria\/wp-content\/uploads\/2023\/08\/WhatsApp-Image-2023-08-07-at-14.27.32.jpeg?fit=1080%2C1080&ssl=1\",\"contentUrl\":\"https:\/\/i0.wp.com\/elregionalvm.com.ar\/noticias-villa-maria\/wp-content\/uploads\/2023\/08\/WhatsApp-Image-2023-08-07-at-14.27.32.jpeg?fit=1080%2C1080&ssl=1\",\"width\":1080,\"height\":1080},{\"@type\":\"BreadcrumbList\",\"@id\":\"http:\/\/elregionalvm.com.ar\/noticias-villa-maria\/el-dia-del-nino-se-celebrara-con-un-gran-nineton\/#breadcrumb\",\"itemListElement\":[{\"@type\":\"ListItem\",\"position\":1,\"name\":\"Portada\",\"item\":\"https:\/\/elregionalvm.com.ar\/noticias-villa-maria\/\"},{\"@type\":\"ListItem\",\"position\":2,\"name\":\"El D\u00eda del Ni\u00f1o se celebrar\u00e1 con un gran Ni\u00f1et\u00f3n\"}]},{\"@type\":\"WebSite\",\"@id\":\"http:\/\/elregionalvm.com.ar\/noticias-villa-maria\/#website\",\"url\":\"http:\/\/elregionalvm.com.ar\/noticias-villa-maria\/\",\"name\":\"El Regional\",\"description\":\"Mucho m\u00e1s que informaci\u00f3n\",\"potentialAction\":[{\"@type\":\"SearchAction\",\"target\":{\"@type\":\"EntryPoint\",\"urlTemplate\":\"http:\/\/elregionalvm.com.ar\/noticias-villa-maria\/?s={search_term_string}\"},\"query-input\":{\"@type\":\"PropertyValueSpecification\",\"valueRequired\":true,\"valueName\":\"search_term_string\"}}],\"inLanguage\":\"es\"},{\"@type\":\"Person\",\"@id\":\"http:\/\/elregionalvm.com.ar\/noticias-villa-maria\/#\/schema\/person\/a0fb9c422317faca23d50163151bc354\",\"name\":\"Contenidos El Regional\",\"image\":{\"@type\":\"ImageObject\",\"inLanguage\":\"es\",\"@id\":\"http:\/\/elregionalvm.com.ar\/noticias-villa-maria\/#\/schema\/person\/image\/\",\"url\":\"https:\/\/secure.gravatar.com\/avatar\/265b27cb2209af7bb3a1318f03305787d7981a5cc6e6cd08fe5a4ecdf99d4b48?s=96&d=mm&r=g\",\"contentUrl\":\"https:\/\/secure.gravatar.com\/avatar\/265b27cb2209af7bb3a1318f03305787d7981a5cc6e6cd08fe5a4ecdf99d4b48?s=96&d=mm&r=g\",\"caption\":\"Contenidos El Regional\"},\"url\":\"https:\/\/elregionalvm.com.ar\/noticias-villa-maria\/author\/contenido\/\"}]}<\/script>\n<!-- \/ Yoast SEO plugin. -->","yoast_head_json":{"title":"El D\u00eda del Ni\u00f1o se celebrar\u00e1 con un gran Ni\u00f1et\u00f3n - El Regional","robots":{"index":"index","follow":"follow","max-snippet":"max-snippet:-1","max-image-preview":"max-image-preview:large","max-video-preview":"max-video-preview:-1"},"canonical":"http:\/\/elregionalvm.com.ar\/noticias-villa-maria\/el-dia-del-nino-se-celebrara-con-un-gran-nineton\/","og_locale":"es_ES","og_type":"article","og_title":"El D\u00eda del Ni\u00f1o se celebrar\u00e1 con un gran Ni\u00f1et\u00f3n - El Regional","og_description":"Con gran expectativa, el municipio present\u00f3 una nueva edici\u00f3n del Ni\u00f1et\u00f3n, el evento infantil que llegar\u00e1 una vez m\u00e1s a la ciudad con motivo de celebrar el D\u00eda de las Infancias con una amplia y entretenida agenda de juegos y actividades. En di\u00e1logo con los medios, el jefe de Gabinete, H\u00e9ctor Mu\u00f1oz, junto al presidente [&hellip;]","og_url":"http:\/\/elregionalvm.com.ar\/noticias-villa-maria\/el-dia-del-nino-se-celebrara-con-un-gran-nineton\/","og_site_name":"El Regional","article_publisher":"https:\/\/www.facebook.com\/elregionalvm","article_published_time":"2023-08-07T23:23:02+00:00","article_modified_time":"2023-08-07T23:25:37+00:00","og_image":[{"width":1080,"height":1080,"url":"http:\/\/elregionalvm.com.ar\/noticias-villa-maria\/wp-content\/uploads\/2023\/08\/WhatsApp-Image-2023-08-07-at-14.27.32.jpeg","type":"image\/jpeg"}],"author":"Contenidos El Regional","twitter_card":"summary_large_image","twitter_creator":"@elregionalvm1","twitter_site":"@elregionalvm1","twitter_misc":{"Escrito por":"Contenidos El Regional","Tiempo de lectura":"3 minutos"},"schema":{"@context":"https:\/\/schema.org","@graph":[{"@type":"Article","@id":"http:\/\/elregionalvm.com.ar\/noticias-villa-maria\/el-dia-del-nino-se-celebrara-con-un-gran-nineton\/#article","isPartOf":{"@id":"http:\/\/elregionalvm.com.ar\/noticias-villa-maria\/el-dia-del-nino-se-celebrara-con-un-gran-nineton\/"},"author":{"name":"Contenidos El Regional","@id":"http:\/\/elregionalvm.com.ar\/noticias-villa-maria\/#\/schema\/person\/a0fb9c422317faca23d50163151bc354"},"headline":"El D\u00eda del Ni\u00f1o se celebrar\u00e1 con un gran Ni\u00f1et\u00f3n","datePublished":"2023-08-07T23:23:02+00:00","dateModified":"2023-08-07T23:25:37+00:00","mainEntityOfPage":{"@id":"http:\/\/elregionalvm.com.ar\/noticias-villa-maria\/el-dia-del-nino-se-celebrara-con-un-gran-nineton\/"},"wordCount":650,"commentCount":0,"image":{"@id":"http:\/\/elregionalvm.com.ar\/noticias-villa-maria\/el-dia-del-nino-se-celebrara-con-un-gran-nineton\/#primaryimage"},"thumbnailUrl":"https:\/\/i0.wp.com\/elregionalvm.com.ar\/noticias-villa-maria\/wp-content\/uploads\/2023\/08\/WhatsApp-Image-2023-08-07-at-14.27.32.jpeg?fit=1080%2C1080&ssl=1","articleSection":["Cultura","destacado","Sociedad","Villa Mar\u00eda"],"inLanguage":"es","potentialAction":[{"@type":"CommentAction","name":"Comment","target":["http:\/\/elregionalvm.com.ar\/noticias-villa-maria\/el-dia-del-nino-se-celebrara-con-un-gran-nineton\/#respond"]}]},{"@type":"WebPage","@id":"http:\/\/elregionalvm.com.ar\/noticias-villa-maria\/el-dia-del-nino-se-celebrara-con-un-gran-nineton\/","url":"http:\/\/elregionalvm.com.ar\/noticias-villa-maria\/el-dia-del-nino-se-celebrara-con-un-gran-nineton\/","name":"El D\u00eda del Ni\u00f1o se celebrar\u00e1 con un gran Ni\u00f1et\u00f3n - El Regional","isPartOf":{"@id":"http:\/\/elregionalvm.com.ar\/noticias-villa-maria\/#website"},"primaryImageOfPage":{"@id":"http:\/\/elregionalvm.com.ar\/noticias-villa-maria\/el-dia-del-nino-se-celebrara-con-un-gran-nineton\/#primaryimage"},"image":{"@id":"http:\/\/elregionalvm.com.ar\/noticias-villa-maria\/el-dia-del-nino-se-celebrara-con-un-gran-nineton\/#primaryimage"},"thumbnailUrl":"https:\/\/i0.wp.com\/elregionalvm.com.ar\/noticias-villa-maria\/wp-content\/uploads\/2023\/08\/WhatsApp-Image-2023-08-07-at-14.27.32.jpeg?fit=1080%2C1080&ssl=1","datePublished":"2023-08-07T23:23:02+00:00","dateModified":"2023-08-07T23:25:37+00:00","author":{"@id":"http:\/\/elregionalvm.com.ar\/noticias-villa-maria\/#\/schema\/person\/a0fb9c422317faca23d50163151bc354"},"breadcrumb":{"@id":"http:\/\/elregionalvm.com.ar\/noticias-villa-maria\/el-dia-del-nino-se-celebrara-con-un-gran-nineton\/#breadcrumb"},"inLanguage":"es","potentialAction":[{"@type":"ReadAction","target":["http:\/\/elregionalvm.com.ar\/noticias-villa-maria\/el-dia-del-nino-se-celebrara-con-un-gran-nineton\/"]}]},{"@type":"ImageObject","inLanguage":"es","@id":"http:\/\/elregionalvm.com.ar\/noticias-villa-maria\/el-dia-del-nino-se-celebrara-con-un-gran-nineton\/#primaryimage","url":"https:\/\/i0.wp.com\/elregionalvm.com.ar\/noticias-villa-maria\/wp-content\/uploads\/2023\/08\/WhatsApp-Image-2023-08-07-at-14.27.32.jpeg?fit=1080%2C1080&ssl=1","contentUrl":"https:\/\/i0.wp.com\/elregionalvm.com.ar\/noticias-villa-maria\/wp-content\/uploads\/2023\/08\/WhatsApp-Image-2023-08-07-at-14.27.32.jpeg?fit=1080%2C1080&ssl=1","width":1080,"height":1080},{"@type":"BreadcrumbList","@id":"http:\/\/elregionalvm.com.ar\/noticias-villa-maria\/el-dia-del-nino-se-celebrara-con-un-gran-nineton\/#breadcrumb","itemListElement":[{"@type":"ListItem","position":1,"name":"Portada","item":"https:\/\/elregionalvm.com.ar\/noticias-villa-maria\/"},{"@type":"ListItem","position":2,"name":"El D\u00eda del Ni\u00f1o se celebrar\u00e1 con un gran Ni\u00f1et\u00f3n"}]},{"@type":"WebSite","@id":"http:\/\/elregionalvm.com.ar\/noticias-villa-maria\/#website","url":"http:\/\/elregionalvm.com.ar\/noticias-villa-maria\/","name":"El Regional","description":"Mucho m\u00e1s que informaci\u00f3n","potentialAction":[{"@type":"SearchAction","target":{"@type":"EntryPoint","urlTemplate":"http:\/\/elregionalvm.com.ar\/noticias-villa-maria\/?s={search_term_string}"},"query-input":{"@type":"PropertyValueSpecification","valueRequired":true,"valueName":"search_term_string"}}],"inLanguage":"es"},{"@type":"Person","@id":"http:\/\/elregionalvm.com.ar\/noticias-villa-maria\/#\/schema\/person\/a0fb9c422317faca23d50163151bc354","name":"Contenidos El Regional","image":{"@type":"ImageObject","inLanguage":"es","@id":"http:\/\/elregionalvm.com.ar\/noticias-villa-maria\/#\/schema\/person\/image\/","url":"https:\/\/secure.gravatar.com\/avatar\/265b27cb2209af7bb3a1318f03305787d7981a5cc6e6cd08fe5a4ecdf99d4b48?s=96&d=mm&r=g","contentUrl":"https:\/\/secure.gravatar.com\/avatar\/265b27cb2209af7bb3a1318f03305787d7981a5cc6e6cd08fe5a4ecdf99d4b48?s=96&d=mm&r=g","caption":"Contenidos El Regional"},"url":"https:\/\/elregionalvm.com.ar\/noticias-villa-maria\/author\/contenido\/"}]}},"jetpack_featured_media_url":"https:\/\/i0.wp.com\/elregionalvm.com.ar\/noticias-villa-maria\/wp-content\/uploads\/2023\/08\/WhatsApp-Image-2023-08-07-at-14.27.32.jpeg?fit=1080%2C1080&ssl=1","jetpack_sharing_enabled":true,"_links":{"self":[{"href":"https:\/\/elregionalvm.com.ar\/noticias-villa-maria\/wp-json\/wp\/v2\/posts\/80748","targetHints":{"allow":["GET"]}}],"collection":[{"href":"https:\/\/elregionalvm.com.ar\/noticias-villa-maria\/wp-json\/wp\/v2\/posts"}],"about":[{"href":"https:\/\/elregionalvm.com.ar\/noticias-villa-maria\/wp-json\/wp\/v2\/types\/post"}],"author":[{"embeddable":true,"href":"https:\/\/elregionalvm.com.ar\/noticias-villa-maria\/wp-json\/wp\/v2\/users\/4"}],"replies":[{"embeddable":true,"href":"https:\/\/elregionalvm.com.ar\/noticias-villa-maria\/wp-json\/wp\/v2\/comments?post=80748"}],"version-history":[{"count":2,"href":"https:\/\/elregionalvm.com.ar\/noticias-villa-maria\/wp-json\/wp\/v2\/posts\/80748\/revisions"}],"predecessor-version":[{"id":80753,"href":"https:\/\/elregionalvm.com.ar\/noticias-villa-maria\/wp-json\/wp\/v2\/posts\/80748\/revisions\/80753"}],"wp:featuredmedia":[{"embeddable":true,"href":"https:\/\/elregionalvm.com.ar\/noticias-villa-maria\/wp-json\/wp\/v2\/media\/80749"}],"wp:attachment":[{"href":"https:\/\/elregionalvm.com.ar\/noticias-villa-maria\/wp-json\/wp\/v2\/media?parent=80748"}],"wp:term":[{"taxonomy":"category","embeddable":true,"href":"https:\/\/elregionalvm.com.ar\/noticias-villa-maria\/wp-json\/wp\/v2\/categories?post=80748"},{"taxonomy":"post_tag","embeddable":true,"href":"https:\/\/elregionalvm.com.ar\/noticias-villa-maria\/wp-json\/wp\/v2\/tags?post=80748"}],"curies":[{"name":"wp","href":"https:\/\/api.w.org\/{rel}","templated":true}]}}