{"id":80777,"date":"2023-08-08T17:44:06","date_gmt":"2023-08-08T17:44:06","guid":{"rendered":"https:\/\/elregionalvm.com.ar\/noticias-villa-maria\/?p=80777"},"modified":"2023-08-14T00:18:15","modified_gmt":"2023-08-14T00:18:15","slug":"a-quien-votamos-la-oposicion-confirma-candidatos-mientras-el-oficialismo-mantiene-el-misterio","status":"publish","type":"post","link":"https:\/\/elregionalvm.com.ar\/noticias-villa-maria\/a-quien-votamos-la-oposicion-confirma-candidatos-mientras-el-oficialismo-mantiene-el-misterio\/","title":{"rendered":"[\u00bfA qui\u00e9n votamos?] La oposici\u00f3n confirma candidatos, mientras el oficialismo mantiene el misterio"},"content":{"rendered":"\n<p><\/p>\n\n\n\n<h3 class=\"wp-block-heading\"><strong>Con dudas a\u00fan en el oficialismo, los candidatos opositores ya iniciaron el camino hacia el 1 de octubre. Si bien hay tiempo a\u00fan para registrar los nombres de los postulantes, ya se conoci\u00f3 el grupo de fuerzas que van a participar en la contienda y algunos candidatos a ocupar el sill\u00f3n principal del municipio. Hay tensiones, febriles negociaciones, consensos forzados o convenientes y algunos enigmas a develar.<\/strong><\/h3>\n\n\n\n<p><\/p>\n\n\n\n<p><strong>Escribe: Germ\u00e1n Giacchero<\/strong><\/p>\n\n\n\n<p><\/p>\n\n\n\n<p>El sucesor de Mart\u00edn Gill ser\u00e1 una inc\u00f3gnita hasta que las urnas impongan su veredicto final en la noche del domingo 1 de octubre.<\/p>\n\n\n\n<p>Mientras tanto, con algunas dosis de sospecha sobre qui\u00e9n podr\u00eda ser, contin\u00faa siendo un enigma el nombre del candidato del peronismo villamariense.<\/p>\n\n\n\n<p>La mayor parte de la oposici\u00f3n ya defini\u00f3 a sus \u201calfiles\u201d, aunque resta conocer alguno que otro que coquetea con lanzarse a la cancha, pero prefiere mantener cierto halo de misterio a poco menos de dos meses del D\u00eda D villamariense.<\/p>\n\n\n\n<p>En el men\u00fa de la oferta electoral aparecen algunos nombres conocidos y otros que se asoman por vez primera al dictamen del voto popular.<\/p>\n\n\n\n<p><\/p>\n\n\n\n<figure class=\"wp-block-image size-full is-resized\"><img data-recalc-dims=\"1\" fetchpriority=\"high\" decoding=\"async\" src=\"https:\/\/i0.wp.com\/elregionalvm.com.ar\/noticias-villa-maria\/wp-content\/uploads\/2021\/09\/Elecciones-colegio-nacional.jpg?resize=909%2C608&#038;ssl=1\" alt=\"\" class=\"wp-image-44601\" width=\"909\" height=\"608\" srcset=\"https:\/\/i0.wp.com\/elregionalvm.com.ar\/noticias-villa-maria\/wp-content\/uploads\/2021\/09\/Elecciones-colegio-nacional.jpg?w=800&amp;ssl=1 800w, https:\/\/i0.wp.com\/elregionalvm.com.ar\/noticias-villa-maria\/wp-content\/uploads\/2021\/09\/Elecciones-colegio-nacional.jpg?resize=300%2C201&amp;ssl=1 300w, https:\/\/i0.wp.com\/elregionalvm.com.ar\/noticias-villa-maria\/wp-content\/uploads\/2021\/09\/Elecciones-colegio-nacional.jpg?resize=768%2C514&amp;ssl=1 768w\" sizes=\"(max-width: 909px) 100vw, 909px\" \/><figcaption><em>M\u00e1s de 70 mil villamarienses estar\u00e1n habilitados para votar el 1 de octubre.<\/em><\/figcaption><\/figure>\n\n\n\n<p><\/p>\n\n\n\n<p>Resta camino por recorrer hasta el \u201cdomingo de la verdad\u201d, pero en pol\u00edtica se sabe que el reloj corre con agujas diferentes al del tiempo habitual. Un mes a veces es demasiado poco, mientras que en otras ocasiones un d\u00eda podr\u00eda convertirse en una eternidad de 24 horas.<\/p>\n\n\n\n<p>Recordemos que el per\u00edodo de oficializaci\u00f3n de listas y registros de candidatos caducar\u00e1 el viernes 1 de septiembre a la medianoche y que la Junta Electoral dispondr\u00e1 hasta el d\u00eda 6 de ese mes para dictar las resoluciones correspondientes.<\/p>\n\n\n\n<p>En fin, vamos a repasar algunas de las fuerzas pol\u00edticas y candidatos ya anotados en la competencia.<\/p>\n\n\n\n<p><strong>Hacemos Unidos por Villa Mar\u00eda<\/strong><\/p>\n\n\n\n<p>El intendente Mart\u00edn Gill, sin posibilidad de renovar mandato, confirm\u00f3 que el oficialismo competir\u00e1 bajo el sello de Hacemos Unidos por Villa Mar\u00eda, nominaci\u00f3n que llev\u00f3 a la gobernaci\u00f3n a Mart\u00edn Llaryora, por ejemplo.<\/p>\n\n\n\n<p>El elegido ya est\u00e1, pero a\u00fan no lo conocemos. El \u00faltimo fin de semana, Gill encabez\u00f3 un encuentro entre dirigentes \u201ctop\u201d, entre los cuales estar\u00eda presente el postulante ungido por esa mesa chica.<\/p>\n\n\n\n<p>Una mesa que, seg\u00fan algunos funcionarios de la actual gesti\u00f3n municipal, se repiti\u00f3 en otras ocasiones, pero que esta vez tom\u00f3 estado p\u00fablico por primera vez a partir de la difusi\u00f3n en las redes del propio intendente.<\/p>\n\n\n\n<p><\/p>\n\n\n\n<figure class=\"wp-block-image size-large\"><img data-recalc-dims=\"1\" decoding=\"async\" width=\"1024\" height=\"683\" src=\"https:\/\/i0.wp.com\/elregionalvm.com.ar\/noticias-villa-maria\/wp-content\/uploads\/2023\/08\/Gill-precandidatos-oficialismo-2023-mesa-chica.jpg?resize=1024%2C683&#038;ssl=1\" alt=\"\" class=\"wp-image-80796\" srcset=\"https:\/\/i0.wp.com\/elregionalvm.com.ar\/noticias-villa-maria\/wp-content\/uploads\/2023\/08\/Gill-precandidatos-oficialismo-2023-mesa-chica.jpg?resize=1024%2C683&amp;ssl=1 1024w, https:\/\/i0.wp.com\/elregionalvm.com.ar\/noticias-villa-maria\/wp-content\/uploads\/2023\/08\/Gill-precandidatos-oficialismo-2023-mesa-chica.jpg?resize=300%2C200&amp;ssl=1 300w, https:\/\/i0.wp.com\/elregionalvm.com.ar\/noticias-villa-maria\/wp-content\/uploads\/2023\/08\/Gill-precandidatos-oficialismo-2023-mesa-chica.jpg?resize=768%2C512&amp;ssl=1 768w, https:\/\/i0.wp.com\/elregionalvm.com.ar\/noticias-villa-maria\/wp-content\/uploads\/2023\/08\/Gill-precandidatos-oficialismo-2023-mesa-chica.jpg?w=1440&amp;ssl=1 1440w\" sizes=\"(max-width: 1000px) 100vw, 1000px\" \/><figcaption><em>Gill y la mesa chica donde se habr\u00eda definido el candidato oficialista. <\/em><\/figcaption><\/figure>\n\n\n\n<p><\/p>\n\n\n\n<p>La imagen apareci\u00f3 en un momento donde se habla de unidad y consenso en el peronismo villamariense para presentar un candidato potable, al tiempo que existen ciertas tensiones con el accastellismo.<\/p>\n\n\n\n<p>Entre los nombres que responden al gillismo, como los de Eduardo \u201cTati\u201d Rodr\u00edguez, Pablo Rosso, Nora Bedano, Rafael Sacchetto y Omar Regueira, estuvieron Jos\u00e9 Carignano y Marcos Bovo.<\/p>\n\n\n\n<p>En la foto no sali\u00f3 Eduardo Accastello, quien ya manifest\u00f3 su voluntad de ser el candidato y quien mide mejor en las encuestas seg\u00fan sus propias declaraciones. Por lo bajo, muchos dirigentes peronistas, lo se\u00f1alan como el mejor posicionado, aunque no comulguen del todo con su perspectiva.<\/p>\n\n\n\n<p>Su hombre de confianza en el Ministerio de Industria y Comercio, Juan Pablo Inglese, desisti\u00f3 de su postulaci\u00f3n y ponder\u00f3 las virtudes de su jefe pol\u00edtico. &nbsp;<\/p>\n\n\n\n<p>\u201cEl candidato que representa nuestro espacio y que sali\u00f3 de esa mesa deber\u00e1 sentarse a hablar con Accastello, del espacio Somos, para alcanzar un consenso\u201d, remarcaron dirigentes que estuvieron presentes en la ocasi\u00f3n.<\/p>\n\n\n\n<p>D\u00edas atr\u00e1s, la pareja de Acastello, la legisladora electa Ver\u00f3nica Navarro, dispar\u00f3 contra Bovo, luego de conocerse que inscribi\u00f3 una alianza para participar en las elecciones. \u00abSi Bovo quisiera ser candidato a intendente de Villa Mar\u00eda, deber\u00eda renunciar a su candidatura a diputado nacional. Creo que est\u00e1 cre\u00e1ndole una confusi\u00f3n a los vecinos\u00bb, destac\u00f3 Navarro.<\/p>\n\n\n\n<p>Unos d\u00edas antes, el propio gobernador Juan Schiaretti hab\u00eda asegurado que entre ellos deb\u00edan \u201carreglarse\u201d para elegir al mejor candidato.<\/p>\n\n\n\n<p><\/p>\n\n\n\n<figure class=\"wp-block-image size-large\"><img data-recalc-dims=\"1\" decoding=\"async\" width=\"1024\" height=\"683\" src=\"https:\/\/i0.wp.com\/elregionalvm.com.ar\/noticias-villa-maria\/wp-content\/uploads\/2023\/08\/Gill-Bovo-Accastello.jpg?resize=1024%2C683&#038;ssl=1\" alt=\"\" class=\"wp-image-80800\" srcset=\"https:\/\/i0.wp.com\/elregionalvm.com.ar\/noticias-villa-maria\/wp-content\/uploads\/2023\/08\/Gill-Bovo-Accastello.jpg?resize=1024%2C683&amp;ssl=1 1024w, https:\/\/i0.wp.com\/elregionalvm.com.ar\/noticias-villa-maria\/wp-content\/uploads\/2023\/08\/Gill-Bovo-Accastello.jpg?resize=300%2C200&amp;ssl=1 300w, https:\/\/i0.wp.com\/elregionalvm.com.ar\/noticias-villa-maria\/wp-content\/uploads\/2023\/08\/Gill-Bovo-Accastello.jpg?resize=768%2C512&amp;ssl=1 768w, https:\/\/i0.wp.com\/elregionalvm.com.ar\/noticias-villa-maria\/wp-content\/uploads\/2023\/08\/Gill-Bovo-Accastello.jpg?w=1192&amp;ssl=1 1192w\" sizes=\"(max-width: 1000px) 100vw, 1000px\" \/><figcaption><em>Gill no puede. Bovo quiere. Accastello, \u00bftambi\u00e9n? \u00bfY Bedano? <\/em><\/figcaption><\/figure>\n\n\n\n<p><\/p>\n\n\n\n<p>Un final a puro misterio para develar qui\u00e9n ser\u00e1 el candidato que tendr\u00e1 la tarea de lograr mantener la hegemon\u00eda peronista que data de hace 24 a\u00f1os, en un contexto electoral diferente al de los \u00faltimos 8 a\u00f1os.<\/p>\n\n\n\n<p>Luego de las PASO de este domingo 13 de agosto, se revelar\u00e1 el enigma. Aunque quiz\u00e1s el dicho popular nos anticipe algo: \u00abM\u00e1s vale viejo conocido que&#8230;\u00bb. <\/p>\n\n\n\n<p><strong>\u201cPrimero Villa Mar\u00eda\u201d<\/strong><\/p>\n\n\n\n<p>El secretario de Comunicaciones de la Provincia y titular de la organizaci\u00f3n Red Ciudadana, Marcos Bovo inscribi\u00f3 la alianza electoral \u201cPrimero Villa Mar\u00eda\u201d.<\/p>\n\n\n\n<p>La coalici\u00f3n est\u00e1 integrada por la Democracia Cristian y Acci\u00f3n Para el Cambio.<\/p>\n\n\n\n<p>El nombre de Bovo comenz\u00f3 a sonar con insistencia en los \u00faltimos d\u00edas como el posible hombre del consenso en el peronismo local. Aunque recibi\u00f3 algunas declaraciones en contra desde el accastellismo.<\/p>\n\n\n\n<p><strong>Juntos por el Cambio<\/strong><\/p>\n\n\n\n<p>Por vez primera, Juntos por el Cambio competir\u00e1 en una elecci\u00f3n municipal en Villa Mar\u00eda. Lo har\u00e1 con el acuerdo entre el radicalismo, el PRO, el Frente C\u00edvico, Primero la Gente, y Coalici\u00f3n C\u00edvica Ari.<\/p>\n\n\n\n<p>El candidato ser\u00e1 el legislador provincial Dar\u00edo Capitani, quien hace un tiempo ven\u00eda anunciando sus intenciones.<\/p>\n\n\n\n<p>Para que esto suceda declinaron sus precandidaturas el radical Felipe Botta y la exconcejala Gisele Machicado.<\/p>\n\n\n\n<p><\/p>\n\n\n\n<figure class=\"wp-block-image size-large\"><img data-recalc-dims=\"1\" loading=\"lazy\" decoding=\"async\" width=\"1024\" height=\"657\" src=\"https:\/\/i0.wp.com\/elregionalvm.com.ar\/noticias-villa-maria\/wp-content\/uploads\/2023\/08\/Capitani-y-Juntos-por-el-Cambio.jpg?resize=1024%2C657&#038;ssl=1\" alt=\"\" class=\"wp-image-80803\" srcset=\"https:\/\/i0.wp.com\/elregionalvm.com.ar\/noticias-villa-maria\/wp-content\/uploads\/2023\/08\/Capitani-y-Juntos-por-el-Cambio.jpg?resize=1024%2C657&amp;ssl=1 1024w, https:\/\/i0.wp.com\/elregionalvm.com.ar\/noticias-villa-maria\/wp-content\/uploads\/2023\/08\/Capitani-y-Juntos-por-el-Cambio.jpg?resize=300%2C193&amp;ssl=1 300w, https:\/\/i0.wp.com\/elregionalvm.com.ar\/noticias-villa-maria\/wp-content\/uploads\/2023\/08\/Capitani-y-Juntos-por-el-Cambio.jpg?resize=768%2C493&amp;ssl=1 768w, https:\/\/i0.wp.com\/elregionalvm.com.ar\/noticias-villa-maria\/wp-content\/uploads\/2023\/08\/Capitani-y-Juntos-por-el-Cambio.jpg?resize=1536%2C986&amp;ssl=1 1536w, https:\/\/i0.wp.com\/elregionalvm.com.ar\/noticias-villa-maria\/wp-content\/uploads\/2023\/08\/Capitani-y-Juntos-por-el-Cambio.jpg?w=1600&amp;ssl=1 1600w\" sizes=\"(max-width: 1000px) 100vw, 1000px\" \/><figcaption><em>Capitani y dirigentes que conforman Juntos por el Cambio. <\/em><\/figcaption><\/figure>\n\n\n\n<p><\/p>\n\n\n\n<p>Seg\u00fan se inform\u00f3, la fuerza cuenta con \u201cel total apoyo de referentes nacionales como Mauricio Macri, Elisa Carri\u00f3, Gerardo Morales, Mar\u00eda Eugenia Vidal, Horacio Rodr\u00edguez Larreta y Patricia Bullrich. Como as\u00ed tambi\u00e9n los provinciales Luis Juez, Rodrigo De Loredo, Mario Negri\u201d.<\/p>\n\n\n\n<p>Pero no todo fue paz y amor en el plano interno. Hubo heridas en la UCR y en el Frente C\u00edvico.<\/p>\n\n\n\n<p>Por el lado del radicalismo, un grupo de dirigentes impuls\u00f3 la candidatura a \u00faltimo momento de Braulio Zanotti, quien gobern\u00f3 la vecina Villa Nueva durante dos periodos. Entre ellos, figuran Gustavo Bustamante y Adri\u00e1n \u201cTati\u201d Cetra.<\/p>\n\n\n\n<p>Zanotti entreteji\u00f3 alianza con el abogado Guillermo Lorenzatti, del Frente C\u00edvico, cuya candidatura fue impulsada desde el principio por Jorge Valinotto.<\/p>\n\n\n\n<p>Y, a ra\u00edz del acuerdo con Capitani para sumar al partido a Juntos por el Cambio, el hist\u00f3rico dirigente renunci\u00f3 a la presidencia departamental del Frente C\u00edvico.<\/p>\n\n\n\n<p>Aunque a\u00fan no dieron a conocer qui\u00e9n ser\u00e1 el postulante principal de Cambia Villa Mar\u00eda, se prev\u00e9 que Zanotti resulte el elegido.<\/p>\n\n\n\n<p><strong>Cambia Villa Mar\u00eda<\/strong><\/p>\n\n\n\n<p>Como se mencion\u00f3 anteriormente, lideran este espacio el radical Braulio Zanotti y Guillermo Lorenzatti, del Frente C\u00edvico, en desacuerdo con la conformaci\u00f3n de Juntos por el Cambio en la ciudad, con el apoyo de los partidos de los cuales forman parte.<\/p>\n\n\n\n<p>La alianza se encuentra integrada por tres partidos, el Movimiento de Acci\u00f3n vecinal, el MID y Proyecto Joven.<\/p>\n\n\n\n<p><\/p>\n\n\n\n<figure class=\"wp-block-image size-full is-resized\"><img data-recalc-dims=\"1\" loading=\"lazy\" decoding=\"async\" src=\"https:\/\/i0.wp.com\/elregionalvm.com.ar\/noticias-villa-maria\/wp-content\/uploads\/2023\/08\/Zanotti-y-Lorenzatti.jpeg?resize=911%2C722&#038;ssl=1\" alt=\"\" class=\"wp-image-80804\" width=\"911\" height=\"722\" srcset=\"https:\/\/i0.wp.com\/elregionalvm.com.ar\/noticias-villa-maria\/wp-content\/uploads\/2023\/08\/Zanotti-y-Lorenzatti.jpeg?w=767&amp;ssl=1 767w, https:\/\/i0.wp.com\/elregionalvm.com.ar\/noticias-villa-maria\/wp-content\/uploads\/2023\/08\/Zanotti-y-Lorenzatti.jpeg?resize=300%2C238&amp;ssl=1 300w\" sizes=\"(max-width: 911px) 100vw, 911px\" \/><figcaption><em>Zanotti y Lorenzatti, un acuerdo por fuera de los sellos de la UCR y el Frente C\u00edvico. <\/em><\/figcaption><\/figure>\n\n\n\n<p><\/p>\n\n\n\n<p>Zanotti sostuvo en declaraciones a la prensa que la mayor parte de la UCR local acompa\u00f1a su propuesta y no la del sector alineado con Juntos por el Cambio, que cuenta entre sus filas a Felipe Botta y Cecilia Fern\u00e1ndez.<\/p>\n\n\n\n<p>A\u00fan no definieron qui\u00e9n ser\u00e1 el candidato a intendente, pero se descuenta que la responsabilidad recaer\u00e1 en el exintendente de Villa Nueva.<\/p>\n\n\n\n<p><strong>Uniendo Villa Mar\u00eda<\/strong><\/p>\n\n\n\n<p>Manuel \u201cManu\u201d Sosa fue el primero en lanzarse al ruedo. Bajo el sello Uniendo Villa Mar\u00eda, integrado por el Partido Villamariense y el Partido Dem\u00f3crata del distrito C\u00f3rdoba, Sosa intentar\u00e1 sumar votos para acceder a la Intendencia.<\/p>\n\n\n\n<p>Los vecinos deben \u201cpoder elegir a nuevos actores, que est\u00e9n alejados de esos dirigentes que hace m\u00e1s de 20 o 25 a\u00f1os est\u00e1n en uno u otro espacio pol\u00edtico, y que vienen saltando de un cargo al otro, pero que ya no representan a los vecinos\u201d, declar\u00f3 a los medios locales.<\/p>\n\n\n\n<p><\/p>\n\n\n\n<figure class=\"wp-block-image size-large\"><img data-recalc-dims=\"1\" loading=\"lazy\" decoding=\"async\" width=\"1024\" height=\"627\" src=\"https:\/\/i0.wp.com\/elregionalvm.com.ar\/noticias-villa-maria\/wp-content\/uploads\/2023\/02\/Manu-Sosa-mate-compu-frente.jpg?resize=1024%2C627&#038;ssl=1\" alt=\"\" class=\"wp-image-72274\" srcset=\"https:\/\/i0.wp.com\/elregionalvm.com.ar\/noticias-villa-maria\/wp-content\/uploads\/2023\/02\/Manu-Sosa-mate-compu-frente.jpg?resize=1024%2C627&amp;ssl=1 1024w, https:\/\/i0.wp.com\/elregionalvm.com.ar\/noticias-villa-maria\/wp-content\/uploads\/2023\/02\/Manu-Sosa-mate-compu-frente.jpg?resize=300%2C184&amp;ssl=1 300w, https:\/\/i0.wp.com\/elregionalvm.com.ar\/noticias-villa-maria\/wp-content\/uploads\/2023\/02\/Manu-Sosa-mate-compu-frente.jpg?resize=768%2C470&amp;ssl=1 768w, https:\/\/i0.wp.com\/elregionalvm.com.ar\/noticias-villa-maria\/wp-content\/uploads\/2023\/02\/Manu-Sosa-mate-compu-frente.jpg?w=1200&amp;ssl=1 1200w\" sizes=\"(max-width: 1000px) 100vw, 1000px\" \/><figcaption><em>Sosa, el primero en lanzar su candidatura en 2022.<\/em><\/figcaption><\/figure>\n\n\n\n<p><\/p>\n\n\n\n<p>Sosa present\u00f3 una serie de propuestas con las que busca diferenciarse del resto de los candidatos.<\/p>\n\n\n\n<p><strong>Frente Federal de Acci\u00f3n Solidaria<\/strong><\/p>\n\n\n\n<p>N\u00e9stor Mojica, presidente de la C\u00e1mara de Panaderos de Villa Mar\u00eda (Capavim) e integrante de la rama Radicales Aut\u00e9nticos se presentar\u00e1 por primera vez a competir en el plano local.<\/p>\n\n\n\n<p>Lo har\u00e1 bajo el sello del Frente Federal de Acci\u00f3n Solidaria.<\/p>\n\n\n\n<p>Mojica acompa\u00f1\u00f3 a Miryam Prunotto, la titular del sector de extracci\u00f3n radical que acompa\u00f1\u00f3 a Mart\u00edn Llaryora en las elecciones provinciales. La vicegobernadora electa ahora rechaza que el centenario partido la quiera expulsar de sus filas.<\/p>\n\n\n\n<p><\/p>\n\n\n\n<figure class=\"wp-block-image size-large\"><img data-recalc-dims=\"1\" loading=\"lazy\" decoding=\"async\" width=\"1024\" height=\"880\" src=\"https:\/\/i0.wp.com\/elregionalvm.com.ar\/noticias-villa-maria\/wp-content\/uploads\/2023\/08\/Nestor-Mojica.jpg?resize=1024%2C880&#038;ssl=1\" alt=\"\" class=\"wp-image-80806\"\/><figcaption><br><\/figcaption><\/figure>\n\n\n\n<p>En un primer momento, trascendi\u00f3 que podr\u00eda llegar a apoyar a alg\u00fan candidato del peronismo, pero decidi\u00f3 jug\u00e1rsela solo en la carrera hacia el Palacio municipal.<\/p>\n\n\n\n<p><\/p>\n\n\n\n<p><strong>Encuentro Democr\u00e1tico por la Libertad<\/strong><\/p>\n\n\n\n<p>Encuentro Vecinal C\u00f3rdoba, el partido de Aurelio Garc\u00eda Elorrio a nivel provincial, junto con la Uni\u00f3n de Centro Democr\u00e1tico (Ucede) conformaron en Villa Mar\u00eda la alianza Encuentro Democr\u00e1tico por la Libertad.<\/p>\n\n\n\n<figure class=\"wp-block-image size-full\"><img data-recalc-dims=\"1\" loading=\"lazy\" decoding=\"async\" width=\"972\" height=\"637\" src=\"https:\/\/i0.wp.com\/elregionalvm.com.ar\/noticias-villa-maria\/wp-content\/uploads\/2023\/08\/Alejandro-Lopez-2.jpg?resize=972%2C637&#038;ssl=1\" alt=\"\" class=\"wp-image-80811\" srcset=\"https:\/\/i0.wp.com\/elregionalvm.com.ar\/noticias-villa-maria\/wp-content\/uploads\/2023\/08\/Alejandro-Lopez-2.jpg?w=972&amp;ssl=1 972w, https:\/\/i0.wp.com\/elregionalvm.com.ar\/noticias-villa-maria\/wp-content\/uploads\/2023\/08\/Alejandro-Lopez-2.jpg?resize=300%2C197&amp;ssl=1 300w, https:\/\/i0.wp.com\/elregionalvm.com.ar\/noticias-villa-maria\/wp-content\/uploads\/2023\/08\/Alejandro-Lopez-2.jpg?resize=768%2C503&amp;ssl=1 768w\" sizes=\"(max-width: 972px) 100vw, 972px\" \/><figcaption><em>L\u00f3pez vuelve a presentarse en elecciones locales. <\/em><\/figcaption><\/figure>\n\n\n\n<p>La coalici\u00f3n impulsa la candidatura de Alejandro L\u00f3pez, quien ya se ha presentado en ocasiones anteriores a disputar la Intendencia.<\/p>\n\n\n\n<p><\/p>\n\n\n\n<p><strong>Frente de Izquierda Unidad<\/strong><\/p>\n\n\n\n<p>\u00abLa izquierda es la \u00fanica que les duele a los due\u00f1os del poder en Villa Mar\u00eda\u00bb, sostuvieron desde el Frente de Izquierda Unidad, fuerza que se presentar\u00e1 en los comicios del 1 de octubre.<\/p>\n\n\n\n<p>Entre sus referentes aparecen Nadia Brossard y N\u00e9stor Gea, del Movimiento Socialista de los Trabajadores (MST). \u00a0<\/p>\n\n\n\n<p><\/p>\n\n\n\n<figure class=\"wp-block-image size-full is-resized\"><img data-recalc-dims=\"1\" loading=\"lazy\" decoding=\"async\" src=\"https:\/\/i0.wp.com\/elregionalvm.com.ar\/noticias-villa-maria\/wp-content\/uploads\/2023\/08\/Nadia-Brossard-Juli-Di-Santi.jpg?resize=910%2C739&#038;ssl=1\" alt=\"\" class=\"wp-image-80815\" width=\"910\" height=\"739\" srcset=\"https:\/\/i0.wp.com\/elregionalvm.com.ar\/noticias-villa-maria\/wp-content\/uploads\/2023\/08\/Nadia-Brossard-Juli-Di-Santi.jpg?w=713&amp;ssl=1 713w, https:\/\/i0.wp.com\/elregionalvm.com.ar\/noticias-villa-maria\/wp-content\/uploads\/2023\/08\/Nadia-Brossard-Juli-Di-Santi.jpg?resize=300%2C244&amp;ssl=1 300w\" sizes=\"(max-width: 910px) 100vw, 910px\" \/><figcaption><em>Brossard (izquierda), dirigente del Frente de Izquierda en la ciudad. <\/em><\/figcaption><\/figure>\n\n\n\n<p><\/p>\n\n\n\n<p>\u201cSus listas estar\u00e1n compuestas por trabajadores y luchadores de reconocida trayectoria como mi compa\u00f1era Nadia Brossard, junto a otros referentes de las luchas de las mujeres y la juventud\u00bb, expresaron.<\/p>\n\n\n\n<p>\u00abEn Villa Mar\u00eda llevamos casi 25 a\u00f1os de un PJ de familia y amigos enriquecidos con la funci\u00f3n p\u00fablica que saltan de cargo en cargo y no se les conoce que hayan trabajado alguna vez. Siguen teniendo la complicidad de la falsa oposici\u00f3n local de UCR, PRO, Frente C\u00edvico\u00bb, dispararon.<\/p>\n\n\n\n<p>Hagan sus apuestas, pero voten con conciencia.<\/p>\n\n\n\n<p><\/p>\n\n\n\n<p><\/p>\n\n\n\n<h3 class=\"wp-block-heading\"><strong>Tambi\u00e9n pod\u00e9s ver: <\/strong><\/h3>\n\n\n\n<p><\/p>\n\n\n\n<p><\/p>\n\n\n\n<figure class=\"wp-block-embed is-type-wp-embed is-provider-el-regional wp-block-embed-el-regional\"><div class=\"wp-block-embed__wrapper\">\n<blockquote class=\"wp-embedded-content\" data-secret=\"BMeNIvhshf\"><a href=\"https:\/\/elregionalvm.com.ar\/noticias-villa-maria\/comunicado-de-la-junta-electoral-de-villa-maria-2\/\">Elecciones en Villa Mar\u00eda: Cu\u00e1nto pagan por ser presidente de mesa<\/a><\/blockquote><iframe class=\"wp-embedded-content\" sandbox=\"allow-scripts\" security=\"restricted\" style=\"position: absolute; clip: rect(1px, 1px, 1px, 1px);\" title=\"\u00abElecciones en Villa Mar\u00eda: Cu\u00e1nto pagan por ser presidente de mesa\u00bb \u2014 El Regional\" src=\"https:\/\/elregionalvm.com.ar\/noticias-villa-maria\/comunicado-de-la-junta-electoral-de-villa-maria-2\/embed\/#?secret=g8NXXg1MFL#?secret=BMeNIvhshf\" data-secret=\"BMeNIvhshf\" width=\"500\" height=\"282\" frameborder=\"0\" marginwidth=\"0\" marginheight=\"0\" scrolling=\"no\"><\/iframe>\n<\/div><\/figure>\n\n\n\n<p><\/p>\n","protected":false},"excerpt":{"rendered":"<p>Con dudas a\u00fan en el oficialismo, los candidatos opositores ya iniciaron el camino hacia el 1 de octubre. Si bien hay tiempo a\u00fan para registrar los nombres de los postulantes, ya se conoci\u00f3 el grupo de fuerzas que van a participar en la contienda y algunos candidatos a ocupar el sill\u00f3n principal del municipio. Hay [&hellip;]<\/p>\n","protected":false},"author":6,"featured_media":22039,"comment_status":"open","ping_status":"open","sticky":false,"template":"","format":"standard","meta":{"site-sidebar-layout":"default","site-content-layout":"","ast-site-content-layout":"default","site-content-style":"default","site-sidebar-style":"default","ast-global-header-display":"","ast-banner-title-visibility":"","ast-main-header-display":"","ast-hfb-above-header-display":"","ast-hfb-below-header-display":"","ast-hfb-mobile-header-display":"","site-post-title":"","ast-breadcrumbs-content":"","ast-featured-img":"","footer-sml-layout":"","ast-disable-related-posts":"","theme-transparent-header-meta":"","adv-header-id-meta":"","stick-header-meta":"","header-above-stick-meta":"","header-main-stick-meta":"","header-below-stick-meta":"","astra-migrate-meta-layouts":"default","ast-page-background-enabled":"default","ast-page-background-meta":{"desktop":{"background-color":"","background-image":"","background-repeat":"repeat","background-position":"center center","background-size":"auto","background-attachment":"scroll","background-type":"","background-media":"","overlay-type":"","overlay-color":"","overlay-opacity":"","overlay-gradient":""},"tablet":{"background-color":"","background-image":"","background-repeat":"repeat","background-position":"center center","background-size":"auto","background-attachment":"scroll","background-type":"","background-media":"","overlay-type":"","overlay-color":"","overlay-opacity":"","overlay-gradient":""},"mobile":{"background-color":"","background-image":"","background-repeat":"repeat","background-position":"center center","background-size":"auto","background-attachment":"scroll","background-type":"","background-media":"","overlay-type":"","overlay-color":"","overlay-opacity":"","overlay-gradient":""}},"ast-content-background-meta":{"desktop":{"background-color":"var(--ast-global-color-5)","background-image":"","background-repeat":"repeat","background-position":"center center","background-size":"auto","background-attachment":"scroll","background-type":"","background-media":"","overlay-type":"","overlay-color":"","overlay-opacity":"","overlay-gradient":""},"tablet":{"background-color":"var(--ast-global-color-5)","background-image":"","background-repeat":"repeat","background-position":"center center","background-size":"auto","background-attachment":"scroll","background-type":"","background-media":"","overlay-type":"","overlay-color":"","overlay-opacity":"","overlay-gradient":""},"mobile":{"background-color":"var(--ast-global-color-5)","background-image":"","background-repeat":"repeat","background-position":"center center","background-size":"auto","background-attachment":"scroll","background-type":"","background-media":"","overlay-type":"","overlay-color":"","overlay-opacity":"","overlay-gradient":""}},"_jetpack_memberships_contains_paid_content":false,"_joinchat":[],"footnotes":""},"categories":[2089,3557,2],"tags":[22723,22725,22726,579,22724,7141,9726,2038,268,16210,68,1125,697,110,10558],"class_list":["post-80777","post","type-post","status-publish","format-standard","has-post-thumbnail","hentry","category-politica","category-tercera","category-villa-maria","tag-1-de-octubre","tag-alianzas","tag-braulio-zanotti","tag-candidatos","tag-comicios","tag-consenso","tag-dario-capitani","tag-eduardo-accastello","tag-elecciones","tag-guillermo-lorenzatti","tag-intendente","tag-martin-gill","tag-ucr","tag-villamariense","tag-voto"],"yoast_head":"<!-- This site is optimized with the Yoast SEO plugin v26.8 - https:\/\/yoast.com\/product\/yoast-seo-wordpress\/ -->\n<title>[\u00bfA qui\u00e9n votamos?] La oposici\u00f3n confirma candidatos, mientras el oficialismo mantiene el misterio - El Regional<\/title>\n<meta name=\"robots\" content=\"index, follow, max-snippet:-1, max-image-preview:large, max-video-preview:-1\" \/>\n<link rel=\"canonical\" href=\"http:\/\/elregionalvm.com.ar\/noticias-villa-maria\/a-quien-votamos-la-oposicion-confirma-candidatos-mientras-el-oficialismo-mantiene-el-misterio\/\" \/>\n<meta property=\"og:locale\" content=\"es_ES\" \/>\n<meta property=\"og:type\" content=\"article\" \/>\n<meta property=\"og:title\" content=\"[\u00bfA qui\u00e9n votamos?] La oposici\u00f3n confirma candidatos, mientras el oficialismo mantiene el misterio - El Regional\" \/>\n<meta property=\"og:description\" content=\"Con dudas a\u00fan en el oficialismo, los candidatos opositores ya iniciaron el camino hacia el 1 de octubre. Si bien hay tiempo a\u00fan para registrar los nombres de los postulantes, ya se conoci\u00f3 el grupo de fuerzas que van a participar en la contienda y algunos candidatos a ocupar el sill\u00f3n principal del municipio. Hay [&hellip;]\" \/>\n<meta property=\"og:url\" content=\"http:\/\/elregionalvm.com.ar\/noticias-villa-maria\/a-quien-votamos-la-oposicion-confirma-candidatos-mientras-el-oficialismo-mantiene-el-misterio\/\" \/>\n<meta property=\"og:site_name\" content=\"El Regional\" \/>\n<meta property=\"article:publisher\" content=\"https:\/\/www.facebook.com\/elregionalvm\" \/>\n<meta property=\"article:published_time\" content=\"2023-08-08T17:44:06+00:00\" \/>\n<meta property=\"article:modified_time\" content=\"2023-08-14T00:18:15+00:00\" \/>\n<meta property=\"og:image\" content=\"http:\/\/elregionalvm.com.ar\/noticias-villa-maria\/wp-content\/uploads\/2020\/08\/Municipalidad-Villa-Mar\u00eda-1-e1691516610838.png\" \/>\n\t<meta property=\"og:image:width\" content=\"1200\" \/>\n\t<meta property=\"og:image:height\" content=\"705\" \/>\n\t<meta property=\"og:image:type\" content=\"image\/png\" \/>\n<meta name=\"author\" content=\"Germ\u00e1n Giacchero\" \/>\n<meta name=\"twitter:card\" content=\"summary_large_image\" \/>\n<meta name=\"twitter:creator\" content=\"@elregionalvm1\" \/>\n<meta name=\"twitter:site\" content=\"@elregionalvm1\" \/>\n<meta name=\"twitter:label1\" content=\"Escrito por\" \/>\n\t<meta name=\"twitter:data1\" content=\"Germ\u00e1n Giacchero\" \/>\n\t<meta name=\"twitter:label2\" content=\"Tiempo de lectura\" \/>\n\t<meta name=\"twitter:data2\" content=\"10 minutos\" \/>\n<script type=\"application\/ld+json\" class=\"yoast-schema-graph\">{\"@context\":\"https:\/\/schema.org\",\"@graph\":[{\"@type\":\"Article\",\"@id\":\"http:\/\/elregionalvm.com.ar\/noticias-villa-maria\/a-quien-votamos-la-oposicion-confirma-candidatos-mientras-el-oficialismo-mantiene-el-misterio\/#article\",\"isPartOf\":{\"@id\":\"http:\/\/elregionalvm.com.ar\/noticias-villa-maria\/a-quien-votamos-la-oposicion-confirma-candidatos-mientras-el-oficialismo-mantiene-el-misterio\/\"},\"author\":{\"name\":\"Germ\u00e1n Giacchero\",\"@id\":\"http:\/\/elregionalvm.com.ar\/noticias-villa-maria\/#\/schema\/person\/d5e4b04966154131701e52c45d3efec9\"},\"headline\":\"[\u00bfA qui\u00e9n votamos?] La oposici\u00f3n confirma candidatos, mientras el oficialismo mantiene el misterio\",\"datePublished\":\"2023-08-08T17:44:06+00:00\",\"dateModified\":\"2023-08-14T00:18:15+00:00\",\"mainEntityOfPage\":{\"@id\":\"http:\/\/elregionalvm.com.ar\/noticias-villa-maria\/a-quien-votamos-la-oposicion-confirma-candidatos-mientras-el-oficialismo-mantiene-el-misterio\/\"},\"wordCount\":1775,\"commentCount\":0,\"image\":{\"@id\":\"http:\/\/elregionalvm.com.ar\/noticias-villa-maria\/a-quien-votamos-la-oposicion-confirma-candidatos-mientras-el-oficialismo-mantiene-el-misterio\/#primaryimage\"},\"thumbnailUrl\":\"https:\/\/i0.wp.com\/elregionalvm.com.ar\/noticias-villa-maria\/wp-content\/uploads\/2020\/08\/Municipalidad-Villa-Mar%C3%ADa-1-e1691516610838.png?fit=1200%2C705&ssl=1\",\"keywords\":[\"1 de octubre\",\"alianzas\",\"Braulio Zanotti\",\"Candidatos\",\"comicios\",\"Consenso\",\"Dar\u00edo Capitani\",\"Eduardo Accastello\",\"elecciones\",\"Guillermo Lorenzatti\",\"intendente\",\"mart\u00edn gill\",\"UCR\",\"villamariense\",\"Voto\"],\"articleSection\":[\"Pol\u00edtica\",\"tercera\",\"Villa Mar\u00eda\"],\"inLanguage\":\"es\",\"potentialAction\":[{\"@type\":\"CommentAction\",\"name\":\"Comment\",\"target\":[\"http:\/\/elregionalvm.com.ar\/noticias-villa-maria\/a-quien-votamos-la-oposicion-confirma-candidatos-mientras-el-oficialismo-mantiene-el-misterio\/#respond\"]}]},{\"@type\":\"WebPage\",\"@id\":\"http:\/\/elregionalvm.com.ar\/noticias-villa-maria\/a-quien-votamos-la-oposicion-confirma-candidatos-mientras-el-oficialismo-mantiene-el-misterio\/\",\"url\":\"http:\/\/elregionalvm.com.ar\/noticias-villa-maria\/a-quien-votamos-la-oposicion-confirma-candidatos-mientras-el-oficialismo-mantiene-el-misterio\/\",\"name\":\"[\u00bfA qui\u00e9n votamos?] La oposici\u00f3n confirma candidatos, mientras el oficialismo mantiene el misterio - El Regional\",\"isPartOf\":{\"@id\":\"http:\/\/elregionalvm.com.ar\/noticias-villa-maria\/#website\"},\"primaryImageOfPage\":{\"@id\":\"http:\/\/elregionalvm.com.ar\/noticias-villa-maria\/a-quien-votamos-la-oposicion-confirma-candidatos-mientras-el-oficialismo-mantiene-el-misterio\/#primaryimage\"},\"image\":{\"@id\":\"http:\/\/elregionalvm.com.ar\/noticias-villa-maria\/a-quien-votamos-la-oposicion-confirma-candidatos-mientras-el-oficialismo-mantiene-el-misterio\/#primaryimage\"},\"thumbnailUrl\":\"https:\/\/i0.wp.com\/elregionalvm.com.ar\/noticias-villa-maria\/wp-content\/uploads\/2020\/08\/Municipalidad-Villa-Mar%C3%ADa-1-e1691516610838.png?fit=1200%2C705&ssl=1\",\"datePublished\":\"2023-08-08T17:44:06+00:00\",\"dateModified\":\"2023-08-14T00:18:15+00:00\",\"author\":{\"@id\":\"http:\/\/elregionalvm.com.ar\/noticias-villa-maria\/#\/schema\/person\/d5e4b04966154131701e52c45d3efec9\"},\"breadcrumb\":{\"@id\":\"http:\/\/elregionalvm.com.ar\/noticias-villa-maria\/a-quien-votamos-la-oposicion-confirma-candidatos-mientras-el-oficialismo-mantiene-el-misterio\/#breadcrumb\"},\"inLanguage\":\"es\",\"potentialAction\":[{\"@type\":\"ReadAction\",\"target\":[\"http:\/\/elregionalvm.com.ar\/noticias-villa-maria\/a-quien-votamos-la-oposicion-confirma-candidatos-mientras-el-oficialismo-mantiene-el-misterio\/\"]}]},{\"@type\":\"ImageObject\",\"inLanguage\":\"es\",\"@id\":\"http:\/\/elregionalvm.com.ar\/noticias-villa-maria\/a-quien-votamos-la-oposicion-confirma-candidatos-mientras-el-oficialismo-mantiene-el-misterio\/#primaryimage\",\"url\":\"https:\/\/i0.wp.com\/elregionalvm.com.ar\/noticias-villa-maria\/wp-content\/uploads\/2020\/08\/Municipalidad-Villa-Mar%C3%ADa-1-e1691516610838.png?fit=1200%2C705&ssl=1\",\"contentUrl\":\"https:\/\/i0.wp.com\/elregionalvm.com.ar\/noticias-villa-maria\/wp-content\/uploads\/2020\/08\/Municipalidad-Villa-Mar%C3%ADa-1-e1691516610838.png?fit=1200%2C705&ssl=1\",\"width\":1200,\"height\":705},{\"@type\":\"BreadcrumbList\",\"@id\":\"http:\/\/elregionalvm.com.ar\/noticias-villa-maria\/a-quien-votamos-la-oposicion-confirma-candidatos-mientras-el-oficialismo-mantiene-el-misterio\/#breadcrumb\",\"itemListElement\":[{\"@type\":\"ListItem\",\"position\":1,\"name\":\"Portada\",\"item\":\"https:\/\/elregionalvm.com.ar\/noticias-villa-maria\/\"},{\"@type\":\"ListItem\",\"position\":2,\"name\":\"[\u00bfA qui\u00e9n votamos?] La oposici\u00f3n confirma candidatos, mientras el oficialismo mantiene el misterio\"}]},{\"@type\":\"WebSite\",\"@id\":\"http:\/\/elregionalvm.com.ar\/noticias-villa-maria\/#website\",\"url\":\"http:\/\/elregionalvm.com.ar\/noticias-villa-maria\/\",\"name\":\"El Regional\",\"description\":\"Mucho m\u00e1s que informaci\u00f3n\",\"potentialAction\":[{\"@type\":\"SearchAction\",\"target\":{\"@type\":\"EntryPoint\",\"urlTemplate\":\"http:\/\/elregionalvm.com.ar\/noticias-villa-maria\/?s={search_term_string}\"},\"query-input\":{\"@type\":\"PropertyValueSpecification\",\"valueRequired\":true,\"valueName\":\"search_term_string\"}}],\"inLanguage\":\"es\"},{\"@type\":\"Person\",\"@id\":\"http:\/\/elregionalvm.com.ar\/noticias-villa-maria\/#\/schema\/person\/d5e4b04966154131701e52c45d3efec9\",\"name\":\"Germ\u00e1n Giacchero\",\"image\":{\"@type\":\"ImageObject\",\"inLanguage\":\"es\",\"@id\":\"http:\/\/elregionalvm.com.ar\/noticias-villa-maria\/#\/schema\/person\/image\/\",\"url\":\"https:\/\/secure.gravatar.com\/avatar\/fda163ba5ef0307ee5be9846e10f83b6e83d0cfb260d3b2464830318894c6b04?s=96&d=mm&r=g\",\"contentUrl\":\"https:\/\/secure.gravatar.com\/avatar\/fda163ba5ef0307ee5be9846e10f83b6e83d0cfb260d3b2464830318894c6b04?s=96&d=mm&r=g\",\"caption\":\"Germ\u00e1n Giacchero\"},\"url\":\"https:\/\/elregionalvm.com.ar\/noticias-villa-maria\/author\/germangiacchero\/\"}]}<\/script>\n<!-- \/ Yoast SEO plugin. -->","yoast_head_json":{"title":"[\u00bfA qui\u00e9n votamos?] La oposici\u00f3n confirma candidatos, mientras el oficialismo mantiene el misterio - El Regional","robots":{"index":"index","follow":"follow","max-snippet":"max-snippet:-1","max-image-preview":"max-image-preview:large","max-video-preview":"max-video-preview:-1"},"canonical":"http:\/\/elregionalvm.com.ar\/noticias-villa-maria\/a-quien-votamos-la-oposicion-confirma-candidatos-mientras-el-oficialismo-mantiene-el-misterio\/","og_locale":"es_ES","og_type":"article","og_title":"[\u00bfA qui\u00e9n votamos?] La oposici\u00f3n confirma candidatos, mientras el oficialismo mantiene el misterio - El Regional","og_description":"Con dudas a\u00fan en el oficialismo, los candidatos opositores ya iniciaron el camino hacia el 1 de octubre. Si bien hay tiempo a\u00fan para registrar los nombres de los postulantes, ya se conoci\u00f3 el grupo de fuerzas que van a participar en la contienda y algunos candidatos a ocupar el sill\u00f3n principal del municipio. Hay [&hellip;]","og_url":"http:\/\/elregionalvm.com.ar\/noticias-villa-maria\/a-quien-votamos-la-oposicion-confirma-candidatos-mientras-el-oficialismo-mantiene-el-misterio\/","og_site_name":"El Regional","article_publisher":"https:\/\/www.facebook.com\/elregionalvm","article_published_time":"2023-08-08T17:44:06+00:00","article_modified_time":"2023-08-14T00:18:15+00:00","og_image":[{"width":1200,"height":705,"url":"http:\/\/elregionalvm.com.ar\/noticias-villa-maria\/wp-content\/uploads\/2020\/08\/Municipalidad-Villa-Mar\u00eda-1-e1691516610838.png","type":"image\/png"}],"author":"Germ\u00e1n Giacchero","twitter_card":"summary_large_image","twitter_creator":"@elregionalvm1","twitter_site":"@elregionalvm1","twitter_misc":{"Escrito por":"Germ\u00e1n Giacchero","Tiempo de lectura":"10 minutos"},"schema":{"@context":"https:\/\/schema.org","@graph":[{"@type":"Article","@id":"http:\/\/elregionalvm.com.ar\/noticias-villa-maria\/a-quien-votamos-la-oposicion-confirma-candidatos-mientras-el-oficialismo-mantiene-el-misterio\/#article","isPartOf":{"@id":"http:\/\/elregionalvm.com.ar\/noticias-villa-maria\/a-quien-votamos-la-oposicion-confirma-candidatos-mientras-el-oficialismo-mantiene-el-misterio\/"},"author":{"name":"Germ\u00e1n Giacchero","@id":"http:\/\/elregionalvm.com.ar\/noticias-villa-maria\/#\/schema\/person\/d5e4b04966154131701e52c45d3efec9"},"headline":"[\u00bfA qui\u00e9n votamos?] La oposici\u00f3n confirma candidatos, mientras el oficialismo mantiene el misterio","datePublished":"2023-08-08T17:44:06+00:00","dateModified":"2023-08-14T00:18:15+00:00","mainEntityOfPage":{"@id":"http:\/\/elregionalvm.com.ar\/noticias-villa-maria\/a-quien-votamos-la-oposicion-confirma-candidatos-mientras-el-oficialismo-mantiene-el-misterio\/"},"wordCount":1775,"commentCount":0,"image":{"@id":"http:\/\/elregionalvm.com.ar\/noticias-villa-maria\/a-quien-votamos-la-oposicion-confirma-candidatos-mientras-el-oficialismo-mantiene-el-misterio\/#primaryimage"},"thumbnailUrl":"https:\/\/i0.wp.com\/elregionalvm.com.ar\/noticias-villa-maria\/wp-content\/uploads\/2020\/08\/Municipalidad-Villa-Mar%C3%ADa-1-e1691516610838.png?fit=1200%2C705&ssl=1","keywords":["1 de octubre","alianzas","Braulio Zanotti","Candidatos","comicios","Consenso","Dar\u00edo Capitani","Eduardo Accastello","elecciones","Guillermo Lorenzatti","intendente","mart\u00edn gill","UCR","villamariense","Voto"],"articleSection":["Pol\u00edtica","tercera","Villa Mar\u00eda"],"inLanguage":"es","potentialAction":[{"@type":"CommentAction","name":"Comment","target":["http:\/\/elregionalvm.com.ar\/noticias-villa-maria\/a-quien-votamos-la-oposicion-confirma-candidatos-mientras-el-oficialismo-mantiene-el-misterio\/#respond"]}]},{"@type":"WebPage","@id":"http:\/\/elregionalvm.com.ar\/noticias-villa-maria\/a-quien-votamos-la-oposicion-confirma-candidatos-mientras-el-oficialismo-mantiene-el-misterio\/","url":"http:\/\/elregionalvm.com.ar\/noticias-villa-maria\/a-quien-votamos-la-oposicion-confirma-candidatos-mientras-el-oficialismo-mantiene-el-misterio\/","name":"[\u00bfA qui\u00e9n votamos?] La oposici\u00f3n confirma candidatos, mientras el oficialismo mantiene el misterio - El Regional","isPartOf":{"@id":"http:\/\/elregionalvm.com.ar\/noticias-villa-maria\/#website"},"primaryImageOfPage":{"@id":"http:\/\/elregionalvm.com.ar\/noticias-villa-maria\/a-quien-votamos-la-oposicion-confirma-candidatos-mientras-el-oficialismo-mantiene-el-misterio\/#primaryimage"},"image":{"@id":"http:\/\/elregionalvm.com.ar\/noticias-villa-maria\/a-quien-votamos-la-oposicion-confirma-candidatos-mientras-el-oficialismo-mantiene-el-misterio\/#primaryimage"},"thumbnailUrl":"https:\/\/i0.wp.com\/elregionalvm.com.ar\/noticias-villa-maria\/wp-content\/uploads\/2020\/08\/Municipalidad-Villa-Mar%C3%ADa-1-e1691516610838.png?fit=1200%2C705&ssl=1","datePublished":"2023-08-08T17:44:06+00:00","dateModified":"2023-08-14T00:18:15+00:00","author":{"@id":"http:\/\/elregionalvm.com.ar\/noticias-villa-maria\/#\/schema\/person\/d5e4b04966154131701e52c45d3efec9"},"breadcrumb":{"@id":"http:\/\/elregionalvm.com.ar\/noticias-villa-maria\/a-quien-votamos-la-oposicion-confirma-candidatos-mientras-el-oficialismo-mantiene-el-misterio\/#breadcrumb"},"inLanguage":"es","potentialAction":[{"@type":"ReadAction","target":["http:\/\/elregionalvm.com.ar\/noticias-villa-maria\/a-quien-votamos-la-oposicion-confirma-candidatos-mientras-el-oficialismo-mantiene-el-misterio\/"]}]},{"@type":"ImageObject","inLanguage":"es","@id":"http:\/\/elregionalvm.com.ar\/noticias-villa-maria\/a-quien-votamos-la-oposicion-confirma-candidatos-mientras-el-oficialismo-mantiene-el-misterio\/#primaryimage","url":"https:\/\/i0.wp.com\/elregionalvm.com.ar\/noticias-villa-maria\/wp-content\/uploads\/2020\/08\/Municipalidad-Villa-Mar%C3%ADa-1-e1691516610838.png?fit=1200%2C705&ssl=1","contentUrl":"https:\/\/i0.wp.com\/elregionalvm.com.ar\/noticias-villa-maria\/wp-content\/uploads\/2020\/08\/Municipalidad-Villa-Mar%C3%ADa-1-e1691516610838.png?fit=1200%2C705&ssl=1","width":1200,"height":705},{"@type":"BreadcrumbList","@id":"http:\/\/elregionalvm.com.ar\/noticias-villa-maria\/a-quien-votamos-la-oposicion-confirma-candidatos-mientras-el-oficialismo-mantiene-el-misterio\/#breadcrumb","itemListElement":[{"@type":"ListItem","position":1,"name":"Portada","item":"https:\/\/elregionalvm.com.ar\/noticias-villa-maria\/"},{"@type":"ListItem","position":2,"name":"[\u00bfA qui\u00e9n votamos?] La oposici\u00f3n confirma candidatos, mientras el oficialismo mantiene el misterio"}]},{"@type":"WebSite","@id":"http:\/\/elregionalvm.com.ar\/noticias-villa-maria\/#website","url":"http:\/\/elregionalvm.com.ar\/noticias-villa-maria\/","name":"El Regional","description":"Mucho m\u00e1s que informaci\u00f3n","potentialAction":[{"@type":"SearchAction","target":{"@type":"EntryPoint","urlTemplate":"http:\/\/elregionalvm.com.ar\/noticias-villa-maria\/?s={search_term_string}"},"query-input":{"@type":"PropertyValueSpecification","valueRequired":true,"valueName":"search_term_string"}}],"inLanguage":"es"},{"@type":"Person","@id":"http:\/\/elregionalvm.com.ar\/noticias-villa-maria\/#\/schema\/person\/d5e4b04966154131701e52c45d3efec9","name":"Germ\u00e1n Giacchero","image":{"@type":"ImageObject","inLanguage":"es","@id":"http:\/\/elregionalvm.com.ar\/noticias-villa-maria\/#\/schema\/person\/image\/","url":"https:\/\/secure.gravatar.com\/avatar\/fda163ba5ef0307ee5be9846e10f83b6e83d0cfb260d3b2464830318894c6b04?s=96&d=mm&r=g","contentUrl":"https:\/\/secure.gravatar.com\/avatar\/fda163ba5ef0307ee5be9846e10f83b6e83d0cfb260d3b2464830318894c6b04?s=96&d=mm&r=g","caption":"Germ\u00e1n Giacchero"},"url":"https:\/\/elregionalvm.com.ar\/noticias-villa-maria\/author\/germangiacchero\/"}]}},"jetpack_featured_media_url":"https:\/\/i0.wp.com\/elregionalvm.com.ar\/noticias-villa-maria\/wp-content\/uploads\/2020\/08\/Municipalidad-Villa-Mar%C3%ADa-1-e1691516610838.png?fit=1200%2C705&ssl=1","jetpack_sharing_enabled":true,"_links":{"self":[{"href":"https:\/\/elregionalvm.com.ar\/noticias-villa-maria\/wp-json\/wp\/v2\/posts\/80777","targetHints":{"allow":["GET"]}}],"collection":[{"href":"https:\/\/elregionalvm.com.ar\/noticias-villa-maria\/wp-json\/wp\/v2\/posts"}],"about":[{"href":"https:\/\/elregionalvm.com.ar\/noticias-villa-maria\/wp-json\/wp\/v2\/types\/post"}],"author":[{"embeddable":true,"href":"https:\/\/elregionalvm.com.ar\/noticias-villa-maria\/wp-json\/wp\/v2\/users\/6"}],"replies":[{"embeddable":true,"href":"https:\/\/elregionalvm.com.ar\/noticias-villa-maria\/wp-json\/wp\/v2\/comments?post=80777"}],"version-history":[{"count":12,"href":"https:\/\/elregionalvm.com.ar\/noticias-villa-maria\/wp-json\/wp\/v2\/posts\/80777\/revisions"}],"predecessor-version":[{"id":80938,"href":"https:\/\/elregionalvm.com.ar\/noticias-villa-maria\/wp-json\/wp\/v2\/posts\/80777\/revisions\/80938"}],"wp:featuredmedia":[{"embeddable":true,"href":"https:\/\/elregionalvm.com.ar\/noticias-villa-maria\/wp-json\/wp\/v2\/media\/22039"}],"wp:attachment":[{"href":"https:\/\/elregionalvm.com.ar\/noticias-villa-maria\/wp-json\/wp\/v2\/media?parent=80777"}],"wp:term":[{"taxonomy":"category","embeddable":true,"href":"https:\/\/elregionalvm.com.ar\/noticias-villa-maria\/wp-json\/wp\/v2\/categories?post=80777"},{"taxonomy":"post_tag","embeddable":true,"href":"https:\/\/elregionalvm.com.ar\/noticias-villa-maria\/wp-json\/wp\/v2\/tags?post=80777"}],"curies":[{"name":"wp","href":"https:\/\/api.w.org\/{rel}","templated":true}]}}