{"id":80954,"date":"2023-08-11T20:44:03","date_gmt":"2023-08-11T20:44:03","guid":{"rendered":"https:\/\/elregionalvm.com.ar\/noticias-villa-maria\/?p=80954"},"modified":"2023-08-11T20:44:05","modified_gmt":"2023-08-11T20:44:05","slug":"estudiantes-de-una-institucion-educativa-de-bell-ville-estuvieron-en-el-pilt","status":"publish","type":"post","link":"https:\/\/elregionalvm.com.ar\/noticias-villa-maria\/estudiantes-de-una-institucion-educativa-de-bell-ville-estuvieron-en-el-pilt\/","title":{"rendered":"Estudiantes de una instituci\u00f3n educativa de Bell Ville estuvieron en el PILT"},"content":{"rendered":"\n<p><em>Se trata de IPET N\u00b0 87 Robertina Moyano de Sastre. Alumnos de 6\u00b0 y 7\u00b0 a\u00f1o se informaron sobre las actividades del Parque y visitaron una empresa.<\/em><\/p>\n\n\n\n<p>Continuando con las visitas que de manera cotidiana distintas instituciones realizan al Parque Industrial, Log\u00edstico y Tecnol\u00f3gico Villa Mar\u00eda (PILT), d\u00edas pasados estuvo en el Ente una delegaci\u00f3n de estudiantes de 6\u00b0 y 7\u00b0 a\u00f1o del Instituto Provincial de Educaci\u00f3n T\u00e9cnica (IPET) N\u00b0 87 Robertina Moyano de Sastre, de la localidad de Bell Ville.<\/p>\n\n\n\n<p>En la oportunidad, los alumnos fueron recibidos por el gerente de la entidad, Lic. Carlos Montoto Galiano, y colaboradores. En el sal\u00f3n de usos m\u00faltiples el directivo coment\u00f3 a los presentes las actividades que realizan y la infraestructura con que cuenta el predio para el desarrollo industrial. Tambi\u00e9n se informaron sobre las empresas que forman parte y los proyectos que est\u00e1n en marcha.<\/p>\n\n\n\n<p>Posteriormente los estudiantes visitaron la empresa Bolicrok, firma que inici\u00f3 actividades en el a\u00f1o 2004, dedic\u00e1ndose a la elaboraci\u00f3n de snacks de alta calidad. All\u00ed pudieron visualizar los distintos procesos que llevan a cabo para agregar valor a la producci\u00f3n primaria.<\/p>\n\n\n\n<p><strong>Promoci\u00f3n industrial<\/strong><\/p>\n\n\n\n<p>Por otra parte, el pr\u00f3ximo jueves 17 de agosto, a partir de las 11:00 hs., funcionarios del Ministerio de Industria, Comercio y Miner\u00eda de la Provincia concretar\u00e1n una jornada informativa con empresarios en el PILT sobre los alcances de la nueva Ley de Promoci\u00f3n Industrial N\u00b0 10.792.<\/p>\n","protected":false},"excerpt":{"rendered":"<p>Se trata de IPET N\u00b0 87 Robertina Moyano de Sastre. Alumnos de 6\u00b0 y 7\u00b0 a\u00f1o se informaron sobre las actividades del Parque y visitaron una empresa. Continuando con las visitas que de manera cotidiana distintas instituciones realizan al Parque Industrial, Log\u00edstico y Tecnol\u00f3gico Villa Mar\u00eda (PILT), d\u00edas pasados estuvo en el Ente una delegaci\u00f3n [&hellip;]<\/p>\n","protected":false},"author":4,"featured_media":80955,"comment_status":"open","ping_status":"open","sticky":false,"template":"","format":"standard","meta":{"site-sidebar-layout":"default","site-content-layout":"","ast-site-content-layout":"default","site-content-style":"default","site-sidebar-style":"default","ast-global-header-display":"","ast-banner-title-visibility":"","ast-main-header-display":"","ast-hfb-above-header-display":"","ast-hfb-below-header-display":"","ast-hfb-mobile-header-display":"","site-post-title":"","ast-breadcrumbs-content":"","ast-featured-img":"","footer-sml-layout":"","ast-disable-related-posts":"","theme-transparent-header-meta":"","adv-header-id-meta":"","stick-header-meta":"","header-above-stick-meta":"","header-main-stick-meta":"","header-below-stick-meta":"","astra-migrate-meta-layouts":"default","ast-page-background-enabled":"default","ast-page-background-meta":{"desktop":{"background-color":"","background-image":"","background-repeat":"repeat","background-position":"center center","background-size":"auto","background-attachment":"scroll","background-type":"","background-media":"","overlay-type":"","overlay-color":"","overlay-opacity":"","overlay-gradient":""},"tablet":{"background-color":"","background-image":"","background-repeat":"repeat","background-position":"center center","background-size":"auto","background-attachment":"scroll","background-type":"","background-media":"","overlay-type":"","overlay-color":"","overlay-opacity":"","overlay-gradient":""},"mobile":{"background-color":"","background-image":"","background-repeat":"repeat","background-position":"center center","background-size":"auto","background-attachment":"scroll","background-type":"","background-media":"","overlay-type":"","overlay-color":"","overlay-opacity":"","overlay-gradient":""}},"ast-content-background-meta":{"desktop":{"background-color":"var(--ast-global-color-5)","background-image":"","background-repeat":"repeat","background-position":"center center","background-size":"auto","background-attachment":"scroll","background-type":"","background-media":"","overlay-type":"","overlay-color":"","overlay-opacity":"","overlay-gradient":""},"tablet":{"background-color":"var(--ast-global-color-5)","background-image":"","background-repeat":"repeat","background-position":"center center","background-size":"auto","background-attachment":"scroll","background-type":"","background-media":"","overlay-type":"","overlay-color":"","overlay-opacity":"","overlay-gradient":""},"mobile":{"background-color":"var(--ast-global-color-5)","background-image":"","background-repeat":"repeat","background-position":"center center","background-size":"auto","background-attachment":"scroll","background-type":"","background-media":"","overlay-type":"","overlay-color":"","overlay-opacity":"","overlay-gradient":""}},"_jetpack_memberships_contains_paid_content":false,"_joinchat":[],"footnotes":""},"categories":[15302,2091,5,2],"tags":[],"class_list":["post-80954","post","type-post","status-publish","format-standard","has-post-thumbnail","hentry","category-destacado","category-region","category-sociedad","category-villa-maria"],"yoast_head":"<!-- This site is optimized with the Yoast SEO plugin v26.8 - https:\/\/yoast.com\/product\/yoast-seo-wordpress\/ -->\n<title>Estudiantes de una instituci\u00f3n educativa de Bell Ville estuvieron en el PILT - El Regional<\/title>\n<meta name=\"robots\" content=\"index, follow, max-snippet:-1, max-image-preview:large, max-video-preview:-1\" \/>\n<link rel=\"canonical\" href=\"http:\/\/elregionalvm.com.ar\/noticias-villa-maria\/estudiantes-de-una-institucion-educativa-de-bell-ville-estuvieron-en-el-pilt\/\" \/>\n<meta property=\"og:locale\" content=\"es_ES\" \/>\n<meta property=\"og:type\" content=\"article\" \/>\n<meta property=\"og:title\" content=\"Estudiantes de una instituci\u00f3n educativa de Bell Ville estuvieron en el PILT - El Regional\" \/>\n<meta property=\"og:description\" content=\"Se trata de IPET N\u00b0 87 Robertina Moyano de Sastre. Alumnos de 6\u00b0 y 7\u00b0 a\u00f1o se informaron sobre las actividades del Parque y visitaron una empresa. Continuando con las visitas que de manera cotidiana distintas instituciones realizan al Parque Industrial, Log\u00edstico y Tecnol\u00f3gico Villa Mar\u00eda (PILT), d\u00edas pasados estuvo en el Ente una delegaci\u00f3n [&hellip;]\" \/>\n<meta property=\"og:url\" content=\"http:\/\/elregionalvm.com.ar\/noticias-villa-maria\/estudiantes-de-una-institucion-educativa-de-bell-ville-estuvieron-en-el-pilt\/\" \/>\n<meta property=\"og:site_name\" content=\"El Regional\" \/>\n<meta property=\"article:publisher\" content=\"https:\/\/www.facebook.com\/elregionalvm\" \/>\n<meta property=\"article:published_time\" content=\"2023-08-11T20:44:03+00:00\" \/>\n<meta property=\"article:modified_time\" content=\"2023-08-11T20:44:05+00:00\" \/>\n<meta property=\"og:image\" content=\"http:\/\/elregionalvm.com.ar\/noticias-villa-maria\/wp-content\/uploads\/2023\/08\/WhatsApp-Image-2023-08-11-at-12.09.03.jpeg\" \/>\n\t<meta property=\"og:image:width\" content=\"1600\" \/>\n\t<meta property=\"og:image:height\" content=\"1200\" \/>\n\t<meta property=\"og:image:type\" content=\"image\/jpeg\" \/>\n<meta name=\"author\" content=\"Contenidos El Regional\" \/>\n<meta name=\"twitter:card\" content=\"summary_large_image\" \/>\n<meta name=\"twitter:creator\" content=\"@elregionalvm1\" \/>\n<meta name=\"twitter:site\" content=\"@elregionalvm1\" \/>\n<meta name=\"twitter:label1\" content=\"Escrito por\" \/>\n\t<meta name=\"twitter:data1\" content=\"Contenidos El Regional\" \/>\n\t<meta name=\"twitter:label2\" content=\"Tiempo de lectura\" \/>\n\t<meta name=\"twitter:data2\" content=\"2 minutos\" \/>\n<script type=\"application\/ld+json\" class=\"yoast-schema-graph\">{\"@context\":\"https:\/\/schema.org\",\"@graph\":[{\"@type\":\"Article\",\"@id\":\"http:\/\/elregionalvm.com.ar\/noticias-villa-maria\/estudiantes-de-una-institucion-educativa-de-bell-ville-estuvieron-en-el-pilt\/#article\",\"isPartOf\":{\"@id\":\"http:\/\/elregionalvm.com.ar\/noticias-villa-maria\/estudiantes-de-una-institucion-educativa-de-bell-ville-estuvieron-en-el-pilt\/\"},\"author\":{\"name\":\"Contenidos El Regional\",\"@id\":\"http:\/\/elregionalvm.com.ar\/noticias-villa-maria\/#\/schema\/person\/a0fb9c422317faca23d50163151bc354\"},\"headline\":\"Estudiantes de una instituci\u00f3n educativa de Bell Ville estuvieron en el PILT\",\"datePublished\":\"2023-08-11T20:44:03+00:00\",\"dateModified\":\"2023-08-11T20:44:05+00:00\",\"mainEntityOfPage\":{\"@id\":\"http:\/\/elregionalvm.com.ar\/noticias-villa-maria\/estudiantes-de-una-institucion-educativa-de-bell-ville-estuvieron-en-el-pilt\/\"},\"wordCount\":259,\"commentCount\":0,\"image\":{\"@id\":\"http:\/\/elregionalvm.com.ar\/noticias-villa-maria\/estudiantes-de-una-institucion-educativa-de-bell-ville-estuvieron-en-el-pilt\/#primaryimage\"},\"thumbnailUrl\":\"https:\/\/i0.wp.com\/elregionalvm.com.ar\/noticias-villa-maria\/wp-content\/uploads\/2023\/08\/WhatsApp-Image-2023-08-11-at-12.09.03.jpeg?fit=1600%2C1200&ssl=1\",\"articleSection\":[\"destacado\",\"Regi\u00f3n\",\"Sociedad\",\"Villa Mar\u00eda\"],\"inLanguage\":\"es\",\"potentialAction\":[{\"@type\":\"CommentAction\",\"name\":\"Comment\",\"target\":[\"http:\/\/elregionalvm.com.ar\/noticias-villa-maria\/estudiantes-de-una-institucion-educativa-de-bell-ville-estuvieron-en-el-pilt\/#respond\"]}]},{\"@type\":\"WebPage\",\"@id\":\"http:\/\/elregionalvm.com.ar\/noticias-villa-maria\/estudiantes-de-una-institucion-educativa-de-bell-ville-estuvieron-en-el-pilt\/\",\"url\":\"http:\/\/elregionalvm.com.ar\/noticias-villa-maria\/estudiantes-de-una-institucion-educativa-de-bell-ville-estuvieron-en-el-pilt\/\",\"name\":\"Estudiantes de una instituci\u00f3n educativa de Bell Ville estuvieron en el PILT - El Regional\",\"isPartOf\":{\"@id\":\"http:\/\/elregionalvm.com.ar\/noticias-villa-maria\/#website\"},\"primaryImageOfPage\":{\"@id\":\"http:\/\/elregionalvm.com.ar\/noticias-villa-maria\/estudiantes-de-una-institucion-educativa-de-bell-ville-estuvieron-en-el-pilt\/#primaryimage\"},\"image\":{\"@id\":\"http:\/\/elregionalvm.com.ar\/noticias-villa-maria\/estudiantes-de-una-institucion-educativa-de-bell-ville-estuvieron-en-el-pilt\/#primaryimage\"},\"thumbnailUrl\":\"https:\/\/i0.wp.com\/elregionalvm.com.ar\/noticias-villa-maria\/wp-content\/uploads\/2023\/08\/WhatsApp-Image-2023-08-11-at-12.09.03.jpeg?fit=1600%2C1200&ssl=1\",\"datePublished\":\"2023-08-11T20:44:03+00:00\",\"dateModified\":\"2023-08-11T20:44:05+00:00\",\"author\":{\"@id\":\"http:\/\/elregionalvm.com.ar\/noticias-villa-maria\/#\/schema\/person\/a0fb9c422317faca23d50163151bc354\"},\"breadcrumb\":{\"@id\":\"http:\/\/elregionalvm.com.ar\/noticias-villa-maria\/estudiantes-de-una-institucion-educativa-de-bell-ville-estuvieron-en-el-pilt\/#breadcrumb\"},\"inLanguage\":\"es\",\"potentialAction\":[{\"@type\":\"ReadAction\",\"target\":[\"http:\/\/elregionalvm.com.ar\/noticias-villa-maria\/estudiantes-de-una-institucion-educativa-de-bell-ville-estuvieron-en-el-pilt\/\"]}]},{\"@type\":\"ImageObject\",\"inLanguage\":\"es\",\"@id\":\"http:\/\/elregionalvm.com.ar\/noticias-villa-maria\/estudiantes-de-una-institucion-educativa-de-bell-ville-estuvieron-en-el-pilt\/#primaryimage\",\"url\":\"https:\/\/i0.wp.com\/elregionalvm.com.ar\/noticias-villa-maria\/wp-content\/uploads\/2023\/08\/WhatsApp-Image-2023-08-11-at-12.09.03.jpeg?fit=1600%2C1200&ssl=1\",\"contentUrl\":\"https:\/\/i0.wp.com\/elregionalvm.com.ar\/noticias-villa-maria\/wp-content\/uploads\/2023\/08\/WhatsApp-Image-2023-08-11-at-12.09.03.jpeg?fit=1600%2C1200&ssl=1\",\"width\":1600,\"height\":1200},{\"@type\":\"BreadcrumbList\",\"@id\":\"http:\/\/elregionalvm.com.ar\/noticias-villa-maria\/estudiantes-de-una-institucion-educativa-de-bell-ville-estuvieron-en-el-pilt\/#breadcrumb\",\"itemListElement\":[{\"@type\":\"ListItem\",\"position\":1,\"name\":\"Portada\",\"item\":\"https:\/\/elregionalvm.com.ar\/noticias-villa-maria\/\"},{\"@type\":\"ListItem\",\"position\":2,\"name\":\"Estudiantes de una instituci\u00f3n educativa de Bell Ville estuvieron en el PILT\"}]},{\"@type\":\"WebSite\",\"@id\":\"http:\/\/elregionalvm.com.ar\/noticias-villa-maria\/#website\",\"url\":\"http:\/\/elregionalvm.com.ar\/noticias-villa-maria\/\",\"name\":\"El Regional\",\"description\":\"Mucho m\u00e1s que informaci\u00f3n\",\"potentialAction\":[{\"@type\":\"SearchAction\",\"target\":{\"@type\":\"EntryPoint\",\"urlTemplate\":\"http:\/\/elregionalvm.com.ar\/noticias-villa-maria\/?s={search_term_string}\"},\"query-input\":{\"@type\":\"PropertyValueSpecification\",\"valueRequired\":true,\"valueName\":\"search_term_string\"}}],\"inLanguage\":\"es\"},{\"@type\":\"Person\",\"@id\":\"http:\/\/elregionalvm.com.ar\/noticias-villa-maria\/#\/schema\/person\/a0fb9c422317faca23d50163151bc354\",\"name\":\"Contenidos El Regional\",\"image\":{\"@type\":\"ImageObject\",\"inLanguage\":\"es\",\"@id\":\"http:\/\/elregionalvm.com.ar\/noticias-villa-maria\/#\/schema\/person\/image\/\",\"url\":\"https:\/\/secure.gravatar.com\/avatar\/265b27cb2209af7bb3a1318f03305787d7981a5cc6e6cd08fe5a4ecdf99d4b48?s=96&d=mm&r=g\",\"contentUrl\":\"https:\/\/secure.gravatar.com\/avatar\/265b27cb2209af7bb3a1318f03305787d7981a5cc6e6cd08fe5a4ecdf99d4b48?s=96&d=mm&r=g\",\"caption\":\"Contenidos El Regional\"},\"url\":\"https:\/\/elregionalvm.com.ar\/noticias-villa-maria\/author\/contenido\/\"}]}<\/script>\n<!-- \/ Yoast SEO plugin. -->","yoast_head_json":{"title":"Estudiantes de una instituci\u00f3n educativa de Bell Ville estuvieron en el PILT - El Regional","robots":{"index":"index","follow":"follow","max-snippet":"max-snippet:-1","max-image-preview":"max-image-preview:large","max-video-preview":"max-video-preview:-1"},"canonical":"http:\/\/elregionalvm.com.ar\/noticias-villa-maria\/estudiantes-de-una-institucion-educativa-de-bell-ville-estuvieron-en-el-pilt\/","og_locale":"es_ES","og_type":"article","og_title":"Estudiantes de una instituci\u00f3n educativa de Bell Ville estuvieron en el PILT - El Regional","og_description":"Se trata de IPET N\u00b0 87 Robertina Moyano de Sastre. Alumnos de 6\u00b0 y 7\u00b0 a\u00f1o se informaron sobre las actividades del Parque y visitaron una empresa. Continuando con las visitas que de manera cotidiana distintas instituciones realizan al Parque Industrial, Log\u00edstico y Tecnol\u00f3gico Villa Mar\u00eda (PILT), d\u00edas pasados estuvo en el Ente una delegaci\u00f3n [&hellip;]","og_url":"http:\/\/elregionalvm.com.ar\/noticias-villa-maria\/estudiantes-de-una-institucion-educativa-de-bell-ville-estuvieron-en-el-pilt\/","og_site_name":"El Regional","article_publisher":"https:\/\/www.facebook.com\/elregionalvm","article_published_time":"2023-08-11T20:44:03+00:00","article_modified_time":"2023-08-11T20:44:05+00:00","og_image":[{"width":1600,"height":1200,"url":"http:\/\/elregionalvm.com.ar\/noticias-villa-maria\/wp-content\/uploads\/2023\/08\/WhatsApp-Image-2023-08-11-at-12.09.03.jpeg","type":"image\/jpeg"}],"author":"Contenidos El Regional","twitter_card":"summary_large_image","twitter_creator":"@elregionalvm1","twitter_site":"@elregionalvm1","twitter_misc":{"Escrito por":"Contenidos El Regional","Tiempo de lectura":"2 minutos"},"schema":{"@context":"https:\/\/schema.org","@graph":[{"@type":"Article","@id":"http:\/\/elregionalvm.com.ar\/noticias-villa-maria\/estudiantes-de-una-institucion-educativa-de-bell-ville-estuvieron-en-el-pilt\/#article","isPartOf":{"@id":"http:\/\/elregionalvm.com.ar\/noticias-villa-maria\/estudiantes-de-una-institucion-educativa-de-bell-ville-estuvieron-en-el-pilt\/"},"author":{"name":"Contenidos El Regional","@id":"http:\/\/elregionalvm.com.ar\/noticias-villa-maria\/#\/schema\/person\/a0fb9c422317faca23d50163151bc354"},"headline":"Estudiantes de una instituci\u00f3n educativa de Bell Ville estuvieron en el PILT","datePublished":"2023-08-11T20:44:03+00:00","dateModified":"2023-08-11T20:44:05+00:00","mainEntityOfPage":{"@id":"http:\/\/elregionalvm.com.ar\/noticias-villa-maria\/estudiantes-de-una-institucion-educativa-de-bell-ville-estuvieron-en-el-pilt\/"},"wordCount":259,"commentCount":0,"image":{"@id":"http:\/\/elregionalvm.com.ar\/noticias-villa-maria\/estudiantes-de-una-institucion-educativa-de-bell-ville-estuvieron-en-el-pilt\/#primaryimage"},"thumbnailUrl":"https:\/\/i0.wp.com\/elregionalvm.com.ar\/noticias-villa-maria\/wp-content\/uploads\/2023\/08\/WhatsApp-Image-2023-08-11-at-12.09.03.jpeg?fit=1600%2C1200&ssl=1","articleSection":["destacado","Regi\u00f3n","Sociedad","Villa Mar\u00eda"],"inLanguage":"es","potentialAction":[{"@type":"CommentAction","name":"Comment","target":["http:\/\/elregionalvm.com.ar\/noticias-villa-maria\/estudiantes-de-una-institucion-educativa-de-bell-ville-estuvieron-en-el-pilt\/#respond"]}]},{"@type":"WebPage","@id":"http:\/\/elregionalvm.com.ar\/noticias-villa-maria\/estudiantes-de-una-institucion-educativa-de-bell-ville-estuvieron-en-el-pilt\/","url":"http:\/\/elregionalvm.com.ar\/noticias-villa-maria\/estudiantes-de-una-institucion-educativa-de-bell-ville-estuvieron-en-el-pilt\/","name":"Estudiantes de una instituci\u00f3n educativa de Bell Ville estuvieron en el PILT - El Regional","isPartOf":{"@id":"http:\/\/elregionalvm.com.ar\/noticias-villa-maria\/#website"},"primaryImageOfPage":{"@id":"http:\/\/elregionalvm.com.ar\/noticias-villa-maria\/estudiantes-de-una-institucion-educativa-de-bell-ville-estuvieron-en-el-pilt\/#primaryimage"},"image":{"@id":"http:\/\/elregionalvm.com.ar\/noticias-villa-maria\/estudiantes-de-una-institucion-educativa-de-bell-ville-estuvieron-en-el-pilt\/#primaryimage"},"thumbnailUrl":"https:\/\/i0.wp.com\/elregionalvm.com.ar\/noticias-villa-maria\/wp-content\/uploads\/2023\/08\/WhatsApp-Image-2023-08-11-at-12.09.03.jpeg?fit=1600%2C1200&ssl=1","datePublished":"2023-08-11T20:44:03+00:00","dateModified":"2023-08-11T20:44:05+00:00","author":{"@id":"http:\/\/elregionalvm.com.ar\/noticias-villa-maria\/#\/schema\/person\/a0fb9c422317faca23d50163151bc354"},"breadcrumb":{"@id":"http:\/\/elregionalvm.com.ar\/noticias-villa-maria\/estudiantes-de-una-institucion-educativa-de-bell-ville-estuvieron-en-el-pilt\/#breadcrumb"},"inLanguage":"es","potentialAction":[{"@type":"ReadAction","target":["http:\/\/elregionalvm.com.ar\/noticias-villa-maria\/estudiantes-de-una-institucion-educativa-de-bell-ville-estuvieron-en-el-pilt\/"]}]},{"@type":"ImageObject","inLanguage":"es","@id":"http:\/\/elregionalvm.com.ar\/noticias-villa-maria\/estudiantes-de-una-institucion-educativa-de-bell-ville-estuvieron-en-el-pilt\/#primaryimage","url":"https:\/\/i0.wp.com\/elregionalvm.com.ar\/noticias-villa-maria\/wp-content\/uploads\/2023\/08\/WhatsApp-Image-2023-08-11-at-12.09.03.jpeg?fit=1600%2C1200&ssl=1","contentUrl":"https:\/\/i0.wp.com\/elregionalvm.com.ar\/noticias-villa-maria\/wp-content\/uploads\/2023\/08\/WhatsApp-Image-2023-08-11-at-12.09.03.jpeg?fit=1600%2C1200&ssl=1","width":1600,"height":1200},{"@type":"BreadcrumbList","@id":"http:\/\/elregionalvm.com.ar\/noticias-villa-maria\/estudiantes-de-una-institucion-educativa-de-bell-ville-estuvieron-en-el-pilt\/#breadcrumb","itemListElement":[{"@type":"ListItem","position":1,"name":"Portada","item":"https:\/\/elregionalvm.com.ar\/noticias-villa-maria\/"},{"@type":"ListItem","position":2,"name":"Estudiantes de una instituci\u00f3n educativa de Bell Ville estuvieron en el PILT"}]},{"@type":"WebSite","@id":"http:\/\/elregionalvm.com.ar\/noticias-villa-maria\/#website","url":"http:\/\/elregionalvm.com.ar\/noticias-villa-maria\/","name":"El Regional","description":"Mucho m\u00e1s que informaci\u00f3n","potentialAction":[{"@type":"SearchAction","target":{"@type":"EntryPoint","urlTemplate":"http:\/\/elregionalvm.com.ar\/noticias-villa-maria\/?s={search_term_string}"},"query-input":{"@type":"PropertyValueSpecification","valueRequired":true,"valueName":"search_term_string"}}],"inLanguage":"es"},{"@type":"Person","@id":"http:\/\/elregionalvm.com.ar\/noticias-villa-maria\/#\/schema\/person\/a0fb9c422317faca23d50163151bc354","name":"Contenidos El Regional","image":{"@type":"ImageObject","inLanguage":"es","@id":"http:\/\/elregionalvm.com.ar\/noticias-villa-maria\/#\/schema\/person\/image\/","url":"https:\/\/secure.gravatar.com\/avatar\/265b27cb2209af7bb3a1318f03305787d7981a5cc6e6cd08fe5a4ecdf99d4b48?s=96&d=mm&r=g","contentUrl":"https:\/\/secure.gravatar.com\/avatar\/265b27cb2209af7bb3a1318f03305787d7981a5cc6e6cd08fe5a4ecdf99d4b48?s=96&d=mm&r=g","caption":"Contenidos El Regional"},"url":"https:\/\/elregionalvm.com.ar\/noticias-villa-maria\/author\/contenido\/"}]}},"jetpack_featured_media_url":"https:\/\/i0.wp.com\/elregionalvm.com.ar\/noticias-villa-maria\/wp-content\/uploads\/2023\/08\/WhatsApp-Image-2023-08-11-at-12.09.03.jpeg?fit=1600%2C1200&ssl=1","jetpack_sharing_enabled":true,"_links":{"self":[{"href":"https:\/\/elregionalvm.com.ar\/noticias-villa-maria\/wp-json\/wp\/v2\/posts\/80954","targetHints":{"allow":["GET"]}}],"collection":[{"href":"https:\/\/elregionalvm.com.ar\/noticias-villa-maria\/wp-json\/wp\/v2\/posts"}],"about":[{"href":"https:\/\/elregionalvm.com.ar\/noticias-villa-maria\/wp-json\/wp\/v2\/types\/post"}],"author":[{"embeddable":true,"href":"https:\/\/elregionalvm.com.ar\/noticias-villa-maria\/wp-json\/wp\/v2\/users\/4"}],"replies":[{"embeddable":true,"href":"https:\/\/elregionalvm.com.ar\/noticias-villa-maria\/wp-json\/wp\/v2\/comments?post=80954"}],"version-history":[{"count":1,"href":"https:\/\/elregionalvm.com.ar\/noticias-villa-maria\/wp-json\/wp\/v2\/posts\/80954\/revisions"}],"predecessor-version":[{"id":80956,"href":"https:\/\/elregionalvm.com.ar\/noticias-villa-maria\/wp-json\/wp\/v2\/posts\/80954\/revisions\/80956"}],"wp:featuredmedia":[{"embeddable":true,"href":"https:\/\/elregionalvm.com.ar\/noticias-villa-maria\/wp-json\/wp\/v2\/media\/80955"}],"wp:attachment":[{"href":"https:\/\/elregionalvm.com.ar\/noticias-villa-maria\/wp-json\/wp\/v2\/media?parent=80954"}],"wp:term":[{"taxonomy":"category","embeddable":true,"href":"https:\/\/elregionalvm.com.ar\/noticias-villa-maria\/wp-json\/wp\/v2\/categories?post=80954"},{"taxonomy":"post_tag","embeddable":true,"href":"https:\/\/elregionalvm.com.ar\/noticias-villa-maria\/wp-json\/wp\/v2\/tags?post=80954"}],"curies":[{"name":"wp","href":"https:\/\/api.w.org\/{rel}","templated":true}]}}