{"id":80965,"date":"2023-08-11T20:55:20","date_gmt":"2023-08-11T20:55:20","guid":{"rendered":"https:\/\/elregionalvm.com.ar\/noticias-villa-maria\/?p=80965"},"modified":"2023-08-11T20:55:22","modified_gmt":"2023-08-11T20:55:22","slug":"juliana-basualdo-tendra-la-oportunidad-de-recuperar-el-titulo-argentino","status":"publish","type":"post","link":"https:\/\/elregionalvm.com.ar\/noticias-villa-maria\/juliana-basualdo-tendra-la-oportunidad-de-recuperar-el-titulo-argentino\/","title":{"rendered":"Juliana Basualdo tendr\u00e1 la oportunidad de recuperar el t\u00edtulo argentino"},"content":{"rendered":"\n<p>Juliana Basualdo ir\u00e1 esta noche por la reconquista del t\u00edtulo argentino supergallo (vacante) cuando enfrente a Vanesa Taborda en uno de los combates estelares en el Club Uni\u00f3n El\u00e9ctrica de C\u00f3rdoba capital y que tendr\u00e1 televisaci\u00f3n por TyCSport.<\/p>\n\n\n\n<p>En el pesaje de la jornada del jueves estos fueron los registros: Juliana Basualdo 53 900 \u2013 Vanesa Taborda 53 550.<\/p>\n\n\n\n<p>\u201cLa Profeta\u201d Basualdo llega a este compromiso con un record de 10 victorias y 3 derrotas, mientras que Taborda presenta un palmar\u00e9s de 11 triunfos, 15 traspi\u00e9s y 3 empates.<\/p>\n\n\n\n<p>Este enfrentamiento tiene un antecedente, cuando el 12 de diciembre en el Club Uni\u00f3n Central de Villa Mar\u00eda le gan\u00f3 por puntos en decisi\u00f3n un\u00e1nime de los jurados, que fallaron de la siguiente manera: Enrique Ferrero 100-88,&nbsp; Jorge Alberto Gonz\u00e1lez 99-89 y Rodolfo Quiroga 100-88.<\/p>\n\n\n\n<p>A sus 32 a\u00f1os, \u201cLa Profeta\u201d buscar\u00e1 recuperar la faja sudamericana supergallo que obtuvo en diciembre del 2021, cuando super\u00f3 a Taborda. En su vitrina tambi\u00e9n destaca la corona fedelatin supergallo AMB, gracias a su victoria contra Juliana Cardozo, en marzo del actual a\u00f1o.<\/p>\n\n\n\n<p>En la esquina contraria estar\u00e1 la experimentada Taborda, quien a sus 38 a\u00f1os tendr\u00e1 su cuarta chance por la faja argentina, perdiendo en dichos enfrentamientos ante la mencionada Basualdo y Mar\u00eda Magdalena Rivera en dos oportunidades. <\/p>\n\n\n\n<p>En el r\u00e9cord de \u201cLa Negra\u201d destaca la victoria que obtuvo el a\u00f1o pasado, frente a Daniela Rivero, alz\u00e1ndose con el cintur\u00f3n plata supergallo del Consejo Mundial de Boxeo (CMB), faja que tambi\u00e9n alcanz\u00f3 en la versi\u00f3n gallo, debido a su triunfo en Austria contra Eva Voraberger. <\/p>\n\n\n\n<p>La santafesina tuvo cuatro intentos mundialistas durante su carrera, resaltando la igualdad ante Leonela Yudica, por el t\u00edtulo mosca de la Federaci\u00f3n Internacional de Boxeo (FIB), en el 2015.<\/p>\n\n\n\n<p>Gentileza: Villa Mar\u00eda Deportes <\/p>\n","protected":false},"excerpt":{"rendered":"<p>Juliana Basualdo ir\u00e1 esta noche por la reconquista del t\u00edtulo argentino supergallo (vacante) cuando enfrente a Vanesa Taborda en uno de los combates estelares en el Club Uni\u00f3n El\u00e9ctrica de C\u00f3rdoba capital y que tendr\u00e1 televisaci\u00f3n por TyCSport. En el pesaje de la jornada del jueves estos fueron los registros: Juliana Basualdo 53 900 \u2013 [&hellip;]<\/p>\n","protected":false},"author":4,"featured_media":80966,"comment_status":"open","ping_status":"open","sticky":false,"template":"","format":"standard","meta":{"site-sidebar-layout":"default","site-content-layout":"","ast-site-content-layout":"default","site-content-style":"default","site-sidebar-style":"default","ast-global-header-display":"","ast-banner-title-visibility":"","ast-main-header-display":"","ast-hfb-above-header-display":"","ast-hfb-below-header-display":"","ast-hfb-mobile-header-display":"","site-post-title":"","ast-breadcrumbs-content":"","ast-featured-img":"","footer-sml-layout":"","ast-disable-related-posts":"","theme-transparent-header-meta":"","adv-header-id-meta":"","stick-header-meta":"","header-above-stick-meta":"","header-main-stick-meta":"","header-below-stick-meta":"","astra-migrate-meta-layouts":"default","ast-page-background-enabled":"default","ast-page-background-meta":{"desktop":{"background-color":"","background-image":"","background-repeat":"repeat","background-position":"center center","background-size":"auto","background-attachment":"scroll","background-type":"","background-media":"","overlay-type":"","overlay-color":"","overlay-opacity":"","overlay-gradient":""},"tablet":{"background-color":"","background-image":"","background-repeat":"repeat","background-position":"center center","background-size":"auto","background-attachment":"scroll","background-type":"","background-media":"","overlay-type":"","overlay-color":"","overlay-opacity":"","overlay-gradient":""},"mobile":{"background-color":"","background-image":"","background-repeat":"repeat","background-position":"center center","background-size":"auto","background-attachment":"scroll","background-type":"","background-media":"","overlay-type":"","overlay-color":"","overlay-opacity":"","overlay-gradient":""}},"ast-content-background-meta":{"desktop":{"background-color":"var(--ast-global-color-5)","background-image":"","background-repeat":"repeat","background-position":"center center","background-size":"auto","background-attachment":"scroll","background-type":"","background-media":"","overlay-type":"","overlay-color":"","overlay-opacity":"","overlay-gradient":""},"tablet":{"background-color":"var(--ast-global-color-5)","background-image":"","background-repeat":"repeat","background-position":"center center","background-size":"auto","background-attachment":"scroll","background-type":"","background-media":"","overlay-type":"","overlay-color":"","overlay-opacity":"","overlay-gradient":""},"mobile":{"background-color":"var(--ast-global-color-5)","background-image":"","background-repeat":"repeat","background-position":"center center","background-size":"auto","background-attachment":"scroll","background-type":"","background-media":"","overlay-type":"","overlay-color":"","overlay-opacity":"","overlay-gradient":""}},"_jetpack_memberships_contains_paid_content":false,"_joinchat":[],"footnotes":""},"categories":[15158,15302,5,2],"tags":[],"class_list":["post-80965","post","type-post","status-publish","format-standard","has-post-thumbnail","hentry","category-deporte","category-destacado","category-sociedad","category-villa-maria"],"yoast_head":"<!-- This site is optimized with the Yoast SEO plugin v26.8 - https:\/\/yoast.com\/product\/yoast-seo-wordpress\/ -->\n<title>Juliana Basualdo tendr\u00e1 la oportunidad de recuperar el t\u00edtulo argentino - El Regional<\/title>\n<meta name=\"robots\" content=\"index, follow, max-snippet:-1, max-image-preview:large, max-video-preview:-1\" \/>\n<link rel=\"canonical\" href=\"http:\/\/elregionalvm.com.ar\/noticias-villa-maria\/juliana-basualdo-tendra-la-oportunidad-de-recuperar-el-titulo-argentino\/\" \/>\n<meta property=\"og:locale\" content=\"es_ES\" \/>\n<meta property=\"og:type\" content=\"article\" \/>\n<meta property=\"og:title\" content=\"Juliana Basualdo tendr\u00e1 la oportunidad de recuperar el t\u00edtulo argentino - El Regional\" \/>\n<meta property=\"og:description\" content=\"Juliana Basualdo ir\u00e1 esta noche por la reconquista del t\u00edtulo argentino supergallo (vacante) cuando enfrente a Vanesa Taborda en uno de los combates estelares en el Club Uni\u00f3n El\u00e9ctrica de C\u00f3rdoba capital y que tendr\u00e1 televisaci\u00f3n por TyCSport. En el pesaje de la jornada del jueves estos fueron los registros: Juliana Basualdo 53 900 \u2013 [&hellip;]\" \/>\n<meta property=\"og:url\" content=\"http:\/\/elregionalvm.com.ar\/noticias-villa-maria\/juliana-basualdo-tendra-la-oportunidad-de-recuperar-el-titulo-argentino\/\" \/>\n<meta property=\"og:site_name\" content=\"El Regional\" \/>\n<meta property=\"article:publisher\" content=\"https:\/\/www.facebook.com\/elregionalvm\" \/>\n<meta property=\"article:published_time\" content=\"2023-08-11T20:55:20+00:00\" \/>\n<meta property=\"article:modified_time\" content=\"2023-08-11T20:55:22+00:00\" \/>\n<meta property=\"og:image\" content=\"http:\/\/elregionalvm.com.ar\/noticias-villa-maria\/wp-content\/uploads\/2023\/08\/julianabasualdo-amaliamazzarello-bdp_862x485.webp\" \/>\n\t<meta property=\"og:image:width\" content=\"862\" \/>\n\t<meta property=\"og:image:height\" content=\"485\" \/>\n\t<meta property=\"og:image:type\" content=\"image\/webp\" \/>\n<meta name=\"author\" content=\"Contenidos El Regional\" \/>\n<meta name=\"twitter:card\" content=\"summary_large_image\" \/>\n<meta name=\"twitter:creator\" content=\"@elregionalvm1\" \/>\n<meta name=\"twitter:site\" content=\"@elregionalvm1\" \/>\n<meta name=\"twitter:label1\" content=\"Escrito por\" \/>\n\t<meta name=\"twitter:data1\" content=\"Contenidos El Regional\" \/>\n\t<meta name=\"twitter:label2\" content=\"Tiempo de lectura\" \/>\n\t<meta name=\"twitter:data2\" content=\"2 minutos\" \/>\n<script type=\"application\/ld+json\" class=\"yoast-schema-graph\">{\"@context\":\"https:\/\/schema.org\",\"@graph\":[{\"@type\":\"Article\",\"@id\":\"http:\/\/elregionalvm.com.ar\/noticias-villa-maria\/juliana-basualdo-tendra-la-oportunidad-de-recuperar-el-titulo-argentino\/#article\",\"isPartOf\":{\"@id\":\"http:\/\/elregionalvm.com.ar\/noticias-villa-maria\/juliana-basualdo-tendra-la-oportunidad-de-recuperar-el-titulo-argentino\/\"},\"author\":{\"name\":\"Contenidos El Regional\",\"@id\":\"http:\/\/elregionalvm.com.ar\/noticias-villa-maria\/#\/schema\/person\/a0fb9c422317faca23d50163151bc354\"},\"headline\":\"Juliana Basualdo tendr\u00e1 la oportunidad de recuperar el t\u00edtulo argentino\",\"datePublished\":\"2023-08-11T20:55:20+00:00\",\"dateModified\":\"2023-08-11T20:55:22+00:00\",\"mainEntityOfPage\":{\"@id\":\"http:\/\/elregionalvm.com.ar\/noticias-villa-maria\/juliana-basualdo-tendra-la-oportunidad-de-recuperar-el-titulo-argentino\/\"},\"wordCount\":317,\"commentCount\":0,\"image\":{\"@id\":\"http:\/\/elregionalvm.com.ar\/noticias-villa-maria\/juliana-basualdo-tendra-la-oportunidad-de-recuperar-el-titulo-argentino\/#primaryimage\"},\"thumbnailUrl\":\"https:\/\/i0.wp.com\/elregionalvm.com.ar\/noticias-villa-maria\/wp-content\/uploads\/2023\/08\/julianabasualdo-amaliamazzarello-bdp_862x485.webp?fit=862%2C485&ssl=1\",\"articleSection\":[\"Deporte\",\"destacado\",\"Sociedad\",\"Villa Mar\u00eda\"],\"inLanguage\":\"es\",\"potentialAction\":[{\"@type\":\"CommentAction\",\"name\":\"Comment\",\"target\":[\"http:\/\/elregionalvm.com.ar\/noticias-villa-maria\/juliana-basualdo-tendra-la-oportunidad-de-recuperar-el-titulo-argentino\/#respond\"]}]},{\"@type\":\"WebPage\",\"@id\":\"http:\/\/elregionalvm.com.ar\/noticias-villa-maria\/juliana-basualdo-tendra-la-oportunidad-de-recuperar-el-titulo-argentino\/\",\"url\":\"http:\/\/elregionalvm.com.ar\/noticias-villa-maria\/juliana-basualdo-tendra-la-oportunidad-de-recuperar-el-titulo-argentino\/\",\"name\":\"Juliana Basualdo tendr\u00e1 la oportunidad de recuperar el t\u00edtulo argentino - El Regional\",\"isPartOf\":{\"@id\":\"http:\/\/elregionalvm.com.ar\/noticias-villa-maria\/#website\"},\"primaryImageOfPage\":{\"@id\":\"http:\/\/elregionalvm.com.ar\/noticias-villa-maria\/juliana-basualdo-tendra-la-oportunidad-de-recuperar-el-titulo-argentino\/#primaryimage\"},\"image\":{\"@id\":\"http:\/\/elregionalvm.com.ar\/noticias-villa-maria\/juliana-basualdo-tendra-la-oportunidad-de-recuperar-el-titulo-argentino\/#primaryimage\"},\"thumbnailUrl\":\"https:\/\/i0.wp.com\/elregionalvm.com.ar\/noticias-villa-maria\/wp-content\/uploads\/2023\/08\/julianabasualdo-amaliamazzarello-bdp_862x485.webp?fit=862%2C485&ssl=1\",\"datePublished\":\"2023-08-11T20:55:20+00:00\",\"dateModified\":\"2023-08-11T20:55:22+00:00\",\"author\":{\"@id\":\"http:\/\/elregionalvm.com.ar\/noticias-villa-maria\/#\/schema\/person\/a0fb9c422317faca23d50163151bc354\"},\"breadcrumb\":{\"@id\":\"http:\/\/elregionalvm.com.ar\/noticias-villa-maria\/juliana-basualdo-tendra-la-oportunidad-de-recuperar-el-titulo-argentino\/#breadcrumb\"},\"inLanguage\":\"es\",\"potentialAction\":[{\"@type\":\"ReadAction\",\"target\":[\"http:\/\/elregionalvm.com.ar\/noticias-villa-maria\/juliana-basualdo-tendra-la-oportunidad-de-recuperar-el-titulo-argentino\/\"]}]},{\"@type\":\"ImageObject\",\"inLanguage\":\"es\",\"@id\":\"http:\/\/elregionalvm.com.ar\/noticias-villa-maria\/juliana-basualdo-tendra-la-oportunidad-de-recuperar-el-titulo-argentino\/#primaryimage\",\"url\":\"https:\/\/i0.wp.com\/elregionalvm.com.ar\/noticias-villa-maria\/wp-content\/uploads\/2023\/08\/julianabasualdo-amaliamazzarello-bdp_862x485.webp?fit=862%2C485&ssl=1\",\"contentUrl\":\"https:\/\/i0.wp.com\/elregionalvm.com.ar\/noticias-villa-maria\/wp-content\/uploads\/2023\/08\/julianabasualdo-amaliamazzarello-bdp_862x485.webp?fit=862%2C485&ssl=1\",\"width\":862,\"height\":485},{\"@type\":\"BreadcrumbList\",\"@id\":\"http:\/\/elregionalvm.com.ar\/noticias-villa-maria\/juliana-basualdo-tendra-la-oportunidad-de-recuperar-el-titulo-argentino\/#breadcrumb\",\"itemListElement\":[{\"@type\":\"ListItem\",\"position\":1,\"name\":\"Portada\",\"item\":\"https:\/\/elregionalvm.com.ar\/noticias-villa-maria\/\"},{\"@type\":\"ListItem\",\"position\":2,\"name\":\"Juliana Basualdo tendr\u00e1 la oportunidad de recuperar el t\u00edtulo argentino\"}]},{\"@type\":\"WebSite\",\"@id\":\"http:\/\/elregionalvm.com.ar\/noticias-villa-maria\/#website\",\"url\":\"http:\/\/elregionalvm.com.ar\/noticias-villa-maria\/\",\"name\":\"El Regional\",\"description\":\"Mucho m\u00e1s que informaci\u00f3n\",\"potentialAction\":[{\"@type\":\"SearchAction\",\"target\":{\"@type\":\"EntryPoint\",\"urlTemplate\":\"http:\/\/elregionalvm.com.ar\/noticias-villa-maria\/?s={search_term_string}\"},\"query-input\":{\"@type\":\"PropertyValueSpecification\",\"valueRequired\":true,\"valueName\":\"search_term_string\"}}],\"inLanguage\":\"es\"},{\"@type\":\"Person\",\"@id\":\"http:\/\/elregionalvm.com.ar\/noticias-villa-maria\/#\/schema\/person\/a0fb9c422317faca23d50163151bc354\",\"name\":\"Contenidos El Regional\",\"image\":{\"@type\":\"ImageObject\",\"inLanguage\":\"es\",\"@id\":\"http:\/\/elregionalvm.com.ar\/noticias-villa-maria\/#\/schema\/person\/image\/\",\"url\":\"https:\/\/secure.gravatar.com\/avatar\/265b27cb2209af7bb3a1318f03305787d7981a5cc6e6cd08fe5a4ecdf99d4b48?s=96&d=mm&r=g\",\"contentUrl\":\"https:\/\/secure.gravatar.com\/avatar\/265b27cb2209af7bb3a1318f03305787d7981a5cc6e6cd08fe5a4ecdf99d4b48?s=96&d=mm&r=g\",\"caption\":\"Contenidos El Regional\"},\"url\":\"https:\/\/elregionalvm.com.ar\/noticias-villa-maria\/author\/contenido\/\"}]}<\/script>\n<!-- \/ Yoast SEO plugin. -->","yoast_head_json":{"title":"Juliana Basualdo tendr\u00e1 la oportunidad de recuperar el t\u00edtulo argentino - El Regional","robots":{"index":"index","follow":"follow","max-snippet":"max-snippet:-1","max-image-preview":"max-image-preview:large","max-video-preview":"max-video-preview:-1"},"canonical":"http:\/\/elregionalvm.com.ar\/noticias-villa-maria\/juliana-basualdo-tendra-la-oportunidad-de-recuperar-el-titulo-argentino\/","og_locale":"es_ES","og_type":"article","og_title":"Juliana Basualdo tendr\u00e1 la oportunidad de recuperar el t\u00edtulo argentino - El Regional","og_description":"Juliana Basualdo ir\u00e1 esta noche por la reconquista del t\u00edtulo argentino supergallo (vacante) cuando enfrente a Vanesa Taborda en uno de los combates estelares en el Club Uni\u00f3n El\u00e9ctrica de C\u00f3rdoba capital y que tendr\u00e1 televisaci\u00f3n por TyCSport. En el pesaje de la jornada del jueves estos fueron los registros: Juliana Basualdo 53 900 \u2013 [&hellip;]","og_url":"http:\/\/elregionalvm.com.ar\/noticias-villa-maria\/juliana-basualdo-tendra-la-oportunidad-de-recuperar-el-titulo-argentino\/","og_site_name":"El Regional","article_publisher":"https:\/\/www.facebook.com\/elregionalvm","article_published_time":"2023-08-11T20:55:20+00:00","article_modified_time":"2023-08-11T20:55:22+00:00","og_image":[{"width":862,"height":485,"url":"http:\/\/elregionalvm.com.ar\/noticias-villa-maria\/wp-content\/uploads\/2023\/08\/julianabasualdo-amaliamazzarello-bdp_862x485.webp","type":"image\/webp"}],"author":"Contenidos El Regional","twitter_card":"summary_large_image","twitter_creator":"@elregionalvm1","twitter_site":"@elregionalvm1","twitter_misc":{"Escrito por":"Contenidos El Regional","Tiempo de lectura":"2 minutos"},"schema":{"@context":"https:\/\/schema.org","@graph":[{"@type":"Article","@id":"http:\/\/elregionalvm.com.ar\/noticias-villa-maria\/juliana-basualdo-tendra-la-oportunidad-de-recuperar-el-titulo-argentino\/#article","isPartOf":{"@id":"http:\/\/elregionalvm.com.ar\/noticias-villa-maria\/juliana-basualdo-tendra-la-oportunidad-de-recuperar-el-titulo-argentino\/"},"author":{"name":"Contenidos El Regional","@id":"http:\/\/elregionalvm.com.ar\/noticias-villa-maria\/#\/schema\/person\/a0fb9c422317faca23d50163151bc354"},"headline":"Juliana Basualdo tendr\u00e1 la oportunidad de recuperar el t\u00edtulo argentino","datePublished":"2023-08-11T20:55:20+00:00","dateModified":"2023-08-11T20:55:22+00:00","mainEntityOfPage":{"@id":"http:\/\/elregionalvm.com.ar\/noticias-villa-maria\/juliana-basualdo-tendra-la-oportunidad-de-recuperar-el-titulo-argentino\/"},"wordCount":317,"commentCount":0,"image":{"@id":"http:\/\/elregionalvm.com.ar\/noticias-villa-maria\/juliana-basualdo-tendra-la-oportunidad-de-recuperar-el-titulo-argentino\/#primaryimage"},"thumbnailUrl":"https:\/\/i0.wp.com\/elregionalvm.com.ar\/noticias-villa-maria\/wp-content\/uploads\/2023\/08\/julianabasualdo-amaliamazzarello-bdp_862x485.webp?fit=862%2C485&ssl=1","articleSection":["Deporte","destacado","Sociedad","Villa Mar\u00eda"],"inLanguage":"es","potentialAction":[{"@type":"CommentAction","name":"Comment","target":["http:\/\/elregionalvm.com.ar\/noticias-villa-maria\/juliana-basualdo-tendra-la-oportunidad-de-recuperar-el-titulo-argentino\/#respond"]}]},{"@type":"WebPage","@id":"http:\/\/elregionalvm.com.ar\/noticias-villa-maria\/juliana-basualdo-tendra-la-oportunidad-de-recuperar-el-titulo-argentino\/","url":"http:\/\/elregionalvm.com.ar\/noticias-villa-maria\/juliana-basualdo-tendra-la-oportunidad-de-recuperar-el-titulo-argentino\/","name":"Juliana Basualdo tendr\u00e1 la oportunidad de recuperar el t\u00edtulo argentino - El Regional","isPartOf":{"@id":"http:\/\/elregionalvm.com.ar\/noticias-villa-maria\/#website"},"primaryImageOfPage":{"@id":"http:\/\/elregionalvm.com.ar\/noticias-villa-maria\/juliana-basualdo-tendra-la-oportunidad-de-recuperar-el-titulo-argentino\/#primaryimage"},"image":{"@id":"http:\/\/elregionalvm.com.ar\/noticias-villa-maria\/juliana-basualdo-tendra-la-oportunidad-de-recuperar-el-titulo-argentino\/#primaryimage"},"thumbnailUrl":"https:\/\/i0.wp.com\/elregionalvm.com.ar\/noticias-villa-maria\/wp-content\/uploads\/2023\/08\/julianabasualdo-amaliamazzarello-bdp_862x485.webp?fit=862%2C485&ssl=1","datePublished":"2023-08-11T20:55:20+00:00","dateModified":"2023-08-11T20:55:22+00:00","author":{"@id":"http:\/\/elregionalvm.com.ar\/noticias-villa-maria\/#\/schema\/person\/a0fb9c422317faca23d50163151bc354"},"breadcrumb":{"@id":"http:\/\/elregionalvm.com.ar\/noticias-villa-maria\/juliana-basualdo-tendra-la-oportunidad-de-recuperar-el-titulo-argentino\/#breadcrumb"},"inLanguage":"es","potentialAction":[{"@type":"ReadAction","target":["http:\/\/elregionalvm.com.ar\/noticias-villa-maria\/juliana-basualdo-tendra-la-oportunidad-de-recuperar-el-titulo-argentino\/"]}]},{"@type":"ImageObject","inLanguage":"es","@id":"http:\/\/elregionalvm.com.ar\/noticias-villa-maria\/juliana-basualdo-tendra-la-oportunidad-de-recuperar-el-titulo-argentino\/#primaryimage","url":"https:\/\/i0.wp.com\/elregionalvm.com.ar\/noticias-villa-maria\/wp-content\/uploads\/2023\/08\/julianabasualdo-amaliamazzarello-bdp_862x485.webp?fit=862%2C485&ssl=1","contentUrl":"https:\/\/i0.wp.com\/elregionalvm.com.ar\/noticias-villa-maria\/wp-content\/uploads\/2023\/08\/julianabasualdo-amaliamazzarello-bdp_862x485.webp?fit=862%2C485&ssl=1","width":862,"height":485},{"@type":"BreadcrumbList","@id":"http:\/\/elregionalvm.com.ar\/noticias-villa-maria\/juliana-basualdo-tendra-la-oportunidad-de-recuperar-el-titulo-argentino\/#breadcrumb","itemListElement":[{"@type":"ListItem","position":1,"name":"Portada","item":"https:\/\/elregionalvm.com.ar\/noticias-villa-maria\/"},{"@type":"ListItem","position":2,"name":"Juliana Basualdo tendr\u00e1 la oportunidad de recuperar el t\u00edtulo argentino"}]},{"@type":"WebSite","@id":"http:\/\/elregionalvm.com.ar\/noticias-villa-maria\/#website","url":"http:\/\/elregionalvm.com.ar\/noticias-villa-maria\/","name":"El Regional","description":"Mucho m\u00e1s que informaci\u00f3n","potentialAction":[{"@type":"SearchAction","target":{"@type":"EntryPoint","urlTemplate":"http:\/\/elregionalvm.com.ar\/noticias-villa-maria\/?s={search_term_string}"},"query-input":{"@type":"PropertyValueSpecification","valueRequired":true,"valueName":"search_term_string"}}],"inLanguage":"es"},{"@type":"Person","@id":"http:\/\/elregionalvm.com.ar\/noticias-villa-maria\/#\/schema\/person\/a0fb9c422317faca23d50163151bc354","name":"Contenidos El Regional","image":{"@type":"ImageObject","inLanguage":"es","@id":"http:\/\/elregionalvm.com.ar\/noticias-villa-maria\/#\/schema\/person\/image\/","url":"https:\/\/secure.gravatar.com\/avatar\/265b27cb2209af7bb3a1318f03305787d7981a5cc6e6cd08fe5a4ecdf99d4b48?s=96&d=mm&r=g","contentUrl":"https:\/\/secure.gravatar.com\/avatar\/265b27cb2209af7bb3a1318f03305787d7981a5cc6e6cd08fe5a4ecdf99d4b48?s=96&d=mm&r=g","caption":"Contenidos El Regional"},"url":"https:\/\/elregionalvm.com.ar\/noticias-villa-maria\/author\/contenido\/"}]}},"jetpack_featured_media_url":"https:\/\/i0.wp.com\/elregionalvm.com.ar\/noticias-villa-maria\/wp-content\/uploads\/2023\/08\/julianabasualdo-amaliamazzarello-bdp_862x485.webp?fit=862%2C485&ssl=1","jetpack_sharing_enabled":true,"_links":{"self":[{"href":"https:\/\/elregionalvm.com.ar\/noticias-villa-maria\/wp-json\/wp\/v2\/posts\/80965","targetHints":{"allow":["GET"]}}],"collection":[{"href":"https:\/\/elregionalvm.com.ar\/noticias-villa-maria\/wp-json\/wp\/v2\/posts"}],"about":[{"href":"https:\/\/elregionalvm.com.ar\/noticias-villa-maria\/wp-json\/wp\/v2\/types\/post"}],"author":[{"embeddable":true,"href":"https:\/\/elregionalvm.com.ar\/noticias-villa-maria\/wp-json\/wp\/v2\/users\/4"}],"replies":[{"embeddable":true,"href":"https:\/\/elregionalvm.com.ar\/noticias-villa-maria\/wp-json\/wp\/v2\/comments?post=80965"}],"version-history":[{"count":1,"href":"https:\/\/elregionalvm.com.ar\/noticias-villa-maria\/wp-json\/wp\/v2\/posts\/80965\/revisions"}],"predecessor-version":[{"id":80967,"href":"https:\/\/elregionalvm.com.ar\/noticias-villa-maria\/wp-json\/wp\/v2\/posts\/80965\/revisions\/80967"}],"wp:featuredmedia":[{"embeddable":true,"href":"https:\/\/elregionalvm.com.ar\/noticias-villa-maria\/wp-json\/wp\/v2\/media\/80966"}],"wp:attachment":[{"href":"https:\/\/elregionalvm.com.ar\/noticias-villa-maria\/wp-json\/wp\/v2\/media?parent=80965"}],"wp:term":[{"taxonomy":"category","embeddable":true,"href":"https:\/\/elregionalvm.com.ar\/noticias-villa-maria\/wp-json\/wp\/v2\/categories?post=80965"},{"taxonomy":"post_tag","embeddable":true,"href":"https:\/\/elregionalvm.com.ar\/noticias-villa-maria\/wp-json\/wp\/v2\/tags?post=80965"}],"curies":[{"name":"wp","href":"https:\/\/api.w.org\/{rel}","templated":true}]}}