{"id":80968,"date":"2023-08-11T21:04:00","date_gmt":"2023-08-11T21:04:00","guid":{"rendered":"https:\/\/elregionalvm.com.ar\/noticias-villa-maria\/?p=80968"},"modified":"2023-08-11T21:04:36","modified_gmt":"2023-08-11T21:04:36","slug":"homicidio-contra-su-mama-el-acusado-esta-en-un-centro-psiquiatrico","status":"publish","type":"post","link":"https:\/\/elregionalvm.com.ar\/noticias-villa-maria\/homicidio-contra-su-mama-el-acusado-esta-en-un-centro-psiquiatrico\/","title":{"rendered":"Homicidio contra su mam\u00e1: el acusado est\u00e1 en un centro psiqui\u00e1trico"},"content":{"rendered":"\n<p>Ignacio Barrondo, el hombre de 54 a\u00f1os que qued\u00f3 detenido acusado de\u00a0apu\u00f1alar a su madre\u00a0en el domicilio en el que viv\u00edan en barrio Centro, est\u00e1 internado en un centro psiqui\u00e1trico del Servicio Penitenciario.<\/p>\n\n\n\n<p>El caso es complejo. Ignacio Barrondo, abogado que no estaba en ejercicio, est\u00e1 imputado por homicidio calificado por el v\u00ednculo, pero sufre un trastorno psiqu\u00e1trico desde hace a\u00f1os.<\/p>\n\n\n\n<p>Tras el hecho, el hombre fue trasladado al Hospital Regional Pasteur y desde all\u00ed fue derivado al Centro Psico Asistencial (CPA) del Servicio Penitenciario, en C\u00f3rdoba.<\/p>\n\n\n\n<p>Desde la f\u00edscal\u00eda, seg\u00fan pudo saber El Diario, trabajan en \u201cordenar las pericias para determinar -cient\u00edficamente- si el acusado es inimputable o no\u201d.<\/p>\n\n\n\n<p>El caso est\u00e1 en manos de la fiscal\u00eda de Instrucci\u00f3n de Primer Turno, a cargo de Silvia Maldonado.<\/p>\n\n\n\n<figure class=\"wp-block-image size-large\"><img data-recalc-dims=\"1\" fetchpriority=\"high\" decoding=\"async\" width=\"576\" height=\"1024\" src=\"https:\/\/i0.wp.com\/elregionalvm.com.ar\/noticias-villa-maria\/wp-content\/uploads\/2023\/08\/WhatsApp-Image-2023-08-09-at-11.41.34.jpeg?resize=576%2C1024&#038;ssl=1\" alt=\"\" class=\"wp-image-80970\" srcset=\"https:\/\/i0.wp.com\/elregionalvm.com.ar\/noticias-villa-maria\/wp-content\/uploads\/2023\/08\/WhatsApp-Image-2023-08-09-at-11.41.34.jpeg?resize=576%2C1024&amp;ssl=1 576w, https:\/\/i0.wp.com\/elregionalvm.com.ar\/noticias-villa-maria\/wp-content\/uploads\/2023\/08\/WhatsApp-Image-2023-08-09-at-11.41.34.jpeg?resize=169%2C300&amp;ssl=1 169w, https:\/\/i0.wp.com\/elregionalvm.com.ar\/noticias-villa-maria\/wp-content\/uploads\/2023\/08\/WhatsApp-Image-2023-08-09-at-11.41.34.jpeg?w=747&amp;ssl=1 747w\" sizes=\"(max-width: 576px) 100vw, 576px\" \/><\/figure>\n\n\n\n<p>Fue su terapeuta quien dio aviso a la Polic\u00eda de C\u00f3rdoba, lugo de que el propio Barrondo le confesara lo sucedido. \u201cLa mat\u00e9, le quer\u00eda sacar la diabetes del cuerpo\u201d, le habr\u00eda dicho.<\/p>\n\n\n\n<p>El m\u00e9dico fue a la habitaci\u00f3n y encontr\u00f3 a Susana Santarrosa, de 83 a\u00f1os, tendida sobre la cama con m\u00faltiples lesiones. Llam\u00f3 a Bomberos, que r\u00e1pidamente lleg\u00f3 al lugar y traslad\u00f3 a la mujer hacia el Pasteur, donde falleci\u00f3.<\/p>\n\n\n\n<p>El doctor de Barrondo lleg\u00f3 al domicilio en la noche del martes porque un primo del imputado, que ten\u00eda contacto con el y con la v\u00edctima, le avis\u00f3 que lo not\u00f3 alterado.<\/p>\n\n\n\n<p>Barrondo le cont\u00f3, antes de confesar el tr\u00e1gico hecho, que no hab\u00eda tomado las pastillas y el m\u00e9dico lo ayud\u00f3 a tomarlo. Fue minutos despu\u00e9s cuando le comenta lo que hab\u00eda hecho.<\/p>\n\n\n\n<p>Es en este contexto que la justicia debe investigar el terrible caso de matricidio, teniendo en cuenta la salud mental del acusado que, seg\u00fan tertimonios recabados por fiscal\u00eda, no ten\u00eda registros de violencia.<\/p>\n\n\n\n<p>El hecho que la v\u00edctima haya sido diagnosticada con diabetes habr\u00eda preocupado a Barrondo, causando una desestabilizaci\u00f3n.<\/p>\n\n\n\n<p>Gentileza: Villa Mar\u00eda VIVO <\/p>\n","protected":false},"excerpt":{"rendered":"<p>Ignacio Barrondo, el hombre de 54 a\u00f1os que qued\u00f3 detenido acusado de\u00a0apu\u00f1alar a su madre\u00a0en el domicilio en el que viv\u00edan en barrio Centro, est\u00e1 internado en un centro psiqui\u00e1trico del Servicio Penitenciario. El caso es complejo. Ignacio Barrondo, abogado que no estaba en ejercicio, est\u00e1 imputado por homicidio calificado por el v\u00ednculo, pero sufre [&hellip;]<\/p>\n","protected":false},"author":4,"featured_media":80969,"comment_status":"open","ping_status":"open","sticky":false,"template":"","format":"standard","meta":{"site-sidebar-layout":"default","site-content-layout":"","ast-site-content-layout":"default","site-content-style":"default","site-sidebar-style":"default","ast-global-header-display":"","ast-banner-title-visibility":"","ast-main-header-display":"","ast-hfb-above-header-display":"","ast-hfb-below-header-display":"","ast-hfb-mobile-header-display":"","site-post-title":"","ast-breadcrumbs-content":"","ast-featured-img":"","footer-sml-layout":"","ast-disable-related-posts":"","theme-transparent-header-meta":"","adv-header-id-meta":"","stick-header-meta":"","header-above-stick-meta":"","header-main-stick-meta":"","header-below-stick-meta":"","astra-migrate-meta-layouts":"default","ast-page-background-enabled":"default","ast-page-background-meta":{"desktop":{"background-color":"","background-image":"","background-repeat":"repeat","background-position":"center center","background-size":"auto","background-attachment":"scroll","background-type":"","background-media":"","overlay-type":"","overlay-color":"","overlay-opacity":"","overlay-gradient":""},"tablet":{"background-color":"","background-image":"","background-repeat":"repeat","background-position":"center center","background-size":"auto","background-attachment":"scroll","background-type":"","background-media":"","overlay-type":"","overlay-color":"","overlay-opacity":"","overlay-gradient":""},"mobile":{"background-color":"","background-image":"","background-repeat":"repeat","background-position":"center center","background-size":"auto","background-attachment":"scroll","background-type":"","background-media":"","overlay-type":"","overlay-color":"","overlay-opacity":"","overlay-gradient":""}},"ast-content-background-meta":{"desktop":{"background-color":"var(--ast-global-color-5)","background-image":"","background-repeat":"repeat","background-position":"center center","background-size":"auto","background-attachment":"scroll","background-type":"","background-media":"","overlay-type":"","overlay-color":"","overlay-opacity":"","overlay-gradient":""},"tablet":{"background-color":"var(--ast-global-color-5)","background-image":"","background-repeat":"repeat","background-position":"center center","background-size":"auto","background-attachment":"scroll","background-type":"","background-media":"","overlay-type":"","overlay-color":"","overlay-opacity":"","overlay-gradient":""},"mobile":{"background-color":"var(--ast-global-color-5)","background-image":"","background-repeat":"repeat","background-position":"center center","background-size":"auto","background-attachment":"scroll","background-type":"","background-media":"","overlay-type":"","overlay-color":"","overlay-opacity":"","overlay-gradient":""}},"_jetpack_memberships_contains_paid_content":false,"_joinchat":[],"footnotes":""},"categories":[15302,2234,5,2],"tags":[],"class_list":["post-80968","post","type-post","status-publish","format-standard","has-post-thumbnail","hentry","category-destacado","category-policiales","category-sociedad","category-villa-maria"],"yoast_head":"<!-- This site is optimized with the Yoast SEO plugin v26.8 - https:\/\/yoast.com\/product\/yoast-seo-wordpress\/ -->\n<title>Homicidio contra su mam\u00e1: el acusado est\u00e1 en un centro psiqui\u00e1trico - El Regional<\/title>\n<meta name=\"robots\" content=\"index, follow, max-snippet:-1, max-image-preview:large, max-video-preview:-1\" \/>\n<link rel=\"canonical\" href=\"http:\/\/elregionalvm.com.ar\/noticias-villa-maria\/homicidio-contra-su-mama-el-acusado-esta-en-un-centro-psiquiatrico\/\" \/>\n<meta property=\"og:locale\" content=\"es_ES\" \/>\n<meta property=\"og:type\" content=\"article\" \/>\n<meta property=\"og:title\" content=\"Homicidio contra su mam\u00e1: el acusado est\u00e1 en un centro psiqui\u00e1trico - El Regional\" \/>\n<meta property=\"og:description\" content=\"Ignacio Barrondo, el hombre de 54 a\u00f1os que qued\u00f3 detenido acusado de\u00a0apu\u00f1alar a su madre\u00a0en el domicilio en el que viv\u00edan en barrio Centro, est\u00e1 internado en un centro psiqui\u00e1trico del Servicio Penitenciario. El caso es complejo. Ignacio Barrondo, abogado que no estaba en ejercicio, est\u00e1 imputado por homicidio calificado por el v\u00ednculo, pero sufre [&hellip;]\" \/>\n<meta property=\"og:url\" content=\"http:\/\/elregionalvm.com.ar\/noticias-villa-maria\/homicidio-contra-su-mama-el-acusado-esta-en-un-centro-psiquiatrico\/\" \/>\n<meta property=\"og:site_name\" content=\"El Regional\" \/>\n<meta property=\"article:publisher\" content=\"https:\/\/www.facebook.com\/elregionalvm\" \/>\n<meta property=\"article:published_time\" content=\"2023-08-11T21:04:00+00:00\" \/>\n<meta property=\"article:modified_time\" content=\"2023-08-11T21:04:36+00:00\" \/>\n<meta property=\"og:image\" content=\"http:\/\/elregionalvm.com.ar\/noticias-villa-maria\/wp-content\/uploads\/2023\/08\/WhatsApp-Image-2023-08-09-at-09.55.17.jpeg\" \/>\n\t<meta property=\"og:image:width\" content=\"747\" \/>\n\t<meta property=\"og:image:height\" content=\"1328\" \/>\n\t<meta property=\"og:image:type\" content=\"image\/jpeg\" \/>\n<meta name=\"author\" content=\"Contenidos El Regional\" \/>\n<meta name=\"twitter:card\" content=\"summary_large_image\" \/>\n<meta name=\"twitter:creator\" content=\"@elregionalvm1\" \/>\n<meta name=\"twitter:site\" content=\"@elregionalvm1\" \/>\n<meta name=\"twitter:label1\" content=\"Escrito por\" \/>\n\t<meta name=\"twitter:data1\" content=\"Contenidos El Regional\" \/>\n\t<meta name=\"twitter:label2\" content=\"Tiempo de lectura\" \/>\n\t<meta name=\"twitter:data2\" content=\"2 minutos\" \/>\n<script type=\"application\/ld+json\" class=\"yoast-schema-graph\">{\"@context\":\"https:\/\/schema.org\",\"@graph\":[{\"@type\":\"Article\",\"@id\":\"http:\/\/elregionalvm.com.ar\/noticias-villa-maria\/homicidio-contra-su-mama-el-acusado-esta-en-un-centro-psiquiatrico\/#article\",\"isPartOf\":{\"@id\":\"http:\/\/elregionalvm.com.ar\/noticias-villa-maria\/homicidio-contra-su-mama-el-acusado-esta-en-un-centro-psiquiatrico\/\"},\"author\":{\"name\":\"Contenidos El Regional\",\"@id\":\"http:\/\/elregionalvm.com.ar\/noticias-villa-maria\/#\/schema\/person\/a0fb9c422317faca23d50163151bc354\"},\"headline\":\"Homicidio contra su mam\u00e1: el acusado est\u00e1 en un centro psiqui\u00e1trico\",\"datePublished\":\"2023-08-11T21:04:00+00:00\",\"dateModified\":\"2023-08-11T21:04:36+00:00\",\"mainEntityOfPage\":{\"@id\":\"http:\/\/elregionalvm.com.ar\/noticias-villa-maria\/homicidio-contra-su-mama-el-acusado-esta-en-un-centro-psiquiatrico\/\"},\"wordCount\":367,\"commentCount\":0,\"image\":{\"@id\":\"http:\/\/elregionalvm.com.ar\/noticias-villa-maria\/homicidio-contra-su-mama-el-acusado-esta-en-un-centro-psiquiatrico\/#primaryimage\"},\"thumbnailUrl\":\"https:\/\/i0.wp.com\/elregionalvm.com.ar\/noticias-villa-maria\/wp-content\/uploads\/2023\/08\/WhatsApp-Image-2023-08-09-at-09.55.17.jpeg?fit=747%2C1328&ssl=1\",\"articleSection\":[\"destacado\",\"Policiales\",\"Sociedad\",\"Villa Mar\u00eda\"],\"inLanguage\":\"es\",\"potentialAction\":[{\"@type\":\"CommentAction\",\"name\":\"Comment\",\"target\":[\"http:\/\/elregionalvm.com.ar\/noticias-villa-maria\/homicidio-contra-su-mama-el-acusado-esta-en-un-centro-psiquiatrico\/#respond\"]}]},{\"@type\":\"WebPage\",\"@id\":\"http:\/\/elregionalvm.com.ar\/noticias-villa-maria\/homicidio-contra-su-mama-el-acusado-esta-en-un-centro-psiquiatrico\/\",\"url\":\"http:\/\/elregionalvm.com.ar\/noticias-villa-maria\/homicidio-contra-su-mama-el-acusado-esta-en-un-centro-psiquiatrico\/\",\"name\":\"Homicidio contra su mam\u00e1: el acusado est\u00e1 en un centro psiqui\u00e1trico - El Regional\",\"isPartOf\":{\"@id\":\"http:\/\/elregionalvm.com.ar\/noticias-villa-maria\/#website\"},\"primaryImageOfPage\":{\"@id\":\"http:\/\/elregionalvm.com.ar\/noticias-villa-maria\/homicidio-contra-su-mama-el-acusado-esta-en-un-centro-psiquiatrico\/#primaryimage\"},\"image\":{\"@id\":\"http:\/\/elregionalvm.com.ar\/noticias-villa-maria\/homicidio-contra-su-mama-el-acusado-esta-en-un-centro-psiquiatrico\/#primaryimage\"},\"thumbnailUrl\":\"https:\/\/i0.wp.com\/elregionalvm.com.ar\/noticias-villa-maria\/wp-content\/uploads\/2023\/08\/WhatsApp-Image-2023-08-09-at-09.55.17.jpeg?fit=747%2C1328&ssl=1\",\"datePublished\":\"2023-08-11T21:04:00+00:00\",\"dateModified\":\"2023-08-11T21:04:36+00:00\",\"author\":{\"@id\":\"http:\/\/elregionalvm.com.ar\/noticias-villa-maria\/#\/schema\/person\/a0fb9c422317faca23d50163151bc354\"},\"breadcrumb\":{\"@id\":\"http:\/\/elregionalvm.com.ar\/noticias-villa-maria\/homicidio-contra-su-mama-el-acusado-esta-en-un-centro-psiquiatrico\/#breadcrumb\"},\"inLanguage\":\"es\",\"potentialAction\":[{\"@type\":\"ReadAction\",\"target\":[\"http:\/\/elregionalvm.com.ar\/noticias-villa-maria\/homicidio-contra-su-mama-el-acusado-esta-en-un-centro-psiquiatrico\/\"]}]},{\"@type\":\"ImageObject\",\"inLanguage\":\"es\",\"@id\":\"http:\/\/elregionalvm.com.ar\/noticias-villa-maria\/homicidio-contra-su-mama-el-acusado-esta-en-un-centro-psiquiatrico\/#primaryimage\",\"url\":\"https:\/\/i0.wp.com\/elregionalvm.com.ar\/noticias-villa-maria\/wp-content\/uploads\/2023\/08\/WhatsApp-Image-2023-08-09-at-09.55.17.jpeg?fit=747%2C1328&ssl=1\",\"contentUrl\":\"https:\/\/i0.wp.com\/elregionalvm.com.ar\/noticias-villa-maria\/wp-content\/uploads\/2023\/08\/WhatsApp-Image-2023-08-09-at-09.55.17.jpeg?fit=747%2C1328&ssl=1\",\"width\":747,\"height\":1328},{\"@type\":\"BreadcrumbList\",\"@id\":\"http:\/\/elregionalvm.com.ar\/noticias-villa-maria\/homicidio-contra-su-mama-el-acusado-esta-en-un-centro-psiquiatrico\/#breadcrumb\",\"itemListElement\":[{\"@type\":\"ListItem\",\"position\":1,\"name\":\"Portada\",\"item\":\"https:\/\/elregionalvm.com.ar\/noticias-villa-maria\/\"},{\"@type\":\"ListItem\",\"position\":2,\"name\":\"Homicidio contra su mam\u00e1: el acusado est\u00e1 en un centro psiqui\u00e1trico\"}]},{\"@type\":\"WebSite\",\"@id\":\"http:\/\/elregionalvm.com.ar\/noticias-villa-maria\/#website\",\"url\":\"http:\/\/elregionalvm.com.ar\/noticias-villa-maria\/\",\"name\":\"El Regional\",\"description\":\"Mucho m\u00e1s que informaci\u00f3n\",\"potentialAction\":[{\"@type\":\"SearchAction\",\"target\":{\"@type\":\"EntryPoint\",\"urlTemplate\":\"http:\/\/elregionalvm.com.ar\/noticias-villa-maria\/?s={search_term_string}\"},\"query-input\":{\"@type\":\"PropertyValueSpecification\",\"valueRequired\":true,\"valueName\":\"search_term_string\"}}],\"inLanguage\":\"es\"},{\"@type\":\"Person\",\"@id\":\"http:\/\/elregionalvm.com.ar\/noticias-villa-maria\/#\/schema\/person\/a0fb9c422317faca23d50163151bc354\",\"name\":\"Contenidos El Regional\",\"image\":{\"@type\":\"ImageObject\",\"inLanguage\":\"es\",\"@id\":\"http:\/\/elregionalvm.com.ar\/noticias-villa-maria\/#\/schema\/person\/image\/\",\"url\":\"https:\/\/secure.gravatar.com\/avatar\/265b27cb2209af7bb3a1318f03305787d7981a5cc6e6cd08fe5a4ecdf99d4b48?s=96&d=mm&r=g\",\"contentUrl\":\"https:\/\/secure.gravatar.com\/avatar\/265b27cb2209af7bb3a1318f03305787d7981a5cc6e6cd08fe5a4ecdf99d4b48?s=96&d=mm&r=g\",\"caption\":\"Contenidos El Regional\"},\"url\":\"https:\/\/elregionalvm.com.ar\/noticias-villa-maria\/author\/contenido\/\"}]}<\/script>\n<!-- \/ Yoast SEO plugin. -->","yoast_head_json":{"title":"Homicidio contra su mam\u00e1: el acusado est\u00e1 en un centro psiqui\u00e1trico - El Regional","robots":{"index":"index","follow":"follow","max-snippet":"max-snippet:-1","max-image-preview":"max-image-preview:large","max-video-preview":"max-video-preview:-1"},"canonical":"http:\/\/elregionalvm.com.ar\/noticias-villa-maria\/homicidio-contra-su-mama-el-acusado-esta-en-un-centro-psiquiatrico\/","og_locale":"es_ES","og_type":"article","og_title":"Homicidio contra su mam\u00e1: el acusado est\u00e1 en un centro psiqui\u00e1trico - El Regional","og_description":"Ignacio Barrondo, el hombre de 54 a\u00f1os que qued\u00f3 detenido acusado de\u00a0apu\u00f1alar a su madre\u00a0en el domicilio en el que viv\u00edan en barrio Centro, est\u00e1 internado en un centro psiqui\u00e1trico del Servicio Penitenciario. El caso es complejo. Ignacio Barrondo, abogado que no estaba en ejercicio, est\u00e1 imputado por homicidio calificado por el v\u00ednculo, pero sufre [&hellip;]","og_url":"http:\/\/elregionalvm.com.ar\/noticias-villa-maria\/homicidio-contra-su-mama-el-acusado-esta-en-un-centro-psiquiatrico\/","og_site_name":"El Regional","article_publisher":"https:\/\/www.facebook.com\/elregionalvm","article_published_time":"2023-08-11T21:04:00+00:00","article_modified_time":"2023-08-11T21:04:36+00:00","og_image":[{"width":747,"height":1328,"url":"http:\/\/elregionalvm.com.ar\/noticias-villa-maria\/wp-content\/uploads\/2023\/08\/WhatsApp-Image-2023-08-09-at-09.55.17.jpeg","type":"image\/jpeg"}],"author":"Contenidos El Regional","twitter_card":"summary_large_image","twitter_creator":"@elregionalvm1","twitter_site":"@elregionalvm1","twitter_misc":{"Escrito por":"Contenidos El Regional","Tiempo de lectura":"2 minutos"},"schema":{"@context":"https:\/\/schema.org","@graph":[{"@type":"Article","@id":"http:\/\/elregionalvm.com.ar\/noticias-villa-maria\/homicidio-contra-su-mama-el-acusado-esta-en-un-centro-psiquiatrico\/#article","isPartOf":{"@id":"http:\/\/elregionalvm.com.ar\/noticias-villa-maria\/homicidio-contra-su-mama-el-acusado-esta-en-un-centro-psiquiatrico\/"},"author":{"name":"Contenidos El Regional","@id":"http:\/\/elregionalvm.com.ar\/noticias-villa-maria\/#\/schema\/person\/a0fb9c422317faca23d50163151bc354"},"headline":"Homicidio contra su mam\u00e1: el acusado est\u00e1 en un centro psiqui\u00e1trico","datePublished":"2023-08-11T21:04:00+00:00","dateModified":"2023-08-11T21:04:36+00:00","mainEntityOfPage":{"@id":"http:\/\/elregionalvm.com.ar\/noticias-villa-maria\/homicidio-contra-su-mama-el-acusado-esta-en-un-centro-psiquiatrico\/"},"wordCount":367,"commentCount":0,"image":{"@id":"http:\/\/elregionalvm.com.ar\/noticias-villa-maria\/homicidio-contra-su-mama-el-acusado-esta-en-un-centro-psiquiatrico\/#primaryimage"},"thumbnailUrl":"https:\/\/i0.wp.com\/elregionalvm.com.ar\/noticias-villa-maria\/wp-content\/uploads\/2023\/08\/WhatsApp-Image-2023-08-09-at-09.55.17.jpeg?fit=747%2C1328&ssl=1","articleSection":["destacado","Policiales","Sociedad","Villa Mar\u00eda"],"inLanguage":"es","potentialAction":[{"@type":"CommentAction","name":"Comment","target":["http:\/\/elregionalvm.com.ar\/noticias-villa-maria\/homicidio-contra-su-mama-el-acusado-esta-en-un-centro-psiquiatrico\/#respond"]}]},{"@type":"WebPage","@id":"http:\/\/elregionalvm.com.ar\/noticias-villa-maria\/homicidio-contra-su-mama-el-acusado-esta-en-un-centro-psiquiatrico\/","url":"http:\/\/elregionalvm.com.ar\/noticias-villa-maria\/homicidio-contra-su-mama-el-acusado-esta-en-un-centro-psiquiatrico\/","name":"Homicidio contra su mam\u00e1: el acusado est\u00e1 en un centro psiqui\u00e1trico - El Regional","isPartOf":{"@id":"http:\/\/elregionalvm.com.ar\/noticias-villa-maria\/#website"},"primaryImageOfPage":{"@id":"http:\/\/elregionalvm.com.ar\/noticias-villa-maria\/homicidio-contra-su-mama-el-acusado-esta-en-un-centro-psiquiatrico\/#primaryimage"},"image":{"@id":"http:\/\/elregionalvm.com.ar\/noticias-villa-maria\/homicidio-contra-su-mama-el-acusado-esta-en-un-centro-psiquiatrico\/#primaryimage"},"thumbnailUrl":"https:\/\/i0.wp.com\/elregionalvm.com.ar\/noticias-villa-maria\/wp-content\/uploads\/2023\/08\/WhatsApp-Image-2023-08-09-at-09.55.17.jpeg?fit=747%2C1328&ssl=1","datePublished":"2023-08-11T21:04:00+00:00","dateModified":"2023-08-11T21:04:36+00:00","author":{"@id":"http:\/\/elregionalvm.com.ar\/noticias-villa-maria\/#\/schema\/person\/a0fb9c422317faca23d50163151bc354"},"breadcrumb":{"@id":"http:\/\/elregionalvm.com.ar\/noticias-villa-maria\/homicidio-contra-su-mama-el-acusado-esta-en-un-centro-psiquiatrico\/#breadcrumb"},"inLanguage":"es","potentialAction":[{"@type":"ReadAction","target":["http:\/\/elregionalvm.com.ar\/noticias-villa-maria\/homicidio-contra-su-mama-el-acusado-esta-en-un-centro-psiquiatrico\/"]}]},{"@type":"ImageObject","inLanguage":"es","@id":"http:\/\/elregionalvm.com.ar\/noticias-villa-maria\/homicidio-contra-su-mama-el-acusado-esta-en-un-centro-psiquiatrico\/#primaryimage","url":"https:\/\/i0.wp.com\/elregionalvm.com.ar\/noticias-villa-maria\/wp-content\/uploads\/2023\/08\/WhatsApp-Image-2023-08-09-at-09.55.17.jpeg?fit=747%2C1328&ssl=1","contentUrl":"https:\/\/i0.wp.com\/elregionalvm.com.ar\/noticias-villa-maria\/wp-content\/uploads\/2023\/08\/WhatsApp-Image-2023-08-09-at-09.55.17.jpeg?fit=747%2C1328&ssl=1","width":747,"height":1328},{"@type":"BreadcrumbList","@id":"http:\/\/elregionalvm.com.ar\/noticias-villa-maria\/homicidio-contra-su-mama-el-acusado-esta-en-un-centro-psiquiatrico\/#breadcrumb","itemListElement":[{"@type":"ListItem","position":1,"name":"Portada","item":"https:\/\/elregionalvm.com.ar\/noticias-villa-maria\/"},{"@type":"ListItem","position":2,"name":"Homicidio contra su mam\u00e1: el acusado est\u00e1 en un centro psiqui\u00e1trico"}]},{"@type":"WebSite","@id":"http:\/\/elregionalvm.com.ar\/noticias-villa-maria\/#website","url":"http:\/\/elregionalvm.com.ar\/noticias-villa-maria\/","name":"El Regional","description":"Mucho m\u00e1s que informaci\u00f3n","potentialAction":[{"@type":"SearchAction","target":{"@type":"EntryPoint","urlTemplate":"http:\/\/elregionalvm.com.ar\/noticias-villa-maria\/?s={search_term_string}"},"query-input":{"@type":"PropertyValueSpecification","valueRequired":true,"valueName":"search_term_string"}}],"inLanguage":"es"},{"@type":"Person","@id":"http:\/\/elregionalvm.com.ar\/noticias-villa-maria\/#\/schema\/person\/a0fb9c422317faca23d50163151bc354","name":"Contenidos El Regional","image":{"@type":"ImageObject","inLanguage":"es","@id":"http:\/\/elregionalvm.com.ar\/noticias-villa-maria\/#\/schema\/person\/image\/","url":"https:\/\/secure.gravatar.com\/avatar\/265b27cb2209af7bb3a1318f03305787d7981a5cc6e6cd08fe5a4ecdf99d4b48?s=96&d=mm&r=g","contentUrl":"https:\/\/secure.gravatar.com\/avatar\/265b27cb2209af7bb3a1318f03305787d7981a5cc6e6cd08fe5a4ecdf99d4b48?s=96&d=mm&r=g","caption":"Contenidos El Regional"},"url":"https:\/\/elregionalvm.com.ar\/noticias-villa-maria\/author\/contenido\/"}]}},"jetpack_featured_media_url":"https:\/\/i0.wp.com\/elregionalvm.com.ar\/noticias-villa-maria\/wp-content\/uploads\/2023\/08\/WhatsApp-Image-2023-08-09-at-09.55.17.jpeg?fit=747%2C1328&ssl=1","jetpack_sharing_enabled":true,"_links":{"self":[{"href":"https:\/\/elregionalvm.com.ar\/noticias-villa-maria\/wp-json\/wp\/v2\/posts\/80968","targetHints":{"allow":["GET"]}}],"collection":[{"href":"https:\/\/elregionalvm.com.ar\/noticias-villa-maria\/wp-json\/wp\/v2\/posts"}],"about":[{"href":"https:\/\/elregionalvm.com.ar\/noticias-villa-maria\/wp-json\/wp\/v2\/types\/post"}],"author":[{"embeddable":true,"href":"https:\/\/elregionalvm.com.ar\/noticias-villa-maria\/wp-json\/wp\/v2\/users\/4"}],"replies":[{"embeddable":true,"href":"https:\/\/elregionalvm.com.ar\/noticias-villa-maria\/wp-json\/wp\/v2\/comments?post=80968"}],"version-history":[{"count":2,"href":"https:\/\/elregionalvm.com.ar\/noticias-villa-maria\/wp-json\/wp\/v2\/posts\/80968\/revisions"}],"predecessor-version":[{"id":80972,"href":"https:\/\/elregionalvm.com.ar\/noticias-villa-maria\/wp-json\/wp\/v2\/posts\/80968\/revisions\/80972"}],"wp:featuredmedia":[{"embeddable":true,"href":"https:\/\/elregionalvm.com.ar\/noticias-villa-maria\/wp-json\/wp\/v2\/media\/80969"}],"wp:attachment":[{"href":"https:\/\/elregionalvm.com.ar\/noticias-villa-maria\/wp-json\/wp\/v2\/media?parent=80968"}],"wp:term":[{"taxonomy":"category","embeddable":true,"href":"https:\/\/elregionalvm.com.ar\/noticias-villa-maria\/wp-json\/wp\/v2\/categories?post=80968"},{"taxonomy":"post_tag","embeddable":true,"href":"https:\/\/elregionalvm.com.ar\/noticias-villa-maria\/wp-json\/wp\/v2\/tags?post=80968"}],"curies":[{"name":"wp","href":"https:\/\/api.w.org\/{rel}","templated":true}]}}