{"id":80973,"date":"2023-08-11T21:07:04","date_gmt":"2023-08-11T21:07:04","guid":{"rendered":"https:\/\/elregionalvm.com.ar\/noticias-villa-maria\/?p=80973"},"modified":"2023-08-11T21:07:08","modified_gmt":"2023-08-11T21:07:08","slug":"en-el-dia-del-arbol-el-municipio-sumo-especies-nativas-en-espacios-publicos","status":"publish","type":"post","link":"https:\/\/elregionalvm.com.ar\/noticias-villa-maria\/en-el-dia-del-arbol-el-municipio-sumo-especies-nativas-en-espacios-publicos\/","title":{"rendered":"En el D\u00eda del \u00c1rbol, el municipio sum\u00f3 especies nativas en espacios p\u00fablicos"},"content":{"rendered":"\n<p>Como todos los a\u00f1os, el 11 de agosto se celebra el D\u00eda del \u00c1rbol establecido por ordenanza municipal; y el Gobierno local lleva adelante una serie de actividades para resaltar la importancia de este recurso natural. <\/p>\n\n\n\n<p>Una de las iniciativas se llev\u00f3 a cabo en el Skate Park, donde el intendente Mart\u00edn Gill, junto a ni\u00f1os y ni\u00f1as del jard\u00edn de infantes Antonio Sobral, participaron de la plantaci\u00f3n de once especies arb\u00f3reas, con ejemplares de tipas blancas y lapachos rosados.<\/p>\n\n\n\n<p>Desde la Subsecretar\u00eda de Ambiente, se realizan tareas de relevamiento, para identificar los sectores de la ciudad que necesitan reforzar la densidad de \u00e1rboles, y en esta oportunidad se eligi\u00f3 el espacio recreativo ubicado en la intersecci\u00f3n de calle Antonio Sobral y Tucum\u00e1n, como tambi\u00e9n en la plazoleta contigua al Centro de Promoci\u00f3n Familiar Las Ranitas Saltarinas, en barrio San Mart\u00edn.<\/p>\n\n\n\n<p>En este sentido, y a trav\u00e9s de un convenio pautado con la firma Sancor Seguros, el mandatario local junto a los peque\u00f1os de la instituci\u00f3n educativa plantaron una decena de \u00e1rboles en el per\u00edmetro del Skate Park, combinando especies de tipas blancas y lapachos rosados.<\/p>\n\n\n\n<p>Previamente, el espacio de juegos colindante con el jard\u00edn municipal de barrio San Mart\u00edn, fue el lugar elegido para realizar un trabajo similar en conjunto con los ni\u00f1os y ni\u00f1as que asisten al espacio de la primera infancia. All\u00ed se plantaron cinco unidades, entre especies de pezu\u00f1as de vaca y fresno.<\/p>\n\n\n\n<p>La forestaci\u00f3n de los espacios p\u00fablicos representa un compromiso con el medio ambiente ya que la diversidad de \u00e1rboles contribuye a la oxigenaci\u00f3n del aire, protege el suelo y reduce los efectos del calentamiento global. <\/p>\n\n\n\n<p>Adem\u00e1s se busca siempre trabajar con especies nativas que contribuyan a preservar el paisaje natural para el equilibrio de la biodiversidad local. <\/p>\n\n\n\n<p>Acompa\u00f1aron en el desarrollo de la actividad el secretario de Ambiente, Obras y Servicios P\u00fablicos, Omar Regueira, junto a su par de Gobierno, Asuntos Legales y Seguridad Ciudadana, Eduardo Rodr\u00edguez, y el titular del \u00e1rea ambiental, Germ\u00e1n Tissera.<\/p>\n","protected":false},"excerpt":{"rendered":"<p>Como todos los a\u00f1os, el 11 de agosto se celebra el D\u00eda del \u00c1rbol establecido por ordenanza municipal; y el Gobierno local lleva adelante una serie de actividades para resaltar la importancia de este recurso natural. Una de las iniciativas se llev\u00f3 a cabo en el Skate Park, donde el intendente Mart\u00edn Gill, junto a [&hellip;]<\/p>\n","protected":false},"author":4,"featured_media":80974,"comment_status":"open","ping_status":"open","sticky":false,"template":"","format":"standard","meta":{"site-sidebar-layout":"default","site-content-layout":"","ast-site-content-layout":"default","site-content-style":"default","site-sidebar-style":"default","ast-global-header-display":"","ast-banner-title-visibility":"","ast-main-header-display":"","ast-hfb-above-header-display":"","ast-hfb-below-header-display":"","ast-hfb-mobile-header-display":"","site-post-title":"","ast-breadcrumbs-content":"","ast-featured-img":"","footer-sml-layout":"","ast-disable-related-posts":"","theme-transparent-header-meta":"","adv-header-id-meta":"","stick-header-meta":"","header-above-stick-meta":"","header-main-stick-meta":"","header-below-stick-meta":"","astra-migrate-meta-layouts":"default","ast-page-background-enabled":"default","ast-page-background-meta":{"desktop":{"background-color":"","background-image":"","background-repeat":"repeat","background-position":"center center","background-size":"auto","background-attachment":"scroll","background-type":"","background-media":"","overlay-type":"","overlay-color":"","overlay-opacity":"","overlay-gradient":""},"tablet":{"background-color":"","background-image":"","background-repeat":"repeat","background-position":"center center","background-size":"auto","background-attachment":"scroll","background-type":"","background-media":"","overlay-type":"","overlay-color":"","overlay-opacity":"","overlay-gradient":""},"mobile":{"background-color":"","background-image":"","background-repeat":"repeat","background-position":"center center","background-size":"auto","background-attachment":"scroll","background-type":"","background-media":"","overlay-type":"","overlay-color":"","overlay-opacity":"","overlay-gradient":""}},"ast-content-background-meta":{"desktop":{"background-color":"var(--ast-global-color-5)","background-image":"","background-repeat":"repeat","background-position":"center center","background-size":"auto","background-attachment":"scroll","background-type":"","background-media":"","overlay-type":"","overlay-color":"","overlay-opacity":"","overlay-gradient":""},"tablet":{"background-color":"var(--ast-global-color-5)","background-image":"","background-repeat":"repeat","background-position":"center center","background-size":"auto","background-attachment":"scroll","background-type":"","background-media":"","overlay-type":"","overlay-color":"","overlay-opacity":"","overlay-gradient":""},"mobile":{"background-color":"var(--ast-global-color-5)","background-image":"","background-repeat":"repeat","background-position":"center center","background-size":"auto","background-attachment":"scroll","background-type":"","background-media":"","overlay-type":"","overlay-color":"","overlay-opacity":"","overlay-gradient":""}},"_jetpack_memberships_contains_paid_content":false,"_joinchat":[],"footnotes":""},"categories":[5,2],"tags":[],"class_list":["post-80973","post","type-post","status-publish","format-standard","has-post-thumbnail","hentry","category-sociedad","category-villa-maria"],"yoast_head":"<!-- This site is optimized with the Yoast SEO plugin v26.8 - https:\/\/yoast.com\/product\/yoast-seo-wordpress\/ -->\n<title>En el D\u00eda del \u00c1rbol, el municipio sum\u00f3 especies nativas en espacios p\u00fablicos - El Regional<\/title>\n<meta name=\"robots\" content=\"index, follow, max-snippet:-1, max-image-preview:large, max-video-preview:-1\" \/>\n<link rel=\"canonical\" href=\"http:\/\/elregionalvm.com.ar\/noticias-villa-maria\/en-el-dia-del-arbol-el-municipio-sumo-especies-nativas-en-espacios-publicos\/\" \/>\n<meta property=\"og:locale\" content=\"es_ES\" \/>\n<meta property=\"og:type\" content=\"article\" \/>\n<meta property=\"og:title\" content=\"En el D\u00eda del \u00c1rbol, el municipio sum\u00f3 especies nativas en espacios p\u00fablicos - El Regional\" \/>\n<meta property=\"og:description\" content=\"Como todos los a\u00f1os, el 11 de agosto se celebra el D\u00eda del \u00c1rbol establecido por ordenanza municipal; y el Gobierno local lleva adelante una serie de actividades para resaltar la importancia de este recurso natural. Una de las iniciativas se llev\u00f3 a cabo en el Skate Park, donde el intendente Mart\u00edn Gill, junto a [&hellip;]\" \/>\n<meta property=\"og:url\" content=\"http:\/\/elregionalvm.com.ar\/noticias-villa-maria\/en-el-dia-del-arbol-el-municipio-sumo-especies-nativas-en-espacios-publicos\/\" \/>\n<meta property=\"og:site_name\" content=\"El Regional\" \/>\n<meta property=\"article:publisher\" content=\"https:\/\/www.facebook.com\/elregionalvm\" \/>\n<meta property=\"article:published_time\" content=\"2023-08-11T21:07:04+00:00\" \/>\n<meta property=\"article:modified_time\" content=\"2023-08-11T21:07:08+00:00\" \/>\n<meta property=\"og:image\" content=\"http:\/\/elregionalvm.com.ar\/noticias-villa-maria\/wp-content\/uploads\/2023\/08\/WhatsApp-Image-2023-08-11-at-13.00.51.jpeg\" \/>\n\t<meta property=\"og:image:width\" content=\"1280\" \/>\n\t<meta property=\"og:image:height\" content=\"853\" \/>\n\t<meta property=\"og:image:type\" content=\"image\/jpeg\" \/>\n<meta name=\"author\" content=\"Contenidos El Regional\" \/>\n<meta name=\"twitter:card\" content=\"summary_large_image\" \/>\n<meta name=\"twitter:creator\" content=\"@elregionalvm1\" \/>\n<meta name=\"twitter:site\" content=\"@elregionalvm1\" \/>\n<meta name=\"twitter:label1\" content=\"Escrito por\" \/>\n\t<meta name=\"twitter:data1\" content=\"Contenidos El Regional\" \/>\n\t<meta name=\"twitter:label2\" content=\"Tiempo de lectura\" \/>\n\t<meta name=\"twitter:data2\" content=\"2 minutos\" \/>\n<script type=\"application\/ld+json\" class=\"yoast-schema-graph\">{\"@context\":\"https:\/\/schema.org\",\"@graph\":[{\"@type\":\"Article\",\"@id\":\"http:\/\/elregionalvm.com.ar\/noticias-villa-maria\/en-el-dia-del-arbol-el-municipio-sumo-especies-nativas-en-espacios-publicos\/#article\",\"isPartOf\":{\"@id\":\"http:\/\/elregionalvm.com.ar\/noticias-villa-maria\/en-el-dia-del-arbol-el-municipio-sumo-especies-nativas-en-espacios-publicos\/\"},\"author\":{\"name\":\"Contenidos El Regional\",\"@id\":\"http:\/\/elregionalvm.com.ar\/noticias-villa-maria\/#\/schema\/person\/a0fb9c422317faca23d50163151bc354\"},\"headline\":\"En el D\u00eda del \u00c1rbol, el municipio sum\u00f3 especies nativas en espacios p\u00fablicos\",\"datePublished\":\"2023-08-11T21:07:04+00:00\",\"dateModified\":\"2023-08-11T21:07:08+00:00\",\"mainEntityOfPage\":{\"@id\":\"http:\/\/elregionalvm.com.ar\/noticias-villa-maria\/en-el-dia-del-arbol-el-municipio-sumo-especies-nativas-en-espacios-publicos\/\"},\"wordCount\":377,\"commentCount\":0,\"image\":{\"@id\":\"http:\/\/elregionalvm.com.ar\/noticias-villa-maria\/en-el-dia-del-arbol-el-municipio-sumo-especies-nativas-en-espacios-publicos\/#primaryimage\"},\"thumbnailUrl\":\"https:\/\/i0.wp.com\/elregionalvm.com.ar\/noticias-villa-maria\/wp-content\/uploads\/2023\/08\/WhatsApp-Image-2023-08-11-at-13.00.51.jpeg?fit=1280%2C853&ssl=1\",\"articleSection\":[\"Sociedad\",\"Villa Mar\u00eda\"],\"inLanguage\":\"es\",\"potentialAction\":[{\"@type\":\"CommentAction\",\"name\":\"Comment\",\"target\":[\"http:\/\/elregionalvm.com.ar\/noticias-villa-maria\/en-el-dia-del-arbol-el-municipio-sumo-especies-nativas-en-espacios-publicos\/#respond\"]}]},{\"@type\":\"WebPage\",\"@id\":\"http:\/\/elregionalvm.com.ar\/noticias-villa-maria\/en-el-dia-del-arbol-el-municipio-sumo-especies-nativas-en-espacios-publicos\/\",\"url\":\"http:\/\/elregionalvm.com.ar\/noticias-villa-maria\/en-el-dia-del-arbol-el-municipio-sumo-especies-nativas-en-espacios-publicos\/\",\"name\":\"En el D\u00eda del \u00c1rbol, el municipio sum\u00f3 especies nativas en espacios p\u00fablicos - El Regional\",\"isPartOf\":{\"@id\":\"http:\/\/elregionalvm.com.ar\/noticias-villa-maria\/#website\"},\"primaryImageOfPage\":{\"@id\":\"http:\/\/elregionalvm.com.ar\/noticias-villa-maria\/en-el-dia-del-arbol-el-municipio-sumo-especies-nativas-en-espacios-publicos\/#primaryimage\"},\"image\":{\"@id\":\"http:\/\/elregionalvm.com.ar\/noticias-villa-maria\/en-el-dia-del-arbol-el-municipio-sumo-especies-nativas-en-espacios-publicos\/#primaryimage\"},\"thumbnailUrl\":\"https:\/\/i0.wp.com\/elregionalvm.com.ar\/noticias-villa-maria\/wp-content\/uploads\/2023\/08\/WhatsApp-Image-2023-08-11-at-13.00.51.jpeg?fit=1280%2C853&ssl=1\",\"datePublished\":\"2023-08-11T21:07:04+00:00\",\"dateModified\":\"2023-08-11T21:07:08+00:00\",\"author\":{\"@id\":\"http:\/\/elregionalvm.com.ar\/noticias-villa-maria\/#\/schema\/person\/a0fb9c422317faca23d50163151bc354\"},\"breadcrumb\":{\"@id\":\"http:\/\/elregionalvm.com.ar\/noticias-villa-maria\/en-el-dia-del-arbol-el-municipio-sumo-especies-nativas-en-espacios-publicos\/#breadcrumb\"},\"inLanguage\":\"es\",\"potentialAction\":[{\"@type\":\"ReadAction\",\"target\":[\"http:\/\/elregionalvm.com.ar\/noticias-villa-maria\/en-el-dia-del-arbol-el-municipio-sumo-especies-nativas-en-espacios-publicos\/\"]}]},{\"@type\":\"ImageObject\",\"inLanguage\":\"es\",\"@id\":\"http:\/\/elregionalvm.com.ar\/noticias-villa-maria\/en-el-dia-del-arbol-el-municipio-sumo-especies-nativas-en-espacios-publicos\/#primaryimage\",\"url\":\"https:\/\/i0.wp.com\/elregionalvm.com.ar\/noticias-villa-maria\/wp-content\/uploads\/2023\/08\/WhatsApp-Image-2023-08-11-at-13.00.51.jpeg?fit=1280%2C853&ssl=1\",\"contentUrl\":\"https:\/\/i0.wp.com\/elregionalvm.com.ar\/noticias-villa-maria\/wp-content\/uploads\/2023\/08\/WhatsApp-Image-2023-08-11-at-13.00.51.jpeg?fit=1280%2C853&ssl=1\",\"width\":1280,\"height\":853},{\"@type\":\"BreadcrumbList\",\"@id\":\"http:\/\/elregionalvm.com.ar\/noticias-villa-maria\/en-el-dia-del-arbol-el-municipio-sumo-especies-nativas-en-espacios-publicos\/#breadcrumb\",\"itemListElement\":[{\"@type\":\"ListItem\",\"position\":1,\"name\":\"Portada\",\"item\":\"https:\/\/elregionalvm.com.ar\/noticias-villa-maria\/\"},{\"@type\":\"ListItem\",\"position\":2,\"name\":\"En el D\u00eda del \u00c1rbol, el municipio sum\u00f3 especies nativas en espacios p\u00fablicos\"}]},{\"@type\":\"WebSite\",\"@id\":\"http:\/\/elregionalvm.com.ar\/noticias-villa-maria\/#website\",\"url\":\"http:\/\/elregionalvm.com.ar\/noticias-villa-maria\/\",\"name\":\"El Regional\",\"description\":\"Mucho m\u00e1s que informaci\u00f3n\",\"potentialAction\":[{\"@type\":\"SearchAction\",\"target\":{\"@type\":\"EntryPoint\",\"urlTemplate\":\"http:\/\/elregionalvm.com.ar\/noticias-villa-maria\/?s={search_term_string}\"},\"query-input\":{\"@type\":\"PropertyValueSpecification\",\"valueRequired\":true,\"valueName\":\"search_term_string\"}}],\"inLanguage\":\"es\"},{\"@type\":\"Person\",\"@id\":\"http:\/\/elregionalvm.com.ar\/noticias-villa-maria\/#\/schema\/person\/a0fb9c422317faca23d50163151bc354\",\"name\":\"Contenidos El Regional\",\"image\":{\"@type\":\"ImageObject\",\"inLanguage\":\"es\",\"@id\":\"http:\/\/elregionalvm.com.ar\/noticias-villa-maria\/#\/schema\/person\/image\/\",\"url\":\"https:\/\/secure.gravatar.com\/avatar\/265b27cb2209af7bb3a1318f03305787d7981a5cc6e6cd08fe5a4ecdf99d4b48?s=96&d=mm&r=g\",\"contentUrl\":\"https:\/\/secure.gravatar.com\/avatar\/265b27cb2209af7bb3a1318f03305787d7981a5cc6e6cd08fe5a4ecdf99d4b48?s=96&d=mm&r=g\",\"caption\":\"Contenidos El Regional\"},\"url\":\"https:\/\/elregionalvm.com.ar\/noticias-villa-maria\/author\/contenido\/\"}]}<\/script>\n<!-- \/ Yoast SEO plugin. -->","yoast_head_json":{"title":"En el D\u00eda del \u00c1rbol, el municipio sum\u00f3 especies nativas en espacios p\u00fablicos - El Regional","robots":{"index":"index","follow":"follow","max-snippet":"max-snippet:-1","max-image-preview":"max-image-preview:large","max-video-preview":"max-video-preview:-1"},"canonical":"http:\/\/elregionalvm.com.ar\/noticias-villa-maria\/en-el-dia-del-arbol-el-municipio-sumo-especies-nativas-en-espacios-publicos\/","og_locale":"es_ES","og_type":"article","og_title":"En el D\u00eda del \u00c1rbol, el municipio sum\u00f3 especies nativas en espacios p\u00fablicos - El Regional","og_description":"Como todos los a\u00f1os, el 11 de agosto se celebra el D\u00eda del \u00c1rbol establecido por ordenanza municipal; y el Gobierno local lleva adelante una serie de actividades para resaltar la importancia de este recurso natural. Una de las iniciativas se llev\u00f3 a cabo en el Skate Park, donde el intendente Mart\u00edn Gill, junto a [&hellip;]","og_url":"http:\/\/elregionalvm.com.ar\/noticias-villa-maria\/en-el-dia-del-arbol-el-municipio-sumo-especies-nativas-en-espacios-publicos\/","og_site_name":"El Regional","article_publisher":"https:\/\/www.facebook.com\/elregionalvm","article_published_time":"2023-08-11T21:07:04+00:00","article_modified_time":"2023-08-11T21:07:08+00:00","og_image":[{"width":1280,"height":853,"url":"http:\/\/elregionalvm.com.ar\/noticias-villa-maria\/wp-content\/uploads\/2023\/08\/WhatsApp-Image-2023-08-11-at-13.00.51.jpeg","type":"image\/jpeg"}],"author":"Contenidos El Regional","twitter_card":"summary_large_image","twitter_creator":"@elregionalvm1","twitter_site":"@elregionalvm1","twitter_misc":{"Escrito por":"Contenidos El Regional","Tiempo de lectura":"2 minutos"},"schema":{"@context":"https:\/\/schema.org","@graph":[{"@type":"Article","@id":"http:\/\/elregionalvm.com.ar\/noticias-villa-maria\/en-el-dia-del-arbol-el-municipio-sumo-especies-nativas-en-espacios-publicos\/#article","isPartOf":{"@id":"http:\/\/elregionalvm.com.ar\/noticias-villa-maria\/en-el-dia-del-arbol-el-municipio-sumo-especies-nativas-en-espacios-publicos\/"},"author":{"name":"Contenidos El Regional","@id":"http:\/\/elregionalvm.com.ar\/noticias-villa-maria\/#\/schema\/person\/a0fb9c422317faca23d50163151bc354"},"headline":"En el D\u00eda del \u00c1rbol, el municipio sum\u00f3 especies nativas en espacios p\u00fablicos","datePublished":"2023-08-11T21:07:04+00:00","dateModified":"2023-08-11T21:07:08+00:00","mainEntityOfPage":{"@id":"http:\/\/elregionalvm.com.ar\/noticias-villa-maria\/en-el-dia-del-arbol-el-municipio-sumo-especies-nativas-en-espacios-publicos\/"},"wordCount":377,"commentCount":0,"image":{"@id":"http:\/\/elregionalvm.com.ar\/noticias-villa-maria\/en-el-dia-del-arbol-el-municipio-sumo-especies-nativas-en-espacios-publicos\/#primaryimage"},"thumbnailUrl":"https:\/\/i0.wp.com\/elregionalvm.com.ar\/noticias-villa-maria\/wp-content\/uploads\/2023\/08\/WhatsApp-Image-2023-08-11-at-13.00.51.jpeg?fit=1280%2C853&ssl=1","articleSection":["Sociedad","Villa Mar\u00eda"],"inLanguage":"es","potentialAction":[{"@type":"CommentAction","name":"Comment","target":["http:\/\/elregionalvm.com.ar\/noticias-villa-maria\/en-el-dia-del-arbol-el-municipio-sumo-especies-nativas-en-espacios-publicos\/#respond"]}]},{"@type":"WebPage","@id":"http:\/\/elregionalvm.com.ar\/noticias-villa-maria\/en-el-dia-del-arbol-el-municipio-sumo-especies-nativas-en-espacios-publicos\/","url":"http:\/\/elregionalvm.com.ar\/noticias-villa-maria\/en-el-dia-del-arbol-el-municipio-sumo-especies-nativas-en-espacios-publicos\/","name":"En el D\u00eda del \u00c1rbol, el municipio sum\u00f3 especies nativas en espacios p\u00fablicos - El Regional","isPartOf":{"@id":"http:\/\/elregionalvm.com.ar\/noticias-villa-maria\/#website"},"primaryImageOfPage":{"@id":"http:\/\/elregionalvm.com.ar\/noticias-villa-maria\/en-el-dia-del-arbol-el-municipio-sumo-especies-nativas-en-espacios-publicos\/#primaryimage"},"image":{"@id":"http:\/\/elregionalvm.com.ar\/noticias-villa-maria\/en-el-dia-del-arbol-el-municipio-sumo-especies-nativas-en-espacios-publicos\/#primaryimage"},"thumbnailUrl":"https:\/\/i0.wp.com\/elregionalvm.com.ar\/noticias-villa-maria\/wp-content\/uploads\/2023\/08\/WhatsApp-Image-2023-08-11-at-13.00.51.jpeg?fit=1280%2C853&ssl=1","datePublished":"2023-08-11T21:07:04+00:00","dateModified":"2023-08-11T21:07:08+00:00","author":{"@id":"http:\/\/elregionalvm.com.ar\/noticias-villa-maria\/#\/schema\/person\/a0fb9c422317faca23d50163151bc354"},"breadcrumb":{"@id":"http:\/\/elregionalvm.com.ar\/noticias-villa-maria\/en-el-dia-del-arbol-el-municipio-sumo-especies-nativas-en-espacios-publicos\/#breadcrumb"},"inLanguage":"es","potentialAction":[{"@type":"ReadAction","target":["http:\/\/elregionalvm.com.ar\/noticias-villa-maria\/en-el-dia-del-arbol-el-municipio-sumo-especies-nativas-en-espacios-publicos\/"]}]},{"@type":"ImageObject","inLanguage":"es","@id":"http:\/\/elregionalvm.com.ar\/noticias-villa-maria\/en-el-dia-del-arbol-el-municipio-sumo-especies-nativas-en-espacios-publicos\/#primaryimage","url":"https:\/\/i0.wp.com\/elregionalvm.com.ar\/noticias-villa-maria\/wp-content\/uploads\/2023\/08\/WhatsApp-Image-2023-08-11-at-13.00.51.jpeg?fit=1280%2C853&ssl=1","contentUrl":"https:\/\/i0.wp.com\/elregionalvm.com.ar\/noticias-villa-maria\/wp-content\/uploads\/2023\/08\/WhatsApp-Image-2023-08-11-at-13.00.51.jpeg?fit=1280%2C853&ssl=1","width":1280,"height":853},{"@type":"BreadcrumbList","@id":"http:\/\/elregionalvm.com.ar\/noticias-villa-maria\/en-el-dia-del-arbol-el-municipio-sumo-especies-nativas-en-espacios-publicos\/#breadcrumb","itemListElement":[{"@type":"ListItem","position":1,"name":"Portada","item":"https:\/\/elregionalvm.com.ar\/noticias-villa-maria\/"},{"@type":"ListItem","position":2,"name":"En el D\u00eda del \u00c1rbol, el municipio sum\u00f3 especies nativas en espacios p\u00fablicos"}]},{"@type":"WebSite","@id":"http:\/\/elregionalvm.com.ar\/noticias-villa-maria\/#website","url":"http:\/\/elregionalvm.com.ar\/noticias-villa-maria\/","name":"El Regional","description":"Mucho m\u00e1s que informaci\u00f3n","potentialAction":[{"@type":"SearchAction","target":{"@type":"EntryPoint","urlTemplate":"http:\/\/elregionalvm.com.ar\/noticias-villa-maria\/?s={search_term_string}"},"query-input":{"@type":"PropertyValueSpecification","valueRequired":true,"valueName":"search_term_string"}}],"inLanguage":"es"},{"@type":"Person","@id":"http:\/\/elregionalvm.com.ar\/noticias-villa-maria\/#\/schema\/person\/a0fb9c422317faca23d50163151bc354","name":"Contenidos El Regional","image":{"@type":"ImageObject","inLanguage":"es","@id":"http:\/\/elregionalvm.com.ar\/noticias-villa-maria\/#\/schema\/person\/image\/","url":"https:\/\/secure.gravatar.com\/avatar\/265b27cb2209af7bb3a1318f03305787d7981a5cc6e6cd08fe5a4ecdf99d4b48?s=96&d=mm&r=g","contentUrl":"https:\/\/secure.gravatar.com\/avatar\/265b27cb2209af7bb3a1318f03305787d7981a5cc6e6cd08fe5a4ecdf99d4b48?s=96&d=mm&r=g","caption":"Contenidos El Regional"},"url":"https:\/\/elregionalvm.com.ar\/noticias-villa-maria\/author\/contenido\/"}]}},"jetpack_featured_media_url":"https:\/\/i0.wp.com\/elregionalvm.com.ar\/noticias-villa-maria\/wp-content\/uploads\/2023\/08\/WhatsApp-Image-2023-08-11-at-13.00.51.jpeg?fit=1280%2C853&ssl=1","jetpack_sharing_enabled":true,"_links":{"self":[{"href":"https:\/\/elregionalvm.com.ar\/noticias-villa-maria\/wp-json\/wp\/v2\/posts\/80973","targetHints":{"allow":["GET"]}}],"collection":[{"href":"https:\/\/elregionalvm.com.ar\/noticias-villa-maria\/wp-json\/wp\/v2\/posts"}],"about":[{"href":"https:\/\/elregionalvm.com.ar\/noticias-villa-maria\/wp-json\/wp\/v2\/types\/post"}],"author":[{"embeddable":true,"href":"https:\/\/elregionalvm.com.ar\/noticias-villa-maria\/wp-json\/wp\/v2\/users\/4"}],"replies":[{"embeddable":true,"href":"https:\/\/elregionalvm.com.ar\/noticias-villa-maria\/wp-json\/wp\/v2\/comments?post=80973"}],"version-history":[{"count":1,"href":"https:\/\/elregionalvm.com.ar\/noticias-villa-maria\/wp-json\/wp\/v2\/posts\/80973\/revisions"}],"predecessor-version":[{"id":80975,"href":"https:\/\/elregionalvm.com.ar\/noticias-villa-maria\/wp-json\/wp\/v2\/posts\/80973\/revisions\/80975"}],"wp:featuredmedia":[{"embeddable":true,"href":"https:\/\/elregionalvm.com.ar\/noticias-villa-maria\/wp-json\/wp\/v2\/media\/80974"}],"wp:attachment":[{"href":"https:\/\/elregionalvm.com.ar\/noticias-villa-maria\/wp-json\/wp\/v2\/media?parent=80973"}],"wp:term":[{"taxonomy":"category","embeddable":true,"href":"https:\/\/elregionalvm.com.ar\/noticias-villa-maria\/wp-json\/wp\/v2\/categories?post=80973"},{"taxonomy":"post_tag","embeddable":true,"href":"https:\/\/elregionalvm.com.ar\/noticias-villa-maria\/wp-json\/wp\/v2\/tags?post=80973"}],"curies":[{"name":"wp","href":"https:\/\/api.w.org\/{rel}","templated":true}]}}