{"id":80986,"date":"2023-08-11T21:26:01","date_gmt":"2023-08-11T21:26:01","guid":{"rendered":"https:\/\/elregionalvm.com.ar\/noticias-villa-maria\/?p=80986"},"modified":"2023-08-11T21:26:03","modified_gmt":"2023-08-11T21:26:03","slug":"no-quedan-focos-de-incendio-activos-y-continua-el-alerta-por-riesgo-extremo","status":"publish","type":"post","link":"https:\/\/elregionalvm.com.ar\/noticias-villa-maria\/no-quedan-focos-de-incendio-activos-y-continua-el-alerta-por-riesgo-extremo\/","title":{"rendered":"No quedan focos de incendio activos y contin\u00faa el alerta por riesgo extremo"},"content":{"rendered":"\n<p>Desde la&nbsp;<strong>Secretar\u00eda de Gesti\u00f3n de Riesgo&nbsp;<\/strong>del Ministerio de Gobierno y Seguridad informaron que, por el momento,&nbsp;<strong>no existen focos de incendios activos<\/strong>&nbsp;en la provincia.<\/p>\n\n\n\n<p>Con respecto a&nbsp;<strong>los focos de ayer,&nbsp;<\/strong><em><strong>\u201cest\u00e1n en guardia de ceniza, por lo que estaremos atentos, cuidando que no que no se reactiven<\/strong>\u201d<\/em>, asegur\u00f3 Claudio Vignetta, titular de la cartera.<\/p>\n\n\n\n<p>Adem\u00e1s, se recuerda a la poblaci\u00f3n que\u00a0<strong>la provincia contin\u00faa en situaci\u00f3n de alerta extrema de incendios forestales<\/strong>. En este sentido, Vignetta asegur\u00f3:\u00a0<em>\u201c<strong>Debido a la meteorolog\u00eda actual, las condiciones de peligro de incendios se mantendr\u00e1n EXTREMAS hasta el d\u00eda lunes<\/strong>\u00ab.<\/em><strong><em>Audio:<\/em><\/strong>\u00a0Claudio Vignetta.<\/p>\n\n\n\n<h3 class=\"wp-block-heading\"><strong>\u00cdndice de Peligro de Incendios Forestales para hoy y los pr\u00f3ximos d\u00edas:&nbsp;<\/strong><\/h3>\n\n\n\n<ul class=\"wp-block-list\"><li><strong>Viernes 11\/08 Extremo<\/strong><\/li><li><strong>S\u00e1bado 12\/08 Extremo<\/strong><\/li><li><strong>Domingo 13\/08 Extremo<\/strong><\/li><li><strong>Lunes 14\/08 Extremo<\/strong><\/li><\/ul>\n","protected":false},"excerpt":{"rendered":"<p>Desde la&nbsp;Secretar\u00eda de Gesti\u00f3n de Riesgo&nbsp;del Ministerio de Gobierno y Seguridad informaron que, por el momento,&nbsp;no existen focos de incendios activos&nbsp;en la provincia. Con respecto a&nbsp;los focos de ayer,&nbsp;\u201cest\u00e1n en guardia de ceniza, por lo que estaremos atentos, cuidando que no que no se reactiven\u201d, asegur\u00f3 Claudio Vignetta, titular de la cartera. Adem\u00e1s, se recuerda [&hellip;]<\/p>\n","protected":false},"author":4,"featured_media":80987,"comment_status":"open","ping_status":"open","sticky":false,"template":"","format":"standard","meta":{"site-sidebar-layout":"default","site-content-layout":"","ast-site-content-layout":"default","site-content-style":"default","site-sidebar-style":"default","ast-global-header-display":"","ast-banner-title-visibility":"","ast-main-header-display":"","ast-hfb-above-header-display":"","ast-hfb-below-header-display":"","ast-hfb-mobile-header-display":"","site-post-title":"","ast-breadcrumbs-content":"","ast-featured-img":"","footer-sml-layout":"","ast-disable-related-posts":"","theme-transparent-header-meta":"","adv-header-id-meta":"","stick-header-meta":"","header-above-stick-meta":"","header-main-stick-meta":"","header-below-stick-meta":"","astra-migrate-meta-layouts":"default","ast-page-background-enabled":"default","ast-page-background-meta":{"desktop":{"background-color":"","background-image":"","background-repeat":"repeat","background-position":"center center","background-size":"auto","background-attachment":"scroll","background-type":"","background-media":"","overlay-type":"","overlay-color":"","overlay-opacity":"","overlay-gradient":""},"tablet":{"background-color":"","background-image":"","background-repeat":"repeat","background-position":"center center","background-size":"auto","background-attachment":"scroll","background-type":"","background-media":"","overlay-type":"","overlay-color":"","overlay-opacity":"","overlay-gradient":""},"mobile":{"background-color":"","background-image":"","background-repeat":"repeat","background-position":"center center","background-size":"auto","background-attachment":"scroll","background-type":"","background-media":"","overlay-type":"","overlay-color":"","overlay-opacity":"","overlay-gradient":""}},"ast-content-background-meta":{"desktop":{"background-color":"var(--ast-global-color-5)","background-image":"","background-repeat":"repeat","background-position":"center center","background-size":"auto","background-attachment":"scroll","background-type":"","background-media":"","overlay-type":"","overlay-color":"","overlay-opacity":"","overlay-gradient":""},"tablet":{"background-color":"var(--ast-global-color-5)","background-image":"","background-repeat":"repeat","background-position":"center center","background-size":"auto","background-attachment":"scroll","background-type":"","background-media":"","overlay-type":"","overlay-color":"","overlay-opacity":"","overlay-gradient":""},"mobile":{"background-color":"var(--ast-global-color-5)","background-image":"","background-repeat":"repeat","background-position":"center center","background-size":"auto","background-attachment":"scroll","background-type":"","background-media":"","overlay-type":"","overlay-color":"","overlay-opacity":"","overlay-gradient":""}},"_jetpack_memberships_contains_paid_content":false,"_joinchat":[],"footnotes":""},"categories":[15302,16095,5],"tags":[],"class_list":["post-80986","post","type-post","status-publish","format-standard","has-post-thumbnail","hentry","category-destacado","category-provinciales","category-sociedad"],"yoast_head":"<!-- This site is optimized with the Yoast SEO plugin v26.8 - https:\/\/yoast.com\/product\/yoast-seo-wordpress\/ -->\n<title>No quedan focos de incendio activos y contin\u00faa el alerta por riesgo extremo - El Regional<\/title>\n<meta name=\"robots\" content=\"index, follow, max-snippet:-1, max-image-preview:large, max-video-preview:-1\" \/>\n<link rel=\"canonical\" href=\"http:\/\/elregionalvm.com.ar\/noticias-villa-maria\/no-quedan-focos-de-incendio-activos-y-continua-el-alerta-por-riesgo-extremo\/\" \/>\n<meta property=\"og:locale\" content=\"es_ES\" \/>\n<meta property=\"og:type\" content=\"article\" \/>\n<meta property=\"og:title\" content=\"No quedan focos de incendio activos y contin\u00faa el alerta por riesgo extremo - El Regional\" \/>\n<meta property=\"og:description\" content=\"Desde la&nbsp;Secretar\u00eda de Gesti\u00f3n de Riesgo&nbsp;del Ministerio de Gobierno y Seguridad informaron que, por el momento,&nbsp;no existen focos de incendios activos&nbsp;en la provincia. Con respecto a&nbsp;los focos de ayer,&nbsp;\u201cest\u00e1n en guardia de ceniza, por lo que estaremos atentos, cuidando que no que no se reactiven\u201d, asegur\u00f3 Claudio Vignetta, titular de la cartera. Adem\u00e1s, se recuerda [&hellip;]\" \/>\n<meta property=\"og:url\" content=\"http:\/\/elregionalvm.com.ar\/noticias-villa-maria\/no-quedan-focos-de-incendio-activos-y-continua-el-alerta-por-riesgo-extremo\/\" \/>\n<meta property=\"og:site_name\" content=\"El Regional\" \/>\n<meta property=\"article:publisher\" content=\"https:\/\/www.facebook.com\/elregionalvm\" \/>\n<meta property=\"article:published_time\" content=\"2023-08-11T21:26:01+00:00\" \/>\n<meta property=\"article:modified_time\" content=\"2023-08-11T21:26:03+00:00\" \/>\n<meta property=\"og:image\" content=\"http:\/\/elregionalvm.com.ar\/noticias-villa-maria\/wp-content\/uploads\/2023\/08\/incendios.jpg\" \/>\n\t<meta property=\"og:image:width\" content=\"993\" \/>\n\t<meta property=\"og:image:height\" content=\"660\" \/>\n\t<meta property=\"og:image:type\" content=\"image\/jpeg\" \/>\n<meta name=\"author\" content=\"Contenidos El Regional\" \/>\n<meta name=\"twitter:card\" content=\"summary_large_image\" \/>\n<meta name=\"twitter:creator\" content=\"@elregionalvm1\" \/>\n<meta name=\"twitter:site\" content=\"@elregionalvm1\" \/>\n<meta name=\"twitter:label1\" content=\"Escrito por\" \/>\n\t<meta name=\"twitter:data1\" content=\"Contenidos El Regional\" \/>\n\t<meta name=\"twitter:label2\" content=\"Tiempo de lectura\" \/>\n\t<meta name=\"twitter:data2\" content=\"1 minuto\" \/>\n<script type=\"application\/ld+json\" class=\"yoast-schema-graph\">{\"@context\":\"https:\/\/schema.org\",\"@graph\":[{\"@type\":\"Article\",\"@id\":\"http:\/\/elregionalvm.com.ar\/noticias-villa-maria\/no-quedan-focos-de-incendio-activos-y-continua-el-alerta-por-riesgo-extremo\/#article\",\"isPartOf\":{\"@id\":\"http:\/\/elregionalvm.com.ar\/noticias-villa-maria\/no-quedan-focos-de-incendio-activos-y-continua-el-alerta-por-riesgo-extremo\/\"},\"author\":{\"name\":\"Contenidos El Regional\",\"@id\":\"http:\/\/elregionalvm.com.ar\/noticias-villa-maria\/#\/schema\/person\/a0fb9c422317faca23d50163151bc354\"},\"headline\":\"No quedan focos de incendio activos y contin\u00faa el alerta por riesgo extremo\",\"datePublished\":\"2023-08-11T21:26:01+00:00\",\"dateModified\":\"2023-08-11T21:26:03+00:00\",\"mainEntityOfPage\":{\"@id\":\"http:\/\/elregionalvm.com.ar\/noticias-villa-maria\/no-quedan-focos-de-incendio-activos-y-continua-el-alerta-por-riesgo-extremo\/\"},\"wordCount\":156,\"commentCount\":0,\"image\":{\"@id\":\"http:\/\/elregionalvm.com.ar\/noticias-villa-maria\/no-quedan-focos-de-incendio-activos-y-continua-el-alerta-por-riesgo-extremo\/#primaryimage\"},\"thumbnailUrl\":\"https:\/\/i0.wp.com\/elregionalvm.com.ar\/noticias-villa-maria\/wp-content\/uploads\/2023\/08\/incendios.jpg?fit=993%2C660&ssl=1\",\"articleSection\":[\"destacado\",\"Provinciales\",\"Sociedad\"],\"inLanguage\":\"es\",\"potentialAction\":[{\"@type\":\"CommentAction\",\"name\":\"Comment\",\"target\":[\"http:\/\/elregionalvm.com.ar\/noticias-villa-maria\/no-quedan-focos-de-incendio-activos-y-continua-el-alerta-por-riesgo-extremo\/#respond\"]}]},{\"@type\":\"WebPage\",\"@id\":\"http:\/\/elregionalvm.com.ar\/noticias-villa-maria\/no-quedan-focos-de-incendio-activos-y-continua-el-alerta-por-riesgo-extremo\/\",\"url\":\"http:\/\/elregionalvm.com.ar\/noticias-villa-maria\/no-quedan-focos-de-incendio-activos-y-continua-el-alerta-por-riesgo-extremo\/\",\"name\":\"No quedan focos de incendio activos y contin\u00faa el alerta por riesgo extremo - El Regional\",\"isPartOf\":{\"@id\":\"http:\/\/elregionalvm.com.ar\/noticias-villa-maria\/#website\"},\"primaryImageOfPage\":{\"@id\":\"http:\/\/elregionalvm.com.ar\/noticias-villa-maria\/no-quedan-focos-de-incendio-activos-y-continua-el-alerta-por-riesgo-extremo\/#primaryimage\"},\"image\":{\"@id\":\"http:\/\/elregionalvm.com.ar\/noticias-villa-maria\/no-quedan-focos-de-incendio-activos-y-continua-el-alerta-por-riesgo-extremo\/#primaryimage\"},\"thumbnailUrl\":\"https:\/\/i0.wp.com\/elregionalvm.com.ar\/noticias-villa-maria\/wp-content\/uploads\/2023\/08\/incendios.jpg?fit=993%2C660&ssl=1\",\"datePublished\":\"2023-08-11T21:26:01+00:00\",\"dateModified\":\"2023-08-11T21:26:03+00:00\",\"author\":{\"@id\":\"http:\/\/elregionalvm.com.ar\/noticias-villa-maria\/#\/schema\/person\/a0fb9c422317faca23d50163151bc354\"},\"breadcrumb\":{\"@id\":\"http:\/\/elregionalvm.com.ar\/noticias-villa-maria\/no-quedan-focos-de-incendio-activos-y-continua-el-alerta-por-riesgo-extremo\/#breadcrumb\"},\"inLanguage\":\"es\",\"potentialAction\":[{\"@type\":\"ReadAction\",\"target\":[\"http:\/\/elregionalvm.com.ar\/noticias-villa-maria\/no-quedan-focos-de-incendio-activos-y-continua-el-alerta-por-riesgo-extremo\/\"]}]},{\"@type\":\"ImageObject\",\"inLanguage\":\"es\",\"@id\":\"http:\/\/elregionalvm.com.ar\/noticias-villa-maria\/no-quedan-focos-de-incendio-activos-y-continua-el-alerta-por-riesgo-extremo\/#primaryimage\",\"url\":\"https:\/\/i0.wp.com\/elregionalvm.com.ar\/noticias-villa-maria\/wp-content\/uploads\/2023\/08\/incendios.jpg?fit=993%2C660&ssl=1\",\"contentUrl\":\"https:\/\/i0.wp.com\/elregionalvm.com.ar\/noticias-villa-maria\/wp-content\/uploads\/2023\/08\/incendios.jpg?fit=993%2C660&ssl=1\",\"width\":993,\"height\":660},{\"@type\":\"BreadcrumbList\",\"@id\":\"http:\/\/elregionalvm.com.ar\/noticias-villa-maria\/no-quedan-focos-de-incendio-activos-y-continua-el-alerta-por-riesgo-extremo\/#breadcrumb\",\"itemListElement\":[{\"@type\":\"ListItem\",\"position\":1,\"name\":\"Portada\",\"item\":\"https:\/\/elregionalvm.com.ar\/noticias-villa-maria\/\"},{\"@type\":\"ListItem\",\"position\":2,\"name\":\"No quedan focos de incendio activos y contin\u00faa el alerta por riesgo extremo\"}]},{\"@type\":\"WebSite\",\"@id\":\"http:\/\/elregionalvm.com.ar\/noticias-villa-maria\/#website\",\"url\":\"http:\/\/elregionalvm.com.ar\/noticias-villa-maria\/\",\"name\":\"El Regional\",\"description\":\"Mucho m\u00e1s que informaci\u00f3n\",\"potentialAction\":[{\"@type\":\"SearchAction\",\"target\":{\"@type\":\"EntryPoint\",\"urlTemplate\":\"http:\/\/elregionalvm.com.ar\/noticias-villa-maria\/?s={search_term_string}\"},\"query-input\":{\"@type\":\"PropertyValueSpecification\",\"valueRequired\":true,\"valueName\":\"search_term_string\"}}],\"inLanguage\":\"es\"},{\"@type\":\"Person\",\"@id\":\"http:\/\/elregionalvm.com.ar\/noticias-villa-maria\/#\/schema\/person\/a0fb9c422317faca23d50163151bc354\",\"name\":\"Contenidos El Regional\",\"image\":{\"@type\":\"ImageObject\",\"inLanguage\":\"es\",\"@id\":\"http:\/\/elregionalvm.com.ar\/noticias-villa-maria\/#\/schema\/person\/image\/\",\"url\":\"https:\/\/secure.gravatar.com\/avatar\/265b27cb2209af7bb3a1318f03305787d7981a5cc6e6cd08fe5a4ecdf99d4b48?s=96&d=mm&r=g\",\"contentUrl\":\"https:\/\/secure.gravatar.com\/avatar\/265b27cb2209af7bb3a1318f03305787d7981a5cc6e6cd08fe5a4ecdf99d4b48?s=96&d=mm&r=g\",\"caption\":\"Contenidos El Regional\"},\"url\":\"https:\/\/elregionalvm.com.ar\/noticias-villa-maria\/author\/contenido\/\"}]}<\/script>\n<!-- \/ Yoast SEO plugin. -->","yoast_head_json":{"title":"No quedan focos de incendio activos y contin\u00faa el alerta por riesgo extremo - El Regional","robots":{"index":"index","follow":"follow","max-snippet":"max-snippet:-1","max-image-preview":"max-image-preview:large","max-video-preview":"max-video-preview:-1"},"canonical":"http:\/\/elregionalvm.com.ar\/noticias-villa-maria\/no-quedan-focos-de-incendio-activos-y-continua-el-alerta-por-riesgo-extremo\/","og_locale":"es_ES","og_type":"article","og_title":"No quedan focos de incendio activos y contin\u00faa el alerta por riesgo extremo - El Regional","og_description":"Desde la&nbsp;Secretar\u00eda de Gesti\u00f3n de Riesgo&nbsp;del Ministerio de Gobierno y Seguridad informaron que, por el momento,&nbsp;no existen focos de incendios activos&nbsp;en la provincia. Con respecto a&nbsp;los focos de ayer,&nbsp;\u201cest\u00e1n en guardia de ceniza, por lo que estaremos atentos, cuidando que no que no se reactiven\u201d, asegur\u00f3 Claudio Vignetta, titular de la cartera. Adem\u00e1s, se recuerda [&hellip;]","og_url":"http:\/\/elregionalvm.com.ar\/noticias-villa-maria\/no-quedan-focos-de-incendio-activos-y-continua-el-alerta-por-riesgo-extremo\/","og_site_name":"El Regional","article_publisher":"https:\/\/www.facebook.com\/elregionalvm","article_published_time":"2023-08-11T21:26:01+00:00","article_modified_time":"2023-08-11T21:26:03+00:00","og_image":[{"width":993,"height":660,"url":"http:\/\/elregionalvm.com.ar\/noticias-villa-maria\/wp-content\/uploads\/2023\/08\/incendios.jpg","type":"image\/jpeg"}],"author":"Contenidos El Regional","twitter_card":"summary_large_image","twitter_creator":"@elregionalvm1","twitter_site":"@elregionalvm1","twitter_misc":{"Escrito por":"Contenidos El Regional","Tiempo de lectura":"1 minuto"},"schema":{"@context":"https:\/\/schema.org","@graph":[{"@type":"Article","@id":"http:\/\/elregionalvm.com.ar\/noticias-villa-maria\/no-quedan-focos-de-incendio-activos-y-continua-el-alerta-por-riesgo-extremo\/#article","isPartOf":{"@id":"http:\/\/elregionalvm.com.ar\/noticias-villa-maria\/no-quedan-focos-de-incendio-activos-y-continua-el-alerta-por-riesgo-extremo\/"},"author":{"name":"Contenidos El Regional","@id":"http:\/\/elregionalvm.com.ar\/noticias-villa-maria\/#\/schema\/person\/a0fb9c422317faca23d50163151bc354"},"headline":"No quedan focos de incendio activos y contin\u00faa el alerta por riesgo extremo","datePublished":"2023-08-11T21:26:01+00:00","dateModified":"2023-08-11T21:26:03+00:00","mainEntityOfPage":{"@id":"http:\/\/elregionalvm.com.ar\/noticias-villa-maria\/no-quedan-focos-de-incendio-activos-y-continua-el-alerta-por-riesgo-extremo\/"},"wordCount":156,"commentCount":0,"image":{"@id":"http:\/\/elregionalvm.com.ar\/noticias-villa-maria\/no-quedan-focos-de-incendio-activos-y-continua-el-alerta-por-riesgo-extremo\/#primaryimage"},"thumbnailUrl":"https:\/\/i0.wp.com\/elregionalvm.com.ar\/noticias-villa-maria\/wp-content\/uploads\/2023\/08\/incendios.jpg?fit=993%2C660&ssl=1","articleSection":["destacado","Provinciales","Sociedad"],"inLanguage":"es","potentialAction":[{"@type":"CommentAction","name":"Comment","target":["http:\/\/elregionalvm.com.ar\/noticias-villa-maria\/no-quedan-focos-de-incendio-activos-y-continua-el-alerta-por-riesgo-extremo\/#respond"]}]},{"@type":"WebPage","@id":"http:\/\/elregionalvm.com.ar\/noticias-villa-maria\/no-quedan-focos-de-incendio-activos-y-continua-el-alerta-por-riesgo-extremo\/","url":"http:\/\/elregionalvm.com.ar\/noticias-villa-maria\/no-quedan-focos-de-incendio-activos-y-continua-el-alerta-por-riesgo-extremo\/","name":"No quedan focos de incendio activos y contin\u00faa el alerta por riesgo extremo - El Regional","isPartOf":{"@id":"http:\/\/elregionalvm.com.ar\/noticias-villa-maria\/#website"},"primaryImageOfPage":{"@id":"http:\/\/elregionalvm.com.ar\/noticias-villa-maria\/no-quedan-focos-de-incendio-activos-y-continua-el-alerta-por-riesgo-extremo\/#primaryimage"},"image":{"@id":"http:\/\/elregionalvm.com.ar\/noticias-villa-maria\/no-quedan-focos-de-incendio-activos-y-continua-el-alerta-por-riesgo-extremo\/#primaryimage"},"thumbnailUrl":"https:\/\/i0.wp.com\/elregionalvm.com.ar\/noticias-villa-maria\/wp-content\/uploads\/2023\/08\/incendios.jpg?fit=993%2C660&ssl=1","datePublished":"2023-08-11T21:26:01+00:00","dateModified":"2023-08-11T21:26:03+00:00","author":{"@id":"http:\/\/elregionalvm.com.ar\/noticias-villa-maria\/#\/schema\/person\/a0fb9c422317faca23d50163151bc354"},"breadcrumb":{"@id":"http:\/\/elregionalvm.com.ar\/noticias-villa-maria\/no-quedan-focos-de-incendio-activos-y-continua-el-alerta-por-riesgo-extremo\/#breadcrumb"},"inLanguage":"es","potentialAction":[{"@type":"ReadAction","target":["http:\/\/elregionalvm.com.ar\/noticias-villa-maria\/no-quedan-focos-de-incendio-activos-y-continua-el-alerta-por-riesgo-extremo\/"]}]},{"@type":"ImageObject","inLanguage":"es","@id":"http:\/\/elregionalvm.com.ar\/noticias-villa-maria\/no-quedan-focos-de-incendio-activos-y-continua-el-alerta-por-riesgo-extremo\/#primaryimage","url":"https:\/\/i0.wp.com\/elregionalvm.com.ar\/noticias-villa-maria\/wp-content\/uploads\/2023\/08\/incendios.jpg?fit=993%2C660&ssl=1","contentUrl":"https:\/\/i0.wp.com\/elregionalvm.com.ar\/noticias-villa-maria\/wp-content\/uploads\/2023\/08\/incendios.jpg?fit=993%2C660&ssl=1","width":993,"height":660},{"@type":"BreadcrumbList","@id":"http:\/\/elregionalvm.com.ar\/noticias-villa-maria\/no-quedan-focos-de-incendio-activos-y-continua-el-alerta-por-riesgo-extremo\/#breadcrumb","itemListElement":[{"@type":"ListItem","position":1,"name":"Portada","item":"https:\/\/elregionalvm.com.ar\/noticias-villa-maria\/"},{"@type":"ListItem","position":2,"name":"No quedan focos de incendio activos y contin\u00faa el alerta por riesgo extremo"}]},{"@type":"WebSite","@id":"http:\/\/elregionalvm.com.ar\/noticias-villa-maria\/#website","url":"http:\/\/elregionalvm.com.ar\/noticias-villa-maria\/","name":"El Regional","description":"Mucho m\u00e1s que informaci\u00f3n","potentialAction":[{"@type":"SearchAction","target":{"@type":"EntryPoint","urlTemplate":"http:\/\/elregionalvm.com.ar\/noticias-villa-maria\/?s={search_term_string}"},"query-input":{"@type":"PropertyValueSpecification","valueRequired":true,"valueName":"search_term_string"}}],"inLanguage":"es"},{"@type":"Person","@id":"http:\/\/elregionalvm.com.ar\/noticias-villa-maria\/#\/schema\/person\/a0fb9c422317faca23d50163151bc354","name":"Contenidos El Regional","image":{"@type":"ImageObject","inLanguage":"es","@id":"http:\/\/elregionalvm.com.ar\/noticias-villa-maria\/#\/schema\/person\/image\/","url":"https:\/\/secure.gravatar.com\/avatar\/265b27cb2209af7bb3a1318f03305787d7981a5cc6e6cd08fe5a4ecdf99d4b48?s=96&d=mm&r=g","contentUrl":"https:\/\/secure.gravatar.com\/avatar\/265b27cb2209af7bb3a1318f03305787d7981a5cc6e6cd08fe5a4ecdf99d4b48?s=96&d=mm&r=g","caption":"Contenidos El Regional"},"url":"https:\/\/elregionalvm.com.ar\/noticias-villa-maria\/author\/contenido\/"}]}},"jetpack_featured_media_url":"https:\/\/i0.wp.com\/elregionalvm.com.ar\/noticias-villa-maria\/wp-content\/uploads\/2023\/08\/incendios.jpg?fit=993%2C660&ssl=1","jetpack_sharing_enabled":true,"_links":{"self":[{"href":"https:\/\/elregionalvm.com.ar\/noticias-villa-maria\/wp-json\/wp\/v2\/posts\/80986","targetHints":{"allow":["GET"]}}],"collection":[{"href":"https:\/\/elregionalvm.com.ar\/noticias-villa-maria\/wp-json\/wp\/v2\/posts"}],"about":[{"href":"https:\/\/elregionalvm.com.ar\/noticias-villa-maria\/wp-json\/wp\/v2\/types\/post"}],"author":[{"embeddable":true,"href":"https:\/\/elregionalvm.com.ar\/noticias-villa-maria\/wp-json\/wp\/v2\/users\/4"}],"replies":[{"embeddable":true,"href":"https:\/\/elregionalvm.com.ar\/noticias-villa-maria\/wp-json\/wp\/v2\/comments?post=80986"}],"version-history":[{"count":1,"href":"https:\/\/elregionalvm.com.ar\/noticias-villa-maria\/wp-json\/wp\/v2\/posts\/80986\/revisions"}],"predecessor-version":[{"id":80988,"href":"https:\/\/elregionalvm.com.ar\/noticias-villa-maria\/wp-json\/wp\/v2\/posts\/80986\/revisions\/80988"}],"wp:featuredmedia":[{"embeddable":true,"href":"https:\/\/elregionalvm.com.ar\/noticias-villa-maria\/wp-json\/wp\/v2\/media\/80987"}],"wp:attachment":[{"href":"https:\/\/elregionalvm.com.ar\/noticias-villa-maria\/wp-json\/wp\/v2\/media?parent=80986"}],"wp:term":[{"taxonomy":"category","embeddable":true,"href":"https:\/\/elregionalvm.com.ar\/noticias-villa-maria\/wp-json\/wp\/v2\/categories?post=80986"},{"taxonomy":"post_tag","embeddable":true,"href":"https:\/\/elregionalvm.com.ar\/noticias-villa-maria\/wp-json\/wp\/v2\/tags?post=80986"}],"curies":[{"name":"wp","href":"https:\/\/api.w.org\/{rel}","templated":true}]}}