{"id":81621,"date":"2023-08-27T00:33:03","date_gmt":"2023-08-27T00:33:03","guid":{"rendered":"https:\/\/elregionalvm.com.ar\/noticias-villa-maria\/?p=81621"},"modified":"2023-08-29T02:53:24","modified_gmt":"2023-08-29T02:53:24","slug":"historias-el-avion-de-pasajeros-creado-en-argentina-que-no-pudo-ser","status":"publish","type":"post","link":"https:\/\/elregionalvm.com.ar\/noticias-villa-maria\/historias-el-avion-de-pasajeros-creado-en-argentina-que-no-pudo-ser\/","title":{"rendered":"[Historias] El avi\u00f3n de pasajeros creado en Argentina que no pudo ser"},"content":{"rendered":"\n<p><\/p>\n\n\n\n<p><strong>Escribe: JULIO A. BEN\u00cdTEZ \u2013 benitezjulioalberto@gmail.com<\/strong><\/p>\n\n\n\n<p><\/p>\n\n\n\n<p>Corr\u00edan los a\u00f1os 40, el rumbo de la Segunda Guerra Mundial hab\u00eda cambiado y los nazis hab\u00edan perdido la iniciativa, gracias a la contraofensiva montada por los rusos en la batalla de Kursk en julio de 1943.<\/p>\n\n\n\n<p>No solo el avance alem\u00e1n hab\u00eda sido detenido, sino que los rusos ten\u00edan la iniciativa y no se detendr\u00edan hasta llegar a las puertas de Berl\u00edn en abril de 1945.<\/p>\n\n\n\n<p>Era cuesti\u00f3n de tiempo para que la Alemania de Adolfo Hitler fuese cayendo poco a poco y los aliados empezaron a hacer planes para la postguerra, a\u00fan cuando las bombas germanas continuaban devastando a Europa.<\/p>\n\n\n\n<p>Entre los proyectos figuraba la modernizaci\u00f3n de la aviaci\u00f3n comercial, pensando que los aviones que el ej\u00e9rcito estaba usando para transportar tropas y pertrechos de guerra \u2013 como el enorme cuatrimotor Lockheed L-049 Constellation \u2013 pod\u00edan ser f\u00e1cilmente reconvertidos para su uso civil, aunque son limitados y muy ruidosos, con una autonom\u00eda de 6.500 kil\u00f3metros.<\/p>\n\n\n\n<p>Muchos ya miraban de reojo a la tecnolog\u00eda jet, la cual a\u00fan estaba cortando dientes. Las turbinas a reacci\u00f3n son m\u00e1s r\u00e1pidas y silenciosas, pero son \u00e1vidas devoradoras de combustible y su rango m\u00e1ximo es menor que el L-049 y similares de la \u00e9poca.<\/p>\n\n\n\n<p><strong>Modelos de aviones jet<\/strong><\/p>\n\n\n\n<p>Para fines de los a\u00f1os 40, aparecieron tres modelos: el de Havilland Comet (considerado el primer jet de aviaci\u00f3n de la historia), el cual debut\u00f3 en julio de 1949.<\/p>\n\n\n\n<p>Al mes siguiente apareci\u00f3 el Avro Canada C102, el que no pas\u00f3 de la etapa prototipo\u00a0 y nunca se fabric\u00f3, y seis a\u00f1os m\u00e1s tarde apareci\u00f3 el tercer modelo, el Tupolev Tu-104 (Junio de 1955), que puso a la Uni\u00f3n Sovi\u00e9tica en los cielos.<\/p>\n\n\n\n<p>Pero pudo haber existido un cuarto avi\u00f3n jet de pasajeros\u2026 y hubiera sido argentino, el IA 36 C\u00d3NDOR.<\/p>\n\n\n\n<p><\/p>\n\n\n\n<figure class=\"wp-block-image size-large\"><img data-recalc-dims=\"1\" fetchpriority=\"high\" decoding=\"async\" width=\"1024\" height=\"576\" src=\"https:\/\/i0.wp.com\/elregionalvm.com.ar\/noticias-villa-maria\/wp-content\/uploads\/2023\/08\/jet-argentino-condor-3-1.jpg?resize=1024%2C576&#038;ssl=1\" alt=\"\" class=\"wp-image-81628\" srcset=\"https:\/\/i0.wp.com\/elregionalvm.com.ar\/noticias-villa-maria\/wp-content\/uploads\/2023\/08\/jet-argentino-condor-3-1.jpg?resize=1024%2C576&amp;ssl=1 1024w, https:\/\/i0.wp.com\/elregionalvm.com.ar\/noticias-villa-maria\/wp-content\/uploads\/2023\/08\/jet-argentino-condor-3-1.jpg?resize=300%2C169&amp;ssl=1 300w, https:\/\/i0.wp.com\/elregionalvm.com.ar\/noticias-villa-maria\/wp-content\/uploads\/2023\/08\/jet-argentino-condor-3-1.jpg?resize=768%2C432&amp;ssl=1 768w, https:\/\/i0.wp.com\/elregionalvm.com.ar\/noticias-villa-maria\/wp-content\/uploads\/2023\/08\/jet-argentino-condor-3-1.jpg?w=1280&amp;ssl=1 1280w\" sizes=\"(max-width: 1000px) 100vw, 1000px\" \/><\/figure>\n\n\n\n<p><\/p>\n\n\n\n<p>El responsable de este proyecto fue Kurt Tank, el padre del Pulqui I y Pulqui II, un ingeniero alem\u00e1n que trabaj\u00f3 dise\u00f1ando cazas para los nazis durante la Segunda Guerra Mundial y acabado el conflicto qued\u00f3 sin trabajo y, al contrario de muchos de sus pares \u2013que fueron reclutados por estadounidenses y sovi\u00e9ticos\u2013, Tank qued\u00f3 vagando en Europa sin ninguna oferta de trabajo v\u00e1lida, hasta que Per\u00f3n le ofreci\u00f3 empleo, pues quer\u00eda tener un caza propio.<\/p>\n\n\n\n<p><strong>El intento argentino<\/strong><\/p>\n\n\n\n<p>Ya se le hab\u00eda encargado a Emile Dewoitine el desarrollo del plan \u2013un franc\u00e9s que fuera colaboracionista nazi con el gobierno de Vichy durante la guerra, pero no lograba manejar del todo la tecnolog\u00eda jet, ya que lo suyo fueron siempre aviones a h\u00e9lice y el Pulqui I era inestable, dif\u00edcil de pilotear y con deficientes prestaciones.<\/p>\n\n\n\n<p>Por el contrario, Tank estaba m\u00e1s fogueado en esa tecnolog\u00eda y trajo consigo los planos de un caza de bolsillo \u2013el Focke-Wulf Ta 183\u2013 al cual expandi\u00f3 y puli\u00f3 para convertirlo en el Pulqui II, y aunque era superior en muchos aspectos al Pulqui I, a\u00fan le faltaba mucho trabajo para ser caza pr\u00e1ctico y estable.<\/p>\n\n\n\n<p>Lo que llamaba la atenci\u00f3n del IA 36 C\u00d3NDOR era el extra\u00f1o dise\u00f1o del fuselaje, donde la cola era m\u00e1s grande y encapsulaba al espacio dedicado para los pasajeros: ocurr\u00eda que dentro de la cola se encontraban los cinco motores jet que volcaban a una \u00fanica tobera que expulsaba el impulso por la cola del avi\u00f3n.<\/p>\n\n\n\n<p>Esto es lo que se conoce como una configuraci\u00f3n anular de los motores, una idea que nunca lleg\u00f3 a ponerse en pr\u00e1ctica y que figuraba en los planos del caza prototipo Messerschmitt P.1110 y del Heinkel 211 B-1, un avi\u00f3n de transporte de pasajeros dise\u00f1ado experimentalmente por los alemanes a fines de los a\u00f1os 50, pero nunca lleg\u00f3 a materializarse.<\/p>\n\n\n\n<p><\/p>\n\n\n\n<figure class=\"wp-block-image size-large\"><img data-recalc-dims=\"1\" decoding=\"async\" width=\"1024\" height=\"779\" src=\"https:\/\/i0.wp.com\/elregionalvm.com.ar\/noticias-villa-maria\/wp-content\/uploads\/2023\/08\/jet-argentino-condor-2-1.jpg?resize=1024%2C779&#038;ssl=1\" alt=\"\" class=\"wp-image-81627\" srcset=\"https:\/\/i0.wp.com\/elregionalvm.com.ar\/noticias-villa-maria\/wp-content\/uploads\/2023\/08\/jet-argentino-condor-2-1.jpg?resize=1024%2C779&amp;ssl=1 1024w, https:\/\/i0.wp.com\/elregionalvm.com.ar\/noticias-villa-maria\/wp-content\/uploads\/2023\/08\/jet-argentino-condor-2-1.jpg?resize=300%2C228&amp;ssl=1 300w, https:\/\/i0.wp.com\/elregionalvm.com.ar\/noticias-villa-maria\/wp-content\/uploads\/2023\/08\/jet-argentino-condor-2-1.jpg?resize=768%2C585&amp;ssl=1 768w, https:\/\/i0.wp.com\/elregionalvm.com.ar\/noticias-villa-maria\/wp-content\/uploads\/2023\/08\/jet-argentino-condor-2-1.jpg?w=1440&amp;ssl=1 1440w\" sizes=\"(max-width: 1000px) 100vw, 1000px\" \/><\/figure>\n\n\n\n<p><\/p>\n\n\n\n<p>Utilizando el expertie aprendido en el desarrollo del Pulqui II, Tank comenz\u00f3 a desarrollar el prototipo de un avi\u00f3n de pasajeros de mediana envergadura y dotado de motores a reacci\u00f3n. La idea era que se fabricara en masa para formar la flota de la reci\u00e9n constituida Aerol\u00edneas Argentinas (1950).<\/p>\n\n\n\n<p>El desarrollo comenz\u00f3 en 1951 y pronto qued\u00f3 en evidencia que no se trataba de un dise\u00f1o convencional: mientras que los Comet, Avro y Tupolev ten\u00edan las turbinas encastradas en las alas, una decisi\u00f3n de dise\u00f1o que mejoraba la aerodin\u00e1mica pero complicaba en exceso el mantenimiento de los motores, a Tank se le ocurri\u00f3 poner los motores literalmente dentro del avi\u00f3n, en una secci\u00f3n de cola m\u00e1s grande y ancha que el resto del fuselaje&nbsp; y encastrada sobre la secci\u00f3n principal donde estaban los pasajeros.<\/p>\n\n\n\n<p>&nbsp;Los cinco motores Rolls Royce Nene II utilizar\u00edan una tobera \u00fanica, que proyectar\u00eda el impulso a la cola del avi\u00f3n.<\/p>\n\n\n\n<p><strong>Defectos y aciertos<\/strong><\/p>\n\n\n\n<p>Aunque era innovador, a simple vista saltaban los defectos de semejante dise\u00f1o. Los 40 pasajeros del IA 36 ir\u00edan \u201cpegados\u201d a los motores \u2013como si estuvieran adosados a un cohete\u2013 y el ruido y el calor ser\u00edan insoportables.<\/p>\n\n\n\n<p>Por otra parte, era necesario desenganchar la mitad del avi\u00f3n para correr la cola, dejar los motores a la vista y poder hacerles mantenimiento.<\/p>\n\n\n\n<p>Y el \u00faltimo (y potencialmente m\u00e1s peligroso) defecto era que si fallaba uno de los motores (o, lo que era peor, si explotaba) inmediatamente fallar\u00edan los otros cuatro, provocando no s\u00f3lo la inmediata potencia, sino elevando a niveles intolerables el riesgo de un incendio a la secci\u00f3n pasajeros, en cuesti\u00f3n de segundos.<\/p>\n\n\n\n<p>Salvo esos detalles, las especificaciones del IA 36 C\u00d3NDOR sonaban prometedoras, con una envergadura de 34 metros y los motores Rolls Royce le dar\u00edan una velocidad m\u00e1xima de 950 kil\u00f3metros por hora, superando por casi un 20% la performance del Havilland Comet 3, que era la velocidad est\u00e1ndar de la \u00e9poca, unos 780 kil\u00f3metros por hora.<\/p>\n\n\n\n<p><\/p>\n\n\n\n<figure class=\"wp-block-image size-full is-resized\"><img data-recalc-dims=\"1\" decoding=\"async\" src=\"https:\/\/i0.wp.com\/elregionalvm.com.ar\/noticias-villa-maria\/wp-content\/uploads\/2023\/08\/jet-argentino-condor-4.jpg?resize=909%2C511&#038;ssl=1\" alt=\"\" class=\"wp-image-81630\" width=\"909\" height=\"511\" srcset=\"https:\/\/i0.wp.com\/elregionalvm.com.ar\/noticias-villa-maria\/wp-content\/uploads\/2023\/08\/jet-argentino-condor-4.jpg?w=864&amp;ssl=1 864w, https:\/\/i0.wp.com\/elregionalvm.com.ar\/noticias-villa-maria\/wp-content\/uploads\/2023\/08\/jet-argentino-condor-4.jpg?resize=300%2C169&amp;ssl=1 300w, https:\/\/i0.wp.com\/elregionalvm.com.ar\/noticias-villa-maria\/wp-content\/uploads\/2023\/08\/jet-argentino-condor-4.jpg?resize=768%2C432&amp;ssl=1 768w\" sizes=\"(max-width: 909px) 100vw, 909px\" \/><\/figure>\n\n\n\n<p><\/p>\n\n\n\n<p>Su rango de autonom\u00eda era de 5 mil kil\u00f3metros, ideal para vuelos tanto para el interior de nuestro pa\u00eds como para alcanzar a la mayor\u00eda de los pa\u00edses de Am\u00e9rica del Sur sin necesidad de repostaje.<\/p>\n\n\n\n<p>Pero, incluso, si el dise\u00f1o hubiera sido exitoso, su capacidad de carga atentaba contra su viabilidad, ya que cuando los jets comerciales se volvieron est\u00e1ndar, pronto qued\u00f3 en evidencia que se precisaban compensar los costos operativos con una mayor cantidad de pasajeros por vuelo.<\/p>\n\n\n\n<p>El Comet s\u00f3lo se volvi\u00f3 rentable cuando la versi\u00f3n 3 apareci\u00f3 en 1954 \u2013 con capacidad para 76 pasajeros &#8211; en vez de la versi\u00f3n inicial. Todos estos aviones jet ser\u00edan opacados por la aparici\u00f3n en 1957 del Boeing 707, que con capacidad para 179 pasajeros (y turbinas instaladas externamente debajo de las alas) terminar\u00eda por convertirse en el nuevo y definitivo est\u00e1ndar de la aviaci\u00f3n comercial, el cual se mantiene hasta nuestros d\u00edas.<\/p>\n\n\n\n<p>El resto de los jets antes mencionados ir\u00edan extingui\u00e9ndose a su sombra y solo el DC-8 de Douglas Aircraft (m\u00e1s tarde, McDonnell Douglas) ser\u00eda capaz de disputarle el mercado al poseer capacidad y prestaciones similares.<\/p>\n\n\n\n<p>Del IA36 C\u00d3NDOR quedaron algunos planos y llegaron a hacerse dos modelos de madera: uno a escala real 1:1 y uno a escala 1:34 para testearse en el t\u00fanel de viento.<\/p>\n\n\n\n<p>Con la ca\u00edda de Per\u00f3n en 1955, el proyecto quedar\u00eda congelado y terminar\u00eda por ser cancelado en 1958.<\/p>\n\n\n\n<p><\/p>\n\n\n\n<p><\/p>\n\n\n\n<p><strong>Fuente: <em>P\u00e1gina Web &#8211; Intento de producir avi\u00f3n para pasajeros en la Rep\u00fablica Argentina.<\/em><\/strong><\/p>\n\n\n\n<p><\/p>\n\n\n\n<h3 class=\"wp-block-heading\"><strong>Tambi\u00e9n pod\u00e9s ver:<\/strong><\/h3>\n\n\n\n<p><\/p>\n\n\n\n<figure class=\"wp-block-embed is-type-wp-embed is-provider-el-regional wp-block-embed-el-regional\"><div class=\"wp-block-embed__wrapper\">\n<blockquote class=\"wp-embedded-content\" data-secret=\"aLpqqZtpDi\"><a href=\"https:\/\/elregionalvm.com.ar\/noticias-villa-maria\/historias-la-carta-del-general-san-martin-que-se-refiere-a-las-islas-malvinas\/\">[Historias] La carta del General San Mart\u00edn que se refiere a las Islas Malvinas<\/a><\/blockquote><iframe class=\"wp-embedded-content\" sandbox=\"allow-scripts\" security=\"restricted\" style=\"position: absolute; clip: rect(1px, 1px, 1px, 1px);\" title=\"\u00ab[Historias] La carta del General San Mart\u00edn que se refiere a las Islas Malvinas\u00bb \u2014 El Regional\" src=\"https:\/\/elregionalvm.com.ar\/noticias-villa-maria\/historias-la-carta-del-general-san-martin-que-se-refiere-a-las-islas-malvinas\/embed\/#?secret=zcC1ARW58Z#?secret=aLpqqZtpDi\" data-secret=\"aLpqqZtpDi\" width=\"500\" height=\"282\" frameborder=\"0\" marginwidth=\"0\" marginheight=\"0\" scrolling=\"no\"><\/iframe>\n<\/div><\/figure>\n","protected":false},"excerpt":{"rendered":"<p>Escribe: JULIO A. BEN\u00cdTEZ \u2013 benitezjulioalberto@gmail.com Corr\u00edan los a\u00f1os 40, el rumbo de la Segunda Guerra Mundial hab\u00eda cambiado y los nazis hab\u00edan perdido la iniciativa, gracias a la contraofensiva montada por los rusos en la batalla de Kursk en julio de 1943. No solo el avance alem\u00e1n hab\u00eda sido detenido, sino que los rusos [&hellip;]<\/p>\n","protected":false},"author":4,"featured_media":81626,"comment_status":"open","ping_status":"open","sticky":false,"template":"","format":"standard","meta":{"site-sidebar-layout":"default","site-content-layout":"","ast-site-content-layout":"default","site-content-style":"default","site-sidebar-style":"default","ast-global-header-display":"","ast-banner-title-visibility":"","ast-main-header-display":"","ast-hfb-above-header-display":"","ast-hfb-below-header-display":"","ast-hfb-mobile-header-display":"","site-post-title":"","ast-breadcrumbs-content":"","ast-featured-img":"","footer-sml-layout":"","ast-disable-related-posts":"","theme-transparent-header-meta":"","adv-header-id-meta":"","stick-header-meta":"","header-above-stick-meta":"","header-main-stick-meta":"","header-below-stick-meta":"","astra-migrate-meta-layouts":"set","ast-page-background-enabled":"default","ast-page-background-meta":{"desktop":{"background-color":"","background-image":"","background-repeat":"repeat","background-position":"center center","background-size":"auto","background-attachment":"scroll","background-type":"","background-media":"","overlay-type":"","overlay-color":"","overlay-opacity":"","overlay-gradient":""},"tablet":{"background-color":"","background-image":"","background-repeat":"repeat","background-position":"center center","background-size":"auto","background-attachment":"scroll","background-type":"","background-media":"","overlay-type":"","overlay-color":"","overlay-opacity":"","overlay-gradient":""},"mobile":{"background-color":"","background-image":"","background-repeat":"repeat","background-position":"center center","background-size":"auto","background-attachment":"scroll","background-type":"","background-media":"","overlay-type":"","overlay-color":"","overlay-opacity":"","overlay-gradient":""}},"ast-content-background-meta":{"desktop":{"background-color":"var(--ast-global-color-5)","background-image":"","background-repeat":"repeat","background-position":"center center","background-size":"auto","background-attachment":"scroll","background-type":"","background-media":"","overlay-type":"","overlay-color":"","overlay-opacity":"","overlay-gradient":""},"tablet":{"background-color":"var(--ast-global-color-5)","background-image":"","background-repeat":"repeat","background-position":"center center","background-size":"auto","background-attachment":"scroll","background-type":"","background-media":"","overlay-type":"","overlay-color":"","overlay-opacity":"","overlay-gradient":""},"mobile":{"background-color":"var(--ast-global-color-5)","background-image":"","background-repeat":"repeat","background-position":"center center","background-size":"auto","background-attachment":"scroll","background-type":"","background-media":"","overlay-type":"","overlay-color":"","overlay-opacity":"","overlay-gradient":""}},"_jetpack_memberships_contains_paid_content":false,"_joinchat":[],"footnotes":""},"categories":[2098,3557],"tags":[415,22794,22796,1386,22795,3002,10334,22797,476],"class_list":["post-81621","post","type-post","status-publish","format-standard","has-post-thumbnail","hentry","category-historias","category-tercera","tag-argentina","tag-avion-de-pasajeros","tag-boeing","tag-historias","tag-jet","tag-juan-domingo-peron","tag-motores","tag-pulqui","tag-segunda-guerra-mundial"],"yoast_head":"<!-- This site is optimized with the Yoast SEO plugin v26.8 - https:\/\/yoast.com\/product\/yoast-seo-wordpress\/ -->\n<title>[Historias] El avi\u00f3n de pasajeros creado en Argentina que no pudo ser - El Regional<\/title>\n<meta name=\"robots\" content=\"index, follow, max-snippet:-1, max-image-preview:large, max-video-preview:-1\" \/>\n<link rel=\"canonical\" href=\"http:\/\/elregionalvm.com.ar\/noticias-villa-maria\/historias-el-avion-de-pasajeros-creado-en-argentina-que-no-pudo-ser\/\" \/>\n<meta property=\"og:locale\" content=\"es_ES\" \/>\n<meta property=\"og:type\" content=\"article\" \/>\n<meta property=\"og:title\" content=\"[Historias] El avi\u00f3n de pasajeros creado en Argentina que no pudo ser - El Regional\" \/>\n<meta property=\"og:description\" content=\"Escribe: JULIO A. BEN\u00cdTEZ \u2013 benitezjulioalberto@gmail.com Corr\u00edan los a\u00f1os 40, el rumbo de la Segunda Guerra Mundial hab\u00eda cambiado y los nazis hab\u00edan perdido la iniciativa, gracias a la contraofensiva montada por los rusos en la batalla de Kursk en julio de 1943. No solo el avance alem\u00e1n hab\u00eda sido detenido, sino que los rusos [&hellip;]\" \/>\n<meta property=\"og:url\" content=\"http:\/\/elregionalvm.com.ar\/noticias-villa-maria\/historias-el-avion-de-pasajeros-creado-en-argentina-que-no-pudo-ser\/\" \/>\n<meta property=\"og:site_name\" content=\"El Regional\" \/>\n<meta property=\"article:publisher\" content=\"https:\/\/www.facebook.com\/elregionalvm\" \/>\n<meta property=\"article:published_time\" content=\"2023-08-27T00:33:03+00:00\" \/>\n<meta property=\"article:modified_time\" content=\"2023-08-29T02:53:24+00:00\" \/>\n<meta property=\"og:image\" content=\"http:\/\/elregionalvm.com.ar\/noticias-villa-maria\/wp-content\/uploads\/2023\/08\/jet-argentino-condor-1.jpg\" \/>\n\t<meta property=\"og:image:width\" content=\"1000\" \/>\n\t<meta property=\"og:image:height\" content=\"667\" \/>\n\t<meta property=\"og:image:type\" content=\"image\/jpeg\" \/>\n<meta name=\"author\" content=\"Contenidos El Regional\" \/>\n<meta name=\"twitter:card\" content=\"summary_large_image\" \/>\n<meta name=\"twitter:creator\" content=\"@elregionalvm1\" \/>\n<meta name=\"twitter:site\" content=\"@elregionalvm1\" \/>\n<meta name=\"twitter:label1\" content=\"Escrito por\" \/>\n\t<meta name=\"twitter:data1\" content=\"Contenidos El Regional\" \/>\n\t<meta name=\"twitter:label2\" content=\"Tiempo de lectura\" \/>\n\t<meta name=\"twitter:data2\" content=\"7 minutos\" \/>\n<script type=\"application\/ld+json\" class=\"yoast-schema-graph\">{\"@context\":\"https:\/\/schema.org\",\"@graph\":[{\"@type\":\"Article\",\"@id\":\"http:\/\/elregionalvm.com.ar\/noticias-villa-maria\/historias-el-avion-de-pasajeros-creado-en-argentina-que-no-pudo-ser\/#article\",\"isPartOf\":{\"@id\":\"http:\/\/elregionalvm.com.ar\/noticias-villa-maria\/historias-el-avion-de-pasajeros-creado-en-argentina-que-no-pudo-ser\/\"},\"author\":{\"name\":\"Contenidos El Regional\",\"@id\":\"http:\/\/elregionalvm.com.ar\/noticias-villa-maria\/#\/schema\/person\/a0fb9c422317faca23d50163151bc354\"},\"headline\":\"[Historias] El avi\u00f3n de pasajeros creado en Argentina que no pudo ser\",\"datePublished\":\"2023-08-27T00:33:03+00:00\",\"dateModified\":\"2023-08-29T02:53:24+00:00\",\"mainEntityOfPage\":{\"@id\":\"http:\/\/elregionalvm.com.ar\/noticias-villa-maria\/historias-el-avion-de-pasajeros-creado-en-argentina-que-no-pudo-ser\/\"},\"wordCount\":1301,\"commentCount\":0,\"image\":{\"@id\":\"http:\/\/elregionalvm.com.ar\/noticias-villa-maria\/historias-el-avion-de-pasajeros-creado-en-argentina-que-no-pudo-ser\/#primaryimage\"},\"thumbnailUrl\":\"https:\/\/i0.wp.com\/elregionalvm.com.ar\/noticias-villa-maria\/wp-content\/uploads\/2023\/08\/jet-argentino-condor-1.jpg?fit=1000%2C667&ssl=1\",\"keywords\":[\"Argentina\",\"avi\u00f3n de pasajeros\",\"Boeing\",\"historias\",\"jet\",\"Juan Domingo Per\u00f3n\",\"motores\",\"Pulqui\",\"Segunda Guerra Mundial\"],\"articleSection\":[\"Historias\",\"tercera\"],\"inLanguage\":\"es\",\"potentialAction\":[{\"@type\":\"CommentAction\",\"name\":\"Comment\",\"target\":[\"http:\/\/elregionalvm.com.ar\/noticias-villa-maria\/historias-el-avion-de-pasajeros-creado-en-argentina-que-no-pudo-ser\/#respond\"]}]},{\"@type\":\"WebPage\",\"@id\":\"http:\/\/elregionalvm.com.ar\/noticias-villa-maria\/historias-el-avion-de-pasajeros-creado-en-argentina-que-no-pudo-ser\/\",\"url\":\"http:\/\/elregionalvm.com.ar\/noticias-villa-maria\/historias-el-avion-de-pasajeros-creado-en-argentina-que-no-pudo-ser\/\",\"name\":\"[Historias] El avi\u00f3n de pasajeros creado en Argentina que no pudo ser - El Regional\",\"isPartOf\":{\"@id\":\"http:\/\/elregionalvm.com.ar\/noticias-villa-maria\/#website\"},\"primaryImageOfPage\":{\"@id\":\"http:\/\/elregionalvm.com.ar\/noticias-villa-maria\/historias-el-avion-de-pasajeros-creado-en-argentina-que-no-pudo-ser\/#primaryimage\"},\"image\":{\"@id\":\"http:\/\/elregionalvm.com.ar\/noticias-villa-maria\/historias-el-avion-de-pasajeros-creado-en-argentina-que-no-pudo-ser\/#primaryimage\"},\"thumbnailUrl\":\"https:\/\/i0.wp.com\/elregionalvm.com.ar\/noticias-villa-maria\/wp-content\/uploads\/2023\/08\/jet-argentino-condor-1.jpg?fit=1000%2C667&ssl=1\",\"datePublished\":\"2023-08-27T00:33:03+00:00\",\"dateModified\":\"2023-08-29T02:53:24+00:00\",\"author\":{\"@id\":\"http:\/\/elregionalvm.com.ar\/noticias-villa-maria\/#\/schema\/person\/a0fb9c422317faca23d50163151bc354\"},\"breadcrumb\":{\"@id\":\"http:\/\/elregionalvm.com.ar\/noticias-villa-maria\/historias-el-avion-de-pasajeros-creado-en-argentina-que-no-pudo-ser\/#breadcrumb\"},\"inLanguage\":\"es\",\"potentialAction\":[{\"@type\":\"ReadAction\",\"target\":[\"http:\/\/elregionalvm.com.ar\/noticias-villa-maria\/historias-el-avion-de-pasajeros-creado-en-argentina-que-no-pudo-ser\/\"]}]},{\"@type\":\"ImageObject\",\"inLanguage\":\"es\",\"@id\":\"http:\/\/elregionalvm.com.ar\/noticias-villa-maria\/historias-el-avion-de-pasajeros-creado-en-argentina-que-no-pudo-ser\/#primaryimage\",\"url\":\"https:\/\/i0.wp.com\/elregionalvm.com.ar\/noticias-villa-maria\/wp-content\/uploads\/2023\/08\/jet-argentino-condor-1.jpg?fit=1000%2C667&ssl=1\",\"contentUrl\":\"https:\/\/i0.wp.com\/elregionalvm.com.ar\/noticias-villa-maria\/wp-content\/uploads\/2023\/08\/jet-argentino-condor-1.jpg?fit=1000%2C667&ssl=1\",\"width\":1000,\"height\":667},{\"@type\":\"BreadcrumbList\",\"@id\":\"http:\/\/elregionalvm.com.ar\/noticias-villa-maria\/historias-el-avion-de-pasajeros-creado-en-argentina-que-no-pudo-ser\/#breadcrumb\",\"itemListElement\":[{\"@type\":\"ListItem\",\"position\":1,\"name\":\"Portada\",\"item\":\"https:\/\/elregionalvm.com.ar\/noticias-villa-maria\/\"},{\"@type\":\"ListItem\",\"position\":2,\"name\":\"[Historias] El avi\u00f3n de pasajeros creado en Argentina que no pudo ser\"}]},{\"@type\":\"WebSite\",\"@id\":\"http:\/\/elregionalvm.com.ar\/noticias-villa-maria\/#website\",\"url\":\"http:\/\/elregionalvm.com.ar\/noticias-villa-maria\/\",\"name\":\"El Regional\",\"description\":\"Mucho m\u00e1s que informaci\u00f3n\",\"potentialAction\":[{\"@type\":\"SearchAction\",\"target\":{\"@type\":\"EntryPoint\",\"urlTemplate\":\"http:\/\/elregionalvm.com.ar\/noticias-villa-maria\/?s={search_term_string}\"},\"query-input\":{\"@type\":\"PropertyValueSpecification\",\"valueRequired\":true,\"valueName\":\"search_term_string\"}}],\"inLanguage\":\"es\"},{\"@type\":\"Person\",\"@id\":\"http:\/\/elregionalvm.com.ar\/noticias-villa-maria\/#\/schema\/person\/a0fb9c422317faca23d50163151bc354\",\"name\":\"Contenidos El Regional\",\"image\":{\"@type\":\"ImageObject\",\"inLanguage\":\"es\",\"@id\":\"http:\/\/elregionalvm.com.ar\/noticias-villa-maria\/#\/schema\/person\/image\/\",\"url\":\"https:\/\/secure.gravatar.com\/avatar\/265b27cb2209af7bb3a1318f03305787d7981a5cc6e6cd08fe5a4ecdf99d4b48?s=96&d=mm&r=g\",\"contentUrl\":\"https:\/\/secure.gravatar.com\/avatar\/265b27cb2209af7bb3a1318f03305787d7981a5cc6e6cd08fe5a4ecdf99d4b48?s=96&d=mm&r=g\",\"caption\":\"Contenidos El Regional\"},\"url\":\"https:\/\/elregionalvm.com.ar\/noticias-villa-maria\/author\/contenido\/\"}]}<\/script>\n<!-- \/ Yoast SEO plugin. -->","yoast_head_json":{"title":"[Historias] El avi\u00f3n de pasajeros creado en Argentina que no pudo ser - El Regional","robots":{"index":"index","follow":"follow","max-snippet":"max-snippet:-1","max-image-preview":"max-image-preview:large","max-video-preview":"max-video-preview:-1"},"canonical":"http:\/\/elregionalvm.com.ar\/noticias-villa-maria\/historias-el-avion-de-pasajeros-creado-en-argentina-que-no-pudo-ser\/","og_locale":"es_ES","og_type":"article","og_title":"[Historias] El avi\u00f3n de pasajeros creado en Argentina que no pudo ser - El Regional","og_description":"Escribe: JULIO A. BEN\u00cdTEZ \u2013 benitezjulioalberto@gmail.com Corr\u00edan los a\u00f1os 40, el rumbo de la Segunda Guerra Mundial hab\u00eda cambiado y los nazis hab\u00edan perdido la iniciativa, gracias a la contraofensiva montada por los rusos en la batalla de Kursk en julio de 1943. No solo el avance alem\u00e1n hab\u00eda sido detenido, sino que los rusos [&hellip;]","og_url":"http:\/\/elregionalvm.com.ar\/noticias-villa-maria\/historias-el-avion-de-pasajeros-creado-en-argentina-que-no-pudo-ser\/","og_site_name":"El Regional","article_publisher":"https:\/\/www.facebook.com\/elregionalvm","article_published_time":"2023-08-27T00:33:03+00:00","article_modified_time":"2023-08-29T02:53:24+00:00","og_image":[{"width":1000,"height":667,"url":"http:\/\/elregionalvm.com.ar\/noticias-villa-maria\/wp-content\/uploads\/2023\/08\/jet-argentino-condor-1.jpg","type":"image\/jpeg"}],"author":"Contenidos El Regional","twitter_card":"summary_large_image","twitter_creator":"@elregionalvm1","twitter_site":"@elregionalvm1","twitter_misc":{"Escrito por":"Contenidos El Regional","Tiempo de lectura":"7 minutos"},"schema":{"@context":"https:\/\/schema.org","@graph":[{"@type":"Article","@id":"http:\/\/elregionalvm.com.ar\/noticias-villa-maria\/historias-el-avion-de-pasajeros-creado-en-argentina-que-no-pudo-ser\/#article","isPartOf":{"@id":"http:\/\/elregionalvm.com.ar\/noticias-villa-maria\/historias-el-avion-de-pasajeros-creado-en-argentina-que-no-pudo-ser\/"},"author":{"name":"Contenidos El Regional","@id":"http:\/\/elregionalvm.com.ar\/noticias-villa-maria\/#\/schema\/person\/a0fb9c422317faca23d50163151bc354"},"headline":"[Historias] El avi\u00f3n de pasajeros creado en Argentina que no pudo ser","datePublished":"2023-08-27T00:33:03+00:00","dateModified":"2023-08-29T02:53:24+00:00","mainEntityOfPage":{"@id":"http:\/\/elregionalvm.com.ar\/noticias-villa-maria\/historias-el-avion-de-pasajeros-creado-en-argentina-que-no-pudo-ser\/"},"wordCount":1301,"commentCount":0,"image":{"@id":"http:\/\/elregionalvm.com.ar\/noticias-villa-maria\/historias-el-avion-de-pasajeros-creado-en-argentina-que-no-pudo-ser\/#primaryimage"},"thumbnailUrl":"https:\/\/i0.wp.com\/elregionalvm.com.ar\/noticias-villa-maria\/wp-content\/uploads\/2023\/08\/jet-argentino-condor-1.jpg?fit=1000%2C667&ssl=1","keywords":["Argentina","avi\u00f3n de pasajeros","Boeing","historias","jet","Juan Domingo Per\u00f3n","motores","Pulqui","Segunda Guerra Mundial"],"articleSection":["Historias","tercera"],"inLanguage":"es","potentialAction":[{"@type":"CommentAction","name":"Comment","target":["http:\/\/elregionalvm.com.ar\/noticias-villa-maria\/historias-el-avion-de-pasajeros-creado-en-argentina-que-no-pudo-ser\/#respond"]}]},{"@type":"WebPage","@id":"http:\/\/elregionalvm.com.ar\/noticias-villa-maria\/historias-el-avion-de-pasajeros-creado-en-argentina-que-no-pudo-ser\/","url":"http:\/\/elregionalvm.com.ar\/noticias-villa-maria\/historias-el-avion-de-pasajeros-creado-en-argentina-que-no-pudo-ser\/","name":"[Historias] El avi\u00f3n de pasajeros creado en Argentina que no pudo ser - El Regional","isPartOf":{"@id":"http:\/\/elregionalvm.com.ar\/noticias-villa-maria\/#website"},"primaryImageOfPage":{"@id":"http:\/\/elregionalvm.com.ar\/noticias-villa-maria\/historias-el-avion-de-pasajeros-creado-en-argentina-que-no-pudo-ser\/#primaryimage"},"image":{"@id":"http:\/\/elregionalvm.com.ar\/noticias-villa-maria\/historias-el-avion-de-pasajeros-creado-en-argentina-que-no-pudo-ser\/#primaryimage"},"thumbnailUrl":"https:\/\/i0.wp.com\/elregionalvm.com.ar\/noticias-villa-maria\/wp-content\/uploads\/2023\/08\/jet-argentino-condor-1.jpg?fit=1000%2C667&ssl=1","datePublished":"2023-08-27T00:33:03+00:00","dateModified":"2023-08-29T02:53:24+00:00","author":{"@id":"http:\/\/elregionalvm.com.ar\/noticias-villa-maria\/#\/schema\/person\/a0fb9c422317faca23d50163151bc354"},"breadcrumb":{"@id":"http:\/\/elregionalvm.com.ar\/noticias-villa-maria\/historias-el-avion-de-pasajeros-creado-en-argentina-que-no-pudo-ser\/#breadcrumb"},"inLanguage":"es","potentialAction":[{"@type":"ReadAction","target":["http:\/\/elregionalvm.com.ar\/noticias-villa-maria\/historias-el-avion-de-pasajeros-creado-en-argentina-que-no-pudo-ser\/"]}]},{"@type":"ImageObject","inLanguage":"es","@id":"http:\/\/elregionalvm.com.ar\/noticias-villa-maria\/historias-el-avion-de-pasajeros-creado-en-argentina-que-no-pudo-ser\/#primaryimage","url":"https:\/\/i0.wp.com\/elregionalvm.com.ar\/noticias-villa-maria\/wp-content\/uploads\/2023\/08\/jet-argentino-condor-1.jpg?fit=1000%2C667&ssl=1","contentUrl":"https:\/\/i0.wp.com\/elregionalvm.com.ar\/noticias-villa-maria\/wp-content\/uploads\/2023\/08\/jet-argentino-condor-1.jpg?fit=1000%2C667&ssl=1","width":1000,"height":667},{"@type":"BreadcrumbList","@id":"http:\/\/elregionalvm.com.ar\/noticias-villa-maria\/historias-el-avion-de-pasajeros-creado-en-argentina-que-no-pudo-ser\/#breadcrumb","itemListElement":[{"@type":"ListItem","position":1,"name":"Portada","item":"https:\/\/elregionalvm.com.ar\/noticias-villa-maria\/"},{"@type":"ListItem","position":2,"name":"[Historias] El avi\u00f3n de pasajeros creado en Argentina que no pudo ser"}]},{"@type":"WebSite","@id":"http:\/\/elregionalvm.com.ar\/noticias-villa-maria\/#website","url":"http:\/\/elregionalvm.com.ar\/noticias-villa-maria\/","name":"El Regional","description":"Mucho m\u00e1s que informaci\u00f3n","potentialAction":[{"@type":"SearchAction","target":{"@type":"EntryPoint","urlTemplate":"http:\/\/elregionalvm.com.ar\/noticias-villa-maria\/?s={search_term_string}"},"query-input":{"@type":"PropertyValueSpecification","valueRequired":true,"valueName":"search_term_string"}}],"inLanguage":"es"},{"@type":"Person","@id":"http:\/\/elregionalvm.com.ar\/noticias-villa-maria\/#\/schema\/person\/a0fb9c422317faca23d50163151bc354","name":"Contenidos El Regional","image":{"@type":"ImageObject","inLanguage":"es","@id":"http:\/\/elregionalvm.com.ar\/noticias-villa-maria\/#\/schema\/person\/image\/","url":"https:\/\/secure.gravatar.com\/avatar\/265b27cb2209af7bb3a1318f03305787d7981a5cc6e6cd08fe5a4ecdf99d4b48?s=96&d=mm&r=g","contentUrl":"https:\/\/secure.gravatar.com\/avatar\/265b27cb2209af7bb3a1318f03305787d7981a5cc6e6cd08fe5a4ecdf99d4b48?s=96&d=mm&r=g","caption":"Contenidos El Regional"},"url":"https:\/\/elregionalvm.com.ar\/noticias-villa-maria\/author\/contenido\/"}]}},"jetpack_featured_media_url":"https:\/\/i0.wp.com\/elregionalvm.com.ar\/noticias-villa-maria\/wp-content\/uploads\/2023\/08\/jet-argentino-condor-1.jpg?fit=1000%2C667&ssl=1","jetpack_sharing_enabled":true,"_links":{"self":[{"href":"https:\/\/elregionalvm.com.ar\/noticias-villa-maria\/wp-json\/wp\/v2\/posts\/81621","targetHints":{"allow":["GET"]}}],"collection":[{"href":"https:\/\/elregionalvm.com.ar\/noticias-villa-maria\/wp-json\/wp\/v2\/posts"}],"about":[{"href":"https:\/\/elregionalvm.com.ar\/noticias-villa-maria\/wp-json\/wp\/v2\/types\/post"}],"author":[{"embeddable":true,"href":"https:\/\/elregionalvm.com.ar\/noticias-villa-maria\/wp-json\/wp\/v2\/users\/4"}],"replies":[{"embeddable":true,"href":"https:\/\/elregionalvm.com.ar\/noticias-villa-maria\/wp-json\/wp\/v2\/comments?post=81621"}],"version-history":[{"count":2,"href":"https:\/\/elregionalvm.com.ar\/noticias-villa-maria\/wp-json\/wp\/v2\/posts\/81621\/revisions"}],"predecessor-version":[{"id":81631,"href":"https:\/\/elregionalvm.com.ar\/noticias-villa-maria\/wp-json\/wp\/v2\/posts\/81621\/revisions\/81631"}],"wp:featuredmedia":[{"embeddable":true,"href":"https:\/\/elregionalvm.com.ar\/noticias-villa-maria\/wp-json\/wp\/v2\/media\/81626"}],"wp:attachment":[{"href":"https:\/\/elregionalvm.com.ar\/noticias-villa-maria\/wp-json\/wp\/v2\/media?parent=81621"}],"wp:term":[{"taxonomy":"category","embeddable":true,"href":"https:\/\/elregionalvm.com.ar\/noticias-villa-maria\/wp-json\/wp\/v2\/categories?post=81621"},{"taxonomy":"post_tag","embeddable":true,"href":"https:\/\/elregionalvm.com.ar\/noticias-villa-maria\/wp-json\/wp\/v2\/tags?post=81621"}],"curies":[{"name":"wp","href":"https:\/\/api.w.org\/{rel}","templated":true}]}}