{"id":81838,"date":"2023-08-31T03:53:33","date_gmt":"2023-08-31T03:53:33","guid":{"rendered":"https:\/\/elregionalvm.com.ar\/noticias-villa-maria\/?p=81838"},"modified":"2023-09-02T03:23:41","modified_gmt":"2023-09-02T03:23:41","slug":"historias-la-maldicion-del-apolo-13-y-el-alunizaje-que-no-pudo-ser","status":"publish","type":"post","link":"https:\/\/elregionalvm.com.ar\/noticias-villa-maria\/historias-la-maldicion-del-apolo-13-y-el-alunizaje-que-no-pudo-ser\/","title":{"rendered":"[Historias] La maldici\u00f3n del Apolo 13 y el alunizaje que no pudo ser"},"content":{"rendered":"\n<p><\/p>\n\n\n\n<h3 class=\"wp-block-heading\"><strong>La llegada del hombre a la Luna se dio el 20 de julio de 1969, hace 54 a\u00f1os, cuando desde la base de la NASA despeg\u00f3 la nave Apolo 11, para alunizar orgullosamente en la inexplorada superficie de nuestro sat\u00e9lite. Distinta ser\u00eda el derrotero de Apolo 13.<\/strong><\/h3>\n\n\n\n<p><\/p>\n\n\n\n<p><strong>Escribe: JULIO A. BEN\u00cdTEZ \u2013 benitezjulioalberto@gmail.com<\/strong><\/p>\n\n\n\n<p><\/p>\n\n\n\n<p>La Apolo 13 hab\u00eda despegado el 11 de abril de 1970, es decir hace 53 a\u00f1os, desde el Centro Espacial John F. Kennedy, con los astronautas James A. Lovell, Jack Swigert y Fred Haise, para cumplir la misi\u00f3n de realizar otro alunizaje.<\/p>\n\n\n\n<p>Las instrucciones eran hacer una mejor y mayor inspecci\u00f3n en la superficie lunar, ya con m\u00e1s posibilidades de mejorar lo que se sab\u00eda, con nuevos adelantos t\u00e9cnicos, en un viaje de 76 horas, que producir\u00eda una experiencia espacial que no ten\u00eda antecedentes.<\/p>\n\n\n\n<p>Despu\u00e9s de la inserci\u00f3n orbital se realizaron los chequeos necesarios de la nave y comenzaron los preparativos para el acercamiento y mientras tanto tomaron fotograf\u00edas de la tierra y la luna.<\/p>\n\n\n\n<p><\/p>\n\n\n\n<figure class=\"wp-block-image size-full\"><img data-recalc-dims=\"1\" fetchpriority=\"high\" decoding=\"async\" width=\"900\" height=\"507\" src=\"https:\/\/i0.wp.com\/elregionalvm.com.ar\/noticias-villa-maria\/wp-content\/uploads\/2023\/08\/tripulantes-apolo-13-1003407-105432.jpg?resize=900%2C507&#038;ssl=1\" alt=\"\" class=\"wp-image-81839\" srcset=\"https:\/\/i0.wp.com\/elregionalvm.com.ar\/noticias-villa-maria\/wp-content\/uploads\/2023\/08\/tripulantes-apolo-13-1003407-105432.jpg?w=900&amp;ssl=1 900w, https:\/\/i0.wp.com\/elregionalvm.com.ar\/noticias-villa-maria\/wp-content\/uploads\/2023\/08\/tripulantes-apolo-13-1003407-105432.jpg?resize=300%2C169&amp;ssl=1 300w, https:\/\/i0.wp.com\/elregionalvm.com.ar\/noticias-villa-maria\/wp-content\/uploads\/2023\/08\/tripulantes-apolo-13-1003407-105432.jpg?resize=768%2C433&amp;ssl=1 768w\" sizes=\"(max-width: 900px) 100vw, 900px\" \/><\/figure>\n\n\n\n<p><\/p>\n\n\n\n<p>Todo parec\u00eda ir bien en el espacio. La noche del 13, los astronautas realizaron una transmisi\u00f3n rutinaria en vivo.<\/p>\n\n\n\n<p><strong>Los problemas<\/strong><\/p>\n\n\n\n<p>Minutos despu\u00e9s de que se cortara la conversaci\u00f3n, Swingert fue a hacer una revisi\u00f3n del m\u00f3dulo de servicio, ya que algo parec\u00eda andar mal.<\/p>\n\n\n\n<p>Una vez que encendi\u00f3 el sistema para remover el ox\u00edgeno l\u00edquido de uno de los tanques, un cable deteriorado provoc\u00f3 un cortocircuito y luego un estallido, que dej\u00f3 salir al exterior el contenido del recipiente.<\/p>\n\n\n\n<p><\/p>\n\n\n\n<figure class=\"wp-block-image size-full\"><img data-recalc-dims=\"1\" decoding=\"async\" width=\"900\" height=\"505\" src=\"https:\/\/i0.wp.com\/elregionalvm.com.ar\/noticias-villa-maria\/wp-content\/uploads\/2023\/08\/tierra-desde-apolo-13-1546443.jpg?resize=900%2C505&#038;ssl=1\" alt=\"\" class=\"wp-image-81841\" srcset=\"https:\/\/i0.wp.com\/elregionalvm.com.ar\/noticias-villa-maria\/wp-content\/uploads\/2023\/08\/tierra-desde-apolo-13-1546443.jpg?w=900&amp;ssl=1 900w, https:\/\/i0.wp.com\/elregionalvm.com.ar\/noticias-villa-maria\/wp-content\/uploads\/2023\/08\/tierra-desde-apolo-13-1546443.jpg?resize=300%2C168&amp;ssl=1 300w, https:\/\/i0.wp.com\/elregionalvm.com.ar\/noticias-villa-maria\/wp-content\/uploads\/2023\/08\/tierra-desde-apolo-13-1546443.jpg?resize=768%2C431&amp;ssl=1 768w\" sizes=\"(max-width: 900px) 100vw, 900px\" \/><\/figure>\n\n\n\n<p><\/p>\n\n\n\n<p>Durante 1,8 segundos se perdieron las comunicaciones con la Tierra, que volvieron a funcionar hasta que se recuper\u00f3 autom\u00e1ticamente el sistema, cambiando la direcci\u00f3n de la antena, y entonces informaron al Centro de Control de Houston del accidente.<\/p>\n\n\n\n<p>Tras la explosi\u00f3n, los astronautas se vieron obligados a cancelar la misi\u00f3n, debido a que el ox\u00edgeno no solo era necesario para respirar, sino tambi\u00e9n para generar energ\u00eda el\u00e9ctrica, por lo que los sistemas de propulsi\u00f3n del m\u00f3dulo de servicio no pod\u00edan funcionar.<\/p>\n\n\n\n<p><\/p>\n\n\n\n<p>Entonces, cambiaron el plan de alunizar por volver vivos a sus casas y desconectaron los sistemas del m\u00f3dulo de mando, para preservar los recursos y se trasladaron al m\u00f3dulo lunar, que ten\u00eda las bater\u00edas cargadas y los tanques llenos, el cual se convertir\u00eda en su bote salvavidas.<\/p>\n\n\n\n<p><strong>Regreso complicado<\/strong><\/p>\n\n\n\n<p>Pero, durante el camino de vuelta, la situaci\u00f3n se volvi\u00f3 a poner cr\u00edtica, ya que los tripulantes empezaron a tener complicaciones a causa de la falta de energ\u00eda; el agua ya escaseaba y el consumo el\u00e9ctrico estaba al m\u00ednimo, por lo que temperatura de la nave cay\u00f3 3 grados.<\/p>\n\n\n\n<p>Cuando todo parec\u00eda componerse, notaron que el di\u00f3xido de carbono exhalado por ellos estaba empezando a aumentar y los estaba envenenando, ya que los purificadores del m\u00f3dulo lunar no ten\u00edan la capacidad suficiente para eliminar ese gas emanado por los tres astronautas.<\/p>\n\n\n\n<p><\/p>\n\n\n\n<figure class=\"wp-block-image size-full\"><img data-recalc-dims=\"1\" decoding=\"async\" width=\"900\" height=\"505\" src=\"https:\/\/i0.wp.com\/elregionalvm.com.ar\/noticias-villa-maria\/wp-content\/uploads\/2023\/08\/rescate-de-astronautas-apolo-13-1546457.jpg?resize=900%2C505&#038;ssl=1\" alt=\"\" class=\"wp-image-81843\" srcset=\"https:\/\/i0.wp.com\/elregionalvm.com.ar\/noticias-villa-maria\/wp-content\/uploads\/2023\/08\/rescate-de-astronautas-apolo-13-1546457.jpg?w=900&amp;ssl=1 900w, https:\/\/i0.wp.com\/elregionalvm.com.ar\/noticias-villa-maria\/wp-content\/uploads\/2023\/08\/rescate-de-astronautas-apolo-13-1546457.jpg?resize=300%2C168&amp;ssl=1 300w, https:\/\/i0.wp.com\/elregionalvm.com.ar\/noticias-villa-maria\/wp-content\/uploads\/2023\/08\/rescate-de-astronautas-apolo-13-1546457.jpg?resize=768%2C431&amp;ssl=1 768w\" sizes=\"(max-width: 900px) 100vw, 900px\" \/><\/figure>\n\n\n\n<p><\/p>\n\n\n\n<p>Desde Houston les indicaron c\u00f3mo adaptar, con bolsas de pl\u00e1stico, cart\u00f3n y cinta adhesiva, los purificadores de di\u00f3xido de carbono del m\u00f3dulo de mando para que funcionaran en el m\u00f3dulo lunar y los ayudara a respirar.<\/p>\n\n\n\n<p>A su vez, tuvieron que racionar el agua, necesaria para la refrigeraci\u00f3n de los equipos, por lo que a esa altura ya se encontraban d\u00e9biles, deshidratados, con fr\u00edo y sin dormir.<\/p>\n\n\n\n<p><strong>M\u00e1s problemas<\/strong><\/p>\n\n\n\n<p>Para lograr un impulso hacia la tierra, la nave debi\u00f3 seguir su trayectoria hacia la luna y rodearla y, cuando lleg\u00f3 ese momento, la Apolo 13 pas\u00f3 por su lado oculto, volando a unos 254 kil\u00f3metros de ella y convirti\u00e9ndose en los humanos que m\u00e1s lejos viajaron en el espacio, hasta el a\u00f1o pasado.<\/p>\n\n\n\n<p>Una vez finalizada la \u00f3rbita por nuestro sat\u00e9lite, el m\u00f3dulo lunar logr\u00f3 encaminarse hacia la tierra, pero aparecer\u00eda un nuevo problema, dado que el equipo conten\u00eda bater\u00eda a base de plutonio y la NASA tem\u00eda el lugar sobre el que caer\u00eda, ya que contaminar\u00eda grandes superficies.<\/p>\n\n\n\n<p>Fue as\u00ed que tuvieron que volver a calcular la trayectoria, esta vez para asegurarse de que el m\u00f3dulo lunar fuera descartado sobre el lugar donde el oc\u00e9ano Pac\u00edfico es m\u00e1s profundo, deshaci\u00e9ndose tambi\u00e9n del m\u00f3dulo de servicio da\u00f1ado.<\/p>\n\n\n\n<p>Lo m\u00e1s dram\u00e1tico ocurri\u00f3 en el momento en que atravesaron el calor abrasador de la atm\u00f3sfera y durante 6 minutos se cortaron las transmisiones y en el cielo se ve\u00eda una bola de fuego cayendo a gran velocidad.<\/p>\n\n\n\n<p><\/p>\n\n\n\n<figure class=\"wp-block-image size-full\"><img data-recalc-dims=\"1\" loading=\"lazy\" decoding=\"async\" width=\"900\" height=\"505\" src=\"https:\/\/i0.wp.com\/elregionalvm.com.ar\/noticias-villa-maria\/wp-content\/uploads\/2023\/08\/caida-del-paracaidas-apolo-13-1546456.jpg?resize=900%2C505&#038;ssl=1\" alt=\"\" class=\"wp-image-81842\" srcset=\"https:\/\/i0.wp.com\/elregionalvm.com.ar\/noticias-villa-maria\/wp-content\/uploads\/2023\/08\/caida-del-paracaidas-apolo-13-1546456.jpg?w=900&amp;ssl=1 900w, https:\/\/i0.wp.com\/elregionalvm.com.ar\/noticias-villa-maria\/wp-content\/uploads\/2023\/08\/caida-del-paracaidas-apolo-13-1546456.jpg?resize=300%2C168&amp;ssl=1 300w, https:\/\/i0.wp.com\/elregionalvm.com.ar\/noticias-villa-maria\/wp-content\/uploads\/2023\/08\/caida-del-paracaidas-apolo-13-1546456.jpg?resize=768%2C431&amp;ssl=1 768w\" sizes=\"(max-width: 900px) 100vw, 900px\" \/><\/figure>\n\n\n\n<p><\/p>\n\n\n\n<p>Afortunadamente despu\u00e9s de ese lapso se abrieron los paraca\u00eddas y los astronautas lograron amerizar sanos y salvos en el Pac\u00edfico el 17 de abril, seis d\u00edas despu\u00e9s de su despegue.<\/p>\n\n\n\n<p>Una misi\u00f3n que fue un \u00e9xito, dentro del fracaso.<\/p>\n\n\n\n<p><strong>Fuente: <em>wikipedia.org.<\/em><\/strong><\/p>\n\n\n\n<p><\/p>\n\n\n\n<p><\/p>\n\n\n\n<h3 class=\"wp-block-heading\"><strong>Tambi\u00e9n pod\u00e9s ver:<\/strong><\/h3>\n\n\n\n<p><\/p>\n\n\n\n<figure class=\"wp-block-embed is-type-wp-embed is-provider-el-regional wp-block-embed-el-regional\"><div class=\"wp-block-embed__wrapper\">\n<blockquote class=\"wp-embedded-content\" data-secret=\"7VbUmrsufe\"><a href=\"https:\/\/elregionalvm.com.ar\/noticias-villa-maria\/historias-el-avion-de-pasajeros-creado-en-argentina-que-no-pudo-ser\/\">[Historias] El avi\u00f3n de pasajeros creado en Argentina que no pudo ser<\/a><\/blockquote><iframe class=\"wp-embedded-content\" sandbox=\"allow-scripts\" security=\"restricted\" style=\"position: absolute; clip: rect(1px, 1px, 1px, 1px);\" title=\"\u00ab[Historias] El avi\u00f3n de pasajeros creado en Argentina que no pudo ser\u00bb \u2014 El Regional\" src=\"https:\/\/elregionalvm.com.ar\/noticias-villa-maria\/historias-el-avion-de-pasajeros-creado-en-argentina-que-no-pudo-ser\/embed\/#?secret=OopKXBRa9y#?secret=7VbUmrsufe\" data-secret=\"7VbUmrsufe\" width=\"500\" height=\"282\" frameborder=\"0\" marginwidth=\"0\" marginheight=\"0\" scrolling=\"no\"><\/iframe>\n<\/div><\/figure>\n","protected":false},"excerpt":{"rendered":"<p>La llegada del hombre a la Luna se dio el 20 de julio de 1969, hace 54 a\u00f1os, cuando desde la base de la NASA despeg\u00f3 la nave Apolo 11, para alunizar orgullosamente en la inexplorada superficie de nuestro sat\u00e9lite. Distinta ser\u00eda el derrotero de Apolo 13. Escribe: JULIO A. BEN\u00cdTEZ \u2013 benitezjulioalberto@gmail.com La Apolo [&hellip;]<\/p>\n","protected":false},"author":4,"featured_media":81840,"comment_status":"open","ping_status":"open","sticky":false,"template":"","format":"standard","meta":{"site-sidebar-layout":"default","site-content-layout":"","ast-site-content-layout":"default","site-content-style":"default","site-sidebar-style":"default","ast-global-header-display":"","ast-banner-title-visibility":"","ast-main-header-display":"","ast-hfb-above-header-display":"","ast-hfb-below-header-display":"","ast-hfb-mobile-header-display":"","site-post-title":"","ast-breadcrumbs-content":"","ast-featured-img":"","footer-sml-layout":"","ast-disable-related-posts":"","theme-transparent-header-meta":"","adv-header-id-meta":"","stick-header-meta":"","header-above-stick-meta":"","header-main-stick-meta":"","header-below-stick-meta":"","astra-migrate-meta-layouts":"set","ast-page-background-enabled":"default","ast-page-background-meta":{"desktop":{"background-color":"","background-image":"","background-repeat":"repeat","background-position":"center center","background-size":"auto","background-attachment":"scroll","background-type":"","background-media":"","overlay-type":"","overlay-color":"","overlay-opacity":"","overlay-gradient":""},"tablet":{"background-color":"","background-image":"","background-repeat":"repeat","background-position":"center center","background-size":"auto","background-attachment":"scroll","background-type":"","background-media":"","overlay-type":"","overlay-color":"","overlay-opacity":"","overlay-gradient":""},"mobile":{"background-color":"","background-image":"","background-repeat":"repeat","background-position":"center center","background-size":"auto","background-attachment":"scroll","background-type":"","background-media":"","overlay-type":"","overlay-color":"","overlay-opacity":"","overlay-gradient":""}},"ast-content-background-meta":{"desktop":{"background-color":"var(--ast-global-color-5)","background-image":"","background-repeat":"repeat","background-position":"center center","background-size":"auto","background-attachment":"scroll","background-type":"","background-media":"","overlay-type":"","overlay-color":"","overlay-opacity":"","overlay-gradient":""},"tablet":{"background-color":"var(--ast-global-color-5)","background-image":"","background-repeat":"repeat","background-position":"center center","background-size":"auto","background-attachment":"scroll","background-type":"","background-media":"","overlay-type":"","overlay-color":"","overlay-opacity":"","overlay-gradient":""},"mobile":{"background-color":"var(--ast-global-color-5)","background-image":"","background-repeat":"repeat","background-position":"center center","background-size":"auto","background-attachment":"scroll","background-type":"","background-media":"","overlay-type":"","overlay-color":"","overlay-opacity":"","overlay-gradient":""}},"_jetpack_memberships_contains_paid_content":false,"_joinchat":[],"footnotes":""},"categories":[2098,3557],"tags":[22812,22810,22811,1386,3349,2507,3347,3705,6173],"class_list":["post-81838","post","type-post","status-publish","format-standard","has-post-thumbnail","hentry","category-historias","category-tercera","tag-alunizaje","tag-apolo-11","tag-apolo-13","tag-historias","tag-luna","tag-maldicion","tag-nasa","tag-satelite","tag-tierra"],"yoast_head":"<!-- This site is optimized with the Yoast SEO plugin v26.8 - https:\/\/yoast.com\/product\/yoast-seo-wordpress\/ -->\n<title>[Historias] La maldici\u00f3n del Apolo 13 y el alunizaje que no pudo ser - El Regional<\/title>\n<meta name=\"robots\" content=\"index, follow, max-snippet:-1, max-image-preview:large, max-video-preview:-1\" \/>\n<link rel=\"canonical\" href=\"http:\/\/elregionalvm.com.ar\/noticias-villa-maria\/historias-la-maldicion-del-apolo-13-y-el-alunizaje-que-no-pudo-ser\/\" \/>\n<meta property=\"og:locale\" content=\"es_ES\" \/>\n<meta property=\"og:type\" content=\"article\" \/>\n<meta property=\"og:title\" content=\"[Historias] La maldici\u00f3n del Apolo 13 y el alunizaje que no pudo ser - El Regional\" \/>\n<meta property=\"og:description\" content=\"La llegada del hombre a la Luna se dio el 20 de julio de 1969, hace 54 a\u00f1os, cuando desde la base de la NASA despeg\u00f3 la nave Apolo 11, para alunizar orgullosamente en la inexplorada superficie de nuestro sat\u00e9lite. Distinta ser\u00eda el derrotero de Apolo 13. Escribe: JULIO A. BEN\u00cdTEZ \u2013 benitezjulioalberto@gmail.com La Apolo [&hellip;]\" \/>\n<meta property=\"og:url\" content=\"http:\/\/elregionalvm.com.ar\/noticias-villa-maria\/historias-la-maldicion-del-apolo-13-y-el-alunizaje-que-no-pudo-ser\/\" \/>\n<meta property=\"og:site_name\" content=\"El Regional\" \/>\n<meta property=\"article:publisher\" content=\"https:\/\/www.facebook.com\/elregionalvm\" \/>\n<meta property=\"article:published_time\" content=\"2023-08-31T03:53:33+00:00\" \/>\n<meta property=\"article:modified_time\" content=\"2023-09-02T03:23:41+00:00\" \/>\n<meta property=\"og:image\" content=\"http:\/\/elregionalvm.com.ar\/noticias-villa-maria\/wp-content\/uploads\/2023\/08\/Apolo-13-despegue.jpg\" \/>\n\t<meta property=\"og:image:width\" content=\"1024\" \/>\n\t<meta property=\"og:image:height\" content=\"816\" \/>\n\t<meta property=\"og:image:type\" content=\"image\/jpeg\" \/>\n<meta name=\"author\" content=\"Contenidos El Regional\" \/>\n<meta name=\"twitter:card\" content=\"summary_large_image\" \/>\n<meta name=\"twitter:creator\" content=\"@elregionalvm1\" \/>\n<meta name=\"twitter:site\" content=\"@elregionalvm1\" \/>\n<meta name=\"twitter:label1\" content=\"Escrito por\" \/>\n\t<meta name=\"twitter:data1\" content=\"Contenidos El Regional\" \/>\n\t<meta name=\"twitter:label2\" content=\"Tiempo de lectura\" \/>\n\t<meta name=\"twitter:data2\" content=\"5 minutos\" \/>\n<script type=\"application\/ld+json\" class=\"yoast-schema-graph\">{\"@context\":\"https:\/\/schema.org\",\"@graph\":[{\"@type\":\"Article\",\"@id\":\"http:\/\/elregionalvm.com.ar\/noticias-villa-maria\/historias-la-maldicion-del-apolo-13-y-el-alunizaje-que-no-pudo-ser\/#article\",\"isPartOf\":{\"@id\":\"http:\/\/elregionalvm.com.ar\/noticias-villa-maria\/historias-la-maldicion-del-apolo-13-y-el-alunizaje-que-no-pudo-ser\/\"},\"author\":{\"name\":\"Contenidos El Regional\",\"@id\":\"http:\/\/elregionalvm.com.ar\/noticias-villa-maria\/#\/schema\/person\/a0fb9c422317faca23d50163151bc354\"},\"headline\":\"[Historias] La maldici\u00f3n del Apolo 13 y el alunizaje que no pudo ser\",\"datePublished\":\"2023-08-31T03:53:33+00:00\",\"dateModified\":\"2023-09-02T03:23:41+00:00\",\"mainEntityOfPage\":{\"@id\":\"http:\/\/elregionalvm.com.ar\/noticias-villa-maria\/historias-la-maldicion-del-apolo-13-y-el-alunizaje-que-no-pudo-ser\/\"},\"wordCount\":854,\"commentCount\":0,\"image\":{\"@id\":\"http:\/\/elregionalvm.com.ar\/noticias-villa-maria\/historias-la-maldicion-del-apolo-13-y-el-alunizaje-que-no-pudo-ser\/#primaryimage\"},\"thumbnailUrl\":\"https:\/\/i0.wp.com\/elregionalvm.com.ar\/noticias-villa-maria\/wp-content\/uploads\/2023\/08\/Apolo-13-despegue.jpg?fit=1024%2C816&ssl=1\",\"keywords\":[\"alunizaje\",\"Apolo 11\",\"Apolo 13\",\"historias\",\"Luna\",\"Maldici\u00f3n\",\"NASA\",\"Sat\u00e9lite\",\"Tierra\"],\"articleSection\":[\"Historias\",\"tercera\"],\"inLanguage\":\"es\",\"potentialAction\":[{\"@type\":\"CommentAction\",\"name\":\"Comment\",\"target\":[\"http:\/\/elregionalvm.com.ar\/noticias-villa-maria\/historias-la-maldicion-del-apolo-13-y-el-alunizaje-que-no-pudo-ser\/#respond\"]}]},{\"@type\":\"WebPage\",\"@id\":\"http:\/\/elregionalvm.com.ar\/noticias-villa-maria\/historias-la-maldicion-del-apolo-13-y-el-alunizaje-que-no-pudo-ser\/\",\"url\":\"http:\/\/elregionalvm.com.ar\/noticias-villa-maria\/historias-la-maldicion-del-apolo-13-y-el-alunizaje-que-no-pudo-ser\/\",\"name\":\"[Historias] La maldici\u00f3n del Apolo 13 y el alunizaje que no pudo ser - El Regional\",\"isPartOf\":{\"@id\":\"http:\/\/elregionalvm.com.ar\/noticias-villa-maria\/#website\"},\"primaryImageOfPage\":{\"@id\":\"http:\/\/elregionalvm.com.ar\/noticias-villa-maria\/historias-la-maldicion-del-apolo-13-y-el-alunizaje-que-no-pudo-ser\/#primaryimage\"},\"image\":{\"@id\":\"http:\/\/elregionalvm.com.ar\/noticias-villa-maria\/historias-la-maldicion-del-apolo-13-y-el-alunizaje-que-no-pudo-ser\/#primaryimage\"},\"thumbnailUrl\":\"https:\/\/i0.wp.com\/elregionalvm.com.ar\/noticias-villa-maria\/wp-content\/uploads\/2023\/08\/Apolo-13-despegue.jpg?fit=1024%2C816&ssl=1\",\"datePublished\":\"2023-08-31T03:53:33+00:00\",\"dateModified\":\"2023-09-02T03:23:41+00:00\",\"author\":{\"@id\":\"http:\/\/elregionalvm.com.ar\/noticias-villa-maria\/#\/schema\/person\/a0fb9c422317faca23d50163151bc354\"},\"breadcrumb\":{\"@id\":\"http:\/\/elregionalvm.com.ar\/noticias-villa-maria\/historias-la-maldicion-del-apolo-13-y-el-alunizaje-que-no-pudo-ser\/#breadcrumb\"},\"inLanguage\":\"es\",\"potentialAction\":[{\"@type\":\"ReadAction\",\"target\":[\"http:\/\/elregionalvm.com.ar\/noticias-villa-maria\/historias-la-maldicion-del-apolo-13-y-el-alunizaje-que-no-pudo-ser\/\"]}]},{\"@type\":\"ImageObject\",\"inLanguage\":\"es\",\"@id\":\"http:\/\/elregionalvm.com.ar\/noticias-villa-maria\/historias-la-maldicion-del-apolo-13-y-el-alunizaje-que-no-pudo-ser\/#primaryimage\",\"url\":\"https:\/\/i0.wp.com\/elregionalvm.com.ar\/noticias-villa-maria\/wp-content\/uploads\/2023\/08\/Apolo-13-despegue.jpg?fit=1024%2C816&ssl=1\",\"contentUrl\":\"https:\/\/i0.wp.com\/elregionalvm.com.ar\/noticias-villa-maria\/wp-content\/uploads\/2023\/08\/Apolo-13-despegue.jpg?fit=1024%2C816&ssl=1\",\"width\":1024,\"height\":816},{\"@type\":\"BreadcrumbList\",\"@id\":\"http:\/\/elregionalvm.com.ar\/noticias-villa-maria\/historias-la-maldicion-del-apolo-13-y-el-alunizaje-que-no-pudo-ser\/#breadcrumb\",\"itemListElement\":[{\"@type\":\"ListItem\",\"position\":1,\"name\":\"Portada\",\"item\":\"https:\/\/elregionalvm.com.ar\/noticias-villa-maria\/\"},{\"@type\":\"ListItem\",\"position\":2,\"name\":\"[Historias] La maldici\u00f3n del Apolo 13 y el alunizaje que no pudo ser\"}]},{\"@type\":\"WebSite\",\"@id\":\"http:\/\/elregionalvm.com.ar\/noticias-villa-maria\/#website\",\"url\":\"http:\/\/elregionalvm.com.ar\/noticias-villa-maria\/\",\"name\":\"El Regional\",\"description\":\"Mucho m\u00e1s que informaci\u00f3n\",\"potentialAction\":[{\"@type\":\"SearchAction\",\"target\":{\"@type\":\"EntryPoint\",\"urlTemplate\":\"http:\/\/elregionalvm.com.ar\/noticias-villa-maria\/?s={search_term_string}\"},\"query-input\":{\"@type\":\"PropertyValueSpecification\",\"valueRequired\":true,\"valueName\":\"search_term_string\"}}],\"inLanguage\":\"es\"},{\"@type\":\"Person\",\"@id\":\"http:\/\/elregionalvm.com.ar\/noticias-villa-maria\/#\/schema\/person\/a0fb9c422317faca23d50163151bc354\",\"name\":\"Contenidos El Regional\",\"image\":{\"@type\":\"ImageObject\",\"inLanguage\":\"es\",\"@id\":\"http:\/\/elregionalvm.com.ar\/noticias-villa-maria\/#\/schema\/person\/image\/\",\"url\":\"https:\/\/secure.gravatar.com\/avatar\/265b27cb2209af7bb3a1318f03305787d7981a5cc6e6cd08fe5a4ecdf99d4b48?s=96&d=mm&r=g\",\"contentUrl\":\"https:\/\/secure.gravatar.com\/avatar\/265b27cb2209af7bb3a1318f03305787d7981a5cc6e6cd08fe5a4ecdf99d4b48?s=96&d=mm&r=g\",\"caption\":\"Contenidos El Regional\"},\"url\":\"https:\/\/elregionalvm.com.ar\/noticias-villa-maria\/author\/contenido\/\"}]}<\/script>\n<!-- \/ Yoast SEO plugin. -->","yoast_head_json":{"title":"[Historias] La maldici\u00f3n del Apolo 13 y el alunizaje que no pudo ser - El Regional","robots":{"index":"index","follow":"follow","max-snippet":"max-snippet:-1","max-image-preview":"max-image-preview:large","max-video-preview":"max-video-preview:-1"},"canonical":"http:\/\/elregionalvm.com.ar\/noticias-villa-maria\/historias-la-maldicion-del-apolo-13-y-el-alunizaje-que-no-pudo-ser\/","og_locale":"es_ES","og_type":"article","og_title":"[Historias] La maldici\u00f3n del Apolo 13 y el alunizaje que no pudo ser - El Regional","og_description":"La llegada del hombre a la Luna se dio el 20 de julio de 1969, hace 54 a\u00f1os, cuando desde la base de la NASA despeg\u00f3 la nave Apolo 11, para alunizar orgullosamente en la inexplorada superficie de nuestro sat\u00e9lite. Distinta ser\u00eda el derrotero de Apolo 13. Escribe: JULIO A. BEN\u00cdTEZ \u2013 benitezjulioalberto@gmail.com La Apolo [&hellip;]","og_url":"http:\/\/elregionalvm.com.ar\/noticias-villa-maria\/historias-la-maldicion-del-apolo-13-y-el-alunizaje-que-no-pudo-ser\/","og_site_name":"El Regional","article_publisher":"https:\/\/www.facebook.com\/elregionalvm","article_published_time":"2023-08-31T03:53:33+00:00","article_modified_time":"2023-09-02T03:23:41+00:00","og_image":[{"width":1024,"height":816,"url":"http:\/\/elregionalvm.com.ar\/noticias-villa-maria\/wp-content\/uploads\/2023\/08\/Apolo-13-despegue.jpg","type":"image\/jpeg"}],"author":"Contenidos El Regional","twitter_card":"summary_large_image","twitter_creator":"@elregionalvm1","twitter_site":"@elregionalvm1","twitter_misc":{"Escrito por":"Contenidos El Regional","Tiempo de lectura":"5 minutos"},"schema":{"@context":"https:\/\/schema.org","@graph":[{"@type":"Article","@id":"http:\/\/elregionalvm.com.ar\/noticias-villa-maria\/historias-la-maldicion-del-apolo-13-y-el-alunizaje-que-no-pudo-ser\/#article","isPartOf":{"@id":"http:\/\/elregionalvm.com.ar\/noticias-villa-maria\/historias-la-maldicion-del-apolo-13-y-el-alunizaje-que-no-pudo-ser\/"},"author":{"name":"Contenidos El Regional","@id":"http:\/\/elregionalvm.com.ar\/noticias-villa-maria\/#\/schema\/person\/a0fb9c422317faca23d50163151bc354"},"headline":"[Historias] La maldici\u00f3n del Apolo 13 y el alunizaje que no pudo ser","datePublished":"2023-08-31T03:53:33+00:00","dateModified":"2023-09-02T03:23:41+00:00","mainEntityOfPage":{"@id":"http:\/\/elregionalvm.com.ar\/noticias-villa-maria\/historias-la-maldicion-del-apolo-13-y-el-alunizaje-que-no-pudo-ser\/"},"wordCount":854,"commentCount":0,"image":{"@id":"http:\/\/elregionalvm.com.ar\/noticias-villa-maria\/historias-la-maldicion-del-apolo-13-y-el-alunizaje-que-no-pudo-ser\/#primaryimage"},"thumbnailUrl":"https:\/\/i0.wp.com\/elregionalvm.com.ar\/noticias-villa-maria\/wp-content\/uploads\/2023\/08\/Apolo-13-despegue.jpg?fit=1024%2C816&ssl=1","keywords":["alunizaje","Apolo 11","Apolo 13","historias","Luna","Maldici\u00f3n","NASA","Sat\u00e9lite","Tierra"],"articleSection":["Historias","tercera"],"inLanguage":"es","potentialAction":[{"@type":"CommentAction","name":"Comment","target":["http:\/\/elregionalvm.com.ar\/noticias-villa-maria\/historias-la-maldicion-del-apolo-13-y-el-alunizaje-que-no-pudo-ser\/#respond"]}]},{"@type":"WebPage","@id":"http:\/\/elregionalvm.com.ar\/noticias-villa-maria\/historias-la-maldicion-del-apolo-13-y-el-alunizaje-que-no-pudo-ser\/","url":"http:\/\/elregionalvm.com.ar\/noticias-villa-maria\/historias-la-maldicion-del-apolo-13-y-el-alunizaje-que-no-pudo-ser\/","name":"[Historias] La maldici\u00f3n del Apolo 13 y el alunizaje que no pudo ser - El Regional","isPartOf":{"@id":"http:\/\/elregionalvm.com.ar\/noticias-villa-maria\/#website"},"primaryImageOfPage":{"@id":"http:\/\/elregionalvm.com.ar\/noticias-villa-maria\/historias-la-maldicion-del-apolo-13-y-el-alunizaje-que-no-pudo-ser\/#primaryimage"},"image":{"@id":"http:\/\/elregionalvm.com.ar\/noticias-villa-maria\/historias-la-maldicion-del-apolo-13-y-el-alunizaje-que-no-pudo-ser\/#primaryimage"},"thumbnailUrl":"https:\/\/i0.wp.com\/elregionalvm.com.ar\/noticias-villa-maria\/wp-content\/uploads\/2023\/08\/Apolo-13-despegue.jpg?fit=1024%2C816&ssl=1","datePublished":"2023-08-31T03:53:33+00:00","dateModified":"2023-09-02T03:23:41+00:00","author":{"@id":"http:\/\/elregionalvm.com.ar\/noticias-villa-maria\/#\/schema\/person\/a0fb9c422317faca23d50163151bc354"},"breadcrumb":{"@id":"http:\/\/elregionalvm.com.ar\/noticias-villa-maria\/historias-la-maldicion-del-apolo-13-y-el-alunizaje-que-no-pudo-ser\/#breadcrumb"},"inLanguage":"es","potentialAction":[{"@type":"ReadAction","target":["http:\/\/elregionalvm.com.ar\/noticias-villa-maria\/historias-la-maldicion-del-apolo-13-y-el-alunizaje-que-no-pudo-ser\/"]}]},{"@type":"ImageObject","inLanguage":"es","@id":"http:\/\/elregionalvm.com.ar\/noticias-villa-maria\/historias-la-maldicion-del-apolo-13-y-el-alunizaje-que-no-pudo-ser\/#primaryimage","url":"https:\/\/i0.wp.com\/elregionalvm.com.ar\/noticias-villa-maria\/wp-content\/uploads\/2023\/08\/Apolo-13-despegue.jpg?fit=1024%2C816&ssl=1","contentUrl":"https:\/\/i0.wp.com\/elregionalvm.com.ar\/noticias-villa-maria\/wp-content\/uploads\/2023\/08\/Apolo-13-despegue.jpg?fit=1024%2C816&ssl=1","width":1024,"height":816},{"@type":"BreadcrumbList","@id":"http:\/\/elregionalvm.com.ar\/noticias-villa-maria\/historias-la-maldicion-del-apolo-13-y-el-alunizaje-que-no-pudo-ser\/#breadcrumb","itemListElement":[{"@type":"ListItem","position":1,"name":"Portada","item":"https:\/\/elregionalvm.com.ar\/noticias-villa-maria\/"},{"@type":"ListItem","position":2,"name":"[Historias] La maldici\u00f3n del Apolo 13 y el alunizaje que no pudo ser"}]},{"@type":"WebSite","@id":"http:\/\/elregionalvm.com.ar\/noticias-villa-maria\/#website","url":"http:\/\/elregionalvm.com.ar\/noticias-villa-maria\/","name":"El Regional","description":"Mucho m\u00e1s que informaci\u00f3n","potentialAction":[{"@type":"SearchAction","target":{"@type":"EntryPoint","urlTemplate":"http:\/\/elregionalvm.com.ar\/noticias-villa-maria\/?s={search_term_string}"},"query-input":{"@type":"PropertyValueSpecification","valueRequired":true,"valueName":"search_term_string"}}],"inLanguage":"es"},{"@type":"Person","@id":"http:\/\/elregionalvm.com.ar\/noticias-villa-maria\/#\/schema\/person\/a0fb9c422317faca23d50163151bc354","name":"Contenidos El Regional","image":{"@type":"ImageObject","inLanguage":"es","@id":"http:\/\/elregionalvm.com.ar\/noticias-villa-maria\/#\/schema\/person\/image\/","url":"https:\/\/secure.gravatar.com\/avatar\/265b27cb2209af7bb3a1318f03305787d7981a5cc6e6cd08fe5a4ecdf99d4b48?s=96&d=mm&r=g","contentUrl":"https:\/\/secure.gravatar.com\/avatar\/265b27cb2209af7bb3a1318f03305787d7981a5cc6e6cd08fe5a4ecdf99d4b48?s=96&d=mm&r=g","caption":"Contenidos El Regional"},"url":"https:\/\/elregionalvm.com.ar\/noticias-villa-maria\/author\/contenido\/"}]}},"jetpack_featured_media_url":"https:\/\/i0.wp.com\/elregionalvm.com.ar\/noticias-villa-maria\/wp-content\/uploads\/2023\/08\/Apolo-13-despegue.jpg?fit=1024%2C816&ssl=1","jetpack_sharing_enabled":true,"_links":{"self":[{"href":"https:\/\/elregionalvm.com.ar\/noticias-villa-maria\/wp-json\/wp\/v2\/posts\/81838","targetHints":{"allow":["GET"]}}],"collection":[{"href":"https:\/\/elregionalvm.com.ar\/noticias-villa-maria\/wp-json\/wp\/v2\/posts"}],"about":[{"href":"https:\/\/elregionalvm.com.ar\/noticias-villa-maria\/wp-json\/wp\/v2\/types\/post"}],"author":[{"embeddable":true,"href":"https:\/\/elregionalvm.com.ar\/noticias-villa-maria\/wp-json\/wp\/v2\/users\/4"}],"replies":[{"embeddable":true,"href":"https:\/\/elregionalvm.com.ar\/noticias-villa-maria\/wp-json\/wp\/v2\/comments?post=81838"}],"version-history":[{"count":1,"href":"https:\/\/elregionalvm.com.ar\/noticias-villa-maria\/wp-json\/wp\/v2\/posts\/81838\/revisions"}],"predecessor-version":[{"id":81844,"href":"https:\/\/elregionalvm.com.ar\/noticias-villa-maria\/wp-json\/wp\/v2\/posts\/81838\/revisions\/81844"}],"wp:featuredmedia":[{"embeddable":true,"href":"https:\/\/elregionalvm.com.ar\/noticias-villa-maria\/wp-json\/wp\/v2\/media\/81840"}],"wp:attachment":[{"href":"https:\/\/elregionalvm.com.ar\/noticias-villa-maria\/wp-json\/wp\/v2\/media?parent=81838"}],"wp:term":[{"taxonomy":"category","embeddable":true,"href":"https:\/\/elregionalvm.com.ar\/noticias-villa-maria\/wp-json\/wp\/v2\/categories?post=81838"},{"taxonomy":"post_tag","embeddable":true,"href":"https:\/\/elregionalvm.com.ar\/noticias-villa-maria\/wp-json\/wp\/v2\/tags?post=81838"}],"curies":[{"name":"wp","href":"https:\/\/api.w.org\/{rel}","templated":true}]}}