{"id":81845,"date":"2023-08-31T04:31:22","date_gmt":"2023-08-31T04:31:22","guid":{"rendered":"https:\/\/elregionalvm.com.ar\/noticias-villa-maria\/?p=81845"},"modified":"2023-09-05T21:13:23","modified_gmt":"2023-09-05T21:13:23","slug":"politica-y-elecciones-la-obsesion-por-el-poder-y-el-arte-de-canutear","status":"publish","type":"post","link":"https:\/\/elregionalvm.com.ar\/noticias-villa-maria\/politica-y-elecciones-la-obsesion-por-el-poder-y-el-arte-de-canutear\/","title":{"rendered":"[Pol\u00edtica y elecciones] La obsesi\u00f3n por el poder que nunca se va y el arte de \u201ccanutear\u201d"},"content":{"rendered":"\n<h3 class=\"wp-block-heading\">\u00a0<strong>La pol\u00edtica siempre acu\u00f1a nuevos vocablos. Canutear, m\u00e1s all\u00e1 del sentido con que lo tome la voz popular, podr\u00eda aludir sin problemas a una pr\u00e1ctica nefasta que se prolonga desde la noche de los tiempos: la ambici\u00f3n de poder, la b\u00fasqueda de eternizarse en un sill\u00f3n y la idiosincrasia absolutista de nuestros gobernantes.<\/strong><\/h3>\n\n\n\n<p><\/p>\n\n\n\n<p><strong>Escribe: Germ\u00e1n Giacchero<\/strong><\/p>\n\n\n\n<p><\/p>\n\n\n\n<p>Canuto II El Grande fue un rey de Inglaterra, Noruega y Dinamarca, que alcanz\u00f3 esa posici\u00f3n a pura guerra. Cuando se sent\u00f3 en el trono se hizo pacifista, puso las leyes de su lado, se cas\u00f3 con la viuda de uno de sus derrotados y design\u00f3 a dos de sus hijos como reyes de Noruega y Dinamarca.<\/p>\n\n\n\n<p>Su reinado pas\u00f3 sin pena ni gloria, pero hay una leyenda que lo pinta de cuerpo entero.<\/p>\n\n\n\n<p>Cuenta Luis Melnik en su \u201cDiccionario Ins\u00f3lito 2\u201d, que un d\u00eda, el rey Canuto march\u00f3 con su corte a la orilla del mar para contemplar la puesta del sol. Queriendo prolongar al m\u00e1ximo su placer decidi\u00f3 impedir la pleamar.<\/p>\n\n\n\n<p>Con ese fin, dict\u00f3 un decreto real, prohibiendo la marea creciente. Sus cortesanos, consejeros y bufones se miraron inquietos, pero el rey, era el rey.<\/p>\n\n\n\n<p>Todos permanecieron obedientes y sumisos en las arenas todav\u00eda secas, pero el mar no se dio por enterado y comenz\u00f3 su irremediable tarea cotidiana.<\/p>\n\n\n\n<p><\/p>\n\n\n\n<figure class=\"wp-block-image size-large\"><img data-recalc-dims=\"1\" fetchpriority=\"high\" decoding=\"async\" width=\"1024\" height=\"683\" src=\"https:\/\/i0.wp.com\/elregionalvm.com.ar\/noticias-villa-maria\/wp-content\/uploads\/2023\/06\/Sillon-Rivadavia-detalle.jpg?resize=1024%2C683&#038;ssl=1\" alt=\"\" class=\"wp-image-77540\"\/><\/figure>\n\n\n\n<p><\/p>\n\n\n\n<p>Al cabo de un rato, los asistentes presurosos debieron sacar a Canuto con trono y todo, h\u00famedo y salado. Todos marcharon en silencio de vuelta al castillo: el rey, indignado con el mar, y sus servidores, mordi\u00e9ndose los labios.<\/p>\n\n\n\n<p>El s\u00edndrome de Canuto no caduc\u00f3 con la ca\u00edda de las monarqu\u00edas europeas y el r\u00e9gimen de los se\u00f1ores feudales de la Edad Media, que impon\u00edan su voluntad a sangre, cuchillo y fuego.<\/p>\n\n\n\n<p>Hoy, en tiempos de democracia, una experiencia muchas veces m\u00e1s formal que real en toda su expresi\u00f3n, esa patolog\u00eda propia de funcionarios, dirigentes, tecn\u00f3cratas y  asesores (de los nuevos y de los veteranos en el asunto) se encubre con otros nombres: adicci\u00f3n al poder, reelecci\u00f3n indefinida, superpoderes, siempre bajo la excusa del mandato popular, deseo de la mayor\u00eda o voluntad del pueblo.<\/p>\n\n\n\n<p>La historia, por caso, no es demasiado condescendiente con el argumento de que las mayor\u00edas no se equivocan.<\/p>\n\n\n\n<p><\/p>\n\n\n\n<figure class=\"wp-block-pullquote\"><blockquote><p><strong>Muchos de nuestros gobernantes, funcionarios y dirigentes se parecieron -se parecen- mucho al desahuciado Canuto. Creen que su \u00edmpetu todopoderoso podr\u00e1 contra todo y todos. Y que ser\u00e1n eternos los laureles<\/strong><\/p><\/blockquote><\/figure>\n\n\n\n<p><\/p>\n\n\n\n<p><strong>Malos ejemplos<\/strong><\/p>\n\n\n\n<p><\/p>\n\n\n\n<p>Pichones de Canuto fueron y son intendentes, gobernadores y aspirantes a perpetuar su anatom\u00eda en el sill\u00f3n presidencial.<\/p>\n\n\n\n<p>Esta enfermedad, que se manifiesta entre otros s\u00edntomas con la hiperinflaci\u00f3n del ego personal, el taponamiento de los o\u00eddos a toda idea ajena y un voraz apetito por el poder, presenta algunos ejemplares especiales.<\/p>\n\n\n\n<p>Son -o fueron- los prototipos de tantos jefes comunales de la provincia y el pa\u00eds que manejan su pago chico como feudos de su propiedad.<\/p>\n\n\n\n<p><\/p>\n\n\n\n<figure class=\"wp-block-image size-full\"><img data-recalc-dims=\"1\" decoding=\"async\" width=\"1024\" height=\"683\" src=\"https:\/\/i0.wp.com\/elregionalvm.com.ar\/noticias-villa-maria\/wp-content\/uploads\/2023\/02\/politico-careta-mascara.jpeg?resize=1024%2C683&#038;ssl=1\" alt=\"\" class=\"wp-image-72338\" srcset=\"https:\/\/i0.wp.com\/elregionalvm.com.ar\/noticias-villa-maria\/wp-content\/uploads\/2023\/02\/politico-careta-mascara.jpeg?w=1024&amp;ssl=1 1024w, https:\/\/i0.wp.com\/elregionalvm.com.ar\/noticias-villa-maria\/wp-content\/uploads\/2023\/02\/politico-careta-mascara.jpeg?resize=300%2C200&amp;ssl=1 300w, https:\/\/i0.wp.com\/elregionalvm.com.ar\/noticias-villa-maria\/wp-content\/uploads\/2023\/02\/politico-careta-mascara.jpeg?resize=768%2C512&amp;ssl=1 768w\" sizes=\"(max-width: 1000px) 100vw, 1000px\" \/><\/figure>\n\n\n\n<p><\/p>\n\n\n\n<p>Algunos gobiernos provinciales no se quedan atr\u00e1s y act\u00faan como monarqu\u00edas de cabotaje. Sobran los ejemplos de territorios donde est\u00e1 permitida la reelecci\u00f3n ilimitada del gobernador.<\/p>\n\n\n\n<p>Ni hablar, de algunos ocupantes de la Casa Rosada que escup\u00edan democracia a borbotones, pero en la pr\u00e1ctica renegaban de las virtudes que no los favorec\u00edan.<\/p>\n\n\n\n<p><strong>Civiles y militares<\/strong><\/p>\n\n\n\n<p>Este mal desconoce ideolog\u00edas, lineamientos pol\u00edticos, y excede las estructuras partidarias tradicionales. Hermana a civiles y militares, achica las distancias entre la derecha y la izquierda, y despliega su esencia sobre el caudillaje como en los ilustrados falsos defensores de la divisi\u00f3n de poderes.<\/p>\n\n\n\n<p>El Canutismo emparenta y ti\u00f1e democracias y dictaduras. Los militares no ten\u00edan metas que estipularan plazos, pose\u00edan objetivos sin fecha precisa. Si el contexto internacional y local hubiera sido otro, nadie habr\u00eda garantizado con certeza que la prole de Videla no hubiera copado la Rosada por varios a\u00f1os m\u00e1s.<\/p>\n\n\n\n<p>El absolutismo cl\u00e1sico era una forma de gobierno donde el poder resid\u00eda en una \u00fanica persona, a quien deb\u00edan obedecer todas las dem\u00e1s, sin rendir cuentas al parlamento ni al pueblo.<\/p>\n\n\n\n<p><\/p>\n\n\n\n<figure class=\"wp-block-image size-large\"><img data-recalc-dims=\"1\" decoding=\"async\" width=\"1024\" height=\"576\" src=\"https:\/\/i0.wp.com\/elregionalvm.com.ar\/noticias-villa-maria\/wp-content\/uploads\/2022\/08\/Politico-dos-caras.jpg?resize=1024%2C576&#038;ssl=1\" alt=\"\" class=\"wp-image-63219\" srcset=\"https:\/\/i0.wp.com\/elregionalvm.com.ar\/noticias-villa-maria\/wp-content\/uploads\/2022\/08\/Politico-dos-caras.jpg?resize=1024%2C576&amp;ssl=1 1024w, https:\/\/i0.wp.com\/elregionalvm.com.ar\/noticias-villa-maria\/wp-content\/uploads\/2022\/08\/Politico-dos-caras.jpg?resize=300%2C169&amp;ssl=1 300w, https:\/\/i0.wp.com\/elregionalvm.com.ar\/noticias-villa-maria\/wp-content\/uploads\/2022\/08\/Politico-dos-caras.jpg?resize=768%2C432&amp;ssl=1 768w, https:\/\/i0.wp.com\/elregionalvm.com.ar\/noticias-villa-maria\/wp-content\/uploads\/2022\/08\/Politico-dos-caras.jpg?w=1200&amp;ssl=1 1200w\" sizes=\"(max-width: 1000px) 100vw, 1000px\" \/><\/figure>\n\n\n\n<p><\/p>\n\n\n\n<p>Muchos de nuestros gobernantes, funcionarios y dirigentes se parecieron -se parecen- mucho al desahuciado Canuto. Creen que su \u00edmpetu todopoderoso podr\u00e1 contra todo y todos. Y que ser\u00e1n eternos los laureles.<\/p>\n\n\n\n<p>Pero, se sabe, la realidad, como el mar desobediente de la historia, m\u00e1s tarde o m\u00e1s temprano, vomita su bocanada de agua salada y amarga.<\/p>\n\n\n\n<p>Y eso, mal que pese, se llamen como se llamen, vale para todos. Y todas.<\/p>\n\n\n\n<p><\/p>\n\n\n\n<h3 class=\"wp-block-heading\"><strong>Tambi\u00e9n pod\u00e9s ver: <\/strong><\/h3>\n\n\n\n<p><\/p>\n\n\n\n<p><\/p>\n\n\n\n<figure class=\"wp-block-embed is-type-wp-embed is-provider-el-regional wp-block-embed-el-regional\"><div class=\"wp-block-embed__wrapper\">\n<blockquote class=\"wp-embedded-content\" data-secret=\"8bzt2IBThw\"><a href=\"https:\/\/elregionalvm.com.ar\/noticias-villa-maria\/un-disparo-al-corazon-vidas-y-muertes-trazadas-por-la-ironia-y-la-tragedia-2\/\">Un disparo al coraz\u00f3n: Vidas y muertes trazadas por la iron\u00eda y la tragedia<\/a><\/blockquote><iframe class=\"wp-embedded-content\" sandbox=\"allow-scripts\" security=\"restricted\" style=\"position: absolute; clip: rect(1px, 1px, 1px, 1px);\" title=\"\u00abUn disparo al coraz\u00f3n: Vidas y muertes trazadas por la iron\u00eda y la tragedia\u00bb \u2014 El Regional\" src=\"https:\/\/elregionalvm.com.ar\/noticias-villa-maria\/un-disparo-al-corazon-vidas-y-muertes-trazadas-por-la-ironia-y-la-tragedia-2\/embed\/#?secret=HCknHEfmt3#?secret=8bzt2IBThw\" data-secret=\"8bzt2IBThw\" width=\"500\" height=\"282\" frameborder=\"0\" marginwidth=\"0\" marginheight=\"0\" scrolling=\"no\"><\/iframe>\n<\/div><\/figure>\n","protected":false},"excerpt":{"rendered":"<p>\u00a0La pol\u00edtica siempre acu\u00f1a nuevos vocablos. Canutear, m\u00e1s all\u00e1 del sentido con que lo tome la voz popular, podr\u00eda aludir sin problemas a una pr\u00e1ctica nefasta que se prolonga desde la noche de los tiempos: la ambici\u00f3n de poder, la b\u00fasqueda de eternizarse en un sill\u00f3n y la idiosincrasia absolutista de nuestros gobernantes. Escribe: Germ\u00e1n [&hellip;]<\/p>\n","protected":false},"author":6,"featured_media":74259,"comment_status":"open","ping_status":"open","sticky":false,"template":"","format":"standard","meta":{"site-sidebar-layout":"default","site-content-layout":"","ast-site-content-layout":"default","site-content-style":"default","site-sidebar-style":"default","ast-global-header-display":"","ast-banner-title-visibility":"","ast-main-header-display":"","ast-hfb-above-header-display":"","ast-hfb-below-header-display":"","ast-hfb-mobile-header-display":"","site-post-title":"","ast-breadcrumbs-content":"","ast-featured-img":"","footer-sml-layout":"","ast-disable-related-posts":"","theme-transparent-header-meta":"","adv-header-id-meta":"","stick-header-meta":"","header-above-stick-meta":"","header-main-stick-meta":"","header-below-stick-meta":"","astra-migrate-meta-layouts":"set","ast-page-background-enabled":"default","ast-page-background-meta":{"desktop":{"background-color":"","background-image":"","background-repeat":"repeat","background-position":"center center","background-size":"auto","background-attachment":"scroll","background-type":"","background-media":"","overlay-type":"","overlay-color":"","overlay-opacity":"","overlay-gradient":""},"tablet":{"background-color":"","background-image":"","background-repeat":"repeat","background-position":"center center","background-size":"auto","background-attachment":"scroll","background-type":"","background-media":"","overlay-type":"","overlay-color":"","overlay-opacity":"","overlay-gradient":""},"mobile":{"background-color":"","background-image":"","background-repeat":"repeat","background-position":"center center","background-size":"auto","background-attachment":"scroll","background-type":"","background-media":"","overlay-type":"","overlay-color":"","overlay-opacity":"","overlay-gradient":""}},"ast-content-background-meta":{"desktop":{"background-color":"var(--ast-global-color-5)","background-image":"","background-repeat":"repeat","background-position":"center center","background-size":"auto","background-attachment":"scroll","background-type":"","background-media":"","overlay-type":"","overlay-color":"","overlay-opacity":"","overlay-gradient":""},"tablet":{"background-color":"var(--ast-global-color-5)","background-image":"","background-repeat":"repeat","background-position":"center center","background-size":"auto","background-attachment":"scroll","background-type":"","background-media":"","overlay-type":"","overlay-color":"","overlay-opacity":"","overlay-gradient":""},"mobile":{"background-color":"var(--ast-global-color-5)","background-image":"","background-repeat":"repeat","background-position":"center center","background-size":"auto","background-attachment":"scroll","background-type":"","background-media":"","overlay-type":"","overlay-color":"","overlay-opacity":"","overlay-gradient":""}},"_jetpack_memberships_contains_paid_content":false,"_joinchat":[],"footnotes":""},"categories":[365,2089,3557],"tags":[20690,6399,22814,22813,1535,268,553,13098,22815,44,519,59],"class_list":["post-81845","post","type-post","status-publish","format-standard","has-post-thumbnail","hentry","category-opinion","category-politica","category-tercera","tag-absolutismo","tag-adiccion","tag-canutear","tag-canuto","tag-democracia","tag-elecciones","tag-funcionarios","tag-monarquia","tag-obsesion","tag-poder","tag-politica","tag-presidente"],"yoast_head":"<!-- This site is optimized with the Yoast SEO plugin v26.8 - https:\/\/yoast.com\/product\/yoast-seo-wordpress\/ -->\n<title>[Pol\u00edtica y elecciones] La obsesi\u00f3n por el poder que nunca se va y el arte de \u201ccanutear\u201d - El Regional<\/title>\n<meta name=\"robots\" content=\"index, follow, max-snippet:-1, max-image-preview:large, max-video-preview:-1\" \/>\n<link rel=\"canonical\" href=\"http:\/\/elregionalvm.com.ar\/noticias-villa-maria\/politica-y-elecciones-la-obsesion-por-el-poder-y-el-arte-de-canutear\/\" \/>\n<meta property=\"og:locale\" content=\"es_ES\" \/>\n<meta property=\"og:type\" content=\"article\" \/>\n<meta property=\"og:title\" content=\"[Pol\u00edtica y elecciones] La obsesi\u00f3n por el poder que nunca se va y el arte de \u201ccanutear\u201d - El Regional\" \/>\n<meta property=\"og:description\" content=\"\u00a0La pol\u00edtica siempre acu\u00f1a nuevos vocablos. Canutear, m\u00e1s all\u00e1 del sentido con que lo tome la voz popular, podr\u00eda aludir sin problemas a una pr\u00e1ctica nefasta que se prolonga desde la noche de los tiempos: la ambici\u00f3n de poder, la b\u00fasqueda de eternizarse en un sill\u00f3n y la idiosincrasia absolutista de nuestros gobernantes. Escribe: Germ\u00e1n [&hellip;]\" \/>\n<meta property=\"og:url\" content=\"http:\/\/elregionalvm.com.ar\/noticias-villa-maria\/politica-y-elecciones-la-obsesion-por-el-poder-y-el-arte-de-canutear\/\" \/>\n<meta property=\"og:site_name\" content=\"El Regional\" \/>\n<meta property=\"article:publisher\" content=\"https:\/\/www.facebook.com\/elregionalvm\" \/>\n<meta property=\"article:published_time\" content=\"2023-08-31T04:31:22+00:00\" \/>\n<meta property=\"article:modified_time\" content=\"2023-09-05T21:13:23+00:00\" \/>\n<meta property=\"og:image\" content=\"http:\/\/elregionalvm.com.ar\/noticias-villa-maria\/wp-content\/uploads\/2023\/04\/Sillon-de-Rivadavia-2.jpg\" \/>\n\t<meta property=\"og:image:width\" content=\"1191\" \/>\n\t<meta property=\"og:image:height\" content=\"670\" \/>\n\t<meta property=\"og:image:type\" content=\"image\/jpeg\" \/>\n<meta name=\"author\" content=\"Germ\u00e1n Giacchero\" \/>\n<meta name=\"twitter:card\" content=\"summary_large_image\" \/>\n<meta name=\"twitter:creator\" content=\"@elregionalvm1\" \/>\n<meta name=\"twitter:site\" content=\"@elregionalvm1\" \/>\n<meta name=\"twitter:label1\" content=\"Escrito por\" \/>\n\t<meta name=\"twitter:data1\" content=\"Germ\u00e1n Giacchero\" \/>\n\t<meta name=\"twitter:label2\" content=\"Tiempo de lectura\" \/>\n\t<meta name=\"twitter:data2\" content=\"4 minutos\" \/>\n<script type=\"application\/ld+json\" class=\"yoast-schema-graph\">{\"@context\":\"https:\/\/schema.org\",\"@graph\":[{\"@type\":\"Article\",\"@id\":\"http:\/\/elregionalvm.com.ar\/noticias-villa-maria\/politica-y-elecciones-la-obsesion-por-el-poder-y-el-arte-de-canutear\/#article\",\"isPartOf\":{\"@id\":\"http:\/\/elregionalvm.com.ar\/noticias-villa-maria\/politica-y-elecciones-la-obsesion-por-el-poder-y-el-arte-de-canutear\/\"},\"author\":{\"name\":\"Germ\u00e1n Giacchero\",\"@id\":\"http:\/\/elregionalvm.com.ar\/noticias-villa-maria\/#\/schema\/person\/d5e4b04966154131701e52c45d3efec9\"},\"headline\":\"[Pol\u00edtica y elecciones] La obsesi\u00f3n por el poder que nunca se va y el arte de \u201ccanutear\u201d\",\"datePublished\":\"2023-08-31T04:31:22+00:00\",\"dateModified\":\"2023-09-05T21:13:23+00:00\",\"mainEntityOfPage\":{\"@id\":\"http:\/\/elregionalvm.com.ar\/noticias-villa-maria\/politica-y-elecciones-la-obsesion-por-el-poder-y-el-arte-de-canutear\/\"},\"wordCount\":819,\"commentCount\":0,\"image\":{\"@id\":\"http:\/\/elregionalvm.com.ar\/noticias-villa-maria\/politica-y-elecciones-la-obsesion-por-el-poder-y-el-arte-de-canutear\/#primaryimage\"},\"thumbnailUrl\":\"https:\/\/i0.wp.com\/elregionalvm.com.ar\/noticias-villa-maria\/wp-content\/uploads\/2023\/04\/Sillon-de-Rivadavia-2.jpg?fit=1191%2C670&ssl=1\",\"keywords\":[\"absolutismo\",\"adicci\u00f3n\",\"canutear\",\"Canuto\",\"Democracia\",\"elecciones\",\"Funcionarios\",\"monarqu\u00eda\",\"obsesi\u00f3n\",\"poder\",\"Pol\u00edtica\",\"Presidente\"],\"articleSection\":[\"Opini\u00f3n\",\"Pol\u00edtica\",\"tercera\"],\"inLanguage\":\"es\",\"potentialAction\":[{\"@type\":\"CommentAction\",\"name\":\"Comment\",\"target\":[\"http:\/\/elregionalvm.com.ar\/noticias-villa-maria\/politica-y-elecciones-la-obsesion-por-el-poder-y-el-arte-de-canutear\/#respond\"]}]},{\"@type\":\"WebPage\",\"@id\":\"http:\/\/elregionalvm.com.ar\/noticias-villa-maria\/politica-y-elecciones-la-obsesion-por-el-poder-y-el-arte-de-canutear\/\",\"url\":\"http:\/\/elregionalvm.com.ar\/noticias-villa-maria\/politica-y-elecciones-la-obsesion-por-el-poder-y-el-arte-de-canutear\/\",\"name\":\"[Pol\u00edtica y elecciones] La obsesi\u00f3n por el poder que nunca se va y el arte de \u201ccanutear\u201d - El Regional\",\"isPartOf\":{\"@id\":\"http:\/\/elregionalvm.com.ar\/noticias-villa-maria\/#website\"},\"primaryImageOfPage\":{\"@id\":\"http:\/\/elregionalvm.com.ar\/noticias-villa-maria\/politica-y-elecciones-la-obsesion-por-el-poder-y-el-arte-de-canutear\/#primaryimage\"},\"image\":{\"@id\":\"http:\/\/elregionalvm.com.ar\/noticias-villa-maria\/politica-y-elecciones-la-obsesion-por-el-poder-y-el-arte-de-canutear\/#primaryimage\"},\"thumbnailUrl\":\"https:\/\/i0.wp.com\/elregionalvm.com.ar\/noticias-villa-maria\/wp-content\/uploads\/2023\/04\/Sillon-de-Rivadavia-2.jpg?fit=1191%2C670&ssl=1\",\"datePublished\":\"2023-08-31T04:31:22+00:00\",\"dateModified\":\"2023-09-05T21:13:23+00:00\",\"author\":{\"@id\":\"http:\/\/elregionalvm.com.ar\/noticias-villa-maria\/#\/schema\/person\/d5e4b04966154131701e52c45d3efec9\"},\"breadcrumb\":{\"@id\":\"http:\/\/elregionalvm.com.ar\/noticias-villa-maria\/politica-y-elecciones-la-obsesion-por-el-poder-y-el-arte-de-canutear\/#breadcrumb\"},\"inLanguage\":\"es\",\"potentialAction\":[{\"@type\":\"ReadAction\",\"target\":[\"http:\/\/elregionalvm.com.ar\/noticias-villa-maria\/politica-y-elecciones-la-obsesion-por-el-poder-y-el-arte-de-canutear\/\"]}]},{\"@type\":\"ImageObject\",\"inLanguage\":\"es\",\"@id\":\"http:\/\/elregionalvm.com.ar\/noticias-villa-maria\/politica-y-elecciones-la-obsesion-por-el-poder-y-el-arte-de-canutear\/#primaryimage\",\"url\":\"https:\/\/i0.wp.com\/elregionalvm.com.ar\/noticias-villa-maria\/wp-content\/uploads\/2023\/04\/Sillon-de-Rivadavia-2.jpg?fit=1191%2C670&ssl=1\",\"contentUrl\":\"https:\/\/i0.wp.com\/elregionalvm.com.ar\/noticias-villa-maria\/wp-content\/uploads\/2023\/04\/Sillon-de-Rivadavia-2.jpg?fit=1191%2C670&ssl=1\",\"width\":1191,\"height\":670},{\"@type\":\"BreadcrumbList\",\"@id\":\"http:\/\/elregionalvm.com.ar\/noticias-villa-maria\/politica-y-elecciones-la-obsesion-por-el-poder-y-el-arte-de-canutear\/#breadcrumb\",\"itemListElement\":[{\"@type\":\"ListItem\",\"position\":1,\"name\":\"Portada\",\"item\":\"https:\/\/elregionalvm.com.ar\/noticias-villa-maria\/\"},{\"@type\":\"ListItem\",\"position\":2,\"name\":\"[Pol\u00edtica y elecciones] La obsesi\u00f3n por el poder que nunca se va y el arte de \u201ccanutear\u201d\"}]},{\"@type\":\"WebSite\",\"@id\":\"http:\/\/elregionalvm.com.ar\/noticias-villa-maria\/#website\",\"url\":\"http:\/\/elregionalvm.com.ar\/noticias-villa-maria\/\",\"name\":\"El Regional\",\"description\":\"Mucho m\u00e1s que informaci\u00f3n\",\"potentialAction\":[{\"@type\":\"SearchAction\",\"target\":{\"@type\":\"EntryPoint\",\"urlTemplate\":\"http:\/\/elregionalvm.com.ar\/noticias-villa-maria\/?s={search_term_string}\"},\"query-input\":{\"@type\":\"PropertyValueSpecification\",\"valueRequired\":true,\"valueName\":\"search_term_string\"}}],\"inLanguage\":\"es\"},{\"@type\":\"Person\",\"@id\":\"http:\/\/elregionalvm.com.ar\/noticias-villa-maria\/#\/schema\/person\/d5e4b04966154131701e52c45d3efec9\",\"name\":\"Germ\u00e1n Giacchero\",\"image\":{\"@type\":\"ImageObject\",\"inLanguage\":\"es\",\"@id\":\"http:\/\/elregionalvm.com.ar\/noticias-villa-maria\/#\/schema\/person\/image\/\",\"url\":\"https:\/\/secure.gravatar.com\/avatar\/fda163ba5ef0307ee5be9846e10f83b6e83d0cfb260d3b2464830318894c6b04?s=96&d=mm&r=g\",\"contentUrl\":\"https:\/\/secure.gravatar.com\/avatar\/fda163ba5ef0307ee5be9846e10f83b6e83d0cfb260d3b2464830318894c6b04?s=96&d=mm&r=g\",\"caption\":\"Germ\u00e1n Giacchero\"},\"url\":\"https:\/\/elregionalvm.com.ar\/noticias-villa-maria\/author\/germangiacchero\/\"}]}<\/script>\n<!-- \/ Yoast SEO plugin. -->","yoast_head_json":{"title":"[Pol\u00edtica y elecciones] La obsesi\u00f3n por el poder que nunca se va y el arte de \u201ccanutear\u201d - El Regional","robots":{"index":"index","follow":"follow","max-snippet":"max-snippet:-1","max-image-preview":"max-image-preview:large","max-video-preview":"max-video-preview:-1"},"canonical":"http:\/\/elregionalvm.com.ar\/noticias-villa-maria\/politica-y-elecciones-la-obsesion-por-el-poder-y-el-arte-de-canutear\/","og_locale":"es_ES","og_type":"article","og_title":"[Pol\u00edtica y elecciones] La obsesi\u00f3n por el poder que nunca se va y el arte de \u201ccanutear\u201d - El Regional","og_description":"\u00a0La pol\u00edtica siempre acu\u00f1a nuevos vocablos. Canutear, m\u00e1s all\u00e1 del sentido con que lo tome la voz popular, podr\u00eda aludir sin problemas a una pr\u00e1ctica nefasta que se prolonga desde la noche de los tiempos: la ambici\u00f3n de poder, la b\u00fasqueda de eternizarse en un sill\u00f3n y la idiosincrasia absolutista de nuestros gobernantes. Escribe: Germ\u00e1n [&hellip;]","og_url":"http:\/\/elregionalvm.com.ar\/noticias-villa-maria\/politica-y-elecciones-la-obsesion-por-el-poder-y-el-arte-de-canutear\/","og_site_name":"El Regional","article_publisher":"https:\/\/www.facebook.com\/elregionalvm","article_published_time":"2023-08-31T04:31:22+00:00","article_modified_time":"2023-09-05T21:13:23+00:00","og_image":[{"width":1191,"height":670,"url":"http:\/\/elregionalvm.com.ar\/noticias-villa-maria\/wp-content\/uploads\/2023\/04\/Sillon-de-Rivadavia-2.jpg","type":"image\/jpeg"}],"author":"Germ\u00e1n Giacchero","twitter_card":"summary_large_image","twitter_creator":"@elregionalvm1","twitter_site":"@elregionalvm1","twitter_misc":{"Escrito por":"Germ\u00e1n Giacchero","Tiempo de lectura":"4 minutos"},"schema":{"@context":"https:\/\/schema.org","@graph":[{"@type":"Article","@id":"http:\/\/elregionalvm.com.ar\/noticias-villa-maria\/politica-y-elecciones-la-obsesion-por-el-poder-y-el-arte-de-canutear\/#article","isPartOf":{"@id":"http:\/\/elregionalvm.com.ar\/noticias-villa-maria\/politica-y-elecciones-la-obsesion-por-el-poder-y-el-arte-de-canutear\/"},"author":{"name":"Germ\u00e1n Giacchero","@id":"http:\/\/elregionalvm.com.ar\/noticias-villa-maria\/#\/schema\/person\/d5e4b04966154131701e52c45d3efec9"},"headline":"[Pol\u00edtica y elecciones] La obsesi\u00f3n por el poder que nunca se va y el arte de \u201ccanutear\u201d","datePublished":"2023-08-31T04:31:22+00:00","dateModified":"2023-09-05T21:13:23+00:00","mainEntityOfPage":{"@id":"http:\/\/elregionalvm.com.ar\/noticias-villa-maria\/politica-y-elecciones-la-obsesion-por-el-poder-y-el-arte-de-canutear\/"},"wordCount":819,"commentCount":0,"image":{"@id":"http:\/\/elregionalvm.com.ar\/noticias-villa-maria\/politica-y-elecciones-la-obsesion-por-el-poder-y-el-arte-de-canutear\/#primaryimage"},"thumbnailUrl":"https:\/\/i0.wp.com\/elregionalvm.com.ar\/noticias-villa-maria\/wp-content\/uploads\/2023\/04\/Sillon-de-Rivadavia-2.jpg?fit=1191%2C670&ssl=1","keywords":["absolutismo","adicci\u00f3n","canutear","Canuto","Democracia","elecciones","Funcionarios","monarqu\u00eda","obsesi\u00f3n","poder","Pol\u00edtica","Presidente"],"articleSection":["Opini\u00f3n","Pol\u00edtica","tercera"],"inLanguage":"es","potentialAction":[{"@type":"CommentAction","name":"Comment","target":["http:\/\/elregionalvm.com.ar\/noticias-villa-maria\/politica-y-elecciones-la-obsesion-por-el-poder-y-el-arte-de-canutear\/#respond"]}]},{"@type":"WebPage","@id":"http:\/\/elregionalvm.com.ar\/noticias-villa-maria\/politica-y-elecciones-la-obsesion-por-el-poder-y-el-arte-de-canutear\/","url":"http:\/\/elregionalvm.com.ar\/noticias-villa-maria\/politica-y-elecciones-la-obsesion-por-el-poder-y-el-arte-de-canutear\/","name":"[Pol\u00edtica y elecciones] La obsesi\u00f3n por el poder que nunca se va y el arte de \u201ccanutear\u201d - El Regional","isPartOf":{"@id":"http:\/\/elregionalvm.com.ar\/noticias-villa-maria\/#website"},"primaryImageOfPage":{"@id":"http:\/\/elregionalvm.com.ar\/noticias-villa-maria\/politica-y-elecciones-la-obsesion-por-el-poder-y-el-arte-de-canutear\/#primaryimage"},"image":{"@id":"http:\/\/elregionalvm.com.ar\/noticias-villa-maria\/politica-y-elecciones-la-obsesion-por-el-poder-y-el-arte-de-canutear\/#primaryimage"},"thumbnailUrl":"https:\/\/i0.wp.com\/elregionalvm.com.ar\/noticias-villa-maria\/wp-content\/uploads\/2023\/04\/Sillon-de-Rivadavia-2.jpg?fit=1191%2C670&ssl=1","datePublished":"2023-08-31T04:31:22+00:00","dateModified":"2023-09-05T21:13:23+00:00","author":{"@id":"http:\/\/elregionalvm.com.ar\/noticias-villa-maria\/#\/schema\/person\/d5e4b04966154131701e52c45d3efec9"},"breadcrumb":{"@id":"http:\/\/elregionalvm.com.ar\/noticias-villa-maria\/politica-y-elecciones-la-obsesion-por-el-poder-y-el-arte-de-canutear\/#breadcrumb"},"inLanguage":"es","potentialAction":[{"@type":"ReadAction","target":["http:\/\/elregionalvm.com.ar\/noticias-villa-maria\/politica-y-elecciones-la-obsesion-por-el-poder-y-el-arte-de-canutear\/"]}]},{"@type":"ImageObject","inLanguage":"es","@id":"http:\/\/elregionalvm.com.ar\/noticias-villa-maria\/politica-y-elecciones-la-obsesion-por-el-poder-y-el-arte-de-canutear\/#primaryimage","url":"https:\/\/i0.wp.com\/elregionalvm.com.ar\/noticias-villa-maria\/wp-content\/uploads\/2023\/04\/Sillon-de-Rivadavia-2.jpg?fit=1191%2C670&ssl=1","contentUrl":"https:\/\/i0.wp.com\/elregionalvm.com.ar\/noticias-villa-maria\/wp-content\/uploads\/2023\/04\/Sillon-de-Rivadavia-2.jpg?fit=1191%2C670&ssl=1","width":1191,"height":670},{"@type":"BreadcrumbList","@id":"http:\/\/elregionalvm.com.ar\/noticias-villa-maria\/politica-y-elecciones-la-obsesion-por-el-poder-y-el-arte-de-canutear\/#breadcrumb","itemListElement":[{"@type":"ListItem","position":1,"name":"Portada","item":"https:\/\/elregionalvm.com.ar\/noticias-villa-maria\/"},{"@type":"ListItem","position":2,"name":"[Pol\u00edtica y elecciones] La obsesi\u00f3n por el poder que nunca se va y el arte de \u201ccanutear\u201d"}]},{"@type":"WebSite","@id":"http:\/\/elregionalvm.com.ar\/noticias-villa-maria\/#website","url":"http:\/\/elregionalvm.com.ar\/noticias-villa-maria\/","name":"El Regional","description":"Mucho m\u00e1s que informaci\u00f3n","potentialAction":[{"@type":"SearchAction","target":{"@type":"EntryPoint","urlTemplate":"http:\/\/elregionalvm.com.ar\/noticias-villa-maria\/?s={search_term_string}"},"query-input":{"@type":"PropertyValueSpecification","valueRequired":true,"valueName":"search_term_string"}}],"inLanguage":"es"},{"@type":"Person","@id":"http:\/\/elregionalvm.com.ar\/noticias-villa-maria\/#\/schema\/person\/d5e4b04966154131701e52c45d3efec9","name":"Germ\u00e1n Giacchero","image":{"@type":"ImageObject","inLanguage":"es","@id":"http:\/\/elregionalvm.com.ar\/noticias-villa-maria\/#\/schema\/person\/image\/","url":"https:\/\/secure.gravatar.com\/avatar\/fda163ba5ef0307ee5be9846e10f83b6e83d0cfb260d3b2464830318894c6b04?s=96&d=mm&r=g","contentUrl":"https:\/\/secure.gravatar.com\/avatar\/fda163ba5ef0307ee5be9846e10f83b6e83d0cfb260d3b2464830318894c6b04?s=96&d=mm&r=g","caption":"Germ\u00e1n Giacchero"},"url":"https:\/\/elregionalvm.com.ar\/noticias-villa-maria\/author\/germangiacchero\/"}]}},"jetpack_featured_media_url":"https:\/\/i0.wp.com\/elregionalvm.com.ar\/noticias-villa-maria\/wp-content\/uploads\/2023\/04\/Sillon-de-Rivadavia-2.jpg?fit=1191%2C670&ssl=1","jetpack_sharing_enabled":true,"_links":{"self":[{"href":"https:\/\/elregionalvm.com.ar\/noticias-villa-maria\/wp-json\/wp\/v2\/posts\/81845","targetHints":{"allow":["GET"]}}],"collection":[{"href":"https:\/\/elregionalvm.com.ar\/noticias-villa-maria\/wp-json\/wp\/v2\/posts"}],"about":[{"href":"https:\/\/elregionalvm.com.ar\/noticias-villa-maria\/wp-json\/wp\/v2\/types\/post"}],"author":[{"embeddable":true,"href":"https:\/\/elregionalvm.com.ar\/noticias-villa-maria\/wp-json\/wp\/v2\/users\/6"}],"replies":[{"embeddable":true,"href":"https:\/\/elregionalvm.com.ar\/noticias-villa-maria\/wp-json\/wp\/v2\/comments?post=81845"}],"version-history":[{"count":3,"href":"https:\/\/elregionalvm.com.ar\/noticias-villa-maria\/wp-json\/wp\/v2\/posts\/81845\/revisions"}],"predecessor-version":[{"id":81848,"href":"https:\/\/elregionalvm.com.ar\/noticias-villa-maria\/wp-json\/wp\/v2\/posts\/81845\/revisions\/81848"}],"wp:featuredmedia":[{"embeddable":true,"href":"https:\/\/elregionalvm.com.ar\/noticias-villa-maria\/wp-json\/wp\/v2\/media\/74259"}],"wp:attachment":[{"href":"https:\/\/elregionalvm.com.ar\/noticias-villa-maria\/wp-json\/wp\/v2\/media?parent=81845"}],"wp:term":[{"taxonomy":"category","embeddable":true,"href":"https:\/\/elregionalvm.com.ar\/noticias-villa-maria\/wp-json\/wp\/v2\/categories?post=81845"},{"taxonomy":"post_tag","embeddable":true,"href":"https:\/\/elregionalvm.com.ar\/noticias-villa-maria\/wp-json\/wp\/v2\/tags?post=81845"}],"curies":[{"name":"wp","href":"https:\/\/api.w.org\/{rel}","templated":true}]}}