{"id":81849,"date":"2023-08-31T21:21:50","date_gmt":"2023-08-31T21:21:50","guid":{"rendered":"https:\/\/elregionalvm.com.ar\/noticias-villa-maria\/?p=81849"},"modified":"2023-09-01T03:04:17","modified_gmt":"2023-09-01T03:04:17","slug":"son-los-12-recolectores-urbanos-villanovenses-que-trabajan-en-el-centro-de-gestion-ambiental","status":"publish","type":"post","link":"https:\/\/elregionalvm.com.ar\/noticias-villa-maria\/son-los-12-recolectores-urbanos-villanovenses-que-trabajan-en-el-centro-de-gestion-ambiental\/","title":{"rendered":"Son los 12 recolectores urbanos villanovenses que trabajan en el Centro de Gesti\u00f3n Ambiental"},"content":{"rendered":"\n<p>Son 12 recicladores urbanos villanovenses que ya est\u00e1n trabajando ya en el Centro de Gesti\u00f3n Ambiental Villa Mar\u00eda &#8211; Villa Nueva<\/p>\n\n\n\n<p>Este predio que est\u00e1 ubicado en el antiguo vertedero en la localidad vecina tiene como objetivos eliminar los basurales a cielo abierto y fomentar la econom\u00eda circular al gestionar. <\/p>\n\n\n\n<p>Adem\u00e1s de generar empleo para los recicladores urbanos. <\/p>\n\n\n\n<p>El subsecretario de Relaciones Institucionales y Pol\u00edticas Sociales, Franco Graglia, junto a la directora de Mujeres, G\u00e9nero y Diversidad, Virginia Bailone, acompa\u00f1aron esta semana la inauguraci\u00f3n del Centro de Gesti\u00f3n Ambiental Villa Mar\u00eda \u2013 Villa Nueva, junto a los trabajadores de nuestra ciudad.<\/p>\n\n\n\n<figure class=\"wp-block-image size-full is-resized\"><img data-recalc-dims=\"1\" fetchpriority=\"high\" decoding=\"async\" src=\"https:\/\/i0.wp.com\/elregionalvm.com.ar\/noticias-villa-maria\/wp-content\/uploads\/2023\/08\/WhatsApp-Image-2023-08-31-at-12.47.19.jpeg?resize=709%2C814&#038;ssl=1\" alt=\"\" class=\"wp-image-81851\" width=\"709\" height=\"814\" srcset=\"https:\/\/i0.wp.com\/elregionalvm.com.ar\/noticias-villa-maria\/wp-content\/uploads\/2023\/08\/WhatsApp-Image-2023-08-31-at-12.47.19.jpeg?w=757&amp;ssl=1 757w, https:\/\/i0.wp.com\/elregionalvm.com.ar\/noticias-villa-maria\/wp-content\/uploads\/2023\/08\/WhatsApp-Image-2023-08-31-at-12.47.19.jpeg?resize=261%2C300&amp;ssl=1 261w\" sizes=\"(max-width: 709px) 100vw, 709px\" \/><\/figure>\n\n\n\n<p>Es importante destacar que los encargados de llevar adelante las diversas funciones en el Centro de Gesti\u00f3n Ambiental ser\u00e1n los miembros de cooperativas junto con recicladores urbanos. <\/p>\n\n\n\n<p>Y que todos han recibido capacitaci\u00f3n en cuestiones relacionadas con residuos, higiene, seguridad, econom\u00eda circular y medio ambiente.<\/p>\n\n\n\n<p>Cabe destacar que semanas atr\u00e1s los recicladores locales participaron de las capacitaciones sobre la Ley Yolanda.<\/p>\n","protected":false},"excerpt":{"rendered":"<p>Son 12 recicladores urbanos villanovenses que ya est\u00e1n trabajando ya en el Centro de Gesti\u00f3n Ambiental Villa Mar\u00eda &#8211; Villa Nueva Este predio que est\u00e1 ubicado en el antiguo vertedero en la localidad vecina tiene como objetivos eliminar los basurales a cielo abierto y fomentar la econom\u00eda circular al gestionar. Adem\u00e1s de generar empleo para [&hellip;]<\/p>\n","protected":false},"author":4,"featured_media":81850,"comment_status":"open","ping_status":"open","sticky":false,"template":"","format":"standard","meta":{"site-sidebar-layout":"default","site-content-layout":"","ast-site-content-layout":"default","site-content-style":"default","site-sidebar-style":"default","ast-global-header-display":"","ast-banner-title-visibility":"","ast-main-header-display":"","ast-hfb-above-header-display":"","ast-hfb-below-header-display":"","ast-hfb-mobile-header-display":"","site-post-title":"","ast-breadcrumbs-content":"","ast-featured-img":"","footer-sml-layout":"","ast-disable-related-posts":"","theme-transparent-header-meta":"","adv-header-id-meta":"","stick-header-meta":"","header-above-stick-meta":"","header-main-stick-meta":"","header-below-stick-meta":"","astra-migrate-meta-layouts":"set","ast-page-background-enabled":"default","ast-page-background-meta":{"desktop":{"background-color":"","background-image":"","background-repeat":"repeat","background-position":"center center","background-size":"auto","background-attachment":"scroll","background-type":"","background-media":"","overlay-type":"","overlay-color":"","overlay-opacity":"","overlay-gradient":""},"tablet":{"background-color":"","background-image":"","background-repeat":"repeat","background-position":"center center","background-size":"auto","background-attachment":"scroll","background-type":"","background-media":"","overlay-type":"","overlay-color":"","overlay-opacity":"","overlay-gradient":""},"mobile":{"background-color":"","background-image":"","background-repeat":"repeat","background-position":"center center","background-size":"auto","background-attachment":"scroll","background-type":"","background-media":"","overlay-type":"","overlay-color":"","overlay-opacity":"","overlay-gradient":""}},"ast-content-background-meta":{"desktop":{"background-color":"var(--ast-global-color-5)","background-image":"","background-repeat":"repeat","background-position":"center center","background-size":"auto","background-attachment":"scroll","background-type":"","background-media":"","overlay-type":"","overlay-color":"","overlay-opacity":"","overlay-gradient":""},"tablet":{"background-color":"var(--ast-global-color-5)","background-image":"","background-repeat":"repeat","background-position":"center center","background-size":"auto","background-attachment":"scroll","background-type":"","background-media":"","overlay-type":"","overlay-color":"","overlay-opacity":"","overlay-gradient":""},"mobile":{"background-color":"var(--ast-global-color-5)","background-image":"","background-repeat":"repeat","background-position":"center center","background-size":"auto","background-attachment":"scroll","background-type":"","background-media":"","overlay-type":"","overlay-color":"","overlay-opacity":"","overlay-gradient":""}},"_jetpack_memberships_contains_paid_content":false,"_joinchat":[],"footnotes":""},"categories":[15302,5,2,1408],"tags":[],"class_list":["post-81849","post","type-post","status-publish","format-standard","has-post-thumbnail","hentry","category-destacado","category-sociedad","category-villa-maria","category-villa-nueva"],"yoast_head":"<!-- This site is optimized with the Yoast SEO plugin v26.8 - https:\/\/yoast.com\/product\/yoast-seo-wordpress\/ -->\n<title>Son los 12 recolectores urbanos villanovenses que trabajan en el Centro de Gesti\u00f3n Ambiental - El Regional<\/title>\n<meta name=\"robots\" content=\"index, follow, max-snippet:-1, max-image-preview:large, max-video-preview:-1\" \/>\n<link rel=\"canonical\" href=\"http:\/\/elregionalvm.com.ar\/noticias-villa-maria\/son-los-12-recolectores-urbanos-villanovenses-que-trabajan-en-el-centro-de-gestion-ambiental\/\" \/>\n<meta property=\"og:locale\" content=\"es_ES\" \/>\n<meta property=\"og:type\" content=\"article\" \/>\n<meta property=\"og:title\" content=\"Son los 12 recolectores urbanos villanovenses que trabajan en el Centro de Gesti\u00f3n Ambiental - El Regional\" \/>\n<meta property=\"og:description\" content=\"Son 12 recicladores urbanos villanovenses que ya est\u00e1n trabajando ya en el Centro de Gesti\u00f3n Ambiental Villa Mar\u00eda &#8211; Villa Nueva Este predio que est\u00e1 ubicado en el antiguo vertedero en la localidad vecina tiene como objetivos eliminar los basurales a cielo abierto y fomentar la econom\u00eda circular al gestionar. Adem\u00e1s de generar empleo para [&hellip;]\" \/>\n<meta property=\"og:url\" content=\"http:\/\/elregionalvm.com.ar\/noticias-villa-maria\/son-los-12-recolectores-urbanos-villanovenses-que-trabajan-en-el-centro-de-gestion-ambiental\/\" \/>\n<meta property=\"og:site_name\" content=\"El Regional\" \/>\n<meta property=\"article:publisher\" content=\"https:\/\/www.facebook.com\/elregionalvm\" \/>\n<meta property=\"article:published_time\" content=\"2023-08-31T21:21:50+00:00\" \/>\n<meta property=\"article:modified_time\" content=\"2023-09-01T03:04:17+00:00\" \/>\n<meta property=\"og:image\" content=\"http:\/\/elregionalvm.com.ar\/noticias-villa-maria\/wp-content\/uploads\/2023\/08\/WhatsApp-Image-2023-08-31-at-12.47.21.jpeg\" \/>\n\t<meta property=\"og:image:width\" content=\"1600\" \/>\n\t<meta property=\"og:image:height\" content=\"1053\" \/>\n\t<meta property=\"og:image:type\" content=\"image\/jpeg\" \/>\n<meta name=\"author\" content=\"Contenidos El Regional\" \/>\n<meta name=\"twitter:card\" content=\"summary_large_image\" \/>\n<meta name=\"twitter:creator\" content=\"@elregionalvm1\" \/>\n<meta name=\"twitter:site\" content=\"@elregionalvm1\" \/>\n<meta name=\"twitter:label1\" content=\"Escrito por\" \/>\n\t<meta name=\"twitter:data1\" content=\"Contenidos El Regional\" \/>\n\t<meta name=\"twitter:label2\" content=\"Tiempo de lectura\" \/>\n\t<meta name=\"twitter:data2\" content=\"1 minuto\" \/>\n<script type=\"application\/ld+json\" class=\"yoast-schema-graph\">{\"@context\":\"https:\/\/schema.org\",\"@graph\":[{\"@type\":\"Article\",\"@id\":\"http:\/\/elregionalvm.com.ar\/noticias-villa-maria\/son-los-12-recolectores-urbanos-villanovenses-que-trabajan-en-el-centro-de-gestion-ambiental\/#article\",\"isPartOf\":{\"@id\":\"http:\/\/elregionalvm.com.ar\/noticias-villa-maria\/son-los-12-recolectores-urbanos-villanovenses-que-trabajan-en-el-centro-de-gestion-ambiental\/\"},\"author\":{\"name\":\"Contenidos El Regional\",\"@id\":\"http:\/\/elregionalvm.com.ar\/noticias-villa-maria\/#\/schema\/person\/a0fb9c422317faca23d50163151bc354\"},\"headline\":\"Son los 12 recolectores urbanos villanovenses que trabajan en el Centro de Gesti\u00f3n Ambiental\",\"datePublished\":\"2023-08-31T21:21:50+00:00\",\"dateModified\":\"2023-09-01T03:04:17+00:00\",\"mainEntityOfPage\":{\"@id\":\"http:\/\/elregionalvm.com.ar\/noticias-villa-maria\/son-los-12-recolectores-urbanos-villanovenses-que-trabajan-en-el-centro-de-gestion-ambiental\/\"},\"wordCount\":190,\"commentCount\":0,\"image\":{\"@id\":\"http:\/\/elregionalvm.com.ar\/noticias-villa-maria\/son-los-12-recolectores-urbanos-villanovenses-que-trabajan-en-el-centro-de-gestion-ambiental\/#primaryimage\"},\"thumbnailUrl\":\"https:\/\/i0.wp.com\/elregionalvm.com.ar\/noticias-villa-maria\/wp-content\/uploads\/2023\/08\/WhatsApp-Image-2023-08-31-at-12.47.21.jpeg?fit=1600%2C1053&ssl=1\",\"articleSection\":[\"destacado\",\"Sociedad\",\"Villa Mar\u00eda\",\"Villa Nueva\"],\"inLanguage\":\"es\",\"potentialAction\":[{\"@type\":\"CommentAction\",\"name\":\"Comment\",\"target\":[\"http:\/\/elregionalvm.com.ar\/noticias-villa-maria\/son-los-12-recolectores-urbanos-villanovenses-que-trabajan-en-el-centro-de-gestion-ambiental\/#respond\"]}]},{\"@type\":\"WebPage\",\"@id\":\"http:\/\/elregionalvm.com.ar\/noticias-villa-maria\/son-los-12-recolectores-urbanos-villanovenses-que-trabajan-en-el-centro-de-gestion-ambiental\/\",\"url\":\"http:\/\/elregionalvm.com.ar\/noticias-villa-maria\/son-los-12-recolectores-urbanos-villanovenses-que-trabajan-en-el-centro-de-gestion-ambiental\/\",\"name\":\"Son los 12 recolectores urbanos villanovenses que trabajan en el Centro de Gesti\u00f3n Ambiental - El Regional\",\"isPartOf\":{\"@id\":\"http:\/\/elregionalvm.com.ar\/noticias-villa-maria\/#website\"},\"primaryImageOfPage\":{\"@id\":\"http:\/\/elregionalvm.com.ar\/noticias-villa-maria\/son-los-12-recolectores-urbanos-villanovenses-que-trabajan-en-el-centro-de-gestion-ambiental\/#primaryimage\"},\"image\":{\"@id\":\"http:\/\/elregionalvm.com.ar\/noticias-villa-maria\/son-los-12-recolectores-urbanos-villanovenses-que-trabajan-en-el-centro-de-gestion-ambiental\/#primaryimage\"},\"thumbnailUrl\":\"https:\/\/i0.wp.com\/elregionalvm.com.ar\/noticias-villa-maria\/wp-content\/uploads\/2023\/08\/WhatsApp-Image-2023-08-31-at-12.47.21.jpeg?fit=1600%2C1053&ssl=1\",\"datePublished\":\"2023-08-31T21:21:50+00:00\",\"dateModified\":\"2023-09-01T03:04:17+00:00\",\"author\":{\"@id\":\"http:\/\/elregionalvm.com.ar\/noticias-villa-maria\/#\/schema\/person\/a0fb9c422317faca23d50163151bc354\"},\"breadcrumb\":{\"@id\":\"http:\/\/elregionalvm.com.ar\/noticias-villa-maria\/son-los-12-recolectores-urbanos-villanovenses-que-trabajan-en-el-centro-de-gestion-ambiental\/#breadcrumb\"},\"inLanguage\":\"es\",\"potentialAction\":[{\"@type\":\"ReadAction\",\"target\":[\"http:\/\/elregionalvm.com.ar\/noticias-villa-maria\/son-los-12-recolectores-urbanos-villanovenses-que-trabajan-en-el-centro-de-gestion-ambiental\/\"]}]},{\"@type\":\"ImageObject\",\"inLanguage\":\"es\",\"@id\":\"http:\/\/elregionalvm.com.ar\/noticias-villa-maria\/son-los-12-recolectores-urbanos-villanovenses-que-trabajan-en-el-centro-de-gestion-ambiental\/#primaryimage\",\"url\":\"https:\/\/i0.wp.com\/elregionalvm.com.ar\/noticias-villa-maria\/wp-content\/uploads\/2023\/08\/WhatsApp-Image-2023-08-31-at-12.47.21.jpeg?fit=1600%2C1053&ssl=1\",\"contentUrl\":\"https:\/\/i0.wp.com\/elregionalvm.com.ar\/noticias-villa-maria\/wp-content\/uploads\/2023\/08\/WhatsApp-Image-2023-08-31-at-12.47.21.jpeg?fit=1600%2C1053&ssl=1\",\"width\":1600,\"height\":1053},{\"@type\":\"BreadcrumbList\",\"@id\":\"http:\/\/elregionalvm.com.ar\/noticias-villa-maria\/son-los-12-recolectores-urbanos-villanovenses-que-trabajan-en-el-centro-de-gestion-ambiental\/#breadcrumb\",\"itemListElement\":[{\"@type\":\"ListItem\",\"position\":1,\"name\":\"Portada\",\"item\":\"https:\/\/elregionalvm.com.ar\/noticias-villa-maria\/\"},{\"@type\":\"ListItem\",\"position\":2,\"name\":\"Son los 12 recolectores urbanos villanovenses que trabajan en el Centro de Gesti\u00f3n Ambiental\"}]},{\"@type\":\"WebSite\",\"@id\":\"http:\/\/elregionalvm.com.ar\/noticias-villa-maria\/#website\",\"url\":\"http:\/\/elregionalvm.com.ar\/noticias-villa-maria\/\",\"name\":\"El Regional\",\"description\":\"Mucho m\u00e1s que informaci\u00f3n\",\"potentialAction\":[{\"@type\":\"SearchAction\",\"target\":{\"@type\":\"EntryPoint\",\"urlTemplate\":\"http:\/\/elregionalvm.com.ar\/noticias-villa-maria\/?s={search_term_string}\"},\"query-input\":{\"@type\":\"PropertyValueSpecification\",\"valueRequired\":true,\"valueName\":\"search_term_string\"}}],\"inLanguage\":\"es\"},{\"@type\":\"Person\",\"@id\":\"http:\/\/elregionalvm.com.ar\/noticias-villa-maria\/#\/schema\/person\/a0fb9c422317faca23d50163151bc354\",\"name\":\"Contenidos El Regional\",\"image\":{\"@type\":\"ImageObject\",\"inLanguage\":\"es\",\"@id\":\"http:\/\/elregionalvm.com.ar\/noticias-villa-maria\/#\/schema\/person\/image\/\",\"url\":\"https:\/\/secure.gravatar.com\/avatar\/265b27cb2209af7bb3a1318f03305787d7981a5cc6e6cd08fe5a4ecdf99d4b48?s=96&d=mm&r=g\",\"contentUrl\":\"https:\/\/secure.gravatar.com\/avatar\/265b27cb2209af7bb3a1318f03305787d7981a5cc6e6cd08fe5a4ecdf99d4b48?s=96&d=mm&r=g\",\"caption\":\"Contenidos El Regional\"},\"url\":\"https:\/\/elregionalvm.com.ar\/noticias-villa-maria\/author\/contenido\/\"}]}<\/script>\n<!-- \/ Yoast SEO plugin. -->","yoast_head_json":{"title":"Son los 12 recolectores urbanos villanovenses que trabajan en el Centro de Gesti\u00f3n Ambiental - El Regional","robots":{"index":"index","follow":"follow","max-snippet":"max-snippet:-1","max-image-preview":"max-image-preview:large","max-video-preview":"max-video-preview:-1"},"canonical":"http:\/\/elregionalvm.com.ar\/noticias-villa-maria\/son-los-12-recolectores-urbanos-villanovenses-que-trabajan-en-el-centro-de-gestion-ambiental\/","og_locale":"es_ES","og_type":"article","og_title":"Son los 12 recolectores urbanos villanovenses que trabajan en el Centro de Gesti\u00f3n Ambiental - El Regional","og_description":"Son 12 recicladores urbanos villanovenses que ya est\u00e1n trabajando ya en el Centro de Gesti\u00f3n Ambiental Villa Mar\u00eda &#8211; Villa Nueva Este predio que est\u00e1 ubicado en el antiguo vertedero en la localidad vecina tiene como objetivos eliminar los basurales a cielo abierto y fomentar la econom\u00eda circular al gestionar. Adem\u00e1s de generar empleo para [&hellip;]","og_url":"http:\/\/elregionalvm.com.ar\/noticias-villa-maria\/son-los-12-recolectores-urbanos-villanovenses-que-trabajan-en-el-centro-de-gestion-ambiental\/","og_site_name":"El Regional","article_publisher":"https:\/\/www.facebook.com\/elregionalvm","article_published_time":"2023-08-31T21:21:50+00:00","article_modified_time":"2023-09-01T03:04:17+00:00","og_image":[{"width":1600,"height":1053,"url":"http:\/\/elregionalvm.com.ar\/noticias-villa-maria\/wp-content\/uploads\/2023\/08\/WhatsApp-Image-2023-08-31-at-12.47.21.jpeg","type":"image\/jpeg"}],"author":"Contenidos El Regional","twitter_card":"summary_large_image","twitter_creator":"@elregionalvm1","twitter_site":"@elregionalvm1","twitter_misc":{"Escrito por":"Contenidos El Regional","Tiempo de lectura":"1 minuto"},"schema":{"@context":"https:\/\/schema.org","@graph":[{"@type":"Article","@id":"http:\/\/elregionalvm.com.ar\/noticias-villa-maria\/son-los-12-recolectores-urbanos-villanovenses-que-trabajan-en-el-centro-de-gestion-ambiental\/#article","isPartOf":{"@id":"http:\/\/elregionalvm.com.ar\/noticias-villa-maria\/son-los-12-recolectores-urbanos-villanovenses-que-trabajan-en-el-centro-de-gestion-ambiental\/"},"author":{"name":"Contenidos El Regional","@id":"http:\/\/elregionalvm.com.ar\/noticias-villa-maria\/#\/schema\/person\/a0fb9c422317faca23d50163151bc354"},"headline":"Son los 12 recolectores urbanos villanovenses que trabajan en el Centro de Gesti\u00f3n Ambiental","datePublished":"2023-08-31T21:21:50+00:00","dateModified":"2023-09-01T03:04:17+00:00","mainEntityOfPage":{"@id":"http:\/\/elregionalvm.com.ar\/noticias-villa-maria\/son-los-12-recolectores-urbanos-villanovenses-que-trabajan-en-el-centro-de-gestion-ambiental\/"},"wordCount":190,"commentCount":0,"image":{"@id":"http:\/\/elregionalvm.com.ar\/noticias-villa-maria\/son-los-12-recolectores-urbanos-villanovenses-que-trabajan-en-el-centro-de-gestion-ambiental\/#primaryimage"},"thumbnailUrl":"https:\/\/i0.wp.com\/elregionalvm.com.ar\/noticias-villa-maria\/wp-content\/uploads\/2023\/08\/WhatsApp-Image-2023-08-31-at-12.47.21.jpeg?fit=1600%2C1053&ssl=1","articleSection":["destacado","Sociedad","Villa Mar\u00eda","Villa Nueva"],"inLanguage":"es","potentialAction":[{"@type":"CommentAction","name":"Comment","target":["http:\/\/elregionalvm.com.ar\/noticias-villa-maria\/son-los-12-recolectores-urbanos-villanovenses-que-trabajan-en-el-centro-de-gestion-ambiental\/#respond"]}]},{"@type":"WebPage","@id":"http:\/\/elregionalvm.com.ar\/noticias-villa-maria\/son-los-12-recolectores-urbanos-villanovenses-que-trabajan-en-el-centro-de-gestion-ambiental\/","url":"http:\/\/elregionalvm.com.ar\/noticias-villa-maria\/son-los-12-recolectores-urbanos-villanovenses-que-trabajan-en-el-centro-de-gestion-ambiental\/","name":"Son los 12 recolectores urbanos villanovenses que trabajan en el Centro de Gesti\u00f3n Ambiental - El Regional","isPartOf":{"@id":"http:\/\/elregionalvm.com.ar\/noticias-villa-maria\/#website"},"primaryImageOfPage":{"@id":"http:\/\/elregionalvm.com.ar\/noticias-villa-maria\/son-los-12-recolectores-urbanos-villanovenses-que-trabajan-en-el-centro-de-gestion-ambiental\/#primaryimage"},"image":{"@id":"http:\/\/elregionalvm.com.ar\/noticias-villa-maria\/son-los-12-recolectores-urbanos-villanovenses-que-trabajan-en-el-centro-de-gestion-ambiental\/#primaryimage"},"thumbnailUrl":"https:\/\/i0.wp.com\/elregionalvm.com.ar\/noticias-villa-maria\/wp-content\/uploads\/2023\/08\/WhatsApp-Image-2023-08-31-at-12.47.21.jpeg?fit=1600%2C1053&ssl=1","datePublished":"2023-08-31T21:21:50+00:00","dateModified":"2023-09-01T03:04:17+00:00","author":{"@id":"http:\/\/elregionalvm.com.ar\/noticias-villa-maria\/#\/schema\/person\/a0fb9c422317faca23d50163151bc354"},"breadcrumb":{"@id":"http:\/\/elregionalvm.com.ar\/noticias-villa-maria\/son-los-12-recolectores-urbanos-villanovenses-que-trabajan-en-el-centro-de-gestion-ambiental\/#breadcrumb"},"inLanguage":"es","potentialAction":[{"@type":"ReadAction","target":["http:\/\/elregionalvm.com.ar\/noticias-villa-maria\/son-los-12-recolectores-urbanos-villanovenses-que-trabajan-en-el-centro-de-gestion-ambiental\/"]}]},{"@type":"ImageObject","inLanguage":"es","@id":"http:\/\/elregionalvm.com.ar\/noticias-villa-maria\/son-los-12-recolectores-urbanos-villanovenses-que-trabajan-en-el-centro-de-gestion-ambiental\/#primaryimage","url":"https:\/\/i0.wp.com\/elregionalvm.com.ar\/noticias-villa-maria\/wp-content\/uploads\/2023\/08\/WhatsApp-Image-2023-08-31-at-12.47.21.jpeg?fit=1600%2C1053&ssl=1","contentUrl":"https:\/\/i0.wp.com\/elregionalvm.com.ar\/noticias-villa-maria\/wp-content\/uploads\/2023\/08\/WhatsApp-Image-2023-08-31-at-12.47.21.jpeg?fit=1600%2C1053&ssl=1","width":1600,"height":1053},{"@type":"BreadcrumbList","@id":"http:\/\/elregionalvm.com.ar\/noticias-villa-maria\/son-los-12-recolectores-urbanos-villanovenses-que-trabajan-en-el-centro-de-gestion-ambiental\/#breadcrumb","itemListElement":[{"@type":"ListItem","position":1,"name":"Portada","item":"https:\/\/elregionalvm.com.ar\/noticias-villa-maria\/"},{"@type":"ListItem","position":2,"name":"Son los 12 recolectores urbanos villanovenses que trabajan en el Centro de Gesti\u00f3n Ambiental"}]},{"@type":"WebSite","@id":"http:\/\/elregionalvm.com.ar\/noticias-villa-maria\/#website","url":"http:\/\/elregionalvm.com.ar\/noticias-villa-maria\/","name":"El Regional","description":"Mucho m\u00e1s que informaci\u00f3n","potentialAction":[{"@type":"SearchAction","target":{"@type":"EntryPoint","urlTemplate":"http:\/\/elregionalvm.com.ar\/noticias-villa-maria\/?s={search_term_string}"},"query-input":{"@type":"PropertyValueSpecification","valueRequired":true,"valueName":"search_term_string"}}],"inLanguage":"es"},{"@type":"Person","@id":"http:\/\/elregionalvm.com.ar\/noticias-villa-maria\/#\/schema\/person\/a0fb9c422317faca23d50163151bc354","name":"Contenidos El Regional","image":{"@type":"ImageObject","inLanguage":"es","@id":"http:\/\/elregionalvm.com.ar\/noticias-villa-maria\/#\/schema\/person\/image\/","url":"https:\/\/secure.gravatar.com\/avatar\/265b27cb2209af7bb3a1318f03305787d7981a5cc6e6cd08fe5a4ecdf99d4b48?s=96&d=mm&r=g","contentUrl":"https:\/\/secure.gravatar.com\/avatar\/265b27cb2209af7bb3a1318f03305787d7981a5cc6e6cd08fe5a4ecdf99d4b48?s=96&d=mm&r=g","caption":"Contenidos El Regional"},"url":"https:\/\/elregionalvm.com.ar\/noticias-villa-maria\/author\/contenido\/"}]}},"jetpack_featured_media_url":"https:\/\/i0.wp.com\/elregionalvm.com.ar\/noticias-villa-maria\/wp-content\/uploads\/2023\/08\/WhatsApp-Image-2023-08-31-at-12.47.21.jpeg?fit=1600%2C1053&ssl=1","jetpack_sharing_enabled":true,"_links":{"self":[{"href":"https:\/\/elregionalvm.com.ar\/noticias-villa-maria\/wp-json\/wp\/v2\/posts\/81849","targetHints":{"allow":["GET"]}}],"collection":[{"href":"https:\/\/elregionalvm.com.ar\/noticias-villa-maria\/wp-json\/wp\/v2\/posts"}],"about":[{"href":"https:\/\/elregionalvm.com.ar\/noticias-villa-maria\/wp-json\/wp\/v2\/types\/post"}],"author":[{"embeddable":true,"href":"https:\/\/elregionalvm.com.ar\/noticias-villa-maria\/wp-json\/wp\/v2\/users\/4"}],"replies":[{"embeddable":true,"href":"https:\/\/elregionalvm.com.ar\/noticias-villa-maria\/wp-json\/wp\/v2\/comments?post=81849"}],"version-history":[{"count":2,"href":"https:\/\/elregionalvm.com.ar\/noticias-villa-maria\/wp-json\/wp\/v2\/posts\/81849\/revisions"}],"predecessor-version":[{"id":81897,"href":"https:\/\/elregionalvm.com.ar\/noticias-villa-maria\/wp-json\/wp\/v2\/posts\/81849\/revisions\/81897"}],"wp:featuredmedia":[{"embeddable":true,"href":"https:\/\/elregionalvm.com.ar\/noticias-villa-maria\/wp-json\/wp\/v2\/media\/81850"}],"wp:attachment":[{"href":"https:\/\/elregionalvm.com.ar\/noticias-villa-maria\/wp-json\/wp\/v2\/media?parent=81849"}],"wp:term":[{"taxonomy":"category","embeddable":true,"href":"https:\/\/elregionalvm.com.ar\/noticias-villa-maria\/wp-json\/wp\/v2\/categories?post=81849"},{"taxonomy":"post_tag","embeddable":true,"href":"https:\/\/elregionalvm.com.ar\/noticias-villa-maria\/wp-json\/wp\/v2\/tags?post=81849"}],"curies":[{"name":"wp","href":"https:\/\/api.w.org\/{rel}","templated":true}]}}