{"id":81853,"date":"2023-08-31T21:24:26","date_gmt":"2023-08-31T21:24:26","guid":{"rendered":"https:\/\/elregionalvm.com.ar\/noticias-villa-maria\/?p=81853"},"modified":"2023-08-31T21:24:29","modified_gmt":"2023-08-31T21:24:29","slug":"eduardo-accastello-pensar-en-la-inclusion-social-reduce-la-desigualdad","status":"publish","type":"post","link":"https:\/\/elregionalvm.com.ar\/noticias-villa-maria\/eduardo-accastello-pensar-en-la-inclusion-social-reduce-la-desigualdad\/","title":{"rendered":"Eduardo Accastello: \u201cPensar en la inclusi\u00f3n social reduce la desigualdad\u201d"},"content":{"rendered":"\n<p>Eduardo Accastello, candidato a Intendente por Villa Mar\u00eda, mantuvo este mi\u00e9rcoles una reuni\u00f3n con Sara Chaisi, de AVISDOWN Villa Mar\u00eda y Gabriela Isern, de FamiliasCEA, dos referentes de la ciudad en el tema de la discapacidad.<\/p>\n\n\n\n<p><strong><em>\u201cTrabajar integral y transversalmente la discapacidad es una de las materias en las que tenemos mucho por hacer en Villa Mar\u00eda, por eso fue tan importante el encuentro con Sara y Gabriela\u201d<\/em><\/strong>,&nbsp; manifest\u00f3.<\/p>\n\n\n\n<p>Seguidamente, Accastello se\u00f1al\u00f3: <strong><em>\u201cTenemos la alegr\u00eda de que ambas se hayan sumado a nuestro equipo y que adem\u00e1s, Sara Chaisi nos acompa\u00f1e en nuestra lista de concejales\u201d.<\/em><\/strong><\/p>\n\n\n\n<p>Asimismo, el candidato destac\u00f3 que <strong><em>\u201cpensar en la inclusi\u00f3n social reduce la desigualdad\u201d<\/em><\/strong>, ayuda a romper las barreras entre los diferentes grupos en el seno de la sociedad y promueve el respeto y la comprensi\u00f3n mutua, e indic\u00f3 que <strong><em>\u201cjunto a Sara y Gabriela vamos a dise\u00f1ar pol\u00edticas inclusivas pensando en toda la comunidad\u201d.<\/em><\/strong><\/p>\n\n\n\n<p><strong><u>Sara Chaisi<\/u><\/strong><\/p>\n\n\n\n<p><a><\/a>Es Secretaria de la Asociaci\u00f3n Civil AVISDOWN de Villa Mar\u00eda que desde el 2010 se conform\u00f3 para asesorar y acompa\u00f1ar a padres de personas con s\u00edndrome de down.<\/p>\n\n\n\n<p>Forma parte del Concejo Asesor de Discapacidad de la Municipalidad de Villa Mar\u00eda donde trabaja para lograr la plena inclusi\u00f3n de las personas con discapacidad en su conjunto.<\/p>\n\n\n\n<p><strong><u>Gabriela Isern<\/u><\/strong> Es miembro de FamiliasCea Villa Mar\u00eda y Villa Nueva que brinda apoyo y contenci\u00f3n a las familias atravesadas por el autismo y, capacitaciones sobre el autismo en las escuelas, de forma gratuita. <\/p>\n\n\n\n<p>Forma parte del Consejo Asesor de Discapacidad de la Municipalidad de Villa Mar\u00eda y es miembro de la Fundaci\u00f3n por la Inclusi\u00f3n Plena de Alta Gracia.<\/p>\n","protected":false},"excerpt":{"rendered":"<p>Eduardo Accastello, candidato a Intendente por Villa Mar\u00eda, mantuvo este mi\u00e9rcoles una reuni\u00f3n con Sara Chaisi, de AVISDOWN Villa Mar\u00eda y Gabriela Isern, de FamiliasCEA, dos referentes de la ciudad en el tema de la discapacidad. \u201cTrabajar integral y transversalmente la discapacidad es una de las materias en las que tenemos mucho por hacer en [&hellip;]<\/p>\n","protected":false},"author":4,"featured_media":81854,"comment_status":"open","ping_status":"open","sticky":false,"template":"","format":"standard","meta":{"site-sidebar-layout":"default","site-content-layout":"","ast-site-content-layout":"default","site-content-style":"default","site-sidebar-style":"default","ast-global-header-display":"","ast-banner-title-visibility":"","ast-main-header-display":"","ast-hfb-above-header-display":"","ast-hfb-below-header-display":"","ast-hfb-mobile-header-display":"","site-post-title":"","ast-breadcrumbs-content":"","ast-featured-img":"","footer-sml-layout":"","ast-disable-related-posts":"","theme-transparent-header-meta":"","adv-header-id-meta":"","stick-header-meta":"","header-above-stick-meta":"","header-main-stick-meta":"","header-below-stick-meta":"","astra-migrate-meta-layouts":"set","ast-page-background-enabled":"default","ast-page-background-meta":{"desktop":{"background-color":"","background-image":"","background-repeat":"repeat","background-position":"center center","background-size":"auto","background-attachment":"scroll","background-type":"","background-media":"","overlay-type":"","overlay-color":"","overlay-opacity":"","overlay-gradient":""},"tablet":{"background-color":"","background-image":"","background-repeat":"repeat","background-position":"center center","background-size":"auto","background-attachment":"scroll","background-type":"","background-media":"","overlay-type":"","overlay-color":"","overlay-opacity":"","overlay-gradient":""},"mobile":{"background-color":"","background-image":"","background-repeat":"repeat","background-position":"center center","background-size":"auto","background-attachment":"scroll","background-type":"","background-media":"","overlay-type":"","overlay-color":"","overlay-opacity":"","overlay-gradient":""}},"ast-content-background-meta":{"desktop":{"background-color":"var(--ast-global-color-5)","background-image":"","background-repeat":"repeat","background-position":"center center","background-size":"auto","background-attachment":"scroll","background-type":"","background-media":"","overlay-type":"","overlay-color":"","overlay-opacity":"","overlay-gradient":""},"tablet":{"background-color":"var(--ast-global-color-5)","background-image":"","background-repeat":"repeat","background-position":"center center","background-size":"auto","background-attachment":"scroll","background-type":"","background-media":"","overlay-type":"","overlay-color":"","overlay-opacity":"","overlay-gradient":""},"mobile":{"background-color":"var(--ast-global-color-5)","background-image":"","background-repeat":"repeat","background-position":"center center","background-size":"auto","background-attachment":"scroll","background-type":"","background-media":"","overlay-type":"","overlay-color":"","overlay-opacity":"","overlay-gradient":""}},"_jetpack_memberships_contains_paid_content":false,"_joinchat":[],"footnotes":""},"categories":[15302,5,2],"tags":[],"class_list":["post-81853","post","type-post","status-publish","format-standard","has-post-thumbnail","hentry","category-destacado","category-sociedad","category-villa-maria"],"yoast_head":"<!-- This site is optimized with the Yoast SEO plugin v26.8 - https:\/\/yoast.com\/product\/yoast-seo-wordpress\/ -->\n<title>Eduardo Accastello: \u201cPensar en la inclusi\u00f3n social reduce la desigualdad\u201d - El Regional<\/title>\n<meta name=\"robots\" content=\"index, follow, max-snippet:-1, max-image-preview:large, max-video-preview:-1\" \/>\n<link rel=\"canonical\" href=\"http:\/\/elregionalvm.com.ar\/noticias-villa-maria\/eduardo-accastello-pensar-en-la-inclusion-social-reduce-la-desigualdad\/\" \/>\n<meta property=\"og:locale\" content=\"es_ES\" \/>\n<meta property=\"og:type\" content=\"article\" \/>\n<meta property=\"og:title\" content=\"Eduardo Accastello: \u201cPensar en la inclusi\u00f3n social reduce la desigualdad\u201d - El Regional\" \/>\n<meta property=\"og:description\" content=\"Eduardo Accastello, candidato a Intendente por Villa Mar\u00eda, mantuvo este mi\u00e9rcoles una reuni\u00f3n con Sara Chaisi, de AVISDOWN Villa Mar\u00eda y Gabriela Isern, de FamiliasCEA, dos referentes de la ciudad en el tema de la discapacidad. \u201cTrabajar integral y transversalmente la discapacidad es una de las materias en las que tenemos mucho por hacer en [&hellip;]\" \/>\n<meta property=\"og:url\" content=\"http:\/\/elregionalvm.com.ar\/noticias-villa-maria\/eduardo-accastello-pensar-en-la-inclusion-social-reduce-la-desigualdad\/\" \/>\n<meta property=\"og:site_name\" content=\"El Regional\" \/>\n<meta property=\"article:publisher\" content=\"https:\/\/www.facebook.com\/elregionalvm\" \/>\n<meta property=\"article:published_time\" content=\"2023-08-31T21:24:26+00:00\" \/>\n<meta property=\"article:modified_time\" content=\"2023-08-31T21:24:29+00:00\" \/>\n<meta property=\"og:image\" content=\"http:\/\/elregionalvm.com.ar\/noticias-villa-maria\/wp-content\/uploads\/2023\/08\/WhatsApp-Image-2023-08-31-at-12.50.39.jpeg\" \/>\n\t<meta property=\"og:image:width\" content=\"1600\" \/>\n\t<meta property=\"og:image:height\" content=\"1066\" \/>\n\t<meta property=\"og:image:type\" content=\"image\/jpeg\" \/>\n<meta name=\"author\" content=\"Contenidos El Regional\" \/>\n<meta name=\"twitter:card\" content=\"summary_large_image\" \/>\n<meta name=\"twitter:creator\" content=\"@elregionalvm1\" \/>\n<meta name=\"twitter:site\" content=\"@elregionalvm1\" \/>\n<meta name=\"twitter:label1\" content=\"Escrito por\" \/>\n\t<meta name=\"twitter:data1\" content=\"Contenidos El Regional\" \/>\n\t<meta name=\"twitter:label2\" content=\"Tiempo de lectura\" \/>\n\t<meta name=\"twitter:data2\" content=\"2 minutos\" \/>\n<script type=\"application\/ld+json\" class=\"yoast-schema-graph\">{\"@context\":\"https:\/\/schema.org\",\"@graph\":[{\"@type\":\"Article\",\"@id\":\"http:\/\/elregionalvm.com.ar\/noticias-villa-maria\/eduardo-accastello-pensar-en-la-inclusion-social-reduce-la-desigualdad\/#article\",\"isPartOf\":{\"@id\":\"http:\/\/elregionalvm.com.ar\/noticias-villa-maria\/eduardo-accastello-pensar-en-la-inclusion-social-reduce-la-desigualdad\/\"},\"author\":{\"name\":\"Contenidos El Regional\",\"@id\":\"http:\/\/elregionalvm.com.ar\/noticias-villa-maria\/#\/schema\/person\/a0fb9c422317faca23d50163151bc354\"},\"headline\":\"Eduardo Accastello: \u201cPensar en la inclusi\u00f3n social reduce la desigualdad\u201d\",\"datePublished\":\"2023-08-31T21:24:26+00:00\",\"dateModified\":\"2023-08-31T21:24:29+00:00\",\"mainEntityOfPage\":{\"@id\":\"http:\/\/elregionalvm.com.ar\/noticias-villa-maria\/eduardo-accastello-pensar-en-la-inclusion-social-reduce-la-desigualdad\/\"},\"wordCount\":303,\"commentCount\":0,\"image\":{\"@id\":\"http:\/\/elregionalvm.com.ar\/noticias-villa-maria\/eduardo-accastello-pensar-en-la-inclusion-social-reduce-la-desigualdad\/#primaryimage\"},\"thumbnailUrl\":\"https:\/\/i0.wp.com\/elregionalvm.com.ar\/noticias-villa-maria\/wp-content\/uploads\/2023\/08\/WhatsApp-Image-2023-08-31-at-12.50.39.jpeg?fit=1600%2C1066&ssl=1\",\"articleSection\":[\"destacado\",\"Sociedad\",\"Villa Mar\u00eda\"],\"inLanguage\":\"es\",\"potentialAction\":[{\"@type\":\"CommentAction\",\"name\":\"Comment\",\"target\":[\"http:\/\/elregionalvm.com.ar\/noticias-villa-maria\/eduardo-accastello-pensar-en-la-inclusion-social-reduce-la-desigualdad\/#respond\"]}]},{\"@type\":\"WebPage\",\"@id\":\"http:\/\/elregionalvm.com.ar\/noticias-villa-maria\/eduardo-accastello-pensar-en-la-inclusion-social-reduce-la-desigualdad\/\",\"url\":\"http:\/\/elregionalvm.com.ar\/noticias-villa-maria\/eduardo-accastello-pensar-en-la-inclusion-social-reduce-la-desigualdad\/\",\"name\":\"Eduardo Accastello: \u201cPensar en la inclusi\u00f3n social reduce la desigualdad\u201d - El Regional\",\"isPartOf\":{\"@id\":\"http:\/\/elregionalvm.com.ar\/noticias-villa-maria\/#website\"},\"primaryImageOfPage\":{\"@id\":\"http:\/\/elregionalvm.com.ar\/noticias-villa-maria\/eduardo-accastello-pensar-en-la-inclusion-social-reduce-la-desigualdad\/#primaryimage\"},\"image\":{\"@id\":\"http:\/\/elregionalvm.com.ar\/noticias-villa-maria\/eduardo-accastello-pensar-en-la-inclusion-social-reduce-la-desigualdad\/#primaryimage\"},\"thumbnailUrl\":\"https:\/\/i0.wp.com\/elregionalvm.com.ar\/noticias-villa-maria\/wp-content\/uploads\/2023\/08\/WhatsApp-Image-2023-08-31-at-12.50.39.jpeg?fit=1600%2C1066&ssl=1\",\"datePublished\":\"2023-08-31T21:24:26+00:00\",\"dateModified\":\"2023-08-31T21:24:29+00:00\",\"author\":{\"@id\":\"http:\/\/elregionalvm.com.ar\/noticias-villa-maria\/#\/schema\/person\/a0fb9c422317faca23d50163151bc354\"},\"breadcrumb\":{\"@id\":\"http:\/\/elregionalvm.com.ar\/noticias-villa-maria\/eduardo-accastello-pensar-en-la-inclusion-social-reduce-la-desigualdad\/#breadcrumb\"},\"inLanguage\":\"es\",\"potentialAction\":[{\"@type\":\"ReadAction\",\"target\":[\"http:\/\/elregionalvm.com.ar\/noticias-villa-maria\/eduardo-accastello-pensar-en-la-inclusion-social-reduce-la-desigualdad\/\"]}]},{\"@type\":\"ImageObject\",\"inLanguage\":\"es\",\"@id\":\"http:\/\/elregionalvm.com.ar\/noticias-villa-maria\/eduardo-accastello-pensar-en-la-inclusion-social-reduce-la-desigualdad\/#primaryimage\",\"url\":\"https:\/\/i0.wp.com\/elregionalvm.com.ar\/noticias-villa-maria\/wp-content\/uploads\/2023\/08\/WhatsApp-Image-2023-08-31-at-12.50.39.jpeg?fit=1600%2C1066&ssl=1\",\"contentUrl\":\"https:\/\/i0.wp.com\/elregionalvm.com.ar\/noticias-villa-maria\/wp-content\/uploads\/2023\/08\/WhatsApp-Image-2023-08-31-at-12.50.39.jpeg?fit=1600%2C1066&ssl=1\",\"width\":1600,\"height\":1066},{\"@type\":\"BreadcrumbList\",\"@id\":\"http:\/\/elregionalvm.com.ar\/noticias-villa-maria\/eduardo-accastello-pensar-en-la-inclusion-social-reduce-la-desigualdad\/#breadcrumb\",\"itemListElement\":[{\"@type\":\"ListItem\",\"position\":1,\"name\":\"Portada\",\"item\":\"https:\/\/elregionalvm.com.ar\/noticias-villa-maria\/\"},{\"@type\":\"ListItem\",\"position\":2,\"name\":\"Eduardo Accastello: \u201cPensar en la inclusi\u00f3n social reduce la desigualdad\u201d\"}]},{\"@type\":\"WebSite\",\"@id\":\"http:\/\/elregionalvm.com.ar\/noticias-villa-maria\/#website\",\"url\":\"http:\/\/elregionalvm.com.ar\/noticias-villa-maria\/\",\"name\":\"El Regional\",\"description\":\"Mucho m\u00e1s que informaci\u00f3n\",\"potentialAction\":[{\"@type\":\"SearchAction\",\"target\":{\"@type\":\"EntryPoint\",\"urlTemplate\":\"http:\/\/elregionalvm.com.ar\/noticias-villa-maria\/?s={search_term_string}\"},\"query-input\":{\"@type\":\"PropertyValueSpecification\",\"valueRequired\":true,\"valueName\":\"search_term_string\"}}],\"inLanguage\":\"es\"},{\"@type\":\"Person\",\"@id\":\"http:\/\/elregionalvm.com.ar\/noticias-villa-maria\/#\/schema\/person\/a0fb9c422317faca23d50163151bc354\",\"name\":\"Contenidos El Regional\",\"image\":{\"@type\":\"ImageObject\",\"inLanguage\":\"es\",\"@id\":\"http:\/\/elregionalvm.com.ar\/noticias-villa-maria\/#\/schema\/person\/image\/\",\"url\":\"https:\/\/secure.gravatar.com\/avatar\/265b27cb2209af7bb3a1318f03305787d7981a5cc6e6cd08fe5a4ecdf99d4b48?s=96&d=mm&r=g\",\"contentUrl\":\"https:\/\/secure.gravatar.com\/avatar\/265b27cb2209af7bb3a1318f03305787d7981a5cc6e6cd08fe5a4ecdf99d4b48?s=96&d=mm&r=g\",\"caption\":\"Contenidos El Regional\"},\"url\":\"https:\/\/elregionalvm.com.ar\/noticias-villa-maria\/author\/contenido\/\"}]}<\/script>\n<!-- \/ Yoast SEO plugin. -->","yoast_head_json":{"title":"Eduardo Accastello: \u201cPensar en la inclusi\u00f3n social reduce la desigualdad\u201d - El Regional","robots":{"index":"index","follow":"follow","max-snippet":"max-snippet:-1","max-image-preview":"max-image-preview:large","max-video-preview":"max-video-preview:-1"},"canonical":"http:\/\/elregionalvm.com.ar\/noticias-villa-maria\/eduardo-accastello-pensar-en-la-inclusion-social-reduce-la-desigualdad\/","og_locale":"es_ES","og_type":"article","og_title":"Eduardo Accastello: \u201cPensar en la inclusi\u00f3n social reduce la desigualdad\u201d - El Regional","og_description":"Eduardo Accastello, candidato a Intendente por Villa Mar\u00eda, mantuvo este mi\u00e9rcoles una reuni\u00f3n con Sara Chaisi, de AVISDOWN Villa Mar\u00eda y Gabriela Isern, de FamiliasCEA, dos referentes de la ciudad en el tema de la discapacidad. \u201cTrabajar integral y transversalmente la discapacidad es una de las materias en las que tenemos mucho por hacer en [&hellip;]","og_url":"http:\/\/elregionalvm.com.ar\/noticias-villa-maria\/eduardo-accastello-pensar-en-la-inclusion-social-reduce-la-desigualdad\/","og_site_name":"El Regional","article_publisher":"https:\/\/www.facebook.com\/elregionalvm","article_published_time":"2023-08-31T21:24:26+00:00","article_modified_time":"2023-08-31T21:24:29+00:00","og_image":[{"width":1600,"height":1066,"url":"http:\/\/elregionalvm.com.ar\/noticias-villa-maria\/wp-content\/uploads\/2023\/08\/WhatsApp-Image-2023-08-31-at-12.50.39.jpeg","type":"image\/jpeg"}],"author":"Contenidos El Regional","twitter_card":"summary_large_image","twitter_creator":"@elregionalvm1","twitter_site":"@elregionalvm1","twitter_misc":{"Escrito por":"Contenidos El Regional","Tiempo de lectura":"2 minutos"},"schema":{"@context":"https:\/\/schema.org","@graph":[{"@type":"Article","@id":"http:\/\/elregionalvm.com.ar\/noticias-villa-maria\/eduardo-accastello-pensar-en-la-inclusion-social-reduce-la-desigualdad\/#article","isPartOf":{"@id":"http:\/\/elregionalvm.com.ar\/noticias-villa-maria\/eduardo-accastello-pensar-en-la-inclusion-social-reduce-la-desigualdad\/"},"author":{"name":"Contenidos El Regional","@id":"http:\/\/elregionalvm.com.ar\/noticias-villa-maria\/#\/schema\/person\/a0fb9c422317faca23d50163151bc354"},"headline":"Eduardo Accastello: \u201cPensar en la inclusi\u00f3n social reduce la desigualdad\u201d","datePublished":"2023-08-31T21:24:26+00:00","dateModified":"2023-08-31T21:24:29+00:00","mainEntityOfPage":{"@id":"http:\/\/elregionalvm.com.ar\/noticias-villa-maria\/eduardo-accastello-pensar-en-la-inclusion-social-reduce-la-desigualdad\/"},"wordCount":303,"commentCount":0,"image":{"@id":"http:\/\/elregionalvm.com.ar\/noticias-villa-maria\/eduardo-accastello-pensar-en-la-inclusion-social-reduce-la-desigualdad\/#primaryimage"},"thumbnailUrl":"https:\/\/i0.wp.com\/elregionalvm.com.ar\/noticias-villa-maria\/wp-content\/uploads\/2023\/08\/WhatsApp-Image-2023-08-31-at-12.50.39.jpeg?fit=1600%2C1066&ssl=1","articleSection":["destacado","Sociedad","Villa Mar\u00eda"],"inLanguage":"es","potentialAction":[{"@type":"CommentAction","name":"Comment","target":["http:\/\/elregionalvm.com.ar\/noticias-villa-maria\/eduardo-accastello-pensar-en-la-inclusion-social-reduce-la-desigualdad\/#respond"]}]},{"@type":"WebPage","@id":"http:\/\/elregionalvm.com.ar\/noticias-villa-maria\/eduardo-accastello-pensar-en-la-inclusion-social-reduce-la-desigualdad\/","url":"http:\/\/elregionalvm.com.ar\/noticias-villa-maria\/eduardo-accastello-pensar-en-la-inclusion-social-reduce-la-desigualdad\/","name":"Eduardo Accastello: \u201cPensar en la inclusi\u00f3n social reduce la desigualdad\u201d - El Regional","isPartOf":{"@id":"http:\/\/elregionalvm.com.ar\/noticias-villa-maria\/#website"},"primaryImageOfPage":{"@id":"http:\/\/elregionalvm.com.ar\/noticias-villa-maria\/eduardo-accastello-pensar-en-la-inclusion-social-reduce-la-desigualdad\/#primaryimage"},"image":{"@id":"http:\/\/elregionalvm.com.ar\/noticias-villa-maria\/eduardo-accastello-pensar-en-la-inclusion-social-reduce-la-desigualdad\/#primaryimage"},"thumbnailUrl":"https:\/\/i0.wp.com\/elregionalvm.com.ar\/noticias-villa-maria\/wp-content\/uploads\/2023\/08\/WhatsApp-Image-2023-08-31-at-12.50.39.jpeg?fit=1600%2C1066&ssl=1","datePublished":"2023-08-31T21:24:26+00:00","dateModified":"2023-08-31T21:24:29+00:00","author":{"@id":"http:\/\/elregionalvm.com.ar\/noticias-villa-maria\/#\/schema\/person\/a0fb9c422317faca23d50163151bc354"},"breadcrumb":{"@id":"http:\/\/elregionalvm.com.ar\/noticias-villa-maria\/eduardo-accastello-pensar-en-la-inclusion-social-reduce-la-desigualdad\/#breadcrumb"},"inLanguage":"es","potentialAction":[{"@type":"ReadAction","target":["http:\/\/elregionalvm.com.ar\/noticias-villa-maria\/eduardo-accastello-pensar-en-la-inclusion-social-reduce-la-desigualdad\/"]}]},{"@type":"ImageObject","inLanguage":"es","@id":"http:\/\/elregionalvm.com.ar\/noticias-villa-maria\/eduardo-accastello-pensar-en-la-inclusion-social-reduce-la-desigualdad\/#primaryimage","url":"https:\/\/i0.wp.com\/elregionalvm.com.ar\/noticias-villa-maria\/wp-content\/uploads\/2023\/08\/WhatsApp-Image-2023-08-31-at-12.50.39.jpeg?fit=1600%2C1066&ssl=1","contentUrl":"https:\/\/i0.wp.com\/elregionalvm.com.ar\/noticias-villa-maria\/wp-content\/uploads\/2023\/08\/WhatsApp-Image-2023-08-31-at-12.50.39.jpeg?fit=1600%2C1066&ssl=1","width":1600,"height":1066},{"@type":"BreadcrumbList","@id":"http:\/\/elregionalvm.com.ar\/noticias-villa-maria\/eduardo-accastello-pensar-en-la-inclusion-social-reduce-la-desigualdad\/#breadcrumb","itemListElement":[{"@type":"ListItem","position":1,"name":"Portada","item":"https:\/\/elregionalvm.com.ar\/noticias-villa-maria\/"},{"@type":"ListItem","position":2,"name":"Eduardo Accastello: \u201cPensar en la inclusi\u00f3n social reduce la desigualdad\u201d"}]},{"@type":"WebSite","@id":"http:\/\/elregionalvm.com.ar\/noticias-villa-maria\/#website","url":"http:\/\/elregionalvm.com.ar\/noticias-villa-maria\/","name":"El Regional","description":"Mucho m\u00e1s que informaci\u00f3n","potentialAction":[{"@type":"SearchAction","target":{"@type":"EntryPoint","urlTemplate":"http:\/\/elregionalvm.com.ar\/noticias-villa-maria\/?s={search_term_string}"},"query-input":{"@type":"PropertyValueSpecification","valueRequired":true,"valueName":"search_term_string"}}],"inLanguage":"es"},{"@type":"Person","@id":"http:\/\/elregionalvm.com.ar\/noticias-villa-maria\/#\/schema\/person\/a0fb9c422317faca23d50163151bc354","name":"Contenidos El Regional","image":{"@type":"ImageObject","inLanguage":"es","@id":"http:\/\/elregionalvm.com.ar\/noticias-villa-maria\/#\/schema\/person\/image\/","url":"https:\/\/secure.gravatar.com\/avatar\/265b27cb2209af7bb3a1318f03305787d7981a5cc6e6cd08fe5a4ecdf99d4b48?s=96&d=mm&r=g","contentUrl":"https:\/\/secure.gravatar.com\/avatar\/265b27cb2209af7bb3a1318f03305787d7981a5cc6e6cd08fe5a4ecdf99d4b48?s=96&d=mm&r=g","caption":"Contenidos El Regional"},"url":"https:\/\/elregionalvm.com.ar\/noticias-villa-maria\/author\/contenido\/"}]}},"jetpack_featured_media_url":"https:\/\/i0.wp.com\/elregionalvm.com.ar\/noticias-villa-maria\/wp-content\/uploads\/2023\/08\/WhatsApp-Image-2023-08-31-at-12.50.39.jpeg?fit=1600%2C1066&ssl=1","jetpack_sharing_enabled":true,"_links":{"self":[{"href":"https:\/\/elregionalvm.com.ar\/noticias-villa-maria\/wp-json\/wp\/v2\/posts\/81853","targetHints":{"allow":["GET"]}}],"collection":[{"href":"https:\/\/elregionalvm.com.ar\/noticias-villa-maria\/wp-json\/wp\/v2\/posts"}],"about":[{"href":"https:\/\/elregionalvm.com.ar\/noticias-villa-maria\/wp-json\/wp\/v2\/types\/post"}],"author":[{"embeddable":true,"href":"https:\/\/elregionalvm.com.ar\/noticias-villa-maria\/wp-json\/wp\/v2\/users\/4"}],"replies":[{"embeddable":true,"href":"https:\/\/elregionalvm.com.ar\/noticias-villa-maria\/wp-json\/wp\/v2\/comments?post=81853"}],"version-history":[{"count":1,"href":"https:\/\/elregionalvm.com.ar\/noticias-villa-maria\/wp-json\/wp\/v2\/posts\/81853\/revisions"}],"predecessor-version":[{"id":81855,"href":"https:\/\/elregionalvm.com.ar\/noticias-villa-maria\/wp-json\/wp\/v2\/posts\/81853\/revisions\/81855"}],"wp:featuredmedia":[{"embeddable":true,"href":"https:\/\/elregionalvm.com.ar\/noticias-villa-maria\/wp-json\/wp\/v2\/media\/81854"}],"wp:attachment":[{"href":"https:\/\/elregionalvm.com.ar\/noticias-villa-maria\/wp-json\/wp\/v2\/media?parent=81853"}],"wp:term":[{"taxonomy":"category","embeddable":true,"href":"https:\/\/elregionalvm.com.ar\/noticias-villa-maria\/wp-json\/wp\/v2\/categories?post=81853"},{"taxonomy":"post_tag","embeddable":true,"href":"https:\/\/elregionalvm.com.ar\/noticias-villa-maria\/wp-json\/wp\/v2\/tags?post=81853"}],"curies":[{"name":"wp","href":"https:\/\/api.w.org\/{rel}","templated":true}]}}