{"id":81856,"date":"2023-08-31T21:30:05","date_gmt":"2023-08-31T21:30:05","guid":{"rendered":"https:\/\/elregionalvm.com.ar\/noticias-villa-maria\/?p=81856"},"modified":"2023-09-01T03:01:40","modified_gmt":"2023-09-01T03:01:40","slug":"capitani-propone-diversificar-las-opciones-de-acceso-a-la-salud","status":"publish","type":"post","link":"https:\/\/elregionalvm.com.ar\/noticias-villa-maria\/capitani-propone-diversificar-las-opciones-de-acceso-a-la-salud\/","title":{"rendered":"Capitani propone diversificar las opciones de acceso a la salud en la ciudad"},"content":{"rendered":"\n<h3 class=\"wp-block-heading\"><strong>El candidato a intendente de Juntos por el Cambio, Dar\u00edo Capitani, difundi\u00f3 propuestas sobre la salud y la importancia de concretar la creaci\u00f3n del Hospital Municipal.<\/strong><\/h3>\n\n\n\n<p><\/p>\n\n\n\n<p>Para muchos vecinos de nuestra ciudad llegar hacia el Hospital Regional Luis Pasteur, no es de f\u00e1cil acceso. Dado a que sus hogares se encuentran en barrios que est\u00e1n alejados de dicho nosocomio. <\/p>\n\n\n\n<p>En caso de necesitar atenci\u00f3n primaria de urgencia o pedi\u00e1trica, las familias deben buscar un medio de transporte que los lleve hasta all\u00ed, lo que genera un gasto importante de dinero para el traslado, que muchas de las ellas no pueden solventar, indicaron desde Juntos por el Cambio.<\/p>\n\n\n\n<p>Por ello, ante esta realidad latente, el candidato a intendente por esa fuerza, Dar\u00edo Capitani, mencion\u00f3 propuestas sobre la salud y la importancia de concretar la creaci\u00f3n del Hospital Municipal.<\/p>\n\n\n\n<p> El mismo estar\u00e1 compuesto por especialidades que \u201caborden la salud con la complejidad necesaria\u201d, remarc\u00f3. <\/p>\n\n\n\n<p>Esta acci\u00f3n promueve que toda la comunidad acceda al servicio de salud de manera integral, sin discriminaci\u00f3n, de calidad, eficaz y oportunamente.<\/p>\n\n\n\n<p><\/p>\n\n\n\n<figure class=\"wp-block-image size-full\"><img data-recalc-dims=\"1\" fetchpriority=\"high\" decoding=\"async\" width=\"1000\" height=\"667\" src=\"https:\/\/i0.wp.com\/elregionalvm.com.ar\/noticias-villa-maria\/wp-content\/uploads\/2023\/02\/caps-salud-asistencia-medico-municipal.jpeg?resize=1000%2C667&#038;ssl=1\" alt=\"\" class=\"wp-image-71598\" srcset=\"https:\/\/i0.wp.com\/elregionalvm.com.ar\/noticias-villa-maria\/wp-content\/uploads\/2023\/02\/caps-salud-asistencia-medico-municipal.jpeg?w=1000&amp;ssl=1 1000w, https:\/\/i0.wp.com\/elregionalvm.com.ar\/noticias-villa-maria\/wp-content\/uploads\/2023\/02\/caps-salud-asistencia-medico-municipal.jpeg?resize=300%2C200&amp;ssl=1 300w, https:\/\/i0.wp.com\/elregionalvm.com.ar\/noticias-villa-maria\/wp-content\/uploads\/2023\/02\/caps-salud-asistencia-medico-municipal.jpeg?resize=768%2C512&amp;ssl=1 768w\" sizes=\"(max-width: 1000px) 100vw, 1000px\" \/><\/figure>\n\n\n\n<p><\/p>\n\n\n\n<p>Se buscar\u00e1, adem\u00e1s, fortalecer el servicio de salud en los CAPS, implementando una redistribuci\u00f3n estrat\u00e9gica, con la finalidad de suplir y garantizar el acceso a la salud d\u00e9 cada infante de Villa Maria.<\/p>\n\n\n\n<p> As\u00ed lo expres\u00f3 Capitani: \u201cSe pondr\u00e1 un sistema de guardias pedi\u00e1tricas planificadas en cada uno de los CAPS y se busca contar con personal m\u00e9dico especializado, realizando un programa integral de prevenci\u00f3n y promoci\u00f3n de la Salud Bucal en diversos entornos comunitarios, instituciones educativas, escuelas de verano, centro de promoci\u00f3n familiar y vecinales, entre otros espacios\u201d. \u00a0<\/p>\n\n\n\n<p><strong>En los CAPS<\/strong><\/p>\n\n\n\n<p>Cada CAPS va a contar con un m\u00e9dico generalista, un pediatra, un enfermero comunitario, un agente sanitario, un trabajador social y un ginec\u00f3logo. <\/p>\n\n\n\n<p>El trabajo se realizar\u00e1 con el objetivo de optimizar el acceso a la salud a todos los ciudadanos en los barrios, dando respuesta a una de las mayores demandas, cubrir la atenci\u00f3n pedi\u00e1trica. <\/p>\n\n\n\n<p>Para detenci\u00f3n temprana de cualquier situaci\u00f3n de vulneraci\u00f3n de los derechos de la ni\u00f1ez. &nbsp;<\/p>\n\n\n\n<p>El candidato a la intendencia manifest\u00f3 que \u201cla salud debe dejar de ser un privilegio de pocos, y pasar a ser un beneficio para todos\u201d. <\/p>\n\n\n\n<p>Por ello trabajar en la construcci\u00f3n del Hospital Municipal que estar\u00e1 en una zona cercana a los barrios Las Playas o Los Olmos, \u201cresponde a la necesidad que manifiestan los villamarienses de contar con un acceso al servicio de la salud de manera integral, de manera eficaz, oportuna y de calidad\u201d remarco el candidato de Juntos por el Cambio.<\/p>\n\n\n\n<p><strong>Ni\u00f1ez y tercera edad<\/strong><\/p>\n\n\n\n<p>Adem\u00e1s, se refiri\u00f3 en cuanto a la importancia de trabajar hacia enfoques que propongan evolucionar camino a nuevas pol\u00edticas p\u00fablicas relacionadas con la tercera edad y su calidad de vida.<\/p>\n\n\n\n<p>Remarco, adem\u00e1s, \u201cla necesidad de reabrir espacios que alguna vez fueron contenci\u00f3n para las familias, ni\u00f1os y adolescentes. Refugio de personas que sufren el malestar y la carga de padecer adicciones, y necesitan ayuda urgente, por no contar con recursos propios para salir de la angustia en que viven\u201d.<\/p>\n\n\n\n<p><\/p>\n\n\n\n<figure class=\"wp-block-image size-full\"><img data-recalc-dims=\"1\" decoding=\"async\" width=\"1000\" height=\"563\" src=\"https:\/\/i0.wp.com\/elregionalvm.com.ar\/noticias-villa-maria\/wp-content\/uploads\/2023\/01\/pareja-ancianos-hombre-mujer.jpg?resize=1000%2C563&#038;ssl=1\" alt=\"\" class=\"wp-image-70450\" srcset=\"https:\/\/i0.wp.com\/elregionalvm.com.ar\/noticias-villa-maria\/wp-content\/uploads\/2023\/01\/pareja-ancianos-hombre-mujer.jpg?w=1000&amp;ssl=1 1000w, https:\/\/i0.wp.com\/elregionalvm.com.ar\/noticias-villa-maria\/wp-content\/uploads\/2023\/01\/pareja-ancianos-hombre-mujer.jpg?resize=300%2C169&amp;ssl=1 300w, https:\/\/i0.wp.com\/elregionalvm.com.ar\/noticias-villa-maria\/wp-content\/uploads\/2023\/01\/pareja-ancianos-hombre-mujer.jpg?resize=768%2C432&amp;ssl=1 768w\" sizes=\"(max-width: 1000px) 100vw, 1000px\" \/><\/figure>\n\n\n\n<p><\/p>\n\n\n\n<p>El candidato a intendente enfatiz\u00f3 que \u201cen conjunto con el grupo de colaboradores estamos trabajando para lograr seguir evolucionando hacia la Villa Mar\u00eda que todos anhelamos en materia de salud, prevenci\u00f3n, asistencia a la ni\u00f1ez y ancianos\u00bb. <\/p>\n\n\n\n<p>\u00abPor eso cumplir la meta de ser elegido por los ciudadanos, para Intendente el 1 de octubre ser\u00e1 el triunfo de toda la ciudad\u201d, finaliz\u00f3.<\/p>\n","protected":false},"excerpt":{"rendered":"<p>El candidato a intendente de Juntos por el Cambio, Dar\u00edo Capitani, difundi\u00f3 propuestas sobre la salud y la importancia de concretar la creaci\u00f3n del Hospital Municipal. Para muchos vecinos de nuestra ciudad llegar hacia el Hospital Regional Luis Pasteur, no es de f\u00e1cil acceso. Dado a que sus hogares se encuentran en barrios que est\u00e1n [&hellip;]<\/p>\n","protected":false},"author":4,"featured_media":80563,"comment_status":"open","ping_status":"open","sticky":false,"template":"","format":"standard","meta":{"site-sidebar-layout":"default","site-content-layout":"","ast-site-content-layout":"default","site-content-style":"default","site-sidebar-style":"default","ast-global-header-display":"","ast-banner-title-visibility":"","ast-main-header-display":"","ast-hfb-above-header-display":"","ast-hfb-below-header-display":"","ast-hfb-mobile-header-display":"","site-post-title":"","ast-breadcrumbs-content":"","ast-featured-img":"","footer-sml-layout":"","ast-disable-related-posts":"","theme-transparent-header-meta":"","adv-header-id-meta":"","stick-header-meta":"","header-above-stick-meta":"","header-main-stick-meta":"","header-below-stick-meta":"","astra-migrate-meta-layouts":"set","ast-page-background-enabled":"default","ast-page-background-meta":{"desktop":{"background-color":"","background-image":"","background-repeat":"repeat","background-position":"center center","background-size":"auto","background-attachment":"scroll","background-type":"","background-media":"","overlay-type":"","overlay-color":"","overlay-opacity":"","overlay-gradient":""},"tablet":{"background-color":"","background-image":"","background-repeat":"repeat","background-position":"center center","background-size":"auto","background-attachment":"scroll","background-type":"","background-media":"","overlay-type":"","overlay-color":"","overlay-opacity":"","overlay-gradient":""},"mobile":{"background-color":"","background-image":"","background-repeat":"repeat","background-position":"center center","background-size":"auto","background-attachment":"scroll","background-type":"","background-media":"","overlay-type":"","overlay-color":"","overlay-opacity":"","overlay-gradient":""}},"ast-content-background-meta":{"desktop":{"background-color":"var(--ast-global-color-5)","background-image":"","background-repeat":"repeat","background-position":"center center","background-size":"auto","background-attachment":"scroll","background-type":"","background-media":"","overlay-type":"","overlay-color":"","overlay-opacity":"","overlay-gradient":""},"tablet":{"background-color":"var(--ast-global-color-5)","background-image":"","background-repeat":"repeat","background-position":"center center","background-size":"auto","background-attachment":"scroll","background-type":"","background-media":"","overlay-type":"","overlay-color":"","overlay-opacity":"","overlay-gradient":""},"mobile":{"background-color":"var(--ast-global-color-5)","background-image":"","background-repeat":"repeat","background-position":"center center","background-size":"auto","background-attachment":"scroll","background-type":"","background-media":"","overlay-type":"","overlay-color":"","overlay-opacity":"","overlay-gradient":""}},"_jetpack_memberships_contains_paid_content":false,"_joinchat":[],"footnotes":""},"categories":[15302,5,2],"tags":[],"class_list":["post-81856","post","type-post","status-publish","format-standard","has-post-thumbnail","hentry","category-destacado","category-sociedad","category-villa-maria"],"yoast_head":"<!-- This site is optimized with the Yoast SEO plugin v26.8 - https:\/\/yoast.com\/product\/yoast-seo-wordpress\/ -->\n<title>Capitani propone diversificar las opciones de acceso a la salud en la ciudad - El Regional<\/title>\n<meta name=\"robots\" content=\"index, follow, max-snippet:-1, max-image-preview:large, max-video-preview:-1\" \/>\n<link rel=\"canonical\" href=\"http:\/\/elregionalvm.com.ar\/noticias-villa-maria\/capitani-propone-diversificar-las-opciones-de-acceso-a-la-salud\/\" \/>\n<meta property=\"og:locale\" content=\"es_ES\" \/>\n<meta property=\"og:type\" content=\"article\" \/>\n<meta property=\"og:title\" content=\"Capitani propone diversificar las opciones de acceso a la salud en la ciudad - El Regional\" \/>\n<meta property=\"og:description\" content=\"El candidato a intendente de Juntos por el Cambio, Dar\u00edo Capitani, difundi\u00f3 propuestas sobre la salud y la importancia de concretar la creaci\u00f3n del Hospital Municipal. Para muchos vecinos de nuestra ciudad llegar hacia el Hospital Regional Luis Pasteur, no es de f\u00e1cil acceso. Dado a que sus hogares se encuentran en barrios que est\u00e1n [&hellip;]\" \/>\n<meta property=\"og:url\" content=\"http:\/\/elregionalvm.com.ar\/noticias-villa-maria\/capitani-propone-diversificar-las-opciones-de-acceso-a-la-salud\/\" \/>\n<meta property=\"og:site_name\" content=\"El Regional\" \/>\n<meta property=\"article:publisher\" content=\"https:\/\/www.facebook.com\/elregionalvm\" \/>\n<meta property=\"article:published_time\" content=\"2023-08-31T21:30:05+00:00\" \/>\n<meta property=\"article:modified_time\" content=\"2023-09-01T03:01:40+00:00\" \/>\n<meta property=\"og:image\" content=\"http:\/\/elregionalvm.com.ar\/noticias-villa-maria\/wp-content\/uploads\/2023\/08\/dario-capitani.jpeg\" \/>\n\t<meta property=\"og:image:width\" content=\"600\" \/>\n\t<meta property=\"og:image:height\" content=\"402\" \/>\n\t<meta property=\"og:image:type\" content=\"image\/jpeg\" \/>\n<meta name=\"author\" content=\"Contenidos El Regional\" \/>\n<meta name=\"twitter:card\" content=\"summary_large_image\" \/>\n<meta name=\"twitter:creator\" content=\"@elregionalvm1\" \/>\n<meta name=\"twitter:site\" content=\"@elregionalvm1\" \/>\n<meta name=\"twitter:label1\" content=\"Escrito por\" \/>\n\t<meta name=\"twitter:data1\" content=\"Contenidos El Regional\" \/>\n\t<meta name=\"twitter:label2\" content=\"Tiempo de lectura\" \/>\n\t<meta name=\"twitter:data2\" content=\"3 minutos\" \/>\n<script type=\"application\/ld+json\" class=\"yoast-schema-graph\">{\"@context\":\"https:\/\/schema.org\",\"@graph\":[{\"@type\":\"Article\",\"@id\":\"http:\/\/elregionalvm.com.ar\/noticias-villa-maria\/capitani-propone-diversificar-las-opciones-de-acceso-a-la-salud\/#article\",\"isPartOf\":{\"@id\":\"http:\/\/elregionalvm.com.ar\/noticias-villa-maria\/capitani-propone-diversificar-las-opciones-de-acceso-a-la-salud\/\"},\"author\":{\"name\":\"Contenidos El Regional\",\"@id\":\"http:\/\/elregionalvm.com.ar\/noticias-villa-maria\/#\/schema\/person\/a0fb9c422317faca23d50163151bc354\"},\"headline\":\"Capitani propone diversificar las opciones de acceso a la salud en la ciudad\",\"datePublished\":\"2023-08-31T21:30:05+00:00\",\"dateModified\":\"2023-09-01T03:01:40+00:00\",\"mainEntityOfPage\":{\"@id\":\"http:\/\/elregionalvm.com.ar\/noticias-villa-maria\/capitani-propone-diversificar-las-opciones-de-acceso-a-la-salud\/\"},\"wordCount\":615,\"commentCount\":0,\"image\":{\"@id\":\"http:\/\/elregionalvm.com.ar\/noticias-villa-maria\/capitani-propone-diversificar-las-opciones-de-acceso-a-la-salud\/#primaryimage\"},\"thumbnailUrl\":\"https:\/\/i0.wp.com\/elregionalvm.com.ar\/noticias-villa-maria\/wp-content\/uploads\/2023\/08\/dario-capitani.jpeg?fit=600%2C402&ssl=1\",\"articleSection\":[\"destacado\",\"Sociedad\",\"Villa Mar\u00eda\"],\"inLanguage\":\"es\",\"potentialAction\":[{\"@type\":\"CommentAction\",\"name\":\"Comment\",\"target\":[\"http:\/\/elregionalvm.com.ar\/noticias-villa-maria\/capitani-propone-diversificar-las-opciones-de-acceso-a-la-salud\/#respond\"]}]},{\"@type\":\"WebPage\",\"@id\":\"http:\/\/elregionalvm.com.ar\/noticias-villa-maria\/capitani-propone-diversificar-las-opciones-de-acceso-a-la-salud\/\",\"url\":\"http:\/\/elregionalvm.com.ar\/noticias-villa-maria\/capitani-propone-diversificar-las-opciones-de-acceso-a-la-salud\/\",\"name\":\"Capitani propone diversificar las opciones de acceso a la salud en la ciudad - El Regional\",\"isPartOf\":{\"@id\":\"http:\/\/elregionalvm.com.ar\/noticias-villa-maria\/#website\"},\"primaryImageOfPage\":{\"@id\":\"http:\/\/elregionalvm.com.ar\/noticias-villa-maria\/capitani-propone-diversificar-las-opciones-de-acceso-a-la-salud\/#primaryimage\"},\"image\":{\"@id\":\"http:\/\/elregionalvm.com.ar\/noticias-villa-maria\/capitani-propone-diversificar-las-opciones-de-acceso-a-la-salud\/#primaryimage\"},\"thumbnailUrl\":\"https:\/\/i0.wp.com\/elregionalvm.com.ar\/noticias-villa-maria\/wp-content\/uploads\/2023\/08\/dario-capitani.jpeg?fit=600%2C402&ssl=1\",\"datePublished\":\"2023-08-31T21:30:05+00:00\",\"dateModified\":\"2023-09-01T03:01:40+00:00\",\"author\":{\"@id\":\"http:\/\/elregionalvm.com.ar\/noticias-villa-maria\/#\/schema\/person\/a0fb9c422317faca23d50163151bc354\"},\"breadcrumb\":{\"@id\":\"http:\/\/elregionalvm.com.ar\/noticias-villa-maria\/capitani-propone-diversificar-las-opciones-de-acceso-a-la-salud\/#breadcrumb\"},\"inLanguage\":\"es\",\"potentialAction\":[{\"@type\":\"ReadAction\",\"target\":[\"http:\/\/elregionalvm.com.ar\/noticias-villa-maria\/capitani-propone-diversificar-las-opciones-de-acceso-a-la-salud\/\"]}]},{\"@type\":\"ImageObject\",\"inLanguage\":\"es\",\"@id\":\"http:\/\/elregionalvm.com.ar\/noticias-villa-maria\/capitani-propone-diversificar-las-opciones-de-acceso-a-la-salud\/#primaryimage\",\"url\":\"https:\/\/i0.wp.com\/elregionalvm.com.ar\/noticias-villa-maria\/wp-content\/uploads\/2023\/08\/dario-capitani.jpeg?fit=600%2C402&ssl=1\",\"contentUrl\":\"https:\/\/i0.wp.com\/elregionalvm.com.ar\/noticias-villa-maria\/wp-content\/uploads\/2023\/08\/dario-capitani.jpeg?fit=600%2C402&ssl=1\",\"width\":600,\"height\":402},{\"@type\":\"BreadcrumbList\",\"@id\":\"http:\/\/elregionalvm.com.ar\/noticias-villa-maria\/capitani-propone-diversificar-las-opciones-de-acceso-a-la-salud\/#breadcrumb\",\"itemListElement\":[{\"@type\":\"ListItem\",\"position\":1,\"name\":\"Portada\",\"item\":\"https:\/\/elregionalvm.com.ar\/noticias-villa-maria\/\"},{\"@type\":\"ListItem\",\"position\":2,\"name\":\"Capitani propone diversificar las opciones de acceso a la salud en la ciudad\"}]},{\"@type\":\"WebSite\",\"@id\":\"http:\/\/elregionalvm.com.ar\/noticias-villa-maria\/#website\",\"url\":\"http:\/\/elregionalvm.com.ar\/noticias-villa-maria\/\",\"name\":\"El Regional\",\"description\":\"Mucho m\u00e1s que informaci\u00f3n\",\"potentialAction\":[{\"@type\":\"SearchAction\",\"target\":{\"@type\":\"EntryPoint\",\"urlTemplate\":\"http:\/\/elregionalvm.com.ar\/noticias-villa-maria\/?s={search_term_string}\"},\"query-input\":{\"@type\":\"PropertyValueSpecification\",\"valueRequired\":true,\"valueName\":\"search_term_string\"}}],\"inLanguage\":\"es\"},{\"@type\":\"Person\",\"@id\":\"http:\/\/elregionalvm.com.ar\/noticias-villa-maria\/#\/schema\/person\/a0fb9c422317faca23d50163151bc354\",\"name\":\"Contenidos El Regional\",\"image\":{\"@type\":\"ImageObject\",\"inLanguage\":\"es\",\"@id\":\"http:\/\/elregionalvm.com.ar\/noticias-villa-maria\/#\/schema\/person\/image\/\",\"url\":\"https:\/\/secure.gravatar.com\/avatar\/265b27cb2209af7bb3a1318f03305787d7981a5cc6e6cd08fe5a4ecdf99d4b48?s=96&d=mm&r=g\",\"contentUrl\":\"https:\/\/secure.gravatar.com\/avatar\/265b27cb2209af7bb3a1318f03305787d7981a5cc6e6cd08fe5a4ecdf99d4b48?s=96&d=mm&r=g\",\"caption\":\"Contenidos El Regional\"},\"url\":\"https:\/\/elregionalvm.com.ar\/noticias-villa-maria\/author\/contenido\/\"}]}<\/script>\n<!-- \/ Yoast SEO plugin. -->","yoast_head_json":{"title":"Capitani propone diversificar las opciones de acceso a la salud en la ciudad - El Regional","robots":{"index":"index","follow":"follow","max-snippet":"max-snippet:-1","max-image-preview":"max-image-preview:large","max-video-preview":"max-video-preview:-1"},"canonical":"http:\/\/elregionalvm.com.ar\/noticias-villa-maria\/capitani-propone-diversificar-las-opciones-de-acceso-a-la-salud\/","og_locale":"es_ES","og_type":"article","og_title":"Capitani propone diversificar las opciones de acceso a la salud en la ciudad - El Regional","og_description":"El candidato a intendente de Juntos por el Cambio, Dar\u00edo Capitani, difundi\u00f3 propuestas sobre la salud y la importancia de concretar la creaci\u00f3n del Hospital Municipal. Para muchos vecinos de nuestra ciudad llegar hacia el Hospital Regional Luis Pasteur, no es de f\u00e1cil acceso. Dado a que sus hogares se encuentran en barrios que est\u00e1n [&hellip;]","og_url":"http:\/\/elregionalvm.com.ar\/noticias-villa-maria\/capitani-propone-diversificar-las-opciones-de-acceso-a-la-salud\/","og_site_name":"El Regional","article_publisher":"https:\/\/www.facebook.com\/elregionalvm","article_published_time":"2023-08-31T21:30:05+00:00","article_modified_time":"2023-09-01T03:01:40+00:00","og_image":[{"width":600,"height":402,"url":"http:\/\/elregionalvm.com.ar\/noticias-villa-maria\/wp-content\/uploads\/2023\/08\/dario-capitani.jpeg","type":"image\/jpeg"}],"author":"Contenidos El Regional","twitter_card":"summary_large_image","twitter_creator":"@elregionalvm1","twitter_site":"@elregionalvm1","twitter_misc":{"Escrito por":"Contenidos El Regional","Tiempo de lectura":"3 minutos"},"schema":{"@context":"https:\/\/schema.org","@graph":[{"@type":"Article","@id":"http:\/\/elregionalvm.com.ar\/noticias-villa-maria\/capitani-propone-diversificar-las-opciones-de-acceso-a-la-salud\/#article","isPartOf":{"@id":"http:\/\/elregionalvm.com.ar\/noticias-villa-maria\/capitani-propone-diversificar-las-opciones-de-acceso-a-la-salud\/"},"author":{"name":"Contenidos El Regional","@id":"http:\/\/elregionalvm.com.ar\/noticias-villa-maria\/#\/schema\/person\/a0fb9c422317faca23d50163151bc354"},"headline":"Capitani propone diversificar las opciones de acceso a la salud en la ciudad","datePublished":"2023-08-31T21:30:05+00:00","dateModified":"2023-09-01T03:01:40+00:00","mainEntityOfPage":{"@id":"http:\/\/elregionalvm.com.ar\/noticias-villa-maria\/capitani-propone-diversificar-las-opciones-de-acceso-a-la-salud\/"},"wordCount":615,"commentCount":0,"image":{"@id":"http:\/\/elregionalvm.com.ar\/noticias-villa-maria\/capitani-propone-diversificar-las-opciones-de-acceso-a-la-salud\/#primaryimage"},"thumbnailUrl":"https:\/\/i0.wp.com\/elregionalvm.com.ar\/noticias-villa-maria\/wp-content\/uploads\/2023\/08\/dario-capitani.jpeg?fit=600%2C402&ssl=1","articleSection":["destacado","Sociedad","Villa Mar\u00eda"],"inLanguage":"es","potentialAction":[{"@type":"CommentAction","name":"Comment","target":["http:\/\/elregionalvm.com.ar\/noticias-villa-maria\/capitani-propone-diversificar-las-opciones-de-acceso-a-la-salud\/#respond"]}]},{"@type":"WebPage","@id":"http:\/\/elregionalvm.com.ar\/noticias-villa-maria\/capitani-propone-diversificar-las-opciones-de-acceso-a-la-salud\/","url":"http:\/\/elregionalvm.com.ar\/noticias-villa-maria\/capitani-propone-diversificar-las-opciones-de-acceso-a-la-salud\/","name":"Capitani propone diversificar las opciones de acceso a la salud en la ciudad - El Regional","isPartOf":{"@id":"http:\/\/elregionalvm.com.ar\/noticias-villa-maria\/#website"},"primaryImageOfPage":{"@id":"http:\/\/elregionalvm.com.ar\/noticias-villa-maria\/capitani-propone-diversificar-las-opciones-de-acceso-a-la-salud\/#primaryimage"},"image":{"@id":"http:\/\/elregionalvm.com.ar\/noticias-villa-maria\/capitani-propone-diversificar-las-opciones-de-acceso-a-la-salud\/#primaryimage"},"thumbnailUrl":"https:\/\/i0.wp.com\/elregionalvm.com.ar\/noticias-villa-maria\/wp-content\/uploads\/2023\/08\/dario-capitani.jpeg?fit=600%2C402&ssl=1","datePublished":"2023-08-31T21:30:05+00:00","dateModified":"2023-09-01T03:01:40+00:00","author":{"@id":"http:\/\/elregionalvm.com.ar\/noticias-villa-maria\/#\/schema\/person\/a0fb9c422317faca23d50163151bc354"},"breadcrumb":{"@id":"http:\/\/elregionalvm.com.ar\/noticias-villa-maria\/capitani-propone-diversificar-las-opciones-de-acceso-a-la-salud\/#breadcrumb"},"inLanguage":"es","potentialAction":[{"@type":"ReadAction","target":["http:\/\/elregionalvm.com.ar\/noticias-villa-maria\/capitani-propone-diversificar-las-opciones-de-acceso-a-la-salud\/"]}]},{"@type":"ImageObject","inLanguage":"es","@id":"http:\/\/elregionalvm.com.ar\/noticias-villa-maria\/capitani-propone-diversificar-las-opciones-de-acceso-a-la-salud\/#primaryimage","url":"https:\/\/i0.wp.com\/elregionalvm.com.ar\/noticias-villa-maria\/wp-content\/uploads\/2023\/08\/dario-capitani.jpeg?fit=600%2C402&ssl=1","contentUrl":"https:\/\/i0.wp.com\/elregionalvm.com.ar\/noticias-villa-maria\/wp-content\/uploads\/2023\/08\/dario-capitani.jpeg?fit=600%2C402&ssl=1","width":600,"height":402},{"@type":"BreadcrumbList","@id":"http:\/\/elregionalvm.com.ar\/noticias-villa-maria\/capitani-propone-diversificar-las-opciones-de-acceso-a-la-salud\/#breadcrumb","itemListElement":[{"@type":"ListItem","position":1,"name":"Portada","item":"https:\/\/elregionalvm.com.ar\/noticias-villa-maria\/"},{"@type":"ListItem","position":2,"name":"Capitani propone diversificar las opciones de acceso a la salud en la ciudad"}]},{"@type":"WebSite","@id":"http:\/\/elregionalvm.com.ar\/noticias-villa-maria\/#website","url":"http:\/\/elregionalvm.com.ar\/noticias-villa-maria\/","name":"El Regional","description":"Mucho m\u00e1s que informaci\u00f3n","potentialAction":[{"@type":"SearchAction","target":{"@type":"EntryPoint","urlTemplate":"http:\/\/elregionalvm.com.ar\/noticias-villa-maria\/?s={search_term_string}"},"query-input":{"@type":"PropertyValueSpecification","valueRequired":true,"valueName":"search_term_string"}}],"inLanguage":"es"},{"@type":"Person","@id":"http:\/\/elregionalvm.com.ar\/noticias-villa-maria\/#\/schema\/person\/a0fb9c422317faca23d50163151bc354","name":"Contenidos El Regional","image":{"@type":"ImageObject","inLanguage":"es","@id":"http:\/\/elregionalvm.com.ar\/noticias-villa-maria\/#\/schema\/person\/image\/","url":"https:\/\/secure.gravatar.com\/avatar\/265b27cb2209af7bb3a1318f03305787d7981a5cc6e6cd08fe5a4ecdf99d4b48?s=96&d=mm&r=g","contentUrl":"https:\/\/secure.gravatar.com\/avatar\/265b27cb2209af7bb3a1318f03305787d7981a5cc6e6cd08fe5a4ecdf99d4b48?s=96&d=mm&r=g","caption":"Contenidos El Regional"},"url":"https:\/\/elregionalvm.com.ar\/noticias-villa-maria\/author\/contenido\/"}]}},"jetpack_featured_media_url":"https:\/\/i0.wp.com\/elregionalvm.com.ar\/noticias-villa-maria\/wp-content\/uploads\/2023\/08\/dario-capitani.jpeg?fit=600%2C402&ssl=1","jetpack_sharing_enabled":true,"_links":{"self":[{"href":"https:\/\/elregionalvm.com.ar\/noticias-villa-maria\/wp-json\/wp\/v2\/posts\/81856","targetHints":{"allow":["GET"]}}],"collection":[{"href":"https:\/\/elregionalvm.com.ar\/noticias-villa-maria\/wp-json\/wp\/v2\/posts"}],"about":[{"href":"https:\/\/elregionalvm.com.ar\/noticias-villa-maria\/wp-json\/wp\/v2\/types\/post"}],"author":[{"embeddable":true,"href":"https:\/\/elregionalvm.com.ar\/noticias-villa-maria\/wp-json\/wp\/v2\/users\/4"}],"replies":[{"embeddable":true,"href":"https:\/\/elregionalvm.com.ar\/noticias-villa-maria\/wp-json\/wp\/v2\/comments?post=81856"}],"version-history":[{"count":2,"href":"https:\/\/elregionalvm.com.ar\/noticias-villa-maria\/wp-json\/wp\/v2\/posts\/81856\/revisions"}],"predecessor-version":[{"id":81896,"href":"https:\/\/elregionalvm.com.ar\/noticias-villa-maria\/wp-json\/wp\/v2\/posts\/81856\/revisions\/81896"}],"wp:featuredmedia":[{"embeddable":true,"href":"https:\/\/elregionalvm.com.ar\/noticias-villa-maria\/wp-json\/wp\/v2\/media\/80563"}],"wp:attachment":[{"href":"https:\/\/elregionalvm.com.ar\/noticias-villa-maria\/wp-json\/wp\/v2\/media?parent=81856"}],"wp:term":[{"taxonomy":"category","embeddable":true,"href":"https:\/\/elregionalvm.com.ar\/noticias-villa-maria\/wp-json\/wp\/v2\/categories?post=81856"},{"taxonomy":"post_tag","embeddable":true,"href":"https:\/\/elregionalvm.com.ar\/noticias-villa-maria\/wp-json\/wp\/v2\/tags?post=81856"}],"curies":[{"name":"wp","href":"https:\/\/api.w.org\/{rel}","templated":true}]}}