{"id":81864,"date":"2023-08-31T21:42:40","date_gmt":"2023-08-31T21:42:40","guid":{"rendered":"https:\/\/elregionalvm.com.ar\/noticias-villa-maria\/?p=81864"},"modified":"2023-08-31T21:42:42","modified_gmt":"2023-08-31T21:42:42","slug":"educacion-vial-en-tu-barrio-motociclistas-se-capacitaron-para-una-conduccion-responsable","status":"publish","type":"post","link":"https:\/\/elregionalvm.com.ar\/noticias-villa-maria\/educacion-vial-en-tu-barrio-motociclistas-se-capacitaron-para-una-conduccion-responsable\/","title":{"rendered":"Educaci\u00f3n Vial en tu Barrio: Motociclistas se capacitaron para una conducci\u00f3n responsable"},"content":{"rendered":"\n<p>En una iniciativa dirigida a j\u00f3venes y adultos conductores de motocicletas, dio inicio hoy la propuesta Educaci\u00f3n Vial en tu Barrio en el MuniCerca 2. <\/p>\n\n\n\n<p>En este marco, la sede radicada en el Centro Comunitario de Inclusi\u00f3n Integral recibi\u00f3 a vecinos y vecinas que se sumaron a la jornada de conducci\u00f3n responsable y segura, como parte de las pol\u00edticas viales diagramadas por el municipio. <\/p>\n\n\n\n<figure class=\"wp-block-image size-large\"><img data-recalc-dims=\"1\" fetchpriority=\"high\" decoding=\"async\" width=\"1024\" height=\"683\" src=\"https:\/\/i0.wp.com\/elregionalvm.com.ar\/noticias-villa-maria\/wp-content\/uploads\/2023\/08\/WhatsApp-Image-2023-08-31-at-14.53.53-1.jpeg?resize=1024%2C683&#038;ssl=1\" alt=\"\" class=\"wp-image-81865\" srcset=\"https:\/\/i0.wp.com\/elregionalvm.com.ar\/noticias-villa-maria\/wp-content\/uploads\/2023\/08\/WhatsApp-Image-2023-08-31-at-14.53.53-1.jpeg?resize=1024%2C683&amp;ssl=1 1024w, https:\/\/i0.wp.com\/elregionalvm.com.ar\/noticias-villa-maria\/wp-content\/uploads\/2023\/08\/WhatsApp-Image-2023-08-31-at-14.53.53-1.jpeg?resize=300%2C200&amp;ssl=1 300w, https:\/\/i0.wp.com\/elregionalvm.com.ar\/noticias-villa-maria\/wp-content\/uploads\/2023\/08\/WhatsApp-Image-2023-08-31-at-14.53.53-1.jpeg?resize=768%2C512&amp;ssl=1 768w, https:\/\/i0.wp.com\/elregionalvm.com.ar\/noticias-villa-maria\/wp-content\/uploads\/2023\/08\/WhatsApp-Image-2023-08-31-at-14.53.53-1.jpeg?resize=1536%2C1024&amp;ssl=1 1536w, https:\/\/i0.wp.com\/elregionalvm.com.ar\/noticias-villa-maria\/wp-content\/uploads\/2023\/08\/WhatsApp-Image-2023-08-31-at-14.53.53-1.jpeg?w=1600&amp;ssl=1 1600w\" sizes=\"(max-width: 1000px) 100vw, 1000px\" \/><\/figure>\n\n\n\n<p>En este orden, a lo largo de todo el mes, la iniciativa se replicar\u00e1 en las sedes municipales descentralizadas con el objetivo de llegar a todos los puntos de la ciudad.<\/p>\n\n\n\n<p>De este modo, mediante la propuesta coordinada por el \u00e1rea de Educaci\u00f3n Vial de la Secretar\u00eda de Gobierno, Seguridad Ciudadana y Asuntos Legales, en colaboraci\u00f3n con la cartera de Inclusi\u00f3n Social y Territorio a trav\u00e9s del \u00e1rea de Descentralizaci\u00f3n Territorial, los participantes recibieron formaci\u00f3n te\u00f3rica y pr\u00e1ctica vinculada a la tem\u00e1tica. <\/p>\n\n\n\n<p>Al mismo tiempo, agentes de Seguridad Vial y especialistas en la materia impartieron instrucciones detalladas sobre el uso correcto del casco y la importancia de respetar las se\u00f1ales de tr\u00e1nsito y las normativas viales.<\/p>\n\n\n\n<p>Es oportuno mencionar que en cada oportunidad, la actividad se encuentra destinada a mayores de 16 a\u00f1os que cuentan con el carnet que los habilita a conducir motocicletas. <\/p>\n\n\n\n<p>En este sentido, los inscriptos tuvieron la posibilidad de canjear sus antiguos cascos por nuevos cascos reglamentarios, promoviendo as\u00ed la renovaci\u00f3n del equipo de protecci\u00f3n personal y la conciencia sobre la importancia de contar con elementos de seguridad adecuados.<\/p>\n\n\n\n<p>En funci\u00f3n del cronograma previsto, las pr\u00f3ximas capacitaciones se llevar\u00e1n adelante conforme a la siguiente disposici\u00f3n:<\/p>\n\n\n\n<p>\u2022 Martes 5: MuniCerca 6 (Aguirre C\u00e1mara y Mercedarios).<br>\u2022 Jueves 7: MuniCerca 3 (Tucum\u00e1n y Mart\u00edn Fierro).<br>\u2022 Martes 12: MuniCerca 1 (Salta esquina La Quiaca).<br>\u2022 Jueves 14: MuniCerca 4 (Bulevar V\u00e9lez Sarsfield esquina Italia).<br>\u2022 Martes 19: MuniCerca 5 (Avenida El Palmar y Costanera).<br>\u2022 Jueves 21: MuniCerca 8 (Concejal Paradella 1335).<br>\u2022 Martes 26: MuniCerca 7 (Rawson esquina La Quiaca).<\/p>\n\n\n\n<p>Para participar, los interesados deben inscribirse en el MuniCerca m\u00e1s cercano a su domicilio.<\/p>\n","protected":false},"excerpt":{"rendered":"<p>En una iniciativa dirigida a j\u00f3venes y adultos conductores de motocicletas, dio inicio hoy la propuesta Educaci\u00f3n Vial en tu Barrio en el MuniCerca 2. En este marco, la sede radicada en el Centro Comunitario de Inclusi\u00f3n Integral recibi\u00f3 a vecinos y vecinas que se sumaron a la jornada de conducci\u00f3n responsable y segura, como [&hellip;]<\/p>\n","protected":false},"author":4,"featured_media":81866,"comment_status":"open","ping_status":"open","sticky":false,"template":"","format":"standard","meta":{"site-sidebar-layout":"default","site-content-layout":"","ast-site-content-layout":"default","site-content-style":"default","site-sidebar-style":"default","ast-global-header-display":"","ast-banner-title-visibility":"","ast-main-header-display":"","ast-hfb-above-header-display":"","ast-hfb-below-header-display":"","ast-hfb-mobile-header-display":"","site-post-title":"","ast-breadcrumbs-content":"","ast-featured-img":"","footer-sml-layout":"","ast-disable-related-posts":"","theme-transparent-header-meta":"","adv-header-id-meta":"","stick-header-meta":"","header-above-stick-meta":"","header-main-stick-meta":"","header-below-stick-meta":"","astra-migrate-meta-layouts":"set","ast-page-background-enabled":"default","ast-page-background-meta":{"desktop":{"background-color":"","background-image":"","background-repeat":"repeat","background-position":"center center","background-size":"auto","background-attachment":"scroll","background-type":"","background-media":"","overlay-type":"","overlay-color":"","overlay-opacity":"","overlay-gradient":""},"tablet":{"background-color":"","background-image":"","background-repeat":"repeat","background-position":"center center","background-size":"auto","background-attachment":"scroll","background-type":"","background-media":"","overlay-type":"","overlay-color":"","overlay-opacity":"","overlay-gradient":""},"mobile":{"background-color":"","background-image":"","background-repeat":"repeat","background-position":"center center","background-size":"auto","background-attachment":"scroll","background-type":"","background-media":"","overlay-type":"","overlay-color":"","overlay-opacity":"","overlay-gradient":""}},"ast-content-background-meta":{"desktop":{"background-color":"var(--ast-global-color-5)","background-image":"","background-repeat":"repeat","background-position":"center center","background-size":"auto","background-attachment":"scroll","background-type":"","background-media":"","overlay-type":"","overlay-color":"","overlay-opacity":"","overlay-gradient":""},"tablet":{"background-color":"var(--ast-global-color-5)","background-image":"","background-repeat":"repeat","background-position":"center center","background-size":"auto","background-attachment":"scroll","background-type":"","background-media":"","overlay-type":"","overlay-color":"","overlay-opacity":"","overlay-gradient":""},"mobile":{"background-color":"var(--ast-global-color-5)","background-image":"","background-repeat":"repeat","background-position":"center center","background-size":"auto","background-attachment":"scroll","background-type":"","background-media":"","overlay-type":"","overlay-color":"","overlay-opacity":"","overlay-gradient":""}},"_jetpack_memberships_contains_paid_content":false,"_joinchat":[],"footnotes":""},"categories":[15302,5,2],"tags":[],"class_list":["post-81864","post","type-post","status-publish","format-standard","has-post-thumbnail","hentry","category-destacado","category-sociedad","category-villa-maria"],"yoast_head":"<!-- This site is optimized with the Yoast SEO plugin v26.8 - https:\/\/yoast.com\/product\/yoast-seo-wordpress\/ -->\n<title>Educaci\u00f3n Vial en tu Barrio: Motociclistas se capacitaron para una conducci\u00f3n responsable - El Regional<\/title>\n<meta name=\"robots\" content=\"index, follow, max-snippet:-1, max-image-preview:large, max-video-preview:-1\" \/>\n<link rel=\"canonical\" href=\"http:\/\/elregionalvm.com.ar\/noticias-villa-maria\/educacion-vial-en-tu-barrio-motociclistas-se-capacitaron-para-una-conduccion-responsable\/\" \/>\n<meta property=\"og:locale\" content=\"es_ES\" \/>\n<meta property=\"og:type\" content=\"article\" \/>\n<meta property=\"og:title\" content=\"Educaci\u00f3n Vial en tu Barrio: Motociclistas se capacitaron para una conducci\u00f3n responsable - El Regional\" \/>\n<meta property=\"og:description\" content=\"En una iniciativa dirigida a j\u00f3venes y adultos conductores de motocicletas, dio inicio hoy la propuesta Educaci\u00f3n Vial en tu Barrio en el MuniCerca 2. En este marco, la sede radicada en el Centro Comunitario de Inclusi\u00f3n Integral recibi\u00f3 a vecinos y vecinas que se sumaron a la jornada de conducci\u00f3n responsable y segura, como [&hellip;]\" \/>\n<meta property=\"og:url\" content=\"http:\/\/elregionalvm.com.ar\/noticias-villa-maria\/educacion-vial-en-tu-barrio-motociclistas-se-capacitaron-para-una-conduccion-responsable\/\" \/>\n<meta property=\"og:site_name\" content=\"El Regional\" \/>\n<meta property=\"article:publisher\" content=\"https:\/\/www.facebook.com\/elregionalvm\" \/>\n<meta property=\"article:published_time\" content=\"2023-08-31T21:42:40+00:00\" \/>\n<meta property=\"article:modified_time\" content=\"2023-08-31T21:42:42+00:00\" \/>\n<meta property=\"og:image\" content=\"http:\/\/elregionalvm.com.ar\/noticias-villa-maria\/wp-content\/uploads\/2023\/08\/WhatsApp-Image-2023-08-31-at-14.53.53.jpeg\" \/>\n\t<meta property=\"og:image:width\" content=\"1600\" \/>\n\t<meta property=\"og:image:height\" content=\"1067\" \/>\n\t<meta property=\"og:image:type\" content=\"image\/jpeg\" \/>\n<meta name=\"author\" content=\"Contenidos El Regional\" \/>\n<meta name=\"twitter:card\" content=\"summary_large_image\" \/>\n<meta name=\"twitter:creator\" content=\"@elregionalvm1\" \/>\n<meta name=\"twitter:site\" content=\"@elregionalvm1\" \/>\n<meta name=\"twitter:label1\" content=\"Escrito por\" \/>\n\t<meta name=\"twitter:data1\" content=\"Contenidos El Regional\" \/>\n\t<meta name=\"twitter:label2\" content=\"Tiempo de lectura\" \/>\n\t<meta name=\"twitter:data2\" content=\"2 minutos\" \/>\n<script type=\"application\/ld+json\" class=\"yoast-schema-graph\">{\"@context\":\"https:\/\/schema.org\",\"@graph\":[{\"@type\":\"Article\",\"@id\":\"http:\/\/elregionalvm.com.ar\/noticias-villa-maria\/educacion-vial-en-tu-barrio-motociclistas-se-capacitaron-para-una-conduccion-responsable\/#article\",\"isPartOf\":{\"@id\":\"http:\/\/elregionalvm.com.ar\/noticias-villa-maria\/educacion-vial-en-tu-barrio-motociclistas-se-capacitaron-para-una-conduccion-responsable\/\"},\"author\":{\"name\":\"Contenidos El Regional\",\"@id\":\"http:\/\/elregionalvm.com.ar\/noticias-villa-maria\/#\/schema\/person\/a0fb9c422317faca23d50163151bc354\"},\"headline\":\"Educaci\u00f3n Vial en tu Barrio: Motociclistas se capacitaron para una conducci\u00f3n responsable\",\"datePublished\":\"2023-08-31T21:42:40+00:00\",\"dateModified\":\"2023-08-31T21:42:42+00:00\",\"mainEntityOfPage\":{\"@id\":\"http:\/\/elregionalvm.com.ar\/noticias-villa-maria\/educacion-vial-en-tu-barrio-motociclistas-se-capacitaron-para-una-conduccion-responsable\/\"},\"wordCount\":360,\"commentCount\":0,\"image\":{\"@id\":\"http:\/\/elregionalvm.com.ar\/noticias-villa-maria\/educacion-vial-en-tu-barrio-motociclistas-se-capacitaron-para-una-conduccion-responsable\/#primaryimage\"},\"thumbnailUrl\":\"https:\/\/i0.wp.com\/elregionalvm.com.ar\/noticias-villa-maria\/wp-content\/uploads\/2023\/08\/WhatsApp-Image-2023-08-31-at-14.53.53.jpeg?fit=1600%2C1067&ssl=1\",\"articleSection\":[\"destacado\",\"Sociedad\",\"Villa Mar\u00eda\"],\"inLanguage\":\"es\",\"potentialAction\":[{\"@type\":\"CommentAction\",\"name\":\"Comment\",\"target\":[\"http:\/\/elregionalvm.com.ar\/noticias-villa-maria\/educacion-vial-en-tu-barrio-motociclistas-se-capacitaron-para-una-conduccion-responsable\/#respond\"]}]},{\"@type\":\"WebPage\",\"@id\":\"http:\/\/elregionalvm.com.ar\/noticias-villa-maria\/educacion-vial-en-tu-barrio-motociclistas-se-capacitaron-para-una-conduccion-responsable\/\",\"url\":\"http:\/\/elregionalvm.com.ar\/noticias-villa-maria\/educacion-vial-en-tu-barrio-motociclistas-se-capacitaron-para-una-conduccion-responsable\/\",\"name\":\"Educaci\u00f3n Vial en tu Barrio: Motociclistas se capacitaron para una conducci\u00f3n responsable - El Regional\",\"isPartOf\":{\"@id\":\"http:\/\/elregionalvm.com.ar\/noticias-villa-maria\/#website\"},\"primaryImageOfPage\":{\"@id\":\"http:\/\/elregionalvm.com.ar\/noticias-villa-maria\/educacion-vial-en-tu-barrio-motociclistas-se-capacitaron-para-una-conduccion-responsable\/#primaryimage\"},\"image\":{\"@id\":\"http:\/\/elregionalvm.com.ar\/noticias-villa-maria\/educacion-vial-en-tu-barrio-motociclistas-se-capacitaron-para-una-conduccion-responsable\/#primaryimage\"},\"thumbnailUrl\":\"https:\/\/i0.wp.com\/elregionalvm.com.ar\/noticias-villa-maria\/wp-content\/uploads\/2023\/08\/WhatsApp-Image-2023-08-31-at-14.53.53.jpeg?fit=1600%2C1067&ssl=1\",\"datePublished\":\"2023-08-31T21:42:40+00:00\",\"dateModified\":\"2023-08-31T21:42:42+00:00\",\"author\":{\"@id\":\"http:\/\/elregionalvm.com.ar\/noticias-villa-maria\/#\/schema\/person\/a0fb9c422317faca23d50163151bc354\"},\"breadcrumb\":{\"@id\":\"http:\/\/elregionalvm.com.ar\/noticias-villa-maria\/educacion-vial-en-tu-barrio-motociclistas-se-capacitaron-para-una-conduccion-responsable\/#breadcrumb\"},\"inLanguage\":\"es\",\"potentialAction\":[{\"@type\":\"ReadAction\",\"target\":[\"http:\/\/elregionalvm.com.ar\/noticias-villa-maria\/educacion-vial-en-tu-barrio-motociclistas-se-capacitaron-para-una-conduccion-responsable\/\"]}]},{\"@type\":\"ImageObject\",\"inLanguage\":\"es\",\"@id\":\"http:\/\/elregionalvm.com.ar\/noticias-villa-maria\/educacion-vial-en-tu-barrio-motociclistas-se-capacitaron-para-una-conduccion-responsable\/#primaryimage\",\"url\":\"https:\/\/i0.wp.com\/elregionalvm.com.ar\/noticias-villa-maria\/wp-content\/uploads\/2023\/08\/WhatsApp-Image-2023-08-31-at-14.53.53.jpeg?fit=1600%2C1067&ssl=1\",\"contentUrl\":\"https:\/\/i0.wp.com\/elregionalvm.com.ar\/noticias-villa-maria\/wp-content\/uploads\/2023\/08\/WhatsApp-Image-2023-08-31-at-14.53.53.jpeg?fit=1600%2C1067&ssl=1\",\"width\":1600,\"height\":1067},{\"@type\":\"BreadcrumbList\",\"@id\":\"http:\/\/elregionalvm.com.ar\/noticias-villa-maria\/educacion-vial-en-tu-barrio-motociclistas-se-capacitaron-para-una-conduccion-responsable\/#breadcrumb\",\"itemListElement\":[{\"@type\":\"ListItem\",\"position\":1,\"name\":\"Portada\",\"item\":\"https:\/\/elregionalvm.com.ar\/noticias-villa-maria\/\"},{\"@type\":\"ListItem\",\"position\":2,\"name\":\"Educaci\u00f3n Vial en tu Barrio: Motociclistas se capacitaron para una conducci\u00f3n responsable\"}]},{\"@type\":\"WebSite\",\"@id\":\"http:\/\/elregionalvm.com.ar\/noticias-villa-maria\/#website\",\"url\":\"http:\/\/elregionalvm.com.ar\/noticias-villa-maria\/\",\"name\":\"El Regional\",\"description\":\"Mucho m\u00e1s que informaci\u00f3n\",\"potentialAction\":[{\"@type\":\"SearchAction\",\"target\":{\"@type\":\"EntryPoint\",\"urlTemplate\":\"http:\/\/elregionalvm.com.ar\/noticias-villa-maria\/?s={search_term_string}\"},\"query-input\":{\"@type\":\"PropertyValueSpecification\",\"valueRequired\":true,\"valueName\":\"search_term_string\"}}],\"inLanguage\":\"es\"},{\"@type\":\"Person\",\"@id\":\"http:\/\/elregionalvm.com.ar\/noticias-villa-maria\/#\/schema\/person\/a0fb9c422317faca23d50163151bc354\",\"name\":\"Contenidos El Regional\",\"image\":{\"@type\":\"ImageObject\",\"inLanguage\":\"es\",\"@id\":\"http:\/\/elregionalvm.com.ar\/noticias-villa-maria\/#\/schema\/person\/image\/\",\"url\":\"https:\/\/secure.gravatar.com\/avatar\/265b27cb2209af7bb3a1318f03305787d7981a5cc6e6cd08fe5a4ecdf99d4b48?s=96&d=mm&r=g\",\"contentUrl\":\"https:\/\/secure.gravatar.com\/avatar\/265b27cb2209af7bb3a1318f03305787d7981a5cc6e6cd08fe5a4ecdf99d4b48?s=96&d=mm&r=g\",\"caption\":\"Contenidos El Regional\"},\"url\":\"https:\/\/elregionalvm.com.ar\/noticias-villa-maria\/author\/contenido\/\"}]}<\/script>\n<!-- \/ Yoast SEO plugin. -->","yoast_head_json":{"title":"Educaci\u00f3n Vial en tu Barrio: Motociclistas se capacitaron para una conducci\u00f3n responsable - El Regional","robots":{"index":"index","follow":"follow","max-snippet":"max-snippet:-1","max-image-preview":"max-image-preview:large","max-video-preview":"max-video-preview:-1"},"canonical":"http:\/\/elregionalvm.com.ar\/noticias-villa-maria\/educacion-vial-en-tu-barrio-motociclistas-se-capacitaron-para-una-conduccion-responsable\/","og_locale":"es_ES","og_type":"article","og_title":"Educaci\u00f3n Vial en tu Barrio: Motociclistas se capacitaron para una conducci\u00f3n responsable - El Regional","og_description":"En una iniciativa dirigida a j\u00f3venes y adultos conductores de motocicletas, dio inicio hoy la propuesta Educaci\u00f3n Vial en tu Barrio en el MuniCerca 2. En este marco, la sede radicada en el Centro Comunitario de Inclusi\u00f3n Integral recibi\u00f3 a vecinos y vecinas que se sumaron a la jornada de conducci\u00f3n responsable y segura, como [&hellip;]","og_url":"http:\/\/elregionalvm.com.ar\/noticias-villa-maria\/educacion-vial-en-tu-barrio-motociclistas-se-capacitaron-para-una-conduccion-responsable\/","og_site_name":"El Regional","article_publisher":"https:\/\/www.facebook.com\/elregionalvm","article_published_time":"2023-08-31T21:42:40+00:00","article_modified_time":"2023-08-31T21:42:42+00:00","og_image":[{"width":1600,"height":1067,"url":"http:\/\/elregionalvm.com.ar\/noticias-villa-maria\/wp-content\/uploads\/2023\/08\/WhatsApp-Image-2023-08-31-at-14.53.53.jpeg","type":"image\/jpeg"}],"author":"Contenidos El Regional","twitter_card":"summary_large_image","twitter_creator":"@elregionalvm1","twitter_site":"@elregionalvm1","twitter_misc":{"Escrito por":"Contenidos El Regional","Tiempo de lectura":"2 minutos"},"schema":{"@context":"https:\/\/schema.org","@graph":[{"@type":"Article","@id":"http:\/\/elregionalvm.com.ar\/noticias-villa-maria\/educacion-vial-en-tu-barrio-motociclistas-se-capacitaron-para-una-conduccion-responsable\/#article","isPartOf":{"@id":"http:\/\/elregionalvm.com.ar\/noticias-villa-maria\/educacion-vial-en-tu-barrio-motociclistas-se-capacitaron-para-una-conduccion-responsable\/"},"author":{"name":"Contenidos El Regional","@id":"http:\/\/elregionalvm.com.ar\/noticias-villa-maria\/#\/schema\/person\/a0fb9c422317faca23d50163151bc354"},"headline":"Educaci\u00f3n Vial en tu Barrio: Motociclistas se capacitaron para una conducci\u00f3n responsable","datePublished":"2023-08-31T21:42:40+00:00","dateModified":"2023-08-31T21:42:42+00:00","mainEntityOfPage":{"@id":"http:\/\/elregionalvm.com.ar\/noticias-villa-maria\/educacion-vial-en-tu-barrio-motociclistas-se-capacitaron-para-una-conduccion-responsable\/"},"wordCount":360,"commentCount":0,"image":{"@id":"http:\/\/elregionalvm.com.ar\/noticias-villa-maria\/educacion-vial-en-tu-barrio-motociclistas-se-capacitaron-para-una-conduccion-responsable\/#primaryimage"},"thumbnailUrl":"https:\/\/i0.wp.com\/elregionalvm.com.ar\/noticias-villa-maria\/wp-content\/uploads\/2023\/08\/WhatsApp-Image-2023-08-31-at-14.53.53.jpeg?fit=1600%2C1067&ssl=1","articleSection":["destacado","Sociedad","Villa Mar\u00eda"],"inLanguage":"es","potentialAction":[{"@type":"CommentAction","name":"Comment","target":["http:\/\/elregionalvm.com.ar\/noticias-villa-maria\/educacion-vial-en-tu-barrio-motociclistas-se-capacitaron-para-una-conduccion-responsable\/#respond"]}]},{"@type":"WebPage","@id":"http:\/\/elregionalvm.com.ar\/noticias-villa-maria\/educacion-vial-en-tu-barrio-motociclistas-se-capacitaron-para-una-conduccion-responsable\/","url":"http:\/\/elregionalvm.com.ar\/noticias-villa-maria\/educacion-vial-en-tu-barrio-motociclistas-se-capacitaron-para-una-conduccion-responsable\/","name":"Educaci\u00f3n Vial en tu Barrio: Motociclistas se capacitaron para una conducci\u00f3n responsable - El Regional","isPartOf":{"@id":"http:\/\/elregionalvm.com.ar\/noticias-villa-maria\/#website"},"primaryImageOfPage":{"@id":"http:\/\/elregionalvm.com.ar\/noticias-villa-maria\/educacion-vial-en-tu-barrio-motociclistas-se-capacitaron-para-una-conduccion-responsable\/#primaryimage"},"image":{"@id":"http:\/\/elregionalvm.com.ar\/noticias-villa-maria\/educacion-vial-en-tu-barrio-motociclistas-se-capacitaron-para-una-conduccion-responsable\/#primaryimage"},"thumbnailUrl":"https:\/\/i0.wp.com\/elregionalvm.com.ar\/noticias-villa-maria\/wp-content\/uploads\/2023\/08\/WhatsApp-Image-2023-08-31-at-14.53.53.jpeg?fit=1600%2C1067&ssl=1","datePublished":"2023-08-31T21:42:40+00:00","dateModified":"2023-08-31T21:42:42+00:00","author":{"@id":"http:\/\/elregionalvm.com.ar\/noticias-villa-maria\/#\/schema\/person\/a0fb9c422317faca23d50163151bc354"},"breadcrumb":{"@id":"http:\/\/elregionalvm.com.ar\/noticias-villa-maria\/educacion-vial-en-tu-barrio-motociclistas-se-capacitaron-para-una-conduccion-responsable\/#breadcrumb"},"inLanguage":"es","potentialAction":[{"@type":"ReadAction","target":["http:\/\/elregionalvm.com.ar\/noticias-villa-maria\/educacion-vial-en-tu-barrio-motociclistas-se-capacitaron-para-una-conduccion-responsable\/"]}]},{"@type":"ImageObject","inLanguage":"es","@id":"http:\/\/elregionalvm.com.ar\/noticias-villa-maria\/educacion-vial-en-tu-barrio-motociclistas-se-capacitaron-para-una-conduccion-responsable\/#primaryimage","url":"https:\/\/i0.wp.com\/elregionalvm.com.ar\/noticias-villa-maria\/wp-content\/uploads\/2023\/08\/WhatsApp-Image-2023-08-31-at-14.53.53.jpeg?fit=1600%2C1067&ssl=1","contentUrl":"https:\/\/i0.wp.com\/elregionalvm.com.ar\/noticias-villa-maria\/wp-content\/uploads\/2023\/08\/WhatsApp-Image-2023-08-31-at-14.53.53.jpeg?fit=1600%2C1067&ssl=1","width":1600,"height":1067},{"@type":"BreadcrumbList","@id":"http:\/\/elregionalvm.com.ar\/noticias-villa-maria\/educacion-vial-en-tu-barrio-motociclistas-se-capacitaron-para-una-conduccion-responsable\/#breadcrumb","itemListElement":[{"@type":"ListItem","position":1,"name":"Portada","item":"https:\/\/elregionalvm.com.ar\/noticias-villa-maria\/"},{"@type":"ListItem","position":2,"name":"Educaci\u00f3n Vial en tu Barrio: Motociclistas se capacitaron para una conducci\u00f3n responsable"}]},{"@type":"WebSite","@id":"http:\/\/elregionalvm.com.ar\/noticias-villa-maria\/#website","url":"http:\/\/elregionalvm.com.ar\/noticias-villa-maria\/","name":"El Regional","description":"Mucho m\u00e1s que informaci\u00f3n","potentialAction":[{"@type":"SearchAction","target":{"@type":"EntryPoint","urlTemplate":"http:\/\/elregionalvm.com.ar\/noticias-villa-maria\/?s={search_term_string}"},"query-input":{"@type":"PropertyValueSpecification","valueRequired":true,"valueName":"search_term_string"}}],"inLanguage":"es"},{"@type":"Person","@id":"http:\/\/elregionalvm.com.ar\/noticias-villa-maria\/#\/schema\/person\/a0fb9c422317faca23d50163151bc354","name":"Contenidos El Regional","image":{"@type":"ImageObject","inLanguage":"es","@id":"http:\/\/elregionalvm.com.ar\/noticias-villa-maria\/#\/schema\/person\/image\/","url":"https:\/\/secure.gravatar.com\/avatar\/265b27cb2209af7bb3a1318f03305787d7981a5cc6e6cd08fe5a4ecdf99d4b48?s=96&d=mm&r=g","contentUrl":"https:\/\/secure.gravatar.com\/avatar\/265b27cb2209af7bb3a1318f03305787d7981a5cc6e6cd08fe5a4ecdf99d4b48?s=96&d=mm&r=g","caption":"Contenidos El Regional"},"url":"https:\/\/elregionalvm.com.ar\/noticias-villa-maria\/author\/contenido\/"}]}},"jetpack_featured_media_url":"https:\/\/i0.wp.com\/elregionalvm.com.ar\/noticias-villa-maria\/wp-content\/uploads\/2023\/08\/WhatsApp-Image-2023-08-31-at-14.53.53.jpeg?fit=1600%2C1067&ssl=1","jetpack_sharing_enabled":true,"_links":{"self":[{"href":"https:\/\/elregionalvm.com.ar\/noticias-villa-maria\/wp-json\/wp\/v2\/posts\/81864","targetHints":{"allow":["GET"]}}],"collection":[{"href":"https:\/\/elregionalvm.com.ar\/noticias-villa-maria\/wp-json\/wp\/v2\/posts"}],"about":[{"href":"https:\/\/elregionalvm.com.ar\/noticias-villa-maria\/wp-json\/wp\/v2\/types\/post"}],"author":[{"embeddable":true,"href":"https:\/\/elregionalvm.com.ar\/noticias-villa-maria\/wp-json\/wp\/v2\/users\/4"}],"replies":[{"embeddable":true,"href":"https:\/\/elregionalvm.com.ar\/noticias-villa-maria\/wp-json\/wp\/v2\/comments?post=81864"}],"version-history":[{"count":1,"href":"https:\/\/elregionalvm.com.ar\/noticias-villa-maria\/wp-json\/wp\/v2\/posts\/81864\/revisions"}],"predecessor-version":[{"id":81867,"href":"https:\/\/elregionalvm.com.ar\/noticias-villa-maria\/wp-json\/wp\/v2\/posts\/81864\/revisions\/81867"}],"wp:featuredmedia":[{"embeddable":true,"href":"https:\/\/elregionalvm.com.ar\/noticias-villa-maria\/wp-json\/wp\/v2\/media\/81866"}],"wp:attachment":[{"href":"https:\/\/elregionalvm.com.ar\/noticias-villa-maria\/wp-json\/wp\/v2\/media?parent=81864"}],"wp:term":[{"taxonomy":"category","embeddable":true,"href":"https:\/\/elregionalvm.com.ar\/noticias-villa-maria\/wp-json\/wp\/v2\/categories?post=81864"},{"taxonomy":"post_tag","embeddable":true,"href":"https:\/\/elregionalvm.com.ar\/noticias-villa-maria\/wp-json\/wp\/v2\/tags?post=81864"}],"curies":[{"name":"wp","href":"https:\/\/api.w.org\/{rel}","templated":true}]}}