{"id":81871,"date":"2023-08-31T21:49:25","date_gmt":"2023-08-31T21:49:25","guid":{"rendered":"https:\/\/elregionalvm.com.ar\/noticias-villa-maria\/?p=81871"},"modified":"2023-08-31T21:49:27","modified_gmt":"2023-08-31T21:49:27","slug":"la-unvm-distinguira-a-dolly-pagani-como-profesora-honoraria","status":"publish","type":"post","link":"https:\/\/elregionalvm.com.ar\/noticias-villa-maria\/la-unvm-distinguira-a-dolly-pagani-como-profesora-honoraria\/","title":{"rendered":"La UNVM distinguir\u00e1 a Dolly Pagani como \u201cProfesora Honoraria\u201d"},"content":{"rendered":"\n<h5 class=\"wp-block-heading\"><strong>Ser\u00e1 el pr\u00f3ximo mi\u00e9rcoles 6 de de septiembre, a las 19 horas, en el Parlamento de los Ni\u00f1os del Centro Cultural Comunitario Leonardo Favio.<\/strong><\/h5>\n\n\n\n<p>La licenciada Dolly Pagani ser\u00e1 reconocida como Profesora Extraordinaria en la categor\u00eda Honoraria de la Universidad Nacional Villa Mar\u00eda (UNVM).\u00a0<\/p>\n\n\n\n<p>La ceremonia en la que se har\u00e1 entrega la m\u00e1xima distinci\u00f3n otorgada por la casa de altos estudios se concretar\u00e1 el mi\u00e9rcoles 6 de septiembre, a las 19 horas, en el Parlamento de los Ni\u00f1os ubicado en el CCC \u201cLeonardo Favio\u201d.<\/p>\n\n\n\n<p>Entre los fundamentos de esta designaci\u00f3n, plasmada en la&nbsp;<strong><a href=\"https:\/\/www.unvm.edu.ar\/wp-content\/uploads\/2023\/08\/RES.CS2023.198.pdf\">Resoluci\u00f3n N\u00ba.198\/2023<\/a><\/strong>, se destaca el aporte literario y la trayectoria acad\u00e9mica de la docente, poeta y ensayista cordobesa.<\/p>\n\n\n\n<p>Adem\u00e1s de su participaci\u00f3n como organizadora y expositora en numerosos eventos literarios, Pagani supo componer un recorrido profesional que la sit\u00faa no solo en las esferas de la literatura nacional, sino tambi\u00e9n como parte fundamental cultural de Villa Mar\u00eda y la regi\u00f3n durante \u00faltimos cincuenta a\u00f1os.<\/p>\n\n\n\n<p>Cabe precisar que el cuerpo normativo de la UNVM establece que la designaci\u00f3n de Profesor Extraordinario en la categor\u00eda de Honorario se encuentra reservada a personalidades eminentes en el campo de la ciencia o del arte y su aprobaci\u00f3n, sujeta a sufragio por parte del Consejo Superior.<\/p>\n","protected":false},"excerpt":{"rendered":"<p>Ser\u00e1 el pr\u00f3ximo mi\u00e9rcoles 6 de de septiembre, a las 19 horas, en el Parlamento de los Ni\u00f1os del Centro Cultural Comunitario Leonardo Favio. La licenciada Dolly Pagani ser\u00e1 reconocida como Profesora Extraordinaria en la categor\u00eda Honoraria de la Universidad Nacional Villa Mar\u00eda (UNVM).\u00a0 La ceremonia en la que se har\u00e1 entrega la m\u00e1xima distinci\u00f3n [&hellip;]<\/p>\n","protected":false},"author":4,"featured_media":81872,"comment_status":"open","ping_status":"open","sticky":false,"template":"","format":"standard","meta":{"site-sidebar-layout":"default","site-content-layout":"","ast-site-content-layout":"default","site-content-style":"default","site-sidebar-style":"default","ast-global-header-display":"","ast-banner-title-visibility":"","ast-main-header-display":"","ast-hfb-above-header-display":"","ast-hfb-below-header-display":"","ast-hfb-mobile-header-display":"","site-post-title":"","ast-breadcrumbs-content":"","ast-featured-img":"","footer-sml-layout":"","ast-disable-related-posts":"","theme-transparent-header-meta":"","adv-header-id-meta":"","stick-header-meta":"","header-above-stick-meta":"","header-main-stick-meta":"","header-below-stick-meta":"","astra-migrate-meta-layouts":"set","ast-page-background-enabled":"default","ast-page-background-meta":{"desktop":{"background-color":"","background-image":"","background-repeat":"repeat","background-position":"center center","background-size":"auto","background-attachment":"scroll","background-type":"","background-media":"","overlay-type":"","overlay-color":"","overlay-opacity":"","overlay-gradient":""},"tablet":{"background-color":"","background-image":"","background-repeat":"repeat","background-position":"center center","background-size":"auto","background-attachment":"scroll","background-type":"","background-media":"","overlay-type":"","overlay-color":"","overlay-opacity":"","overlay-gradient":""},"mobile":{"background-color":"","background-image":"","background-repeat":"repeat","background-position":"center center","background-size":"auto","background-attachment":"scroll","background-type":"","background-media":"","overlay-type":"","overlay-color":"","overlay-opacity":"","overlay-gradient":""}},"ast-content-background-meta":{"desktop":{"background-color":"var(--ast-global-color-5)","background-image":"","background-repeat":"repeat","background-position":"center center","background-size":"auto","background-attachment":"scroll","background-type":"","background-media":"","overlay-type":"","overlay-color":"","overlay-opacity":"","overlay-gradient":""},"tablet":{"background-color":"var(--ast-global-color-5)","background-image":"","background-repeat":"repeat","background-position":"center center","background-size":"auto","background-attachment":"scroll","background-type":"","background-media":"","overlay-type":"","overlay-color":"","overlay-opacity":"","overlay-gradient":""},"mobile":{"background-color":"var(--ast-global-color-5)","background-image":"","background-repeat":"repeat","background-position":"center center","background-size":"auto","background-attachment":"scroll","background-type":"","background-media":"","overlay-type":"","overlay-color":"","overlay-opacity":"","overlay-gradient":""}},"_jetpack_memberships_contains_paid_content":false,"_joinchat":[],"footnotes":""},"categories":[15302,5,2],"tags":[],"class_list":["post-81871","post","type-post","status-publish","format-standard","has-post-thumbnail","hentry","category-destacado","category-sociedad","category-villa-maria"],"yoast_head":"<!-- This site is optimized with the Yoast SEO plugin v26.8 - https:\/\/yoast.com\/product\/yoast-seo-wordpress\/ -->\n<title>La UNVM distinguir\u00e1 a Dolly Pagani como \u201cProfesora Honoraria\u201d - El Regional<\/title>\n<meta name=\"robots\" content=\"index, follow, max-snippet:-1, max-image-preview:large, max-video-preview:-1\" \/>\n<link rel=\"canonical\" href=\"http:\/\/elregionalvm.com.ar\/noticias-villa-maria\/la-unvm-distinguira-a-dolly-pagani-como-profesora-honoraria\/\" \/>\n<meta property=\"og:locale\" content=\"es_ES\" \/>\n<meta property=\"og:type\" content=\"article\" \/>\n<meta property=\"og:title\" content=\"La UNVM distinguir\u00e1 a Dolly Pagani como \u201cProfesora Honoraria\u201d - El Regional\" \/>\n<meta property=\"og:description\" content=\"Ser\u00e1 el pr\u00f3ximo mi\u00e9rcoles 6 de de septiembre, a las 19 horas, en el Parlamento de los Ni\u00f1os del Centro Cultural Comunitario Leonardo Favio. La licenciada Dolly Pagani ser\u00e1 reconocida como Profesora Extraordinaria en la categor\u00eda Honoraria de la Universidad Nacional Villa Mar\u00eda (UNVM).\u00a0 La ceremonia en la que se har\u00e1 entrega la m\u00e1xima distinci\u00f3n [&hellip;]\" \/>\n<meta property=\"og:url\" content=\"http:\/\/elregionalvm.com.ar\/noticias-villa-maria\/la-unvm-distinguira-a-dolly-pagani-como-profesora-honoraria\/\" \/>\n<meta property=\"og:site_name\" content=\"El Regional\" \/>\n<meta property=\"article:publisher\" content=\"https:\/\/www.facebook.com\/elregionalvm\" \/>\n<meta property=\"article:published_time\" content=\"2023-08-31T21:49:25+00:00\" \/>\n<meta property=\"article:modified_time\" content=\"2023-08-31T21:49:27+00:00\" \/>\n<meta property=\"og:image\" content=\"http:\/\/elregionalvm.com.ar\/noticias-villa-maria\/wp-content\/uploads\/2023\/08\/p16-Dolly-1.jpg\" \/>\n\t<meta property=\"og:image:width\" content=\"709\" \/>\n\t<meta property=\"og:image:height\" content=\"475\" \/>\n\t<meta property=\"og:image:type\" content=\"image\/jpeg\" \/>\n<meta name=\"author\" content=\"Contenidos El Regional\" \/>\n<meta name=\"twitter:card\" content=\"summary_large_image\" \/>\n<meta name=\"twitter:creator\" content=\"@elregionalvm1\" \/>\n<meta name=\"twitter:site\" content=\"@elregionalvm1\" \/>\n<meta name=\"twitter:label1\" content=\"Escrito por\" \/>\n\t<meta name=\"twitter:data1\" content=\"Contenidos El Regional\" \/>\n\t<meta name=\"twitter:label2\" content=\"Tiempo de lectura\" \/>\n\t<meta name=\"twitter:data2\" content=\"1 minuto\" \/>\n<script type=\"application\/ld+json\" class=\"yoast-schema-graph\">{\"@context\":\"https:\/\/schema.org\",\"@graph\":[{\"@type\":\"Article\",\"@id\":\"http:\/\/elregionalvm.com.ar\/noticias-villa-maria\/la-unvm-distinguira-a-dolly-pagani-como-profesora-honoraria\/#article\",\"isPartOf\":{\"@id\":\"http:\/\/elregionalvm.com.ar\/noticias-villa-maria\/la-unvm-distinguira-a-dolly-pagani-como-profesora-honoraria\/\"},\"author\":{\"name\":\"Contenidos El Regional\",\"@id\":\"http:\/\/elregionalvm.com.ar\/noticias-villa-maria\/#\/schema\/person\/a0fb9c422317faca23d50163151bc354\"},\"headline\":\"La UNVM distinguir\u00e1 a Dolly Pagani como \u201cProfesora Honoraria\u201d\",\"datePublished\":\"2023-08-31T21:49:25+00:00\",\"dateModified\":\"2023-08-31T21:49:27+00:00\",\"mainEntityOfPage\":{\"@id\":\"http:\/\/elregionalvm.com.ar\/noticias-villa-maria\/la-unvm-distinguira-a-dolly-pagani-como-profesora-honoraria\/\"},\"wordCount\":233,\"commentCount\":0,\"image\":{\"@id\":\"http:\/\/elregionalvm.com.ar\/noticias-villa-maria\/la-unvm-distinguira-a-dolly-pagani-como-profesora-honoraria\/#primaryimage\"},\"thumbnailUrl\":\"https:\/\/i0.wp.com\/elregionalvm.com.ar\/noticias-villa-maria\/wp-content\/uploads\/2023\/08\/p16-Dolly-1.jpg?fit=709%2C475&ssl=1\",\"articleSection\":[\"destacado\",\"Sociedad\",\"Villa Mar\u00eda\"],\"inLanguage\":\"es\",\"potentialAction\":[{\"@type\":\"CommentAction\",\"name\":\"Comment\",\"target\":[\"http:\/\/elregionalvm.com.ar\/noticias-villa-maria\/la-unvm-distinguira-a-dolly-pagani-como-profesora-honoraria\/#respond\"]}]},{\"@type\":\"WebPage\",\"@id\":\"http:\/\/elregionalvm.com.ar\/noticias-villa-maria\/la-unvm-distinguira-a-dolly-pagani-como-profesora-honoraria\/\",\"url\":\"http:\/\/elregionalvm.com.ar\/noticias-villa-maria\/la-unvm-distinguira-a-dolly-pagani-como-profesora-honoraria\/\",\"name\":\"La UNVM distinguir\u00e1 a Dolly Pagani como \u201cProfesora Honoraria\u201d - El Regional\",\"isPartOf\":{\"@id\":\"http:\/\/elregionalvm.com.ar\/noticias-villa-maria\/#website\"},\"primaryImageOfPage\":{\"@id\":\"http:\/\/elregionalvm.com.ar\/noticias-villa-maria\/la-unvm-distinguira-a-dolly-pagani-como-profesora-honoraria\/#primaryimage\"},\"image\":{\"@id\":\"http:\/\/elregionalvm.com.ar\/noticias-villa-maria\/la-unvm-distinguira-a-dolly-pagani-como-profesora-honoraria\/#primaryimage\"},\"thumbnailUrl\":\"https:\/\/i0.wp.com\/elregionalvm.com.ar\/noticias-villa-maria\/wp-content\/uploads\/2023\/08\/p16-Dolly-1.jpg?fit=709%2C475&ssl=1\",\"datePublished\":\"2023-08-31T21:49:25+00:00\",\"dateModified\":\"2023-08-31T21:49:27+00:00\",\"author\":{\"@id\":\"http:\/\/elregionalvm.com.ar\/noticias-villa-maria\/#\/schema\/person\/a0fb9c422317faca23d50163151bc354\"},\"breadcrumb\":{\"@id\":\"http:\/\/elregionalvm.com.ar\/noticias-villa-maria\/la-unvm-distinguira-a-dolly-pagani-como-profesora-honoraria\/#breadcrumb\"},\"inLanguage\":\"es\",\"potentialAction\":[{\"@type\":\"ReadAction\",\"target\":[\"http:\/\/elregionalvm.com.ar\/noticias-villa-maria\/la-unvm-distinguira-a-dolly-pagani-como-profesora-honoraria\/\"]}]},{\"@type\":\"ImageObject\",\"inLanguage\":\"es\",\"@id\":\"http:\/\/elregionalvm.com.ar\/noticias-villa-maria\/la-unvm-distinguira-a-dolly-pagani-como-profesora-honoraria\/#primaryimage\",\"url\":\"https:\/\/i0.wp.com\/elregionalvm.com.ar\/noticias-villa-maria\/wp-content\/uploads\/2023\/08\/p16-Dolly-1.jpg?fit=709%2C475&ssl=1\",\"contentUrl\":\"https:\/\/i0.wp.com\/elregionalvm.com.ar\/noticias-villa-maria\/wp-content\/uploads\/2023\/08\/p16-Dolly-1.jpg?fit=709%2C475&ssl=1\",\"width\":709,\"height\":475},{\"@type\":\"BreadcrumbList\",\"@id\":\"http:\/\/elregionalvm.com.ar\/noticias-villa-maria\/la-unvm-distinguira-a-dolly-pagani-como-profesora-honoraria\/#breadcrumb\",\"itemListElement\":[{\"@type\":\"ListItem\",\"position\":1,\"name\":\"Portada\",\"item\":\"https:\/\/elregionalvm.com.ar\/noticias-villa-maria\/\"},{\"@type\":\"ListItem\",\"position\":2,\"name\":\"La UNVM distinguir\u00e1 a Dolly Pagani como \u201cProfesora Honoraria\u201d\"}]},{\"@type\":\"WebSite\",\"@id\":\"http:\/\/elregionalvm.com.ar\/noticias-villa-maria\/#website\",\"url\":\"http:\/\/elregionalvm.com.ar\/noticias-villa-maria\/\",\"name\":\"El Regional\",\"description\":\"Mucho m\u00e1s que informaci\u00f3n\",\"potentialAction\":[{\"@type\":\"SearchAction\",\"target\":{\"@type\":\"EntryPoint\",\"urlTemplate\":\"http:\/\/elregionalvm.com.ar\/noticias-villa-maria\/?s={search_term_string}\"},\"query-input\":{\"@type\":\"PropertyValueSpecification\",\"valueRequired\":true,\"valueName\":\"search_term_string\"}}],\"inLanguage\":\"es\"},{\"@type\":\"Person\",\"@id\":\"http:\/\/elregionalvm.com.ar\/noticias-villa-maria\/#\/schema\/person\/a0fb9c422317faca23d50163151bc354\",\"name\":\"Contenidos El Regional\",\"image\":{\"@type\":\"ImageObject\",\"inLanguage\":\"es\",\"@id\":\"http:\/\/elregionalvm.com.ar\/noticias-villa-maria\/#\/schema\/person\/image\/\",\"url\":\"https:\/\/secure.gravatar.com\/avatar\/265b27cb2209af7bb3a1318f03305787d7981a5cc6e6cd08fe5a4ecdf99d4b48?s=96&d=mm&r=g\",\"contentUrl\":\"https:\/\/secure.gravatar.com\/avatar\/265b27cb2209af7bb3a1318f03305787d7981a5cc6e6cd08fe5a4ecdf99d4b48?s=96&d=mm&r=g\",\"caption\":\"Contenidos El Regional\"},\"url\":\"https:\/\/elregionalvm.com.ar\/noticias-villa-maria\/author\/contenido\/\"}]}<\/script>\n<!-- \/ Yoast SEO plugin. -->","yoast_head_json":{"title":"La UNVM distinguir\u00e1 a Dolly Pagani como \u201cProfesora Honoraria\u201d - El Regional","robots":{"index":"index","follow":"follow","max-snippet":"max-snippet:-1","max-image-preview":"max-image-preview:large","max-video-preview":"max-video-preview:-1"},"canonical":"http:\/\/elregionalvm.com.ar\/noticias-villa-maria\/la-unvm-distinguira-a-dolly-pagani-como-profesora-honoraria\/","og_locale":"es_ES","og_type":"article","og_title":"La UNVM distinguir\u00e1 a Dolly Pagani como \u201cProfesora Honoraria\u201d - El Regional","og_description":"Ser\u00e1 el pr\u00f3ximo mi\u00e9rcoles 6 de de septiembre, a las 19 horas, en el Parlamento de los Ni\u00f1os del Centro Cultural Comunitario Leonardo Favio. La licenciada Dolly Pagani ser\u00e1 reconocida como Profesora Extraordinaria en la categor\u00eda Honoraria de la Universidad Nacional Villa Mar\u00eda (UNVM).\u00a0 La ceremonia en la que se har\u00e1 entrega la m\u00e1xima distinci\u00f3n [&hellip;]","og_url":"http:\/\/elregionalvm.com.ar\/noticias-villa-maria\/la-unvm-distinguira-a-dolly-pagani-como-profesora-honoraria\/","og_site_name":"El Regional","article_publisher":"https:\/\/www.facebook.com\/elregionalvm","article_published_time":"2023-08-31T21:49:25+00:00","article_modified_time":"2023-08-31T21:49:27+00:00","og_image":[{"width":709,"height":475,"url":"http:\/\/elregionalvm.com.ar\/noticias-villa-maria\/wp-content\/uploads\/2023\/08\/p16-Dolly-1.jpg","type":"image\/jpeg"}],"author":"Contenidos El Regional","twitter_card":"summary_large_image","twitter_creator":"@elregionalvm1","twitter_site":"@elregionalvm1","twitter_misc":{"Escrito por":"Contenidos El Regional","Tiempo de lectura":"1 minuto"},"schema":{"@context":"https:\/\/schema.org","@graph":[{"@type":"Article","@id":"http:\/\/elregionalvm.com.ar\/noticias-villa-maria\/la-unvm-distinguira-a-dolly-pagani-como-profesora-honoraria\/#article","isPartOf":{"@id":"http:\/\/elregionalvm.com.ar\/noticias-villa-maria\/la-unvm-distinguira-a-dolly-pagani-como-profesora-honoraria\/"},"author":{"name":"Contenidos El Regional","@id":"http:\/\/elregionalvm.com.ar\/noticias-villa-maria\/#\/schema\/person\/a0fb9c422317faca23d50163151bc354"},"headline":"La UNVM distinguir\u00e1 a Dolly Pagani como \u201cProfesora Honoraria\u201d","datePublished":"2023-08-31T21:49:25+00:00","dateModified":"2023-08-31T21:49:27+00:00","mainEntityOfPage":{"@id":"http:\/\/elregionalvm.com.ar\/noticias-villa-maria\/la-unvm-distinguira-a-dolly-pagani-como-profesora-honoraria\/"},"wordCount":233,"commentCount":0,"image":{"@id":"http:\/\/elregionalvm.com.ar\/noticias-villa-maria\/la-unvm-distinguira-a-dolly-pagani-como-profesora-honoraria\/#primaryimage"},"thumbnailUrl":"https:\/\/i0.wp.com\/elregionalvm.com.ar\/noticias-villa-maria\/wp-content\/uploads\/2023\/08\/p16-Dolly-1.jpg?fit=709%2C475&ssl=1","articleSection":["destacado","Sociedad","Villa Mar\u00eda"],"inLanguage":"es","potentialAction":[{"@type":"CommentAction","name":"Comment","target":["http:\/\/elregionalvm.com.ar\/noticias-villa-maria\/la-unvm-distinguira-a-dolly-pagani-como-profesora-honoraria\/#respond"]}]},{"@type":"WebPage","@id":"http:\/\/elregionalvm.com.ar\/noticias-villa-maria\/la-unvm-distinguira-a-dolly-pagani-como-profesora-honoraria\/","url":"http:\/\/elregionalvm.com.ar\/noticias-villa-maria\/la-unvm-distinguira-a-dolly-pagani-como-profesora-honoraria\/","name":"La UNVM distinguir\u00e1 a Dolly Pagani como \u201cProfesora Honoraria\u201d - El Regional","isPartOf":{"@id":"http:\/\/elregionalvm.com.ar\/noticias-villa-maria\/#website"},"primaryImageOfPage":{"@id":"http:\/\/elregionalvm.com.ar\/noticias-villa-maria\/la-unvm-distinguira-a-dolly-pagani-como-profesora-honoraria\/#primaryimage"},"image":{"@id":"http:\/\/elregionalvm.com.ar\/noticias-villa-maria\/la-unvm-distinguira-a-dolly-pagani-como-profesora-honoraria\/#primaryimage"},"thumbnailUrl":"https:\/\/i0.wp.com\/elregionalvm.com.ar\/noticias-villa-maria\/wp-content\/uploads\/2023\/08\/p16-Dolly-1.jpg?fit=709%2C475&ssl=1","datePublished":"2023-08-31T21:49:25+00:00","dateModified":"2023-08-31T21:49:27+00:00","author":{"@id":"http:\/\/elregionalvm.com.ar\/noticias-villa-maria\/#\/schema\/person\/a0fb9c422317faca23d50163151bc354"},"breadcrumb":{"@id":"http:\/\/elregionalvm.com.ar\/noticias-villa-maria\/la-unvm-distinguira-a-dolly-pagani-como-profesora-honoraria\/#breadcrumb"},"inLanguage":"es","potentialAction":[{"@type":"ReadAction","target":["http:\/\/elregionalvm.com.ar\/noticias-villa-maria\/la-unvm-distinguira-a-dolly-pagani-como-profesora-honoraria\/"]}]},{"@type":"ImageObject","inLanguage":"es","@id":"http:\/\/elregionalvm.com.ar\/noticias-villa-maria\/la-unvm-distinguira-a-dolly-pagani-como-profesora-honoraria\/#primaryimage","url":"https:\/\/i0.wp.com\/elregionalvm.com.ar\/noticias-villa-maria\/wp-content\/uploads\/2023\/08\/p16-Dolly-1.jpg?fit=709%2C475&ssl=1","contentUrl":"https:\/\/i0.wp.com\/elregionalvm.com.ar\/noticias-villa-maria\/wp-content\/uploads\/2023\/08\/p16-Dolly-1.jpg?fit=709%2C475&ssl=1","width":709,"height":475},{"@type":"BreadcrumbList","@id":"http:\/\/elregionalvm.com.ar\/noticias-villa-maria\/la-unvm-distinguira-a-dolly-pagani-como-profesora-honoraria\/#breadcrumb","itemListElement":[{"@type":"ListItem","position":1,"name":"Portada","item":"https:\/\/elregionalvm.com.ar\/noticias-villa-maria\/"},{"@type":"ListItem","position":2,"name":"La UNVM distinguir\u00e1 a Dolly Pagani como \u201cProfesora Honoraria\u201d"}]},{"@type":"WebSite","@id":"http:\/\/elregionalvm.com.ar\/noticias-villa-maria\/#website","url":"http:\/\/elregionalvm.com.ar\/noticias-villa-maria\/","name":"El Regional","description":"Mucho m\u00e1s que informaci\u00f3n","potentialAction":[{"@type":"SearchAction","target":{"@type":"EntryPoint","urlTemplate":"http:\/\/elregionalvm.com.ar\/noticias-villa-maria\/?s={search_term_string}"},"query-input":{"@type":"PropertyValueSpecification","valueRequired":true,"valueName":"search_term_string"}}],"inLanguage":"es"},{"@type":"Person","@id":"http:\/\/elregionalvm.com.ar\/noticias-villa-maria\/#\/schema\/person\/a0fb9c422317faca23d50163151bc354","name":"Contenidos El Regional","image":{"@type":"ImageObject","inLanguage":"es","@id":"http:\/\/elregionalvm.com.ar\/noticias-villa-maria\/#\/schema\/person\/image\/","url":"https:\/\/secure.gravatar.com\/avatar\/265b27cb2209af7bb3a1318f03305787d7981a5cc6e6cd08fe5a4ecdf99d4b48?s=96&d=mm&r=g","contentUrl":"https:\/\/secure.gravatar.com\/avatar\/265b27cb2209af7bb3a1318f03305787d7981a5cc6e6cd08fe5a4ecdf99d4b48?s=96&d=mm&r=g","caption":"Contenidos El Regional"},"url":"https:\/\/elregionalvm.com.ar\/noticias-villa-maria\/author\/contenido\/"}]}},"jetpack_featured_media_url":"https:\/\/i0.wp.com\/elregionalvm.com.ar\/noticias-villa-maria\/wp-content\/uploads\/2023\/08\/p16-Dolly-1.jpg?fit=709%2C475&ssl=1","jetpack_sharing_enabled":true,"_links":{"self":[{"href":"https:\/\/elregionalvm.com.ar\/noticias-villa-maria\/wp-json\/wp\/v2\/posts\/81871","targetHints":{"allow":["GET"]}}],"collection":[{"href":"https:\/\/elregionalvm.com.ar\/noticias-villa-maria\/wp-json\/wp\/v2\/posts"}],"about":[{"href":"https:\/\/elregionalvm.com.ar\/noticias-villa-maria\/wp-json\/wp\/v2\/types\/post"}],"author":[{"embeddable":true,"href":"https:\/\/elregionalvm.com.ar\/noticias-villa-maria\/wp-json\/wp\/v2\/users\/4"}],"replies":[{"embeddable":true,"href":"https:\/\/elregionalvm.com.ar\/noticias-villa-maria\/wp-json\/wp\/v2\/comments?post=81871"}],"version-history":[{"count":1,"href":"https:\/\/elregionalvm.com.ar\/noticias-villa-maria\/wp-json\/wp\/v2\/posts\/81871\/revisions"}],"predecessor-version":[{"id":81873,"href":"https:\/\/elregionalvm.com.ar\/noticias-villa-maria\/wp-json\/wp\/v2\/posts\/81871\/revisions\/81873"}],"wp:featuredmedia":[{"embeddable":true,"href":"https:\/\/elregionalvm.com.ar\/noticias-villa-maria\/wp-json\/wp\/v2\/media\/81872"}],"wp:attachment":[{"href":"https:\/\/elregionalvm.com.ar\/noticias-villa-maria\/wp-json\/wp\/v2\/media?parent=81871"}],"wp:term":[{"taxonomy":"category","embeddable":true,"href":"https:\/\/elregionalvm.com.ar\/noticias-villa-maria\/wp-json\/wp\/v2\/categories?post=81871"},{"taxonomy":"post_tag","embeddable":true,"href":"https:\/\/elregionalvm.com.ar\/noticias-villa-maria\/wp-json\/wp\/v2\/tags?post=81871"}],"curies":[{"name":"wp","href":"https:\/\/api.w.org\/{rel}","templated":true}]}}