{"id":81880,"date":"2023-08-31T22:06:30","date_gmt":"2023-08-31T22:06:30","guid":{"rendered":"https:\/\/elregionalvm.com.ar\/noticias-villa-maria\/?p=81880"},"modified":"2023-08-31T22:06:32","modified_gmt":"2023-08-31T22:06:32","slug":"piden-justicia-por-el-pequeno-que-murio-en-el-salon-de-ate-tras-caerle-un-porton","status":"publish","type":"post","link":"https:\/\/elregionalvm.com.ar\/noticias-villa-maria\/piden-justicia-por-el-pequeno-que-murio-en-el-salon-de-ate-tras-caerle-un-porton\/","title":{"rendered":"Piden justicia por el peque\u00f1o que muri\u00f3 en el sal\u00f3n de ATE tras caerle un port\u00f3n"},"content":{"rendered":"\n<p>El pasado 24 de junio, la ciudad se anotici\u00f3 de una tragedia cuando un ni\u00f1o de 4 a\u00f1os, Francisco,\u00a0falleci\u00f3 tras sufrir graves heridas por la ca\u00edda de un port\u00f3n de rejas, en la puerta de la sede sindical de la Asociaci\u00f3n de Trabajadores del Estado (ATE) en la ciudad de Villa Mar\u00eda.<\/p>\n\n\n\n<p>Despu\u00e9s de 2 meses, la causa pr\u00e1cticamente est\u00e1 paralizada o poco y nada se conoce al respecto y por tal motivo familiares del peque\u00f1o se movilizaron para reclamar bajo la consigna de \u00abJusticia\u00bb.<\/p>\n\n\n\n<p>Vanesa, la abuela del peque\u00f1o y Carina la mam\u00e1 dialog\u00f3 con un medio local sobre esta situaci\u00f3n. <\/p>\n\n\n\n<p>Se\u00f1alaron que el port\u00f3n estaba salido del riel y atado con un cable, que las pericias no se hicieron como corresponde y que no tienen mayores datos sobre c\u00f3mo sigue la investigaci\u00f3n. <\/p>\n\n\n\n<p>Agregaron que desde ATE nunca tuvieron ning\u00fan tipo de contacto.<\/p>\n\n\n\n<p>Cuando comenzaron con la protesta y la queja lleg\u00f3 a los medios, los familiares fueron convocados en el Palacio de Justicia.<\/p>\n\n\n\n<p>Gentileza\/Fuente: Radio Centro &#8211; Franco Bossa<\/p>\n","protected":false},"excerpt":{"rendered":"<p>El pasado 24 de junio, la ciudad se anotici\u00f3 de una tragedia cuando un ni\u00f1o de 4 a\u00f1os, Francisco,\u00a0falleci\u00f3 tras sufrir graves heridas por la ca\u00edda de un port\u00f3n de rejas, en la puerta de la sede sindical de la Asociaci\u00f3n de Trabajadores del Estado (ATE) en la ciudad de Villa Mar\u00eda. Despu\u00e9s de 2 [&hellip;]<\/p>\n","protected":false},"author":4,"featured_media":81881,"comment_status":"open","ping_status":"open","sticky":false,"template":"","format":"standard","meta":{"site-sidebar-layout":"default","site-content-layout":"","ast-site-content-layout":"default","site-content-style":"default","site-sidebar-style":"default","ast-global-header-display":"","ast-banner-title-visibility":"","ast-main-header-display":"","ast-hfb-above-header-display":"","ast-hfb-below-header-display":"","ast-hfb-mobile-header-display":"","site-post-title":"","ast-breadcrumbs-content":"","ast-featured-img":"","footer-sml-layout":"","ast-disable-related-posts":"","theme-transparent-header-meta":"","adv-header-id-meta":"","stick-header-meta":"","header-above-stick-meta":"","header-main-stick-meta":"","header-below-stick-meta":"","astra-migrate-meta-layouts":"set","ast-page-background-enabled":"default","ast-page-background-meta":{"desktop":{"background-color":"","background-image":"","background-repeat":"repeat","background-position":"center center","background-size":"auto","background-attachment":"scroll","background-type":"","background-media":"","overlay-type":"","overlay-color":"","overlay-opacity":"","overlay-gradient":""},"tablet":{"background-color":"","background-image":"","background-repeat":"repeat","background-position":"center center","background-size":"auto","background-attachment":"scroll","background-type":"","background-media":"","overlay-type":"","overlay-color":"","overlay-opacity":"","overlay-gradient":""},"mobile":{"background-color":"","background-image":"","background-repeat":"repeat","background-position":"center center","background-size":"auto","background-attachment":"scroll","background-type":"","background-media":"","overlay-type":"","overlay-color":"","overlay-opacity":"","overlay-gradient":""}},"ast-content-background-meta":{"desktop":{"background-color":"var(--ast-global-color-5)","background-image":"","background-repeat":"repeat","background-position":"center center","background-size":"auto","background-attachment":"scroll","background-type":"","background-media":"","overlay-type":"","overlay-color":"","overlay-opacity":"","overlay-gradient":""},"tablet":{"background-color":"var(--ast-global-color-5)","background-image":"","background-repeat":"repeat","background-position":"center center","background-size":"auto","background-attachment":"scroll","background-type":"","background-media":"","overlay-type":"","overlay-color":"","overlay-opacity":"","overlay-gradient":""},"mobile":{"background-color":"var(--ast-global-color-5)","background-image":"","background-repeat":"repeat","background-position":"center center","background-size":"auto","background-attachment":"scroll","background-type":"","background-media":"","overlay-type":"","overlay-color":"","overlay-opacity":"","overlay-gradient":""}},"_jetpack_memberships_contains_paid_content":false,"_joinchat":[],"footnotes":""},"categories":[15302,5,2],"tags":[],"class_list":["post-81880","post","type-post","status-publish","format-standard","has-post-thumbnail","hentry","category-destacado","category-sociedad","category-villa-maria"],"yoast_head":"<!-- This site is optimized with the Yoast SEO plugin v26.8 - https:\/\/yoast.com\/product\/yoast-seo-wordpress\/ -->\n<title>Piden justicia por el peque\u00f1o que muri\u00f3 en el sal\u00f3n de ATE tras caerle un port\u00f3n - El Regional<\/title>\n<meta name=\"robots\" content=\"index, follow, max-snippet:-1, max-image-preview:large, max-video-preview:-1\" \/>\n<link rel=\"canonical\" href=\"http:\/\/elregionalvm.com.ar\/noticias-villa-maria\/piden-justicia-por-el-pequeno-que-murio-en-el-salon-de-ate-tras-caerle-un-porton\/\" \/>\n<meta property=\"og:locale\" content=\"es_ES\" \/>\n<meta property=\"og:type\" content=\"article\" \/>\n<meta property=\"og:title\" content=\"Piden justicia por el peque\u00f1o que muri\u00f3 en el sal\u00f3n de ATE tras caerle un port\u00f3n - El Regional\" \/>\n<meta property=\"og:description\" content=\"El pasado 24 de junio, la ciudad se anotici\u00f3 de una tragedia cuando un ni\u00f1o de 4 a\u00f1os, Francisco,\u00a0falleci\u00f3 tras sufrir graves heridas por la ca\u00edda de un port\u00f3n de rejas, en la puerta de la sede sindical de la Asociaci\u00f3n de Trabajadores del Estado (ATE) en la ciudad de Villa Mar\u00eda. Despu\u00e9s de 2 [&hellip;]\" \/>\n<meta property=\"og:url\" content=\"http:\/\/elregionalvm.com.ar\/noticias-villa-maria\/piden-justicia-por-el-pequeno-que-murio-en-el-salon-de-ate-tras-caerle-un-porton\/\" \/>\n<meta property=\"og:site_name\" content=\"El Regional\" \/>\n<meta property=\"article:publisher\" content=\"https:\/\/www.facebook.com\/elregionalvm\" \/>\n<meta property=\"article:published_time\" content=\"2023-08-31T22:06:30+00:00\" \/>\n<meta property=\"article:modified_time\" content=\"2023-08-31T22:06:32+00:00\" \/>\n<meta property=\"og:image\" content=\"http:\/\/elregionalvm.com.ar\/noticias-villa-maria\/wp-content\/uploads\/2023\/08\/WhatsApp-Image-2023-08-30-at-10.25.29.jpeg\" \/>\n\t<meta property=\"og:image:width\" content=\"827\" \/>\n\t<meta property=\"og:image:height\" content=\"1280\" \/>\n\t<meta property=\"og:image:type\" content=\"image\/jpeg\" \/>\n<meta name=\"author\" content=\"Contenidos El Regional\" \/>\n<meta name=\"twitter:card\" content=\"summary_large_image\" \/>\n<meta name=\"twitter:creator\" content=\"@elregionalvm1\" \/>\n<meta name=\"twitter:site\" content=\"@elregionalvm1\" \/>\n<meta name=\"twitter:label1\" content=\"Escrito por\" \/>\n\t<meta name=\"twitter:data1\" content=\"Contenidos El Regional\" \/>\n\t<meta name=\"twitter:label2\" content=\"Tiempo de lectura\" \/>\n\t<meta name=\"twitter:data2\" content=\"1 minuto\" \/>\n<script type=\"application\/ld+json\" class=\"yoast-schema-graph\">{\"@context\":\"https:\/\/schema.org\",\"@graph\":[{\"@type\":\"Article\",\"@id\":\"http:\/\/elregionalvm.com.ar\/noticias-villa-maria\/piden-justicia-por-el-pequeno-que-murio-en-el-salon-de-ate-tras-caerle-un-porton\/#article\",\"isPartOf\":{\"@id\":\"http:\/\/elregionalvm.com.ar\/noticias-villa-maria\/piden-justicia-por-el-pequeno-que-murio-en-el-salon-de-ate-tras-caerle-un-porton\/\"},\"author\":{\"name\":\"Contenidos El Regional\",\"@id\":\"http:\/\/elregionalvm.com.ar\/noticias-villa-maria\/#\/schema\/person\/a0fb9c422317faca23d50163151bc354\"},\"headline\":\"Piden justicia por el peque\u00f1o que muri\u00f3 en el sal\u00f3n de ATE tras caerle un port\u00f3n\",\"datePublished\":\"2023-08-31T22:06:30+00:00\",\"dateModified\":\"2023-08-31T22:06:32+00:00\",\"mainEntityOfPage\":{\"@id\":\"http:\/\/elregionalvm.com.ar\/noticias-villa-maria\/piden-justicia-por-el-pequeno-que-murio-en-el-salon-de-ate-tras-caerle-un-porton\/\"},\"wordCount\":205,\"commentCount\":0,\"image\":{\"@id\":\"http:\/\/elregionalvm.com.ar\/noticias-villa-maria\/piden-justicia-por-el-pequeno-que-murio-en-el-salon-de-ate-tras-caerle-un-porton\/#primaryimage\"},\"thumbnailUrl\":\"https:\/\/i0.wp.com\/elregionalvm.com.ar\/noticias-villa-maria\/wp-content\/uploads\/2023\/08\/WhatsApp-Image-2023-08-30-at-10.25.29.jpeg?fit=827%2C1280&ssl=1\",\"articleSection\":[\"destacado\",\"Sociedad\",\"Villa Mar\u00eda\"],\"inLanguage\":\"es\",\"potentialAction\":[{\"@type\":\"CommentAction\",\"name\":\"Comment\",\"target\":[\"http:\/\/elregionalvm.com.ar\/noticias-villa-maria\/piden-justicia-por-el-pequeno-que-murio-en-el-salon-de-ate-tras-caerle-un-porton\/#respond\"]}]},{\"@type\":\"WebPage\",\"@id\":\"http:\/\/elregionalvm.com.ar\/noticias-villa-maria\/piden-justicia-por-el-pequeno-que-murio-en-el-salon-de-ate-tras-caerle-un-porton\/\",\"url\":\"http:\/\/elregionalvm.com.ar\/noticias-villa-maria\/piden-justicia-por-el-pequeno-que-murio-en-el-salon-de-ate-tras-caerle-un-porton\/\",\"name\":\"Piden justicia por el peque\u00f1o que muri\u00f3 en el sal\u00f3n de ATE tras caerle un port\u00f3n - El Regional\",\"isPartOf\":{\"@id\":\"http:\/\/elregionalvm.com.ar\/noticias-villa-maria\/#website\"},\"primaryImageOfPage\":{\"@id\":\"http:\/\/elregionalvm.com.ar\/noticias-villa-maria\/piden-justicia-por-el-pequeno-que-murio-en-el-salon-de-ate-tras-caerle-un-porton\/#primaryimage\"},\"image\":{\"@id\":\"http:\/\/elregionalvm.com.ar\/noticias-villa-maria\/piden-justicia-por-el-pequeno-que-murio-en-el-salon-de-ate-tras-caerle-un-porton\/#primaryimage\"},\"thumbnailUrl\":\"https:\/\/i0.wp.com\/elregionalvm.com.ar\/noticias-villa-maria\/wp-content\/uploads\/2023\/08\/WhatsApp-Image-2023-08-30-at-10.25.29.jpeg?fit=827%2C1280&ssl=1\",\"datePublished\":\"2023-08-31T22:06:30+00:00\",\"dateModified\":\"2023-08-31T22:06:32+00:00\",\"author\":{\"@id\":\"http:\/\/elregionalvm.com.ar\/noticias-villa-maria\/#\/schema\/person\/a0fb9c422317faca23d50163151bc354\"},\"breadcrumb\":{\"@id\":\"http:\/\/elregionalvm.com.ar\/noticias-villa-maria\/piden-justicia-por-el-pequeno-que-murio-en-el-salon-de-ate-tras-caerle-un-porton\/#breadcrumb\"},\"inLanguage\":\"es\",\"potentialAction\":[{\"@type\":\"ReadAction\",\"target\":[\"http:\/\/elregionalvm.com.ar\/noticias-villa-maria\/piden-justicia-por-el-pequeno-que-murio-en-el-salon-de-ate-tras-caerle-un-porton\/\"]}]},{\"@type\":\"ImageObject\",\"inLanguage\":\"es\",\"@id\":\"http:\/\/elregionalvm.com.ar\/noticias-villa-maria\/piden-justicia-por-el-pequeno-que-murio-en-el-salon-de-ate-tras-caerle-un-porton\/#primaryimage\",\"url\":\"https:\/\/i0.wp.com\/elregionalvm.com.ar\/noticias-villa-maria\/wp-content\/uploads\/2023\/08\/WhatsApp-Image-2023-08-30-at-10.25.29.jpeg?fit=827%2C1280&ssl=1\",\"contentUrl\":\"https:\/\/i0.wp.com\/elregionalvm.com.ar\/noticias-villa-maria\/wp-content\/uploads\/2023\/08\/WhatsApp-Image-2023-08-30-at-10.25.29.jpeg?fit=827%2C1280&ssl=1\",\"width\":827,\"height\":1280},{\"@type\":\"BreadcrumbList\",\"@id\":\"http:\/\/elregionalvm.com.ar\/noticias-villa-maria\/piden-justicia-por-el-pequeno-que-murio-en-el-salon-de-ate-tras-caerle-un-porton\/#breadcrumb\",\"itemListElement\":[{\"@type\":\"ListItem\",\"position\":1,\"name\":\"Portada\",\"item\":\"https:\/\/elregionalvm.com.ar\/noticias-villa-maria\/\"},{\"@type\":\"ListItem\",\"position\":2,\"name\":\"Piden justicia por el peque\u00f1o que muri\u00f3 en el sal\u00f3n de ATE tras caerle un port\u00f3n\"}]},{\"@type\":\"WebSite\",\"@id\":\"http:\/\/elregionalvm.com.ar\/noticias-villa-maria\/#website\",\"url\":\"http:\/\/elregionalvm.com.ar\/noticias-villa-maria\/\",\"name\":\"El Regional\",\"description\":\"Mucho m\u00e1s que informaci\u00f3n\",\"potentialAction\":[{\"@type\":\"SearchAction\",\"target\":{\"@type\":\"EntryPoint\",\"urlTemplate\":\"http:\/\/elregionalvm.com.ar\/noticias-villa-maria\/?s={search_term_string}\"},\"query-input\":{\"@type\":\"PropertyValueSpecification\",\"valueRequired\":true,\"valueName\":\"search_term_string\"}}],\"inLanguage\":\"es\"},{\"@type\":\"Person\",\"@id\":\"http:\/\/elregionalvm.com.ar\/noticias-villa-maria\/#\/schema\/person\/a0fb9c422317faca23d50163151bc354\",\"name\":\"Contenidos El Regional\",\"image\":{\"@type\":\"ImageObject\",\"inLanguage\":\"es\",\"@id\":\"http:\/\/elregionalvm.com.ar\/noticias-villa-maria\/#\/schema\/person\/image\/\",\"url\":\"https:\/\/secure.gravatar.com\/avatar\/265b27cb2209af7bb3a1318f03305787d7981a5cc6e6cd08fe5a4ecdf99d4b48?s=96&d=mm&r=g\",\"contentUrl\":\"https:\/\/secure.gravatar.com\/avatar\/265b27cb2209af7bb3a1318f03305787d7981a5cc6e6cd08fe5a4ecdf99d4b48?s=96&d=mm&r=g\",\"caption\":\"Contenidos El Regional\"},\"url\":\"https:\/\/elregionalvm.com.ar\/noticias-villa-maria\/author\/contenido\/\"}]}<\/script>\n<!-- \/ Yoast SEO plugin. -->","yoast_head_json":{"title":"Piden justicia por el peque\u00f1o que muri\u00f3 en el sal\u00f3n de ATE tras caerle un port\u00f3n - El Regional","robots":{"index":"index","follow":"follow","max-snippet":"max-snippet:-1","max-image-preview":"max-image-preview:large","max-video-preview":"max-video-preview:-1"},"canonical":"http:\/\/elregionalvm.com.ar\/noticias-villa-maria\/piden-justicia-por-el-pequeno-que-murio-en-el-salon-de-ate-tras-caerle-un-porton\/","og_locale":"es_ES","og_type":"article","og_title":"Piden justicia por el peque\u00f1o que muri\u00f3 en el sal\u00f3n de ATE tras caerle un port\u00f3n - El Regional","og_description":"El pasado 24 de junio, la ciudad se anotici\u00f3 de una tragedia cuando un ni\u00f1o de 4 a\u00f1os, Francisco,\u00a0falleci\u00f3 tras sufrir graves heridas por la ca\u00edda de un port\u00f3n de rejas, en la puerta de la sede sindical de la Asociaci\u00f3n de Trabajadores del Estado (ATE) en la ciudad de Villa Mar\u00eda. Despu\u00e9s de 2 [&hellip;]","og_url":"http:\/\/elregionalvm.com.ar\/noticias-villa-maria\/piden-justicia-por-el-pequeno-que-murio-en-el-salon-de-ate-tras-caerle-un-porton\/","og_site_name":"El Regional","article_publisher":"https:\/\/www.facebook.com\/elregionalvm","article_published_time":"2023-08-31T22:06:30+00:00","article_modified_time":"2023-08-31T22:06:32+00:00","og_image":[{"width":827,"height":1280,"url":"http:\/\/elregionalvm.com.ar\/noticias-villa-maria\/wp-content\/uploads\/2023\/08\/WhatsApp-Image-2023-08-30-at-10.25.29.jpeg","type":"image\/jpeg"}],"author":"Contenidos El Regional","twitter_card":"summary_large_image","twitter_creator":"@elregionalvm1","twitter_site":"@elregionalvm1","twitter_misc":{"Escrito por":"Contenidos El Regional","Tiempo de lectura":"1 minuto"},"schema":{"@context":"https:\/\/schema.org","@graph":[{"@type":"Article","@id":"http:\/\/elregionalvm.com.ar\/noticias-villa-maria\/piden-justicia-por-el-pequeno-que-murio-en-el-salon-de-ate-tras-caerle-un-porton\/#article","isPartOf":{"@id":"http:\/\/elregionalvm.com.ar\/noticias-villa-maria\/piden-justicia-por-el-pequeno-que-murio-en-el-salon-de-ate-tras-caerle-un-porton\/"},"author":{"name":"Contenidos El Regional","@id":"http:\/\/elregionalvm.com.ar\/noticias-villa-maria\/#\/schema\/person\/a0fb9c422317faca23d50163151bc354"},"headline":"Piden justicia por el peque\u00f1o que muri\u00f3 en el sal\u00f3n de ATE tras caerle un port\u00f3n","datePublished":"2023-08-31T22:06:30+00:00","dateModified":"2023-08-31T22:06:32+00:00","mainEntityOfPage":{"@id":"http:\/\/elregionalvm.com.ar\/noticias-villa-maria\/piden-justicia-por-el-pequeno-que-murio-en-el-salon-de-ate-tras-caerle-un-porton\/"},"wordCount":205,"commentCount":0,"image":{"@id":"http:\/\/elregionalvm.com.ar\/noticias-villa-maria\/piden-justicia-por-el-pequeno-que-murio-en-el-salon-de-ate-tras-caerle-un-porton\/#primaryimage"},"thumbnailUrl":"https:\/\/i0.wp.com\/elregionalvm.com.ar\/noticias-villa-maria\/wp-content\/uploads\/2023\/08\/WhatsApp-Image-2023-08-30-at-10.25.29.jpeg?fit=827%2C1280&ssl=1","articleSection":["destacado","Sociedad","Villa Mar\u00eda"],"inLanguage":"es","potentialAction":[{"@type":"CommentAction","name":"Comment","target":["http:\/\/elregionalvm.com.ar\/noticias-villa-maria\/piden-justicia-por-el-pequeno-que-murio-en-el-salon-de-ate-tras-caerle-un-porton\/#respond"]}]},{"@type":"WebPage","@id":"http:\/\/elregionalvm.com.ar\/noticias-villa-maria\/piden-justicia-por-el-pequeno-que-murio-en-el-salon-de-ate-tras-caerle-un-porton\/","url":"http:\/\/elregionalvm.com.ar\/noticias-villa-maria\/piden-justicia-por-el-pequeno-que-murio-en-el-salon-de-ate-tras-caerle-un-porton\/","name":"Piden justicia por el peque\u00f1o que muri\u00f3 en el sal\u00f3n de ATE tras caerle un port\u00f3n - El Regional","isPartOf":{"@id":"http:\/\/elregionalvm.com.ar\/noticias-villa-maria\/#website"},"primaryImageOfPage":{"@id":"http:\/\/elregionalvm.com.ar\/noticias-villa-maria\/piden-justicia-por-el-pequeno-que-murio-en-el-salon-de-ate-tras-caerle-un-porton\/#primaryimage"},"image":{"@id":"http:\/\/elregionalvm.com.ar\/noticias-villa-maria\/piden-justicia-por-el-pequeno-que-murio-en-el-salon-de-ate-tras-caerle-un-porton\/#primaryimage"},"thumbnailUrl":"https:\/\/i0.wp.com\/elregionalvm.com.ar\/noticias-villa-maria\/wp-content\/uploads\/2023\/08\/WhatsApp-Image-2023-08-30-at-10.25.29.jpeg?fit=827%2C1280&ssl=1","datePublished":"2023-08-31T22:06:30+00:00","dateModified":"2023-08-31T22:06:32+00:00","author":{"@id":"http:\/\/elregionalvm.com.ar\/noticias-villa-maria\/#\/schema\/person\/a0fb9c422317faca23d50163151bc354"},"breadcrumb":{"@id":"http:\/\/elregionalvm.com.ar\/noticias-villa-maria\/piden-justicia-por-el-pequeno-que-murio-en-el-salon-de-ate-tras-caerle-un-porton\/#breadcrumb"},"inLanguage":"es","potentialAction":[{"@type":"ReadAction","target":["http:\/\/elregionalvm.com.ar\/noticias-villa-maria\/piden-justicia-por-el-pequeno-que-murio-en-el-salon-de-ate-tras-caerle-un-porton\/"]}]},{"@type":"ImageObject","inLanguage":"es","@id":"http:\/\/elregionalvm.com.ar\/noticias-villa-maria\/piden-justicia-por-el-pequeno-que-murio-en-el-salon-de-ate-tras-caerle-un-porton\/#primaryimage","url":"https:\/\/i0.wp.com\/elregionalvm.com.ar\/noticias-villa-maria\/wp-content\/uploads\/2023\/08\/WhatsApp-Image-2023-08-30-at-10.25.29.jpeg?fit=827%2C1280&ssl=1","contentUrl":"https:\/\/i0.wp.com\/elregionalvm.com.ar\/noticias-villa-maria\/wp-content\/uploads\/2023\/08\/WhatsApp-Image-2023-08-30-at-10.25.29.jpeg?fit=827%2C1280&ssl=1","width":827,"height":1280},{"@type":"BreadcrumbList","@id":"http:\/\/elregionalvm.com.ar\/noticias-villa-maria\/piden-justicia-por-el-pequeno-que-murio-en-el-salon-de-ate-tras-caerle-un-porton\/#breadcrumb","itemListElement":[{"@type":"ListItem","position":1,"name":"Portada","item":"https:\/\/elregionalvm.com.ar\/noticias-villa-maria\/"},{"@type":"ListItem","position":2,"name":"Piden justicia por el peque\u00f1o que muri\u00f3 en el sal\u00f3n de ATE tras caerle un port\u00f3n"}]},{"@type":"WebSite","@id":"http:\/\/elregionalvm.com.ar\/noticias-villa-maria\/#website","url":"http:\/\/elregionalvm.com.ar\/noticias-villa-maria\/","name":"El Regional","description":"Mucho m\u00e1s que informaci\u00f3n","potentialAction":[{"@type":"SearchAction","target":{"@type":"EntryPoint","urlTemplate":"http:\/\/elregionalvm.com.ar\/noticias-villa-maria\/?s={search_term_string}"},"query-input":{"@type":"PropertyValueSpecification","valueRequired":true,"valueName":"search_term_string"}}],"inLanguage":"es"},{"@type":"Person","@id":"http:\/\/elregionalvm.com.ar\/noticias-villa-maria\/#\/schema\/person\/a0fb9c422317faca23d50163151bc354","name":"Contenidos El Regional","image":{"@type":"ImageObject","inLanguage":"es","@id":"http:\/\/elregionalvm.com.ar\/noticias-villa-maria\/#\/schema\/person\/image\/","url":"https:\/\/secure.gravatar.com\/avatar\/265b27cb2209af7bb3a1318f03305787d7981a5cc6e6cd08fe5a4ecdf99d4b48?s=96&d=mm&r=g","contentUrl":"https:\/\/secure.gravatar.com\/avatar\/265b27cb2209af7bb3a1318f03305787d7981a5cc6e6cd08fe5a4ecdf99d4b48?s=96&d=mm&r=g","caption":"Contenidos El Regional"},"url":"https:\/\/elregionalvm.com.ar\/noticias-villa-maria\/author\/contenido\/"}]}},"jetpack_featured_media_url":"https:\/\/i0.wp.com\/elregionalvm.com.ar\/noticias-villa-maria\/wp-content\/uploads\/2023\/08\/WhatsApp-Image-2023-08-30-at-10.25.29.jpeg?fit=827%2C1280&ssl=1","jetpack_sharing_enabled":true,"_links":{"self":[{"href":"https:\/\/elregionalvm.com.ar\/noticias-villa-maria\/wp-json\/wp\/v2\/posts\/81880","targetHints":{"allow":["GET"]}}],"collection":[{"href":"https:\/\/elregionalvm.com.ar\/noticias-villa-maria\/wp-json\/wp\/v2\/posts"}],"about":[{"href":"https:\/\/elregionalvm.com.ar\/noticias-villa-maria\/wp-json\/wp\/v2\/types\/post"}],"author":[{"embeddable":true,"href":"https:\/\/elregionalvm.com.ar\/noticias-villa-maria\/wp-json\/wp\/v2\/users\/4"}],"replies":[{"embeddable":true,"href":"https:\/\/elregionalvm.com.ar\/noticias-villa-maria\/wp-json\/wp\/v2\/comments?post=81880"}],"version-history":[{"count":1,"href":"https:\/\/elregionalvm.com.ar\/noticias-villa-maria\/wp-json\/wp\/v2\/posts\/81880\/revisions"}],"predecessor-version":[{"id":81882,"href":"https:\/\/elregionalvm.com.ar\/noticias-villa-maria\/wp-json\/wp\/v2\/posts\/81880\/revisions\/81882"}],"wp:featuredmedia":[{"embeddable":true,"href":"https:\/\/elregionalvm.com.ar\/noticias-villa-maria\/wp-json\/wp\/v2\/media\/81881"}],"wp:attachment":[{"href":"https:\/\/elregionalvm.com.ar\/noticias-villa-maria\/wp-json\/wp\/v2\/media?parent=81880"}],"wp:term":[{"taxonomy":"category","embeddable":true,"href":"https:\/\/elregionalvm.com.ar\/noticias-villa-maria\/wp-json\/wp\/v2\/categories?post=81880"},{"taxonomy":"post_tag","embeddable":true,"href":"https:\/\/elregionalvm.com.ar\/noticias-villa-maria\/wp-json\/wp\/v2\/tags?post=81880"}],"curies":[{"name":"wp","href":"https:\/\/api.w.org\/{rel}","templated":true}]}}