{"id":81980,"date":"2023-09-04T00:15:01","date_gmt":"2023-09-04T00:15:01","guid":{"rendered":"https:\/\/elregionalvm.com.ar\/noticias-villa-maria\/?p=81980"},"modified":"2023-09-05T22:05:00","modified_gmt":"2023-09-05T22:05:00","slug":"educacion-ambiental-una-via-estrategica-para-enfrentar-una-problematica-real-e-innegable-el-cambio-climatico","status":"publish","type":"post","link":"https:\/\/elregionalvm.com.ar\/noticias-villa-maria\/educacion-ambiental-una-via-estrategica-para-enfrentar-una-problematica-real-e-innegable-el-cambio-climatico\/","title":{"rendered":"[Educaci\u00f3n ambiental] Una v\u00eda estrat\u00e9gica para enfrentar una problem\u00e1tica real e innegable: el cambio clim\u00e1tico"},"content":{"rendered":"\n<p><\/p>\n\n\n\n<h3 class=\"wp-block-heading\"><strong>En el \u00faltimo siglo, la humanidad ha experimentado transformaciones profundas y aceleradas en diversos aspectos de la vida. Uno de los desaf\u00edos m\u00e1s apremiantes que enfrentamos hoy es el cambio clim\u00e1tico, una amenaza global que no solo pone en riesgo nuestro entorno natural, sino tambi\u00e9n la supervivencia de las generaciones futuras.<\/strong><\/h3>\n\n\n\n<p><\/p>\n\n\n\n<p><strong>Escribe: Lic. Ana Paula Moreno<\/strong><\/p>\n\n\n\n<p><\/p>\n\n\n\n<p>En este contexto, la Educaci\u00f3n Ambiental (EA) emerge como un pilar fundamental para abordar esta crisis, dotando a las nuevas generaciones de herramientas para comprender, enfrentar y mitigar los impactos del cambio clim\u00e1tico.<\/p>\n\n\n\n<p>Frente a esta demanda educativa que emerge de nuestro contexto vale cuestionarnos: \u00bfc\u00f3mo abordar efectivamente la EA y lograr sensibilizar a la sociedad?<\/p>\n\n\n\n<p>Si bien el cambio clim\u00e1tico no es la \u00fanica problem\u00e1tica ambiental ni tampoco es totalmente producto de las acciones humanas, lo cierto es que hay cierta urgencia para revertir esta situaci\u00f3n debido a las graves consecuencias que implica para el planeta.<\/p>\n\n\n\n<p>En este sentido, la educaci\u00f3n puede ser una poderosa palanca para propiciar un impacto positivo en nuestra relaci\u00f3n para con la naturaleza.<\/p>\n\n\n\n<p><\/p>\n\n\n\n<figure class=\"wp-block-image size-large\"><img data-recalc-dims=\"1\" fetchpriority=\"high\" decoding=\"async\" width=\"1024\" height=\"576\" src=\"https:\/\/i0.wp.com\/elregionalvm.com.ar\/noticias-villa-maria\/wp-content\/uploads\/2023\/09\/educacion-ambiental.jpg?resize=1024%2C576&#038;ssl=1\" alt=\"\" class=\"wp-image-81984\" srcset=\"https:\/\/i0.wp.com\/elregionalvm.com.ar\/noticias-villa-maria\/wp-content\/uploads\/2023\/09\/educacion-ambiental.jpg?resize=1024%2C576&amp;ssl=1 1024w, https:\/\/i0.wp.com\/elregionalvm.com.ar\/noticias-villa-maria\/wp-content\/uploads\/2023\/09\/educacion-ambiental.jpg?resize=300%2C169&amp;ssl=1 300w, https:\/\/i0.wp.com\/elregionalvm.com.ar\/noticias-villa-maria\/wp-content\/uploads\/2023\/09\/educacion-ambiental.jpg?resize=768%2C432&amp;ssl=1 768w, https:\/\/i0.wp.com\/elregionalvm.com.ar\/noticias-villa-maria\/wp-content\/uploads\/2023\/09\/educacion-ambiental.jpg?resize=1536%2C864&amp;ssl=1 1536w, https:\/\/i0.wp.com\/elregionalvm.com.ar\/noticias-villa-maria\/wp-content\/uploads\/2023\/09\/educacion-ambiental.jpg?w=1920&amp;ssl=1 1920w\" sizes=\"(max-width: 1000px) 100vw, 1000px\" \/><\/figure>\n\n\n\n<p><\/p>\n\n\n\n<p><strong>La Educaci\u00f3n Ambiental rebasa las aulas<\/strong><\/p>\n\n\n\n<p>La Educaci\u00f3n Ambiental no solo se trata de transmitir conocimientos cient\u00edficos sobre los ecosistemas y las problem\u00e1ticas ambientales; va m\u00e1s all\u00e1, involucrando a los estudiantes en un proceso de reflexi\u00f3n cr\u00edtica y acci\u00f3n responsable.<\/p>\n\n\n\n<p>La Educaci\u00f3n Ambiental tambi\u00e9n tiene el rol de cuestionar nuestro modelo de consumo y producci\u00f3n, estimulando debates sobre econom\u00eda circular, desarrollo sostenible y equidad ambiental; al mismo tiempo que <strong>promueve la participaci\u00f3n ciudadana<\/strong> en la toma de decisiones del sector p\u00fablico y privado referidas a intervenciones medioambientales.<\/p>\n\n\n\n<p>\u00bfC\u00f3mo llevar los conceptos a la pr\u00e1ctica? Una pregunta crucial para la EA, especialmente cuando observamos datos recientes que demuestran la urgencia de la situaci\u00f3n. Los eventos clim\u00e1ticos extremos est\u00e1n en aumento, desde sequ\u00edas devastadoras hasta huracanes descomunales.<\/p>\n\n\n\n<p><\/p>\n\n\n\n<figure class=\"wp-block-pullquote\"><blockquote><p> <p><strong>Los esfuerzos para la implementaci\u00f3n eficaz de la EAI en sistema educativo, si bien tendr\u00e1n efectos a largo plazo, sin dudas que ser\u00e1n muy valiosos para construir una sociedad con mayor conciencia ambiental y basada en un desarrollo sostenible.<\/strong><\/p>    <\/p><\/blockquote><\/figure>\n\n\n\n<p><\/p>\n\n\n\n<p>Estas son se\u00f1ales innegables de que el cambio clim\u00e1tico est\u00e1 ocurriendo aqu\u00ed y ahora; hechos desafiantes que deben convertirse en oportunidades de aprendizaje en las escuelas, e <strong>impulsar acciones para la transformaci\u00f3n de los estilos de vida de la sociedad.<\/strong><\/p>\n\n\n\n<p><strong>La Educaci\u00f3n Ambiental en Argentina tiene su propia normativa<\/strong><\/p>\n\n\n\n<p>La Educaci\u00f3n Ambiental Integral (EAI) es un derecho y una pol\u00edtica p\u00fablica nacional; como ley fue sancionada el 15 de mayo del a\u00f1o 2021. Esta normativa \u201cjoven\u201d, pero con perspectiva de largo plazo en nuestro pa\u00eds, se estableci\u00f3 para afrontar la emergencia ambiental.<\/p>\n\n\n\n<p><\/p>\n\n\n\n<figure class=\"wp-block-image size-large\"><img data-recalc-dims=\"1\" decoding=\"async\" width=\"1024\" height=\"576\" src=\"https:\/\/i0.wp.com\/elregionalvm.com.ar\/noticias-villa-maria\/wp-content\/uploads\/2023\/09\/educacion-ambiental-2.jpg?resize=1024%2C576&#038;ssl=1\" alt=\"\" class=\"wp-image-81983\" srcset=\"https:\/\/i0.wp.com\/elregionalvm.com.ar\/noticias-villa-maria\/wp-content\/uploads\/2023\/09\/educacion-ambiental-2.jpg?resize=1024%2C576&amp;ssl=1 1024w, https:\/\/i0.wp.com\/elregionalvm.com.ar\/noticias-villa-maria\/wp-content\/uploads\/2023\/09\/educacion-ambiental-2.jpg?resize=300%2C169&amp;ssl=1 300w, https:\/\/i0.wp.com\/elregionalvm.com.ar\/noticias-villa-maria\/wp-content\/uploads\/2023\/09\/educacion-ambiental-2.jpg?resize=768%2C432&amp;ssl=1 768w, https:\/\/i0.wp.com\/elregionalvm.com.ar\/noticias-villa-maria\/wp-content\/uploads\/2023\/09\/educacion-ambiental-2.jpg?w=1280&amp;ssl=1 1280w\" sizes=\"(max-width: 1000px) 100vw, 1000px\" \/><\/figure>\n\n\n\n<p><\/p>\n\n\n\n<p>Debemos reconocer que la sanci\u00f3n de la ley es un paso relevante en la implementaci\u00f3n de la EAI en nuestro sistema educativo, aunque plantea nuevos desaf\u00edos:<\/p>\n\n\n\n<ul class=\"wp-block-list\"><li>Contextualizaci\u00f3n de las problem\u00e1ticas: Es necesario que la EA se aborde considerando las problem\u00e1ticas y su impacto en el plano <strong>local y regional<\/strong> (en lo social, econ\u00f3mico, cultural y pol\u00edtico).<\/li><\/ul>\n\n\n\n<ul class=\"wp-block-list\"><li>Transversalidad de los contenidos: Dado que la EA no es una asignatura, sino un contenido trasversal debemos <strong>evitar su desplazamiento o que quede relegada<\/strong> de la curr\u00edcula de ense\u00f1anza.<\/li><\/ul>\n\n\n\n<ul class=\"wp-block-list\"><li>Sensibilizar sin caer en el fatalismo o catastrofismo: La ense\u00f1anza de la EA tiene la responsabilidad de no generar sensaciones negativas como miedo, desesperaci\u00f3n o ansiedad en los estudiantes, sino m\u00e1s bien <strong>alentar las acciones positivas y esperanzar<\/strong> con el logro de transformaciones provechosas.<\/li><\/ul>\n\n\n\n<ul class=\"wp-block-list\"><li>Reduccionismos: Habitualmente, se relaciona lo ambiental estrictamente con las Ciencias Naturales. Sin embargo, los problemas ambientales son eminentemente sociales en tanto generados por la cr\u00edtica relaci\u00f3n entre la sociedad y la naturaleza. Es por este motivo que se hace <strong>necesario eliminar los enfoques reduccionistas<\/strong> que limitan la perspectiva hol\u00edstica que tiene por objetivo la Educaci\u00f3n Ambiental Integral.<\/li><\/ul>\n\n\n\n<p><\/p>\n\n\n\n<figure class=\"wp-block-image size-large\"><img data-recalc-dims=\"1\" decoding=\"async\" width=\"1024\" height=\"614\" src=\"https:\/\/i0.wp.com\/elregionalvm.com.ar\/noticias-villa-maria\/wp-content\/uploads\/2023\/09\/medio-ambiente-educacion-1024x614.jpg?resize=1024%2C614&#038;ssl=1\" alt=\"\" class=\"wp-image-81985\" srcset=\"https:\/\/i0.wp.com\/elregionalvm.com.ar\/noticias-villa-maria\/wp-content\/uploads\/2023\/09\/medio-ambiente-educacion.jpg?resize=1024%2C614&amp;ssl=1 1024w, https:\/\/i0.wp.com\/elregionalvm.com.ar\/noticias-villa-maria\/wp-content\/uploads\/2023\/09\/medio-ambiente-educacion.jpg?resize=300%2C180&amp;ssl=1 300w, https:\/\/i0.wp.com\/elregionalvm.com.ar\/noticias-villa-maria\/wp-content\/uploads\/2023\/09\/medio-ambiente-educacion.jpg?resize=768%2C461&amp;ssl=1 768w, https:\/\/i0.wp.com\/elregionalvm.com.ar\/noticias-villa-maria\/wp-content\/uploads\/2023\/09\/medio-ambiente-educacion.jpg?w=1240&amp;ssl=1 1240w\" sizes=\"(max-width: 1000px) 100vw, 1000px\" \/><\/figure>\n\n\n\n<p><\/p>\n\n\n\n<p><strong>En s\u00edntesis<\/strong><\/p>\n\n\n\n<p>La Educaci\u00f3n Ambiental Integral es mucho m\u00e1s que solo informaci\u00f3n sobre el ambiente. La EA para ser efectiva, debe brindar conocimientos, aptitudes, habilidades y sobre todo la motivaci\u00f3n, que permita a las personas tomar conciencia de su capacidad para intervenir en la resoluci\u00f3n de las problem\u00e1ticas ambientales a trav\u00e9s de una participaci\u00f3n activa, dentro y fuera de sus comunidades.<\/p>\n\n\n\n<p>Los esfuerzos para la implementaci\u00f3n eficaz de la EAI en sistema educativo, si bien tendr\u00e1n efectos a largo plazo, sin dudas que ser\u00e1n muy valiosos para construir una sociedad con mayor conciencia ambiental y basada en un desarrollo sostenible.<\/p>\n\n\n\n<p><\/p>\n\n\n\n<p><\/p>\n\n\n\n<h3 class=\"wp-block-heading\"><strong>Tambi\u00e9n pod\u00e9s ver:<\/strong><\/h3>\n\n\n\n<p><\/p>\n\n\n\n<p><\/p>\n\n\n\n<figure class=\"wp-block-embed is-type-wp-embed is-provider-el-regional wp-block-embed-el-regional\"><div class=\"wp-block-embed__wrapper\">\n<blockquote class=\"wp-embedded-content\" data-secret=\"nCClsC7sCu\"><a href=\"https:\/\/elregionalvm.com.ar\/noticias-villa-maria\/el-conicet-en-la-mira-quien-debe-financiar-la-investigacion-cientifica-en-argentina-el-estado-y-el-sector-privado\/\">[El CONICET en la mira] \u00bfQui\u00e9n debe financiar la investigaci\u00f3n cient\u00edfica en Argentina? El estado y el sector privado<\/a><\/blockquote><iframe class=\"wp-embedded-content\" sandbox=\"allow-scripts\" security=\"restricted\" style=\"position: absolute; clip: rect(1px, 1px, 1px, 1px);\" title=\"\u00ab[El CONICET en la mira] \u00bfQui\u00e9n debe financiar la investigaci\u00f3n cient\u00edfica en Argentina? El estado y el sector privado\u00bb \u2014 El Regional\" src=\"https:\/\/elregionalvm.com.ar\/noticias-villa-maria\/el-conicet-en-la-mira-quien-debe-financiar-la-investigacion-cientifica-en-argentina-el-estado-y-el-sector-privado\/embed\/#?secret=G91id75DL5#?secret=nCClsC7sCu\" data-secret=\"nCClsC7sCu\" width=\"500\" height=\"282\" frameborder=\"0\" marginwidth=\"0\" marginheight=\"0\" scrolling=\"no\"><\/iframe>\n<\/div><\/figure>\n","protected":false},"excerpt":{"rendered":"<p>En el \u00faltimo siglo, la humanidad ha experimentado transformaciones profundas y aceleradas en diversos aspectos de la vida. Uno de los desaf\u00edos m\u00e1s apremiantes que enfrentamos hoy es el cambio clim\u00e1tico, una amenaza global que no solo pone en riesgo nuestro entorno natural, sino tambi\u00e9n la supervivencia de las generaciones futuras. Escribe: Lic. Ana Paula [&hellip;]<\/p>\n","protected":false},"author":4,"featured_media":65028,"comment_status":"open","ping_status":"open","sticky":false,"template":"","format":"standard","meta":{"site-sidebar-layout":"default","site-content-layout":"","ast-site-content-layout":"default","site-content-style":"default","site-sidebar-style":"default","ast-global-header-display":"","ast-banner-title-visibility":"","ast-main-header-display":"","ast-hfb-above-header-display":"","ast-hfb-below-header-display":"","ast-hfb-mobile-header-display":"","site-post-title":"","ast-breadcrumbs-content":"","ast-featured-img":"","footer-sml-layout":"","ast-disable-related-posts":"","theme-transparent-header-meta":"","adv-header-id-meta":"","stick-header-meta":"","header-above-stick-meta":"","header-main-stick-meta":"","header-below-stick-meta":"","astra-migrate-meta-layouts":"set","ast-page-background-enabled":"default","ast-page-background-meta":{"desktop":{"background-color":"","background-image":"","background-repeat":"repeat","background-position":"center center","background-size":"auto","background-attachment":"scroll","background-type":"","background-media":"","overlay-type":"","overlay-color":"","overlay-opacity":"","overlay-gradient":""},"tablet":{"background-color":"","background-image":"","background-repeat":"repeat","background-position":"center center","background-size":"auto","background-attachment":"scroll","background-type":"","background-media":"","overlay-type":"","overlay-color":"","overlay-opacity":"","overlay-gradient":""},"mobile":{"background-color":"","background-image":"","background-repeat":"repeat","background-position":"center center","background-size":"auto","background-attachment":"scroll","background-type":"","background-media":"","overlay-type":"","overlay-color":"","overlay-opacity":"","overlay-gradient":""}},"ast-content-background-meta":{"desktop":{"background-color":"var(--ast-global-color-5)","background-image":"","background-repeat":"repeat","background-position":"center center","background-size":"auto","background-attachment":"scroll","background-type":"","background-media":"","overlay-type":"","overlay-color":"","overlay-opacity":"","overlay-gradient":""},"tablet":{"background-color":"var(--ast-global-color-5)","background-image":"","background-repeat":"repeat","background-position":"center center","background-size":"auto","background-attachment":"scroll","background-type":"","background-media":"","overlay-type":"","overlay-color":"","overlay-opacity":"","overlay-gradient":""},"mobile":{"background-color":"var(--ast-global-color-5)","background-image":"","background-repeat":"repeat","background-position":"center center","background-size":"auto","background-attachment":"scroll","background-type":"","background-media":"","overlay-type":"","overlay-color":"","overlay-opacity":"","overlay-gradient":""}},"_jetpack_memberships_contains_paid_content":false,"_joinchat":[],"footnotes":""},"categories":[2068,365,3557],"tags":[8875,11650,16026,2157,19804,3223,7460,14291],"class_list":["post-81980","post","type-post","status-publish","format-standard","has-post-thumbnail","hentry","category-cultura-deporte","category-opinion","category-tercera","tag-cambio-climatico","tag-desarrollo-sostenible","tag-economia-circular","tag-educacion","tag-educacion-ambiental","tag-medio-ambiente","tag-participacion","tag-sistema-educativo"],"yoast_head":"<!-- This site is optimized with the Yoast SEO plugin v26.8 - https:\/\/yoast.com\/product\/yoast-seo-wordpress\/ -->\n<title>[Educaci\u00f3n ambiental] Una v\u00eda estrat\u00e9gica para enfrentar una problem\u00e1tica real e innegable: el cambio clim\u00e1tico - El Regional<\/title>\n<meta name=\"robots\" content=\"index, follow, max-snippet:-1, max-image-preview:large, max-video-preview:-1\" \/>\n<link rel=\"canonical\" href=\"http:\/\/elregionalvm.com.ar\/noticias-villa-maria\/educacion-ambiental-una-via-estrategica-para-enfrentar-una-problematica-real-e-innegable-el-cambio-climatico\/\" \/>\n<meta property=\"og:locale\" content=\"es_ES\" \/>\n<meta property=\"og:type\" content=\"article\" \/>\n<meta property=\"og:title\" content=\"[Educaci\u00f3n ambiental] Una v\u00eda estrat\u00e9gica para enfrentar una problem\u00e1tica real e innegable: el cambio clim\u00e1tico - El Regional\" \/>\n<meta property=\"og:description\" content=\"En el \u00faltimo siglo, la humanidad ha experimentado transformaciones profundas y aceleradas en diversos aspectos de la vida. Uno de los desaf\u00edos m\u00e1s apremiantes que enfrentamos hoy es el cambio clim\u00e1tico, una amenaza global que no solo pone en riesgo nuestro entorno natural, sino tambi\u00e9n la supervivencia de las generaciones futuras. Escribe: Lic. Ana Paula [&hellip;]\" \/>\n<meta property=\"og:url\" content=\"http:\/\/elregionalvm.com.ar\/noticias-villa-maria\/educacion-ambiental-una-via-estrategica-para-enfrentar-una-problematica-real-e-innegable-el-cambio-climatico\/\" \/>\n<meta property=\"og:site_name\" content=\"El Regional\" \/>\n<meta property=\"article:publisher\" content=\"https:\/\/www.facebook.com\/elregionalvm\" \/>\n<meta property=\"article:published_time\" content=\"2023-09-04T00:15:01+00:00\" \/>\n<meta property=\"article:modified_time\" content=\"2023-09-05T22:05:00+00:00\" \/>\n<meta property=\"og:image\" content=\"http:\/\/elregionalvm.com.ar\/noticias-villa-maria\/wp-content\/uploads\/2022\/10\/Desertificacion-cambio-climatico.jpg\" \/>\n\t<meta property=\"og:image:width\" content=\"1000\" \/>\n\t<meta property=\"og:image:height\" content=\"661\" \/>\n\t<meta property=\"og:image:type\" content=\"image\/jpeg\" \/>\n<meta name=\"author\" content=\"Contenidos El Regional\" \/>\n<meta name=\"twitter:card\" content=\"summary_large_image\" \/>\n<meta name=\"twitter:creator\" content=\"@elregionalvm1\" \/>\n<meta name=\"twitter:site\" content=\"@elregionalvm1\" \/>\n<meta name=\"twitter:label1\" content=\"Escrito por\" \/>\n\t<meta name=\"twitter:data1\" content=\"Contenidos El Regional\" \/>\n\t<meta name=\"twitter:label2\" content=\"Tiempo de lectura\" \/>\n\t<meta name=\"twitter:data2\" content=\"4 minutos\" \/>\n<script type=\"application\/ld+json\" class=\"yoast-schema-graph\">{\"@context\":\"https:\/\/schema.org\",\"@graph\":[{\"@type\":\"Article\",\"@id\":\"http:\/\/elregionalvm.com.ar\/noticias-villa-maria\/educacion-ambiental-una-via-estrategica-para-enfrentar-una-problematica-real-e-innegable-el-cambio-climatico\/#article\",\"isPartOf\":{\"@id\":\"http:\/\/elregionalvm.com.ar\/noticias-villa-maria\/educacion-ambiental-una-via-estrategica-para-enfrentar-una-problematica-real-e-innegable-el-cambio-climatico\/\"},\"author\":{\"name\":\"Contenidos El Regional\",\"@id\":\"http:\/\/elregionalvm.com.ar\/noticias-villa-maria\/#\/schema\/person\/a0fb9c422317faca23d50163151bc354\"},\"headline\":\"[Educaci\u00f3n ambiental] Una v\u00eda estrat\u00e9gica para enfrentar una problem\u00e1tica real e innegable: el cambio clim\u00e1tico\",\"datePublished\":\"2023-09-04T00:15:01+00:00\",\"dateModified\":\"2023-09-05T22:05:00+00:00\",\"mainEntityOfPage\":{\"@id\":\"http:\/\/elregionalvm.com.ar\/noticias-villa-maria\/educacion-ambiental-una-via-estrategica-para-enfrentar-una-problematica-real-e-innegable-el-cambio-climatico\/\"},\"wordCount\":819,\"commentCount\":0,\"image\":{\"@id\":\"http:\/\/elregionalvm.com.ar\/noticias-villa-maria\/educacion-ambiental-una-via-estrategica-para-enfrentar-una-problematica-real-e-innegable-el-cambio-climatico\/#primaryimage\"},\"thumbnailUrl\":\"https:\/\/i0.wp.com\/elregionalvm.com.ar\/noticias-villa-maria\/wp-content\/uploads\/2022\/10\/Desertificacion-cambio-climatico.jpg?fit=1000%2C661&ssl=1\",\"keywords\":[\"cambio clim\u00e1tico\",\"desarrollo sostenible\",\"econom\u00eda circular\",\"Educaci\u00f3n\",\"Educaci\u00f3n Ambiental\",\"Medio ambiente\",\"participaci\u00f3n\",\"sistema educativo\"],\"articleSection\":[\"Cultura\",\"Opini\u00f3n\",\"tercera\"],\"inLanguage\":\"es\",\"potentialAction\":[{\"@type\":\"CommentAction\",\"name\":\"Comment\",\"target\":[\"http:\/\/elregionalvm.com.ar\/noticias-villa-maria\/educacion-ambiental-una-via-estrategica-para-enfrentar-una-problematica-real-e-innegable-el-cambio-climatico\/#respond\"]}]},{\"@type\":\"WebPage\",\"@id\":\"http:\/\/elregionalvm.com.ar\/noticias-villa-maria\/educacion-ambiental-una-via-estrategica-para-enfrentar-una-problematica-real-e-innegable-el-cambio-climatico\/\",\"url\":\"http:\/\/elregionalvm.com.ar\/noticias-villa-maria\/educacion-ambiental-una-via-estrategica-para-enfrentar-una-problematica-real-e-innegable-el-cambio-climatico\/\",\"name\":\"[Educaci\u00f3n ambiental] Una v\u00eda estrat\u00e9gica para enfrentar una problem\u00e1tica real e innegable: el cambio clim\u00e1tico - El Regional\",\"isPartOf\":{\"@id\":\"http:\/\/elregionalvm.com.ar\/noticias-villa-maria\/#website\"},\"primaryImageOfPage\":{\"@id\":\"http:\/\/elregionalvm.com.ar\/noticias-villa-maria\/educacion-ambiental-una-via-estrategica-para-enfrentar-una-problematica-real-e-innegable-el-cambio-climatico\/#primaryimage\"},\"image\":{\"@id\":\"http:\/\/elregionalvm.com.ar\/noticias-villa-maria\/educacion-ambiental-una-via-estrategica-para-enfrentar-una-problematica-real-e-innegable-el-cambio-climatico\/#primaryimage\"},\"thumbnailUrl\":\"https:\/\/i0.wp.com\/elregionalvm.com.ar\/noticias-villa-maria\/wp-content\/uploads\/2022\/10\/Desertificacion-cambio-climatico.jpg?fit=1000%2C661&ssl=1\",\"datePublished\":\"2023-09-04T00:15:01+00:00\",\"dateModified\":\"2023-09-05T22:05:00+00:00\",\"author\":{\"@id\":\"http:\/\/elregionalvm.com.ar\/noticias-villa-maria\/#\/schema\/person\/a0fb9c422317faca23d50163151bc354\"},\"breadcrumb\":{\"@id\":\"http:\/\/elregionalvm.com.ar\/noticias-villa-maria\/educacion-ambiental-una-via-estrategica-para-enfrentar-una-problematica-real-e-innegable-el-cambio-climatico\/#breadcrumb\"},\"inLanguage\":\"es\",\"potentialAction\":[{\"@type\":\"ReadAction\",\"target\":[\"http:\/\/elregionalvm.com.ar\/noticias-villa-maria\/educacion-ambiental-una-via-estrategica-para-enfrentar-una-problematica-real-e-innegable-el-cambio-climatico\/\"]}]},{\"@type\":\"ImageObject\",\"inLanguage\":\"es\",\"@id\":\"http:\/\/elregionalvm.com.ar\/noticias-villa-maria\/educacion-ambiental-una-via-estrategica-para-enfrentar-una-problematica-real-e-innegable-el-cambio-climatico\/#primaryimage\",\"url\":\"https:\/\/i0.wp.com\/elregionalvm.com.ar\/noticias-villa-maria\/wp-content\/uploads\/2022\/10\/Desertificacion-cambio-climatico.jpg?fit=1000%2C661&ssl=1\",\"contentUrl\":\"https:\/\/i0.wp.com\/elregionalvm.com.ar\/noticias-villa-maria\/wp-content\/uploads\/2022\/10\/Desertificacion-cambio-climatico.jpg?fit=1000%2C661&ssl=1\",\"width\":1000,\"height\":661},{\"@type\":\"BreadcrumbList\",\"@id\":\"http:\/\/elregionalvm.com.ar\/noticias-villa-maria\/educacion-ambiental-una-via-estrategica-para-enfrentar-una-problematica-real-e-innegable-el-cambio-climatico\/#breadcrumb\",\"itemListElement\":[{\"@type\":\"ListItem\",\"position\":1,\"name\":\"Portada\",\"item\":\"https:\/\/elregionalvm.com.ar\/noticias-villa-maria\/\"},{\"@type\":\"ListItem\",\"position\":2,\"name\":\"[Educaci\u00f3n ambiental] Una v\u00eda estrat\u00e9gica para enfrentar una problem\u00e1tica real e innegable: el cambio clim\u00e1tico\"}]},{\"@type\":\"WebSite\",\"@id\":\"http:\/\/elregionalvm.com.ar\/noticias-villa-maria\/#website\",\"url\":\"http:\/\/elregionalvm.com.ar\/noticias-villa-maria\/\",\"name\":\"El Regional\",\"description\":\"Mucho m\u00e1s que informaci\u00f3n\",\"potentialAction\":[{\"@type\":\"SearchAction\",\"target\":{\"@type\":\"EntryPoint\",\"urlTemplate\":\"http:\/\/elregionalvm.com.ar\/noticias-villa-maria\/?s={search_term_string}\"},\"query-input\":{\"@type\":\"PropertyValueSpecification\",\"valueRequired\":true,\"valueName\":\"search_term_string\"}}],\"inLanguage\":\"es\"},{\"@type\":\"Person\",\"@id\":\"http:\/\/elregionalvm.com.ar\/noticias-villa-maria\/#\/schema\/person\/a0fb9c422317faca23d50163151bc354\",\"name\":\"Contenidos El Regional\",\"image\":{\"@type\":\"ImageObject\",\"inLanguage\":\"es\",\"@id\":\"http:\/\/elregionalvm.com.ar\/noticias-villa-maria\/#\/schema\/person\/image\/\",\"url\":\"https:\/\/secure.gravatar.com\/avatar\/265b27cb2209af7bb3a1318f03305787d7981a5cc6e6cd08fe5a4ecdf99d4b48?s=96&d=mm&r=g\",\"contentUrl\":\"https:\/\/secure.gravatar.com\/avatar\/265b27cb2209af7bb3a1318f03305787d7981a5cc6e6cd08fe5a4ecdf99d4b48?s=96&d=mm&r=g\",\"caption\":\"Contenidos El Regional\"},\"url\":\"https:\/\/elregionalvm.com.ar\/noticias-villa-maria\/author\/contenido\/\"}]}<\/script>\n<!-- \/ Yoast SEO plugin. -->","yoast_head_json":{"title":"[Educaci\u00f3n ambiental] Una v\u00eda estrat\u00e9gica para enfrentar una problem\u00e1tica real e innegable: el cambio clim\u00e1tico - El Regional","robots":{"index":"index","follow":"follow","max-snippet":"max-snippet:-1","max-image-preview":"max-image-preview:large","max-video-preview":"max-video-preview:-1"},"canonical":"http:\/\/elregionalvm.com.ar\/noticias-villa-maria\/educacion-ambiental-una-via-estrategica-para-enfrentar-una-problematica-real-e-innegable-el-cambio-climatico\/","og_locale":"es_ES","og_type":"article","og_title":"[Educaci\u00f3n ambiental] Una v\u00eda estrat\u00e9gica para enfrentar una problem\u00e1tica real e innegable: el cambio clim\u00e1tico - El Regional","og_description":"En el \u00faltimo siglo, la humanidad ha experimentado transformaciones profundas y aceleradas en diversos aspectos de la vida. Uno de los desaf\u00edos m\u00e1s apremiantes que enfrentamos hoy es el cambio clim\u00e1tico, una amenaza global que no solo pone en riesgo nuestro entorno natural, sino tambi\u00e9n la supervivencia de las generaciones futuras. Escribe: Lic. Ana Paula [&hellip;]","og_url":"http:\/\/elregionalvm.com.ar\/noticias-villa-maria\/educacion-ambiental-una-via-estrategica-para-enfrentar-una-problematica-real-e-innegable-el-cambio-climatico\/","og_site_name":"El Regional","article_publisher":"https:\/\/www.facebook.com\/elregionalvm","article_published_time":"2023-09-04T00:15:01+00:00","article_modified_time":"2023-09-05T22:05:00+00:00","og_image":[{"width":1000,"height":661,"url":"http:\/\/elregionalvm.com.ar\/noticias-villa-maria\/wp-content\/uploads\/2022\/10\/Desertificacion-cambio-climatico.jpg","type":"image\/jpeg"}],"author":"Contenidos El Regional","twitter_card":"summary_large_image","twitter_creator":"@elregionalvm1","twitter_site":"@elregionalvm1","twitter_misc":{"Escrito por":"Contenidos El Regional","Tiempo de lectura":"4 minutos"},"schema":{"@context":"https:\/\/schema.org","@graph":[{"@type":"Article","@id":"http:\/\/elregionalvm.com.ar\/noticias-villa-maria\/educacion-ambiental-una-via-estrategica-para-enfrentar-una-problematica-real-e-innegable-el-cambio-climatico\/#article","isPartOf":{"@id":"http:\/\/elregionalvm.com.ar\/noticias-villa-maria\/educacion-ambiental-una-via-estrategica-para-enfrentar-una-problematica-real-e-innegable-el-cambio-climatico\/"},"author":{"name":"Contenidos El Regional","@id":"http:\/\/elregionalvm.com.ar\/noticias-villa-maria\/#\/schema\/person\/a0fb9c422317faca23d50163151bc354"},"headline":"[Educaci\u00f3n ambiental] Una v\u00eda estrat\u00e9gica para enfrentar una problem\u00e1tica real e innegable: el cambio clim\u00e1tico","datePublished":"2023-09-04T00:15:01+00:00","dateModified":"2023-09-05T22:05:00+00:00","mainEntityOfPage":{"@id":"http:\/\/elregionalvm.com.ar\/noticias-villa-maria\/educacion-ambiental-una-via-estrategica-para-enfrentar-una-problematica-real-e-innegable-el-cambio-climatico\/"},"wordCount":819,"commentCount":0,"image":{"@id":"http:\/\/elregionalvm.com.ar\/noticias-villa-maria\/educacion-ambiental-una-via-estrategica-para-enfrentar-una-problematica-real-e-innegable-el-cambio-climatico\/#primaryimage"},"thumbnailUrl":"https:\/\/i0.wp.com\/elregionalvm.com.ar\/noticias-villa-maria\/wp-content\/uploads\/2022\/10\/Desertificacion-cambio-climatico.jpg?fit=1000%2C661&ssl=1","keywords":["cambio clim\u00e1tico","desarrollo sostenible","econom\u00eda circular","Educaci\u00f3n","Educaci\u00f3n Ambiental","Medio ambiente","participaci\u00f3n","sistema educativo"],"articleSection":["Cultura","Opini\u00f3n","tercera"],"inLanguage":"es","potentialAction":[{"@type":"CommentAction","name":"Comment","target":["http:\/\/elregionalvm.com.ar\/noticias-villa-maria\/educacion-ambiental-una-via-estrategica-para-enfrentar-una-problematica-real-e-innegable-el-cambio-climatico\/#respond"]}]},{"@type":"WebPage","@id":"http:\/\/elregionalvm.com.ar\/noticias-villa-maria\/educacion-ambiental-una-via-estrategica-para-enfrentar-una-problematica-real-e-innegable-el-cambio-climatico\/","url":"http:\/\/elregionalvm.com.ar\/noticias-villa-maria\/educacion-ambiental-una-via-estrategica-para-enfrentar-una-problematica-real-e-innegable-el-cambio-climatico\/","name":"[Educaci\u00f3n ambiental] Una v\u00eda estrat\u00e9gica para enfrentar una problem\u00e1tica real e innegable: el cambio clim\u00e1tico - El Regional","isPartOf":{"@id":"http:\/\/elregionalvm.com.ar\/noticias-villa-maria\/#website"},"primaryImageOfPage":{"@id":"http:\/\/elregionalvm.com.ar\/noticias-villa-maria\/educacion-ambiental-una-via-estrategica-para-enfrentar-una-problematica-real-e-innegable-el-cambio-climatico\/#primaryimage"},"image":{"@id":"http:\/\/elregionalvm.com.ar\/noticias-villa-maria\/educacion-ambiental-una-via-estrategica-para-enfrentar-una-problematica-real-e-innegable-el-cambio-climatico\/#primaryimage"},"thumbnailUrl":"https:\/\/i0.wp.com\/elregionalvm.com.ar\/noticias-villa-maria\/wp-content\/uploads\/2022\/10\/Desertificacion-cambio-climatico.jpg?fit=1000%2C661&ssl=1","datePublished":"2023-09-04T00:15:01+00:00","dateModified":"2023-09-05T22:05:00+00:00","author":{"@id":"http:\/\/elregionalvm.com.ar\/noticias-villa-maria\/#\/schema\/person\/a0fb9c422317faca23d50163151bc354"},"breadcrumb":{"@id":"http:\/\/elregionalvm.com.ar\/noticias-villa-maria\/educacion-ambiental-una-via-estrategica-para-enfrentar-una-problematica-real-e-innegable-el-cambio-climatico\/#breadcrumb"},"inLanguage":"es","potentialAction":[{"@type":"ReadAction","target":["http:\/\/elregionalvm.com.ar\/noticias-villa-maria\/educacion-ambiental-una-via-estrategica-para-enfrentar-una-problematica-real-e-innegable-el-cambio-climatico\/"]}]},{"@type":"ImageObject","inLanguage":"es","@id":"http:\/\/elregionalvm.com.ar\/noticias-villa-maria\/educacion-ambiental-una-via-estrategica-para-enfrentar-una-problematica-real-e-innegable-el-cambio-climatico\/#primaryimage","url":"https:\/\/i0.wp.com\/elregionalvm.com.ar\/noticias-villa-maria\/wp-content\/uploads\/2022\/10\/Desertificacion-cambio-climatico.jpg?fit=1000%2C661&ssl=1","contentUrl":"https:\/\/i0.wp.com\/elregionalvm.com.ar\/noticias-villa-maria\/wp-content\/uploads\/2022\/10\/Desertificacion-cambio-climatico.jpg?fit=1000%2C661&ssl=1","width":1000,"height":661},{"@type":"BreadcrumbList","@id":"http:\/\/elregionalvm.com.ar\/noticias-villa-maria\/educacion-ambiental-una-via-estrategica-para-enfrentar-una-problematica-real-e-innegable-el-cambio-climatico\/#breadcrumb","itemListElement":[{"@type":"ListItem","position":1,"name":"Portada","item":"https:\/\/elregionalvm.com.ar\/noticias-villa-maria\/"},{"@type":"ListItem","position":2,"name":"[Educaci\u00f3n ambiental] Una v\u00eda estrat\u00e9gica para enfrentar una problem\u00e1tica real e innegable: el cambio clim\u00e1tico"}]},{"@type":"WebSite","@id":"http:\/\/elregionalvm.com.ar\/noticias-villa-maria\/#website","url":"http:\/\/elregionalvm.com.ar\/noticias-villa-maria\/","name":"El Regional","description":"Mucho m\u00e1s que informaci\u00f3n","potentialAction":[{"@type":"SearchAction","target":{"@type":"EntryPoint","urlTemplate":"http:\/\/elregionalvm.com.ar\/noticias-villa-maria\/?s={search_term_string}"},"query-input":{"@type":"PropertyValueSpecification","valueRequired":true,"valueName":"search_term_string"}}],"inLanguage":"es"},{"@type":"Person","@id":"http:\/\/elregionalvm.com.ar\/noticias-villa-maria\/#\/schema\/person\/a0fb9c422317faca23d50163151bc354","name":"Contenidos El Regional","image":{"@type":"ImageObject","inLanguage":"es","@id":"http:\/\/elregionalvm.com.ar\/noticias-villa-maria\/#\/schema\/person\/image\/","url":"https:\/\/secure.gravatar.com\/avatar\/265b27cb2209af7bb3a1318f03305787d7981a5cc6e6cd08fe5a4ecdf99d4b48?s=96&d=mm&r=g","contentUrl":"https:\/\/secure.gravatar.com\/avatar\/265b27cb2209af7bb3a1318f03305787d7981a5cc6e6cd08fe5a4ecdf99d4b48?s=96&d=mm&r=g","caption":"Contenidos El Regional"},"url":"https:\/\/elregionalvm.com.ar\/noticias-villa-maria\/author\/contenido\/"}]}},"jetpack_featured_media_url":"https:\/\/i0.wp.com\/elregionalvm.com.ar\/noticias-villa-maria\/wp-content\/uploads\/2022\/10\/Desertificacion-cambio-climatico.jpg?fit=1000%2C661&ssl=1","jetpack_sharing_enabled":true,"_links":{"self":[{"href":"https:\/\/elregionalvm.com.ar\/noticias-villa-maria\/wp-json\/wp\/v2\/posts\/81980","targetHints":{"allow":["GET"]}}],"collection":[{"href":"https:\/\/elregionalvm.com.ar\/noticias-villa-maria\/wp-json\/wp\/v2\/posts"}],"about":[{"href":"https:\/\/elregionalvm.com.ar\/noticias-villa-maria\/wp-json\/wp\/v2\/types\/post"}],"author":[{"embeddable":true,"href":"https:\/\/elregionalvm.com.ar\/noticias-villa-maria\/wp-json\/wp\/v2\/users\/4"}],"replies":[{"embeddable":true,"href":"https:\/\/elregionalvm.com.ar\/noticias-villa-maria\/wp-json\/wp\/v2\/comments?post=81980"}],"version-history":[{"count":3,"href":"https:\/\/elregionalvm.com.ar\/noticias-villa-maria\/wp-json\/wp\/v2\/posts\/81980\/revisions"}],"predecessor-version":[{"id":81987,"href":"https:\/\/elregionalvm.com.ar\/noticias-villa-maria\/wp-json\/wp\/v2\/posts\/81980\/revisions\/81987"}],"wp:featuredmedia":[{"embeddable":true,"href":"https:\/\/elregionalvm.com.ar\/noticias-villa-maria\/wp-json\/wp\/v2\/media\/65028"}],"wp:attachment":[{"href":"https:\/\/elregionalvm.com.ar\/noticias-villa-maria\/wp-json\/wp\/v2\/media?parent=81980"}],"wp:term":[{"taxonomy":"category","embeddable":true,"href":"https:\/\/elregionalvm.com.ar\/noticias-villa-maria\/wp-json\/wp\/v2\/categories?post=81980"},{"taxonomy":"post_tag","embeddable":true,"href":"https:\/\/elregionalvm.com.ar\/noticias-villa-maria\/wp-json\/wp\/v2\/tags?post=81980"}],"curies":[{"name":"wp","href":"https:\/\/api.w.org\/{rel}","templated":true}]}}