{"id":82014,"date":"2023-09-04T22:58:45","date_gmt":"2023-09-04T22:58:45","guid":{"rendered":"https:\/\/elregionalvm.com.ar\/noticias-villa-maria\/?p=82014"},"modified":"2023-09-04T22:58:47","modified_gmt":"2023-09-04T22:58:47","slug":"cordoba-los-precios-al-consumidor-aumentaron-1215-en-agosto","status":"publish","type":"post","link":"https:\/\/elregionalvm.com.ar\/noticias-villa-maria\/cordoba-los-precios-al-consumidor-aumentaron-1215-en-agosto\/","title":{"rendered":"C\u00f3rdoba: los precios al consumidor aumentaron 12,15% en agosto"},"content":{"rendered":"\n<p>Durante el mes de\u00a0<strong>agosto de 2023<\/strong>, el \u00cdndice de Precios al Consumidor C\u00f3rdoba (IPC-Cba) registr\u00f3 un incremento en su Nivel General de\u00a0<strong>12,15%\u00a0<\/strong>respecto al mes anterior.<\/p>\n\n\n\n<p> Esta variaci\u00f3n es 5,4 puntos porcentuales mayor a la observada en el mes de julio, incremento que se explica principalmente por el traslado del incremento del tipo de cambio del d\u00f3lar a los precios de los alimentos, bienes durables, vestimenta y calzados.\u00a0<\/p>\n\n\n\n<figure class=\"wp-block-image\"><img data-recalc-dims=\"1\" decoding=\"async\" src=\"https:\/\/i0.wp.com\/prensa.cba.gov.ar\/wp-content\/uploads\/2023\/09\/image.png?ssl=1\" alt=\"\" class=\"wp-image-566453\" \/><\/figure>\n\n\n\n<p>Considerando la importancia que tiene cada cap\u00edtulo en el nivel general, la variaci\u00f3n mensual del IPC-Cba en el mes de agosto se explica en gran medida por:<\/p>\n\n\n\n<ul class=\"wp-block-list\"><li><em>Cap\u00edtulo Alimentos y Bebidas;&nbsp;<\/em>explicado principalmente por los incrementos en los precios medios de carnes y derivados; y de alimentos y bebidas comprados y consumidos en restaurantes\/bares.<\/li><li><em>Cap\u00edtulo Transporte y Comunicaciones;&nbsp;<\/em>debido a las variaciones en los precios de combustibles y lubricantes; compra de autom\u00f3vil; servicios telef\u00f3nicos; taxis y remises; y boleto de colectivo.<\/li><\/ul>\n\n\n\n<p>En el siguiente cuadro se presentan los principales resultados correspondientes a los cap\u00edtulos que componen la canasta del IPC.<\/p>\n\n\n\n<figure class=\"wp-block-image\"><img data-recalc-dims=\"1\" decoding=\"async\" src=\"https:\/\/i0.wp.com\/prensa.cba.gov.ar\/wp-content\/uploads\/2023\/09\/image-1.png?ssl=1\" alt=\"\" class=\"wp-image-566454\" \/><\/figure>\n\n\n\n<p><strong>Otras Clasificaciones<\/strong><\/p>\n\n\n\n<p>Con el objetivo de brindar mayores herramientas de an\u00e1lisis se presentan a continuaci\u00f3n otras desagregaciones del Nivel General del \u00cdndice de Precios al Consumidor:<\/p>\n\n\n\n<ul class=\"wp-block-list\"><li>Precios de Bienes y Servicios<\/li><li>Precios Estacionales, Regulados y Resto del IPC.<\/li><\/ul>\n\n\n\n<p><strong>Bienes y Servicios<\/strong><\/p>\n\n\n\n<p>Los&nbsp;<em>bienes<\/em>, que representan un 59% de la canasta, tuvieron en agosto una variaci\u00f3n de&nbsp;<strong>14,04%<\/strong>&nbsp;respecto al mes anterior, mientras que los&nbsp;<em>servicios<\/em>, que representan el restante 41% de la canasta registraron una variaci\u00f3n de&nbsp;<strong>8,26%<\/strong>.<\/p>\n\n\n\n<p>En el cuadro presentado a continuaci\u00f3n pueden observarse los principales resultados seg\u00fan bienes y servicios.<\/p>\n\n\n\n<figure class=\"wp-block-image\"><img data-recalc-dims=\"1\" decoding=\"async\" src=\"https:\/\/i0.wp.com\/prensa.cba.gov.ar\/wp-content\/uploads\/2023\/09\/image-2.png?ssl=1\" alt=\"\" class=\"wp-image-566455\" \/><\/figure>\n\n\n\n<p><strong>Estacionales, Regulados y Resto IPC<\/strong><\/p>\n\n\n\n<p>A continuaci\u00f3n se presenta el nivel general del IPC desagregado en tres categor\u00edas: bienes y servicios de comportamiento estacional, bienes y servicios cuyos precios est\u00e1n sujetos a regulaci\u00f3n del Estado o tienen un alto contenido impositivo, y los restantes bienes y servicios que componen la canasta del IPC (inflaci\u00f3n subyacente o n\u00facleo).<\/p>\n\n\n\n<p>En el mes de agosto de 2023, los bienes y servicios&nbsp;<strong><em>estacionales<\/em><\/strong>&nbsp;registraron un incremento de&nbsp;<strong>8,72%<\/strong>&nbsp;respecto al mes anterior. Por su parte, los bienes y servicios<strong><em>&nbsp;regulados<\/em><\/strong>&nbsp;tuvieron una variaci\u00f3n de&nbsp;<strong>8,45%<\/strong>, en tanto el&nbsp;<strong><em>resto<\/em>&nbsp;<\/strong>de los productos que componen la canasta de IPC registraron un incremento del&nbsp;<strong>13,68%<\/strong>.<\/p>\n\n\n\n<figure class=\"wp-block-image\"><img data-recalc-dims=\"1\" decoding=\"async\" src=\"https:\/\/i0.wp.com\/prensa.cba.gov.ar\/wp-content\/uploads\/2023\/09\/image-3.png?ssl=1\" alt=\"\" class=\"wp-image-566456\" \/><\/figure>\n\n\n\n<h3 class=\"wp-block-heading\"><strong>Breve nota metodol\u00f3gica<\/strong><\/h3>\n\n\n\n<p>El \u00cdndice de Precios al Consumidor de C\u00f3rdoba (IPC \u2013 Cba) mide mensualmente la variaci\u00f3n de los precios de un conjunto de bienes y servicios representativos del consumo promedio de los hogares urbanos en la ciudad de C\u00f3rdoba, seg\u00fan una canasta definida en base a la Encuesta Nacional de Gastos de los Hogares (ENGHO 2004-2005).<\/p>\n\n\n\n<p>&nbsp;Mensualmente, se relevan aproximadamente 19.000 precios de 430 productos seleccionados en m\u00e1s de 1.400 establecimientos ubicados en toda la ciudad de C\u00f3rdoba. La recopilaci\u00f3n de precios se efect\u00faa todos los d\u00edas h\u00e1biles del mes, a trav\u00e9s de la visita o contacto de un encuestador, y abarca negocios tradicionales de distintos rubros, super e hipermercados, empresas prestadoras de servicios, colegios y hogares inquilinos.<\/p>\n\n\n\n<p>La metodolog\u00eda utilizada para el relevamiento de precios y c\u00e1lculo del \u00edndice se elabor\u00f3 en base a las recomendaciones establecidas en el Manual del \u00cdndice de Precios al Consumidor, realizado en forma conjunta por la Organizaci\u00f3n Internacional del Trabajo, el Fondo Monetario Internacional, la Organizaci\u00f3n de Cooperaci\u00f3n y Desarrollo Econ\u00f3micos, la Oficina Estad\u00edstica de las Comunidades Europeas, Naciones Unidas y el Banco Mundial.<\/p>\n\n\n\n<p>Con el prop\u00f3sito de acercar una herramienta de an\u00e1lisis de la evoluci\u00f3n del IPC, se clasificaron los bienes y servicios que componen la canasta, en base a los siguientes criterios:<\/p>\n\n\n\n<p>\u2013 Bienes y servicios con comportamiento&nbsp;<strong><em>estacional,&nbsp;<\/em><\/strong>compuesto por frutas, verduras, ropa exterior, transporte por turismo, y alojamiento y excursiones. Representan el 7% de la canasta total de IPC.<\/p>\n\n\n\n<p>\u2013 Bienes y servicios&nbsp;<strong><em>regulados,&nbsp;<\/em><\/strong>cuyos precios est\u00e1n sujetos a regulaci\u00f3n del Estado o tienen un alto contenido impositivo, compuesto por combustibles para la vivienda, electricidad, agua y servicios sanitarios, transporte p\u00fablico de pasajeros, funcionamiento y mantenimiento de veh\u00edculos, correo, tel\u00e9fono y cigarrillos y accesorios. Representa el 20% de la canasta de IPC.<\/p>\n\n\n\n<p>\u2013 El&nbsp;<strong><em>resto<\/em><\/strong>&nbsp;de los grupos de IPC que componen la canasta (inflaci\u00f3n subyacente, n\u00facleo, o core inflation), que representan el 73% de la canasta total.<\/p>\n\n\n\n<p>En caso de necesitar mayor informaci\u00f3n por favor comunicarse al tel\u00e9fono 0351- 4476052 o ingresar a la p\u00e1gina web:&nbsp;<a href=\"https:\/\/estadistica.cba.gov.ar\/\" target=\"_blank\" rel=\"noreferrer noopener\">http:\/\/estadistica.cba.gov.ar<\/a><\/p>\n","protected":false},"excerpt":{"rendered":"<p>Durante el mes de\u00a0agosto de 2023, el \u00cdndice de Precios al Consumidor C\u00f3rdoba (IPC-Cba) registr\u00f3 un incremento en su Nivel General de\u00a012,15%\u00a0respecto al mes anterior. Esta variaci\u00f3n es 5,4 puntos porcentuales mayor a la observada en el mes de julio, incremento que se explica principalmente por el traslado del incremento del tipo de cambio del [&hellip;]<\/p>\n","protected":false},"author":4,"featured_media":82015,"comment_status":"open","ping_status":"open","sticky":false,"template":"","format":"standard","meta":{"site-sidebar-layout":"default","site-content-layout":"","ast-site-content-layout":"default","site-content-style":"default","site-sidebar-style":"default","ast-global-header-display":"","ast-banner-title-visibility":"","ast-main-header-display":"","ast-hfb-above-header-display":"","ast-hfb-below-header-display":"","ast-hfb-mobile-header-display":"","site-post-title":"","ast-breadcrumbs-content":"","ast-featured-img":"","footer-sml-layout":"","ast-disable-related-posts":"","theme-transparent-header-meta":"","adv-header-id-meta":"","stick-header-meta":"","header-above-stick-meta":"","header-main-stick-meta":"","header-below-stick-meta":"","astra-migrate-meta-layouts":"set","ast-page-background-enabled":"default","ast-page-background-meta":{"desktop":{"background-color":"","background-image":"","background-repeat":"repeat","background-position":"center center","background-size":"auto","background-attachment":"scroll","background-type":"","background-media":"","overlay-type":"","overlay-color":"","overlay-opacity":"","overlay-gradient":""},"tablet":{"background-color":"","background-image":"","background-repeat":"repeat","background-position":"center center","background-size":"auto","background-attachment":"scroll","background-type":"","background-media":"","overlay-type":"","overlay-color":"","overlay-opacity":"","overlay-gradient":""},"mobile":{"background-color":"","background-image":"","background-repeat":"repeat","background-position":"center center","background-size":"auto","background-attachment":"scroll","background-type":"","background-media":"","overlay-type":"","overlay-color":"","overlay-opacity":"","overlay-gradient":""}},"ast-content-background-meta":{"desktop":{"background-color":"var(--ast-global-color-5)","background-image":"","background-repeat":"repeat","background-position":"center center","background-size":"auto","background-attachment":"scroll","background-type":"","background-media":"","overlay-type":"","overlay-color":"","overlay-opacity":"","overlay-gradient":""},"tablet":{"background-color":"var(--ast-global-color-5)","background-image":"","background-repeat":"repeat","background-position":"center center","background-size":"auto","background-attachment":"scroll","background-type":"","background-media":"","overlay-type":"","overlay-color":"","overlay-opacity":"","overlay-gradient":""},"mobile":{"background-color":"var(--ast-global-color-5)","background-image":"","background-repeat":"repeat","background-position":"center center","background-size":"auto","background-attachment":"scroll","background-type":"","background-media":"","overlay-type":"","overlay-color":"","overlay-opacity":"","overlay-gradient":""}},"_jetpack_memberships_contains_paid_content":false,"_joinchat":[],"footnotes":""},"categories":[15302,16095,5],"tags":[],"class_list":["post-82014","post","type-post","status-publish","format-standard","has-post-thumbnail","hentry","category-destacado","category-provinciales","category-sociedad"],"yoast_head":"<!-- This site is optimized with the Yoast SEO plugin v26.8 - https:\/\/yoast.com\/product\/yoast-seo-wordpress\/ -->\n<title>C\u00f3rdoba: los precios al consumidor aumentaron 12,15% en agosto - El Regional<\/title>\n<meta name=\"robots\" content=\"index, follow, max-snippet:-1, max-image-preview:large, max-video-preview:-1\" \/>\n<link rel=\"canonical\" href=\"http:\/\/elregionalvm.com.ar\/noticias-villa-maria\/cordoba-los-precios-al-consumidor-aumentaron-1215-en-agosto\/\" \/>\n<meta property=\"og:locale\" content=\"es_ES\" \/>\n<meta property=\"og:type\" content=\"article\" \/>\n<meta property=\"og:title\" content=\"C\u00f3rdoba: los precios al consumidor aumentaron 12,15% en agosto - El Regional\" \/>\n<meta property=\"og:description\" content=\"Durante el mes de\u00a0agosto de 2023, el \u00cdndice de Precios al Consumidor C\u00f3rdoba (IPC-Cba) registr\u00f3 un incremento en su Nivel General de\u00a012,15%\u00a0respecto al mes anterior. Esta variaci\u00f3n es 5,4 puntos porcentuales mayor a la observada en el mes de julio, incremento que se explica principalmente por el traslado del incremento del tipo de cambio del [&hellip;]\" \/>\n<meta property=\"og:url\" content=\"http:\/\/elregionalvm.com.ar\/noticias-villa-maria\/cordoba-los-precios-al-consumidor-aumentaron-1215-en-agosto\/\" \/>\n<meta property=\"og:site_name\" content=\"El Regional\" \/>\n<meta property=\"article:publisher\" content=\"https:\/\/www.facebook.com\/elregionalvm\" \/>\n<meta property=\"article:published_time\" content=\"2023-09-04T22:58:45+00:00\" \/>\n<meta property=\"article:modified_time\" content=\"2023-09-04T22:58:47+00:00\" \/>\n<meta property=\"og:image\" content=\"http:\/\/elregionalvm.com.ar\/noticias-villa-maria\/wp-content\/uploads\/2023\/09\/ipc.jpg\" \/>\n\t<meta property=\"og:image:width\" content=\"993\" \/>\n\t<meta property=\"og:image:height\" content=\"660\" \/>\n\t<meta property=\"og:image:type\" content=\"image\/jpeg\" \/>\n<meta name=\"author\" content=\"Contenidos El Regional\" \/>\n<meta name=\"twitter:card\" content=\"summary_large_image\" \/>\n<meta name=\"twitter:creator\" content=\"@elregionalvm1\" \/>\n<meta name=\"twitter:site\" content=\"@elregionalvm1\" \/>\n<meta name=\"twitter:label1\" content=\"Escrito por\" \/>\n\t<meta name=\"twitter:data1\" content=\"Contenidos El Regional\" \/>\n\t<meta name=\"twitter:label2\" content=\"Tiempo de lectura\" \/>\n\t<meta name=\"twitter:data2\" content=\"5 minutos\" \/>\n<script type=\"application\/ld+json\" class=\"yoast-schema-graph\">{\"@context\":\"https:\/\/schema.org\",\"@graph\":[{\"@type\":\"Article\",\"@id\":\"http:\/\/elregionalvm.com.ar\/noticias-villa-maria\/cordoba-los-precios-al-consumidor-aumentaron-1215-en-agosto\/#article\",\"isPartOf\":{\"@id\":\"http:\/\/elregionalvm.com.ar\/noticias-villa-maria\/cordoba-los-precios-al-consumidor-aumentaron-1215-en-agosto\/\"},\"author\":{\"name\":\"Contenidos El Regional\",\"@id\":\"http:\/\/elregionalvm.com.ar\/noticias-villa-maria\/#\/schema\/person\/a0fb9c422317faca23d50163151bc354\"},\"headline\":\"C\u00f3rdoba: los precios al consumidor aumentaron 12,15% en agosto\",\"datePublished\":\"2023-09-04T22:58:45+00:00\",\"dateModified\":\"2023-09-04T22:58:47+00:00\",\"mainEntityOfPage\":{\"@id\":\"http:\/\/elregionalvm.com.ar\/noticias-villa-maria\/cordoba-los-precios-al-consumidor-aumentaron-1215-en-agosto\/\"},\"wordCount\":785,\"commentCount\":0,\"image\":{\"@id\":\"http:\/\/elregionalvm.com.ar\/noticias-villa-maria\/cordoba-los-precios-al-consumidor-aumentaron-1215-en-agosto\/#primaryimage\"},\"thumbnailUrl\":\"https:\/\/i0.wp.com\/elregionalvm.com.ar\/noticias-villa-maria\/wp-content\/uploads\/2023\/09\/ipc.jpg?fit=993%2C660&ssl=1\",\"articleSection\":[\"destacado\",\"Provinciales\",\"Sociedad\"],\"inLanguage\":\"es\",\"potentialAction\":[{\"@type\":\"CommentAction\",\"name\":\"Comment\",\"target\":[\"http:\/\/elregionalvm.com.ar\/noticias-villa-maria\/cordoba-los-precios-al-consumidor-aumentaron-1215-en-agosto\/#respond\"]}]},{\"@type\":\"WebPage\",\"@id\":\"http:\/\/elregionalvm.com.ar\/noticias-villa-maria\/cordoba-los-precios-al-consumidor-aumentaron-1215-en-agosto\/\",\"url\":\"http:\/\/elregionalvm.com.ar\/noticias-villa-maria\/cordoba-los-precios-al-consumidor-aumentaron-1215-en-agosto\/\",\"name\":\"C\u00f3rdoba: los precios al consumidor aumentaron 12,15% en agosto - El Regional\",\"isPartOf\":{\"@id\":\"http:\/\/elregionalvm.com.ar\/noticias-villa-maria\/#website\"},\"primaryImageOfPage\":{\"@id\":\"http:\/\/elregionalvm.com.ar\/noticias-villa-maria\/cordoba-los-precios-al-consumidor-aumentaron-1215-en-agosto\/#primaryimage\"},\"image\":{\"@id\":\"http:\/\/elregionalvm.com.ar\/noticias-villa-maria\/cordoba-los-precios-al-consumidor-aumentaron-1215-en-agosto\/#primaryimage\"},\"thumbnailUrl\":\"https:\/\/i0.wp.com\/elregionalvm.com.ar\/noticias-villa-maria\/wp-content\/uploads\/2023\/09\/ipc.jpg?fit=993%2C660&ssl=1\",\"datePublished\":\"2023-09-04T22:58:45+00:00\",\"dateModified\":\"2023-09-04T22:58:47+00:00\",\"author\":{\"@id\":\"http:\/\/elregionalvm.com.ar\/noticias-villa-maria\/#\/schema\/person\/a0fb9c422317faca23d50163151bc354\"},\"breadcrumb\":{\"@id\":\"http:\/\/elregionalvm.com.ar\/noticias-villa-maria\/cordoba-los-precios-al-consumidor-aumentaron-1215-en-agosto\/#breadcrumb\"},\"inLanguage\":\"es\",\"potentialAction\":[{\"@type\":\"ReadAction\",\"target\":[\"http:\/\/elregionalvm.com.ar\/noticias-villa-maria\/cordoba-los-precios-al-consumidor-aumentaron-1215-en-agosto\/\"]}]},{\"@type\":\"ImageObject\",\"inLanguage\":\"es\",\"@id\":\"http:\/\/elregionalvm.com.ar\/noticias-villa-maria\/cordoba-los-precios-al-consumidor-aumentaron-1215-en-agosto\/#primaryimage\",\"url\":\"https:\/\/i0.wp.com\/elregionalvm.com.ar\/noticias-villa-maria\/wp-content\/uploads\/2023\/09\/ipc.jpg?fit=993%2C660&ssl=1\",\"contentUrl\":\"https:\/\/i0.wp.com\/elregionalvm.com.ar\/noticias-villa-maria\/wp-content\/uploads\/2023\/09\/ipc.jpg?fit=993%2C660&ssl=1\",\"width\":993,\"height\":660},{\"@type\":\"BreadcrumbList\",\"@id\":\"http:\/\/elregionalvm.com.ar\/noticias-villa-maria\/cordoba-los-precios-al-consumidor-aumentaron-1215-en-agosto\/#breadcrumb\",\"itemListElement\":[{\"@type\":\"ListItem\",\"position\":1,\"name\":\"Portada\",\"item\":\"https:\/\/elregionalvm.com.ar\/noticias-villa-maria\/\"},{\"@type\":\"ListItem\",\"position\":2,\"name\":\"C\u00f3rdoba: los precios al consumidor aumentaron 12,15% en agosto\"}]},{\"@type\":\"WebSite\",\"@id\":\"http:\/\/elregionalvm.com.ar\/noticias-villa-maria\/#website\",\"url\":\"http:\/\/elregionalvm.com.ar\/noticias-villa-maria\/\",\"name\":\"El Regional\",\"description\":\"Mucho m\u00e1s que informaci\u00f3n\",\"potentialAction\":[{\"@type\":\"SearchAction\",\"target\":{\"@type\":\"EntryPoint\",\"urlTemplate\":\"http:\/\/elregionalvm.com.ar\/noticias-villa-maria\/?s={search_term_string}\"},\"query-input\":{\"@type\":\"PropertyValueSpecification\",\"valueRequired\":true,\"valueName\":\"search_term_string\"}}],\"inLanguage\":\"es\"},{\"@type\":\"Person\",\"@id\":\"http:\/\/elregionalvm.com.ar\/noticias-villa-maria\/#\/schema\/person\/a0fb9c422317faca23d50163151bc354\",\"name\":\"Contenidos El Regional\",\"image\":{\"@type\":\"ImageObject\",\"inLanguage\":\"es\",\"@id\":\"http:\/\/elregionalvm.com.ar\/noticias-villa-maria\/#\/schema\/person\/image\/\",\"url\":\"https:\/\/secure.gravatar.com\/avatar\/265b27cb2209af7bb3a1318f03305787d7981a5cc6e6cd08fe5a4ecdf99d4b48?s=96&d=mm&r=g\",\"contentUrl\":\"https:\/\/secure.gravatar.com\/avatar\/265b27cb2209af7bb3a1318f03305787d7981a5cc6e6cd08fe5a4ecdf99d4b48?s=96&d=mm&r=g\",\"caption\":\"Contenidos El Regional\"},\"url\":\"https:\/\/elregionalvm.com.ar\/noticias-villa-maria\/author\/contenido\/\"}]}<\/script>\n<!-- \/ Yoast SEO plugin. -->","yoast_head_json":{"title":"C\u00f3rdoba: los precios al consumidor aumentaron 12,15% en agosto - El Regional","robots":{"index":"index","follow":"follow","max-snippet":"max-snippet:-1","max-image-preview":"max-image-preview:large","max-video-preview":"max-video-preview:-1"},"canonical":"http:\/\/elregionalvm.com.ar\/noticias-villa-maria\/cordoba-los-precios-al-consumidor-aumentaron-1215-en-agosto\/","og_locale":"es_ES","og_type":"article","og_title":"C\u00f3rdoba: los precios al consumidor aumentaron 12,15% en agosto - El Regional","og_description":"Durante el mes de\u00a0agosto de 2023, el \u00cdndice de Precios al Consumidor C\u00f3rdoba (IPC-Cba) registr\u00f3 un incremento en su Nivel General de\u00a012,15%\u00a0respecto al mes anterior. Esta variaci\u00f3n es 5,4 puntos porcentuales mayor a la observada en el mes de julio, incremento que se explica principalmente por el traslado del incremento del tipo de cambio del [&hellip;]","og_url":"http:\/\/elregionalvm.com.ar\/noticias-villa-maria\/cordoba-los-precios-al-consumidor-aumentaron-1215-en-agosto\/","og_site_name":"El Regional","article_publisher":"https:\/\/www.facebook.com\/elregionalvm","article_published_time":"2023-09-04T22:58:45+00:00","article_modified_time":"2023-09-04T22:58:47+00:00","og_image":[{"width":993,"height":660,"url":"http:\/\/elregionalvm.com.ar\/noticias-villa-maria\/wp-content\/uploads\/2023\/09\/ipc.jpg","type":"image\/jpeg"}],"author":"Contenidos El Regional","twitter_card":"summary_large_image","twitter_creator":"@elregionalvm1","twitter_site":"@elregionalvm1","twitter_misc":{"Escrito por":"Contenidos El Regional","Tiempo de lectura":"5 minutos"},"schema":{"@context":"https:\/\/schema.org","@graph":[{"@type":"Article","@id":"http:\/\/elregionalvm.com.ar\/noticias-villa-maria\/cordoba-los-precios-al-consumidor-aumentaron-1215-en-agosto\/#article","isPartOf":{"@id":"http:\/\/elregionalvm.com.ar\/noticias-villa-maria\/cordoba-los-precios-al-consumidor-aumentaron-1215-en-agosto\/"},"author":{"name":"Contenidos El Regional","@id":"http:\/\/elregionalvm.com.ar\/noticias-villa-maria\/#\/schema\/person\/a0fb9c422317faca23d50163151bc354"},"headline":"C\u00f3rdoba: los precios al consumidor aumentaron 12,15% en agosto","datePublished":"2023-09-04T22:58:45+00:00","dateModified":"2023-09-04T22:58:47+00:00","mainEntityOfPage":{"@id":"http:\/\/elregionalvm.com.ar\/noticias-villa-maria\/cordoba-los-precios-al-consumidor-aumentaron-1215-en-agosto\/"},"wordCount":785,"commentCount":0,"image":{"@id":"http:\/\/elregionalvm.com.ar\/noticias-villa-maria\/cordoba-los-precios-al-consumidor-aumentaron-1215-en-agosto\/#primaryimage"},"thumbnailUrl":"https:\/\/i0.wp.com\/elregionalvm.com.ar\/noticias-villa-maria\/wp-content\/uploads\/2023\/09\/ipc.jpg?fit=993%2C660&ssl=1","articleSection":["destacado","Provinciales","Sociedad"],"inLanguage":"es","potentialAction":[{"@type":"CommentAction","name":"Comment","target":["http:\/\/elregionalvm.com.ar\/noticias-villa-maria\/cordoba-los-precios-al-consumidor-aumentaron-1215-en-agosto\/#respond"]}]},{"@type":"WebPage","@id":"http:\/\/elregionalvm.com.ar\/noticias-villa-maria\/cordoba-los-precios-al-consumidor-aumentaron-1215-en-agosto\/","url":"http:\/\/elregionalvm.com.ar\/noticias-villa-maria\/cordoba-los-precios-al-consumidor-aumentaron-1215-en-agosto\/","name":"C\u00f3rdoba: los precios al consumidor aumentaron 12,15% en agosto - El Regional","isPartOf":{"@id":"http:\/\/elregionalvm.com.ar\/noticias-villa-maria\/#website"},"primaryImageOfPage":{"@id":"http:\/\/elregionalvm.com.ar\/noticias-villa-maria\/cordoba-los-precios-al-consumidor-aumentaron-1215-en-agosto\/#primaryimage"},"image":{"@id":"http:\/\/elregionalvm.com.ar\/noticias-villa-maria\/cordoba-los-precios-al-consumidor-aumentaron-1215-en-agosto\/#primaryimage"},"thumbnailUrl":"https:\/\/i0.wp.com\/elregionalvm.com.ar\/noticias-villa-maria\/wp-content\/uploads\/2023\/09\/ipc.jpg?fit=993%2C660&ssl=1","datePublished":"2023-09-04T22:58:45+00:00","dateModified":"2023-09-04T22:58:47+00:00","author":{"@id":"http:\/\/elregionalvm.com.ar\/noticias-villa-maria\/#\/schema\/person\/a0fb9c422317faca23d50163151bc354"},"breadcrumb":{"@id":"http:\/\/elregionalvm.com.ar\/noticias-villa-maria\/cordoba-los-precios-al-consumidor-aumentaron-1215-en-agosto\/#breadcrumb"},"inLanguage":"es","potentialAction":[{"@type":"ReadAction","target":["http:\/\/elregionalvm.com.ar\/noticias-villa-maria\/cordoba-los-precios-al-consumidor-aumentaron-1215-en-agosto\/"]}]},{"@type":"ImageObject","inLanguage":"es","@id":"http:\/\/elregionalvm.com.ar\/noticias-villa-maria\/cordoba-los-precios-al-consumidor-aumentaron-1215-en-agosto\/#primaryimage","url":"https:\/\/i0.wp.com\/elregionalvm.com.ar\/noticias-villa-maria\/wp-content\/uploads\/2023\/09\/ipc.jpg?fit=993%2C660&ssl=1","contentUrl":"https:\/\/i0.wp.com\/elregionalvm.com.ar\/noticias-villa-maria\/wp-content\/uploads\/2023\/09\/ipc.jpg?fit=993%2C660&ssl=1","width":993,"height":660},{"@type":"BreadcrumbList","@id":"http:\/\/elregionalvm.com.ar\/noticias-villa-maria\/cordoba-los-precios-al-consumidor-aumentaron-1215-en-agosto\/#breadcrumb","itemListElement":[{"@type":"ListItem","position":1,"name":"Portada","item":"https:\/\/elregionalvm.com.ar\/noticias-villa-maria\/"},{"@type":"ListItem","position":2,"name":"C\u00f3rdoba: los precios al consumidor aumentaron 12,15% en agosto"}]},{"@type":"WebSite","@id":"http:\/\/elregionalvm.com.ar\/noticias-villa-maria\/#website","url":"http:\/\/elregionalvm.com.ar\/noticias-villa-maria\/","name":"El Regional","description":"Mucho m\u00e1s que informaci\u00f3n","potentialAction":[{"@type":"SearchAction","target":{"@type":"EntryPoint","urlTemplate":"http:\/\/elregionalvm.com.ar\/noticias-villa-maria\/?s={search_term_string}"},"query-input":{"@type":"PropertyValueSpecification","valueRequired":true,"valueName":"search_term_string"}}],"inLanguage":"es"},{"@type":"Person","@id":"http:\/\/elregionalvm.com.ar\/noticias-villa-maria\/#\/schema\/person\/a0fb9c422317faca23d50163151bc354","name":"Contenidos El Regional","image":{"@type":"ImageObject","inLanguage":"es","@id":"http:\/\/elregionalvm.com.ar\/noticias-villa-maria\/#\/schema\/person\/image\/","url":"https:\/\/secure.gravatar.com\/avatar\/265b27cb2209af7bb3a1318f03305787d7981a5cc6e6cd08fe5a4ecdf99d4b48?s=96&d=mm&r=g","contentUrl":"https:\/\/secure.gravatar.com\/avatar\/265b27cb2209af7bb3a1318f03305787d7981a5cc6e6cd08fe5a4ecdf99d4b48?s=96&d=mm&r=g","caption":"Contenidos El Regional"},"url":"https:\/\/elregionalvm.com.ar\/noticias-villa-maria\/author\/contenido\/"}]}},"jetpack_featured_media_url":"https:\/\/i0.wp.com\/elregionalvm.com.ar\/noticias-villa-maria\/wp-content\/uploads\/2023\/09\/ipc.jpg?fit=993%2C660&ssl=1","jetpack_sharing_enabled":true,"_links":{"self":[{"href":"https:\/\/elregionalvm.com.ar\/noticias-villa-maria\/wp-json\/wp\/v2\/posts\/82014","targetHints":{"allow":["GET"]}}],"collection":[{"href":"https:\/\/elregionalvm.com.ar\/noticias-villa-maria\/wp-json\/wp\/v2\/posts"}],"about":[{"href":"https:\/\/elregionalvm.com.ar\/noticias-villa-maria\/wp-json\/wp\/v2\/types\/post"}],"author":[{"embeddable":true,"href":"https:\/\/elregionalvm.com.ar\/noticias-villa-maria\/wp-json\/wp\/v2\/users\/4"}],"replies":[{"embeddable":true,"href":"https:\/\/elregionalvm.com.ar\/noticias-villa-maria\/wp-json\/wp\/v2\/comments?post=82014"}],"version-history":[{"count":1,"href":"https:\/\/elregionalvm.com.ar\/noticias-villa-maria\/wp-json\/wp\/v2\/posts\/82014\/revisions"}],"predecessor-version":[{"id":82016,"href":"https:\/\/elregionalvm.com.ar\/noticias-villa-maria\/wp-json\/wp\/v2\/posts\/82014\/revisions\/82016"}],"wp:featuredmedia":[{"embeddable":true,"href":"https:\/\/elregionalvm.com.ar\/noticias-villa-maria\/wp-json\/wp\/v2\/media\/82015"}],"wp:attachment":[{"href":"https:\/\/elregionalvm.com.ar\/noticias-villa-maria\/wp-json\/wp\/v2\/media?parent=82014"}],"wp:term":[{"taxonomy":"category","embeddable":true,"href":"https:\/\/elregionalvm.com.ar\/noticias-villa-maria\/wp-json\/wp\/v2\/categories?post=82014"},{"taxonomy":"post_tag","embeddable":true,"href":"https:\/\/elregionalvm.com.ar\/noticias-villa-maria\/wp-json\/wp\/v2\/tags?post=82014"}],"curies":[{"name":"wp","href":"https:\/\/api.w.org\/{rel}","templated":true}]}}