{"id":82017,"date":"2023-09-04T23:07:55","date_gmt":"2023-09-04T23:07:55","guid":{"rendered":"https:\/\/elregionalvm.com.ar\/noticias-villa-maria\/?p=82017"},"modified":"2023-09-04T23:07:57","modified_gmt":"2023-09-04T23:07:57","slug":"arroyo-cabral-fue-detenido-al-querer-descartar-la-droga-en-su-bano-tras-allanamiento-de-la-fpa-en-su-casa","status":"publish","type":"post","link":"https:\/\/elregionalvm.com.ar\/noticias-villa-maria\/arroyo-cabral-fue-detenido-al-querer-descartar-la-droga-en-su-bano-tras-allanamiento-de-la-fpa-en-su-casa\/","title":{"rendered":"Arroyo Cabral: fue detenido al querer descartar la droga en su ba\u00f1o, tras allanamiento de la FPA en su casa"},"content":{"rendered":"\n<p>En una investigaci\u00f3n dirigida por el Ministerio P\u00fablico Fiscal y luego de diversos llamados al Centro de Denuncias An\u00f3nimas (0800-888-8080), personal de la Fuerza Policial Antinarcotr\u00e1fico cerr\u00f3 un punto de venta, detuvo a un narcomenudista mayor de edad y secuestr\u00f3 estupefacientes en la localidad de Arroyo Cabral.<\/p>\n\n\n\n<p>El investigado estaba en el patio de su domicilio cuando observ\u00f3 el ingreso del grupo operativo de la Fuerza. Inmediatamente intent\u00f3 descartarse de los estupefacientes en un ba\u00f1o, siendo infructuosa su intensi\u00f3n. Qued\u00f3 aprehendido al instante.<\/p>\n\n\n\n<figure class=\"wp-block-image size-full\"><img data-recalc-dims=\"1\" fetchpriority=\"high\" decoding=\"async\" width=\"768\" height=\"576\" src=\"https:\/\/i0.wp.com\/elregionalvm.com.ar\/noticias-villa-maria\/wp-content\/uploads\/2023\/09\/WhatsApp-Image-2023-09-01-at-19.56.54-768x576-1.jpeg?resize=768%2C576&#038;ssl=1\" alt=\"\" class=\"wp-image-82020\" srcset=\"https:\/\/i0.wp.com\/elregionalvm.com.ar\/noticias-villa-maria\/wp-content\/uploads\/2023\/09\/WhatsApp-Image-2023-09-01-at-19.56.54-768x576-1.jpeg?w=768&amp;ssl=1 768w, https:\/\/i0.wp.com\/elregionalvm.com.ar\/noticias-villa-maria\/wp-content\/uploads\/2023\/09\/WhatsApp-Image-2023-09-01-at-19.56.54-768x576-1.jpeg?resize=300%2C225&amp;ssl=1 300w\" sizes=\"(max-width: 768px) 100vw, 768px\" \/><\/figure>\n\n\n\n<p>Se comenz\u00f3 el registro de todo el punto de venta, ubicado sobre calle Rivadavia al 1000, y se logr\u00f3 la incautaci\u00f3n de varias dosis de marihuana, semillas de cannabis sativa y diferentes elementos relacionados a la causa. En el per\u00edmetro externo, colabor\u00f3 la Polic\u00eda de C\u00f3rdoba.<\/p>\n\n\n\n<figure class=\"wp-block-image size-full\"><img data-recalc-dims=\"1\" decoding=\"async\" width=\"705\" height=\"940\" src=\"https:\/\/i0.wp.com\/elregionalvm.com.ar\/noticias-villa-maria\/wp-content\/uploads\/2023\/09\/WhatsApp-Image-2023-09-02-at-11.46.02-705x940-1.jpeg?resize=705%2C940&#038;ssl=1\" alt=\"\" class=\"wp-image-82018\" srcset=\"https:\/\/i0.wp.com\/elregionalvm.com.ar\/noticias-villa-maria\/wp-content\/uploads\/2023\/09\/WhatsApp-Image-2023-09-02-at-11.46.02-705x940-1.jpeg?w=705&amp;ssl=1 705w, https:\/\/i0.wp.com\/elregionalvm.com.ar\/noticias-villa-maria\/wp-content\/uploads\/2023\/09\/WhatsApp-Image-2023-09-02-at-11.46.02-705x940-1.jpeg?resize=225%2C300&amp;ssl=1 225w\" sizes=\"(max-width: 705px) 100vw, 705px\" \/><\/figure>\n\n\n\n<p>Por \u00faltimo, autoridades de la Fiscal\u00eda M\u00f3vil de Lucha contra el Narcotr\u00e1fico de Villa Mar\u00eda ordenaron la remisi\u00f3n de lo secuestrado y el traslado del aprehendido a sede judicial por supuesta infracci\u00f3n a la Ley Nacional de Estupefacientes N\u00b0 23.737.<\/p>\n","protected":false},"excerpt":{"rendered":"<p>En una investigaci\u00f3n dirigida por el Ministerio P\u00fablico Fiscal y luego de diversos llamados al Centro de Denuncias An\u00f3nimas (0800-888-8080), personal de la Fuerza Policial Antinarcotr\u00e1fico cerr\u00f3 un punto de venta, detuvo a un narcomenudista mayor de edad y secuestr\u00f3 estupefacientes en la localidad de Arroyo Cabral. El investigado estaba en el patio de su [&hellip;]<\/p>\n","protected":false},"author":4,"featured_media":82019,"comment_status":"open","ping_status":"open","sticky":false,"template":"","format":"standard","meta":{"site-sidebar-layout":"default","site-content-layout":"","ast-site-content-layout":"default","site-content-style":"default","site-sidebar-style":"default","ast-global-header-display":"","ast-banner-title-visibility":"","ast-main-header-display":"","ast-hfb-above-header-display":"","ast-hfb-below-header-display":"","ast-hfb-mobile-header-display":"","site-post-title":"","ast-breadcrumbs-content":"","ast-featured-img":"","footer-sml-layout":"","ast-disable-related-posts":"","theme-transparent-header-meta":"","adv-header-id-meta":"","stick-header-meta":"","header-above-stick-meta":"","header-main-stick-meta":"","header-below-stick-meta":"","astra-migrate-meta-layouts":"set","ast-page-background-enabled":"default","ast-page-background-meta":{"desktop":{"background-color":"","background-image":"","background-repeat":"repeat","background-position":"center center","background-size":"auto","background-attachment":"scroll","background-type":"","background-media":"","overlay-type":"","overlay-color":"","overlay-opacity":"","overlay-gradient":""},"tablet":{"background-color":"","background-image":"","background-repeat":"repeat","background-position":"center center","background-size":"auto","background-attachment":"scroll","background-type":"","background-media":"","overlay-type":"","overlay-color":"","overlay-opacity":"","overlay-gradient":""},"mobile":{"background-color":"","background-image":"","background-repeat":"repeat","background-position":"center center","background-size":"auto","background-attachment":"scroll","background-type":"","background-media":"","overlay-type":"","overlay-color":"","overlay-opacity":"","overlay-gradient":""}},"ast-content-background-meta":{"desktop":{"background-color":"var(--ast-global-color-5)","background-image":"","background-repeat":"repeat","background-position":"center center","background-size":"auto","background-attachment":"scroll","background-type":"","background-media":"","overlay-type":"","overlay-color":"","overlay-opacity":"","overlay-gradient":""},"tablet":{"background-color":"var(--ast-global-color-5)","background-image":"","background-repeat":"repeat","background-position":"center center","background-size":"auto","background-attachment":"scroll","background-type":"","background-media":"","overlay-type":"","overlay-color":"","overlay-opacity":"","overlay-gradient":""},"mobile":{"background-color":"var(--ast-global-color-5)","background-image":"","background-repeat":"repeat","background-position":"center center","background-size":"auto","background-attachment":"scroll","background-type":"","background-media":"","overlay-type":"","overlay-color":"","overlay-opacity":"","overlay-gradient":""}},"_jetpack_memberships_contains_paid_content":false,"_joinchat":[],"footnotes":""},"categories":[15302,2234,2091,5],"tags":[],"class_list":["post-82017","post","type-post","status-publish","format-standard","has-post-thumbnail","hentry","category-destacado","category-policiales","category-region","category-sociedad"],"yoast_head":"<!-- This site is optimized with the Yoast SEO plugin v26.8 - https:\/\/yoast.com\/product\/yoast-seo-wordpress\/ -->\n<title>Arroyo Cabral: fue detenido al querer descartar la droga en su ba\u00f1o, tras allanamiento de la FPA en su casa - El Regional<\/title>\n<meta name=\"robots\" content=\"index, follow, max-snippet:-1, max-image-preview:large, max-video-preview:-1\" \/>\n<link rel=\"canonical\" href=\"http:\/\/elregionalvm.com.ar\/noticias-villa-maria\/arroyo-cabral-fue-detenido-al-querer-descartar-la-droga-en-su-bano-tras-allanamiento-de-la-fpa-en-su-casa\/\" \/>\n<meta property=\"og:locale\" content=\"es_ES\" \/>\n<meta property=\"og:type\" content=\"article\" \/>\n<meta property=\"og:title\" content=\"Arroyo Cabral: fue detenido al querer descartar la droga en su ba\u00f1o, tras allanamiento de la FPA en su casa - El Regional\" \/>\n<meta property=\"og:description\" content=\"En una investigaci\u00f3n dirigida por el Ministerio P\u00fablico Fiscal y luego de diversos llamados al Centro de Denuncias An\u00f3nimas (0800-888-8080), personal de la Fuerza Policial Antinarcotr\u00e1fico cerr\u00f3 un punto de venta, detuvo a un narcomenudista mayor de edad y secuestr\u00f3 estupefacientes en la localidad de Arroyo Cabral. El investigado estaba en el patio de su [&hellip;]\" \/>\n<meta property=\"og:url\" content=\"http:\/\/elregionalvm.com.ar\/noticias-villa-maria\/arroyo-cabral-fue-detenido-al-querer-descartar-la-droga-en-su-bano-tras-allanamiento-de-la-fpa-en-su-casa\/\" \/>\n<meta property=\"og:site_name\" content=\"El Regional\" \/>\n<meta property=\"article:publisher\" content=\"https:\/\/www.facebook.com\/elregionalvm\" \/>\n<meta property=\"article:published_time\" content=\"2023-09-04T23:07:55+00:00\" \/>\n<meta property=\"article:modified_time\" content=\"2023-09-04T23:07:57+00:00\" \/>\n<meta property=\"og:image\" content=\"http:\/\/elregionalvm.com.ar\/noticias-villa-maria\/wp-content\/uploads\/2023\/09\/WhatsApp-Image-2023-09-02-at-11.46.02-1-940x872-1.jpeg\" \/>\n\t<meta property=\"og:image:width\" content=\"940\" \/>\n\t<meta property=\"og:image:height\" content=\"872\" \/>\n\t<meta property=\"og:image:type\" content=\"image\/jpeg\" \/>\n<meta name=\"author\" content=\"Contenidos El Regional\" \/>\n<meta name=\"twitter:card\" content=\"summary_large_image\" \/>\n<meta name=\"twitter:creator\" content=\"@elregionalvm1\" \/>\n<meta name=\"twitter:site\" content=\"@elregionalvm1\" \/>\n<meta name=\"twitter:label1\" content=\"Escrito por\" \/>\n\t<meta name=\"twitter:data1\" content=\"Contenidos El Regional\" \/>\n\t<meta name=\"twitter:label2\" content=\"Tiempo de lectura\" \/>\n\t<meta name=\"twitter:data2\" content=\"2 minutos\" \/>\n<script type=\"application\/ld+json\" class=\"yoast-schema-graph\">{\"@context\":\"https:\/\/schema.org\",\"@graph\":[{\"@type\":\"Article\",\"@id\":\"http:\/\/elregionalvm.com.ar\/noticias-villa-maria\/arroyo-cabral-fue-detenido-al-querer-descartar-la-droga-en-su-bano-tras-allanamiento-de-la-fpa-en-su-casa\/#article\",\"isPartOf\":{\"@id\":\"http:\/\/elregionalvm.com.ar\/noticias-villa-maria\/arroyo-cabral-fue-detenido-al-querer-descartar-la-droga-en-su-bano-tras-allanamiento-de-la-fpa-en-su-casa\/\"},\"author\":{\"name\":\"Contenidos El Regional\",\"@id\":\"http:\/\/elregionalvm.com.ar\/noticias-villa-maria\/#\/schema\/person\/a0fb9c422317faca23d50163151bc354\"},\"headline\":\"Arroyo Cabral: fue detenido al querer descartar la droga en su ba\u00f1o, tras allanamiento de la FPA en su casa\",\"datePublished\":\"2023-09-04T23:07:55+00:00\",\"dateModified\":\"2023-09-04T23:07:57+00:00\",\"mainEntityOfPage\":{\"@id\":\"http:\/\/elregionalvm.com.ar\/noticias-villa-maria\/arroyo-cabral-fue-detenido-al-querer-descartar-la-droga-en-su-bano-tras-allanamiento-de-la-fpa-en-su-casa\/\"},\"wordCount\":205,\"commentCount\":0,\"image\":{\"@id\":\"http:\/\/elregionalvm.com.ar\/noticias-villa-maria\/arroyo-cabral-fue-detenido-al-querer-descartar-la-droga-en-su-bano-tras-allanamiento-de-la-fpa-en-su-casa\/#primaryimage\"},\"thumbnailUrl\":\"https:\/\/i0.wp.com\/elregionalvm.com.ar\/noticias-villa-maria\/wp-content\/uploads\/2023\/09\/WhatsApp-Image-2023-09-02-at-11.46.02-1-940x872-1.jpeg?fit=940%2C872&ssl=1\",\"articleSection\":[\"destacado\",\"Policiales\",\"Regi\u00f3n\",\"Sociedad\"],\"inLanguage\":\"es\",\"potentialAction\":[{\"@type\":\"CommentAction\",\"name\":\"Comment\",\"target\":[\"http:\/\/elregionalvm.com.ar\/noticias-villa-maria\/arroyo-cabral-fue-detenido-al-querer-descartar-la-droga-en-su-bano-tras-allanamiento-de-la-fpa-en-su-casa\/#respond\"]}]},{\"@type\":\"WebPage\",\"@id\":\"http:\/\/elregionalvm.com.ar\/noticias-villa-maria\/arroyo-cabral-fue-detenido-al-querer-descartar-la-droga-en-su-bano-tras-allanamiento-de-la-fpa-en-su-casa\/\",\"url\":\"http:\/\/elregionalvm.com.ar\/noticias-villa-maria\/arroyo-cabral-fue-detenido-al-querer-descartar-la-droga-en-su-bano-tras-allanamiento-de-la-fpa-en-su-casa\/\",\"name\":\"Arroyo Cabral: fue detenido al querer descartar la droga en su ba\u00f1o, tras allanamiento de la FPA en su casa - El Regional\",\"isPartOf\":{\"@id\":\"http:\/\/elregionalvm.com.ar\/noticias-villa-maria\/#website\"},\"primaryImageOfPage\":{\"@id\":\"http:\/\/elregionalvm.com.ar\/noticias-villa-maria\/arroyo-cabral-fue-detenido-al-querer-descartar-la-droga-en-su-bano-tras-allanamiento-de-la-fpa-en-su-casa\/#primaryimage\"},\"image\":{\"@id\":\"http:\/\/elregionalvm.com.ar\/noticias-villa-maria\/arroyo-cabral-fue-detenido-al-querer-descartar-la-droga-en-su-bano-tras-allanamiento-de-la-fpa-en-su-casa\/#primaryimage\"},\"thumbnailUrl\":\"https:\/\/i0.wp.com\/elregionalvm.com.ar\/noticias-villa-maria\/wp-content\/uploads\/2023\/09\/WhatsApp-Image-2023-09-02-at-11.46.02-1-940x872-1.jpeg?fit=940%2C872&ssl=1\",\"datePublished\":\"2023-09-04T23:07:55+00:00\",\"dateModified\":\"2023-09-04T23:07:57+00:00\",\"author\":{\"@id\":\"http:\/\/elregionalvm.com.ar\/noticias-villa-maria\/#\/schema\/person\/a0fb9c422317faca23d50163151bc354\"},\"breadcrumb\":{\"@id\":\"http:\/\/elregionalvm.com.ar\/noticias-villa-maria\/arroyo-cabral-fue-detenido-al-querer-descartar-la-droga-en-su-bano-tras-allanamiento-de-la-fpa-en-su-casa\/#breadcrumb\"},\"inLanguage\":\"es\",\"potentialAction\":[{\"@type\":\"ReadAction\",\"target\":[\"http:\/\/elregionalvm.com.ar\/noticias-villa-maria\/arroyo-cabral-fue-detenido-al-querer-descartar-la-droga-en-su-bano-tras-allanamiento-de-la-fpa-en-su-casa\/\"]}]},{\"@type\":\"ImageObject\",\"inLanguage\":\"es\",\"@id\":\"http:\/\/elregionalvm.com.ar\/noticias-villa-maria\/arroyo-cabral-fue-detenido-al-querer-descartar-la-droga-en-su-bano-tras-allanamiento-de-la-fpa-en-su-casa\/#primaryimage\",\"url\":\"https:\/\/i0.wp.com\/elregionalvm.com.ar\/noticias-villa-maria\/wp-content\/uploads\/2023\/09\/WhatsApp-Image-2023-09-02-at-11.46.02-1-940x872-1.jpeg?fit=940%2C872&ssl=1\",\"contentUrl\":\"https:\/\/i0.wp.com\/elregionalvm.com.ar\/noticias-villa-maria\/wp-content\/uploads\/2023\/09\/WhatsApp-Image-2023-09-02-at-11.46.02-1-940x872-1.jpeg?fit=940%2C872&ssl=1\",\"width\":940,\"height\":872},{\"@type\":\"BreadcrumbList\",\"@id\":\"http:\/\/elregionalvm.com.ar\/noticias-villa-maria\/arroyo-cabral-fue-detenido-al-querer-descartar-la-droga-en-su-bano-tras-allanamiento-de-la-fpa-en-su-casa\/#breadcrumb\",\"itemListElement\":[{\"@type\":\"ListItem\",\"position\":1,\"name\":\"Portada\",\"item\":\"https:\/\/elregionalvm.com.ar\/noticias-villa-maria\/\"},{\"@type\":\"ListItem\",\"position\":2,\"name\":\"Arroyo Cabral: fue detenido al querer descartar la droga en su ba\u00f1o, tras allanamiento de la FPA en su casa\"}]},{\"@type\":\"WebSite\",\"@id\":\"http:\/\/elregionalvm.com.ar\/noticias-villa-maria\/#website\",\"url\":\"http:\/\/elregionalvm.com.ar\/noticias-villa-maria\/\",\"name\":\"El Regional\",\"description\":\"Mucho m\u00e1s que informaci\u00f3n\",\"potentialAction\":[{\"@type\":\"SearchAction\",\"target\":{\"@type\":\"EntryPoint\",\"urlTemplate\":\"http:\/\/elregionalvm.com.ar\/noticias-villa-maria\/?s={search_term_string}\"},\"query-input\":{\"@type\":\"PropertyValueSpecification\",\"valueRequired\":true,\"valueName\":\"search_term_string\"}}],\"inLanguage\":\"es\"},{\"@type\":\"Person\",\"@id\":\"http:\/\/elregionalvm.com.ar\/noticias-villa-maria\/#\/schema\/person\/a0fb9c422317faca23d50163151bc354\",\"name\":\"Contenidos El Regional\",\"image\":{\"@type\":\"ImageObject\",\"inLanguage\":\"es\",\"@id\":\"http:\/\/elregionalvm.com.ar\/noticias-villa-maria\/#\/schema\/person\/image\/\",\"url\":\"https:\/\/secure.gravatar.com\/avatar\/265b27cb2209af7bb3a1318f03305787d7981a5cc6e6cd08fe5a4ecdf99d4b48?s=96&d=mm&r=g\",\"contentUrl\":\"https:\/\/secure.gravatar.com\/avatar\/265b27cb2209af7bb3a1318f03305787d7981a5cc6e6cd08fe5a4ecdf99d4b48?s=96&d=mm&r=g\",\"caption\":\"Contenidos El Regional\"},\"url\":\"https:\/\/elregionalvm.com.ar\/noticias-villa-maria\/author\/contenido\/\"}]}<\/script>\n<!-- \/ Yoast SEO plugin. -->","yoast_head_json":{"title":"Arroyo Cabral: fue detenido al querer descartar la droga en su ba\u00f1o, tras allanamiento de la FPA en su casa - El Regional","robots":{"index":"index","follow":"follow","max-snippet":"max-snippet:-1","max-image-preview":"max-image-preview:large","max-video-preview":"max-video-preview:-1"},"canonical":"http:\/\/elregionalvm.com.ar\/noticias-villa-maria\/arroyo-cabral-fue-detenido-al-querer-descartar-la-droga-en-su-bano-tras-allanamiento-de-la-fpa-en-su-casa\/","og_locale":"es_ES","og_type":"article","og_title":"Arroyo Cabral: fue detenido al querer descartar la droga en su ba\u00f1o, tras allanamiento de la FPA en su casa - El Regional","og_description":"En una investigaci\u00f3n dirigida por el Ministerio P\u00fablico Fiscal y luego de diversos llamados al Centro de Denuncias An\u00f3nimas (0800-888-8080), personal de la Fuerza Policial Antinarcotr\u00e1fico cerr\u00f3 un punto de venta, detuvo a un narcomenudista mayor de edad y secuestr\u00f3 estupefacientes en la localidad de Arroyo Cabral. El investigado estaba en el patio de su [&hellip;]","og_url":"http:\/\/elregionalvm.com.ar\/noticias-villa-maria\/arroyo-cabral-fue-detenido-al-querer-descartar-la-droga-en-su-bano-tras-allanamiento-de-la-fpa-en-su-casa\/","og_site_name":"El Regional","article_publisher":"https:\/\/www.facebook.com\/elregionalvm","article_published_time":"2023-09-04T23:07:55+00:00","article_modified_time":"2023-09-04T23:07:57+00:00","og_image":[{"width":940,"height":872,"url":"http:\/\/elregionalvm.com.ar\/noticias-villa-maria\/wp-content\/uploads\/2023\/09\/WhatsApp-Image-2023-09-02-at-11.46.02-1-940x872-1.jpeg","type":"image\/jpeg"}],"author":"Contenidos El Regional","twitter_card":"summary_large_image","twitter_creator":"@elregionalvm1","twitter_site":"@elregionalvm1","twitter_misc":{"Escrito por":"Contenidos El Regional","Tiempo de lectura":"2 minutos"},"schema":{"@context":"https:\/\/schema.org","@graph":[{"@type":"Article","@id":"http:\/\/elregionalvm.com.ar\/noticias-villa-maria\/arroyo-cabral-fue-detenido-al-querer-descartar-la-droga-en-su-bano-tras-allanamiento-de-la-fpa-en-su-casa\/#article","isPartOf":{"@id":"http:\/\/elregionalvm.com.ar\/noticias-villa-maria\/arroyo-cabral-fue-detenido-al-querer-descartar-la-droga-en-su-bano-tras-allanamiento-de-la-fpa-en-su-casa\/"},"author":{"name":"Contenidos El Regional","@id":"http:\/\/elregionalvm.com.ar\/noticias-villa-maria\/#\/schema\/person\/a0fb9c422317faca23d50163151bc354"},"headline":"Arroyo Cabral: fue detenido al querer descartar la droga en su ba\u00f1o, tras allanamiento de la FPA en su casa","datePublished":"2023-09-04T23:07:55+00:00","dateModified":"2023-09-04T23:07:57+00:00","mainEntityOfPage":{"@id":"http:\/\/elregionalvm.com.ar\/noticias-villa-maria\/arroyo-cabral-fue-detenido-al-querer-descartar-la-droga-en-su-bano-tras-allanamiento-de-la-fpa-en-su-casa\/"},"wordCount":205,"commentCount":0,"image":{"@id":"http:\/\/elregionalvm.com.ar\/noticias-villa-maria\/arroyo-cabral-fue-detenido-al-querer-descartar-la-droga-en-su-bano-tras-allanamiento-de-la-fpa-en-su-casa\/#primaryimage"},"thumbnailUrl":"https:\/\/i0.wp.com\/elregionalvm.com.ar\/noticias-villa-maria\/wp-content\/uploads\/2023\/09\/WhatsApp-Image-2023-09-02-at-11.46.02-1-940x872-1.jpeg?fit=940%2C872&ssl=1","articleSection":["destacado","Policiales","Regi\u00f3n","Sociedad"],"inLanguage":"es","potentialAction":[{"@type":"CommentAction","name":"Comment","target":["http:\/\/elregionalvm.com.ar\/noticias-villa-maria\/arroyo-cabral-fue-detenido-al-querer-descartar-la-droga-en-su-bano-tras-allanamiento-de-la-fpa-en-su-casa\/#respond"]}]},{"@type":"WebPage","@id":"http:\/\/elregionalvm.com.ar\/noticias-villa-maria\/arroyo-cabral-fue-detenido-al-querer-descartar-la-droga-en-su-bano-tras-allanamiento-de-la-fpa-en-su-casa\/","url":"http:\/\/elregionalvm.com.ar\/noticias-villa-maria\/arroyo-cabral-fue-detenido-al-querer-descartar-la-droga-en-su-bano-tras-allanamiento-de-la-fpa-en-su-casa\/","name":"Arroyo Cabral: fue detenido al querer descartar la droga en su ba\u00f1o, tras allanamiento de la FPA en su casa - El Regional","isPartOf":{"@id":"http:\/\/elregionalvm.com.ar\/noticias-villa-maria\/#website"},"primaryImageOfPage":{"@id":"http:\/\/elregionalvm.com.ar\/noticias-villa-maria\/arroyo-cabral-fue-detenido-al-querer-descartar-la-droga-en-su-bano-tras-allanamiento-de-la-fpa-en-su-casa\/#primaryimage"},"image":{"@id":"http:\/\/elregionalvm.com.ar\/noticias-villa-maria\/arroyo-cabral-fue-detenido-al-querer-descartar-la-droga-en-su-bano-tras-allanamiento-de-la-fpa-en-su-casa\/#primaryimage"},"thumbnailUrl":"https:\/\/i0.wp.com\/elregionalvm.com.ar\/noticias-villa-maria\/wp-content\/uploads\/2023\/09\/WhatsApp-Image-2023-09-02-at-11.46.02-1-940x872-1.jpeg?fit=940%2C872&ssl=1","datePublished":"2023-09-04T23:07:55+00:00","dateModified":"2023-09-04T23:07:57+00:00","author":{"@id":"http:\/\/elregionalvm.com.ar\/noticias-villa-maria\/#\/schema\/person\/a0fb9c422317faca23d50163151bc354"},"breadcrumb":{"@id":"http:\/\/elregionalvm.com.ar\/noticias-villa-maria\/arroyo-cabral-fue-detenido-al-querer-descartar-la-droga-en-su-bano-tras-allanamiento-de-la-fpa-en-su-casa\/#breadcrumb"},"inLanguage":"es","potentialAction":[{"@type":"ReadAction","target":["http:\/\/elregionalvm.com.ar\/noticias-villa-maria\/arroyo-cabral-fue-detenido-al-querer-descartar-la-droga-en-su-bano-tras-allanamiento-de-la-fpa-en-su-casa\/"]}]},{"@type":"ImageObject","inLanguage":"es","@id":"http:\/\/elregionalvm.com.ar\/noticias-villa-maria\/arroyo-cabral-fue-detenido-al-querer-descartar-la-droga-en-su-bano-tras-allanamiento-de-la-fpa-en-su-casa\/#primaryimage","url":"https:\/\/i0.wp.com\/elregionalvm.com.ar\/noticias-villa-maria\/wp-content\/uploads\/2023\/09\/WhatsApp-Image-2023-09-02-at-11.46.02-1-940x872-1.jpeg?fit=940%2C872&ssl=1","contentUrl":"https:\/\/i0.wp.com\/elregionalvm.com.ar\/noticias-villa-maria\/wp-content\/uploads\/2023\/09\/WhatsApp-Image-2023-09-02-at-11.46.02-1-940x872-1.jpeg?fit=940%2C872&ssl=1","width":940,"height":872},{"@type":"BreadcrumbList","@id":"http:\/\/elregionalvm.com.ar\/noticias-villa-maria\/arroyo-cabral-fue-detenido-al-querer-descartar-la-droga-en-su-bano-tras-allanamiento-de-la-fpa-en-su-casa\/#breadcrumb","itemListElement":[{"@type":"ListItem","position":1,"name":"Portada","item":"https:\/\/elregionalvm.com.ar\/noticias-villa-maria\/"},{"@type":"ListItem","position":2,"name":"Arroyo Cabral: fue detenido al querer descartar la droga en su ba\u00f1o, tras allanamiento de la FPA en su casa"}]},{"@type":"WebSite","@id":"http:\/\/elregionalvm.com.ar\/noticias-villa-maria\/#website","url":"http:\/\/elregionalvm.com.ar\/noticias-villa-maria\/","name":"El Regional","description":"Mucho m\u00e1s que informaci\u00f3n","potentialAction":[{"@type":"SearchAction","target":{"@type":"EntryPoint","urlTemplate":"http:\/\/elregionalvm.com.ar\/noticias-villa-maria\/?s={search_term_string}"},"query-input":{"@type":"PropertyValueSpecification","valueRequired":true,"valueName":"search_term_string"}}],"inLanguage":"es"},{"@type":"Person","@id":"http:\/\/elregionalvm.com.ar\/noticias-villa-maria\/#\/schema\/person\/a0fb9c422317faca23d50163151bc354","name":"Contenidos El Regional","image":{"@type":"ImageObject","inLanguage":"es","@id":"http:\/\/elregionalvm.com.ar\/noticias-villa-maria\/#\/schema\/person\/image\/","url":"https:\/\/secure.gravatar.com\/avatar\/265b27cb2209af7bb3a1318f03305787d7981a5cc6e6cd08fe5a4ecdf99d4b48?s=96&d=mm&r=g","contentUrl":"https:\/\/secure.gravatar.com\/avatar\/265b27cb2209af7bb3a1318f03305787d7981a5cc6e6cd08fe5a4ecdf99d4b48?s=96&d=mm&r=g","caption":"Contenidos El Regional"},"url":"https:\/\/elregionalvm.com.ar\/noticias-villa-maria\/author\/contenido\/"}]}},"jetpack_featured_media_url":"https:\/\/i0.wp.com\/elregionalvm.com.ar\/noticias-villa-maria\/wp-content\/uploads\/2023\/09\/WhatsApp-Image-2023-09-02-at-11.46.02-1-940x872-1.jpeg?fit=940%2C872&ssl=1","jetpack_sharing_enabled":true,"_links":{"self":[{"href":"https:\/\/elregionalvm.com.ar\/noticias-villa-maria\/wp-json\/wp\/v2\/posts\/82017","targetHints":{"allow":["GET"]}}],"collection":[{"href":"https:\/\/elregionalvm.com.ar\/noticias-villa-maria\/wp-json\/wp\/v2\/posts"}],"about":[{"href":"https:\/\/elregionalvm.com.ar\/noticias-villa-maria\/wp-json\/wp\/v2\/types\/post"}],"author":[{"embeddable":true,"href":"https:\/\/elregionalvm.com.ar\/noticias-villa-maria\/wp-json\/wp\/v2\/users\/4"}],"replies":[{"embeddable":true,"href":"https:\/\/elregionalvm.com.ar\/noticias-villa-maria\/wp-json\/wp\/v2\/comments?post=82017"}],"version-history":[{"count":1,"href":"https:\/\/elregionalvm.com.ar\/noticias-villa-maria\/wp-json\/wp\/v2\/posts\/82017\/revisions"}],"predecessor-version":[{"id":82021,"href":"https:\/\/elregionalvm.com.ar\/noticias-villa-maria\/wp-json\/wp\/v2\/posts\/82017\/revisions\/82021"}],"wp:featuredmedia":[{"embeddable":true,"href":"https:\/\/elregionalvm.com.ar\/noticias-villa-maria\/wp-json\/wp\/v2\/media\/82019"}],"wp:attachment":[{"href":"https:\/\/elregionalvm.com.ar\/noticias-villa-maria\/wp-json\/wp\/v2\/media?parent=82017"}],"wp:term":[{"taxonomy":"category","embeddable":true,"href":"https:\/\/elregionalvm.com.ar\/noticias-villa-maria\/wp-json\/wp\/v2\/categories?post=82017"},{"taxonomy":"post_tag","embeddable":true,"href":"https:\/\/elregionalvm.com.ar\/noticias-villa-maria\/wp-json\/wp\/v2\/tags?post=82017"}],"curies":[{"name":"wp","href":"https:\/\/api.w.org\/{rel}","templated":true}]}}