{"id":82042,"date":"2023-09-05T01:48:27","date_gmt":"2023-09-05T01:48:27","guid":{"rendered":"https:\/\/elregionalvm.com.ar\/noticias-villa-maria\/?p=82042"},"modified":"2023-09-07T21:42:48","modified_gmt":"2023-09-07T21:42:48","slug":"opinion-la-belleza-no-es-sinonimo-de-felicidad","status":"publish","type":"post","link":"https:\/\/elregionalvm.com.ar\/noticias-villa-maria\/opinion-la-belleza-no-es-sinonimo-de-felicidad\/","title":{"rendered":"[Opini\u00f3n] La belleza no es sin\u00f3nimo de felicidad"},"content":{"rendered":"\n<p><\/p>\n\n\n\n<p><strong>Escribe: Dr. Manuel Garma (M\u00e9dico Traumat\u00f3logo)<\/strong><\/p>\n\n\n\n<p><\/p>\n\n\n\n<p>Argentina es el segundo pa\u00eds a nivel mundial con m\u00e1s casos de trastornos alimenticios\u2026<\/p>\n\n\n\n<p>Las mujeres son las que m\u00e1s padecen anorexia y bulimia\u2026<\/p>\n\n\n\n<p>\u00bfPor qu\u00e9?<\/p>\n\n\n\n<p>Por la presi\u00f3n social que se les imponen a sus cuerpos constantemente\u2026<\/p>\n\n\n\n<p>Nadie quiere hacerse una cirug\u00eda\u2026<\/p>\n\n\n\n<p>Nadie entra feliz a un quir\u00f3fano\u2026 Nadie disfruta inyectarse cosas por todos lados para sentirse mejor\u2026<\/p>\n\n\n\n<p>Pero se hace, porque una sociedad entera sigue haci\u00e9ndonos creer que la belleza es sin\u00f3nimo de felicidad\u2026<\/p>\n\n\n\n<p><strong>\u00bfPero qu\u00e9 felicidad? \u00bfQu\u00e9 belleza?<\/strong><\/p>\n\n\n\n<p>Si estamos hablando de estereotipos inalcanzables.<\/p>\n\n\n\n<p>Si sabemos que las mujeres m\u00e1s bellas, tambi\u00e9n sufren de dismorfia corporal (no aceptan su cuerpo).<\/p>\n\n\n\n<p><\/p>\n\n\n\n<figure class=\"wp-block-image size-large\"><img data-recalc-dims=\"1\" fetchpriority=\"high\" decoding=\"async\" width=\"1024\" height=\"737\" src=\"https:\/\/i0.wp.com\/elregionalvm.com.ar\/noticias-villa-maria\/wp-content\/uploads\/2023\/09\/dieta-trastorno-alimenticio.jpg?resize=1024%2C737&#038;ssl=1\" alt=\"\" class=\"wp-image-82044\" srcset=\"https:\/\/i0.wp.com\/elregionalvm.com.ar\/noticias-villa-maria\/wp-content\/uploads\/2023\/09\/dieta-trastorno-alimenticio.jpg?resize=1024%2C737&amp;ssl=1 1024w, https:\/\/i0.wp.com\/elregionalvm.com.ar\/noticias-villa-maria\/wp-content\/uploads\/2023\/09\/dieta-trastorno-alimenticio.jpg?resize=300%2C216&amp;ssl=1 300w, https:\/\/i0.wp.com\/elregionalvm.com.ar\/noticias-villa-maria\/wp-content\/uploads\/2023\/09\/dieta-trastorno-alimenticio.jpg?resize=768%2C553&amp;ssl=1 768w, https:\/\/i0.wp.com\/elregionalvm.com.ar\/noticias-villa-maria\/wp-content\/uploads\/2023\/09\/dieta-trastorno-alimenticio.jpg?w=1200&amp;ssl=1 1200w\" sizes=\"(max-width: 1000px) 100vw, 1000px\" \/><\/figure>\n\n\n\n<p><\/p>\n\n\n\n<p>No importa qu\u00e9 tan perfecta seas, siempre te va a faltar algo o sobrar aquello.<\/p>\n\n\n\n<p>Estos discursos siguen circulando en nuestra sociedad.<\/p>\n\n\n\n<p>En las noticias.<\/p>\n\n\n\n<p>En los creadores de contenido.<\/p>\n\n\n\n<p>En las publicidades.<\/p>\n\n\n\n<p>En los maniqu\u00edes de las vidrieras.<\/p>\n\n\n\n<p>En los programas de televisi\u00f3n.<\/p>\n\n\n\n<p>En nuestros propios comentarios: cuando halagamos la delgadez, cuando opinamos de otro cuerpo, cuando la industria nos vende y los dem\u00e1s consumen como un producto elaborado para el morbo masculino\u2026<\/p>\n\n\n\n<p><\/p>\n\n\n\n<figure class=\"wp-block-pullquote\"><blockquote><p><strong>Una sociedad entera sigue haci\u00e9ndonos creer que la belleza es sin\u00f3nimo de felicidad<\/strong><\/p><\/blockquote><\/figure>\n\n\n\n<p><\/p>\n\n\n\n<p>Estamos adhiriendo a un estereotipo que nos lastima\u2026<\/p>\n\n\n\n<p>Lo seguimos abrazando\u2026<\/p>\n\n\n\n<p>Lo seguimos consumiendo\u2026<\/p>\n\n\n\n<p>La sociedad nos sigue lastimando\u2026<\/p>\n\n\n\n<p>Nadie quiere entrar a un quir\u00f3fano del que no sabe si va a salir vivo\/a\u2026<\/p>\n\n\n\n<p>Nadie elige padecer una inseguridad que nace de afuera, de la mirada social sancionadora a la imperfecci\u00f3n est\u00e9tica\u2026<\/p>\n\n\n\n<p>La violencia est\u00e9tica nos mata y nos enferma\u2026<\/p>\n\n\n\n<p>Todo el tiempo\u2026<\/p>\n\n\n\n<p>PD: Cuando lo externo prevalece sobre lo interno, aparecen las consecuencias\u2026<\/p>\n\n\n\n<p><\/p>\n\n\n\n<p><\/p>\n\n\n\n<h3 class=\"wp-block-heading\"><strong>Tambi\u00e9n pod\u00e9s ver: <\/strong><\/h3>\n\n\n\n<p><\/p>\n\n\n\n<p><\/p>\n\n\n\n<figure class=\"wp-block-embed is-type-wp-embed is-provider-el-regional wp-block-embed-el-regional\"><div class=\"wp-block-embed__wrapper\">\n<blockquote class=\"wp-embedded-content\" data-secret=\"dPBPeej6aF\"><a href=\"https:\/\/elregionalvm.com.ar\/noticias-villa-maria\/obesidad-y-salud-mental-gordofobia-y-las-falsas-creencias-entorno-a-la-obesidad\/\">Obesidad y Salud Mental: gordofobia y las falsas creencias en torno a la obesidad<\/a><\/blockquote><iframe class=\"wp-embedded-content\" sandbox=\"allow-scripts\" security=\"restricted\" style=\"position: absolute; visibility: hidden;\" title=\"\u00abObesidad y Salud Mental: gordofobia y las falsas creencias en torno a la obesidad\u00bb \u2014 El Regional\" src=\"https:\/\/elregionalvm.com.ar\/noticias-villa-maria\/obesidad-y-salud-mental-gordofobia-y-las-falsas-creencias-entorno-a-la-obesidad\/embed\/#?secret=FJ7OtRJ96H#?secret=dPBPeej6aF\" data-secret=\"dPBPeej6aF\" width=\"500\" height=\"282\" frameborder=\"0\" marginwidth=\"0\" marginheight=\"0\" scrolling=\"no\"><\/iframe>\n<\/div><\/figure>\n\n\n\n<p><\/p>\n","protected":false},"excerpt":{"rendered":"<p>Escribe: Dr. Manuel Garma (M\u00e9dico Traumat\u00f3logo) Argentina es el segundo pa\u00eds a nivel mundial con m\u00e1s casos de trastornos alimenticios\u2026 Las mujeres son las que m\u00e1s padecen anorexia y bulimia\u2026 \u00bfPor qu\u00e9? Por la presi\u00f3n social que se les imponen a sus cuerpos constantemente\u2026 Nadie quiere hacerse una cirug\u00eda\u2026 Nadie entra feliz a un quir\u00f3fano\u2026 [&hellip;]<\/p>\n","protected":false},"author":4,"featured_media":82043,"comment_status":"open","ping_status":"open","sticky":false,"template":"","format":"standard","meta":{"site-sidebar-layout":"default","site-content-layout":"","ast-site-content-layout":"default","site-content-style":"default","site-sidebar-style":"default","ast-global-header-display":"","ast-banner-title-visibility":"","ast-main-header-display":"","ast-hfb-above-header-display":"","ast-hfb-below-header-display":"","ast-hfb-mobile-header-display":"","site-post-title":"","ast-breadcrumbs-content":"","ast-featured-img":"","footer-sml-layout":"","ast-disable-related-posts":"","theme-transparent-header-meta":"","adv-header-id-meta":"","stick-header-meta":"","header-above-stick-meta":"","header-main-stick-meta":"","header-below-stick-meta":"","astra-migrate-meta-layouts":"set","ast-page-background-enabled":"default","ast-page-background-meta":{"desktop":{"background-color":"","background-image":"","background-repeat":"repeat","background-position":"center center","background-size":"auto","background-attachment":"scroll","background-type":"","background-media":"","overlay-type":"","overlay-color":"","overlay-opacity":"","overlay-gradient":""},"tablet":{"background-color":"","background-image":"","background-repeat":"repeat","background-position":"center center","background-size":"auto","background-attachment":"scroll","background-type":"","background-media":"","overlay-type":"","overlay-color":"","overlay-opacity":"","overlay-gradient":""},"mobile":{"background-color":"","background-image":"","background-repeat":"repeat","background-position":"center center","background-size":"auto","background-attachment":"scroll","background-type":"","background-media":"","overlay-type":"","overlay-color":"","overlay-opacity":"","overlay-gradient":""}},"ast-content-background-meta":{"desktop":{"background-color":"var(--ast-global-color-5)","background-image":"","background-repeat":"repeat","background-position":"center center","background-size":"auto","background-attachment":"scroll","background-type":"","background-media":"","overlay-type":"","overlay-color":"","overlay-opacity":"","overlay-gradient":""},"tablet":{"background-color":"var(--ast-global-color-5)","background-image":"","background-repeat":"repeat","background-position":"center center","background-size":"auto","background-attachment":"scroll","background-type":"","background-media":"","overlay-type":"","overlay-color":"","overlay-opacity":"","overlay-gradient":""},"mobile":{"background-color":"var(--ast-global-color-5)","background-image":"","background-repeat":"repeat","background-position":"center center","background-size":"auto","background-attachment":"scroll","background-type":"","background-media":"","overlay-type":"","overlay-color":"","overlay-opacity":"","overlay-gradient":""}},"_jetpack_memberships_contains_paid_content":false,"_joinchat":[],"footnotes":""},"categories":[365,3557],"tags":[734,3078,4728,22830,22831,22829,22832],"class_list":["post-82042","post","type-post","status-publish","format-standard","has-post-thumbnail","hentry","category-opinion","category-tercera","tag-belleza","tag-cirugia","tag-felicidad","tag-manuel-garma","tag-presion-social","tag-silvina-luna","tag-trastornos-alimenticios"],"yoast_head":"<!-- This site is optimized with the Yoast SEO plugin v26.8 - https:\/\/yoast.com\/product\/yoast-seo-wordpress\/ -->\n<title>[Opini\u00f3n] La belleza no es sin\u00f3nimo de felicidad - El Regional<\/title>\n<meta name=\"robots\" content=\"index, follow, max-snippet:-1, max-image-preview:large, max-video-preview:-1\" \/>\n<link rel=\"canonical\" href=\"http:\/\/elregionalvm.com.ar\/noticias-villa-maria\/opinion-la-belleza-no-es-sinonimo-de-felicidad\/\" \/>\n<meta property=\"og:locale\" content=\"es_ES\" \/>\n<meta property=\"og:type\" content=\"article\" \/>\n<meta property=\"og:title\" content=\"[Opini\u00f3n] La belleza no es sin\u00f3nimo de felicidad - El Regional\" \/>\n<meta property=\"og:description\" content=\"Escribe: Dr. Manuel Garma (M\u00e9dico Traumat\u00f3logo) Argentina es el segundo pa\u00eds a nivel mundial con m\u00e1s casos de trastornos alimenticios\u2026 Las mujeres son las que m\u00e1s padecen anorexia y bulimia\u2026 \u00bfPor qu\u00e9? Por la presi\u00f3n social que se les imponen a sus cuerpos constantemente\u2026 Nadie quiere hacerse una cirug\u00eda\u2026 Nadie entra feliz a un quir\u00f3fano\u2026 [&hellip;]\" \/>\n<meta property=\"og:url\" content=\"http:\/\/elregionalvm.com.ar\/noticias-villa-maria\/opinion-la-belleza-no-es-sinonimo-de-felicidad\/\" \/>\n<meta property=\"og:site_name\" content=\"El Regional\" \/>\n<meta property=\"article:publisher\" content=\"https:\/\/www.facebook.com\/elregionalvm\" \/>\n<meta property=\"article:published_time\" content=\"2023-09-05T01:48:27+00:00\" \/>\n<meta property=\"article:modified_time\" content=\"2023-09-07T21:42:48+00:00\" \/>\n<meta property=\"og:image\" content=\"http:\/\/elregionalvm.com.ar\/noticias-villa-maria\/wp-content\/uploads\/2023\/09\/silvina-Luna.jpeg\" \/>\n\t<meta property=\"og:image:width\" content=\"1200\" \/>\n\t<meta property=\"og:image:height\" content=\"900\" \/>\n\t<meta property=\"og:image:type\" content=\"image\/jpeg\" \/>\n<meta name=\"author\" content=\"Contenidos El Regional\" \/>\n<meta name=\"twitter:card\" content=\"summary_large_image\" \/>\n<meta name=\"twitter:creator\" content=\"@elregionalvm1\" \/>\n<meta name=\"twitter:site\" content=\"@elregionalvm1\" \/>\n<meta name=\"twitter:label1\" content=\"Escrito por\" \/>\n\t<meta name=\"twitter:data1\" content=\"Contenidos El Regional\" \/>\n\t<meta name=\"twitter:label2\" content=\"Tiempo de lectura\" \/>\n\t<meta name=\"twitter:data2\" content=\"2 minutos\" \/>\n<script type=\"application\/ld+json\" class=\"yoast-schema-graph\">{\"@context\":\"https:\/\/schema.org\",\"@graph\":[{\"@type\":\"Article\",\"@id\":\"http:\/\/elregionalvm.com.ar\/noticias-villa-maria\/opinion-la-belleza-no-es-sinonimo-de-felicidad\/#article\",\"isPartOf\":{\"@id\":\"http:\/\/elregionalvm.com.ar\/noticias-villa-maria\/opinion-la-belleza-no-es-sinonimo-de-felicidad\/\"},\"author\":{\"name\":\"Contenidos El Regional\",\"@id\":\"http:\/\/elregionalvm.com.ar\/noticias-villa-maria\/#\/schema\/person\/a0fb9c422317faca23d50163151bc354\"},\"headline\":\"[Opini\u00f3n] La belleza no es sin\u00f3nimo de felicidad\",\"datePublished\":\"2023-09-05T01:48:27+00:00\",\"dateModified\":\"2023-09-07T21:42:48+00:00\",\"mainEntityOfPage\":{\"@id\":\"http:\/\/elregionalvm.com.ar\/noticias-villa-maria\/opinion-la-belleza-no-es-sinonimo-de-felicidad\/\"},\"wordCount\":313,\"commentCount\":0,\"image\":{\"@id\":\"http:\/\/elregionalvm.com.ar\/noticias-villa-maria\/opinion-la-belleza-no-es-sinonimo-de-felicidad\/#primaryimage\"},\"thumbnailUrl\":\"https:\/\/i0.wp.com\/elregionalvm.com.ar\/noticias-villa-maria\/wp-content\/uploads\/2023\/09\/silvina-Luna.jpeg?fit=1200%2C900&ssl=1\",\"keywords\":[\"Belleza\",\"Cirug\u00eda\",\"Felicidad\",\"Manuel Garma\",\"presi\u00f3n social\",\"Silvina Luna\",\"trastornos alimenticios\"],\"articleSection\":[\"Opini\u00f3n\",\"tercera\"],\"inLanguage\":\"es\",\"potentialAction\":[{\"@type\":\"CommentAction\",\"name\":\"Comment\",\"target\":[\"http:\/\/elregionalvm.com.ar\/noticias-villa-maria\/opinion-la-belleza-no-es-sinonimo-de-felicidad\/#respond\"]}]},{\"@type\":\"WebPage\",\"@id\":\"http:\/\/elregionalvm.com.ar\/noticias-villa-maria\/opinion-la-belleza-no-es-sinonimo-de-felicidad\/\",\"url\":\"http:\/\/elregionalvm.com.ar\/noticias-villa-maria\/opinion-la-belleza-no-es-sinonimo-de-felicidad\/\",\"name\":\"[Opini\u00f3n] La belleza no es sin\u00f3nimo de felicidad - El Regional\",\"isPartOf\":{\"@id\":\"http:\/\/elregionalvm.com.ar\/noticias-villa-maria\/#website\"},\"primaryImageOfPage\":{\"@id\":\"http:\/\/elregionalvm.com.ar\/noticias-villa-maria\/opinion-la-belleza-no-es-sinonimo-de-felicidad\/#primaryimage\"},\"image\":{\"@id\":\"http:\/\/elregionalvm.com.ar\/noticias-villa-maria\/opinion-la-belleza-no-es-sinonimo-de-felicidad\/#primaryimage\"},\"thumbnailUrl\":\"https:\/\/i0.wp.com\/elregionalvm.com.ar\/noticias-villa-maria\/wp-content\/uploads\/2023\/09\/silvina-Luna.jpeg?fit=1200%2C900&ssl=1\",\"datePublished\":\"2023-09-05T01:48:27+00:00\",\"dateModified\":\"2023-09-07T21:42:48+00:00\",\"author\":{\"@id\":\"http:\/\/elregionalvm.com.ar\/noticias-villa-maria\/#\/schema\/person\/a0fb9c422317faca23d50163151bc354\"},\"breadcrumb\":{\"@id\":\"http:\/\/elregionalvm.com.ar\/noticias-villa-maria\/opinion-la-belleza-no-es-sinonimo-de-felicidad\/#breadcrumb\"},\"inLanguage\":\"es\",\"potentialAction\":[{\"@type\":\"ReadAction\",\"target\":[\"http:\/\/elregionalvm.com.ar\/noticias-villa-maria\/opinion-la-belleza-no-es-sinonimo-de-felicidad\/\"]}]},{\"@type\":\"ImageObject\",\"inLanguage\":\"es\",\"@id\":\"http:\/\/elregionalvm.com.ar\/noticias-villa-maria\/opinion-la-belleza-no-es-sinonimo-de-felicidad\/#primaryimage\",\"url\":\"https:\/\/i0.wp.com\/elregionalvm.com.ar\/noticias-villa-maria\/wp-content\/uploads\/2023\/09\/silvina-Luna.jpeg?fit=1200%2C900&ssl=1\",\"contentUrl\":\"https:\/\/i0.wp.com\/elregionalvm.com.ar\/noticias-villa-maria\/wp-content\/uploads\/2023\/09\/silvina-Luna.jpeg?fit=1200%2C900&ssl=1\",\"width\":1200,\"height\":900},{\"@type\":\"BreadcrumbList\",\"@id\":\"http:\/\/elregionalvm.com.ar\/noticias-villa-maria\/opinion-la-belleza-no-es-sinonimo-de-felicidad\/#breadcrumb\",\"itemListElement\":[{\"@type\":\"ListItem\",\"position\":1,\"name\":\"Portada\",\"item\":\"https:\/\/elregionalvm.com.ar\/noticias-villa-maria\/\"},{\"@type\":\"ListItem\",\"position\":2,\"name\":\"[Opini\u00f3n] La belleza no es sin\u00f3nimo de felicidad\"}]},{\"@type\":\"WebSite\",\"@id\":\"http:\/\/elregionalvm.com.ar\/noticias-villa-maria\/#website\",\"url\":\"http:\/\/elregionalvm.com.ar\/noticias-villa-maria\/\",\"name\":\"El Regional\",\"description\":\"Mucho m\u00e1s que informaci\u00f3n\",\"potentialAction\":[{\"@type\":\"SearchAction\",\"target\":{\"@type\":\"EntryPoint\",\"urlTemplate\":\"http:\/\/elregionalvm.com.ar\/noticias-villa-maria\/?s={search_term_string}\"},\"query-input\":{\"@type\":\"PropertyValueSpecification\",\"valueRequired\":true,\"valueName\":\"search_term_string\"}}],\"inLanguage\":\"es\"},{\"@type\":\"Person\",\"@id\":\"http:\/\/elregionalvm.com.ar\/noticias-villa-maria\/#\/schema\/person\/a0fb9c422317faca23d50163151bc354\",\"name\":\"Contenidos El Regional\",\"image\":{\"@type\":\"ImageObject\",\"inLanguage\":\"es\",\"@id\":\"http:\/\/elregionalvm.com.ar\/noticias-villa-maria\/#\/schema\/person\/image\/\",\"url\":\"https:\/\/secure.gravatar.com\/avatar\/265b27cb2209af7bb3a1318f03305787d7981a5cc6e6cd08fe5a4ecdf99d4b48?s=96&d=mm&r=g\",\"contentUrl\":\"https:\/\/secure.gravatar.com\/avatar\/265b27cb2209af7bb3a1318f03305787d7981a5cc6e6cd08fe5a4ecdf99d4b48?s=96&d=mm&r=g\",\"caption\":\"Contenidos El Regional\"},\"url\":\"https:\/\/elregionalvm.com.ar\/noticias-villa-maria\/author\/contenido\/\"}]}<\/script>\n<!-- \/ Yoast SEO plugin. -->","yoast_head_json":{"title":"[Opini\u00f3n] La belleza no es sin\u00f3nimo de felicidad - El Regional","robots":{"index":"index","follow":"follow","max-snippet":"max-snippet:-1","max-image-preview":"max-image-preview:large","max-video-preview":"max-video-preview:-1"},"canonical":"http:\/\/elregionalvm.com.ar\/noticias-villa-maria\/opinion-la-belleza-no-es-sinonimo-de-felicidad\/","og_locale":"es_ES","og_type":"article","og_title":"[Opini\u00f3n] La belleza no es sin\u00f3nimo de felicidad - El Regional","og_description":"Escribe: Dr. Manuel Garma (M\u00e9dico Traumat\u00f3logo) Argentina es el segundo pa\u00eds a nivel mundial con m\u00e1s casos de trastornos alimenticios\u2026 Las mujeres son las que m\u00e1s padecen anorexia y bulimia\u2026 \u00bfPor qu\u00e9? Por la presi\u00f3n social que se les imponen a sus cuerpos constantemente\u2026 Nadie quiere hacerse una cirug\u00eda\u2026 Nadie entra feliz a un quir\u00f3fano\u2026 [&hellip;]","og_url":"http:\/\/elregionalvm.com.ar\/noticias-villa-maria\/opinion-la-belleza-no-es-sinonimo-de-felicidad\/","og_site_name":"El Regional","article_publisher":"https:\/\/www.facebook.com\/elregionalvm","article_published_time":"2023-09-05T01:48:27+00:00","article_modified_time":"2023-09-07T21:42:48+00:00","og_image":[{"width":1200,"height":900,"url":"http:\/\/elregionalvm.com.ar\/noticias-villa-maria\/wp-content\/uploads\/2023\/09\/silvina-Luna.jpeg","type":"image\/jpeg"}],"author":"Contenidos El Regional","twitter_card":"summary_large_image","twitter_creator":"@elregionalvm1","twitter_site":"@elregionalvm1","twitter_misc":{"Escrito por":"Contenidos El Regional","Tiempo de lectura":"2 minutos"},"schema":{"@context":"https:\/\/schema.org","@graph":[{"@type":"Article","@id":"http:\/\/elregionalvm.com.ar\/noticias-villa-maria\/opinion-la-belleza-no-es-sinonimo-de-felicidad\/#article","isPartOf":{"@id":"http:\/\/elregionalvm.com.ar\/noticias-villa-maria\/opinion-la-belleza-no-es-sinonimo-de-felicidad\/"},"author":{"name":"Contenidos El Regional","@id":"http:\/\/elregionalvm.com.ar\/noticias-villa-maria\/#\/schema\/person\/a0fb9c422317faca23d50163151bc354"},"headline":"[Opini\u00f3n] La belleza no es sin\u00f3nimo de felicidad","datePublished":"2023-09-05T01:48:27+00:00","dateModified":"2023-09-07T21:42:48+00:00","mainEntityOfPage":{"@id":"http:\/\/elregionalvm.com.ar\/noticias-villa-maria\/opinion-la-belleza-no-es-sinonimo-de-felicidad\/"},"wordCount":313,"commentCount":0,"image":{"@id":"http:\/\/elregionalvm.com.ar\/noticias-villa-maria\/opinion-la-belleza-no-es-sinonimo-de-felicidad\/#primaryimage"},"thumbnailUrl":"https:\/\/i0.wp.com\/elregionalvm.com.ar\/noticias-villa-maria\/wp-content\/uploads\/2023\/09\/silvina-Luna.jpeg?fit=1200%2C900&ssl=1","keywords":["Belleza","Cirug\u00eda","Felicidad","Manuel Garma","presi\u00f3n social","Silvina Luna","trastornos alimenticios"],"articleSection":["Opini\u00f3n","tercera"],"inLanguage":"es","potentialAction":[{"@type":"CommentAction","name":"Comment","target":["http:\/\/elregionalvm.com.ar\/noticias-villa-maria\/opinion-la-belleza-no-es-sinonimo-de-felicidad\/#respond"]}]},{"@type":"WebPage","@id":"http:\/\/elregionalvm.com.ar\/noticias-villa-maria\/opinion-la-belleza-no-es-sinonimo-de-felicidad\/","url":"http:\/\/elregionalvm.com.ar\/noticias-villa-maria\/opinion-la-belleza-no-es-sinonimo-de-felicidad\/","name":"[Opini\u00f3n] La belleza no es sin\u00f3nimo de felicidad - El Regional","isPartOf":{"@id":"http:\/\/elregionalvm.com.ar\/noticias-villa-maria\/#website"},"primaryImageOfPage":{"@id":"http:\/\/elregionalvm.com.ar\/noticias-villa-maria\/opinion-la-belleza-no-es-sinonimo-de-felicidad\/#primaryimage"},"image":{"@id":"http:\/\/elregionalvm.com.ar\/noticias-villa-maria\/opinion-la-belleza-no-es-sinonimo-de-felicidad\/#primaryimage"},"thumbnailUrl":"https:\/\/i0.wp.com\/elregionalvm.com.ar\/noticias-villa-maria\/wp-content\/uploads\/2023\/09\/silvina-Luna.jpeg?fit=1200%2C900&ssl=1","datePublished":"2023-09-05T01:48:27+00:00","dateModified":"2023-09-07T21:42:48+00:00","author":{"@id":"http:\/\/elregionalvm.com.ar\/noticias-villa-maria\/#\/schema\/person\/a0fb9c422317faca23d50163151bc354"},"breadcrumb":{"@id":"http:\/\/elregionalvm.com.ar\/noticias-villa-maria\/opinion-la-belleza-no-es-sinonimo-de-felicidad\/#breadcrumb"},"inLanguage":"es","potentialAction":[{"@type":"ReadAction","target":["http:\/\/elregionalvm.com.ar\/noticias-villa-maria\/opinion-la-belleza-no-es-sinonimo-de-felicidad\/"]}]},{"@type":"ImageObject","inLanguage":"es","@id":"http:\/\/elregionalvm.com.ar\/noticias-villa-maria\/opinion-la-belleza-no-es-sinonimo-de-felicidad\/#primaryimage","url":"https:\/\/i0.wp.com\/elregionalvm.com.ar\/noticias-villa-maria\/wp-content\/uploads\/2023\/09\/silvina-Luna.jpeg?fit=1200%2C900&ssl=1","contentUrl":"https:\/\/i0.wp.com\/elregionalvm.com.ar\/noticias-villa-maria\/wp-content\/uploads\/2023\/09\/silvina-Luna.jpeg?fit=1200%2C900&ssl=1","width":1200,"height":900},{"@type":"BreadcrumbList","@id":"http:\/\/elregionalvm.com.ar\/noticias-villa-maria\/opinion-la-belleza-no-es-sinonimo-de-felicidad\/#breadcrumb","itemListElement":[{"@type":"ListItem","position":1,"name":"Portada","item":"https:\/\/elregionalvm.com.ar\/noticias-villa-maria\/"},{"@type":"ListItem","position":2,"name":"[Opini\u00f3n] La belleza no es sin\u00f3nimo de felicidad"}]},{"@type":"WebSite","@id":"http:\/\/elregionalvm.com.ar\/noticias-villa-maria\/#website","url":"http:\/\/elregionalvm.com.ar\/noticias-villa-maria\/","name":"El Regional","description":"Mucho m\u00e1s que informaci\u00f3n","potentialAction":[{"@type":"SearchAction","target":{"@type":"EntryPoint","urlTemplate":"http:\/\/elregionalvm.com.ar\/noticias-villa-maria\/?s={search_term_string}"},"query-input":{"@type":"PropertyValueSpecification","valueRequired":true,"valueName":"search_term_string"}}],"inLanguage":"es"},{"@type":"Person","@id":"http:\/\/elregionalvm.com.ar\/noticias-villa-maria\/#\/schema\/person\/a0fb9c422317faca23d50163151bc354","name":"Contenidos El Regional","image":{"@type":"ImageObject","inLanguage":"es","@id":"http:\/\/elregionalvm.com.ar\/noticias-villa-maria\/#\/schema\/person\/image\/","url":"https:\/\/secure.gravatar.com\/avatar\/265b27cb2209af7bb3a1318f03305787d7981a5cc6e6cd08fe5a4ecdf99d4b48?s=96&d=mm&r=g","contentUrl":"https:\/\/secure.gravatar.com\/avatar\/265b27cb2209af7bb3a1318f03305787d7981a5cc6e6cd08fe5a4ecdf99d4b48?s=96&d=mm&r=g","caption":"Contenidos El Regional"},"url":"https:\/\/elregionalvm.com.ar\/noticias-villa-maria\/author\/contenido\/"}]}},"jetpack_featured_media_url":"https:\/\/i0.wp.com\/elregionalvm.com.ar\/noticias-villa-maria\/wp-content\/uploads\/2023\/09\/silvina-Luna.jpeg?fit=1200%2C900&ssl=1","jetpack_sharing_enabled":true,"_links":{"self":[{"href":"https:\/\/elregionalvm.com.ar\/noticias-villa-maria\/wp-json\/wp\/v2\/posts\/82042","targetHints":{"allow":["GET"]}}],"collection":[{"href":"https:\/\/elregionalvm.com.ar\/noticias-villa-maria\/wp-json\/wp\/v2\/posts"}],"about":[{"href":"https:\/\/elregionalvm.com.ar\/noticias-villa-maria\/wp-json\/wp\/v2\/types\/post"}],"author":[{"embeddable":true,"href":"https:\/\/elregionalvm.com.ar\/noticias-villa-maria\/wp-json\/wp\/v2\/users\/4"}],"replies":[{"embeddable":true,"href":"https:\/\/elregionalvm.com.ar\/noticias-villa-maria\/wp-json\/wp\/v2\/comments?post=82042"}],"version-history":[{"count":1,"href":"https:\/\/elregionalvm.com.ar\/noticias-villa-maria\/wp-json\/wp\/v2\/posts\/82042\/revisions"}],"predecessor-version":[{"id":82045,"href":"https:\/\/elregionalvm.com.ar\/noticias-villa-maria\/wp-json\/wp\/v2\/posts\/82042\/revisions\/82045"}],"wp:featuredmedia":[{"embeddable":true,"href":"https:\/\/elregionalvm.com.ar\/noticias-villa-maria\/wp-json\/wp\/v2\/media\/82043"}],"wp:attachment":[{"href":"https:\/\/elregionalvm.com.ar\/noticias-villa-maria\/wp-json\/wp\/v2\/media?parent=82042"}],"wp:term":[{"taxonomy":"category","embeddable":true,"href":"https:\/\/elregionalvm.com.ar\/noticias-villa-maria\/wp-json\/wp\/v2\/categories?post=82042"},{"taxonomy":"post_tag","embeddable":true,"href":"https:\/\/elregionalvm.com.ar\/noticias-villa-maria\/wp-json\/wp\/v2\/tags?post=82042"}],"curies":[{"name":"wp","href":"https:\/\/api.w.org\/{rel}","templated":true}]}}