{"id":82055,"date":"2023-09-05T02:23:09","date_gmt":"2023-09-05T02:23:09","guid":{"rendered":"https:\/\/elregionalvm.com.ar\/noticias-villa-maria\/?p=82055"},"modified":"2023-09-05T02:23:11","modified_gmt":"2023-09-05T02:23:11","slug":"transporte-publico-proponen-incorporar-nuevas-unidades-adaptadas-a-personas-con-movilidad-reducida","status":"publish","type":"post","link":"https:\/\/elregionalvm.com.ar\/noticias-villa-maria\/transporte-publico-proponen-incorporar-nuevas-unidades-adaptadas-a-personas-con-movilidad-reducida\/","title":{"rendered":"Transporte p\u00fablico: Proponen incorporar nuevas unidades adaptadas a personas con movilidad reducida"},"content":{"rendered":"\n<p><\/p>\n\n\n\n<p>El candidato a intendente de Juntos por el Cambio Dar\u00edo Capitani difundi\u00f3 una propuesta en materia de transporte p\u00fablico, sobre el cual consider\u00f3 que \u201cpresenta falencias desde hace varios a\u00f1os\u201d.<\/p>\n\n\n\n<p>En este sentido, sostuvo que \u201ces necesario potenciar y reformular integralmente el servicio de transporte p\u00fablico y mediante esa transformaci\u00f3n lograr que sea una verdadera opci\u00f3n para todos los vecinos\u201d.<\/p>\n\n\n\n<p>Al ser consultado, detall\u00f3 que la propuesta incluye \u201cincorporar 23 nuevas unidades, modernas, adaptadas a personas con movilidad reducida, y con tecnolog\u00eda amigable al medioambiente\u201d.<\/p>\n\n\n\n<p>Adem\u00e1s, para los que eligen un traslado mucho m\u00e1s sostenible \u201cse complementar\u00e1 con servicios de bicicletas y monopatines el\u00e9ctricos\u201d, remarc\u00f3.<\/p>\n\n\n\n<p><\/p>\n\n\n\n<figure class=\"wp-block-image size-large\"><img data-recalc-dims=\"1\" fetchpriority=\"high\" decoding=\"async\" width=\"1024\" height=\"683\" src=\"https:\/\/i0.wp.com\/elregionalvm.com.ar\/noticias-villa-maria\/wp-content\/uploads\/2023\/03\/Capitani-horizontal-.jpg?resize=1024%2C683&#038;ssl=1\" alt=\"\" class=\"wp-image-73775\" srcset=\"https:\/\/i0.wp.com\/elregionalvm.com.ar\/noticias-villa-maria\/wp-content\/uploads\/2023\/03\/Capitani-horizontal-.jpg?resize=1024%2C683&amp;ssl=1 1024w, https:\/\/i0.wp.com\/elregionalvm.com.ar\/noticias-villa-maria\/wp-content\/uploads\/2023\/03\/Capitani-horizontal-.jpg?resize=300%2C200&amp;ssl=1 300w, https:\/\/i0.wp.com\/elregionalvm.com.ar\/noticias-villa-maria\/wp-content\/uploads\/2023\/03\/Capitani-horizontal-.jpg?resize=768%2C512&amp;ssl=1 768w, https:\/\/i0.wp.com\/elregionalvm.com.ar\/noticias-villa-maria\/wp-content\/uploads\/2023\/03\/Capitani-horizontal-.jpg?w=1200&amp;ssl=1 1200w\" sizes=\"(max-width: 1000px) 100vw, 1000px\" \/><\/figure>\n\n\n\n<p><\/p>\n\n\n\n<p><strong>Nuevas tecnolog\u00edas<\/strong><\/p>\n\n\n\n<p>Capitani asegur\u00f3 que \u201cno hay que pensar en cuestiones inalcanzables, sino que reinventar los recursos ya disponibles abrir\u00e1 paso a sumar nuevas tecnolog\u00edas que brinden seguridad y control del transporte\u201d.<\/p>\n\n\n\n<p>Esto hace referencia a \u201cla creaci\u00f3n de una aplicaci\u00f3n m\u00f3vil desde donde el usuario podr\u00e1 seguir en tiempo real el recorrido del transporte que est\u00e9 esperando, las rutas, horarios, tarifas y cambios que se presenten a \u00faltimo momento\u201d.&nbsp;<\/p>\n\n\n\n<p>Adem\u00e1s, recalc\u00f3 \u201cla importancia de definir nuevas trazas para llegar a lugares donde a\u00fan hoy no cuentan con el servicio\u201d, enfatiz\u00f3 el candidato de Juntos por el Cambio.<\/p>\n\n\n\n<p><\/p>\n\n\n\n<figure class=\"wp-block-image size-full\"><img data-recalc-dims=\"1\" decoding=\"async\" width=\"845\" height=\"800\" src=\"https:\/\/i0.wp.com\/elregionalvm.com.ar\/noticias-villa-maria\/wp-content\/uploads\/2020\/07\/transporte-1.jpg?resize=845%2C800&#038;ssl=1\" alt=\"\" class=\"wp-image-20580\" srcset=\"https:\/\/i0.wp.com\/elregionalvm.com.ar\/noticias-villa-maria\/wp-content\/uploads\/2020\/07\/transporte-1.jpg?w=845&amp;ssl=1 845w, https:\/\/i0.wp.com\/elregionalvm.com.ar\/noticias-villa-maria\/wp-content\/uploads\/2020\/07\/transporte-1.jpg?resize=300%2C284&amp;ssl=1 300w, https:\/\/i0.wp.com\/elregionalvm.com.ar\/noticias-villa-maria\/wp-content\/uploads\/2020\/07\/transporte-1.jpg?resize=768%2C727&amp;ssl=1 768w\" sizes=\"(max-width: 845px) 100vw, 845px\" \/><\/figure>\n\n\n\n<p><\/p>\n\n\n\n<p>La propuesta suma paradas inteligentes que contar\u00e1n con el monitoreo de c\u00e1maras de seguridad. \u201cEsto se lograr\u00e1 gracias al relevamiento que haremos en los barrios mediante los censos participativos para obtener datos precisos de las necesidades del vecino. Tanto a modo cuantitativo como cualitativo para poder as\u00ed dise\u00f1ar pol\u00edticas p\u00fablicas que respondan a la voz del usuario y vecino\u201d.<\/p>\n\n\n\n<p>\u201cPara que esto se logre esperamos contar con el voto y el respaldo del ciudadano afectado e involucrado en estas situaciones diariamente\u201d, concluy\u00f3.<\/p>\n","protected":false},"excerpt":{"rendered":"<p>El candidato a intendente de Juntos por el Cambio Dar\u00edo Capitani difundi\u00f3 una propuesta en materia de transporte p\u00fablico, sobre el cual consider\u00f3 que \u201cpresenta falencias desde hace varios a\u00f1os\u201d. En este sentido, sostuvo que \u201ces necesario potenciar y reformular integralmente el servicio de transporte p\u00fablico y mediante esa transformaci\u00f3n lograr que sea una verdadera [&hellip;]<\/p>\n","protected":false},"author":4,"featured_media":51744,"comment_status":"open","ping_status":"open","sticky":false,"template":"","format":"standard","meta":{"site-sidebar-layout":"default","site-content-layout":"","ast-site-content-layout":"default","site-content-style":"default","site-sidebar-style":"default","ast-global-header-display":"","ast-banner-title-visibility":"","ast-main-header-display":"","ast-hfb-above-header-display":"","ast-hfb-below-header-display":"","ast-hfb-mobile-header-display":"","site-post-title":"","ast-breadcrumbs-content":"","ast-featured-img":"","footer-sml-layout":"","ast-disable-related-posts":"","theme-transparent-header-meta":"","adv-header-id-meta":"","stick-header-meta":"","header-above-stick-meta":"","header-main-stick-meta":"","header-below-stick-meta":"","astra-migrate-meta-layouts":"set","ast-page-background-enabled":"default","ast-page-background-meta":{"desktop":{"background-color":"","background-image":"","background-repeat":"repeat","background-position":"center center","background-size":"auto","background-attachment":"scroll","background-type":"","background-media":"","overlay-type":"","overlay-color":"","overlay-opacity":"","overlay-gradient":""},"tablet":{"background-color":"","background-image":"","background-repeat":"repeat","background-position":"center center","background-size":"auto","background-attachment":"scroll","background-type":"","background-media":"","overlay-type":"","overlay-color":"","overlay-opacity":"","overlay-gradient":""},"mobile":{"background-color":"","background-image":"","background-repeat":"repeat","background-position":"center center","background-size":"auto","background-attachment":"scroll","background-type":"","background-media":"","overlay-type":"","overlay-color":"","overlay-opacity":"","overlay-gradient":""}},"ast-content-background-meta":{"desktop":{"background-color":"var(--ast-global-color-5)","background-image":"","background-repeat":"repeat","background-position":"center center","background-size":"auto","background-attachment":"scroll","background-type":"","background-media":"","overlay-type":"","overlay-color":"","overlay-opacity":"","overlay-gradient":""},"tablet":{"background-color":"var(--ast-global-color-5)","background-image":"","background-repeat":"repeat","background-position":"center center","background-size":"auto","background-attachment":"scroll","background-type":"","background-media":"","overlay-type":"","overlay-color":"","overlay-opacity":"","overlay-gradient":""},"mobile":{"background-color":"var(--ast-global-color-5)","background-image":"","background-repeat":"repeat","background-position":"center center","background-size":"auto","background-attachment":"scroll","background-type":"","background-media":"","overlay-type":"","overlay-color":"","overlay-opacity":"","overlay-gradient":""}},"_jetpack_memberships_contains_paid_content":false,"_joinchat":[],"footnotes":""},"categories":[15302,2089,2],"tags":[9726,268,7001,22836,22837,18271,13580,22835],"class_list":["post-82055","post","type-post","status-publish","format-standard","has-post-thumbnail","hentry","category-destacado","category-politica","category-villa-maria","tag-dario-capitani","tag-elecciones","tag-juntos-por-el-cambio","tag-movilidad-reducida","tag-paradas-inteligentes","tag-propuesta","tag-transporte-publico","tag-unidades-adaptadas"],"yoast_head":"<!-- This site is optimized with the Yoast SEO plugin v26.8 - https:\/\/yoast.com\/product\/yoast-seo-wordpress\/ -->\n<title>Transporte p\u00fablico: Proponen incorporar nuevas unidades adaptadas a personas con movilidad reducida - El Regional<\/title>\n<meta name=\"robots\" content=\"index, follow, max-snippet:-1, max-image-preview:large, max-video-preview:-1\" \/>\n<link rel=\"canonical\" href=\"http:\/\/elregionalvm.com.ar\/noticias-villa-maria\/transporte-publico-proponen-incorporar-nuevas-unidades-adaptadas-a-personas-con-movilidad-reducida\/\" \/>\n<meta property=\"og:locale\" content=\"es_ES\" \/>\n<meta property=\"og:type\" content=\"article\" \/>\n<meta property=\"og:title\" content=\"Transporte p\u00fablico: Proponen incorporar nuevas unidades adaptadas a personas con movilidad reducida - El Regional\" \/>\n<meta property=\"og:description\" content=\"El candidato a intendente de Juntos por el Cambio Dar\u00edo Capitani difundi\u00f3 una propuesta en materia de transporte p\u00fablico, sobre el cual consider\u00f3 que \u201cpresenta falencias desde hace varios a\u00f1os\u201d. En este sentido, sostuvo que \u201ces necesario potenciar y reformular integralmente el servicio de transporte p\u00fablico y mediante esa transformaci\u00f3n lograr que sea una verdadera [&hellip;]\" \/>\n<meta property=\"og:url\" content=\"http:\/\/elregionalvm.com.ar\/noticias-villa-maria\/transporte-publico-proponen-incorporar-nuevas-unidades-adaptadas-a-personas-con-movilidad-reducida\/\" \/>\n<meta property=\"og:site_name\" content=\"El Regional\" \/>\n<meta property=\"article:publisher\" content=\"https:\/\/www.facebook.com\/elregionalvm\" \/>\n<meta property=\"article:published_time\" content=\"2023-09-05T02:23:09+00:00\" \/>\n<meta property=\"article:modified_time\" content=\"2023-09-05T02:23:11+00:00\" \/>\n<meta property=\"og:image\" content=\"http:\/\/elregionalvm.com.ar\/noticias-villa-maria\/wp-content\/uploads\/2022\/01\/transporte.jpg\" \/>\n\t<meta property=\"og:image:width\" content=\"850\" \/>\n\t<meta property=\"og:image:height\" content=\"600\" \/>\n\t<meta property=\"og:image:type\" content=\"image\/jpeg\" \/>\n<meta name=\"author\" content=\"Contenidos El Regional\" \/>\n<meta name=\"twitter:card\" content=\"summary_large_image\" \/>\n<meta name=\"twitter:creator\" content=\"@elregionalvm1\" \/>\n<meta name=\"twitter:site\" content=\"@elregionalvm1\" \/>\n<meta name=\"twitter:label1\" content=\"Escrito por\" \/>\n\t<meta name=\"twitter:data1\" content=\"Contenidos El Regional\" \/>\n\t<meta name=\"twitter:label2\" content=\"Tiempo de lectura\" \/>\n\t<meta name=\"twitter:data2\" content=\"2 minutos\" \/>\n<script type=\"application\/ld+json\" class=\"yoast-schema-graph\">{\"@context\":\"https:\/\/schema.org\",\"@graph\":[{\"@type\":\"Article\",\"@id\":\"http:\/\/elregionalvm.com.ar\/noticias-villa-maria\/transporte-publico-proponen-incorporar-nuevas-unidades-adaptadas-a-personas-con-movilidad-reducida\/#article\",\"isPartOf\":{\"@id\":\"http:\/\/elregionalvm.com.ar\/noticias-villa-maria\/transporte-publico-proponen-incorporar-nuevas-unidades-adaptadas-a-personas-con-movilidad-reducida\/\"},\"author\":{\"name\":\"Contenidos El Regional\",\"@id\":\"http:\/\/elregionalvm.com.ar\/noticias-villa-maria\/#\/schema\/person\/a0fb9c422317faca23d50163151bc354\"},\"headline\":\"Transporte p\u00fablico: Proponen incorporar nuevas unidades adaptadas a personas con movilidad reducida\",\"datePublished\":\"2023-09-05T02:23:09+00:00\",\"dateModified\":\"2023-09-05T02:23:11+00:00\",\"mainEntityOfPage\":{\"@id\":\"http:\/\/elregionalvm.com.ar\/noticias-villa-maria\/transporte-publico-proponen-incorporar-nuevas-unidades-adaptadas-a-personas-con-movilidad-reducida\/\"},\"wordCount\":320,\"commentCount\":0,\"image\":{\"@id\":\"http:\/\/elregionalvm.com.ar\/noticias-villa-maria\/transporte-publico-proponen-incorporar-nuevas-unidades-adaptadas-a-personas-con-movilidad-reducida\/#primaryimage\"},\"thumbnailUrl\":\"https:\/\/i0.wp.com\/elregionalvm.com.ar\/noticias-villa-maria\/wp-content\/uploads\/2022\/01\/transporte.jpg?fit=850%2C600&ssl=1\",\"keywords\":[\"Dar\u00edo Capitani\",\"elecciones\",\"Juntos por el Cambio\",\"movilidad reducida\",\"paradas inteligentes\",\"propuesta\",\"transporte p\u00fablico\",\"unidades adaptadas\"],\"articleSection\":[\"destacado\",\"Pol\u00edtica\",\"Villa Mar\u00eda\"],\"inLanguage\":\"es\",\"potentialAction\":[{\"@type\":\"CommentAction\",\"name\":\"Comment\",\"target\":[\"http:\/\/elregionalvm.com.ar\/noticias-villa-maria\/transporte-publico-proponen-incorporar-nuevas-unidades-adaptadas-a-personas-con-movilidad-reducida\/#respond\"]}]},{\"@type\":\"WebPage\",\"@id\":\"http:\/\/elregionalvm.com.ar\/noticias-villa-maria\/transporte-publico-proponen-incorporar-nuevas-unidades-adaptadas-a-personas-con-movilidad-reducida\/\",\"url\":\"http:\/\/elregionalvm.com.ar\/noticias-villa-maria\/transporte-publico-proponen-incorporar-nuevas-unidades-adaptadas-a-personas-con-movilidad-reducida\/\",\"name\":\"Transporte p\u00fablico: Proponen incorporar nuevas unidades adaptadas a personas con movilidad reducida - El Regional\",\"isPartOf\":{\"@id\":\"http:\/\/elregionalvm.com.ar\/noticias-villa-maria\/#website\"},\"primaryImageOfPage\":{\"@id\":\"http:\/\/elregionalvm.com.ar\/noticias-villa-maria\/transporte-publico-proponen-incorporar-nuevas-unidades-adaptadas-a-personas-con-movilidad-reducida\/#primaryimage\"},\"image\":{\"@id\":\"http:\/\/elregionalvm.com.ar\/noticias-villa-maria\/transporte-publico-proponen-incorporar-nuevas-unidades-adaptadas-a-personas-con-movilidad-reducida\/#primaryimage\"},\"thumbnailUrl\":\"https:\/\/i0.wp.com\/elregionalvm.com.ar\/noticias-villa-maria\/wp-content\/uploads\/2022\/01\/transporte.jpg?fit=850%2C600&ssl=1\",\"datePublished\":\"2023-09-05T02:23:09+00:00\",\"dateModified\":\"2023-09-05T02:23:11+00:00\",\"author\":{\"@id\":\"http:\/\/elregionalvm.com.ar\/noticias-villa-maria\/#\/schema\/person\/a0fb9c422317faca23d50163151bc354\"},\"breadcrumb\":{\"@id\":\"http:\/\/elregionalvm.com.ar\/noticias-villa-maria\/transporte-publico-proponen-incorporar-nuevas-unidades-adaptadas-a-personas-con-movilidad-reducida\/#breadcrumb\"},\"inLanguage\":\"es\",\"potentialAction\":[{\"@type\":\"ReadAction\",\"target\":[\"http:\/\/elregionalvm.com.ar\/noticias-villa-maria\/transporte-publico-proponen-incorporar-nuevas-unidades-adaptadas-a-personas-con-movilidad-reducida\/\"]}]},{\"@type\":\"ImageObject\",\"inLanguage\":\"es\",\"@id\":\"http:\/\/elregionalvm.com.ar\/noticias-villa-maria\/transporte-publico-proponen-incorporar-nuevas-unidades-adaptadas-a-personas-con-movilidad-reducida\/#primaryimage\",\"url\":\"https:\/\/i0.wp.com\/elregionalvm.com.ar\/noticias-villa-maria\/wp-content\/uploads\/2022\/01\/transporte.jpg?fit=850%2C600&ssl=1\",\"contentUrl\":\"https:\/\/i0.wp.com\/elregionalvm.com.ar\/noticias-villa-maria\/wp-content\/uploads\/2022\/01\/transporte.jpg?fit=850%2C600&ssl=1\",\"width\":850,\"height\":600},{\"@type\":\"BreadcrumbList\",\"@id\":\"http:\/\/elregionalvm.com.ar\/noticias-villa-maria\/transporte-publico-proponen-incorporar-nuevas-unidades-adaptadas-a-personas-con-movilidad-reducida\/#breadcrumb\",\"itemListElement\":[{\"@type\":\"ListItem\",\"position\":1,\"name\":\"Portada\",\"item\":\"https:\/\/elregionalvm.com.ar\/noticias-villa-maria\/\"},{\"@type\":\"ListItem\",\"position\":2,\"name\":\"Transporte p\u00fablico: Proponen incorporar nuevas unidades adaptadas a personas con movilidad reducida\"}]},{\"@type\":\"WebSite\",\"@id\":\"http:\/\/elregionalvm.com.ar\/noticias-villa-maria\/#website\",\"url\":\"http:\/\/elregionalvm.com.ar\/noticias-villa-maria\/\",\"name\":\"El Regional\",\"description\":\"Mucho m\u00e1s que informaci\u00f3n\",\"potentialAction\":[{\"@type\":\"SearchAction\",\"target\":{\"@type\":\"EntryPoint\",\"urlTemplate\":\"http:\/\/elregionalvm.com.ar\/noticias-villa-maria\/?s={search_term_string}\"},\"query-input\":{\"@type\":\"PropertyValueSpecification\",\"valueRequired\":true,\"valueName\":\"search_term_string\"}}],\"inLanguage\":\"es\"},{\"@type\":\"Person\",\"@id\":\"http:\/\/elregionalvm.com.ar\/noticias-villa-maria\/#\/schema\/person\/a0fb9c422317faca23d50163151bc354\",\"name\":\"Contenidos El Regional\",\"image\":{\"@type\":\"ImageObject\",\"inLanguage\":\"es\",\"@id\":\"http:\/\/elregionalvm.com.ar\/noticias-villa-maria\/#\/schema\/person\/image\/\",\"url\":\"https:\/\/secure.gravatar.com\/avatar\/265b27cb2209af7bb3a1318f03305787d7981a5cc6e6cd08fe5a4ecdf99d4b48?s=96&d=mm&r=g\",\"contentUrl\":\"https:\/\/secure.gravatar.com\/avatar\/265b27cb2209af7bb3a1318f03305787d7981a5cc6e6cd08fe5a4ecdf99d4b48?s=96&d=mm&r=g\",\"caption\":\"Contenidos El Regional\"},\"url\":\"https:\/\/elregionalvm.com.ar\/noticias-villa-maria\/author\/contenido\/\"}]}<\/script>\n<!-- \/ Yoast SEO plugin. -->","yoast_head_json":{"title":"Transporte p\u00fablico: Proponen incorporar nuevas unidades adaptadas a personas con movilidad reducida - El Regional","robots":{"index":"index","follow":"follow","max-snippet":"max-snippet:-1","max-image-preview":"max-image-preview:large","max-video-preview":"max-video-preview:-1"},"canonical":"http:\/\/elregionalvm.com.ar\/noticias-villa-maria\/transporte-publico-proponen-incorporar-nuevas-unidades-adaptadas-a-personas-con-movilidad-reducida\/","og_locale":"es_ES","og_type":"article","og_title":"Transporte p\u00fablico: Proponen incorporar nuevas unidades adaptadas a personas con movilidad reducida - El Regional","og_description":"El candidato a intendente de Juntos por el Cambio Dar\u00edo Capitani difundi\u00f3 una propuesta en materia de transporte p\u00fablico, sobre el cual consider\u00f3 que \u201cpresenta falencias desde hace varios a\u00f1os\u201d. En este sentido, sostuvo que \u201ces necesario potenciar y reformular integralmente el servicio de transporte p\u00fablico y mediante esa transformaci\u00f3n lograr que sea una verdadera [&hellip;]","og_url":"http:\/\/elregionalvm.com.ar\/noticias-villa-maria\/transporte-publico-proponen-incorporar-nuevas-unidades-adaptadas-a-personas-con-movilidad-reducida\/","og_site_name":"El Regional","article_publisher":"https:\/\/www.facebook.com\/elregionalvm","article_published_time":"2023-09-05T02:23:09+00:00","article_modified_time":"2023-09-05T02:23:11+00:00","og_image":[{"width":850,"height":600,"url":"http:\/\/elregionalvm.com.ar\/noticias-villa-maria\/wp-content\/uploads\/2022\/01\/transporte.jpg","type":"image\/jpeg"}],"author":"Contenidos El Regional","twitter_card":"summary_large_image","twitter_creator":"@elregionalvm1","twitter_site":"@elregionalvm1","twitter_misc":{"Escrito por":"Contenidos El Regional","Tiempo de lectura":"2 minutos"},"schema":{"@context":"https:\/\/schema.org","@graph":[{"@type":"Article","@id":"http:\/\/elregionalvm.com.ar\/noticias-villa-maria\/transporte-publico-proponen-incorporar-nuevas-unidades-adaptadas-a-personas-con-movilidad-reducida\/#article","isPartOf":{"@id":"http:\/\/elregionalvm.com.ar\/noticias-villa-maria\/transporte-publico-proponen-incorporar-nuevas-unidades-adaptadas-a-personas-con-movilidad-reducida\/"},"author":{"name":"Contenidos El Regional","@id":"http:\/\/elregionalvm.com.ar\/noticias-villa-maria\/#\/schema\/person\/a0fb9c422317faca23d50163151bc354"},"headline":"Transporte p\u00fablico: Proponen incorporar nuevas unidades adaptadas a personas con movilidad reducida","datePublished":"2023-09-05T02:23:09+00:00","dateModified":"2023-09-05T02:23:11+00:00","mainEntityOfPage":{"@id":"http:\/\/elregionalvm.com.ar\/noticias-villa-maria\/transporte-publico-proponen-incorporar-nuevas-unidades-adaptadas-a-personas-con-movilidad-reducida\/"},"wordCount":320,"commentCount":0,"image":{"@id":"http:\/\/elregionalvm.com.ar\/noticias-villa-maria\/transporte-publico-proponen-incorporar-nuevas-unidades-adaptadas-a-personas-con-movilidad-reducida\/#primaryimage"},"thumbnailUrl":"https:\/\/i0.wp.com\/elregionalvm.com.ar\/noticias-villa-maria\/wp-content\/uploads\/2022\/01\/transporte.jpg?fit=850%2C600&ssl=1","keywords":["Dar\u00edo Capitani","elecciones","Juntos por el Cambio","movilidad reducida","paradas inteligentes","propuesta","transporte p\u00fablico","unidades adaptadas"],"articleSection":["destacado","Pol\u00edtica","Villa Mar\u00eda"],"inLanguage":"es","potentialAction":[{"@type":"CommentAction","name":"Comment","target":["http:\/\/elregionalvm.com.ar\/noticias-villa-maria\/transporte-publico-proponen-incorporar-nuevas-unidades-adaptadas-a-personas-con-movilidad-reducida\/#respond"]}]},{"@type":"WebPage","@id":"http:\/\/elregionalvm.com.ar\/noticias-villa-maria\/transporte-publico-proponen-incorporar-nuevas-unidades-adaptadas-a-personas-con-movilidad-reducida\/","url":"http:\/\/elregionalvm.com.ar\/noticias-villa-maria\/transporte-publico-proponen-incorporar-nuevas-unidades-adaptadas-a-personas-con-movilidad-reducida\/","name":"Transporte p\u00fablico: Proponen incorporar nuevas unidades adaptadas a personas con movilidad reducida - El Regional","isPartOf":{"@id":"http:\/\/elregionalvm.com.ar\/noticias-villa-maria\/#website"},"primaryImageOfPage":{"@id":"http:\/\/elregionalvm.com.ar\/noticias-villa-maria\/transporte-publico-proponen-incorporar-nuevas-unidades-adaptadas-a-personas-con-movilidad-reducida\/#primaryimage"},"image":{"@id":"http:\/\/elregionalvm.com.ar\/noticias-villa-maria\/transporte-publico-proponen-incorporar-nuevas-unidades-adaptadas-a-personas-con-movilidad-reducida\/#primaryimage"},"thumbnailUrl":"https:\/\/i0.wp.com\/elregionalvm.com.ar\/noticias-villa-maria\/wp-content\/uploads\/2022\/01\/transporte.jpg?fit=850%2C600&ssl=1","datePublished":"2023-09-05T02:23:09+00:00","dateModified":"2023-09-05T02:23:11+00:00","author":{"@id":"http:\/\/elregionalvm.com.ar\/noticias-villa-maria\/#\/schema\/person\/a0fb9c422317faca23d50163151bc354"},"breadcrumb":{"@id":"http:\/\/elregionalvm.com.ar\/noticias-villa-maria\/transporte-publico-proponen-incorporar-nuevas-unidades-adaptadas-a-personas-con-movilidad-reducida\/#breadcrumb"},"inLanguage":"es","potentialAction":[{"@type":"ReadAction","target":["http:\/\/elregionalvm.com.ar\/noticias-villa-maria\/transporte-publico-proponen-incorporar-nuevas-unidades-adaptadas-a-personas-con-movilidad-reducida\/"]}]},{"@type":"ImageObject","inLanguage":"es","@id":"http:\/\/elregionalvm.com.ar\/noticias-villa-maria\/transporte-publico-proponen-incorporar-nuevas-unidades-adaptadas-a-personas-con-movilidad-reducida\/#primaryimage","url":"https:\/\/i0.wp.com\/elregionalvm.com.ar\/noticias-villa-maria\/wp-content\/uploads\/2022\/01\/transporte.jpg?fit=850%2C600&ssl=1","contentUrl":"https:\/\/i0.wp.com\/elregionalvm.com.ar\/noticias-villa-maria\/wp-content\/uploads\/2022\/01\/transporte.jpg?fit=850%2C600&ssl=1","width":850,"height":600},{"@type":"BreadcrumbList","@id":"http:\/\/elregionalvm.com.ar\/noticias-villa-maria\/transporte-publico-proponen-incorporar-nuevas-unidades-adaptadas-a-personas-con-movilidad-reducida\/#breadcrumb","itemListElement":[{"@type":"ListItem","position":1,"name":"Portada","item":"https:\/\/elregionalvm.com.ar\/noticias-villa-maria\/"},{"@type":"ListItem","position":2,"name":"Transporte p\u00fablico: Proponen incorporar nuevas unidades adaptadas a personas con movilidad reducida"}]},{"@type":"WebSite","@id":"http:\/\/elregionalvm.com.ar\/noticias-villa-maria\/#website","url":"http:\/\/elregionalvm.com.ar\/noticias-villa-maria\/","name":"El Regional","description":"Mucho m\u00e1s que informaci\u00f3n","potentialAction":[{"@type":"SearchAction","target":{"@type":"EntryPoint","urlTemplate":"http:\/\/elregionalvm.com.ar\/noticias-villa-maria\/?s={search_term_string}"},"query-input":{"@type":"PropertyValueSpecification","valueRequired":true,"valueName":"search_term_string"}}],"inLanguage":"es"},{"@type":"Person","@id":"http:\/\/elregionalvm.com.ar\/noticias-villa-maria\/#\/schema\/person\/a0fb9c422317faca23d50163151bc354","name":"Contenidos El Regional","image":{"@type":"ImageObject","inLanguage":"es","@id":"http:\/\/elregionalvm.com.ar\/noticias-villa-maria\/#\/schema\/person\/image\/","url":"https:\/\/secure.gravatar.com\/avatar\/265b27cb2209af7bb3a1318f03305787d7981a5cc6e6cd08fe5a4ecdf99d4b48?s=96&d=mm&r=g","contentUrl":"https:\/\/secure.gravatar.com\/avatar\/265b27cb2209af7bb3a1318f03305787d7981a5cc6e6cd08fe5a4ecdf99d4b48?s=96&d=mm&r=g","caption":"Contenidos El Regional"},"url":"https:\/\/elregionalvm.com.ar\/noticias-villa-maria\/author\/contenido\/"}]}},"jetpack_featured_media_url":"https:\/\/i0.wp.com\/elregionalvm.com.ar\/noticias-villa-maria\/wp-content\/uploads\/2022\/01\/transporte.jpg?fit=850%2C600&ssl=1","jetpack_sharing_enabled":true,"_links":{"self":[{"href":"https:\/\/elregionalvm.com.ar\/noticias-villa-maria\/wp-json\/wp\/v2\/posts\/82055","targetHints":{"allow":["GET"]}}],"collection":[{"href":"https:\/\/elregionalvm.com.ar\/noticias-villa-maria\/wp-json\/wp\/v2\/posts"}],"about":[{"href":"https:\/\/elregionalvm.com.ar\/noticias-villa-maria\/wp-json\/wp\/v2\/types\/post"}],"author":[{"embeddable":true,"href":"https:\/\/elregionalvm.com.ar\/noticias-villa-maria\/wp-json\/wp\/v2\/users\/4"}],"replies":[{"embeddable":true,"href":"https:\/\/elregionalvm.com.ar\/noticias-villa-maria\/wp-json\/wp\/v2\/comments?post=82055"}],"version-history":[{"count":2,"href":"https:\/\/elregionalvm.com.ar\/noticias-villa-maria\/wp-json\/wp\/v2\/posts\/82055\/revisions"}],"predecessor-version":[{"id":82057,"href":"https:\/\/elregionalvm.com.ar\/noticias-villa-maria\/wp-json\/wp\/v2\/posts\/82055\/revisions\/82057"}],"wp:featuredmedia":[{"embeddable":true,"href":"https:\/\/elregionalvm.com.ar\/noticias-villa-maria\/wp-json\/wp\/v2\/media\/51744"}],"wp:attachment":[{"href":"https:\/\/elregionalvm.com.ar\/noticias-villa-maria\/wp-json\/wp\/v2\/media?parent=82055"}],"wp:term":[{"taxonomy":"category","embeddable":true,"href":"https:\/\/elregionalvm.com.ar\/noticias-villa-maria\/wp-json\/wp\/v2\/categories?post=82055"},{"taxonomy":"post_tag","embeddable":true,"href":"https:\/\/elregionalvm.com.ar\/noticias-villa-maria\/wp-json\/wp\/v2\/tags?post=82055"}],"curies":[{"name":"wp","href":"https:\/\/api.w.org\/{rel}","templated":true}]}}