{"id":82080,"date":"2023-09-05T19:49:38","date_gmt":"2023-09-05T19:49:38","guid":{"rendered":"https:\/\/elregionalvm.com.ar\/noticias-villa-maria\/?p=82080"},"modified":"2023-09-05T19:49:41","modified_gmt":"2023-09-05T19:49:41","slug":"schiaretti-completo-desembolsos-de-350-creditos-vida-digna","status":"publish","type":"post","link":"https:\/\/elregionalvm.com.ar\/noticias-villa-maria\/schiaretti-completo-desembolsos-de-350-creditos-vida-digna\/","title":{"rendered":"Schiaretti complet\u00f3 desembolsos de 350 cr\u00e9ditos Vida Digna"},"content":{"rendered":"\n<p>El gobernador Juan Schiaretti entreg\u00f3 este martes los segundos desembolsos de&nbsp;<strong>350 cr\u00e9ditos&nbsp;<\/strong>del programa&nbsp;<strong>M\u00e1s Vida Digna \u2013 Segunda Edici\u00f3n<\/strong>&nbsp;a familias de la ciudad de C\u00f3rdoba, por un total de&nbsp;<strong>35 millones de pesos.<\/strong><\/p>\n\n\n\n<p><strong>M\u00e1s Vida Digna<\/strong>\u00a0otorga cr\u00e9ditos de 196.000 pesos para construir o finalizar un ba\u00f1o o dormitorio. Est\u00e1\u00a0<strong>destinado a familias que se encuentren en situaci\u00f3n de d\u00e9ficit habitacional<\/strong>, es decir, que est\u00e9n en hacinamiento cr\u00edtico, saneamiento inadecuado o calidad insuficiente de los materiales de construcci\u00f3n.<\/p>\n\n\n\n<figure class=\"wp-block-image size-large\"><img data-recalc-dims=\"1\" fetchpriority=\"high\" decoding=\"async\" width=\"1024\" height=\"683\" src=\"https:\/\/i0.wp.com\/elregionalvm.com.ar\/noticias-villa-maria\/wp-content\/uploads\/2023\/09\/1D7A9207.jpg?resize=1024%2C683&#038;ssl=1\" alt=\"\" class=\"wp-image-82083\" srcset=\"https:\/\/i0.wp.com\/elregionalvm.com.ar\/noticias-villa-maria\/wp-content\/uploads\/2023\/09\/1D7A9207.jpg?resize=1024%2C683&amp;ssl=1 1024w, https:\/\/i0.wp.com\/elregionalvm.com.ar\/noticias-villa-maria\/wp-content\/uploads\/2023\/09\/1D7A9207.jpg?resize=300%2C200&amp;ssl=1 300w, https:\/\/i0.wp.com\/elregionalvm.com.ar\/noticias-villa-maria\/wp-content\/uploads\/2023\/09\/1D7A9207.jpg?resize=768%2C512&amp;ssl=1 768w, https:\/\/i0.wp.com\/elregionalvm.com.ar\/noticias-villa-maria\/wp-content\/uploads\/2023\/09\/1D7A9207.jpg?resize=1536%2C1024&amp;ssl=1 1536w, https:\/\/i0.wp.com\/elregionalvm.com.ar\/noticias-villa-maria\/wp-content\/uploads\/2023\/09\/1D7A9207.jpg?w=1920&amp;ssl=1 1920w\" sizes=\"(max-width: 1000px) 100vw, 1000px\" \/><\/figure>\n\n\n\n<p>Durante el acto, el gobernador entreg\u00f3\u00a0<strong>el segundo desembolso correspondiente al 40 por ciento restante<\/strong>\u00a0de la asistencia.<\/p>\n\n\n\n<p><em>\u201cEs una inmensa alegr\u00eda poder seguir cumpliendo con nuestra palabra. Hab\u00edamos dicho que \u00edbamos a otorgar estos cr\u00e9ditos a tasa de inter\u00e9s cero y a largo plazo para que las familias pudieran mejorar su casa y venimos cumpliendo para que ustedes puedan culminar la obra que est\u00e1n realizando en su vivienda\u201d,&nbsp;<\/em>dijo Schiaretti.<\/p>\n\n\n\n<p><strong>El programa<\/strong>&nbsp;tiene como objetivo&nbsp;<strong>mejorar las condiciones de salud, comodidad y seguridad de cada hogar a trav\u00e9s de cr\u00e9ditos a tasa cero, con nueve meses de gracia, a devolver en 60 cuotas que se actualizan por el 50 por ciento del IVS<\/strong>. Los fondos permiten la compra de materiales de construcci\u00f3n y\/o mano de obra para favorecer el acceso a la vivienda digna, con ambientes adecuados, ventilados, seguros, iluminados y construidos con materiales de calidad.<\/p>\n\n\n\n<p>Julio C\u00e9sar Sabad\u00eda, junto a su pareja, es uno de los 350 beneficiarios que se mostraron contentos y agradecidos por la oportunidad:\u00a0<em>\u201cViv\u00edamos con familiares y ahora tenemos nuestra casa. Esper\u00e1bamos el segundo desembolso para poder terminar nuestro lugar, poder ponerle piso, revocar y pintar\u201d.<\/em><\/p>\n\n\n\n<figure class=\"wp-block-image size-large\"><img data-recalc-dims=\"1\" decoding=\"async\" width=\"1024\" height=\"683\" src=\"https:\/\/i0.wp.com\/elregionalvm.com.ar\/noticias-villa-maria\/wp-content\/uploads\/2023\/09\/1D7A9321-1536x1024-1.jpg?resize=1024%2C683&#038;ssl=1\" alt=\"\" class=\"wp-image-82084\" srcset=\"https:\/\/i0.wp.com\/elregionalvm.com.ar\/noticias-villa-maria\/wp-content\/uploads\/2023\/09\/1D7A9321-1536x1024-1.jpg?resize=1024%2C683&amp;ssl=1 1024w, https:\/\/i0.wp.com\/elregionalvm.com.ar\/noticias-villa-maria\/wp-content\/uploads\/2023\/09\/1D7A9321-1536x1024-1.jpg?resize=300%2C200&amp;ssl=1 300w, https:\/\/i0.wp.com\/elregionalvm.com.ar\/noticias-villa-maria\/wp-content\/uploads\/2023\/09\/1D7A9321-1536x1024-1.jpg?resize=768%2C512&amp;ssl=1 768w, https:\/\/i0.wp.com\/elregionalvm.com.ar\/noticias-villa-maria\/wp-content\/uploads\/2023\/09\/1D7A9321-1536x1024-1.jpg?w=1536&amp;ssl=1 1536w\" sizes=\"(max-width: 1000px) 100vw, 1000px\" \/><\/figure>\n\n\n\n<p><em>\u201cNosotros como Gobierno provincial siempre, siempre estaremos al lado de las familias cordobesas, tendi\u00e9ndole una mano cuando hay dificultades y apoy\u00e1ndolas para que puedan concretar en parte su sue\u00f1o de mejorar su h\u00e1bitat y de mejorar su vida\u201d, cerr\u00f3<\/em>&nbsp;el gobernador.<\/p>\n\n\n\n<p><strong>El gobernador estuvo acompa\u00f1ado por la ministra de Coordinaci\u00f3n, Silvina Rivero, de H\u00e1bitat y Econom\u00eda Familiar, Laura Jure y de Desarrollo Social, Juan Carlos Massei<\/strong>.<\/p>\n\n\n\n<p><strong>C\u00f3mo es el otorgamiento<\/strong><\/p>\n\n\n\n<p>Quienes accedieron a este beneficio se postularon a trav\u00e9s de CiDi y luego fueron a sorteo a trav\u00e9s de la Loter\u00eda de C\u00f3rdoba. Posteriormente, fueron visitados por integrantes del equipo t\u00e9cnico del Ministerio de H\u00e1bitat y Econom\u00eda Familiar y del Municipio correspondiente, para corroborar el cumplimiento de las condiciones para acceder al programa.<\/p>\n\n\n\n<figure class=\"wp-block-image size-large\"><img data-recalc-dims=\"1\" decoding=\"async\" width=\"1024\" height=\"683\" src=\"https:\/\/i0.wp.com\/elregionalvm.com.ar\/noticias-villa-maria\/wp-content\/uploads\/2023\/09\/1D7A9352.jpg?resize=1024%2C683&#038;ssl=1\" alt=\"\" class=\"wp-image-82081\" srcset=\"https:\/\/i0.wp.com\/elregionalvm.com.ar\/noticias-villa-maria\/wp-content\/uploads\/2023\/09\/1D7A9352.jpg?resize=1024%2C683&amp;ssl=1 1024w, https:\/\/i0.wp.com\/elregionalvm.com.ar\/noticias-villa-maria\/wp-content\/uploads\/2023\/09\/1D7A9352.jpg?resize=300%2C200&amp;ssl=1 300w, https:\/\/i0.wp.com\/elregionalvm.com.ar\/noticias-villa-maria\/wp-content\/uploads\/2023\/09\/1D7A9352.jpg?resize=768%2C512&amp;ssl=1 768w, https:\/\/i0.wp.com\/elregionalvm.com.ar\/noticias-villa-maria\/wp-content\/uploads\/2023\/09\/1D7A9352.jpg?resize=1536%2C1024&amp;ssl=1 1536w, https:\/\/i0.wp.com\/elregionalvm.com.ar\/noticias-villa-maria\/wp-content\/uploads\/2023\/09\/1D7A9352.jpg?w=1920&amp;ssl=1 1920w\" sizes=\"(max-width: 1000px) 100vw, 1000px\" \/><\/figure>\n\n\n\n<p><strong>Los beneficiarios accedieron al primer desembolso que consisti\u00f3 en 96.000 pesos<\/strong>, realizaron en una primera etapa las reformas o modificaciones en su vivienda y solicitaron el segundo desembolso a trav\u00e9s de la p\u00e1gina del Ministerio de H\u00e1bitat y Econom\u00eda Familiar.&nbsp;<strong>De esta forma se obtiene total transparencia en todo el proceso de selecci\u00f3n de beneficiarios<\/strong>.&nbsp;<\/p>\n\n\n\n<p><strong>Contexto<\/strong><\/p>\n\n\n\n<p><strong>Con la \u00faltima edici\u00f3n ya se otorgaron m\u00e1s de 166.660 cr\u00e9ditos desde el lanzamiento del programa,<\/strong><\/p>\n\n\n\n<p>Este programa surge como continuidad de una pol\u00edtica p\u00fablica sustentable que desde hace m\u00e1s de diez a\u00f1os brinda soluciones habitacionales.<\/p>\n\n\n\n<p><strong>Es importante mencionar que los beneficiarios del programa podr\u00e1n ir a cobrar al Banco de la Provincia de C\u00f3rdoba a partir del d\u00eda viernes 8 de septiembre.<\/strong><\/p>\n","protected":false},"excerpt":{"rendered":"<p>El gobernador Juan Schiaretti entreg\u00f3 este martes los segundos desembolsos de&nbsp;350 cr\u00e9ditos&nbsp;del programa&nbsp;M\u00e1s Vida Digna \u2013 Segunda Edici\u00f3n&nbsp;a familias de la ciudad de C\u00f3rdoba, por un total de&nbsp;35 millones de pesos. M\u00e1s Vida Digna\u00a0otorga cr\u00e9ditos de 196.000 pesos para construir o finalizar un ba\u00f1o o dormitorio. Est\u00e1\u00a0destinado a familias que se encuentren en situaci\u00f3n de [&hellip;]<\/p>\n","protected":false},"author":4,"featured_media":82082,"comment_status":"open","ping_status":"open","sticky":false,"template":"","format":"standard","meta":{"site-sidebar-layout":"default","site-content-layout":"","ast-site-content-layout":"default","site-content-style":"default","site-sidebar-style":"default","ast-global-header-display":"","ast-banner-title-visibility":"","ast-main-header-display":"","ast-hfb-above-header-display":"","ast-hfb-below-header-display":"","ast-hfb-mobile-header-display":"","site-post-title":"","ast-breadcrumbs-content":"","ast-featured-img":"","footer-sml-layout":"","ast-disable-related-posts":"","theme-transparent-header-meta":"","adv-header-id-meta":"","stick-header-meta":"","header-above-stick-meta":"","header-main-stick-meta":"","header-below-stick-meta":"","astra-migrate-meta-layouts":"set","ast-page-background-enabled":"default","ast-page-background-meta":{"desktop":{"background-color":"","background-image":"","background-repeat":"repeat","background-position":"center center","background-size":"auto","background-attachment":"scroll","background-type":"","background-media":"","overlay-type":"","overlay-color":"","overlay-opacity":"","overlay-gradient":""},"tablet":{"background-color":"","background-image":"","background-repeat":"repeat","background-position":"center center","background-size":"auto","background-attachment":"scroll","background-type":"","background-media":"","overlay-type":"","overlay-color":"","overlay-opacity":"","overlay-gradient":""},"mobile":{"background-color":"","background-image":"","background-repeat":"repeat","background-position":"center center","background-size":"auto","background-attachment":"scroll","background-type":"","background-media":"","overlay-type":"","overlay-color":"","overlay-opacity":"","overlay-gradient":""}},"ast-content-background-meta":{"desktop":{"background-color":"var(--ast-global-color-5)","background-image":"","background-repeat":"repeat","background-position":"center center","background-size":"auto","background-attachment":"scroll","background-type":"","background-media":"","overlay-type":"","overlay-color":"","overlay-opacity":"","overlay-gradient":""},"tablet":{"background-color":"var(--ast-global-color-5)","background-image":"","background-repeat":"repeat","background-position":"center center","background-size":"auto","background-attachment":"scroll","background-type":"","background-media":"","overlay-type":"","overlay-color":"","overlay-opacity":"","overlay-gradient":""},"mobile":{"background-color":"var(--ast-global-color-5)","background-image":"","background-repeat":"repeat","background-position":"center center","background-size":"auto","background-attachment":"scroll","background-type":"","background-media":"","overlay-type":"","overlay-color":"","overlay-opacity":"","overlay-gradient":""}},"_jetpack_memberships_contains_paid_content":false,"_joinchat":[],"footnotes":""},"categories":[15302,16095,5],"tags":[],"class_list":["post-82080","post","type-post","status-publish","format-standard","has-post-thumbnail","hentry","category-destacado","category-provinciales","category-sociedad"],"yoast_head":"<!-- This site is optimized with the Yoast SEO plugin v26.8 - https:\/\/yoast.com\/product\/yoast-seo-wordpress\/ -->\n<title>Schiaretti complet\u00f3 desembolsos de 350 cr\u00e9ditos Vida Digna - El Regional<\/title>\n<meta name=\"robots\" content=\"index, follow, max-snippet:-1, max-image-preview:large, max-video-preview:-1\" \/>\n<link rel=\"canonical\" href=\"http:\/\/elregionalvm.com.ar\/noticias-villa-maria\/schiaretti-completo-desembolsos-de-350-creditos-vida-digna\/\" \/>\n<meta property=\"og:locale\" content=\"es_ES\" \/>\n<meta property=\"og:type\" content=\"article\" \/>\n<meta property=\"og:title\" content=\"Schiaretti complet\u00f3 desembolsos de 350 cr\u00e9ditos Vida Digna - El Regional\" \/>\n<meta property=\"og:description\" content=\"El gobernador Juan Schiaretti entreg\u00f3 este martes los segundos desembolsos de&nbsp;350 cr\u00e9ditos&nbsp;del programa&nbsp;M\u00e1s Vida Digna \u2013 Segunda Edici\u00f3n&nbsp;a familias de la ciudad de C\u00f3rdoba, por un total de&nbsp;35 millones de pesos. M\u00e1s Vida Digna\u00a0otorga cr\u00e9ditos de 196.000 pesos para construir o finalizar un ba\u00f1o o dormitorio. Est\u00e1\u00a0destinado a familias que se encuentren en situaci\u00f3n de [&hellip;]\" \/>\n<meta property=\"og:url\" content=\"http:\/\/elregionalvm.com.ar\/noticias-villa-maria\/schiaretti-completo-desembolsos-de-350-creditos-vida-digna\/\" \/>\n<meta property=\"og:site_name\" content=\"El Regional\" \/>\n<meta property=\"article:publisher\" content=\"https:\/\/www.facebook.com\/elregionalvm\" \/>\n<meta property=\"article:published_time\" content=\"2023-09-05T19:49:38+00:00\" \/>\n<meta property=\"article:modified_time\" content=\"2023-09-05T19:49:41+00:00\" \/>\n<meta property=\"og:image\" content=\"http:\/\/elregionalvm.com.ar\/noticias-villa-maria\/wp-content\/uploads\/2023\/09\/1D7A9300.jpg\" \/>\n\t<meta property=\"og:image:width\" content=\"1920\" \/>\n\t<meta property=\"og:image:height\" content=\"1280\" \/>\n\t<meta property=\"og:image:type\" content=\"image\/jpeg\" \/>\n<meta name=\"author\" content=\"Contenidos El Regional\" \/>\n<meta name=\"twitter:card\" content=\"summary_large_image\" \/>\n<meta name=\"twitter:creator\" content=\"@elregionalvm1\" \/>\n<meta name=\"twitter:site\" content=\"@elregionalvm1\" \/>\n<meta name=\"twitter:label1\" content=\"Escrito por\" \/>\n\t<meta name=\"twitter:data1\" content=\"Contenidos El Regional\" \/>\n\t<meta name=\"twitter:label2\" content=\"Tiempo de lectura\" \/>\n\t<meta name=\"twitter:data2\" content=\"3 minutos\" \/>\n<script type=\"application\/ld+json\" class=\"yoast-schema-graph\">{\"@context\":\"https:\/\/schema.org\",\"@graph\":[{\"@type\":\"Article\",\"@id\":\"http:\/\/elregionalvm.com.ar\/noticias-villa-maria\/schiaretti-completo-desembolsos-de-350-creditos-vida-digna\/#article\",\"isPartOf\":{\"@id\":\"http:\/\/elregionalvm.com.ar\/noticias-villa-maria\/schiaretti-completo-desembolsos-de-350-creditos-vida-digna\/\"},\"author\":{\"name\":\"Contenidos El Regional\",\"@id\":\"http:\/\/elregionalvm.com.ar\/noticias-villa-maria\/#\/schema\/person\/a0fb9c422317faca23d50163151bc354\"},\"headline\":\"Schiaretti complet\u00f3 desembolsos de 350 cr\u00e9ditos Vida Digna\",\"datePublished\":\"2023-09-05T19:49:38+00:00\",\"dateModified\":\"2023-09-05T19:49:41+00:00\",\"mainEntityOfPage\":{\"@id\":\"http:\/\/elregionalvm.com.ar\/noticias-villa-maria\/schiaretti-completo-desembolsos-de-350-creditos-vida-digna\/\"},\"wordCount\":579,\"commentCount\":0,\"image\":{\"@id\":\"http:\/\/elregionalvm.com.ar\/noticias-villa-maria\/schiaretti-completo-desembolsos-de-350-creditos-vida-digna\/#primaryimage\"},\"thumbnailUrl\":\"https:\/\/i0.wp.com\/elregionalvm.com.ar\/noticias-villa-maria\/wp-content\/uploads\/2023\/09\/1D7A9300.jpg?fit=1920%2C1280&ssl=1\",\"articleSection\":[\"destacado\",\"Provinciales\",\"Sociedad\"],\"inLanguage\":\"es\",\"potentialAction\":[{\"@type\":\"CommentAction\",\"name\":\"Comment\",\"target\":[\"http:\/\/elregionalvm.com.ar\/noticias-villa-maria\/schiaretti-completo-desembolsos-de-350-creditos-vida-digna\/#respond\"]}]},{\"@type\":\"WebPage\",\"@id\":\"http:\/\/elregionalvm.com.ar\/noticias-villa-maria\/schiaretti-completo-desembolsos-de-350-creditos-vida-digna\/\",\"url\":\"http:\/\/elregionalvm.com.ar\/noticias-villa-maria\/schiaretti-completo-desembolsos-de-350-creditos-vida-digna\/\",\"name\":\"Schiaretti complet\u00f3 desembolsos de 350 cr\u00e9ditos Vida Digna - El Regional\",\"isPartOf\":{\"@id\":\"http:\/\/elregionalvm.com.ar\/noticias-villa-maria\/#website\"},\"primaryImageOfPage\":{\"@id\":\"http:\/\/elregionalvm.com.ar\/noticias-villa-maria\/schiaretti-completo-desembolsos-de-350-creditos-vida-digna\/#primaryimage\"},\"image\":{\"@id\":\"http:\/\/elregionalvm.com.ar\/noticias-villa-maria\/schiaretti-completo-desembolsos-de-350-creditos-vida-digna\/#primaryimage\"},\"thumbnailUrl\":\"https:\/\/i0.wp.com\/elregionalvm.com.ar\/noticias-villa-maria\/wp-content\/uploads\/2023\/09\/1D7A9300.jpg?fit=1920%2C1280&ssl=1\",\"datePublished\":\"2023-09-05T19:49:38+00:00\",\"dateModified\":\"2023-09-05T19:49:41+00:00\",\"author\":{\"@id\":\"http:\/\/elregionalvm.com.ar\/noticias-villa-maria\/#\/schema\/person\/a0fb9c422317faca23d50163151bc354\"},\"breadcrumb\":{\"@id\":\"http:\/\/elregionalvm.com.ar\/noticias-villa-maria\/schiaretti-completo-desembolsos-de-350-creditos-vida-digna\/#breadcrumb\"},\"inLanguage\":\"es\",\"potentialAction\":[{\"@type\":\"ReadAction\",\"target\":[\"http:\/\/elregionalvm.com.ar\/noticias-villa-maria\/schiaretti-completo-desembolsos-de-350-creditos-vida-digna\/\"]}]},{\"@type\":\"ImageObject\",\"inLanguage\":\"es\",\"@id\":\"http:\/\/elregionalvm.com.ar\/noticias-villa-maria\/schiaretti-completo-desembolsos-de-350-creditos-vida-digna\/#primaryimage\",\"url\":\"https:\/\/i0.wp.com\/elregionalvm.com.ar\/noticias-villa-maria\/wp-content\/uploads\/2023\/09\/1D7A9300.jpg?fit=1920%2C1280&ssl=1\",\"contentUrl\":\"https:\/\/i0.wp.com\/elregionalvm.com.ar\/noticias-villa-maria\/wp-content\/uploads\/2023\/09\/1D7A9300.jpg?fit=1920%2C1280&ssl=1\",\"width\":1920,\"height\":1280},{\"@type\":\"BreadcrumbList\",\"@id\":\"http:\/\/elregionalvm.com.ar\/noticias-villa-maria\/schiaretti-completo-desembolsos-de-350-creditos-vida-digna\/#breadcrumb\",\"itemListElement\":[{\"@type\":\"ListItem\",\"position\":1,\"name\":\"Portada\",\"item\":\"https:\/\/elregionalvm.com.ar\/noticias-villa-maria\/\"},{\"@type\":\"ListItem\",\"position\":2,\"name\":\"Schiaretti complet\u00f3 desembolsos de 350 cr\u00e9ditos Vida Digna\"}]},{\"@type\":\"WebSite\",\"@id\":\"http:\/\/elregionalvm.com.ar\/noticias-villa-maria\/#website\",\"url\":\"http:\/\/elregionalvm.com.ar\/noticias-villa-maria\/\",\"name\":\"El Regional\",\"description\":\"Mucho m\u00e1s que informaci\u00f3n\",\"potentialAction\":[{\"@type\":\"SearchAction\",\"target\":{\"@type\":\"EntryPoint\",\"urlTemplate\":\"http:\/\/elregionalvm.com.ar\/noticias-villa-maria\/?s={search_term_string}\"},\"query-input\":{\"@type\":\"PropertyValueSpecification\",\"valueRequired\":true,\"valueName\":\"search_term_string\"}}],\"inLanguage\":\"es\"},{\"@type\":\"Person\",\"@id\":\"http:\/\/elregionalvm.com.ar\/noticias-villa-maria\/#\/schema\/person\/a0fb9c422317faca23d50163151bc354\",\"name\":\"Contenidos El Regional\",\"image\":{\"@type\":\"ImageObject\",\"inLanguage\":\"es\",\"@id\":\"http:\/\/elregionalvm.com.ar\/noticias-villa-maria\/#\/schema\/person\/image\/\",\"url\":\"https:\/\/secure.gravatar.com\/avatar\/265b27cb2209af7bb3a1318f03305787d7981a5cc6e6cd08fe5a4ecdf99d4b48?s=96&d=mm&r=g\",\"contentUrl\":\"https:\/\/secure.gravatar.com\/avatar\/265b27cb2209af7bb3a1318f03305787d7981a5cc6e6cd08fe5a4ecdf99d4b48?s=96&d=mm&r=g\",\"caption\":\"Contenidos El Regional\"},\"url\":\"https:\/\/elregionalvm.com.ar\/noticias-villa-maria\/author\/contenido\/\"}]}<\/script>\n<!-- \/ Yoast SEO plugin. -->","yoast_head_json":{"title":"Schiaretti complet\u00f3 desembolsos de 350 cr\u00e9ditos Vida Digna - El Regional","robots":{"index":"index","follow":"follow","max-snippet":"max-snippet:-1","max-image-preview":"max-image-preview:large","max-video-preview":"max-video-preview:-1"},"canonical":"http:\/\/elregionalvm.com.ar\/noticias-villa-maria\/schiaretti-completo-desembolsos-de-350-creditos-vida-digna\/","og_locale":"es_ES","og_type":"article","og_title":"Schiaretti complet\u00f3 desembolsos de 350 cr\u00e9ditos Vida Digna - El Regional","og_description":"El gobernador Juan Schiaretti entreg\u00f3 este martes los segundos desembolsos de&nbsp;350 cr\u00e9ditos&nbsp;del programa&nbsp;M\u00e1s Vida Digna \u2013 Segunda Edici\u00f3n&nbsp;a familias de la ciudad de C\u00f3rdoba, por un total de&nbsp;35 millones de pesos. M\u00e1s Vida Digna\u00a0otorga cr\u00e9ditos de 196.000 pesos para construir o finalizar un ba\u00f1o o dormitorio. Est\u00e1\u00a0destinado a familias que se encuentren en situaci\u00f3n de [&hellip;]","og_url":"http:\/\/elregionalvm.com.ar\/noticias-villa-maria\/schiaretti-completo-desembolsos-de-350-creditos-vida-digna\/","og_site_name":"El Regional","article_publisher":"https:\/\/www.facebook.com\/elregionalvm","article_published_time":"2023-09-05T19:49:38+00:00","article_modified_time":"2023-09-05T19:49:41+00:00","og_image":[{"width":1920,"height":1280,"url":"http:\/\/elregionalvm.com.ar\/noticias-villa-maria\/wp-content\/uploads\/2023\/09\/1D7A9300.jpg","type":"image\/jpeg"}],"author":"Contenidos El Regional","twitter_card":"summary_large_image","twitter_creator":"@elregionalvm1","twitter_site":"@elregionalvm1","twitter_misc":{"Escrito por":"Contenidos El Regional","Tiempo de lectura":"3 minutos"},"schema":{"@context":"https:\/\/schema.org","@graph":[{"@type":"Article","@id":"http:\/\/elregionalvm.com.ar\/noticias-villa-maria\/schiaretti-completo-desembolsos-de-350-creditos-vida-digna\/#article","isPartOf":{"@id":"http:\/\/elregionalvm.com.ar\/noticias-villa-maria\/schiaretti-completo-desembolsos-de-350-creditos-vida-digna\/"},"author":{"name":"Contenidos El Regional","@id":"http:\/\/elregionalvm.com.ar\/noticias-villa-maria\/#\/schema\/person\/a0fb9c422317faca23d50163151bc354"},"headline":"Schiaretti complet\u00f3 desembolsos de 350 cr\u00e9ditos Vida Digna","datePublished":"2023-09-05T19:49:38+00:00","dateModified":"2023-09-05T19:49:41+00:00","mainEntityOfPage":{"@id":"http:\/\/elregionalvm.com.ar\/noticias-villa-maria\/schiaretti-completo-desembolsos-de-350-creditos-vida-digna\/"},"wordCount":579,"commentCount":0,"image":{"@id":"http:\/\/elregionalvm.com.ar\/noticias-villa-maria\/schiaretti-completo-desembolsos-de-350-creditos-vida-digna\/#primaryimage"},"thumbnailUrl":"https:\/\/i0.wp.com\/elregionalvm.com.ar\/noticias-villa-maria\/wp-content\/uploads\/2023\/09\/1D7A9300.jpg?fit=1920%2C1280&ssl=1","articleSection":["destacado","Provinciales","Sociedad"],"inLanguage":"es","potentialAction":[{"@type":"CommentAction","name":"Comment","target":["http:\/\/elregionalvm.com.ar\/noticias-villa-maria\/schiaretti-completo-desembolsos-de-350-creditos-vida-digna\/#respond"]}]},{"@type":"WebPage","@id":"http:\/\/elregionalvm.com.ar\/noticias-villa-maria\/schiaretti-completo-desembolsos-de-350-creditos-vida-digna\/","url":"http:\/\/elregionalvm.com.ar\/noticias-villa-maria\/schiaretti-completo-desembolsos-de-350-creditos-vida-digna\/","name":"Schiaretti complet\u00f3 desembolsos de 350 cr\u00e9ditos Vida Digna - El Regional","isPartOf":{"@id":"http:\/\/elregionalvm.com.ar\/noticias-villa-maria\/#website"},"primaryImageOfPage":{"@id":"http:\/\/elregionalvm.com.ar\/noticias-villa-maria\/schiaretti-completo-desembolsos-de-350-creditos-vida-digna\/#primaryimage"},"image":{"@id":"http:\/\/elregionalvm.com.ar\/noticias-villa-maria\/schiaretti-completo-desembolsos-de-350-creditos-vida-digna\/#primaryimage"},"thumbnailUrl":"https:\/\/i0.wp.com\/elregionalvm.com.ar\/noticias-villa-maria\/wp-content\/uploads\/2023\/09\/1D7A9300.jpg?fit=1920%2C1280&ssl=1","datePublished":"2023-09-05T19:49:38+00:00","dateModified":"2023-09-05T19:49:41+00:00","author":{"@id":"http:\/\/elregionalvm.com.ar\/noticias-villa-maria\/#\/schema\/person\/a0fb9c422317faca23d50163151bc354"},"breadcrumb":{"@id":"http:\/\/elregionalvm.com.ar\/noticias-villa-maria\/schiaretti-completo-desembolsos-de-350-creditos-vida-digna\/#breadcrumb"},"inLanguage":"es","potentialAction":[{"@type":"ReadAction","target":["http:\/\/elregionalvm.com.ar\/noticias-villa-maria\/schiaretti-completo-desembolsos-de-350-creditos-vida-digna\/"]}]},{"@type":"ImageObject","inLanguage":"es","@id":"http:\/\/elregionalvm.com.ar\/noticias-villa-maria\/schiaretti-completo-desembolsos-de-350-creditos-vida-digna\/#primaryimage","url":"https:\/\/i0.wp.com\/elregionalvm.com.ar\/noticias-villa-maria\/wp-content\/uploads\/2023\/09\/1D7A9300.jpg?fit=1920%2C1280&ssl=1","contentUrl":"https:\/\/i0.wp.com\/elregionalvm.com.ar\/noticias-villa-maria\/wp-content\/uploads\/2023\/09\/1D7A9300.jpg?fit=1920%2C1280&ssl=1","width":1920,"height":1280},{"@type":"BreadcrumbList","@id":"http:\/\/elregionalvm.com.ar\/noticias-villa-maria\/schiaretti-completo-desembolsos-de-350-creditos-vida-digna\/#breadcrumb","itemListElement":[{"@type":"ListItem","position":1,"name":"Portada","item":"https:\/\/elregionalvm.com.ar\/noticias-villa-maria\/"},{"@type":"ListItem","position":2,"name":"Schiaretti complet\u00f3 desembolsos de 350 cr\u00e9ditos Vida Digna"}]},{"@type":"WebSite","@id":"http:\/\/elregionalvm.com.ar\/noticias-villa-maria\/#website","url":"http:\/\/elregionalvm.com.ar\/noticias-villa-maria\/","name":"El Regional","description":"Mucho m\u00e1s que informaci\u00f3n","potentialAction":[{"@type":"SearchAction","target":{"@type":"EntryPoint","urlTemplate":"http:\/\/elregionalvm.com.ar\/noticias-villa-maria\/?s={search_term_string}"},"query-input":{"@type":"PropertyValueSpecification","valueRequired":true,"valueName":"search_term_string"}}],"inLanguage":"es"},{"@type":"Person","@id":"http:\/\/elregionalvm.com.ar\/noticias-villa-maria\/#\/schema\/person\/a0fb9c422317faca23d50163151bc354","name":"Contenidos El Regional","image":{"@type":"ImageObject","inLanguage":"es","@id":"http:\/\/elregionalvm.com.ar\/noticias-villa-maria\/#\/schema\/person\/image\/","url":"https:\/\/secure.gravatar.com\/avatar\/265b27cb2209af7bb3a1318f03305787d7981a5cc6e6cd08fe5a4ecdf99d4b48?s=96&d=mm&r=g","contentUrl":"https:\/\/secure.gravatar.com\/avatar\/265b27cb2209af7bb3a1318f03305787d7981a5cc6e6cd08fe5a4ecdf99d4b48?s=96&d=mm&r=g","caption":"Contenidos El Regional"},"url":"https:\/\/elregionalvm.com.ar\/noticias-villa-maria\/author\/contenido\/"}]}},"jetpack_featured_media_url":"https:\/\/i0.wp.com\/elregionalvm.com.ar\/noticias-villa-maria\/wp-content\/uploads\/2023\/09\/1D7A9300.jpg?fit=1920%2C1280&ssl=1","jetpack_sharing_enabled":true,"_links":{"self":[{"href":"https:\/\/elregionalvm.com.ar\/noticias-villa-maria\/wp-json\/wp\/v2\/posts\/82080","targetHints":{"allow":["GET"]}}],"collection":[{"href":"https:\/\/elregionalvm.com.ar\/noticias-villa-maria\/wp-json\/wp\/v2\/posts"}],"about":[{"href":"https:\/\/elregionalvm.com.ar\/noticias-villa-maria\/wp-json\/wp\/v2\/types\/post"}],"author":[{"embeddable":true,"href":"https:\/\/elregionalvm.com.ar\/noticias-villa-maria\/wp-json\/wp\/v2\/users\/4"}],"replies":[{"embeddable":true,"href":"https:\/\/elregionalvm.com.ar\/noticias-villa-maria\/wp-json\/wp\/v2\/comments?post=82080"}],"version-history":[{"count":1,"href":"https:\/\/elregionalvm.com.ar\/noticias-villa-maria\/wp-json\/wp\/v2\/posts\/82080\/revisions"}],"predecessor-version":[{"id":82086,"href":"https:\/\/elregionalvm.com.ar\/noticias-villa-maria\/wp-json\/wp\/v2\/posts\/82080\/revisions\/82086"}],"wp:featuredmedia":[{"embeddable":true,"href":"https:\/\/elregionalvm.com.ar\/noticias-villa-maria\/wp-json\/wp\/v2\/media\/82082"}],"wp:attachment":[{"href":"https:\/\/elregionalvm.com.ar\/noticias-villa-maria\/wp-json\/wp\/v2\/media?parent=82080"}],"wp:term":[{"taxonomy":"category","embeddable":true,"href":"https:\/\/elregionalvm.com.ar\/noticias-villa-maria\/wp-json\/wp\/v2\/categories?post=82080"},{"taxonomy":"post_tag","embeddable":true,"href":"https:\/\/elregionalvm.com.ar\/noticias-villa-maria\/wp-json\/wp\/v2\/tags?post=82080"}],"curies":[{"name":"wp","href":"https:\/\/api.w.org\/{rel}","templated":true}]}}