{"id":82355,"date":"2023-09-10T02:04:08","date_gmt":"2023-09-10T02:04:08","guid":{"rendered":"https:\/\/elregionalvm.com.ar\/noticias-villa-maria\/?p=82355"},"modified":"2023-09-14T01:48:27","modified_gmt":"2023-09-14T01:48:27","slug":"desde-adentro-eduardo-tati-rodriguez-accastello-me-manifesto-que-si-es-intendente-le-gustaria-que-forme-parte-de-su-equipo","status":"publish","type":"post","link":"https:\/\/elregionalvm.com.ar\/noticias-villa-maria\/desde-adentro-eduardo-tati-rodriguez-accastello-me-manifesto-que-si-es-intendente-le-gustaria-que-forme-parte-de-su-equipo\/","title":{"rendered":"[Desde Adentro] Eduardo \u201cTati\u201d Rodr\u00edguez: \u201cAccastello me manifest\u00f3 que, si es intendente, le gustar\u00eda que forme parte de su equipo\u201d"},"content":{"rendered":"\n<p><\/p>\n\n\n\n<h3 class=\"wp-block-heading\"><strong>Eduardo \u201cTati\u201d Rodr\u00edguez (51), es abogado hace 25 a\u00f1os, secretario de Gobierno, Seguridad Ciudadana y Asuntos Legales y preside del Tribunal de Disciplina de la Liga Villamariense de F\u00fatbol.<\/strong><\/h3>\n\n\n\n<h3 class=\"wp-block-heading\"><strong>Hijo de padre abogado y madre docente.<\/strong> <strong>Casado con Lara, padre de Mar\u00eda Emilia (21), Santiago, (18) y Juan Manuel (15). Hincha fan\u00e1tico de Racing Club, le gusta estudiar, la pesca, la naturaleza, tocar la guitarra y el mate lo acompa\u00f1a a toda hora del d\u00eda. &nbsp;<\/strong><\/h3>\n\n\n\n<h3 class=\"wp-block-heading\"><strong>Es la tarde y el trabajo sigue en el comedor de su casa. Carga agua en el termo y agarra uno de sus mates m\u00e1s especiales (regalo de veteranos de Malvinas). Responde unos mensajes, env\u00eda unos mails pendientes, cruza algunos chistes con su hija y se dispone para contar parte de la historia de su vida.<\/strong><\/h3>\n\n\n\n<p><\/p>\n\n\n\n<p><strong>Entrevista: Carolina Durand<\/strong><\/p>\n\n\n\n<p><\/p>\n\n\n\n<p><\/p>\n\n\n\n<figure class=\"wp-block-embed is-type-video is-provider-youtube wp-block-embed-youtube wp-embed-aspect-16-9 wp-has-aspect-ratio\"><div class=\"wp-block-embed__wrapper\">\n<iframe title=\"Eduardo \u201cTati\u201d Rodr\u00edguez: \u201cAccastello me manifest\u00f3 que le gustar\u00eda que forme parte de su equipo\u201d\" width=\"500\" height=\"281\" src=\"https:\/\/www.youtube.com\/embed\/FLKj9OQ0-CM?feature=oembed\" frameborder=\"0\" allow=\"accelerometer; autoplay; clipboard-write; encrypted-media; gyroscope; picture-in-picture; web-share\" referrerpolicy=\"strict-origin-when-cross-origin\" allowfullscreen><\/iframe>\n<\/div><\/figure>\n\n\n\n<p><\/p>\n\n\n\n<p><strong>Tres palabras que te definan<\/strong><\/p>\n\n\n\n<p>Familiero, creyente (creo en Dios y en la gente) y pasional en todo lo que hago en mi vida.&nbsp;<\/p>\n\n\n\n<p><strong>\u00bfC\u00f3mo nace tu amor por Racing? \u00bfTus hijos tuvieron opci\u00f3n de elegir otro cuadro de futbol?<\/strong><\/p>\n\n\n\n<p>No es f\u00e1cil explicar este sentimiento. Mi abuelo materno era fan\u00e1tico de Racing, mi abuelo paterno jug\u00f3 en Independiente. Toda la familia Rodr\u00edguez (paterna) es de Independiente y toda la familia M\u00e9ndez es de Racing, pero, mi pap\u00e1 era de Racing y yo, al ser el primer nieto en mi familia materna, compart\u00ed m\u00e1s cosas con ellos y me inclin\u00e9 hacia el Club de mis Amores.<\/p>\n\n\n\n<p>Mis hijos ten\u00edan la libertad, pero, los regalos eran siempre de Racing y actualmente, son m\u00e1s fan\u00e1ticos que yo y se enojan cuando no podemos ir a la cancha. En el 98\/99 formamos la Pe\u00f1a de la Gloriosa Academia, mi pap\u00e1 era el presidente, particip\u00f3 mi abuelo, el abuelo de mi se\u00f1ora y un grupo humano hermoso<\/p>\n\n\n\n<p><\/p>\n\n\n\n<p><strong>\u00bfQu\u00e9 es lo que m\u00e1s disfrut\u00e1s en la cancha? \u00bfActualmente jug\u00e1s al f\u00fatbol?<\/strong><\/p>\n\n\n\n<p>Ser parte de lo m\u00e1s grande, que es la hinchada. Estamos atentos a la tribuna, a las banderas nuevas, a los cantos, hemos trabado relaci\u00f3n con gente de la Guarda Imperial que es la hinchada de Racing, me han regalado camisetas dedicadas, son emociones y sensaciones dif\u00edciles de poner en palabras<\/p>\n\n\n\n<p>Cuando mi viejo era presidente de Alumni, Miguel Brindisi debut\u00f3 como t\u00e9cnico del Club en el 86 y, entonces se arm\u00f3 una relaci\u00f3n hermosa. Cuando Brindisi pas\u00f3 a dirigir a Racing Club\u00a0de\u00a0Avellaneda, con el que fue subcampe\u00f3n del\u00a0Torneo Apertura 1995, mi\u00a0 pap\u00e1 trabajaba \u00a0en el Mercado Central de Buenos Aires\u00a0 como asesor y a partir de ah\u00ed, tuvimos una relaci\u00f3n muy estrecha con el plantel y la hinchada.<\/p>\n\n\n\n<p>Cuando jugaba Talleres, Belgrano o Instituto en la primera, la Guardia Imperial, algo as\u00ed como \u201cla barra brava\u201d de Racing, pasaban por Villa Mar\u00eda para ir a C\u00f3rdoba y era c\u00e1bala comer choripanes en mi casa.<\/p>\n\n\n\n<p>Hace 6 a\u00f1os no juego m\u00e1s al f\u00fatbol, pero, desde que me recib\u00ed, siempre lo hice. Jugu\u00e9 en el equipo de futbol del Colegio de Abogados, fuimos campeones de los interprofesionales de Villa Mar\u00eda, subcampeones en un Torneo Argentino de Abogados y nos invitaron a jugar un interamericano de colegios de abogados y escribanos en Chile, con Uruguay, Brasil y Colombia, quedamos terceros. Fui el goleador del campeonato.<\/p>\n\n\n\n<p>Cada vez que hac\u00edamos camisetas yo le pon\u00eda mi edad as\u00ed que, tengo una con el 28, otra con 31 y la \u00faltima con el 46.<\/p>\n\n\n\n<p><\/p>\n\n\n\n<figure class=\"wp-block-image size-large\"><img data-recalc-dims=\"1\" fetchpriority=\"high\" decoding=\"async\" width=\"819\" height=\"1024\" src=\"https:\/\/i0.wp.com\/elregionalvm.com.ar\/noticias-villa-maria\/wp-content\/uploads\/2023\/09\/Tati-Rodriguez-cancha-Racing.jpg?resize=819%2C1024&#038;ssl=1\" alt=\"\" class=\"wp-image-82366\" srcset=\"https:\/\/i0.wp.com\/elregionalvm.com.ar\/noticias-villa-maria\/wp-content\/uploads\/2023\/09\/Tati-Rodriguez-cancha-Racing.jpg?resize=819%2C1024&amp;ssl=1 819w, https:\/\/i0.wp.com\/elregionalvm.com.ar\/noticias-villa-maria\/wp-content\/uploads\/2023\/09\/Tati-Rodriguez-cancha-Racing.jpg?resize=240%2C300&amp;ssl=1 240w, https:\/\/i0.wp.com\/elregionalvm.com.ar\/noticias-villa-maria\/wp-content\/uploads\/2023\/09\/Tati-Rodriguez-cancha-Racing.jpg?resize=768%2C960&amp;ssl=1 768w, https:\/\/i0.wp.com\/elregionalvm.com.ar\/noticias-villa-maria\/wp-content\/uploads\/2023\/09\/Tati-Rodriguez-cancha-Racing.jpg?w=1200&amp;ssl=1 1200w\" sizes=\"(max-width: 819px) 100vw, 819px\" \/><\/figure>\n\n\n\n<p><\/p>\n\n\n\n<p><strong>\u00bfCu\u00e1ndo empez\u00f3 tu relaci\u00f3n con el f\u00fatbol detr\u00e1s de la pelota?<\/strong><\/p>\n\n\n\n<p>En el 79 con 8 a\u00f1os, mi pap\u00e1 era secretario de la comisi\u00f3n del Club Alumni. Mi abuelo materno, M\u00e9ndez, fue uno de los fundadores en el a\u00f1o 34. Jugu\u00e9 en el baby del Santo y en inferiores hasta los 16 a\u00f1os. Tuve que elegir entre las escuadras deportivas (Trinitarios) y el f\u00fatbol y, opt\u00e9 por el v\u00f3ley. Tambi\u00e9n jugaba al tenis y al golf.<\/p>\n\n\n\n<p>Mientras estudiaba abogac\u00eda en C\u00f3rdoba, fui delegado de Alumni en la Asociaci\u00f3n Cordobesa de F\u00fatbol. Nunca me desligu\u00e9. Tambi\u00e9n, particip\u00e9 en comisiones entre el 2006 y el 2012 con un grupo de amigos.<\/p>\n\n\n\n<p><strong>Tu pap\u00e1, \u201cLalo\u201d Rodr\u00edguez, \u00bfinfluy\u00f3 en que decidas ser abogado penalista?<\/strong><\/p>\n\n\n\n<p>Al principio no, pero, le agradezco cuando empez\u00f3 a influir. Cursaba 7\u00b0 grado del Jos\u00e9 Ingenieros y nos llevaron a visitar escuelas secundarias. En ese recorrido, conoc\u00ed el T\u00e9cnico L\u00e1cteo (Trinitarios). Nos ense\u00f1aron a fabricar un quitamanchas. Me lo llev\u00e9 a mi casa, lo prob\u00e9 y funcionaba y ah\u00ed dije: \u201cEsto es lo m\u00edo, quiero ser ingeniero qu\u00edmico\u201d. Me encantaban las materias de f\u00edsica, qu\u00edmica, microbiolog\u00eda, fui primer escolta, me encantaba la escuela, era bueno, pero medio sabandija.<\/p>\n\n\n\n<p>En la mitad de sexto a\u00f1o, un profesor, Jorge \u201cel Bambino\u201d Brondello, nos dio educaci\u00f3n c\u00edvica, la historia jur\u00eddica pol\u00edtica de Argentina y no me llam\u00f3 para nada la atenci\u00f3n. El profesor, que me conoc\u00eda porque jug\u00e1bamos al tenis, me dijo: \u201cvas a ser el mejor ingeniero qu\u00edmico, pero, siempre vas a ser empleado, si sos abogado no vas a tener jefes\u201d.&nbsp;<\/p>\n\n\n\n<p>En 48 horas dije, voy a ser abogado y ah\u00ed, le di la noticia a mi pap\u00e1. \u00c9l us\u00f3 la abogac\u00eda como herramienta para otra cosa, como medio para lograr otros proyectos. Cuando le dije que iba a estudiar, remont\u00f3 su estudio para estar a mi lado.<\/p>\n\n\n\n<p><strong>\u00bfTu v\u00ednculo con Radio R\u00edo?<\/strong><\/p>\n\n\n\n<p>En el 88, mi padre tuvo la posibilidad de poner una FM y decidi\u00f3 hacerlo en Villa Nueva para generar una competencia interciudadana. Naci\u00f3 como una transmisi\u00f3n experimental musical hasta que logramos armar un estudio de grabaci\u00f3n y el primer programa en vivo que tuvo, fue un trasnoche, los s\u00e1bados de 0 a 6 de la ma\u00f1ana. Eduardo Mairone y yo, hac\u00edamos la locuci\u00f3n y el sonidista y dj de alma en ese momento, era Luis Negretti, actual rector de la Universidad Nacional.<\/p>\n\n\n\n<p><\/p>\n\n\n\n<figure class=\"wp-block-image size-large\"><img data-recalc-dims=\"1\" decoding=\"async\" width=\"1024\" height=\"683\" src=\"https:\/\/i0.wp.com\/elregionalvm.com.ar\/noticias-villa-maria\/wp-content\/uploads\/2023\/09\/Tati-Rodriguez-desde-adentro-4.jpg?resize=1024%2C683&#038;ssl=1\" alt=\"\" class=\"wp-image-82367\" srcset=\"https:\/\/i0.wp.com\/elregionalvm.com.ar\/noticias-villa-maria\/wp-content\/uploads\/2023\/09\/Tati-Rodriguez-desde-adentro-4.jpg?resize=1024%2C683&amp;ssl=1 1024w, https:\/\/i0.wp.com\/elregionalvm.com.ar\/noticias-villa-maria\/wp-content\/uploads\/2023\/09\/Tati-Rodriguez-desde-adentro-4.jpg?resize=300%2C200&amp;ssl=1 300w, https:\/\/i0.wp.com\/elregionalvm.com.ar\/noticias-villa-maria\/wp-content\/uploads\/2023\/09\/Tati-Rodriguez-desde-adentro-4.jpg?resize=768%2C512&amp;ssl=1 768w, https:\/\/i0.wp.com\/elregionalvm.com.ar\/noticias-villa-maria\/wp-content\/uploads\/2023\/09\/Tati-Rodriguez-desde-adentro-4.jpg?w=1200&amp;ssl=1 1200w\" sizes=\"(max-width: 1000px) 100vw, 1000px\" \/><\/figure>\n\n\n\n<p><\/p>\n\n\n\n<p><strong>\u00bfTe tom\u00f3 por sorpresa en el 2018 la designaci\u00f3n de conjuez federal de C\u00f3rdoba?<\/strong><\/p>\n\n\n\n<p>No la designaci\u00f3n propiamente dicha. Previamente, estaba vacante el Juzgado Federal de Bell Ville, rend\u00ed con 125 colegas y qued\u00e9 2\u00b0, \u00e9ramos dos abogados de la matr\u00edcula y los otros 123, eran empleados del poder judicial. Un gran puntaje, con el cual qued\u00e9 calificado para ser conjuez cuando se dieran las condiciones.\u00a0<\/p>\n\n\n\n<p><\/p>\n\n\n\n<figure class=\"wp-block-pullquote\"><blockquote><p><strong>Bajar la edad de imputabilidad de los j\u00f3venes a 16 o 14 a\u00f1os, es reconocer que fracasaron un mont\u00f3n de sistemas previos, principalmente la educaci\u00f3n<\/strong><\/p><\/blockquote><\/figure>\n\n\n\n<p><\/p>\n\n\n\n<p><strong>Tu opini\u00f3n sobre la edad de imputabilidad\u2026<\/strong><\/p>\n\n\n\n<p>Bajar la edad de imputabilidad de los j\u00f3venes a 16 o 14 a\u00f1os, es reconocer que fracasaron un mont\u00f3n de sistemas previos, principalmente la educaci\u00f3n. No los docentes sino, el sistema en su totalidad que acompa\u00f1a la calidad educativa.<\/p>\n\n\n\n<p>No estoy de acuerdo con ese proceder. La soluci\u00f3n est\u00e1 en la esquina, pero, estamos preocupados en ver qui\u00e9n la encuentra y no la vamos a buscar. Hay un sistema en red en lo social, familiar, econ\u00f3mico, pol\u00edtico que, si no trabaja correctamente, el pibe en vez de estudiar con la panza llena y proyectar un futuro, sale a delinquir. Ninguna persona nace delincuente.<\/p>\n\n\n\n<p><strong>Un caso resonante en tu vida del plano jur\u00eddico\u2026<\/strong><\/p>\n\n\n\n<p>*Varios. Apenas me recib\u00ed y muy resonante a nivel nacional incluso, fue un caso de estafa de viviendas, de una empresa constructora que hizo 114 casas en un lote que llevaba por nombre \u201cSolares de la Villa\u201d y vendi\u00f3 m\u00e1s de 800 planos.<\/p>\n\n\n\n<p>Me llev\u00f3 casi 12 a\u00f1os ese caso, todos los d\u00edas ten\u00eda que destrabar desalojos. En un momento, nos quedamos sin defensas legales y nos encadenamos alrededor de las viviendas (mayo de 2001), hubo tiros, medios televisivos nacionales se hicieron presentes, fue un caso emblema en la ciudad, el pa\u00eds y en mi carrera. Fue la causa de la ciudad.<\/p>\n\n\n\n<p>M\u00e1s de 15 viajes a Buenos aires en los que llegu\u00e9 a dialogar con el presidente de la Corte Suprema de Justicia de la Naci\u00f3n. Fue una estafa tan bien armada que, parec\u00eda una cuesti\u00f3n civil, pero, deb\u00eda intervenir la justicia penal. Represent\u00e9 a todos los vecinos que quisieron hacer juicio y hasta el d\u00eda de hoy, muchos de ellos, son mis amigos, entre ellos, mi peluquero.<\/p>\n\n\n\n<p>Custodi\u00e1bamos el barrio nosotros mismos durante las noches; 22 a\u00f1os despu\u00e9s, a\u00fan siguen algunos juicios esperando resolverse. La actuaci\u00f3n del fiscal M\u00e1rquez, fue resaltante. Nadie quer\u00eda hacerse cargo y fue la causa m\u00e1s grande de los tribunales de Villa Mar\u00eda.<\/p>\n\n\n\n<p><\/p>\n\n\n\n<figure class=\"wp-block-image size-large\"><img data-recalc-dims=\"1\" decoding=\"async\" width=\"683\" height=\"1024\" src=\"https:\/\/i0.wp.com\/elregionalvm.com.ar\/noticias-villa-maria\/wp-content\/uploads\/2023\/09\/Tati-Rodriguez-desde-adentro-vertical.jpg?resize=683%2C1024&#038;ssl=1\" alt=\"\" class=\"wp-image-82361\" srcset=\"https:\/\/i0.wp.com\/elregionalvm.com.ar\/noticias-villa-maria\/wp-content\/uploads\/2023\/09\/Tati-Rodriguez-desde-adentro-vertical.jpg?resize=683%2C1024&amp;ssl=1 683w, https:\/\/i0.wp.com\/elregionalvm.com.ar\/noticias-villa-maria\/wp-content\/uploads\/2023\/09\/Tati-Rodriguez-desde-adentro-vertical.jpg?resize=200%2C300&amp;ssl=1 200w, https:\/\/i0.wp.com\/elregionalvm.com.ar\/noticias-villa-maria\/wp-content\/uploads\/2023\/09\/Tati-Rodriguez-desde-adentro-vertical.jpg?resize=768%2C1152&amp;ssl=1 768w, https:\/\/i0.wp.com\/elregionalvm.com.ar\/noticias-villa-maria\/wp-content\/uploads\/2023\/09\/Tati-Rodriguez-desde-adentro-vertical.jpg?w=800&amp;ssl=1 800w\" sizes=\"(max-width: 683px) 100vw, 683px\" \/><\/figure>\n\n\n\n<p><\/p>\n\n\n\n<p>*Otro caso, fue por encubrimiento. Mi defendido no hab\u00eda entendido que hab\u00eda sido absuelto. Est\u00e1bamos de pie esperando despedir al juez, \u00e9l me pregunta \u201c\u00bfC\u00f3mo nos fue?\u201d. Y yo le dije que hab\u00edamos ganado, que hab\u00eda quedado libre. Saludamos y cuando giro para verlo, se hab\u00eda desmayado, termin\u00f3 y\u00e9ndose en ambulancia.<\/p>\n\n\n\n<p>*En ocasiones fui un atrevido, como en el caso del \u201cMerluza Ojeda\u201d. Eso fue entre el 17 de febrero del 2001 (que me cas\u00e9) y el 4 de marzo que, me iba de luna de miel, la cual la postergu\u00e9 una semana para quedarme en ese juicio.<\/p>\n\n\n\n<p>Mi cliente cae preso por robo y su vinculaci\u00f3n era que la v\u00edctima dec\u00eda que utiliz\u00f3 un rev\u00f3lver plateado. En el allanamiento, le encuentran un arma con las mismas caracter\u00edsticas, pero, no andaba, por eso t\u00e9cnicamente no era un arma.<\/p>\n\n\n\n<p>En el juicio, le avis\u00e9 al polic\u00eda que custodiaba la sala que, llevaba conmigo una de mis armas (desarmada) reglamentarias, le mostr\u00e9 toda la documentaci\u00f3n para portarla y le expliqu\u00e9 que iba a exhibirla en el juicio como parte de mi alegato.<\/p>\n\n\n\n<p>Cuando llego al momento clave de mi alocuci\u00f3n digo: \u201cel arma plateada no puede vincular a mi cliente con la v\u00edctima y el robo porque cualquiera puede tener una de las mismas caracter\u00edsticas\u2026\u201d, mientras dec\u00eda eso, saco mi arma del portafolio, la dejo sobre el escritorio (referenciando que yo tambi\u00e9n ten\u00eda una y no por eso era ladr\u00f3n). La jueza Camandona, le grita al polic\u00eda que me saque el arma y ah\u00ed explico que yo hab\u00eda avisado porque era parte de mi alegato. No lo condenaron.<\/p>\n\n\n\n<p>*Otro fue un homicidio que ocurri\u00f3 en la c\u00e1rcel, en el que yo sosten\u00eda que mi cliente hab\u00eda actuado en leg\u00edtima defensa al apu\u00f1alar al fallecido. Insist\u00ed y logr\u00e9 una inspecci\u00f3n ocular del pabell\u00f3n en el que mi cliente no ten\u00eda forma de huir y para defenderse tuvo que pelear. En el fallo, el Dr. Fissore, me da la raz\u00f3n. Es el \u00fanico juicio en el que Dr. Rusconi como fiscal, no obtuvo sentencia.<\/p>\n\n\n\n<p><strong>Como ciudadano de a pie, \u00bfen qu\u00e9 momento sent\u00eds que aument\u00f3 la inseguridad en Villa Mar\u00eda?<\/strong><\/p>\n\n\n\n<p>Hay varios factores, tiene que ver con el consumo de estupefacientes, con lo lejos que est\u00e1 el futuro que cada uno pens\u00f3 para s\u00ed mismo, y con la deserci\u00f3n escolar. Por otro lado, el progreso y crecimiento de un pa\u00eds, de una ciudad, atrae inseguridad siempre.<\/p>\n\n\n\n<p>Por otro lado, creo que los medios, de una noticia hacen diez en dos d\u00edas y eso genera todo el tiempo estar hablando de inseguridad y, es un mismo hecho. No significa que no suceda, pero, a veces, algunos medios la espectacularizan un poco. Hacen noticia del \u00e1rbol ca\u00eddo.<\/p>\n\n\n\n<p><\/p>\n\n\n\n<figure class=\"wp-block-pullquote\"><blockquote><p><strong>No voy a negar que me gustar\u00eda ser intendente de mi ciudad en alg\u00fan momento de mi vida. Actualmente, creo que no estaban dadas las condiciones<\/strong><\/p><\/blockquote><\/figure>\n\n\n\n<p><\/p>\n\n\n\n<p><strong>A fines de mayo anunciaste ser precandidato a intendente de Villa Mar\u00eda. \u00bfQu\u00e9 pas\u00f3?<\/strong><\/p>\n\n\n\n<p>No voy a negar que me gustar\u00eda ser intendente de mi ciudad en alg\u00fan momento de mi vida. Actualmente, creo que no estaban dadas las condiciones. Siempre sostuve que, yo aceptar\u00eda dirigir un proyecto pol\u00edtico, si los que me acompa\u00f1an, quisieran que lo fuera.<\/p>\n\n\n\n<p>Lo que trascendi\u00f3 fueron unas filtraciones internas de algo que solo se charl\u00f3 entre amigos, no fue con ninguna intenci\u00f3n de especulaci\u00f3n. Dos cosas pasaron, tengo una excelente relaci\u00f3n con mis compa\u00f1eros de \u00e1rea con los que compartimos mucho tiempo y uno, que sabe dise\u00f1ar, en chiste, hizo un flyer potencialmente como podr\u00eda ser la imagen, en caso de que se decida una posible candidatura, nos lo pasamos por WhatsApp y fue a parar adonde no deb\u00eda.<\/p>\n\n\n\n<p><\/p>\n\n\n\n<figure class=\"wp-block-image size-large\"><img data-recalc-dims=\"1\" loading=\"lazy\" decoding=\"async\" width=\"1024\" height=\"683\" src=\"https:\/\/i0.wp.com\/elregionalvm.com.ar\/noticias-villa-maria\/wp-content\/uploads\/2023\/09\/Tati-Rodriguez-desde-adentro-3.jpg?resize=1024%2C683&#038;ssl=1\" alt=\"\" class=\"wp-image-82362\" srcset=\"https:\/\/i0.wp.com\/elregionalvm.com.ar\/noticias-villa-maria\/wp-content\/uploads\/2023\/09\/Tati-Rodriguez-desde-adentro-3.jpg?resize=1024%2C683&amp;ssl=1 1024w, https:\/\/i0.wp.com\/elregionalvm.com.ar\/noticias-villa-maria\/wp-content\/uploads\/2023\/09\/Tati-Rodriguez-desde-adentro-3.jpg?resize=300%2C200&amp;ssl=1 300w, https:\/\/i0.wp.com\/elregionalvm.com.ar\/noticias-villa-maria\/wp-content\/uploads\/2023\/09\/Tati-Rodriguez-desde-adentro-3.jpg?resize=768%2C512&amp;ssl=1 768w, https:\/\/i0.wp.com\/elregionalvm.com.ar\/noticias-villa-maria\/wp-content\/uploads\/2023\/09\/Tati-Rodriguez-desde-adentro-3.jpg?w=1200&amp;ssl=1 1200w\" sizes=\"(max-width: 1000px) 100vw, 1000px\" \/><\/figure>\n\n\n\n<p><\/p>\n\n\n\n<p>Por otro lado, en una cena con amigos, en un bar, empezamos a hablar de pol\u00edtica y agitaban con la idea de postularme. Alguien que estaba en el mismo bar, envi\u00f3 esa informaci\u00f3n mal interpretada a un medio y al otro d\u00eda sali\u00f3 esa noticia.<\/p>\n\n\n\n<p>\u201cUn importante grupo de militantes del gillismo, estar\u00edan por estas horas tratando de convencer al conocido letrado Eduardo Rodr\u00edguez para que se lance como precandidato para la carrera hacia la Intendencia\u201d. Era una cena con amigos, no una reuni\u00f3n pol\u00edtica con militantes.<\/p>\n\n\n\n<p><strong>Est\u00e1s a tres meses de terminar tu gesti\u00f3n como secretario de Gobierno. \u00bfQu\u00e9 te llev\u00e1s de la funci\u00f3n p\u00fablica?<\/strong><\/p>\n\n\n\n<p>Como secretario de Gobierno, divido el an\u00e1lisis en dos. Durante la pandemia en el 2020 a tres meses de asumir en el cargo y otra etapa en la post pandemia. Ning\u00fan an\u00e1lisis me permite evaluar una gesti\u00f3n normal. Me llevo muchos amigos y un gran compa\u00f1erismo.<\/p>\n\n\n\n<p>En la primera etapa, nos organizamos muy bien con el personal, para lo que fue algo impensado en el mundo. Al tener uno de los COE en la ciudad, nos pusimos al hombro la situaci\u00f3n de 71 municipios. Nos llamaban para saber c\u00f3mo nos organiz\u00e1bamos con los cortes de calles, los hisopados, la desarticulaci\u00f3n de fiesta clandestinas, los controles, laburamos 24\/7 sin descanso.<\/p>\n\n\n\n<p>Villa Mar\u00eda est\u00e1 por debajo de las estad\u00edsticas de covid. De acuerdo a la proyecci\u00f3n nacional, tendr\u00edamos que haber tenido entre 600 y 700 muertos y tuvimos 200 y picos que, es un mont\u00f3n, una vida es mont\u00f3n.<\/p>\n\n\n\n<p>Sin embargo, trabajamos a destajo y bajamos a un 25% el nivel de letalidad que iba a tener la ciudad, n\u00fameros reales. No pudimos evitar esas muertes, pero, pusimos todo nuestro esfuerzo y m\u00e1s.<\/p>\n\n\n\n<p><strong>\u00bfTe hablaron para continuar en la gesti\u00f3n p\u00fablica si Accastello es elegido por el voto popular?<\/strong><\/p>\n\n\n\n<p>S\u00ed, en caso de que sea gobierno, Eduardo (Accastello) me manifest\u00f3 que le gustar\u00eda que forme parte de su equipo, pero, no s\u00e9 desde que lugar, se ver\u00e1 despu\u00e9s.<\/p>\n\n\n\n<p><strong>\u00bfTen\u00e9s animales? &nbsp;<\/strong><\/p>\n\n\n\n<p>Ahora no, pero tuve a lo largo de mi vida m\u00e1s de una docena de perros, me gustan mucho. Soy un enamorado de los ovejeros m\u00e1s all\u00e1 de que he tenido de todo.<\/p>\n\n\n\n<p>Me pas\u00f3 una vez, un caso muy curioso. Tuve una Schnauzer peque\u00f1a, Vera, y en medio de un arreglo de la casa, queda la puerta abierta y se escapa. Ten\u00eda algunas fotos, las publiqu\u00e9 en redes por si alguien la encontraba y pasaron 30 d\u00edas sin novedades.<\/p>\n\n\n\n<p><\/p>\n\n\n\n<figure class=\"wp-block-image size-large\"><img data-recalc-dims=\"1\" loading=\"lazy\" decoding=\"async\" width=\"1024\" height=\"683\" src=\"https:\/\/i0.wp.com\/elregionalvm.com.ar\/noticias-villa-maria\/wp-content\/uploads\/2023\/09\/Tati-Rodriguez-desde-adentro-2.jpg?resize=1024%2C683&#038;ssl=1\" alt=\"\" class=\"wp-image-82363\" srcset=\"https:\/\/i0.wp.com\/elregionalvm.com.ar\/noticias-villa-maria\/wp-content\/uploads\/2023\/09\/Tati-Rodriguez-desde-adentro-2.jpg?resize=1024%2C683&amp;ssl=1 1024w, https:\/\/i0.wp.com\/elregionalvm.com.ar\/noticias-villa-maria\/wp-content\/uploads\/2023\/09\/Tati-Rodriguez-desde-adentro-2.jpg?resize=300%2C200&amp;ssl=1 300w, https:\/\/i0.wp.com\/elregionalvm.com.ar\/noticias-villa-maria\/wp-content\/uploads\/2023\/09\/Tati-Rodriguez-desde-adentro-2.jpg?resize=768%2C512&amp;ssl=1 768w, https:\/\/i0.wp.com\/elregionalvm.com.ar\/noticias-villa-maria\/wp-content\/uploads\/2023\/09\/Tati-Rodriguez-desde-adentro-2.jpg?w=1200&amp;ssl=1 1200w\" sizes=\"(max-width: 1000px) 100vw, 1000px\" \/><\/figure>\n\n\n\n<p><\/p>\n\n\n\n<p>Un domingo a las 7 de la ma\u00f1ana, suena el tel\u00e9fono y me dicen que la hab\u00edan encontrado, salto de la cama, despierto a mi esposa, salgo corriendo de mi casa, voy a la direcci\u00f3n indicada, golpeo la puerta de la casa donde supuestamente estaba, sale una mujer despeinada, en bata, me entrega el perro se da media vuelta y me cierra la puerta. Cuando lo miro bien, no mi Vera, le golpe\u00e9 la puerta de nuevo para devolverlo y no me abri\u00f3.<\/p>\n\n\n\n<p>Me lo traje a mi casa, lo cuidamos un tiempo y le encontramos un hogar, me enchufaron un perro cusco que ni en la sombra se parec\u00eda, hoy en d\u00eda es gracioso, pero en el momento fue muy raro todo.<\/p>\n\n\n\n<p><strong>Vas al gimnasio. \u00bfQu\u00e9 ejercicio es el que menos te gusta hacer?<\/strong><\/p>\n\n\n\n<p>Voy tres veces por semana, no hay algo que no me guste pero, soy obsesivo del tiempo. No me gusta esperar, entonces mezclo ejercicios y voy avanzando en la rutina para no esperar con la m\u00e1quina que me toca.<\/p>\n\n\n\n<p>\u201cDormir es morir de a poco\u201d, es un dicho familiar de mi abuelo Rodr\u00edguez. El tiempo no se recupera, por eso no me gusta dormir. Descanso por supuesto, pero, trato de dormir poco, optimizar y aprovechar los tiempos.<\/p>\n\n\n\n<p><strong>\u00bfSos rencoroso o memorioso?<\/strong><\/p>\n\n\n\n<p>Memorioso, soy bastante pacificador y conciliador.<\/p>\n\n\n\n<p><strong>\u00bfUna habilidad oculta?<\/strong><\/p>\n\n\n\n<p>Me gustar\u00eda tener mayores habilidades con las manos, me gustan las herramientas, pero no las s\u00e9 usar, soy muy desordenado. Algo que hago desde los 16 a\u00f1os, pero no me considero muy h\u00e1bil, es tocar la guitarra criolla, pero, me gustar\u00eda tocar mejor. Tom\u00e9 clases de guitarra y canto con Carlos Yaran, un amigo, una gran profesional, pero, soy t\u00edmido, no me animo en p\u00fablico si es gente que no conozco.<\/p>\n\n\n\n<p><\/p>\n\n\n\n<figure class=\"wp-block-image size-large\"><img data-recalc-dims=\"1\" loading=\"lazy\" decoding=\"async\" width=\"1024\" height=\"683\" src=\"https:\/\/i0.wp.com\/elregionalvm.com.ar\/noticias-villa-maria\/wp-content\/uploads\/2023\/09\/Tati-Rodriguez-desde-adentro-guitarra.jpg?resize=1024%2C683&#038;ssl=1\" alt=\"\" class=\"wp-image-82364\" srcset=\"https:\/\/i0.wp.com\/elregionalvm.com.ar\/noticias-villa-maria\/wp-content\/uploads\/2023\/09\/Tati-Rodriguez-desde-adentro-guitarra.jpg?resize=1024%2C683&amp;ssl=1 1024w, https:\/\/i0.wp.com\/elregionalvm.com.ar\/noticias-villa-maria\/wp-content\/uploads\/2023\/09\/Tati-Rodriguez-desde-adentro-guitarra.jpg?resize=300%2C200&amp;ssl=1 300w, https:\/\/i0.wp.com\/elregionalvm.com.ar\/noticias-villa-maria\/wp-content\/uploads\/2023\/09\/Tati-Rodriguez-desde-adentro-guitarra.jpg?resize=768%2C512&amp;ssl=1 768w, https:\/\/i0.wp.com\/elregionalvm.com.ar\/noticias-villa-maria\/wp-content\/uploads\/2023\/09\/Tati-Rodriguez-desde-adentro-guitarra.jpg?w=1200&amp;ssl=1 1200w\" sizes=\"(max-width: 1000px) 100vw, 1000px\" \/><\/figure>\n\n\n\n<p><\/p>\n\n\n\n<p><strong>\u00bfFuiste boy scout?<\/strong><\/p>\n\n\n\n<p>No, me hubiera gustado, pero, me la pas\u00e9 jugando al f\u00fatbol. Crec\u00ed en barrio Palermo, en ese momento, hab\u00eda dos casas, el resto era descampado. Me cri\u00e9 con la gomera, las bumbulas, los gusanos de seda, el r\u00edo y el f\u00fatbol.<\/p>\n\n\n\n<p>Jug\u00e1bamos contra el Mariano Moreno, el equipo estaba formado por Fabi\u00e1n Porporatto (DT), Ram\u00f3n Pereyra (arquero), su hermano, Marcos Coperttino, Marcelo Porportto, Coke Gasc\u00f3n, Adri\u00e1n Ferreyra, yo era delantero.<\/p>\n\n\n\n<p>Lleg\u00e1bamos de la escuela, com\u00edamos y a las dos de la tarde, nos junt\u00e1bamos en el campito con la bolsa, el tirabumbula, la gomera y la pelota. Adem\u00e1s, jug\u00e1bamos todos al tenis, est\u00e1bamos todo el tiempo juntos. Tuve una infancia hermosa.<\/p>\n\n\n\n<p><\/p>\n\n\n\n<figure class=\"wp-block-pullquote\"><blockquote><p><strong>Los pol\u00edticos se dejan corromper. La pol\u00edtica no es corrupta, es una actividad que desarrollan los hombres<\/strong><\/p><\/blockquote><\/figure>\n\n\n\n<p><\/p>\n\n\n\n<p><strong>\u00bfLa actividad pol\u00edtica corrompe o los pol\u00edticos se dejan corromper?<\/strong><\/p>\n\n\n\n<p>Los pol\u00edticos se dejan corromper. La pol\u00edtica no es corrupta, es una actividad que desarrollan los hombres. Los pa\u00edses que han progresado lo hicieron porque han tenido una pol\u00edtica adecuada. Es necesaria para el desarrollo de la sociedad, el tema es c\u00f3mo se la lleva a cabo.<\/p>\n\n\n\n<p><strong>\u00bfAlgo que no sab\u00e9s y te gustar\u00eda saber?<\/strong><\/p>\n\n\n\n<p>Me gustar\u00eda conocer m\u00e1s, pero, no tengo tiempo suficiente de leer, sobre la historia de vida de los personajes religiosos. Siempre fui creyente, mis abuelos lo eran. Me gusta saber los detalles de la historia del hombre. Quiz\u00e1s, porque tengo un esp\u00edritu revolucionario, tengo la necesidad de cambiar las cosas, para bien.<\/p>\n\n\n\n<p>Siempre me he planteado en mi vida, cu\u00e1l hubiese sido mi conducta siglos atr\u00e1s, en el momento de crucifixi\u00f3n de Jes\u00fas, si hubiese sido su seguidor o uno de los que ped\u00eda que lo crucifiquen.<\/p>\n\n\n\n<p><\/p>\n\n\n\n<figure class=\"wp-block-image size-large\"><img data-recalc-dims=\"1\" loading=\"lazy\" decoding=\"async\" width=\"1024\" height=\"683\" src=\"https:\/\/i0.wp.com\/elregionalvm.com.ar\/noticias-villa-maria\/wp-content\/uploads\/2023\/09\/Tati-Rodriguez-desde-adentro.jpg?resize=1024%2C683&#038;ssl=1\" alt=\"\" class=\"wp-image-82365\" srcset=\"https:\/\/i0.wp.com\/elregionalvm.com.ar\/noticias-villa-maria\/wp-content\/uploads\/2023\/09\/Tati-Rodriguez-desde-adentro.jpg?resize=1024%2C683&amp;ssl=1 1024w, https:\/\/i0.wp.com\/elregionalvm.com.ar\/noticias-villa-maria\/wp-content\/uploads\/2023\/09\/Tati-Rodriguez-desde-adentro.jpg?resize=300%2C200&amp;ssl=1 300w, https:\/\/i0.wp.com\/elregionalvm.com.ar\/noticias-villa-maria\/wp-content\/uploads\/2023\/09\/Tati-Rodriguez-desde-adentro.jpg?resize=768%2C512&amp;ssl=1 768w, https:\/\/i0.wp.com\/elregionalvm.com.ar\/noticias-villa-maria\/wp-content\/uploads\/2023\/09\/Tati-Rodriguez-desde-adentro.jpg?w=1200&amp;ssl=1 1200w\" sizes=\"(max-width: 1000px) 100vw, 1000px\" \/><\/figure>\n\n\n\n<p><\/p>\n\n\n\n<p><strong>Un recuerdo con tus padres<\/strong><\/p>\n\n\n\n<p>Patricia M\u00e9ndez y Eduardo Rodr\u00edguez. Las reuniones familiares en mi casa. Siempre fuimos una familia de recibir gente, los planteles de Alumni, reuniones pol\u00edticas a oscuras en la \u00e9poca militar, la hospitalidad de mis padres siempre resalt\u00f3. Otro ejemplo, me fui a estudiar a C\u00f3rdoba y mis amigos iban a comer con ellos, aunque yo no estaba.<\/p>\n\n\n\n<p><strong>\u00bfUn amigo de la infancia?<\/strong><\/p>\n\n\n\n<p>Fui muy amiguero, pero, podr\u00eda decirte, mi amiga de la infancia, de toda la vida y mi relaci\u00f3n m\u00e1s larga que, se convirti\u00f3 en amor, mi esposa. Casado hace22 a\u00f1os, con 10 a\u00f1os y 9 meses de novio y previo a eso, una amistad desde la adolescencia.<\/p>\n\n\n\n<p><strong>La esperanza es\u2026<\/strong><\/p>\n\n\n\n<p>Un motor que tenemos adentro, sin esperanza no habr\u00eda razones para avanzar, nos empuja a seguir d\u00eda a d\u00eda.<\/p>\n\n\n\n<p><\/p>\n\n\n\n<h3 class=\"wp-block-heading\"><strong>Tambi\u00e9n pod\u00e9s ver:<\/strong><\/h3>\n\n\n\n<p><\/p>\n\n\n\n<p><\/p>\n\n\n\n<figure class=\"wp-block-embed is-type-wp-embed is-provider-el-regional wp-block-embed-el-regional\"><div class=\"wp-block-embed__wrapper\">\n<blockquote class=\"wp-embedded-content\" data-secret=\"2ZRL6IRWV8\"><a href=\"https:\/\/elregionalvm.com.ar\/noticias-villa-maria\/desde-adentro-alejandro-lopez-manejarse-con-punteros-y-dadivas-en-villa-maria-no-es-la-forma-de-hacer-politica\/\">[Desde Adentro] Alejandro L\u00f3pez: \u201cManejarse con punteros y d\u00e1divas en Villa Mar\u00eda no es la forma de hacer pol\u00edtica\u201d (VIDEO)<\/a><\/blockquote><iframe class=\"wp-embedded-content\" sandbox=\"allow-scripts\" security=\"restricted\" style=\"position: absolute; clip: rect(1px, 1px, 1px, 1px);\" title=\"\u00ab[Desde Adentro] Alejandro L\u00f3pez: \u201cManejarse con punteros y d\u00e1divas en Villa Mar\u00eda no es la forma de hacer pol\u00edtica\u201d (VIDEO)\u00bb \u2014 El Regional\" src=\"https:\/\/elregionalvm.com.ar\/noticias-villa-maria\/desde-adentro-alejandro-lopez-manejarse-con-punteros-y-dadivas-en-villa-maria-no-es-la-forma-de-hacer-politica\/embed\/#?secret=A8UyyIT8MB#?secret=2ZRL6IRWV8\" data-secret=\"2ZRL6IRWV8\" width=\"500\" height=\"282\" frameborder=\"0\" marginwidth=\"0\" marginheight=\"0\" scrolling=\"no\"><\/iframe>\n<\/div><\/figure>\n","protected":false},"excerpt":{"rendered":"<p>Eduardo \u201cTati\u201d Rodr\u00edguez (51), es abogado hace 25 a\u00f1os, secretario de Gobierno, Seguridad Ciudadana y Asuntos Legales y preside del Tribunal de Disciplina de la Liga Villamariense de F\u00fatbol. Hijo de padre abogado y madre docente. Casado con Lara, padre de Mar\u00eda Emilia (21), Santiago, (18) y Juan Manuel (15). Hincha fan\u00e1tico de Racing Club, [&hellip;]<\/p>\n","protected":false},"author":4,"featured_media":82360,"comment_status":"open","ping_status":"open","sticky":false,"template":"","format":"standard","meta":{"site-sidebar-layout":"default","site-content-layout":"","ast-site-content-layout":"default","site-content-style":"default","site-sidebar-style":"default","ast-global-header-display":"","ast-banner-title-visibility":"","ast-main-header-display":"","ast-hfb-above-header-display":"","ast-hfb-below-header-display":"","ast-hfb-mobile-header-display":"","site-post-title":"","ast-breadcrumbs-content":"","ast-featured-img":"","footer-sml-layout":"","ast-disable-related-posts":"","theme-transparent-header-meta":"","adv-header-id-meta":"","stick-header-meta":"","header-above-stick-meta":"","header-main-stick-meta":"","header-below-stick-meta":"","astra-migrate-meta-layouts":"set","ast-page-background-enabled":"default","ast-page-background-meta":{"desktop":{"background-color":"","background-image":"","background-repeat":"repeat","background-position":"center center","background-size":"auto","background-attachment":"scroll","background-type":"","background-media":"","overlay-type":"","overlay-color":"","overlay-opacity":"","overlay-gradient":""},"tablet":{"background-color":"","background-image":"","background-repeat":"repeat","background-position":"center center","background-size":"auto","background-attachment":"scroll","background-type":"","background-media":"","overlay-type":"","overlay-color":"","overlay-opacity":"","overlay-gradient":""},"mobile":{"background-color":"","background-image":"","background-repeat":"repeat","background-position":"center center","background-size":"auto","background-attachment":"scroll","background-type":"","background-media":"","overlay-type":"","overlay-color":"","overlay-opacity":"","overlay-gradient":""}},"ast-content-background-meta":{"desktop":{"background-color":"var(--ast-global-color-5)","background-image":"","background-repeat":"repeat","background-position":"center center","background-size":"auto","background-attachment":"scroll","background-type":"","background-media":"","overlay-type":"","overlay-color":"","overlay-opacity":"","overlay-gradient":""},"tablet":{"background-color":"var(--ast-global-color-5)","background-image":"","background-repeat":"repeat","background-position":"center center","background-size":"auto","background-attachment":"scroll","background-type":"","background-media":"","overlay-type":"","overlay-color":"","overlay-opacity":"","overlay-gradient":""},"mobile":{"background-color":"var(--ast-global-color-5)","background-image":"","background-repeat":"repeat","background-position":"center center","background-size":"auto","background-attachment":"scroll","background-type":"","background-media":"","overlay-type":"","overlay-color":"","overlay-opacity":"","overlay-gradient":""}},"_jetpack_memberships_contains_paid_content":false,"_joinchat":[],"footnotes":""},"categories":[2098,2089,3557,2074],"tags":[11269,2331,2038,21675,268,1719,1125,16869,436,9180],"class_list":["post-82355","post","type-post","status-publish","format-standard","has-post-thumbnail","hentry","category-historias","category-politica","category-tercera","category-videos","tag-abogacia","tag-alumni","tag-eduardo-accastello","tag-eduardo-tati-rodriguez","tag-elecciones","tag-gestion","tag-martin-gill","tag-racing","tag-radio","tag-secretario-de-gobierno"],"yoast_head":"<!-- This site is optimized with the Yoast SEO plugin v26.8 - https:\/\/yoast.com\/product\/yoast-seo-wordpress\/ -->\n<title>[Desde Adentro] Eduardo \u201cTati\u201d Rodr\u00edguez: \u201cAccastello me manifest\u00f3 que, si es intendente, le gustar\u00eda que forme parte de su equipo\u201d - El Regional<\/title>\n<meta name=\"robots\" content=\"index, follow, max-snippet:-1, max-image-preview:large, max-video-preview:-1\" \/>\n<link rel=\"canonical\" href=\"http:\/\/elregionalvm.com.ar\/noticias-villa-maria\/desde-adentro-eduardo-tati-rodriguez-accastello-me-manifesto-que-si-es-intendente-le-gustaria-que-forme-parte-de-su-equipo\/\" \/>\n<meta property=\"og:locale\" content=\"es_ES\" \/>\n<meta property=\"og:type\" content=\"article\" \/>\n<meta property=\"og:title\" content=\"[Desde Adentro] Eduardo \u201cTati\u201d Rodr\u00edguez: \u201cAccastello me manifest\u00f3 que, si es intendente, le gustar\u00eda que forme parte de su equipo\u201d - El Regional\" \/>\n<meta property=\"og:description\" content=\"Eduardo \u201cTati\u201d Rodr\u00edguez (51), es abogado hace 25 a\u00f1os, secretario de Gobierno, Seguridad Ciudadana y Asuntos Legales y preside del Tribunal de Disciplina de la Liga Villamariense de F\u00fatbol. Hijo de padre abogado y madre docente. Casado con Lara, padre de Mar\u00eda Emilia (21), Santiago, (18) y Juan Manuel (15). Hincha fan\u00e1tico de Racing Club, [&hellip;]\" \/>\n<meta property=\"og:url\" content=\"http:\/\/elregionalvm.com.ar\/noticias-villa-maria\/desde-adentro-eduardo-tati-rodriguez-accastello-me-manifesto-que-si-es-intendente-le-gustaria-que-forme-parte-de-su-equipo\/\" \/>\n<meta property=\"og:site_name\" content=\"El Regional\" \/>\n<meta property=\"article:publisher\" content=\"https:\/\/www.facebook.com\/elregionalvm\" \/>\n<meta property=\"article:published_time\" content=\"2023-09-10T02:04:08+00:00\" \/>\n<meta property=\"article:modified_time\" content=\"2023-09-14T01:48:27+00:00\" \/>\n<meta property=\"og:image\" content=\"http:\/\/elregionalvm.com.ar\/noticias-villa-maria\/wp-content\/uploads\/2023\/09\/Tati-Rodriguez-desde-adentro-portada.jpg\" \/>\n\t<meta property=\"og:image:width\" content=\"1200\" \/>\n\t<meta property=\"og:image:height\" content=\"800\" \/>\n\t<meta property=\"og:image:type\" content=\"image\/jpeg\" \/>\n<meta name=\"author\" content=\"Contenidos El Regional\" \/>\n<meta name=\"twitter:card\" content=\"summary_large_image\" \/>\n<meta name=\"twitter:creator\" content=\"@elregionalvm1\" \/>\n<meta name=\"twitter:site\" content=\"@elregionalvm1\" \/>\n<meta name=\"twitter:label1\" content=\"Escrito por\" \/>\n\t<meta name=\"twitter:data1\" content=\"Contenidos El Regional\" \/>\n\t<meta name=\"twitter:label2\" content=\"Tiempo de lectura\" \/>\n\t<meta name=\"twitter:data2\" content=\"16 minutos\" \/>\n<script type=\"application\/ld+json\" class=\"yoast-schema-graph\">{\"@context\":\"https:\/\/schema.org\",\"@graph\":[{\"@type\":\"Article\",\"@id\":\"http:\/\/elregionalvm.com.ar\/noticias-villa-maria\/desde-adentro-eduardo-tati-rodriguez-accastello-me-manifesto-que-si-es-intendente-le-gustaria-que-forme-parte-de-su-equipo\/#article\",\"isPartOf\":{\"@id\":\"http:\/\/elregionalvm.com.ar\/noticias-villa-maria\/desde-adentro-eduardo-tati-rodriguez-accastello-me-manifesto-que-si-es-intendente-le-gustaria-que-forme-parte-de-su-equipo\/\"},\"author\":{\"name\":\"Contenidos El Regional\",\"@id\":\"http:\/\/elregionalvm.com.ar\/noticias-villa-maria\/#\/schema\/person\/a0fb9c422317faca23d50163151bc354\"},\"headline\":\"[Desde Adentro] Eduardo \u201cTati\u201d Rodr\u00edguez: \u201cAccastello me manifest\u00f3 que, si es intendente, le gustar\u00eda que forme parte de su equipo\u201d\",\"datePublished\":\"2023-09-10T02:04:08+00:00\",\"dateModified\":\"2023-09-14T01:48:27+00:00\",\"mainEntityOfPage\":{\"@id\":\"http:\/\/elregionalvm.com.ar\/noticias-villa-maria\/desde-adentro-eduardo-tati-rodriguez-accastello-me-manifesto-que-si-es-intendente-le-gustaria-que-forme-parte-de-su-equipo\/\"},\"wordCount\":3390,\"commentCount\":0,\"image\":{\"@id\":\"http:\/\/elregionalvm.com.ar\/noticias-villa-maria\/desde-adentro-eduardo-tati-rodriguez-accastello-me-manifesto-que-si-es-intendente-le-gustaria-que-forme-parte-de-su-equipo\/#primaryimage\"},\"thumbnailUrl\":\"https:\/\/i0.wp.com\/elregionalvm.com.ar\/noticias-villa-maria\/wp-content\/uploads\/2023\/09\/Tati-Rodriguez-desde-adentro-portada.jpg?fit=1200%2C800&ssl=1\",\"keywords\":[\"Abogac\u00eda\",\"Alumni\",\"Eduardo Accastello\",\"Eduardo Tati Rodr\u00edguez\",\"elecciones\",\"gesti\u00f3n\",\"mart\u00edn gill\",\"Racing\",\"radio\",\"Secretario de Gobierno\"],\"articleSection\":[\"Historias\",\"Pol\u00edtica\",\"tercera\",\"Videos\"],\"inLanguage\":\"es\",\"potentialAction\":[{\"@type\":\"CommentAction\",\"name\":\"Comment\",\"target\":[\"http:\/\/elregionalvm.com.ar\/noticias-villa-maria\/desde-adentro-eduardo-tati-rodriguez-accastello-me-manifesto-que-si-es-intendente-le-gustaria-que-forme-parte-de-su-equipo\/#respond\"]}]},{\"@type\":\"WebPage\",\"@id\":\"http:\/\/elregionalvm.com.ar\/noticias-villa-maria\/desde-adentro-eduardo-tati-rodriguez-accastello-me-manifesto-que-si-es-intendente-le-gustaria-que-forme-parte-de-su-equipo\/\",\"url\":\"http:\/\/elregionalvm.com.ar\/noticias-villa-maria\/desde-adentro-eduardo-tati-rodriguez-accastello-me-manifesto-que-si-es-intendente-le-gustaria-que-forme-parte-de-su-equipo\/\",\"name\":\"[Desde Adentro] Eduardo \u201cTati\u201d Rodr\u00edguez: \u201cAccastello me manifest\u00f3 que, si es intendente, le gustar\u00eda que forme parte de su equipo\u201d - El Regional\",\"isPartOf\":{\"@id\":\"http:\/\/elregionalvm.com.ar\/noticias-villa-maria\/#website\"},\"primaryImageOfPage\":{\"@id\":\"http:\/\/elregionalvm.com.ar\/noticias-villa-maria\/desde-adentro-eduardo-tati-rodriguez-accastello-me-manifesto-que-si-es-intendente-le-gustaria-que-forme-parte-de-su-equipo\/#primaryimage\"},\"image\":{\"@id\":\"http:\/\/elregionalvm.com.ar\/noticias-villa-maria\/desde-adentro-eduardo-tati-rodriguez-accastello-me-manifesto-que-si-es-intendente-le-gustaria-que-forme-parte-de-su-equipo\/#primaryimage\"},\"thumbnailUrl\":\"https:\/\/i0.wp.com\/elregionalvm.com.ar\/noticias-villa-maria\/wp-content\/uploads\/2023\/09\/Tati-Rodriguez-desde-adentro-portada.jpg?fit=1200%2C800&ssl=1\",\"datePublished\":\"2023-09-10T02:04:08+00:00\",\"dateModified\":\"2023-09-14T01:48:27+00:00\",\"author\":{\"@id\":\"http:\/\/elregionalvm.com.ar\/noticias-villa-maria\/#\/schema\/person\/a0fb9c422317faca23d50163151bc354\"},\"breadcrumb\":{\"@id\":\"http:\/\/elregionalvm.com.ar\/noticias-villa-maria\/desde-adentro-eduardo-tati-rodriguez-accastello-me-manifesto-que-si-es-intendente-le-gustaria-que-forme-parte-de-su-equipo\/#breadcrumb\"},\"inLanguage\":\"es\",\"potentialAction\":[{\"@type\":\"ReadAction\",\"target\":[\"http:\/\/elregionalvm.com.ar\/noticias-villa-maria\/desde-adentro-eduardo-tati-rodriguez-accastello-me-manifesto-que-si-es-intendente-le-gustaria-que-forme-parte-de-su-equipo\/\"]}]},{\"@type\":\"ImageObject\",\"inLanguage\":\"es\",\"@id\":\"http:\/\/elregionalvm.com.ar\/noticias-villa-maria\/desde-adentro-eduardo-tati-rodriguez-accastello-me-manifesto-que-si-es-intendente-le-gustaria-que-forme-parte-de-su-equipo\/#primaryimage\",\"url\":\"https:\/\/i0.wp.com\/elregionalvm.com.ar\/noticias-villa-maria\/wp-content\/uploads\/2023\/09\/Tati-Rodriguez-desde-adentro-portada.jpg?fit=1200%2C800&ssl=1\",\"contentUrl\":\"https:\/\/i0.wp.com\/elregionalvm.com.ar\/noticias-villa-maria\/wp-content\/uploads\/2023\/09\/Tati-Rodriguez-desde-adentro-portada.jpg?fit=1200%2C800&ssl=1\",\"width\":1200,\"height\":800},{\"@type\":\"BreadcrumbList\",\"@id\":\"http:\/\/elregionalvm.com.ar\/noticias-villa-maria\/desde-adentro-eduardo-tati-rodriguez-accastello-me-manifesto-que-si-es-intendente-le-gustaria-que-forme-parte-de-su-equipo\/#breadcrumb\",\"itemListElement\":[{\"@type\":\"ListItem\",\"position\":1,\"name\":\"Portada\",\"item\":\"https:\/\/elregionalvm.com.ar\/noticias-villa-maria\/\"},{\"@type\":\"ListItem\",\"position\":2,\"name\":\"[Desde Adentro] Eduardo \u201cTati\u201d Rodr\u00edguez: \u201cAccastello me manifest\u00f3 que, si es intendente, le gustar\u00eda que forme parte de su equipo\u201d\"}]},{\"@type\":\"WebSite\",\"@id\":\"http:\/\/elregionalvm.com.ar\/noticias-villa-maria\/#website\",\"url\":\"http:\/\/elregionalvm.com.ar\/noticias-villa-maria\/\",\"name\":\"El Regional\",\"description\":\"Mucho m\u00e1s que informaci\u00f3n\",\"potentialAction\":[{\"@type\":\"SearchAction\",\"target\":{\"@type\":\"EntryPoint\",\"urlTemplate\":\"http:\/\/elregionalvm.com.ar\/noticias-villa-maria\/?s={search_term_string}\"},\"query-input\":{\"@type\":\"PropertyValueSpecification\",\"valueRequired\":true,\"valueName\":\"search_term_string\"}}],\"inLanguage\":\"es\"},{\"@type\":\"Person\",\"@id\":\"http:\/\/elregionalvm.com.ar\/noticias-villa-maria\/#\/schema\/person\/a0fb9c422317faca23d50163151bc354\",\"name\":\"Contenidos El Regional\",\"image\":{\"@type\":\"ImageObject\",\"inLanguage\":\"es\",\"@id\":\"http:\/\/elregionalvm.com.ar\/noticias-villa-maria\/#\/schema\/person\/image\/\",\"url\":\"https:\/\/secure.gravatar.com\/avatar\/265b27cb2209af7bb3a1318f03305787d7981a5cc6e6cd08fe5a4ecdf99d4b48?s=96&d=mm&r=g\",\"contentUrl\":\"https:\/\/secure.gravatar.com\/avatar\/265b27cb2209af7bb3a1318f03305787d7981a5cc6e6cd08fe5a4ecdf99d4b48?s=96&d=mm&r=g\",\"caption\":\"Contenidos El Regional\"},\"url\":\"https:\/\/elregionalvm.com.ar\/noticias-villa-maria\/author\/contenido\/\"}]}<\/script>\n<!-- \/ Yoast SEO plugin. -->","yoast_head_json":{"title":"[Desde Adentro] Eduardo \u201cTati\u201d Rodr\u00edguez: \u201cAccastello me manifest\u00f3 que, si es intendente, le gustar\u00eda que forme parte de su equipo\u201d - El Regional","robots":{"index":"index","follow":"follow","max-snippet":"max-snippet:-1","max-image-preview":"max-image-preview:large","max-video-preview":"max-video-preview:-1"},"canonical":"http:\/\/elregionalvm.com.ar\/noticias-villa-maria\/desde-adentro-eduardo-tati-rodriguez-accastello-me-manifesto-que-si-es-intendente-le-gustaria-que-forme-parte-de-su-equipo\/","og_locale":"es_ES","og_type":"article","og_title":"[Desde Adentro] Eduardo \u201cTati\u201d Rodr\u00edguez: \u201cAccastello me manifest\u00f3 que, si es intendente, le gustar\u00eda que forme parte de su equipo\u201d - El Regional","og_description":"Eduardo \u201cTati\u201d Rodr\u00edguez (51), es abogado hace 25 a\u00f1os, secretario de Gobierno, Seguridad Ciudadana y Asuntos Legales y preside del Tribunal de Disciplina de la Liga Villamariense de F\u00fatbol. Hijo de padre abogado y madre docente. Casado con Lara, padre de Mar\u00eda Emilia (21), Santiago, (18) y Juan Manuel (15). Hincha fan\u00e1tico de Racing Club, [&hellip;]","og_url":"http:\/\/elregionalvm.com.ar\/noticias-villa-maria\/desde-adentro-eduardo-tati-rodriguez-accastello-me-manifesto-que-si-es-intendente-le-gustaria-que-forme-parte-de-su-equipo\/","og_site_name":"El Regional","article_publisher":"https:\/\/www.facebook.com\/elregionalvm","article_published_time":"2023-09-10T02:04:08+00:00","article_modified_time":"2023-09-14T01:48:27+00:00","og_image":[{"width":1200,"height":800,"url":"http:\/\/elregionalvm.com.ar\/noticias-villa-maria\/wp-content\/uploads\/2023\/09\/Tati-Rodriguez-desde-adentro-portada.jpg","type":"image\/jpeg"}],"author":"Contenidos El Regional","twitter_card":"summary_large_image","twitter_creator":"@elregionalvm1","twitter_site":"@elregionalvm1","twitter_misc":{"Escrito por":"Contenidos El Regional","Tiempo de lectura":"16 minutos"},"schema":{"@context":"https:\/\/schema.org","@graph":[{"@type":"Article","@id":"http:\/\/elregionalvm.com.ar\/noticias-villa-maria\/desde-adentro-eduardo-tati-rodriguez-accastello-me-manifesto-que-si-es-intendente-le-gustaria-que-forme-parte-de-su-equipo\/#article","isPartOf":{"@id":"http:\/\/elregionalvm.com.ar\/noticias-villa-maria\/desde-adentro-eduardo-tati-rodriguez-accastello-me-manifesto-que-si-es-intendente-le-gustaria-que-forme-parte-de-su-equipo\/"},"author":{"name":"Contenidos El Regional","@id":"http:\/\/elregionalvm.com.ar\/noticias-villa-maria\/#\/schema\/person\/a0fb9c422317faca23d50163151bc354"},"headline":"[Desde Adentro] Eduardo \u201cTati\u201d Rodr\u00edguez: \u201cAccastello me manifest\u00f3 que, si es intendente, le gustar\u00eda que forme parte de su equipo\u201d","datePublished":"2023-09-10T02:04:08+00:00","dateModified":"2023-09-14T01:48:27+00:00","mainEntityOfPage":{"@id":"http:\/\/elregionalvm.com.ar\/noticias-villa-maria\/desde-adentro-eduardo-tati-rodriguez-accastello-me-manifesto-que-si-es-intendente-le-gustaria-que-forme-parte-de-su-equipo\/"},"wordCount":3390,"commentCount":0,"image":{"@id":"http:\/\/elregionalvm.com.ar\/noticias-villa-maria\/desde-adentro-eduardo-tati-rodriguez-accastello-me-manifesto-que-si-es-intendente-le-gustaria-que-forme-parte-de-su-equipo\/#primaryimage"},"thumbnailUrl":"https:\/\/i0.wp.com\/elregionalvm.com.ar\/noticias-villa-maria\/wp-content\/uploads\/2023\/09\/Tati-Rodriguez-desde-adentro-portada.jpg?fit=1200%2C800&ssl=1","keywords":["Abogac\u00eda","Alumni","Eduardo Accastello","Eduardo Tati Rodr\u00edguez","elecciones","gesti\u00f3n","mart\u00edn gill","Racing","radio","Secretario de Gobierno"],"articleSection":["Historias","Pol\u00edtica","tercera","Videos"],"inLanguage":"es","potentialAction":[{"@type":"CommentAction","name":"Comment","target":["http:\/\/elregionalvm.com.ar\/noticias-villa-maria\/desde-adentro-eduardo-tati-rodriguez-accastello-me-manifesto-que-si-es-intendente-le-gustaria-que-forme-parte-de-su-equipo\/#respond"]}]},{"@type":"WebPage","@id":"http:\/\/elregionalvm.com.ar\/noticias-villa-maria\/desde-adentro-eduardo-tati-rodriguez-accastello-me-manifesto-que-si-es-intendente-le-gustaria-que-forme-parte-de-su-equipo\/","url":"http:\/\/elregionalvm.com.ar\/noticias-villa-maria\/desde-adentro-eduardo-tati-rodriguez-accastello-me-manifesto-que-si-es-intendente-le-gustaria-que-forme-parte-de-su-equipo\/","name":"[Desde Adentro] Eduardo \u201cTati\u201d Rodr\u00edguez: \u201cAccastello me manifest\u00f3 que, si es intendente, le gustar\u00eda que forme parte de su equipo\u201d - El Regional","isPartOf":{"@id":"http:\/\/elregionalvm.com.ar\/noticias-villa-maria\/#website"},"primaryImageOfPage":{"@id":"http:\/\/elregionalvm.com.ar\/noticias-villa-maria\/desde-adentro-eduardo-tati-rodriguez-accastello-me-manifesto-que-si-es-intendente-le-gustaria-que-forme-parte-de-su-equipo\/#primaryimage"},"image":{"@id":"http:\/\/elregionalvm.com.ar\/noticias-villa-maria\/desde-adentro-eduardo-tati-rodriguez-accastello-me-manifesto-que-si-es-intendente-le-gustaria-que-forme-parte-de-su-equipo\/#primaryimage"},"thumbnailUrl":"https:\/\/i0.wp.com\/elregionalvm.com.ar\/noticias-villa-maria\/wp-content\/uploads\/2023\/09\/Tati-Rodriguez-desde-adentro-portada.jpg?fit=1200%2C800&ssl=1","datePublished":"2023-09-10T02:04:08+00:00","dateModified":"2023-09-14T01:48:27+00:00","author":{"@id":"http:\/\/elregionalvm.com.ar\/noticias-villa-maria\/#\/schema\/person\/a0fb9c422317faca23d50163151bc354"},"breadcrumb":{"@id":"http:\/\/elregionalvm.com.ar\/noticias-villa-maria\/desde-adentro-eduardo-tati-rodriguez-accastello-me-manifesto-que-si-es-intendente-le-gustaria-que-forme-parte-de-su-equipo\/#breadcrumb"},"inLanguage":"es","potentialAction":[{"@type":"ReadAction","target":["http:\/\/elregionalvm.com.ar\/noticias-villa-maria\/desde-adentro-eduardo-tati-rodriguez-accastello-me-manifesto-que-si-es-intendente-le-gustaria-que-forme-parte-de-su-equipo\/"]}]},{"@type":"ImageObject","inLanguage":"es","@id":"http:\/\/elregionalvm.com.ar\/noticias-villa-maria\/desde-adentro-eduardo-tati-rodriguez-accastello-me-manifesto-que-si-es-intendente-le-gustaria-que-forme-parte-de-su-equipo\/#primaryimage","url":"https:\/\/i0.wp.com\/elregionalvm.com.ar\/noticias-villa-maria\/wp-content\/uploads\/2023\/09\/Tati-Rodriguez-desde-adentro-portada.jpg?fit=1200%2C800&ssl=1","contentUrl":"https:\/\/i0.wp.com\/elregionalvm.com.ar\/noticias-villa-maria\/wp-content\/uploads\/2023\/09\/Tati-Rodriguez-desde-adentro-portada.jpg?fit=1200%2C800&ssl=1","width":1200,"height":800},{"@type":"BreadcrumbList","@id":"http:\/\/elregionalvm.com.ar\/noticias-villa-maria\/desde-adentro-eduardo-tati-rodriguez-accastello-me-manifesto-que-si-es-intendente-le-gustaria-que-forme-parte-de-su-equipo\/#breadcrumb","itemListElement":[{"@type":"ListItem","position":1,"name":"Portada","item":"https:\/\/elregionalvm.com.ar\/noticias-villa-maria\/"},{"@type":"ListItem","position":2,"name":"[Desde Adentro] Eduardo \u201cTati\u201d Rodr\u00edguez: \u201cAccastello me manifest\u00f3 que, si es intendente, le gustar\u00eda que forme parte de su equipo\u201d"}]},{"@type":"WebSite","@id":"http:\/\/elregionalvm.com.ar\/noticias-villa-maria\/#website","url":"http:\/\/elregionalvm.com.ar\/noticias-villa-maria\/","name":"El Regional","description":"Mucho m\u00e1s que informaci\u00f3n","potentialAction":[{"@type":"SearchAction","target":{"@type":"EntryPoint","urlTemplate":"http:\/\/elregionalvm.com.ar\/noticias-villa-maria\/?s={search_term_string}"},"query-input":{"@type":"PropertyValueSpecification","valueRequired":true,"valueName":"search_term_string"}}],"inLanguage":"es"},{"@type":"Person","@id":"http:\/\/elregionalvm.com.ar\/noticias-villa-maria\/#\/schema\/person\/a0fb9c422317faca23d50163151bc354","name":"Contenidos El Regional","image":{"@type":"ImageObject","inLanguage":"es","@id":"http:\/\/elregionalvm.com.ar\/noticias-villa-maria\/#\/schema\/person\/image\/","url":"https:\/\/secure.gravatar.com\/avatar\/265b27cb2209af7bb3a1318f03305787d7981a5cc6e6cd08fe5a4ecdf99d4b48?s=96&d=mm&r=g","contentUrl":"https:\/\/secure.gravatar.com\/avatar\/265b27cb2209af7bb3a1318f03305787d7981a5cc6e6cd08fe5a4ecdf99d4b48?s=96&d=mm&r=g","caption":"Contenidos El Regional"},"url":"https:\/\/elregionalvm.com.ar\/noticias-villa-maria\/author\/contenido\/"}]}},"jetpack_featured_media_url":"https:\/\/i0.wp.com\/elregionalvm.com.ar\/noticias-villa-maria\/wp-content\/uploads\/2023\/09\/Tati-Rodriguez-desde-adentro-portada.jpg?fit=1200%2C800&ssl=1","jetpack_sharing_enabled":true,"_links":{"self":[{"href":"https:\/\/elregionalvm.com.ar\/noticias-villa-maria\/wp-json\/wp\/v2\/posts\/82355","targetHints":{"allow":["GET"]}}],"collection":[{"href":"https:\/\/elregionalvm.com.ar\/noticias-villa-maria\/wp-json\/wp\/v2\/posts"}],"about":[{"href":"https:\/\/elregionalvm.com.ar\/noticias-villa-maria\/wp-json\/wp\/v2\/types\/post"}],"author":[{"embeddable":true,"href":"https:\/\/elregionalvm.com.ar\/noticias-villa-maria\/wp-json\/wp\/v2\/users\/4"}],"replies":[{"embeddable":true,"href":"https:\/\/elregionalvm.com.ar\/noticias-villa-maria\/wp-json\/wp\/v2\/comments?post=82355"}],"version-history":[{"count":5,"href":"https:\/\/elregionalvm.com.ar\/noticias-villa-maria\/wp-json\/wp\/v2\/posts\/82355\/revisions"}],"predecessor-version":[{"id":82371,"href":"https:\/\/elregionalvm.com.ar\/noticias-villa-maria\/wp-json\/wp\/v2\/posts\/82355\/revisions\/82371"}],"wp:featuredmedia":[{"embeddable":true,"href":"https:\/\/elregionalvm.com.ar\/noticias-villa-maria\/wp-json\/wp\/v2\/media\/82360"}],"wp:attachment":[{"href":"https:\/\/elregionalvm.com.ar\/noticias-villa-maria\/wp-json\/wp\/v2\/media?parent=82355"}],"wp:term":[{"taxonomy":"category","embeddable":true,"href":"https:\/\/elregionalvm.com.ar\/noticias-villa-maria\/wp-json\/wp\/v2\/categories?post=82355"},{"taxonomy":"post_tag","embeddable":true,"href":"https:\/\/elregionalvm.com.ar\/noticias-villa-maria\/wp-json\/wp\/v2\/tags?post=82355"}],"curies":[{"name":"wp","href":"https:\/\/api.w.org\/{rel}","templated":true}]}}