{"id":82402,"date":"2023-09-12T01:46:02","date_gmt":"2023-09-12T01:46:02","guid":{"rendered":"https:\/\/elregionalvm.com.ar\/noticias-villa-maria\/?p=82402"},"modified":"2023-09-14T02:12:03","modified_gmt":"2023-09-14T02:12:03","slug":"mindfulness-en-educacion-es-posible-cultivar-la-atencion-plena-en-las-aulas","status":"publish","type":"post","link":"https:\/\/elregionalvm.com.ar\/noticias-villa-maria\/mindfulness-en-educacion-es-posible-cultivar-la-atencion-plena-en-las-aulas\/","title":{"rendered":"\u00abMindfulness\u00bb en Educaci\u00f3n: \u00bfEs posible cultivar la atenci\u00f3n plena en las aulas?"},"content":{"rendered":"\n<p><\/p>\n\n\n\n<h3 class=\"wp-block-heading\"><strong>En el vertiginoso mundo de hoy, donde las distracciones son constantes y la ansiedad surge muchas veces por la aceleraci\u00f3n de nuestros estilos de vida, la educaci\u00f3n enfrenta el desaf\u00edo de preparar a los estudiantes para una vida equilibrada.<\/strong><\/h3>\n\n\n\n<h3 class=\"wp-block-heading\"><strong>En este contexto, el mindfulness en la educaci\u00f3n ha emergido como una herramienta de la pedagog\u00eda de innovaci\u00f3n que cultiva habilidades esenciales para la vida. En esta columna, exploraremos qu\u00e9 es el mindfulness, c\u00f3mo se integra en las aulas y los beneficios que ofrece a estudiantes y educadores.<\/strong><\/h3>\n\n\n\n<p><\/p>\n\n\n\n<p><strong>Escribe: Lic. Ana Paula Moreno<\/strong><\/p>\n\n\n\n<p><\/p>\n\n\n\n<p><strong>\u00bfQu\u00e9 es el Mindfulness?<\/strong><\/p>\n\n\n\n<p>El mindfulness, o atenci\u00f3n plena, es la pr\u00e1ctica de estar consciente del momento presente sin juzgar. Implica prestar atenci\u00f3n a las sensaciones f\u00edsicas, emociones y pensamientos que surgen en el aqu\u00ed y ahora. Aunque esta idea puede parecer simple, su impacto en la salud mental y el bienestar es profundo.<\/p>\n\n\n\n<p><strong>\u00bfC\u00f3mo se Integra el Mindfulness en las Aulas?<\/strong><\/p>\n\n\n\n<p>La integraci\u00f3n del mindfulness en la educaci\u00f3n no implica convertir las aulas en retiros espirituales, sino m\u00e1s bien en la inclusi\u00f3n de pr\u00e1cticas sencillas que fomenten la atenci\u00f3n plena.<\/p>\n\n\n\n<p>Estas pr\u00e1cticas pueden incluir ejercicios de respiraci\u00f3n consciente, meditaci\u00f3n corta y momentos de reflexi\u00f3n. Los educadores pueden adoptar diversas estrategias para incorporar el mindfulness en sus clases, adapt\u00e1ndolas a las necesidades de sus estudiantes y al curr\u00edculum.<\/p>\n\n\n\n<p><\/p>\n\n\n\n<figure class=\"wp-block-image size-large\"><img data-recalc-dims=\"1\" fetchpriority=\"high\" decoding=\"async\" width=\"1024\" height=\"694\" src=\"https:\/\/i0.wp.com\/elregionalvm.com.ar\/noticias-villa-maria\/wp-content\/uploads\/2023\/09\/Mindfulness-educacion-ninos.jpg?resize=1024%2C694&#038;ssl=1\" alt=\"\" class=\"wp-image-82460\" srcset=\"https:\/\/i0.wp.com\/elregionalvm.com.ar\/noticias-villa-maria\/wp-content\/uploads\/2023\/09\/Mindfulness-educacion-ninos.jpg?resize=1024%2C694&amp;ssl=1 1024w, https:\/\/i0.wp.com\/elregionalvm.com.ar\/noticias-villa-maria\/wp-content\/uploads\/2023\/09\/Mindfulness-educacion-ninos.jpg?resize=300%2C203&amp;ssl=1 300w, https:\/\/i0.wp.com\/elregionalvm.com.ar\/noticias-villa-maria\/wp-content\/uploads\/2023\/09\/Mindfulness-educacion-ninos.jpg?resize=768%2C520&amp;ssl=1 768w, https:\/\/i0.wp.com\/elregionalvm.com.ar\/noticias-villa-maria\/wp-content\/uploads\/2023\/09\/Mindfulness-educacion-ninos.jpg?w=1030&amp;ssl=1 1030w\" sizes=\"(max-width: 1000px) 100vw, 1000px\" \/><\/figure>\n\n\n\n<p><\/p>\n\n\n\n<p><strong>\u00bfCu\u00e1les son los Beneficios del Mindfulness en la Educaci\u00f3n?<\/strong><\/p>\n\n\n\n<p>Los beneficios de esta pr\u00e1ctica para docentes y estudiantes son variados; entre los cuales se destacan:<\/p>\n\n\n\n<ul class=\"wp-block-list\"><li>Mejora la concentraci\u00f3n y el enfoque: El mindfulness ayuda a desarrollar la capacidad de prestar atenci\u00f3n a una tarea espec\u00edfica, lo que puede tener un impacto positivo tanto en el rendimiento acad\u00e9mico como en la tarea de ense\u00f1anza.<\/li><li>Gesti\u00f3n del estr\u00e9s: El mindfulness brinda herramientas para manejar el estr\u00e9s y la ansiedad de manera efectiva.<\/li><li>Desarrollo emocional: El mindfulness fomenta la inteligencia emocional; esto contribuye a un ambiente escolar m\u00e1s positivo y a relaciones m\u00e1s saludables.<\/li><li>Fomenta la empat\u00eda y la compasi\u00f3n: Al estar m\u00e1s conscientes de sus propios pensamientos y sentimientos, permite desarrollar una mayor empat\u00eda hacia los dem\u00e1s, promoviendo la construcci\u00f3n de relaciones m\u00e1s solidarias.<\/li><li>Mejora la toma de decisiones: El mindfulness fomenta la reflexi\u00f3n antes de actuar impulsivamente.<\/li><\/ul>\n\n\n\n<p><\/p>\n\n\n\n<figure class=\"wp-block-image size-full is-resized\"><img data-recalc-dims=\"1\" decoding=\"async\" src=\"https:\/\/i0.wp.com\/elregionalvm.com.ar\/noticias-villa-maria\/wp-content\/uploads\/2023\/09\/Mindfulness-educacion-ninos-2.jpg?resize=909%2C721&#038;ssl=1\" alt=\"\" class=\"wp-image-82459\" width=\"909\" height=\"721\" srcset=\"https:\/\/i0.wp.com\/elregionalvm.com.ar\/noticias-villa-maria\/wp-content\/uploads\/2023\/09\/Mindfulness-educacion-ninos-2.jpg?w=756&amp;ssl=1 756w, https:\/\/i0.wp.com\/elregionalvm.com.ar\/noticias-villa-maria\/wp-content\/uploads\/2023\/09\/Mindfulness-educacion-ninos-2.jpg?resize=300%2C238&amp;ssl=1 300w\" sizes=\"(max-width: 909px) 100vw, 909px\" \/><\/figure>\n\n\n\n<p><\/p>\n\n\n\n<p><strong>Desaf\u00edos y Cr\u00edticas<\/strong><\/p>\n\n\n\n<p>Si bien el mindfulness en la educaci\u00f3n ha demostrado ser beneficioso en muchos aspectos, tambi\u00e9n enfrenta desaf\u00edos y cr\u00edticas. Algunos argumentan que puede ser una distracci\u00f3n en el aula o que su enfoque en el individuo puede descuidar otros aspectos m\u00e1s relevantes de la educaci\u00f3n colectiva.<\/p>\n\n\n\n<p>Tambi\u00e9n desde las perspectivas m\u00e1s racionalistas, se critica la inclusi\u00f3n de pr\u00e1cticas meditativas puesto que, bajo esta mirada, no es competencia de la escuela proveer estas herramientas.<\/p>\n\n\n\n<p>A pesar de las cr\u00edticas o cuestionamientos, actualmente se est\u00e1n realizando estudios para analizar su impacto en la ense\u00f1anza y aprendizaje, evaluando sus posibilidades y limitaciones de implementaci\u00f3n.<\/p>\n\n\n\n<p>Es importante abordar el desaf\u00edo de incluir el mindfulness de manera equilibrada, reconociendo que no es la \u00fanica opci\u00f3n, sino una herramienta complementaria en la caja de herramientas educativas. Debe integrarse de manera coherente con los objetivos de aprendizaje y el bienestar general de los estudiantes.<\/p>\n\n\n\n<p><\/p>\n\n\n\n<figure class=\"wp-block-image size-large\"><img data-recalc-dims=\"1\" decoding=\"async\" width=\"1024\" height=\"594\" src=\"https:\/\/i0.wp.com\/elregionalvm.com.ar\/noticias-villa-maria\/wp-content\/uploads\/2021\/10\/Clases-primaria.jpg?resize=1024%2C594&#038;ssl=1\" alt=\"\" class=\"wp-image-46734\" srcset=\"https:\/\/i0.wp.com\/elregionalvm.com.ar\/noticias-villa-maria\/wp-content\/uploads\/2021\/10\/Clases-primaria.jpg?resize=1024%2C594&amp;ssl=1 1024w, https:\/\/i0.wp.com\/elregionalvm.com.ar\/noticias-villa-maria\/wp-content\/uploads\/2021\/10\/Clases-primaria.jpg?resize=300%2C174&amp;ssl=1 300w, https:\/\/i0.wp.com\/elregionalvm.com.ar\/noticias-villa-maria\/wp-content\/uploads\/2021\/10\/Clases-primaria.jpg?resize=768%2C445&amp;ssl=1 768w, https:\/\/i0.wp.com\/elregionalvm.com.ar\/noticias-villa-maria\/wp-content\/uploads\/2021\/10\/Clases-primaria.jpg?w=1200&amp;ssl=1 1200w\" sizes=\"(max-width: 1000px) 100vw, 1000px\" \/><\/figure>\n\n\n\n<p><\/p>\n\n\n\n<p>El mindfulness en las aulas plantea preguntas inquietantes sobre el papel de la educaci\u00f3n en la formaci\u00f3n de individuos \u00edntegros.<\/p>\n\n\n\n<p>La pregunta que sigue interpelando el rol de la escuela es \u00bfc\u00f3mo podemos equilibrar el enfoque en los logros acad\u00e9micos con el desarrollo personal y emocional de los estudiantes? Esta cuesti\u00f3n merece una reflexi\u00f3n continua y un di\u00e1logo abierto entre educadores, estudiantes y la sociedad en general.<\/p>\n\n\n\n<p>En \u00faltima instancia, el mindfulness en la educaci\u00f3n nos recuerda que la verdadera sabidur\u00eda no solo se encuentra s\u00f3lo en lo que sabemos, sino tambi\u00e9n en c\u00f3mo vivimos nuestras vidas de manera consciente, compasiva y orientada hacia el bienestar.<\/p>\n\n\n\n<p><\/p>\n\n\n\n<p><\/p>\n\n\n\n<h3 class=\"wp-block-heading\"><strong>Tambi\u00e9n pod\u00e9s ver:<\/strong><\/h3>\n\n\n\n<p><\/p>\n\n\n\n<p><\/p>\n\n\n\n<figure class=\"wp-block-embed is-type-wp-embed is-provider-el-regional wp-block-embed-el-regional\"><div class=\"wp-block-embed__wrapper\">\n<blockquote class=\"wp-embedded-content\" data-secret=\"M0jAKt8KUC\"><a href=\"https:\/\/elregionalvm.com.ar\/noticias-villa-maria\/educacion-ambiental-una-via-estrategica-para-enfrentar-una-problematica-real-e-innegable-el-cambio-climatico\/\">[Educaci\u00f3n ambiental] Una v\u00eda estrat\u00e9gica para enfrentar una problem\u00e1tica real e innegable: el cambio clim\u00e1tico<\/a><\/blockquote><iframe class=\"wp-embedded-content\" sandbox=\"allow-scripts\" security=\"restricted\" style=\"position: absolute; clip: rect(1px, 1px, 1px, 1px);\" title=\"\u00ab[Educaci\u00f3n ambiental] Una v\u00eda estrat\u00e9gica para enfrentar una problem\u00e1tica real e innegable: el cambio clim\u00e1tico\u00bb \u2014 El Regional\" src=\"https:\/\/elregionalvm.com.ar\/noticias-villa-maria\/educacion-ambiental-una-via-estrategica-para-enfrentar-una-problematica-real-e-innegable-el-cambio-climatico\/embed\/#?secret=kgv7TN4WAE#?secret=M0jAKt8KUC\" data-secret=\"M0jAKt8KUC\" width=\"500\" height=\"282\" frameborder=\"0\" marginwidth=\"0\" marginheight=\"0\" scrolling=\"no\"><\/iframe>\n<\/div><\/figure>\n\n\n\n<p><\/p>\n","protected":false},"excerpt":{"rendered":"<p>En el vertiginoso mundo de hoy, donde las distracciones son constantes y la ansiedad surge muchas veces por la aceleraci\u00f3n de nuestros estilos de vida, la educaci\u00f3n enfrenta el desaf\u00edo de preparar a los estudiantes para una vida equilibrada. En este contexto, el mindfulness en la educaci\u00f3n ha emergido como una herramienta de la pedagog\u00eda [&hellip;]<\/p>\n","protected":false},"author":4,"featured_media":82458,"comment_status":"open","ping_status":"open","sticky":false,"template":"","format":"standard","meta":{"site-sidebar-layout":"default","site-content-layout":"","ast-site-content-layout":"default","site-content-style":"default","site-sidebar-style":"default","ast-global-header-display":"","ast-banner-title-visibility":"","ast-main-header-display":"","ast-hfb-above-header-display":"","ast-hfb-below-header-display":"","ast-hfb-mobile-header-display":"","site-post-title":"","ast-breadcrumbs-content":"","ast-featured-img":"","footer-sml-layout":"","ast-disable-related-posts":"","theme-transparent-header-meta":"","adv-header-id-meta":"","stick-header-meta":"","header-above-stick-meta":"","header-main-stick-meta":"","header-below-stick-meta":"","astra-migrate-meta-layouts":"set","ast-page-background-enabled":"default","ast-page-background-meta":{"desktop":{"background-color":"","background-image":"","background-repeat":"repeat","background-position":"center center","background-size":"auto","background-attachment":"scroll","background-type":"","background-media":"","overlay-type":"","overlay-color":"","overlay-opacity":"","overlay-gradient":""},"tablet":{"background-color":"","background-image":"","background-repeat":"repeat","background-position":"center center","background-size":"auto","background-attachment":"scroll","background-type":"","background-media":"","overlay-type":"","overlay-color":"","overlay-opacity":"","overlay-gradient":""},"mobile":{"background-color":"","background-image":"","background-repeat":"repeat","background-position":"center center","background-size":"auto","background-attachment":"scroll","background-type":"","background-media":"","overlay-type":"","overlay-color":"","overlay-opacity":"","overlay-gradient":""}},"ast-content-background-meta":{"desktop":{"background-color":"var(--ast-global-color-5)","background-image":"","background-repeat":"repeat","background-position":"center center","background-size":"auto","background-attachment":"scroll","background-type":"","background-media":"","overlay-type":"","overlay-color":"","overlay-opacity":"","overlay-gradient":""},"tablet":{"background-color":"var(--ast-global-color-5)","background-image":"","background-repeat":"repeat","background-position":"center center","background-size":"auto","background-attachment":"scroll","background-type":"","background-media":"","overlay-type":"","overlay-color":"","overlay-opacity":"","overlay-gradient":""},"mobile":{"background-color":"var(--ast-global-color-5)","background-image":"","background-repeat":"repeat","background-position":"center center","background-size":"auto","background-attachment":"scroll","background-type":"","background-media":"","overlay-type":"","overlay-color":"","overlay-opacity":"","overlay-gradient":""}},"_jetpack_memberships_contains_paid_content":false,"_joinchat":[],"footnotes":""},"categories":[365,3557],"tags":[22874,22877,22875,2157,22876,3835,2889,10940,22872,2109,9924],"class_list":["post-82402","post","type-post","status-publish","format-standard","has-post-thumbnail","hentry","category-opinion","category-tercera","tag-aula","tag-desarrollo-emocional","tag-distracciones","tag-educacion","tag-equilibrio","tag-estres","tag-estudiantes-2","tag-meditacion","tag-mindfulness","tag-pedagogia","tag-yoga"],"yoast_head":"<!-- This site is optimized with the Yoast SEO plugin v26.8 - https:\/\/yoast.com\/product\/yoast-seo-wordpress\/ -->\n<title>&quot;Mindfulness&quot; en Educaci\u00f3n: \u00bfEs posible cultivar la atenci\u00f3n plena en las aulas? - El Regional<\/title>\n<meta name=\"robots\" content=\"index, follow, max-snippet:-1, max-image-preview:large, max-video-preview:-1\" \/>\n<link rel=\"canonical\" href=\"http:\/\/elregionalvm.com.ar\/noticias-villa-maria\/mindfulness-en-educacion-es-posible-cultivar-la-atencion-plena-en-las-aulas\/\" \/>\n<meta property=\"og:locale\" content=\"es_ES\" \/>\n<meta property=\"og:type\" content=\"article\" \/>\n<meta property=\"og:title\" content=\"&quot;Mindfulness&quot; en Educaci\u00f3n: \u00bfEs posible cultivar la atenci\u00f3n plena en las aulas? - El Regional\" \/>\n<meta property=\"og:description\" content=\"En el vertiginoso mundo de hoy, donde las distracciones son constantes y la ansiedad surge muchas veces por la aceleraci\u00f3n de nuestros estilos de vida, la educaci\u00f3n enfrenta el desaf\u00edo de preparar a los estudiantes para una vida equilibrada. En este contexto, el mindfulness en la educaci\u00f3n ha emergido como una herramienta de la pedagog\u00eda [&hellip;]\" \/>\n<meta property=\"og:url\" content=\"http:\/\/elregionalvm.com.ar\/noticias-villa-maria\/mindfulness-en-educacion-es-posible-cultivar-la-atencion-plena-en-las-aulas\/\" \/>\n<meta property=\"og:site_name\" content=\"El Regional\" \/>\n<meta property=\"article:publisher\" content=\"https:\/\/www.facebook.com\/elregionalvm\" \/>\n<meta property=\"article:published_time\" content=\"2023-09-12T01:46:02+00:00\" \/>\n<meta property=\"article:modified_time\" content=\"2023-09-14T02:12:03+00:00\" \/>\n<meta property=\"og:image\" content=\"http:\/\/elregionalvm.com.ar\/noticias-villa-maria\/wp-content\/uploads\/2023\/09\/Mindfulness-educacion-manos-nino-colores-pintura.jpg\" \/>\n\t<meta property=\"og:image:width\" content=\"1000\" \/>\n\t<meta property=\"og:image:height\" content=\"667\" \/>\n\t<meta property=\"og:image:type\" content=\"image\/jpeg\" \/>\n<meta name=\"author\" content=\"Contenidos El Regional\" \/>\n<meta name=\"twitter:card\" content=\"summary_large_image\" \/>\n<meta name=\"twitter:creator\" content=\"@elregionalvm1\" \/>\n<meta name=\"twitter:site\" content=\"@elregionalvm1\" \/>\n<meta name=\"twitter:label1\" content=\"Escrito por\" \/>\n\t<meta name=\"twitter:data1\" content=\"Contenidos El Regional\" \/>\n\t<meta name=\"twitter:label2\" content=\"Tiempo de lectura\" \/>\n\t<meta name=\"twitter:data2\" content=\"4 minutos\" \/>\n<script type=\"application\/ld+json\" class=\"yoast-schema-graph\">{\"@context\":\"https:\/\/schema.org\",\"@graph\":[{\"@type\":\"Article\",\"@id\":\"http:\/\/elregionalvm.com.ar\/noticias-villa-maria\/mindfulness-en-educacion-es-posible-cultivar-la-atencion-plena-en-las-aulas\/#article\",\"isPartOf\":{\"@id\":\"http:\/\/elregionalvm.com.ar\/noticias-villa-maria\/mindfulness-en-educacion-es-posible-cultivar-la-atencion-plena-en-las-aulas\/\"},\"author\":{\"name\":\"Contenidos El Regional\",\"@id\":\"http:\/\/elregionalvm.com.ar\/noticias-villa-maria\/#\/schema\/person\/a0fb9c422317faca23d50163151bc354\"},\"headline\":\"\u00abMindfulness\u00bb en Educaci\u00f3n: \u00bfEs posible cultivar la atenci\u00f3n plena en las aulas?\",\"datePublished\":\"2023-09-12T01:46:02+00:00\",\"dateModified\":\"2023-09-14T02:12:03+00:00\",\"mainEntityOfPage\":{\"@id\":\"http:\/\/elregionalvm.com.ar\/noticias-villa-maria\/mindfulness-en-educacion-es-posible-cultivar-la-atencion-plena-en-las-aulas\/\"},\"wordCount\":723,\"commentCount\":0,\"image\":{\"@id\":\"http:\/\/elregionalvm.com.ar\/noticias-villa-maria\/mindfulness-en-educacion-es-posible-cultivar-la-atencion-plena-en-las-aulas\/#primaryimage\"},\"thumbnailUrl\":\"https:\/\/i0.wp.com\/elregionalvm.com.ar\/noticias-villa-maria\/wp-content\/uploads\/2023\/09\/Mindfulness-educacion-manos-nino-colores-pintura.jpg?fit=1000%2C667&ssl=1\",\"keywords\":[\"aula\",\"desarrollo emocional\",\"distracciones\",\"Educaci\u00f3n\",\"equilibrio\",\"estr\u00e9s\",\"estudiantes\",\"Meditaci\u00f3n\",\"mindfulness\",\"Pedagog\u00eda\",\"Yoga\"],\"articleSection\":[\"Opini\u00f3n\",\"tercera\"],\"inLanguage\":\"es\",\"potentialAction\":[{\"@type\":\"CommentAction\",\"name\":\"Comment\",\"target\":[\"http:\/\/elregionalvm.com.ar\/noticias-villa-maria\/mindfulness-en-educacion-es-posible-cultivar-la-atencion-plena-en-las-aulas\/#respond\"]}]},{\"@type\":\"WebPage\",\"@id\":\"http:\/\/elregionalvm.com.ar\/noticias-villa-maria\/mindfulness-en-educacion-es-posible-cultivar-la-atencion-plena-en-las-aulas\/\",\"url\":\"http:\/\/elregionalvm.com.ar\/noticias-villa-maria\/mindfulness-en-educacion-es-posible-cultivar-la-atencion-plena-en-las-aulas\/\",\"name\":\"\\\"Mindfulness\\\" en Educaci\u00f3n: \u00bfEs posible cultivar la atenci\u00f3n plena en las aulas? - El Regional\",\"isPartOf\":{\"@id\":\"http:\/\/elregionalvm.com.ar\/noticias-villa-maria\/#website\"},\"primaryImageOfPage\":{\"@id\":\"http:\/\/elregionalvm.com.ar\/noticias-villa-maria\/mindfulness-en-educacion-es-posible-cultivar-la-atencion-plena-en-las-aulas\/#primaryimage\"},\"image\":{\"@id\":\"http:\/\/elregionalvm.com.ar\/noticias-villa-maria\/mindfulness-en-educacion-es-posible-cultivar-la-atencion-plena-en-las-aulas\/#primaryimage\"},\"thumbnailUrl\":\"https:\/\/i0.wp.com\/elregionalvm.com.ar\/noticias-villa-maria\/wp-content\/uploads\/2023\/09\/Mindfulness-educacion-manos-nino-colores-pintura.jpg?fit=1000%2C667&ssl=1\",\"datePublished\":\"2023-09-12T01:46:02+00:00\",\"dateModified\":\"2023-09-14T02:12:03+00:00\",\"author\":{\"@id\":\"http:\/\/elregionalvm.com.ar\/noticias-villa-maria\/#\/schema\/person\/a0fb9c422317faca23d50163151bc354\"},\"breadcrumb\":{\"@id\":\"http:\/\/elregionalvm.com.ar\/noticias-villa-maria\/mindfulness-en-educacion-es-posible-cultivar-la-atencion-plena-en-las-aulas\/#breadcrumb\"},\"inLanguage\":\"es\",\"potentialAction\":[{\"@type\":\"ReadAction\",\"target\":[\"http:\/\/elregionalvm.com.ar\/noticias-villa-maria\/mindfulness-en-educacion-es-posible-cultivar-la-atencion-plena-en-las-aulas\/\"]}]},{\"@type\":\"ImageObject\",\"inLanguage\":\"es\",\"@id\":\"http:\/\/elregionalvm.com.ar\/noticias-villa-maria\/mindfulness-en-educacion-es-posible-cultivar-la-atencion-plena-en-las-aulas\/#primaryimage\",\"url\":\"https:\/\/i0.wp.com\/elregionalvm.com.ar\/noticias-villa-maria\/wp-content\/uploads\/2023\/09\/Mindfulness-educacion-manos-nino-colores-pintura.jpg?fit=1000%2C667&ssl=1\",\"contentUrl\":\"https:\/\/i0.wp.com\/elregionalvm.com.ar\/noticias-villa-maria\/wp-content\/uploads\/2023\/09\/Mindfulness-educacion-manos-nino-colores-pintura.jpg?fit=1000%2C667&ssl=1\",\"width\":1000,\"height\":667},{\"@type\":\"BreadcrumbList\",\"@id\":\"http:\/\/elregionalvm.com.ar\/noticias-villa-maria\/mindfulness-en-educacion-es-posible-cultivar-la-atencion-plena-en-las-aulas\/#breadcrumb\",\"itemListElement\":[{\"@type\":\"ListItem\",\"position\":1,\"name\":\"Portada\",\"item\":\"https:\/\/elregionalvm.com.ar\/noticias-villa-maria\/\"},{\"@type\":\"ListItem\",\"position\":2,\"name\":\"\u00abMindfulness\u00bb en Educaci\u00f3n: \u00bfEs posible cultivar la atenci\u00f3n plena en las aulas?\"}]},{\"@type\":\"WebSite\",\"@id\":\"http:\/\/elregionalvm.com.ar\/noticias-villa-maria\/#website\",\"url\":\"http:\/\/elregionalvm.com.ar\/noticias-villa-maria\/\",\"name\":\"El Regional\",\"description\":\"Mucho m\u00e1s que informaci\u00f3n\",\"potentialAction\":[{\"@type\":\"SearchAction\",\"target\":{\"@type\":\"EntryPoint\",\"urlTemplate\":\"http:\/\/elregionalvm.com.ar\/noticias-villa-maria\/?s={search_term_string}\"},\"query-input\":{\"@type\":\"PropertyValueSpecification\",\"valueRequired\":true,\"valueName\":\"search_term_string\"}}],\"inLanguage\":\"es\"},{\"@type\":\"Person\",\"@id\":\"http:\/\/elregionalvm.com.ar\/noticias-villa-maria\/#\/schema\/person\/a0fb9c422317faca23d50163151bc354\",\"name\":\"Contenidos El Regional\",\"image\":{\"@type\":\"ImageObject\",\"inLanguage\":\"es\",\"@id\":\"http:\/\/elregionalvm.com.ar\/noticias-villa-maria\/#\/schema\/person\/image\/\",\"url\":\"https:\/\/secure.gravatar.com\/avatar\/265b27cb2209af7bb3a1318f03305787d7981a5cc6e6cd08fe5a4ecdf99d4b48?s=96&d=mm&r=g\",\"contentUrl\":\"https:\/\/secure.gravatar.com\/avatar\/265b27cb2209af7bb3a1318f03305787d7981a5cc6e6cd08fe5a4ecdf99d4b48?s=96&d=mm&r=g\",\"caption\":\"Contenidos El Regional\"},\"url\":\"https:\/\/elregionalvm.com.ar\/noticias-villa-maria\/author\/contenido\/\"}]}<\/script>\n<!-- \/ Yoast SEO plugin. -->","yoast_head_json":{"title":"\"Mindfulness\" en Educaci\u00f3n: \u00bfEs posible cultivar la atenci\u00f3n plena en las aulas? - El Regional","robots":{"index":"index","follow":"follow","max-snippet":"max-snippet:-1","max-image-preview":"max-image-preview:large","max-video-preview":"max-video-preview:-1"},"canonical":"http:\/\/elregionalvm.com.ar\/noticias-villa-maria\/mindfulness-en-educacion-es-posible-cultivar-la-atencion-plena-en-las-aulas\/","og_locale":"es_ES","og_type":"article","og_title":"\"Mindfulness\" en Educaci\u00f3n: \u00bfEs posible cultivar la atenci\u00f3n plena en las aulas? - El Regional","og_description":"En el vertiginoso mundo de hoy, donde las distracciones son constantes y la ansiedad surge muchas veces por la aceleraci\u00f3n de nuestros estilos de vida, la educaci\u00f3n enfrenta el desaf\u00edo de preparar a los estudiantes para una vida equilibrada. En este contexto, el mindfulness en la educaci\u00f3n ha emergido como una herramienta de la pedagog\u00eda [&hellip;]","og_url":"http:\/\/elregionalvm.com.ar\/noticias-villa-maria\/mindfulness-en-educacion-es-posible-cultivar-la-atencion-plena-en-las-aulas\/","og_site_name":"El Regional","article_publisher":"https:\/\/www.facebook.com\/elregionalvm","article_published_time":"2023-09-12T01:46:02+00:00","article_modified_time":"2023-09-14T02:12:03+00:00","og_image":[{"width":1000,"height":667,"url":"http:\/\/elregionalvm.com.ar\/noticias-villa-maria\/wp-content\/uploads\/2023\/09\/Mindfulness-educacion-manos-nino-colores-pintura.jpg","type":"image\/jpeg"}],"author":"Contenidos El Regional","twitter_card":"summary_large_image","twitter_creator":"@elregionalvm1","twitter_site":"@elregionalvm1","twitter_misc":{"Escrito por":"Contenidos El Regional","Tiempo de lectura":"4 minutos"},"schema":{"@context":"https:\/\/schema.org","@graph":[{"@type":"Article","@id":"http:\/\/elregionalvm.com.ar\/noticias-villa-maria\/mindfulness-en-educacion-es-posible-cultivar-la-atencion-plena-en-las-aulas\/#article","isPartOf":{"@id":"http:\/\/elregionalvm.com.ar\/noticias-villa-maria\/mindfulness-en-educacion-es-posible-cultivar-la-atencion-plena-en-las-aulas\/"},"author":{"name":"Contenidos El Regional","@id":"http:\/\/elregionalvm.com.ar\/noticias-villa-maria\/#\/schema\/person\/a0fb9c422317faca23d50163151bc354"},"headline":"\u00abMindfulness\u00bb en Educaci\u00f3n: \u00bfEs posible cultivar la atenci\u00f3n plena en las aulas?","datePublished":"2023-09-12T01:46:02+00:00","dateModified":"2023-09-14T02:12:03+00:00","mainEntityOfPage":{"@id":"http:\/\/elregionalvm.com.ar\/noticias-villa-maria\/mindfulness-en-educacion-es-posible-cultivar-la-atencion-plena-en-las-aulas\/"},"wordCount":723,"commentCount":0,"image":{"@id":"http:\/\/elregionalvm.com.ar\/noticias-villa-maria\/mindfulness-en-educacion-es-posible-cultivar-la-atencion-plena-en-las-aulas\/#primaryimage"},"thumbnailUrl":"https:\/\/i0.wp.com\/elregionalvm.com.ar\/noticias-villa-maria\/wp-content\/uploads\/2023\/09\/Mindfulness-educacion-manos-nino-colores-pintura.jpg?fit=1000%2C667&ssl=1","keywords":["aula","desarrollo emocional","distracciones","Educaci\u00f3n","equilibrio","estr\u00e9s","estudiantes","Meditaci\u00f3n","mindfulness","Pedagog\u00eda","Yoga"],"articleSection":["Opini\u00f3n","tercera"],"inLanguage":"es","potentialAction":[{"@type":"CommentAction","name":"Comment","target":["http:\/\/elregionalvm.com.ar\/noticias-villa-maria\/mindfulness-en-educacion-es-posible-cultivar-la-atencion-plena-en-las-aulas\/#respond"]}]},{"@type":"WebPage","@id":"http:\/\/elregionalvm.com.ar\/noticias-villa-maria\/mindfulness-en-educacion-es-posible-cultivar-la-atencion-plena-en-las-aulas\/","url":"http:\/\/elregionalvm.com.ar\/noticias-villa-maria\/mindfulness-en-educacion-es-posible-cultivar-la-atencion-plena-en-las-aulas\/","name":"\"Mindfulness\" en Educaci\u00f3n: \u00bfEs posible cultivar la atenci\u00f3n plena en las aulas? - El Regional","isPartOf":{"@id":"http:\/\/elregionalvm.com.ar\/noticias-villa-maria\/#website"},"primaryImageOfPage":{"@id":"http:\/\/elregionalvm.com.ar\/noticias-villa-maria\/mindfulness-en-educacion-es-posible-cultivar-la-atencion-plena-en-las-aulas\/#primaryimage"},"image":{"@id":"http:\/\/elregionalvm.com.ar\/noticias-villa-maria\/mindfulness-en-educacion-es-posible-cultivar-la-atencion-plena-en-las-aulas\/#primaryimage"},"thumbnailUrl":"https:\/\/i0.wp.com\/elregionalvm.com.ar\/noticias-villa-maria\/wp-content\/uploads\/2023\/09\/Mindfulness-educacion-manos-nino-colores-pintura.jpg?fit=1000%2C667&ssl=1","datePublished":"2023-09-12T01:46:02+00:00","dateModified":"2023-09-14T02:12:03+00:00","author":{"@id":"http:\/\/elregionalvm.com.ar\/noticias-villa-maria\/#\/schema\/person\/a0fb9c422317faca23d50163151bc354"},"breadcrumb":{"@id":"http:\/\/elregionalvm.com.ar\/noticias-villa-maria\/mindfulness-en-educacion-es-posible-cultivar-la-atencion-plena-en-las-aulas\/#breadcrumb"},"inLanguage":"es","potentialAction":[{"@type":"ReadAction","target":["http:\/\/elregionalvm.com.ar\/noticias-villa-maria\/mindfulness-en-educacion-es-posible-cultivar-la-atencion-plena-en-las-aulas\/"]}]},{"@type":"ImageObject","inLanguage":"es","@id":"http:\/\/elregionalvm.com.ar\/noticias-villa-maria\/mindfulness-en-educacion-es-posible-cultivar-la-atencion-plena-en-las-aulas\/#primaryimage","url":"https:\/\/i0.wp.com\/elregionalvm.com.ar\/noticias-villa-maria\/wp-content\/uploads\/2023\/09\/Mindfulness-educacion-manos-nino-colores-pintura.jpg?fit=1000%2C667&ssl=1","contentUrl":"https:\/\/i0.wp.com\/elregionalvm.com.ar\/noticias-villa-maria\/wp-content\/uploads\/2023\/09\/Mindfulness-educacion-manos-nino-colores-pintura.jpg?fit=1000%2C667&ssl=1","width":1000,"height":667},{"@type":"BreadcrumbList","@id":"http:\/\/elregionalvm.com.ar\/noticias-villa-maria\/mindfulness-en-educacion-es-posible-cultivar-la-atencion-plena-en-las-aulas\/#breadcrumb","itemListElement":[{"@type":"ListItem","position":1,"name":"Portada","item":"https:\/\/elregionalvm.com.ar\/noticias-villa-maria\/"},{"@type":"ListItem","position":2,"name":"\u00abMindfulness\u00bb en Educaci\u00f3n: \u00bfEs posible cultivar la atenci\u00f3n plena en las aulas?"}]},{"@type":"WebSite","@id":"http:\/\/elregionalvm.com.ar\/noticias-villa-maria\/#website","url":"http:\/\/elregionalvm.com.ar\/noticias-villa-maria\/","name":"El Regional","description":"Mucho m\u00e1s que informaci\u00f3n","potentialAction":[{"@type":"SearchAction","target":{"@type":"EntryPoint","urlTemplate":"http:\/\/elregionalvm.com.ar\/noticias-villa-maria\/?s={search_term_string}"},"query-input":{"@type":"PropertyValueSpecification","valueRequired":true,"valueName":"search_term_string"}}],"inLanguage":"es"},{"@type":"Person","@id":"http:\/\/elregionalvm.com.ar\/noticias-villa-maria\/#\/schema\/person\/a0fb9c422317faca23d50163151bc354","name":"Contenidos El Regional","image":{"@type":"ImageObject","inLanguage":"es","@id":"http:\/\/elregionalvm.com.ar\/noticias-villa-maria\/#\/schema\/person\/image\/","url":"https:\/\/secure.gravatar.com\/avatar\/265b27cb2209af7bb3a1318f03305787d7981a5cc6e6cd08fe5a4ecdf99d4b48?s=96&d=mm&r=g","contentUrl":"https:\/\/secure.gravatar.com\/avatar\/265b27cb2209af7bb3a1318f03305787d7981a5cc6e6cd08fe5a4ecdf99d4b48?s=96&d=mm&r=g","caption":"Contenidos El Regional"},"url":"https:\/\/elregionalvm.com.ar\/noticias-villa-maria\/author\/contenido\/"}]}},"jetpack_featured_media_url":"https:\/\/i0.wp.com\/elregionalvm.com.ar\/noticias-villa-maria\/wp-content\/uploads\/2023\/09\/Mindfulness-educacion-manos-nino-colores-pintura.jpg?fit=1000%2C667&ssl=1","jetpack_sharing_enabled":true,"_links":{"self":[{"href":"https:\/\/elregionalvm.com.ar\/noticias-villa-maria\/wp-json\/wp\/v2\/posts\/82402","targetHints":{"allow":["GET"]}}],"collection":[{"href":"https:\/\/elregionalvm.com.ar\/noticias-villa-maria\/wp-json\/wp\/v2\/posts"}],"about":[{"href":"https:\/\/elregionalvm.com.ar\/noticias-villa-maria\/wp-json\/wp\/v2\/types\/post"}],"author":[{"embeddable":true,"href":"https:\/\/elregionalvm.com.ar\/noticias-villa-maria\/wp-json\/wp\/v2\/users\/4"}],"replies":[{"embeddable":true,"href":"https:\/\/elregionalvm.com.ar\/noticias-villa-maria\/wp-json\/wp\/v2\/comments?post=82402"}],"version-history":[{"count":2,"href":"https:\/\/elregionalvm.com.ar\/noticias-villa-maria\/wp-json\/wp\/v2\/posts\/82402\/revisions"}],"predecessor-version":[{"id":82461,"href":"https:\/\/elregionalvm.com.ar\/noticias-villa-maria\/wp-json\/wp\/v2\/posts\/82402\/revisions\/82461"}],"wp:featuredmedia":[{"embeddable":true,"href":"https:\/\/elregionalvm.com.ar\/noticias-villa-maria\/wp-json\/wp\/v2\/media\/82458"}],"wp:attachment":[{"href":"https:\/\/elregionalvm.com.ar\/noticias-villa-maria\/wp-json\/wp\/v2\/media?parent=82402"}],"wp:term":[{"taxonomy":"category","embeddable":true,"href":"https:\/\/elregionalvm.com.ar\/noticias-villa-maria\/wp-json\/wp\/v2\/categories?post=82402"},{"taxonomy":"post_tag","embeddable":true,"href":"https:\/\/elregionalvm.com.ar\/noticias-villa-maria\/wp-json\/wp\/v2\/tags?post=82402"}],"curies":[{"name":"wp","href":"https:\/\/api.w.org\/{rel}","templated":true}]}}