{"id":82546,"date":"2023-09-13T20:11:47","date_gmt":"2023-09-13T20:11:47","guid":{"rendered":"https:\/\/elregionalvm.com.ar\/noticias-villa-maria\/?p=82546"},"modified":"2023-09-13T20:11:51","modified_gmt":"2023-09-13T20:11:51","slug":"el-hospital-pasteur-realizara-el-circuito-integral-de-salud-a-mujeres-alojadas-en-la-carcel","status":"publish","type":"post","link":"https:\/\/elregionalvm.com.ar\/noticias-villa-maria\/el-hospital-pasteur-realizara-el-circuito-integral-de-salud-a-mujeres-alojadas-en-la-carcel\/","title":{"rendered":"El Hospital Pasteur realizar\u00e1 el Circuito Integral de Salud a mujeres alojadas en la c\u00e1rcel"},"content":{"rendered":"\n<p><\/p>\n\n\n\n<p>En una acci\u00f3n sanitaria sin precedentes en la regi\u00f3n, el Hospital Pasteur realizar\u00e1 el Circuito Integral de Saludde las Mujeres en el Servicio Penitenciario N\u00b05 de nuestra ciudad.<\/p>\n\n\n\n<p>El centro de salud regional trasladar\u00e1, el viernes y s\u00e1bado pr\u00f3ximos, todos los insumos, aparatolog\u00eda y equipamiento necesario para que sus profesionales repliquen las prestaciones m\u00e9dicas y actividades que, semanalmente, desarrollan en el circuito dentro de sus instalaciones.<\/p>\n\n\n\n<p><\/p>\n\n\n\n<figure class=\"wp-block-image size-large\"><img data-recalc-dims=\"1\" fetchpriority=\"high\" decoding=\"async\" width=\"1024\" height=\"576\" src=\"https:\/\/i0.wp.com\/elregionalvm.com.ar\/noticias-villa-maria\/wp-content\/uploads\/2023\/09\/Hospital-circuito-salud-anuncio-autoridades.jpg?resize=1024%2C576&#038;ssl=1\" alt=\"\" class=\"wp-image-82549\" srcset=\"https:\/\/i0.wp.com\/elregionalvm.com.ar\/noticias-villa-maria\/wp-content\/uploads\/2023\/09\/Hospital-circuito-salud-anuncio-autoridades.jpg?resize=1024%2C576&amp;ssl=1 1024w, https:\/\/i0.wp.com\/elregionalvm.com.ar\/noticias-villa-maria\/wp-content\/uploads\/2023\/09\/Hospital-circuito-salud-anuncio-autoridades.jpg?resize=300%2C169&amp;ssl=1 300w, https:\/\/i0.wp.com\/elregionalvm.com.ar\/noticias-villa-maria\/wp-content\/uploads\/2023\/09\/Hospital-circuito-salud-anuncio-autoridades.jpg?resize=768%2C432&amp;ssl=1 768w, https:\/\/i0.wp.com\/elregionalvm.com.ar\/noticias-villa-maria\/wp-content\/uploads\/2023\/09\/Hospital-circuito-salud-anuncio-autoridades.jpg?w=1200&amp;ssl=1 1200w\" sizes=\"(max-width: 1000px) 100vw, 1000px\" \/><\/figure>\n\n\n\n<p><\/p>\n\n\n\n<p>De esta manera, unas veinte internas acceder\u00e1n por primera vez al cuidado integral de su salud, con ex\u00e1menes de detecci\u00f3n precoz de c\u00e1ncer de mama y de cuello de \u00fatero; test de VPH; detecci\u00f3n y tratamiento de infecciones de transmisi\u00f3n sexual (ITS): test r\u00e1pidos para VIH, s\u00edfilis y hepatitis.<\/p>\n\n\n\n<p>Adem\u00e1s, habr\u00e1 asesoramiento y provisi\u00f3n de m\u00e9todos anticonceptivos; consejer\u00eda en salud sexual y reproductiva; planificaci\u00f3n familiar, e informaci\u00f3n sobre prevenci\u00f3n de enfermedades.<\/p>\n\n\n\n<p>El circuito se completar\u00e1 con estudios oftalmol\u00f3gicos, odontol\u00f3gicos y valoraci\u00f3n del estado nutricional de las pacientes.<\/p>\n\n\n\n<p>El anuncio fue realizado por el director del Hospital, Sergio Arroyo, el subdirector, Pablo Valle, y parte del equipo de profesionales.<\/p>\n\n\n\n<p>Tambi\u00e9n participaron el subprefecto t\u00e9cnico superior, Andr\u00e9s Aciar, y el alcaide mayor, Lic. Mercedes Pereyra, director y subdirectora de tratamiento, respectivamente.<\/p>\n","protected":false},"excerpt":{"rendered":"<p>En una acci\u00f3n sanitaria sin precedentes en la regi\u00f3n, el Hospital Pasteur realizar\u00e1 el Circuito Integral de Saludde las Mujeres en el Servicio Penitenciario N\u00b05 de nuestra ciudad. El centro de salud regional trasladar\u00e1, el viernes y s\u00e1bado pr\u00f3ximos, todos los insumos, aparatolog\u00eda y equipamiento necesario para que sus profesionales repliquen las prestaciones m\u00e9dicas y [&hellip;]<\/p>\n","protected":false},"author":4,"featured_media":22752,"comment_status":"open","ping_status":"open","sticky":false,"template":"","format":"standard","meta":{"site-sidebar-layout":"default","site-content-layout":"","ast-site-content-layout":"default","site-content-style":"default","site-sidebar-style":"default","ast-global-header-display":"","ast-banner-title-visibility":"","ast-main-header-display":"","ast-hfb-above-header-display":"","ast-hfb-below-header-display":"","ast-hfb-mobile-header-display":"","site-post-title":"","ast-breadcrumbs-content":"","ast-featured-img":"","footer-sml-layout":"","ast-disable-related-posts":"","theme-transparent-header-meta":"","adv-header-id-meta":"","stick-header-meta":"","header-above-stick-meta":"","header-main-stick-meta":"","header-below-stick-meta":"","astra-migrate-meta-layouts":"set","ast-page-background-enabled":"default","ast-page-background-meta":{"desktop":{"background-color":"","background-image":"","background-repeat":"repeat","background-position":"center center","background-size":"auto","background-attachment":"scroll","background-type":"","background-media":"","overlay-type":"","overlay-color":"","overlay-opacity":"","overlay-gradient":""},"tablet":{"background-color":"","background-image":"","background-repeat":"repeat","background-position":"center center","background-size":"auto","background-attachment":"scroll","background-type":"","background-media":"","overlay-type":"","overlay-color":"","overlay-opacity":"","overlay-gradient":""},"mobile":{"background-color":"","background-image":"","background-repeat":"repeat","background-position":"center center","background-size":"auto","background-attachment":"scroll","background-type":"","background-media":"","overlay-type":"","overlay-color":"","overlay-opacity":"","overlay-gradient":""}},"ast-content-background-meta":{"desktop":{"background-color":"var(--ast-global-color-5)","background-image":"","background-repeat":"repeat","background-position":"center center","background-size":"auto","background-attachment":"scroll","background-type":"","background-media":"","overlay-type":"","overlay-color":"","overlay-opacity":"","overlay-gradient":""},"tablet":{"background-color":"var(--ast-global-color-5)","background-image":"","background-repeat":"repeat","background-position":"center center","background-size":"auto","background-attachment":"scroll","background-type":"","background-media":"","overlay-type":"","overlay-color":"","overlay-opacity":"","overlay-gradient":""},"mobile":{"background-color":"var(--ast-global-color-5)","background-image":"","background-repeat":"repeat","background-position":"center center","background-size":"auto","background-attachment":"scroll","background-type":"","background-media":"","overlay-type":"","overlay-color":"","overlay-opacity":"","overlay-gradient":""}},"_jetpack_memberships_contains_paid_content":false,"_joinchat":[],"footnotes":""},"categories":[15302,2],"tags":[3638,150,14038,11381,14044,2130,26,2133,8261],"class_list":["post-82546","post","type-post","status-publish","format-standard","has-post-thumbnail","hentry","category-destacado","category-villa-maria","tag-analisis","tag-carcel","tag-circuito-integral","tag-establecimiento-penitenciario","tag-estudios","tag-hospital-pasteur","tag-mujer","tag-salud","tag-tratamiento"],"yoast_head":"<!-- This site is optimized with the Yoast SEO plugin v26.8 - https:\/\/yoast.com\/product\/yoast-seo-wordpress\/ -->\n<title>El Hospital Pasteur realizar\u00e1 el Circuito Integral de Salud a mujeres alojadas en la c\u00e1rcel - El Regional<\/title>\n<meta name=\"robots\" content=\"index, follow, max-snippet:-1, max-image-preview:large, max-video-preview:-1\" \/>\n<link rel=\"canonical\" href=\"http:\/\/elregionalvm.com.ar\/noticias-villa-maria\/el-hospital-pasteur-realizara-el-circuito-integral-de-salud-a-mujeres-alojadas-en-la-carcel\/\" \/>\n<meta property=\"og:locale\" content=\"es_ES\" \/>\n<meta property=\"og:type\" content=\"article\" \/>\n<meta property=\"og:title\" content=\"El Hospital Pasteur realizar\u00e1 el Circuito Integral de Salud a mujeres alojadas en la c\u00e1rcel - El Regional\" \/>\n<meta property=\"og:description\" content=\"En una acci\u00f3n sanitaria sin precedentes en la regi\u00f3n, el Hospital Pasteur realizar\u00e1 el Circuito Integral de Saludde las Mujeres en el Servicio Penitenciario N\u00b05 de nuestra ciudad. El centro de salud regional trasladar\u00e1, el viernes y s\u00e1bado pr\u00f3ximos, todos los insumos, aparatolog\u00eda y equipamiento necesario para que sus profesionales repliquen las prestaciones m\u00e9dicas y [&hellip;]\" \/>\n<meta property=\"og:url\" content=\"http:\/\/elregionalvm.com.ar\/noticias-villa-maria\/el-hospital-pasteur-realizara-el-circuito-integral-de-salud-a-mujeres-alojadas-en-la-carcel\/\" \/>\n<meta property=\"og:site_name\" content=\"El Regional\" \/>\n<meta property=\"article:publisher\" content=\"https:\/\/www.facebook.com\/elregionalvm\" \/>\n<meta property=\"article:published_time\" content=\"2023-09-13T20:11:47+00:00\" \/>\n<meta property=\"article:modified_time\" content=\"2023-09-13T20:11:51+00:00\" \/>\n<meta property=\"og:image\" content=\"http:\/\/elregionalvm.com.ar\/noticias-villa-maria\/wp-content\/uploads\/2020\/08\/C\u00e1rcel-Villa-Mar\u00eda.jpg\" \/>\n\t<meta property=\"og:image:width\" content=\"800\" \/>\n\t<meta property=\"og:image:height\" content=\"500\" \/>\n\t<meta property=\"og:image:type\" content=\"image\/jpeg\" \/>\n<meta name=\"author\" content=\"Contenidos El Regional\" \/>\n<meta name=\"twitter:card\" content=\"summary_large_image\" \/>\n<meta name=\"twitter:creator\" content=\"@elregionalvm1\" \/>\n<meta name=\"twitter:site\" content=\"@elregionalvm1\" \/>\n<meta name=\"twitter:label1\" content=\"Escrito por\" \/>\n\t<meta name=\"twitter:data1\" content=\"Contenidos El Regional\" \/>\n\t<meta name=\"twitter:label2\" content=\"Tiempo de lectura\" \/>\n\t<meta name=\"twitter:data2\" content=\"2 minutos\" \/>\n<script type=\"application\/ld+json\" class=\"yoast-schema-graph\">{\"@context\":\"https:\/\/schema.org\",\"@graph\":[{\"@type\":\"Article\",\"@id\":\"http:\/\/elregionalvm.com.ar\/noticias-villa-maria\/el-hospital-pasteur-realizara-el-circuito-integral-de-salud-a-mujeres-alojadas-en-la-carcel\/#article\",\"isPartOf\":{\"@id\":\"http:\/\/elregionalvm.com.ar\/noticias-villa-maria\/el-hospital-pasteur-realizara-el-circuito-integral-de-salud-a-mujeres-alojadas-en-la-carcel\/\"},\"author\":{\"name\":\"Contenidos El Regional\",\"@id\":\"http:\/\/elregionalvm.com.ar\/noticias-villa-maria\/#\/schema\/person\/a0fb9c422317faca23d50163151bc354\"},\"headline\":\"El Hospital Pasteur realizar\u00e1 el Circuito Integral de Salud a mujeres alojadas en la c\u00e1rcel\",\"datePublished\":\"2023-09-13T20:11:47+00:00\",\"dateModified\":\"2023-09-13T20:11:51+00:00\",\"mainEntityOfPage\":{\"@id\":\"http:\/\/elregionalvm.com.ar\/noticias-villa-maria\/el-hospital-pasteur-realizara-el-circuito-integral-de-salud-a-mujeres-alojadas-en-la-carcel\/\"},\"wordCount\":238,\"commentCount\":0,\"image\":{\"@id\":\"http:\/\/elregionalvm.com.ar\/noticias-villa-maria\/el-hospital-pasteur-realizara-el-circuito-integral-de-salud-a-mujeres-alojadas-en-la-carcel\/#primaryimage\"},\"thumbnailUrl\":\"https:\/\/i0.wp.com\/elregionalvm.com.ar\/noticias-villa-maria\/wp-content\/uploads\/2020\/08\/C%C3%A1rcel-Villa-Mar%C3%ADa.jpg?fit=800%2C500&ssl=1\",\"keywords\":[\"an\u00e1lisis\",\"c\u00e1rcel\",\"Circuito Integral\",\"Establecimiento Penitenciario\",\"estudios\",\"Hospital Pasteur\",\"mujer\",\"salud\",\"Tratamiento\"],\"articleSection\":[\"destacado\",\"Villa Mar\u00eda\"],\"inLanguage\":\"es\",\"potentialAction\":[{\"@type\":\"CommentAction\",\"name\":\"Comment\",\"target\":[\"http:\/\/elregionalvm.com.ar\/noticias-villa-maria\/el-hospital-pasteur-realizara-el-circuito-integral-de-salud-a-mujeres-alojadas-en-la-carcel\/#respond\"]}]},{\"@type\":\"WebPage\",\"@id\":\"http:\/\/elregionalvm.com.ar\/noticias-villa-maria\/el-hospital-pasteur-realizara-el-circuito-integral-de-salud-a-mujeres-alojadas-en-la-carcel\/\",\"url\":\"http:\/\/elregionalvm.com.ar\/noticias-villa-maria\/el-hospital-pasteur-realizara-el-circuito-integral-de-salud-a-mujeres-alojadas-en-la-carcel\/\",\"name\":\"El Hospital Pasteur realizar\u00e1 el Circuito Integral de Salud a mujeres alojadas en la c\u00e1rcel - El Regional\",\"isPartOf\":{\"@id\":\"http:\/\/elregionalvm.com.ar\/noticias-villa-maria\/#website\"},\"primaryImageOfPage\":{\"@id\":\"http:\/\/elregionalvm.com.ar\/noticias-villa-maria\/el-hospital-pasteur-realizara-el-circuito-integral-de-salud-a-mujeres-alojadas-en-la-carcel\/#primaryimage\"},\"image\":{\"@id\":\"http:\/\/elregionalvm.com.ar\/noticias-villa-maria\/el-hospital-pasteur-realizara-el-circuito-integral-de-salud-a-mujeres-alojadas-en-la-carcel\/#primaryimage\"},\"thumbnailUrl\":\"https:\/\/i0.wp.com\/elregionalvm.com.ar\/noticias-villa-maria\/wp-content\/uploads\/2020\/08\/C%C3%A1rcel-Villa-Mar%C3%ADa.jpg?fit=800%2C500&ssl=1\",\"datePublished\":\"2023-09-13T20:11:47+00:00\",\"dateModified\":\"2023-09-13T20:11:51+00:00\",\"author\":{\"@id\":\"http:\/\/elregionalvm.com.ar\/noticias-villa-maria\/#\/schema\/person\/a0fb9c422317faca23d50163151bc354\"},\"breadcrumb\":{\"@id\":\"http:\/\/elregionalvm.com.ar\/noticias-villa-maria\/el-hospital-pasteur-realizara-el-circuito-integral-de-salud-a-mujeres-alojadas-en-la-carcel\/#breadcrumb\"},\"inLanguage\":\"es\",\"potentialAction\":[{\"@type\":\"ReadAction\",\"target\":[\"http:\/\/elregionalvm.com.ar\/noticias-villa-maria\/el-hospital-pasteur-realizara-el-circuito-integral-de-salud-a-mujeres-alojadas-en-la-carcel\/\"]}]},{\"@type\":\"ImageObject\",\"inLanguage\":\"es\",\"@id\":\"http:\/\/elregionalvm.com.ar\/noticias-villa-maria\/el-hospital-pasteur-realizara-el-circuito-integral-de-salud-a-mujeres-alojadas-en-la-carcel\/#primaryimage\",\"url\":\"https:\/\/i0.wp.com\/elregionalvm.com.ar\/noticias-villa-maria\/wp-content\/uploads\/2020\/08\/C%C3%A1rcel-Villa-Mar%C3%ADa.jpg?fit=800%2C500&ssl=1\",\"contentUrl\":\"https:\/\/i0.wp.com\/elregionalvm.com.ar\/noticias-villa-maria\/wp-content\/uploads\/2020\/08\/C%C3%A1rcel-Villa-Mar%C3%ADa.jpg?fit=800%2C500&ssl=1\",\"width\":800,\"height\":500},{\"@type\":\"BreadcrumbList\",\"@id\":\"http:\/\/elregionalvm.com.ar\/noticias-villa-maria\/el-hospital-pasteur-realizara-el-circuito-integral-de-salud-a-mujeres-alojadas-en-la-carcel\/#breadcrumb\",\"itemListElement\":[{\"@type\":\"ListItem\",\"position\":1,\"name\":\"Portada\",\"item\":\"https:\/\/elregionalvm.com.ar\/noticias-villa-maria\/\"},{\"@type\":\"ListItem\",\"position\":2,\"name\":\"El Hospital Pasteur realizar\u00e1 el Circuito Integral de Salud a mujeres alojadas en la c\u00e1rcel\"}]},{\"@type\":\"WebSite\",\"@id\":\"http:\/\/elregionalvm.com.ar\/noticias-villa-maria\/#website\",\"url\":\"http:\/\/elregionalvm.com.ar\/noticias-villa-maria\/\",\"name\":\"El Regional\",\"description\":\"Mucho m\u00e1s que informaci\u00f3n\",\"potentialAction\":[{\"@type\":\"SearchAction\",\"target\":{\"@type\":\"EntryPoint\",\"urlTemplate\":\"http:\/\/elregionalvm.com.ar\/noticias-villa-maria\/?s={search_term_string}\"},\"query-input\":{\"@type\":\"PropertyValueSpecification\",\"valueRequired\":true,\"valueName\":\"search_term_string\"}}],\"inLanguage\":\"es\"},{\"@type\":\"Person\",\"@id\":\"http:\/\/elregionalvm.com.ar\/noticias-villa-maria\/#\/schema\/person\/a0fb9c422317faca23d50163151bc354\",\"name\":\"Contenidos El Regional\",\"image\":{\"@type\":\"ImageObject\",\"inLanguage\":\"es\",\"@id\":\"http:\/\/elregionalvm.com.ar\/noticias-villa-maria\/#\/schema\/person\/image\/\",\"url\":\"https:\/\/secure.gravatar.com\/avatar\/265b27cb2209af7bb3a1318f03305787d7981a5cc6e6cd08fe5a4ecdf99d4b48?s=96&d=mm&r=g\",\"contentUrl\":\"https:\/\/secure.gravatar.com\/avatar\/265b27cb2209af7bb3a1318f03305787d7981a5cc6e6cd08fe5a4ecdf99d4b48?s=96&d=mm&r=g\",\"caption\":\"Contenidos El Regional\"},\"url\":\"https:\/\/elregionalvm.com.ar\/noticias-villa-maria\/author\/contenido\/\"}]}<\/script>\n<!-- \/ Yoast SEO plugin. -->","yoast_head_json":{"title":"El Hospital Pasteur realizar\u00e1 el Circuito Integral de Salud a mujeres alojadas en la c\u00e1rcel - El Regional","robots":{"index":"index","follow":"follow","max-snippet":"max-snippet:-1","max-image-preview":"max-image-preview:large","max-video-preview":"max-video-preview:-1"},"canonical":"http:\/\/elregionalvm.com.ar\/noticias-villa-maria\/el-hospital-pasteur-realizara-el-circuito-integral-de-salud-a-mujeres-alojadas-en-la-carcel\/","og_locale":"es_ES","og_type":"article","og_title":"El Hospital Pasteur realizar\u00e1 el Circuito Integral de Salud a mujeres alojadas en la c\u00e1rcel - El Regional","og_description":"En una acci\u00f3n sanitaria sin precedentes en la regi\u00f3n, el Hospital Pasteur realizar\u00e1 el Circuito Integral de Saludde las Mujeres en el Servicio Penitenciario N\u00b05 de nuestra ciudad. El centro de salud regional trasladar\u00e1, el viernes y s\u00e1bado pr\u00f3ximos, todos los insumos, aparatolog\u00eda y equipamiento necesario para que sus profesionales repliquen las prestaciones m\u00e9dicas y [&hellip;]","og_url":"http:\/\/elregionalvm.com.ar\/noticias-villa-maria\/el-hospital-pasteur-realizara-el-circuito-integral-de-salud-a-mujeres-alojadas-en-la-carcel\/","og_site_name":"El Regional","article_publisher":"https:\/\/www.facebook.com\/elregionalvm","article_published_time":"2023-09-13T20:11:47+00:00","article_modified_time":"2023-09-13T20:11:51+00:00","og_image":[{"width":800,"height":500,"url":"http:\/\/elregionalvm.com.ar\/noticias-villa-maria\/wp-content\/uploads\/2020\/08\/C\u00e1rcel-Villa-Mar\u00eda.jpg","type":"image\/jpeg"}],"author":"Contenidos El Regional","twitter_card":"summary_large_image","twitter_creator":"@elregionalvm1","twitter_site":"@elregionalvm1","twitter_misc":{"Escrito por":"Contenidos El Regional","Tiempo de lectura":"2 minutos"},"schema":{"@context":"https:\/\/schema.org","@graph":[{"@type":"Article","@id":"http:\/\/elregionalvm.com.ar\/noticias-villa-maria\/el-hospital-pasteur-realizara-el-circuito-integral-de-salud-a-mujeres-alojadas-en-la-carcel\/#article","isPartOf":{"@id":"http:\/\/elregionalvm.com.ar\/noticias-villa-maria\/el-hospital-pasteur-realizara-el-circuito-integral-de-salud-a-mujeres-alojadas-en-la-carcel\/"},"author":{"name":"Contenidos El Regional","@id":"http:\/\/elregionalvm.com.ar\/noticias-villa-maria\/#\/schema\/person\/a0fb9c422317faca23d50163151bc354"},"headline":"El Hospital Pasteur realizar\u00e1 el Circuito Integral de Salud a mujeres alojadas en la c\u00e1rcel","datePublished":"2023-09-13T20:11:47+00:00","dateModified":"2023-09-13T20:11:51+00:00","mainEntityOfPage":{"@id":"http:\/\/elregionalvm.com.ar\/noticias-villa-maria\/el-hospital-pasteur-realizara-el-circuito-integral-de-salud-a-mujeres-alojadas-en-la-carcel\/"},"wordCount":238,"commentCount":0,"image":{"@id":"http:\/\/elregionalvm.com.ar\/noticias-villa-maria\/el-hospital-pasteur-realizara-el-circuito-integral-de-salud-a-mujeres-alojadas-en-la-carcel\/#primaryimage"},"thumbnailUrl":"https:\/\/i0.wp.com\/elregionalvm.com.ar\/noticias-villa-maria\/wp-content\/uploads\/2020\/08\/C%C3%A1rcel-Villa-Mar%C3%ADa.jpg?fit=800%2C500&ssl=1","keywords":["an\u00e1lisis","c\u00e1rcel","Circuito Integral","Establecimiento Penitenciario","estudios","Hospital Pasteur","mujer","salud","Tratamiento"],"articleSection":["destacado","Villa Mar\u00eda"],"inLanguage":"es","potentialAction":[{"@type":"CommentAction","name":"Comment","target":["http:\/\/elregionalvm.com.ar\/noticias-villa-maria\/el-hospital-pasteur-realizara-el-circuito-integral-de-salud-a-mujeres-alojadas-en-la-carcel\/#respond"]}]},{"@type":"WebPage","@id":"http:\/\/elregionalvm.com.ar\/noticias-villa-maria\/el-hospital-pasteur-realizara-el-circuito-integral-de-salud-a-mujeres-alojadas-en-la-carcel\/","url":"http:\/\/elregionalvm.com.ar\/noticias-villa-maria\/el-hospital-pasteur-realizara-el-circuito-integral-de-salud-a-mujeres-alojadas-en-la-carcel\/","name":"El Hospital Pasteur realizar\u00e1 el Circuito Integral de Salud a mujeres alojadas en la c\u00e1rcel - El Regional","isPartOf":{"@id":"http:\/\/elregionalvm.com.ar\/noticias-villa-maria\/#website"},"primaryImageOfPage":{"@id":"http:\/\/elregionalvm.com.ar\/noticias-villa-maria\/el-hospital-pasteur-realizara-el-circuito-integral-de-salud-a-mujeres-alojadas-en-la-carcel\/#primaryimage"},"image":{"@id":"http:\/\/elregionalvm.com.ar\/noticias-villa-maria\/el-hospital-pasteur-realizara-el-circuito-integral-de-salud-a-mujeres-alojadas-en-la-carcel\/#primaryimage"},"thumbnailUrl":"https:\/\/i0.wp.com\/elregionalvm.com.ar\/noticias-villa-maria\/wp-content\/uploads\/2020\/08\/C%C3%A1rcel-Villa-Mar%C3%ADa.jpg?fit=800%2C500&ssl=1","datePublished":"2023-09-13T20:11:47+00:00","dateModified":"2023-09-13T20:11:51+00:00","author":{"@id":"http:\/\/elregionalvm.com.ar\/noticias-villa-maria\/#\/schema\/person\/a0fb9c422317faca23d50163151bc354"},"breadcrumb":{"@id":"http:\/\/elregionalvm.com.ar\/noticias-villa-maria\/el-hospital-pasteur-realizara-el-circuito-integral-de-salud-a-mujeres-alojadas-en-la-carcel\/#breadcrumb"},"inLanguage":"es","potentialAction":[{"@type":"ReadAction","target":["http:\/\/elregionalvm.com.ar\/noticias-villa-maria\/el-hospital-pasteur-realizara-el-circuito-integral-de-salud-a-mujeres-alojadas-en-la-carcel\/"]}]},{"@type":"ImageObject","inLanguage":"es","@id":"http:\/\/elregionalvm.com.ar\/noticias-villa-maria\/el-hospital-pasteur-realizara-el-circuito-integral-de-salud-a-mujeres-alojadas-en-la-carcel\/#primaryimage","url":"https:\/\/i0.wp.com\/elregionalvm.com.ar\/noticias-villa-maria\/wp-content\/uploads\/2020\/08\/C%C3%A1rcel-Villa-Mar%C3%ADa.jpg?fit=800%2C500&ssl=1","contentUrl":"https:\/\/i0.wp.com\/elregionalvm.com.ar\/noticias-villa-maria\/wp-content\/uploads\/2020\/08\/C%C3%A1rcel-Villa-Mar%C3%ADa.jpg?fit=800%2C500&ssl=1","width":800,"height":500},{"@type":"BreadcrumbList","@id":"http:\/\/elregionalvm.com.ar\/noticias-villa-maria\/el-hospital-pasteur-realizara-el-circuito-integral-de-salud-a-mujeres-alojadas-en-la-carcel\/#breadcrumb","itemListElement":[{"@type":"ListItem","position":1,"name":"Portada","item":"https:\/\/elregionalvm.com.ar\/noticias-villa-maria\/"},{"@type":"ListItem","position":2,"name":"El Hospital Pasteur realizar\u00e1 el Circuito Integral de Salud a mujeres alojadas en la c\u00e1rcel"}]},{"@type":"WebSite","@id":"http:\/\/elregionalvm.com.ar\/noticias-villa-maria\/#website","url":"http:\/\/elregionalvm.com.ar\/noticias-villa-maria\/","name":"El Regional","description":"Mucho m\u00e1s que informaci\u00f3n","potentialAction":[{"@type":"SearchAction","target":{"@type":"EntryPoint","urlTemplate":"http:\/\/elregionalvm.com.ar\/noticias-villa-maria\/?s={search_term_string}"},"query-input":{"@type":"PropertyValueSpecification","valueRequired":true,"valueName":"search_term_string"}}],"inLanguage":"es"},{"@type":"Person","@id":"http:\/\/elregionalvm.com.ar\/noticias-villa-maria\/#\/schema\/person\/a0fb9c422317faca23d50163151bc354","name":"Contenidos El Regional","image":{"@type":"ImageObject","inLanguage":"es","@id":"http:\/\/elregionalvm.com.ar\/noticias-villa-maria\/#\/schema\/person\/image\/","url":"https:\/\/secure.gravatar.com\/avatar\/265b27cb2209af7bb3a1318f03305787d7981a5cc6e6cd08fe5a4ecdf99d4b48?s=96&d=mm&r=g","contentUrl":"https:\/\/secure.gravatar.com\/avatar\/265b27cb2209af7bb3a1318f03305787d7981a5cc6e6cd08fe5a4ecdf99d4b48?s=96&d=mm&r=g","caption":"Contenidos El Regional"},"url":"https:\/\/elregionalvm.com.ar\/noticias-villa-maria\/author\/contenido\/"}]}},"jetpack_featured_media_url":"https:\/\/i0.wp.com\/elregionalvm.com.ar\/noticias-villa-maria\/wp-content\/uploads\/2020\/08\/C%C3%A1rcel-Villa-Mar%C3%ADa.jpg?fit=800%2C500&ssl=1","jetpack_sharing_enabled":true,"_links":{"self":[{"href":"https:\/\/elregionalvm.com.ar\/noticias-villa-maria\/wp-json\/wp\/v2\/posts\/82546","targetHints":{"allow":["GET"]}}],"collection":[{"href":"https:\/\/elregionalvm.com.ar\/noticias-villa-maria\/wp-json\/wp\/v2\/posts"}],"about":[{"href":"https:\/\/elregionalvm.com.ar\/noticias-villa-maria\/wp-json\/wp\/v2\/types\/post"}],"author":[{"embeddable":true,"href":"https:\/\/elregionalvm.com.ar\/noticias-villa-maria\/wp-json\/wp\/v2\/users\/4"}],"replies":[{"embeddable":true,"href":"https:\/\/elregionalvm.com.ar\/noticias-villa-maria\/wp-json\/wp\/v2\/comments?post=82546"}],"version-history":[{"count":3,"href":"https:\/\/elregionalvm.com.ar\/noticias-villa-maria\/wp-json\/wp\/v2\/posts\/82546\/revisions"}],"predecessor-version":[{"id":82550,"href":"https:\/\/elregionalvm.com.ar\/noticias-villa-maria\/wp-json\/wp\/v2\/posts\/82546\/revisions\/82550"}],"wp:featuredmedia":[{"embeddable":true,"href":"https:\/\/elregionalvm.com.ar\/noticias-villa-maria\/wp-json\/wp\/v2\/media\/22752"}],"wp:attachment":[{"href":"https:\/\/elregionalvm.com.ar\/noticias-villa-maria\/wp-json\/wp\/v2\/media?parent=82546"}],"wp:term":[{"taxonomy":"category","embeddable":true,"href":"https:\/\/elregionalvm.com.ar\/noticias-villa-maria\/wp-json\/wp\/v2\/categories?post=82546"},{"taxonomy":"post_tag","embeddable":true,"href":"https:\/\/elregionalvm.com.ar\/noticias-villa-maria\/wp-json\/wp\/v2\/tags?post=82546"}],"curies":[{"name":"wp","href":"https:\/\/api.w.org\/{rel}","templated":true}]}}