{"id":82557,"date":"2023-09-13T20:50:40","date_gmt":"2023-09-13T20:50:40","guid":{"rendered":"https:\/\/elregionalvm.com.ar\/noticias-villa-maria\/?p=82557"},"modified":"2023-09-13T20:50:46","modified_gmt":"2023-09-13T20:50:46","slug":"peajes-de-rutas-nacionales-con-barreras-levantadas-trabajadores-reclaman-mejoras-laborales","status":"publish","type":"post","link":"https:\/\/elregionalvm.com.ar\/noticias-villa-maria\/peajes-de-rutas-nacionales-con-barreras-levantadas-trabajadores-reclaman-mejoras-laborales\/","title":{"rendered":"Peajes de rutas nacionales con barreras levantadas: Trabajadores reclaman mejoras laborales"},"content":{"rendered":"\n<p><\/p>\n\n\n\n<p>Los trabajadores de estaciones de peajes de rutas nacionales se encuentran en el marco de un plan de lucha en reclamo por mejoras salariales y laborales.<\/p>\n\n\n\n<p>Es as\u00ed que las barreras de las distintas estaciones, incluida la de James Craik en la autopista C\u00f3rdoba &#8211; Rosario, se encuentran levantadas desde el pasado 4 de septiembre.<\/p>\n\n\n\n<p><\/p>\n\n\n\n<figure class=\"wp-block-image size-large\"><img data-recalc-dims=\"1\" fetchpriority=\"high\" decoding=\"async\" width=\"1024\" height=\"832\" src=\"https:\/\/i0.wp.com\/elregionalvm.com.ar\/noticias-villa-maria\/wp-content\/uploads\/2023\/09\/Peaje-James-Craik-2.jpeg?resize=1024%2C832&#038;ssl=1\" alt=\"\" class=\"wp-image-82559\" srcset=\"https:\/\/i0.wp.com\/elregionalvm.com.ar\/noticias-villa-maria\/wp-content\/uploads\/2023\/09\/Peaje-James-Craik-2.jpeg?resize=1024%2C832&amp;ssl=1 1024w, https:\/\/i0.wp.com\/elregionalvm.com.ar\/noticias-villa-maria\/wp-content\/uploads\/2023\/09\/Peaje-James-Craik-2.jpeg?resize=300%2C244&amp;ssl=1 300w, https:\/\/i0.wp.com\/elregionalvm.com.ar\/noticias-villa-maria\/wp-content\/uploads\/2023\/09\/Peaje-James-Craik-2.jpeg?resize=768%2C624&amp;ssl=1 768w, https:\/\/i0.wp.com\/elregionalvm.com.ar\/noticias-villa-maria\/wp-content\/uploads\/2023\/09\/Peaje-James-Craik-2.jpeg?w=1200&amp;ssl=1 1200w\" sizes=\"(max-width: 1000px) 100vw, 1000px\" \/><\/figure>\n\n\n\n<p><\/p>\n\n\n\n<p>Desde el gremio UECARA del Interior, sostienen que la empresa estatal Corredores Viales se niega a negociar el segundo tramo de aumento salarial. Y la negociaci\u00f3n pas\u00f3 a un cuarto intermedio.<\/p>\n\n\n\n<p>El secretario adjunto de UECARA, Daniel Rabozzi, indic\u00f3 que est\u00e1n a la espera de una nueva reuni\u00f3n con una propuesta por parte de la empresa.<\/p>\n","protected":false},"excerpt":{"rendered":"<p>Los trabajadores de estaciones de peajes de rutas nacionales se encuentran en el marco de un plan de lucha en reclamo por mejoras salariales y laborales. Es as\u00ed que las barreras de las distintas estaciones, incluida la de James Craik en la autopista C\u00f3rdoba &#8211; Rosario, se encuentran levantadas desde el pasado 4 de septiembre. [&hellip;]<\/p>\n","protected":false},"author":4,"featured_media":82560,"comment_status":"open","ping_status":"open","sticky":false,"template":"","format":"standard","meta":{"site-sidebar-layout":"default","site-content-layout":"","ast-site-content-layout":"default","site-content-style":"default","site-sidebar-style":"default","ast-global-header-display":"","ast-banner-title-visibility":"","ast-main-header-display":"","ast-hfb-above-header-display":"","ast-hfb-below-header-display":"","ast-hfb-mobile-header-display":"","site-post-title":"","ast-breadcrumbs-content":"","ast-featured-img":"","footer-sml-layout":"","ast-disable-related-posts":"","theme-transparent-header-meta":"","adv-header-id-meta":"","stick-header-meta":"","header-above-stick-meta":"","header-main-stick-meta":"","header-below-stick-meta":"","astra-migrate-meta-layouts":"set","ast-page-background-enabled":"default","ast-page-background-meta":{"desktop":{"background-color":"","background-image":"","background-repeat":"repeat","background-position":"center center","background-size":"auto","background-attachment":"scroll","background-type":"","background-media":"","overlay-type":"","overlay-color":"","overlay-opacity":"","overlay-gradient":""},"tablet":{"background-color":"","background-image":"","background-repeat":"repeat","background-position":"center center","background-size":"auto","background-attachment":"scroll","background-type":"","background-media":"","overlay-type":"","overlay-color":"","overlay-opacity":"","overlay-gradient":""},"mobile":{"background-color":"","background-image":"","background-repeat":"repeat","background-position":"center center","background-size":"auto","background-attachment":"scroll","background-type":"","background-media":"","overlay-type":"","overlay-color":"","overlay-opacity":"","overlay-gradient":""}},"ast-content-background-meta":{"desktop":{"background-color":"var(--ast-global-color-5)","background-image":"","background-repeat":"repeat","background-position":"center center","background-size":"auto","background-attachment":"scroll","background-type":"","background-media":"","overlay-type":"","overlay-color":"","overlay-opacity":"","overlay-gradient":""},"tablet":{"background-color":"var(--ast-global-color-5)","background-image":"","background-repeat":"repeat","background-position":"center center","background-size":"auto","background-attachment":"scroll","background-type":"","background-media":"","overlay-type":"","overlay-color":"","overlay-opacity":"","overlay-gradient":""},"mobile":{"background-color":"var(--ast-global-color-5)","background-image":"","background-repeat":"repeat","background-position":"center center","background-size":"auto","background-attachment":"scroll","background-type":"","background-media":"","overlay-type":"","overlay-color":"","overlay-opacity":"","overlay-gradient":""}},"_jetpack_memberships_contains_paid_content":false,"_joinchat":[],"footnotes":""},"categories":[15302,2091],"tags":[2269,21454,22893,1133,9945,12539,22892],"class_list":["post-82557","post","type-post","status-publish","format-standard","has-post-thumbnail","hentry","category-destacado","category-region","tag-autopista","tag-corredores-viales","tag-estacion-de-peaje","tag-james-craik","tag-peaje","tag-reclamo-salarial","tag-uecara"],"yoast_head":"<!-- This site is optimized with the Yoast SEO plugin v26.8 - https:\/\/yoast.com\/product\/yoast-seo-wordpress\/ -->\n<title>Peajes de rutas nacionales con barreras levantadas: Trabajadores reclaman mejoras laborales - El Regional<\/title>\n<meta name=\"robots\" content=\"index, follow, max-snippet:-1, max-image-preview:large, max-video-preview:-1\" \/>\n<link rel=\"canonical\" href=\"http:\/\/elregionalvm.com.ar\/noticias-villa-maria\/peajes-de-rutas-nacionales-con-barreras-levantadas-trabajadores-reclaman-mejoras-laborales\/\" \/>\n<meta property=\"og:locale\" content=\"es_ES\" \/>\n<meta property=\"og:type\" content=\"article\" \/>\n<meta property=\"og:title\" content=\"Peajes de rutas nacionales con barreras levantadas: Trabajadores reclaman mejoras laborales - El Regional\" \/>\n<meta property=\"og:description\" content=\"Los trabajadores de estaciones de peajes de rutas nacionales se encuentran en el marco de un plan de lucha en reclamo por mejoras salariales y laborales. Es as\u00ed que las barreras de las distintas estaciones, incluida la de James Craik en la autopista C\u00f3rdoba &#8211; Rosario, se encuentran levantadas desde el pasado 4 de septiembre. [&hellip;]\" \/>\n<meta property=\"og:url\" content=\"http:\/\/elregionalvm.com.ar\/noticias-villa-maria\/peajes-de-rutas-nacionales-con-barreras-levantadas-trabajadores-reclaman-mejoras-laborales\/\" \/>\n<meta property=\"og:site_name\" content=\"El Regional\" \/>\n<meta property=\"article:publisher\" content=\"https:\/\/www.facebook.com\/elregionalvm\" \/>\n<meta property=\"article:published_time\" content=\"2023-09-13T20:50:40+00:00\" \/>\n<meta property=\"article:modified_time\" content=\"2023-09-13T20:50:46+00:00\" \/>\n<meta property=\"og:image\" content=\"http:\/\/elregionalvm.com.ar\/noticias-villa-maria\/wp-content\/uploads\/2023\/09\/Peaje-James-Craik.jpeg\" \/>\n\t<meta property=\"og:image:width\" content=\"1200\" \/>\n\t<meta property=\"og:image:height\" content=\"886\" \/>\n\t<meta property=\"og:image:type\" content=\"image\/jpeg\" \/>\n<meta name=\"author\" content=\"Contenidos El Regional\" \/>\n<meta name=\"twitter:card\" content=\"summary_large_image\" \/>\n<meta name=\"twitter:creator\" content=\"@elregionalvm1\" \/>\n<meta name=\"twitter:site\" content=\"@elregionalvm1\" \/>\n<meta name=\"twitter:label1\" content=\"Escrito por\" \/>\n\t<meta name=\"twitter:data1\" content=\"Contenidos El Regional\" \/>\n\t<meta name=\"twitter:label2\" content=\"Tiempo de lectura\" \/>\n\t<meta name=\"twitter:data2\" content=\"1 minuto\" \/>\n<script type=\"application\/ld+json\" class=\"yoast-schema-graph\">{\"@context\":\"https:\/\/schema.org\",\"@graph\":[{\"@type\":\"Article\",\"@id\":\"http:\/\/elregionalvm.com.ar\/noticias-villa-maria\/peajes-de-rutas-nacionales-con-barreras-levantadas-trabajadores-reclaman-mejoras-laborales\/#article\",\"isPartOf\":{\"@id\":\"http:\/\/elregionalvm.com.ar\/noticias-villa-maria\/peajes-de-rutas-nacionales-con-barreras-levantadas-trabajadores-reclaman-mejoras-laborales\/\"},\"author\":{\"name\":\"Contenidos El Regional\",\"@id\":\"http:\/\/elregionalvm.com.ar\/noticias-villa-maria\/#\/schema\/person\/a0fb9c422317faca23d50163151bc354\"},\"headline\":\"Peajes de rutas nacionales con barreras levantadas: Trabajadores reclaman mejoras laborales\",\"datePublished\":\"2023-09-13T20:50:40+00:00\",\"dateModified\":\"2023-09-13T20:50:46+00:00\",\"mainEntityOfPage\":{\"@id\":\"http:\/\/elregionalvm.com.ar\/noticias-villa-maria\/peajes-de-rutas-nacionales-con-barreras-levantadas-trabajadores-reclaman-mejoras-laborales\/\"},\"wordCount\":125,\"commentCount\":0,\"image\":{\"@id\":\"http:\/\/elregionalvm.com.ar\/noticias-villa-maria\/peajes-de-rutas-nacionales-con-barreras-levantadas-trabajadores-reclaman-mejoras-laborales\/#primaryimage\"},\"thumbnailUrl\":\"https:\/\/i0.wp.com\/elregionalvm.com.ar\/noticias-villa-maria\/wp-content\/uploads\/2023\/09\/Peaje-James-Craik.jpeg?fit=1200%2C886&ssl=1\",\"keywords\":[\"autopista\",\"Corredores Viales\",\"estaci\u00f3n de peaje\",\"James craik\",\"Peaje\",\"reclamo salarial\",\"Uecara\"],\"articleSection\":[\"destacado\",\"Regi\u00f3n\"],\"inLanguage\":\"es\",\"potentialAction\":[{\"@type\":\"CommentAction\",\"name\":\"Comment\",\"target\":[\"http:\/\/elregionalvm.com.ar\/noticias-villa-maria\/peajes-de-rutas-nacionales-con-barreras-levantadas-trabajadores-reclaman-mejoras-laborales\/#respond\"]}]},{\"@type\":\"WebPage\",\"@id\":\"http:\/\/elregionalvm.com.ar\/noticias-villa-maria\/peajes-de-rutas-nacionales-con-barreras-levantadas-trabajadores-reclaman-mejoras-laborales\/\",\"url\":\"http:\/\/elregionalvm.com.ar\/noticias-villa-maria\/peajes-de-rutas-nacionales-con-barreras-levantadas-trabajadores-reclaman-mejoras-laborales\/\",\"name\":\"Peajes de rutas nacionales con barreras levantadas: Trabajadores reclaman mejoras laborales - El Regional\",\"isPartOf\":{\"@id\":\"http:\/\/elregionalvm.com.ar\/noticias-villa-maria\/#website\"},\"primaryImageOfPage\":{\"@id\":\"http:\/\/elregionalvm.com.ar\/noticias-villa-maria\/peajes-de-rutas-nacionales-con-barreras-levantadas-trabajadores-reclaman-mejoras-laborales\/#primaryimage\"},\"image\":{\"@id\":\"http:\/\/elregionalvm.com.ar\/noticias-villa-maria\/peajes-de-rutas-nacionales-con-barreras-levantadas-trabajadores-reclaman-mejoras-laborales\/#primaryimage\"},\"thumbnailUrl\":\"https:\/\/i0.wp.com\/elregionalvm.com.ar\/noticias-villa-maria\/wp-content\/uploads\/2023\/09\/Peaje-James-Craik.jpeg?fit=1200%2C886&ssl=1\",\"datePublished\":\"2023-09-13T20:50:40+00:00\",\"dateModified\":\"2023-09-13T20:50:46+00:00\",\"author\":{\"@id\":\"http:\/\/elregionalvm.com.ar\/noticias-villa-maria\/#\/schema\/person\/a0fb9c422317faca23d50163151bc354\"},\"breadcrumb\":{\"@id\":\"http:\/\/elregionalvm.com.ar\/noticias-villa-maria\/peajes-de-rutas-nacionales-con-barreras-levantadas-trabajadores-reclaman-mejoras-laborales\/#breadcrumb\"},\"inLanguage\":\"es\",\"potentialAction\":[{\"@type\":\"ReadAction\",\"target\":[\"http:\/\/elregionalvm.com.ar\/noticias-villa-maria\/peajes-de-rutas-nacionales-con-barreras-levantadas-trabajadores-reclaman-mejoras-laborales\/\"]}]},{\"@type\":\"ImageObject\",\"inLanguage\":\"es\",\"@id\":\"http:\/\/elregionalvm.com.ar\/noticias-villa-maria\/peajes-de-rutas-nacionales-con-barreras-levantadas-trabajadores-reclaman-mejoras-laborales\/#primaryimage\",\"url\":\"https:\/\/i0.wp.com\/elregionalvm.com.ar\/noticias-villa-maria\/wp-content\/uploads\/2023\/09\/Peaje-James-Craik.jpeg?fit=1200%2C886&ssl=1\",\"contentUrl\":\"https:\/\/i0.wp.com\/elregionalvm.com.ar\/noticias-villa-maria\/wp-content\/uploads\/2023\/09\/Peaje-James-Craik.jpeg?fit=1200%2C886&ssl=1\",\"width\":1200,\"height\":886},{\"@type\":\"BreadcrumbList\",\"@id\":\"http:\/\/elregionalvm.com.ar\/noticias-villa-maria\/peajes-de-rutas-nacionales-con-barreras-levantadas-trabajadores-reclaman-mejoras-laborales\/#breadcrumb\",\"itemListElement\":[{\"@type\":\"ListItem\",\"position\":1,\"name\":\"Portada\",\"item\":\"https:\/\/elregionalvm.com.ar\/noticias-villa-maria\/\"},{\"@type\":\"ListItem\",\"position\":2,\"name\":\"Peajes de rutas nacionales con barreras levantadas: Trabajadores reclaman mejoras laborales\"}]},{\"@type\":\"WebSite\",\"@id\":\"http:\/\/elregionalvm.com.ar\/noticias-villa-maria\/#website\",\"url\":\"http:\/\/elregionalvm.com.ar\/noticias-villa-maria\/\",\"name\":\"El Regional\",\"description\":\"Mucho m\u00e1s que informaci\u00f3n\",\"potentialAction\":[{\"@type\":\"SearchAction\",\"target\":{\"@type\":\"EntryPoint\",\"urlTemplate\":\"http:\/\/elregionalvm.com.ar\/noticias-villa-maria\/?s={search_term_string}\"},\"query-input\":{\"@type\":\"PropertyValueSpecification\",\"valueRequired\":true,\"valueName\":\"search_term_string\"}}],\"inLanguage\":\"es\"},{\"@type\":\"Person\",\"@id\":\"http:\/\/elregionalvm.com.ar\/noticias-villa-maria\/#\/schema\/person\/a0fb9c422317faca23d50163151bc354\",\"name\":\"Contenidos El Regional\",\"image\":{\"@type\":\"ImageObject\",\"inLanguage\":\"es\",\"@id\":\"http:\/\/elregionalvm.com.ar\/noticias-villa-maria\/#\/schema\/person\/image\/\",\"url\":\"https:\/\/secure.gravatar.com\/avatar\/265b27cb2209af7bb3a1318f03305787d7981a5cc6e6cd08fe5a4ecdf99d4b48?s=96&d=mm&r=g\",\"contentUrl\":\"https:\/\/secure.gravatar.com\/avatar\/265b27cb2209af7bb3a1318f03305787d7981a5cc6e6cd08fe5a4ecdf99d4b48?s=96&d=mm&r=g\",\"caption\":\"Contenidos El Regional\"},\"url\":\"https:\/\/elregionalvm.com.ar\/noticias-villa-maria\/author\/contenido\/\"}]}<\/script>\n<!-- \/ Yoast SEO plugin. -->","yoast_head_json":{"title":"Peajes de rutas nacionales con barreras levantadas: Trabajadores reclaman mejoras laborales - El Regional","robots":{"index":"index","follow":"follow","max-snippet":"max-snippet:-1","max-image-preview":"max-image-preview:large","max-video-preview":"max-video-preview:-1"},"canonical":"http:\/\/elregionalvm.com.ar\/noticias-villa-maria\/peajes-de-rutas-nacionales-con-barreras-levantadas-trabajadores-reclaman-mejoras-laborales\/","og_locale":"es_ES","og_type":"article","og_title":"Peajes de rutas nacionales con barreras levantadas: Trabajadores reclaman mejoras laborales - El Regional","og_description":"Los trabajadores de estaciones de peajes de rutas nacionales se encuentran en el marco de un plan de lucha en reclamo por mejoras salariales y laborales. Es as\u00ed que las barreras de las distintas estaciones, incluida la de James Craik en la autopista C\u00f3rdoba &#8211; Rosario, se encuentran levantadas desde el pasado 4 de septiembre. [&hellip;]","og_url":"http:\/\/elregionalvm.com.ar\/noticias-villa-maria\/peajes-de-rutas-nacionales-con-barreras-levantadas-trabajadores-reclaman-mejoras-laborales\/","og_site_name":"El Regional","article_publisher":"https:\/\/www.facebook.com\/elregionalvm","article_published_time":"2023-09-13T20:50:40+00:00","article_modified_time":"2023-09-13T20:50:46+00:00","og_image":[{"width":1200,"height":886,"url":"http:\/\/elregionalvm.com.ar\/noticias-villa-maria\/wp-content\/uploads\/2023\/09\/Peaje-James-Craik.jpeg","type":"image\/jpeg"}],"author":"Contenidos El Regional","twitter_card":"summary_large_image","twitter_creator":"@elregionalvm1","twitter_site":"@elregionalvm1","twitter_misc":{"Escrito por":"Contenidos El Regional","Tiempo de lectura":"1 minuto"},"schema":{"@context":"https:\/\/schema.org","@graph":[{"@type":"Article","@id":"http:\/\/elregionalvm.com.ar\/noticias-villa-maria\/peajes-de-rutas-nacionales-con-barreras-levantadas-trabajadores-reclaman-mejoras-laborales\/#article","isPartOf":{"@id":"http:\/\/elregionalvm.com.ar\/noticias-villa-maria\/peajes-de-rutas-nacionales-con-barreras-levantadas-trabajadores-reclaman-mejoras-laborales\/"},"author":{"name":"Contenidos El Regional","@id":"http:\/\/elregionalvm.com.ar\/noticias-villa-maria\/#\/schema\/person\/a0fb9c422317faca23d50163151bc354"},"headline":"Peajes de rutas nacionales con barreras levantadas: Trabajadores reclaman mejoras laborales","datePublished":"2023-09-13T20:50:40+00:00","dateModified":"2023-09-13T20:50:46+00:00","mainEntityOfPage":{"@id":"http:\/\/elregionalvm.com.ar\/noticias-villa-maria\/peajes-de-rutas-nacionales-con-barreras-levantadas-trabajadores-reclaman-mejoras-laborales\/"},"wordCount":125,"commentCount":0,"image":{"@id":"http:\/\/elregionalvm.com.ar\/noticias-villa-maria\/peajes-de-rutas-nacionales-con-barreras-levantadas-trabajadores-reclaman-mejoras-laborales\/#primaryimage"},"thumbnailUrl":"https:\/\/i0.wp.com\/elregionalvm.com.ar\/noticias-villa-maria\/wp-content\/uploads\/2023\/09\/Peaje-James-Craik.jpeg?fit=1200%2C886&ssl=1","keywords":["autopista","Corredores Viales","estaci\u00f3n de peaje","James craik","Peaje","reclamo salarial","Uecara"],"articleSection":["destacado","Regi\u00f3n"],"inLanguage":"es","potentialAction":[{"@type":"CommentAction","name":"Comment","target":["http:\/\/elregionalvm.com.ar\/noticias-villa-maria\/peajes-de-rutas-nacionales-con-barreras-levantadas-trabajadores-reclaman-mejoras-laborales\/#respond"]}]},{"@type":"WebPage","@id":"http:\/\/elregionalvm.com.ar\/noticias-villa-maria\/peajes-de-rutas-nacionales-con-barreras-levantadas-trabajadores-reclaman-mejoras-laborales\/","url":"http:\/\/elregionalvm.com.ar\/noticias-villa-maria\/peajes-de-rutas-nacionales-con-barreras-levantadas-trabajadores-reclaman-mejoras-laborales\/","name":"Peajes de rutas nacionales con barreras levantadas: Trabajadores reclaman mejoras laborales - El Regional","isPartOf":{"@id":"http:\/\/elregionalvm.com.ar\/noticias-villa-maria\/#website"},"primaryImageOfPage":{"@id":"http:\/\/elregionalvm.com.ar\/noticias-villa-maria\/peajes-de-rutas-nacionales-con-barreras-levantadas-trabajadores-reclaman-mejoras-laborales\/#primaryimage"},"image":{"@id":"http:\/\/elregionalvm.com.ar\/noticias-villa-maria\/peajes-de-rutas-nacionales-con-barreras-levantadas-trabajadores-reclaman-mejoras-laborales\/#primaryimage"},"thumbnailUrl":"https:\/\/i0.wp.com\/elregionalvm.com.ar\/noticias-villa-maria\/wp-content\/uploads\/2023\/09\/Peaje-James-Craik.jpeg?fit=1200%2C886&ssl=1","datePublished":"2023-09-13T20:50:40+00:00","dateModified":"2023-09-13T20:50:46+00:00","author":{"@id":"http:\/\/elregionalvm.com.ar\/noticias-villa-maria\/#\/schema\/person\/a0fb9c422317faca23d50163151bc354"},"breadcrumb":{"@id":"http:\/\/elregionalvm.com.ar\/noticias-villa-maria\/peajes-de-rutas-nacionales-con-barreras-levantadas-trabajadores-reclaman-mejoras-laborales\/#breadcrumb"},"inLanguage":"es","potentialAction":[{"@type":"ReadAction","target":["http:\/\/elregionalvm.com.ar\/noticias-villa-maria\/peajes-de-rutas-nacionales-con-barreras-levantadas-trabajadores-reclaman-mejoras-laborales\/"]}]},{"@type":"ImageObject","inLanguage":"es","@id":"http:\/\/elregionalvm.com.ar\/noticias-villa-maria\/peajes-de-rutas-nacionales-con-barreras-levantadas-trabajadores-reclaman-mejoras-laborales\/#primaryimage","url":"https:\/\/i0.wp.com\/elregionalvm.com.ar\/noticias-villa-maria\/wp-content\/uploads\/2023\/09\/Peaje-James-Craik.jpeg?fit=1200%2C886&ssl=1","contentUrl":"https:\/\/i0.wp.com\/elregionalvm.com.ar\/noticias-villa-maria\/wp-content\/uploads\/2023\/09\/Peaje-James-Craik.jpeg?fit=1200%2C886&ssl=1","width":1200,"height":886},{"@type":"BreadcrumbList","@id":"http:\/\/elregionalvm.com.ar\/noticias-villa-maria\/peajes-de-rutas-nacionales-con-barreras-levantadas-trabajadores-reclaman-mejoras-laborales\/#breadcrumb","itemListElement":[{"@type":"ListItem","position":1,"name":"Portada","item":"https:\/\/elregionalvm.com.ar\/noticias-villa-maria\/"},{"@type":"ListItem","position":2,"name":"Peajes de rutas nacionales con barreras levantadas: Trabajadores reclaman mejoras laborales"}]},{"@type":"WebSite","@id":"http:\/\/elregionalvm.com.ar\/noticias-villa-maria\/#website","url":"http:\/\/elregionalvm.com.ar\/noticias-villa-maria\/","name":"El Regional","description":"Mucho m\u00e1s que informaci\u00f3n","potentialAction":[{"@type":"SearchAction","target":{"@type":"EntryPoint","urlTemplate":"http:\/\/elregionalvm.com.ar\/noticias-villa-maria\/?s={search_term_string}"},"query-input":{"@type":"PropertyValueSpecification","valueRequired":true,"valueName":"search_term_string"}}],"inLanguage":"es"},{"@type":"Person","@id":"http:\/\/elregionalvm.com.ar\/noticias-villa-maria\/#\/schema\/person\/a0fb9c422317faca23d50163151bc354","name":"Contenidos El Regional","image":{"@type":"ImageObject","inLanguage":"es","@id":"http:\/\/elregionalvm.com.ar\/noticias-villa-maria\/#\/schema\/person\/image\/","url":"https:\/\/secure.gravatar.com\/avatar\/265b27cb2209af7bb3a1318f03305787d7981a5cc6e6cd08fe5a4ecdf99d4b48?s=96&d=mm&r=g","contentUrl":"https:\/\/secure.gravatar.com\/avatar\/265b27cb2209af7bb3a1318f03305787d7981a5cc6e6cd08fe5a4ecdf99d4b48?s=96&d=mm&r=g","caption":"Contenidos El Regional"},"url":"https:\/\/elregionalvm.com.ar\/noticias-villa-maria\/author\/contenido\/"}]}},"jetpack_featured_media_url":"https:\/\/i0.wp.com\/elregionalvm.com.ar\/noticias-villa-maria\/wp-content\/uploads\/2023\/09\/Peaje-James-Craik.jpeg?fit=1200%2C886&ssl=1","jetpack_sharing_enabled":true,"_links":{"self":[{"href":"https:\/\/elregionalvm.com.ar\/noticias-villa-maria\/wp-json\/wp\/v2\/posts\/82557","targetHints":{"allow":["GET"]}}],"collection":[{"href":"https:\/\/elregionalvm.com.ar\/noticias-villa-maria\/wp-json\/wp\/v2\/posts"}],"about":[{"href":"https:\/\/elregionalvm.com.ar\/noticias-villa-maria\/wp-json\/wp\/v2\/types\/post"}],"author":[{"embeddable":true,"href":"https:\/\/elregionalvm.com.ar\/noticias-villa-maria\/wp-json\/wp\/v2\/users\/4"}],"replies":[{"embeddable":true,"href":"https:\/\/elregionalvm.com.ar\/noticias-villa-maria\/wp-json\/wp\/v2\/comments?post=82557"}],"version-history":[{"count":2,"href":"https:\/\/elregionalvm.com.ar\/noticias-villa-maria\/wp-json\/wp\/v2\/posts\/82557\/revisions"}],"predecessor-version":[{"id":82561,"href":"https:\/\/elregionalvm.com.ar\/noticias-villa-maria\/wp-json\/wp\/v2\/posts\/82557\/revisions\/82561"}],"wp:featuredmedia":[{"embeddable":true,"href":"https:\/\/elregionalvm.com.ar\/noticias-villa-maria\/wp-json\/wp\/v2\/media\/82560"}],"wp:attachment":[{"href":"https:\/\/elregionalvm.com.ar\/noticias-villa-maria\/wp-json\/wp\/v2\/media?parent=82557"}],"wp:term":[{"taxonomy":"category","embeddable":true,"href":"https:\/\/elregionalvm.com.ar\/noticias-villa-maria\/wp-json\/wp\/v2\/categories?post=82557"},{"taxonomy":"post_tag","embeddable":true,"href":"https:\/\/elregionalvm.com.ar\/noticias-villa-maria\/wp-json\/wp\/v2\/tags?post=82557"}],"curies":[{"name":"wp","href":"https:\/\/api.w.org\/{rel}","templated":true}]}}