{"id":82599,"date":"2023-09-14T22:56:02","date_gmt":"2023-09-14T22:56:02","guid":{"rendered":"https:\/\/elregionalvm.com.ar\/noticias-villa-maria\/?p=82599"},"modified":"2023-09-15T02:05:05","modified_gmt":"2023-09-15T02:05:05","slug":"zanotti-terminara-con-la-casta-en-villa-mar","status":"publish","type":"post","link":"https:\/\/elregionalvm.com.ar\/noticias-villa-maria\/zanotti-terminara-con-la-casta-en-villa-mar\/","title":{"rendered":"\u201cZanotti terminar\u00e1 con la casta en Villa Mar\u00eda\u201d"},"content":{"rendered":"\n<p>Mar\u00eda Cecilia Ib\u00e1\u00f1ez, candidata a diputada nacional del Movimiento de Integraci\u00f3n y Desarrollo (MID) en la boleta de La Libertad Avanza <strong>apoy\u00f3 a Braulio Zanotti<\/strong> para que sea el pr\u00f3ximo intendente de la ciudad.<\/p>\n\n\n\n<p>La candidata de Javier Milei es presidenta del MID, uno de los tres partidos que form\u00f3 la alianza Cambia Villa Mar\u00eda, y ocupa el tercer lugar en la lista de los libertarios, por lo que tiene altas chances de ingresar al Congreso Nacional.<\/p>\n\n\n\n<p>En tal car\u00e1cter, la abogada de 58 a\u00f1os, decidi\u00f3 apoyar al radical Braulio Zanotti diciendo <strong>\u201cZanotti va a terminar con la casta en Villa Mar\u00eda\u201d.<\/strong><\/p>\n\n\n\n<p>\u201cLo acompa\u00f1amos con la personer\u00eda de nuestro partido, junto con otros nucleamientos pol\u00edticos, para que pudiera presentarse. Y ahora <strong>\u00e9l nos va a dar la primera alegr\u00eda de octubre en Villa Mar\u00eda<\/strong>, ya que la segunda ser\u00e1 el 22 y a nivel nacional\u201d, sostuvo en declaraciones a la prensa, debido a que las encuestas ubican a <strong>Zanotti disputando el primer lugar<\/strong>.<\/p>\n\n\n\n<p>Iba\u00f1ez fue procuradora del Banco de la Provincia de C\u00f3rdoba entre 1993 y 2003, fue asesora letrada de la empresa Tamse en la Municipalidad de C\u00f3rdoba y actualmente trabaja junto al intendente de Carlos Paz.<\/p>\n\n\n\n<p>\u201cNo dudamos cuando lo apoyamos a Braulio al principio, porque <strong>creemos que se necesita gente con capacidad de gesti\u00f3n demostrada<\/strong>. Y m\u00e1s convencidos estamos ahora, que vemos la calidad de las personas que conforman su equipo, y que sus ideas concuerdan con todo lo que venimos pregonando nosotros: <strong>si hay un \u00f1oqui, sacalo<\/strong>; si hay otro \u00f1oqui, sacalo\u2026 Hay que reducir el gasto p\u00fablico\u201d, agreg\u00f3.<\/p>\n\n\n\n<p>La libertaria destac\u00f3 \u201ctodas las posibilidades que tiene la ciudad. Ya estuve conversando con Zanotti y con la gente maravillosa de la ciudad, como lo hacemos en cada rinc\u00f3n de C\u00f3rdoba desde este espacio silencioso, y vamos a volver dentro de poco\u201d.<\/p>\n","protected":false},"excerpt":{"rendered":"<p>Mar\u00eda Cecilia Ib\u00e1\u00f1ez, candidata a diputada nacional del Movimiento de Integraci\u00f3n y Desarrollo (MID) en la boleta de La Libertad Avanza apoy\u00f3 a Braulio Zanotti para que sea el pr\u00f3ximo intendente de la ciudad. La candidata de Javier Milei es presidenta del MID, uno de los tres partidos que form\u00f3 la alianza Cambia Villa Mar\u00eda, [&hellip;]<\/p>\n","protected":false},"author":4,"featured_media":82600,"comment_status":"open","ping_status":"open","sticky":false,"template":"","format":"standard","meta":{"site-sidebar-layout":"default","site-content-layout":"","ast-site-content-layout":"default","site-content-style":"default","site-sidebar-style":"default","ast-global-header-display":"","ast-banner-title-visibility":"","ast-main-header-display":"","ast-hfb-above-header-display":"","ast-hfb-below-header-display":"","ast-hfb-mobile-header-display":"","site-post-title":"","ast-breadcrumbs-content":"","ast-featured-img":"","footer-sml-layout":"","ast-disable-related-posts":"","theme-transparent-header-meta":"","adv-header-id-meta":"","stick-header-meta":"","header-above-stick-meta":"","header-main-stick-meta":"","header-below-stick-meta":"","astra-migrate-meta-layouts":"set","ast-page-background-enabled":"default","ast-page-background-meta":{"desktop":{"background-color":"","background-image":"","background-repeat":"repeat","background-position":"center center","background-size":"auto","background-attachment":"scroll","background-type":"","background-media":"","overlay-type":"","overlay-color":"","overlay-opacity":"","overlay-gradient":""},"tablet":{"background-color":"","background-image":"","background-repeat":"repeat","background-position":"center center","background-size":"auto","background-attachment":"scroll","background-type":"","background-media":"","overlay-type":"","overlay-color":"","overlay-opacity":"","overlay-gradient":""},"mobile":{"background-color":"","background-image":"","background-repeat":"repeat","background-position":"center center","background-size":"auto","background-attachment":"scroll","background-type":"","background-media":"","overlay-type":"","overlay-color":"","overlay-opacity":"","overlay-gradient":""}},"ast-content-background-meta":{"desktop":{"background-color":"var(--ast-global-color-5)","background-image":"","background-repeat":"repeat","background-position":"center center","background-size":"auto","background-attachment":"scroll","background-type":"","background-media":"","overlay-type":"","overlay-color":"","overlay-opacity":"","overlay-gradient":""},"tablet":{"background-color":"var(--ast-global-color-5)","background-image":"","background-repeat":"repeat","background-position":"center center","background-size":"auto","background-attachment":"scroll","background-type":"","background-media":"","overlay-type":"","overlay-color":"","overlay-opacity":"","overlay-gradient":""},"mobile":{"background-color":"var(--ast-global-color-5)","background-image":"","background-repeat":"repeat","background-position":"center center","background-size":"auto","background-attachment":"scroll","background-type":"","background-media":"","overlay-type":"","overlay-color":"","overlay-opacity":"","overlay-gradient":""}},"_jetpack_memberships_contains_paid_content":false,"_joinchat":[],"footnotes":""},"categories":[5,2],"tags":[],"class_list":["post-82599","post","type-post","status-publish","format-standard","has-post-thumbnail","hentry","category-sociedad","category-villa-maria"],"yoast_head":"<!-- This site is optimized with the Yoast SEO plugin v26.8 - https:\/\/yoast.com\/product\/yoast-seo-wordpress\/ -->\n<title>\u201cZanotti terminar\u00e1 con la casta en Villa Mar\u00eda\u201d - El Regional<\/title>\n<meta name=\"robots\" content=\"index, follow, max-snippet:-1, max-image-preview:large, max-video-preview:-1\" \/>\n<link rel=\"canonical\" href=\"http:\/\/elregionalvm.com.ar\/noticias-villa-maria\/zanotti-terminara-con-la-casta-en-villa-mar\/\" \/>\n<meta property=\"og:locale\" content=\"es_ES\" \/>\n<meta property=\"og:type\" content=\"article\" \/>\n<meta property=\"og:title\" content=\"\u201cZanotti terminar\u00e1 con la casta en Villa Mar\u00eda\u201d - El Regional\" \/>\n<meta property=\"og:description\" content=\"Mar\u00eda Cecilia Ib\u00e1\u00f1ez, candidata a diputada nacional del Movimiento de Integraci\u00f3n y Desarrollo (MID) en la boleta de La Libertad Avanza apoy\u00f3 a Braulio Zanotti para que sea el pr\u00f3ximo intendente de la ciudad. La candidata de Javier Milei es presidenta del MID, uno de los tres partidos que form\u00f3 la alianza Cambia Villa Mar\u00eda, [&hellip;]\" \/>\n<meta property=\"og:url\" content=\"http:\/\/elregionalvm.com.ar\/noticias-villa-maria\/zanotti-terminara-con-la-casta-en-villa-mar\/\" \/>\n<meta property=\"og:site_name\" content=\"El Regional\" \/>\n<meta property=\"article:publisher\" content=\"https:\/\/www.facebook.com\/elregionalvm\" \/>\n<meta property=\"article:published_time\" content=\"2023-09-14T22:56:02+00:00\" \/>\n<meta property=\"article:modified_time\" content=\"2023-09-15T02:05:05+00:00\" \/>\n<meta property=\"og:image\" content=\"http:\/\/elregionalvm.com.ar\/noticias-villa-maria\/wp-content\/uploads\/2023\/09\/WhatsApp-Image-2023-09-14-at-12.05.17.jpeg\" \/>\n\t<meta property=\"og:image:width\" content=\"850\" \/>\n\t<meta property=\"og:image:height\" content=\"638\" \/>\n\t<meta property=\"og:image:type\" content=\"image\/jpeg\" \/>\n<meta name=\"author\" content=\"Contenidos El Regional\" \/>\n<meta name=\"twitter:card\" content=\"summary_large_image\" \/>\n<meta name=\"twitter:creator\" content=\"@elregionalvm1\" \/>\n<meta name=\"twitter:site\" content=\"@elregionalvm1\" \/>\n<meta name=\"twitter:label1\" content=\"Escrito por\" \/>\n\t<meta name=\"twitter:data1\" content=\"Contenidos El Regional\" \/>\n\t<meta name=\"twitter:label2\" content=\"Tiempo de lectura\" \/>\n\t<meta name=\"twitter:data2\" content=\"2 minutos\" \/>\n<script type=\"application\/ld+json\" class=\"yoast-schema-graph\">{\"@context\":\"https:\/\/schema.org\",\"@graph\":[{\"@type\":\"Article\",\"@id\":\"http:\/\/elregionalvm.com.ar\/noticias-villa-maria\/zanotti-terminara-con-la-casta-en-villa-mar\/#article\",\"isPartOf\":{\"@id\":\"http:\/\/elregionalvm.com.ar\/noticias-villa-maria\/zanotti-terminara-con-la-casta-en-villa-mar\/\"},\"author\":{\"name\":\"Contenidos El Regional\",\"@id\":\"http:\/\/elregionalvm.com.ar\/noticias-villa-maria\/#\/schema\/person\/a0fb9c422317faca23d50163151bc354\"},\"headline\":\"\u201cZanotti terminar\u00e1 con la casta en Villa Mar\u00eda\u201d\",\"datePublished\":\"2023-09-14T22:56:02+00:00\",\"dateModified\":\"2023-09-15T02:05:05+00:00\",\"mainEntityOfPage\":{\"@id\":\"http:\/\/elregionalvm.com.ar\/noticias-villa-maria\/zanotti-terminara-con-la-casta-en-villa-mar\/\"},\"wordCount\":331,\"commentCount\":0,\"image\":{\"@id\":\"http:\/\/elregionalvm.com.ar\/noticias-villa-maria\/zanotti-terminara-con-la-casta-en-villa-mar\/#primaryimage\"},\"thumbnailUrl\":\"https:\/\/i0.wp.com\/elregionalvm.com.ar\/noticias-villa-maria\/wp-content\/uploads\/2023\/09\/WhatsApp-Image-2023-09-14-at-12.05.17.jpeg?fit=850%2C638&ssl=1\",\"articleSection\":[\"Sociedad\",\"Villa Mar\u00eda\"],\"inLanguage\":\"es\",\"potentialAction\":[{\"@type\":\"CommentAction\",\"name\":\"Comment\",\"target\":[\"http:\/\/elregionalvm.com.ar\/noticias-villa-maria\/zanotti-terminara-con-la-casta-en-villa-mar\/#respond\"]}]},{\"@type\":\"WebPage\",\"@id\":\"http:\/\/elregionalvm.com.ar\/noticias-villa-maria\/zanotti-terminara-con-la-casta-en-villa-mar\/\",\"url\":\"http:\/\/elregionalvm.com.ar\/noticias-villa-maria\/zanotti-terminara-con-la-casta-en-villa-mar\/\",\"name\":\"\u201cZanotti terminar\u00e1 con la casta en Villa Mar\u00eda\u201d - El Regional\",\"isPartOf\":{\"@id\":\"http:\/\/elregionalvm.com.ar\/noticias-villa-maria\/#website\"},\"primaryImageOfPage\":{\"@id\":\"http:\/\/elregionalvm.com.ar\/noticias-villa-maria\/zanotti-terminara-con-la-casta-en-villa-mar\/#primaryimage\"},\"image\":{\"@id\":\"http:\/\/elregionalvm.com.ar\/noticias-villa-maria\/zanotti-terminara-con-la-casta-en-villa-mar\/#primaryimage\"},\"thumbnailUrl\":\"https:\/\/i0.wp.com\/elregionalvm.com.ar\/noticias-villa-maria\/wp-content\/uploads\/2023\/09\/WhatsApp-Image-2023-09-14-at-12.05.17.jpeg?fit=850%2C638&ssl=1\",\"datePublished\":\"2023-09-14T22:56:02+00:00\",\"dateModified\":\"2023-09-15T02:05:05+00:00\",\"author\":{\"@id\":\"http:\/\/elregionalvm.com.ar\/noticias-villa-maria\/#\/schema\/person\/a0fb9c422317faca23d50163151bc354\"},\"breadcrumb\":{\"@id\":\"http:\/\/elregionalvm.com.ar\/noticias-villa-maria\/zanotti-terminara-con-la-casta-en-villa-mar\/#breadcrumb\"},\"inLanguage\":\"es\",\"potentialAction\":[{\"@type\":\"ReadAction\",\"target\":[\"http:\/\/elregionalvm.com.ar\/noticias-villa-maria\/zanotti-terminara-con-la-casta-en-villa-mar\/\"]}]},{\"@type\":\"ImageObject\",\"inLanguage\":\"es\",\"@id\":\"http:\/\/elregionalvm.com.ar\/noticias-villa-maria\/zanotti-terminara-con-la-casta-en-villa-mar\/#primaryimage\",\"url\":\"https:\/\/i0.wp.com\/elregionalvm.com.ar\/noticias-villa-maria\/wp-content\/uploads\/2023\/09\/WhatsApp-Image-2023-09-14-at-12.05.17.jpeg?fit=850%2C638&ssl=1\",\"contentUrl\":\"https:\/\/i0.wp.com\/elregionalvm.com.ar\/noticias-villa-maria\/wp-content\/uploads\/2023\/09\/WhatsApp-Image-2023-09-14-at-12.05.17.jpeg?fit=850%2C638&ssl=1\",\"width\":850,\"height\":638},{\"@type\":\"BreadcrumbList\",\"@id\":\"http:\/\/elregionalvm.com.ar\/noticias-villa-maria\/zanotti-terminara-con-la-casta-en-villa-mar\/#breadcrumb\",\"itemListElement\":[{\"@type\":\"ListItem\",\"position\":1,\"name\":\"Portada\",\"item\":\"https:\/\/elregionalvm.com.ar\/noticias-villa-maria\/\"},{\"@type\":\"ListItem\",\"position\":2,\"name\":\"\u201cZanotti terminar\u00e1 con la casta en Villa Mar\u00eda\u201d\"}]},{\"@type\":\"WebSite\",\"@id\":\"http:\/\/elregionalvm.com.ar\/noticias-villa-maria\/#website\",\"url\":\"http:\/\/elregionalvm.com.ar\/noticias-villa-maria\/\",\"name\":\"El Regional\",\"description\":\"Mucho m\u00e1s que informaci\u00f3n\",\"potentialAction\":[{\"@type\":\"SearchAction\",\"target\":{\"@type\":\"EntryPoint\",\"urlTemplate\":\"http:\/\/elregionalvm.com.ar\/noticias-villa-maria\/?s={search_term_string}\"},\"query-input\":{\"@type\":\"PropertyValueSpecification\",\"valueRequired\":true,\"valueName\":\"search_term_string\"}}],\"inLanguage\":\"es\"},{\"@type\":\"Person\",\"@id\":\"http:\/\/elregionalvm.com.ar\/noticias-villa-maria\/#\/schema\/person\/a0fb9c422317faca23d50163151bc354\",\"name\":\"Contenidos El Regional\",\"image\":{\"@type\":\"ImageObject\",\"inLanguage\":\"es\",\"@id\":\"http:\/\/elregionalvm.com.ar\/noticias-villa-maria\/#\/schema\/person\/image\/\",\"url\":\"https:\/\/secure.gravatar.com\/avatar\/265b27cb2209af7bb3a1318f03305787d7981a5cc6e6cd08fe5a4ecdf99d4b48?s=96&d=mm&r=g\",\"contentUrl\":\"https:\/\/secure.gravatar.com\/avatar\/265b27cb2209af7bb3a1318f03305787d7981a5cc6e6cd08fe5a4ecdf99d4b48?s=96&d=mm&r=g\",\"caption\":\"Contenidos El Regional\"},\"url\":\"https:\/\/elregionalvm.com.ar\/noticias-villa-maria\/author\/contenido\/\"}]}<\/script>\n<!-- \/ Yoast SEO plugin. -->","yoast_head_json":{"title":"\u201cZanotti terminar\u00e1 con la casta en Villa Mar\u00eda\u201d - El Regional","robots":{"index":"index","follow":"follow","max-snippet":"max-snippet:-1","max-image-preview":"max-image-preview:large","max-video-preview":"max-video-preview:-1"},"canonical":"http:\/\/elregionalvm.com.ar\/noticias-villa-maria\/zanotti-terminara-con-la-casta-en-villa-mar\/","og_locale":"es_ES","og_type":"article","og_title":"\u201cZanotti terminar\u00e1 con la casta en Villa Mar\u00eda\u201d - El Regional","og_description":"Mar\u00eda Cecilia Ib\u00e1\u00f1ez, candidata a diputada nacional del Movimiento de Integraci\u00f3n y Desarrollo (MID) en la boleta de La Libertad Avanza apoy\u00f3 a Braulio Zanotti para que sea el pr\u00f3ximo intendente de la ciudad. La candidata de Javier Milei es presidenta del MID, uno de los tres partidos que form\u00f3 la alianza Cambia Villa Mar\u00eda, [&hellip;]","og_url":"http:\/\/elregionalvm.com.ar\/noticias-villa-maria\/zanotti-terminara-con-la-casta-en-villa-mar\/","og_site_name":"El Regional","article_publisher":"https:\/\/www.facebook.com\/elregionalvm","article_published_time":"2023-09-14T22:56:02+00:00","article_modified_time":"2023-09-15T02:05:05+00:00","og_image":[{"width":850,"height":638,"url":"http:\/\/elregionalvm.com.ar\/noticias-villa-maria\/wp-content\/uploads\/2023\/09\/WhatsApp-Image-2023-09-14-at-12.05.17.jpeg","type":"image\/jpeg"}],"author":"Contenidos El Regional","twitter_card":"summary_large_image","twitter_creator":"@elregionalvm1","twitter_site":"@elregionalvm1","twitter_misc":{"Escrito por":"Contenidos El Regional","Tiempo de lectura":"2 minutos"},"schema":{"@context":"https:\/\/schema.org","@graph":[{"@type":"Article","@id":"http:\/\/elregionalvm.com.ar\/noticias-villa-maria\/zanotti-terminara-con-la-casta-en-villa-mar\/#article","isPartOf":{"@id":"http:\/\/elregionalvm.com.ar\/noticias-villa-maria\/zanotti-terminara-con-la-casta-en-villa-mar\/"},"author":{"name":"Contenidos El Regional","@id":"http:\/\/elregionalvm.com.ar\/noticias-villa-maria\/#\/schema\/person\/a0fb9c422317faca23d50163151bc354"},"headline":"\u201cZanotti terminar\u00e1 con la casta en Villa Mar\u00eda\u201d","datePublished":"2023-09-14T22:56:02+00:00","dateModified":"2023-09-15T02:05:05+00:00","mainEntityOfPage":{"@id":"http:\/\/elregionalvm.com.ar\/noticias-villa-maria\/zanotti-terminara-con-la-casta-en-villa-mar\/"},"wordCount":331,"commentCount":0,"image":{"@id":"http:\/\/elregionalvm.com.ar\/noticias-villa-maria\/zanotti-terminara-con-la-casta-en-villa-mar\/#primaryimage"},"thumbnailUrl":"https:\/\/i0.wp.com\/elregionalvm.com.ar\/noticias-villa-maria\/wp-content\/uploads\/2023\/09\/WhatsApp-Image-2023-09-14-at-12.05.17.jpeg?fit=850%2C638&ssl=1","articleSection":["Sociedad","Villa Mar\u00eda"],"inLanguage":"es","potentialAction":[{"@type":"CommentAction","name":"Comment","target":["http:\/\/elregionalvm.com.ar\/noticias-villa-maria\/zanotti-terminara-con-la-casta-en-villa-mar\/#respond"]}]},{"@type":"WebPage","@id":"http:\/\/elregionalvm.com.ar\/noticias-villa-maria\/zanotti-terminara-con-la-casta-en-villa-mar\/","url":"http:\/\/elregionalvm.com.ar\/noticias-villa-maria\/zanotti-terminara-con-la-casta-en-villa-mar\/","name":"\u201cZanotti terminar\u00e1 con la casta en Villa Mar\u00eda\u201d - El Regional","isPartOf":{"@id":"http:\/\/elregionalvm.com.ar\/noticias-villa-maria\/#website"},"primaryImageOfPage":{"@id":"http:\/\/elregionalvm.com.ar\/noticias-villa-maria\/zanotti-terminara-con-la-casta-en-villa-mar\/#primaryimage"},"image":{"@id":"http:\/\/elregionalvm.com.ar\/noticias-villa-maria\/zanotti-terminara-con-la-casta-en-villa-mar\/#primaryimage"},"thumbnailUrl":"https:\/\/i0.wp.com\/elregionalvm.com.ar\/noticias-villa-maria\/wp-content\/uploads\/2023\/09\/WhatsApp-Image-2023-09-14-at-12.05.17.jpeg?fit=850%2C638&ssl=1","datePublished":"2023-09-14T22:56:02+00:00","dateModified":"2023-09-15T02:05:05+00:00","author":{"@id":"http:\/\/elregionalvm.com.ar\/noticias-villa-maria\/#\/schema\/person\/a0fb9c422317faca23d50163151bc354"},"breadcrumb":{"@id":"http:\/\/elregionalvm.com.ar\/noticias-villa-maria\/zanotti-terminara-con-la-casta-en-villa-mar\/#breadcrumb"},"inLanguage":"es","potentialAction":[{"@type":"ReadAction","target":["http:\/\/elregionalvm.com.ar\/noticias-villa-maria\/zanotti-terminara-con-la-casta-en-villa-mar\/"]}]},{"@type":"ImageObject","inLanguage":"es","@id":"http:\/\/elregionalvm.com.ar\/noticias-villa-maria\/zanotti-terminara-con-la-casta-en-villa-mar\/#primaryimage","url":"https:\/\/i0.wp.com\/elregionalvm.com.ar\/noticias-villa-maria\/wp-content\/uploads\/2023\/09\/WhatsApp-Image-2023-09-14-at-12.05.17.jpeg?fit=850%2C638&ssl=1","contentUrl":"https:\/\/i0.wp.com\/elregionalvm.com.ar\/noticias-villa-maria\/wp-content\/uploads\/2023\/09\/WhatsApp-Image-2023-09-14-at-12.05.17.jpeg?fit=850%2C638&ssl=1","width":850,"height":638},{"@type":"BreadcrumbList","@id":"http:\/\/elregionalvm.com.ar\/noticias-villa-maria\/zanotti-terminara-con-la-casta-en-villa-mar\/#breadcrumb","itemListElement":[{"@type":"ListItem","position":1,"name":"Portada","item":"https:\/\/elregionalvm.com.ar\/noticias-villa-maria\/"},{"@type":"ListItem","position":2,"name":"\u201cZanotti terminar\u00e1 con la casta en Villa Mar\u00eda\u201d"}]},{"@type":"WebSite","@id":"http:\/\/elregionalvm.com.ar\/noticias-villa-maria\/#website","url":"http:\/\/elregionalvm.com.ar\/noticias-villa-maria\/","name":"El Regional","description":"Mucho m\u00e1s que informaci\u00f3n","potentialAction":[{"@type":"SearchAction","target":{"@type":"EntryPoint","urlTemplate":"http:\/\/elregionalvm.com.ar\/noticias-villa-maria\/?s={search_term_string}"},"query-input":{"@type":"PropertyValueSpecification","valueRequired":true,"valueName":"search_term_string"}}],"inLanguage":"es"},{"@type":"Person","@id":"http:\/\/elregionalvm.com.ar\/noticias-villa-maria\/#\/schema\/person\/a0fb9c422317faca23d50163151bc354","name":"Contenidos El Regional","image":{"@type":"ImageObject","inLanguage":"es","@id":"http:\/\/elregionalvm.com.ar\/noticias-villa-maria\/#\/schema\/person\/image\/","url":"https:\/\/secure.gravatar.com\/avatar\/265b27cb2209af7bb3a1318f03305787d7981a5cc6e6cd08fe5a4ecdf99d4b48?s=96&d=mm&r=g","contentUrl":"https:\/\/secure.gravatar.com\/avatar\/265b27cb2209af7bb3a1318f03305787d7981a5cc6e6cd08fe5a4ecdf99d4b48?s=96&d=mm&r=g","caption":"Contenidos El Regional"},"url":"https:\/\/elregionalvm.com.ar\/noticias-villa-maria\/author\/contenido\/"}]}},"jetpack_featured_media_url":"https:\/\/i0.wp.com\/elregionalvm.com.ar\/noticias-villa-maria\/wp-content\/uploads\/2023\/09\/WhatsApp-Image-2023-09-14-at-12.05.17.jpeg?fit=850%2C638&ssl=1","jetpack_sharing_enabled":true,"_links":{"self":[{"href":"https:\/\/elregionalvm.com.ar\/noticias-villa-maria\/wp-json\/wp\/v2\/posts\/82599","targetHints":{"allow":["GET"]}}],"collection":[{"href":"https:\/\/elregionalvm.com.ar\/noticias-villa-maria\/wp-json\/wp\/v2\/posts"}],"about":[{"href":"https:\/\/elregionalvm.com.ar\/noticias-villa-maria\/wp-json\/wp\/v2\/types\/post"}],"author":[{"embeddable":true,"href":"https:\/\/elregionalvm.com.ar\/noticias-villa-maria\/wp-json\/wp\/v2\/users\/4"}],"replies":[{"embeddable":true,"href":"https:\/\/elregionalvm.com.ar\/noticias-villa-maria\/wp-json\/wp\/v2\/comments?post=82599"}],"version-history":[{"count":2,"href":"https:\/\/elregionalvm.com.ar\/noticias-villa-maria\/wp-json\/wp\/v2\/posts\/82599\/revisions"}],"predecessor-version":[{"id":82625,"href":"https:\/\/elregionalvm.com.ar\/noticias-villa-maria\/wp-json\/wp\/v2\/posts\/82599\/revisions\/82625"}],"wp:featuredmedia":[{"embeddable":true,"href":"https:\/\/elregionalvm.com.ar\/noticias-villa-maria\/wp-json\/wp\/v2\/media\/82600"}],"wp:attachment":[{"href":"https:\/\/elregionalvm.com.ar\/noticias-villa-maria\/wp-json\/wp\/v2\/media?parent=82599"}],"wp:term":[{"taxonomy":"category","embeddable":true,"href":"https:\/\/elregionalvm.com.ar\/noticias-villa-maria\/wp-json\/wp\/v2\/categories?post=82599"},{"taxonomy":"post_tag","embeddable":true,"href":"https:\/\/elregionalvm.com.ar\/noticias-villa-maria\/wp-json\/wp\/v2\/tags?post=82599"}],"curies":[{"name":"wp","href":"https:\/\/api.w.org\/{rel}","templated":true}]}}