{"id":82602,"date":"2023-09-14T23:03:49","date_gmt":"2023-09-14T23:03:49","guid":{"rendered":"https:\/\/elregionalvm.com.ar\/noticias-villa-maria\/?p=82602"},"modified":"2023-09-15T01:55:12","modified_gmt":"2023-09-15T01:55:12","slug":"candidatos-as-a-intendente-presentaron-propuestas-para-el-sector-productivo-de-la-ciudad","status":"publish","type":"post","link":"https:\/\/elregionalvm.com.ar\/noticias-villa-maria\/candidatos-as-a-intendente-presentaron-propuestas-para-el-sector-productivo-de-la-ciudad\/","title":{"rendered":"Candidatos\/as a intendente presentaron propuestas para el sector productivo de la ciudad"},"content":{"rendered":"\n<p>Entre ellas se destacan la reducci\u00f3n y eliminaci\u00f3n de tasas distorsivas y la<br>ampliaci\u00f3n de zonas industriales. Asimismo, plantearon la necesidad del<br>trabajo conjunto entre el sector p\u00fablico y privado. El encuentro fue realizado<br>en la Asociaci\u00f3n de Empresarios de la Regi\u00f3n Centro Argentino (AERCA) al<br>mediod\u00eda.<\/p>\n\n\n\n<p>Los\/as candidatos\/as a intendente presentaron hoy las propuestas para el<br>sector productivo de la ciudad ante la presencia de empresarios y<br>representantes de diferentes entidades que lo integran.<\/p>\n\n\n\n<p>Dentro de las iniciativas, se destacan la reducci\u00f3n y eliminaci\u00f3n de tasas<br>distorsivas; la ampliaci\u00f3n de zonas industriales; la transparencia de datos y<br>generaci\u00f3n de estad\u00edsticas vinculadas al sector; la eficiencia y transparencia<br>en el manejo de los fondos p\u00fablicos y la simplificaci\u00f3n de los tr\u00e1mites de<br>habilitaci\u00f3n municipal.<\/p>\n\n\n\n<p>Encuentro<\/p>\n\n\n\n<p>Fue el presidente de AERCA, Juan Carlos Jacobo, quien dio la bienvenida a<br>todos los\/as presentes y expres\u00f3 la importancia de estos espacios para<br>nuestra instituci\u00f3n, como para las empresas que representamos. <\/p>\n\n\n\n<p>Explic\u00f3 la modalidad y procedi\u00f3 a darle el uso de la palabra a los\/as invitados\/as. Cada<br>uno\/a de ellas expuso sobre las propuestas vinculadas al sector productivo,<br>logrando un encuentro armonioso, de respeto a la voluntad democr\u00e1tica de<br>todos\/as los\/as participantes.<\/p>\n\n\n\n<p>El primero en tomar la palabra fue el candidato del Partido PAIS, Gerardo<br>Centani, qui\u00e9n propuso trabajar articuladamente con AERCA para potenciar<br>el sector comercial de la ciudad.<\/p>\n\n\n\n<p>El segundo, fue el representante de Hacemos Unidos por Villa Mar\u00eda,<br>Eduardo Accastello, qui\u00e9n expuso las siguientes propuestas: la creaci\u00f3n<br>de un Parque Industrial L\u00e1cteo y Alimenticio en la zona de AcaBIO para<br>convertir a la ciudad en la capital del queso, la creaci\u00f3n de un Parque<br>Log\u00edstico y la puesta en marcha de un Polo Tecnol\u00f3gico (PILT).<\/p>\n\n\n\n<p>Tambi\u00e9n mencion\u00f3 que reducir\u00eda la carga tributaria, eliminar\u00eda algunas tasas<br>consideradas obsoletas e implementar\u00eda la digitalizaci\u00f3n para simplificar<br>tr\u00e1mites.<\/p>\n\n\n\n<p>En tercer lugar, expuso el referente de Cambia Villa Mar\u00eda, Braulio<br>Zanotti qui\u00e9n propuso la quita de todo impuesto y tasa contributiva para el<br>sector comercial y el industrial. Adem\u00e1s, expuso que crear\u00e1 la Direcci\u00f3n de<br>Promoci\u00f3n y Desarrollo de la Industria L\u00e1ctea y que su gesti\u00f3n trabajar\u00eda mancomunadamente con el Parque Industrial, Log\u00edstico y Tecnol\u00f3gico de<br>Villa Mar\u00eda.<\/p>\n\n\n\n<p>N\u00e9stor Mojica candidato del Frente Federal de Acci\u00f3n Solidaria, fue<br>el cuarto en tener la palabra y propuso acompa\u00f1ar al sector comercial<br>eliminando la OIM desde diciembre y potenciar el Centro Comercial a Cielo<br>Abierto.<\/p>\n\n\n\n<p>En quinto lugar, el referente del Movimiento de Compromiso y<br>Participaci\u00f3n, Carlos Giliberti, afirm\u00f3 que de ser electo desarrollar\u00e1 y<br>ejecutar\u00e1 pol\u00edticas a largo plazo que permitan impulsar el sector industrial y<br>el comercio. Adem\u00e1s, trabajar\u00eda para convertir a Villa Mar\u00eda en un Polo<br>Industrial Textil.<\/p>\n\n\n\n<p>La siguiente oradora fue Julieta Ceballos, candidata del Partido<br>Libertario quien propuso una reforma laboral, la reducci\u00f3n del OIM y un<br>plan de exportaci\u00f3n para las industrias de la ciudad.<\/p>\n\n\n\n<p>En s\u00e9ptimo lugar present\u00f3 sus propuestas Dar\u00edo Capitani de Juntos por<br>el Cambio quien asegur\u00f3 que una de sus pol\u00edticas de gesti\u00f3n es trabajar<br>para potenciar la matriz productiva. Por otro lado, mencion\u00f3 la baja de m\u00e1s<br>de 70 tasas e impuestos, nuevos desarrollos para el PILT y competitividad<br>para los comercios.<\/p>\n\n\n\n<p>Para finalizar, el candidato de Uniendo Villa Mar\u00eda, Manuel Sosa, propuso<br>reducir el gasto p\u00fablico para potenciar el sector productivo y promover el<br>trabajo conjunto con entidades del sector privado. Tambi\u00e9n manifest\u00f3 que<br>potenciar\u00eda la industria del conocimiento y habl\u00f3 de la necesidad de una<br>reforma tributaria.<\/p>\n\n\n\n<p>Una vez terminadas las presentaciones y a modo de cierre, los\/as presentes<br>acercaron preguntas relacionadas a seguridad, transparencias de datos,<br>transporte p\u00fablico y fondos p\u00fablicos para que cada candidato\/a responda.<\/p>\n\n\n\n<p>Como instituci\u00f3n, consideramos que estos espacios son necesarios para<br>vincular las entidades p\u00fablicas con las privadas y trabajar conjuntamente<br>en el crecimiento sostenido del sector productivo de nuestra ciudad.<\/p>\n\n\n\n<p>Desde ya, agradecemos a los\/as candidatos\/as que estuvieron presentes.<br>Tambi\u00e9n a nuestros asociados y asociadas.<\/p>\n","protected":false},"excerpt":{"rendered":"<p>Entre ellas se destacan la reducci\u00f3n y eliminaci\u00f3n de tasas distorsivas y laampliaci\u00f3n de zonas industriales. Asimismo, plantearon la necesidad deltrabajo conjunto entre el sector p\u00fablico y privado. El encuentro fue realizadoen la Asociaci\u00f3n de Empresarios de la Regi\u00f3n Centro Argentino (AERCA) almediod\u00eda. Los\/as candidatos\/as a intendente presentaron hoy las propuestas para elsector productivo de [&hellip;]<\/p>\n","protected":false},"author":4,"featured_media":82604,"comment_status":"open","ping_status":"open","sticky":false,"template":"","format":"standard","meta":{"site-sidebar-layout":"default","site-content-layout":"","ast-site-content-layout":"default","site-content-style":"default","site-sidebar-style":"default","ast-global-header-display":"","ast-banner-title-visibility":"","ast-main-header-display":"","ast-hfb-above-header-display":"","ast-hfb-below-header-display":"","ast-hfb-mobile-header-display":"","site-post-title":"","ast-breadcrumbs-content":"","ast-featured-img":"","footer-sml-layout":"","ast-disable-related-posts":"","theme-transparent-header-meta":"","adv-header-id-meta":"","stick-header-meta":"","header-above-stick-meta":"","header-main-stick-meta":"","header-below-stick-meta":"","astra-migrate-meta-layouts":"set","ast-page-background-enabled":"default","ast-page-background-meta":{"desktop":{"background-color":"","background-image":"","background-repeat":"repeat","background-position":"center center","background-size":"auto","background-attachment":"scroll","background-type":"","background-media":"","overlay-type":"","overlay-color":"","overlay-opacity":"","overlay-gradient":""},"tablet":{"background-color":"","background-image":"","background-repeat":"repeat","background-position":"center center","background-size":"auto","background-attachment":"scroll","background-type":"","background-media":"","overlay-type":"","overlay-color":"","overlay-opacity":"","overlay-gradient":""},"mobile":{"background-color":"","background-image":"","background-repeat":"repeat","background-position":"center center","background-size":"auto","background-attachment":"scroll","background-type":"","background-media":"","overlay-type":"","overlay-color":"","overlay-opacity":"","overlay-gradient":""}},"ast-content-background-meta":{"desktop":{"background-color":"var(--ast-global-color-5)","background-image":"","background-repeat":"repeat","background-position":"center center","background-size":"auto","background-attachment":"scroll","background-type":"","background-media":"","overlay-type":"","overlay-color":"","overlay-opacity":"","overlay-gradient":""},"tablet":{"background-color":"var(--ast-global-color-5)","background-image":"","background-repeat":"repeat","background-position":"center center","background-size":"auto","background-attachment":"scroll","background-type":"","background-media":"","overlay-type":"","overlay-color":"","overlay-opacity":"","overlay-gradient":""},"mobile":{"background-color":"var(--ast-global-color-5)","background-image":"","background-repeat":"repeat","background-position":"center center","background-size":"auto","background-attachment":"scroll","background-type":"","background-media":"","overlay-type":"","overlay-color":"","overlay-opacity":"","overlay-gradient":""}},"_jetpack_memberships_contains_paid_content":false,"_joinchat":[],"footnotes":""},"categories":[5,2],"tags":[],"class_list":["post-82602","post","type-post","status-publish","format-standard","has-post-thumbnail","hentry","category-sociedad","category-villa-maria"],"yoast_head":"<!-- This site is optimized with the Yoast SEO plugin v26.8 - https:\/\/yoast.com\/product\/yoast-seo-wordpress\/ -->\n<title>Candidatos\/as a intendente presentaron propuestas para el sector productivo de la ciudad - El Regional<\/title>\n<meta name=\"robots\" content=\"index, follow, max-snippet:-1, max-image-preview:large, max-video-preview:-1\" \/>\n<link rel=\"canonical\" href=\"http:\/\/elregionalvm.com.ar\/noticias-villa-maria\/candidatos-as-a-intendente-presentaron-propuestas-para-el-sector-productivo-de-la-ciudad\/\" \/>\n<meta property=\"og:locale\" content=\"es_ES\" \/>\n<meta property=\"og:type\" content=\"article\" \/>\n<meta property=\"og:title\" content=\"Candidatos\/as a intendente presentaron propuestas para el sector productivo de la ciudad - El Regional\" \/>\n<meta property=\"og:description\" content=\"Entre ellas se destacan la reducci\u00f3n y eliminaci\u00f3n de tasas distorsivas y laampliaci\u00f3n de zonas industriales. Asimismo, plantearon la necesidad deltrabajo conjunto entre el sector p\u00fablico y privado. El encuentro fue realizadoen la Asociaci\u00f3n de Empresarios de la Regi\u00f3n Centro Argentino (AERCA) almediod\u00eda. Los\/as candidatos\/as a intendente presentaron hoy las propuestas para elsector productivo de [&hellip;]\" \/>\n<meta property=\"og:url\" content=\"http:\/\/elregionalvm.com.ar\/noticias-villa-maria\/candidatos-as-a-intendente-presentaron-propuestas-para-el-sector-productivo-de-la-ciudad\/\" \/>\n<meta property=\"og:site_name\" content=\"El Regional\" \/>\n<meta property=\"article:publisher\" content=\"https:\/\/www.facebook.com\/elregionalvm\" \/>\n<meta property=\"article:published_time\" content=\"2023-09-14T23:03:49+00:00\" \/>\n<meta property=\"article:modified_time\" content=\"2023-09-15T01:55:12+00:00\" \/>\n<meta property=\"og:image\" content=\"http:\/\/elregionalvm.com.ar\/noticias-villa-maria\/wp-content\/uploads\/2023\/09\/WhatsApp-Image-2023-09-13-at-21.55.11.jpeg\" \/>\n\t<meta property=\"og:image:width\" content=\"1024\" \/>\n\t<meta property=\"og:image:height\" content=\"768\" \/>\n\t<meta property=\"og:image:type\" content=\"image\/jpeg\" \/>\n<meta name=\"author\" content=\"Contenidos El Regional\" \/>\n<meta name=\"twitter:card\" content=\"summary_large_image\" \/>\n<meta name=\"twitter:creator\" content=\"@elregionalvm1\" \/>\n<meta name=\"twitter:site\" content=\"@elregionalvm1\" \/>\n<meta name=\"twitter:label1\" content=\"Escrito por\" \/>\n\t<meta name=\"twitter:data1\" content=\"Contenidos El Regional\" \/>\n\t<meta name=\"twitter:label2\" content=\"Tiempo de lectura\" \/>\n\t<meta name=\"twitter:data2\" content=\"3 minutos\" \/>\n<script type=\"application\/ld+json\" class=\"yoast-schema-graph\">{\"@context\":\"https:\/\/schema.org\",\"@graph\":[{\"@type\":\"Article\",\"@id\":\"http:\/\/elregionalvm.com.ar\/noticias-villa-maria\/candidatos-as-a-intendente-presentaron-propuestas-para-el-sector-productivo-de-la-ciudad\/#article\",\"isPartOf\":{\"@id\":\"http:\/\/elregionalvm.com.ar\/noticias-villa-maria\/candidatos-as-a-intendente-presentaron-propuestas-para-el-sector-productivo-de-la-ciudad\/\"},\"author\":{\"name\":\"Contenidos El Regional\",\"@id\":\"http:\/\/elregionalvm.com.ar\/noticias-villa-maria\/#\/schema\/person\/a0fb9c422317faca23d50163151bc354\"},\"headline\":\"Candidatos\/as a intendente presentaron propuestas para el sector productivo de la ciudad\",\"datePublished\":\"2023-09-14T23:03:49+00:00\",\"dateModified\":\"2023-09-15T01:55:12+00:00\",\"mainEntityOfPage\":{\"@id\":\"http:\/\/elregionalvm.com.ar\/noticias-villa-maria\/candidatos-as-a-intendente-presentaron-propuestas-para-el-sector-productivo-de-la-ciudad\/\"},\"wordCount\":692,\"commentCount\":0,\"image\":{\"@id\":\"http:\/\/elregionalvm.com.ar\/noticias-villa-maria\/candidatos-as-a-intendente-presentaron-propuestas-para-el-sector-productivo-de-la-ciudad\/#primaryimage\"},\"thumbnailUrl\":\"https:\/\/i0.wp.com\/elregionalvm.com.ar\/noticias-villa-maria\/wp-content\/uploads\/2023\/09\/WhatsApp-Image-2023-09-13-at-21.55.11.jpeg?fit=1024%2C768&ssl=1\",\"articleSection\":[\"Sociedad\",\"Villa Mar\u00eda\"],\"inLanguage\":\"es\",\"potentialAction\":[{\"@type\":\"CommentAction\",\"name\":\"Comment\",\"target\":[\"http:\/\/elregionalvm.com.ar\/noticias-villa-maria\/candidatos-as-a-intendente-presentaron-propuestas-para-el-sector-productivo-de-la-ciudad\/#respond\"]}]},{\"@type\":\"WebPage\",\"@id\":\"http:\/\/elregionalvm.com.ar\/noticias-villa-maria\/candidatos-as-a-intendente-presentaron-propuestas-para-el-sector-productivo-de-la-ciudad\/\",\"url\":\"http:\/\/elregionalvm.com.ar\/noticias-villa-maria\/candidatos-as-a-intendente-presentaron-propuestas-para-el-sector-productivo-de-la-ciudad\/\",\"name\":\"Candidatos\/as a intendente presentaron propuestas para el sector productivo de la ciudad - El Regional\",\"isPartOf\":{\"@id\":\"http:\/\/elregionalvm.com.ar\/noticias-villa-maria\/#website\"},\"primaryImageOfPage\":{\"@id\":\"http:\/\/elregionalvm.com.ar\/noticias-villa-maria\/candidatos-as-a-intendente-presentaron-propuestas-para-el-sector-productivo-de-la-ciudad\/#primaryimage\"},\"image\":{\"@id\":\"http:\/\/elregionalvm.com.ar\/noticias-villa-maria\/candidatos-as-a-intendente-presentaron-propuestas-para-el-sector-productivo-de-la-ciudad\/#primaryimage\"},\"thumbnailUrl\":\"https:\/\/i0.wp.com\/elregionalvm.com.ar\/noticias-villa-maria\/wp-content\/uploads\/2023\/09\/WhatsApp-Image-2023-09-13-at-21.55.11.jpeg?fit=1024%2C768&ssl=1\",\"datePublished\":\"2023-09-14T23:03:49+00:00\",\"dateModified\":\"2023-09-15T01:55:12+00:00\",\"author\":{\"@id\":\"http:\/\/elregionalvm.com.ar\/noticias-villa-maria\/#\/schema\/person\/a0fb9c422317faca23d50163151bc354\"},\"breadcrumb\":{\"@id\":\"http:\/\/elregionalvm.com.ar\/noticias-villa-maria\/candidatos-as-a-intendente-presentaron-propuestas-para-el-sector-productivo-de-la-ciudad\/#breadcrumb\"},\"inLanguage\":\"es\",\"potentialAction\":[{\"@type\":\"ReadAction\",\"target\":[\"http:\/\/elregionalvm.com.ar\/noticias-villa-maria\/candidatos-as-a-intendente-presentaron-propuestas-para-el-sector-productivo-de-la-ciudad\/\"]}]},{\"@type\":\"ImageObject\",\"inLanguage\":\"es\",\"@id\":\"http:\/\/elregionalvm.com.ar\/noticias-villa-maria\/candidatos-as-a-intendente-presentaron-propuestas-para-el-sector-productivo-de-la-ciudad\/#primaryimage\",\"url\":\"https:\/\/i0.wp.com\/elregionalvm.com.ar\/noticias-villa-maria\/wp-content\/uploads\/2023\/09\/WhatsApp-Image-2023-09-13-at-21.55.11.jpeg?fit=1024%2C768&ssl=1\",\"contentUrl\":\"https:\/\/i0.wp.com\/elregionalvm.com.ar\/noticias-villa-maria\/wp-content\/uploads\/2023\/09\/WhatsApp-Image-2023-09-13-at-21.55.11.jpeg?fit=1024%2C768&ssl=1\",\"width\":1024,\"height\":768},{\"@type\":\"BreadcrumbList\",\"@id\":\"http:\/\/elregionalvm.com.ar\/noticias-villa-maria\/candidatos-as-a-intendente-presentaron-propuestas-para-el-sector-productivo-de-la-ciudad\/#breadcrumb\",\"itemListElement\":[{\"@type\":\"ListItem\",\"position\":1,\"name\":\"Portada\",\"item\":\"https:\/\/elregionalvm.com.ar\/noticias-villa-maria\/\"},{\"@type\":\"ListItem\",\"position\":2,\"name\":\"Candidatos\/as a intendente presentaron propuestas para el sector productivo de la ciudad\"}]},{\"@type\":\"WebSite\",\"@id\":\"http:\/\/elregionalvm.com.ar\/noticias-villa-maria\/#website\",\"url\":\"http:\/\/elregionalvm.com.ar\/noticias-villa-maria\/\",\"name\":\"El Regional\",\"description\":\"Mucho m\u00e1s que informaci\u00f3n\",\"potentialAction\":[{\"@type\":\"SearchAction\",\"target\":{\"@type\":\"EntryPoint\",\"urlTemplate\":\"http:\/\/elregionalvm.com.ar\/noticias-villa-maria\/?s={search_term_string}\"},\"query-input\":{\"@type\":\"PropertyValueSpecification\",\"valueRequired\":true,\"valueName\":\"search_term_string\"}}],\"inLanguage\":\"es\"},{\"@type\":\"Person\",\"@id\":\"http:\/\/elregionalvm.com.ar\/noticias-villa-maria\/#\/schema\/person\/a0fb9c422317faca23d50163151bc354\",\"name\":\"Contenidos El Regional\",\"image\":{\"@type\":\"ImageObject\",\"inLanguage\":\"es\",\"@id\":\"http:\/\/elregionalvm.com.ar\/noticias-villa-maria\/#\/schema\/person\/image\/\",\"url\":\"https:\/\/secure.gravatar.com\/avatar\/265b27cb2209af7bb3a1318f03305787d7981a5cc6e6cd08fe5a4ecdf99d4b48?s=96&d=mm&r=g\",\"contentUrl\":\"https:\/\/secure.gravatar.com\/avatar\/265b27cb2209af7bb3a1318f03305787d7981a5cc6e6cd08fe5a4ecdf99d4b48?s=96&d=mm&r=g\",\"caption\":\"Contenidos El Regional\"},\"url\":\"https:\/\/elregionalvm.com.ar\/noticias-villa-maria\/author\/contenido\/\"}]}<\/script>\n<!-- \/ Yoast SEO plugin. -->","yoast_head_json":{"title":"Candidatos\/as a intendente presentaron propuestas para el sector productivo de la ciudad - El Regional","robots":{"index":"index","follow":"follow","max-snippet":"max-snippet:-1","max-image-preview":"max-image-preview:large","max-video-preview":"max-video-preview:-1"},"canonical":"http:\/\/elregionalvm.com.ar\/noticias-villa-maria\/candidatos-as-a-intendente-presentaron-propuestas-para-el-sector-productivo-de-la-ciudad\/","og_locale":"es_ES","og_type":"article","og_title":"Candidatos\/as a intendente presentaron propuestas para el sector productivo de la ciudad - El Regional","og_description":"Entre ellas se destacan la reducci\u00f3n y eliminaci\u00f3n de tasas distorsivas y laampliaci\u00f3n de zonas industriales. Asimismo, plantearon la necesidad deltrabajo conjunto entre el sector p\u00fablico y privado. El encuentro fue realizadoen la Asociaci\u00f3n de Empresarios de la Regi\u00f3n Centro Argentino (AERCA) almediod\u00eda. Los\/as candidatos\/as a intendente presentaron hoy las propuestas para elsector productivo de [&hellip;]","og_url":"http:\/\/elregionalvm.com.ar\/noticias-villa-maria\/candidatos-as-a-intendente-presentaron-propuestas-para-el-sector-productivo-de-la-ciudad\/","og_site_name":"El Regional","article_publisher":"https:\/\/www.facebook.com\/elregionalvm","article_published_time":"2023-09-14T23:03:49+00:00","article_modified_time":"2023-09-15T01:55:12+00:00","og_image":[{"width":1024,"height":768,"url":"http:\/\/elregionalvm.com.ar\/noticias-villa-maria\/wp-content\/uploads\/2023\/09\/WhatsApp-Image-2023-09-13-at-21.55.11.jpeg","type":"image\/jpeg"}],"author":"Contenidos El Regional","twitter_card":"summary_large_image","twitter_creator":"@elregionalvm1","twitter_site":"@elregionalvm1","twitter_misc":{"Escrito por":"Contenidos El Regional","Tiempo de lectura":"3 minutos"},"schema":{"@context":"https:\/\/schema.org","@graph":[{"@type":"Article","@id":"http:\/\/elregionalvm.com.ar\/noticias-villa-maria\/candidatos-as-a-intendente-presentaron-propuestas-para-el-sector-productivo-de-la-ciudad\/#article","isPartOf":{"@id":"http:\/\/elregionalvm.com.ar\/noticias-villa-maria\/candidatos-as-a-intendente-presentaron-propuestas-para-el-sector-productivo-de-la-ciudad\/"},"author":{"name":"Contenidos El Regional","@id":"http:\/\/elregionalvm.com.ar\/noticias-villa-maria\/#\/schema\/person\/a0fb9c422317faca23d50163151bc354"},"headline":"Candidatos\/as a intendente presentaron propuestas para el sector productivo de la ciudad","datePublished":"2023-09-14T23:03:49+00:00","dateModified":"2023-09-15T01:55:12+00:00","mainEntityOfPage":{"@id":"http:\/\/elregionalvm.com.ar\/noticias-villa-maria\/candidatos-as-a-intendente-presentaron-propuestas-para-el-sector-productivo-de-la-ciudad\/"},"wordCount":692,"commentCount":0,"image":{"@id":"http:\/\/elregionalvm.com.ar\/noticias-villa-maria\/candidatos-as-a-intendente-presentaron-propuestas-para-el-sector-productivo-de-la-ciudad\/#primaryimage"},"thumbnailUrl":"https:\/\/i0.wp.com\/elregionalvm.com.ar\/noticias-villa-maria\/wp-content\/uploads\/2023\/09\/WhatsApp-Image-2023-09-13-at-21.55.11.jpeg?fit=1024%2C768&ssl=1","articleSection":["Sociedad","Villa Mar\u00eda"],"inLanguage":"es","potentialAction":[{"@type":"CommentAction","name":"Comment","target":["http:\/\/elregionalvm.com.ar\/noticias-villa-maria\/candidatos-as-a-intendente-presentaron-propuestas-para-el-sector-productivo-de-la-ciudad\/#respond"]}]},{"@type":"WebPage","@id":"http:\/\/elregionalvm.com.ar\/noticias-villa-maria\/candidatos-as-a-intendente-presentaron-propuestas-para-el-sector-productivo-de-la-ciudad\/","url":"http:\/\/elregionalvm.com.ar\/noticias-villa-maria\/candidatos-as-a-intendente-presentaron-propuestas-para-el-sector-productivo-de-la-ciudad\/","name":"Candidatos\/as a intendente presentaron propuestas para el sector productivo de la ciudad - El Regional","isPartOf":{"@id":"http:\/\/elregionalvm.com.ar\/noticias-villa-maria\/#website"},"primaryImageOfPage":{"@id":"http:\/\/elregionalvm.com.ar\/noticias-villa-maria\/candidatos-as-a-intendente-presentaron-propuestas-para-el-sector-productivo-de-la-ciudad\/#primaryimage"},"image":{"@id":"http:\/\/elregionalvm.com.ar\/noticias-villa-maria\/candidatos-as-a-intendente-presentaron-propuestas-para-el-sector-productivo-de-la-ciudad\/#primaryimage"},"thumbnailUrl":"https:\/\/i0.wp.com\/elregionalvm.com.ar\/noticias-villa-maria\/wp-content\/uploads\/2023\/09\/WhatsApp-Image-2023-09-13-at-21.55.11.jpeg?fit=1024%2C768&ssl=1","datePublished":"2023-09-14T23:03:49+00:00","dateModified":"2023-09-15T01:55:12+00:00","author":{"@id":"http:\/\/elregionalvm.com.ar\/noticias-villa-maria\/#\/schema\/person\/a0fb9c422317faca23d50163151bc354"},"breadcrumb":{"@id":"http:\/\/elregionalvm.com.ar\/noticias-villa-maria\/candidatos-as-a-intendente-presentaron-propuestas-para-el-sector-productivo-de-la-ciudad\/#breadcrumb"},"inLanguage":"es","potentialAction":[{"@type":"ReadAction","target":["http:\/\/elregionalvm.com.ar\/noticias-villa-maria\/candidatos-as-a-intendente-presentaron-propuestas-para-el-sector-productivo-de-la-ciudad\/"]}]},{"@type":"ImageObject","inLanguage":"es","@id":"http:\/\/elregionalvm.com.ar\/noticias-villa-maria\/candidatos-as-a-intendente-presentaron-propuestas-para-el-sector-productivo-de-la-ciudad\/#primaryimage","url":"https:\/\/i0.wp.com\/elregionalvm.com.ar\/noticias-villa-maria\/wp-content\/uploads\/2023\/09\/WhatsApp-Image-2023-09-13-at-21.55.11.jpeg?fit=1024%2C768&ssl=1","contentUrl":"https:\/\/i0.wp.com\/elregionalvm.com.ar\/noticias-villa-maria\/wp-content\/uploads\/2023\/09\/WhatsApp-Image-2023-09-13-at-21.55.11.jpeg?fit=1024%2C768&ssl=1","width":1024,"height":768},{"@type":"BreadcrumbList","@id":"http:\/\/elregionalvm.com.ar\/noticias-villa-maria\/candidatos-as-a-intendente-presentaron-propuestas-para-el-sector-productivo-de-la-ciudad\/#breadcrumb","itemListElement":[{"@type":"ListItem","position":1,"name":"Portada","item":"https:\/\/elregionalvm.com.ar\/noticias-villa-maria\/"},{"@type":"ListItem","position":2,"name":"Candidatos\/as a intendente presentaron propuestas para el sector productivo de la ciudad"}]},{"@type":"WebSite","@id":"http:\/\/elregionalvm.com.ar\/noticias-villa-maria\/#website","url":"http:\/\/elregionalvm.com.ar\/noticias-villa-maria\/","name":"El Regional","description":"Mucho m\u00e1s que informaci\u00f3n","potentialAction":[{"@type":"SearchAction","target":{"@type":"EntryPoint","urlTemplate":"http:\/\/elregionalvm.com.ar\/noticias-villa-maria\/?s={search_term_string}"},"query-input":{"@type":"PropertyValueSpecification","valueRequired":true,"valueName":"search_term_string"}}],"inLanguage":"es"},{"@type":"Person","@id":"http:\/\/elregionalvm.com.ar\/noticias-villa-maria\/#\/schema\/person\/a0fb9c422317faca23d50163151bc354","name":"Contenidos El Regional","image":{"@type":"ImageObject","inLanguage":"es","@id":"http:\/\/elregionalvm.com.ar\/noticias-villa-maria\/#\/schema\/person\/image\/","url":"https:\/\/secure.gravatar.com\/avatar\/265b27cb2209af7bb3a1318f03305787d7981a5cc6e6cd08fe5a4ecdf99d4b48?s=96&d=mm&r=g","contentUrl":"https:\/\/secure.gravatar.com\/avatar\/265b27cb2209af7bb3a1318f03305787d7981a5cc6e6cd08fe5a4ecdf99d4b48?s=96&d=mm&r=g","caption":"Contenidos El Regional"},"url":"https:\/\/elregionalvm.com.ar\/noticias-villa-maria\/author\/contenido\/"}]}},"jetpack_featured_media_url":"https:\/\/i0.wp.com\/elregionalvm.com.ar\/noticias-villa-maria\/wp-content\/uploads\/2023\/09\/WhatsApp-Image-2023-09-13-at-21.55.11.jpeg?fit=1024%2C768&ssl=1","jetpack_sharing_enabled":true,"_links":{"self":[{"href":"https:\/\/elregionalvm.com.ar\/noticias-villa-maria\/wp-json\/wp\/v2\/posts\/82602","targetHints":{"allow":["GET"]}}],"collection":[{"href":"https:\/\/elregionalvm.com.ar\/noticias-villa-maria\/wp-json\/wp\/v2\/posts"}],"about":[{"href":"https:\/\/elregionalvm.com.ar\/noticias-villa-maria\/wp-json\/wp\/v2\/types\/post"}],"author":[{"embeddable":true,"href":"https:\/\/elregionalvm.com.ar\/noticias-villa-maria\/wp-json\/wp\/v2\/users\/4"}],"replies":[{"embeddable":true,"href":"https:\/\/elregionalvm.com.ar\/noticias-villa-maria\/wp-json\/wp\/v2\/comments?post=82602"}],"version-history":[{"count":1,"href":"https:\/\/elregionalvm.com.ar\/noticias-villa-maria\/wp-json\/wp\/v2\/posts\/82602\/revisions"}],"predecessor-version":[{"id":82603,"href":"https:\/\/elregionalvm.com.ar\/noticias-villa-maria\/wp-json\/wp\/v2\/posts\/82602\/revisions\/82603"}],"wp:featuredmedia":[{"embeddable":true,"href":"https:\/\/elregionalvm.com.ar\/noticias-villa-maria\/wp-json\/wp\/v2\/media\/82604"}],"wp:attachment":[{"href":"https:\/\/elregionalvm.com.ar\/noticias-villa-maria\/wp-json\/wp\/v2\/media?parent=82602"}],"wp:term":[{"taxonomy":"category","embeddable":true,"href":"https:\/\/elregionalvm.com.ar\/noticias-villa-maria\/wp-json\/wp\/v2\/categories?post=82602"},{"taxonomy":"post_tag","embeddable":true,"href":"https:\/\/elregionalvm.com.ar\/noticias-villa-maria\/wp-json\/wp\/v2\/tags?post=82602"}],"curies":[{"name":"wp","href":"https:\/\/api.w.org\/{rel}","templated":true}]}}