{"id":82608,"date":"2023-09-14T23:11:05","date_gmt":"2023-09-14T23:11:05","guid":{"rendered":"https:\/\/elregionalvm.com.ar\/noticias-villa-maria\/?p=82608"},"modified":"2023-09-15T02:05:28","modified_gmt":"2023-09-15T02:05:28","slug":"el-programa-municipal-mis-primeros-libros-festejo-su-primer-aniversario","status":"publish","type":"post","link":"https:\/\/elregionalvm.com.ar\/noticias-villa-maria\/el-programa-municipal-mis-primeros-libros-festejo-su-primer-aniversario\/","title":{"rendered":"El programa municipal Mis Primeros Libros festej\u00f3 su primer aniversario"},"content":{"rendered":"\n<p>La literatura, la m\u00fasica y la imaginaci\u00f3n colmaron las instalaciones del Centro Comunitario de Inclusi\u00f3n Integral, donde el municipio festej\u00f3 el primer aniversario del Programa Mis Primeros Libros, mediante la entrega de la biblioteca infantil n\u00famero 1.000 a ni\u00f1os y ni\u00f1as nacidos durante el \u00faltimo a\u00f1o en la ciudad. <\/p>\n\n\n\n<p>Con gran alegr\u00eda, el intendente Martin Gill a la par de autoridades municipales, recibieron a familias que se acercaron junto a sus peque\u00f1os para compartir el c\u00e9lebre momento, en el marco de la iniciativa que posiciona a Villa Mar\u00eda como pionera en todo el pa\u00eds al facilitar el acceso temprano a la lectura desde los primeros d\u00edas de vida.<\/p>\n\n\n\n<figure class=\"wp-block-image size-large\"><img data-recalc-dims=\"1\" fetchpriority=\"high\" decoding=\"async\" width=\"1024\" height=\"682\" src=\"https:\/\/i0.wp.com\/elregionalvm.com.ar\/noticias-villa-maria\/wp-content\/uploads\/2023\/09\/WhatsApp-Image-2023-09-14-at-13.04.42.jpeg?resize=1024%2C682&#038;ssl=1\" alt=\"\" class=\"wp-image-82610\" srcset=\"https:\/\/i0.wp.com\/elregionalvm.com.ar\/noticias-villa-maria\/wp-content\/uploads\/2023\/09\/WhatsApp-Image-2023-09-14-at-13.04.42.jpeg?resize=1024%2C682&amp;ssl=1 1024w, https:\/\/i0.wp.com\/elregionalvm.com.ar\/noticias-villa-maria\/wp-content\/uploads\/2023\/09\/WhatsApp-Image-2023-09-14-at-13.04.42.jpeg?resize=300%2C200&amp;ssl=1 300w, https:\/\/i0.wp.com\/elregionalvm.com.ar\/noticias-villa-maria\/wp-content\/uploads\/2023\/09\/WhatsApp-Image-2023-09-14-at-13.04.42.jpeg?resize=768%2C512&amp;ssl=1 768w, https:\/\/i0.wp.com\/elregionalvm.com.ar\/noticias-villa-maria\/wp-content\/uploads\/2023\/09\/WhatsApp-Image-2023-09-14-at-13.04.42.jpeg?w=1280&amp;ssl=1 1280w\" sizes=\"(max-width: 1000px) 100vw, 1000px\" \/><\/figure>\n\n\n\n<p>En este marco, la instituci\u00f3n de barrio Evita recibi\u00f3 a los peque\u00f1os invitados al comp\u00e1s de dulces melod\u00edas que se entrelazaron con atrapantes historias y relatos, interpretadas por talleristas del programa. <\/p>\n\n\n\n<p>De esta manera, los ni\u00f1os junto a sus pap\u00e1s fueron invitados a vivir una experiencia literaria y sensorial, enfatizando la importancia de generar este tipo de instancias durante la temprana edad.<\/p>\n\n\n\n<p>Al tomar la palabra, el jefe comunal expres\u00f3: \u201cHoy estamos festejando el primer aniversario de un programa \u00fanico en el pa\u00eds, cargado de simbolismo y transformaci\u00f3n real, porque estamos convencidos que el acceso a la lectura es un derecho y tambi\u00e9n un acto de amor\u201d. <\/p>\n\n\n\n<p>En esta l\u00ednea, asegur\u00f3 que \u201cse trata de un bautismo cultural que alcanza a los ni\u00f1os de todos los barrios sin diferencias, apostando a la educaci\u00f3n y a la cultura\u201d.<\/p>\n\n\n\n<p>Tambi\u00e9n, brind\u00f3 su testimonio Magal\u00ed, mam\u00e1 de uno de los peque\u00f1os, quien agradeci\u00f3 al municipio \u201cla posibilidad de contar con espacios que permiten la contenci\u00f3n de nuestros chicos y el acceso a much\u00edsimas herramientas, talleres, propuestas y actividades de aprendizaje\u201d. <\/p>\n\n\n\n<p>En este sentido, se\u00f1al\u00f3 que vive en barrio Evita junto a sus cinco hijos que hacen uso del Centro Comunitario y son socios de la sede de la Biblioteca Municipal que all\u00ed se radica. \u201cDisfrutan mucho de venir, porque a los m\u00e1s chicos les encantan los cuentos infantiles e historietas, y a mi hija m\u00e1s grande las novelas; tienen un gran h\u00e1bito de lectura\u201d, enfatiz\u00f3.<\/p>\n\n\n\n<figure class=\"wp-block-image size-large\"><img data-recalc-dims=\"1\" decoding=\"async\" width=\"1024\" height=\"682\" src=\"https:\/\/i0.wp.com\/elregionalvm.com.ar\/noticias-villa-maria\/wp-content\/uploads\/2023\/09\/WhatsApp-Image-2023-09-14-at-13.04.41.jpeg?resize=1024%2C682&#038;ssl=1\" alt=\"\" class=\"wp-image-82611\" srcset=\"https:\/\/i0.wp.com\/elregionalvm.com.ar\/noticias-villa-maria\/wp-content\/uploads\/2023\/09\/WhatsApp-Image-2023-09-14-at-13.04.41.jpeg?resize=1024%2C682&amp;ssl=1 1024w, https:\/\/i0.wp.com\/elregionalvm.com.ar\/noticias-villa-maria\/wp-content\/uploads\/2023\/09\/WhatsApp-Image-2023-09-14-at-13.04.41.jpeg?resize=300%2C200&amp;ssl=1 300w, https:\/\/i0.wp.com\/elregionalvm.com.ar\/noticias-villa-maria\/wp-content\/uploads\/2023\/09\/WhatsApp-Image-2023-09-14-at-13.04.41.jpeg?resize=768%2C512&amp;ssl=1 768w, https:\/\/i0.wp.com\/elregionalvm.com.ar\/noticias-villa-maria\/wp-content\/uploads\/2023\/09\/WhatsApp-Image-2023-09-14-at-13.04.41.jpeg?w=1280&amp;ssl=1 1280w\" sizes=\"(max-width: 1000px) 100vw, 1000px\" \/><\/figure>\n\n\n\n<p>De modo seguido, el intendente a la par de la directora de la Biblioteca Municipal y Popular Mariano Moreno, Anabella Gill, el director de Eduvim, Carlos Gazzera, y funcionarios del municipio, otorgaron las bibliotecas a las familias presentes, alcanzando y superando las mil entregas consumadas. Es as\u00ed que los peque\u00f1os Valentino, Yasm\u00edn, Liam, Vicentino y Ulises recibieron sus primeros libros, junto al carnet de socio de la Medioteca y una manta de apego.<\/p>\n\n\n\n<p>En este orden, cada vez que los ni\u00f1os asistan a recibir sus vacunas programadas a los Centros de Atenci\u00f3n Primaria de la Salud (CAPS), se les proporcionar\u00e1n nuevos t\u00edtulos para enriquecer su biblioteca. <\/p>\n\n\n\n<p>Este proceso se mantendr\u00e1 durante todo el ciclo de vacunaci\u00f3n, culminando con la entrega de siete libros y un rompecabezas cuando alcancen los 15 meses de edad.<\/p>\n\n\n\n<p>Es oportuno recordar que la iniciativa implementada a trav\u00e9s del Programa de Desarrollo Integrado, est\u00e1 dirigida a reci\u00e9n nacidos, quienes al ser registrados al momento de su nacimiento, reciben junto a su DNI el carnet de socio de la Biblioteca. <\/p>\n\n\n\n<p>Durante los primeros 15 d\u00edas de vida, el Bibliom\u00f3vil visita el hogar de cada beb\u00e9 para brindar informaci\u00f3n a las familias sobre la importancia de la lectura y la adquisici\u00f3n del lenguaje, los derechos de la ni\u00f1ez y sus implicancias, as\u00ed como la importancia de cumplir con el calendario oficial de vacunas. <\/p>\n\n\n\n<p>En esta visita, se entrega una peque\u00f1a biblioteca que las familias podr\u00e1n ir ampliando con nuevos libros a medida que sus hijos cumplan con el calendario de vacunaci\u00f3n.<\/p>\n\n\n\n<p>Del acto, tambi\u00e9n formaron parte el Jefe de Gabinete, H\u00e9ctor Mu\u00f1oz, junto al secretario de Planeamiento, Relaciones Institucionales y V\u00ednculos Comunitarios, Otto Wester; su par de Educaci\u00f3n, Cultura y Promoci\u00f3n de la Ciencia, Rafael Sachetto, y la titular de la cartera de Inclusi\u00f3n Social y Territorio, Celeste Curetti. Adem\u00e1s, acompa\u00f1aron miembros de la Biblioteca, talleristas y familias.<\/p>\n","protected":false},"excerpt":{"rendered":"<p>La literatura, la m\u00fasica y la imaginaci\u00f3n colmaron las instalaciones del Centro Comunitario de Inclusi\u00f3n Integral, donde el municipio festej\u00f3 el primer aniversario del Programa Mis Primeros Libros, mediante la entrega de la biblioteca infantil n\u00famero 1.000 a ni\u00f1os y ni\u00f1as nacidos durante el \u00faltimo a\u00f1o en la ciudad. Con gran alegr\u00eda, el intendente Martin [&hellip;]<\/p>\n","protected":false},"author":4,"featured_media":82609,"comment_status":"open","ping_status":"open","sticky":false,"template":"","format":"standard","meta":{"site-sidebar-layout":"default","site-content-layout":"","ast-site-content-layout":"default","site-content-style":"default","site-sidebar-style":"default","ast-global-header-display":"","ast-banner-title-visibility":"","ast-main-header-display":"","ast-hfb-above-header-display":"","ast-hfb-below-header-display":"","ast-hfb-mobile-header-display":"","site-post-title":"","ast-breadcrumbs-content":"","ast-featured-img":"","footer-sml-layout":"","ast-disable-related-posts":"","theme-transparent-header-meta":"","adv-header-id-meta":"","stick-header-meta":"","header-above-stick-meta":"","header-main-stick-meta":"","header-below-stick-meta":"","astra-migrate-meta-layouts":"set","ast-page-background-enabled":"default","ast-page-background-meta":{"desktop":{"background-color":"","background-image":"","background-repeat":"repeat","background-position":"center center","background-size":"auto","background-attachment":"scroll","background-type":"","background-media":"","overlay-type":"","overlay-color":"","overlay-opacity":"","overlay-gradient":""},"tablet":{"background-color":"","background-image":"","background-repeat":"repeat","background-position":"center center","background-size":"auto","background-attachment":"scroll","background-type":"","background-media":"","overlay-type":"","overlay-color":"","overlay-opacity":"","overlay-gradient":""},"mobile":{"background-color":"","background-image":"","background-repeat":"repeat","background-position":"center center","background-size":"auto","background-attachment":"scroll","background-type":"","background-media":"","overlay-type":"","overlay-color":"","overlay-opacity":"","overlay-gradient":""}},"ast-content-background-meta":{"desktop":{"background-color":"var(--ast-global-color-5)","background-image":"","background-repeat":"repeat","background-position":"center center","background-size":"auto","background-attachment":"scroll","background-type":"","background-media":"","overlay-type":"","overlay-color":"","overlay-opacity":"","overlay-gradient":""},"tablet":{"background-color":"var(--ast-global-color-5)","background-image":"","background-repeat":"repeat","background-position":"center center","background-size":"auto","background-attachment":"scroll","background-type":"","background-media":"","overlay-type":"","overlay-color":"","overlay-opacity":"","overlay-gradient":""},"mobile":{"background-color":"var(--ast-global-color-5)","background-image":"","background-repeat":"repeat","background-position":"center center","background-size":"auto","background-attachment":"scroll","background-type":"","background-media":"","overlay-type":"","overlay-color":"","overlay-opacity":"","overlay-gradient":""}},"_jetpack_memberships_contains_paid_content":false,"_joinchat":[],"footnotes":""},"categories":[15302,5,2],"tags":[],"class_list":["post-82608","post","type-post","status-publish","format-standard","has-post-thumbnail","hentry","category-destacado","category-sociedad","category-villa-maria"],"yoast_head":"<!-- This site is optimized with the Yoast SEO plugin v26.8 - https:\/\/yoast.com\/product\/yoast-seo-wordpress\/ -->\n<title>El programa municipal Mis Primeros Libros festej\u00f3 su primer aniversario - El Regional<\/title>\n<meta name=\"robots\" content=\"index, follow, max-snippet:-1, max-image-preview:large, max-video-preview:-1\" \/>\n<link rel=\"canonical\" href=\"http:\/\/elregionalvm.com.ar\/noticias-villa-maria\/el-programa-municipal-mis-primeros-libros-festejo-su-primer-aniversario\/\" \/>\n<meta property=\"og:locale\" content=\"es_ES\" \/>\n<meta property=\"og:type\" content=\"article\" \/>\n<meta property=\"og:title\" content=\"El programa municipal Mis Primeros Libros festej\u00f3 su primer aniversario - El Regional\" \/>\n<meta property=\"og:description\" content=\"La literatura, la m\u00fasica y la imaginaci\u00f3n colmaron las instalaciones del Centro Comunitario de Inclusi\u00f3n Integral, donde el municipio festej\u00f3 el primer aniversario del Programa Mis Primeros Libros, mediante la entrega de la biblioteca infantil n\u00famero 1.000 a ni\u00f1os y ni\u00f1as nacidos durante el \u00faltimo a\u00f1o en la ciudad. Con gran alegr\u00eda, el intendente Martin [&hellip;]\" \/>\n<meta property=\"og:url\" content=\"http:\/\/elregionalvm.com.ar\/noticias-villa-maria\/el-programa-municipal-mis-primeros-libros-festejo-su-primer-aniversario\/\" \/>\n<meta property=\"og:site_name\" content=\"El Regional\" \/>\n<meta property=\"article:publisher\" content=\"https:\/\/www.facebook.com\/elregionalvm\" \/>\n<meta property=\"article:published_time\" content=\"2023-09-14T23:11:05+00:00\" \/>\n<meta property=\"article:modified_time\" content=\"2023-09-15T02:05:28+00:00\" \/>\n<meta property=\"og:image\" content=\"http:\/\/elregionalvm.com.ar\/noticias-villa-maria\/wp-content\/uploads\/2023\/09\/WhatsApp-Image-2023-09-14-at-13.04.43.jpeg\" \/>\n\t<meta property=\"og:image:width\" content=\"1280\" \/>\n\t<meta property=\"og:image:height\" content=\"853\" \/>\n\t<meta property=\"og:image:type\" content=\"image\/jpeg\" \/>\n<meta name=\"author\" content=\"Contenidos El Regional\" \/>\n<meta name=\"twitter:card\" content=\"summary_large_image\" \/>\n<meta name=\"twitter:creator\" content=\"@elregionalvm1\" \/>\n<meta name=\"twitter:site\" content=\"@elregionalvm1\" \/>\n<meta name=\"twitter:label1\" content=\"Escrito por\" \/>\n\t<meta name=\"twitter:data1\" content=\"Contenidos El Regional\" \/>\n\t<meta name=\"twitter:label2\" content=\"Tiempo de lectura\" \/>\n\t<meta name=\"twitter:data2\" content=\"4 minutos\" \/>\n<script type=\"application\/ld+json\" class=\"yoast-schema-graph\">{\"@context\":\"https:\/\/schema.org\",\"@graph\":[{\"@type\":\"Article\",\"@id\":\"http:\/\/elregionalvm.com.ar\/noticias-villa-maria\/el-programa-municipal-mis-primeros-libros-festejo-su-primer-aniversario\/#article\",\"isPartOf\":{\"@id\":\"http:\/\/elregionalvm.com.ar\/noticias-villa-maria\/el-programa-municipal-mis-primeros-libros-festejo-su-primer-aniversario\/\"},\"author\":{\"name\":\"Contenidos El Regional\",\"@id\":\"http:\/\/elregionalvm.com.ar\/noticias-villa-maria\/#\/schema\/person\/a0fb9c422317faca23d50163151bc354\"},\"headline\":\"El programa municipal Mis Primeros Libros festej\u00f3 su primer aniversario\",\"datePublished\":\"2023-09-14T23:11:05+00:00\",\"dateModified\":\"2023-09-15T02:05:28+00:00\",\"mainEntityOfPage\":{\"@id\":\"http:\/\/elregionalvm.com.ar\/noticias-villa-maria\/el-programa-municipal-mis-primeros-libros-festejo-su-primer-aniversario\/\"},\"wordCount\":726,\"commentCount\":0,\"image\":{\"@id\":\"http:\/\/elregionalvm.com.ar\/noticias-villa-maria\/el-programa-municipal-mis-primeros-libros-festejo-su-primer-aniversario\/#primaryimage\"},\"thumbnailUrl\":\"https:\/\/i0.wp.com\/elregionalvm.com.ar\/noticias-villa-maria\/wp-content\/uploads\/2023\/09\/WhatsApp-Image-2023-09-14-at-13.04.43.jpeg?fit=1280%2C853&ssl=1\",\"articleSection\":[\"destacado\",\"Sociedad\",\"Villa Mar\u00eda\"],\"inLanguage\":\"es\",\"potentialAction\":[{\"@type\":\"CommentAction\",\"name\":\"Comment\",\"target\":[\"http:\/\/elregionalvm.com.ar\/noticias-villa-maria\/el-programa-municipal-mis-primeros-libros-festejo-su-primer-aniversario\/#respond\"]}]},{\"@type\":\"WebPage\",\"@id\":\"http:\/\/elregionalvm.com.ar\/noticias-villa-maria\/el-programa-municipal-mis-primeros-libros-festejo-su-primer-aniversario\/\",\"url\":\"http:\/\/elregionalvm.com.ar\/noticias-villa-maria\/el-programa-municipal-mis-primeros-libros-festejo-su-primer-aniversario\/\",\"name\":\"El programa municipal Mis Primeros Libros festej\u00f3 su primer aniversario - El Regional\",\"isPartOf\":{\"@id\":\"http:\/\/elregionalvm.com.ar\/noticias-villa-maria\/#website\"},\"primaryImageOfPage\":{\"@id\":\"http:\/\/elregionalvm.com.ar\/noticias-villa-maria\/el-programa-municipal-mis-primeros-libros-festejo-su-primer-aniversario\/#primaryimage\"},\"image\":{\"@id\":\"http:\/\/elregionalvm.com.ar\/noticias-villa-maria\/el-programa-municipal-mis-primeros-libros-festejo-su-primer-aniversario\/#primaryimage\"},\"thumbnailUrl\":\"https:\/\/i0.wp.com\/elregionalvm.com.ar\/noticias-villa-maria\/wp-content\/uploads\/2023\/09\/WhatsApp-Image-2023-09-14-at-13.04.43.jpeg?fit=1280%2C853&ssl=1\",\"datePublished\":\"2023-09-14T23:11:05+00:00\",\"dateModified\":\"2023-09-15T02:05:28+00:00\",\"author\":{\"@id\":\"http:\/\/elregionalvm.com.ar\/noticias-villa-maria\/#\/schema\/person\/a0fb9c422317faca23d50163151bc354\"},\"breadcrumb\":{\"@id\":\"http:\/\/elregionalvm.com.ar\/noticias-villa-maria\/el-programa-municipal-mis-primeros-libros-festejo-su-primer-aniversario\/#breadcrumb\"},\"inLanguage\":\"es\",\"potentialAction\":[{\"@type\":\"ReadAction\",\"target\":[\"http:\/\/elregionalvm.com.ar\/noticias-villa-maria\/el-programa-municipal-mis-primeros-libros-festejo-su-primer-aniversario\/\"]}]},{\"@type\":\"ImageObject\",\"inLanguage\":\"es\",\"@id\":\"http:\/\/elregionalvm.com.ar\/noticias-villa-maria\/el-programa-municipal-mis-primeros-libros-festejo-su-primer-aniversario\/#primaryimage\",\"url\":\"https:\/\/i0.wp.com\/elregionalvm.com.ar\/noticias-villa-maria\/wp-content\/uploads\/2023\/09\/WhatsApp-Image-2023-09-14-at-13.04.43.jpeg?fit=1280%2C853&ssl=1\",\"contentUrl\":\"https:\/\/i0.wp.com\/elregionalvm.com.ar\/noticias-villa-maria\/wp-content\/uploads\/2023\/09\/WhatsApp-Image-2023-09-14-at-13.04.43.jpeg?fit=1280%2C853&ssl=1\",\"width\":1280,\"height\":853},{\"@type\":\"BreadcrumbList\",\"@id\":\"http:\/\/elregionalvm.com.ar\/noticias-villa-maria\/el-programa-municipal-mis-primeros-libros-festejo-su-primer-aniversario\/#breadcrumb\",\"itemListElement\":[{\"@type\":\"ListItem\",\"position\":1,\"name\":\"Portada\",\"item\":\"https:\/\/elregionalvm.com.ar\/noticias-villa-maria\/\"},{\"@type\":\"ListItem\",\"position\":2,\"name\":\"El programa municipal Mis Primeros Libros festej\u00f3 su primer aniversario\"}]},{\"@type\":\"WebSite\",\"@id\":\"http:\/\/elregionalvm.com.ar\/noticias-villa-maria\/#website\",\"url\":\"http:\/\/elregionalvm.com.ar\/noticias-villa-maria\/\",\"name\":\"El Regional\",\"description\":\"Mucho m\u00e1s que informaci\u00f3n\",\"potentialAction\":[{\"@type\":\"SearchAction\",\"target\":{\"@type\":\"EntryPoint\",\"urlTemplate\":\"http:\/\/elregionalvm.com.ar\/noticias-villa-maria\/?s={search_term_string}\"},\"query-input\":{\"@type\":\"PropertyValueSpecification\",\"valueRequired\":true,\"valueName\":\"search_term_string\"}}],\"inLanguage\":\"es\"},{\"@type\":\"Person\",\"@id\":\"http:\/\/elregionalvm.com.ar\/noticias-villa-maria\/#\/schema\/person\/a0fb9c422317faca23d50163151bc354\",\"name\":\"Contenidos El Regional\",\"image\":{\"@type\":\"ImageObject\",\"inLanguage\":\"es\",\"@id\":\"http:\/\/elregionalvm.com.ar\/noticias-villa-maria\/#\/schema\/person\/image\/\",\"url\":\"https:\/\/secure.gravatar.com\/avatar\/265b27cb2209af7bb3a1318f03305787d7981a5cc6e6cd08fe5a4ecdf99d4b48?s=96&d=mm&r=g\",\"contentUrl\":\"https:\/\/secure.gravatar.com\/avatar\/265b27cb2209af7bb3a1318f03305787d7981a5cc6e6cd08fe5a4ecdf99d4b48?s=96&d=mm&r=g\",\"caption\":\"Contenidos El Regional\"},\"url\":\"https:\/\/elregionalvm.com.ar\/noticias-villa-maria\/author\/contenido\/\"}]}<\/script>\n<!-- \/ Yoast SEO plugin. -->","yoast_head_json":{"title":"El programa municipal Mis Primeros Libros festej\u00f3 su primer aniversario - El Regional","robots":{"index":"index","follow":"follow","max-snippet":"max-snippet:-1","max-image-preview":"max-image-preview:large","max-video-preview":"max-video-preview:-1"},"canonical":"http:\/\/elregionalvm.com.ar\/noticias-villa-maria\/el-programa-municipal-mis-primeros-libros-festejo-su-primer-aniversario\/","og_locale":"es_ES","og_type":"article","og_title":"El programa municipal Mis Primeros Libros festej\u00f3 su primer aniversario - El Regional","og_description":"La literatura, la m\u00fasica y la imaginaci\u00f3n colmaron las instalaciones del Centro Comunitario de Inclusi\u00f3n Integral, donde el municipio festej\u00f3 el primer aniversario del Programa Mis Primeros Libros, mediante la entrega de la biblioteca infantil n\u00famero 1.000 a ni\u00f1os y ni\u00f1as nacidos durante el \u00faltimo a\u00f1o en la ciudad. Con gran alegr\u00eda, el intendente Martin [&hellip;]","og_url":"http:\/\/elregionalvm.com.ar\/noticias-villa-maria\/el-programa-municipal-mis-primeros-libros-festejo-su-primer-aniversario\/","og_site_name":"El Regional","article_publisher":"https:\/\/www.facebook.com\/elregionalvm","article_published_time":"2023-09-14T23:11:05+00:00","article_modified_time":"2023-09-15T02:05:28+00:00","og_image":[{"width":1280,"height":853,"url":"http:\/\/elregionalvm.com.ar\/noticias-villa-maria\/wp-content\/uploads\/2023\/09\/WhatsApp-Image-2023-09-14-at-13.04.43.jpeg","type":"image\/jpeg"}],"author":"Contenidos El Regional","twitter_card":"summary_large_image","twitter_creator":"@elregionalvm1","twitter_site":"@elregionalvm1","twitter_misc":{"Escrito por":"Contenidos El Regional","Tiempo de lectura":"4 minutos"},"schema":{"@context":"https:\/\/schema.org","@graph":[{"@type":"Article","@id":"http:\/\/elregionalvm.com.ar\/noticias-villa-maria\/el-programa-municipal-mis-primeros-libros-festejo-su-primer-aniversario\/#article","isPartOf":{"@id":"http:\/\/elregionalvm.com.ar\/noticias-villa-maria\/el-programa-municipal-mis-primeros-libros-festejo-su-primer-aniversario\/"},"author":{"name":"Contenidos El Regional","@id":"http:\/\/elregionalvm.com.ar\/noticias-villa-maria\/#\/schema\/person\/a0fb9c422317faca23d50163151bc354"},"headline":"El programa municipal Mis Primeros Libros festej\u00f3 su primer aniversario","datePublished":"2023-09-14T23:11:05+00:00","dateModified":"2023-09-15T02:05:28+00:00","mainEntityOfPage":{"@id":"http:\/\/elregionalvm.com.ar\/noticias-villa-maria\/el-programa-municipal-mis-primeros-libros-festejo-su-primer-aniversario\/"},"wordCount":726,"commentCount":0,"image":{"@id":"http:\/\/elregionalvm.com.ar\/noticias-villa-maria\/el-programa-municipal-mis-primeros-libros-festejo-su-primer-aniversario\/#primaryimage"},"thumbnailUrl":"https:\/\/i0.wp.com\/elregionalvm.com.ar\/noticias-villa-maria\/wp-content\/uploads\/2023\/09\/WhatsApp-Image-2023-09-14-at-13.04.43.jpeg?fit=1280%2C853&ssl=1","articleSection":["destacado","Sociedad","Villa Mar\u00eda"],"inLanguage":"es","potentialAction":[{"@type":"CommentAction","name":"Comment","target":["http:\/\/elregionalvm.com.ar\/noticias-villa-maria\/el-programa-municipal-mis-primeros-libros-festejo-su-primer-aniversario\/#respond"]}]},{"@type":"WebPage","@id":"http:\/\/elregionalvm.com.ar\/noticias-villa-maria\/el-programa-municipal-mis-primeros-libros-festejo-su-primer-aniversario\/","url":"http:\/\/elregionalvm.com.ar\/noticias-villa-maria\/el-programa-municipal-mis-primeros-libros-festejo-su-primer-aniversario\/","name":"El programa municipal Mis Primeros Libros festej\u00f3 su primer aniversario - El Regional","isPartOf":{"@id":"http:\/\/elregionalvm.com.ar\/noticias-villa-maria\/#website"},"primaryImageOfPage":{"@id":"http:\/\/elregionalvm.com.ar\/noticias-villa-maria\/el-programa-municipal-mis-primeros-libros-festejo-su-primer-aniversario\/#primaryimage"},"image":{"@id":"http:\/\/elregionalvm.com.ar\/noticias-villa-maria\/el-programa-municipal-mis-primeros-libros-festejo-su-primer-aniversario\/#primaryimage"},"thumbnailUrl":"https:\/\/i0.wp.com\/elregionalvm.com.ar\/noticias-villa-maria\/wp-content\/uploads\/2023\/09\/WhatsApp-Image-2023-09-14-at-13.04.43.jpeg?fit=1280%2C853&ssl=1","datePublished":"2023-09-14T23:11:05+00:00","dateModified":"2023-09-15T02:05:28+00:00","author":{"@id":"http:\/\/elregionalvm.com.ar\/noticias-villa-maria\/#\/schema\/person\/a0fb9c422317faca23d50163151bc354"},"breadcrumb":{"@id":"http:\/\/elregionalvm.com.ar\/noticias-villa-maria\/el-programa-municipal-mis-primeros-libros-festejo-su-primer-aniversario\/#breadcrumb"},"inLanguage":"es","potentialAction":[{"@type":"ReadAction","target":["http:\/\/elregionalvm.com.ar\/noticias-villa-maria\/el-programa-municipal-mis-primeros-libros-festejo-su-primer-aniversario\/"]}]},{"@type":"ImageObject","inLanguage":"es","@id":"http:\/\/elregionalvm.com.ar\/noticias-villa-maria\/el-programa-municipal-mis-primeros-libros-festejo-su-primer-aniversario\/#primaryimage","url":"https:\/\/i0.wp.com\/elregionalvm.com.ar\/noticias-villa-maria\/wp-content\/uploads\/2023\/09\/WhatsApp-Image-2023-09-14-at-13.04.43.jpeg?fit=1280%2C853&ssl=1","contentUrl":"https:\/\/i0.wp.com\/elregionalvm.com.ar\/noticias-villa-maria\/wp-content\/uploads\/2023\/09\/WhatsApp-Image-2023-09-14-at-13.04.43.jpeg?fit=1280%2C853&ssl=1","width":1280,"height":853},{"@type":"BreadcrumbList","@id":"http:\/\/elregionalvm.com.ar\/noticias-villa-maria\/el-programa-municipal-mis-primeros-libros-festejo-su-primer-aniversario\/#breadcrumb","itemListElement":[{"@type":"ListItem","position":1,"name":"Portada","item":"https:\/\/elregionalvm.com.ar\/noticias-villa-maria\/"},{"@type":"ListItem","position":2,"name":"El programa municipal Mis Primeros Libros festej\u00f3 su primer aniversario"}]},{"@type":"WebSite","@id":"http:\/\/elregionalvm.com.ar\/noticias-villa-maria\/#website","url":"http:\/\/elregionalvm.com.ar\/noticias-villa-maria\/","name":"El Regional","description":"Mucho m\u00e1s que informaci\u00f3n","potentialAction":[{"@type":"SearchAction","target":{"@type":"EntryPoint","urlTemplate":"http:\/\/elregionalvm.com.ar\/noticias-villa-maria\/?s={search_term_string}"},"query-input":{"@type":"PropertyValueSpecification","valueRequired":true,"valueName":"search_term_string"}}],"inLanguage":"es"},{"@type":"Person","@id":"http:\/\/elregionalvm.com.ar\/noticias-villa-maria\/#\/schema\/person\/a0fb9c422317faca23d50163151bc354","name":"Contenidos El Regional","image":{"@type":"ImageObject","inLanguage":"es","@id":"http:\/\/elregionalvm.com.ar\/noticias-villa-maria\/#\/schema\/person\/image\/","url":"https:\/\/secure.gravatar.com\/avatar\/265b27cb2209af7bb3a1318f03305787d7981a5cc6e6cd08fe5a4ecdf99d4b48?s=96&d=mm&r=g","contentUrl":"https:\/\/secure.gravatar.com\/avatar\/265b27cb2209af7bb3a1318f03305787d7981a5cc6e6cd08fe5a4ecdf99d4b48?s=96&d=mm&r=g","caption":"Contenidos El Regional"},"url":"https:\/\/elregionalvm.com.ar\/noticias-villa-maria\/author\/contenido\/"}]}},"jetpack_featured_media_url":"https:\/\/i0.wp.com\/elregionalvm.com.ar\/noticias-villa-maria\/wp-content\/uploads\/2023\/09\/WhatsApp-Image-2023-09-14-at-13.04.43.jpeg?fit=1280%2C853&ssl=1","jetpack_sharing_enabled":true,"_links":{"self":[{"href":"https:\/\/elregionalvm.com.ar\/noticias-villa-maria\/wp-json\/wp\/v2\/posts\/82608","targetHints":{"allow":["GET"]}}],"collection":[{"href":"https:\/\/elregionalvm.com.ar\/noticias-villa-maria\/wp-json\/wp\/v2\/posts"}],"about":[{"href":"https:\/\/elregionalvm.com.ar\/noticias-villa-maria\/wp-json\/wp\/v2\/types\/post"}],"author":[{"embeddable":true,"href":"https:\/\/elregionalvm.com.ar\/noticias-villa-maria\/wp-json\/wp\/v2\/users\/4"}],"replies":[{"embeddable":true,"href":"https:\/\/elregionalvm.com.ar\/noticias-villa-maria\/wp-json\/wp\/v2\/comments?post=82608"}],"version-history":[{"count":1,"href":"https:\/\/elregionalvm.com.ar\/noticias-villa-maria\/wp-json\/wp\/v2\/posts\/82608\/revisions"}],"predecessor-version":[{"id":82612,"href":"https:\/\/elregionalvm.com.ar\/noticias-villa-maria\/wp-json\/wp\/v2\/posts\/82608\/revisions\/82612"}],"wp:featuredmedia":[{"embeddable":true,"href":"https:\/\/elregionalvm.com.ar\/noticias-villa-maria\/wp-json\/wp\/v2\/media\/82609"}],"wp:attachment":[{"href":"https:\/\/elregionalvm.com.ar\/noticias-villa-maria\/wp-json\/wp\/v2\/media?parent=82608"}],"wp:term":[{"taxonomy":"category","embeddable":true,"href":"https:\/\/elregionalvm.com.ar\/noticias-villa-maria\/wp-json\/wp\/v2\/categories?post=82608"},{"taxonomy":"post_tag","embeddable":true,"href":"https:\/\/elregionalvm.com.ar\/noticias-villa-maria\/wp-json\/wp\/v2\/tags?post=82608"}],"curies":[{"name":"wp","href":"https:\/\/api.w.org\/{rel}","templated":true}]}}