{"id":82627,"date":"2023-09-14T23:44:47","date_gmt":"2023-09-14T23:44:47","guid":{"rendered":"https:\/\/elregionalvm.com.ar\/noticias-villa-maria\/?p=82627"},"modified":"2023-09-15T02:06:24","modified_gmt":"2023-09-15T02:06:24","slug":"schiaretti-anuncio-un-aumento-en-el-monto-de-los-creditos-mas-vida-digna","status":"publish","type":"post","link":"https:\/\/elregionalvm.com.ar\/noticias-villa-maria\/schiaretti-anuncio-un-aumento-en-el-monto-de-los-creditos-mas-vida-digna\/","title":{"rendered":"Schiaretti anunci\u00f3 un aumento en el monto de los cr\u00e9ditos M\u00e1s Vida Digna"},"content":{"rendered":"\n<p>Este mi\u00e9rcoles en el Centro C\u00edvico del Bicentenario, el gobernador Juan Schiaretti entreg\u00f3 los segundos desembolsos de 350 cr\u00e9ditos del programa&nbsp;<strong>M\u00e1s Vida Digna&nbsp;<\/strong>(en su segunda edici\u00f3n) a familias de la ciudad de C\u00f3rdoba.&nbsp;Debido a la compleja situaci\u00f3n econ\u00f3mica que atraviesa el pa\u00eds, el mandatario provincial anunci\u00f3 el incremento del monto de la cuota.<\/p>\n\n\n\n<p>Hace unos d\u00edas, el importe hab\u00eda sido elevado a 100 mil pesos. Sin embargo, a causa de la inflaci\u00f3n, hubo un nuevo aumento. \u201c<em>El mi\u00e9rcoles vi el \u00edndice de inflaci\u00f3n y c\u00f3mo viene septiembre, que las cosas aumentan todos los d\u00edas, entonces la segunda entrega va a ser de 120 mil pesos<\/em>\u201d, inform\u00f3 el gobernador.\u00a0<\/p>\n\n\n\n<figure class=\"wp-block-image size-full\"><img data-recalc-dims=\"1\" fetchpriority=\"high\" decoding=\"async\" width=\"993\" height=\"662\" src=\"https:\/\/i0.wp.com\/elregionalvm.com.ar\/noticias-villa-maria\/wp-content\/uploads\/2023\/09\/CREDITOS-VIDA-DIGNA_0645.jpg?resize=993%2C662&#038;ssl=1\" alt=\"\" class=\"wp-image-82629\" srcset=\"https:\/\/i0.wp.com\/elregionalvm.com.ar\/noticias-villa-maria\/wp-content\/uploads\/2023\/09\/CREDITOS-VIDA-DIGNA_0645.jpg?w=993&amp;ssl=1 993w, https:\/\/i0.wp.com\/elregionalvm.com.ar\/noticias-villa-maria\/wp-content\/uploads\/2023\/09\/CREDITOS-VIDA-DIGNA_0645.jpg?resize=300%2C200&amp;ssl=1 300w, https:\/\/i0.wp.com\/elregionalvm.com.ar\/noticias-villa-maria\/wp-content\/uploads\/2023\/09\/CREDITOS-VIDA-DIGNA_0645.jpg?resize=768%2C512&amp;ssl=1 768w\" sizes=\"(max-width: 993px) 100vw, 993px\" \/><\/figure>\n\n\n\n<p>Y agreg\u00f3: \u201c<em>Con esta inflaci\u00f3n hay que actualizar permanentemente los programas y los cr\u00e9ditos que le otorgamos a las familias cordobesas. As\u00ed que hoy reciben el certificado que dice 100 mil pesos, pero el lunes cuando vayan al Banco de C\u00f3rdoba, van a cobrar 120 mil pesos<\/em>\u201d.<\/p>\n\n\n\n<p>El programa M\u00e1s Vida Digna otorga cr\u00e9ditos para que las familias inicien o finalicen la construcci\u00f3n de un ba\u00f1o o un dormitorio. Fue dise\u00f1ado para familias cordobesas que se encuentran en situaci\u00f3n de d\u00e9ficit habitacional, es decir que est\u00e9n en hacinamiento cr\u00edtico y saneamiento inadecuado, o la vivienda exhiba calidad insuficiente de los materiales de construcci\u00f3n.<\/p>\n\n\n\n<p>Este programa surge como continuidad de una pol\u00edtica p\u00fablica sustentable que desde hace m\u00e1s de 10 a\u00f1os brinda soluciones habitacionales.<\/p>\n\n\n\n<p>\u201c<em>Es importante que en nuestra C\u00f3rdoba las familias que necesitan hacer un ba\u00f1o, una pieza nueva o terminar una parte de la casa puedan contar con un cr\u00e9dito<\/em>\u201d, se\u00f1al\u00f3 Juan Schiaretti, y destac\u00f3 la importancia de estos pr\u00e9stamos en un contexto donde muchas personas no pueden acceder al sistema financiero formal.<\/p>\n\n\n\n<figure class=\"wp-block-image size-full\"><img data-recalc-dims=\"1\" decoding=\"async\" width=\"993\" height=\"662\" src=\"https:\/\/i0.wp.com\/elregionalvm.com.ar\/noticias-villa-maria\/wp-content\/uploads\/2023\/09\/CREDITOS-VIDA-DIGNA_0572.jpg?resize=993%2C662&#038;ssl=1\" alt=\"\" class=\"wp-image-82628\" srcset=\"https:\/\/i0.wp.com\/elregionalvm.com.ar\/noticias-villa-maria\/wp-content\/uploads\/2023\/09\/CREDITOS-VIDA-DIGNA_0572.jpg?w=993&amp;ssl=1 993w, https:\/\/i0.wp.com\/elregionalvm.com.ar\/noticias-villa-maria\/wp-content\/uploads\/2023\/09\/CREDITOS-VIDA-DIGNA_0572.jpg?resize=300%2C200&amp;ssl=1 300w, https:\/\/i0.wp.com\/elregionalvm.com.ar\/noticias-villa-maria\/wp-content\/uploads\/2023\/09\/CREDITOS-VIDA-DIGNA_0572.jpg?resize=768%2C512&amp;ssl=1 768w\" sizes=\"(max-width: 993px) 100vw, 993px\" \/><\/figure>\n\n\n\n<p><strong>Los beneficiarios podr\u00e1n ir a cobrar el cr\u00e9dito al Banco de C\u00f3rdoba a partir del d\u00eda lunes 18 de septiembre.<\/strong><\/p>\n\n\n\n<p>El gobernador estuvo acompa\u00f1ado por la ministra de Coordinaci\u00f3n, Silvina Rivero; sus pares de H\u00e1bitat y Econom\u00eda Familiar, Laura Jure; de Vinculaci\u00f3n Comunitaria, Paulo Cassinerio; el presidente de la Agencia C\u00f3rdoba Joven, Mat\u00edas Aconetanni; legisladores y funcionarios municipales.<\/p>\n\n\n\n<h4 class=\"wp-block-heading\"><strong>A tasa cero<\/strong><\/h4>\n\n\n\n<p>En cuanto a los cr\u00e9ditos M\u00e1s Vida Digna, son sin inter\u00e9s, con nueve meses de gracia, a devolver en 60 cuotas y se actualizan por el 50 por ciento del \u00edndice de variaci\u00f3n salarial.<\/p>\n\n\n\n<p>Los fondos permiten la compra de materiales de construcci\u00f3n y\/o la mano de obra para favorecer el acceso a la vivienda digna, con ambientes adecuados, ventilados, seguros, iluminados y construidos con insumos de calidad.<\/p>\n\n\n\n<p>El dinero se otorga en dos cuotas: la primera, del 60 por ciento, consisti\u00f3 en 96 mil pesos, mientras que el segundo desembolso es de 120 mil pesos.<\/p>\n\n\n\n<h4 class=\"wp-block-heading\"><strong>Transparencia del proceso<\/strong><\/h4>\n\n\n\n<p>Los aspirantes a recibir el cr\u00e9dito M\u00e1s Vida Digna se postularon a trav\u00e9s de Ciudadano Digital (CiDi) y luego fueron sorteados a trav\u00e9s de la Loter\u00eda de C\u00f3rdoba. Posteriormente, el equipo t\u00e9cnico del Ministerio de H\u00e1bitat y Econom\u00eda Familiar y del municipio visit\u00f3 a los vecinos correspondientes para corroborar el cumplimiento de las condiciones para acceder al programa.<\/p>\n\n\n\n<p>Los beneficiarios que acceden al primer desembolso de 96.000 pesos realizan reformas o modificaciones en su vivienda y luego solicitan el segundo desembolso a trav\u00e9s de la p\u00e1gina del Ministerio de H\u00e1bitat y Econom\u00eda Familiar. As\u00ed, se obtiene total transparencia en el proceso de selecci\u00f3n de beneficiarios<strong>.<\/strong>&nbsp;<\/p>\n","protected":false},"excerpt":{"rendered":"<p>Este mi\u00e9rcoles en el Centro C\u00edvico del Bicentenario, el gobernador Juan Schiaretti entreg\u00f3 los segundos desembolsos de 350 cr\u00e9ditos del programa&nbsp;M\u00e1s Vida Digna&nbsp;(en su segunda edici\u00f3n) a familias de la ciudad de C\u00f3rdoba.&nbsp;Debido a la compleja situaci\u00f3n econ\u00f3mica que atraviesa el pa\u00eds, el mandatario provincial anunci\u00f3 el incremento del monto de la cuota. Hace unos [&hellip;]<\/p>\n","protected":false},"author":4,"featured_media":82630,"comment_status":"open","ping_status":"open","sticky":false,"template":"","format":"standard","meta":{"site-sidebar-layout":"default","site-content-layout":"","ast-site-content-layout":"default","site-content-style":"default","site-sidebar-style":"default","ast-global-header-display":"","ast-banner-title-visibility":"","ast-main-header-display":"","ast-hfb-above-header-display":"","ast-hfb-below-header-display":"","ast-hfb-mobile-header-display":"","site-post-title":"","ast-breadcrumbs-content":"","ast-featured-img":"","footer-sml-layout":"","ast-disable-related-posts":"","theme-transparent-header-meta":"","adv-header-id-meta":"","stick-header-meta":"","header-above-stick-meta":"","header-main-stick-meta":"","header-below-stick-meta":"","astra-migrate-meta-layouts":"set","ast-page-background-enabled":"default","ast-page-background-meta":{"desktop":{"background-color":"","background-image":"","background-repeat":"repeat","background-position":"center center","background-size":"auto","background-attachment":"scroll","background-type":"","background-media":"","overlay-type":"","overlay-color":"","overlay-opacity":"","overlay-gradient":""},"tablet":{"background-color":"","background-image":"","background-repeat":"repeat","background-position":"center center","background-size":"auto","background-attachment":"scroll","background-type":"","background-media":"","overlay-type":"","overlay-color":"","overlay-opacity":"","overlay-gradient":""},"mobile":{"background-color":"","background-image":"","background-repeat":"repeat","background-position":"center center","background-size":"auto","background-attachment":"scroll","background-type":"","background-media":"","overlay-type":"","overlay-color":"","overlay-opacity":"","overlay-gradient":""}},"ast-content-background-meta":{"desktop":{"background-color":"var(--ast-global-color-5)","background-image":"","background-repeat":"repeat","background-position":"center center","background-size":"auto","background-attachment":"scroll","background-type":"","background-media":"","overlay-type":"","overlay-color":"","overlay-opacity":"","overlay-gradient":""},"tablet":{"background-color":"var(--ast-global-color-5)","background-image":"","background-repeat":"repeat","background-position":"center center","background-size":"auto","background-attachment":"scroll","background-type":"","background-media":"","overlay-type":"","overlay-color":"","overlay-opacity":"","overlay-gradient":""},"mobile":{"background-color":"var(--ast-global-color-5)","background-image":"","background-repeat":"repeat","background-position":"center center","background-size":"auto","background-attachment":"scroll","background-type":"","background-media":"","overlay-type":"","overlay-color":"","overlay-opacity":"","overlay-gradient":""}},"_jetpack_memberships_contains_paid_content":false,"_joinchat":[],"footnotes":""},"categories":[16095,5],"tags":[],"class_list":["post-82627","post","type-post","status-publish","format-standard","has-post-thumbnail","hentry","category-provinciales","category-sociedad"],"yoast_head":"<!-- This site is optimized with the Yoast SEO plugin v26.8 - https:\/\/yoast.com\/product\/yoast-seo-wordpress\/ -->\n<title>Schiaretti anunci\u00f3 un aumento en el monto de los cr\u00e9ditos M\u00e1s Vida Digna - El Regional<\/title>\n<meta name=\"robots\" content=\"index, follow, max-snippet:-1, max-image-preview:large, max-video-preview:-1\" \/>\n<link rel=\"canonical\" href=\"http:\/\/elregionalvm.com.ar\/noticias-villa-maria\/schiaretti-anuncio-un-aumento-en-el-monto-de-los-creditos-mas-vida-digna\/\" \/>\n<meta property=\"og:locale\" content=\"es_ES\" \/>\n<meta property=\"og:type\" content=\"article\" \/>\n<meta property=\"og:title\" content=\"Schiaretti anunci\u00f3 un aumento en el monto de los cr\u00e9ditos M\u00e1s Vida Digna - El Regional\" \/>\n<meta property=\"og:description\" content=\"Este mi\u00e9rcoles en el Centro C\u00edvico del Bicentenario, el gobernador Juan Schiaretti entreg\u00f3 los segundos desembolsos de 350 cr\u00e9ditos del programa&nbsp;M\u00e1s Vida Digna&nbsp;(en su segunda edici\u00f3n) a familias de la ciudad de C\u00f3rdoba.&nbsp;Debido a la compleja situaci\u00f3n econ\u00f3mica que atraviesa el pa\u00eds, el mandatario provincial anunci\u00f3 el incremento del monto de la cuota. Hace unos [&hellip;]\" \/>\n<meta property=\"og:url\" content=\"http:\/\/elregionalvm.com.ar\/noticias-villa-maria\/schiaretti-anuncio-un-aumento-en-el-monto-de-los-creditos-mas-vida-digna\/\" \/>\n<meta property=\"og:site_name\" content=\"El Regional\" \/>\n<meta property=\"article:publisher\" content=\"https:\/\/www.facebook.com\/elregionalvm\" \/>\n<meta property=\"article:published_time\" content=\"2023-09-14T23:44:47+00:00\" \/>\n<meta property=\"article:modified_time\" content=\"2023-09-15T02:06:24+00:00\" \/>\n<meta property=\"og:image\" content=\"http:\/\/elregionalvm.com.ar\/noticias-villa-maria\/wp-content\/uploads\/2023\/09\/CREDITOS-VIDA-DIGNA_0714.jpg\" \/>\n\t<meta property=\"og:image:width\" content=\"993\" \/>\n\t<meta property=\"og:image:height\" content=\"662\" \/>\n\t<meta property=\"og:image:type\" content=\"image\/jpeg\" \/>\n<meta name=\"author\" content=\"Contenidos El Regional\" \/>\n<meta name=\"twitter:card\" content=\"summary_large_image\" \/>\n<meta name=\"twitter:creator\" content=\"@elregionalvm1\" \/>\n<meta name=\"twitter:site\" content=\"@elregionalvm1\" \/>\n<meta name=\"twitter:label1\" content=\"Escrito por\" \/>\n\t<meta name=\"twitter:data1\" content=\"Contenidos El Regional\" \/>\n\t<meta name=\"twitter:label2\" content=\"Tiempo de lectura\" \/>\n\t<meta name=\"twitter:data2\" content=\"3 minutos\" \/>\n<script type=\"application\/ld+json\" class=\"yoast-schema-graph\">{\"@context\":\"https:\/\/schema.org\",\"@graph\":[{\"@type\":\"Article\",\"@id\":\"http:\/\/elregionalvm.com.ar\/noticias-villa-maria\/schiaretti-anuncio-un-aumento-en-el-monto-de-los-creditos-mas-vida-digna\/#article\",\"isPartOf\":{\"@id\":\"http:\/\/elregionalvm.com.ar\/noticias-villa-maria\/schiaretti-anuncio-un-aumento-en-el-monto-de-los-creditos-mas-vida-digna\/\"},\"author\":{\"name\":\"Contenidos El Regional\",\"@id\":\"http:\/\/elregionalvm.com.ar\/noticias-villa-maria\/#\/schema\/person\/a0fb9c422317faca23d50163151bc354\"},\"headline\":\"Schiaretti anunci\u00f3 un aumento en el monto de los cr\u00e9ditos M\u00e1s Vida Digna\",\"datePublished\":\"2023-09-14T23:44:47+00:00\",\"dateModified\":\"2023-09-15T02:06:24+00:00\",\"mainEntityOfPage\":{\"@id\":\"http:\/\/elregionalvm.com.ar\/noticias-villa-maria\/schiaretti-anuncio-un-aumento-en-el-monto-de-los-creditos-mas-vida-digna\/\"},\"wordCount\":625,\"commentCount\":0,\"image\":{\"@id\":\"http:\/\/elregionalvm.com.ar\/noticias-villa-maria\/schiaretti-anuncio-un-aumento-en-el-monto-de-los-creditos-mas-vida-digna\/#primaryimage\"},\"thumbnailUrl\":\"https:\/\/i0.wp.com\/elregionalvm.com.ar\/noticias-villa-maria\/wp-content\/uploads\/2023\/09\/CREDITOS-VIDA-DIGNA_0714.jpg?fit=993%2C662&ssl=1\",\"articleSection\":[\"Provinciales\",\"Sociedad\"],\"inLanguage\":\"es\",\"potentialAction\":[{\"@type\":\"CommentAction\",\"name\":\"Comment\",\"target\":[\"http:\/\/elregionalvm.com.ar\/noticias-villa-maria\/schiaretti-anuncio-un-aumento-en-el-monto-de-los-creditos-mas-vida-digna\/#respond\"]}]},{\"@type\":\"WebPage\",\"@id\":\"http:\/\/elregionalvm.com.ar\/noticias-villa-maria\/schiaretti-anuncio-un-aumento-en-el-monto-de-los-creditos-mas-vida-digna\/\",\"url\":\"http:\/\/elregionalvm.com.ar\/noticias-villa-maria\/schiaretti-anuncio-un-aumento-en-el-monto-de-los-creditos-mas-vida-digna\/\",\"name\":\"Schiaretti anunci\u00f3 un aumento en el monto de los cr\u00e9ditos M\u00e1s Vida Digna - El Regional\",\"isPartOf\":{\"@id\":\"http:\/\/elregionalvm.com.ar\/noticias-villa-maria\/#website\"},\"primaryImageOfPage\":{\"@id\":\"http:\/\/elregionalvm.com.ar\/noticias-villa-maria\/schiaretti-anuncio-un-aumento-en-el-monto-de-los-creditos-mas-vida-digna\/#primaryimage\"},\"image\":{\"@id\":\"http:\/\/elregionalvm.com.ar\/noticias-villa-maria\/schiaretti-anuncio-un-aumento-en-el-monto-de-los-creditos-mas-vida-digna\/#primaryimage\"},\"thumbnailUrl\":\"https:\/\/i0.wp.com\/elregionalvm.com.ar\/noticias-villa-maria\/wp-content\/uploads\/2023\/09\/CREDITOS-VIDA-DIGNA_0714.jpg?fit=993%2C662&ssl=1\",\"datePublished\":\"2023-09-14T23:44:47+00:00\",\"dateModified\":\"2023-09-15T02:06:24+00:00\",\"author\":{\"@id\":\"http:\/\/elregionalvm.com.ar\/noticias-villa-maria\/#\/schema\/person\/a0fb9c422317faca23d50163151bc354\"},\"breadcrumb\":{\"@id\":\"http:\/\/elregionalvm.com.ar\/noticias-villa-maria\/schiaretti-anuncio-un-aumento-en-el-monto-de-los-creditos-mas-vida-digna\/#breadcrumb\"},\"inLanguage\":\"es\",\"potentialAction\":[{\"@type\":\"ReadAction\",\"target\":[\"http:\/\/elregionalvm.com.ar\/noticias-villa-maria\/schiaretti-anuncio-un-aumento-en-el-monto-de-los-creditos-mas-vida-digna\/\"]}]},{\"@type\":\"ImageObject\",\"inLanguage\":\"es\",\"@id\":\"http:\/\/elregionalvm.com.ar\/noticias-villa-maria\/schiaretti-anuncio-un-aumento-en-el-monto-de-los-creditos-mas-vida-digna\/#primaryimage\",\"url\":\"https:\/\/i0.wp.com\/elregionalvm.com.ar\/noticias-villa-maria\/wp-content\/uploads\/2023\/09\/CREDITOS-VIDA-DIGNA_0714.jpg?fit=993%2C662&ssl=1\",\"contentUrl\":\"https:\/\/i0.wp.com\/elregionalvm.com.ar\/noticias-villa-maria\/wp-content\/uploads\/2023\/09\/CREDITOS-VIDA-DIGNA_0714.jpg?fit=993%2C662&ssl=1\",\"width\":993,\"height\":662},{\"@type\":\"BreadcrumbList\",\"@id\":\"http:\/\/elregionalvm.com.ar\/noticias-villa-maria\/schiaretti-anuncio-un-aumento-en-el-monto-de-los-creditos-mas-vida-digna\/#breadcrumb\",\"itemListElement\":[{\"@type\":\"ListItem\",\"position\":1,\"name\":\"Portada\",\"item\":\"https:\/\/elregionalvm.com.ar\/noticias-villa-maria\/\"},{\"@type\":\"ListItem\",\"position\":2,\"name\":\"Schiaretti anunci\u00f3 un aumento en el monto de los cr\u00e9ditos M\u00e1s Vida Digna\"}]},{\"@type\":\"WebSite\",\"@id\":\"http:\/\/elregionalvm.com.ar\/noticias-villa-maria\/#website\",\"url\":\"http:\/\/elregionalvm.com.ar\/noticias-villa-maria\/\",\"name\":\"El Regional\",\"description\":\"Mucho m\u00e1s que informaci\u00f3n\",\"potentialAction\":[{\"@type\":\"SearchAction\",\"target\":{\"@type\":\"EntryPoint\",\"urlTemplate\":\"http:\/\/elregionalvm.com.ar\/noticias-villa-maria\/?s={search_term_string}\"},\"query-input\":{\"@type\":\"PropertyValueSpecification\",\"valueRequired\":true,\"valueName\":\"search_term_string\"}}],\"inLanguage\":\"es\"},{\"@type\":\"Person\",\"@id\":\"http:\/\/elregionalvm.com.ar\/noticias-villa-maria\/#\/schema\/person\/a0fb9c422317faca23d50163151bc354\",\"name\":\"Contenidos El Regional\",\"image\":{\"@type\":\"ImageObject\",\"inLanguage\":\"es\",\"@id\":\"http:\/\/elregionalvm.com.ar\/noticias-villa-maria\/#\/schema\/person\/image\/\",\"url\":\"https:\/\/secure.gravatar.com\/avatar\/265b27cb2209af7bb3a1318f03305787d7981a5cc6e6cd08fe5a4ecdf99d4b48?s=96&d=mm&r=g\",\"contentUrl\":\"https:\/\/secure.gravatar.com\/avatar\/265b27cb2209af7bb3a1318f03305787d7981a5cc6e6cd08fe5a4ecdf99d4b48?s=96&d=mm&r=g\",\"caption\":\"Contenidos El Regional\"},\"url\":\"https:\/\/elregionalvm.com.ar\/noticias-villa-maria\/author\/contenido\/\"}]}<\/script>\n<!-- \/ Yoast SEO plugin. -->","yoast_head_json":{"title":"Schiaretti anunci\u00f3 un aumento en el monto de los cr\u00e9ditos M\u00e1s Vida Digna - El Regional","robots":{"index":"index","follow":"follow","max-snippet":"max-snippet:-1","max-image-preview":"max-image-preview:large","max-video-preview":"max-video-preview:-1"},"canonical":"http:\/\/elregionalvm.com.ar\/noticias-villa-maria\/schiaretti-anuncio-un-aumento-en-el-monto-de-los-creditos-mas-vida-digna\/","og_locale":"es_ES","og_type":"article","og_title":"Schiaretti anunci\u00f3 un aumento en el monto de los cr\u00e9ditos M\u00e1s Vida Digna - El Regional","og_description":"Este mi\u00e9rcoles en el Centro C\u00edvico del Bicentenario, el gobernador Juan Schiaretti entreg\u00f3 los segundos desembolsos de 350 cr\u00e9ditos del programa&nbsp;M\u00e1s Vida Digna&nbsp;(en su segunda edici\u00f3n) a familias de la ciudad de C\u00f3rdoba.&nbsp;Debido a la compleja situaci\u00f3n econ\u00f3mica que atraviesa el pa\u00eds, el mandatario provincial anunci\u00f3 el incremento del monto de la cuota. Hace unos [&hellip;]","og_url":"http:\/\/elregionalvm.com.ar\/noticias-villa-maria\/schiaretti-anuncio-un-aumento-en-el-monto-de-los-creditos-mas-vida-digna\/","og_site_name":"El Regional","article_publisher":"https:\/\/www.facebook.com\/elregionalvm","article_published_time":"2023-09-14T23:44:47+00:00","article_modified_time":"2023-09-15T02:06:24+00:00","og_image":[{"width":993,"height":662,"url":"http:\/\/elregionalvm.com.ar\/noticias-villa-maria\/wp-content\/uploads\/2023\/09\/CREDITOS-VIDA-DIGNA_0714.jpg","type":"image\/jpeg"}],"author":"Contenidos El Regional","twitter_card":"summary_large_image","twitter_creator":"@elregionalvm1","twitter_site":"@elregionalvm1","twitter_misc":{"Escrito por":"Contenidos El Regional","Tiempo de lectura":"3 minutos"},"schema":{"@context":"https:\/\/schema.org","@graph":[{"@type":"Article","@id":"http:\/\/elregionalvm.com.ar\/noticias-villa-maria\/schiaretti-anuncio-un-aumento-en-el-monto-de-los-creditos-mas-vida-digna\/#article","isPartOf":{"@id":"http:\/\/elregionalvm.com.ar\/noticias-villa-maria\/schiaretti-anuncio-un-aumento-en-el-monto-de-los-creditos-mas-vida-digna\/"},"author":{"name":"Contenidos El Regional","@id":"http:\/\/elregionalvm.com.ar\/noticias-villa-maria\/#\/schema\/person\/a0fb9c422317faca23d50163151bc354"},"headline":"Schiaretti anunci\u00f3 un aumento en el monto de los cr\u00e9ditos M\u00e1s Vida Digna","datePublished":"2023-09-14T23:44:47+00:00","dateModified":"2023-09-15T02:06:24+00:00","mainEntityOfPage":{"@id":"http:\/\/elregionalvm.com.ar\/noticias-villa-maria\/schiaretti-anuncio-un-aumento-en-el-monto-de-los-creditos-mas-vida-digna\/"},"wordCount":625,"commentCount":0,"image":{"@id":"http:\/\/elregionalvm.com.ar\/noticias-villa-maria\/schiaretti-anuncio-un-aumento-en-el-monto-de-los-creditos-mas-vida-digna\/#primaryimage"},"thumbnailUrl":"https:\/\/i0.wp.com\/elregionalvm.com.ar\/noticias-villa-maria\/wp-content\/uploads\/2023\/09\/CREDITOS-VIDA-DIGNA_0714.jpg?fit=993%2C662&ssl=1","articleSection":["Provinciales","Sociedad"],"inLanguage":"es","potentialAction":[{"@type":"CommentAction","name":"Comment","target":["http:\/\/elregionalvm.com.ar\/noticias-villa-maria\/schiaretti-anuncio-un-aumento-en-el-monto-de-los-creditos-mas-vida-digna\/#respond"]}]},{"@type":"WebPage","@id":"http:\/\/elregionalvm.com.ar\/noticias-villa-maria\/schiaretti-anuncio-un-aumento-en-el-monto-de-los-creditos-mas-vida-digna\/","url":"http:\/\/elregionalvm.com.ar\/noticias-villa-maria\/schiaretti-anuncio-un-aumento-en-el-monto-de-los-creditos-mas-vida-digna\/","name":"Schiaretti anunci\u00f3 un aumento en el monto de los cr\u00e9ditos M\u00e1s Vida Digna - El Regional","isPartOf":{"@id":"http:\/\/elregionalvm.com.ar\/noticias-villa-maria\/#website"},"primaryImageOfPage":{"@id":"http:\/\/elregionalvm.com.ar\/noticias-villa-maria\/schiaretti-anuncio-un-aumento-en-el-monto-de-los-creditos-mas-vida-digna\/#primaryimage"},"image":{"@id":"http:\/\/elregionalvm.com.ar\/noticias-villa-maria\/schiaretti-anuncio-un-aumento-en-el-monto-de-los-creditos-mas-vida-digna\/#primaryimage"},"thumbnailUrl":"https:\/\/i0.wp.com\/elregionalvm.com.ar\/noticias-villa-maria\/wp-content\/uploads\/2023\/09\/CREDITOS-VIDA-DIGNA_0714.jpg?fit=993%2C662&ssl=1","datePublished":"2023-09-14T23:44:47+00:00","dateModified":"2023-09-15T02:06:24+00:00","author":{"@id":"http:\/\/elregionalvm.com.ar\/noticias-villa-maria\/#\/schema\/person\/a0fb9c422317faca23d50163151bc354"},"breadcrumb":{"@id":"http:\/\/elregionalvm.com.ar\/noticias-villa-maria\/schiaretti-anuncio-un-aumento-en-el-monto-de-los-creditos-mas-vida-digna\/#breadcrumb"},"inLanguage":"es","potentialAction":[{"@type":"ReadAction","target":["http:\/\/elregionalvm.com.ar\/noticias-villa-maria\/schiaretti-anuncio-un-aumento-en-el-monto-de-los-creditos-mas-vida-digna\/"]}]},{"@type":"ImageObject","inLanguage":"es","@id":"http:\/\/elregionalvm.com.ar\/noticias-villa-maria\/schiaretti-anuncio-un-aumento-en-el-monto-de-los-creditos-mas-vida-digna\/#primaryimage","url":"https:\/\/i0.wp.com\/elregionalvm.com.ar\/noticias-villa-maria\/wp-content\/uploads\/2023\/09\/CREDITOS-VIDA-DIGNA_0714.jpg?fit=993%2C662&ssl=1","contentUrl":"https:\/\/i0.wp.com\/elregionalvm.com.ar\/noticias-villa-maria\/wp-content\/uploads\/2023\/09\/CREDITOS-VIDA-DIGNA_0714.jpg?fit=993%2C662&ssl=1","width":993,"height":662},{"@type":"BreadcrumbList","@id":"http:\/\/elregionalvm.com.ar\/noticias-villa-maria\/schiaretti-anuncio-un-aumento-en-el-monto-de-los-creditos-mas-vida-digna\/#breadcrumb","itemListElement":[{"@type":"ListItem","position":1,"name":"Portada","item":"https:\/\/elregionalvm.com.ar\/noticias-villa-maria\/"},{"@type":"ListItem","position":2,"name":"Schiaretti anunci\u00f3 un aumento en el monto de los cr\u00e9ditos M\u00e1s Vida Digna"}]},{"@type":"WebSite","@id":"http:\/\/elregionalvm.com.ar\/noticias-villa-maria\/#website","url":"http:\/\/elregionalvm.com.ar\/noticias-villa-maria\/","name":"El Regional","description":"Mucho m\u00e1s que informaci\u00f3n","potentialAction":[{"@type":"SearchAction","target":{"@type":"EntryPoint","urlTemplate":"http:\/\/elregionalvm.com.ar\/noticias-villa-maria\/?s={search_term_string}"},"query-input":{"@type":"PropertyValueSpecification","valueRequired":true,"valueName":"search_term_string"}}],"inLanguage":"es"},{"@type":"Person","@id":"http:\/\/elregionalvm.com.ar\/noticias-villa-maria\/#\/schema\/person\/a0fb9c422317faca23d50163151bc354","name":"Contenidos El Regional","image":{"@type":"ImageObject","inLanguage":"es","@id":"http:\/\/elregionalvm.com.ar\/noticias-villa-maria\/#\/schema\/person\/image\/","url":"https:\/\/secure.gravatar.com\/avatar\/265b27cb2209af7bb3a1318f03305787d7981a5cc6e6cd08fe5a4ecdf99d4b48?s=96&d=mm&r=g","contentUrl":"https:\/\/secure.gravatar.com\/avatar\/265b27cb2209af7bb3a1318f03305787d7981a5cc6e6cd08fe5a4ecdf99d4b48?s=96&d=mm&r=g","caption":"Contenidos El Regional"},"url":"https:\/\/elregionalvm.com.ar\/noticias-villa-maria\/author\/contenido\/"}]}},"jetpack_featured_media_url":"https:\/\/i0.wp.com\/elregionalvm.com.ar\/noticias-villa-maria\/wp-content\/uploads\/2023\/09\/CREDITOS-VIDA-DIGNA_0714.jpg?fit=993%2C662&ssl=1","jetpack_sharing_enabled":true,"_links":{"self":[{"href":"https:\/\/elregionalvm.com.ar\/noticias-villa-maria\/wp-json\/wp\/v2\/posts\/82627","targetHints":{"allow":["GET"]}}],"collection":[{"href":"https:\/\/elregionalvm.com.ar\/noticias-villa-maria\/wp-json\/wp\/v2\/posts"}],"about":[{"href":"https:\/\/elregionalvm.com.ar\/noticias-villa-maria\/wp-json\/wp\/v2\/types\/post"}],"author":[{"embeddable":true,"href":"https:\/\/elregionalvm.com.ar\/noticias-villa-maria\/wp-json\/wp\/v2\/users\/4"}],"replies":[{"embeddable":true,"href":"https:\/\/elregionalvm.com.ar\/noticias-villa-maria\/wp-json\/wp\/v2\/comments?post=82627"}],"version-history":[{"count":1,"href":"https:\/\/elregionalvm.com.ar\/noticias-villa-maria\/wp-json\/wp\/v2\/posts\/82627\/revisions"}],"predecessor-version":[{"id":82631,"href":"https:\/\/elregionalvm.com.ar\/noticias-villa-maria\/wp-json\/wp\/v2\/posts\/82627\/revisions\/82631"}],"wp:featuredmedia":[{"embeddable":true,"href":"https:\/\/elregionalvm.com.ar\/noticias-villa-maria\/wp-json\/wp\/v2\/media\/82630"}],"wp:attachment":[{"href":"https:\/\/elregionalvm.com.ar\/noticias-villa-maria\/wp-json\/wp\/v2\/media?parent=82627"}],"wp:term":[{"taxonomy":"category","embeddable":true,"href":"https:\/\/elregionalvm.com.ar\/noticias-villa-maria\/wp-json\/wp\/v2\/categories?post=82627"},{"taxonomy":"post_tag","embeddable":true,"href":"https:\/\/elregionalvm.com.ar\/noticias-villa-maria\/wp-json\/wp\/v2\/tags?post=82627"}],"curies":[{"name":"wp","href":"https:\/\/api.w.org\/{rel}","templated":true}]}}