{"id":82740,"date":"2023-09-17T02:51:16","date_gmt":"2023-09-17T02:51:16","guid":{"rendered":"https:\/\/elregionalvm.com.ar\/noticias-villa-maria\/?p=82740"},"modified":"2023-09-19T21:45:57","modified_gmt":"2023-09-19T21:45:57","slug":"desde-adentro-nestor-mojica-me-han-ofrecido-trabajar-en-la-municipalidad-pero-nunca-quise-todo-lo-consegui-con-trabajo-y-esfuerzo-propio","status":"publish","type":"post","link":"https:\/\/elregionalvm.com.ar\/noticias-villa-maria\/desde-adentro-nestor-mojica-me-han-ofrecido-trabajar-en-la-municipalidad-pero-nunca-quise-todo-lo-consegui-con-trabajo-y-esfuerzo-propio\/","title":{"rendered":"[Desde Adentro] N\u00e9stor Mojica: \u201cMe han ofrecido trabajar en la Municipalidad, pero nunca quise; todo lo consegu\u00ed con trabajo y esfuerzo propio\u201d"},"content":{"rendered":"\n<p><\/p>\n\n\n\n<h3 class=\"wp-block-heading\"><strong>N\u00e9stor Mojica (48), es de profesi\u00f3n panadero, mentor y coaching, locutor, presidente de la C\u00e1mara de Panaderos de Villa Mar\u00eda (Capavim) y se postula a intendente de Villa Mar\u00eda por el Frente Federal Acci\u00f3n Solidaria,<\/strong><\/h3>\n\n\n\n<h3 class=\"wp-block-heading\"><strong>Es separado, padre de Paula (25), Julieta (24), Luciana (20), N\u00e9stor (16) y Carina (15).\u00a0 Naci\u00f3 en Arroyo Cabral, vivi\u00f3 en Las Perdices y R\u00edo Tercero y, a los 17 a\u00f1os, se vino a vivir a Villa Mar\u00eda para trabajar.<\/strong><\/h3>\n\n\n\n<p><\/p>\n\n\n\n<p><strong>Entrevista: Carolina Durand<\/strong><\/p>\n\n\n\n<p><\/p>\n\n\n\n<figure class=\"wp-block-embed is-type-video is-provider-youtube wp-block-embed-youtube wp-embed-aspect-16-9 wp-has-aspect-ratio\"><div class=\"wp-block-embed__wrapper\">\n<iframe title=\"N\u00e9stor Mojica: \u201cMe ofrecieron trabajar en la Municipalidad, pero no quise, todo lo consegu\u00ed solo\u201d\" width=\"500\" height=\"281\" src=\"https:\/\/www.youtube.com\/embed\/z36h7ad_9Ro?feature=oembed\" frameborder=\"0\" allow=\"accelerometer; autoplay; clipboard-write; encrypted-media; gyroscope; picture-in-picture; web-share\" referrerpolicy=\"strict-origin-when-cross-origin\" allowfullscreen><\/iframe>\n<\/div><\/figure>\n\n\n\n<p><\/p>\n\n\n\n<p><strong>Si tuvieras 12 a\u00f1os, \u00bfqu\u00e9 estar\u00edas haciendo a esta hora? (dos de la tarde).<\/strong><\/p>\n\n\n\n<p>Estar\u00eda seguramente estudiando. Siempre me gust\u00f3 estudiar y leer sobre el funcionamiento de la mente.<\/p>\n\n\n\n<p><strong>\u00bfQui\u00e9n te ense\u00f1\u00f3 el oficio de panadero?<\/strong><\/p>\n\n\n\n<p>Empec\u00e9 a los 13 como empleado en una panader\u00eda de R\u00edo Tercero, limpiando latas, viendo las m\u00e1quinas y a los 15, ya era un maestro panadero. Durante esos a\u00f1os, mis propios compa\u00f1eros me ense\u00f1aron de panificaci\u00f3n.<\/p>\n\n\n\n<p><strong>\u00bfCu\u00e1ndo pusiste tu propia panader\u00eda?<\/strong><\/p>\n\n\n\n<p>Cuando me vine a Villa Mar\u00eda, trabaj\u00e9 en un supermercado durante tres a\u00f1os. A los 21 a\u00f1os, puse una panader\u00eda en Corrientes 1790. Hac\u00eda cosas para vender y trabajando en el s\u00faper junt\u00e9 dinero y puse mi propio negocio. Soy obsesivo con el trabajo, he llegado a tener jornadas de 20 horas, cuando me pongo un objetivo lo persigo hasta alcanzarlo. Los panaderos no sabemos de feriados, fin de semana largo, nuestro oficio es una vocaci\u00f3n.<\/p>\n\n\n\n<p>A los 23 a\u00f1os tuve un accidente, me explot\u00f3 un horno y mis ahorros se fueron en el tratamiento por las quemaduras. Un cirujano de C\u00f3rdoba me hac\u00eda un raspaje en la cara.<\/p>\n\n\n\n<p>Cuando me recuper\u00e9, empec\u00e9 de cero. Trabaj\u00e9 en panader\u00edas y en un a\u00f1o compr\u00e9 la llave de un local. No la pude hacer andar. Trabaj\u00e9 de remisero tres a\u00f1os y en panader\u00edas. Despu\u00e9s, empec\u00e9 en el ex s\u00faper Argentino, segu\u00ed juntando dinero y a mis 31, alquil\u00e9 en San Juan 1741 una panader\u00eda y ah\u00ed empec\u00e9 a hacer realidad lo que yo quer\u00eda.<\/p>\n\n\n\n<p><\/p>\n\n\n\n<figure class=\"wp-block-image size-large\"><img data-recalc-dims=\"1\" fetchpriority=\"high\" decoding=\"async\" width=\"1024\" height=\"683\" src=\"https:\/\/i0.wp.com\/elregionalvm.com.ar\/noticias-villa-maria\/wp-content\/uploads\/2023\/09\/Nestor-Mojica-desde-adentro-camioneta.jpg?resize=1024%2C683&#038;ssl=1\" alt=\"\" class=\"wp-image-82746\" srcset=\"https:\/\/i0.wp.com\/elregionalvm.com.ar\/noticias-villa-maria\/wp-content\/uploads\/2023\/09\/Nestor-Mojica-desde-adentro-camioneta.jpg?resize=1024%2C683&amp;ssl=1 1024w, https:\/\/i0.wp.com\/elregionalvm.com.ar\/noticias-villa-maria\/wp-content\/uploads\/2023\/09\/Nestor-Mojica-desde-adentro-camioneta.jpg?resize=300%2C200&amp;ssl=1 300w, https:\/\/i0.wp.com\/elregionalvm.com.ar\/noticias-villa-maria\/wp-content\/uploads\/2023\/09\/Nestor-Mojica-desde-adentro-camioneta.jpg?resize=768%2C512&amp;ssl=1 768w, https:\/\/i0.wp.com\/elregionalvm.com.ar\/noticias-villa-maria\/wp-content\/uploads\/2023\/09\/Nestor-Mojica-desde-adentro-camioneta.jpg?w=1200&amp;ssl=1 1200w\" sizes=\"(max-width: 1000px) 100vw, 1000px\" \/><\/figure>\n\n\n\n<p><\/p>\n\n\n\n<p>Me fue muy bien, y unos a\u00f1os despu\u00e9s, en el 2010\/2011 compr\u00e9 un terreno en barrio Nicol\u00e1s Avellaneda, donde edifiqu\u00e9 mi actual panader\u00eda \u201cN\u00e9stor Mojica\u201d. \u00a0<\/p>\n\n\n\n<p>Hay que persistir y no darse por vencido. Lo que parece una derrota, son situaciones de antesala al \u00e9xito, los pesimistas abandonan, los optimistas van para delante. Siempre me acompa\u00f1a la resiliencia, la voluntad y el optimismo.<\/p>\n\n\n\n<p>El optimismo, te da la capacidad de reinventarse y ver lo positivo de las cosas; la resiliencia, es la capacidad de reconstruir tu vida; y la voluntad te hace llevar el mundo por delante.<\/p>\n\n\n\n<p><strong>Recientemente te entraron a robar en tu negocio en barrio Nicol\u00e1s Avellaneda. \u00bfLa inseguridad en el barrio es frecuente?<\/strong><\/p>\n\n\n\n<p>Al igual que en la gran mayor\u00eda de los barrios, la inseguridad afecta a toda la ciudad y la pol\u00edtica no ha sabido frenarla. Se debe hacer un acuerdo social con los representantes de los centros vecinales, de las iglesias, la c\u00e1mara de industria y los comerciantes. Hay que prevenir y cuidar, no accionar cuando el da\u00f1o ya est\u00e1. Faltan m\u00f3viles, c\u00e1maras de seguridad, iluminaci\u00f3n y pol\u00edticas preventivas del delito.<\/p>\n\n\n\n<p><\/p>\n\n\n\n<figure class=\"wp-block-pullquote\"><blockquote><p><strong>Lo que parece una derrota, son situaciones de antesala al \u00e9xito, los pesimistas abandonan, los optimistas van para delante<\/strong><\/p><\/blockquote><\/figure>\n\n\n\n<p><\/p>\n\n\n\n<p><strong>\u00bfCu\u00e1ndo diste tus primeros pasos en radio?<\/strong><\/p>\n\n\n\n<p>La radio siempre fue una pasi\u00f3n que, en ocasiones tuve que relegar y abocarme a lo primero, trabajar para alcanzar mis objetivos econ\u00f3micos, tener mi propia panader\u00eda.<\/p>\n\n\n\n<p>Mis primeros pasos radiales fueron a los 16 en R\u00edo Tercero y en Villa Mar\u00eda, una vez que pude asentarme laboralmente con mi propio negocio, en el 2011 pude empezar a trabajar en radio.<\/p>\n\n\n\n<p>Estuve en Radio Fant\u00e1stica, Conexi\u00f3n y Capic\u00faa, siempre en horarios de la siesta, con m\u00fasica popular. Desde que lanc\u00e9 mi candidatura, dej\u00e9 porque los tiempos son tiranos y en el medio, uno es trabajador y cuando te diste cuenta se te fue el d\u00eda.<\/p>\n\n\n\n<p><strong>\u00bfQu\u00e9 te motivo\u00f3 a estudiar coaching ontol\u00f3gico?<\/strong><\/p>\n\n\n\n<p>Estudi\u00e9 en la facultad de C\u00f3rdoba. Hace unos 5 a\u00f1os atr\u00e1s tom\u00e9 la decisi\u00f3n. Me gusta el desarrollo humano y analizar la mente. Aprend\u00ed que, con autopreguntas aprend\u00e9s a conocerte, trabaj\u00e1s de tu estado actual a tu estado deseado.<\/p>\n\n\n\n<p>Hay que ser protagonista y no v\u00edctima, porque la victimizaci\u00f3n no invita a la acci\u00f3n. Ser protagonista te saca de la zona de confort y te lanza a lo nuevo. La persona optimista, de fe, voluntad y capacidad de acci\u00f3n, es la antesala a la victoria.<\/p>\n\n\n\n<p><\/p>\n\n\n\n<figure class=\"wp-block-image size-large\"><img data-recalc-dims=\"1\" decoding=\"async\" width=\"1024\" height=\"683\" src=\"https:\/\/i0.wp.com\/elregionalvm.com.ar\/noticias-villa-maria\/wp-content\/uploads\/2023\/09\/Nestor-Mojica-desde-adentro.jpg?resize=1024%2C683&#038;ssl=1\" alt=\"\" class=\"wp-image-82747\" srcset=\"https:\/\/i0.wp.com\/elregionalvm.com.ar\/noticias-villa-maria\/wp-content\/uploads\/2023\/09\/Nestor-Mojica-desde-adentro.jpg?resize=1024%2C683&amp;ssl=1 1024w, https:\/\/i0.wp.com\/elregionalvm.com.ar\/noticias-villa-maria\/wp-content\/uploads\/2023\/09\/Nestor-Mojica-desde-adentro.jpg?resize=300%2C200&amp;ssl=1 300w, https:\/\/i0.wp.com\/elregionalvm.com.ar\/noticias-villa-maria\/wp-content\/uploads\/2023\/09\/Nestor-Mojica-desde-adentro.jpg?resize=768%2C512&amp;ssl=1 768w, https:\/\/i0.wp.com\/elregionalvm.com.ar\/noticias-villa-maria\/wp-content\/uploads\/2023\/09\/Nestor-Mojica-desde-adentro.jpg?w=1200&amp;ssl=1 1200w\" sizes=\"(max-width: 1000px) 100vw, 1000px\" \/><\/figure>\n\n\n\n<p><\/p>\n\n\n\n<p><strong>\u00bfQu\u00e9 es lo m\u00e1s dif\u00edcil de la profesi\u00f3n?<\/strong><\/p>\n\n\n\n<p>Quedarse con el problema ajeno y querer solucionarlos, lo cual no se puede. Hay que dejar que la persona se d\u00e9 cuenta y tomen la iniciativa, los coaching brindamos las herramientas y acompa\u00f1amos ese proceso, pero la decisi\u00f3n es personal.<\/p>\n\n\n\n<p><strong>Tus primeros pasos como militante\u2026<\/strong><\/p>\n\n\n\n<p>Soy de la escuela de Sabatitni, Alem, Illia, Veglia, de los pol\u00edticos que ten\u00edan ganas e impulsos de ir por la transformaci\u00f3n. Yo ten\u00eda que transformar mi vida primero y lo logr\u00e9. Ahora me siento capacitado y en condiciones de afrontar el compromiso de trabajar por la ciudad. &nbsp;<\/p>\n\n\n\n<p><strong>Te lanzaste como candidato en mayo por Radicales Aut\u00e9nticos y ahora vas con el Frente Federal. \u00bfQu\u00e9 pas\u00f3? \u00bfQui\u00e9n es el referente en la provincia?<\/strong><\/p>\n\n\n\n<p>Con los radicales aut\u00e9nticos no ten\u00edamos sello. A nivel nacional no hay l\u00edderes radicales, la mayor\u00eda est\u00e1n absorbidos por Juntos por el Cambio.<\/p>\n\n\n\n<p><strong>Contame dos propuestas concretas para los villamarienses\u2026<\/strong><\/p>\n\n\n\n<p>Convocar a un acuerdo social y gestionar un Hospital Pedi\u00e1trico Regional de alta complejidad, articulando el trabajo p\u00fablico con el privado. Es de suma urgencia contar con un nosocomio que atienda a los ni\u00f1os.<\/p>\n\n\n\n<p>Un programa municipal de viviendas ambicioso. Para lo cual, tenemos la voluntad de gestionar pr\u00e9stamos ante provincia y naci\u00f3n que, ser\u00e1n devueltos con la cuota de cada uno de los beneficiarios. No pretendemos regalar nada, pero s\u00ed, dar las oportunidades de acceder al techo propio.<\/p>\n\n\n\n<p>La casta pol\u00edtica, con tantos a\u00f1os de privilegios, se ha olvidado de lo que siente la gente, de sus necesidades diarias reales. Nuestro proyecto de ciudad tiene propuesta para cada necesidad, desde una cl\u00ednica para animales hasta maximizar el parque industrial y convertirnos en un polo industrial de alimentos para abastecer al pa\u00eds. Nuestra ubicaci\u00f3n geogr\u00e1fica nos lo permite.<\/p>\n\n\n\n<p>La gente debe dejar morir sus animales porque no pueden pagar una internaci\u00f3n o hacerles un tratamiento, eso no es justo para los villamariensses. El estado debe articular p\u00fablico y privado y estar en las necesidades.<\/p>\n\n\n\n<p><strong>\u00bfTen\u00e9s animales?<\/strong><\/p>\n\n\n\n<p>Si, Rocco, un bulldog franc\u00e9s de un a\u00f1o y medio. Lo amamos, va y viene para todos lados con nosotros porque es parte de la familia. Los animales siempre son una parte importante de la familia.<\/p>\n\n\n\n<p><\/p>\n\n\n\n<figure class=\"wp-block-image size-large\"><img data-recalc-dims=\"1\" decoding=\"async\" width=\"1024\" height=\"683\" src=\"https:\/\/i0.wp.com\/elregionalvm.com.ar\/noticias-villa-maria\/wp-content\/uploads\/2023\/09\/Nestor-Mojica-desde-adentro-perro.jpg?resize=1024%2C683&#038;ssl=1\" alt=\"\" class=\"wp-image-82744\" srcset=\"https:\/\/i0.wp.com\/elregionalvm.com.ar\/noticias-villa-maria\/wp-content\/uploads\/2023\/09\/Nestor-Mojica-desde-adentro-perro.jpg?resize=1024%2C683&amp;ssl=1 1024w, https:\/\/i0.wp.com\/elregionalvm.com.ar\/noticias-villa-maria\/wp-content\/uploads\/2023\/09\/Nestor-Mojica-desde-adentro-perro.jpg?resize=300%2C200&amp;ssl=1 300w, https:\/\/i0.wp.com\/elregionalvm.com.ar\/noticias-villa-maria\/wp-content\/uploads\/2023\/09\/Nestor-Mojica-desde-adentro-perro.jpg?resize=768%2C512&amp;ssl=1 768w, https:\/\/i0.wp.com\/elregionalvm.com.ar\/noticias-villa-maria\/wp-content\/uploads\/2023\/09\/Nestor-Mojica-desde-adentro-perro.jpg?w=1200&amp;ssl=1 1200w\" sizes=\"(max-width: 1000px) 100vw, 1000px\" \/><\/figure>\n\n\n\n<p><\/p>\n\n\n\n<p><strong>Una frase de cabecera<\/strong><\/p>\n\n\n\n<p>\u201cTanto si crees que puedes como si no, tienes raz\u00f3n\u201d, de Henry Ford.<\/p>\n\n\n\n<p><strong>\u00bfA qu\u00e9 jugabas cuando eras ni\u00f1o?<\/strong><\/p>\n\n\n\n<p>Como la gran mayor\u00eda de mis amigos de ni\u00f1o, a la pelota, pero hasta los 13 a\u00f1os.<\/p>\n\n\n\n<p><strong>\u00bfQu\u00e9 tipo de alumno eras en la escuela?<\/strong><\/p>\n\n\n\n<p>Tranquilo y muy estudioso. Brillaba en la escuela porque siempre tuve capacidad de retenci\u00f3n y an\u00e1lisis. Mi pap\u00e1 no estuvo en mi vida presente porque no quiso, sin embargo, nunca me distrajo de mis objetos su ausencia. Lo conoc\u00ed a las 21 por casualidad, pero, no hizo la diferencia en m\u00ed. Su desamor pudo haberme marcado y, sin embargo, no. Soy buen padre y cuando me separ\u00e9, mis 5 hijos se quedaron a vivir conmigo. Siempre busco la parte positiva de la vida y doy lo mejor.<\/p>\n\n\n\n<p>Empec\u00e9 a trabajar de chico para ayudar a mi mam\u00e1, estudi\u00e9 hasta donde pude (5\u00b0 a\u00f1o) y me vine a Villa Mar\u00eda a los 17 a trabajar y alcanzar mis objetivos, tener mi propia panader\u00eda y lo logr\u00e9.<\/p>\n\n\n\n<p><\/p>\n\n\n\n<figure class=\"wp-block-pullquote\"><blockquote><p><strong>Los funcionarios actuales no hablan con el com\u00fan de la gente, fuera de la \u00e9poca de elecciones, y no saben qu\u00e9 siente la ciudadan\u00eda, por eso no saben dar respuestas<\/strong><\/p><\/blockquote><\/figure>\n\n\n\n<p><\/p>\n\n\n\n<p><strong>\u00bfHac\u00e9s deporte?<\/strong><\/p>\n\n\n\n<p>Antes hac\u00eda pesas, me encanta, pero, ahora no tengo tiempo.<\/p>\n\n\n\n<p><strong>\u00bfCu\u00e1l fue el \u00faltimo libro que le\u00edste?<\/strong><\/p>\n\n\n\n<p>El aprendizaje viene de la reflexi\u00f3n. El que estoy leyendo actualmente es \u00a0\u201cCoach\u00a0ontol\u00f3gico profesional\u201d, de Oscar Anzorena. No obstante, el libro que me cambi\u00f3 la vida a los 15 a\u00f1os, fue\u00a0 \u201c<em>Piense y H\u00e1gase Rico\u201d<\/em>, de Napole\u00f3n Hill, se escribi\u00f3 en 1937, es el segundo libro despu\u00e9s de la Biblia, m\u00e1s vendido.<\/p>\n\n\n\n<p>Si bien, es un libro sobre finanzas personales que\u00a0explica c\u00f3mo las personas pueden alcanzar el \u00e9xito financiero, tambi\u00e9n ense\u00f1a sobre la riqueza desde el punto de vista de\u00a0 la abundancia y la felicidad. \u00a0<\/p>\n\n\n\n<p><\/p>\n\n\n\n<figure class=\"wp-block-image size-large\"><img data-recalc-dims=\"1\" loading=\"lazy\" decoding=\"async\" width=\"1024\" height=\"683\" src=\"https:\/\/i0.wp.com\/elregionalvm.com.ar\/noticias-villa-maria\/wp-content\/uploads\/2023\/09\/Nestor-Mojica-desde-adentro-2.jpg?resize=1024%2C683&#038;ssl=1\" alt=\"\" class=\"wp-image-82745\" srcset=\"https:\/\/i0.wp.com\/elregionalvm.com.ar\/noticias-villa-maria\/wp-content\/uploads\/2023\/09\/Nestor-Mojica-desde-adentro-2.jpg?resize=1024%2C683&amp;ssl=1 1024w, https:\/\/i0.wp.com\/elregionalvm.com.ar\/noticias-villa-maria\/wp-content\/uploads\/2023\/09\/Nestor-Mojica-desde-adentro-2.jpg?resize=300%2C200&amp;ssl=1 300w, https:\/\/i0.wp.com\/elregionalvm.com.ar\/noticias-villa-maria\/wp-content\/uploads\/2023\/09\/Nestor-Mojica-desde-adentro-2.jpg?resize=768%2C512&amp;ssl=1 768w, https:\/\/i0.wp.com\/elregionalvm.com.ar\/noticias-villa-maria\/wp-content\/uploads\/2023\/09\/Nestor-Mojica-desde-adentro-2.jpg?w=1200&amp;ssl=1 1200w\" sizes=\"(max-width: 1000px) 100vw, 1000px\" \/><\/figure>\n\n\n\n<p><\/p>\n\n\n\n<p><strong>Una fortaleza y debilidad de la ciudad<\/strong><\/p>\n\n\n\n<p>Un de las fortalezas m\u00e1s grandes, es su gente. Adem\u00e1s, tenemos un parque industrial inmenso para seguir creciendo, una costanera preciosa costeando el r\u00edo, tenemos una cuenca lechera, agricultura, ganader\u00eda, somos privilegiados.<\/p>\n\n\n\n<p>Una de las debilidades de la ciudad, a pesar de tener tanto potencial, es la falta de liderazgo en la conducci\u00f3n pol\u00edtica y de empat\u00eda con los vecinos. Y las problem\u00e1ticas base que tienen que ver con el transporte p\u00fablico, la falta de vivienda, la inseguridad y la salud.<\/p>\n\n\n\n<p><strong>\u00bfVino o champagne?<\/strong><\/p>\n\n\n\n<p>Vino.<\/p>\n\n\n\n<p><strong>\u00bfGuard\u00e1s alg\u00fan recuerdo en tu billetera?<\/strong><\/p>\n\n\n\n<p>No.<\/p>\n\n\n\n<p><strong>\u00bfHiciste yoga alguna vez?<\/strong><\/p>\n\n\n\n<p>No, pero s\u00ed medito todos los d\u00edas 10 minutos.<\/p>\n\n\n\n<p><strong>\u00bfPor qu\u00e9 los vecinos deber\u00edan darte su voto?<\/strong><\/p>\n\n\n\n<p>Conozco de primera mano lo que les pasa a los villamarienses, s\u00e9 lo que le hace falta a la gente porque a lo largo de mi vida, con la panader\u00eda, la radio y las acciones sociales que, he llevado a cabo, termin\u00e9 conociendo la calle.<\/p>\n\n\n\n<p>Me han ofrecido trabajar en la Municipalidad, pero nunca quise, todo lo que he conseguido fue a base de trabajo y esfuerzo propio.<\/p>\n\n\n\n<p>Los funcionarios actuales no hablan con el com\u00fan de la gente, fuera de la \u00e9poca de elecciones, y no saben qu\u00e9 siente la ciudadan\u00eda, por eso no saben dar respuestas.<\/p>\n\n\n\n<p>Tengo un equipo que va a dar respuestas. Est\u00e1 formado por vecinos del sector privado y con ganas de concretar nuestro proyecto de ciudad.<\/p>\n\n\n\n<p><\/p>\n\n\n\n<figure class=\"wp-block-image size-large\"><img data-recalc-dims=\"1\" loading=\"lazy\" decoding=\"async\" width=\"1024\" height=\"683\" src=\"https:\/\/i0.wp.com\/elregionalvm.com.ar\/noticias-villa-maria\/wp-content\/uploads\/2023\/09\/Nestor-Mojica-desde-adentro-cartel-casa.jpg?resize=1024%2C683&#038;ssl=1\" alt=\"\" class=\"wp-image-82743\" srcset=\"https:\/\/i0.wp.com\/elregionalvm.com.ar\/noticias-villa-maria\/wp-content\/uploads\/2023\/09\/Nestor-Mojica-desde-adentro-cartel-casa.jpg?resize=1024%2C683&amp;ssl=1 1024w, https:\/\/i0.wp.com\/elregionalvm.com.ar\/noticias-villa-maria\/wp-content\/uploads\/2023\/09\/Nestor-Mojica-desde-adentro-cartel-casa.jpg?resize=300%2C200&amp;ssl=1 300w, https:\/\/i0.wp.com\/elregionalvm.com.ar\/noticias-villa-maria\/wp-content\/uploads\/2023\/09\/Nestor-Mojica-desde-adentro-cartel-casa.jpg?resize=768%2C512&amp;ssl=1 768w, https:\/\/i0.wp.com\/elregionalvm.com.ar\/noticias-villa-maria\/wp-content\/uploads\/2023\/09\/Nestor-Mojica-desde-adentro-cartel-casa.jpg?w=1200&amp;ssl=1 1200w\" sizes=\"(max-width: 1000px) 100vw, 1000px\" \/><\/figure>\n\n\n\n<p><\/p>\n\n\n\n<p><\/p>\n\n\n\n<h3 class=\"wp-block-heading\"><strong>Tambi\u00e9n pod\u00e9s ver:<\/strong><\/h3>\n\n\n\n<p><\/p>\n\n\n\n<p><\/p>\n\n\n\n<figure class=\"wp-block-embed is-type-wp-embed is-provider-el-regional wp-block-embed-el-regional\"><div class=\"wp-block-embed__wrapper\">\n<blockquote class=\"wp-embedded-content\" data-secret=\"PxCGStIdoT\"><a href=\"https:\/\/elregionalvm.com.ar\/noticias-villa-maria\/desde-adentro-eduardo-tati-rodriguez-accastello-me-manifesto-que-si-es-intendente-le-gustaria-que-forme-parte-de-su-equipo\/\">[Desde Adentro] Eduardo \u201cTati\u201d Rodr\u00edguez: \u201cAccastello me manifest\u00f3 que, si es intendente, le gustar\u00eda que forme parte de su equipo\u201d<\/a><\/blockquote><iframe class=\"wp-embedded-content\" sandbox=\"allow-scripts\" security=\"restricted\" style=\"position: absolute; clip: rect(1px, 1px, 1px, 1px);\" title=\"\u00ab[Desde Adentro] Eduardo \u201cTati\u201d Rodr\u00edguez: \u201cAccastello me manifest\u00f3 que, si es intendente, le gustar\u00eda que forme parte de su equipo\u201d\u00bb \u2014 El Regional\" src=\"https:\/\/elregionalvm.com.ar\/noticias-villa-maria\/desde-adentro-eduardo-tati-rodriguez-accastello-me-manifesto-que-si-es-intendente-le-gustaria-que-forme-parte-de-su-equipo\/embed\/#?secret=ZWdIWA3o6q#?secret=PxCGStIdoT\" data-secret=\"PxCGStIdoT\" width=\"500\" height=\"282\" frameborder=\"0\" marginwidth=\"0\" marginheight=\"0\" scrolling=\"no\"><\/iframe>\n<\/div><\/figure>\n","protected":false},"excerpt":{"rendered":"<p>N\u00e9stor Mojica (48), es de profesi\u00f3n panadero, mentor y coaching, locutor, presidente de la C\u00e1mara de Panaderos de Villa Mar\u00eda (Capavim) y se postula a intendente de Villa Mar\u00eda por el Frente Federal Acci\u00f3n Solidaria, Es separado, padre de Paula (25), Julieta (24), Luciana (20), N\u00e9stor (16) y Carina (15).\u00a0 Naci\u00f3 en Arroyo Cabral, vivi\u00f3 [&hellip;]<\/p>\n","protected":false},"author":4,"featured_media":82742,"comment_status":"open","ping_status":"open","sticky":false,"template":"","format":"standard","meta":{"site-sidebar-layout":"default","site-content-layout":"","ast-site-content-layout":"default","site-content-style":"default","site-sidebar-style":"default","ast-global-header-display":"","ast-banner-title-visibility":"","ast-main-header-display":"","ast-hfb-above-header-display":"","ast-hfb-below-header-display":"","ast-hfb-mobile-header-display":"","site-post-title":"","ast-breadcrumbs-content":"","ast-featured-img":"","footer-sml-layout":"","ast-disable-related-posts":"","theme-transparent-header-meta":"","adv-header-id-meta":"","stick-header-meta":"","header-above-stick-meta":"","header-main-stick-meta":"","header-below-stick-meta":"","astra-migrate-meta-layouts":"set","ast-page-background-enabled":"default","ast-page-background-meta":{"desktop":{"background-color":"","background-image":"","background-repeat":"repeat","background-position":"center center","background-size":"auto","background-attachment":"scroll","background-type":"","background-media":"","overlay-type":"","overlay-color":"","overlay-opacity":"","overlay-gradient":""},"tablet":{"background-color":"","background-image":"","background-repeat":"repeat","background-position":"center center","background-size":"auto","background-attachment":"scroll","background-type":"","background-media":"","overlay-type":"","overlay-color":"","overlay-opacity":"","overlay-gradient":""},"mobile":{"background-color":"","background-image":"","background-repeat":"repeat","background-position":"center center","background-size":"auto","background-attachment":"scroll","background-type":"","background-media":"","overlay-type":"","overlay-color":"","overlay-opacity":"","overlay-gradient":""}},"ast-content-background-meta":{"desktop":{"background-color":"var(--ast-global-color-5)","background-image":"","background-repeat":"repeat","background-position":"center center","background-size":"auto","background-attachment":"scroll","background-type":"","background-media":"","overlay-type":"","overlay-color":"","overlay-opacity":"","overlay-gradient":""},"tablet":{"background-color":"var(--ast-global-color-5)","background-image":"","background-repeat":"repeat","background-position":"center center","background-size":"auto","background-attachment":"scroll","background-type":"","background-media":"","overlay-type":"","overlay-color":"","overlay-opacity":"","overlay-gradient":""},"mobile":{"background-color":"var(--ast-global-color-5)","background-image":"","background-repeat":"repeat","background-position":"center center","background-size":"auto","background-attachment":"scroll","background-type":"","background-media":"","overlay-type":"","overlay-color":"","overlay-opacity":"","overlay-gradient":""}},"_jetpack_memberships_contains_paid_content":false,"_joinchat":[],"footnotes":""},"categories":[2098,2089,3557,2074],"tags":[63,12430,21332,268,688,68,434,3996,6316,519,373,436],"class_list":["post-82740","post","type-post","status-publish","format-standard","has-post-thumbnail","hentry","category-historias","category-politica","category-tercera","category-videos","tag-candidato","tag-coaching","tag-desde-adentro","tag-elecciones","tag-entrevista","tag-intendente","tag-locutor","tag-nestor-mojica","tag-panaderia","tag-politica","tag-radicalismo","tag-radio"],"yoast_head":"<!-- This site is optimized with the Yoast SEO plugin v26.8 - https:\/\/yoast.com\/product\/yoast-seo-wordpress\/ -->\n<title>[Desde Adentro] N\u00e9stor Mojica: \u201cMe han ofrecido trabajar en la Municipalidad, pero nunca quise; todo lo consegu\u00ed con trabajo y esfuerzo propio\u201d - El Regional<\/title>\n<meta name=\"robots\" content=\"index, follow, max-snippet:-1, max-image-preview:large, max-video-preview:-1\" \/>\n<link rel=\"canonical\" href=\"http:\/\/elregionalvm.com.ar\/noticias-villa-maria\/desde-adentro-nestor-mojica-me-han-ofrecido-trabajar-en-la-municipalidad-pero-nunca-quise-todo-lo-consegui-con-trabajo-y-esfuerzo-propio\/\" \/>\n<meta property=\"og:locale\" content=\"es_ES\" \/>\n<meta property=\"og:type\" content=\"article\" \/>\n<meta property=\"og:title\" content=\"[Desde Adentro] N\u00e9stor Mojica: \u201cMe han ofrecido trabajar en la Municipalidad, pero nunca quise; todo lo consegu\u00ed con trabajo y esfuerzo propio\u201d - El Regional\" \/>\n<meta property=\"og:description\" content=\"N\u00e9stor Mojica (48), es de profesi\u00f3n panadero, mentor y coaching, locutor, presidente de la C\u00e1mara de Panaderos de Villa Mar\u00eda (Capavim) y se postula a intendente de Villa Mar\u00eda por el Frente Federal Acci\u00f3n Solidaria, Es separado, padre de Paula (25), Julieta (24), Luciana (20), N\u00e9stor (16) y Carina (15).\u00a0 Naci\u00f3 en Arroyo Cabral, vivi\u00f3 [&hellip;]\" \/>\n<meta property=\"og:url\" content=\"http:\/\/elregionalvm.com.ar\/noticias-villa-maria\/desde-adentro-nestor-mojica-me-han-ofrecido-trabajar-en-la-municipalidad-pero-nunca-quise-todo-lo-consegui-con-trabajo-y-esfuerzo-propio\/\" \/>\n<meta property=\"og:site_name\" content=\"El Regional\" \/>\n<meta property=\"article:publisher\" content=\"https:\/\/www.facebook.com\/elregionalvm\" \/>\n<meta property=\"article:published_time\" content=\"2023-09-17T02:51:16+00:00\" \/>\n<meta property=\"article:modified_time\" content=\"2023-09-19T21:45:57+00:00\" \/>\n<meta property=\"og:image\" content=\"http:\/\/elregionalvm.com.ar\/noticias-villa-maria\/wp-content\/uploads\/2023\/09\/Nestor-Mojica-portada.jpg\" \/>\n\t<meta property=\"og:image:width\" content=\"1200\" \/>\n\t<meta property=\"og:image:height\" content=\"800\" \/>\n\t<meta property=\"og:image:type\" content=\"image\/jpeg\" \/>\n<meta name=\"author\" content=\"Contenidos El Regional\" \/>\n<meta name=\"twitter:card\" content=\"summary_large_image\" \/>\n<meta name=\"twitter:creator\" content=\"@elregionalvm1\" \/>\n<meta name=\"twitter:site\" content=\"@elregionalvm1\" \/>\n<meta name=\"twitter:label1\" content=\"Escrito por\" \/>\n\t<meta name=\"twitter:data1\" content=\"Contenidos El Regional\" \/>\n\t<meta name=\"twitter:label2\" content=\"Tiempo de lectura\" \/>\n\t<meta name=\"twitter:data2\" content=\"9 minutos\" \/>\n<script type=\"application\/ld+json\" class=\"yoast-schema-graph\">{\"@context\":\"https:\/\/schema.org\",\"@graph\":[{\"@type\":\"Article\",\"@id\":\"http:\/\/elregionalvm.com.ar\/noticias-villa-maria\/desde-adentro-nestor-mojica-me-han-ofrecido-trabajar-en-la-municipalidad-pero-nunca-quise-todo-lo-consegui-con-trabajo-y-esfuerzo-propio\/#article\",\"isPartOf\":{\"@id\":\"http:\/\/elregionalvm.com.ar\/noticias-villa-maria\/desde-adentro-nestor-mojica-me-han-ofrecido-trabajar-en-la-municipalidad-pero-nunca-quise-todo-lo-consegui-con-trabajo-y-esfuerzo-propio\/\"},\"author\":{\"name\":\"Contenidos El Regional\",\"@id\":\"http:\/\/elregionalvm.com.ar\/noticias-villa-maria\/#\/schema\/person\/a0fb9c422317faca23d50163151bc354\"},\"headline\":\"[Desde Adentro] N\u00e9stor Mojica: \u201cMe han ofrecido trabajar en la Municipalidad, pero nunca quise; todo lo consegu\u00ed con trabajo y esfuerzo propio\u201d\",\"datePublished\":\"2023-09-17T02:51:16+00:00\",\"dateModified\":\"2023-09-19T21:45:57+00:00\",\"mainEntityOfPage\":{\"@id\":\"http:\/\/elregionalvm.com.ar\/noticias-villa-maria\/desde-adentro-nestor-mojica-me-han-ofrecido-trabajar-en-la-municipalidad-pero-nunca-quise-todo-lo-consegui-con-trabajo-y-esfuerzo-propio\/\"},\"wordCount\":1824,\"commentCount\":0,\"image\":{\"@id\":\"http:\/\/elregionalvm.com.ar\/noticias-villa-maria\/desde-adentro-nestor-mojica-me-han-ofrecido-trabajar-en-la-municipalidad-pero-nunca-quise-todo-lo-consegui-con-trabajo-y-esfuerzo-propio\/#primaryimage\"},\"thumbnailUrl\":\"https:\/\/i0.wp.com\/elregionalvm.com.ar\/noticias-villa-maria\/wp-content\/uploads\/2023\/09\/Nestor-Mojica-portada.jpg?fit=1200%2C800&ssl=1\",\"keywords\":[\"candidato\",\"coaching\",\"Desde Adentro\",\"elecciones\",\"Entrevista\",\"intendente\",\"locutor\",\"N\u00e9stor Mojica\",\"Panader\u00eda\",\"Pol\u00edtica\",\"radicalismo\",\"radio\"],\"articleSection\":[\"Historias\",\"Pol\u00edtica\",\"tercera\",\"Videos\"],\"inLanguage\":\"es\",\"potentialAction\":[{\"@type\":\"CommentAction\",\"name\":\"Comment\",\"target\":[\"http:\/\/elregionalvm.com.ar\/noticias-villa-maria\/desde-adentro-nestor-mojica-me-han-ofrecido-trabajar-en-la-municipalidad-pero-nunca-quise-todo-lo-consegui-con-trabajo-y-esfuerzo-propio\/#respond\"]}]},{\"@type\":\"WebPage\",\"@id\":\"http:\/\/elregionalvm.com.ar\/noticias-villa-maria\/desde-adentro-nestor-mojica-me-han-ofrecido-trabajar-en-la-municipalidad-pero-nunca-quise-todo-lo-consegui-con-trabajo-y-esfuerzo-propio\/\",\"url\":\"http:\/\/elregionalvm.com.ar\/noticias-villa-maria\/desde-adentro-nestor-mojica-me-han-ofrecido-trabajar-en-la-municipalidad-pero-nunca-quise-todo-lo-consegui-con-trabajo-y-esfuerzo-propio\/\",\"name\":\"[Desde Adentro] N\u00e9stor Mojica: \u201cMe han ofrecido trabajar en la Municipalidad, pero nunca quise; todo lo consegu\u00ed con trabajo y esfuerzo propio\u201d - El Regional\",\"isPartOf\":{\"@id\":\"http:\/\/elregionalvm.com.ar\/noticias-villa-maria\/#website\"},\"primaryImageOfPage\":{\"@id\":\"http:\/\/elregionalvm.com.ar\/noticias-villa-maria\/desde-adentro-nestor-mojica-me-han-ofrecido-trabajar-en-la-municipalidad-pero-nunca-quise-todo-lo-consegui-con-trabajo-y-esfuerzo-propio\/#primaryimage\"},\"image\":{\"@id\":\"http:\/\/elregionalvm.com.ar\/noticias-villa-maria\/desde-adentro-nestor-mojica-me-han-ofrecido-trabajar-en-la-municipalidad-pero-nunca-quise-todo-lo-consegui-con-trabajo-y-esfuerzo-propio\/#primaryimage\"},\"thumbnailUrl\":\"https:\/\/i0.wp.com\/elregionalvm.com.ar\/noticias-villa-maria\/wp-content\/uploads\/2023\/09\/Nestor-Mojica-portada.jpg?fit=1200%2C800&ssl=1\",\"datePublished\":\"2023-09-17T02:51:16+00:00\",\"dateModified\":\"2023-09-19T21:45:57+00:00\",\"author\":{\"@id\":\"http:\/\/elregionalvm.com.ar\/noticias-villa-maria\/#\/schema\/person\/a0fb9c422317faca23d50163151bc354\"},\"breadcrumb\":{\"@id\":\"http:\/\/elregionalvm.com.ar\/noticias-villa-maria\/desde-adentro-nestor-mojica-me-han-ofrecido-trabajar-en-la-municipalidad-pero-nunca-quise-todo-lo-consegui-con-trabajo-y-esfuerzo-propio\/#breadcrumb\"},\"inLanguage\":\"es\",\"potentialAction\":[{\"@type\":\"ReadAction\",\"target\":[\"http:\/\/elregionalvm.com.ar\/noticias-villa-maria\/desde-adentro-nestor-mojica-me-han-ofrecido-trabajar-en-la-municipalidad-pero-nunca-quise-todo-lo-consegui-con-trabajo-y-esfuerzo-propio\/\"]}]},{\"@type\":\"ImageObject\",\"inLanguage\":\"es\",\"@id\":\"http:\/\/elregionalvm.com.ar\/noticias-villa-maria\/desde-adentro-nestor-mojica-me-han-ofrecido-trabajar-en-la-municipalidad-pero-nunca-quise-todo-lo-consegui-con-trabajo-y-esfuerzo-propio\/#primaryimage\",\"url\":\"https:\/\/i0.wp.com\/elregionalvm.com.ar\/noticias-villa-maria\/wp-content\/uploads\/2023\/09\/Nestor-Mojica-portada.jpg?fit=1200%2C800&ssl=1\",\"contentUrl\":\"https:\/\/i0.wp.com\/elregionalvm.com.ar\/noticias-villa-maria\/wp-content\/uploads\/2023\/09\/Nestor-Mojica-portada.jpg?fit=1200%2C800&ssl=1\",\"width\":1200,\"height\":800},{\"@type\":\"BreadcrumbList\",\"@id\":\"http:\/\/elregionalvm.com.ar\/noticias-villa-maria\/desde-adentro-nestor-mojica-me-han-ofrecido-trabajar-en-la-municipalidad-pero-nunca-quise-todo-lo-consegui-con-trabajo-y-esfuerzo-propio\/#breadcrumb\",\"itemListElement\":[{\"@type\":\"ListItem\",\"position\":1,\"name\":\"Portada\",\"item\":\"https:\/\/elregionalvm.com.ar\/noticias-villa-maria\/\"},{\"@type\":\"ListItem\",\"position\":2,\"name\":\"[Desde Adentro] N\u00e9stor Mojica: \u201cMe han ofrecido trabajar en la Municipalidad, pero nunca quise; todo lo consegu\u00ed con trabajo y esfuerzo propio\u201d\"}]},{\"@type\":\"WebSite\",\"@id\":\"http:\/\/elregionalvm.com.ar\/noticias-villa-maria\/#website\",\"url\":\"http:\/\/elregionalvm.com.ar\/noticias-villa-maria\/\",\"name\":\"El Regional\",\"description\":\"Mucho m\u00e1s que informaci\u00f3n\",\"potentialAction\":[{\"@type\":\"SearchAction\",\"target\":{\"@type\":\"EntryPoint\",\"urlTemplate\":\"http:\/\/elregionalvm.com.ar\/noticias-villa-maria\/?s={search_term_string}\"},\"query-input\":{\"@type\":\"PropertyValueSpecification\",\"valueRequired\":true,\"valueName\":\"search_term_string\"}}],\"inLanguage\":\"es\"},{\"@type\":\"Person\",\"@id\":\"http:\/\/elregionalvm.com.ar\/noticias-villa-maria\/#\/schema\/person\/a0fb9c422317faca23d50163151bc354\",\"name\":\"Contenidos El Regional\",\"image\":{\"@type\":\"ImageObject\",\"inLanguage\":\"es\",\"@id\":\"http:\/\/elregionalvm.com.ar\/noticias-villa-maria\/#\/schema\/person\/image\/\",\"url\":\"https:\/\/secure.gravatar.com\/avatar\/265b27cb2209af7bb3a1318f03305787d7981a5cc6e6cd08fe5a4ecdf99d4b48?s=96&d=mm&r=g\",\"contentUrl\":\"https:\/\/secure.gravatar.com\/avatar\/265b27cb2209af7bb3a1318f03305787d7981a5cc6e6cd08fe5a4ecdf99d4b48?s=96&d=mm&r=g\",\"caption\":\"Contenidos El Regional\"},\"url\":\"https:\/\/elregionalvm.com.ar\/noticias-villa-maria\/author\/contenido\/\"}]}<\/script>\n<!-- \/ Yoast SEO plugin. -->","yoast_head_json":{"title":"[Desde Adentro] N\u00e9stor Mojica: \u201cMe han ofrecido trabajar en la Municipalidad, pero nunca quise; todo lo consegu\u00ed con trabajo y esfuerzo propio\u201d - El Regional","robots":{"index":"index","follow":"follow","max-snippet":"max-snippet:-1","max-image-preview":"max-image-preview:large","max-video-preview":"max-video-preview:-1"},"canonical":"http:\/\/elregionalvm.com.ar\/noticias-villa-maria\/desde-adentro-nestor-mojica-me-han-ofrecido-trabajar-en-la-municipalidad-pero-nunca-quise-todo-lo-consegui-con-trabajo-y-esfuerzo-propio\/","og_locale":"es_ES","og_type":"article","og_title":"[Desde Adentro] N\u00e9stor Mojica: \u201cMe han ofrecido trabajar en la Municipalidad, pero nunca quise; todo lo consegu\u00ed con trabajo y esfuerzo propio\u201d - El Regional","og_description":"N\u00e9stor Mojica (48), es de profesi\u00f3n panadero, mentor y coaching, locutor, presidente de la C\u00e1mara de Panaderos de Villa Mar\u00eda (Capavim) y se postula a intendente de Villa Mar\u00eda por el Frente Federal Acci\u00f3n Solidaria, Es separado, padre de Paula (25), Julieta (24), Luciana (20), N\u00e9stor (16) y Carina (15).\u00a0 Naci\u00f3 en Arroyo Cabral, vivi\u00f3 [&hellip;]","og_url":"http:\/\/elregionalvm.com.ar\/noticias-villa-maria\/desde-adentro-nestor-mojica-me-han-ofrecido-trabajar-en-la-municipalidad-pero-nunca-quise-todo-lo-consegui-con-trabajo-y-esfuerzo-propio\/","og_site_name":"El Regional","article_publisher":"https:\/\/www.facebook.com\/elregionalvm","article_published_time":"2023-09-17T02:51:16+00:00","article_modified_time":"2023-09-19T21:45:57+00:00","og_image":[{"width":1200,"height":800,"url":"http:\/\/elregionalvm.com.ar\/noticias-villa-maria\/wp-content\/uploads\/2023\/09\/Nestor-Mojica-portada.jpg","type":"image\/jpeg"}],"author":"Contenidos El Regional","twitter_card":"summary_large_image","twitter_creator":"@elregionalvm1","twitter_site":"@elregionalvm1","twitter_misc":{"Escrito por":"Contenidos El Regional","Tiempo de lectura":"9 minutos"},"schema":{"@context":"https:\/\/schema.org","@graph":[{"@type":"Article","@id":"http:\/\/elregionalvm.com.ar\/noticias-villa-maria\/desde-adentro-nestor-mojica-me-han-ofrecido-trabajar-en-la-municipalidad-pero-nunca-quise-todo-lo-consegui-con-trabajo-y-esfuerzo-propio\/#article","isPartOf":{"@id":"http:\/\/elregionalvm.com.ar\/noticias-villa-maria\/desde-adentro-nestor-mojica-me-han-ofrecido-trabajar-en-la-municipalidad-pero-nunca-quise-todo-lo-consegui-con-trabajo-y-esfuerzo-propio\/"},"author":{"name":"Contenidos El Regional","@id":"http:\/\/elregionalvm.com.ar\/noticias-villa-maria\/#\/schema\/person\/a0fb9c422317faca23d50163151bc354"},"headline":"[Desde Adentro] N\u00e9stor Mojica: \u201cMe han ofrecido trabajar en la Municipalidad, pero nunca quise; todo lo consegu\u00ed con trabajo y esfuerzo propio\u201d","datePublished":"2023-09-17T02:51:16+00:00","dateModified":"2023-09-19T21:45:57+00:00","mainEntityOfPage":{"@id":"http:\/\/elregionalvm.com.ar\/noticias-villa-maria\/desde-adentro-nestor-mojica-me-han-ofrecido-trabajar-en-la-municipalidad-pero-nunca-quise-todo-lo-consegui-con-trabajo-y-esfuerzo-propio\/"},"wordCount":1824,"commentCount":0,"image":{"@id":"http:\/\/elregionalvm.com.ar\/noticias-villa-maria\/desde-adentro-nestor-mojica-me-han-ofrecido-trabajar-en-la-municipalidad-pero-nunca-quise-todo-lo-consegui-con-trabajo-y-esfuerzo-propio\/#primaryimage"},"thumbnailUrl":"https:\/\/i0.wp.com\/elregionalvm.com.ar\/noticias-villa-maria\/wp-content\/uploads\/2023\/09\/Nestor-Mojica-portada.jpg?fit=1200%2C800&ssl=1","keywords":["candidato","coaching","Desde Adentro","elecciones","Entrevista","intendente","locutor","N\u00e9stor Mojica","Panader\u00eda","Pol\u00edtica","radicalismo","radio"],"articleSection":["Historias","Pol\u00edtica","tercera","Videos"],"inLanguage":"es","potentialAction":[{"@type":"CommentAction","name":"Comment","target":["http:\/\/elregionalvm.com.ar\/noticias-villa-maria\/desde-adentro-nestor-mojica-me-han-ofrecido-trabajar-en-la-municipalidad-pero-nunca-quise-todo-lo-consegui-con-trabajo-y-esfuerzo-propio\/#respond"]}]},{"@type":"WebPage","@id":"http:\/\/elregionalvm.com.ar\/noticias-villa-maria\/desde-adentro-nestor-mojica-me-han-ofrecido-trabajar-en-la-municipalidad-pero-nunca-quise-todo-lo-consegui-con-trabajo-y-esfuerzo-propio\/","url":"http:\/\/elregionalvm.com.ar\/noticias-villa-maria\/desde-adentro-nestor-mojica-me-han-ofrecido-trabajar-en-la-municipalidad-pero-nunca-quise-todo-lo-consegui-con-trabajo-y-esfuerzo-propio\/","name":"[Desde Adentro] N\u00e9stor Mojica: \u201cMe han ofrecido trabajar en la Municipalidad, pero nunca quise; todo lo consegu\u00ed con trabajo y esfuerzo propio\u201d - El Regional","isPartOf":{"@id":"http:\/\/elregionalvm.com.ar\/noticias-villa-maria\/#website"},"primaryImageOfPage":{"@id":"http:\/\/elregionalvm.com.ar\/noticias-villa-maria\/desde-adentro-nestor-mojica-me-han-ofrecido-trabajar-en-la-municipalidad-pero-nunca-quise-todo-lo-consegui-con-trabajo-y-esfuerzo-propio\/#primaryimage"},"image":{"@id":"http:\/\/elregionalvm.com.ar\/noticias-villa-maria\/desde-adentro-nestor-mojica-me-han-ofrecido-trabajar-en-la-municipalidad-pero-nunca-quise-todo-lo-consegui-con-trabajo-y-esfuerzo-propio\/#primaryimage"},"thumbnailUrl":"https:\/\/i0.wp.com\/elregionalvm.com.ar\/noticias-villa-maria\/wp-content\/uploads\/2023\/09\/Nestor-Mojica-portada.jpg?fit=1200%2C800&ssl=1","datePublished":"2023-09-17T02:51:16+00:00","dateModified":"2023-09-19T21:45:57+00:00","author":{"@id":"http:\/\/elregionalvm.com.ar\/noticias-villa-maria\/#\/schema\/person\/a0fb9c422317faca23d50163151bc354"},"breadcrumb":{"@id":"http:\/\/elregionalvm.com.ar\/noticias-villa-maria\/desde-adentro-nestor-mojica-me-han-ofrecido-trabajar-en-la-municipalidad-pero-nunca-quise-todo-lo-consegui-con-trabajo-y-esfuerzo-propio\/#breadcrumb"},"inLanguage":"es","potentialAction":[{"@type":"ReadAction","target":["http:\/\/elregionalvm.com.ar\/noticias-villa-maria\/desde-adentro-nestor-mojica-me-han-ofrecido-trabajar-en-la-municipalidad-pero-nunca-quise-todo-lo-consegui-con-trabajo-y-esfuerzo-propio\/"]}]},{"@type":"ImageObject","inLanguage":"es","@id":"http:\/\/elregionalvm.com.ar\/noticias-villa-maria\/desde-adentro-nestor-mojica-me-han-ofrecido-trabajar-en-la-municipalidad-pero-nunca-quise-todo-lo-consegui-con-trabajo-y-esfuerzo-propio\/#primaryimage","url":"https:\/\/i0.wp.com\/elregionalvm.com.ar\/noticias-villa-maria\/wp-content\/uploads\/2023\/09\/Nestor-Mojica-portada.jpg?fit=1200%2C800&ssl=1","contentUrl":"https:\/\/i0.wp.com\/elregionalvm.com.ar\/noticias-villa-maria\/wp-content\/uploads\/2023\/09\/Nestor-Mojica-portada.jpg?fit=1200%2C800&ssl=1","width":1200,"height":800},{"@type":"BreadcrumbList","@id":"http:\/\/elregionalvm.com.ar\/noticias-villa-maria\/desde-adentro-nestor-mojica-me-han-ofrecido-trabajar-en-la-municipalidad-pero-nunca-quise-todo-lo-consegui-con-trabajo-y-esfuerzo-propio\/#breadcrumb","itemListElement":[{"@type":"ListItem","position":1,"name":"Portada","item":"https:\/\/elregionalvm.com.ar\/noticias-villa-maria\/"},{"@type":"ListItem","position":2,"name":"[Desde Adentro] N\u00e9stor Mojica: \u201cMe han ofrecido trabajar en la Municipalidad, pero nunca quise; todo lo consegu\u00ed con trabajo y esfuerzo propio\u201d"}]},{"@type":"WebSite","@id":"http:\/\/elregionalvm.com.ar\/noticias-villa-maria\/#website","url":"http:\/\/elregionalvm.com.ar\/noticias-villa-maria\/","name":"El Regional","description":"Mucho m\u00e1s que informaci\u00f3n","potentialAction":[{"@type":"SearchAction","target":{"@type":"EntryPoint","urlTemplate":"http:\/\/elregionalvm.com.ar\/noticias-villa-maria\/?s={search_term_string}"},"query-input":{"@type":"PropertyValueSpecification","valueRequired":true,"valueName":"search_term_string"}}],"inLanguage":"es"},{"@type":"Person","@id":"http:\/\/elregionalvm.com.ar\/noticias-villa-maria\/#\/schema\/person\/a0fb9c422317faca23d50163151bc354","name":"Contenidos El Regional","image":{"@type":"ImageObject","inLanguage":"es","@id":"http:\/\/elregionalvm.com.ar\/noticias-villa-maria\/#\/schema\/person\/image\/","url":"https:\/\/secure.gravatar.com\/avatar\/265b27cb2209af7bb3a1318f03305787d7981a5cc6e6cd08fe5a4ecdf99d4b48?s=96&d=mm&r=g","contentUrl":"https:\/\/secure.gravatar.com\/avatar\/265b27cb2209af7bb3a1318f03305787d7981a5cc6e6cd08fe5a4ecdf99d4b48?s=96&d=mm&r=g","caption":"Contenidos El Regional"},"url":"https:\/\/elregionalvm.com.ar\/noticias-villa-maria\/author\/contenido\/"}]}},"jetpack_featured_media_url":"https:\/\/i0.wp.com\/elregionalvm.com.ar\/noticias-villa-maria\/wp-content\/uploads\/2023\/09\/Nestor-Mojica-portada.jpg?fit=1200%2C800&ssl=1","jetpack_sharing_enabled":true,"_links":{"self":[{"href":"https:\/\/elregionalvm.com.ar\/noticias-villa-maria\/wp-json\/wp\/v2\/posts\/82740","targetHints":{"allow":["GET"]}}],"collection":[{"href":"https:\/\/elregionalvm.com.ar\/noticias-villa-maria\/wp-json\/wp\/v2\/posts"}],"about":[{"href":"https:\/\/elregionalvm.com.ar\/noticias-villa-maria\/wp-json\/wp\/v2\/types\/post"}],"author":[{"embeddable":true,"href":"https:\/\/elregionalvm.com.ar\/noticias-villa-maria\/wp-json\/wp\/v2\/users\/4"}],"replies":[{"embeddable":true,"href":"https:\/\/elregionalvm.com.ar\/noticias-villa-maria\/wp-json\/wp\/v2\/comments?post=82740"}],"version-history":[{"count":3,"href":"https:\/\/elregionalvm.com.ar\/noticias-villa-maria\/wp-json\/wp\/v2\/posts\/82740\/revisions"}],"predecessor-version":[{"id":82750,"href":"https:\/\/elregionalvm.com.ar\/noticias-villa-maria\/wp-json\/wp\/v2\/posts\/82740\/revisions\/82750"}],"wp:featuredmedia":[{"embeddable":true,"href":"https:\/\/elregionalvm.com.ar\/noticias-villa-maria\/wp-json\/wp\/v2\/media\/82742"}],"wp:attachment":[{"href":"https:\/\/elregionalvm.com.ar\/noticias-villa-maria\/wp-json\/wp\/v2\/media?parent=82740"}],"wp:term":[{"taxonomy":"category","embeddable":true,"href":"https:\/\/elregionalvm.com.ar\/noticias-villa-maria\/wp-json\/wp\/v2\/categories?post=82740"},{"taxonomy":"post_tag","embeddable":true,"href":"https:\/\/elregionalvm.com.ar\/noticias-villa-maria\/wp-json\/wp\/v2\/tags?post=82740"}],"curies":[{"name":"wp","href":"https:\/\/api.w.org\/{rel}","templated":true}]}}