{"id":82751,"date":"2023-09-17T22:41:41","date_gmt":"2023-09-17T22:41:41","guid":{"rendered":"https:\/\/elregionalvm.com.ar\/noticias-villa-maria\/?p=82751"},"modified":"2023-09-19T02:53:46","modified_gmt":"2023-09-19T02:53:46","slug":"opinion-para-bajar-la-inflacion-hay-que-ordenar-el-sistema-previsional","status":"publish","type":"post","link":"https:\/\/elregionalvm.com.ar\/noticias-villa-maria\/opinion-para-bajar-la-inflacion-hay-que-ordenar-el-sistema-previsional\/","title":{"rendered":"[Opini\u00f3n] Para bajar la inflaci\u00f3n hay que ordenar el sistema previsional"},"content":{"rendered":"\n<p><\/p>\n\n\n\n<h3 class=\"wp-block-heading\"><strong>El Presupuesto 2024 presenta n\u00fameros inveros\u00edmiles. Aun as\u00ed, en sus c\u00e1lculos demuestra que, cuando la inflaci\u00f3n baja, el gasto previsional se recupera dificultando alcanzar el equilibrio fiscal. Este dilema no se resuelve volviendo a manipular la movilidad, sino ordenando el sistema previsional.<\/strong><\/h3>\n\n\n\n<p><\/p>\n\n\n\n<p>El Ministerio de Econom\u00eda elev\u00f3 al Congreso el proyecto de ley de Presupuesto 2024. El proyecto contiene dos dimensiones interesantes. Por un lado, explicita c\u00f3mo considera el gobierno que terminar\u00e1n las cuentas p\u00fablicas en el corriente a\u00f1o (ejercicio 2023). Por otro, explicita las proyecciones para el ejercicio siguiente (ejercicio 2024).<\/p>\n\n\n\n<p>Seg\u00fan la presentaci\u00f3n del gobierno el resultado financiero para el 2023 ser\u00e1 de un desequilibrio equivalente al 4,4% del PBI en el 2023 y bajar\u00eda a 2,7% del PBI en el 2024.<\/p>\n\n\n\n<p>Esto implica que el Estado nacional seguir\u00e1 necesitando contraer nueva deuda para financiar su desequilibrio entre ingresos y gastos m\u00e1s el pago de intereses.<\/p>\n\n\n\n<p><\/p>\n\n\n\n<figure class=\"wp-block-image size-large\"><img data-recalc-dims=\"1\" fetchpriority=\"high\" decoding=\"async\" width=\"1024\" height=\"682\" src=\"https:\/\/i0.wp.com\/elregionalvm.com.ar\/noticias-villa-maria\/wp-content\/uploads\/2023\/05\/Salario-inflacion-moneda-hombre-mano-levantada.jpg?resize=1024%2C682&#038;ssl=1\" alt=\"\" class=\"wp-image-76331\" srcset=\"https:\/\/i0.wp.com\/elregionalvm.com.ar\/noticias-villa-maria\/wp-content\/uploads\/2023\/05\/Salario-inflacion-moneda-hombre-mano-levantada.jpg?resize=1024%2C682&amp;ssl=1 1024w, https:\/\/i0.wp.com\/elregionalvm.com.ar\/noticias-villa-maria\/wp-content\/uploads\/2023\/05\/Salario-inflacion-moneda-hombre-mano-levantada.jpg?resize=300%2C200&amp;ssl=1 300w, https:\/\/i0.wp.com\/elregionalvm.com.ar\/noticias-villa-maria\/wp-content\/uploads\/2023\/05\/Salario-inflacion-moneda-hombre-mano-levantada.jpg?resize=768%2C511&amp;ssl=1 768w, https:\/\/i0.wp.com\/elregionalvm.com.ar\/noticias-villa-maria\/wp-content\/uploads\/2023\/05\/Salario-inflacion-moneda-hombre-mano-levantada.jpg?w=1200&amp;ssl=1 1200w\" sizes=\"(max-width: 1000px) 100vw, 1000px\" \/><\/figure>\n\n\n\n<p><\/p>\n\n\n\n<p>Cubrir estas necesidades de financiamiento constituye un desaf\u00edo enorme en un contexto de muy baja predisposici\u00f3n del mercado a prestarle voluntariamente al Estado. Pero lo m\u00e1s inquietante son los supuestos poco consistentes sobre los que se basan las proyecciones. Siendo m\u00e1s realistas, el d\u00e9ficit resultar\u00e1 sustancialmente mayor.<\/p>\n\n\n\n<p>El Ministerio de Econom\u00eda proyecta una reducci\u00f3n del gasto p\u00fablico de 1% del PIB para el 2024, que ayudar\u00eda a bajar la inflaci\u00f3n al 70% anual. Lo interesante es observar qu\u00e9 le ocurre a la composici\u00f3n del gasto p\u00fablico con estos c\u00e1lculos. Seg\u00fan el Presupuesto 2024 se observa que:<\/p>\n\n\n\n<ul class=\"wp-block-list\"><li>En el 2022 el gasto previsional fue de 7,6% del PBI y la inflaci\u00f3n del 95% anual.<\/li><\/ul>\n\n\n\n<ul class=\"wp-block-list\"><li>En el 2023 se proyecta que el gasto previsional baje a 7,2% del PBI con una inflaci\u00f3n del 136% anual.<\/li><\/ul>\n\n\n\n<ul class=\"wp-block-list\"><li>En el 2024 se proyecta que la inflaci\u00f3n baje a 70% anual y en los c\u00e1lculos del Ministerio de Econom\u00eda el gasto previsional se recupera al 7,6% del PBI.<\/li><\/ul>\n\n\n\n<p><\/p>\n\n\n\n<figure class=\"wp-block-image\"><img data-recalc-dims=\"1\" decoding=\"async\" src=\"https:\/\/i0.wp.com\/idesa.org\/wp-content\/uploads\/2023\/09\/Captura-de-pantalla-2023-09-17-a-las-14.28.27.png?ssl=1\" alt=\"\"\/><\/figure>\n\n\n\n<p><\/p>\n\n\n\n<p><\/p>\n\n\n\n<p>Estos datos muestran que uno de los principales desaf\u00edos del pr\u00f3ximo gobierno, si quiere bajar la inflaci\u00f3n, es evitar que el gasto previsional no desestabilice las cuentas p\u00fablicas.<\/p>\n\n\n\n<p>Este problema se alert\u00f3 en anteriores informes de IDESA (https:\/\/idesa.org\/el-sistema-previsional-plantea-mas-desafios-que-las-leliq\/). Los c\u00e1lculos del Ministerio de Econom\u00eda confirman que para bajar el gasto p\u00fablico en un 1% del PBI y la inflaci\u00f3n al 70% anual habr\u00eda que ajustar el resto de las partidas presupuestarias en 1,4% del PBI para compensar la suba del gasto previsional.<\/p>\n\n\n\n<p>Para ello, el Presupuesto 2024 plantea un ajuste del gasto en personal de 0,8% del PBI. Esto resulta muy contradictorio con el masivo incremento en el plantel de empleados p\u00fablicos que se viene dando en el 2023.<\/p>\n\n\n\n<p><strong>Licuaci\u00f3n de haberes<\/strong><\/p>\n\n\n\n<p>Una estrategia alternativa es que el pr\u00f3ximo gobierno cristalice la licuaci\u00f3n de jubilaciones que hizo el actual gobierno, cambiando la f\u00f3rmula de movilidad. La aceleraci\u00f3n de la inflaci\u00f3n, que comenz\u00f3 en el 2018, produjo una ca\u00edda del 45% en t\u00e9rminos reales del haber promedio y del 25% en los haberes m\u00ednimos reforzados con los bonos, comparando diciembre 2017 con noviembre 2023.<\/p>\n\n\n\n<p><\/p>\n\n\n\n<figure class=\"wp-block-image size-large\"><img data-recalc-dims=\"1\" decoding=\"async\" width=\"1024\" height=\"560\" src=\"https:\/\/i0.wp.com\/elregionalvm.com.ar\/noticias-villa-maria\/wp-content\/uploads\/2022\/11\/Banco-cola-cobro-jubilados.jpg?resize=1024%2C560&#038;ssl=1\" alt=\"\" class=\"wp-image-67985\" srcset=\"https:\/\/i0.wp.com\/elregionalvm.com.ar\/noticias-villa-maria\/wp-content\/uploads\/2022\/11\/Banco-cola-cobro-jubilados.jpg?resize=1024%2C560&amp;ssl=1 1024w, https:\/\/i0.wp.com\/elregionalvm.com.ar\/noticias-villa-maria\/wp-content\/uploads\/2022\/11\/Banco-cola-cobro-jubilados.jpg?resize=300%2C164&amp;ssl=1 300w, https:\/\/i0.wp.com\/elregionalvm.com.ar\/noticias-villa-maria\/wp-content\/uploads\/2022\/11\/Banco-cola-cobro-jubilados.jpg?resize=768%2C420&amp;ssl=1 768w, https:\/\/i0.wp.com\/elregionalvm.com.ar\/noticias-villa-maria\/wp-content\/uploads\/2022\/11\/Banco-cola-cobro-jubilados.jpg?w=1200&amp;ssl=1 1200w\" sizes=\"(max-width: 1000px) 100vw, 1000px\" \/><\/figure>\n\n\n\n<p><\/p>\n\n\n\n<p>Se trata de una enorme licuaci\u00f3n de haberes jubilatorios que muestra que el descalabro fiscal es mucho peor de lo que las cuentas oficiales muestran. Querer manipular la movilidad para mantener esta licuaci\u00f3n en el futuro, adem\u00e1s de ser \u00e9tica y socialmente reprochable, es fiscalmente inconsistente ya que genera el terreno f\u00e9rtil para una nueva ola de juicios previsionales.<\/p>\n\n\n\n<p>Hay que aceptar que manipular la movilidad para mantener la licuaci\u00f3n no es un ahorro, sino un alivio transitorio financiado con deuda previsional (que la contabilidad p\u00fablica no registra como tal).<\/p>\n\n\n\n<p>Estos antecedentes alertan sobre el desenfoque de prioridades en la agenda de temas para los debates presidenciales. Por un lado, se prev\u00e9 abordar la educaci\u00f3n. Sin bien mejorar el sistema educativo es estrat\u00e9gico, esta es una responsabilidad exclusivamente de las provincias.<\/p>\n\n\n\n<p>Por lo tanto, su debate a nivel de candidatos presidenciales tiene escasa relevancia, llevando seguramente a confusiones y meras expresiones de deseos. Por otro lado, no se contempla tiempo para que los candidatos expliquen cu\u00e1les son sus propuestas en materia previsional, tema decisivo y crucial para normalizar la macroeconom\u00eda.<\/p>\n\n\n\n<p>La sociedad demanda bajar la inflaci\u00f3n. Esto no legitima a que, para lograrlo, se perpet\u00fae la licuaci\u00f3n de jubilaciones que se viene acumulando en los \u00faltimos a\u00f1os. La \u00fanica manera de compatibilizar ambos objetivos es con un ordenamiento integral del sistema previsional.<\/p>\n\n\n\n<p>Para ello, se necesitan ideas innovadoras y audacia pol\u00edtica que, lamentablemente, por un error de dise\u00f1o, no ser\u00e1n abordadas en los debates presidenciales.\u00a0\u00a0\u00a0<\/p>\n\n\n\n<p><\/p>\n\n\n\n<h3 class=\"wp-block-heading\"><strong>Tambi\u00e9n pod\u00e9s ver:<\/strong><\/h3>\n\n\n\n<p><\/p>\n\n\n\n<figure class=\"wp-block-embed is-type-wp-embed is-provider-el-regional wp-block-embed-el-regional\"><div class=\"wp-block-embed__wrapper\">\n<blockquote class=\"wp-embedded-content\" data-secret=\"1d0jnATknD\"><a href=\"https:\/\/elregionalvm.com.ar\/noticias-villa-maria\/opinion-jubilaciones-el-agujero-negro-en-la-economia-video\/\">[Opini\u00f3n] Jubilaciones: El agujero negro en la econom\u00eda (VIDEO)<\/a><\/blockquote><iframe class=\"wp-embedded-content\" sandbox=\"allow-scripts\" security=\"restricted\" style=\"position: absolute; clip: rect(1px, 1px, 1px, 1px);\" title=\"\u00ab[Opini\u00f3n] Jubilaciones: El agujero negro en la econom\u00eda (VIDEO)\u00bb \u2014 El Regional\" src=\"https:\/\/elregionalvm.com.ar\/noticias-villa-maria\/opinion-jubilaciones-el-agujero-negro-en-la-economia-video\/embed\/#?secret=I8wIbofIjN#?secret=1d0jnATknD\" data-secret=\"1d0jnATknD\" width=\"500\" height=\"282\" frameborder=\"0\" marginwidth=\"0\" marginheight=\"0\" scrolling=\"no\"><\/iframe>\n<\/div><\/figure>\n\n\n\n<p><\/p>\n","protected":false},"excerpt":{"rendered":"<p>El Presupuesto 2024 presenta n\u00fameros inveros\u00edmiles. Aun as\u00ed, en sus c\u00e1lculos demuestra que, cuando la inflaci\u00f3n baja, el gasto previsional se recupera dificultando alcanzar el equilibrio fiscal. Este dilema no se resuelve volviendo a manipular la movilidad, sino ordenando el sistema previsional. El Ministerio de Econom\u00eda elev\u00f3 al Congreso el proyecto de ley de Presupuesto [&hellip;]<\/p>\n","protected":false},"author":4,"featured_media":71643,"comment_status":"open","ping_status":"open","sticky":false,"template":"","format":"standard","meta":{"site-sidebar-layout":"default","site-content-layout":"","ast-site-content-layout":"default","site-content-style":"default","site-sidebar-style":"default","ast-global-header-display":"","ast-banner-title-visibility":"","ast-main-header-display":"","ast-hfb-above-header-display":"","ast-hfb-below-header-display":"","ast-hfb-mobile-header-display":"","site-post-title":"","ast-breadcrumbs-content":"","ast-featured-img":"","footer-sml-layout":"","ast-disable-related-posts":"","theme-transparent-header-meta":"","adv-header-id-meta":"","stick-header-meta":"","header-above-stick-meta":"","header-main-stick-meta":"","header-below-stick-meta":"","astra-migrate-meta-layouts":"set","ast-page-background-enabled":"default","ast-page-background-meta":{"desktop":{"background-color":"","background-image":"","background-repeat":"repeat","background-position":"center center","background-size":"auto","background-attachment":"scroll","background-type":"","background-media":"","overlay-type":"","overlay-color":"","overlay-opacity":"","overlay-gradient":""},"tablet":{"background-color":"","background-image":"","background-repeat":"repeat","background-position":"center center","background-size":"auto","background-attachment":"scroll","background-type":"","background-media":"","overlay-type":"","overlay-color":"","overlay-opacity":"","overlay-gradient":""},"mobile":{"background-color":"","background-image":"","background-repeat":"repeat","background-position":"center center","background-size":"auto","background-attachment":"scroll","background-type":"","background-media":"","overlay-type":"","overlay-color":"","overlay-opacity":"","overlay-gradient":""}},"ast-content-background-meta":{"desktop":{"background-color":"var(--ast-global-color-5)","background-image":"","background-repeat":"repeat","background-position":"center center","background-size":"auto","background-attachment":"scroll","background-type":"","background-media":"","overlay-type":"","overlay-color":"","overlay-opacity":"","overlay-gradient":""},"tablet":{"background-color":"var(--ast-global-color-5)","background-image":"","background-repeat":"repeat","background-position":"center center","background-size":"auto","background-attachment":"scroll","background-type":"","background-media":"","overlay-type":"","overlay-color":"","overlay-opacity":"","overlay-gradient":""},"mobile":{"background-color":"var(--ast-global-color-5)","background-image":"","background-repeat":"repeat","background-position":"center center","background-size":"auto","background-attachment":"scroll","background-type":"","background-media":"","overlay-type":"","overlay-color":"","overlay-opacity":"","overlay-gradient":""}},"_jetpack_memberships_contains_paid_content":false,"_joinchat":[],"footnotes":""},"categories":[365,3557],"tags":[14103,15300,1973,2467,3572,11232,7094,6314],"class_list":["post-82751","post","type-post","status-publish","format-standard","has-post-thumbnail","hentry","category-opinion","category-tercera","tag-deficit","tag-gasto","tag-idesa","tag-inflacion","tag-jubilaciones","tag-ministerio-de-economia","tag-movilidad","tag-sistema-previsional"],"yoast_head":"<!-- This site is optimized with the Yoast SEO plugin v26.8 - https:\/\/yoast.com\/product\/yoast-seo-wordpress\/ -->\n<title>[Opini\u00f3n] Para bajar la inflaci\u00f3n hay que ordenar el sistema previsional - El Regional<\/title>\n<meta name=\"robots\" content=\"index, follow, max-snippet:-1, max-image-preview:large, max-video-preview:-1\" \/>\n<link rel=\"canonical\" href=\"http:\/\/elregionalvm.com.ar\/noticias-villa-maria\/opinion-para-bajar-la-inflacion-hay-que-ordenar-el-sistema-previsional\/\" \/>\n<meta property=\"og:locale\" content=\"es_ES\" \/>\n<meta property=\"og:type\" content=\"article\" \/>\n<meta property=\"og:title\" content=\"[Opini\u00f3n] Para bajar la inflaci\u00f3n hay que ordenar el sistema previsional - El Regional\" \/>\n<meta property=\"og:description\" content=\"El Presupuesto 2024 presenta n\u00fameros inveros\u00edmiles. Aun as\u00ed, en sus c\u00e1lculos demuestra que, cuando la inflaci\u00f3n baja, el gasto previsional se recupera dificultando alcanzar el equilibrio fiscal. Este dilema no se resuelve volviendo a manipular la movilidad, sino ordenando el sistema previsional. El Ministerio de Econom\u00eda elev\u00f3 al Congreso el proyecto de ley de Presupuesto [&hellip;]\" \/>\n<meta property=\"og:url\" content=\"http:\/\/elregionalvm.com.ar\/noticias-villa-maria\/opinion-para-bajar-la-inflacion-hay-que-ordenar-el-sistema-previsional\/\" \/>\n<meta property=\"og:site_name\" content=\"El Regional\" \/>\n<meta property=\"article:publisher\" content=\"https:\/\/www.facebook.com\/elregionalvm\" \/>\n<meta property=\"article:published_time\" content=\"2023-09-17T22:41:41+00:00\" \/>\n<meta property=\"article:modified_time\" content=\"2023-09-19T02:53:46+00:00\" \/>\n<meta property=\"og:image\" content=\"http:\/\/elregionalvm.com.ar\/noticias-villa-maria\/wp-content\/uploads\/2023\/02\/deuda-bomba-economia.jpg\" \/>\n\t<meta property=\"og:image:width\" content=\"878\" \/>\n\t<meta property=\"og:image:height\" content=\"455\" \/>\n\t<meta property=\"og:image:type\" content=\"image\/jpeg\" \/>\n<meta name=\"author\" content=\"Contenidos El Regional\" \/>\n<meta name=\"twitter:card\" content=\"summary_large_image\" \/>\n<meta name=\"twitter:creator\" content=\"@elregionalvm1\" \/>\n<meta name=\"twitter:site\" content=\"@elregionalvm1\" \/>\n<meta name=\"twitter:label1\" content=\"Escrito por\" \/>\n\t<meta name=\"twitter:data1\" content=\"Contenidos El Regional\" \/>\n\t<meta name=\"twitter:label2\" content=\"Tiempo de lectura\" \/>\n\t<meta name=\"twitter:data2\" content=\"5 minutos\" \/>\n<script type=\"application\/ld+json\" class=\"yoast-schema-graph\">{\"@context\":\"https:\/\/schema.org\",\"@graph\":[{\"@type\":\"Article\",\"@id\":\"http:\/\/elregionalvm.com.ar\/noticias-villa-maria\/opinion-para-bajar-la-inflacion-hay-que-ordenar-el-sistema-previsional\/#article\",\"isPartOf\":{\"@id\":\"http:\/\/elregionalvm.com.ar\/noticias-villa-maria\/opinion-para-bajar-la-inflacion-hay-que-ordenar-el-sistema-previsional\/\"},\"author\":{\"name\":\"Contenidos El Regional\",\"@id\":\"http:\/\/elregionalvm.com.ar\/noticias-villa-maria\/#\/schema\/person\/a0fb9c422317faca23d50163151bc354\"},\"headline\":\"[Opini\u00f3n] Para bajar la inflaci\u00f3n hay que ordenar el sistema previsional\",\"datePublished\":\"2023-09-17T22:41:41+00:00\",\"dateModified\":\"2023-09-19T02:53:46+00:00\",\"mainEntityOfPage\":{\"@id\":\"http:\/\/elregionalvm.com.ar\/noticias-villa-maria\/opinion-para-bajar-la-inflacion-hay-que-ordenar-el-sistema-previsional\/\"},\"wordCount\":800,\"commentCount\":0,\"image\":{\"@id\":\"http:\/\/elregionalvm.com.ar\/noticias-villa-maria\/opinion-para-bajar-la-inflacion-hay-que-ordenar-el-sistema-previsional\/#primaryimage\"},\"thumbnailUrl\":\"https:\/\/i0.wp.com\/elregionalvm.com.ar\/noticias-villa-maria\/wp-content\/uploads\/2023\/02\/deuda-bomba-economia.jpg?fit=878%2C455&ssl=1\",\"keywords\":[\"d\u00e9ficit\",\"gasto\",\"IDESA\",\"Inflaci\u00f3n\",\"Jubilaciones\",\"Ministerio de Econom\u00eda\",\"movilidad\",\"sistema previsional\"],\"articleSection\":[\"Opini\u00f3n\",\"tercera\"],\"inLanguage\":\"es\",\"potentialAction\":[{\"@type\":\"CommentAction\",\"name\":\"Comment\",\"target\":[\"http:\/\/elregionalvm.com.ar\/noticias-villa-maria\/opinion-para-bajar-la-inflacion-hay-que-ordenar-el-sistema-previsional\/#respond\"]}]},{\"@type\":\"WebPage\",\"@id\":\"http:\/\/elregionalvm.com.ar\/noticias-villa-maria\/opinion-para-bajar-la-inflacion-hay-que-ordenar-el-sistema-previsional\/\",\"url\":\"http:\/\/elregionalvm.com.ar\/noticias-villa-maria\/opinion-para-bajar-la-inflacion-hay-que-ordenar-el-sistema-previsional\/\",\"name\":\"[Opini\u00f3n] Para bajar la inflaci\u00f3n hay que ordenar el sistema previsional - El Regional\",\"isPartOf\":{\"@id\":\"http:\/\/elregionalvm.com.ar\/noticias-villa-maria\/#website\"},\"primaryImageOfPage\":{\"@id\":\"http:\/\/elregionalvm.com.ar\/noticias-villa-maria\/opinion-para-bajar-la-inflacion-hay-que-ordenar-el-sistema-previsional\/#primaryimage\"},\"image\":{\"@id\":\"http:\/\/elregionalvm.com.ar\/noticias-villa-maria\/opinion-para-bajar-la-inflacion-hay-que-ordenar-el-sistema-previsional\/#primaryimage\"},\"thumbnailUrl\":\"https:\/\/i0.wp.com\/elregionalvm.com.ar\/noticias-villa-maria\/wp-content\/uploads\/2023\/02\/deuda-bomba-economia.jpg?fit=878%2C455&ssl=1\",\"datePublished\":\"2023-09-17T22:41:41+00:00\",\"dateModified\":\"2023-09-19T02:53:46+00:00\",\"author\":{\"@id\":\"http:\/\/elregionalvm.com.ar\/noticias-villa-maria\/#\/schema\/person\/a0fb9c422317faca23d50163151bc354\"},\"breadcrumb\":{\"@id\":\"http:\/\/elregionalvm.com.ar\/noticias-villa-maria\/opinion-para-bajar-la-inflacion-hay-que-ordenar-el-sistema-previsional\/#breadcrumb\"},\"inLanguage\":\"es\",\"potentialAction\":[{\"@type\":\"ReadAction\",\"target\":[\"http:\/\/elregionalvm.com.ar\/noticias-villa-maria\/opinion-para-bajar-la-inflacion-hay-que-ordenar-el-sistema-previsional\/\"]}]},{\"@type\":\"ImageObject\",\"inLanguage\":\"es\",\"@id\":\"http:\/\/elregionalvm.com.ar\/noticias-villa-maria\/opinion-para-bajar-la-inflacion-hay-que-ordenar-el-sistema-previsional\/#primaryimage\",\"url\":\"https:\/\/i0.wp.com\/elregionalvm.com.ar\/noticias-villa-maria\/wp-content\/uploads\/2023\/02\/deuda-bomba-economia.jpg?fit=878%2C455&ssl=1\",\"contentUrl\":\"https:\/\/i0.wp.com\/elregionalvm.com.ar\/noticias-villa-maria\/wp-content\/uploads\/2023\/02\/deuda-bomba-economia.jpg?fit=878%2C455&ssl=1\",\"width\":878,\"height\":455},{\"@type\":\"BreadcrumbList\",\"@id\":\"http:\/\/elregionalvm.com.ar\/noticias-villa-maria\/opinion-para-bajar-la-inflacion-hay-que-ordenar-el-sistema-previsional\/#breadcrumb\",\"itemListElement\":[{\"@type\":\"ListItem\",\"position\":1,\"name\":\"Portada\",\"item\":\"https:\/\/elregionalvm.com.ar\/noticias-villa-maria\/\"},{\"@type\":\"ListItem\",\"position\":2,\"name\":\"[Opini\u00f3n] Para bajar la inflaci\u00f3n hay que ordenar el sistema previsional\"}]},{\"@type\":\"WebSite\",\"@id\":\"http:\/\/elregionalvm.com.ar\/noticias-villa-maria\/#website\",\"url\":\"http:\/\/elregionalvm.com.ar\/noticias-villa-maria\/\",\"name\":\"El Regional\",\"description\":\"Mucho m\u00e1s que informaci\u00f3n\",\"potentialAction\":[{\"@type\":\"SearchAction\",\"target\":{\"@type\":\"EntryPoint\",\"urlTemplate\":\"http:\/\/elregionalvm.com.ar\/noticias-villa-maria\/?s={search_term_string}\"},\"query-input\":{\"@type\":\"PropertyValueSpecification\",\"valueRequired\":true,\"valueName\":\"search_term_string\"}}],\"inLanguage\":\"es\"},{\"@type\":\"Person\",\"@id\":\"http:\/\/elregionalvm.com.ar\/noticias-villa-maria\/#\/schema\/person\/a0fb9c422317faca23d50163151bc354\",\"name\":\"Contenidos El Regional\",\"image\":{\"@type\":\"ImageObject\",\"inLanguage\":\"es\",\"@id\":\"http:\/\/elregionalvm.com.ar\/noticias-villa-maria\/#\/schema\/person\/image\/\",\"url\":\"https:\/\/secure.gravatar.com\/avatar\/265b27cb2209af7bb3a1318f03305787d7981a5cc6e6cd08fe5a4ecdf99d4b48?s=96&d=mm&r=g\",\"contentUrl\":\"https:\/\/secure.gravatar.com\/avatar\/265b27cb2209af7bb3a1318f03305787d7981a5cc6e6cd08fe5a4ecdf99d4b48?s=96&d=mm&r=g\",\"caption\":\"Contenidos El Regional\"},\"url\":\"https:\/\/elregionalvm.com.ar\/noticias-villa-maria\/author\/contenido\/\"}]}<\/script>\n<!-- \/ Yoast SEO plugin. -->","yoast_head_json":{"title":"[Opini\u00f3n] Para bajar la inflaci\u00f3n hay que ordenar el sistema previsional - El Regional","robots":{"index":"index","follow":"follow","max-snippet":"max-snippet:-1","max-image-preview":"max-image-preview:large","max-video-preview":"max-video-preview:-1"},"canonical":"http:\/\/elregionalvm.com.ar\/noticias-villa-maria\/opinion-para-bajar-la-inflacion-hay-que-ordenar-el-sistema-previsional\/","og_locale":"es_ES","og_type":"article","og_title":"[Opini\u00f3n] Para bajar la inflaci\u00f3n hay que ordenar el sistema previsional - El Regional","og_description":"El Presupuesto 2024 presenta n\u00fameros inveros\u00edmiles. Aun as\u00ed, en sus c\u00e1lculos demuestra que, cuando la inflaci\u00f3n baja, el gasto previsional se recupera dificultando alcanzar el equilibrio fiscal. Este dilema no se resuelve volviendo a manipular la movilidad, sino ordenando el sistema previsional. El Ministerio de Econom\u00eda elev\u00f3 al Congreso el proyecto de ley de Presupuesto [&hellip;]","og_url":"http:\/\/elregionalvm.com.ar\/noticias-villa-maria\/opinion-para-bajar-la-inflacion-hay-que-ordenar-el-sistema-previsional\/","og_site_name":"El Regional","article_publisher":"https:\/\/www.facebook.com\/elregionalvm","article_published_time":"2023-09-17T22:41:41+00:00","article_modified_time":"2023-09-19T02:53:46+00:00","og_image":[{"width":878,"height":455,"url":"http:\/\/elregionalvm.com.ar\/noticias-villa-maria\/wp-content\/uploads\/2023\/02\/deuda-bomba-economia.jpg","type":"image\/jpeg"}],"author":"Contenidos El Regional","twitter_card":"summary_large_image","twitter_creator":"@elregionalvm1","twitter_site":"@elregionalvm1","twitter_misc":{"Escrito por":"Contenidos El Regional","Tiempo de lectura":"5 minutos"},"schema":{"@context":"https:\/\/schema.org","@graph":[{"@type":"Article","@id":"http:\/\/elregionalvm.com.ar\/noticias-villa-maria\/opinion-para-bajar-la-inflacion-hay-que-ordenar-el-sistema-previsional\/#article","isPartOf":{"@id":"http:\/\/elregionalvm.com.ar\/noticias-villa-maria\/opinion-para-bajar-la-inflacion-hay-que-ordenar-el-sistema-previsional\/"},"author":{"name":"Contenidos El Regional","@id":"http:\/\/elregionalvm.com.ar\/noticias-villa-maria\/#\/schema\/person\/a0fb9c422317faca23d50163151bc354"},"headline":"[Opini\u00f3n] Para bajar la inflaci\u00f3n hay que ordenar el sistema previsional","datePublished":"2023-09-17T22:41:41+00:00","dateModified":"2023-09-19T02:53:46+00:00","mainEntityOfPage":{"@id":"http:\/\/elregionalvm.com.ar\/noticias-villa-maria\/opinion-para-bajar-la-inflacion-hay-que-ordenar-el-sistema-previsional\/"},"wordCount":800,"commentCount":0,"image":{"@id":"http:\/\/elregionalvm.com.ar\/noticias-villa-maria\/opinion-para-bajar-la-inflacion-hay-que-ordenar-el-sistema-previsional\/#primaryimage"},"thumbnailUrl":"https:\/\/i0.wp.com\/elregionalvm.com.ar\/noticias-villa-maria\/wp-content\/uploads\/2023\/02\/deuda-bomba-economia.jpg?fit=878%2C455&ssl=1","keywords":["d\u00e9ficit","gasto","IDESA","Inflaci\u00f3n","Jubilaciones","Ministerio de Econom\u00eda","movilidad","sistema previsional"],"articleSection":["Opini\u00f3n","tercera"],"inLanguage":"es","potentialAction":[{"@type":"CommentAction","name":"Comment","target":["http:\/\/elregionalvm.com.ar\/noticias-villa-maria\/opinion-para-bajar-la-inflacion-hay-que-ordenar-el-sistema-previsional\/#respond"]}]},{"@type":"WebPage","@id":"http:\/\/elregionalvm.com.ar\/noticias-villa-maria\/opinion-para-bajar-la-inflacion-hay-que-ordenar-el-sistema-previsional\/","url":"http:\/\/elregionalvm.com.ar\/noticias-villa-maria\/opinion-para-bajar-la-inflacion-hay-que-ordenar-el-sistema-previsional\/","name":"[Opini\u00f3n] Para bajar la inflaci\u00f3n hay que ordenar el sistema previsional - El Regional","isPartOf":{"@id":"http:\/\/elregionalvm.com.ar\/noticias-villa-maria\/#website"},"primaryImageOfPage":{"@id":"http:\/\/elregionalvm.com.ar\/noticias-villa-maria\/opinion-para-bajar-la-inflacion-hay-que-ordenar-el-sistema-previsional\/#primaryimage"},"image":{"@id":"http:\/\/elregionalvm.com.ar\/noticias-villa-maria\/opinion-para-bajar-la-inflacion-hay-que-ordenar-el-sistema-previsional\/#primaryimage"},"thumbnailUrl":"https:\/\/i0.wp.com\/elregionalvm.com.ar\/noticias-villa-maria\/wp-content\/uploads\/2023\/02\/deuda-bomba-economia.jpg?fit=878%2C455&ssl=1","datePublished":"2023-09-17T22:41:41+00:00","dateModified":"2023-09-19T02:53:46+00:00","author":{"@id":"http:\/\/elregionalvm.com.ar\/noticias-villa-maria\/#\/schema\/person\/a0fb9c422317faca23d50163151bc354"},"breadcrumb":{"@id":"http:\/\/elregionalvm.com.ar\/noticias-villa-maria\/opinion-para-bajar-la-inflacion-hay-que-ordenar-el-sistema-previsional\/#breadcrumb"},"inLanguage":"es","potentialAction":[{"@type":"ReadAction","target":["http:\/\/elregionalvm.com.ar\/noticias-villa-maria\/opinion-para-bajar-la-inflacion-hay-que-ordenar-el-sistema-previsional\/"]}]},{"@type":"ImageObject","inLanguage":"es","@id":"http:\/\/elregionalvm.com.ar\/noticias-villa-maria\/opinion-para-bajar-la-inflacion-hay-que-ordenar-el-sistema-previsional\/#primaryimage","url":"https:\/\/i0.wp.com\/elregionalvm.com.ar\/noticias-villa-maria\/wp-content\/uploads\/2023\/02\/deuda-bomba-economia.jpg?fit=878%2C455&ssl=1","contentUrl":"https:\/\/i0.wp.com\/elregionalvm.com.ar\/noticias-villa-maria\/wp-content\/uploads\/2023\/02\/deuda-bomba-economia.jpg?fit=878%2C455&ssl=1","width":878,"height":455},{"@type":"BreadcrumbList","@id":"http:\/\/elregionalvm.com.ar\/noticias-villa-maria\/opinion-para-bajar-la-inflacion-hay-que-ordenar-el-sistema-previsional\/#breadcrumb","itemListElement":[{"@type":"ListItem","position":1,"name":"Portada","item":"https:\/\/elregionalvm.com.ar\/noticias-villa-maria\/"},{"@type":"ListItem","position":2,"name":"[Opini\u00f3n] Para bajar la inflaci\u00f3n hay que ordenar el sistema previsional"}]},{"@type":"WebSite","@id":"http:\/\/elregionalvm.com.ar\/noticias-villa-maria\/#website","url":"http:\/\/elregionalvm.com.ar\/noticias-villa-maria\/","name":"El Regional","description":"Mucho m\u00e1s que informaci\u00f3n","potentialAction":[{"@type":"SearchAction","target":{"@type":"EntryPoint","urlTemplate":"http:\/\/elregionalvm.com.ar\/noticias-villa-maria\/?s={search_term_string}"},"query-input":{"@type":"PropertyValueSpecification","valueRequired":true,"valueName":"search_term_string"}}],"inLanguage":"es"},{"@type":"Person","@id":"http:\/\/elregionalvm.com.ar\/noticias-villa-maria\/#\/schema\/person\/a0fb9c422317faca23d50163151bc354","name":"Contenidos El Regional","image":{"@type":"ImageObject","inLanguage":"es","@id":"http:\/\/elregionalvm.com.ar\/noticias-villa-maria\/#\/schema\/person\/image\/","url":"https:\/\/secure.gravatar.com\/avatar\/265b27cb2209af7bb3a1318f03305787d7981a5cc6e6cd08fe5a4ecdf99d4b48?s=96&d=mm&r=g","contentUrl":"https:\/\/secure.gravatar.com\/avatar\/265b27cb2209af7bb3a1318f03305787d7981a5cc6e6cd08fe5a4ecdf99d4b48?s=96&d=mm&r=g","caption":"Contenidos El Regional"},"url":"https:\/\/elregionalvm.com.ar\/noticias-villa-maria\/author\/contenido\/"}]}},"jetpack_featured_media_url":"https:\/\/i0.wp.com\/elregionalvm.com.ar\/noticias-villa-maria\/wp-content\/uploads\/2023\/02\/deuda-bomba-economia.jpg?fit=878%2C455&ssl=1","jetpack_sharing_enabled":true,"_links":{"self":[{"href":"https:\/\/elregionalvm.com.ar\/noticias-villa-maria\/wp-json\/wp\/v2\/posts\/82751","targetHints":{"allow":["GET"]}}],"collection":[{"href":"https:\/\/elregionalvm.com.ar\/noticias-villa-maria\/wp-json\/wp\/v2\/posts"}],"about":[{"href":"https:\/\/elregionalvm.com.ar\/noticias-villa-maria\/wp-json\/wp\/v2\/types\/post"}],"author":[{"embeddable":true,"href":"https:\/\/elregionalvm.com.ar\/noticias-villa-maria\/wp-json\/wp\/v2\/users\/4"}],"replies":[{"embeddable":true,"href":"https:\/\/elregionalvm.com.ar\/noticias-villa-maria\/wp-json\/wp\/v2\/comments?post=82751"}],"version-history":[{"count":3,"href":"https:\/\/elregionalvm.com.ar\/noticias-villa-maria\/wp-json\/wp\/v2\/posts\/82751\/revisions"}],"predecessor-version":[{"id":82756,"href":"https:\/\/elregionalvm.com.ar\/noticias-villa-maria\/wp-json\/wp\/v2\/posts\/82751\/revisions\/82756"}],"wp:featuredmedia":[{"embeddable":true,"href":"https:\/\/elregionalvm.com.ar\/noticias-villa-maria\/wp-json\/wp\/v2\/media\/71643"}],"wp:attachment":[{"href":"https:\/\/elregionalvm.com.ar\/noticias-villa-maria\/wp-json\/wp\/v2\/media?parent=82751"}],"wp:term":[{"taxonomy":"category","embeddable":true,"href":"https:\/\/elregionalvm.com.ar\/noticias-villa-maria\/wp-json\/wp\/v2\/categories?post=82751"},{"taxonomy":"post_tag","embeddable":true,"href":"https:\/\/elregionalvm.com.ar\/noticias-villa-maria\/wp-json\/wp\/v2\/tags?post=82751"}],"curies":[{"name":"wp","href":"https:\/\/api.w.org\/{rel}","templated":true}]}}