{"id":82765,"date":"2023-09-17T23:26:28","date_gmt":"2023-09-17T23:26:28","guid":{"rendered":"https:\/\/elregionalvm.com.ar\/noticias-villa-maria\/?p=82765"},"modified":"2023-09-19T02:06:00","modified_gmt":"2023-09-19T02:06:00","slug":"la-junta-electoral-impugno-la-boleta-del-partido-libertario-por-uso-indebido-de-imagen-de-milei-y-sus-logotipos","status":"publish","type":"post","link":"https:\/\/elregionalvm.com.ar\/noticias-villa-maria\/la-junta-electoral-impugno-la-boleta-del-partido-libertario-por-uso-indebido-de-imagen-de-milei-y-sus-logotipos\/","title":{"rendered":"La Junta Electoral le llam\u00f3 la atenci\u00f3n al Partido Libertario por uso indebido de la imagen de Milei y sus logotipos"},"content":{"rendered":"\n<p><\/p>\n\n\n\n<p>La semana pasada, tras la oficializaci\u00f3n de las diferentes listas para las elecciones municipales a celebrarse el pr\u00f3ximo 1 de octubre, cerr\u00f3 el plazo para la presentaci\u00f3n de boletas de cada uno de los espacios.<\/p>\n\n\n\n<p>En el medio de las PASO, el triunfo del candidato por La Libertad Avanza, Javier Milei, adem\u00e1s de un viento de cola para las ideas de la Libertad, desat\u00f3 idas y vueltas entre los partidos que integran el frente en la provincia y la ciudad.<\/p>\n\n\n\n<p>La Libertad Avanza, que llev\u00f3 en las pasadas elecciones provinciales a Agust\u00edn Spacceci como candidato a gobernador, resultando electo legislador provincial, se constituy\u00f3 por los partidos Ucede C\u00f3rdoba y Partido Libertario.<\/p>\n\n\n\n<p>Tras el bajo porcentaje obtenido, m\u00e1s all\u00e1 de lograr una hist\u00f3rica banca, el referente nacional desconoci\u00f3 a sus candidatos, manifestando su disconformidad con el uso de su nombre e im\u00e1genes.<\/p>\n\n\n\n<p>En di\u00e1logo con el periodista Eduardo Feinmann en Radio Mitre, Milei se despeg\u00f3 de Spacceci, afirmando \u00abEsto lo hab\u00edamos aclarado antes, nosotros no ten\u00edamos ning\u00fan candidato en C\u00f3rdoba\u00bb.<\/p>\n\n\n\n<p><\/p>\n\n\n\n<figure class=\"wp-block-image size-large\"><img data-recalc-dims=\"1\" fetchpriority=\"high\" decoding=\"async\" width=\"907\" height=\"1024\" src=\"https:\/\/i0.wp.com\/elregionalvm.com.ar\/noticias-villa-maria\/wp-content\/uploads\/2023\/09\/Comunicado-La-Libertad-Avanza.jpeg?resize=907%2C1024&#038;ssl=1\" alt=\"\" class=\"wp-image-82768\" srcset=\"https:\/\/i0.wp.com\/elregionalvm.com.ar\/noticias-villa-maria\/wp-content\/uploads\/2023\/09\/Comunicado-La-Libertad-Avanza.jpeg?resize=907%2C1024&amp;ssl=1 907w, https:\/\/i0.wp.com\/elregionalvm.com.ar\/noticias-villa-maria\/wp-content\/uploads\/2023\/09\/Comunicado-La-Libertad-Avanza.jpeg?resize=266%2C300&amp;ssl=1 266w, https:\/\/i0.wp.com\/elregionalvm.com.ar\/noticias-villa-maria\/wp-content\/uploads\/2023\/09\/Comunicado-La-Libertad-Avanza.jpeg?resize=768%2C867&amp;ssl=1 768w, https:\/\/i0.wp.com\/elregionalvm.com.ar\/noticias-villa-maria\/wp-content\/uploads\/2023\/09\/Comunicado-La-Libertad-Avanza.jpeg?w=1080&amp;ssl=1 1080w\" sizes=\"(max-width: 907px) 100vw, 907px\" \/><figcaption><em>Comunicado de La Libertad Avanza respecto del uso de la imagen de Milei. <br><\/em><\/figcaption><\/figure>\n\n\n\n<p>Y finaliz\u00f3 dicha entrevista remarcando: \u00abLo que sucede es que aparece gente que se apropia de la marca indebidamente y la Justicia siempre los autoriza a jugar\u00bb.<\/p>\n\n\n\n<p><strong>El caso en Villa Mar\u00eda<\/strong><\/p>\n\n\n\n<p>Sucede que, en nuestra ciudad, los partidos integrantes del frente (incluso de la conformaci\u00f3n nacional) van por separados, sea en alianzas como solos, tal es el caso del Partido Libertario (PL) quien lleva de candidata a intendenta a Julieta Ceballos.<\/p>\n\n\n\n<p>La pol\u00e9mica, se desat\u00f3 cuando se viralizaron en las redes y notas period\u00edsticas la candidatura de un partido que no cuenta oficialmente con el apoyo de Javier Milei.<\/p>\n\n\n\n<p>Es ante esto, que los apoderados del frente \u00abEncuentro Democr\u00e1tico por la Libertad\u00bb, alianza entre la Ucede C\u00f3rdoba y Encuentro Vecinal que lleva c\u00f3mo candidato a Alejandro L\u00f3pez para la intendencia present\u00f3 el pedido de impugnaci\u00f3n de la boleta del PL ante la Junta Electoral Municipal.<\/p>\n\n\n\n<p><\/p>\n\n\n\n<figure class=\"wp-block-image size-large\"><img data-recalc-dims=\"1\" decoding=\"async\" width=\"1024\" height=\"666\" src=\"https:\/\/i0.wp.com\/elregionalvm.com.ar\/noticias-villa-maria\/wp-content\/uploads\/2023\/09\/Lopez-y-Julio-Nieto.jpeg?resize=1024%2C666&#038;ssl=1\" alt=\"\" class=\"wp-image-81926\" srcset=\"https:\/\/i0.wp.com\/elregionalvm.com.ar\/noticias-villa-maria\/wp-content\/uploads\/2023\/09\/Lopez-y-Julio-Nieto.jpeg?resize=1024%2C666&amp;ssl=1 1024w, https:\/\/i0.wp.com\/elregionalvm.com.ar\/noticias-villa-maria\/wp-content\/uploads\/2023\/09\/Lopez-y-Julio-Nieto.jpeg?resize=300%2C195&amp;ssl=1 300w, https:\/\/i0.wp.com\/elregionalvm.com.ar\/noticias-villa-maria\/wp-content\/uploads\/2023\/09\/Lopez-y-Julio-Nieto.jpeg?resize=768%2C500&amp;ssl=1 768w, https:\/\/i0.wp.com\/elregionalvm.com.ar\/noticias-villa-maria\/wp-content\/uploads\/2023\/09\/Lopez-y-Julio-Nieto.jpeg?w=1296&amp;ssl=1 1296w\" sizes=\"(max-width: 1000px) 100vw, 1000px\" \/><figcaption><em>L\u00f3pez, Nieto e integrantes de la fuerza que hizo la presentaci\u00f3n ante la Junta Electoral. <\/em><\/figcaption><\/figure>\n\n\n\n<p><\/p>\n\n\n\n<p>En el comunicado, los apoderados Julio Nieto y Daniela Louet manifestaron el pedido de \u00abimpugnaci\u00f3n del dise\u00f1o del voto (&#8230;) entiendo improcedente su uso sin autorizaci\u00f3n del frente provincial o nacional\u00bb.<\/p>\n\n\n\n<p>La Junta Electoral Municipal (JEM) decidi\u00f3 hacer lugar al pedido de impugnaci\u00f3n presentado, entre otros espacios, exigiendo la modificaci\u00f3n correspondiente.<\/p>\n\n\n\n<p><\/p>\n\n\n\n<figure class=\"wp-block-image size-large\"><img data-recalc-dims=\"1\" decoding=\"async\" width=\"1024\" height=\"576\" src=\"https:\/\/i0.wp.com\/elregionalvm.com.ar\/noticias-villa-maria\/wp-content\/uploads\/2023\/09\/Resolucion-Junta-electoral-Milei.jpeg?resize=1024%2C576&#038;ssl=1\" alt=\"\" class=\"wp-image-82766\" srcset=\"https:\/\/i0.wp.com\/elregionalvm.com.ar\/noticias-villa-maria\/wp-content\/uploads\/2023\/09\/Resolucion-Junta-electoral-Milei.jpeg?resize=1024%2C576&amp;ssl=1 1024w, https:\/\/i0.wp.com\/elregionalvm.com.ar\/noticias-villa-maria\/wp-content\/uploads\/2023\/09\/Resolucion-Junta-electoral-Milei.jpeg?resize=300%2C169&amp;ssl=1 300w, https:\/\/i0.wp.com\/elregionalvm.com.ar\/noticias-villa-maria\/wp-content\/uploads\/2023\/09\/Resolucion-Junta-electoral-Milei.jpeg?resize=768%2C432&amp;ssl=1 768w, https:\/\/i0.wp.com\/elregionalvm.com.ar\/noticias-villa-maria\/wp-content\/uploads\/2023\/09\/Resolucion-Junta-electoral-Milei.jpeg?w=1280&amp;ssl=1 1280w\" sizes=\"(max-width: 1000px) 100vw, 1000px\" \/><figcaption><em>Fragmento de la resoluci\u00f3n de la Junta Electoral. <\/em><\/figcaption><\/figure>\n\n\n\n<p><\/p>\n\n\n\n<p>El reclamo efectuado por los apoderados de Encuentro Democr\u00e1tico por la Libertad, se fundamenta a que el Partido Libertario en Villa Mar\u00eda no cuenta con el aval del frente La Libertad Avanza (LLA) ni del candidato a presidente Javier Milei.<\/p>\n\n\n\n<p><\/p>\n\n\n\n<p><\/p>\n\n\n\n<h3 class=\"wp-block-heading\"><strong>Tambi\u00e9n pod\u00e9s ver: <\/strong><\/h3>\n\n\n\n<p><\/p>\n\n\n\n<p><\/p>\n\n\n\n<figure class=\"wp-block-embed is-type-wp-embed is-provider-el-regional wp-block-embed-el-regional\"><div class=\"wp-block-embed__wrapper\">\n<blockquote class=\"wp-embedded-content\" data-secret=\"nUjPCkR2CI\"><a href=\"https:\/\/elregionalvm.com.ar\/noticias-villa-maria\/elecciones-el-enigma-milei-puede-un-economista-gobernar-la-argentina\/\">Elecciones, el enigma Milei: \u00bfPuede un economista gobernar la Argentina?<\/a><\/blockquote><iframe class=\"wp-embedded-content\" sandbox=\"allow-scripts\" security=\"restricted\" style=\"position: absolute; clip: rect(1px, 1px, 1px, 1px);\" title=\"\u00abElecciones, el enigma Milei: \u00bfPuede un economista gobernar la Argentina?\u00bb \u2014 El Regional\" src=\"https:\/\/elregionalvm.com.ar\/noticias-villa-maria\/elecciones-el-enigma-milei-puede-un-economista-gobernar-la-argentina\/embed\/#?secret=GWKUiqGPAm#?secret=nUjPCkR2CI\" data-secret=\"nUjPCkR2CI\" width=\"500\" height=\"282\" frameborder=\"0\" marginwidth=\"0\" marginheight=\"0\" scrolling=\"no\"><\/iframe>\n<\/div><\/figure>\n","protected":false},"excerpt":{"rendered":"<p>La semana pasada, tras la oficializaci\u00f3n de las diferentes listas para las elecciones municipales a celebrarse el pr\u00f3ximo 1 de octubre, cerr\u00f3 el plazo para la presentaci\u00f3n de boletas de cada uno de los espacios. En el medio de las PASO, el triunfo del candidato por La Libertad Avanza, Javier Milei, adem\u00e1s de un viento [&hellip;]<\/p>\n","protected":false},"author":4,"featured_media":82767,"comment_status":"open","ping_status":"open","sticky":false,"template":"","format":"standard","meta":{"site-sidebar-layout":"default","site-content-layout":"","ast-site-content-layout":"default","site-content-style":"default","site-sidebar-style":"default","ast-global-header-display":"","ast-banner-title-visibility":"","ast-main-header-display":"","ast-hfb-above-header-display":"","ast-hfb-below-header-display":"","ast-hfb-mobile-header-display":"","site-post-title":"","ast-breadcrumbs-content":"","ast-featured-img":"","footer-sml-layout":"","ast-disable-related-posts":"","theme-transparent-header-meta":"","adv-header-id-meta":"","stick-header-meta":"","header-above-stick-meta":"","header-main-stick-meta":"","header-below-stick-meta":"","astra-migrate-meta-layouts":"set","ast-page-background-enabled":"default","ast-page-background-meta":{"desktop":{"background-color":"","background-image":"","background-repeat":"repeat","background-position":"center center","background-size":"auto","background-attachment":"scroll","background-type":"","background-media":"","overlay-type":"","overlay-color":"","overlay-opacity":"","overlay-gradient":""},"tablet":{"background-color":"","background-image":"","background-repeat":"repeat","background-position":"center center","background-size":"auto","background-attachment":"scroll","background-type":"","background-media":"","overlay-type":"","overlay-color":"","overlay-opacity":"","overlay-gradient":""},"mobile":{"background-color":"","background-image":"","background-repeat":"repeat","background-position":"center center","background-size":"auto","background-attachment":"scroll","background-type":"","background-media":"","overlay-type":"","overlay-color":"","overlay-opacity":"","overlay-gradient":""}},"ast-content-background-meta":{"desktop":{"background-color":"var(--ast-global-color-5)","background-image":"","background-repeat":"repeat","background-position":"center center","background-size":"auto","background-attachment":"scroll","background-type":"","background-media":"","overlay-type":"","overlay-color":"","overlay-opacity":"","overlay-gradient":""},"tablet":{"background-color":"var(--ast-global-color-5)","background-image":"","background-repeat":"repeat","background-position":"center center","background-size":"auto","background-attachment":"scroll","background-type":"","background-media":"","overlay-type":"","overlay-color":"","overlay-opacity":"","overlay-gradient":""},"mobile":{"background-color":"var(--ast-global-color-5)","background-image":"","background-repeat":"repeat","background-position":"center center","background-size":"auto","background-attachment":"scroll","background-type":"","background-media":"","overlay-type":"","overlay-color":"","overlay-opacity":"","overlay-gradient":""}},"_jetpack_memberships_contains_paid_content":false,"_joinchat":[],"footnotes":""},"categories":[2089,3557,2],"tags":[270,22704,5053,22744,1527,16156,11067],"class_list":["post-82765","post","type-post","status-publish","format-standard","has-post-thumbnail","hentry","category-politica","category-tercera","category-villa-maria","tag-imagen","tag-impugnacion","tag-javier-milei","tag-julieta-ceballos","tag-junta-electoral-municipal","tag-la-libertad-avanza","tag-partido-libertario"],"yoast_head":"<!-- This site is optimized with the Yoast SEO plugin v26.8 - https:\/\/yoast.com\/product\/yoast-seo-wordpress\/ -->\n<title>La Junta Electoral le llam\u00f3 la atenci\u00f3n al Partido Libertario por uso indebido de la imagen de Milei y sus logotipos - El Regional<\/title>\n<meta name=\"robots\" content=\"index, follow, max-snippet:-1, max-image-preview:large, max-video-preview:-1\" \/>\n<link rel=\"canonical\" href=\"http:\/\/elregionalvm.com.ar\/noticias-villa-maria\/la-junta-electoral-impugno-la-boleta-del-partido-libertario-por-uso-indebido-de-imagen-de-milei-y-sus-logotipos\/\" \/>\n<meta property=\"og:locale\" content=\"es_ES\" \/>\n<meta property=\"og:type\" content=\"article\" \/>\n<meta property=\"og:title\" content=\"La Junta Electoral le llam\u00f3 la atenci\u00f3n al Partido Libertario por uso indebido de la imagen de Milei y sus logotipos - El Regional\" \/>\n<meta property=\"og:description\" content=\"La semana pasada, tras la oficializaci\u00f3n de las diferentes listas para las elecciones municipales a celebrarse el pr\u00f3ximo 1 de octubre, cerr\u00f3 el plazo para la presentaci\u00f3n de boletas de cada uno de los espacios. En el medio de las PASO, el triunfo del candidato por La Libertad Avanza, Javier Milei, adem\u00e1s de un viento [&hellip;]\" \/>\n<meta property=\"og:url\" content=\"http:\/\/elregionalvm.com.ar\/noticias-villa-maria\/la-junta-electoral-impugno-la-boleta-del-partido-libertario-por-uso-indebido-de-imagen-de-milei-y-sus-logotipos\/\" \/>\n<meta property=\"og:site_name\" content=\"El Regional\" \/>\n<meta property=\"article:publisher\" content=\"https:\/\/www.facebook.com\/elregionalvm\" \/>\n<meta property=\"article:published_time\" content=\"2023-09-17T23:26:28+00:00\" \/>\n<meta property=\"article:modified_time\" content=\"2023-09-19T02:06:00+00:00\" \/>\n<meta property=\"og:image\" content=\"http:\/\/elregionalvm.com.ar\/noticias-villa-maria\/wp-content\/uploads\/2023\/09\/Ceballos-Milei-cartel.jpeg\" \/>\n\t<meta property=\"og:image:width\" content=\"720\" \/>\n\t<meta property=\"og:image:height\" content=\"720\" \/>\n\t<meta property=\"og:image:type\" content=\"image\/jpeg\" \/>\n<meta name=\"author\" content=\"Contenidos El Regional\" \/>\n<meta name=\"twitter:card\" content=\"summary_large_image\" \/>\n<meta name=\"twitter:creator\" content=\"@elregionalvm1\" \/>\n<meta name=\"twitter:site\" content=\"@elregionalvm1\" \/>\n<meta name=\"twitter:label1\" content=\"Escrito por\" \/>\n\t<meta name=\"twitter:data1\" content=\"Contenidos El Regional\" \/>\n\t<meta name=\"twitter:label2\" content=\"Tiempo de lectura\" \/>\n\t<meta name=\"twitter:data2\" content=\"3 minutos\" \/>\n<script type=\"application\/ld+json\" class=\"yoast-schema-graph\">{\"@context\":\"https:\/\/schema.org\",\"@graph\":[{\"@type\":\"Article\",\"@id\":\"http:\/\/elregionalvm.com.ar\/noticias-villa-maria\/la-junta-electoral-impugno-la-boleta-del-partido-libertario-por-uso-indebido-de-imagen-de-milei-y-sus-logotipos\/#article\",\"isPartOf\":{\"@id\":\"http:\/\/elregionalvm.com.ar\/noticias-villa-maria\/la-junta-electoral-impugno-la-boleta-del-partido-libertario-por-uso-indebido-de-imagen-de-milei-y-sus-logotipos\/\"},\"author\":{\"name\":\"Contenidos El Regional\",\"@id\":\"http:\/\/elregionalvm.com.ar\/noticias-villa-maria\/#\/schema\/person\/a0fb9c422317faca23d50163151bc354\"},\"headline\":\"La Junta Electoral le llam\u00f3 la atenci\u00f3n al Partido Libertario por uso indebido de la imagen de Milei y sus logotipos\",\"datePublished\":\"2023-09-17T23:26:28+00:00\",\"dateModified\":\"2023-09-19T02:06:00+00:00\",\"mainEntityOfPage\":{\"@id\":\"http:\/\/elregionalvm.com.ar\/noticias-villa-maria\/la-junta-electoral-impugno-la-boleta-del-partido-libertario-por-uso-indebido-de-imagen-de-milei-y-sus-logotipos\/\"},\"wordCount\":506,\"commentCount\":0,\"image\":{\"@id\":\"http:\/\/elregionalvm.com.ar\/noticias-villa-maria\/la-junta-electoral-impugno-la-boleta-del-partido-libertario-por-uso-indebido-de-imagen-de-milei-y-sus-logotipos\/#primaryimage\"},\"thumbnailUrl\":\"https:\/\/i0.wp.com\/elregionalvm.com.ar\/noticias-villa-maria\/wp-content\/uploads\/2023\/09\/Ceballos-Milei-cartel.jpeg?fit=720%2C720&ssl=1\",\"keywords\":[\"imagen\",\"impugnaci\u00f3n\",\"Javier Milei\",\"Julieta Ceballos\",\"Junta electoral municipal\",\"La Libertad Avanza\",\"Partido Libertario\"],\"articleSection\":[\"Pol\u00edtica\",\"tercera\",\"Villa Mar\u00eda\"],\"inLanguage\":\"es\",\"potentialAction\":[{\"@type\":\"CommentAction\",\"name\":\"Comment\",\"target\":[\"http:\/\/elregionalvm.com.ar\/noticias-villa-maria\/la-junta-electoral-impugno-la-boleta-del-partido-libertario-por-uso-indebido-de-imagen-de-milei-y-sus-logotipos\/#respond\"]}]},{\"@type\":\"WebPage\",\"@id\":\"http:\/\/elregionalvm.com.ar\/noticias-villa-maria\/la-junta-electoral-impugno-la-boleta-del-partido-libertario-por-uso-indebido-de-imagen-de-milei-y-sus-logotipos\/\",\"url\":\"http:\/\/elregionalvm.com.ar\/noticias-villa-maria\/la-junta-electoral-impugno-la-boleta-del-partido-libertario-por-uso-indebido-de-imagen-de-milei-y-sus-logotipos\/\",\"name\":\"La Junta Electoral le llam\u00f3 la atenci\u00f3n al Partido Libertario por uso indebido de la imagen de Milei y sus logotipos - El Regional\",\"isPartOf\":{\"@id\":\"http:\/\/elregionalvm.com.ar\/noticias-villa-maria\/#website\"},\"primaryImageOfPage\":{\"@id\":\"http:\/\/elregionalvm.com.ar\/noticias-villa-maria\/la-junta-electoral-impugno-la-boleta-del-partido-libertario-por-uso-indebido-de-imagen-de-milei-y-sus-logotipos\/#primaryimage\"},\"image\":{\"@id\":\"http:\/\/elregionalvm.com.ar\/noticias-villa-maria\/la-junta-electoral-impugno-la-boleta-del-partido-libertario-por-uso-indebido-de-imagen-de-milei-y-sus-logotipos\/#primaryimage\"},\"thumbnailUrl\":\"https:\/\/i0.wp.com\/elregionalvm.com.ar\/noticias-villa-maria\/wp-content\/uploads\/2023\/09\/Ceballos-Milei-cartel.jpeg?fit=720%2C720&ssl=1\",\"datePublished\":\"2023-09-17T23:26:28+00:00\",\"dateModified\":\"2023-09-19T02:06:00+00:00\",\"author\":{\"@id\":\"http:\/\/elregionalvm.com.ar\/noticias-villa-maria\/#\/schema\/person\/a0fb9c422317faca23d50163151bc354\"},\"breadcrumb\":{\"@id\":\"http:\/\/elregionalvm.com.ar\/noticias-villa-maria\/la-junta-electoral-impugno-la-boleta-del-partido-libertario-por-uso-indebido-de-imagen-de-milei-y-sus-logotipos\/#breadcrumb\"},\"inLanguage\":\"es\",\"potentialAction\":[{\"@type\":\"ReadAction\",\"target\":[\"http:\/\/elregionalvm.com.ar\/noticias-villa-maria\/la-junta-electoral-impugno-la-boleta-del-partido-libertario-por-uso-indebido-de-imagen-de-milei-y-sus-logotipos\/\"]}]},{\"@type\":\"ImageObject\",\"inLanguage\":\"es\",\"@id\":\"http:\/\/elregionalvm.com.ar\/noticias-villa-maria\/la-junta-electoral-impugno-la-boleta-del-partido-libertario-por-uso-indebido-de-imagen-de-milei-y-sus-logotipos\/#primaryimage\",\"url\":\"https:\/\/i0.wp.com\/elregionalvm.com.ar\/noticias-villa-maria\/wp-content\/uploads\/2023\/09\/Ceballos-Milei-cartel.jpeg?fit=720%2C720&ssl=1\",\"contentUrl\":\"https:\/\/i0.wp.com\/elregionalvm.com.ar\/noticias-villa-maria\/wp-content\/uploads\/2023\/09\/Ceballos-Milei-cartel.jpeg?fit=720%2C720&ssl=1\",\"width\":720,\"height\":720},{\"@type\":\"BreadcrumbList\",\"@id\":\"http:\/\/elregionalvm.com.ar\/noticias-villa-maria\/la-junta-electoral-impugno-la-boleta-del-partido-libertario-por-uso-indebido-de-imagen-de-milei-y-sus-logotipos\/#breadcrumb\",\"itemListElement\":[{\"@type\":\"ListItem\",\"position\":1,\"name\":\"Portada\",\"item\":\"https:\/\/elregionalvm.com.ar\/noticias-villa-maria\/\"},{\"@type\":\"ListItem\",\"position\":2,\"name\":\"La Junta Electoral le llam\u00f3 la atenci\u00f3n al Partido Libertario por uso indebido de la imagen de Milei y sus logotipos\"}]},{\"@type\":\"WebSite\",\"@id\":\"http:\/\/elregionalvm.com.ar\/noticias-villa-maria\/#website\",\"url\":\"http:\/\/elregionalvm.com.ar\/noticias-villa-maria\/\",\"name\":\"El Regional\",\"description\":\"Mucho m\u00e1s que informaci\u00f3n\",\"potentialAction\":[{\"@type\":\"SearchAction\",\"target\":{\"@type\":\"EntryPoint\",\"urlTemplate\":\"http:\/\/elregionalvm.com.ar\/noticias-villa-maria\/?s={search_term_string}\"},\"query-input\":{\"@type\":\"PropertyValueSpecification\",\"valueRequired\":true,\"valueName\":\"search_term_string\"}}],\"inLanguage\":\"es\"},{\"@type\":\"Person\",\"@id\":\"http:\/\/elregionalvm.com.ar\/noticias-villa-maria\/#\/schema\/person\/a0fb9c422317faca23d50163151bc354\",\"name\":\"Contenidos El Regional\",\"image\":{\"@type\":\"ImageObject\",\"inLanguage\":\"es\",\"@id\":\"http:\/\/elregionalvm.com.ar\/noticias-villa-maria\/#\/schema\/person\/image\/\",\"url\":\"https:\/\/secure.gravatar.com\/avatar\/265b27cb2209af7bb3a1318f03305787d7981a5cc6e6cd08fe5a4ecdf99d4b48?s=96&d=mm&r=g\",\"contentUrl\":\"https:\/\/secure.gravatar.com\/avatar\/265b27cb2209af7bb3a1318f03305787d7981a5cc6e6cd08fe5a4ecdf99d4b48?s=96&d=mm&r=g\",\"caption\":\"Contenidos El Regional\"},\"url\":\"https:\/\/elregionalvm.com.ar\/noticias-villa-maria\/author\/contenido\/\"}]}<\/script>\n<!-- \/ Yoast SEO plugin. -->","yoast_head_json":{"title":"La Junta Electoral le llam\u00f3 la atenci\u00f3n al Partido Libertario por uso indebido de la imagen de Milei y sus logotipos - El Regional","robots":{"index":"index","follow":"follow","max-snippet":"max-snippet:-1","max-image-preview":"max-image-preview:large","max-video-preview":"max-video-preview:-1"},"canonical":"http:\/\/elregionalvm.com.ar\/noticias-villa-maria\/la-junta-electoral-impugno-la-boleta-del-partido-libertario-por-uso-indebido-de-imagen-de-milei-y-sus-logotipos\/","og_locale":"es_ES","og_type":"article","og_title":"La Junta Electoral le llam\u00f3 la atenci\u00f3n al Partido Libertario por uso indebido de la imagen de Milei y sus logotipos - El Regional","og_description":"La semana pasada, tras la oficializaci\u00f3n de las diferentes listas para las elecciones municipales a celebrarse el pr\u00f3ximo 1 de octubre, cerr\u00f3 el plazo para la presentaci\u00f3n de boletas de cada uno de los espacios. En el medio de las PASO, el triunfo del candidato por La Libertad Avanza, Javier Milei, adem\u00e1s de un viento [&hellip;]","og_url":"http:\/\/elregionalvm.com.ar\/noticias-villa-maria\/la-junta-electoral-impugno-la-boleta-del-partido-libertario-por-uso-indebido-de-imagen-de-milei-y-sus-logotipos\/","og_site_name":"El Regional","article_publisher":"https:\/\/www.facebook.com\/elregionalvm","article_published_time":"2023-09-17T23:26:28+00:00","article_modified_time":"2023-09-19T02:06:00+00:00","og_image":[{"width":720,"height":720,"url":"http:\/\/elregionalvm.com.ar\/noticias-villa-maria\/wp-content\/uploads\/2023\/09\/Ceballos-Milei-cartel.jpeg","type":"image\/jpeg"}],"author":"Contenidos El Regional","twitter_card":"summary_large_image","twitter_creator":"@elregionalvm1","twitter_site":"@elregionalvm1","twitter_misc":{"Escrito por":"Contenidos El Regional","Tiempo de lectura":"3 minutos"},"schema":{"@context":"https:\/\/schema.org","@graph":[{"@type":"Article","@id":"http:\/\/elregionalvm.com.ar\/noticias-villa-maria\/la-junta-electoral-impugno-la-boleta-del-partido-libertario-por-uso-indebido-de-imagen-de-milei-y-sus-logotipos\/#article","isPartOf":{"@id":"http:\/\/elregionalvm.com.ar\/noticias-villa-maria\/la-junta-electoral-impugno-la-boleta-del-partido-libertario-por-uso-indebido-de-imagen-de-milei-y-sus-logotipos\/"},"author":{"name":"Contenidos El Regional","@id":"http:\/\/elregionalvm.com.ar\/noticias-villa-maria\/#\/schema\/person\/a0fb9c422317faca23d50163151bc354"},"headline":"La Junta Electoral le llam\u00f3 la atenci\u00f3n al Partido Libertario por uso indebido de la imagen de Milei y sus logotipos","datePublished":"2023-09-17T23:26:28+00:00","dateModified":"2023-09-19T02:06:00+00:00","mainEntityOfPage":{"@id":"http:\/\/elregionalvm.com.ar\/noticias-villa-maria\/la-junta-electoral-impugno-la-boleta-del-partido-libertario-por-uso-indebido-de-imagen-de-milei-y-sus-logotipos\/"},"wordCount":506,"commentCount":0,"image":{"@id":"http:\/\/elregionalvm.com.ar\/noticias-villa-maria\/la-junta-electoral-impugno-la-boleta-del-partido-libertario-por-uso-indebido-de-imagen-de-milei-y-sus-logotipos\/#primaryimage"},"thumbnailUrl":"https:\/\/i0.wp.com\/elregionalvm.com.ar\/noticias-villa-maria\/wp-content\/uploads\/2023\/09\/Ceballos-Milei-cartel.jpeg?fit=720%2C720&ssl=1","keywords":["imagen","impugnaci\u00f3n","Javier Milei","Julieta Ceballos","Junta electoral municipal","La Libertad Avanza","Partido Libertario"],"articleSection":["Pol\u00edtica","tercera","Villa Mar\u00eda"],"inLanguage":"es","potentialAction":[{"@type":"CommentAction","name":"Comment","target":["http:\/\/elregionalvm.com.ar\/noticias-villa-maria\/la-junta-electoral-impugno-la-boleta-del-partido-libertario-por-uso-indebido-de-imagen-de-milei-y-sus-logotipos\/#respond"]}]},{"@type":"WebPage","@id":"http:\/\/elregionalvm.com.ar\/noticias-villa-maria\/la-junta-electoral-impugno-la-boleta-del-partido-libertario-por-uso-indebido-de-imagen-de-milei-y-sus-logotipos\/","url":"http:\/\/elregionalvm.com.ar\/noticias-villa-maria\/la-junta-electoral-impugno-la-boleta-del-partido-libertario-por-uso-indebido-de-imagen-de-milei-y-sus-logotipos\/","name":"La Junta Electoral le llam\u00f3 la atenci\u00f3n al Partido Libertario por uso indebido de la imagen de Milei y sus logotipos - El Regional","isPartOf":{"@id":"http:\/\/elregionalvm.com.ar\/noticias-villa-maria\/#website"},"primaryImageOfPage":{"@id":"http:\/\/elregionalvm.com.ar\/noticias-villa-maria\/la-junta-electoral-impugno-la-boleta-del-partido-libertario-por-uso-indebido-de-imagen-de-milei-y-sus-logotipos\/#primaryimage"},"image":{"@id":"http:\/\/elregionalvm.com.ar\/noticias-villa-maria\/la-junta-electoral-impugno-la-boleta-del-partido-libertario-por-uso-indebido-de-imagen-de-milei-y-sus-logotipos\/#primaryimage"},"thumbnailUrl":"https:\/\/i0.wp.com\/elregionalvm.com.ar\/noticias-villa-maria\/wp-content\/uploads\/2023\/09\/Ceballos-Milei-cartel.jpeg?fit=720%2C720&ssl=1","datePublished":"2023-09-17T23:26:28+00:00","dateModified":"2023-09-19T02:06:00+00:00","author":{"@id":"http:\/\/elregionalvm.com.ar\/noticias-villa-maria\/#\/schema\/person\/a0fb9c422317faca23d50163151bc354"},"breadcrumb":{"@id":"http:\/\/elregionalvm.com.ar\/noticias-villa-maria\/la-junta-electoral-impugno-la-boleta-del-partido-libertario-por-uso-indebido-de-imagen-de-milei-y-sus-logotipos\/#breadcrumb"},"inLanguage":"es","potentialAction":[{"@type":"ReadAction","target":["http:\/\/elregionalvm.com.ar\/noticias-villa-maria\/la-junta-electoral-impugno-la-boleta-del-partido-libertario-por-uso-indebido-de-imagen-de-milei-y-sus-logotipos\/"]}]},{"@type":"ImageObject","inLanguage":"es","@id":"http:\/\/elregionalvm.com.ar\/noticias-villa-maria\/la-junta-electoral-impugno-la-boleta-del-partido-libertario-por-uso-indebido-de-imagen-de-milei-y-sus-logotipos\/#primaryimage","url":"https:\/\/i0.wp.com\/elregionalvm.com.ar\/noticias-villa-maria\/wp-content\/uploads\/2023\/09\/Ceballos-Milei-cartel.jpeg?fit=720%2C720&ssl=1","contentUrl":"https:\/\/i0.wp.com\/elregionalvm.com.ar\/noticias-villa-maria\/wp-content\/uploads\/2023\/09\/Ceballos-Milei-cartel.jpeg?fit=720%2C720&ssl=1","width":720,"height":720},{"@type":"BreadcrumbList","@id":"http:\/\/elregionalvm.com.ar\/noticias-villa-maria\/la-junta-electoral-impugno-la-boleta-del-partido-libertario-por-uso-indebido-de-imagen-de-milei-y-sus-logotipos\/#breadcrumb","itemListElement":[{"@type":"ListItem","position":1,"name":"Portada","item":"https:\/\/elregionalvm.com.ar\/noticias-villa-maria\/"},{"@type":"ListItem","position":2,"name":"La Junta Electoral le llam\u00f3 la atenci\u00f3n al Partido Libertario por uso indebido de la imagen de Milei y sus logotipos"}]},{"@type":"WebSite","@id":"http:\/\/elregionalvm.com.ar\/noticias-villa-maria\/#website","url":"http:\/\/elregionalvm.com.ar\/noticias-villa-maria\/","name":"El Regional","description":"Mucho m\u00e1s que informaci\u00f3n","potentialAction":[{"@type":"SearchAction","target":{"@type":"EntryPoint","urlTemplate":"http:\/\/elregionalvm.com.ar\/noticias-villa-maria\/?s={search_term_string}"},"query-input":{"@type":"PropertyValueSpecification","valueRequired":true,"valueName":"search_term_string"}}],"inLanguage":"es"},{"@type":"Person","@id":"http:\/\/elregionalvm.com.ar\/noticias-villa-maria\/#\/schema\/person\/a0fb9c422317faca23d50163151bc354","name":"Contenidos El Regional","image":{"@type":"ImageObject","inLanguage":"es","@id":"http:\/\/elregionalvm.com.ar\/noticias-villa-maria\/#\/schema\/person\/image\/","url":"https:\/\/secure.gravatar.com\/avatar\/265b27cb2209af7bb3a1318f03305787d7981a5cc6e6cd08fe5a4ecdf99d4b48?s=96&d=mm&r=g","contentUrl":"https:\/\/secure.gravatar.com\/avatar\/265b27cb2209af7bb3a1318f03305787d7981a5cc6e6cd08fe5a4ecdf99d4b48?s=96&d=mm&r=g","caption":"Contenidos El Regional"},"url":"https:\/\/elregionalvm.com.ar\/noticias-villa-maria\/author\/contenido\/"}]}},"jetpack_featured_media_url":"https:\/\/i0.wp.com\/elregionalvm.com.ar\/noticias-villa-maria\/wp-content\/uploads\/2023\/09\/Ceballos-Milei-cartel.jpeg?fit=720%2C720&ssl=1","jetpack_sharing_enabled":true,"_links":{"self":[{"href":"https:\/\/elregionalvm.com.ar\/noticias-villa-maria\/wp-json\/wp\/v2\/posts\/82765","targetHints":{"allow":["GET"]}}],"collection":[{"href":"https:\/\/elregionalvm.com.ar\/noticias-villa-maria\/wp-json\/wp\/v2\/posts"}],"about":[{"href":"https:\/\/elregionalvm.com.ar\/noticias-villa-maria\/wp-json\/wp\/v2\/types\/post"}],"author":[{"embeddable":true,"href":"https:\/\/elregionalvm.com.ar\/noticias-villa-maria\/wp-json\/wp\/v2\/users\/4"}],"replies":[{"embeddable":true,"href":"https:\/\/elregionalvm.com.ar\/noticias-villa-maria\/wp-json\/wp\/v2\/comments?post=82765"}],"version-history":[{"count":4,"href":"https:\/\/elregionalvm.com.ar\/noticias-villa-maria\/wp-json\/wp\/v2\/posts\/82765\/revisions"}],"predecessor-version":[{"id":82779,"href":"https:\/\/elregionalvm.com.ar\/noticias-villa-maria\/wp-json\/wp\/v2\/posts\/82765\/revisions\/82779"}],"wp:featuredmedia":[{"embeddable":true,"href":"https:\/\/elregionalvm.com.ar\/noticias-villa-maria\/wp-json\/wp\/v2\/media\/82767"}],"wp:attachment":[{"href":"https:\/\/elregionalvm.com.ar\/noticias-villa-maria\/wp-json\/wp\/v2\/media?parent=82765"}],"wp:term":[{"taxonomy":"category","embeddable":true,"href":"https:\/\/elregionalvm.com.ar\/noticias-villa-maria\/wp-json\/wp\/v2\/categories?post=82765"},{"taxonomy":"post_tag","embeddable":true,"href":"https:\/\/elregionalvm.com.ar\/noticias-villa-maria\/wp-json\/wp\/v2\/tags?post=82765"}],"curies":[{"name":"wp","href":"https:\/\/api.w.org\/{rel}","templated":true}]}}